{"id":107094,"date":"2024-11-20T10:00:55","date_gmt":"2024-11-20T07:00:55","guid":{"rendered":"https:\/\/buletin.de\/bucuresti\/?p=107094"},"modified":"2024-11-26T12:33:26","modified_gmt":"2024-11-26T09:33:26","slug":"programul-laminor-wonderland-5-zone-tematice-si-patinoar-extins-din-29-noiembrie","status":"publish","type":"post","link":"https:\/\/buletin.de\/bucuresti\/programul-laminor-wonderland-5-zone-tematice-si-patinoar-extins-din-29-noiembrie\/","title":{"rendered":"Programul Laminor Wonderland: 5 zone tematice \u0219i patinoar extins, din 29 noiembrie"},"content":{"rendered":"\n<p><strong>T\u00e2rgul de Cr\u0103ciun organizat \u00een Sectorul 3, la Hala Laminor, \u00ee\u015fi deschide por\u0163ile pe data de 29 noiembrie. Programul Laminor Wonderland include cinci zone tematice: \u201eNorth Pole\u201d, \u201eMagic Forest\u201d, \u201eTropical Xmas\u201d, \u201eCircus Xmas\u201d \u0219i \u201eIceland\u201d, fiecare cu propriul specific \u0219i activit\u0103\u021bi.<\/strong><\/p>\n\n\n\n<p>Atrac\u021bia principal\u0103 este statuia de 9 metri a lui Mo\u0219 Cr\u0103ciun, amplasat\u0103 \u00een re\u0219edin\u021ba sa, care poate fi vizitat\u0103 dup\u0103 parcurgerea tuturor celor cinci zone. \u00cen exterior, Laminor Wonderland are un patinoar extins, mai mare dec\u00e2t \u00een anii trecu\u021bi, \u0219i o roat\u0103 panoramic\u0103 de 30 de metri.<\/p>\n\n\n\n<p><strong>CITE\u0218TE \u0218I: <\/strong><a href=\"https:\/\/buletin.de\/bucuresti\/laminor-winter-wonderland-se-deschide-pe-29-noiembrie-amfitrion-este-grinch-cel-putin-in-social-media\/\"><strong>Laminor Wonderland se deschide pe 29 noiembrie. Amfitrion este Grinch, cel pu\u0163in \u00een social media<\/strong><\/a><\/p>\n\n\n\n<h2 class=\"wp-block-heading\" id=\"h-amfitrion-este-grinch-cel-putin-in-social-media\">Amfitrion este Grinch, cel pu\u0163in \u00een social media<\/h2>\n\n\n\n<p><strong>Anun\u0163ul deschiderii t\u00e2rgului a fost f\u0103cut pe pagina oficial\u0103 de Facebook, de c\u0103tre\u2026 Grinch. Comunicarea \u00een online este f\u0103cut\u0103 \u00een acest an \u00een stilul personajului de desene animate care a furat Cr\u0103ciunul.<\/strong><\/p>\n\n\n\n<p>\u201eGrinch\u201d care se ocup\u0103 de&nbsp;<a href=\"https:\/\/www.facebook.com\/laminorwonderland\">pagina de Facebook a evenimentului&nbsp;<\/a>a anun\u0163at startul t\u00e2rgului pe data de 29 \u015fi a dat c\u00e2teva detalii despre program.<\/p>\n\n\n\n<p>\u201ePentru a m\u0103 p\u0103c\u0103li s\u0103 las oamenii s\u0103 se bucure de aceast\u0103 s\u0103rb\u0103toare, organizatorii evenimentului din acest an m-au rugat s\u0103 m\u0103 implic \u00een activitatea de promovare a t\u00e2rgului care va \u00eencepe pe 29 noiembrie.<\/p>\n\n\n\n<p>Ini\u021bial, evident c\u0103 am refuzat s\u0103 devin chiar eu promotorul bucuriei Cr\u0103ciunului, dar dup\u0103 ce m-am g\u00e2ndit mai bine, mi-am dat seama c\u00e2te lucruri a\u0219 putea strica din postura de infiltrat.<\/p>\n\n\n\n<p>A\u0219a c\u0103&nbsp;<strong>am cerut deta\u0219area de urgen\u021b\u0103 la departamentul spa\u021bii verzi a fostei echipe de comunicare, concomitent cu preluarea total\u0103 a fostelor atribu\u021bii<\/strong>.\u201d<\/p>\n\n\n\n<p>Post\u0103rile continu\u0103 \u00een acela\u015fi ton comic, dar Grinch are grij\u0103 s\u0103 mai strecoare \u015fi c\u00e2te o informa\u0163ie.<\/p>\n\n\n\n<p>Astfel, \u00een programul Laminor Wonderland,\u00a0<strong>vor fi concerte \u015fi al ateliere pentru copii de la orele 19.00 \u2013 21.00, cu 2 arti\u0219ti\/ sear\u0103 \u00een zilele de 29, 30 noiembrie \u015fi 1, 6, 7, 8, 13,14, 15, 20, 21, 22, 27 decembrie.<\/strong><\/p>\n\n\n\n<p><strong>\u00cen perioada 2- 20 decembrie vor fi 5 ateliere diferite pentru copii dup\u0103 urm\u0103torul program: de luni p\u00e2n\u0103 vineri de la 10.00 la 12.00, iar \u00een weekend de la 10.00 la 12.00 \u0219i de la 17.00 la 19.00.<\/strong><\/p>\n\n\n\n<h2 class=\"wp-block-heading\" id=\"h-targuri-de-craciun-organizate-\u0219i-in-drumul-taberei-si-in-pia\u021ba-constitutiei\">T\u00e2rguri de Cr\u0103ciun, organizate \u0219i \u00een Drumul Taberei \u015fi \u00een Pia\u021ba Constitu\u0163iei<\/h2>\n\n\n\n<p><strong>\u00cen perioada 29 noiembrie \u2013 26 decembrie, \u00een Pia\u021ba Constitu\u021biei va fi deschis t\u00e2rgul dedicat s\u0103rb\u0103torilor de iarn\u0103. Acesta este organizat de Prim\u0103ria Capitalei prin Creart \u2013 Centrul de Crea\u021bie, Art\u0103 \u0219i Tradi\u021bie a Municipiului Bucure\u0219ti.<\/strong><\/p>\n\n\n\n<figure class=\"wp-block-image\"><img fetchpriority=\"high\" decoding=\"async\" width=\"900\" height=\"542\" src=\"data:image\/gif;base64,R0lGODlhAQABAAAAACH5BAEKAAEALAAAAAABAAEAAAICTAEAOw==\" data-src=\"https:\/\/buletin.de\/bucuresti\/wp-content\/uploads\/Targ-de-Craciun-1-900x542.jpg\" alt=\"T\u00e2rgul de Cr\u0103ciun din Pia\u021ba Constitu\u021biei \u00ee\u0219i deschide por\u021bile pe 29 noiembrie\" class=\"wp-image-105049 lazyload\" data-sizes=\"auto\" data-srcset=\"https:\/\/buletin.de\/bucuresti\/wp-content\/uploads\/Targ-de-Craciun-1-900x542.jpg 900w, https:\/\/buletin.de\/bucuresti\/wp-content\/uploads\/Targ-de-Craciun-1-300x181.jpg 300w, https:\/\/buletin.de\/bucuresti\/wp-content\/uploads\/Targ-de-Craciun-1-768x463.jpg 768w, https:\/\/buletin.de\/bucuresti\/wp-content\/uploads\/Targ-de-Craciun-1-600x362.jpg 600w, https:\/\/buletin.de\/bucuresti\/wp-content\/uploads\/Targ-de-Craciun-1-20x12.jpg 20w, https:\/\/buletin.de\/bucuresti\/wp-content\/uploads\/Targ-de-Craciun-1.jpg 1024w\" sizes=\"(max-width: 900px) 100vw, 900px\" \/><figcaption class=\"wp-element-caption\">T\u00e2rgul de Cr\u0103ciun din Pia\u021ba Constitu\u021biei \u00ee\u0219i deschide por\u021bile pe 29 noiembrie. FOTO: T\u00e2rgul de Cr\u0103ciun Bucure\u0219ti<\/figcaption><\/figure>\n\n\n\n<p>\u201eCel mai mare \u0219i mai spectaculos t\u00e2rg de Cr\u0103ciun din Rom\u00e2nia\u201d, dup\u0103 cum a fost numit de primarul general, Nicu\u0219or Dan, va avea anul acesta c\u0103su\u021be cu produse tradi\u021bionale \u0219i suveniruri, carusel, roat\u0103 panoramic\u0103, \u0219i \u201ecasa lui Mo\u0219 Cr\u0103ciun\u201d.<\/p>\n\n\n\n<p>T\u00e2rgul de Cr\u0103ciun care se organizeaz\u0103 \u00een parcul Moghioro\u015f \u00ee\u015fi deschide por\u0163ile pe 28 noiembrie, anun\u0163\u0103 oficialii Prim\u0103riei Sectorului 6. Evenimentul, f\u0103cut \u00een parteneriat cu organizatorii Untold, va avea aerul unui \u201eor\u0103\u015fel de poveste\u201d, promit oficialii.<\/p>\n\n\n\n<p><strong>CITE\u015eTE \u015eI:<\/strong>&nbsp;<a href=\"https:\/\/buletin.de\/bucuresti\/targul-de-craciun-din-piata-constitutiei-isi-deschide-portile-pe-29-noiembrie\/\"><strong>T\u00e2rgul de Cr\u0103ciun din Pia\u021ba Constitu\u021biei \u00ee\u0219i deschide por\u021bile pe 29 noiembrie<\/strong><\/a><\/p>\n","protected":false},"excerpt":{"rendered":"<p>T\u00e2rgul de Cr\u0103ciun organizat \u00een Sectorul 3, la Hala Laminor, \u00ee\u015fi deschide por\u0163ile pe data de 29 noiembrie. Programul Laminor Wonderland include cinci zone tematice: \u201eNorth Pole\u201d, \u201eMagic Forest\u201d, \u201eTropical Xmas\u201d, \u201eCircus Xmas\u201d \u0219i \u201eIceland\u201d, fiecare cu propriul specific \u0219i activit\u0103\u021bi. Atrac\u021bia principal\u0103 este statuia de 9 metri a lui Mo\u0219 Cr\u0103ciun, amplasat\u0103 \u00een re\u0219edin\u021ba [&hellip;]<\/p>\n","protected":false},"author":59,"featured_media":107095,"comment_status":"closed","ping_status":"open","sticky":false,"template":"","format":"standard","meta":{"_acf_changed":false,"inline_featured_image":false,"ngg_post_thumbnail":0,"footnotes":""},"categories":[6994,1,62],"tags":[9,3396,16981,17147,16897,440,3472],"ppma_author":[22572],"class_list":["post-107094","post","type-post","status-publish","format-standard","has-post-thumbnail","hentry","category-stiri-2","category-diverse","category-stiri","tag-bucuresti","tag-hala-laminor","tag-laminor-wonderland","tag-program-laminor","tag-program-targ-craciun","tag-sector-3","tag-targ-de-craciun"],"acf":[],"yoast_head":"<!-- This site is optimized with the Yoast SEO Premium plugin v25.3 (Yoast SEO v27.4) - https:\/\/yoast.com\/product\/yoast-seo-premium-wordpress\/ -->\n<title>Programul Laminor Wonderland: 5 zone tematice \u0219i patinoar extins, din 29 noiembrie - Buletin de Bucure\u0219ti<\/title>\n<meta name=\"description\" content=\"T\u00e2rgul de Cr\u0103ciun organizat \u00een Sectorul 3 se deschide pe 29 noiembrie. Programul Laminor Wonderland include 5 zone tematice.\" \/>\n<meta name=\"robots\" content=\"index, follow, max-snippet:-1, max-image-preview:large, max-video-preview:-1\" \/>\n<link rel=\"canonical\" href=\"https:\/\/buletin.de\/bucuresti\/programul-laminor-wonderland-5-zone-tematice-si-patinoar-extins-din-29-noiembrie\/\" \/>\n<meta property=\"og:locale\" content=\"en_GB\" \/>\n<meta property=\"og:type\" content=\"article\" \/>\n<meta property=\"og:title\" content=\"Programul Laminor Wonderland: 5 zone tematice \u0219i patinoar extins, din 29 noiembrie\" \/>\n<meta property=\"og:description\" content=\"T\u00e2rgul de Cr\u0103ciun organizat \u00een Sectorul 3 se deschide pe 29 noiembrie. Programul Laminor Wonderland include 5 zone tematice.\" \/>\n<meta property=\"og:url\" content=\"https:\/\/buletin.de\/bucuresti\/programul-laminor-wonderland-5-zone-tematice-si-patinoar-extins-din-29-noiembrie\/\" \/>\n<meta property=\"og:site_name\" content=\"Buletin de Bucure\u0219ti\" \/>\n<meta property=\"article:publisher\" content=\"https:\/\/www.facebook.com\/buletin.de.buc\" \/>\n<meta property=\"article:published_time\" content=\"2024-11-20T07:00:55+00:00\" \/>\n<meta property=\"article:modified_time\" content=\"2024-11-26T09:33:26+00:00\" \/>\n<meta property=\"og:image\" content=\"https:\/\/buletin.de\/bucuresti\/wp-content\/uploads\/Patinoar-Laminor-Wonderland.jpg\" \/>\n\t<meta property=\"og:image:width\" content=\"960\" \/>\n\t<meta property=\"og:image:height\" content=\"720\" \/>\n\t<meta property=\"og:image:type\" content=\"image\/jpeg\" \/>\n<meta name=\"author\" content=\"C\u0103t\u0103lin Anghel-Dimache\" \/>\n<meta name=\"twitter:card\" content=\"summary_large_image\" \/>\n<meta name=\"twitter:label1\" content=\"Written by\" \/>\n\t<meta name=\"twitter:data1\" content=\"C\u0103t\u0103lin Anghel-Dimache\" \/>\n\t<meta name=\"twitter:label2\" content=\"Estimated reading time\" \/>\n\t<meta name=\"twitter:data2\" content=\"3 minutes\" \/>\n<script type=\"application\/ld+json\" class=\"yoast-schema-graph\">{\"@context\":\"https:\\\/\\\/schema.org\",\"@graph\":[{\"@type\":\"Article\",\"@id\":\"https:\\\/\\\/buletin.de\\\/bucuresti\\\/programul-laminor-wonderland-5-zone-tematice-si-patinoar-extins-din-29-noiembrie\\\/#article\",\"isPartOf\":{\"@id\":\"https:\\\/\\\/buletin.de\\\/bucuresti\\\/programul-laminor-wonderland-5-zone-tematice-si-patinoar-extins-din-29-noiembrie\\\/\"},\"author\":{\"name\":\"C\u0103t\u0103lin Anghel-Dimache\",\"@id\":\"https:\\\/\\\/buletin.de\\\/bucuresti\\\/#\\\/schema\\\/person\\\/0ac9db30080482be87c7386a30f98796\"},\"headline\":\"Programul Laminor Wonderland: 5 zone tematice \u0219i patinoar extins, din 29 noiembrie\",\"datePublished\":\"2024-11-20T07:00:55+00:00\",\"dateModified\":\"2024-11-26T09:33:26+00:00\",\"mainEntityOfPage\":{\"@id\":\"https:\\\/\\\/buletin.de\\\/bucuresti\\\/programul-laminor-wonderland-5-zone-tematice-si-patinoar-extins-din-29-noiembrie\\\/\"},\"wordCount\":567,\"publisher\":{\"@id\":\"https:\\\/\\\/buletin.de\\\/bucuresti\\\/#organization\"},\"image\":{\"@id\":\"https:\\\/\\\/buletin.de\\\/bucuresti\\\/programul-laminor-wonderland-5-zone-tematice-si-patinoar-extins-din-29-noiembrie\\\/#primaryimage\"},\"thumbnailUrl\":\"https:\\\/\\\/buletin.de\\\/bucuresti\\\/wp-content\\\/uploads\\\/Patinoar-Laminor-Wonderland.jpg\",\"keywords\":[\"bucuresti\",\"Hala Laminor\",\"laminor wonderland\",\"program laminor\",\"program t\u00e2rg craciun\",\"Sector 3\",\"targ de craciun\"],\"articleSection\":[\"Articole\",\"Diverse\",\"\u0218tiri\"],\"inLanguage\":\"en-GB\",\"copyrightYear\":\"2024\",\"copyrightHolder\":{\"@id\":\"https:\\\/\\\/buletin.de\\\/bucuresti\\\/#organization\"}},{\"@type\":\"WebPage\",\"@id\":\"https:\\\/\\\/buletin.de\\\/bucuresti\\\/programul-laminor-wonderland-5-zone-tematice-si-patinoar-extins-din-29-noiembrie\\\/\",\"url\":\"https:\\\/\\\/buletin.de\\\/bucuresti\\\/programul-laminor-wonderland-5-zone-tematice-si-patinoar-extins-din-29-noiembrie\\\/\",\"name\":\"Programul Laminor Wonderland: 5 zone tematice \u0219i patinoar extins, din 29 noiembrie - Buletin de Bucure\u0219ti\",\"isPartOf\":{\"@id\":\"https:\\\/\\\/buletin.de\\\/bucuresti\\\/#website\"},\"primaryImageOfPage\":{\"@id\":\"https:\\\/\\\/buletin.de\\\/bucuresti\\\/programul-laminor-wonderland-5-zone-tematice-si-patinoar-extins-din-29-noiembrie\\\/#primaryimage\"},\"image\":{\"@id\":\"https:\\\/\\\/buletin.de\\\/bucuresti\\\/programul-laminor-wonderland-5-zone-tematice-si-patinoar-extins-din-29-noiembrie\\\/#primaryimage\"},\"thumbnailUrl\":\"https:\\\/\\\/buletin.de\\\/bucuresti\\\/wp-content\\\/uploads\\\/Patinoar-Laminor-Wonderland.jpg\",\"datePublished\":\"2024-11-20T07:00:55+00:00\",\"dateModified\":\"2024-11-26T09:33:26+00:00\",\"description\":\"T\u00e2rgul de Cr\u0103ciun organizat \u00een Sectorul 3 se deschide pe 29 noiembrie. Programul Laminor Wonderland include 5 zone tematice.\",\"breadcrumb\":{\"@id\":\"https:\\\/\\\/buletin.de\\\/bucuresti\\\/programul-laminor-wonderland-5-zone-tematice-si-patinoar-extins-din-29-noiembrie\\\/#breadcrumb\"},\"inLanguage\":\"en-GB\",\"potentialAction\":[{\"@type\":\"ReadAction\",\"target\":[\"https:\\\/\\\/buletin.de\\\/bucuresti\\\/programul-laminor-wonderland-5-zone-tematice-si-patinoar-extins-din-29-noiembrie\\\/\"]}]},{\"@type\":\"ImageObject\",\"inLanguage\":\"en-GB\",\"@id\":\"https:\\\/\\\/buletin.de\\\/bucuresti\\\/programul-laminor-wonderland-5-zone-tematice-si-patinoar-extins-din-29-noiembrie\\\/#primaryimage\",\"url\":\"https:\\\/\\\/buletin.de\\\/bucuresti\\\/wp-content\\\/uploads\\\/Patinoar-Laminor-Wonderland.jpg\",\"contentUrl\":\"https:\\\/\\\/buletin.de\\\/bucuresti\\\/wp-content\\\/uploads\\\/Patinoar-Laminor-Wonderland.jpg\",\"width\":960,\"height\":720,\"caption\":\"Laminor Wonderland: cinci zone tematice \u0219i patinoar extins. FOTO: FB \\\/ Laminor Wonderland\"},{\"@type\":\"BreadcrumbList\",\"@id\":\"https:\\\/\\\/buletin.de\\\/bucuresti\\\/programul-laminor-wonderland-5-zone-tematice-si-patinoar-extins-din-29-noiembrie\\\/#breadcrumb\",\"itemListElement\":[{\"@type\":\"ListItem\",\"position\":1,\"name\":\"Acas\u0103\",\"item\":\"https:\\\/\\\/buletin.de\\\/bucuresti\\\/\"},{\"@type\":\"ListItem\",\"position\":2,\"name\":\"Programul Laminor Wonderland: 5 zone tematice \u0219i patinoar extins, din 29 noiembrie\"}]},{\"@type\":\"WebSite\",\"@id\":\"https:\\\/\\\/buletin.de\\\/bucuresti\\\/#website\",\"url\":\"https:\\\/\\\/buletin.de\\\/bucuresti\\\/\",\"name\":\"Buletin de Bucure\u0219ti\",\"description\":\"\u0218tiri \u0219i investiga\u021bii esen\u021biale din capital\u0103\",\"publisher\":{\"@id\":\"https:\\\/\\\/buletin.de\\\/bucuresti\\\/#organization\"},\"potentialAction\":[{\"@type\":\"SearchAction\",\"target\":{\"@type\":\"EntryPoint\",\"urlTemplate\":\"https:\\\/\\\/buletin.de\\\/bucuresti\\\/?s={search_term_string}\"},\"query-input\":{\"@type\":\"PropertyValueSpecification\",\"valueRequired\":true,\"valueName\":\"search_term_string\"}}],\"inLanguage\":\"en-GB\"},{\"@type\":\"Organization\",\"@id\":\"https:\\\/\\\/buletin.de\\\/bucuresti\\\/#organization\",\"name\":\"Buletin de Bucure\u0219ti\",\"url\":\"https:\\\/\\\/buletin.de\\\/bucuresti\\\/\",\"logo\":{\"@type\":\"ImageObject\",\"inLanguage\":\"en-GB\",\"@id\":\"https:\\\/\\\/buletin.de\\\/bucuresti\\\/#\\\/schema\\\/logo\\\/image\\\/\",\"url\":\"https:\\\/\\\/buletin.de\\\/bucuresti\\\/wp-content\\\/uploads\\\/logo-bdb-full-wide-vernil-transparent.png\",\"contentUrl\":\"https:\\\/\\\/buletin.de\\\/bucuresti\\\/wp-content\\\/uploads\\\/logo-bdb-full-wide-vernil-transparent.png\",\"width\":1782,\"height\":626,\"caption\":\"Buletin de Bucure\u0219ti\"},\"image\":{\"@id\":\"https:\\\/\\\/buletin.de\\\/bucuresti\\\/#\\\/schema\\\/logo\\\/image\\\/\"},\"sameAs\":[\"https:\\\/\\\/www.facebook.com\\\/buletin.de.buc\",\"https:\\\/\\\/www.instagram.com\\\/buletinde.bucuresti\\\/\"]},{\"@type\":\"Person\",\"@id\":\"https:\\\/\\\/buletin.de\\\/bucuresti\\\/#\\\/schema\\\/person\\\/0ac9db30080482be87c7386a30f98796\",\"name\":\"C\u0103t\u0103lin Anghel-Dimache\",\"image\":{\"@type\":\"ImageObject\",\"inLanguage\":\"en-GB\",\"@id\":\"https:\\\/\\\/buletin.de\\\/bucuresti\\\/wp-content\\\/uploads\\\/Catalin-Anghel-Dimache-96x96.jpgbd9e43c5b25186d5b8e917ac61ad86c4\",\"url\":\"https:\\\/\\\/buletin.de\\\/bucuresti\\\/wp-content\\\/uploads\\\/Catalin-Anghel-Dimache-96x96.jpg\",\"contentUrl\":\"https:\\\/\\\/buletin.de\\\/bucuresti\\\/wp-content\\\/uploads\\\/Catalin-Anghel-Dimache-96x96.jpg\",\"caption\":\"C\u0103t\u0103lin Anghel-Dimache\"},\"description\":\"A absolvit Facultatea de Jurnalism \u0219i \u0218tiin\u021bele Comunic\u0103rii a Universit\u0103\u021bii din Bucure\u0219ti \u00een 2024. Scrie despre mediu \u0219i teme sociale, dar \u0219i despre cum se reflect\u0103 ele \u00een via\u021ba cotidian\u0103 a bucure\u0219tenilor, cu un ochi atent la pove\u0219tile personale din spatele titlurilor. N\u0103scut \u0219i crescut \u00een Bucure\u0219ti, a f\u0103cut un pas c\u0103tre presa local\u0103, din pasiune pentru ora\u0219ul s\u0103u \u0219i oamenii din el.\",\"url\":\"https:\\\/\\\/buletin.de\\\/bucuresti\\\/author\\\/catalin-anghel-dimache\\\/\"}]}<\/script>\n<!-- \/ Yoast SEO Premium plugin. -->","yoast_head_json":{"title":"Programul Laminor Wonderland: 5 zone tematice \u0219i patinoar extins, din 29 noiembrie - Buletin de Bucure\u0219ti","description":"T\u00e2rgul de Cr\u0103ciun organizat \u00een Sectorul 3 se deschide pe 29 noiembrie. Programul Laminor Wonderland include 5 zone tematice.","robots":{"index":"index","follow":"follow","max-snippet":"max-snippet:-1","max-image-preview":"max-image-preview:large","max-video-preview":"max-video-preview:-1"},"canonical":"https:\/\/buletin.de\/bucuresti\/programul-laminor-wonderland-5-zone-tematice-si-patinoar-extins-din-29-noiembrie\/","og_locale":"en_GB","og_type":"article","og_title":"Programul Laminor Wonderland: 5 zone tematice \u0219i patinoar extins, din 29 noiembrie","og_description":"T\u00e2rgul de Cr\u0103ciun organizat \u00een Sectorul 3 se deschide pe 29 noiembrie. Programul Laminor Wonderland include 5 zone tematice.","og_url":"https:\/\/buletin.de\/bucuresti\/programul-laminor-wonderland-5-zone-tematice-si-patinoar-extins-din-29-noiembrie\/","og_site_name":"Buletin de Bucure\u0219ti","article_publisher":"https:\/\/www.facebook.com\/buletin.de.buc","article_published_time":"2024-11-20T07:00:55+00:00","article_modified_time":"2024-11-26T09:33:26+00:00","og_image":[{"width":960,"height":720,"url":"https:\/\/buletin.de\/bucuresti\/wp-content\/uploads\/Patinoar-Laminor-Wonderland.jpg","type":"image\/jpeg"}],"author":"C\u0103t\u0103lin Anghel-Dimache","twitter_card":"summary_large_image","twitter_misc":{"Written by":"C\u0103t\u0103lin Anghel-Dimache","Estimated reading time":"3 minutes"},"schema":{"@context":"https:\/\/schema.org","@graph":[{"@type":"Article","@id":"https:\/\/buletin.de\/bucuresti\/programul-laminor-wonderland-5-zone-tematice-si-patinoar-extins-din-29-noiembrie\/#article","isPartOf":{"@id":"https:\/\/buletin.de\/bucuresti\/programul-laminor-wonderland-5-zone-tematice-si-patinoar-extins-din-29-noiembrie\/"},"author":{"name":"C\u0103t\u0103lin Anghel-Dimache","@id":"https:\/\/buletin.de\/bucuresti\/#\/schema\/person\/0ac9db30080482be87c7386a30f98796"},"headline":"Programul Laminor Wonderland: 5 zone tematice \u0219i patinoar extins, din 29 noiembrie","datePublished":"2024-11-20T07:00:55+00:00","dateModified":"2024-11-26T09:33:26+00:00","mainEntityOfPage":{"@id":"https:\/\/buletin.de\/bucuresti\/programul-laminor-wonderland-5-zone-tematice-si-patinoar-extins-din-29-noiembrie\/"},"wordCount":567,"publisher":{"@id":"https:\/\/buletin.de\/bucuresti\/#organization"},"image":{"@id":"https:\/\/buletin.de\/bucuresti\/programul-laminor-wonderland-5-zone-tematice-si-patinoar-extins-din-29-noiembrie\/#primaryimage"},"thumbnailUrl":"https:\/\/buletin.de\/bucuresti\/wp-content\/uploads\/Patinoar-Laminor-Wonderland.jpg","keywords":["bucuresti","Hala Laminor","laminor wonderland","program laminor","program t\u00e2rg craciun","Sector 3","targ de craciun"],"articleSection":["Articole","Diverse","\u0218tiri"],"inLanguage":"en-GB","copyrightYear":"2024","copyrightHolder":{"@id":"https:\/\/buletin.de\/bucuresti\/#organization"}},{"@type":"WebPage","@id":"https:\/\/buletin.de\/bucuresti\/programul-laminor-wonderland-5-zone-tematice-si-patinoar-extins-din-29-noiembrie\/","url":"https:\/\/buletin.de\/bucuresti\/programul-laminor-wonderland-5-zone-tematice-si-patinoar-extins-din-29-noiembrie\/","name":"Programul Laminor Wonderland: 5 zone tematice \u0219i patinoar extins, din 29 noiembrie - Buletin de Bucure\u0219ti","isPartOf":{"@id":"https:\/\/buletin.de\/bucuresti\/#website"},"primaryImageOfPage":{"@id":"https:\/\/buletin.de\/bucuresti\/programul-laminor-wonderland-5-zone-tematice-si-patinoar-extins-din-29-noiembrie\/#primaryimage"},"image":{"@id":"https:\/\/buletin.de\/bucuresti\/programul-laminor-wonderland-5-zone-tematice-si-patinoar-extins-din-29-noiembrie\/#primaryimage"},"thumbnailUrl":"https:\/\/buletin.de\/bucuresti\/wp-content\/uploads\/Patinoar-Laminor-Wonderland.jpg","datePublished":"2024-11-20T07:00:55+00:00","dateModified":"2024-11-26T09:33:26+00:00","description":"T\u00e2rgul de Cr\u0103ciun organizat \u00een Sectorul 3 se deschide pe 29 noiembrie. Programul Laminor Wonderland include 5 zone tematice.","breadcrumb":{"@id":"https:\/\/buletin.de\/bucuresti\/programul-laminor-wonderland-5-zone-tematice-si-patinoar-extins-din-29-noiembrie\/#breadcrumb"},"inLanguage":"en-GB","potentialAction":[{"@type":"ReadAction","target":["https:\/\/buletin.de\/bucuresti\/programul-laminor-wonderland-5-zone-tematice-si-patinoar-extins-din-29-noiembrie\/"]}]},{"@type":"ImageObject","inLanguage":"en-GB","@id":"https:\/\/buletin.de\/bucuresti\/programul-laminor-wonderland-5-zone-tematice-si-patinoar-extins-din-29-noiembrie\/#primaryimage","url":"https:\/\/buletin.de\/bucuresti\/wp-content\/uploads\/Patinoar-Laminor-Wonderland.jpg","contentUrl":"https:\/\/buletin.de\/bucuresti\/wp-content\/uploads\/Patinoar-Laminor-Wonderland.jpg","width":960,"height":720,"caption":"Laminor Wonderland: cinci zone tematice \u0219i patinoar extins. FOTO: FB \/ Laminor Wonderland"},{"@type":"BreadcrumbList","@id":"https:\/\/buletin.de\/bucuresti\/programul-laminor-wonderland-5-zone-tematice-si-patinoar-extins-din-29-noiembrie\/#breadcrumb","itemListElement":[{"@type":"ListItem","position":1,"name":"Acas\u0103","item":"https:\/\/buletin.de\/bucuresti\/"},{"@type":"ListItem","position":2,"name":"Programul Laminor Wonderland: 5 zone tematice \u0219i patinoar extins, din 29 noiembrie"}]},{"@type":"WebSite","@id":"https:\/\/buletin.de\/bucuresti\/#website","url":"https:\/\/buletin.de\/bucuresti\/","name":"Buletin de Bucure\u0219ti","description":"\u0218tiri \u0219i investiga\u021bii esen\u021biale din capital\u0103","publisher":{"@id":"https:\/\/buletin.de\/bucuresti\/#organization"},"potentialAction":[{"@type":"SearchAction","target":{"@type":"EntryPoint","urlTemplate":"https:\/\/buletin.de\/bucuresti\/?s={search_term_string}"},"query-input":{"@type":"PropertyValueSpecification","valueRequired":true,"valueName":"search_term_string"}}],"inLanguage":"en-GB"},{"@type":"Organization","@id":"https:\/\/buletin.de\/bucuresti\/#organization","name":"Buletin de Bucure\u0219ti","url":"https:\/\/buletin.de\/bucuresti\/","logo":{"@type":"ImageObject","inLanguage":"en-GB","@id":"https:\/\/buletin.de\/bucuresti\/#\/schema\/logo\/image\/","url":"https:\/\/buletin.de\/bucuresti\/wp-content\/uploads\/logo-bdb-full-wide-vernil-transparent.png","contentUrl":"https:\/\/buletin.de\/bucuresti\/wp-content\/uploads\/logo-bdb-full-wide-vernil-transparent.png","width":1782,"height":626,"caption":"Buletin de Bucure\u0219ti"},"image":{"@id":"https:\/\/buletin.de\/bucuresti\/#\/schema\/logo\/image\/"},"sameAs":["https:\/\/www.facebook.com\/buletin.de.buc","https:\/\/www.instagram.com\/buletinde.bucuresti\/"]},{"@type":"Person","@id":"https:\/\/buletin.de\/bucuresti\/#\/schema\/person\/0ac9db30080482be87c7386a30f98796","name":"C\u0103t\u0103lin Anghel-Dimache","image":{"@type":"ImageObject","inLanguage":"en-GB","@id":"https:\/\/buletin.de\/bucuresti\/wp-content\/uploads\/Catalin-Anghel-Dimache-96x96.jpgbd9e43c5b25186d5b8e917ac61ad86c4","url":"https:\/\/buletin.de\/bucuresti\/wp-content\/uploads\/Catalin-Anghel-Dimache-96x96.jpg","contentUrl":"https:\/\/buletin.de\/bucuresti\/wp-content\/uploads\/Catalin-Anghel-Dimache-96x96.jpg","caption":"C\u0103t\u0103lin Anghel-Dimache"},"description":"A absolvit Facultatea de Jurnalism \u0219i \u0218tiin\u021bele Comunic\u0103rii a Universit\u0103\u021bii din Bucure\u0219ti \u00een 2024. Scrie despre mediu \u0219i teme sociale, dar \u0219i despre cum se reflect\u0103 ele \u00een via\u021ba cotidian\u0103 a bucure\u0219tenilor, cu un ochi atent la pove\u0219tile personale din spatele titlurilor. N\u0103scut \u0219i crescut \u00een Bucure\u0219ti, a f\u0103cut un pas c\u0103tre presa local\u0103, din pasiune pentru ora\u0219ul s\u0103u \u0219i oamenii din el.","url":"https:\/\/buletin.de\/bucuresti\/author\/catalin-anghel-dimache\/"}]}},"authors":[{"term_id":22572,"user_id":59,"is_guest":0,"slug":"catalin-anghel-dimache","display_name":"C\u0103t\u0103lin Anghel-Dimache","avatar_url":"https:\/\/buletin.de\/bucuresti\/wp-content\/uploads\/Catalin-Anghel-Dimache-96x96.jpg","0":null,"1":"","2":"","3":"","4":"","5":"","6":"","7":"","8":""}],"_links":{"self":[{"href":"https:\/\/buletin.de\/bucuresti\/wp-json\/wp\/v2\/posts\/107094","targetHints":{"allow":["GET"]}}],"collection":[{"href":"https:\/\/buletin.de\/bucuresti\/wp-json\/wp\/v2\/posts"}],"about":[{"href":"https:\/\/buletin.de\/bucuresti\/wp-json\/wp\/v2\/types\/post"}],"author":[{"embeddable":true,"href":"https:\/\/buletin.de\/bucuresti\/wp-json\/wp\/v2\/users\/59"}],"replies":[{"embeddable":true,"href":"https:\/\/buletin.de\/bucuresti\/wp-json\/wp\/v2\/comments?post=107094"}],"version-history":[{"count":3,"href":"https:\/\/buletin.de\/bucuresti\/wp-json\/wp\/v2\/posts\/107094\/revisions"}],"predecessor-version":[{"id":107109,"href":"https:\/\/buletin.de\/bucuresti\/wp-json\/wp\/v2\/posts\/107094\/revisions\/107109"}],"wp:featuredmedia":[{"embeddable":true,"href":"https:\/\/buletin.de\/bucuresti\/wp-json\/wp\/v2\/media\/107095"}],"wp:attachment":[{"href":"https:\/\/buletin.de\/bucuresti\/wp-json\/wp\/v2\/media?parent=107094"}],"wp:term":[{"taxonomy":"category","embeddable":true,"href":"https:\/\/buletin.de\/bucuresti\/wp-json\/wp\/v2\/categories?post=107094"},{"taxonomy":"post_tag","embeddable":true,"href":"https:\/\/buletin.de\/bucuresti\/wp-json\/wp\/v2\/tags?post=107094"},{"taxonomy":"author","embeddable":true,"href":"https:\/\/buletin.de\/bucuresti\/wp-json\/wp\/v2\/ppma_author?post=107094"}],"curies":[{"name":"wp","href":"https:\/\/api.w.org\/{rel}","templated":true}]}}