{"id":10699,"date":"2020-08-21T07:43:09","date_gmt":"2020-08-21T04:43:09","guid":{"rendered":"https:\/\/buletin.de\/bucuresti\/?p=10699"},"modified":"2020-09-15T17:04:35","modified_gmt":"2020-09-15T14:04:35","slug":"ct-ul-cumparat-de-complexul-caraiman-din-sectorul-1-pentru-depistarea-covid19-nu-face-teste-pentru-noul-coronavirus","status":"publish","type":"post","link":"https:\/\/buletin.de\/bucuresti\/ct-ul-cumparat-de-complexul-caraiman-din-sectorul-1-pentru-depistarea-covid19-nu-face-teste-pentru-noul-coronavirus\/","title":{"rendered":"CT-ul cump\u0103rat de Complexul Caraiman din sectorul 1 pentru depistarea Covid19 nu face teste pentru noul coronavirus"},"content":{"rendered":"\n<div class=\"wp-block-group\"><div class=\"wp-block-group__inner-container is-layout-flow wp-block-group-is-layout-flow\">\n<div class=\"wp-block-image\"><figure class=\"aligncenter size-large is-resized\"><a href=\"https:\/\/activecitizensfund.ro\" target=\"_blank\" rel=\"noopener noreferrer\"><img fetchpriority=\"high\" decoding=\"async\" src=\"data:image\/gif;base64,R0lGODlhAQABAAAAACH5BAEKAAEALAAAAAABAAEAAAICTAEAOw==\" data-src=\"https:\/\/buletin.de\/bucuresti\/wp-content\/uploads\/Active-citizens-fund@4x-1-900x316.png\" alt=\"\" class=\"wp-image-11980 lazyload\" width=\"450\" height=\"158\" data-sizes=\"auto\" data-srcset=\"https:\/\/buletin.de\/bucuresti\/wp-content\/uploads\/Active-citizens-fund@4x-1-900x316.png 900w, https:\/\/buletin.de\/bucuresti\/wp-content\/uploads\/Active-citizens-fund@4x-1-300x105.png 300w, https:\/\/buletin.de\/bucuresti\/wp-content\/uploads\/Active-citizens-fund@4x-1-768x270.png 768w, https:\/\/buletin.de\/bucuresti\/wp-content\/uploads\/Active-citizens-fund@4x-1-1536x539.png 1536w, https:\/\/buletin.de\/bucuresti\/wp-content\/uploads\/Active-citizens-fund@4x-1-2048x719.png 2048w, https:\/\/buletin.de\/bucuresti\/wp-content\/uploads\/Active-citizens-fund@4x-1-1060x372.png 1060w, https:\/\/buletin.de\/bucuresti\/wp-content\/uploads\/Active-citizens-fund@4x-1-550x193.png 550w, https:\/\/buletin.de\/bucuresti\/wp-content\/uploads\/Active-citizens-fund@4x-1-1425x500.png 1425w, https:\/\/buletin.de\/bucuresti\/wp-content\/uploads\/Active-citizens-fund@4x-1-1920x674.png 1920w, https:\/\/buletin.de\/bucuresti\/wp-content\/uploads\/Active-citizens-fund@4x-1-600x211.png 600w\" sizes=\"(max-width: 450px) 100vw, 450px\" \/><\/a><\/figure><\/div>\n\n\n\n<div style=\"height:20px\" aria-hidden=\"true\" class=\"wp-block-spacer\"><\/div>\n<\/div><\/div>\n\n\n\n<p><strong>\u00cen luna aprilie, \u00een plin\u0103 stare de urgen\u021b\u0103, Complexul Multifunc\u021bional Caraiman din Bucure\u0219ti cump\u0103ra un computer tomograf. Complexul func\u021bioneaz\u0103 \u00een administrarea Prim\u0103riei Sector 1 \u0219i ofer\u0103 servicii medicale gratuite locuitorilor din sector. Ca achizi\u021bia s\u0103 fie posibil\u0103 f\u0103r\u0103 licita\u021bie, caietul de sarcini a fost adaptat vremurilor. Aparatul s-a transformat \u00een \u201cContainer mobil CT de depistare COVID-19\u201d, iar&nbsp;contractul a fost atribuit unei firme cu care complexul avea o rela\u021bie mai veche. Peste 4,8 milioane de lei din banii cet\u0103\u021benilor din Sectorul 1 s-au dus \u00een contul firmei SC Medical Gaz Plus. &nbsp;<\/strong><\/p>\n\n\n\n<figure class=\"wp-block-image size-large\"><img decoding=\"async\" width=\"761\" height=\"150\" src=\"data:image\/gif;base64,R0lGODlhAQABAAAAACH5BAEKAAEALAAAAAABAAEAAAICTAEAOw==\" data-src=\"https:\/\/buletin.de\/bucuresti\/wp-content\/uploads\/Screenshot_2020-08-18_16-10-35.png\" alt=\"\" class=\"wp-image-10703 lazyload\" data-sizes=\"auto\" data-srcset=\"https:\/\/buletin.de\/bucuresti\/wp-content\/uploads\/Screenshot_2020-08-18_16-10-35.png 761w, https:\/\/buletin.de\/bucuresti\/wp-content\/uploads\/Screenshot_2020-08-18_16-10-35-600x118.png 600w, https:\/\/buletin.de\/bucuresti\/wp-content\/uploads\/Screenshot_2020-08-18_16-10-35-300x59.png 300w, https:\/\/buletin.de\/bucuresti\/wp-content\/uploads\/Screenshot_2020-08-18_16-10-35-550x108.png 550w\" sizes=\"(max-width: 761px) 100vw, 761px\" \/><figcaption>Sursa: www.e-licitatie.ro<\/figcaption><\/figure>\n\n\n\n<h2 class=\"wp-block-heading\"><strong>Laude electorale vs realitatea medical\u0103<\/strong><\/h2>\n\n\n\n<p>Ca b\u0103t\u0103lia cu pandemia s\u0103 aib\u0103 parte de armele necesare, Guvernul a dat unda verda achizi\u021biilor, \u00een perioada st\u0103rii de urgen\u021b\u0103, pentru materiale \u0219i echipamente necesare combaterii COVID-19. De moment au profitat din plin mai toate institu\u021biile statului care, cu un simplu \u201eCOVID-19\u201d pus \u00een caieteul de sarcini, au cump\u0103rat mai de toate prin achizi\u021bie direct\u0103, de la \u0219ireturi de pantofi, la computere tomograf.<\/p>\n\n\n\n<p>Astfel, justificarea achizi\u021biei a fost \u00eenso\u021bit\u0103 \u0219i de o lung\u0103 serie de declara\u021bii belicoase ale responsabililor din Complexul Caraiman \u0219i din Prim\u0103ria Sector 1.<\/p>\n\n\n\n<blockquote class=\"wp-block-quote is-layout-flow wp-block-quote-is-layout-flow\"><p><em>\u00cen aceste momente grele, este nevoie de eforturile tuturor autorit\u0103\u021bilor, fie ele locale sau centrale, pentru ca \u00eempreun\u0103 s\u0103 \u00eenvingem acest inamic nev\u0103zut care este coronavirusul. Prin intermediul acestui soft, care ajunge pentru prima oar\u0103 \u00een Rom\u00e2nia \u00een Sectorul 1, vom putea s\u0103 test\u0103m un num\u0103r important de bucure\u0219teni, \u00een jur de 1000 de teste pe zi. Astfel, \u00eempreun\u0103 cu speciali\u0219tii de la Matei Bal\u0219, vom putea s\u0103-i depist\u0103m rapid pe acei locuitorii ai Capitalei care sunt pozitivi \u0219i vom putea limita la maxim r\u0103sp\u00e2ndirea coronavirusului \u00een r\u00e2ndul bucure\u0219tenilor<\/em><\/p><cite>declara, \u00eentr-un <a href=\"https:\/\/www.primariasector1.ro\/articole\/citeste\/comunicate-presa\/1848\/sectorul-1-computer-tomograf-ultraperformant-pentru-depistarea-infectiei-cu-coronavirus\">comunicat de pres\u0103<\/a>, Dan Tudorache, primarul Sectorului 1.<\/cite><\/blockquote>\n\n\n\n<p>Doar c\u0103 Ministerul S\u0103n\u0103t\u0103\u021bii a publicat \u00een 22 aprilie <a href=\"http:\/\/www.ms.ro\/wp-content\/uploads\/2020\/04\/Recomand%C4%83ri-privind-practica-radiologic%C4%83-%C3%AEn-rela%C8%9Bie-cu-infec%C8%9Bia-SARS-CoV-2-REVIZIA-1.pdf\">recomand\u0103rile privind practica radiologic\u0103 \u00een rela\u021bie cu infec\u021bia SARS-CoV2 <\/a>prin care spune \u00een mod clar faptul c\u0103 analiza CT nu este considerat\u0103 metod\u0103 de dignostic, ci doar de confirmare \u0219i verificare a stadiului bolii:<\/p>\n\n\n\n<ul class=\"wp-block-list\"><li><em>NU trebuie folosit\u0103 ca metod\u0103 de screening<\/em><\/li><li><em>NU stabile\u0219te diagnosticul pozitiv (test RT-PCR obligator)<\/em><\/li><li><em>NU este indicat\u0103 la pacien\u021bii asimptomatici sau cu simptomatologie<\/em><\/li><li><em> u\u0219oar\u0103\/nespecific\u0103<\/em><\/li><li><em>Este indicat\u0103:<\/em><\/li><li><em>DUP\u0102 evaluarea clinic\u0103<\/em><\/li><\/ul>\n\n\n\n<p>Dup\u0103 ce primarul Tudorache a avansat cifra de 1000 de analize CT zilnice, \u00eentr-un alt comunicat de pres\u0103 publicat de Prim\u0103ria&nbsp;Sectorului 1 se men\u021bioneaz\u0103 c\u0103 scanarea dureaz\u0103 un minut \u0219i nu include contactul medicului cu pacientul.<\/p>\n\n\n\n<div class=\"wp-block-group\"><div class=\"wp-block-group__inner-container is-layout-flow wp-block-group-is-layout-flow\">\n<figure class=\"wp-block-gallery columns-2 is-cropped wp-block-gallery-1 is-layout-flex wp-block-gallery-is-layout-flex\"><ul class=\"blocks-gallery-grid\"><li class=\"blocks-gallery-item\"><figure><img decoding=\"async\" width=\"518\" height=\"568\" src=\"data:image\/gif;base64,R0lGODlhAQABAAAAACH5BAEKAAEALAAAAAABAAEAAAICTAEAOw==\" data-src=\"https:\/\/buletin.de\/bucuresti\/wp-content\/uploads\/Screenshot_2020-08-18_18-55-46.png\" alt=\"\" data-id=\"10713\" data-full-url=\"https:\/\/buletin.de\/bucuresti\/wp-content\/uploads\/Screenshot_2020-08-18_18-55-46.png\" data-link=\"https:\/\/buletin.de\/bucuresti\/?attachment_id=10713\" class=\"wp-image-10713 lazyload\" data-sizes=\"auto\" data-srcset=\"https:\/\/buletin.de\/bucuresti\/wp-content\/uploads\/Screenshot_2020-08-18_18-55-46.png 518w, https:\/\/buletin.de\/bucuresti\/wp-content\/uploads\/Screenshot_2020-08-18_18-55-46-274x300.png 274w, https:\/\/buletin.de\/bucuresti\/wp-content\/uploads\/Screenshot_2020-08-18_18-55-46-456x500.png 456w\" sizes=\"(max-width: 518px) 100vw, 518px\" \/><\/figure><\/li><li class=\"blocks-gallery-item\"><figure><img loading=\"lazy\" decoding=\"async\" width=\"510\" height=\"562\" src=\"data:image\/gif;base64,R0lGODlhAQABAAAAACH5BAEKAAEALAAAAAABAAEAAAICTAEAOw==\" data-src=\"https:\/\/buletin.de\/bucuresti\/wp-content\/uploads\/comunicat-pres\u0103-2.png\" alt=\"\" data-id=\"10709\" data-link=\"https:\/\/buletin.de\/bucuresti\/?attachment_id=10709\" class=\"wp-image-10709 lazyload\" data-sizes=\"auto\" data-srcset=\"https:\/\/buletin.de\/bucuresti\/wp-content\/uploads\/comunicat-pres\u0103-2.png 510w, https:\/\/buletin.de\/bucuresti\/wp-content\/uploads\/comunicat-pres\u0103-2-272x300.png 272w, https:\/\/buletin.de\/bucuresti\/wp-content\/uploads\/comunicat-pres\u0103-2-454x500.png 454w\" sizes=\"(max-width: 510px) 100vw, 510px\" \/><\/figure><\/li><\/ul><figcaption class=\"blocks-gallery-caption\">Sursa: www.primariasector1.ro<\/figcaption><\/figure>\n<\/div><\/div>\n\n\n\n<p>\u00cens\u0103, o surs\u0103 anonim\u0103 a trimis redac\u021biei Buletin de Bucure\u0219ti un r\u0103spuns primit din parte Ministerului S\u0103n\u0103t\u0103\u021bii care a desfiin\u021bat ambele cifre \u2013 sunt irealiste. Nu se poate efectua un CT \u00eentr-un minut. \u0218i instalarea pacientului \u00een fa\u021ba aparatului dureaz\u0103 mai mult.<\/p>\n\n\n\n<figure class=\"wp-block-gallery columns-2 is-cropped wp-block-gallery-2 is-layout-flex wp-block-gallery-is-layout-flex\"><ul class=\"blocks-gallery-grid\"><li class=\"blocks-gallery-item\"><figure><img loading=\"lazy\" decoding=\"async\" width=\"750\" height=\"889\" src=\"data:image\/gif;base64,R0lGODlhAQABAAAAACH5BAEKAAEALAAAAAABAAEAAAICTAEAOw==\" data-src=\"https:\/\/buletin.de\/bucuresti\/wp-content\/uploads\/r\u0103spuns-MS.jpeg\" alt=\"\" data-id=\"10728\" data-full-url=\"https:\/\/buletin.de\/bucuresti\/wp-content\/uploads\/r\u0103spuns-MS.jpeg\" data-link=\"https:\/\/buletin.de\/bucuresti\/?attachment_id=10728\" class=\"wp-image-10728 lazyload\" data-sizes=\"auto\" data-srcset=\"https:\/\/buletin.de\/bucuresti\/wp-content\/uploads\/r\u0103spuns-MS.jpeg 750w, https:\/\/buletin.de\/bucuresti\/wp-content\/uploads\/r\u0103spuns-MS-600x711.jpeg 600w, https:\/\/buletin.de\/bucuresti\/wp-content\/uploads\/r\u0103spuns-MS-253x300.jpeg 253w, https:\/\/buletin.de\/bucuresti\/wp-content\/uploads\/r\u0103spuns-MS-550x652.jpeg 550w, https:\/\/buletin.de\/bucuresti\/wp-content\/uploads\/r\u0103spuns-MS-422x500.jpeg 422w\" sizes=\"(max-width: 750px) 100vw, 750px\" \/><\/figure><\/li><li class=\"blocks-gallery-item\"><figure><img loading=\"lazy\" decoding=\"async\" width=\"522\" height=\"569\" src=\"data:image\/gif;base64,R0lGODlhAQABAAAAACH5BAEKAAEALAAAAAABAAEAAAICTAEAOw==\" data-src=\"https:\/\/buletin.de\/bucuresti\/wp-content\/uploads\/Screenshot_2020-08-18_17-44-56.png\" alt=\"\" data-id=\"10727\" data-full-url=\"https:\/\/buletin.de\/bucuresti\/wp-content\/uploads\/Screenshot_2020-08-18_17-44-56.png\" data-link=\"https:\/\/buletin.de\/bucuresti\/?attachment_id=10727\" class=\"wp-image-10727 lazyload\" data-sizes=\"auto\" data-srcset=\"https:\/\/buletin.de\/bucuresti\/wp-content\/uploads\/Screenshot_2020-08-18_17-44-56.png 522w, https:\/\/buletin.de\/bucuresti\/wp-content\/uploads\/Screenshot_2020-08-18_17-44-56-275x300.png 275w, https:\/\/buletin.de\/bucuresti\/wp-content\/uploads\/Screenshot_2020-08-18_17-44-56-459x500.png 459w\" sizes=\"(max-width: 522px) 100vw, 522px\" \/><\/figure><\/li><\/ul><\/figure>\n\n\n\n<h2 class=\"wp-block-heading\"><strong>Contractul de comodat dintre Complexul Multifunc\u021bional Caraiman \u0219i<br>Institutul de Boli Infec\u021bioase Matei Bal\u0219<\/strong><\/h2>\n\n\n\n<p>CT-ul cu pricina n-a func\u021bionat \u00eens\u0103 nici m\u0103car o zi \u00een Complexul Caraiman, \u00een folosul cet\u0103\u021benilor din Sectorul 1, a\u0219a cum era menit. Imediat dup\u0103 achizi\u021bionarea sa, acest Container CT a fost \u00eemprumutat&nbsp;Institutului de Boli Infec\u021bioase Matei Bal\u0219, printr-un contract de comodat valabil p\u00e2n\u0103 \u00een 31 decembrie 2020.<\/p>\n\n\n\n<figure class=\"wp-block-gallery columns-3 is-cropped wp-block-gallery-3 is-layout-flex wp-block-gallery-is-layout-flex\"><ul class=\"blocks-gallery-grid\"><li class=\"blocks-gallery-item\"><figure><img loading=\"lazy\" decoding=\"async\" width=\"525\" height=\"622\" src=\"data:image\/gif;base64,R0lGODlhAQABAAAAACH5BAEKAAEALAAAAAABAAEAAAICTAEAOw==\" data-src=\"https:\/\/buletin.de\/bucuresti\/wp-content\/uploads\/Contract-caraiman-1.png\" alt=\"\" data-id=\"10706\" data-full-url=\"https:\/\/buletin.de\/bucuresti\/wp-content\/uploads\/Contract-caraiman-1.png\" data-link=\"https:\/\/buletin.de\/bucuresti\/?attachment_id=10706\" class=\"wp-image-10706 lazyload\" data-sizes=\"auto\" data-srcset=\"https:\/\/buletin.de\/bucuresti\/wp-content\/uploads\/Contract-caraiman-1.png 525w, https:\/\/buletin.de\/bucuresti\/wp-content\/uploads\/Contract-caraiman-1-253x300.png 253w, https:\/\/buletin.de\/bucuresti\/wp-content\/uploads\/Contract-caraiman-1-422x500.png 422w\" sizes=\"(max-width: 525px) 100vw, 525px\" \/><\/figure><\/li><li class=\"blocks-gallery-item\"><figure><img loading=\"lazy\" decoding=\"async\" width=\"525\" height=\"624\" src=\"data:image\/gif;base64,R0lGODlhAQABAAAAACH5BAEKAAEALAAAAAABAAEAAAICTAEAOw==\" data-src=\"https:\/\/buletin.de\/bucuresti\/wp-content\/uploads\/contract-caraiman-2-.png\" alt=\"\" data-id=\"10707\" data-full-url=\"https:\/\/buletin.de\/bucuresti\/wp-content\/uploads\/contract-caraiman-2-.png\" data-link=\"https:\/\/buletin.de\/bucuresti\/?attachment_id=10707\" class=\"wp-image-10707 lazyload\" data-sizes=\"auto\" data-srcset=\"https:\/\/buletin.de\/bucuresti\/wp-content\/uploads\/contract-caraiman-2-.png 525w, https:\/\/buletin.de\/bucuresti\/wp-content\/uploads\/contract-caraiman-2--252x300.png 252w, https:\/\/buletin.de\/bucuresti\/wp-content\/uploads\/contract-caraiman-2--421x500.png 421w\" sizes=\"(max-width: 525px) 100vw, 525px\" \/><\/figure><\/li><li class=\"blocks-gallery-item\"><figure><img loading=\"lazy\" decoding=\"async\" width=\"521\" height=\"621\" src=\"data:image\/gif;base64,R0lGODlhAQABAAAAACH5BAEKAAEALAAAAAABAAEAAAICTAEAOw==\" data-src=\"https:\/\/buletin.de\/bucuresti\/wp-content\/uploads\/contract-Caraiman-3.png\" alt=\"\" data-id=\"10705\" data-full-url=\"https:\/\/buletin.de\/bucuresti\/wp-content\/uploads\/contract-Caraiman-3.png\" data-link=\"https:\/\/buletin.de\/bucuresti\/?attachment_id=10705\" class=\"wp-image-10705 lazyload\" data-sizes=\"auto\" data-srcset=\"https:\/\/buletin.de\/bucuresti\/wp-content\/uploads\/contract-Caraiman-3.png 521w, https:\/\/buletin.de\/bucuresti\/wp-content\/uploads\/contract-Caraiman-3-252x300.png 252w, https:\/\/buletin.de\/bucuresti\/wp-content\/uploads\/contract-Caraiman-3-419x500.png 419w\" sizes=\"(max-width: 521px) 100vw, 521px\" \/><\/figure><\/li><\/ul><figcaption class=\"blocks-gallery-caption\">Contractul de comodat dintre Complexul Multifunc\u021bional Caraiman \u0219i Institutul de Boli Infec\u021bioase Matei Bal\u0219 <\/figcaption><\/figure>\n\n\n\n<p>Doar c\u0103 pentru semnarea contractului de comodat, conducerea Prim\u0103riei Sector 1 nu a respectat regulamentul de organizare \u0219i func\u021bionare al Complexului unde, la articolul 7.2, este prev\u0103zut c\u0103 un mijloc fix poate fi scos doar prin decizia Comitetului&nbsp;consultativ \u0219i supus votului Consiliului Local. \u00cens\u0103, a fost suficient\u0103 semn\u0103tura primarului \u0219i a managerului de la Bal\u0219, Adrian Streinu Cercel, pentru ca CT-ul s\u0103 plece din curtea Complexului Caraiman.<\/p>\n\n\n\n<p>Pentru a scuza aceast\u0103 nerespectare a regulamentului \u00een baza c\u0103ruia func\u021bioneaz\u0103, Complexul Caraiman a spus c\u0103 din cauza faptului c\u0103 \u00een starea de urgan\u021b\u0103 a fost restr\u00e2ns\u0103 <em>\u201elibertatea \u00eentrunirilor\u201d<\/em> nu s-a putut str\u00e2nge Consiliul Consultativ. <\/p>\n\n\n\n<figure class=\"wp-block-gallery columns-2 is-cropped wp-block-gallery-4 is-layout-flex wp-block-gallery-is-layout-flex\"><ul class=\"blocks-gallery-grid\"><li class=\"blocks-gallery-item\"><figure><img loading=\"lazy\" decoding=\"async\" width=\"534\" height=\"619\" src=\"data:image\/gif;base64,R0lGODlhAQABAAAAACH5BAEKAAEALAAAAAABAAEAAAICTAEAOw==\" data-src=\"https:\/\/buletin.de\/bucuresti\/wp-content\/uploads\/raspuns-caraiman-2.jpeg\" alt=\"\" data-id=\"10725\" data-full-url=\"https:\/\/buletin.de\/bucuresti\/wp-content\/uploads\/raspuns-caraiman-2.jpeg\" data-link=\"https:\/\/buletin.de\/bucuresti\/?attachment_id=10725\" class=\"wp-image-10725 lazyload\" data-sizes=\"auto\" data-srcset=\"https:\/\/buletin.de\/bucuresti\/wp-content\/uploads\/raspuns-caraiman-2.jpeg 534w, https:\/\/buletin.de\/bucuresti\/wp-content\/uploads\/raspuns-caraiman-2-259x300.jpeg 259w, https:\/\/buletin.de\/bucuresti\/wp-content\/uploads\/raspuns-caraiman-2-431x500.jpeg 431w\" sizes=\"(max-width: 534px) 100vw, 534px\" \/><\/figure><\/li><li class=\"blocks-gallery-item\"><figure><img loading=\"lazy\" decoding=\"async\" width=\"533\" height=\"614\" src=\"data:image\/gif;base64,R0lGODlhAQABAAAAACH5BAEKAAEALAAAAAABAAEAAAICTAEAOw==\" data-src=\"https:\/\/buletin.de\/bucuresti\/wp-content\/uploads\/caraiman-\u0219i-bal\u0219-2-1.png\" alt=\"\" data-id=\"10726\" data-full-url=\"https:\/\/buletin.de\/bucuresti\/wp-content\/uploads\/caraiman-\u0219i-bal\u0219-2-1.png\" data-link=\"https:\/\/buletin.de\/bucuresti\/?attachment_id=10726\" class=\"wp-image-10726 lazyload\" data-sizes=\"auto\" data-srcset=\"https:\/\/buletin.de\/bucuresti\/wp-content\/uploads\/caraiman-\u0219i-bal\u0219-2-1.png 533w, https:\/\/buletin.de\/bucuresti\/wp-content\/uploads\/caraiman-\u0219i-bal\u0219-2-1-260x300.png 260w, https:\/\/buletin.de\/bucuresti\/wp-content\/uploads\/caraiman-\u0219i-bal\u0219-2-1-434x500.png 434w\" sizes=\"(max-width: 533px) 100vw, 533px\" \/><\/figure><\/li><\/ul><figcaption class=\"blocks-gallery-caption\">R\u0103spuns Complexul Multifunc\u021bional Caraiman<\/figcaption><\/figure>\n\n\n\n<p>Sursa Foto: INQUAM photos\/George C\u0103lin<\/p>\n\n\n\n<div style=\"height:40px\" aria-hidden=\"true\" class=\"wp-block-spacer\"><\/div>\n\n\n\n<style>\n.disclaimerACF {\ndisplay: block;\nmax-width: 550px;\nmargin-top:-10px;\nmargin-left:auto;\nmargin-right:auto;\n}\n<\/style>\n\n\n\n<p class=\"disclaimerACF has-small-font-size\">Acest articol face parte din <strong><a href=\"https:\/\/buletin.de\/bucuresti\/buletin-de-bucuresti-in-pandemie\/\" data-type=\"URL\" data-id=\"https:\/\/buletin.de\/bucuresti\/buletin-de-bucuresti-in-pandemie\/\" target=\"_blank\" rel=\"noreferrer noopener\">\u201eBuletin de Bucure\u0219ti \u00een pandemie&#8221;<\/a>, <\/strong>o serie \u00een care investig\u0103m achizi\u021biile publice din jude\u021bul Ilfov \u0219i Bucure\u0219ti, \u00een contextul pandemiei Covid-19<\/p>\n\n\n\n<p class=\"has-text-align-left disclaimerACF\" style=\"font-size:12px\"><em>Proiect derulat de Asocia\u021bia Funky Citizens cu sprijinul financiar <a rel=\"noreferrer noopener\" aria-label=\"Active Citizens Fund Rom\u00e2nia (opens in a new tab)\" href=\"https:\/\/activecitizensfund.ro\" target=\"_blank\">Active Citizens Fund Rom\u00e2nia<\/a>, program finan\u021bat de Islanda, Liechtenstein \u0219i Norvegia prin Granturile SEE 2014-2021. Con\u021binutul acestui material nu reprezint\u0103 \u00een mod necesar pozi\u021bia oficial\u0103 a Granturilor SEE \u0219i Norvegiene 2014-2021; pentru mai multe informa\u021bii accesa\u021bi <a href=\"http:\/\/www.eeagrants.org\">www.eeagrants.org<\/a>. Informa\u021bii suplimentare pot fi g\u0103site pe paginile web&nbsp;<a href=\"http:\/\/www.activecitizensfund.ro\/\">www.activecitizensfund.ro<\/a>&nbsp;\u0219i&nbsp;<a href=\"http:\/\/www.eeagrants.org\/\">www.eeagrants.org<\/a>.<\/em><\/p>\n\n\n\n<p class=\"has-text-align-center\"><strong>Lucr\u0103m \u00eempreun\u0103 pentru o Europ\u0103&nbsp;<span style=\"color:#009b75\" class=\"has-inline-color\">verde<\/span>,&nbsp;<span style=\"color:#df4d3e\">competitiv\u0103<\/span>&nbsp;\u0219i&nbsp;<span style=\"color:#006ca7\">incluziv\u0103<\/span><\/strong>.<\/p>\n\n\n\n<p class=\"has-text-align-center\">Proiect derulat de<\/p>\n\n\n\n<div style=\"margin-top: -30px;\" class=\"wp-block-image\"><figure class=\"aligncenter size-large is-resized\"><img decoding=\"async\" src=\"data:image\/gif;base64,R0lGODlhAQABAAAAACH5BAEKAAEALAAAAAABAAEAAAICTAEAOw==\" data-src=\"https:\/\/buletin.de\/bucuresti\/wp-content\/uploads\/logo-funky-citizens-2016-1.png\" alt=\"\" class=\"wp-image-10395 lazyload\" width=\"200\" height=\"NaN\" data-sizes=\"auto\" data-srcset=\"https:\/\/buletin.de\/bucuresti\/wp-content\/uploads\/logo-funky-citizens-2016-1.png 650w, https:\/\/buletin.de\/bucuresti\/wp-content\/uploads\/logo-funky-citizens-2016-1-600x277.png 600w, https:\/\/buletin.de\/bucuresti\/wp-content\/uploads\/logo-funky-citizens-2016-1-300x138.png 300w, https:\/\/buletin.de\/bucuresti\/wp-content\/uploads\/logo-funky-citizens-2016-1-550x254.png 550w\" sizes=\"(max-width: 650px) 100vw, 650px\" \/><\/figure><\/div>\n","protected":false},"excerpt":{"rendered":"<p>\u00cen luna aprilie, \u00een plin\u0103 stare de urgen\u021b\u0103, Complexul Multifunc\u021bional Caraiman din Bucure\u0219ti cump\u0103ra un computer tomograf. Complexul func\u021bioneaz\u0103 \u00een administrarea Prim\u0103riei Sector 1 \u0219i ofer\u0103 servicii medicale gratuite locuitorilor din sector. Ca achizi\u021bia s\u0103 fie posibil\u0103 f\u0103r\u0103 licita\u021bie, caietul de sarcini a fost adaptat vremurilor. Aparatul s-a transformat \u00een \u201cContainer mobil CT de depistare [&hellip;]<\/p>\n","protected":false},"author":17,"featured_media":10741,"comment_status":"closed","ping_status":"open","sticky":false,"template":"","format":"standard","meta":{"_acf_changed":false,"inline_featured_image":false,"ngg_post_thumbnail":0,"footnotes":""},"categories":[1585,1],"tags":[],"ppma_author":[22576],"class_list":["post-10699","post","type-post","status-publish","format-standard","has-post-thumbnail","hentry","category-buletin-de-bucuresti-in-pandemie","category-diverse"],"acf":[],"yoast_head":"<!-- This site is optimized with the Yoast SEO Premium plugin v25.3 (Yoast SEO v27.5) - https:\/\/yoast.com\/product\/yoast-seo-premium-wordpress\/ -->\n<title>CT-ul cump\u0103rat de Complexul Caraiman din sectorul 1 pentru depistarea Covid19 nu face teste pentru noul coronavirus - Buletin de Bucure\u0219ti<\/title>\n<meta name=\"robots\" content=\"index, follow, max-snippet:-1, max-image-preview:large, max-video-preview:-1\" \/>\n<link rel=\"canonical\" href=\"https:\/\/buletin.de\/bucuresti\/ct-ul-cumparat-de-complexul-caraiman-din-sectorul-1-pentru-depistarea-covid19-nu-face-teste-pentru-noul-coronavirus\/\" \/>\n<meta property=\"og:locale\" content=\"en_GB\" \/>\n<meta property=\"og:type\" content=\"article\" \/>\n<meta property=\"og:title\" content=\"CT-ul cump\u0103rat de Complexul Caraiman din sectorul 1 pentru depistarea Covid19 nu face teste pentru noul coronavirus\" \/>\n<meta property=\"og:description\" content=\"\u00cen luna aprilie, \u00een plin\u0103 stare de urgen\u021b\u0103, Complexul Multifunc\u021bional Caraiman din Bucure\u0219ti cump\u0103ra un computer tomograf. Complexul func\u021bioneaz\u0103 \u00een administrarea Prim\u0103riei Sector 1 \u0219i ofer\u0103 servicii medicale gratuite locuitorilor din sector. Ca achizi\u021bia s\u0103 fie posibil\u0103 f\u0103r\u0103 licita\u021bie, caietul de sarcini a fost adaptat vremurilor. Aparatul s-a transformat \u00een \u201cContainer mobil CT de depistare [&hellip;]\" \/>\n<meta property=\"og:url\" content=\"https:\/\/buletin.de\/bucuresti\/ct-ul-cumparat-de-complexul-caraiman-din-sectorul-1-pentru-depistarea-covid19-nu-face-teste-pentru-noul-coronavirus\/\" \/>\n<meta property=\"og:site_name\" content=\"Buletin de Bucure\u0219ti\" \/>\n<meta property=\"article:publisher\" content=\"https:\/\/www.facebook.com\/buletin.de.buc\" \/>\n<meta property=\"article:published_time\" content=\"2020-08-21T04:43:09+00:00\" \/>\n<meta property=\"article:modified_time\" content=\"2020-09-15T14:04:35+00:00\" \/>\n<meta property=\"og:image\" content=\"https:\/\/buletin.de\/bucuresti\/wp-content\/uploads\/ID141966_INQUAM_Photos_George_Calin-scaled.jpg\" \/>\n\t<meta property=\"og:image:width\" content=\"2560\" \/>\n\t<meta property=\"og:image:height\" content=\"1707\" \/>\n\t<meta property=\"og:image:type\" content=\"image\/jpeg\" \/>\n<meta name=\"author\" content=\"Florin R\u00e2\u0219teiu\" \/>\n<meta name=\"twitter:card\" content=\"summary_large_image\" \/>\n<meta name=\"twitter:label1\" content=\"Written by\" \/>\n\t<meta name=\"twitter:data1\" content=\"Florin R\u00e2\u0219teiu\" \/>\n\t<meta name=\"twitter:label2\" content=\"Estimated reading time\" \/>\n\t<meta name=\"twitter:data2\" content=\"3 minutes\" \/>\n<script type=\"application\/ld+json\" class=\"yoast-schema-graph\">{\"@context\":\"https:\\\/\\\/schema.org\",\"@graph\":[{\"@type\":\"Article\",\"@id\":\"https:\\\/\\\/buletin.de\\\/bucuresti\\\/ct-ul-cumparat-de-complexul-caraiman-din-sectorul-1-pentru-depistarea-covid19-nu-face-teste-pentru-noul-coronavirus\\\/#article\",\"isPartOf\":{\"@id\":\"https:\\\/\\\/buletin.de\\\/bucuresti\\\/ct-ul-cumparat-de-complexul-caraiman-din-sectorul-1-pentru-depistarea-covid19-nu-face-teste-pentru-noul-coronavirus\\\/\"},\"author\":{\"name\":\"Florin R\u00e2\u0219teiu\",\"@id\":\"https:\\\/\\\/buletin.de\\\/bucuresti\\\/#\\\/schema\\\/person\\\/b0686d7a8b666c6afc78239777fd8a89\"},\"headline\":\"CT-ul cump\u0103rat de Complexul Caraiman din sectorul 1 pentru depistarea Covid19 nu face teste pentru noul coronavirus\",\"datePublished\":\"2020-08-21T04:43:09+00:00\",\"dateModified\":\"2020-09-15T14:04:35+00:00\",\"mainEntityOfPage\":{\"@id\":\"https:\\\/\\\/buletin.de\\\/bucuresti\\\/ct-ul-cumparat-de-complexul-caraiman-din-sectorul-1-pentru-depistarea-covid19-nu-face-teste-pentru-noul-coronavirus\\\/\"},\"wordCount\":713,\"publisher\":{\"@id\":\"https:\\\/\\\/buletin.de\\\/bucuresti\\\/#organization\"},\"image\":{\"@id\":\"https:\\\/\\\/buletin.de\\\/bucuresti\\\/ct-ul-cumparat-de-complexul-caraiman-din-sectorul-1-pentru-depistarea-covid19-nu-face-teste-pentru-noul-coronavirus\\\/#primaryimage\"},\"thumbnailUrl\":\"https:\\\/\\\/buletin.de\\\/bucuresti\\\/wp-content\\\/uploads\\\/ID141966_INQUAM_Photos_George_Calin-scaled.jpg\",\"articleSection\":[\"Buletin de Bucure\u0219ti \u00een pandemie\",\"Diverse\"],\"inLanguage\":\"en-GB\",\"copyrightYear\":\"2020\",\"copyrightHolder\":{\"@id\":\"https:\\\/\\\/buletin.de\\\/bucuresti\\\/#organization\"}},{\"@type\":\"WebPage\",\"@id\":\"https:\\\/\\\/buletin.de\\\/bucuresti\\\/ct-ul-cumparat-de-complexul-caraiman-din-sectorul-1-pentru-depistarea-covid19-nu-face-teste-pentru-noul-coronavirus\\\/\",\"url\":\"https:\\\/\\\/buletin.de\\\/bucuresti\\\/ct-ul-cumparat-de-complexul-caraiman-din-sectorul-1-pentru-depistarea-covid19-nu-face-teste-pentru-noul-coronavirus\\\/\",\"name\":\"CT-ul cump\u0103rat de Complexul Caraiman din sectorul 1 pentru depistarea Covid19 nu face teste pentru noul coronavirus - Buletin de Bucure\u0219ti\",\"isPartOf\":{\"@id\":\"https:\\\/\\\/buletin.de\\\/bucuresti\\\/#website\"},\"primaryImageOfPage\":{\"@id\":\"https:\\\/\\\/buletin.de\\\/bucuresti\\\/ct-ul-cumparat-de-complexul-caraiman-din-sectorul-1-pentru-depistarea-covid19-nu-face-teste-pentru-noul-coronavirus\\\/#primaryimage\"},\"image\":{\"@id\":\"https:\\\/\\\/buletin.de\\\/bucuresti\\\/ct-ul-cumparat-de-complexul-caraiman-din-sectorul-1-pentru-depistarea-covid19-nu-face-teste-pentru-noul-coronavirus\\\/#primaryimage\"},\"thumbnailUrl\":\"https:\\\/\\\/buletin.de\\\/bucuresti\\\/wp-content\\\/uploads\\\/ID141966_INQUAM_Photos_George_Calin-scaled.jpg\",\"datePublished\":\"2020-08-21T04:43:09+00:00\",\"dateModified\":\"2020-09-15T14:04:35+00:00\",\"breadcrumb\":{\"@id\":\"https:\\\/\\\/buletin.de\\\/bucuresti\\\/ct-ul-cumparat-de-complexul-caraiman-din-sectorul-1-pentru-depistarea-covid19-nu-face-teste-pentru-noul-coronavirus\\\/#breadcrumb\"},\"inLanguage\":\"en-GB\",\"potentialAction\":[{\"@type\":\"ReadAction\",\"target\":[\"https:\\\/\\\/buletin.de\\\/bucuresti\\\/ct-ul-cumparat-de-complexul-caraiman-din-sectorul-1-pentru-depistarea-covid19-nu-face-teste-pentru-noul-coronavirus\\\/\"]}]},{\"@type\":\"ImageObject\",\"inLanguage\":\"en-GB\",\"@id\":\"https:\\\/\\\/buletin.de\\\/bucuresti\\\/ct-ul-cumparat-de-complexul-caraiman-din-sectorul-1-pentru-depistarea-covid19-nu-face-teste-pentru-noul-coronavirus\\\/#primaryimage\",\"url\":\"https:\\\/\\\/buletin.de\\\/bucuresti\\\/wp-content\\\/uploads\\\/ID141966_INQUAM_Photos_George_Calin-scaled.jpg\",\"contentUrl\":\"https:\\\/\\\/buletin.de\\\/bucuresti\\\/wp-content\\\/uploads\\\/ID141966_INQUAM_Photos_George_Calin-scaled.jpg\",\"width\":2560,\"height\":1707},{\"@type\":\"BreadcrumbList\",\"@id\":\"https:\\\/\\\/buletin.de\\\/bucuresti\\\/ct-ul-cumparat-de-complexul-caraiman-din-sectorul-1-pentru-depistarea-covid19-nu-face-teste-pentru-noul-coronavirus\\\/#breadcrumb\",\"itemListElement\":[{\"@type\":\"ListItem\",\"position\":1,\"name\":\"Acas\u0103\",\"item\":\"https:\\\/\\\/buletin.de\\\/bucuresti\\\/\"},{\"@type\":\"ListItem\",\"position\":2,\"name\":\"CT-ul cump\u0103rat de Complexul Caraiman din sectorul 1 pentru depistarea Covid19 nu face teste pentru noul coronavirus\"}]},{\"@type\":\"WebSite\",\"@id\":\"https:\\\/\\\/buletin.de\\\/bucuresti\\\/#website\",\"url\":\"https:\\\/\\\/buletin.de\\\/bucuresti\\\/\",\"name\":\"Buletin de Bucure\u0219ti\",\"description\":\"\u0218tiri \u0219i investiga\u021bii esen\u021biale din capital\u0103\",\"publisher\":{\"@id\":\"https:\\\/\\\/buletin.de\\\/bucuresti\\\/#organization\"},\"potentialAction\":[{\"@type\":\"SearchAction\",\"target\":{\"@type\":\"EntryPoint\",\"urlTemplate\":\"https:\\\/\\\/buletin.de\\\/bucuresti\\\/?s={search_term_string}\"},\"query-input\":{\"@type\":\"PropertyValueSpecification\",\"valueRequired\":true,\"valueName\":\"search_term_string\"}}],\"inLanguage\":\"en-GB\"},{\"@type\":\"Organization\",\"@id\":\"https:\\\/\\\/buletin.de\\\/bucuresti\\\/#organization\",\"name\":\"Buletin de Bucure\u0219ti\",\"url\":\"https:\\\/\\\/buletin.de\\\/bucuresti\\\/\",\"logo\":{\"@type\":\"ImageObject\",\"inLanguage\":\"en-GB\",\"@id\":\"https:\\\/\\\/buletin.de\\\/bucuresti\\\/#\\\/schema\\\/logo\\\/image\\\/\",\"url\":\"https:\\\/\\\/buletin.de\\\/bucuresti\\\/wp-content\\\/uploads\\\/logo-bdb-full-wide-vernil-transparent.png\",\"contentUrl\":\"https:\\\/\\\/buletin.de\\\/bucuresti\\\/wp-content\\\/uploads\\\/logo-bdb-full-wide-vernil-transparent.png\",\"width\":1782,\"height\":626,\"caption\":\"Buletin de Bucure\u0219ti\"},\"image\":{\"@id\":\"https:\\\/\\\/buletin.de\\\/bucuresti\\\/#\\\/schema\\\/logo\\\/image\\\/\"},\"sameAs\":[\"https:\\\/\\\/www.facebook.com\\\/buletin.de.buc\",\"https:\\\/\\\/www.instagram.com\\\/buletinde.bucuresti\\\/\"]},{\"@type\":\"Person\",\"@id\":\"https:\\\/\\\/buletin.de\\\/bucuresti\\\/#\\\/schema\\\/person\\\/b0686d7a8b666c6afc78239777fd8a89\",\"name\":\"Florin R\u00e2\u0219teiu\",\"image\":{\"@type\":\"ImageObject\",\"inLanguage\":\"en-GB\",\"@id\":\"https:\\\/\\\/buletin.de\\\/bucuresti\\\/wp-content\\\/uploads\\\/Florin-Rasteiu-96x96.jpgf0a6fe28453aa12f0a60e4d0a2e3a78c\",\"url\":\"https:\\\/\\\/buletin.de\\\/bucuresti\\\/wp-content\\\/uploads\\\/Florin-Rasteiu-96x96.jpg\",\"contentUrl\":\"https:\\\/\\\/buletin.de\\\/bucuresti\\\/wp-content\\\/uploads\\\/Florin-Rasteiu-96x96.jpg\",\"caption\":\"Florin R\u00e2\u0219teiu\"},\"description\":\"Jurnalist de investiga\u021bie. Lucreaz\u0103 de aproape 6 ani la Buletin de Bucure\u0219ti, unde a publicat articole care scot la suprafa\u021b\u0103 corup\u021bia din Capital\u0103. Analizeaz\u0103 baze de date zilnic \u0219i scoate pove\u0219ti din exceluri pline de cifre. Pune reflectorul pe adev\u0103r cu fiecare ocazie. A c\u00e2\u0219tigat premiul I la categoria Pres\u0103 Local\u0103 \u00een 2025 \u0219i locul al II-lea la aceea\u0219i categorie \u00een 2024 \u00een cadrul Premiilor Superscrieri pentru jurnalism independent.\",\"url\":\"https:\\\/\\\/buletin.de\\\/bucuresti\\\/author\\\/florinrasteiu\\\/\"}]}<\/script>\n<!-- \/ Yoast SEO Premium plugin. -->","yoast_head_json":{"title":"CT-ul cump\u0103rat de Complexul Caraiman din sectorul 1 pentru depistarea Covid19 nu face teste pentru noul coronavirus - Buletin de Bucure\u0219ti","robots":{"index":"index","follow":"follow","max-snippet":"max-snippet:-1","max-image-preview":"max-image-preview:large","max-video-preview":"max-video-preview:-1"},"canonical":"https:\/\/buletin.de\/bucuresti\/ct-ul-cumparat-de-complexul-caraiman-din-sectorul-1-pentru-depistarea-covid19-nu-face-teste-pentru-noul-coronavirus\/","og_locale":"en_GB","og_type":"article","og_title":"CT-ul cump\u0103rat de Complexul Caraiman din sectorul 1 pentru depistarea Covid19 nu face teste pentru noul coronavirus","og_description":"\u00cen luna aprilie, \u00een plin\u0103 stare de urgen\u021b\u0103, Complexul Multifunc\u021bional Caraiman din Bucure\u0219ti cump\u0103ra un computer tomograf. Complexul func\u021bioneaz\u0103 \u00een administrarea Prim\u0103riei Sector 1 \u0219i ofer\u0103 servicii medicale gratuite locuitorilor din sector. Ca achizi\u021bia s\u0103 fie posibil\u0103 f\u0103r\u0103 licita\u021bie, caietul de sarcini a fost adaptat vremurilor. Aparatul s-a transformat \u00een \u201cContainer mobil CT de depistare [&hellip;]","og_url":"https:\/\/buletin.de\/bucuresti\/ct-ul-cumparat-de-complexul-caraiman-din-sectorul-1-pentru-depistarea-covid19-nu-face-teste-pentru-noul-coronavirus\/","og_site_name":"Buletin de Bucure\u0219ti","article_publisher":"https:\/\/www.facebook.com\/buletin.de.buc","article_published_time":"2020-08-21T04:43:09+00:00","article_modified_time":"2020-09-15T14:04:35+00:00","og_image":[{"width":2560,"height":1707,"url":"https:\/\/buletin.de\/bucuresti\/wp-content\/uploads\/ID141966_INQUAM_Photos_George_Calin-scaled.jpg","type":"image\/jpeg"}],"author":"Florin R\u00e2\u0219teiu","twitter_card":"summary_large_image","twitter_misc":{"Written by":"Florin R\u00e2\u0219teiu","Estimated reading time":"3 minutes"},"schema":{"@context":"https:\/\/schema.org","@graph":[{"@type":"Article","@id":"https:\/\/buletin.de\/bucuresti\/ct-ul-cumparat-de-complexul-caraiman-din-sectorul-1-pentru-depistarea-covid19-nu-face-teste-pentru-noul-coronavirus\/#article","isPartOf":{"@id":"https:\/\/buletin.de\/bucuresti\/ct-ul-cumparat-de-complexul-caraiman-din-sectorul-1-pentru-depistarea-covid19-nu-face-teste-pentru-noul-coronavirus\/"},"author":{"name":"Florin R\u00e2\u0219teiu","@id":"https:\/\/buletin.de\/bucuresti\/#\/schema\/person\/b0686d7a8b666c6afc78239777fd8a89"},"headline":"CT-ul cump\u0103rat de Complexul Caraiman din sectorul 1 pentru depistarea Covid19 nu face teste pentru noul coronavirus","datePublished":"2020-08-21T04:43:09+00:00","dateModified":"2020-09-15T14:04:35+00:00","mainEntityOfPage":{"@id":"https:\/\/buletin.de\/bucuresti\/ct-ul-cumparat-de-complexul-caraiman-din-sectorul-1-pentru-depistarea-covid19-nu-face-teste-pentru-noul-coronavirus\/"},"wordCount":713,"publisher":{"@id":"https:\/\/buletin.de\/bucuresti\/#organization"},"image":{"@id":"https:\/\/buletin.de\/bucuresti\/ct-ul-cumparat-de-complexul-caraiman-din-sectorul-1-pentru-depistarea-covid19-nu-face-teste-pentru-noul-coronavirus\/#primaryimage"},"thumbnailUrl":"https:\/\/buletin.de\/bucuresti\/wp-content\/uploads\/ID141966_INQUAM_Photos_George_Calin-scaled.jpg","articleSection":["Buletin de Bucure\u0219ti \u00een pandemie","Diverse"],"inLanguage":"en-GB","copyrightYear":"2020","copyrightHolder":{"@id":"https:\/\/buletin.de\/bucuresti\/#organization"}},{"@type":"WebPage","@id":"https:\/\/buletin.de\/bucuresti\/ct-ul-cumparat-de-complexul-caraiman-din-sectorul-1-pentru-depistarea-covid19-nu-face-teste-pentru-noul-coronavirus\/","url":"https:\/\/buletin.de\/bucuresti\/ct-ul-cumparat-de-complexul-caraiman-din-sectorul-1-pentru-depistarea-covid19-nu-face-teste-pentru-noul-coronavirus\/","name":"CT-ul cump\u0103rat de Complexul Caraiman din sectorul 1 pentru depistarea Covid19 nu face teste pentru noul coronavirus - Buletin de Bucure\u0219ti","isPartOf":{"@id":"https:\/\/buletin.de\/bucuresti\/#website"},"primaryImageOfPage":{"@id":"https:\/\/buletin.de\/bucuresti\/ct-ul-cumparat-de-complexul-caraiman-din-sectorul-1-pentru-depistarea-covid19-nu-face-teste-pentru-noul-coronavirus\/#primaryimage"},"image":{"@id":"https:\/\/buletin.de\/bucuresti\/ct-ul-cumparat-de-complexul-caraiman-din-sectorul-1-pentru-depistarea-covid19-nu-face-teste-pentru-noul-coronavirus\/#primaryimage"},"thumbnailUrl":"https:\/\/buletin.de\/bucuresti\/wp-content\/uploads\/ID141966_INQUAM_Photos_George_Calin-scaled.jpg","datePublished":"2020-08-21T04:43:09+00:00","dateModified":"2020-09-15T14:04:35+00:00","breadcrumb":{"@id":"https:\/\/buletin.de\/bucuresti\/ct-ul-cumparat-de-complexul-caraiman-din-sectorul-1-pentru-depistarea-covid19-nu-face-teste-pentru-noul-coronavirus\/#breadcrumb"},"inLanguage":"en-GB","potentialAction":[{"@type":"ReadAction","target":["https:\/\/buletin.de\/bucuresti\/ct-ul-cumparat-de-complexul-caraiman-din-sectorul-1-pentru-depistarea-covid19-nu-face-teste-pentru-noul-coronavirus\/"]}]},{"@type":"ImageObject","inLanguage":"en-GB","@id":"https:\/\/buletin.de\/bucuresti\/ct-ul-cumparat-de-complexul-caraiman-din-sectorul-1-pentru-depistarea-covid19-nu-face-teste-pentru-noul-coronavirus\/#primaryimage","url":"https:\/\/buletin.de\/bucuresti\/wp-content\/uploads\/ID141966_INQUAM_Photos_George_Calin-scaled.jpg","contentUrl":"https:\/\/buletin.de\/bucuresti\/wp-content\/uploads\/ID141966_INQUAM_Photos_George_Calin-scaled.jpg","width":2560,"height":1707},{"@type":"BreadcrumbList","@id":"https:\/\/buletin.de\/bucuresti\/ct-ul-cumparat-de-complexul-caraiman-din-sectorul-1-pentru-depistarea-covid19-nu-face-teste-pentru-noul-coronavirus\/#breadcrumb","itemListElement":[{"@type":"ListItem","position":1,"name":"Acas\u0103","item":"https:\/\/buletin.de\/bucuresti\/"},{"@type":"ListItem","position":2,"name":"CT-ul cump\u0103rat de Complexul Caraiman din sectorul 1 pentru depistarea Covid19 nu face teste pentru noul coronavirus"}]},{"@type":"WebSite","@id":"https:\/\/buletin.de\/bucuresti\/#website","url":"https:\/\/buletin.de\/bucuresti\/","name":"Buletin de Bucure\u0219ti","description":"\u0218tiri \u0219i investiga\u021bii esen\u021biale din capital\u0103","publisher":{"@id":"https:\/\/buletin.de\/bucuresti\/#organization"},"potentialAction":[{"@type":"SearchAction","target":{"@type":"EntryPoint","urlTemplate":"https:\/\/buletin.de\/bucuresti\/?s={search_term_string}"},"query-input":{"@type":"PropertyValueSpecification","valueRequired":true,"valueName":"search_term_string"}}],"inLanguage":"en-GB"},{"@type":"Organization","@id":"https:\/\/buletin.de\/bucuresti\/#organization","name":"Buletin de Bucure\u0219ti","url":"https:\/\/buletin.de\/bucuresti\/","logo":{"@type":"ImageObject","inLanguage":"en-GB","@id":"https:\/\/buletin.de\/bucuresti\/#\/schema\/logo\/image\/","url":"https:\/\/buletin.de\/bucuresti\/wp-content\/uploads\/logo-bdb-full-wide-vernil-transparent.png","contentUrl":"https:\/\/buletin.de\/bucuresti\/wp-content\/uploads\/logo-bdb-full-wide-vernil-transparent.png","width":1782,"height":626,"caption":"Buletin de Bucure\u0219ti"},"image":{"@id":"https:\/\/buletin.de\/bucuresti\/#\/schema\/logo\/image\/"},"sameAs":["https:\/\/www.facebook.com\/buletin.de.buc","https:\/\/www.instagram.com\/buletinde.bucuresti\/"]},{"@type":"Person","@id":"https:\/\/buletin.de\/bucuresti\/#\/schema\/person\/b0686d7a8b666c6afc78239777fd8a89","name":"Florin R\u00e2\u0219teiu","image":{"@type":"ImageObject","inLanguage":"en-GB","@id":"https:\/\/buletin.de\/bucuresti\/wp-content\/uploads\/Florin-Rasteiu-96x96.jpgf0a6fe28453aa12f0a60e4d0a2e3a78c","url":"https:\/\/buletin.de\/bucuresti\/wp-content\/uploads\/Florin-Rasteiu-96x96.jpg","contentUrl":"https:\/\/buletin.de\/bucuresti\/wp-content\/uploads\/Florin-Rasteiu-96x96.jpg","caption":"Florin R\u00e2\u0219teiu"},"description":"Jurnalist de investiga\u021bie. Lucreaz\u0103 de aproape 6 ani la Buletin de Bucure\u0219ti, unde a publicat articole care scot la suprafa\u021b\u0103 corup\u021bia din Capital\u0103. Analizeaz\u0103 baze de date zilnic \u0219i scoate pove\u0219ti din exceluri pline de cifre. Pune reflectorul pe adev\u0103r cu fiecare ocazie. A c\u00e2\u0219tigat premiul I la categoria Pres\u0103 Local\u0103 \u00een 2025 \u0219i locul al II-lea la aceea\u0219i categorie \u00een 2024 \u00een cadrul Premiilor Superscrieri pentru jurnalism independent.","url":"https:\/\/buletin.de\/bucuresti\/author\/florinrasteiu\/"}]}},"authors":[{"term_id":22576,"user_id":17,"is_guest":0,"slug":"florinrasteiu","display_name":"Florin R\u00e2\u0219teiu","avatar_url":"https:\/\/buletin.de\/bucuresti\/wp-content\/uploads\/Florin-Rasteiu-96x96.jpg","0":null,"1":"","2":"","3":"","4":"","5":"","6":"","7":"","8":""}],"_links":{"self":[{"href":"https:\/\/buletin.de\/bucuresti\/wp-json\/wp\/v2\/posts\/10699","targetHints":{"allow":["GET"]}}],"collection":[{"href":"https:\/\/buletin.de\/bucuresti\/wp-json\/wp\/v2\/posts"}],"about":[{"href":"https:\/\/buletin.de\/bucuresti\/wp-json\/wp\/v2\/types\/post"}],"author":[{"embeddable":true,"href":"https:\/\/buletin.de\/bucuresti\/wp-json\/wp\/v2\/users\/17"}],"replies":[{"embeddable":true,"href":"https:\/\/buletin.de\/bucuresti\/wp-json\/wp\/v2\/comments?post=10699"}],"version-history":[{"count":19,"href":"https:\/\/buletin.de\/bucuresti\/wp-json\/wp\/v2\/posts\/10699\/revisions"}],"predecessor-version":[{"id":12054,"href":"https:\/\/buletin.de\/bucuresti\/wp-json\/wp\/v2\/posts\/10699\/revisions\/12054"}],"wp:featuredmedia":[{"embeddable":true,"href":"https:\/\/buletin.de\/bucuresti\/wp-json\/wp\/v2\/media\/10741"}],"wp:attachment":[{"href":"https:\/\/buletin.de\/bucuresti\/wp-json\/wp\/v2\/media?parent=10699"}],"wp:term":[{"taxonomy":"category","embeddable":true,"href":"https:\/\/buletin.de\/bucuresti\/wp-json\/wp\/v2\/categories?post=10699"},{"taxonomy":"post_tag","embeddable":true,"href":"https:\/\/buletin.de\/bucuresti\/wp-json\/wp\/v2\/tags?post=10699"},{"taxonomy":"author","embeddable":true,"href":"https:\/\/buletin.de\/bucuresti\/wp-json\/wp\/v2\/ppma_author?post=10699"}],"curies":[{"name":"wp","href":"https:\/\/api.w.org\/{rel}","templated":true}]}}