{"id":106947,"date":"2024-11-19T08:07:19","date_gmt":"2024-11-19T05:07:19","guid":{"rendered":"https:\/\/buletin.de\/bucuresti\/?p=106947"},"modified":"2024-11-19T08:07:19","modified_gmt":"2024-11-19T05:07:19","slug":"alstom-coradia-pe-ruta-bucuresti-brasov-de-miercuri-nu-se-afla-in-mersul-trenurilor","status":"publish","type":"post","link":"https:\/\/buletin.de\/bucuresti\/alstom-coradia-pe-ruta-bucuresti-brasov-de-miercuri-nu-se-afla-in-mersul-trenurilor\/","title":{"rendered":"Alstom Coradia, pe ruta Bucure\u0219ti-Bra\u0219ov, de miercuri, nu se afl\u0103 \u00een Mersul Trenurilor"},"content":{"rendered":"\n<p><strong>Cu mai pu\u021bin de dou\u0103 zile \u00eenainte de plecarea trenului Alstom spre Bra\u0219ov, CFR C\u0103l\u0103tori nu poate confirma circula\u021bia acestuia din cauza lipsei documentelor necesare, iar personalul G\u0103rii de Nord a a afirmat c\u0103 trenul nu poate fi introdus \u00eenainte de 15 decembrie, odat\u0103 cu schimbarea Mersului Trenurilor, scrie <\/strong><a href=\"https:\/\/clubferoviar.ro\/ce-se-stie-la-gara-de-nord-despre-trenul-alstom-al-lui-ciolacu-de-miercuri\/\"><strong>clubferoviar.ro<\/strong><\/a><strong>.<\/strong><\/p>\n\n\n\n<p>La mai pu\u021bin de dou\u0103 zile de plecarea trenului Alstom c\u0103tre Bra\u0219ov, angaja\u021bii \u0219i al\u021bi oficiali ai CFR nu pot confirma primirea trenului \u00een gar\u0103. Personalul din Gara de Nord da asigur\u0103ri c\u0103 un astfel de tren nu va ajunge p\u00e2n\u0103 pe 15 decembrie.\u00a0<\/p>\n\n\n\n<p><em>\u201eCine v-a spus c\u0103 pleac\u0103 poim\u00e2ine la Bra\u0219ov un astfel de tren?\u201d<\/em>, a fost \u00eentrebarea personalului de la ghi\u0219eul de informa\u021bii, conform site-ului clubferoviar.ro.&nbsp;<\/p>\n\n\n\n<p>Angaja\u021bii precizeaz\u0103 c\u0103 nu ar fi posibil\u0103 venirea noului tren, \u00een special pentru c\u0103 acesta nu se afl\u0103 \u00een Mersul Trenurilor, list\u0103 care va fi modificat\u0103 abia \u00een decembrie.&nbsp;<\/p>\n\n\n\n<p>\u00cen plus, oficiali ai companiei au transmis c\u0103 documentele necesare plec\u0103rii trenului nu au fost primite la nivelul companiei.&nbsp;<\/p>\n\n\n\n<p>Totu\u0219i, pre\u0219edintele Autorit\u0103\u021bii pentru Reform\u0103 Feroviar\u0103 (ARF), \u0218tefan Ro\u0219eanu, anun\u021b\u0103 c\u0103 ultima h\u00e2rtie pentru ca operatorul feroviar s\u0103 aib\u0103 certificatul de siguran\u021b\u0103 poate fi gata \u00een diminea\u021ba zilei de mar\u021bi \u0219i c\u0103 biletele ar putea fi cump\u0103rate \u00een aceea\u0219i zi.&nbsp;<\/p>\n\n\n\n<p>Trenul Alstom este a\u0219teptat s\u0103 porneasc\u0103 miercuri, 20 octombrie, \u00een jurul orei 9:30, din Gara de Nord, cu \u00eentoarcerea la 15:30.&nbsp;<\/p>\n\n\n\n<p><strong>Cite\u0219te mai multe pe <\/strong><a href=\"https:\/\/clubferoviar.ro\/ce-se-stie-la-gara-de-nord-despre-trenul-alstom-al-lui-ciolacu-de-miercuri\/\"><strong>clubferoviar.ro<\/strong><\/a><strong>.<\/strong><\/p>\n\n\n\n<h2 class=\"wp-block-heading\" id=\"h-primul-tren-alstom-din-cele-37-contractate\"><strong>Primul tren Alstom, din cele 37 contractate<\/strong><\/h2>\n\n\n\n<p>Trenul care ar trebui s\u0103 preia, miercuri, primii c\u0103l\u0103tori pe ruta Bucure\u015fti \u2013 Bra\u015fov, din r\u00e2ndul celor 37 contractate de statul rom\u00e2n de la Alstom,<a href=\"https:\/\/buletin.de\/bucuresti\/video-alstom-coradia-viitorul-tren-al-zapezii-noua-garnitura-probe-la-cald-pe-ruta-bucuresti-brasov\/\"> a intrat s\u0103pt\u0103m\u00e2na trecut\u0103 \u00een probele de anduran\u0163\u0103<\/a>.&nbsp;<\/p>\n\n\n\n<p>Secretarul de stat \u00een Ministerul Transporturilor Ionu\u0163-Cristian S\u0103voiu a transmis pe pagina sa de Facebook c\u0103 testele de anduran\u0163\u0103 pentru trenul electric au \u00eenceput s\u00e2mb\u0103t\u0103, 9 noiembrie. \u201e<em>Trenul a parcurs cu succes \u0219i \u00een grafic traseul dintre Bucure\u0219ti \u0219i Bra\u0219ov, marc\u00e2nd un moment istoric pentru modernizarea transportului feroviar de c\u0103l\u0103tori din Rom\u00e2nia<\/em>\u201d, a scris oficialul citat.<\/p>\n\n\n\n<p><em>\u201e\u00cen cadrul probelor, trenul va acoperi aproximativ 700 de kilometri pe zi, timp de 10 zile consecutive, complet\u00e2nd astfel cei 10.000 de kilometri de probe de anduran\u021b\u0103, conform contractului de livrare<\/em>\u201d, a mai ad\u0103ugat S\u0103voiu.<\/p>\n\n\n\n<p>\u00cen prima parte a anului 2025, pe m\u0103sur\u0103 ce alte 11 garnituri vor intra \u00een \u0163ar\u0103, trenurile electrice RE-IR1 Alstom Coradia vor circula pe urm\u0103toarele rute:<\/p>\n\n\n\n<ul class=\"wp-block-list\">\n<li>Bucure\u015fti \u2013 Constan\u0163a;<\/li>\n\n\n\n<li>Bucure\u015fti \u2013 Craiova;&nbsp;&nbsp;<\/li>\n\n\n\n<li>Bucure\u015fti \u2013 Ploie\u015fti \u2013 Bra\u015fov \u2013 Sighi\u015foara \u2013 Alba Iulia \u2013 Deva \u2013 Arad \u2013 Timi\u015foara;&nbsp;<\/li>\n\n\n\n<li>Bucure\u015fti \u2013 Craiova \u2013 Drobeta Turnu Severin \u2013 Timi\u015foara \u2013 Arad;&nbsp;&nbsp;<\/li>\n\n\n\n<li>Bucure\u015fti \u2013 Craiova \u2013 T\u00e2rgu Jiu \u2013 Deva.<\/li>\n<\/ul>\n\n\n\n<p>Potrivit ARF, ultimele 25 de trenuri electrice RE-IR1 Alstom Coradia vor intra \u00een circula\u0163ie \u00een 2025, \u00een cadrul contractelor de servicii publice, aflate \u00een prezent \u00een procedura de licitare. Acestea vor circula pe restul de magistrale feroviare electrificate:<\/p>\n\n\n\n<ul class=\"wp-block-list\">\n<li>Bucure\u015fti \u2013 Ploie\u015fti \u2013 Buz\u0103u \u2013 Foc\u015fani \u2013 Bac\u0103u \u2013 Ia\u015fi;&nbsp;<\/li>\n\n\n\n<li>Bucure\u015fti \u2013 Ploie\u015fti \u2013 Buz\u0103u \u2013 Foc\u015fani \u2013 Bac\u0103u \u2013 Suceava;&nbsp;<\/li>\n\n\n\n<li>Bucure\u015fti \u2013 Ploie\u015fti \u2013 Buz\u0103u \u2013 Br\u0103ila \u2013 Gala\u0163i;&nbsp;&nbsp;<\/li>\n\n\n\n<li>Ia\u015fi \u2013 Suceava \u2013 Dej \u2013 Cluj Napoca;&nbsp;<\/li>\n\n\n\n<li>Bucure\u015fti \u2013 Ploie\u015fti \u2013 Bra\u015fov \u2013 Sighi\u015foara \u2013 Cluj Napoca;&nbsp;<\/li>\n\n\n\n<li>Bra\u015fov \u2013 Sf\u00e2ntu Gheorghe \u2013 Miercurea Ciuc \u2013 Bistri\u0163a \u2013 Cluj Napoca;&nbsp;<\/li>\n\n\n\n<li>Bucure\u015fti \u2013 Ploie\u015fti \u2013 Bra\u015fov;&nbsp;<\/li>\n\n\n\n<li>Cluj Napoca \u2013 Alba Iulia \u2013 Deva \u2013 Arad \u2013 Timi\u015foara.<\/li>\n<\/ul>\n\n\n\n<p><strong>CITE\u0218TE \u0218I: <\/strong><a href=\"https:\/\/buletin.de\/bucuresti\/video-alstom-coradia-viitorul-tren-al-zapezii-noua-garnitura-probe-la-cald-pe-ruta-bucuresti-brasov\/\"><strong>VIDEO | Alstom Coradia, viitorul \u201etren al z\u0103pezii\u201d. Noua garnitur\u0103, probe la cald pe ruta Bucure\u015fti-Bra\u015fov<\/strong><\/a><\/p>\n","protected":false},"excerpt":{"rendered":"<p>Cu mai pu\u021bin de dou\u0103 zile \u00eenainte de plecarea trenului Alstom spre Bra\u0219ov, CFR C\u0103l\u0103tori nu poate confirma circula\u021bia acestuia din cauza lipsei documentelor necesare, iar personalul G\u0103rii de Nord a a afirmat c\u0103 trenul nu poate fi introdus \u00eenainte de 15 decembrie, odat\u0103 cu schimbarea Mersului Trenurilor, scrie clubferoviar.ro. La mai pu\u021bin de dou\u0103 [&hellip;]<\/p>\n","protected":false},"author":1,"featured_media":106949,"comment_status":"closed","ping_status":"open","sticky":false,"template":"","format":"standard","meta":{"_acf_changed":false,"inline_featured_image":false,"ngg_post_thumbnail":0,"footnotes":""},"categories":[6994,5762,650],"tags":[599,1941,16941],"ppma_author":[22583],"class_list":["post-106947","post","type-post","status-publish","format-standard","has-post-thumbnail","hentry","category-stiri-2","category-main","category-transport","tag-cfr","tag-gara-de-nord","tag-tren-alstom-coradia"],"acf":[],"yoast_head":"<!-- This site is optimized with the Yoast SEO Premium plugin v25.3 (Yoast SEO v27.4) - https:\/\/yoast.com\/product\/yoast-seo-premium-wordpress\/ -->\n<title>Alstom Coradia, pe ruta Bucure\u0219ti-Bra\u0219ov, de miercuri, nu se afl\u0103 \u00een Mersul Trenurilor - Buletin de Bucure\u0219ti<\/title>\n<meta name=\"description\" content=\"Primul tren Alstom Coradia, pe ruta Bucure\u0219ti-Bra\u0219ov, de miercuri, NEa\u0219teptat de angaja\u021bii \u0219i oficialii CFR.\" \/>\n<meta name=\"robots\" content=\"index, follow, max-snippet:-1, max-image-preview:large, max-video-preview:-1\" \/>\n<link rel=\"canonical\" href=\"https:\/\/buletin.de\/bucuresti\/alstom-coradia-pe-ruta-bucuresti-brasov-de-miercuri-nu-se-afla-in-mersul-trenurilor\/\" \/>\n<meta property=\"og:locale\" content=\"en_GB\" \/>\n<meta property=\"og:type\" content=\"article\" \/>\n<meta property=\"og:title\" content=\"Alstom Coradia, pe ruta Bucure\u0219ti-Bra\u0219ov, de miercuri, nu se afl\u0103 \u00een Mersul Trenurilor\" \/>\n<meta property=\"og:description\" content=\"Primul tren Alstom Coradia, pe ruta Bucure\u0219ti-Bra\u0219ov, de miercuri, NEa\u0219teptat de angaja\u021bii \u0219i oficialii CFR.\" \/>\n<meta property=\"og:url\" content=\"https:\/\/buletin.de\/bucuresti\/alstom-coradia-pe-ruta-bucuresti-brasov-de-miercuri-nu-se-afla-in-mersul-trenurilor\/\" \/>\n<meta property=\"og:site_name\" content=\"Buletin de Bucure\u0219ti\" \/>\n<meta property=\"article:publisher\" content=\"https:\/\/www.facebook.com\/buletin.de.buc\" \/>\n<meta property=\"article:published_time\" content=\"2024-11-19T05:07:19+00:00\" \/>\n<meta property=\"og:image\" content=\"https:\/\/buletin.de\/bucuresti\/wp-content\/uploads\/alstom-coradia-fb-ionut-savoiu-1600x1200-1.jpg\" \/>\n\t<meta property=\"og:image:width\" content=\"1600\" \/>\n\t<meta property=\"og:image:height\" content=\"1200\" \/>\n\t<meta property=\"og:image:type\" content=\"image\/jpeg\" \/>\n<meta name=\"author\" content=\"Redac\u021bia Buletin de Bucure\u0219ti\" \/>\n<meta name=\"twitter:card\" content=\"summary_large_image\" \/>\n<meta name=\"twitter:label1\" content=\"Written by\" \/>\n\t<meta name=\"twitter:data1\" content=\"Redac\u021bia Buletin de Bucure\u0219ti\" \/>\n\t<meta name=\"twitter:label2\" content=\"Estimated reading time\" \/>\n\t<meta name=\"twitter:data2\" content=\"3 minutes\" \/>\n<script type=\"application\/ld+json\" class=\"yoast-schema-graph\">{\"@context\":\"https:\\\/\\\/schema.org\",\"@graph\":[{\"@type\":\"Article\",\"@id\":\"https:\\\/\\\/buletin.de\\\/bucuresti\\\/alstom-coradia-pe-ruta-bucuresti-brasov-de-miercuri-nu-se-afla-in-mersul-trenurilor\\\/#article\",\"isPartOf\":{\"@id\":\"https:\\\/\\\/buletin.de\\\/bucuresti\\\/alstom-coradia-pe-ruta-bucuresti-brasov-de-miercuri-nu-se-afla-in-mersul-trenurilor\\\/\"},\"author\":{\"name\":\"Redac\u021bia Buletin de Bucure\u0219ti\",\"@id\":\"https:\\\/\\\/buletin.de\\\/bucuresti\\\/#\\\/schema\\\/person\\\/2bbcf854e5f2419a13804af574d06ab1\"},\"headline\":\"Alstom Coradia, pe ruta Bucure\u0219ti-Bra\u0219ov, de miercuri, nu se afl\u0103 \u00een Mersul Trenurilor\",\"datePublished\":\"2024-11-19T05:07:19+00:00\",\"mainEntityOfPage\":{\"@id\":\"https:\\\/\\\/buletin.de\\\/bucuresti\\\/alstom-coradia-pe-ruta-bucuresti-brasov-de-miercuri-nu-se-afla-in-mersul-trenurilor\\\/\"},\"wordCount\":635,\"publisher\":{\"@id\":\"https:\\\/\\\/buletin.de\\\/bucuresti\\\/#organization\"},\"image\":{\"@id\":\"https:\\\/\\\/buletin.de\\\/bucuresti\\\/alstom-coradia-pe-ruta-bucuresti-brasov-de-miercuri-nu-se-afla-in-mersul-trenurilor\\\/#primaryimage\"},\"thumbnailUrl\":\"https:\\\/\\\/buletin.de\\\/bucuresti\\\/wp-content\\\/uploads\\\/alstom-coradia-fb-ionut-savoiu-1600x1200-1.jpg\",\"keywords\":[\"cfr\",\"gara de nord\",\"tren Alstom Coradia\"],\"articleSection\":[\"Articole\",\"Main\",\"Transport\"],\"inLanguage\":\"en-GB\",\"copyrightYear\":\"2024\",\"copyrightHolder\":{\"@id\":\"https:\\\/\\\/buletin.de\\\/bucuresti\\\/#organization\"}},{\"@type\":\"WebPage\",\"@id\":\"https:\\\/\\\/buletin.de\\\/bucuresti\\\/alstom-coradia-pe-ruta-bucuresti-brasov-de-miercuri-nu-se-afla-in-mersul-trenurilor\\\/\",\"url\":\"https:\\\/\\\/buletin.de\\\/bucuresti\\\/alstom-coradia-pe-ruta-bucuresti-brasov-de-miercuri-nu-se-afla-in-mersul-trenurilor\\\/\",\"name\":\"Alstom Coradia, pe ruta Bucure\u0219ti-Bra\u0219ov, de miercuri, nu se afl\u0103 \u00een Mersul Trenurilor - Buletin de Bucure\u0219ti\",\"isPartOf\":{\"@id\":\"https:\\\/\\\/buletin.de\\\/bucuresti\\\/#website\"},\"primaryImageOfPage\":{\"@id\":\"https:\\\/\\\/buletin.de\\\/bucuresti\\\/alstom-coradia-pe-ruta-bucuresti-brasov-de-miercuri-nu-se-afla-in-mersul-trenurilor\\\/#primaryimage\"},\"image\":{\"@id\":\"https:\\\/\\\/buletin.de\\\/bucuresti\\\/alstom-coradia-pe-ruta-bucuresti-brasov-de-miercuri-nu-se-afla-in-mersul-trenurilor\\\/#primaryimage\"},\"thumbnailUrl\":\"https:\\\/\\\/buletin.de\\\/bucuresti\\\/wp-content\\\/uploads\\\/alstom-coradia-fb-ionut-savoiu-1600x1200-1.jpg\",\"datePublished\":\"2024-11-19T05:07:19+00:00\",\"description\":\"Primul tren Alstom Coradia, pe ruta Bucure\u0219ti-Bra\u0219ov, de miercuri, NEa\u0219teptat de angaja\u021bii \u0219i oficialii CFR.\",\"breadcrumb\":{\"@id\":\"https:\\\/\\\/buletin.de\\\/bucuresti\\\/alstom-coradia-pe-ruta-bucuresti-brasov-de-miercuri-nu-se-afla-in-mersul-trenurilor\\\/#breadcrumb\"},\"inLanguage\":\"en-GB\",\"potentialAction\":[{\"@type\":\"ReadAction\",\"target\":[\"https:\\\/\\\/buletin.de\\\/bucuresti\\\/alstom-coradia-pe-ruta-bucuresti-brasov-de-miercuri-nu-se-afla-in-mersul-trenurilor\\\/\"]}]},{\"@type\":\"ImageObject\",\"inLanguage\":\"en-GB\",\"@id\":\"https:\\\/\\\/buletin.de\\\/bucuresti\\\/alstom-coradia-pe-ruta-bucuresti-brasov-de-miercuri-nu-se-afla-in-mersul-trenurilor\\\/#primaryimage\",\"url\":\"https:\\\/\\\/buletin.de\\\/bucuresti\\\/wp-content\\\/uploads\\\/alstom-coradia-fb-ionut-savoiu-1600x1200-1.jpg\",\"contentUrl\":\"https:\\\/\\\/buletin.de\\\/bucuresti\\\/wp-content\\\/uploads\\\/alstom-coradia-fb-ionut-savoiu-1600x1200-1.jpg\",\"width\":1600,\"height\":1200,\"caption\":\"Primul tren Alstom Coradia, pe ruta Bucure\u0219ti-Bra\u0219ov. FOTO: FB \\\/ Ionu\u0163-Cristian S\u0103voiu\"},{\"@type\":\"BreadcrumbList\",\"@id\":\"https:\\\/\\\/buletin.de\\\/bucuresti\\\/alstom-coradia-pe-ruta-bucuresti-brasov-de-miercuri-nu-se-afla-in-mersul-trenurilor\\\/#breadcrumb\",\"itemListElement\":[{\"@type\":\"ListItem\",\"position\":1,\"name\":\"Acas\u0103\",\"item\":\"https:\\\/\\\/buletin.de\\\/bucuresti\\\/\"},{\"@type\":\"ListItem\",\"position\":2,\"name\":\"Alstom Coradia, pe ruta Bucure\u0219ti-Bra\u0219ov, de miercuri, nu se afl\u0103 \u00een Mersul Trenurilor\"}]},{\"@type\":\"WebSite\",\"@id\":\"https:\\\/\\\/buletin.de\\\/bucuresti\\\/#website\",\"url\":\"https:\\\/\\\/buletin.de\\\/bucuresti\\\/\",\"name\":\"Buletin de Bucure\u0219ti\",\"description\":\"\u0218tiri \u0219i investiga\u021bii esen\u021biale din capital\u0103\",\"publisher\":{\"@id\":\"https:\\\/\\\/buletin.de\\\/bucuresti\\\/#organization\"},\"potentialAction\":[{\"@type\":\"SearchAction\",\"target\":{\"@type\":\"EntryPoint\",\"urlTemplate\":\"https:\\\/\\\/buletin.de\\\/bucuresti\\\/?s={search_term_string}\"},\"query-input\":{\"@type\":\"PropertyValueSpecification\",\"valueRequired\":true,\"valueName\":\"search_term_string\"}}],\"inLanguage\":\"en-GB\"},{\"@type\":\"Organization\",\"@id\":\"https:\\\/\\\/buletin.de\\\/bucuresti\\\/#organization\",\"name\":\"Buletin de Bucure\u0219ti\",\"url\":\"https:\\\/\\\/buletin.de\\\/bucuresti\\\/\",\"logo\":{\"@type\":\"ImageObject\",\"inLanguage\":\"en-GB\",\"@id\":\"https:\\\/\\\/buletin.de\\\/bucuresti\\\/#\\\/schema\\\/logo\\\/image\\\/\",\"url\":\"https:\\\/\\\/buletin.de\\\/bucuresti\\\/wp-content\\\/uploads\\\/logo-bdb-full-wide-vernil-transparent.png\",\"contentUrl\":\"https:\\\/\\\/buletin.de\\\/bucuresti\\\/wp-content\\\/uploads\\\/logo-bdb-full-wide-vernil-transparent.png\",\"width\":1782,\"height\":626,\"caption\":\"Buletin de Bucure\u0219ti\"},\"image\":{\"@id\":\"https:\\\/\\\/buletin.de\\\/bucuresti\\\/#\\\/schema\\\/logo\\\/image\\\/\"},\"sameAs\":[\"https:\\\/\\\/www.facebook.com\\\/buletin.de.buc\",\"https:\\\/\\\/www.instagram.com\\\/buletinde.bucuresti\\\/\"]},{\"@type\":\"Person\",\"@id\":\"https:\\\/\\\/buletin.de\\\/bucuresti\\\/#\\\/schema\\\/person\\\/2bbcf854e5f2419a13804af574d06ab1\",\"name\":\"Redac\u021bia Buletin de Bucure\u0219ti\",\"image\":{\"@type\":\"ImageObject\",\"inLanguage\":\"en-GB\",\"@id\":\"https:\\\/\\\/secure.gravatar.com\\\/avatar\\\/18c5342381ed1a08620e6280424e3e5efc958618f5d67c522c9e44c1bc6f9226?s=96&d=monsterid&r=g60c7cd0ad92c68c049fcd4bb3504d609\",\"url\":\"https:\\\/\\\/secure.gravatar.com\\\/avatar\\\/18c5342381ed1a08620e6280424e3e5efc958618f5d67c522c9e44c1bc6f9226?s=96&d=monsterid&r=g\",\"contentUrl\":\"https:\\\/\\\/secure.gravatar.com\\\/avatar\\\/18c5342381ed1a08620e6280424e3e5efc958618f5d67c522c9e44c1bc6f9226?s=96&d=monsterid&r=g\",\"caption\":\"Redac\u021bia Buletin de Bucure\u0219ti\"},\"description\":\"Buletin de Bucure\u0219ti exist\u0103 din vara anului 2019.\",\"url\":\"https:\\\/\\\/buletin.de\\\/bucuresti\\\/author\\\/adminbuletin\\\/\"}]}<\/script>\n<!-- \/ Yoast SEO Premium plugin. -->","yoast_head_json":{"title":"Alstom Coradia, pe ruta Bucure\u0219ti-Bra\u0219ov, de miercuri, nu se afl\u0103 \u00een Mersul Trenurilor - Buletin de Bucure\u0219ti","description":"Primul tren Alstom Coradia, pe ruta Bucure\u0219ti-Bra\u0219ov, de miercuri, NEa\u0219teptat de angaja\u021bii \u0219i oficialii CFR.","robots":{"index":"index","follow":"follow","max-snippet":"max-snippet:-1","max-image-preview":"max-image-preview:large","max-video-preview":"max-video-preview:-1"},"canonical":"https:\/\/buletin.de\/bucuresti\/alstom-coradia-pe-ruta-bucuresti-brasov-de-miercuri-nu-se-afla-in-mersul-trenurilor\/","og_locale":"en_GB","og_type":"article","og_title":"Alstom Coradia, pe ruta Bucure\u0219ti-Bra\u0219ov, de miercuri, nu se afl\u0103 \u00een Mersul Trenurilor","og_description":"Primul tren Alstom Coradia, pe ruta Bucure\u0219ti-Bra\u0219ov, de miercuri, NEa\u0219teptat de angaja\u021bii \u0219i oficialii CFR.","og_url":"https:\/\/buletin.de\/bucuresti\/alstom-coradia-pe-ruta-bucuresti-brasov-de-miercuri-nu-se-afla-in-mersul-trenurilor\/","og_site_name":"Buletin de Bucure\u0219ti","article_publisher":"https:\/\/www.facebook.com\/buletin.de.buc","article_published_time":"2024-11-19T05:07:19+00:00","og_image":[{"width":1600,"height":1200,"url":"https:\/\/buletin.de\/bucuresti\/wp-content\/uploads\/alstom-coradia-fb-ionut-savoiu-1600x1200-1.jpg","type":"image\/jpeg"}],"author":"Redac\u021bia Buletin de Bucure\u0219ti","twitter_card":"summary_large_image","twitter_misc":{"Written by":"Redac\u021bia Buletin de Bucure\u0219ti","Estimated reading time":"3 minutes"},"schema":{"@context":"https:\/\/schema.org","@graph":[{"@type":"Article","@id":"https:\/\/buletin.de\/bucuresti\/alstom-coradia-pe-ruta-bucuresti-brasov-de-miercuri-nu-se-afla-in-mersul-trenurilor\/#article","isPartOf":{"@id":"https:\/\/buletin.de\/bucuresti\/alstom-coradia-pe-ruta-bucuresti-brasov-de-miercuri-nu-se-afla-in-mersul-trenurilor\/"},"author":{"name":"Redac\u021bia Buletin de Bucure\u0219ti","@id":"https:\/\/buletin.de\/bucuresti\/#\/schema\/person\/2bbcf854e5f2419a13804af574d06ab1"},"headline":"Alstom Coradia, pe ruta Bucure\u0219ti-Bra\u0219ov, de miercuri, nu se afl\u0103 \u00een Mersul Trenurilor","datePublished":"2024-11-19T05:07:19+00:00","mainEntityOfPage":{"@id":"https:\/\/buletin.de\/bucuresti\/alstom-coradia-pe-ruta-bucuresti-brasov-de-miercuri-nu-se-afla-in-mersul-trenurilor\/"},"wordCount":635,"publisher":{"@id":"https:\/\/buletin.de\/bucuresti\/#organization"},"image":{"@id":"https:\/\/buletin.de\/bucuresti\/alstom-coradia-pe-ruta-bucuresti-brasov-de-miercuri-nu-se-afla-in-mersul-trenurilor\/#primaryimage"},"thumbnailUrl":"https:\/\/buletin.de\/bucuresti\/wp-content\/uploads\/alstom-coradia-fb-ionut-savoiu-1600x1200-1.jpg","keywords":["cfr","gara de nord","tren Alstom Coradia"],"articleSection":["Articole","Main","Transport"],"inLanguage":"en-GB","copyrightYear":"2024","copyrightHolder":{"@id":"https:\/\/buletin.de\/bucuresti\/#organization"}},{"@type":"WebPage","@id":"https:\/\/buletin.de\/bucuresti\/alstom-coradia-pe-ruta-bucuresti-brasov-de-miercuri-nu-se-afla-in-mersul-trenurilor\/","url":"https:\/\/buletin.de\/bucuresti\/alstom-coradia-pe-ruta-bucuresti-brasov-de-miercuri-nu-se-afla-in-mersul-trenurilor\/","name":"Alstom Coradia, pe ruta Bucure\u0219ti-Bra\u0219ov, de miercuri, nu se afl\u0103 \u00een Mersul Trenurilor - Buletin de Bucure\u0219ti","isPartOf":{"@id":"https:\/\/buletin.de\/bucuresti\/#website"},"primaryImageOfPage":{"@id":"https:\/\/buletin.de\/bucuresti\/alstom-coradia-pe-ruta-bucuresti-brasov-de-miercuri-nu-se-afla-in-mersul-trenurilor\/#primaryimage"},"image":{"@id":"https:\/\/buletin.de\/bucuresti\/alstom-coradia-pe-ruta-bucuresti-brasov-de-miercuri-nu-se-afla-in-mersul-trenurilor\/#primaryimage"},"thumbnailUrl":"https:\/\/buletin.de\/bucuresti\/wp-content\/uploads\/alstom-coradia-fb-ionut-savoiu-1600x1200-1.jpg","datePublished":"2024-11-19T05:07:19+00:00","description":"Primul tren Alstom Coradia, pe ruta Bucure\u0219ti-Bra\u0219ov, de miercuri, NEa\u0219teptat de angaja\u021bii \u0219i oficialii CFR.","breadcrumb":{"@id":"https:\/\/buletin.de\/bucuresti\/alstom-coradia-pe-ruta-bucuresti-brasov-de-miercuri-nu-se-afla-in-mersul-trenurilor\/#breadcrumb"},"inLanguage":"en-GB","potentialAction":[{"@type":"ReadAction","target":["https:\/\/buletin.de\/bucuresti\/alstom-coradia-pe-ruta-bucuresti-brasov-de-miercuri-nu-se-afla-in-mersul-trenurilor\/"]}]},{"@type":"ImageObject","inLanguage":"en-GB","@id":"https:\/\/buletin.de\/bucuresti\/alstom-coradia-pe-ruta-bucuresti-brasov-de-miercuri-nu-se-afla-in-mersul-trenurilor\/#primaryimage","url":"https:\/\/buletin.de\/bucuresti\/wp-content\/uploads\/alstom-coradia-fb-ionut-savoiu-1600x1200-1.jpg","contentUrl":"https:\/\/buletin.de\/bucuresti\/wp-content\/uploads\/alstom-coradia-fb-ionut-savoiu-1600x1200-1.jpg","width":1600,"height":1200,"caption":"Primul tren Alstom Coradia, pe ruta Bucure\u0219ti-Bra\u0219ov. FOTO: FB \/ Ionu\u0163-Cristian S\u0103voiu"},{"@type":"BreadcrumbList","@id":"https:\/\/buletin.de\/bucuresti\/alstom-coradia-pe-ruta-bucuresti-brasov-de-miercuri-nu-se-afla-in-mersul-trenurilor\/#breadcrumb","itemListElement":[{"@type":"ListItem","position":1,"name":"Acas\u0103","item":"https:\/\/buletin.de\/bucuresti\/"},{"@type":"ListItem","position":2,"name":"Alstom Coradia, pe ruta Bucure\u0219ti-Bra\u0219ov, de miercuri, nu se afl\u0103 \u00een Mersul Trenurilor"}]},{"@type":"WebSite","@id":"https:\/\/buletin.de\/bucuresti\/#website","url":"https:\/\/buletin.de\/bucuresti\/","name":"Buletin de Bucure\u0219ti","description":"\u0218tiri \u0219i investiga\u021bii esen\u021biale din capital\u0103","publisher":{"@id":"https:\/\/buletin.de\/bucuresti\/#organization"},"potentialAction":[{"@type":"SearchAction","target":{"@type":"EntryPoint","urlTemplate":"https:\/\/buletin.de\/bucuresti\/?s={search_term_string}"},"query-input":{"@type":"PropertyValueSpecification","valueRequired":true,"valueName":"search_term_string"}}],"inLanguage":"en-GB"},{"@type":"Organization","@id":"https:\/\/buletin.de\/bucuresti\/#organization","name":"Buletin de Bucure\u0219ti","url":"https:\/\/buletin.de\/bucuresti\/","logo":{"@type":"ImageObject","inLanguage":"en-GB","@id":"https:\/\/buletin.de\/bucuresti\/#\/schema\/logo\/image\/","url":"https:\/\/buletin.de\/bucuresti\/wp-content\/uploads\/logo-bdb-full-wide-vernil-transparent.png","contentUrl":"https:\/\/buletin.de\/bucuresti\/wp-content\/uploads\/logo-bdb-full-wide-vernil-transparent.png","width":1782,"height":626,"caption":"Buletin de Bucure\u0219ti"},"image":{"@id":"https:\/\/buletin.de\/bucuresti\/#\/schema\/logo\/image\/"},"sameAs":["https:\/\/www.facebook.com\/buletin.de.buc","https:\/\/www.instagram.com\/buletinde.bucuresti\/"]},{"@type":"Person","@id":"https:\/\/buletin.de\/bucuresti\/#\/schema\/person\/2bbcf854e5f2419a13804af574d06ab1","name":"Redac\u021bia Buletin de Bucure\u0219ti","image":{"@type":"ImageObject","inLanguage":"en-GB","@id":"https:\/\/secure.gravatar.com\/avatar\/18c5342381ed1a08620e6280424e3e5efc958618f5d67c522c9e44c1bc6f9226?s=96&d=monsterid&r=g60c7cd0ad92c68c049fcd4bb3504d609","url":"https:\/\/secure.gravatar.com\/avatar\/18c5342381ed1a08620e6280424e3e5efc958618f5d67c522c9e44c1bc6f9226?s=96&d=monsterid&r=g","contentUrl":"https:\/\/secure.gravatar.com\/avatar\/18c5342381ed1a08620e6280424e3e5efc958618f5d67c522c9e44c1bc6f9226?s=96&d=monsterid&r=g","caption":"Redac\u021bia Buletin de Bucure\u0219ti"},"description":"Buletin de Bucure\u0219ti exist\u0103 din vara anului 2019.","url":"https:\/\/buletin.de\/bucuresti\/author\/adminbuletin\/"}]}},"authors":[{"term_id":22583,"user_id":1,"is_guest":0,"slug":"adminbuletin","display_name":"Redac\u021bia Buletin de Bucure\u0219ti","avatar_url":"https:\/\/secure.gravatar.com\/avatar\/18c5342381ed1a08620e6280424e3e5efc958618f5d67c522c9e44c1bc6f9226?s=96&d=monsterid&r=g","0":null,"1":"","2":"","3":"","4":"","5":"","6":"","7":"","8":""}],"_links":{"self":[{"href":"https:\/\/buletin.de\/bucuresti\/wp-json\/wp\/v2\/posts\/106947","targetHints":{"allow":["GET"]}}],"collection":[{"href":"https:\/\/buletin.de\/bucuresti\/wp-json\/wp\/v2\/posts"}],"about":[{"href":"https:\/\/buletin.de\/bucuresti\/wp-json\/wp\/v2\/types\/post"}],"author":[{"embeddable":true,"href":"https:\/\/buletin.de\/bucuresti\/wp-json\/wp\/v2\/users\/1"}],"replies":[{"embeddable":true,"href":"https:\/\/buletin.de\/bucuresti\/wp-json\/wp\/v2\/comments?post=106947"}],"version-history":[{"count":3,"href":"https:\/\/buletin.de\/bucuresti\/wp-json\/wp\/v2\/posts\/106947\/revisions"}],"predecessor-version":[{"id":106959,"href":"https:\/\/buletin.de\/bucuresti\/wp-json\/wp\/v2\/posts\/106947\/revisions\/106959"}],"wp:featuredmedia":[{"embeddable":true,"href":"https:\/\/buletin.de\/bucuresti\/wp-json\/wp\/v2\/media\/106949"}],"wp:attachment":[{"href":"https:\/\/buletin.de\/bucuresti\/wp-json\/wp\/v2\/media?parent=106947"}],"wp:term":[{"taxonomy":"category","embeddable":true,"href":"https:\/\/buletin.de\/bucuresti\/wp-json\/wp\/v2\/categories?post=106947"},{"taxonomy":"post_tag","embeddable":true,"href":"https:\/\/buletin.de\/bucuresti\/wp-json\/wp\/v2\/tags?post=106947"},{"taxonomy":"author","embeddable":true,"href":"https:\/\/buletin.de\/bucuresti\/wp-json\/wp\/v2\/ppma_author?post=106947"}],"curies":[{"name":"wp","href":"https:\/\/api.w.org\/{rel}","templated":true}]}}