{"id":106923,"date":"2024-11-19T11:00:00","date_gmt":"2024-11-19T08:00:00","guid":{"rendered":"https:\/\/buletin.de\/bucuresti\/?p=106923"},"modified":"2024-11-20T17:04:20","modified_gmt":"2024-11-20T14:04:20","slug":"parlamentare-bucuresti-aur-deschide-lista-la-deputati-cu-simion-becali-si-fiica-lui-vadim-la-senat-cap-de-lista-e-petrisor-peiu","status":"publish","type":"post","link":"https:\/\/buletin.de\/bucuresti\/parlamentare-bucuresti-aur-deschide-lista-la-deputati-cu-simion-becali-si-fiica-lui-vadim-la-senat-cap-de-lista-e-petrisor-peiu\/","title":{"rendered":"Parlamentare 2024 | AUR deschide lista la deputa\u0163i cu Simion, Becali \u015fi fiica lui Vadim. La Senat, cap de list\u0103 e Petri\u015for Peiu"},"content":{"rendered":"\n<p><strong>Pentru Bucure\u0219ti, 23 de partide \u0219i alian\u021be au depus listele candida\u021bilor propu\u0219i pentru alegerile parlamentare, \u00een circumscrip\u021bia Bucure\u0219ti. Pentru jude\u021bul Ilfov, 22 de forma\u021biuni politice \u0219i un independent au depus liste.&nbsp;<\/strong><\/p>\n\n\n\n<p><strong>Partidul Alian\u0163a pentru Unirea Rom\u00e2nilor (AUR) propune 53 de candida\u021bi pentru Bucure\u0219ti \u0219i al\u021bi 11 pentru jude\u021bul Ilfov.&nbsp;<\/strong><\/p>\n\n\n\n<p>Listele sunt deschise de George Simion, pentru Camera Deputa\u021bilor \u0219i Petri\u0219or Peiu, pentru Senat, \u00een circumscrip\u021bia Bucure\u0219ti. Pentru Ilfov, capetele listei sunt Gianina \u015eerban \u0219i Sergiu Mihalcea.<\/p>\n\n\n\n<p>Lista candida\u021bilor AUR din Bucure\u0219ti pentru Camera Deputa\u021bilor:&nbsp;<\/p>\n\n\n\n<ul class=\"wp-block-list\">\n<li>George-Nicolae Simion<\/li>\n\n\n\n<li>George Becali<\/li>\n\n\n\n<li>Mihai-Adrian Enache<\/li>\n\n\n\n<li>Lidia Vadim Tudor<\/li>\n\n\n\n<li>Vasile Dolocan<\/li>\n\n\n\n<li>Valentin-Vasile Ungureanu<\/li>\n\n\n\n<li>Nicu\u0219or-Cristian Manca\u0219<\/li>\n\n\n\n<li>Alin-George Gheorghiu<\/li>\n\n\n\n<li>Loredana-Florentina Diaconu<\/li>\n\n\n\n<li>Robert-Daniel Davidenco<\/li>\n\n\n\n<li>Adrian-Vlad Chiotan<\/li>\n\n\n\n<li>Laura-Ileana Olteanu<\/li>\n\n\n\n<li>Ion Coman<\/li>\n\n\n\n<li>Alexandra-Georgiana-Andreea-Bakaj<\/li>\n\n\n\n<li>Petru Winzer<\/li>\n\n\n\n<li>Andrei-George Creci<\/li>\n\n\n\n<li>George-Daniel Balo\u0219in<\/li>\n\n\n\n<li>Andrei Honciuc<\/li>\n\n\n\n<li>Sergiu-Mihai Pantelin<\/li>\n\n\n\n<li>Diana-Nicoleta Cazan<\/li>\n\n\n\n<li>Lauren\u021biu-R\u0103ducu Popescu<\/li>\n\n\n\n<li>Costin-George Dumitru<\/li>\n\n\n\n<li>Dumitru-Ionu\u021b B\u0103doiu<\/li>\n\n\n\n<li>Marius-Nicoale Sfia<\/li>\n\n\n\n<li>Valeriu-Alexandru Tarnave\u021bchi<\/li>\n\n\n\n<li>Cristina-Lorena Puic\u0103<\/li>\n\n\n\n<li>Liciu-Adrian Stoica<\/li>\n\n\n\n<li>Mihai-Daniel B\u00eersan<\/li>\n\n\n\n<li>Adrian Carp<\/li>\n\n\n\n<li>Marius-Sorin Corbeanu<\/li>\n\n\n\n<li>Dan Dumitriu<\/li>\n\n\n\n<li>Sorin Daniel Munteanu<\/li>\n\n\n\n<li>Andrei-Gabriel Dinc\u0103<\/li>\n\n\n\n<li>Alexandru-\u0218tefan Dan<\/li>\n\n\n\n<li>Simioana ANdreescu<\/li>\n\n\n\n<li>Cornel Caragea<\/li>\n\n\n\n<li>Cristian-Panait Dumitriu<\/li>\n<\/ul>\n\n\n\n<p>Lista AUR Bucure\u0219ti pentru Senat:<\/p>\n\n\n\n<ul class=\"wp-block-list\">\n<li>Petri\u0219or-Gabriel Peiu<\/li>\n\n\n\n<li>Niculina Stelea<\/li>\n\n\n\n<li>Octavian B\u0103descu<\/li>\n\n\n\n<li>Antonio Andru\u0219ceac<\/li>\n\n\n\n<li>C\u0103t\u0103lin-Corneliu Ghin\u0103raru<\/li>\n\n\n\n<li>Mihai Prisacariu<\/li>\n\n\n\n<li>Lucia-Adriana Miu<\/li>\n\n\n\n<li>Paul-C\u0103t\u0103lin Costea<\/li>\n\n\n\n<li>Cornel G\u0103v\u0103nescu<\/li>\n\n\n\n<li>Adrian Voitici<\/li>\n\n\n\n<li>Mirela-Maria Dinc\u0103<\/li>\n\n\n\n<li>Oana-Adina Neagu<\/li>\n\n\n\n<li>Mariana Niculae<\/li>\n\n\n\n<li>Petru Epure<\/li>\n\n\n\n<li>Petre-Paul Grosu<\/li>\n\n\n\n<li>Narcisa-Luiza V\u00eerlan<\/li>\n<\/ul>\n\n\n\n<h2 class=\"wp-block-heading\" id=\"h-george-simion-pozi\u021bia-i-pentru-camera-deputa\u021bilor-in-bucure\u0219ti\"><strong>George Simion, pozi\u021bia I pentru Camera Deputa\u021bilor, \u00een Bucure\u0219ti<\/strong><\/h2>\n\n\n\n<figure class=\"wp-block-image size-large\"><img fetchpriority=\"high\" decoding=\"async\" width=\"900\" height=\"600\" src=\"data:image\/gif;base64,R0lGODlhAQABAAAAACH5BAEKAAEALAAAAAABAAEAAAICTAEAOw==\" data-src=\"https:\/\/buletin.de\/bucuresti\/wp-content\/uploads\/George-Simion-900x600.jpg\" alt=\"\" class=\"wp-image-106924 lazyload\" data-sizes=\"auto\" data-srcset=\"https:\/\/buletin.de\/bucuresti\/wp-content\/uploads\/George-Simion-900x600.jpg 900w, https:\/\/buletin.de\/bucuresti\/wp-content\/uploads\/George-Simion-300x200.jpg 300w, https:\/\/buletin.de\/bucuresti\/wp-content\/uploads\/George-Simion-768x512.jpg 768w, https:\/\/buletin.de\/bucuresti\/wp-content\/uploads\/George-Simion-600x400.jpg 600w, https:\/\/buletin.de\/bucuresti\/wp-content\/uploads\/George-Simion-20x13.jpg 20w, https:\/\/buletin.de\/bucuresti\/wp-content\/uploads\/George-Simion.jpg 1024w\" sizes=\"(max-width: 900px) 100vw, 900px\" \/><figcaption class=\"wp-element-caption\">Foto: Facebook \/ George Simion<\/figcaption><\/figure>\n\n\n\n<p>S-a n\u0103scut pe 21 septembrie 1986, la Foc\u0219ani, este c\u0103s\u0103torit cu Ilinca Simion \u0219i au \u00eempreun\u0103 un copil. A fost copre\u0219edintele AUR, al\u0103turi de Claudiu T\u00e2rziu \u0219i a r\u0103mas singur la c\u00e2rma partidului \u00een martie 2022, \u00een urma congresului AUR.\u00a0<\/p>\n\n\n\n<p>Educa\u021bia lui George Simion,  conform <a href=\"https:\/\/www.cdep.ro\/pls\/parlam\/structura2015.mp?idm=265&amp;leg=2020&amp;cam=2&amp;pag=0\">CV-ului publicat pe site-ul Camerei Deputa\u021bilor<\/a>:<\/p>\n\n\n\n<ul class=\"wp-block-list\">\n<li>A absolvit programul de masterat la Universitatea \u201eAlexandru Ioan Cuza\u201d din Ia\u015fi, pe tema de cercetare \u201eCrimele comunismului\u201d, \u00een anul 2010;<\/li>\n\n\n\n<li>Este licen\u021biat \u00een Administra\u021bie \u0219i Afaceri la Universitatea din Bucure\u0219ti (UB), din 2008;<\/li>\n\n\n\n<li>A absolvit Colegiul Na\u0163ional \u201eGheorghe Laz\u0103r\u201d din Bucure\u015fti, \u00een anul 2005.<\/li>\n<\/ul>\n\n\n\n<p>Activitatea profesional\u0103 a candidatului Simion:<\/p>\n\n\n\n<ul class=\"wp-block-list\">\n<li>Devine pre\u0219edintele AUR, \u00een martie 2022;<\/li>\n\n\n\n<li>Deputat, vicepre\u0219edinte al Comisiei pentru politic\u0103 economic\u0103, reform\u0103 \u015fi privatizare, membru al Comisiei comune pentru integrare european\u0103 \u00eentre Parlamentul Rom\u00e2niei \u015fi Parlamentul Republicii Moldova, membru al Delega\u0163iei Parlamentului Rom\u00e2niei la Adunarea Parlamentar\u0103 a OSCE, membru al Grupului PRO-America, pre\u015fedinte al Grupului parlamentar de prietenie cu Republica Polon\u0103, \u00eencep\u00e2nd cu mandatul din 2020;<\/li>\n\n\n\n<li>\u00cenfiin\u021beaz\u0103 partidul AUR, pe 1 decembrie 2019;<\/li>\n\n\n\n<li>Organizeaz\u0103 sute de ac\u021biuni unioniste care au vizat promovarea unirii dintre Rom\u00e2nia \u0219i Republica Moldova, prin mai multe campanii, evenimente \u0219i programe de informare, \u00een perioada 2015-2018;<\/li>\n\n\n\n<li>Director de marketing la Ideal Project Arhitecture &amp; Design, \u00eentre 2012 \u0219i 2020;<\/li>\n\n\n\n<li>\u00cen 2011, \u00eenfiin\u021beaz\u0103 Platforma Unionist\u0103 Ac\u0163iunea 2012, din peste 30 de organiza\u0163ii nonguvernamentale \u015fi grupuri de ini\u0163iativ\u0103, care militeaz\u0103 pentru Unirea Rom\u00e2niei cu Republica Moldova;<\/li>\n\n\n\n<li>A fost liderul grup\u0103rii \u201eNoii Golani\u201d, \u00een care a introdus mesajul \u201eBasarabia e Rom\u00e2nia\u201d, \u00een 2006;<\/li>\n\n\n\n<li>\u0218i-a \u00eenceput activitatea civic\u0103 \u00een 2004 \u0219i de atunci a militat pentru unirea Republicii Moldova cu Rom\u00e2nia.<\/li>\n<\/ul>\n\n\n\n<p>De altfel, a devenit persona non grata at\u00e2t \u00een Ucraina, c\u00e2t \u015fi \u00een Republica Moldova, din cauza activit\u0103\u0163ii unioniste care contravine statalit\u0103\u0163ii celor dou\u0103 \u0163\u0103ri vecine. Unul dintre cei mai <a href=\"https:\/\/adevarul.ro\/politica\/portret-de-candidat-controversele-din-jurul-lui-2400803.html\">controversa\u0163i <\/a>candida\u0163i de pe liste. Candideaz\u0103 at\u00e2t la parlamentare, c\u00e2t \u015fi la preziden\u0163iale.<\/p>\n\n\n\n<p>Bunurile pe care le de\u021bine George Simion, \u00een conformitate cu <a href=\"https:\/\/www.cdep.ro\/pls\/parlam\/structura2015.mp?idm=265&amp;leg=2020&amp;cam=2&amp;pag=5\">declara\u021bia de avere completat\u0103 \u00een 2024<\/a>:<\/p>\n\n\n\n<ul class=\"wp-block-list\">\n<li>Niciun teren, cas\u0103 sau conturi bancare;<\/li>\n\n\n\n<li>O ma\u0219in\u0103 marca Ford Fiesta, din 2006;<\/li>\n\n\n\n<li>Venituri anuale \u00een valoare de aproape 30.000 de euro:<\/li>\n<\/ul>\n\n\n\n<figure class=\"wp-block-image size-full\"><a href=\"https:\/\/buletin.de\/bucuresti\/wp-content\/uploads\/venituri-george-simion.png\"><img decoding=\"async\" width=\"806\" height=\"273\" src=\"data:image\/gif;base64,R0lGODlhAQABAAAAACH5BAEKAAEALAAAAAABAAEAAAICTAEAOw==\" data-src=\"https:\/\/buletin.de\/bucuresti\/wp-content\/uploads\/venituri-george-simion.png\" alt=\"\" class=\"wp-image-106925 lazyload\" data-sizes=\"auto\" data-srcset=\"https:\/\/buletin.de\/bucuresti\/wp-content\/uploads\/venituri-george-simion.png 806w, https:\/\/buletin.de\/bucuresti\/wp-content\/uploads\/venituri-george-simion-300x102.png 300w, https:\/\/buletin.de\/bucuresti\/wp-content\/uploads\/venituri-george-simion-768x260.png 768w, https:\/\/buletin.de\/bucuresti\/wp-content\/uploads\/venituri-george-simion-600x203.png 600w, https:\/\/buletin.de\/bucuresti\/wp-content\/uploads\/venituri-george-simion-20x7.png 20w\" sizes=\"(max-width: 806px) 100vw, 806px\" \/><\/a><\/figure>\n\n\n\n<p>Din<a href=\"https:\/\/www.cdep.ro\/pls\/parlam\/structura2015.mp?idm=265&amp;leg=2020&amp;cam=2&amp;pag=6\"> declara\u021bia de interese din anul curent<\/a> reiese doar calitatea de pre\u0219edinte al partidului AUR.<br><\/p>\n\n\n\n<h2 class=\"wp-block-heading\" id=\"h-george-becali-a-doua-pozi\u021bie-pentru-camera-deputa\u021bilor-in-bucure\u0219ti\"><strong>George Becali, a doua pozi\u021bie pentru Camera Deputa\u021bilor, \u00een Bucure\u0219ti<\/strong><\/h2>\n\n\n\n<figure class=\"wp-block-image size-large\"><a href=\"https:\/\/buletin.de\/bucuresti\/wp-content\/uploads\/George-Becali-Inquam-Photos-Eduard-Vinatoru.jpg\"><img decoding=\"async\" width=\"900\" height=\"600\" src=\"data:image\/gif;base64,R0lGODlhAQABAAAAACH5BAEKAAEALAAAAAABAAEAAAICTAEAOw==\" data-src=\"https:\/\/buletin.de\/bucuresti\/wp-content\/uploads\/George-Becali-Inquam-Photos-Eduard-Vinatoru-900x600.jpg\" alt=\"\" class=\"wp-image-106926 lazyload\" data-sizes=\"auto\" data-srcset=\"https:\/\/buletin.de\/bucuresti\/wp-content\/uploads\/George-Becali-Inquam-Photos-Eduard-Vinatoru-900x600.jpg 900w, https:\/\/buletin.de\/bucuresti\/wp-content\/uploads\/George-Becali-Inquam-Photos-Eduard-Vinatoru-300x200.jpg 300w, https:\/\/buletin.de\/bucuresti\/wp-content\/uploads\/George-Becali-Inquam-Photos-Eduard-Vinatoru-768x512.jpg 768w, https:\/\/buletin.de\/bucuresti\/wp-content\/uploads\/George-Becali-Inquam-Photos-Eduard-Vinatoru-1536x1024.jpg 1536w, https:\/\/buletin.de\/bucuresti\/wp-content\/uploads\/George-Becali-Inquam-Photos-Eduard-Vinatoru-1600x1066.jpg 1600w, https:\/\/buletin.de\/bucuresti\/wp-content\/uploads\/George-Becali-Inquam-Photos-Eduard-Vinatoru-1100x733.jpg 1100w, https:\/\/buletin.de\/bucuresti\/wp-content\/uploads\/George-Becali-Inquam-Photos-Eduard-Vinatoru-600x400.jpg 600w, https:\/\/buletin.de\/bucuresti\/wp-content\/uploads\/George-Becali-Inquam-Photos-Eduard-Vinatoru-20x13.jpg 20w, https:\/\/buletin.de\/bucuresti\/wp-content\/uploads\/George-Becali-Inquam-Photos-Eduard-Vinatoru.jpg 2000w\" sizes=\"(max-width: 900px) 100vw, 900px\" \/><\/a><figcaption class=\"wp-element-caption\">Foto: Inquam Photos \/ Eduard V\u00een\u0103toru<\/figcaption><\/figure>\n\n\n\n<p>S-a n\u0103scut pe 25 iunie 1958, \u00een Zagna, Br\u0103ila. Este c\u0103s\u0103torit \u0219i are trei copii. Becali de\u021bine \u0219i conduce clubul FCSB, iar averea \u00eei provine din investi\u021biile imobiliare masive. A fost condamnat la 3 ani \u0219i 6 luni de \u00eenchisoare \u00een cazurile schimbului de terenuri cu Ministerul Ap\u0103r\u0103rii, dosarul \u201eValiza\u201d \u0219i sechestrarea celor care i-au furat ma\u0219ina \u0219i a fost eliberat \u00een 2016.<\/p>\n\n\n\n<p>Educa\u021bia lui Gigi Becali:<\/p>\n\n\n\n<ul class=\"wp-block-list\">\n<li>A urmat cursurile Facult\u0103\u021bii de Drept ale UB, \u00eentre 2005 \u0219i 2007;<\/li>\n\n\n\n<li>A absolvit liceul \u201eIuliu Maniu&#8221;, din Bucure\u015fti, \u00een anul 1978.<\/li>\n<\/ul>\n\n\n\n<p>\u00cen plan politic \u0219i profesional, candidatul la Camera Deputa\u021bilor a avut urm\u0103toarele activit\u0103\u021bi:<\/p>\n\n\n\n<ul class=\"wp-block-list\">\n<li>Membru al Parlamentului Rom\u00e2niei, din decembrie 2012, p\u00e2n\u0103 la condamnarea din mai 2013;<\/li>\n\n\n\n<li>Membru al Parlamentului European, \u00eentre iunie 2009 \u0219i decembrie 2012;<\/li>\n\n\n\n<li>\u0218i-a \u00eenceput activitatea de investitor, \u00een 2007;<\/li>\n\n\n\n<li>A preluat Partidul Noua Genera\u021bie, de la fostul primar al Capitalei, Viorel Lis, \u0219i \u00een 2004 devine pre\u0219edintele partidului;<\/li>\n\n\n\n<li>Patronul F.C. Steaua Bucure\u0219ti SA, din anul 2003;<\/li>\n\n\n\n<li>A fondat Funda\u021bia Cre\u0219tin\u0103 \u201eGeorge Becali\u201d \u0219i Funda\u021bia \u201eGeorge Becali\u201d.<\/li>\n<\/ul>\n\n\n\n<p>Averea lui Gigi Becali, de\u0219i a fost estimat\u0103 \u00een 2008 la 725 de milioane de euro, \u00een \u201eTop 500 Forbes\u201d, poate fi consultat\u0103 \u00een<a href=\"https:\/\/media.hotnews.ro\/assets\/document\/2012\/11\/13\/13608161-0.pdf\"> cel mai recent document oficial, din 2012<\/a>:<\/p>\n\n\n\n<ul class=\"wp-block-list\">\n<li>Patru terenuri agricole, care \u00eensumeaz\u0103 340 de hectare;<\/li>\n\n\n\n<li>Trei terenuri intravilane, care \u00eempreun\u0103 au 24 de hecatre;<\/li>\n\n\n\n<li>Un teren forestier de 22 de hectare;<\/li>\n\n\n\n<li>Un teren extravilan de 12 hecatre;<\/li>\n\n\n\n<li>Patru ma\u0219ini, m\u0103rcile Mercedes, Maybach, Audi \u0219i BMW;<\/li>\n\n\n\n<li>Ceasuri \u0219i bijuterii \u00een valoare de 300.000 de euro;<\/li>\n\n\n\n<li>Investi\u021bii de aproape 100 de milioane de euro:<\/li>\n<\/ul>\n\n\n\n<figure class=\"wp-block-gallery has-nested-images columns-1 is-cropped wp-block-gallery-1 is-layout-flex wp-block-gallery-is-layout-flex\">\n<figure class=\"wp-block-image size-large\"><a href=\"https:\/\/buletin.de\/bucuresti\/wp-content\/uploads\/investitii-george-becali-1.png\"><img loading=\"lazy\" decoding=\"async\" width=\"872\" height=\"345\" data-id=\"106927\" src=\"data:image\/gif;base64,R0lGODlhAQABAAAAACH5BAEKAAEALAAAAAABAAEAAAICTAEAOw==\" data-src=\"https:\/\/buletin.de\/bucuresti\/wp-content\/uploads\/investitii-george-becali-1.png\" alt=\"\" class=\"wp-image-106927 lazyload\" data-sizes=\"auto\" data-srcset=\"https:\/\/buletin.de\/bucuresti\/wp-content\/uploads\/investitii-george-becali-1.png 872w, https:\/\/buletin.de\/bucuresti\/wp-content\/uploads\/investitii-george-becali-1-300x119.png 300w, https:\/\/buletin.de\/bucuresti\/wp-content\/uploads\/investitii-george-becali-1-768x304.png 768w, https:\/\/buletin.de\/bucuresti\/wp-content\/uploads\/investitii-george-becali-1-600x237.png 600w, https:\/\/buletin.de\/bucuresti\/wp-content\/uploads\/investitii-george-becali-1-20x8.png 20w\" sizes=\"(max-width: 872px) 100vw, 872px\" \/><\/a><\/figure>\n\n\n\n<figure class=\"wp-block-image size-large\"><a href=\"https:\/\/buletin.de\/bucuresti\/wp-content\/uploads\/investitii-george-becali-2.png\"><img loading=\"lazy\" decoding=\"async\" width=\"862\" height=\"387\" data-id=\"106928\" src=\"data:image\/gif;base64,R0lGODlhAQABAAAAACH5BAEKAAEALAAAAAABAAEAAAICTAEAOw==\" data-src=\"https:\/\/buletin.de\/bucuresti\/wp-content\/uploads\/investitii-george-becali-2.png\" alt=\"\" class=\"wp-image-106928 lazyload\" data-sizes=\"auto\" data-srcset=\"https:\/\/buletin.de\/bucuresti\/wp-content\/uploads\/investitii-george-becali-2.png 862w, https:\/\/buletin.de\/bucuresti\/wp-content\/uploads\/investitii-george-becali-2-300x135.png 300w, https:\/\/buletin.de\/bucuresti\/wp-content\/uploads\/investitii-george-becali-2-768x345.png 768w, https:\/\/buletin.de\/bucuresti\/wp-content\/uploads\/investitii-george-becali-2-600x269.png 600w, https:\/\/buletin.de\/bucuresti\/wp-content\/uploads\/investitii-george-becali-2-20x9.png 20w\" sizes=\"(max-width: 862px) 100vw, 862px\" \/><\/a><\/figure>\n<\/figure>\n\n\n\n<ul class=\"wp-block-list\">\n<li>Nu avea niciun venit declarat \u00een document.<\/li>\n<\/ul>\n\n\n\n<h2 class=\"wp-block-heading\" id=\"h-mihai-enache-a-treia-pozi\u021bie-pentru-camera-deputa\u021bilor-in-bucure\u0219ti\"><strong>Mihai Enache, a treia pozi\u021bie pentru Camera Deputa\u021bilor, \u00een Bucure\u0219ti<\/strong><\/h2>\n\n\n\n<figure class=\"wp-block-image size-large\"><a href=\"https:\/\/buletin.de\/bucuresti\/wp-content\/uploads\/Mihai-Enache.jpg\"><img loading=\"lazy\" decoding=\"async\" width=\"900\" height=\"600\" src=\"data:image\/gif;base64,R0lGODlhAQABAAAAACH5BAEKAAEALAAAAAABAAEAAAICTAEAOw==\" data-src=\"https:\/\/buletin.de\/bucuresti\/wp-content\/uploads\/Mihai-Enache-900x600.jpg\" alt=\"\" class=\"wp-image-87642 lazyload\" data-sizes=\"auto\" data-srcset=\"https:\/\/buletin.de\/bucuresti\/wp-content\/uploads\/Mihai-Enache-900x600.jpg 900w, https:\/\/buletin.de\/bucuresti\/wp-content\/uploads\/Mihai-Enache-300x200.jpg 300w, https:\/\/buletin.de\/bucuresti\/wp-content\/uploads\/Mihai-Enache-768x512.jpg 768w, https:\/\/buletin.de\/bucuresti\/wp-content\/uploads\/Mihai-Enache-1536x1024.jpg 1536w, https:\/\/buletin.de\/bucuresti\/wp-content\/uploads\/Mihai-Enache-1100x734.jpg 1100w, https:\/\/buletin.de\/bucuresti\/wp-content\/uploads\/Mihai-Enache-600x400.jpg 600w, https:\/\/buletin.de\/bucuresti\/wp-content\/uploads\/Mihai-Enache-20x13.jpg 20w, https:\/\/buletin.de\/bucuresti\/wp-content\/uploads\/Mihai-Enache.jpg 1600w\" sizes=\"(max-width: 900px) 100vw, 900px\" \/><\/a><figcaption class=\"wp-element-caption\">Foto: Facebook \/ Mihai Enache<\/figcaption><\/figure>\n\n\n\n<p>S-a n\u0103scut&nbsp; pe 28 septembrie 1988, este c\u0103s\u0103torit \u0219i are trei copii, conform <a href=\"https:\/\/www.facebook.com\/enachemihaiadrian\">paginii de Facebook a politicianului<\/a>.&nbsp;<\/p>\n\n\n\n<p>Educa\u021bia candidatului AUR pentru PMB, conform CV-ului publicat pe pagina web <a href=\"http:\/\/mihaienache.ro\">mihaienache.ro<\/a>:<\/p>\n\n\n\n<ul class=\"wp-block-list\">\n<li>\u0218i-a luat diploma de master \u00een Administra\u021bie Public\u0103 \u0219i Dezvoltare Comunitar\u0103 la Universitatea \u201eTitu Maiorescu\u201d din Bucure\u0219ti, \u00een 2012.&nbsp;<\/li>\n\n\n\n<li>Este licen\u021biat \u00een \u0218tiin\u021be Juridice la aceea\u0219i universitate din 2021.&nbsp;<\/li>\n\n\n\n<li>\u0218i-a luat licen\u021ba \u00een \u0218tiin\u021be Administrative la \u0218coala Na\u021bional\u0103 de Studii Politice \u0219i Administrative, la Facultatea de Administra\u021bie Public\u0103, \u00een 2010.&nbsp;<\/li>\n<\/ul>\n\n\n\n<p>\u00cen plan politic \u0219i profesional, politicianul a ocupat urm\u0103toarele func\u021bii:<\/p>\n\n\n\n<p>Director executiv la Direc\u021bia de Dezvoltare ce \u021bine de Prim\u0103ria Sectorului 4, \u00een perioada 2021-2023.&nbsp;<\/p>\n\n\n\n<ul class=\"wp-block-list\">\n<li>\u0218ef Serviciu, Serviciul Investi\u021bii, Direc\u021bia Investi\u021bii \u0219i Achizi\u021bii Publice la Prim\u0103ria Sectorului 4 \u00eentre 2017 \u0219i 2021.&nbsp;<\/li>\n\n\n\n<li>\u0218ef Serviciu Strategii \u0219i Politici de Dezvoltare Durabil\u0103 al Prim\u0103riei Sectorului 5, din 2016, p\u00e2n\u0103 \u00een 2017.&nbsp;&nbsp;<\/li>\n\n\n\n<li>Expert la Direc\u021bia Managementului Proiectelor la Prim\u0103ria Sectorului 3, \u00een perioada 2014-2016.&nbsp;<\/li>\n\n\n\n<li>Director administrativ al Universit\u0103\u021bii \u201eNicolae Titulescu\u201d, \u00eentre 2010 \u0219i 2014.&nbsp;<\/li>\n<\/ul>\n\n\n\n<p>Din declara\u021bia de avere publicat\u0103 \u00een 2024, reies posesiile candidatului Enache:&nbsp;<\/p>\n\n\n\n<ul class=\"wp-block-list\">\n<li>Dou\u0103 terenuri intravilane, unul de 2.500 de metri p\u0103tra\u021bi \u00een jude\u021bul D\u00e2mbovi\u021ba \u0219i unul de 9 metri p\u0103tra\u021bi, de\u021binute \u00eempreun\u0103 cu so\u021bia lui.&nbsp;<\/li>\n<\/ul>\n\n\n\n<ul class=\"wp-block-list\">\n<li>O cas\u0103 \u00een D\u00e2mbovi\u021ba de 97 de metri p\u0103tra\u021bi.<\/li>\n\n\n\n<li>Un imobil de 80 de m2, \u00eempreun\u0103 cu so\u021bia.&nbsp;<\/li>\n\n\n\n<li>O ma\u0219in\u0103 marca Skoda din 2017.&nbsp;<\/li>\n\n\n\n<li>Conturi bancare \u00een valoare de peste 9.000 de euro:<\/li>\n<\/ul>\n\n\n\n<figure class=\"wp-block-image size-full\"><a href=\"https:\/\/buletin.de\/bucuresti\/wp-content\/uploads\/conturi-mihai-enache.png\"><img loading=\"lazy\" decoding=\"async\" width=\"768\" height=\"219\" src=\"data:image\/gif;base64,R0lGODlhAQABAAAAACH5BAEKAAEALAAAAAABAAEAAAICTAEAOw==\" data-src=\"https:\/\/buletin.de\/bucuresti\/wp-content\/uploads\/conturi-mihai-enache.png\" alt=\"\" class=\"wp-image-106929 lazyload\" data-sizes=\"auto\" data-srcset=\"https:\/\/buletin.de\/bucuresti\/wp-content\/uploads\/conturi-mihai-enache.png 768w, https:\/\/buletin.de\/bucuresti\/wp-content\/uploads\/conturi-mihai-enache-300x86.png 300w, https:\/\/buletin.de\/bucuresti\/wp-content\/uploads\/conturi-mihai-enache-600x171.png 600w, https:\/\/buletin.de\/bucuresti\/wp-content\/uploads\/conturi-mihai-enache-20x6.png 20w\" sizes=\"(max-width: 768px) 100vw, 768px\" \/><\/a><\/figure>\n\n\n\n<ul class=\"wp-block-list\">\n<li>\u00cemprumuturi acordate \u00een valoare de peste 26.000 de euro:<\/li>\n<\/ul>\n\n\n\n<figure class=\"wp-block-image size-full\"><a href=\"https:\/\/buletin.de\/bucuresti\/wp-content\/uploads\/imprumuturi-Mihai-Enache.png\"><img loading=\"lazy\" decoding=\"async\" width=\"768\" height=\"174\" src=\"data:image\/gif;base64,R0lGODlhAQABAAAAACH5BAEKAAEALAAAAAABAAEAAAICTAEAOw==\" data-src=\"https:\/\/buletin.de\/bucuresti\/wp-content\/uploads\/imprumuturi-Mihai-Enache.png\" alt=\"\" class=\"wp-image-106930 lazyload\" data-sizes=\"auto\" data-srcset=\"https:\/\/buletin.de\/bucuresti\/wp-content\/uploads\/imprumuturi-Mihai-Enache.png 768w, https:\/\/buletin.de\/bucuresti\/wp-content\/uploads\/imprumuturi-Mihai-Enache-300x68.png 300w, https:\/\/buletin.de\/bucuresti\/wp-content\/uploads\/imprumuturi-Mihai-Enache-600x136.png 600w, https:\/\/buletin.de\/bucuresti\/wp-content\/uploads\/imprumuturi-Mihai-Enache-20x5.png 20w\" sizes=\"(max-width: 768px) 100vw, 768px\" \/><\/a><\/figure>\n\n\n\n<ul class=\"wp-block-list\">\n<li>Dou\u0103 credite \u00een valoare de peste 130.000 de euro:<\/li>\n<\/ul>\n\n\n\n<figure class=\"wp-block-image size-full\"><a href=\"https:\/\/buletin.de\/bucuresti\/wp-content\/uploads\/credite-Mihai-Enache.png\"><img loading=\"lazy\" decoding=\"async\" width=\"768\" height=\"114\" src=\"data:image\/gif;base64,R0lGODlhAQABAAAAACH5BAEKAAEALAAAAAABAAEAAAICTAEAOw==\" data-src=\"https:\/\/buletin.de\/bucuresti\/wp-content\/uploads\/credite-Mihai-Enache.png\" alt=\"\" class=\"wp-image-106931 lazyload\" data-sizes=\"auto\" data-srcset=\"https:\/\/buletin.de\/bucuresti\/wp-content\/uploads\/credite-Mihai-Enache.png 768w, https:\/\/buletin.de\/bucuresti\/wp-content\/uploads\/credite-Mihai-Enache-300x45.png 300w, https:\/\/buletin.de\/bucuresti\/wp-content\/uploads\/credite-Mihai-Enache-600x89.png 600w, https:\/\/buletin.de\/bucuresti\/wp-content\/uploads\/credite-Mihai-Enache-20x3.png 20w\" sizes=\"(max-width: 768px) 100vw, 768px\" \/><\/a><\/figure>\n\n\n\n<ul class=\"wp-block-list\">\n<li>Venituri anuale de peste 33.000 de euro, din salarii, iar so\u021bia lui contribuie cu 12.000 de euro:<\/li>\n<\/ul>\n\n\n\n<figure class=\"wp-block-image size-full\"><a href=\"https:\/\/buletin.de\/bucuresti\/wp-content\/uploads\/venituri-Mihai-Enache.png\"><img loading=\"lazy\" decoding=\"async\" width=\"768\" height=\"157\" src=\"data:image\/gif;base64,R0lGODlhAQABAAAAACH5BAEKAAEALAAAAAABAAEAAAICTAEAOw==\" data-src=\"https:\/\/buletin.de\/bucuresti\/wp-content\/uploads\/venituri-Mihai-Enache.png\" alt=\"\" class=\"wp-image-106932 lazyload\" data-sizes=\"auto\" data-srcset=\"https:\/\/buletin.de\/bucuresti\/wp-content\/uploads\/venituri-Mihai-Enache.png 768w, https:\/\/buletin.de\/bucuresti\/wp-content\/uploads\/venituri-Mihai-Enache-300x61.png 300w, https:\/\/buletin.de\/bucuresti\/wp-content\/uploads\/venituri-Mihai-Enache-600x123.png 600w, https:\/\/buletin.de\/bucuresti\/wp-content\/uploads\/venituri-Mihai-Enache-20x4.png 20w\" sizes=\"(max-width: 768px) 100vw, 768px\" \/><\/a><\/figure>\n\n\n\n<p>Ac\u021biunile \u0219i asocierile politicianului, \u00een urma consult\u0103rii declara\u021biei de interese:<\/p>\n\n\n\n<ul class=\"wp-block-list\">\n<li>Este asociat la SC S\u0103n\u0103tos \u0219i Fericit SRL, din Bac\u0103u, cu ac\u021biuni de 200 de lei.<\/li>\n\n\n\n<li>Este ac\u021bionar la Design and Build Corporations, din Bucure\u0219ti, cu ac\u021biuni \u00een valoare de aproape 3.000 de lei.&nbsp;<\/li>\n\n\n\n<li>Este pre\u0219edintele Juriului Na\u021bional de Onoare \u0219i Disciplin\u0103 al partidului AUR.&nbsp;<\/li>\n<\/ul>\n\n\n\n<h2 class=\"wp-block-heading\" id=\"h-lidia-vadim-tudor-pozi\u021bia-a-patra-pentru-camera-deputa\u021bilor\"><strong>Lidia Vadim-Tudor, pozi\u021bia a patra pentru Camera Deputa\u021bilor<\/strong><\/h2>\n\n\n\n<figure class=\"wp-block-image size-large\"><a href=\"https:\/\/buletin.de\/bucuresti\/wp-content\/uploads\/Lidia-Vadim-Tudor-Inquam-Photos-George-Calin.jpg\"><img loading=\"lazy\" decoding=\"async\" width=\"900\" height=\"600\" src=\"data:image\/gif;base64,R0lGODlhAQABAAAAACH5BAEKAAEALAAAAAABAAEAAAICTAEAOw==\" data-src=\"https:\/\/buletin.de\/bucuresti\/wp-content\/uploads\/Lidia-Vadim-Tudor-Inquam-Photos-George-Calin-900x600.jpg\" alt=\"\" class=\"wp-image-106933 lazyload\" data-sizes=\"auto\" data-srcset=\"https:\/\/buletin.de\/bucuresti\/wp-content\/uploads\/Lidia-Vadim-Tudor-Inquam-Photos-George-Calin-900x600.jpg 900w, https:\/\/buletin.de\/bucuresti\/wp-content\/uploads\/Lidia-Vadim-Tudor-Inquam-Photos-George-Calin-300x200.jpg 300w, https:\/\/buletin.de\/bucuresti\/wp-content\/uploads\/Lidia-Vadim-Tudor-Inquam-Photos-George-Calin-768x512.jpg 768w, https:\/\/buletin.de\/bucuresti\/wp-content\/uploads\/Lidia-Vadim-Tudor-Inquam-Photos-George-Calin-1536x1024.jpg 1536w, https:\/\/buletin.de\/bucuresti\/wp-content\/uploads\/Lidia-Vadim-Tudor-Inquam-Photos-George-Calin-1600x1066.jpg 1600w, https:\/\/buletin.de\/bucuresti\/wp-content\/uploads\/Lidia-Vadim-Tudor-Inquam-Photos-George-Calin-1100x733.jpg 1100w, https:\/\/buletin.de\/bucuresti\/wp-content\/uploads\/Lidia-Vadim-Tudor-Inquam-Photos-George-Calin-600x400.jpg 600w, https:\/\/buletin.de\/bucuresti\/wp-content\/uploads\/Lidia-Vadim-Tudor-Inquam-Photos-George-Calin-20x13.jpg 20w, https:\/\/buletin.de\/bucuresti\/wp-content\/uploads\/Lidia-Vadim-Tudor-Inquam-Photos-George-Calin.jpg 2000w\" sizes=\"(max-width: 900px) 100vw, 900px\" \/><\/a><figcaption class=\"wp-element-caption\">Foto: Inquam Photos \/ George C\u0103lin<\/figcaption><\/figure>\n\n\n\n<p>S-a n\u0103scut pe 3 august 1990 \u0219i este fiica lui Corneliu Vadim Tudor.<\/p>\n\n\n\n<p>Conform CV-ului trimis publica\u0163iei noastre, reiese urm\u0103torul parcurs educa\u021bional:<\/p>\n\n\n\n<ul class=\"wp-block-list\">\n<li>\u0218i-a luat masterul \u00een Psihologie Clinic\u0103 \u0219i interven\u021bie psihologic\u0103 la Universitatea \u201eSpiru Haret\u201d, \u00een 2019.<\/li>\n\n\n\n<li>A studiat la Facultatea de Psihologie \u0219i \u0218tiin\u021bele Educa\u021biei a Universit\u0103\u021bii \u201eSpiru Haret\u201d \u00een perioada 2014-2017.&nbsp;<\/li>\n\n\n\n<li>\u0218i-a luat masterul \u00een Mass-Media \u0219i Comunicare la aceea\u0219i universitate \u00een 2014.<\/li>\n\n\n\n<li>A studiat la Facultatea de Jurnalism din cadrul aceleia\u0219i universit\u0103\u021bi \u00eentre 2009 \u015fi 2012.&nbsp;<\/li>\n\n\n\n<li>A terminat Colegiul Na\u021bional \u201eI.L. Caragiale\u201d \u00een 2009.&nbsp;<\/li>\n\n\n\n<li>A terminat \u0218coala General\u0103 nr. 150 din Bucure\u0219ti.&nbsp;<\/li>\n<\/ul>\n\n\n\n<p>Fiica lui Corneliu Vadim Tudor este redactor-\u0219ef al Revistei Rom\u00e2nia Mare.&nbsp;<\/p>\n\n\n\n<p>\u00cen urma consult\u0103rii celei mai recente declara\u021bii de avere, depuse \u00een&nbsp; 2024, reiese c\u0103 nu de\u021bine niciun imobil sau ma\u0219in\u0103, nu are niciun cont bancar \u0219i nu \u00eencaseaz\u0103 niciun venit. Totu\u0219i, \u00een declara\u021bia de avere din 2016 depus\u0103 pentru candidatura la Camera Deputa\u021bilor, ea de\u021binea:<\/p>\n\n\n\n<ul class=\"wp-block-list\">\n<li>Un teren intravilan \u00een Bucure\u0219ti cu o suprafa\u021b\u0103 de 105 metri p\u0103tra\u021bi;&nbsp;<\/li>\n\n\n\n<li>O cas\u0103 de locuit \u00een Bucure\u0219ti de 179 de metri p\u0103tra\u021bi;<\/li>\n\n\n\n<li>Un Chrysler din 2010;<\/li>\n\n\n\n<li>Un venit anual de 2.200 de euro din pensia de urma\u0219.<\/li>\n<\/ul>\n\n\n\n<p>Conform declara\u021biei de interese din 2024 , Lidia Vadim-Tudor figureaz\u0103 c\u0103 nu este asociat\u0103 niciunei societ\u0103\u021bi \u0219i nu are ac\u021biuni. \u00cen schimb, din declara\u021bia de interese din 2016, reies urm\u0103toarele:<\/p>\n\n\n\n<ul class=\"wp-block-list\">\n<li>Ac\u021bionar \u0219i administrator la Editura Europa Cre\u0219tin\u0103 SRL \u0219i la Editura Tricolorul SRL;<\/li>\n\n\n\n<li>Ac\u021bionar la Revista Editura Rom\u00e2nia Mare SRL.&nbsp;<\/li>\n<\/ul>\n\n\n\n<h2 class=\"wp-block-heading\" id=\"h-petri\u0219or-gabriel-peiu-pozi\u021bia-i-pentru-locurile-din-senat-pe-bucure\u0219ti\"><strong>Petri\u0219or-Gabriel Peiu, pozi\u021bia I pentru locurile din Senat, pe Bucure\u0219ti<\/strong><\/h2>\n\n\n\n<figure class=\"wp-block-image size-large\"><a href=\"https:\/\/buletin.de\/bucuresti\/wp-content\/uploads\/Petrisor-Peiu-Inquam-Photos-Octav-Ganea.jpg\"><img loading=\"lazy\" decoding=\"async\" width=\"900\" height=\"600\" src=\"data:image\/gif;base64,R0lGODlhAQABAAAAACH5BAEKAAEALAAAAAABAAEAAAICTAEAOw==\" data-src=\"https:\/\/buletin.de\/bucuresti\/wp-content\/uploads\/Petrisor-Peiu-Inquam-Photos-Octav-Ganea-900x600.jpg\" alt=\"\" class=\"wp-image-106934 lazyload\" data-sizes=\"auto\" data-srcset=\"https:\/\/buletin.de\/bucuresti\/wp-content\/uploads\/Petrisor-Peiu-Inquam-Photos-Octav-Ganea-900x600.jpg 900w, https:\/\/buletin.de\/bucuresti\/wp-content\/uploads\/Petrisor-Peiu-Inquam-Photos-Octav-Ganea-300x200.jpg 300w, https:\/\/buletin.de\/bucuresti\/wp-content\/uploads\/Petrisor-Peiu-Inquam-Photos-Octav-Ganea-768x512.jpg 768w, https:\/\/buletin.de\/bucuresti\/wp-content\/uploads\/Petrisor-Peiu-Inquam-Photos-Octav-Ganea-1536x1024.jpg 1536w, https:\/\/buletin.de\/bucuresti\/wp-content\/uploads\/Petrisor-Peiu-Inquam-Photos-Octav-Ganea-1600x1066.jpg 1600w, https:\/\/buletin.de\/bucuresti\/wp-content\/uploads\/Petrisor-Peiu-Inquam-Photos-Octav-Ganea-1100x733.jpg 1100w, https:\/\/buletin.de\/bucuresti\/wp-content\/uploads\/Petrisor-Peiu-Inquam-Photos-Octav-Ganea-600x400.jpg 600w, https:\/\/buletin.de\/bucuresti\/wp-content\/uploads\/Petrisor-Peiu-Inquam-Photos-Octav-Ganea-20x13.jpg 20w, https:\/\/buletin.de\/bucuresti\/wp-content\/uploads\/Petrisor-Peiu-Inquam-Photos-Octav-Ganea.jpg 2000w\" sizes=\"(max-width: 900px) 100vw, 900px\" \/><\/a><figcaption class=\"wp-element-caption\">Foto: Inquam Photos \/ Octav Ganea<\/figcaption><\/figure>\n\n\n\n<p>S-a n\u0103scut pe 29 iunie 1967, este c\u0103s\u0103torit \u0219i are un copil.&nbsp;<\/p>\n\n\n\n<p>Educa\u021bia candidatului Peiu, conform<a href=\"https:\/\/www.transgaz.ro\/sites\/default\/files\/CV%20Peiu%20Petrisor-Gabriel%20-%20site.pdf\"> CV-ului<\/a>:<\/p>\n\n\n\n<ul class=\"wp-block-list\">\n<li>Doctor inginer, diplom\u0103 ob\u021binut\u0103 la Universitatea \u201ePolitehnica\u201d din Bucure\u0219ti, \u00een anul 1996;<\/li>\n\n\n\n<li>A urmat cursurile Universit\u0103\u021bii \u201ePolitehnica\u201d, \u00eentre anii 1985 \u0219i 1990;<\/li>\n\n\n\n<li>A absolvit liceul de \u0218tiin\u021bele Naturii \u201eZinca Golescu\u201d, din Pite\u0219ti.<\/li>\n<\/ul>\n\n\n\n<p>Pe plan profesional, Petri\u0219or Peiu a ocupat urm\u0103toarele func\u021bii:<\/p>\n\n\n\n<ul class=\"wp-block-list\">\n<li>Preparator universitar, asistent universitar la Universitatea \u201ePolitehnica\u201d, \u00eentre anii 1993 \u0219i 2022;<\/li>\n\n\n\n<li>Coordonator al realitateafinanciara.net, \u00een perioada 2020-2022;<\/li>\n\n\n\n<li>Director executiv al Centrului pentru Servicii Radiotelecomunica\u021bii SRL, \u00eentre 2004 \u0219i 2005;<\/li>\n\n\n\n<li>Secretar de Stat \u00een Guvernul Rom\u00e2niei, Agen\u021bia pentru Investi\u021bii Str\u0103ine, din 2003, p\u00e2n\u0103 \u00een 2004;<\/li>\n\n\n\n<li>Secretar de Stat \u00een Guvern, Departamentul pentru Politici Economice, \u00eentre 2002 \u0219i 2003;<\/li>\n\n\n\n<li>Consilierul prim ministrului Adrian N\u0103stase, \u00een perioada 2001-2002;<\/li>\n\n\n\n<li>Consilierul premierului Radu Vasile, \u00eentre 1998 \u0219i 1999;<\/li>\n\n\n\n<li>Inginer la CFR SA, Regionala Constan\u021ba, Sec\u021bia Centralizare Telecomunica\u021bii, \u00eencep\u00e2nd din 1990, \u0219i p\u00e2n\u0103 \u00een 1993;<\/li>\n\n\n\n<li>Membru \u00een Consiliul de Administra\u021bie al Romtelecom SA, \u00eentre 1997 \u0219i 2000;<\/li>\n\n\n\n<li>Pre\u0219edintele Consiliului de Administra\u021bie al Sidex SA, din 1999, p\u00e2n\u0103 \u00een 2000;<\/li>\n\n\n\n<li>Membru \u00een Consiliul de Administra\u021bie al Omniasig SA, \u00eentre 1999 \u0219i 2001;<\/li>\n\n\n\n<li>Administrator special pentru Electroputere SA, \u00een perioada 2003-2005.<\/li>\n<\/ul>\n\n\n\n<p>Declara\u021biile de avere \u0219i interese ale candidatului Petri\u0219or Peiu nu sunt publice.<\/p>\n\n\n\n<p><strong>CITE\u0218TE \u0218I: <\/strong><a href=\"https:\/\/buletin.de\/bucuresti\/parlamentare-bucuresti-psd-vine-la-bucuresti-cu-nume-precum-marian-neacsu-gabriel-mutu-carmen-avram-si-streinu-cercel\/\"><strong>Parlamentare Bucure\u015fti | PSD vine la Bucure\u015fti cu nume precum Marian Neac\u015fu, Gabriel Mutu, Carmen Avram \u015fi Streinu-Cercel<\/strong><\/a><\/p>\n\n\n\n<p>Lista candida\u021bilor AUR, pentru jude\u021bul Ilfov, \u00een cursa pentru locurile din Camera Deputa\u021bilor:<\/p>\n\n\n\n<ul class=\"wp-block-list\">\n<li>Gianina \u015eerban<\/li>\n\n\n\n<li>Robert-Mihai Panait<\/li>\n\n\n\n<li>Valentin Puiu Grecu<\/li>\n\n\n\n<li>George-Vicen\u0163iu B\u00e2tu<\/li>\n\n\n\n<li>Adriana-Liuba Ahciarliu-Kyriakidis<\/li>\n\n\n\n<li>Cristian Tosun<\/li>\n\n\n\n<li>Alina Elena Matei<\/li>\n<\/ul>\n\n\n\n<p>Lista candida\u021bilor AUR pentru Senat, din Ilfov:<\/p>\n\n\n\n<ul class=\"wp-block-list\">\n<li>Sergiu-Daniel Mihalcea<\/li>\n\n\n\n<li>Georgeta \u0162\u0103rigradeanu<\/li>\n\n\n\n<li>Marina-Evelyn Cristescu<\/li>\n\n\n\n<li>Dorin-Gabriel Alungoaie<\/li>\n<\/ul>\n\n\n\n<h2 class=\"wp-block-heading\" id=\"h-gianina-serban-prima-pozi\u021bie-pentru-camera-deputa\u021bilor-in-ilfov\"><strong>Gianina \u015eerban, prima pozi\u021bie pentru Camera Deputa\u021bilor, \u00een Ilfov<\/strong><\/h2>\n\n\n\n<figure class=\"wp-block-image size-large\"><a href=\"https:\/\/buletin.de\/bucuresti\/wp-content\/uploads\/Gianina-Serban-Inquam-Photos-Octav-Ganea.jpg\"><img loading=\"lazy\" decoding=\"async\" width=\"900\" height=\"600\" src=\"data:image\/gif;base64,R0lGODlhAQABAAAAACH5BAEKAAEALAAAAAABAAEAAAICTAEAOw==\" data-src=\"https:\/\/buletin.de\/bucuresti\/wp-content\/uploads\/Gianina-Serban-Inquam-Photos-Octav-Ganea-900x600.jpg\" alt=\"\" class=\"wp-image-106935 lazyload\" data-sizes=\"auto\" data-srcset=\"https:\/\/buletin.de\/bucuresti\/wp-content\/uploads\/Gianina-Serban-Inquam-Photos-Octav-Ganea-900x600.jpg 900w, https:\/\/buletin.de\/bucuresti\/wp-content\/uploads\/Gianina-Serban-Inquam-Photos-Octav-Ganea-300x200.jpg 300w, https:\/\/buletin.de\/bucuresti\/wp-content\/uploads\/Gianina-Serban-Inquam-Photos-Octav-Ganea-768x512.jpg 768w, https:\/\/buletin.de\/bucuresti\/wp-content\/uploads\/Gianina-Serban-Inquam-Photos-Octav-Ganea-1536x1024.jpg 1536w, https:\/\/buletin.de\/bucuresti\/wp-content\/uploads\/Gianina-Serban-Inquam-Photos-Octav-Ganea-1600x1066.jpg 1600w, https:\/\/buletin.de\/bucuresti\/wp-content\/uploads\/Gianina-Serban-Inquam-Photos-Octav-Ganea-1100x733.jpg 1100w, https:\/\/buletin.de\/bucuresti\/wp-content\/uploads\/Gianina-Serban-Inquam-Photos-Octav-Ganea-600x400.jpg 600w, https:\/\/buletin.de\/bucuresti\/wp-content\/uploads\/Gianina-Serban-Inquam-Photos-Octav-Ganea-20x13.jpg 20w, https:\/\/buletin.de\/bucuresti\/wp-content\/uploads\/Gianina-Serban-Inquam-Photos-Octav-Ganea.jpg 2000w\" sizes=\"(max-width: 900px) 100vw, 900px\" \/><\/a><figcaption class=\"wp-element-caption\">Foto: Inquam Photos \/ Octav Ganea<\/figcaption><\/figure>\n\n\n\n<p>S-a n\u0103scut pe 15 iulie 1983 \u0219i este c\u0103s\u0103torit\u0103 cu Adrian-Mihail \u0218erban.&nbsp;<\/p>\n\n\n\n<p>Educa\u021bia Gianinei \u0218erban, conform <a href=\"https:\/\/www.cdep.ro\/pls\/parlam\/structura2015.mp?idm=285&amp;cam=2&amp;leg=2020&amp;pag=0\">CV-ului publicat pe site-ul Camerei Deputa\u021bilor<\/a>:<\/p>\n\n\n\n<ul class=\"wp-block-list\">\n<li>A ob\u021binut diploma de masterat \u00een Drept, de la Universitatea \u201eTitu Maiorescu\u201d, \u00een anul 2006;<\/li>\n\n\n\n<li>A absolvit programul de licen\u021b\u0103 al aceleia\u0219i facult\u0103\u021bi, \u00een 2005.<\/li>\n<\/ul>\n\n\n\n<p>Activitatea profesional\u0103 a candidatei AUR Ilfov:<\/p>\n\n\n\n<ul class=\"wp-block-list\">\n<li>Deputat \u00een Parlament, \u00eencep\u00e2nd cu anul 2020;<\/li>\n\n\n\n<li>Consilier juridic, \u00een perioada 2005-2020;<\/li>\n\n\n\n<li>Antreprenor \u00een construc\u021bii, \u00eentre anii 2011-2020.<\/li>\n<\/ul>\n\n\n\n<p>Bunurile pe care le de\u021bine Gianina \u0218erban, \u00een urma consult\u0103rii <a href=\"https:\/\/old-declaratii.integritate.eu\/DownloadServlet?fileName=13883139_2401483_a.pdf&amp;uniqueIdentifier=NTNTARTLNE_13883139\">declara\u021biei de avere, completat\u0103 \u00een 2023<\/a>:<\/p>\n\n\n\n<ul class=\"wp-block-list\">\n<li>Dou\u0103 spa\u021bii comerciale, \u00een Bragadiru, cu suprafe\u021be de 35 \u0219i 70 de metri p\u0103tra\u021bi, construite de so\u021bul candidatei, \u00een 2016;<\/li>\n\n\n\n<li>Dou\u0103 case, \u00een Bragadiru, cu suprafe\u021be de 102 metri p\u0103tra\u021bi, construite tot de so\u021bul acesteia, \u00een 2017;<\/li>\n\n\n\n<li>O cas\u0103 \u00een Bac\u0103u, de 98 de metri p\u0103tra\u021bi, mo\u0219tenit\u0103 \u00een anul 2018;<\/li>\n\n\n\n<li>O ma\u0219in\u0103 marca BMW, din 2011;<\/li>\n\n\n\n<li>Bijuterii \u00een valoare de 19.000 de euro;<\/li>\n\n\n\n<li>A v\u00e2ndut \u00een 2022 o ma\u0219in\u0103, \u00een valoare de aproape 10.000 de euro;<\/li>\n\n\n\n<li>Conturi bancare, care \u00eensumate ajung la aproape 5.000 de euro:<\/li>\n<\/ul>\n\n\n\n<figure class=\"wp-block-gallery has-nested-images columns-1 is-cropped wp-block-gallery-2 is-layout-flex wp-block-gallery-is-layout-flex\">\n<figure class=\"wp-block-image size-large\"><a href=\"https:\/\/buletin.de\/bucuresti\/wp-content\/uploads\/conturi-gianina-serban-2.png\"><img loading=\"lazy\" decoding=\"async\" width=\"758\" height=\"162\" data-id=\"106937\" src=\"data:image\/gif;base64,R0lGODlhAQABAAAAACH5BAEKAAEALAAAAAABAAEAAAICTAEAOw==\" data-src=\"https:\/\/buletin.de\/bucuresti\/wp-content\/uploads\/conturi-gianina-serban-2.png\" alt=\"\" class=\"wp-image-106937 lazyload\" data-sizes=\"auto\" data-srcset=\"https:\/\/buletin.de\/bucuresti\/wp-content\/uploads\/conturi-gianina-serban-2.png 758w, https:\/\/buletin.de\/bucuresti\/wp-content\/uploads\/conturi-gianina-serban-2-300x64.png 300w, https:\/\/buletin.de\/bucuresti\/wp-content\/uploads\/conturi-gianina-serban-2-600x128.png 600w, https:\/\/buletin.de\/bucuresti\/wp-content\/uploads\/conturi-gianina-serban-2-20x4.png 20w\" sizes=\"(max-width: 758px) 100vw, 758px\" \/><\/a><\/figure>\n\n\n\n<figure class=\"wp-block-image size-large\"><a href=\"https:\/\/buletin.de\/bucuresti\/wp-content\/uploads\/conturi-gianina-serban-1.png\"><img loading=\"lazy\" decoding=\"async\" width=\"756\" height=\"257\" data-id=\"106936\" src=\"data:image\/gif;base64,R0lGODlhAQABAAAAACH5BAEKAAEALAAAAAABAAEAAAICTAEAOw==\" data-src=\"https:\/\/buletin.de\/bucuresti\/wp-content\/uploads\/conturi-gianina-serban-1.png\" alt=\"\" class=\"wp-image-106936 lazyload\" data-sizes=\"auto\" data-srcset=\"https:\/\/buletin.de\/bucuresti\/wp-content\/uploads\/conturi-gianina-serban-1.png 756w, https:\/\/buletin.de\/bucuresti\/wp-content\/uploads\/conturi-gianina-serban-1-300x102.png 300w, https:\/\/buletin.de\/bucuresti\/wp-content\/uploads\/conturi-gianina-serban-1-600x204.png 600w, https:\/\/buletin.de\/bucuresti\/wp-content\/uploads\/conturi-gianina-serban-1-20x7.png 20w\" sizes=\"(max-width: 756px) 100vw, 756px\" \/><\/a><\/figure>\n<\/figure>\n\n\n\n<ul class=\"wp-block-list\">\n<li>Venituri anuale \u00een valoare de peste 200.000 de euro:<\/li>\n<\/ul>\n\n\n\n<figure class=\"wp-block-gallery has-nested-images columns-1 is-cropped wp-block-gallery-3 is-layout-flex wp-block-gallery-is-layout-flex\">\n<figure class=\"wp-block-image size-large\"><a href=\"https:\/\/buletin.de\/bucuresti\/wp-content\/uploads\/venituri-gianina-serban-2.png\"><img loading=\"lazy\" decoding=\"async\" width=\"768\" height=\"118\" data-id=\"106938\" src=\"data:image\/gif;base64,R0lGODlhAQABAAAAACH5BAEKAAEALAAAAAABAAEAAAICTAEAOw==\" data-src=\"https:\/\/buletin.de\/bucuresti\/wp-content\/uploads\/venituri-gianina-serban-2.png\" alt=\"\" class=\"wp-image-106938 lazyload\" data-sizes=\"auto\" data-srcset=\"https:\/\/buletin.de\/bucuresti\/wp-content\/uploads\/venituri-gianina-serban-2.png 768w, https:\/\/buletin.de\/bucuresti\/wp-content\/uploads\/venituri-gianina-serban-2-300x46.png 300w, https:\/\/buletin.de\/bucuresti\/wp-content\/uploads\/venituri-gianina-serban-2-600x92.png 600w, https:\/\/buletin.de\/bucuresti\/wp-content\/uploads\/venituri-gianina-serban-2-20x3.png 20w\" sizes=\"(max-width: 768px) 100vw, 768px\" \/><\/a><\/figure>\n\n\n\n<figure class=\"wp-block-image size-large\"><a href=\"https:\/\/buletin.de\/bucuresti\/wp-content\/uploads\/venituri-gianina-serban-3.png\"><img loading=\"lazy\" decoding=\"async\" width=\"757\" height=\"100\" data-id=\"106939\" src=\"data:image\/gif;base64,R0lGODlhAQABAAAAACH5BAEKAAEALAAAAAABAAEAAAICTAEAOw==\" data-src=\"https:\/\/buletin.de\/bucuresti\/wp-content\/uploads\/venituri-gianina-serban-3.png\" alt=\"\" class=\"wp-image-106939 lazyload\" data-sizes=\"auto\" data-srcset=\"https:\/\/buletin.de\/bucuresti\/wp-content\/uploads\/venituri-gianina-serban-3.png 757w, https:\/\/buletin.de\/bucuresti\/wp-content\/uploads\/venituri-gianina-serban-3-300x40.png 300w, https:\/\/buletin.de\/bucuresti\/wp-content\/uploads\/venituri-gianina-serban-3-600x79.png 600w, https:\/\/buletin.de\/bucuresti\/wp-content\/uploads\/venituri-gianina-serban-3-20x3.png 20w\" sizes=\"(max-width: 757px) 100vw, 757px\" \/><\/a><\/figure>\n\n\n\n<figure class=\"wp-block-image size-large\"><a href=\"https:\/\/buletin.de\/bucuresti\/wp-content\/uploads\/venituri-gianina-serban-1.png\"><img loading=\"lazy\" decoding=\"async\" width=\"755\" height=\"130\" data-id=\"106940\" src=\"data:image\/gif;base64,R0lGODlhAQABAAAAACH5BAEKAAEALAAAAAABAAEAAAICTAEAOw==\" data-src=\"https:\/\/buletin.de\/bucuresti\/wp-content\/uploads\/venituri-gianina-serban-1.png\" alt=\"\" class=\"wp-image-106940 lazyload\" data-sizes=\"auto\" data-srcset=\"https:\/\/buletin.de\/bucuresti\/wp-content\/uploads\/venituri-gianina-serban-1.png 755w, https:\/\/buletin.de\/bucuresti\/wp-content\/uploads\/venituri-gianina-serban-1-300x52.png 300w, https:\/\/buletin.de\/bucuresti\/wp-content\/uploads\/venituri-gianina-serban-1-600x103.png 600w, https:\/\/buletin.de\/bucuresti\/wp-content\/uploads\/venituri-gianina-serban-1-20x3.png 20w\" sizes=\"(max-width: 755px) 100vw, 755px\" \/><\/a><\/figure>\n<\/figure>\n\n\n\n<p>Din <a href=\"https:\/\/old-declaratii.integritate.eu\/DownloadServlet?fileName=12238695_786164_a.pdf&amp;uniqueIdentifier=NTNTARTLNE_12238695\">declara\u021bia de interese a candidatei AUR<\/a>, din 2022, reiese doar calitatea de vicepre\u0219edinte a partidului AUR.<\/p>\n\n\n\n<h2 class=\"wp-block-heading\" id=\"h-sergiu-daniel-mihalcea-pozi\u021bia-i-pentru-locurile-din-senat-pentru-jude\u021bul-ilfov\"><strong>Sergiu-Daniel Mihalcea, pozi\u021bia I pentru locurile din Senat, pentru jude\u021bul Ilfov<\/strong><\/h2>\n\n\n\n<figure class=\"wp-block-image size-full\"><a href=\"https:\/\/buletin.de\/bucuresti\/wp-content\/uploads\/sergiu-mihalcea.jpg\"><img loading=\"lazy\" decoding=\"async\" width=\"809\" height=\"540\" src=\"data:image\/gif;base64,R0lGODlhAQABAAAAACH5BAEKAAEALAAAAAABAAEAAAICTAEAOw==\" data-src=\"https:\/\/buletin.de\/bucuresti\/wp-content\/uploads\/sergiu-mihalcea.jpg\" alt=\"\" class=\"wp-image-106941 lazyload\" data-sizes=\"auto\" data-srcset=\"https:\/\/buletin.de\/bucuresti\/wp-content\/uploads\/sergiu-mihalcea.jpg 809w, https:\/\/buletin.de\/bucuresti\/wp-content\/uploads\/sergiu-mihalcea-300x200.jpg 300w, https:\/\/buletin.de\/bucuresti\/wp-content\/uploads\/sergiu-mihalcea-768x513.jpg 768w, https:\/\/buletin.de\/bucuresti\/wp-content\/uploads\/sergiu-mihalcea-600x400.jpg 600w, https:\/\/buletin.de\/bucuresti\/wp-content\/uploads\/sergiu-mihalcea-20x13.jpg 20w\" sizes=\"(max-width: 809px) 100vw, 809px\" \/><\/a><figcaption class=\"wp-element-caption\">Foto. Facebook \/ Sergiu Mihalcea<\/figcaption><\/figure>\n\n\n\n<p>S-a n\u0103scut pe 2 mai 1979.&nbsp;<\/p>\n\n\n\n<p>Preg\u0103tirea academic\u0103 a lui Sergiu Mihalcea, \u00een conformitate cu <a href=\"https:\/\/doctorat.unibuc.ro\/wp-content\/uploads\/2019\/11\/C.V.-drd.-Sergiu-Mihalcea.pdf\">CV-ul candidatului<\/a>:<\/p>\n\n\n\n<ul class=\"wp-block-list\">\n<li>Doctorand la Facultatea de Filosofie, din cadrul UB, cu teza \u201eOmul \u00een epoca celei de-a doua oralit\u0103\u021bi\u201d, \u00eencep\u00e2nd cu anul 2017;<\/li>\n\n\n\n<li>A ob\u021binut diploma de masterat de la aceea\u0219i facultate, pe tema Istoria \u0219i Circula\u021bia Ideilor Filosofice\u201d, \u00een anul 2017;<\/li>\n\n\n\n<li>A urmat un curs postuniversitar la Colegiu Na\u021bional de Ap\u0103rare, din cadrul Universit\u0103\u021bii Na\u021bionale de Ap\u0103rare \u201eCarol I\u201d, \u00een anul 2017;<\/li>\n\n\n\n<li>Este licen\u021biat \u00een filosofie, dup\u0103 ce a urmat cursurile Universit\u0103\u021bii \u201eSpiru Haret\u201d, pe care le-a terminat \u00een 2003;<\/li>\n\n\n\n<li>A terminat liceul Bu\u0219teni, \u00een 1999.<\/li>\n<\/ul>\n\n\n\n<p>Pe plan profesional a ocupat urm\u0103toarele func\u021bii:<\/p>\n\n\n\n<ul class=\"wp-block-list\">\n<li>Jurnalist online pentru Evotv.ro, \u00eencep\u00e2nd cu anul 2007;<\/li>\n\n\n\n<li>Realizator tv pentru Prima Tv, \u00eentre 2005 \u0219i 2007;<\/li>\n\n\n\n<li>\u0218eful Sec\u021biei de Cultur\u0103 \u00een cadrul Realitatea Tv, \u00een perioada 2003-2005;<\/li>\n\n\n\n<li>Reporter \u0219i realizator Tv la Antena 1, \u00eentre 1999 \u0219i 2003.<\/li>\n<\/ul>\n\n\n\n<p>Declara\u021biile de avere \u0219i interese ale candidatului Sergiu Mihalcea nu sunt publice.&nbsp;<\/p>\n","protected":false},"excerpt":{"rendered":"<p>Pentru Bucure\u0219ti, 23 de partide \u0219i alian\u021be au depus listele candida\u021bilor propu\u0219i pentru alegerile parlamentare, \u00een circumscrip\u021bia Bucure\u0219ti. Pentru jude\u021bul Ilfov, 22 de forma\u021biuni politice \u0219i un independent au depus liste.&nbsp; Partidul Alian\u0163a pentru Unirea Rom\u00e2nilor (AUR) propune 53 de candida\u021bi pentru Bucure\u0219ti \u0219i al\u021bi 11 pentru jude\u021bul Ilfov.&nbsp; Listele sunt deschise de George Simion, [&hellip;]<\/p>\n","protected":false},"author":58,"featured_media":106943,"comment_status":"closed","ping_status":"open","sticky":false,"template":"","format":"standard","meta":{"_acf_changed":false,"inline_featured_image":false,"ngg_post_thumbnail":0,"footnotes":""},"categories":[6994,5762,9025],"tags":[4413,1694,2063,16555,11829,820,1180],"ppma_author":[22581],"class_list":["post-106923","post","type-post","status-publish","format-standard","has-post-thumbnail","hentry","category-stiri-2","category-main","category-politic","tag-alegeri-2024","tag-alegeri-parlamentare","tag-bucuresti-2","tag-camera-deputatilor-2","tag-candidati-2","tag-ilfov","tag-senat"],"acf":[],"yoast_head":"<!-- This site is optimized with the Yoast SEO Premium plugin v25.3 (Yoast SEO v27.4) - https:\/\/yoast.com\/product\/yoast-seo-premium-wordpress\/ -->\n<title>Parlamentare 2024 | AUR deschide lista la deputa\u0163i cu Simion, Becali \u015fi fiica lui Vadim. La Senat, cap de list\u0103 e Petri\u015for Peiu - Buletin de Bucure\u0219ti<\/title>\n<meta name=\"description\" content=\"Partidul Alian\u0163a pentru Unirea Rom\u00e2nilor (AUR) propune 53 de candida\u021bi pentru Bucure\u0219ti \u0219i al\u021bi 11 pentru jude\u021bul Ilfov.\u00a0\" \/>\n<meta name=\"robots\" content=\"index, follow, max-snippet:-1, max-image-preview:large, max-video-preview:-1\" \/>\n<link rel=\"canonical\" href=\"https:\/\/buletin.de\/bucuresti\/parlamentare-bucuresti-aur-deschide-lista-la-deputati-cu-simion-becali-si-fiica-lui-vadim-la-senat-cap-de-lista-e-petrisor-peiu\/\" \/>\n<meta property=\"og:locale\" content=\"en_GB\" \/>\n<meta property=\"og:type\" content=\"article\" \/>\n<meta property=\"og:title\" content=\"Parlamentare 2024 | AUR deschide lista la deputa\u0163i cu Simion, Becali \u015fi fiica lui Vadim. La Senat, cap de list\u0103 e Petri\u015for Peiu\" \/>\n<meta property=\"og:description\" content=\"Partidul Alian\u0163a pentru Unirea Rom\u00e2nilor (AUR) propune 53 de candida\u021bi pentru Bucure\u0219ti \u0219i al\u021bi 11 pentru jude\u021bul Ilfov.\u00a0\" \/>\n<meta property=\"og:url\" content=\"https:\/\/buletin.de\/bucuresti\/parlamentare-bucuresti-aur-deschide-lista-la-deputati-cu-simion-becali-si-fiica-lui-vadim-la-senat-cap-de-lista-e-petrisor-peiu\/\" \/>\n<meta property=\"og:site_name\" content=\"Buletin de Bucure\u0219ti\" \/>\n<meta property=\"article:publisher\" content=\"https:\/\/www.facebook.com\/buletin.de.buc\" \/>\n<meta property=\"article:published_time\" content=\"2024-11-19T08:00:00+00:00\" \/>\n<meta property=\"article:modified_time\" content=\"2024-11-20T14:04:20+00:00\" \/>\n<meta property=\"og:image\" content=\"https:\/\/buletin.de\/bucuresti\/wp-content\/uploads\/Untitled-design-8-2-900x506.png\" \/>\n\t<meta property=\"og:image:width\" content=\"900\" \/>\n\t<meta property=\"og:image:height\" content=\"506\" \/>\n\t<meta property=\"og:image:type\" content=\"image\/png\" \/>\n<meta name=\"author\" content=\"Ana Anghel-Dimache\" \/>\n<meta name=\"twitter:card\" content=\"summary_large_image\" \/>\n<meta name=\"twitter:label1\" content=\"Written by\" \/>\n\t<meta name=\"twitter:data1\" content=\"Ana Anghel-Dimache\" \/>\n\t<meta name=\"twitter:label2\" content=\"Estimated reading time\" \/>\n\t<meta name=\"twitter:data2\" content=\"14 minutes\" \/>\n<script type=\"application\/ld+json\" class=\"yoast-schema-graph\">{\"@context\":\"https:\\\/\\\/schema.org\",\"@graph\":[{\"@type\":\"Article\",\"@id\":\"https:\\\/\\\/buletin.de\\\/bucuresti\\\/parlamentare-bucuresti-aur-deschide-lista-la-deputati-cu-simion-becali-si-fiica-lui-vadim-la-senat-cap-de-lista-e-petrisor-peiu\\\/#article\",\"isPartOf\":{\"@id\":\"https:\\\/\\\/buletin.de\\\/bucuresti\\\/parlamentare-bucuresti-aur-deschide-lista-la-deputati-cu-simion-becali-si-fiica-lui-vadim-la-senat-cap-de-lista-e-petrisor-peiu\\\/\"},\"author\":{\"name\":\"Ana Anghel-Dimache\",\"@id\":\"https:\\\/\\\/buletin.de\\\/bucuresti\\\/#\\\/schema\\\/person\\\/359459245996e200ed7c807f71f0551a\"},\"headline\":\"Parlamentare 2024 | AUR deschide lista la deputa\u0163i cu Simion, Becali \u015fi fiica lui Vadim. La Senat, cap de list\u0103 e Petri\u015for Peiu\",\"datePublished\":\"2024-11-19T08:00:00+00:00\",\"dateModified\":\"2024-11-20T14:04:20+00:00\",\"mainEntityOfPage\":{\"@id\":\"https:\\\/\\\/buletin.de\\\/bucuresti\\\/parlamentare-bucuresti-aur-deschide-lista-la-deputati-cu-simion-becali-si-fiica-lui-vadim-la-senat-cap-de-lista-e-petrisor-peiu\\\/\"},\"wordCount\":2335,\"publisher\":{\"@id\":\"https:\\\/\\\/buletin.de\\\/bucuresti\\\/#organization\"},\"image\":{\"@id\":\"https:\\\/\\\/buletin.de\\\/bucuresti\\\/parlamentare-bucuresti-aur-deschide-lista-la-deputati-cu-simion-becali-si-fiica-lui-vadim-la-senat-cap-de-lista-e-petrisor-peiu\\\/#primaryimage\"},\"thumbnailUrl\":\"https:\\\/\\\/buletin.de\\\/bucuresti\\\/wp-content\\\/uploads\\\/Untitled-design-8-2.png\",\"keywords\":[\"alegeri 2024\",\"Alegeri Parlamentare\",\"Bucure\u0219ti\",\"Camera Deputa\u021bilor\",\"Candida\u021bi\",\"Ilfov\",\"senat\"],\"articleSection\":[\"Articole\",\"Main\",\"Politic\"],\"inLanguage\":\"en-GB\",\"copyrightYear\":\"2024\",\"copyrightHolder\":{\"@id\":\"https:\\\/\\\/buletin.de\\\/bucuresti\\\/#organization\"}},{\"@type\":\"WebPage\",\"@id\":\"https:\\\/\\\/buletin.de\\\/bucuresti\\\/parlamentare-bucuresti-aur-deschide-lista-la-deputati-cu-simion-becali-si-fiica-lui-vadim-la-senat-cap-de-lista-e-petrisor-peiu\\\/\",\"url\":\"https:\\\/\\\/buletin.de\\\/bucuresti\\\/parlamentare-bucuresti-aur-deschide-lista-la-deputati-cu-simion-becali-si-fiica-lui-vadim-la-senat-cap-de-lista-e-petrisor-peiu\\\/\",\"name\":\"Parlamentare 2024 | AUR deschide lista la deputa\u0163i cu Simion, Becali \u015fi fiica lui Vadim. La Senat, cap de list\u0103 e Petri\u015for Peiu - Buletin de Bucure\u0219ti\",\"isPartOf\":{\"@id\":\"https:\\\/\\\/buletin.de\\\/bucuresti\\\/#website\"},\"primaryImageOfPage\":{\"@id\":\"https:\\\/\\\/buletin.de\\\/bucuresti\\\/parlamentare-bucuresti-aur-deschide-lista-la-deputati-cu-simion-becali-si-fiica-lui-vadim-la-senat-cap-de-lista-e-petrisor-peiu\\\/#primaryimage\"},\"image\":{\"@id\":\"https:\\\/\\\/buletin.de\\\/bucuresti\\\/parlamentare-bucuresti-aur-deschide-lista-la-deputati-cu-simion-becali-si-fiica-lui-vadim-la-senat-cap-de-lista-e-petrisor-peiu\\\/#primaryimage\"},\"thumbnailUrl\":\"https:\\\/\\\/buletin.de\\\/bucuresti\\\/wp-content\\\/uploads\\\/Untitled-design-8-2.png\",\"datePublished\":\"2024-11-19T08:00:00+00:00\",\"dateModified\":\"2024-11-20T14:04:20+00:00\",\"description\":\"Partidul Alian\u0163a pentru Unirea Rom\u00e2nilor (AUR) propune 53 de candida\u021bi pentru Bucure\u0219ti \u0219i al\u021bi 11 pentru jude\u021bul Ilfov.\u00a0\",\"breadcrumb\":{\"@id\":\"https:\\\/\\\/buletin.de\\\/bucuresti\\\/parlamentare-bucuresti-aur-deschide-lista-la-deputati-cu-simion-becali-si-fiica-lui-vadim-la-senat-cap-de-lista-e-petrisor-peiu\\\/#breadcrumb\"},\"inLanguage\":\"en-GB\",\"potentialAction\":[{\"@type\":\"ReadAction\",\"target\":[\"https:\\\/\\\/buletin.de\\\/bucuresti\\\/parlamentare-bucuresti-aur-deschide-lista-la-deputati-cu-simion-becali-si-fiica-lui-vadim-la-senat-cap-de-lista-e-petrisor-peiu\\\/\"]}]},{\"@type\":\"ImageObject\",\"inLanguage\":\"en-GB\",\"@id\":\"https:\\\/\\\/buletin.de\\\/bucuresti\\\/parlamentare-bucuresti-aur-deschide-lista-la-deputati-cu-simion-becali-si-fiica-lui-vadim-la-senat-cap-de-lista-e-petrisor-peiu\\\/#primaryimage\",\"url\":\"https:\\\/\\\/buletin.de\\\/bucuresti\\\/wp-content\\\/uploads\\\/Untitled-design-8-2.png\",\"contentUrl\":\"https:\\\/\\\/buletin.de\\\/bucuresti\\\/wp-content\\\/uploads\\\/Untitled-design-8-2.png\",\"width\":1920,\"height\":1080,\"caption\":\"Parlamentare Bucure\u0219ti | AUR. Foto: colaj Inquam Photos\"},{\"@type\":\"BreadcrumbList\",\"@id\":\"https:\\\/\\\/buletin.de\\\/bucuresti\\\/parlamentare-bucuresti-aur-deschide-lista-la-deputati-cu-simion-becali-si-fiica-lui-vadim-la-senat-cap-de-lista-e-petrisor-peiu\\\/#breadcrumb\",\"itemListElement\":[{\"@type\":\"ListItem\",\"position\":1,\"name\":\"Acas\u0103\",\"item\":\"https:\\\/\\\/buletin.de\\\/bucuresti\\\/\"},{\"@type\":\"ListItem\",\"position\":2,\"name\":\"Parlamentare 2024 | AUR deschide lista la deputa\u0163i cu Simion, Becali \u015fi fiica lui Vadim. La Senat, cap de list\u0103 e Petri\u015for Peiu\"}]},{\"@type\":\"WebSite\",\"@id\":\"https:\\\/\\\/buletin.de\\\/bucuresti\\\/#website\",\"url\":\"https:\\\/\\\/buletin.de\\\/bucuresti\\\/\",\"name\":\"Buletin de Bucure\u0219ti\",\"description\":\"\u0218tiri \u0219i investiga\u021bii esen\u021biale din capital\u0103\",\"publisher\":{\"@id\":\"https:\\\/\\\/buletin.de\\\/bucuresti\\\/#organization\"},\"potentialAction\":[{\"@type\":\"SearchAction\",\"target\":{\"@type\":\"EntryPoint\",\"urlTemplate\":\"https:\\\/\\\/buletin.de\\\/bucuresti\\\/?s={search_term_string}\"},\"query-input\":{\"@type\":\"PropertyValueSpecification\",\"valueRequired\":true,\"valueName\":\"search_term_string\"}}],\"inLanguage\":\"en-GB\"},{\"@type\":\"Organization\",\"@id\":\"https:\\\/\\\/buletin.de\\\/bucuresti\\\/#organization\",\"name\":\"Buletin de Bucure\u0219ti\",\"url\":\"https:\\\/\\\/buletin.de\\\/bucuresti\\\/\",\"logo\":{\"@type\":\"ImageObject\",\"inLanguage\":\"en-GB\",\"@id\":\"https:\\\/\\\/buletin.de\\\/bucuresti\\\/#\\\/schema\\\/logo\\\/image\\\/\",\"url\":\"https:\\\/\\\/buletin.de\\\/bucuresti\\\/wp-content\\\/uploads\\\/logo-bdb-full-wide-vernil-transparent.png\",\"contentUrl\":\"https:\\\/\\\/buletin.de\\\/bucuresti\\\/wp-content\\\/uploads\\\/logo-bdb-full-wide-vernil-transparent.png\",\"width\":1782,\"height\":626,\"caption\":\"Buletin de Bucure\u0219ti\"},\"image\":{\"@id\":\"https:\\\/\\\/buletin.de\\\/bucuresti\\\/#\\\/schema\\\/logo\\\/image\\\/\"},\"sameAs\":[\"https:\\\/\\\/www.facebook.com\\\/buletin.de.buc\",\"https:\\\/\\\/www.instagram.com\\\/buletinde.bucuresti\\\/\"]},{\"@type\":\"Person\",\"@id\":\"https:\\\/\\\/buletin.de\\\/bucuresti\\\/#\\\/schema\\\/person\\\/359459245996e200ed7c807f71f0551a\",\"name\":\"Ana Anghel-Dimache\",\"image\":{\"@type\":\"ImageObject\",\"inLanguage\":\"en-GB\",\"@id\":\"https:\\\/\\\/buletin.de\\\/bucuresti\\\/wp-content\\\/uploads\\\/Ana-Anghel-Dimache-96x96.jpg861145fc2c4f1fe57dc81b59a6cfb674\",\"url\":\"https:\\\/\\\/buletin.de\\\/bucuresti\\\/wp-content\\\/uploads\\\/Ana-Anghel-Dimache-96x96.jpg\",\"contentUrl\":\"https:\\\/\\\/buletin.de\\\/bucuresti\\\/wp-content\\\/uploads\\\/Ana-Anghel-Dimache-96x96.jpg\",\"caption\":\"Ana Anghel-Dimache\"},\"description\":\"Sunt student\u0103 la jurnalism \u0219i m-am n\u0103scut \u00een Bucure\u0219ti, ora\u0219 plin de pove\u0219ti care merit\u0103 explorate. \u00cemi place s\u0103 scriu despre subiecte politice, de mediu \u0219i legate de transportul din Capital\u0103. \u00cencerc s\u0103 pictez o imagine c\u00e2t mai sincer\u0103 a realit\u0103\u021bii \u0219i sus\u021bin presa independent\u0103 pentru c\u0103 este esen\u021bial s\u0103 pot reda faptele \u00een formele lor adev\u0103rate.\",\"url\":\"https:\\\/\\\/buletin.de\\\/bucuresti\\\/author\\\/ana-dimache\\\/\"}]}<\/script>\n<!-- \/ Yoast SEO Premium plugin. -->","yoast_head_json":{"title":"Parlamentare 2024 | AUR deschide lista la deputa\u0163i cu Simion, Becali \u015fi fiica lui Vadim. La Senat, cap de list\u0103 e Petri\u015for Peiu - Buletin de Bucure\u0219ti","description":"Partidul Alian\u0163a pentru Unirea Rom\u00e2nilor (AUR) propune 53 de candida\u021bi pentru Bucure\u0219ti \u0219i al\u021bi 11 pentru jude\u021bul Ilfov.\u00a0","robots":{"index":"index","follow":"follow","max-snippet":"max-snippet:-1","max-image-preview":"max-image-preview:large","max-video-preview":"max-video-preview:-1"},"canonical":"https:\/\/buletin.de\/bucuresti\/parlamentare-bucuresti-aur-deschide-lista-la-deputati-cu-simion-becali-si-fiica-lui-vadim-la-senat-cap-de-lista-e-petrisor-peiu\/","og_locale":"en_GB","og_type":"article","og_title":"Parlamentare 2024 | AUR deschide lista la deputa\u0163i cu Simion, Becali \u015fi fiica lui Vadim. La Senat, cap de list\u0103 e Petri\u015for Peiu","og_description":"Partidul Alian\u0163a pentru Unirea Rom\u00e2nilor (AUR) propune 53 de candida\u021bi pentru Bucure\u0219ti \u0219i al\u021bi 11 pentru jude\u021bul Ilfov.\u00a0","og_url":"https:\/\/buletin.de\/bucuresti\/parlamentare-bucuresti-aur-deschide-lista-la-deputati-cu-simion-becali-si-fiica-lui-vadim-la-senat-cap-de-lista-e-petrisor-peiu\/","og_site_name":"Buletin de Bucure\u0219ti","article_publisher":"https:\/\/www.facebook.com\/buletin.de.buc","article_published_time":"2024-11-19T08:00:00+00:00","article_modified_time":"2024-11-20T14:04:20+00:00","og_image":[{"width":900,"height":506,"url":"https:\/\/buletin.de\/bucuresti\/wp-content\/uploads\/Untitled-design-8-2-900x506.png","type":"image\/png"}],"author":"Ana Anghel-Dimache","twitter_card":"summary_large_image","twitter_misc":{"Written by":"Ana Anghel-Dimache","Estimated reading time":"14 minutes"},"schema":{"@context":"https:\/\/schema.org","@graph":[{"@type":"Article","@id":"https:\/\/buletin.de\/bucuresti\/parlamentare-bucuresti-aur-deschide-lista-la-deputati-cu-simion-becali-si-fiica-lui-vadim-la-senat-cap-de-lista-e-petrisor-peiu\/#article","isPartOf":{"@id":"https:\/\/buletin.de\/bucuresti\/parlamentare-bucuresti-aur-deschide-lista-la-deputati-cu-simion-becali-si-fiica-lui-vadim-la-senat-cap-de-lista-e-petrisor-peiu\/"},"author":{"name":"Ana Anghel-Dimache","@id":"https:\/\/buletin.de\/bucuresti\/#\/schema\/person\/359459245996e200ed7c807f71f0551a"},"headline":"Parlamentare 2024 | AUR deschide lista la deputa\u0163i cu Simion, Becali \u015fi fiica lui Vadim. La Senat, cap de list\u0103 e Petri\u015for Peiu","datePublished":"2024-11-19T08:00:00+00:00","dateModified":"2024-11-20T14:04:20+00:00","mainEntityOfPage":{"@id":"https:\/\/buletin.de\/bucuresti\/parlamentare-bucuresti-aur-deschide-lista-la-deputati-cu-simion-becali-si-fiica-lui-vadim-la-senat-cap-de-lista-e-petrisor-peiu\/"},"wordCount":2335,"publisher":{"@id":"https:\/\/buletin.de\/bucuresti\/#organization"},"image":{"@id":"https:\/\/buletin.de\/bucuresti\/parlamentare-bucuresti-aur-deschide-lista-la-deputati-cu-simion-becali-si-fiica-lui-vadim-la-senat-cap-de-lista-e-petrisor-peiu\/#primaryimage"},"thumbnailUrl":"https:\/\/buletin.de\/bucuresti\/wp-content\/uploads\/Untitled-design-8-2.png","keywords":["alegeri 2024","Alegeri Parlamentare","Bucure\u0219ti","Camera Deputa\u021bilor","Candida\u021bi","Ilfov","senat"],"articleSection":["Articole","Main","Politic"],"inLanguage":"en-GB","copyrightYear":"2024","copyrightHolder":{"@id":"https:\/\/buletin.de\/bucuresti\/#organization"}},{"@type":"WebPage","@id":"https:\/\/buletin.de\/bucuresti\/parlamentare-bucuresti-aur-deschide-lista-la-deputati-cu-simion-becali-si-fiica-lui-vadim-la-senat-cap-de-lista-e-petrisor-peiu\/","url":"https:\/\/buletin.de\/bucuresti\/parlamentare-bucuresti-aur-deschide-lista-la-deputati-cu-simion-becali-si-fiica-lui-vadim-la-senat-cap-de-lista-e-petrisor-peiu\/","name":"Parlamentare 2024 | AUR deschide lista la deputa\u0163i cu Simion, Becali \u015fi fiica lui Vadim. La Senat, cap de list\u0103 e Petri\u015for Peiu - Buletin de Bucure\u0219ti","isPartOf":{"@id":"https:\/\/buletin.de\/bucuresti\/#website"},"primaryImageOfPage":{"@id":"https:\/\/buletin.de\/bucuresti\/parlamentare-bucuresti-aur-deschide-lista-la-deputati-cu-simion-becali-si-fiica-lui-vadim-la-senat-cap-de-lista-e-petrisor-peiu\/#primaryimage"},"image":{"@id":"https:\/\/buletin.de\/bucuresti\/parlamentare-bucuresti-aur-deschide-lista-la-deputati-cu-simion-becali-si-fiica-lui-vadim-la-senat-cap-de-lista-e-petrisor-peiu\/#primaryimage"},"thumbnailUrl":"https:\/\/buletin.de\/bucuresti\/wp-content\/uploads\/Untitled-design-8-2.png","datePublished":"2024-11-19T08:00:00+00:00","dateModified":"2024-11-20T14:04:20+00:00","description":"Partidul Alian\u0163a pentru Unirea Rom\u00e2nilor (AUR) propune 53 de candida\u021bi pentru Bucure\u0219ti \u0219i al\u021bi 11 pentru jude\u021bul Ilfov.\u00a0","breadcrumb":{"@id":"https:\/\/buletin.de\/bucuresti\/parlamentare-bucuresti-aur-deschide-lista-la-deputati-cu-simion-becali-si-fiica-lui-vadim-la-senat-cap-de-lista-e-petrisor-peiu\/#breadcrumb"},"inLanguage":"en-GB","potentialAction":[{"@type":"ReadAction","target":["https:\/\/buletin.de\/bucuresti\/parlamentare-bucuresti-aur-deschide-lista-la-deputati-cu-simion-becali-si-fiica-lui-vadim-la-senat-cap-de-lista-e-petrisor-peiu\/"]}]},{"@type":"ImageObject","inLanguage":"en-GB","@id":"https:\/\/buletin.de\/bucuresti\/parlamentare-bucuresti-aur-deschide-lista-la-deputati-cu-simion-becali-si-fiica-lui-vadim-la-senat-cap-de-lista-e-petrisor-peiu\/#primaryimage","url":"https:\/\/buletin.de\/bucuresti\/wp-content\/uploads\/Untitled-design-8-2.png","contentUrl":"https:\/\/buletin.de\/bucuresti\/wp-content\/uploads\/Untitled-design-8-2.png","width":1920,"height":1080,"caption":"Parlamentare Bucure\u0219ti | AUR. Foto: colaj Inquam Photos"},{"@type":"BreadcrumbList","@id":"https:\/\/buletin.de\/bucuresti\/parlamentare-bucuresti-aur-deschide-lista-la-deputati-cu-simion-becali-si-fiica-lui-vadim-la-senat-cap-de-lista-e-petrisor-peiu\/#breadcrumb","itemListElement":[{"@type":"ListItem","position":1,"name":"Acas\u0103","item":"https:\/\/buletin.de\/bucuresti\/"},{"@type":"ListItem","position":2,"name":"Parlamentare 2024 | AUR deschide lista la deputa\u0163i cu Simion, Becali \u015fi fiica lui Vadim. La Senat, cap de list\u0103 e Petri\u015for Peiu"}]},{"@type":"WebSite","@id":"https:\/\/buletin.de\/bucuresti\/#website","url":"https:\/\/buletin.de\/bucuresti\/","name":"Buletin de Bucure\u0219ti","description":"\u0218tiri \u0219i investiga\u021bii esen\u021biale din capital\u0103","publisher":{"@id":"https:\/\/buletin.de\/bucuresti\/#organization"},"potentialAction":[{"@type":"SearchAction","target":{"@type":"EntryPoint","urlTemplate":"https:\/\/buletin.de\/bucuresti\/?s={search_term_string}"},"query-input":{"@type":"PropertyValueSpecification","valueRequired":true,"valueName":"search_term_string"}}],"inLanguage":"en-GB"},{"@type":"Organization","@id":"https:\/\/buletin.de\/bucuresti\/#organization","name":"Buletin de Bucure\u0219ti","url":"https:\/\/buletin.de\/bucuresti\/","logo":{"@type":"ImageObject","inLanguage":"en-GB","@id":"https:\/\/buletin.de\/bucuresti\/#\/schema\/logo\/image\/","url":"https:\/\/buletin.de\/bucuresti\/wp-content\/uploads\/logo-bdb-full-wide-vernil-transparent.png","contentUrl":"https:\/\/buletin.de\/bucuresti\/wp-content\/uploads\/logo-bdb-full-wide-vernil-transparent.png","width":1782,"height":626,"caption":"Buletin de Bucure\u0219ti"},"image":{"@id":"https:\/\/buletin.de\/bucuresti\/#\/schema\/logo\/image\/"},"sameAs":["https:\/\/www.facebook.com\/buletin.de.buc","https:\/\/www.instagram.com\/buletinde.bucuresti\/"]},{"@type":"Person","@id":"https:\/\/buletin.de\/bucuresti\/#\/schema\/person\/359459245996e200ed7c807f71f0551a","name":"Ana Anghel-Dimache","image":{"@type":"ImageObject","inLanguage":"en-GB","@id":"https:\/\/buletin.de\/bucuresti\/wp-content\/uploads\/Ana-Anghel-Dimache-96x96.jpg861145fc2c4f1fe57dc81b59a6cfb674","url":"https:\/\/buletin.de\/bucuresti\/wp-content\/uploads\/Ana-Anghel-Dimache-96x96.jpg","contentUrl":"https:\/\/buletin.de\/bucuresti\/wp-content\/uploads\/Ana-Anghel-Dimache-96x96.jpg","caption":"Ana Anghel-Dimache"},"description":"Sunt student\u0103 la jurnalism \u0219i m-am n\u0103scut \u00een Bucure\u0219ti, ora\u0219 plin de pove\u0219ti care merit\u0103 explorate. \u00cemi place s\u0103 scriu despre subiecte politice, de mediu \u0219i legate de transportul din Capital\u0103. \u00cencerc s\u0103 pictez o imagine c\u00e2t mai sincer\u0103 a realit\u0103\u021bii \u0219i sus\u021bin presa independent\u0103 pentru c\u0103 este esen\u021bial s\u0103 pot reda faptele \u00een formele lor adev\u0103rate.","url":"https:\/\/buletin.de\/bucuresti\/author\/ana-dimache\/"}]}},"authors":[{"term_id":22581,"user_id":58,"is_guest":0,"slug":"ana-dimache","display_name":"Ana Anghel-Dimache","avatar_url":"https:\/\/buletin.de\/bucuresti\/wp-content\/uploads\/Ana-Anghel-Dimache-96x96.jpg","0":null,"1":"","2":"","3":"","4":"","5":"","6":"","7":"","8":""}],"_links":{"self":[{"href":"https:\/\/buletin.de\/bucuresti\/wp-json\/wp\/v2\/posts\/106923","targetHints":{"allow":["GET"]}}],"collection":[{"href":"https:\/\/buletin.de\/bucuresti\/wp-json\/wp\/v2\/posts"}],"about":[{"href":"https:\/\/buletin.de\/bucuresti\/wp-json\/wp\/v2\/types\/post"}],"author":[{"embeddable":true,"href":"https:\/\/buletin.de\/bucuresti\/wp-json\/wp\/v2\/users\/58"}],"replies":[{"embeddable":true,"href":"https:\/\/buletin.de\/bucuresti\/wp-json\/wp\/v2\/comments?post=106923"}],"version-history":[{"count":3,"href":"https:\/\/buletin.de\/bucuresti\/wp-json\/wp\/v2\/posts\/106923\/revisions"}],"predecessor-version":[{"id":107186,"href":"https:\/\/buletin.de\/bucuresti\/wp-json\/wp\/v2\/posts\/106923\/revisions\/107186"}],"wp:featuredmedia":[{"embeddable":true,"href":"https:\/\/buletin.de\/bucuresti\/wp-json\/wp\/v2\/media\/106943"}],"wp:attachment":[{"href":"https:\/\/buletin.de\/bucuresti\/wp-json\/wp\/v2\/media?parent=106923"}],"wp:term":[{"taxonomy":"category","embeddable":true,"href":"https:\/\/buletin.de\/bucuresti\/wp-json\/wp\/v2\/categories?post=106923"},{"taxonomy":"post_tag","embeddable":true,"href":"https:\/\/buletin.de\/bucuresti\/wp-json\/wp\/v2\/tags?post=106923"},{"taxonomy":"author","embeddable":true,"href":"https:\/\/buletin.de\/bucuresti\/wp-json\/wp\/v2\/ppma_author?post=106923"}],"curies":[{"name":"wp","href":"https:\/\/api.w.org\/{rel}","templated":true}]}}