{"id":106905,"date":"2024-11-19T07:59:58","date_gmt":"2024-11-19T04:59:58","guid":{"rendered":"https:\/\/buletin.de\/bucuresti\/?p=106905"},"modified":"2024-11-19T07:59:59","modified_gmt":"2024-11-19T04:59:59","slug":"rata-somajului","status":"publish","type":"post","link":"https:\/\/buletin.de\/bucuresti\/rata-somajului\/","title":{"rendered":"AMOFM | Rata \u0219omajului scade nesemnificativ, \u00een Capital\u0103"},"content":{"rendered":"\n<p><strong><a href=\"https:\/\/www.anofm.ro\/bucuresti\/\">Agen\u021bia Na\u021bional\u0103 de Ocuparea For\u021bei de Munc\u0103<\/a>, filiala Bucure\u0219ti, a dat ultimele date cu privire la rata \u0219omajului, \u00een octombrie, \u00een capital\u0103. ANOFM Bucure\u0219ti anun\u021b\u0103 un num\u0103r de 9.501 \u0219omeri.<\/strong><\/p>\n\n\n\n<p>Comparativ cu luna precedent\u0103, c\u00e2nd rata \u015fomajului a fost de 0,78%, \u00een octombrie indicatorul s-a diminuat foarte pu\u021bin, conform unui comunicat al AMOFM Bucure\u015fti.<\/p>\n\n\n\n<p>Dintre cei 9.501 \u015fomeri, 5.431 erau femei. De asemenea, 1.600 erau beneficiari de indemniza\u0163ie de \u015fomaj, iar 7.901 erau \u015fomeri neindemniza\u0163i.<\/p>\n\n\n\n<p><strong>Din punct de vedere al v\u00e2rstei, num\u0103rul \u0219omerilor a fost urm\u0103torul:<\/strong><\/p>\n\n\n\n<ul class=\"wp-block-list\">\n<li>40-49 de ani-2.391 persoane;<\/li>\n\n\n\n<li>50-55 de ani-2.192 persoane;<\/li>\n\n\n\n<li>30-39 de ani-2.068 persoane;<\/li>\n\n\n\n<li>sub 25 de ani-316 persoane.<\/li>\n<\/ul>\n\n\n\n<p><strong>Rata \u0219omajului pe nivel de studii:<\/strong><\/p>\n\n\n\n<ul class=\"wp-block-list\">\n<li>\u015fomeri cu studii liceale-38,50%;<\/li>\n\n\n\n<li>\u015fomeri cu studii superioare-26,44%;<\/li>\n\n\n\n<li>\u015fomeri care au studii gimnaziale-14,55%;<\/li>\n\n\n\n<li>\u015fomeri cu studii postliceale-2,34%;<\/li>\n\n\n\n<li>\u015fomeri cu studii primare \u015fi f\u0103r\u0103 studii-0,49%;<\/li>\n\n\n\n<li>\u015fomeri cu \u015fcoala profesional\u0103\/de arte \u015fi meserii-17,68%.<\/li>\n<\/ul>\n\n\n\n<p> <strong>Structura \u0219omerilor \u00eenregistra\u021bi pe nivel de ocupabilitate:<\/strong><\/p>\n\n\n\n<ul class=\"wp-block-list\">\n<li>1.583 persoane foarte greu ocupabile;<\/li>\n\n\n\n<li>2.835 greu ocupabile, 2.896 mediu ocupabile;<\/li>\n\n\n\n<li>2.187 erau persoane u\u015for ocupabile.<\/li>\n<\/ul>\n\n\n\n<p>\u00cencadrarea \u00eentr-o astfel de categorie se realizeaz\u0103 ca urmare a activit\u0103\u0163ilor prestate de persoanele \u00eenregistrate \u00een eviden\u0163ele institu\u0163iei.<\/p>\n\n\n\n<h2 class=\"wp-block-heading\" id=\"h-rata-\u0219omajului-constanta-\u0219i-la-inceputul-anului\">Rata \u0219omajului, constant\u0103 \u0219i la \u00eenceputul anului<\/h2>\n\n\n\n<p><strong>Agen\u021bia Municipal\u0103 pentru Ocuparea For\u021bei de Munc\u0103 (AMOFM) Bucure\u0219ti a publicat, \u00een februarie, o nou\u0103 analiz\u0103 privind rata \u0219omajului \u00een Capital\u0103. Datele au vizat luna ianuarie a acestui an.<\/strong><\/p>\n\n\n\n<p>Datele ar\u0103tau c\u0103, din totalul de 10.802 persoane \u00eenregistrate \u00een eviden\u021bele statului, 1.708 au beneficiat de indemniza\u021bia de \u0219omaj iar 9.094 erau \u0219omeri neindemniza\u021bi. Cei care se afl\u0103 \u00een eviden\u021be provin din mediul urban.<\/p>\n\n\n\n<p>Cei mai mul\u021bi \u0219omeri pe care Agen\u021bia \u00eei  avea \u00eenregistra\u021bi au studii liceale: 32,33%.&nbsp;Urmeaz\u0103 cei cu studii superioare 28,96%, iar 18,67% au absolvit \u015fcoala profesional\u0103\/de arte \u015fi meserii.<\/p>\n\n\n\n<p>\u015eomerii care au studii gimnaziale au o pondere de 16,98% din totalul celor \u00eenregistra\u0163i, cei cu studii postliceale sunt 2,18%, iar cei cu studii primare \u015fi f\u0103r\u0103 studii, 0,88%.<\/p>\n\n\n\n<p>\u00cen func\u021bie de meserie \u0219i posibilitatea ocup\u0103rii unui loc de munc\u0103, structura \u0219omerilor are urm\u0103toarele componente:<\/p>\n\n\n\n<ul class=\"wp-block-list\">\n<li>1.809 persoane foarte greu ocupabile;<\/li>\n\n\n\n<li>3.507 greu ocupabile;<\/li>\n\n\n\n<li>3.006 mediu ocupabile;<\/li>\n\n\n\n<li>2.480 sunt persoane u\u015for ocupabile.<\/li>\n<\/ul>\n","protected":false},"excerpt":{"rendered":"<p>Agen\u021bia Na\u021bional\u0103 de Ocuparea For\u021bei de Munc\u0103, filiala Bucure\u0219ti, a dat ultimele date cu privire la rata \u0219omajului, \u00een octombrie, \u00een capital\u0103. ANOFM Bucure\u0219ti anun\u021b\u0103 un num\u0103r de 9.501 \u0219omeri. Comparativ cu luna precedent\u0103, c\u00e2nd rata \u015fomajului a fost de 0,78%, \u00een octombrie indicatorul s-a diminuat foarte pu\u021bin, conform unui comunicat al AMOFM Bucure\u015fti. Dintre [&hellip;]<\/p>\n","protected":false},"author":49,"featured_media":106917,"comment_status":"closed","ping_status":"open","sticky":false,"template":"","format":"standard","meta":{"_acf_changed":false,"inline_featured_image":false,"ngg_post_thumbnail":0,"footnotes":""},"categories":[6994,62],"tags":[9866,16938,9869,16939],"ppma_author":[22574],"class_list":["post-106905","post","type-post","status-publish","format-standard","has-post-thumbnail","hentry","category-stiri-2","category-stiri","tag-amofm","tag-anofm","tag-rata-somajului","tag-rata-somajului-bucuresti"],"acf":[],"yoast_head":"<!-- This site is optimized with the Yoast SEO Premium plugin v25.3 (Yoast SEO v27.4) - https:\/\/yoast.com\/product\/yoast-seo-premium-wordpress\/ -->\n<title>AMOFM | Rata \u0219omajului scade nesemnificativ, \u00een Capital\u0103 - Buletin de Bucure\u0219ti<\/title>\n<meta name=\"description\" content=\"Rata \u0219omajului. Agen\u021bia Na\u021bional\u0103 de Ocuparea For\u021bei de Munc\u0103, filiala Bucure\u0219ti a dat ultimele date cu privire la rata \u0219omajului.\" \/>\n<meta name=\"robots\" content=\"index, follow, max-snippet:-1, max-image-preview:large, max-video-preview:-1\" \/>\n<link rel=\"canonical\" href=\"https:\/\/buletin.de\/bucuresti\/rata-somajului\/\" \/>\n<meta property=\"og:locale\" content=\"en_GB\" \/>\n<meta property=\"og:type\" content=\"article\" \/>\n<meta property=\"og:title\" content=\"AMOFM | Rata \u0219omajului scade nesemnificativ, \u00een Capital\u0103\" \/>\n<meta property=\"og:description\" content=\"Rata \u0219omajului. Agen\u021bia Na\u021bional\u0103 de Ocuparea For\u021bei de Munc\u0103, filiala Bucure\u0219ti a dat ultimele date cu privire la rata \u0219omajului.\" \/>\n<meta property=\"og:url\" content=\"https:\/\/buletin.de\/bucuresti\/rata-somajului\/\" \/>\n<meta property=\"og:site_name\" content=\"Buletin de Bucure\u0219ti\" \/>\n<meta property=\"article:publisher\" content=\"https:\/\/www.facebook.com\/buletin.de.buc\" \/>\n<meta property=\"article:published_time\" content=\"2024-11-19T04:59:58+00:00\" \/>\n<meta property=\"article:modified_time\" content=\"2024-11-19T04:59:59+00:00\" \/>\n<meta property=\"og:image\" content=\"https:\/\/buletin.de\/bucuresti\/wp-content\/uploads\/AJOFM-1.jpeg\" \/>\n\t<meta property=\"og:image:width\" content=\"1280\" \/>\n\t<meta property=\"og:image:height\" content=\"853\" \/>\n\t<meta property=\"og:image:type\" content=\"image\/jpeg\" \/>\n<meta name=\"author\" content=\"Diana Matei\" \/>\n<meta name=\"twitter:card\" content=\"summary_large_image\" \/>\n<meta name=\"twitter:label1\" content=\"Written by\" \/>\n\t<meta name=\"twitter:data1\" content=\"Diana Matei\" \/>\n\t<meta name=\"twitter:label2\" content=\"Estimated reading time\" \/>\n\t<meta name=\"twitter:data2\" content=\"2 minutes\" \/>\n<script type=\"application\/ld+json\" class=\"yoast-schema-graph\">{\"@context\":\"https:\\\/\\\/schema.org\",\"@graph\":[{\"@type\":\"Article\",\"@id\":\"https:\\\/\\\/buletin.de\\\/bucuresti\\\/rata-somajului\\\/#article\",\"isPartOf\":{\"@id\":\"https:\\\/\\\/buletin.de\\\/bucuresti\\\/rata-somajului\\\/\"},\"author\":{\"name\":\"Diana Matei\",\"@id\":\"https:\\\/\\\/buletin.de\\\/bucuresti\\\/#\\\/schema\\\/person\\\/7e46040573290777280a0835d81ea4ea\"},\"headline\":\"AMOFM | Rata \u0219omajului scade nesemnificativ, \u00een Capital\u0103\",\"datePublished\":\"2024-11-19T04:59:58+00:00\",\"dateModified\":\"2024-11-19T04:59:59+00:00\",\"mainEntityOfPage\":{\"@id\":\"https:\\\/\\\/buletin.de\\\/bucuresti\\\/rata-somajului\\\/\"},\"wordCount\":364,\"publisher\":{\"@id\":\"https:\\\/\\\/buletin.de\\\/bucuresti\\\/#organization\"},\"image\":{\"@id\":\"https:\\\/\\\/buletin.de\\\/bucuresti\\\/rata-somajului\\\/#primaryimage\"},\"thumbnailUrl\":\"https:\\\/\\\/buletin.de\\\/bucuresti\\\/wp-content\\\/uploads\\\/AJOFM-1.jpeg\",\"keywords\":[\"AMOFM\",\"ANOFM\",\"rata somajului\",\"rata somajului Bucuresti\"],\"articleSection\":[\"Articole\",\"\u0218tiri\"],\"inLanguage\":\"en-GB\",\"copyrightYear\":\"2024\",\"copyrightHolder\":{\"@id\":\"https:\\\/\\\/buletin.de\\\/bucuresti\\\/#organization\"}},{\"@type\":\"WebPage\",\"@id\":\"https:\\\/\\\/buletin.de\\\/bucuresti\\\/rata-somajului\\\/\",\"url\":\"https:\\\/\\\/buletin.de\\\/bucuresti\\\/rata-somajului\\\/\",\"name\":\"AMOFM | Rata \u0219omajului scade nesemnificativ, \u00een Capital\u0103 - Buletin de Bucure\u0219ti\",\"isPartOf\":{\"@id\":\"https:\\\/\\\/buletin.de\\\/bucuresti\\\/#website\"},\"primaryImageOfPage\":{\"@id\":\"https:\\\/\\\/buletin.de\\\/bucuresti\\\/rata-somajului\\\/#primaryimage\"},\"image\":{\"@id\":\"https:\\\/\\\/buletin.de\\\/bucuresti\\\/rata-somajului\\\/#primaryimage\"},\"thumbnailUrl\":\"https:\\\/\\\/buletin.de\\\/bucuresti\\\/wp-content\\\/uploads\\\/AJOFM-1.jpeg\",\"datePublished\":\"2024-11-19T04:59:58+00:00\",\"dateModified\":\"2024-11-19T04:59:59+00:00\",\"description\":\"Rata \u0219omajului. Agen\u021bia Na\u021bional\u0103 de Ocuparea For\u021bei de Munc\u0103, filiala Bucure\u0219ti a dat ultimele date cu privire la rata \u0219omajului.\",\"breadcrumb\":{\"@id\":\"https:\\\/\\\/buletin.de\\\/bucuresti\\\/rata-somajului\\\/#breadcrumb\"},\"inLanguage\":\"en-GB\",\"potentialAction\":[{\"@type\":\"ReadAction\",\"target\":[\"https:\\\/\\\/buletin.de\\\/bucuresti\\\/rata-somajului\\\/\"]}]},{\"@type\":\"ImageObject\",\"inLanguage\":\"en-GB\",\"@id\":\"https:\\\/\\\/buletin.de\\\/bucuresti\\\/rata-somajului\\\/#primaryimage\",\"url\":\"https:\\\/\\\/buletin.de\\\/bucuresti\\\/wp-content\\\/uploads\\\/AJOFM-1.jpeg\",\"contentUrl\":\"https:\\\/\\\/buletin.de\\\/bucuresti\\\/wp-content\\\/uploads\\\/AJOFM-1.jpeg\",\"width\":1280,\"height\":853,\"caption\":\"Rata \u0219omajului scade nesemnificativ, \u00een Capital\u0103. FOTO: Arhiva\"},{\"@type\":\"BreadcrumbList\",\"@id\":\"https:\\\/\\\/buletin.de\\\/bucuresti\\\/rata-somajului\\\/#breadcrumb\",\"itemListElement\":[{\"@type\":\"ListItem\",\"position\":1,\"name\":\"Acas\u0103\",\"item\":\"https:\\\/\\\/buletin.de\\\/bucuresti\\\/\"},{\"@type\":\"ListItem\",\"position\":2,\"name\":\"AMOFM | Rata \u0219omajului scade nesemnificativ, \u00een Capital\u0103\"}]},{\"@type\":\"WebSite\",\"@id\":\"https:\\\/\\\/buletin.de\\\/bucuresti\\\/#website\",\"url\":\"https:\\\/\\\/buletin.de\\\/bucuresti\\\/\",\"name\":\"Buletin de Bucure\u0219ti\",\"description\":\"\u0218tiri \u0219i investiga\u021bii esen\u021biale din capital\u0103\",\"publisher\":{\"@id\":\"https:\\\/\\\/buletin.de\\\/bucuresti\\\/#organization\"},\"potentialAction\":[{\"@type\":\"SearchAction\",\"target\":{\"@type\":\"EntryPoint\",\"urlTemplate\":\"https:\\\/\\\/buletin.de\\\/bucuresti\\\/?s={search_term_string}\"},\"query-input\":{\"@type\":\"PropertyValueSpecification\",\"valueRequired\":true,\"valueName\":\"search_term_string\"}}],\"inLanguage\":\"en-GB\"},{\"@type\":\"Organization\",\"@id\":\"https:\\\/\\\/buletin.de\\\/bucuresti\\\/#organization\",\"name\":\"Buletin de Bucure\u0219ti\",\"url\":\"https:\\\/\\\/buletin.de\\\/bucuresti\\\/\",\"logo\":{\"@type\":\"ImageObject\",\"inLanguage\":\"en-GB\",\"@id\":\"https:\\\/\\\/buletin.de\\\/bucuresti\\\/#\\\/schema\\\/logo\\\/image\\\/\",\"url\":\"https:\\\/\\\/buletin.de\\\/bucuresti\\\/wp-content\\\/uploads\\\/logo-bdb-full-wide-vernil-transparent.png\",\"contentUrl\":\"https:\\\/\\\/buletin.de\\\/bucuresti\\\/wp-content\\\/uploads\\\/logo-bdb-full-wide-vernil-transparent.png\",\"width\":1782,\"height\":626,\"caption\":\"Buletin de Bucure\u0219ti\"},\"image\":{\"@id\":\"https:\\\/\\\/buletin.de\\\/bucuresti\\\/#\\\/schema\\\/logo\\\/image\\\/\"},\"sameAs\":[\"https:\\\/\\\/www.facebook.com\\\/buletin.de.buc\",\"https:\\\/\\\/www.instagram.com\\\/buletinde.bucuresti\\\/\"]},{\"@type\":\"Person\",\"@id\":\"https:\\\/\\\/buletin.de\\\/bucuresti\\\/#\\\/schema\\\/person\\\/7e46040573290777280a0835d81ea4ea\",\"name\":\"Diana Matei\",\"image\":{\"@type\":\"ImageObject\",\"inLanguage\":\"en-GB\",\"@id\":\"https:\\\/\\\/buletin.de\\\/bucuresti\\\/wp-content\\\/uploads\\\/9-2-96x96.jpg1e8590b30871d70e62ebcdaf2eff570c\",\"url\":\"https:\\\/\\\/buletin.de\\\/bucuresti\\\/wp-content\\\/uploads\\\/9-2-96x96.jpg\",\"contentUrl\":\"https:\\\/\\\/buletin.de\\\/bucuresti\\\/wp-content\\\/uploads\\\/9-2-96x96.jpg\",\"caption\":\"Diana Matei\"},\"url\":\"https:\\\/\\\/buletin.de\\\/bucuresti\\\/author\\\/dianamatei\\\/\"}]}<\/script>\n<!-- \/ Yoast SEO Premium plugin. -->","yoast_head_json":{"title":"AMOFM | Rata \u0219omajului scade nesemnificativ, \u00een Capital\u0103 - Buletin de Bucure\u0219ti","description":"Rata \u0219omajului. Agen\u021bia Na\u021bional\u0103 de Ocuparea For\u021bei de Munc\u0103, filiala Bucure\u0219ti a dat ultimele date cu privire la rata \u0219omajului.","robots":{"index":"index","follow":"follow","max-snippet":"max-snippet:-1","max-image-preview":"max-image-preview:large","max-video-preview":"max-video-preview:-1"},"canonical":"https:\/\/buletin.de\/bucuresti\/rata-somajului\/","og_locale":"en_GB","og_type":"article","og_title":"AMOFM | Rata \u0219omajului scade nesemnificativ, \u00een Capital\u0103","og_description":"Rata \u0219omajului. Agen\u021bia Na\u021bional\u0103 de Ocuparea For\u021bei de Munc\u0103, filiala Bucure\u0219ti a dat ultimele date cu privire la rata \u0219omajului.","og_url":"https:\/\/buletin.de\/bucuresti\/rata-somajului\/","og_site_name":"Buletin de Bucure\u0219ti","article_publisher":"https:\/\/www.facebook.com\/buletin.de.buc","article_published_time":"2024-11-19T04:59:58+00:00","article_modified_time":"2024-11-19T04:59:59+00:00","og_image":[{"width":1280,"height":853,"url":"https:\/\/buletin.de\/bucuresti\/wp-content\/uploads\/AJOFM-1.jpeg","type":"image\/jpeg"}],"author":"Diana Matei","twitter_card":"summary_large_image","twitter_misc":{"Written by":"Diana Matei","Estimated reading time":"2 minutes"},"schema":{"@context":"https:\/\/schema.org","@graph":[{"@type":"Article","@id":"https:\/\/buletin.de\/bucuresti\/rata-somajului\/#article","isPartOf":{"@id":"https:\/\/buletin.de\/bucuresti\/rata-somajului\/"},"author":{"name":"Diana Matei","@id":"https:\/\/buletin.de\/bucuresti\/#\/schema\/person\/7e46040573290777280a0835d81ea4ea"},"headline":"AMOFM | Rata \u0219omajului scade nesemnificativ, \u00een Capital\u0103","datePublished":"2024-11-19T04:59:58+00:00","dateModified":"2024-11-19T04:59:59+00:00","mainEntityOfPage":{"@id":"https:\/\/buletin.de\/bucuresti\/rata-somajului\/"},"wordCount":364,"publisher":{"@id":"https:\/\/buletin.de\/bucuresti\/#organization"},"image":{"@id":"https:\/\/buletin.de\/bucuresti\/rata-somajului\/#primaryimage"},"thumbnailUrl":"https:\/\/buletin.de\/bucuresti\/wp-content\/uploads\/AJOFM-1.jpeg","keywords":["AMOFM","ANOFM","rata somajului","rata somajului Bucuresti"],"articleSection":["Articole","\u0218tiri"],"inLanguage":"en-GB","copyrightYear":"2024","copyrightHolder":{"@id":"https:\/\/buletin.de\/bucuresti\/#organization"}},{"@type":"WebPage","@id":"https:\/\/buletin.de\/bucuresti\/rata-somajului\/","url":"https:\/\/buletin.de\/bucuresti\/rata-somajului\/","name":"AMOFM | Rata \u0219omajului scade nesemnificativ, \u00een Capital\u0103 - Buletin de Bucure\u0219ti","isPartOf":{"@id":"https:\/\/buletin.de\/bucuresti\/#website"},"primaryImageOfPage":{"@id":"https:\/\/buletin.de\/bucuresti\/rata-somajului\/#primaryimage"},"image":{"@id":"https:\/\/buletin.de\/bucuresti\/rata-somajului\/#primaryimage"},"thumbnailUrl":"https:\/\/buletin.de\/bucuresti\/wp-content\/uploads\/AJOFM-1.jpeg","datePublished":"2024-11-19T04:59:58+00:00","dateModified":"2024-11-19T04:59:59+00:00","description":"Rata \u0219omajului. Agen\u021bia Na\u021bional\u0103 de Ocuparea For\u021bei de Munc\u0103, filiala Bucure\u0219ti a dat ultimele date cu privire la rata \u0219omajului.","breadcrumb":{"@id":"https:\/\/buletin.de\/bucuresti\/rata-somajului\/#breadcrumb"},"inLanguage":"en-GB","potentialAction":[{"@type":"ReadAction","target":["https:\/\/buletin.de\/bucuresti\/rata-somajului\/"]}]},{"@type":"ImageObject","inLanguage":"en-GB","@id":"https:\/\/buletin.de\/bucuresti\/rata-somajului\/#primaryimage","url":"https:\/\/buletin.de\/bucuresti\/wp-content\/uploads\/AJOFM-1.jpeg","contentUrl":"https:\/\/buletin.de\/bucuresti\/wp-content\/uploads\/AJOFM-1.jpeg","width":1280,"height":853,"caption":"Rata \u0219omajului scade nesemnificativ, \u00een Capital\u0103. FOTO: Arhiva"},{"@type":"BreadcrumbList","@id":"https:\/\/buletin.de\/bucuresti\/rata-somajului\/#breadcrumb","itemListElement":[{"@type":"ListItem","position":1,"name":"Acas\u0103","item":"https:\/\/buletin.de\/bucuresti\/"},{"@type":"ListItem","position":2,"name":"AMOFM | Rata \u0219omajului scade nesemnificativ, \u00een Capital\u0103"}]},{"@type":"WebSite","@id":"https:\/\/buletin.de\/bucuresti\/#website","url":"https:\/\/buletin.de\/bucuresti\/","name":"Buletin de Bucure\u0219ti","description":"\u0218tiri \u0219i investiga\u021bii esen\u021biale din capital\u0103","publisher":{"@id":"https:\/\/buletin.de\/bucuresti\/#organization"},"potentialAction":[{"@type":"SearchAction","target":{"@type":"EntryPoint","urlTemplate":"https:\/\/buletin.de\/bucuresti\/?s={search_term_string}"},"query-input":{"@type":"PropertyValueSpecification","valueRequired":true,"valueName":"search_term_string"}}],"inLanguage":"en-GB"},{"@type":"Organization","@id":"https:\/\/buletin.de\/bucuresti\/#organization","name":"Buletin de Bucure\u0219ti","url":"https:\/\/buletin.de\/bucuresti\/","logo":{"@type":"ImageObject","inLanguage":"en-GB","@id":"https:\/\/buletin.de\/bucuresti\/#\/schema\/logo\/image\/","url":"https:\/\/buletin.de\/bucuresti\/wp-content\/uploads\/logo-bdb-full-wide-vernil-transparent.png","contentUrl":"https:\/\/buletin.de\/bucuresti\/wp-content\/uploads\/logo-bdb-full-wide-vernil-transparent.png","width":1782,"height":626,"caption":"Buletin de Bucure\u0219ti"},"image":{"@id":"https:\/\/buletin.de\/bucuresti\/#\/schema\/logo\/image\/"},"sameAs":["https:\/\/www.facebook.com\/buletin.de.buc","https:\/\/www.instagram.com\/buletinde.bucuresti\/"]},{"@type":"Person","@id":"https:\/\/buletin.de\/bucuresti\/#\/schema\/person\/7e46040573290777280a0835d81ea4ea","name":"Diana Matei","image":{"@type":"ImageObject","inLanguage":"en-GB","@id":"https:\/\/buletin.de\/bucuresti\/wp-content\/uploads\/9-2-96x96.jpg1e8590b30871d70e62ebcdaf2eff570c","url":"https:\/\/buletin.de\/bucuresti\/wp-content\/uploads\/9-2-96x96.jpg","contentUrl":"https:\/\/buletin.de\/bucuresti\/wp-content\/uploads\/9-2-96x96.jpg","caption":"Diana Matei"},"url":"https:\/\/buletin.de\/bucuresti\/author\/dianamatei\/"}]}},"authors":[{"term_id":22574,"user_id":49,"is_guest":0,"slug":"dianamatei","display_name":"Diana Matei","avatar_url":"https:\/\/buletin.de\/bucuresti\/wp-content\/uploads\/9-2-96x96.jpg","0":null,"1":"","2":"","3":"","4":"","5":"","6":"","7":"","8":""}],"_links":{"self":[{"href":"https:\/\/buletin.de\/bucuresti\/wp-json\/wp\/v2\/posts\/106905","targetHints":{"allow":["GET"]}}],"collection":[{"href":"https:\/\/buletin.de\/bucuresti\/wp-json\/wp\/v2\/posts"}],"about":[{"href":"https:\/\/buletin.de\/bucuresti\/wp-json\/wp\/v2\/types\/post"}],"author":[{"embeddable":true,"href":"https:\/\/buletin.de\/bucuresti\/wp-json\/wp\/v2\/users\/49"}],"replies":[{"embeddable":true,"href":"https:\/\/buletin.de\/bucuresti\/wp-json\/wp\/v2\/comments?post=106905"}],"version-history":[{"count":2,"href":"https:\/\/buletin.de\/bucuresti\/wp-json\/wp\/v2\/posts\/106905\/revisions"}],"predecessor-version":[{"id":106957,"href":"https:\/\/buletin.de\/bucuresti\/wp-json\/wp\/v2\/posts\/106905\/revisions\/106957"}],"wp:featuredmedia":[{"embeddable":true,"href":"https:\/\/buletin.de\/bucuresti\/wp-json\/wp\/v2\/media\/106917"}],"wp:attachment":[{"href":"https:\/\/buletin.de\/bucuresti\/wp-json\/wp\/v2\/media?parent=106905"}],"wp:term":[{"taxonomy":"category","embeddable":true,"href":"https:\/\/buletin.de\/bucuresti\/wp-json\/wp\/v2\/categories?post=106905"},{"taxonomy":"post_tag","embeddable":true,"href":"https:\/\/buletin.de\/bucuresti\/wp-json\/wp\/v2\/tags?post=106905"},{"taxonomy":"author","embeddable":true,"href":"https:\/\/buletin.de\/bucuresti\/wp-json\/wp\/v2\/ppma_author?post=106905"}],"curies":[{"name":"wp","href":"https:\/\/api.w.org\/{rel}","templated":true}]}}