{"id":106451,"date":"2024-11-14T20:17:47","date_gmt":"2024-11-14T17:17:47","guid":{"rendered":"https:\/\/buletin.de\/bucuresti\/?p=106451"},"modified":"2024-11-14T20:27:07","modified_gmt":"2024-11-14T17:27:07","slug":"document-cum-arata-buletinele-de-vot-pentru-referendumul-lui-nicusor-dan","status":"publish","type":"post","link":"https:\/\/buletin.de\/bucuresti\/document-cum-arata-buletinele-de-vot-pentru-referendumul-lui-nicusor-dan\/","title":{"rendered":"DOCUMENT | Cum arat\u0103 buletinele de vot pentru referendumul lui Nicu\u0219or Dan. C\u00e2te unul pentru fiecare \u00eentrebare"},"content":{"rendered":"\n<p><strong>Pe 24 noiembrie, bucure\u0219tenii sunt chema\u021bi \u0219i la scrutinul local organizat de Prim\u0103ria General\u0103, simultan cu primul tur al alegerilor preziden\u021biale. Buletinele de vot pentru referendum vor fi separate pentru fiecare din cele trei \u00eentreb\u0103ri. <\/strong><\/p>\n\n\n\n<p><strong><a href=\"https:\/\/parlamentare2024.bec.ro\/\" target=\"_blank\" rel=\"noreferrer noopener\">Biroul Electoral Central<\/a> (BEC) a anun\u021bat joi, 14 noiembrie, c\u0103 au fost aprobate machetele oficiale ale buletinelor.<\/strong><\/p>\n\n\n\n<p>BEC a decis c\u0103 bucure\u0219tenii vor putea alege dac\u0103 voteaz\u0103 at\u00e2t la referendumul local convocat de primarul Nicu\u0219or Dan, c\u00e2t \u0219i la votul pentru alegerea pre\u0219edintelui Rom\u00e2niei, sau doar la unul dintre acestea. <\/p>\n\n\n\n<p>Conform noilor reguli stabilite luni, 14 noiembrie, \u00een \u0219edin\u021ba BEC, votul pentru referendum va putea fi exercitat exclusiv la sec\u021bia de votare la care fiecare cet\u0103\u021bean este arondat.<\/p>\n\n\n\n<p><strong>CITE\u0218TE \u0218I: <a href=\"https:\/\/buletin.de\/bucuresti\/pizza-lui-nicusor-dan-cum-se-imparte-in-felii-bugetul-capitalei\/\">Pizza lui Nicu\u0219or Dan. Cum se \u00eemp\u0103rte \u00een felii bugetul Capitalei<\/a><\/strong><\/p>\n\n\n\n<h2 class=\"wp-block-heading\" id=\"h-cele-trei-buletine-de-vot-pentru-referendum-separat-pentru-fiecare-intrebare\">Cele trei buletine de vot pentru referendum, separat pentru fiecare \u00eentrebare:<\/h2>\n\n\n\n<figure class=\"wp-block-gallery has-nested-images columns-default is-cropped wp-block-gallery-1 is-layout-flex wp-block-gallery-is-layout-flex\">\n<figure class=\"wp-block-image size-full\"><a href=\"https:\/\/buletin.de\/bucuresti\/wp-content\/uploads\/Ref-intrebare-1.jpeg\"><img fetchpriority=\"high\" decoding=\"async\" width=\"646\" height=\"846\" data-id=\"106454\" src=\"data:image\/gif;base64,R0lGODlhAQABAAAAACH5BAEKAAEALAAAAAABAAEAAAICTAEAOw==\" data-src=\"https:\/\/buletin.de\/bucuresti\/wp-content\/uploads\/Ref-intrebare-1.jpeg\" alt=\"\" class=\"wp-image-106454 lazyload\" data-sizes=\"auto\" data-srcset=\"https:\/\/buletin.de\/bucuresti\/wp-content\/uploads\/Ref-intrebare-1.jpeg 646w, https:\/\/buletin.de\/bucuresti\/wp-content\/uploads\/Ref-intrebare-1-229x300.jpeg 229w, https:\/\/buletin.de\/bucuresti\/wp-content\/uploads\/Ref-intrebare-1-600x786.jpeg 600w, https:\/\/buletin.de\/bucuresti\/wp-content\/uploads\/Ref-intrebare-1-20x26.jpeg 20w\" sizes=\"(max-width: 646px) 100vw, 646px\" \/><\/a><\/figure>\n\n\n\n<figure class=\"wp-block-image size-full\"><a href=\"https:\/\/buletin.de\/bucuresti\/wp-content\/uploads\/Ref-intrebare-2.jpeg\"><img decoding=\"async\" width=\"596\" height=\"737\" data-id=\"106453\" src=\"data:image\/gif;base64,R0lGODlhAQABAAAAACH5BAEKAAEALAAAAAABAAEAAAICTAEAOw==\" data-src=\"https:\/\/buletin.de\/bucuresti\/wp-content\/uploads\/Ref-intrebare-2.jpeg\" alt=\"Cum vor ar\u0103ta buletinele\" class=\"wp-image-106453 lazyload\" data-sizes=\"auto\" data-srcset=\"https:\/\/buletin.de\/bucuresti\/wp-content\/uploads\/Ref-intrebare-2.jpeg 596w, https:\/\/buletin.de\/bucuresti\/wp-content\/uploads\/Ref-intrebare-2-243x300.jpeg 243w, https:\/\/buletin.de\/bucuresti\/wp-content\/uploads\/Ref-intrebare-2-20x25.jpeg 20w\" sizes=\"(max-width: 596px) 100vw, 596px\" \/><\/a><\/figure>\n\n\n\n<figure class=\"wp-block-image size-full\"><a href=\"https:\/\/buletin.de\/bucuresti\/wp-content\/uploads\/Ref-intrebare-3.jpeg\"><img decoding=\"async\" width=\"647\" height=\"822\" data-id=\"106455\" src=\"data:image\/gif;base64,R0lGODlhAQABAAAAACH5BAEKAAEALAAAAAABAAEAAAICTAEAOw==\" data-src=\"https:\/\/buletin.de\/bucuresti\/wp-content\/uploads\/Ref-intrebare-3.jpeg\" alt=\"Cum vor ar\u0103ta buletinele\" class=\"wp-image-106455 lazyload\" data-sizes=\"auto\" data-srcset=\"https:\/\/buletin.de\/bucuresti\/wp-content\/uploads\/Ref-intrebare-3.jpeg 647w, https:\/\/buletin.de\/bucuresti\/wp-content\/uploads\/Ref-intrebare-3-236x300.jpeg 236w, https:\/\/buletin.de\/bucuresti\/wp-content\/uploads\/Ref-intrebare-3-600x762.jpeg 600w, https:\/\/buletin.de\/bucuresti\/wp-content\/uploads\/Ref-intrebare-3-20x25.jpeg 20w\" sizes=\"(max-width: 647px) 100vw, 647px\" \/><\/a><\/figure>\n<figcaption class=\"blocks-gallery-caption wp-element-caption\">Cum vor ar\u0103ta buletinele de vot pentru referendumul din 24 noiembrie. Sursa: AEP<\/figcaption><\/figure>\n\n\n\n<h2 class=\"wp-block-heading\" id=\"h-calendarul-referendumului-lui-nicu\u0219or-dan\"><strong>Calendarul referendumului lui Nicu\u0219or Dan<\/strong><\/h2>\n\n\n\n<p>Buletinele de vot pentru referendum se vor tip\u0103ri p\u00e2n\u0103 cel mai t\u00e2rziu la data de<strong> 19 noiembrie 2024<\/strong>, de\u00a0c\u0103tre <em>Regia Autonom\u0103 \u201eMonitorul Oficial\u201d.<\/em><\/p>\n\n\n\n<p><strong>P\u00e2n\u0103 cel mai t\u00e2rziu cu trei zile \u00eenaintea datei alegerilor<\/strong>,&nbsp;<strong>pe 21 noiembrie 2024<\/strong>, se vor \u00eentocmi \u0219i tip\u0103ri listele electorale permanente pentru referendumul local, \u00een dou\u0103 exemplare.<\/p>\n\n\n\n<p>Autoritatea care realizeaz\u0103 ac\u021biunea:\u00a0<strong><em>primarii sectoarelor municipiului Bucure\u0219ti.<\/em><\/strong><\/p>\n\n\n\n<p>Campania electorala se \u00eencheie pe&nbsp;<strong>23 noiembrie 2024, la ora 7:00.<\/strong>&nbsp;\u00cen aceast\u0103 zi, vor fi distribuite, c\u0103tre pre\u0219edin\u021bii birourilor electorale ale sec\u021biilor de votare din Municipiul Bucure\u0219ti, urm\u0103toarele materiale electorale:<\/p>\n\n\n\n<ul class=\"wp-block-list\">\n<li>un exemplar al listei electorale permanente pentru referendumul local;<\/li>\n\n\n\n<li>buletinele de vot pentru referendumul local;<\/li>\n\n\n\n<li>\u0219tampila de control;<\/li>\n\n\n\n<li>\u0219tampilele cu men\u021biunea \u201eVOTAT\u201d;<\/li>\n\n\n\n<li>formularele pentru \u00eencheierea proceselor-verbale pentru consemnarea rezultatelor vot\u0103rii, pentru referendumul local;<\/li>\n\n\n\n<li>formularele listei electorale suplimentare \u0219i ale extrasului din listele electorale, pentru referendumul local;<\/li>\n\n\n\n<li>formularele necesare pentru consemnarea situa\u021biilor semnalate de Sistemul informatic pentru monitorizarea prezen\u021bei la vot \u0219i prevenirea votului ilegal;<\/li>\n\n\n\n<li>alte materiale stabilite prin hot\u0103r\u00e2re a Autorit\u0103\u021bii Electorale Permanente;<\/li>\n\n\n\n<li>c\u00e2te un buletin de vot pentru fiecare \u00eentrebare a referendumului local, vizat \u0219i anulat de pre\u0219edintele biroului electoral al sectorului Municipiului Bucure\u0219ti, pe care le vor afi\u0219a la sediul sec\u021biei de votare.<\/li>\n<\/ul>\n\n\n\n<p>Tot pe&nbsp;<strong>23 noiembrie 2024<\/strong>, se va afi\u0219a, la sediul fiec\u0103rei sec\u021bii de votare din Municipiul Bucure\u0219ti, c\u00e2te un buletin de vot pentru fiecare \u00eentrebare a referendumului local, vizat \u0219i anulat de pre\u0219edintele biroului electoral al sectorului municipiului Bucure\u0219ti.<\/p>\n\n\n\n<p>De asemenea<strong>, \u00eentre orele 18:00 \u0219i 20:00<\/strong>, se va realiza primirea cererilor de votare, prin intermediul urnei speciale.<\/p>\n\n\n\n<p><strong>CITE\u0218TE \u0218I:<\/strong> <strong><a href=\"https:\/\/buletin.de\/bucuresti\/calendarul-referendumului-lui-nicusor-dan\/\">Calendarul Referendumului lui Nicu\u0219or Dan<\/a><\/strong><\/p>\n","protected":false},"excerpt":{"rendered":"<p>Pe 24 noiembrie, bucure\u0219tenii sunt chema\u021bi \u0219i la scrutinul local organizat de Prim\u0103ria General\u0103, simultan cu primul tur al alegerilor preziden\u021biale. Buletinele de vot pentru referendum vor fi separate pentru fiecare din cele trei \u00eentreb\u0103ri. Biroul Electoral Central (BEC) a anun\u021bat joi, 14 noiembrie, c\u0103 au fost aprobate machetele oficiale ale buletinelor. BEC a decis [&hellip;]<\/p>\n","protected":false},"author":59,"featured_media":106457,"comment_status":"closed","ping_status":"open","sticky":false,"template":"","format":"standard","meta":{"_acf_changed":false,"inline_featured_image":false,"ngg_post_thumbnail":0,"footnotes":""},"categories":[6994,5762,24],"tags":[3787,9,13403,2054,223,1640],"ppma_author":[22572],"class_list":["post-106451","post","type-post","status-publish","format-standard","has-post-thumbnail","hentry","category-stiri-2","category-main","category-primarie","tag-aep","tag-bucuresti","tag-buletine-de-vot","tag-capitala","tag-nicusor-dan","tag-referendum"],"acf":[],"yoast_head":"<!-- This site is optimized with the Yoast SEO Premium plugin v25.3 (Yoast SEO v27.4) - https:\/\/yoast.com\/product\/yoast-seo-premium-wordpress\/ -->\n<title>Cum arat\u0103 buletinele de vot pentru referendum. C\u00e2te unul pentru fiecare \u00eentrebare<\/title>\n<meta name=\"description\" content=\"Cum vor ar\u0103ta buletinele de vot pentru referendumul local ini\u021biat de Nicu\u0219or Dan, care va avea loc \u00een 24 noiembrie 2024.\" \/>\n<meta name=\"robots\" content=\"index, follow, max-snippet:-1, max-image-preview:large, max-video-preview:-1\" \/>\n<link rel=\"canonical\" href=\"https:\/\/buletin.de\/bucuresti\/document-cum-arata-buletinele-de-vot-pentru-referendumul-lui-nicusor-dan\/\" \/>\n<meta property=\"og:locale\" content=\"en_GB\" \/>\n<meta property=\"og:type\" content=\"article\" \/>\n<meta property=\"og:title\" content=\"DOCUMENT | Cum arat\u0103 buletinele de vot pentru referendumul lui Nicu\u0219or Dan. C\u00e2te unul pentru fiecare \u00eentrebare\" \/>\n<meta property=\"og:description\" content=\"Cum vor ar\u0103ta buletinele de vot pentru referendumul local ini\u021biat de Nicu\u0219or Dan, care va avea loc \u00een 24 noiembrie 2024.\" \/>\n<meta property=\"og:url\" content=\"https:\/\/buletin.de\/bucuresti\/document-cum-arata-buletinele-de-vot-pentru-referendumul-lui-nicusor-dan\/\" \/>\n<meta property=\"og:site_name\" content=\"Buletin de Bucure\u0219ti\" \/>\n<meta property=\"article:publisher\" content=\"https:\/\/www.facebook.com\/buletin.de.buc\" \/>\n<meta property=\"article:published_time\" content=\"2024-11-14T17:17:47+00:00\" \/>\n<meta property=\"article:modified_time\" content=\"2024-11-14T17:27:07+00:00\" \/>\n<meta property=\"og:image\" content=\"https:\/\/buletin.de\/bucuresti\/wp-content\/uploads\/buletine-vot.jpg\" \/>\n\t<meta property=\"og:image:width\" content=\"1600\" \/>\n\t<meta property=\"og:image:height\" content=\"1067\" \/>\n\t<meta property=\"og:image:type\" content=\"image\/jpeg\" \/>\n<meta name=\"author\" content=\"C\u0103t\u0103lin Anghel-Dimache\" \/>\n<meta name=\"twitter:card\" content=\"summary_large_image\" \/>\n<meta name=\"twitter:label1\" content=\"Written by\" \/>\n\t<meta name=\"twitter:data1\" content=\"C\u0103t\u0103lin Anghel-Dimache\" \/>\n\t<meta name=\"twitter:label2\" content=\"Estimated reading time\" \/>\n\t<meta name=\"twitter:data2\" content=\"3 minutes\" \/>\n<script type=\"application\/ld+json\" class=\"yoast-schema-graph\">{\"@context\":\"https:\\\/\\\/schema.org\",\"@graph\":[{\"@type\":\"Article\",\"@id\":\"https:\\\/\\\/buletin.de\\\/bucuresti\\\/document-cum-arata-buletinele-de-vot-pentru-referendumul-lui-nicusor-dan\\\/#article\",\"isPartOf\":{\"@id\":\"https:\\\/\\\/buletin.de\\\/bucuresti\\\/document-cum-arata-buletinele-de-vot-pentru-referendumul-lui-nicusor-dan\\\/\"},\"author\":{\"name\":\"C\u0103t\u0103lin Anghel-Dimache\",\"@id\":\"https:\\\/\\\/buletin.de\\\/bucuresti\\\/#\\\/schema\\\/person\\\/0ac9db30080482be87c7386a30f98796\"},\"headline\":\"DOCUMENT | Cum arat\u0103 buletinele de vot pentru referendumul lui Nicu\u0219or Dan. C\u00e2te unul pentru fiecare \u00eentrebare\",\"datePublished\":\"2024-11-14T17:17:47+00:00\",\"dateModified\":\"2024-11-14T17:27:07+00:00\",\"mainEntityOfPage\":{\"@id\":\"https:\\\/\\\/buletin.de\\\/bucuresti\\\/document-cum-arata-buletinele-de-vot-pentru-referendumul-lui-nicusor-dan\\\/\"},\"wordCount\":478,\"publisher\":{\"@id\":\"https:\\\/\\\/buletin.de\\\/bucuresti\\\/#organization\"},\"image\":{\"@id\":\"https:\\\/\\\/buletin.de\\\/bucuresti\\\/document-cum-arata-buletinele-de-vot-pentru-referendumul-lui-nicusor-dan\\\/#primaryimage\"},\"thumbnailUrl\":\"https:\\\/\\\/buletin.de\\\/bucuresti\\\/wp-content\\\/uploads\\\/buletine-vot.jpg\",\"keywords\":[\"aep\",\"bucuresti\",\"buletine de vot\",\"Capitala\",\"nicusor dan\",\"referendum\"],\"articleSection\":[\"Articole\",\"Main\",\"Prim\u0103rie\"],\"inLanguage\":\"en-GB\",\"copyrightYear\":\"2024\",\"copyrightHolder\":{\"@id\":\"https:\\\/\\\/buletin.de\\\/bucuresti\\\/#organization\"}},{\"@type\":\"WebPage\",\"@id\":\"https:\\\/\\\/buletin.de\\\/bucuresti\\\/document-cum-arata-buletinele-de-vot-pentru-referendumul-lui-nicusor-dan\\\/\",\"url\":\"https:\\\/\\\/buletin.de\\\/bucuresti\\\/document-cum-arata-buletinele-de-vot-pentru-referendumul-lui-nicusor-dan\\\/\",\"name\":\"Cum arat\u0103 buletinele de vot pentru referendum. C\u00e2te unul pentru fiecare \u00eentrebare\",\"isPartOf\":{\"@id\":\"https:\\\/\\\/buletin.de\\\/bucuresti\\\/#website\"},\"primaryImageOfPage\":{\"@id\":\"https:\\\/\\\/buletin.de\\\/bucuresti\\\/document-cum-arata-buletinele-de-vot-pentru-referendumul-lui-nicusor-dan\\\/#primaryimage\"},\"image\":{\"@id\":\"https:\\\/\\\/buletin.de\\\/bucuresti\\\/document-cum-arata-buletinele-de-vot-pentru-referendumul-lui-nicusor-dan\\\/#primaryimage\"},\"thumbnailUrl\":\"https:\\\/\\\/buletin.de\\\/bucuresti\\\/wp-content\\\/uploads\\\/buletine-vot.jpg\",\"datePublished\":\"2024-11-14T17:17:47+00:00\",\"dateModified\":\"2024-11-14T17:27:07+00:00\",\"description\":\"Cum vor ar\u0103ta buletinele de vot pentru referendumul local ini\u021biat de Nicu\u0219or Dan, care va avea loc \u00een 24 noiembrie 2024.\",\"breadcrumb\":{\"@id\":\"https:\\\/\\\/buletin.de\\\/bucuresti\\\/document-cum-arata-buletinele-de-vot-pentru-referendumul-lui-nicusor-dan\\\/#breadcrumb\"},\"inLanguage\":\"en-GB\",\"potentialAction\":[{\"@type\":\"ReadAction\",\"target\":[\"https:\\\/\\\/buletin.de\\\/bucuresti\\\/document-cum-arata-buletinele-de-vot-pentru-referendumul-lui-nicusor-dan\\\/\"]}]},{\"@type\":\"ImageObject\",\"inLanguage\":\"en-GB\",\"@id\":\"https:\\\/\\\/buletin.de\\\/bucuresti\\\/document-cum-arata-buletinele-de-vot-pentru-referendumul-lui-nicusor-dan\\\/#primaryimage\",\"url\":\"https:\\\/\\\/buletin.de\\\/bucuresti\\\/wp-content\\\/uploads\\\/buletine-vot.jpg\",\"contentUrl\":\"https:\\\/\\\/buletin.de\\\/bucuresti\\\/wp-content\\\/uploads\\\/buletine-vot.jpg\",\"width\":1600,\"height\":1067,\"caption\":\"Alegeri Bucure\u0219ti | Ordinea candida\u021bilor pe buletinele de vot la alegerile din 7 decembrie. FOTO: Arhiva\"},{\"@type\":\"BreadcrumbList\",\"@id\":\"https:\\\/\\\/buletin.de\\\/bucuresti\\\/document-cum-arata-buletinele-de-vot-pentru-referendumul-lui-nicusor-dan\\\/#breadcrumb\",\"itemListElement\":[{\"@type\":\"ListItem\",\"position\":1,\"name\":\"Acas\u0103\",\"item\":\"https:\\\/\\\/buletin.de\\\/bucuresti\\\/\"},{\"@type\":\"ListItem\",\"position\":2,\"name\":\"DOCUMENT | Cum arat\u0103 buletinele de vot pentru referendumul lui Nicu\u0219or Dan. C\u00e2te unul pentru fiecare \u00eentrebare\"}]},{\"@type\":\"WebSite\",\"@id\":\"https:\\\/\\\/buletin.de\\\/bucuresti\\\/#website\",\"url\":\"https:\\\/\\\/buletin.de\\\/bucuresti\\\/\",\"name\":\"Buletin de Bucure\u0219ti\",\"description\":\"\u0218tiri \u0219i investiga\u021bii esen\u021biale din capital\u0103\",\"publisher\":{\"@id\":\"https:\\\/\\\/buletin.de\\\/bucuresti\\\/#organization\"},\"potentialAction\":[{\"@type\":\"SearchAction\",\"target\":{\"@type\":\"EntryPoint\",\"urlTemplate\":\"https:\\\/\\\/buletin.de\\\/bucuresti\\\/?s={search_term_string}\"},\"query-input\":{\"@type\":\"PropertyValueSpecification\",\"valueRequired\":true,\"valueName\":\"search_term_string\"}}],\"inLanguage\":\"en-GB\"},{\"@type\":\"Organization\",\"@id\":\"https:\\\/\\\/buletin.de\\\/bucuresti\\\/#organization\",\"name\":\"Buletin de Bucure\u0219ti\",\"url\":\"https:\\\/\\\/buletin.de\\\/bucuresti\\\/\",\"logo\":{\"@type\":\"ImageObject\",\"inLanguage\":\"en-GB\",\"@id\":\"https:\\\/\\\/buletin.de\\\/bucuresti\\\/#\\\/schema\\\/logo\\\/image\\\/\",\"url\":\"https:\\\/\\\/buletin.de\\\/bucuresti\\\/wp-content\\\/uploads\\\/logo-bdb-full-wide-vernil-transparent.png\",\"contentUrl\":\"https:\\\/\\\/buletin.de\\\/bucuresti\\\/wp-content\\\/uploads\\\/logo-bdb-full-wide-vernil-transparent.png\",\"width\":1782,\"height\":626,\"caption\":\"Buletin de Bucure\u0219ti\"},\"image\":{\"@id\":\"https:\\\/\\\/buletin.de\\\/bucuresti\\\/#\\\/schema\\\/logo\\\/image\\\/\"},\"sameAs\":[\"https:\\\/\\\/www.facebook.com\\\/buletin.de.buc\",\"https:\\\/\\\/www.instagram.com\\\/buletinde.bucuresti\\\/\"]},{\"@type\":\"Person\",\"@id\":\"https:\\\/\\\/buletin.de\\\/bucuresti\\\/#\\\/schema\\\/person\\\/0ac9db30080482be87c7386a30f98796\",\"name\":\"C\u0103t\u0103lin Anghel-Dimache\",\"image\":{\"@type\":\"ImageObject\",\"inLanguage\":\"en-GB\",\"@id\":\"https:\\\/\\\/buletin.de\\\/bucuresti\\\/wp-content\\\/uploads\\\/Catalin-Anghel-Dimache-96x96.jpgbd9e43c5b25186d5b8e917ac61ad86c4\",\"url\":\"https:\\\/\\\/buletin.de\\\/bucuresti\\\/wp-content\\\/uploads\\\/Catalin-Anghel-Dimache-96x96.jpg\",\"contentUrl\":\"https:\\\/\\\/buletin.de\\\/bucuresti\\\/wp-content\\\/uploads\\\/Catalin-Anghel-Dimache-96x96.jpg\",\"caption\":\"C\u0103t\u0103lin Anghel-Dimache\"},\"description\":\"A absolvit Facultatea de Jurnalism \u0219i \u0218tiin\u021bele Comunic\u0103rii a Universit\u0103\u021bii din Bucure\u0219ti \u00een 2024. Scrie despre mediu \u0219i teme sociale, dar \u0219i despre cum se reflect\u0103 ele \u00een via\u021ba cotidian\u0103 a bucure\u0219tenilor, cu un ochi atent la pove\u0219tile personale din spatele titlurilor. N\u0103scut \u0219i crescut \u00een Bucure\u0219ti, a f\u0103cut un pas c\u0103tre presa local\u0103, din pasiune pentru ora\u0219ul s\u0103u \u0219i oamenii din el.\",\"url\":\"https:\\\/\\\/buletin.de\\\/bucuresti\\\/author\\\/catalin-anghel-dimache\\\/\"}]}<\/script>\n<!-- \/ Yoast SEO Premium plugin. -->","yoast_head_json":{"title":"Cum arat\u0103 buletinele de vot pentru referendum. C\u00e2te unul pentru fiecare \u00eentrebare","description":"Cum vor ar\u0103ta buletinele de vot pentru referendumul local ini\u021biat de Nicu\u0219or Dan, care va avea loc \u00een 24 noiembrie 2024.","robots":{"index":"index","follow":"follow","max-snippet":"max-snippet:-1","max-image-preview":"max-image-preview:large","max-video-preview":"max-video-preview:-1"},"canonical":"https:\/\/buletin.de\/bucuresti\/document-cum-arata-buletinele-de-vot-pentru-referendumul-lui-nicusor-dan\/","og_locale":"en_GB","og_type":"article","og_title":"DOCUMENT | Cum arat\u0103 buletinele de vot pentru referendumul lui Nicu\u0219or Dan. C\u00e2te unul pentru fiecare \u00eentrebare","og_description":"Cum vor ar\u0103ta buletinele de vot pentru referendumul local ini\u021biat de Nicu\u0219or Dan, care va avea loc \u00een 24 noiembrie 2024.","og_url":"https:\/\/buletin.de\/bucuresti\/document-cum-arata-buletinele-de-vot-pentru-referendumul-lui-nicusor-dan\/","og_site_name":"Buletin de Bucure\u0219ti","article_publisher":"https:\/\/www.facebook.com\/buletin.de.buc","article_published_time":"2024-11-14T17:17:47+00:00","article_modified_time":"2024-11-14T17:27:07+00:00","og_image":[{"width":1600,"height":1067,"url":"https:\/\/buletin.de\/bucuresti\/wp-content\/uploads\/buletine-vot.jpg","type":"image\/jpeg"}],"author":"C\u0103t\u0103lin Anghel-Dimache","twitter_card":"summary_large_image","twitter_misc":{"Written by":"C\u0103t\u0103lin Anghel-Dimache","Estimated reading time":"3 minutes"},"schema":{"@context":"https:\/\/schema.org","@graph":[{"@type":"Article","@id":"https:\/\/buletin.de\/bucuresti\/document-cum-arata-buletinele-de-vot-pentru-referendumul-lui-nicusor-dan\/#article","isPartOf":{"@id":"https:\/\/buletin.de\/bucuresti\/document-cum-arata-buletinele-de-vot-pentru-referendumul-lui-nicusor-dan\/"},"author":{"name":"C\u0103t\u0103lin Anghel-Dimache","@id":"https:\/\/buletin.de\/bucuresti\/#\/schema\/person\/0ac9db30080482be87c7386a30f98796"},"headline":"DOCUMENT | Cum arat\u0103 buletinele de vot pentru referendumul lui Nicu\u0219or Dan. C\u00e2te unul pentru fiecare \u00eentrebare","datePublished":"2024-11-14T17:17:47+00:00","dateModified":"2024-11-14T17:27:07+00:00","mainEntityOfPage":{"@id":"https:\/\/buletin.de\/bucuresti\/document-cum-arata-buletinele-de-vot-pentru-referendumul-lui-nicusor-dan\/"},"wordCount":478,"publisher":{"@id":"https:\/\/buletin.de\/bucuresti\/#organization"},"image":{"@id":"https:\/\/buletin.de\/bucuresti\/document-cum-arata-buletinele-de-vot-pentru-referendumul-lui-nicusor-dan\/#primaryimage"},"thumbnailUrl":"https:\/\/buletin.de\/bucuresti\/wp-content\/uploads\/buletine-vot.jpg","keywords":["aep","bucuresti","buletine de vot","Capitala","nicusor dan","referendum"],"articleSection":["Articole","Main","Prim\u0103rie"],"inLanguage":"en-GB","copyrightYear":"2024","copyrightHolder":{"@id":"https:\/\/buletin.de\/bucuresti\/#organization"}},{"@type":"WebPage","@id":"https:\/\/buletin.de\/bucuresti\/document-cum-arata-buletinele-de-vot-pentru-referendumul-lui-nicusor-dan\/","url":"https:\/\/buletin.de\/bucuresti\/document-cum-arata-buletinele-de-vot-pentru-referendumul-lui-nicusor-dan\/","name":"Cum arat\u0103 buletinele de vot pentru referendum. C\u00e2te unul pentru fiecare \u00eentrebare","isPartOf":{"@id":"https:\/\/buletin.de\/bucuresti\/#website"},"primaryImageOfPage":{"@id":"https:\/\/buletin.de\/bucuresti\/document-cum-arata-buletinele-de-vot-pentru-referendumul-lui-nicusor-dan\/#primaryimage"},"image":{"@id":"https:\/\/buletin.de\/bucuresti\/document-cum-arata-buletinele-de-vot-pentru-referendumul-lui-nicusor-dan\/#primaryimage"},"thumbnailUrl":"https:\/\/buletin.de\/bucuresti\/wp-content\/uploads\/buletine-vot.jpg","datePublished":"2024-11-14T17:17:47+00:00","dateModified":"2024-11-14T17:27:07+00:00","description":"Cum vor ar\u0103ta buletinele de vot pentru referendumul local ini\u021biat de Nicu\u0219or Dan, care va avea loc \u00een 24 noiembrie 2024.","breadcrumb":{"@id":"https:\/\/buletin.de\/bucuresti\/document-cum-arata-buletinele-de-vot-pentru-referendumul-lui-nicusor-dan\/#breadcrumb"},"inLanguage":"en-GB","potentialAction":[{"@type":"ReadAction","target":["https:\/\/buletin.de\/bucuresti\/document-cum-arata-buletinele-de-vot-pentru-referendumul-lui-nicusor-dan\/"]}]},{"@type":"ImageObject","inLanguage":"en-GB","@id":"https:\/\/buletin.de\/bucuresti\/document-cum-arata-buletinele-de-vot-pentru-referendumul-lui-nicusor-dan\/#primaryimage","url":"https:\/\/buletin.de\/bucuresti\/wp-content\/uploads\/buletine-vot.jpg","contentUrl":"https:\/\/buletin.de\/bucuresti\/wp-content\/uploads\/buletine-vot.jpg","width":1600,"height":1067,"caption":"Alegeri Bucure\u0219ti | Ordinea candida\u021bilor pe buletinele de vot la alegerile din 7 decembrie. FOTO: Arhiva"},{"@type":"BreadcrumbList","@id":"https:\/\/buletin.de\/bucuresti\/document-cum-arata-buletinele-de-vot-pentru-referendumul-lui-nicusor-dan\/#breadcrumb","itemListElement":[{"@type":"ListItem","position":1,"name":"Acas\u0103","item":"https:\/\/buletin.de\/bucuresti\/"},{"@type":"ListItem","position":2,"name":"DOCUMENT | Cum arat\u0103 buletinele de vot pentru referendumul lui Nicu\u0219or Dan. C\u00e2te unul pentru fiecare \u00eentrebare"}]},{"@type":"WebSite","@id":"https:\/\/buletin.de\/bucuresti\/#website","url":"https:\/\/buletin.de\/bucuresti\/","name":"Buletin de Bucure\u0219ti","description":"\u0218tiri \u0219i investiga\u021bii esen\u021biale din capital\u0103","publisher":{"@id":"https:\/\/buletin.de\/bucuresti\/#organization"},"potentialAction":[{"@type":"SearchAction","target":{"@type":"EntryPoint","urlTemplate":"https:\/\/buletin.de\/bucuresti\/?s={search_term_string}"},"query-input":{"@type":"PropertyValueSpecification","valueRequired":true,"valueName":"search_term_string"}}],"inLanguage":"en-GB"},{"@type":"Organization","@id":"https:\/\/buletin.de\/bucuresti\/#organization","name":"Buletin de Bucure\u0219ti","url":"https:\/\/buletin.de\/bucuresti\/","logo":{"@type":"ImageObject","inLanguage":"en-GB","@id":"https:\/\/buletin.de\/bucuresti\/#\/schema\/logo\/image\/","url":"https:\/\/buletin.de\/bucuresti\/wp-content\/uploads\/logo-bdb-full-wide-vernil-transparent.png","contentUrl":"https:\/\/buletin.de\/bucuresti\/wp-content\/uploads\/logo-bdb-full-wide-vernil-transparent.png","width":1782,"height":626,"caption":"Buletin de Bucure\u0219ti"},"image":{"@id":"https:\/\/buletin.de\/bucuresti\/#\/schema\/logo\/image\/"},"sameAs":["https:\/\/www.facebook.com\/buletin.de.buc","https:\/\/www.instagram.com\/buletinde.bucuresti\/"]},{"@type":"Person","@id":"https:\/\/buletin.de\/bucuresti\/#\/schema\/person\/0ac9db30080482be87c7386a30f98796","name":"C\u0103t\u0103lin Anghel-Dimache","image":{"@type":"ImageObject","inLanguage":"en-GB","@id":"https:\/\/buletin.de\/bucuresti\/wp-content\/uploads\/Catalin-Anghel-Dimache-96x96.jpgbd9e43c5b25186d5b8e917ac61ad86c4","url":"https:\/\/buletin.de\/bucuresti\/wp-content\/uploads\/Catalin-Anghel-Dimache-96x96.jpg","contentUrl":"https:\/\/buletin.de\/bucuresti\/wp-content\/uploads\/Catalin-Anghel-Dimache-96x96.jpg","caption":"C\u0103t\u0103lin Anghel-Dimache"},"description":"A absolvit Facultatea de Jurnalism \u0219i \u0218tiin\u021bele Comunic\u0103rii a Universit\u0103\u021bii din Bucure\u0219ti \u00een 2024. Scrie despre mediu \u0219i teme sociale, dar \u0219i despre cum se reflect\u0103 ele \u00een via\u021ba cotidian\u0103 a bucure\u0219tenilor, cu un ochi atent la pove\u0219tile personale din spatele titlurilor. N\u0103scut \u0219i crescut \u00een Bucure\u0219ti, a f\u0103cut un pas c\u0103tre presa local\u0103, din pasiune pentru ora\u0219ul s\u0103u \u0219i oamenii din el.","url":"https:\/\/buletin.de\/bucuresti\/author\/catalin-anghel-dimache\/"}]}},"authors":[{"term_id":22572,"user_id":59,"is_guest":0,"slug":"catalin-anghel-dimache","display_name":"C\u0103t\u0103lin Anghel-Dimache","avatar_url":"https:\/\/buletin.de\/bucuresti\/wp-content\/uploads\/Catalin-Anghel-Dimache-96x96.jpg","0":null,"1":"","2":"","3":"","4":"","5":"","6":"","7":"","8":""}],"_links":{"self":[{"href":"https:\/\/buletin.de\/bucuresti\/wp-json\/wp\/v2\/posts\/106451","targetHints":{"allow":["GET"]}}],"collection":[{"href":"https:\/\/buletin.de\/bucuresti\/wp-json\/wp\/v2\/posts"}],"about":[{"href":"https:\/\/buletin.de\/bucuresti\/wp-json\/wp\/v2\/types\/post"}],"author":[{"embeddable":true,"href":"https:\/\/buletin.de\/bucuresti\/wp-json\/wp\/v2\/users\/59"}],"replies":[{"embeddable":true,"href":"https:\/\/buletin.de\/bucuresti\/wp-json\/wp\/v2\/comments?post=106451"}],"version-history":[{"count":5,"href":"https:\/\/buletin.de\/bucuresti\/wp-json\/wp\/v2\/posts\/106451\/revisions"}],"predecessor-version":[{"id":106466,"href":"https:\/\/buletin.de\/bucuresti\/wp-json\/wp\/v2\/posts\/106451\/revisions\/106466"}],"wp:featuredmedia":[{"embeddable":true,"href":"https:\/\/buletin.de\/bucuresti\/wp-json\/wp\/v2\/media\/106457"}],"wp:attachment":[{"href":"https:\/\/buletin.de\/bucuresti\/wp-json\/wp\/v2\/media?parent=106451"}],"wp:term":[{"taxonomy":"category","embeddable":true,"href":"https:\/\/buletin.de\/bucuresti\/wp-json\/wp\/v2\/categories?post=106451"},{"taxonomy":"post_tag","embeddable":true,"href":"https:\/\/buletin.de\/bucuresti\/wp-json\/wp\/v2\/tags?post=106451"},{"taxonomy":"author","embeddable":true,"href":"https:\/\/buletin.de\/bucuresti\/wp-json\/wp\/v2\/ppma_author?post=106451"}],"curies":[{"name":"wp","href":"https:\/\/api.w.org\/{rel}","templated":true}]}}