{"id":106070,"date":"2024-11-12T12:48:56","date_gmt":"2024-11-12T09:48:56","guid":{"rendered":"https:\/\/buletin.de\/bucuresti\/?p=106070"},"modified":"2024-11-14T17:08:53","modified_gmt":"2024-11-14T14:08:53","slug":"stalp-cazut-peste-un-tramvai-nou-in-bucuresti","status":"publish","type":"post","link":"https:\/\/buletin.de\/bucuresti\/stalp-cazut-peste-un-tramvai-nou-in-bucuresti\/","title":{"rendered":"St\u00e2lp c\u0103zut peste un tramvai nou, \u00een Bucure\u0219ti"},"content":{"rendered":"\n<p><strong>Liniile 7, 27, 32 si 47 sunt blocate pe Bd. Regina Maria, \u00een bucla de \u00eentoarcere la Pia\u021ba Unirii, din cauza unui st\u00e2lp c\u0103zut peste un tramvai, <a href=\"https:\/\/x.com\/Clienti_stbsa\/status\/1856264180380119344\" target=\"_blank\" rel=\"noreferrer noopener\">anun\u021b\u0103 Societatea de Transport Bucure\u0219ti<\/a>.<\/strong><\/p>\n\n\n\n<figure class=\"wp-block-image size-large\"><img fetchpriority=\"high\" decoding=\"async\" width=\"506\" height=\"900\" src=\"data:image\/gif;base64,R0lGODlhAQABAAAAACH5BAEKAAEALAAAAAABAAEAAAICTAEAOw==\" data-src=\"https:\/\/buletin.de\/bucuresti\/wp-content\/uploads\/stalp-506x900.jpeg\" alt=\"St\u00e2lp c\u0103zut peste un tramvai nou, \u00een Bucure\u0219ti. Foto amator\" class=\"wp-image-106077 lazyload\" data-sizes=\"auto\" data-srcset=\"https:\/\/buletin.de\/bucuresti\/wp-content\/uploads\/stalp-506x900.jpeg 506w, https:\/\/buletin.de\/bucuresti\/wp-content\/uploads\/stalp-169x300.jpeg 169w, https:\/\/buletin.de\/bucuresti\/wp-content\/uploads\/stalp-600x1067.jpeg 600w, https:\/\/buletin.de\/bucuresti\/wp-content\/uploads\/stalp-20x36.jpeg 20w, https:\/\/buletin.de\/bucuresti\/wp-content\/uploads\/stalp.jpeg 675w\" sizes=\"(max-width: 506px) 100vw, 506px\" \/><figcaption class=\"wp-element-caption\">St\u00e2lp c\u0103zut peste un tramvai nou, \u00een Bucure\u0219ti. Foto amator, via G4 Media<\/figcaption><\/figure>\n\n\n\n<p>Pentru preluarea fluxului de c\u0103l\u0103tori, STB a format linia navet\u0103 632, de la Pia\u021ba Unirii, pe Bd. Regina Maria, Bd. George Co\u0219buc, Calea Rahovei, cu \u00eentoarcere pe Calea Ferentari, str. N\u0103s\u0103ud, \u0218oseaua Progresului.<\/p>\n\n\n\n<p>Tramvaiul se afla \u00een sta\u021bie, \u00een momentul \u00een care a c\u0103zut st\u00e2lpul. Nu sunt victime. <\/p>\n\n\n\n<p><strong>\u00cen zon\u0103 a fost adus\u0103 o macara, pentru a ridica st\u00e2lpul. <\/strong>St\u00e2lpul de iluminat este \u00een administrarea Prim\u0103riei Capitalei.<\/p>\n\n\n\n<figure class=\"wp-block-gallery has-nested-images columns-default is-cropped wp-block-gallery-1 is-layout-flex wp-block-gallery-is-layout-flex\">\n<figure class=\"wp-block-image size-large\"><img decoding=\"async\" width=\"900\" height=\"404\" data-id=\"106115\" src=\"data:image\/gif;base64,R0lGODlhAQABAAAAACH5BAEKAAEALAAAAAABAAEAAAICTAEAOw==\" data-src=\"https:\/\/buletin.de\/bucuresti\/wp-content\/uploads\/stalpcazut-900x404.png\" alt=\"St\u00e2lp c\u0103zut peste un tramvai nou, \u00een Bucure\u0219ti. Captur\u0103 video\" class=\"wp-image-106115 lazyload\" data-sizes=\"auto\" data-srcset=\"https:\/\/buletin.de\/bucuresti\/wp-content\/uploads\/stalpcazut-900x404.png 900w, https:\/\/buletin.de\/bucuresti\/wp-content\/uploads\/stalpcazut-300x135.png 300w, https:\/\/buletin.de\/bucuresti\/wp-content\/uploads\/stalpcazut-768x344.png 768w, https:\/\/buletin.de\/bucuresti\/wp-content\/uploads\/stalpcazut-1536x689.png 1536w, https:\/\/buletin.de\/bucuresti\/wp-content\/uploads\/stalpcazut-1600x718.png 1600w, https:\/\/buletin.de\/bucuresti\/wp-content\/uploads\/stalpcazut-1100x493.png 1100w, https:\/\/buletin.de\/bucuresti\/wp-content\/uploads\/stalpcazut-600x269.png 600w, https:\/\/buletin.de\/bucuresti\/wp-content\/uploads\/stalpcazut-20x9.png 20w, https:\/\/buletin.de\/bucuresti\/wp-content\/uploads\/stalpcazut.png 2000w\" sizes=\"(max-width: 900px) 100vw, 900px\" \/><\/figure>\n\n\n\n<figure class=\"wp-block-image size-large\"><img decoding=\"async\" width=\"900\" height=\"411\" data-id=\"106118\" src=\"data:image\/gif;base64,R0lGODlhAQABAAAAACH5BAEKAAEALAAAAAABAAEAAAICTAEAOw==\" data-src=\"https:\/\/buletin.de\/bucuresti\/wp-content\/uploads\/stalpcazut1-900x411.png\" alt=\"St\u00e2lp c\u0103zut peste un tramvai nou, \u00een Bucure\u0219ti. Captur\u0103 video\" class=\"wp-image-106118 lazyload\" data-sizes=\"auto\" data-srcset=\"https:\/\/buletin.de\/bucuresti\/wp-content\/uploads\/stalpcazut1-900x411.png 900w, https:\/\/buletin.de\/bucuresti\/wp-content\/uploads\/stalpcazut1-300x137.png 300w, https:\/\/buletin.de\/bucuresti\/wp-content\/uploads\/stalpcazut1-768x351.png 768w, https:\/\/buletin.de\/bucuresti\/wp-content\/uploads\/stalpcazut1-1536x702.png 1536w, https:\/\/buletin.de\/bucuresti\/wp-content\/uploads\/stalpcazut1-1600x731.png 1600w, https:\/\/buletin.de\/bucuresti\/wp-content\/uploads\/stalpcazut1-1100x503.png 1100w, https:\/\/buletin.de\/bucuresti\/wp-content\/uploads\/stalpcazut1-600x274.png 600w, https:\/\/buletin.de\/bucuresti\/wp-content\/uploads\/stalpcazut1-20x9.png 20w, https:\/\/buletin.de\/bucuresti\/wp-content\/uploads\/stalpcazut1.png 2000w\" sizes=\"(max-width: 900px) 100vw, 900px\" \/><\/figure>\n<\/figure>\n\n\n\n<p><em>\u0218tire \u00een curs de actualizare.<\/em><\/p>\n\n\n\n<p>CITE\u0218TE \u0218I:&nbsp;<strong><a href=\"https:\/\/buletin.de\/bucuresti\/poti-trai-cu-1-000-de-euro-in-bucuresti-sfaturi-pentru-un-strain-care-vrea-sa-se-mute-in-capitala-romaniei\/\" target=\"_blank\" rel=\"noreferrer noopener\">Po\u021bi tr\u0103i cu 1.000 de euro \u00een Bucure\u0219ti? Sfaturi pentru un str\u0103in care vrea s\u0103 se mute \u00een capitala Rom\u00e2niei<\/a><\/strong><\/p>\n\n\n\n<p><a href=\"https:\/\/x.com\/Clienti_stbsa\/status\/1856264180380119344\"><\/a><\/p>\n","protected":false},"excerpt":{"rendered":"<p>Liniile 7, 27, 32 si 47 sunt blocate pe Bd. Regina Maria, \u00een bucla de \u00eentoarcere la Pia\u021ba Unirii, din cauza unui st\u00e2lp c\u0103zut peste un tramvai, anun\u021b\u0103 Societatea de Transport Bucure\u0219ti. Pentru preluarea fluxului de c\u0103l\u0103tori, STB a format linia navet\u0103 632, de la Pia\u021ba Unirii, pe Bd. Regina Maria, Bd. George Co\u0219buc, Calea [&hellip;]<\/p>\n","protected":false},"author":1,"featured_media":106075,"comment_status":"closed","ping_status":"open","sticky":false,"template":"","format":"standard","meta":{"_acf_changed":false,"inline_featured_image":false,"ngg_post_thumbnail":0,"footnotes":""},"categories":[6994,9026,62],"tags":[4175,16795,16793,16794,16836],"ppma_author":[22583],"class_list":["post-106070","post","type-post","status-publish","format-standard","has-post-thumbnail","hentry","category-stiri-2","category-eveniment","category-stiri","tag-circulatie-blocata","tag-linie-tramvai-blocata","tag-stalp-cazut","tag-stalp-cazut-tramvai","tag-stalp-stb"],"acf":[],"yoast_head":"<!-- This site is optimized with the Yoast SEO Premium plugin v25.3 (Yoast SEO v27.4) - https:\/\/yoast.com\/product\/yoast-seo-premium-wordpress\/ -->\n<title>St\u00e2lp c\u0103zut peste un tramvai nou, \u00een Bucure\u0219ti - Buletin de Bucure\u0219ti<\/title>\n<meta name=\"description\" content=\"Liniile 7, 27, 32 si 47 sunt blocate pe Bd. Regina Maria, \u00een bucla de \u00eentoarcere la Pia\u021ba Unirii, din cauza unui st\u00e2lp cazut peste un tramvai\" \/>\n<meta name=\"robots\" content=\"index, follow, max-snippet:-1, max-image-preview:large, max-video-preview:-1\" \/>\n<link rel=\"canonical\" href=\"https:\/\/buletin.de\/bucuresti\/stalp-cazut-peste-un-tramvai-nou-in-bucuresti\/\" \/>\n<meta property=\"og:locale\" content=\"en_GB\" \/>\n<meta property=\"og:type\" content=\"article\" \/>\n<meta property=\"og:title\" content=\"St\u00e2lp c\u0103zut peste un tramvai nou, \u00een Bucure\u0219ti\" \/>\n<meta property=\"og:description\" content=\"Liniile 7, 27, 32 si 47 sunt blocate pe Bd. Regina Maria, \u00een bucla de \u00eentoarcere la Pia\u021ba Unirii, din cauza unui st\u00e2lp cazut peste un tramvai\" \/>\n<meta property=\"og:url\" content=\"https:\/\/buletin.de\/bucuresti\/stalp-cazut-peste-un-tramvai-nou-in-bucuresti\/\" \/>\n<meta property=\"og:site_name\" content=\"Buletin de Bucure\u0219ti\" \/>\n<meta property=\"article:publisher\" content=\"https:\/\/www.facebook.com\/buletin.de.buc\" \/>\n<meta property=\"article:published_time\" content=\"2024-11-12T09:48:56+00:00\" \/>\n<meta property=\"article:modified_time\" content=\"2024-11-14T14:08:53+00:00\" \/>\n<meta property=\"og:image\" content=\"https:\/\/buletin.de\/bucuresti\/wp-content\/uploads\/stalp-cazut-pe-tramvai.jpg\" \/>\n\t<meta property=\"og:image:width\" content=\"899\" \/>\n\t<meta property=\"og:image:height\" content=\"638\" \/>\n\t<meta property=\"og:image:type\" content=\"image\/jpeg\" \/>\n<meta name=\"author\" content=\"Redac\u021bia Buletin de Bucure\u0219ti\" \/>\n<meta name=\"twitter:card\" content=\"summary_large_image\" \/>\n<meta name=\"twitter:label1\" content=\"Written by\" \/>\n\t<meta name=\"twitter:data1\" content=\"Redac\u021bia Buletin de Bucure\u0219ti\" \/>\n\t<meta name=\"twitter:label2\" content=\"Estimated reading time\" \/>\n\t<meta name=\"twitter:data2\" content=\"2 minutes\" \/>\n<script type=\"application\/ld+json\" class=\"yoast-schema-graph\">{\"@context\":\"https:\\\/\\\/schema.org\",\"@graph\":[{\"@type\":\"Article\",\"@id\":\"https:\\\/\\\/buletin.de\\\/bucuresti\\\/stalp-cazut-peste-un-tramvai-nou-in-bucuresti\\\/#article\",\"isPartOf\":{\"@id\":\"https:\\\/\\\/buletin.de\\\/bucuresti\\\/stalp-cazut-peste-un-tramvai-nou-in-bucuresti\\\/\"},\"author\":{\"name\":\"Redac\u021bia Buletin de Bucure\u0219ti\",\"@id\":\"https:\\\/\\\/buletin.de\\\/bucuresti\\\/#\\\/schema\\\/person\\\/2bbcf854e5f2419a13804af574d06ab1\"},\"headline\":\"St\u00e2lp c\u0103zut peste un tramvai nou, \u00een Bucure\u0219ti\",\"datePublished\":\"2024-11-12T09:48:56+00:00\",\"dateModified\":\"2024-11-14T14:08:53+00:00\",\"mainEntityOfPage\":{\"@id\":\"https:\\\/\\\/buletin.de\\\/bucuresti\\\/stalp-cazut-peste-un-tramvai-nou-in-bucuresti\\\/\"},\"wordCount\":170,\"publisher\":{\"@id\":\"https:\\\/\\\/buletin.de\\\/bucuresti\\\/#organization\"},\"image\":{\"@id\":\"https:\\\/\\\/buletin.de\\\/bucuresti\\\/stalp-cazut-peste-un-tramvai-nou-in-bucuresti\\\/#primaryimage\"},\"thumbnailUrl\":\"https:\\\/\\\/buletin.de\\\/bucuresti\\\/wp-content\\\/uploads\\\/stalp-cazut-pe-tramvai.jpg\",\"keywords\":[\"circulatie blocata\",\"linie tramvai blocata\",\"stalp cazut\",\"stalp cazut tramvai\",\"stalp stb\"],\"articleSection\":[\"Articole\",\"Eveniment\",\"\u0218tiri\"],\"inLanguage\":\"en-GB\",\"copyrightYear\":\"2024\",\"copyrightHolder\":{\"@id\":\"https:\\\/\\\/buletin.de\\\/bucuresti\\\/#organization\"}},{\"@type\":\"WebPage\",\"@id\":\"https:\\\/\\\/buletin.de\\\/bucuresti\\\/stalp-cazut-peste-un-tramvai-nou-in-bucuresti\\\/\",\"url\":\"https:\\\/\\\/buletin.de\\\/bucuresti\\\/stalp-cazut-peste-un-tramvai-nou-in-bucuresti\\\/\",\"name\":\"St\u00e2lp c\u0103zut peste un tramvai nou, \u00een Bucure\u0219ti - Buletin de Bucure\u0219ti\",\"isPartOf\":{\"@id\":\"https:\\\/\\\/buletin.de\\\/bucuresti\\\/#website\"},\"primaryImageOfPage\":{\"@id\":\"https:\\\/\\\/buletin.de\\\/bucuresti\\\/stalp-cazut-peste-un-tramvai-nou-in-bucuresti\\\/#primaryimage\"},\"image\":{\"@id\":\"https:\\\/\\\/buletin.de\\\/bucuresti\\\/stalp-cazut-peste-un-tramvai-nou-in-bucuresti\\\/#primaryimage\"},\"thumbnailUrl\":\"https:\\\/\\\/buletin.de\\\/bucuresti\\\/wp-content\\\/uploads\\\/stalp-cazut-pe-tramvai.jpg\",\"datePublished\":\"2024-11-12T09:48:56+00:00\",\"dateModified\":\"2024-11-14T14:08:53+00:00\",\"description\":\"Liniile 7, 27, 32 si 47 sunt blocate pe Bd. Regina Maria, \u00een bucla de \u00eentoarcere la Pia\u021ba Unirii, din cauza unui st\u00e2lp cazut peste un tramvai\",\"breadcrumb\":{\"@id\":\"https:\\\/\\\/buletin.de\\\/bucuresti\\\/stalp-cazut-peste-un-tramvai-nou-in-bucuresti\\\/#breadcrumb\"},\"inLanguage\":\"en-GB\",\"potentialAction\":[{\"@type\":\"ReadAction\",\"target\":[\"https:\\\/\\\/buletin.de\\\/bucuresti\\\/stalp-cazut-peste-un-tramvai-nou-in-bucuresti\\\/\"]}]},{\"@type\":\"ImageObject\",\"inLanguage\":\"en-GB\",\"@id\":\"https:\\\/\\\/buletin.de\\\/bucuresti\\\/stalp-cazut-peste-un-tramvai-nou-in-bucuresti\\\/#primaryimage\",\"url\":\"https:\\\/\\\/buletin.de\\\/bucuresti\\\/wp-content\\\/uploads\\\/stalp-cazut-pe-tramvai.jpg\",\"contentUrl\":\"https:\\\/\\\/buletin.de\\\/bucuresti\\\/wp-content\\\/uploads\\\/stalp-cazut-pe-tramvai.jpg\",\"width\":899,\"height\":638,\"caption\":\"St\u00e2lp c\u0103zut peste un tramvai nou, \u00een Bucure\u0219ti. Foto amator\"},{\"@type\":\"BreadcrumbList\",\"@id\":\"https:\\\/\\\/buletin.de\\\/bucuresti\\\/stalp-cazut-peste-un-tramvai-nou-in-bucuresti\\\/#breadcrumb\",\"itemListElement\":[{\"@type\":\"ListItem\",\"position\":1,\"name\":\"Acas\u0103\",\"item\":\"https:\\\/\\\/buletin.de\\\/bucuresti\\\/\"},{\"@type\":\"ListItem\",\"position\":2,\"name\":\"St\u00e2lp c\u0103zut peste un tramvai nou, \u00een Bucure\u0219ti\"}]},{\"@type\":\"WebSite\",\"@id\":\"https:\\\/\\\/buletin.de\\\/bucuresti\\\/#website\",\"url\":\"https:\\\/\\\/buletin.de\\\/bucuresti\\\/\",\"name\":\"Buletin de Bucure\u0219ti\",\"description\":\"\u0218tiri \u0219i investiga\u021bii esen\u021biale din capital\u0103\",\"publisher\":{\"@id\":\"https:\\\/\\\/buletin.de\\\/bucuresti\\\/#organization\"},\"potentialAction\":[{\"@type\":\"SearchAction\",\"target\":{\"@type\":\"EntryPoint\",\"urlTemplate\":\"https:\\\/\\\/buletin.de\\\/bucuresti\\\/?s={search_term_string}\"},\"query-input\":{\"@type\":\"PropertyValueSpecification\",\"valueRequired\":true,\"valueName\":\"search_term_string\"}}],\"inLanguage\":\"en-GB\"},{\"@type\":\"Organization\",\"@id\":\"https:\\\/\\\/buletin.de\\\/bucuresti\\\/#organization\",\"name\":\"Buletin de Bucure\u0219ti\",\"url\":\"https:\\\/\\\/buletin.de\\\/bucuresti\\\/\",\"logo\":{\"@type\":\"ImageObject\",\"inLanguage\":\"en-GB\",\"@id\":\"https:\\\/\\\/buletin.de\\\/bucuresti\\\/#\\\/schema\\\/logo\\\/image\\\/\",\"url\":\"https:\\\/\\\/buletin.de\\\/bucuresti\\\/wp-content\\\/uploads\\\/logo-bdb-full-wide-vernil-transparent.png\",\"contentUrl\":\"https:\\\/\\\/buletin.de\\\/bucuresti\\\/wp-content\\\/uploads\\\/logo-bdb-full-wide-vernil-transparent.png\",\"width\":1782,\"height\":626,\"caption\":\"Buletin de Bucure\u0219ti\"},\"image\":{\"@id\":\"https:\\\/\\\/buletin.de\\\/bucuresti\\\/#\\\/schema\\\/logo\\\/image\\\/\"},\"sameAs\":[\"https:\\\/\\\/www.facebook.com\\\/buletin.de.buc\",\"https:\\\/\\\/www.instagram.com\\\/buletinde.bucuresti\\\/\"]},{\"@type\":\"Person\",\"@id\":\"https:\\\/\\\/buletin.de\\\/bucuresti\\\/#\\\/schema\\\/person\\\/2bbcf854e5f2419a13804af574d06ab1\",\"name\":\"Redac\u021bia Buletin de Bucure\u0219ti\",\"image\":{\"@type\":\"ImageObject\",\"inLanguage\":\"en-GB\",\"@id\":\"https:\\\/\\\/secure.gravatar.com\\\/avatar\\\/18c5342381ed1a08620e6280424e3e5efc958618f5d67c522c9e44c1bc6f9226?s=96&d=monsterid&r=g60c7cd0ad92c68c049fcd4bb3504d609\",\"url\":\"https:\\\/\\\/secure.gravatar.com\\\/avatar\\\/18c5342381ed1a08620e6280424e3e5efc958618f5d67c522c9e44c1bc6f9226?s=96&d=monsterid&r=g\",\"contentUrl\":\"https:\\\/\\\/secure.gravatar.com\\\/avatar\\\/18c5342381ed1a08620e6280424e3e5efc958618f5d67c522c9e44c1bc6f9226?s=96&d=monsterid&r=g\",\"caption\":\"Redac\u021bia Buletin de Bucure\u0219ti\"},\"description\":\"Buletin de Bucure\u0219ti exist\u0103 din vara anului 2019.\",\"url\":\"https:\\\/\\\/buletin.de\\\/bucuresti\\\/author\\\/adminbuletin\\\/\"}]}<\/script>\n<!-- \/ Yoast SEO Premium plugin. -->","yoast_head_json":{"title":"St\u00e2lp c\u0103zut peste un tramvai nou, \u00een Bucure\u0219ti - Buletin de Bucure\u0219ti","description":"Liniile 7, 27, 32 si 47 sunt blocate pe Bd. Regina Maria, \u00een bucla de \u00eentoarcere la Pia\u021ba Unirii, din cauza unui st\u00e2lp cazut peste un tramvai","robots":{"index":"index","follow":"follow","max-snippet":"max-snippet:-1","max-image-preview":"max-image-preview:large","max-video-preview":"max-video-preview:-1"},"canonical":"https:\/\/buletin.de\/bucuresti\/stalp-cazut-peste-un-tramvai-nou-in-bucuresti\/","og_locale":"en_GB","og_type":"article","og_title":"St\u00e2lp c\u0103zut peste un tramvai nou, \u00een Bucure\u0219ti","og_description":"Liniile 7, 27, 32 si 47 sunt blocate pe Bd. Regina Maria, \u00een bucla de \u00eentoarcere la Pia\u021ba Unirii, din cauza unui st\u00e2lp cazut peste un tramvai","og_url":"https:\/\/buletin.de\/bucuresti\/stalp-cazut-peste-un-tramvai-nou-in-bucuresti\/","og_site_name":"Buletin de Bucure\u0219ti","article_publisher":"https:\/\/www.facebook.com\/buletin.de.buc","article_published_time":"2024-11-12T09:48:56+00:00","article_modified_time":"2024-11-14T14:08:53+00:00","og_image":[{"width":899,"height":638,"url":"https:\/\/buletin.de\/bucuresti\/wp-content\/uploads\/stalp-cazut-pe-tramvai.jpg","type":"image\/jpeg"}],"author":"Redac\u021bia Buletin de Bucure\u0219ti","twitter_card":"summary_large_image","twitter_misc":{"Written by":"Redac\u021bia Buletin de Bucure\u0219ti","Estimated reading time":"2 minutes"},"schema":{"@context":"https:\/\/schema.org","@graph":[{"@type":"Article","@id":"https:\/\/buletin.de\/bucuresti\/stalp-cazut-peste-un-tramvai-nou-in-bucuresti\/#article","isPartOf":{"@id":"https:\/\/buletin.de\/bucuresti\/stalp-cazut-peste-un-tramvai-nou-in-bucuresti\/"},"author":{"name":"Redac\u021bia Buletin de Bucure\u0219ti","@id":"https:\/\/buletin.de\/bucuresti\/#\/schema\/person\/2bbcf854e5f2419a13804af574d06ab1"},"headline":"St\u00e2lp c\u0103zut peste un tramvai nou, \u00een Bucure\u0219ti","datePublished":"2024-11-12T09:48:56+00:00","dateModified":"2024-11-14T14:08:53+00:00","mainEntityOfPage":{"@id":"https:\/\/buletin.de\/bucuresti\/stalp-cazut-peste-un-tramvai-nou-in-bucuresti\/"},"wordCount":170,"publisher":{"@id":"https:\/\/buletin.de\/bucuresti\/#organization"},"image":{"@id":"https:\/\/buletin.de\/bucuresti\/stalp-cazut-peste-un-tramvai-nou-in-bucuresti\/#primaryimage"},"thumbnailUrl":"https:\/\/buletin.de\/bucuresti\/wp-content\/uploads\/stalp-cazut-pe-tramvai.jpg","keywords":["circulatie blocata","linie tramvai blocata","stalp cazut","stalp cazut tramvai","stalp stb"],"articleSection":["Articole","Eveniment","\u0218tiri"],"inLanguage":"en-GB","copyrightYear":"2024","copyrightHolder":{"@id":"https:\/\/buletin.de\/bucuresti\/#organization"}},{"@type":"WebPage","@id":"https:\/\/buletin.de\/bucuresti\/stalp-cazut-peste-un-tramvai-nou-in-bucuresti\/","url":"https:\/\/buletin.de\/bucuresti\/stalp-cazut-peste-un-tramvai-nou-in-bucuresti\/","name":"St\u00e2lp c\u0103zut peste un tramvai nou, \u00een Bucure\u0219ti - Buletin de Bucure\u0219ti","isPartOf":{"@id":"https:\/\/buletin.de\/bucuresti\/#website"},"primaryImageOfPage":{"@id":"https:\/\/buletin.de\/bucuresti\/stalp-cazut-peste-un-tramvai-nou-in-bucuresti\/#primaryimage"},"image":{"@id":"https:\/\/buletin.de\/bucuresti\/stalp-cazut-peste-un-tramvai-nou-in-bucuresti\/#primaryimage"},"thumbnailUrl":"https:\/\/buletin.de\/bucuresti\/wp-content\/uploads\/stalp-cazut-pe-tramvai.jpg","datePublished":"2024-11-12T09:48:56+00:00","dateModified":"2024-11-14T14:08:53+00:00","description":"Liniile 7, 27, 32 si 47 sunt blocate pe Bd. Regina Maria, \u00een bucla de \u00eentoarcere la Pia\u021ba Unirii, din cauza unui st\u00e2lp cazut peste un tramvai","breadcrumb":{"@id":"https:\/\/buletin.de\/bucuresti\/stalp-cazut-peste-un-tramvai-nou-in-bucuresti\/#breadcrumb"},"inLanguage":"en-GB","potentialAction":[{"@type":"ReadAction","target":["https:\/\/buletin.de\/bucuresti\/stalp-cazut-peste-un-tramvai-nou-in-bucuresti\/"]}]},{"@type":"ImageObject","inLanguage":"en-GB","@id":"https:\/\/buletin.de\/bucuresti\/stalp-cazut-peste-un-tramvai-nou-in-bucuresti\/#primaryimage","url":"https:\/\/buletin.de\/bucuresti\/wp-content\/uploads\/stalp-cazut-pe-tramvai.jpg","contentUrl":"https:\/\/buletin.de\/bucuresti\/wp-content\/uploads\/stalp-cazut-pe-tramvai.jpg","width":899,"height":638,"caption":"St\u00e2lp c\u0103zut peste un tramvai nou, \u00een Bucure\u0219ti. Foto amator"},{"@type":"BreadcrumbList","@id":"https:\/\/buletin.de\/bucuresti\/stalp-cazut-peste-un-tramvai-nou-in-bucuresti\/#breadcrumb","itemListElement":[{"@type":"ListItem","position":1,"name":"Acas\u0103","item":"https:\/\/buletin.de\/bucuresti\/"},{"@type":"ListItem","position":2,"name":"St\u00e2lp c\u0103zut peste un tramvai nou, \u00een Bucure\u0219ti"}]},{"@type":"WebSite","@id":"https:\/\/buletin.de\/bucuresti\/#website","url":"https:\/\/buletin.de\/bucuresti\/","name":"Buletin de Bucure\u0219ti","description":"\u0218tiri \u0219i investiga\u021bii esen\u021biale din capital\u0103","publisher":{"@id":"https:\/\/buletin.de\/bucuresti\/#organization"},"potentialAction":[{"@type":"SearchAction","target":{"@type":"EntryPoint","urlTemplate":"https:\/\/buletin.de\/bucuresti\/?s={search_term_string}"},"query-input":{"@type":"PropertyValueSpecification","valueRequired":true,"valueName":"search_term_string"}}],"inLanguage":"en-GB"},{"@type":"Organization","@id":"https:\/\/buletin.de\/bucuresti\/#organization","name":"Buletin de Bucure\u0219ti","url":"https:\/\/buletin.de\/bucuresti\/","logo":{"@type":"ImageObject","inLanguage":"en-GB","@id":"https:\/\/buletin.de\/bucuresti\/#\/schema\/logo\/image\/","url":"https:\/\/buletin.de\/bucuresti\/wp-content\/uploads\/logo-bdb-full-wide-vernil-transparent.png","contentUrl":"https:\/\/buletin.de\/bucuresti\/wp-content\/uploads\/logo-bdb-full-wide-vernil-transparent.png","width":1782,"height":626,"caption":"Buletin de Bucure\u0219ti"},"image":{"@id":"https:\/\/buletin.de\/bucuresti\/#\/schema\/logo\/image\/"},"sameAs":["https:\/\/www.facebook.com\/buletin.de.buc","https:\/\/www.instagram.com\/buletinde.bucuresti\/"]},{"@type":"Person","@id":"https:\/\/buletin.de\/bucuresti\/#\/schema\/person\/2bbcf854e5f2419a13804af574d06ab1","name":"Redac\u021bia Buletin de Bucure\u0219ti","image":{"@type":"ImageObject","inLanguage":"en-GB","@id":"https:\/\/secure.gravatar.com\/avatar\/18c5342381ed1a08620e6280424e3e5efc958618f5d67c522c9e44c1bc6f9226?s=96&d=monsterid&r=g60c7cd0ad92c68c049fcd4bb3504d609","url":"https:\/\/secure.gravatar.com\/avatar\/18c5342381ed1a08620e6280424e3e5efc958618f5d67c522c9e44c1bc6f9226?s=96&d=monsterid&r=g","contentUrl":"https:\/\/secure.gravatar.com\/avatar\/18c5342381ed1a08620e6280424e3e5efc958618f5d67c522c9e44c1bc6f9226?s=96&d=monsterid&r=g","caption":"Redac\u021bia Buletin de Bucure\u0219ti"},"description":"Buletin de Bucure\u0219ti exist\u0103 din vara anului 2019.","url":"https:\/\/buletin.de\/bucuresti\/author\/adminbuletin\/"}]}},"authors":[{"term_id":22583,"user_id":1,"is_guest":0,"slug":"adminbuletin","display_name":"Redac\u021bia Buletin de Bucure\u0219ti","avatar_url":"https:\/\/secure.gravatar.com\/avatar\/18c5342381ed1a08620e6280424e3e5efc958618f5d67c522c9e44c1bc6f9226?s=96&d=monsterid&r=g","0":null,"1":"","2":"","3":"","4":"","5":"","6":"","7":"","8":""}],"_links":{"self":[{"href":"https:\/\/buletin.de\/bucuresti\/wp-json\/wp\/v2\/posts\/106070","targetHints":{"allow":["GET"]}}],"collection":[{"href":"https:\/\/buletin.de\/bucuresti\/wp-json\/wp\/v2\/posts"}],"about":[{"href":"https:\/\/buletin.de\/bucuresti\/wp-json\/wp\/v2\/types\/post"}],"author":[{"embeddable":true,"href":"https:\/\/buletin.de\/bucuresti\/wp-json\/wp\/v2\/users\/1"}],"replies":[{"embeddable":true,"href":"https:\/\/buletin.de\/bucuresti\/wp-json\/wp\/v2\/comments?post=106070"}],"version-history":[{"count":11,"href":"https:\/\/buletin.de\/bucuresti\/wp-json\/wp\/v2\/posts\/106070\/revisions"}],"predecessor-version":[{"id":106137,"href":"https:\/\/buletin.de\/bucuresti\/wp-json\/wp\/v2\/posts\/106070\/revisions\/106137"}],"wp:featuredmedia":[{"embeddable":true,"href":"https:\/\/buletin.de\/bucuresti\/wp-json\/wp\/v2\/media\/106075"}],"wp:attachment":[{"href":"https:\/\/buletin.de\/bucuresti\/wp-json\/wp\/v2\/media?parent=106070"}],"wp:term":[{"taxonomy":"category","embeddable":true,"href":"https:\/\/buletin.de\/bucuresti\/wp-json\/wp\/v2\/categories?post=106070"},{"taxonomy":"post_tag","embeddable":true,"href":"https:\/\/buletin.de\/bucuresti\/wp-json\/wp\/v2\/tags?post=106070"},{"taxonomy":"author","embeddable":true,"href":"https:\/\/buletin.de\/bucuresti\/wp-json\/wp\/v2\/ppma_author?post=106070"}],"curies":[{"name":"wp","href":"https:\/\/api.w.org\/{rel}","templated":true}]}}