{"id":105954,"date":"2024-11-11T15:09:58","date_gmt":"2024-11-11T12:09:58","guid":{"rendered":"https:\/\/buletin.de\/bucuresti\/?p=105954"},"modified":"2024-11-11T20:03:20","modified_gmt":"2024-11-11T17:03:20","slug":"primaria-sectorului-2-a-pierdut-procesul-cu-consiliul-concurentei-45-530-de-lei-amenda-pentru-nexecutarea-unei-hotarari-judecatoresti","status":"publish","type":"post","link":"https:\/\/buletin.de\/bucuresti\/primaria-sectorului-2-a-pierdut-procesul-cu-consiliul-concurentei-45-530-de-lei-amenda-pentru-nexecutarea-unei-hotarari-judecatoresti\/","title":{"rendered":"Prim\u0103ria Sectorului 2 a pierdut procesul cu Consiliul Concuren\u021bei. 45.530 de lei amend\u0103, pentru neexecutarea unei hot\u0103r\u00e2ri judec\u0103tore\u0219ti"},"content":{"rendered":"\n<p><strong>Prim\u0103ria Sectorului 2 a pierdut procesul cu Consiliul Concuren\u021bei, deschis anul acesta pentru c\u0103 administra\u021bia local\u0103 nu pus \u00een aplicare o hot\u0103r\u00e2re judec\u0103toreasc\u0103 pentru stabilirea unui nou operator de salubritate. <\/strong><\/p>\n\n\n\n<h2 class=\"wp-block-heading\" id=\"h-de-ce-a-fost-amendata-primaria-sectorului-2\">De ce a fost amendat\u0103 Prim\u0103ria Sectorului 2<\/h2>\n\n\n\n<p><strong>\u00cen prezent, activiit\u0103\u021bile de salubritate \u00een Sectorul 2 sunt prestate de c\u0103tre Supercom SA, \u00een baza unui contract \u00eencheiat \u00eenc\u0103 din 1999 \u0219i care a fost prelungit prin acte adi\u021bionale, de\u0219i legea impunea organizarea unei licita\u021bii.<\/strong><\/p>\n\n\n\n<p>\u00cen schimb, din 2009 p\u00e2n\u0103 \u00een 2013, nu s-a f\u0103cut o nou\u0103 licita\u021bie, prin urmare Consiliul Concuren\u021bei a dat \u00een judecat\u0103 Prim\u0103ria Sectorului 2, oblig\u00e2nd-o s\u0103 \u00eencheie un nou contract de salubritate.<\/p>\n\n\n\n<p>\u00cen 2015, Consiliul Concuren\u021bei a c\u00e2\u0219tigat procesul la Curtea de Apel, \u00een prim\u0103 instan\u021b\u0103, iar \u00een 2018, \u00cenalta Curte de Casa\u021bie \u0219i Justi\u021bie a decis definitiv c\u0103 Sectorului 2 trebuie s\u0103 fac\u0103 o nou\u0103 licita\u021bie, deoarece un astfel de contract nu poate fi prelungit prin acte adi\u021bionale. <\/p>\n\n\n\n<p>Au fost f\u0103cute p\u00e2n\u0103 acum trei \u00eencerc\u0103ri, toate e\u0219uate. Prima licita\u021bie a fost pornit\u0103 \u00een 2020, dar a fost invalidat\u0103 de instan\u021b\u0103 \u00een 2020.<\/p>\n\n\n\n<p><strong>\u00cen 2022,&nbsp;<a href=\"https:\/\/economedia.ro\/sectorul-2-liciteaza-salubrizarea-pentru-urmatorii-8-ani-contract-de-400-de-milioane-de-euro.html\" target=\"_blank\" rel=\"noreferrer noopener\">a fost aprobat un caiet de sarcini,<\/a>&nbsp;care a fost din nou invalidat \u00een instan\u021b\u0103, pentru c\u0103 Guvernul a schimbat legea \u0219i impunea obliga\u021bia ca prim\u0103riile s\u0103 delege \u0219i serviciile de tratare \u0219i depozitare<\/strong>.<\/p>\n\n\n\n<p>\u00cenc\u0103 o \u00eencercare a avut loc \u00een 2024, dar Consiliul Local al Sectorului 2 a respins de patru ori proiectul de hot\u0103r\u00e2re pentru concesionarea serviciului de salubrizare.<\/p>\n\n\n\n<p>CITE\u0218TE \u0218I: <strong><a href=\"https:\/\/buletin.de\/bucuresti\/sector-2-consiliul-local-a-respins-pentru-a-patra-oara-concesionarea-salubrizarii-primaria-plateste-in-continuare-amenda\/\" target=\"_blank\" rel=\"noreferrer noopener\">Sector 2 | Consiliul Local a respins pentru a patra oar\u0103 concesionarea salubriz\u0103rii. Prim\u0103ria pl\u0103te\u0219te \u00een continuare amend\u0103<\/a><\/strong><br><\/p>\n\n\n\n<h2 class=\"wp-block-heading\" id=\"h-primaria-sectorului-2-a-pierdut-din-nou-procesul-cu-consiliul-concuren\u021bei\">Prim\u0103ria Sectorului 2 a pierdut din nou procesul cu Consiliul Concuren\u021bei<\/h2>\n\n\n\n<p>\u00cen mai anul acesta, Consiliul Concuren\u021bei a deschis un nou proces \u00eempotriva Prim\u0103riei Sectorului 2, pentru neexecutarea hot\u0103r\u00e2rii judec\u0103tore\u0219ti privind organizarea licita\u021biei pentru concesionarea serviciului de salubritate, cea ini\u021bial\u0103, din 2015.<\/p>\n\n\n\n<p>Curtea de Apel Bucure\u0219ti a decis, pe 7 noiembrie, c\u0103 institu\u021bia local\u0103 trebuie s\u0103 pl\u0103teasc\u0103 o amend\u0103.<\/p>\n\n\n\n<p>\u201eFixeaz\u0103 suma de <strong><mark style=\"background-color:rgba(0, 0, 0, 0)\" class=\"has-inline-color has-vivid-red-color\">45.530 de lei<\/mark><\/strong>, cu titlu de amend\u0103 datorat\u0103 statului de Primarul Sectorului 2 al Mun. Bucure\u015fti \u00een temeiul Deciziei nr. 5819\/24.11.2021, pronun\u0163at\u0103 de \u00cenalta Curte de Casa\u0163ie \u015fi Justi\u0163ie \u2013 Sec\u0163ia de Contencios Administrativ \u015fi Fiscal \u00een dosarul nr. 5650\/2\/2020\u201d, se arat\u0103 \u00een <a href=\"https:\/\/portal.just.ro\/2\/SitePages\/Dosar.aspx?id_dosar=200000000435003&amp;id_inst=2\" target=\"_blank\" rel=\"noreferrer noopener\">minuta sentin\u021bei<\/a>.<\/p>\n\n\n\n<p>Decizia judec\u0103torilor nu este definitiv\u0103 \u0219i poate fi contestat\u0103 prin recurs.<\/p>\n\n\n\n<p>CITE\u0218TE \u0218I:\u00a0<strong><a href=\"https:\/\/buletin.de\/bucuresti\/colectarea-separata-a-deseurilor-va-fi-concesionata-de-primaria-sectorului-2-pe-8-ani-hotarare-pusa-in-dezbatere-publica\/\" target=\"_blank\" rel=\"noreferrer noopener\">Colectarea separat\u0103 a de\u0219eurilor va fi concesionat\u0103 de Prim\u0103ria Sectorului 2 pe 8 ani. Hot\u0103r\u00e2re pus\u0103 \u00een dezbatere public\u0103<\/a><\/strong><br><\/p>\n\n\n\n<h2 class=\"wp-block-heading\" id=\"h-primarul-rare\u0219-hopinca-vom-face-recurs-apoi-vom-reveni-cu-o-noua-licita\u021bie\">Primarul Rare\u0219 Hopinc\u0103: Vom face recurs, apoi vom reveni cu o nou\u0103 licita\u021bie<\/h2>\n\n\n\n<p><strong>Primarul Sectorului 2, Rare\u0219 Hopinc\u0103, a declarat pentru Buletin de Bucure\u0219ti c\u0103 va face recurs \u00eempotriva sentin\u021bei Cur\u021bii de Apel Bucure\u0219ti.<\/strong><\/p>\n\n\n\n<p>\u201eVom face recurs, vr\u00e2nd totu\u0219i s\u0103 protej\u0103m banul public. E prioritar pentru noi s\u0103 lans\u0103m procedura de concesionare a serviciului de salubritate. <\/p>\n\n\n\n<p>\u0218i sper\u0103m ca \u00een timpul recursului, noi fiind deja cu noua procedur\u0103 publicat\u0103, instan\u021ba s\u0103 schimbe decizia luat\u0103 acum\u201d, a precizat Rare\u0219 Hopinc\u0103.<\/p>\n\n\n\n<p>Primarul nu a putut estima c\u00e2nd va fi pus \u00een dezbatere public\u0103 un nou proiect de hot\u0103r\u00e2re de Consiliu Local pe aceast\u0103 tem\u0103, consider\u00e2nd c\u0103 trebuie o analiz\u0103 temeinic\u0103 pe subiect.<\/p>\n","protected":false},"excerpt":{"rendered":"<p>Prim\u0103ria Sectorului 2 a pierdut procesul cu Consiliul Concuren\u021bei, deschis anul acesta pentru c\u0103 administra\u021bia local\u0103 nu pus \u00een aplicare o hot\u0103r\u00e2re judec\u0103toreasc\u0103 pentru stabilirea unui nou operator de salubritate. De ce a fost amendat\u0103 Prim\u0103ria Sectorului 2 \u00cen prezent, activiit\u0103\u021bile de salubritate \u00een Sectorul 2 sunt prestate de c\u0103tre Supercom SA, \u00een baza unui [&hellip;]<\/p>\n","protected":false},"author":60,"featured_media":105964,"comment_status":"closed","ping_status":"open","sticky":false,"template":"","format":"standard","meta":{"_acf_changed":false,"inline_featured_image":false,"ngg_post_thumbnail":0,"footnotes":""},"categories":[6994,5762,24],"tags":[9,2564,179,16269,228,1919,231,429],"ppma_author":[22582],"class_list":["post-105954","post","type-post","status-publish","format-standard","has-post-thumbnail","hentry","category-stiri-2","category-main","category-primarie","tag-bucuresti","tag-colectare-selectiva","tag-deseuri","tag-licitatie-salubrizare","tag-primaria-sectorului-2","tag-radu-mihaiu","tag-salubrizare","tag-sectorul-2"],"acf":[],"yoast_head":"<!-- This site is optimized with the Yoast SEO Premium plugin v25.3 (Yoast SEO v27.4) - https:\/\/yoast.com\/product\/yoast-seo-premium-wordpress\/ -->\n<title>Prim\u0103ria Sectorului 2 a pierdut procesul cu Consiliul Concuren\u021bei. 45.530 de lei amend\u0103, pentru neexecutarea unei hot\u0103r\u00e2ri judec\u0103tore\u0219ti - Buletin de Bucure\u0219ti<\/title>\n<meta name=\"description\" content=\"Prim\u0103ria Sectorului 2 a pierdut procesul cu Consiliul Concuren\u021bei, deschis pentru c\u0103 nu a pus \u00een aplicare o hot\u0103r\u00e2re judec\u0103toreasc\u0103.\" \/>\n<meta name=\"robots\" content=\"index, follow, max-snippet:-1, max-image-preview:large, max-video-preview:-1\" \/>\n<link rel=\"canonical\" href=\"https:\/\/buletin.de\/bucuresti\/primaria-sectorului-2-a-pierdut-procesul-cu-consiliul-concurentei-45-530-de-lei-amenda-pentru-nexecutarea-unei-hotarari-judecatoresti\/\" \/>\n<meta property=\"og:locale\" content=\"en_GB\" \/>\n<meta property=\"og:type\" content=\"article\" \/>\n<meta property=\"og:title\" content=\"Prim\u0103ria Sectorului 2 a pierdut procesul cu Consiliul Concuren\u021bei. 45.530 de lei amend\u0103, pentru neexecutarea unei hot\u0103r\u00e2ri judec\u0103tore\u0219ti\" \/>\n<meta property=\"og:description\" content=\"Prim\u0103ria Sectorului 2 a pierdut procesul cu Consiliul Concuren\u021bei, deschis pentru c\u0103 nu a pus \u00een aplicare o hot\u0103r\u00e2re judec\u0103toreasc\u0103.\" \/>\n<meta property=\"og:url\" content=\"https:\/\/buletin.de\/bucuresti\/primaria-sectorului-2-a-pierdut-procesul-cu-consiliul-concurentei-45-530-de-lei-amenda-pentru-nexecutarea-unei-hotarari-judecatoresti\/\" \/>\n<meta property=\"og:site_name\" content=\"Buletin de Bucure\u0219ti\" \/>\n<meta property=\"article:publisher\" content=\"https:\/\/www.facebook.com\/buletin.de.buc\" \/>\n<meta property=\"article:published_time\" content=\"2024-11-11T12:09:58+00:00\" \/>\n<meta property=\"article:modified_time\" content=\"2024-11-11T17:03:20+00:00\" \/>\n<meta property=\"og:image\" content=\"https:\/\/buletin.de\/bucuresti\/wp-content\/uploads\/gunoisectorul2.webp\" \/>\n\t<meta property=\"og:image:width\" content=\"1280\" \/>\n\t<meta property=\"og:image:height\" content=\"720\" \/>\n\t<meta property=\"og:image:type\" content=\"image\/webp\" \/>\n<meta name=\"author\" content=\"R\u0103zvan Chiru\u021b\u0103\" \/>\n<meta name=\"twitter:card\" content=\"summary_large_image\" \/>\n<meta name=\"twitter:label1\" content=\"Written by\" \/>\n\t<meta name=\"twitter:data1\" content=\"R\u0103zvan Chiru\u021b\u0103\" \/>\n\t<meta name=\"twitter:label2\" content=\"Estimated reading time\" \/>\n\t<meta name=\"twitter:data2\" content=\"3 minutes\" \/>\n<script type=\"application\/ld+json\" class=\"yoast-schema-graph\">{\"@context\":\"https:\\\/\\\/schema.org\",\"@graph\":[{\"@type\":\"Article\",\"@id\":\"https:\\\/\\\/buletin.de\\\/bucuresti\\\/primaria-sectorului-2-a-pierdut-procesul-cu-consiliul-concurentei-45-530-de-lei-amenda-pentru-nexecutarea-unei-hotarari-judecatoresti\\\/#article\",\"isPartOf\":{\"@id\":\"https:\\\/\\\/buletin.de\\\/bucuresti\\\/primaria-sectorului-2-a-pierdut-procesul-cu-consiliul-concurentei-45-530-de-lei-amenda-pentru-nexecutarea-unei-hotarari-judecatoresti\\\/\"},\"author\":{\"name\":\"R\u0103zvan Chiru\u021b\u0103\",\"@id\":\"https:\\\/\\\/buletin.de\\\/bucuresti\\\/#\\\/schema\\\/person\\\/a76df728dfc913795a9d90e346b253bb\"},\"headline\":\"Prim\u0103ria Sectorului 2 a pierdut procesul cu Consiliul Concuren\u021bei. 45.530 de lei amend\u0103, pentru neexecutarea unei hot\u0103r\u00e2ri judec\u0103tore\u0219ti\",\"datePublished\":\"2024-11-11T12:09:58+00:00\",\"dateModified\":\"2024-11-11T17:03:20+00:00\",\"mainEntityOfPage\":{\"@id\":\"https:\\\/\\\/buletin.de\\\/bucuresti\\\/primaria-sectorului-2-a-pierdut-procesul-cu-consiliul-concurentei-45-530-de-lei-amenda-pentru-nexecutarea-unei-hotarari-judecatoresti\\\/\"},\"wordCount\":582,\"publisher\":{\"@id\":\"https:\\\/\\\/buletin.de\\\/bucuresti\\\/#organization\"},\"image\":{\"@id\":\"https:\\\/\\\/buletin.de\\\/bucuresti\\\/primaria-sectorului-2-a-pierdut-procesul-cu-consiliul-concurentei-45-530-de-lei-amenda-pentru-nexecutarea-unei-hotarari-judecatoresti\\\/#primaryimage\"},\"thumbnailUrl\":\"https:\\\/\\\/buletin.de\\\/bucuresti\\\/wp-content\\\/uploads\\\/gunoisectorul2.webp\",\"keywords\":[\"bucuresti\",\"Colectare selectiv\u0103\",\"deseuri\",\"licitatie salubrizare\",\"primaria sectorului 2\",\"Radu Mihaiu\",\"salubrizare\",\"sectorul 2\"],\"articleSection\":[\"Articole\",\"Main\",\"Prim\u0103rie\"],\"inLanguage\":\"en-GB\",\"copyrightYear\":\"2024\",\"copyrightHolder\":{\"@id\":\"https:\\\/\\\/buletin.de\\\/bucuresti\\\/#organization\"}},{\"@type\":\"WebPage\",\"@id\":\"https:\\\/\\\/buletin.de\\\/bucuresti\\\/primaria-sectorului-2-a-pierdut-procesul-cu-consiliul-concurentei-45-530-de-lei-amenda-pentru-nexecutarea-unei-hotarari-judecatoresti\\\/\",\"url\":\"https:\\\/\\\/buletin.de\\\/bucuresti\\\/primaria-sectorului-2-a-pierdut-procesul-cu-consiliul-concurentei-45-530-de-lei-amenda-pentru-nexecutarea-unei-hotarari-judecatoresti\\\/\",\"name\":\"Prim\u0103ria Sectorului 2 a pierdut procesul cu Consiliul Concuren\u021bei. 45.530 de lei amend\u0103, pentru neexecutarea unei hot\u0103r\u00e2ri judec\u0103tore\u0219ti - Buletin de Bucure\u0219ti\",\"isPartOf\":{\"@id\":\"https:\\\/\\\/buletin.de\\\/bucuresti\\\/#website\"},\"primaryImageOfPage\":{\"@id\":\"https:\\\/\\\/buletin.de\\\/bucuresti\\\/primaria-sectorului-2-a-pierdut-procesul-cu-consiliul-concurentei-45-530-de-lei-amenda-pentru-nexecutarea-unei-hotarari-judecatoresti\\\/#primaryimage\"},\"image\":{\"@id\":\"https:\\\/\\\/buletin.de\\\/bucuresti\\\/primaria-sectorului-2-a-pierdut-procesul-cu-consiliul-concurentei-45-530-de-lei-amenda-pentru-nexecutarea-unei-hotarari-judecatoresti\\\/#primaryimage\"},\"thumbnailUrl\":\"https:\\\/\\\/buletin.de\\\/bucuresti\\\/wp-content\\\/uploads\\\/gunoisectorul2.webp\",\"datePublished\":\"2024-11-11T12:09:58+00:00\",\"dateModified\":\"2024-11-11T17:03:20+00:00\",\"description\":\"Prim\u0103ria Sectorului 2 a pierdut procesul cu Consiliul Concuren\u021bei, deschis pentru c\u0103 nu a pus \u00een aplicare o hot\u0103r\u00e2re judec\u0103toreasc\u0103.\",\"breadcrumb\":{\"@id\":\"https:\\\/\\\/buletin.de\\\/bucuresti\\\/primaria-sectorului-2-a-pierdut-procesul-cu-consiliul-concurentei-45-530-de-lei-amenda-pentru-nexecutarea-unei-hotarari-judecatoresti\\\/#breadcrumb\"},\"inLanguage\":\"en-GB\",\"potentialAction\":[{\"@type\":\"ReadAction\",\"target\":[\"https:\\\/\\\/buletin.de\\\/bucuresti\\\/primaria-sectorului-2-a-pierdut-procesul-cu-consiliul-concurentei-45-530-de-lei-amenda-pentru-nexecutarea-unei-hotarari-judecatoresti\\\/\"]}]},{\"@type\":\"ImageObject\",\"inLanguage\":\"en-GB\",\"@id\":\"https:\\\/\\\/buletin.de\\\/bucuresti\\\/primaria-sectorului-2-a-pierdut-procesul-cu-consiliul-concurentei-45-530-de-lei-amenda-pentru-nexecutarea-unei-hotarari-judecatoresti\\\/#primaryimage\",\"url\":\"https:\\\/\\\/buletin.de\\\/bucuresti\\\/wp-content\\\/uploads\\\/gunoisectorul2.webp\",\"contentUrl\":\"https:\\\/\\\/buletin.de\\\/bucuresti\\\/wp-content\\\/uploads\\\/gunoisectorul2.webp\",\"width\":1280,\"height\":720,\"caption\":\"Prim\u0103ria Sectorului 2 a pierdut procesul cu Consiliul Concuren\u021bei. Colaj BdB\"},{\"@type\":\"BreadcrumbList\",\"@id\":\"https:\\\/\\\/buletin.de\\\/bucuresti\\\/primaria-sectorului-2-a-pierdut-procesul-cu-consiliul-concurentei-45-530-de-lei-amenda-pentru-nexecutarea-unei-hotarari-judecatoresti\\\/#breadcrumb\",\"itemListElement\":[{\"@type\":\"ListItem\",\"position\":1,\"name\":\"Acas\u0103\",\"item\":\"https:\\\/\\\/buletin.de\\\/bucuresti\\\/\"},{\"@type\":\"ListItem\",\"position\":2,\"name\":\"Prim\u0103ria Sectorului 2 a pierdut procesul cu Consiliul Concuren\u021bei. 45.530 de lei amend\u0103, pentru neexecutarea unei hot\u0103r\u00e2ri judec\u0103tore\u0219ti\"}]},{\"@type\":\"WebSite\",\"@id\":\"https:\\\/\\\/buletin.de\\\/bucuresti\\\/#website\",\"url\":\"https:\\\/\\\/buletin.de\\\/bucuresti\\\/\",\"name\":\"Buletin de Bucure\u0219ti\",\"description\":\"\u0218tiri \u0219i investiga\u021bii esen\u021biale din capital\u0103\",\"publisher\":{\"@id\":\"https:\\\/\\\/buletin.de\\\/bucuresti\\\/#organization\"},\"potentialAction\":[{\"@type\":\"SearchAction\",\"target\":{\"@type\":\"EntryPoint\",\"urlTemplate\":\"https:\\\/\\\/buletin.de\\\/bucuresti\\\/?s={search_term_string}\"},\"query-input\":{\"@type\":\"PropertyValueSpecification\",\"valueRequired\":true,\"valueName\":\"search_term_string\"}}],\"inLanguage\":\"en-GB\"},{\"@type\":\"Organization\",\"@id\":\"https:\\\/\\\/buletin.de\\\/bucuresti\\\/#organization\",\"name\":\"Buletin de Bucure\u0219ti\",\"url\":\"https:\\\/\\\/buletin.de\\\/bucuresti\\\/\",\"logo\":{\"@type\":\"ImageObject\",\"inLanguage\":\"en-GB\",\"@id\":\"https:\\\/\\\/buletin.de\\\/bucuresti\\\/#\\\/schema\\\/logo\\\/image\\\/\",\"url\":\"https:\\\/\\\/buletin.de\\\/bucuresti\\\/wp-content\\\/uploads\\\/logo-bdb-full-wide-vernil-transparent.png\",\"contentUrl\":\"https:\\\/\\\/buletin.de\\\/bucuresti\\\/wp-content\\\/uploads\\\/logo-bdb-full-wide-vernil-transparent.png\",\"width\":1782,\"height\":626,\"caption\":\"Buletin de Bucure\u0219ti\"},\"image\":{\"@id\":\"https:\\\/\\\/buletin.de\\\/bucuresti\\\/#\\\/schema\\\/logo\\\/image\\\/\"},\"sameAs\":[\"https:\\\/\\\/www.facebook.com\\\/buletin.de.buc\",\"https:\\\/\\\/www.instagram.com\\\/buletinde.bucuresti\\\/\"]},{\"@type\":\"Person\",\"@id\":\"https:\\\/\\\/buletin.de\\\/bucuresti\\\/#\\\/schema\\\/person\\\/a76df728dfc913795a9d90e346b253bb\",\"name\":\"R\u0103zvan Chiru\u021b\u0103\",\"image\":{\"@type\":\"ImageObject\",\"inLanguage\":\"en-GB\",\"@id\":\"https:\\\/\\\/buletin.de\\\/bucuresti\\\/wp-content\\\/uploads\\\/Razvan-Chiruta-96x96.jpge7143b996fd4241fbd6ee1f6b6b7b267\",\"url\":\"https:\\\/\\\/buletin.de\\\/bucuresti\\\/wp-content\\\/uploads\\\/Razvan-Chiruta-96x96.jpg\",\"contentUrl\":\"https:\\\/\\\/buletin.de\\\/bucuresti\\\/wp-content\\\/uploads\\\/Razvan-Chiruta-96x96.jpg\",\"caption\":\"R\u0103zvan Chiru\u021b\u0103\"},\"description\":\"R\u0103zvan Chiru\u021b\u0103 este redactor-\u0219ef adjunct din iulie 2024. A fost redactor-\u0219ef al PRESShub \u00eentre 2022 \u0219i iunie 2024. Anterior, a fost redactor-\u0219ef al Newsweek Rom\u00e2nia, din 2018 p\u00e2n\u0103 \u00een 2021, \u0219i al cotidianului Rom\u00e2nia liber\u0103, \u00eentre 2015 \u0219i 2017. Este absolvent de Jurnalism, \u00een cadrul Universit\u0103\u021bii \u201eAl.I.Cuza\u201d din Ia\u0219i, \u0219i a urmat un master \u00een Managementul institu\u021biilor mass-media (f\u0103r\u0103 diserta\u021bie) la Facultatea de Jurnalism \u0219i \u0218tiin\u021bele Comunic\u0103rii din cadrul Universit\u0103\u021bii din Bucure\u0219ti. \u0218i-a \u00eenceput cariera la Opinia studen\u021beasc\u0103, cunoscuta \u0219coal\u0103 de pres\u0103 din Ia\u0219i. A lucrat \u00een presa local\u0103, apoi a devenit corespondent pentru Ia\u0219i al cotidianului Evenimentul Zilei. Din 2004, a coordonat pentru \u0219ase luni sec\u021bia de coresponden\u021bi a Evenimentului Zilei. A mai lucrat la s\u0103pt\u0103m\u00e2nalul Prezent \u0219i a colaborat cu revistele Dilema Veche \u0219i Suplimentul de Cultur\u0103. Este co-autor \u00een volumele \u201eMass-media \u0219i democra\u021bia \u00een Rom\u00e2nia post-comunist\u0103\u201d (ed. a II-a), Ed. Institutul European, Ia\u0219i, 2013, \u0219i \u201eCOVID - 19. Dimensiuni ale gestionarii pandemiei\u201d, Editura Junimea, Ia\u0219i, 2020.\",\"url\":\"https:\\\/\\\/buletin.de\\\/bucuresti\\\/author\\\/razvan-chiruta\\\/\"}]}<\/script>\n<!-- \/ Yoast SEO Premium plugin. -->","yoast_head_json":{"title":"Prim\u0103ria Sectorului 2 a pierdut procesul cu Consiliul Concuren\u021bei. 45.530 de lei amend\u0103, pentru neexecutarea unei hot\u0103r\u00e2ri judec\u0103tore\u0219ti - Buletin de Bucure\u0219ti","description":"Prim\u0103ria Sectorului 2 a pierdut procesul cu Consiliul Concuren\u021bei, deschis pentru c\u0103 nu a pus \u00een aplicare o hot\u0103r\u00e2re judec\u0103toreasc\u0103.","robots":{"index":"index","follow":"follow","max-snippet":"max-snippet:-1","max-image-preview":"max-image-preview:large","max-video-preview":"max-video-preview:-1"},"canonical":"https:\/\/buletin.de\/bucuresti\/primaria-sectorului-2-a-pierdut-procesul-cu-consiliul-concurentei-45-530-de-lei-amenda-pentru-nexecutarea-unei-hotarari-judecatoresti\/","og_locale":"en_GB","og_type":"article","og_title":"Prim\u0103ria Sectorului 2 a pierdut procesul cu Consiliul Concuren\u021bei. 45.530 de lei amend\u0103, pentru neexecutarea unei hot\u0103r\u00e2ri judec\u0103tore\u0219ti","og_description":"Prim\u0103ria Sectorului 2 a pierdut procesul cu Consiliul Concuren\u021bei, deschis pentru c\u0103 nu a pus \u00een aplicare o hot\u0103r\u00e2re judec\u0103toreasc\u0103.","og_url":"https:\/\/buletin.de\/bucuresti\/primaria-sectorului-2-a-pierdut-procesul-cu-consiliul-concurentei-45-530-de-lei-amenda-pentru-nexecutarea-unei-hotarari-judecatoresti\/","og_site_name":"Buletin de Bucure\u0219ti","article_publisher":"https:\/\/www.facebook.com\/buletin.de.buc","article_published_time":"2024-11-11T12:09:58+00:00","article_modified_time":"2024-11-11T17:03:20+00:00","og_image":[{"width":1280,"height":720,"url":"https:\/\/buletin.de\/bucuresti\/wp-content\/uploads\/gunoisectorul2.webp","type":"image\/webp"}],"author":"R\u0103zvan Chiru\u021b\u0103","twitter_card":"summary_large_image","twitter_misc":{"Written by":"R\u0103zvan Chiru\u021b\u0103","Estimated reading time":"3 minutes"},"schema":{"@context":"https:\/\/schema.org","@graph":[{"@type":"Article","@id":"https:\/\/buletin.de\/bucuresti\/primaria-sectorului-2-a-pierdut-procesul-cu-consiliul-concurentei-45-530-de-lei-amenda-pentru-nexecutarea-unei-hotarari-judecatoresti\/#article","isPartOf":{"@id":"https:\/\/buletin.de\/bucuresti\/primaria-sectorului-2-a-pierdut-procesul-cu-consiliul-concurentei-45-530-de-lei-amenda-pentru-nexecutarea-unei-hotarari-judecatoresti\/"},"author":{"name":"R\u0103zvan Chiru\u021b\u0103","@id":"https:\/\/buletin.de\/bucuresti\/#\/schema\/person\/a76df728dfc913795a9d90e346b253bb"},"headline":"Prim\u0103ria Sectorului 2 a pierdut procesul cu Consiliul Concuren\u021bei. 45.530 de lei amend\u0103, pentru neexecutarea unei hot\u0103r\u00e2ri judec\u0103tore\u0219ti","datePublished":"2024-11-11T12:09:58+00:00","dateModified":"2024-11-11T17:03:20+00:00","mainEntityOfPage":{"@id":"https:\/\/buletin.de\/bucuresti\/primaria-sectorului-2-a-pierdut-procesul-cu-consiliul-concurentei-45-530-de-lei-amenda-pentru-nexecutarea-unei-hotarari-judecatoresti\/"},"wordCount":582,"publisher":{"@id":"https:\/\/buletin.de\/bucuresti\/#organization"},"image":{"@id":"https:\/\/buletin.de\/bucuresti\/primaria-sectorului-2-a-pierdut-procesul-cu-consiliul-concurentei-45-530-de-lei-amenda-pentru-nexecutarea-unei-hotarari-judecatoresti\/#primaryimage"},"thumbnailUrl":"https:\/\/buletin.de\/bucuresti\/wp-content\/uploads\/gunoisectorul2.webp","keywords":["bucuresti","Colectare selectiv\u0103","deseuri","licitatie salubrizare","primaria sectorului 2","Radu Mihaiu","salubrizare","sectorul 2"],"articleSection":["Articole","Main","Prim\u0103rie"],"inLanguage":"en-GB","copyrightYear":"2024","copyrightHolder":{"@id":"https:\/\/buletin.de\/bucuresti\/#organization"}},{"@type":"WebPage","@id":"https:\/\/buletin.de\/bucuresti\/primaria-sectorului-2-a-pierdut-procesul-cu-consiliul-concurentei-45-530-de-lei-amenda-pentru-nexecutarea-unei-hotarari-judecatoresti\/","url":"https:\/\/buletin.de\/bucuresti\/primaria-sectorului-2-a-pierdut-procesul-cu-consiliul-concurentei-45-530-de-lei-amenda-pentru-nexecutarea-unei-hotarari-judecatoresti\/","name":"Prim\u0103ria Sectorului 2 a pierdut procesul cu Consiliul Concuren\u021bei. 45.530 de lei amend\u0103, pentru neexecutarea unei hot\u0103r\u00e2ri judec\u0103tore\u0219ti - Buletin de Bucure\u0219ti","isPartOf":{"@id":"https:\/\/buletin.de\/bucuresti\/#website"},"primaryImageOfPage":{"@id":"https:\/\/buletin.de\/bucuresti\/primaria-sectorului-2-a-pierdut-procesul-cu-consiliul-concurentei-45-530-de-lei-amenda-pentru-nexecutarea-unei-hotarari-judecatoresti\/#primaryimage"},"image":{"@id":"https:\/\/buletin.de\/bucuresti\/primaria-sectorului-2-a-pierdut-procesul-cu-consiliul-concurentei-45-530-de-lei-amenda-pentru-nexecutarea-unei-hotarari-judecatoresti\/#primaryimage"},"thumbnailUrl":"https:\/\/buletin.de\/bucuresti\/wp-content\/uploads\/gunoisectorul2.webp","datePublished":"2024-11-11T12:09:58+00:00","dateModified":"2024-11-11T17:03:20+00:00","description":"Prim\u0103ria Sectorului 2 a pierdut procesul cu Consiliul Concuren\u021bei, deschis pentru c\u0103 nu a pus \u00een aplicare o hot\u0103r\u00e2re judec\u0103toreasc\u0103.","breadcrumb":{"@id":"https:\/\/buletin.de\/bucuresti\/primaria-sectorului-2-a-pierdut-procesul-cu-consiliul-concurentei-45-530-de-lei-amenda-pentru-nexecutarea-unei-hotarari-judecatoresti\/#breadcrumb"},"inLanguage":"en-GB","potentialAction":[{"@type":"ReadAction","target":["https:\/\/buletin.de\/bucuresti\/primaria-sectorului-2-a-pierdut-procesul-cu-consiliul-concurentei-45-530-de-lei-amenda-pentru-nexecutarea-unei-hotarari-judecatoresti\/"]}]},{"@type":"ImageObject","inLanguage":"en-GB","@id":"https:\/\/buletin.de\/bucuresti\/primaria-sectorului-2-a-pierdut-procesul-cu-consiliul-concurentei-45-530-de-lei-amenda-pentru-nexecutarea-unei-hotarari-judecatoresti\/#primaryimage","url":"https:\/\/buletin.de\/bucuresti\/wp-content\/uploads\/gunoisectorul2.webp","contentUrl":"https:\/\/buletin.de\/bucuresti\/wp-content\/uploads\/gunoisectorul2.webp","width":1280,"height":720,"caption":"Prim\u0103ria Sectorului 2 a pierdut procesul cu Consiliul Concuren\u021bei. Colaj BdB"},{"@type":"BreadcrumbList","@id":"https:\/\/buletin.de\/bucuresti\/primaria-sectorului-2-a-pierdut-procesul-cu-consiliul-concurentei-45-530-de-lei-amenda-pentru-nexecutarea-unei-hotarari-judecatoresti\/#breadcrumb","itemListElement":[{"@type":"ListItem","position":1,"name":"Acas\u0103","item":"https:\/\/buletin.de\/bucuresti\/"},{"@type":"ListItem","position":2,"name":"Prim\u0103ria Sectorului 2 a pierdut procesul cu Consiliul Concuren\u021bei. 45.530 de lei amend\u0103, pentru neexecutarea unei hot\u0103r\u00e2ri judec\u0103tore\u0219ti"}]},{"@type":"WebSite","@id":"https:\/\/buletin.de\/bucuresti\/#website","url":"https:\/\/buletin.de\/bucuresti\/","name":"Buletin de Bucure\u0219ti","description":"\u0218tiri \u0219i investiga\u021bii esen\u021biale din capital\u0103","publisher":{"@id":"https:\/\/buletin.de\/bucuresti\/#organization"},"potentialAction":[{"@type":"SearchAction","target":{"@type":"EntryPoint","urlTemplate":"https:\/\/buletin.de\/bucuresti\/?s={search_term_string}"},"query-input":{"@type":"PropertyValueSpecification","valueRequired":true,"valueName":"search_term_string"}}],"inLanguage":"en-GB"},{"@type":"Organization","@id":"https:\/\/buletin.de\/bucuresti\/#organization","name":"Buletin de Bucure\u0219ti","url":"https:\/\/buletin.de\/bucuresti\/","logo":{"@type":"ImageObject","inLanguage":"en-GB","@id":"https:\/\/buletin.de\/bucuresti\/#\/schema\/logo\/image\/","url":"https:\/\/buletin.de\/bucuresti\/wp-content\/uploads\/logo-bdb-full-wide-vernil-transparent.png","contentUrl":"https:\/\/buletin.de\/bucuresti\/wp-content\/uploads\/logo-bdb-full-wide-vernil-transparent.png","width":1782,"height":626,"caption":"Buletin de Bucure\u0219ti"},"image":{"@id":"https:\/\/buletin.de\/bucuresti\/#\/schema\/logo\/image\/"},"sameAs":["https:\/\/www.facebook.com\/buletin.de.buc","https:\/\/www.instagram.com\/buletinde.bucuresti\/"]},{"@type":"Person","@id":"https:\/\/buletin.de\/bucuresti\/#\/schema\/person\/a76df728dfc913795a9d90e346b253bb","name":"R\u0103zvan Chiru\u021b\u0103","image":{"@type":"ImageObject","inLanguage":"en-GB","@id":"https:\/\/buletin.de\/bucuresti\/wp-content\/uploads\/Razvan-Chiruta-96x96.jpge7143b996fd4241fbd6ee1f6b6b7b267","url":"https:\/\/buletin.de\/bucuresti\/wp-content\/uploads\/Razvan-Chiruta-96x96.jpg","contentUrl":"https:\/\/buletin.de\/bucuresti\/wp-content\/uploads\/Razvan-Chiruta-96x96.jpg","caption":"R\u0103zvan Chiru\u021b\u0103"},"description":"R\u0103zvan Chiru\u021b\u0103 este redactor-\u0219ef adjunct din iulie 2024. A fost redactor-\u0219ef al PRESShub \u00eentre 2022 \u0219i iunie 2024. Anterior, a fost redactor-\u0219ef al Newsweek Rom\u00e2nia, din 2018 p\u00e2n\u0103 \u00een 2021, \u0219i al cotidianului Rom\u00e2nia liber\u0103, \u00eentre 2015 \u0219i 2017. Este absolvent de Jurnalism, \u00een cadrul Universit\u0103\u021bii \u201eAl.I.Cuza\u201d din Ia\u0219i, \u0219i a urmat un master \u00een Managementul institu\u021biilor mass-media (f\u0103r\u0103 diserta\u021bie) la Facultatea de Jurnalism \u0219i \u0218tiin\u021bele Comunic\u0103rii din cadrul Universit\u0103\u021bii din Bucure\u0219ti. \u0218i-a \u00eenceput cariera la Opinia studen\u021beasc\u0103, cunoscuta \u0219coal\u0103 de pres\u0103 din Ia\u0219i. A lucrat \u00een presa local\u0103, apoi a devenit corespondent pentru Ia\u0219i al cotidianului Evenimentul Zilei. Din 2004, a coordonat pentru \u0219ase luni sec\u021bia de coresponden\u021bi a Evenimentului Zilei. A mai lucrat la s\u0103pt\u0103m\u00e2nalul Prezent \u0219i a colaborat cu revistele Dilema Veche \u0219i Suplimentul de Cultur\u0103. Este co-autor \u00een volumele \u201eMass-media \u0219i democra\u021bia \u00een Rom\u00e2nia post-comunist\u0103\u201d (ed. a II-a), Ed. Institutul European, Ia\u0219i, 2013, \u0219i \u201eCOVID - 19. Dimensiuni ale gestionarii pandemiei\u201d, Editura Junimea, Ia\u0219i, 2020.","url":"https:\/\/buletin.de\/bucuresti\/author\/razvan-chiruta\/"}]}},"authors":[{"term_id":22582,"user_id":60,"is_guest":0,"slug":"razvan-chiruta","display_name":"R\u0103zvan Chiru\u021b\u0103","avatar_url":"https:\/\/buletin.de\/bucuresti\/wp-content\/uploads\/Razvan-Chiruta-96x96.jpg","0":null,"1":"","2":"","3":"","4":"","5":"","6":"","7":"","8":""}],"_links":{"self":[{"href":"https:\/\/buletin.de\/bucuresti\/wp-json\/wp\/v2\/posts\/105954","targetHints":{"allow":["GET"]}}],"collection":[{"href":"https:\/\/buletin.de\/bucuresti\/wp-json\/wp\/v2\/posts"}],"about":[{"href":"https:\/\/buletin.de\/bucuresti\/wp-json\/wp\/v2\/types\/post"}],"author":[{"embeddable":true,"href":"https:\/\/buletin.de\/bucuresti\/wp-json\/wp\/v2\/users\/60"}],"replies":[{"embeddable":true,"href":"https:\/\/buletin.de\/bucuresti\/wp-json\/wp\/v2\/comments?post=105954"}],"version-history":[{"count":12,"href":"https:\/\/buletin.de\/bucuresti\/wp-json\/wp\/v2\/posts\/105954\/revisions"}],"predecessor-version":[{"id":106012,"href":"https:\/\/buletin.de\/bucuresti\/wp-json\/wp\/v2\/posts\/105954\/revisions\/106012"}],"wp:featuredmedia":[{"embeddable":true,"href":"https:\/\/buletin.de\/bucuresti\/wp-json\/wp\/v2\/media\/105964"}],"wp:attachment":[{"href":"https:\/\/buletin.de\/bucuresti\/wp-json\/wp\/v2\/media?parent=105954"}],"wp:term":[{"taxonomy":"category","embeddable":true,"href":"https:\/\/buletin.de\/bucuresti\/wp-json\/wp\/v2\/categories?post=105954"},{"taxonomy":"post_tag","embeddable":true,"href":"https:\/\/buletin.de\/bucuresti\/wp-json\/wp\/v2\/tags?post=105954"},{"taxonomy":"author","embeddable":true,"href":"https:\/\/buletin.de\/bucuresti\/wp-json\/wp\/v2\/ppma_author?post=105954"}],"curies":[{"name":"wp","href":"https:\/\/api.w.org\/{rel}","templated":true}]}}