{"id":10595,"date":"2020-08-16T11:06:41","date_gmt":"2020-08-16T08:06:41","guid":{"rendered":"https:\/\/buletin.de\/bucuresti\/?p=10595"},"modified":"2020-09-15T17:03:45","modified_gmt":"2020-09-15T14:03:45","slug":"gabriela-firea-a-cheltuit-dublu-pentru-o-persoana-carantinata-in-spatii-gratuite-fata-de-una-pentru-care-a-platit-si-cazarea","status":"publish","type":"post","link":"https:\/\/buletin.de\/bucuresti\/gabriela-firea-a-cheltuit-dublu-pentru-o-persoana-carantinata-in-spatii-gratuite-fata-de-una-pentru-care-a-platit-si-cazarea\/","title":{"rendered":"Gabriela Firea a cheltuit dublu pentru o persoan\u0103 carantinat\u0103 \u00een spa\u021bii gratuite fa\u021b\u0103 de una pentru care a pl\u0103tit \u0219i cazarea"},"content":{"rendered":"\n<div class=\"wp-block-group\"><div class=\"wp-block-group__inner-container is-layout-flow wp-block-group-is-layout-flow\">\n<div class=\"wp-block-image\"><figure class=\"aligncenter size-large is-resized\"><a href=\"https:\/\/activecitizensfund.ro\" target=\"_blank\" rel=\"noopener noreferrer\"><img fetchpriority=\"high\" decoding=\"async\" src=\"data:image\/gif;base64,R0lGODlhAQABAAAAACH5BAEKAAEALAAAAAABAAEAAAICTAEAOw==\" data-src=\"https:\/\/buletin.de\/bucuresti\/wp-content\/uploads\/Active-citizens-fund@4x-1-900x316.png\" alt=\"\" class=\"wp-image-11980 lazyload\" width=\"450\" height=\"158\" data-sizes=\"auto\" data-srcset=\"https:\/\/buletin.de\/bucuresti\/wp-content\/uploads\/Active-citizens-fund@4x-1-900x316.png 900w, https:\/\/buletin.de\/bucuresti\/wp-content\/uploads\/Active-citizens-fund@4x-1-300x105.png 300w, https:\/\/buletin.de\/bucuresti\/wp-content\/uploads\/Active-citizens-fund@4x-1-768x270.png 768w, https:\/\/buletin.de\/bucuresti\/wp-content\/uploads\/Active-citizens-fund@4x-1-1536x539.png 1536w, https:\/\/buletin.de\/bucuresti\/wp-content\/uploads\/Active-citizens-fund@4x-1-2048x719.png 2048w, https:\/\/buletin.de\/bucuresti\/wp-content\/uploads\/Active-citizens-fund@4x-1-1060x372.png 1060w, https:\/\/buletin.de\/bucuresti\/wp-content\/uploads\/Active-citizens-fund@4x-1-550x193.png 550w, https:\/\/buletin.de\/bucuresti\/wp-content\/uploads\/Active-citizens-fund@4x-1-1425x500.png 1425w, https:\/\/buletin.de\/bucuresti\/wp-content\/uploads\/Active-citizens-fund@4x-1-1920x674.png 1920w, https:\/\/buletin.de\/bucuresti\/wp-content\/uploads\/Active-citizens-fund@4x-1-600x211.png 600w\" sizes=\"(max-width: 450px) 100vw, 450px\" \/><\/a><\/figure><\/div>\n\n\n\n<div style=\"height:20px\" aria-hidden=\"true\" class=\"wp-block-spacer\"><\/div>\n<\/div><\/div>\n\n\n\n<p><strong>Persoanele care au stat \u00een carantin\u0103 \u00een perioada de urgen\u021b\u0103 \u00een spa\u021bii puse la dispozi\u021bia Prim\u0103riei Capitalei gratuit au costat mai mult bugetul prim\u0103riei. Gabriela Firea a pl\u0103tit mai mult dec\u00e2t dublu pentru aceste persoane, aproape 13.000 lei, fa\u021b\u0103 de c\u00e2t a pl\u0103tit pentru o persoan\u0103 carantinat\u0103 \u00eentr-unul dintre hotelurile cu care avea \u00eencheiate contracte &#8211; 5.000 lei. Aceast\u0103 sum\u0103 este cu 10.000 lei mai mare dec\u00e2t media din toat\u0103 Rom\u00e2nia. Este concluzia inspectorilor Cur\u021bii de Conturi care au analizat cum au fost cheltui\u021bi banii \u00een pandemie. Cu toate c\u0103, \u00een martie, primarul Bucure\u0219tiului \u00eei mul\u021bumea fratelui primarului sectorului 3, Ionu\u021b Negoi\u021b\u0103, pentru c\u0103 a oferit cazare gratuit\u0103 \u00een Hotelul Rin, acum direc\u021bia de pres\u0103 ne transmite c\u0103 \u201enu a pus la dispozi\u021bie niciun spa\u021biu gratuit\u201d.<\/strong><\/p>\n\n\n\n<p>\u00cen timpul perioadei de urgen\u021b\u0103, Prim\u0103ria Municipiului Bucure\u0219ti (PMB) a pus la dispozi\u021bie mai multe spa\u021bii de cazare pentru persoanele care erau obligate s\u0103 intre \u00een carantin\u0103 institu\u021bionalizat\u0103 timp de 14 zile, dar \u0219i pentru cadrele medicale care au lucrat \u00een spitalele \u00een care erau interna\u021bi pacien\u021bi cu noul coronavirus. Pentru majoritatea acestor spa\u021bii Gabriela Firea a pl\u0103tit \u00een jur de 50 EURO pe noapte. Au existat, de asemenea, \u0219i spa\u021bii de carantinare care au fost puse la dispozi\u021bia Prim\u0103riei Capitalei gratuit, conform unei post\u0103ri pe Facebook f\u0103cut\u0103 de primarul Capitalei \u00een martie.<\/p>\n\n\n\n<p>Spa\u021biile gratuite, \u00eens\u0103, nu au ajutat la diminuarea cheltuielilor din bugetul local. A\u0219a arat\u0103 un <a href=\"http:\/\/www.curteadeconturi.ro\/Publicatii\/Raport_stare_urgenta_11082020.pdf?fbclid=IwAR0rvKwkOFVrtV8HUqWhzobACxud5buw580ni9_2oa9icWSYeuG4my4l4FE\">raport publicat recent de Curtea de Conturi<\/a>, conform c\u0103ruia <strong>suma medie alocat\u0103 pentru fiecare persoan\u0103 cazat\u0103 gratuit a fost cu aproximativ 25% mai mare dec\u00e2t cea pentru persoanele care au locuit \u00een loca\u021bii pentru care PMB a pl\u0103tit. <\/strong><\/p>\n\n\n\n<p>A\u0219adar, Gabriela\nFirea a cheltuit cu carantina pentru o persoan\u0103 cazat\u0103 gratuit aproape 13 mii\nde lei, \u00een timp ce pentru o persoan\u0103 care a locuit \u00een loca\u021bii \u00eenchiriate prin\ncontract a dat doar 5 mii de lei. 67 de bucure\u0219teni au beneficiat de\ncarantinare \u00een spa\u021bii puse la dispozi\u021bie gratuit \u0219i 3.212 de carantinare \u00een hoteluri\npe baza de contract.<\/p>\n\n\n\n<figure class=\"wp-block-image size-large is-resized\"><img decoding=\"async\" src=\"data:image\/gif;base64,R0lGODlhAQABAAAAACH5BAEKAAEALAAAAAABAAEAAAICTAEAOw==\" data-src=\"https:\/\/buletin.de\/bucuresti\/wp-content\/uploads\/Screenshot_4-9-900x126.png\" alt=\"\" class=\"wp-image-10597 lazyload\" width=\"900\" height=\"126\" data-sizes=\"auto\" data-srcset=\"https:\/\/buletin.de\/bucuresti\/wp-content\/uploads\/Screenshot_4-9-900x126.png 900w, https:\/\/buletin.de\/bucuresti\/wp-content\/uploads\/Screenshot_4-9-600x84.png 600w, https:\/\/buletin.de\/bucuresti\/wp-content\/uploads\/Screenshot_4-9-300x42.png 300w, https:\/\/buletin.de\/bucuresti\/wp-content\/uploads\/Screenshot_4-9-768x108.png 768w, https:\/\/buletin.de\/bucuresti\/wp-content\/uploads\/Screenshot_4-9-1060x149.png 1060w, https:\/\/buletin.de\/bucuresti\/wp-content\/uploads\/Screenshot_4-9-550x77.png 550w, https:\/\/buletin.de\/bucuresti\/wp-content\/uploads\/Screenshot_4-9.png 1317w\" sizes=\"(max-width: 900px) 100vw, 900px\" \/><figcaption>Raportul Cur\u021bii de Conturi<\/figcaption><\/figure>\n\n\n\n<p>\u00cen medie, ora\u0219ele din Rom\u00e2nia au atribuit 3.000 de lei\/persoan\u0103 \u00een ceea ce prive\u0219te cheltuielile de carantinare, o sum\u0103 mult mai mic\u0103 dec\u00e2t cea alocat\u0103 de Prim\u0103ria Capitalei, indiferent c\u0103 vorbim de cazare gratuit\u0103 sau nu. Dup\u0103 Bucure\u0219ti, cei mai mul\u021bi bani destina\u021bi carantin\u0103rii au fost da\u021bi de Bra\u0219ov \u2013 5.478 lei. <\/p>\n\n\n\n<p>Am luat leg\u0103tura cu Prim\u0103ria Bucure\u0219ti pentru a \u00een\u021belege de unde vin diferen\u021bele \u00eentre sumele acordate persoanelor carantinate. Am \u00eentrebat, de asemenea, care sunt spa\u021biile care au fost puse la dispozi\u021bie gratuit prim\u0103riei.  R\u0103spunsul pe care l-am primit a fost unul incomplet \u0219i pe l\u00e2ng\u0103 subiect. <\/p>\n\n\n\n<blockquote class=\"wp-block-quote is-layout-flow wp-block-quote-is-layout-flow\"><p>\u201ePrim\u0103ria Municipiului Bucure\u0219ti nu a pus la dispozi\u021bie gratuit niciun spa\u021biu, spa\u021biile utilizate fiind \u00een contracte de \u00eenchiriere. Singurul spa\u021biu al unei entit\u0103\u021bi publice utilizat pentru carantin\u0103 se afl\u0103 la nivelul Consiliului Local sector 4. \u201d<\/p><cite>Direc\u021bia de Pres\u0103 PMB<\/cite><\/blockquote>\n\n\n\n<p>Unul dintre spa\u021biile de cazare puse la dispozi\u021bia PMB gratuit a fost Hotelul Rin Central Traian. Primarul Gabriela Firea \u00eei mul\u021bumea pe Facebook la vremea respectiv\u0103, pe 25 martie, lui Ionu\u021b Negoi\u021b\u0103 care a pus la oferit gratis 107 camere pentru medicii \u0219i asistentele care lucrau \u00een spitalele din prima linie COVID-19. Ionu\u021b Negoi\u021b\u0103 este fratele primarului din sectorul 3, Robert Negoi\u021b\u0103.<\/p>\n\n\n\n<p>Subiectul prezentat mai sus a fost sesizat pe <a href=\"https:\/\/www.facebook.com\/AlexandruTomaPatrascu\/photos\/a.217866868374600\/1631969446964328\/?type=3&amp;theater\">Facebook<\/a> de Alexandru Toma P\u0103tra\u0219cu.<\/p>\n\n\n\n<p>Surs\u0103 cover foto: Facebook Gabriela Firea<\/p>\n\n\n\n<div style=\"height:40px\" aria-hidden=\"true\" class=\"wp-block-spacer\"><\/div>\n\n\n\n<style>\n.disclaimerACF {\ndisplay: block;\nmax-width: 550px;\nmargin-top:-10px;\nmargin-left:auto;\nmargin-right:auto;\n}\n<\/style>\n\n\n\n<p class=\"disclaimerACF has-small-font-size\">Acest articol face parte din <strong><a href=\"https:\/\/buletin.de\/bucuresti\/buletin-de-bucuresti-in-pandemie\/\" data-type=\"URL\" data-id=\"https:\/\/buletin.de\/bucuresti\/buletin-de-bucuresti-in-pandemie\/\" target=\"_blank\" rel=\"noreferrer noopener\">\u201eBuletin de Bucure\u0219ti \u00een pandemie&#8221;<\/a>, <\/strong>o serie \u00een care investig\u0103m achizi\u021biile publice din jude\u021bul Ilfov \u0219i Bucure\u0219ti, \u00een contextul pandemiei Covid-19<\/p>\n\n\n\n<p class=\"has-text-align-left disclaimerACF\" style=\"font-size:12px\"><em>Proiect derulat de Asocia\u021bia Funky Citizens cu sprijinul financiar <a rel=\"noreferrer noopener\" aria-label=\"Active Citizens Fund Rom\u00e2nia (opens in a new tab)\" href=\"https:\/\/activecitizensfund.ro\" target=\"_blank\">Active Citizens Fund Rom\u00e2nia<\/a>, program finan\u021bat de Islanda, Liechtenstein \u0219i Norvegia prin Granturile SEE 2014-2021. Con\u021binutul acestui material nu reprezint\u0103 \u00een mod necesar pozi\u021bia oficial\u0103 a Granturilor SEE \u0219i Norvegiene 2014-2021; pentru mai multe informa\u021bii accesa\u021bi <a href=\"http:\/\/www.eeagrants.org\">www.eeagrants.org<\/a>. Informa\u021bii suplimentare pot fi g\u0103site pe paginile web&nbsp;<a href=\"http:\/\/www.activecitizensfund.ro\/\">www.activecitizensfund.ro<\/a>&nbsp;\u0219i&nbsp;<a href=\"http:\/\/www.eeagrants.org\/\">www.eeagrants.org<\/a>.<\/em><\/p>\n\n\n\n<p class=\"has-text-align-center\"><strong>Lucr\u0103m \u00eempreun\u0103 pentru o Europ\u0103&nbsp;<span style=\"color:#009b75\" class=\"has-inline-color\">verde<\/span>,&nbsp;<span style=\"color:#df4d3e\">competitiv\u0103<\/span>&nbsp;\u0219i&nbsp;<span style=\"color:#006ca7\">incluziv\u0103<\/span><\/strong>.<\/p>\n\n\n\n<p class=\"has-text-align-center\">Proiect derulat de<\/p>\n\n\n\n<div style=\"margin-top: -30px;\" class=\"wp-block-image\"><figure class=\"aligncenter size-large is-resized\"><img decoding=\"async\" src=\"data:image\/gif;base64,R0lGODlhAQABAAAAACH5BAEKAAEALAAAAAABAAEAAAICTAEAOw==\" data-src=\"https:\/\/buletin.de\/bucuresti\/wp-content\/uploads\/logo-funky-citizens-2016-1.png\" alt=\"\" class=\"wp-image-10395 lazyload\" width=\"200\" height=\"NaN\" data-sizes=\"auto\" data-srcset=\"https:\/\/buletin.de\/bucuresti\/wp-content\/uploads\/logo-funky-citizens-2016-1.png 650w, https:\/\/buletin.de\/bucuresti\/wp-content\/uploads\/logo-funky-citizens-2016-1-600x277.png 600w, https:\/\/buletin.de\/bucuresti\/wp-content\/uploads\/logo-funky-citizens-2016-1-300x138.png 300w, https:\/\/buletin.de\/bucuresti\/wp-content\/uploads\/logo-funky-citizens-2016-1-550x254.png 550w\" sizes=\"(max-width: 650px) 100vw, 650px\" \/><\/figure><\/div>\n","protected":false},"excerpt":{"rendered":"<p>Persoanele care au stat \u00een carantin\u0103 \u00een perioada de urgen\u021b\u0103 \u00een spa\u021bii puse la dispozi\u021bia Prim\u0103riei Capitalei gratuit au costat mai mult bugetul prim\u0103riei. Gabriela Firea a pl\u0103tit mai mult dec\u00e2t dublu pentru aceste persoane, aproape 13.000 lei, fa\u021b\u0103 de c\u00e2t a pl\u0103tit pentru o persoan\u0103 carantinat\u0103 \u00eentr-unul dintre hotelurile cu care avea \u00eencheiate contracte [&hellip;]<\/p>\n","protected":false},"author":6,"featured_media":10598,"comment_status":"closed","ping_status":"open","sticky":false,"template":"","format":"standard","meta":{"_acf_changed":false,"inline_featured_image":false,"ngg_post_thumbnail":0,"footnotes":""},"categories":[1585,996,1,24,4,62],"tags":[641,1450,518,36,276],"ppma_author":[22588],"class_list":["post-10595","post","type-post","status-publish","format-standard","has-post-thumbnail","hentry","category-buletin-de-bucuresti-in-pandemie","category-covid-19","category-diverse","category-primarie","category-sanatate","category-stiri","tag-carantina","tag-costuri-carantina","tag-curtea-de-conturi","tag-gabriela-firea","tag-primaria-bucuresti"],"acf":[],"yoast_head":"<!-- This site is optimized with the Yoast SEO Premium plugin v25.3 (Yoast SEO v27.4) - https:\/\/yoast.com\/product\/yoast-seo-premium-wordpress\/ -->\n<title>Gabriela Firea a cheltuit dublu pentru o persoan\u0103 carantinat\u0103 \u00een spa\u021bii gratuite fa\u021b\u0103 de una pentru care a pl\u0103tit \u0219i cazarea - Buletin de Bucure\u0219ti<\/title>\n<meta name=\"robots\" content=\"index, follow, max-snippet:-1, max-image-preview:large, max-video-preview:-1\" \/>\n<link rel=\"canonical\" href=\"https:\/\/buletin.de\/bucuresti\/gabriela-firea-a-cheltuit-dublu-pentru-o-persoana-carantinata-in-spatii-gratuite-fata-de-una-pentru-care-a-platit-si-cazarea\/\" \/>\n<meta property=\"og:locale\" content=\"en_GB\" \/>\n<meta property=\"og:type\" content=\"article\" \/>\n<meta property=\"og:title\" content=\"Gabriela Firea a cheltuit dublu pentru o persoan\u0103 carantinat\u0103 \u00een spa\u021bii gratuite fa\u021b\u0103 de una pentru care a pl\u0103tit \u0219i cazarea\" \/>\n<meta property=\"og:description\" content=\"Persoanele care au stat \u00een carantin\u0103 \u00een perioada de urgen\u021b\u0103 \u00een spa\u021bii puse la dispozi\u021bia Prim\u0103riei Capitalei gratuit au costat mai mult bugetul prim\u0103riei. Gabriela Firea a pl\u0103tit mai mult dec\u00e2t dublu pentru aceste persoane, aproape 13.000 lei, fa\u021b\u0103 de c\u00e2t a pl\u0103tit pentru o persoan\u0103 carantinat\u0103 \u00eentr-unul dintre hotelurile cu care avea \u00eencheiate contracte [&hellip;]\" \/>\n<meta property=\"og:url\" content=\"https:\/\/buletin.de\/bucuresti\/gabriela-firea-a-cheltuit-dublu-pentru-o-persoana-carantinata-in-spatii-gratuite-fata-de-una-pentru-care-a-platit-si-cazarea\/\" \/>\n<meta property=\"og:site_name\" content=\"Buletin de Bucure\u0219ti\" \/>\n<meta property=\"article:publisher\" content=\"https:\/\/www.facebook.com\/buletin.de.buc\" \/>\n<meta property=\"article:published_time\" content=\"2020-08-16T08:06:41+00:00\" \/>\n<meta property=\"article:modified_time\" content=\"2020-09-15T14:03:45+00:00\" \/>\n<meta property=\"og:image\" content=\"https:\/\/buletin.de\/bucuresti\/wp-content\/uploads\/117857498_3453128328083283_577770734668575968_o.jpg\" \/>\n\t<meta property=\"og:image:width\" content=\"1440\" \/>\n\t<meta property=\"og:image:height\" content=\"960\" \/>\n\t<meta property=\"og:image:type\" content=\"image\/jpeg\" \/>\n<meta name=\"author\" content=\"Bianca Albu\" \/>\n<meta name=\"twitter:card\" content=\"summary_large_image\" \/>\n<meta name=\"twitter:label1\" content=\"Written by\" \/>\n\t<meta name=\"twitter:data1\" content=\"Bianca Albu\" \/>\n\t<meta name=\"twitter:label2\" content=\"Estimated reading time\" \/>\n\t<meta name=\"twitter:data2\" content=\"3 minutes\" \/>\n<script type=\"application\/ld+json\" class=\"yoast-schema-graph\">{\"@context\":\"https:\\\/\\\/schema.org\",\"@graph\":[{\"@type\":\"Article\",\"@id\":\"https:\\\/\\\/buletin.de\\\/bucuresti\\\/gabriela-firea-a-cheltuit-dublu-pentru-o-persoana-carantinata-in-spatii-gratuite-fata-de-una-pentru-care-a-platit-si-cazarea\\\/#article\",\"isPartOf\":{\"@id\":\"https:\\\/\\\/buletin.de\\\/bucuresti\\\/gabriela-firea-a-cheltuit-dublu-pentru-o-persoana-carantinata-in-spatii-gratuite-fata-de-una-pentru-care-a-platit-si-cazarea\\\/\"},\"author\":{\"name\":\"Bianca Albu\",\"@id\":\"https:\\\/\\\/buletin.de\\\/bucuresti\\\/#\\\/schema\\\/person\\\/295dc2228d2dc79294d636619468dc7f\"},\"headline\":\"Gabriela Firea a cheltuit dublu pentru o persoan\u0103 carantinat\u0103 \u00een spa\u021bii gratuite fa\u021b\u0103 de una pentru care a pl\u0103tit \u0219i cazarea\",\"datePublished\":\"2020-08-16T08:06:41+00:00\",\"dateModified\":\"2020-09-15T14:03:45+00:00\",\"mainEntityOfPage\":{\"@id\":\"https:\\\/\\\/buletin.de\\\/bucuresti\\\/gabriela-firea-a-cheltuit-dublu-pentru-o-persoana-carantinata-in-spatii-gratuite-fata-de-una-pentru-care-a-platit-si-cazarea\\\/\"},\"wordCount\":638,\"publisher\":{\"@id\":\"https:\\\/\\\/buletin.de\\\/bucuresti\\\/#organization\"},\"image\":{\"@id\":\"https:\\\/\\\/buletin.de\\\/bucuresti\\\/gabriela-firea-a-cheltuit-dublu-pentru-o-persoana-carantinata-in-spatii-gratuite-fata-de-una-pentru-care-a-platit-si-cazarea\\\/#primaryimage\"},\"thumbnailUrl\":\"https:\\\/\\\/buletin.de\\\/bucuresti\\\/wp-content\\\/uploads\\\/117857498_3453128328083283_577770734668575968_o.jpg\",\"keywords\":[\"carantina\",\"costuri carantina\",\"curtea de conturi\",\"gabriela firea\",\"primaria bucuresti\"],\"articleSection\":[\"Buletin de Bucure\u0219ti \u00een pandemie\",\"Covid-19\",\"Diverse\",\"Prim\u0103rie\",\"S\u0103n\u0103tate\",\"\u0218tiri\"],\"inLanguage\":\"en-GB\",\"copyrightYear\":\"2020\",\"copyrightHolder\":{\"@id\":\"https:\\\/\\\/buletin.de\\\/bucuresti\\\/#organization\"}},{\"@type\":\"WebPage\",\"@id\":\"https:\\\/\\\/buletin.de\\\/bucuresti\\\/gabriela-firea-a-cheltuit-dublu-pentru-o-persoana-carantinata-in-spatii-gratuite-fata-de-una-pentru-care-a-platit-si-cazarea\\\/\",\"url\":\"https:\\\/\\\/buletin.de\\\/bucuresti\\\/gabriela-firea-a-cheltuit-dublu-pentru-o-persoana-carantinata-in-spatii-gratuite-fata-de-una-pentru-care-a-platit-si-cazarea\\\/\",\"name\":\"Gabriela Firea a cheltuit dublu pentru o persoan\u0103 carantinat\u0103 \u00een spa\u021bii gratuite fa\u021b\u0103 de una pentru care a pl\u0103tit \u0219i cazarea - Buletin de Bucure\u0219ti\",\"isPartOf\":{\"@id\":\"https:\\\/\\\/buletin.de\\\/bucuresti\\\/#website\"},\"primaryImageOfPage\":{\"@id\":\"https:\\\/\\\/buletin.de\\\/bucuresti\\\/gabriela-firea-a-cheltuit-dublu-pentru-o-persoana-carantinata-in-spatii-gratuite-fata-de-una-pentru-care-a-platit-si-cazarea\\\/#primaryimage\"},\"image\":{\"@id\":\"https:\\\/\\\/buletin.de\\\/bucuresti\\\/gabriela-firea-a-cheltuit-dublu-pentru-o-persoana-carantinata-in-spatii-gratuite-fata-de-una-pentru-care-a-platit-si-cazarea\\\/#primaryimage\"},\"thumbnailUrl\":\"https:\\\/\\\/buletin.de\\\/bucuresti\\\/wp-content\\\/uploads\\\/117857498_3453128328083283_577770734668575968_o.jpg\",\"datePublished\":\"2020-08-16T08:06:41+00:00\",\"dateModified\":\"2020-09-15T14:03:45+00:00\",\"breadcrumb\":{\"@id\":\"https:\\\/\\\/buletin.de\\\/bucuresti\\\/gabriela-firea-a-cheltuit-dublu-pentru-o-persoana-carantinata-in-spatii-gratuite-fata-de-una-pentru-care-a-platit-si-cazarea\\\/#breadcrumb\"},\"inLanguage\":\"en-GB\",\"potentialAction\":[{\"@type\":\"ReadAction\",\"target\":[\"https:\\\/\\\/buletin.de\\\/bucuresti\\\/gabriela-firea-a-cheltuit-dublu-pentru-o-persoana-carantinata-in-spatii-gratuite-fata-de-una-pentru-care-a-platit-si-cazarea\\\/\"]}]},{\"@type\":\"ImageObject\",\"inLanguage\":\"en-GB\",\"@id\":\"https:\\\/\\\/buletin.de\\\/bucuresti\\\/gabriela-firea-a-cheltuit-dublu-pentru-o-persoana-carantinata-in-spatii-gratuite-fata-de-una-pentru-care-a-platit-si-cazarea\\\/#primaryimage\",\"url\":\"https:\\\/\\\/buletin.de\\\/bucuresti\\\/wp-content\\\/uploads\\\/117857498_3453128328083283_577770734668575968_o.jpg\",\"contentUrl\":\"https:\\\/\\\/buletin.de\\\/bucuresti\\\/wp-content\\\/uploads\\\/117857498_3453128328083283_577770734668575968_o.jpg\",\"width\":1440,\"height\":960},{\"@type\":\"BreadcrumbList\",\"@id\":\"https:\\\/\\\/buletin.de\\\/bucuresti\\\/gabriela-firea-a-cheltuit-dublu-pentru-o-persoana-carantinata-in-spatii-gratuite-fata-de-una-pentru-care-a-platit-si-cazarea\\\/#breadcrumb\",\"itemListElement\":[{\"@type\":\"ListItem\",\"position\":1,\"name\":\"Acas\u0103\",\"item\":\"https:\\\/\\\/buletin.de\\\/bucuresti\\\/\"},{\"@type\":\"ListItem\",\"position\":2,\"name\":\"Gabriela Firea a cheltuit dublu pentru o persoan\u0103 carantinat\u0103 \u00een spa\u021bii gratuite fa\u021b\u0103 de una pentru care a pl\u0103tit \u0219i cazarea\"}]},{\"@type\":\"WebSite\",\"@id\":\"https:\\\/\\\/buletin.de\\\/bucuresti\\\/#website\",\"url\":\"https:\\\/\\\/buletin.de\\\/bucuresti\\\/\",\"name\":\"Buletin de Bucure\u0219ti\",\"description\":\"\u0218tiri \u0219i investiga\u021bii esen\u021biale din capital\u0103\",\"publisher\":{\"@id\":\"https:\\\/\\\/buletin.de\\\/bucuresti\\\/#organization\"},\"potentialAction\":[{\"@type\":\"SearchAction\",\"target\":{\"@type\":\"EntryPoint\",\"urlTemplate\":\"https:\\\/\\\/buletin.de\\\/bucuresti\\\/?s={search_term_string}\"},\"query-input\":{\"@type\":\"PropertyValueSpecification\",\"valueRequired\":true,\"valueName\":\"search_term_string\"}}],\"inLanguage\":\"en-GB\"},{\"@type\":\"Organization\",\"@id\":\"https:\\\/\\\/buletin.de\\\/bucuresti\\\/#organization\",\"name\":\"Buletin de Bucure\u0219ti\",\"url\":\"https:\\\/\\\/buletin.de\\\/bucuresti\\\/\",\"logo\":{\"@type\":\"ImageObject\",\"inLanguage\":\"en-GB\",\"@id\":\"https:\\\/\\\/buletin.de\\\/bucuresti\\\/#\\\/schema\\\/logo\\\/image\\\/\",\"url\":\"https:\\\/\\\/buletin.de\\\/bucuresti\\\/wp-content\\\/uploads\\\/logo-bdb-full-wide-vernil-transparent.png\",\"contentUrl\":\"https:\\\/\\\/buletin.de\\\/bucuresti\\\/wp-content\\\/uploads\\\/logo-bdb-full-wide-vernil-transparent.png\",\"width\":1782,\"height\":626,\"caption\":\"Buletin de Bucure\u0219ti\"},\"image\":{\"@id\":\"https:\\\/\\\/buletin.de\\\/bucuresti\\\/#\\\/schema\\\/logo\\\/image\\\/\"},\"sameAs\":[\"https:\\\/\\\/www.facebook.com\\\/buletin.de.buc\",\"https:\\\/\\\/www.instagram.com\\\/buletinde.bucuresti\\\/\"]},{\"@type\":\"Person\",\"@id\":\"https:\\\/\\\/buletin.de\\\/bucuresti\\\/#\\\/schema\\\/person\\\/295dc2228d2dc79294d636619468dc7f\",\"name\":\"Bianca Albu\",\"image\":{\"@type\":\"ImageObject\",\"inLanguage\":\"en-GB\",\"@id\":\"https:\\\/\\\/secure.gravatar.com\\\/avatar\\\/3df2e34e20f529e6fd7be4311ee1f7c4ec4aa886971590baf6fa214b15743516?s=96&d=monsterid&r=gf541c715eeec409ce8101252a3c0d8a7\",\"url\":\"https:\\\/\\\/secure.gravatar.com\\\/avatar\\\/3df2e34e20f529e6fd7be4311ee1f7c4ec4aa886971590baf6fa214b15743516?s=96&d=monsterid&r=g\",\"contentUrl\":\"https:\\\/\\\/secure.gravatar.com\\\/avatar\\\/3df2e34e20f529e6fd7be4311ee1f7c4ec4aa886971590baf6fa214b15743516?s=96&d=monsterid&r=g\",\"caption\":\"Bianca Albu\"},\"description\":\"Reporter\",\"url\":\"https:\\\/\\\/buletin.de\\\/bucuresti\\\/author\\\/biancaalbu\\\/\"}]}<\/script>\n<!-- \/ Yoast SEO Premium plugin. -->","yoast_head_json":{"title":"Gabriela Firea a cheltuit dublu pentru o persoan\u0103 carantinat\u0103 \u00een spa\u021bii gratuite fa\u021b\u0103 de una pentru care a pl\u0103tit \u0219i cazarea - Buletin de Bucure\u0219ti","robots":{"index":"index","follow":"follow","max-snippet":"max-snippet:-1","max-image-preview":"max-image-preview:large","max-video-preview":"max-video-preview:-1"},"canonical":"https:\/\/buletin.de\/bucuresti\/gabriela-firea-a-cheltuit-dublu-pentru-o-persoana-carantinata-in-spatii-gratuite-fata-de-una-pentru-care-a-platit-si-cazarea\/","og_locale":"en_GB","og_type":"article","og_title":"Gabriela Firea a cheltuit dublu pentru o persoan\u0103 carantinat\u0103 \u00een spa\u021bii gratuite fa\u021b\u0103 de una pentru care a pl\u0103tit \u0219i cazarea","og_description":"Persoanele care au stat \u00een carantin\u0103 \u00een perioada de urgen\u021b\u0103 \u00een spa\u021bii puse la dispozi\u021bia Prim\u0103riei Capitalei gratuit au costat mai mult bugetul prim\u0103riei. Gabriela Firea a pl\u0103tit mai mult dec\u00e2t dublu pentru aceste persoane, aproape 13.000 lei, fa\u021b\u0103 de c\u00e2t a pl\u0103tit pentru o persoan\u0103 carantinat\u0103 \u00eentr-unul dintre hotelurile cu care avea \u00eencheiate contracte [&hellip;]","og_url":"https:\/\/buletin.de\/bucuresti\/gabriela-firea-a-cheltuit-dublu-pentru-o-persoana-carantinata-in-spatii-gratuite-fata-de-una-pentru-care-a-platit-si-cazarea\/","og_site_name":"Buletin de Bucure\u0219ti","article_publisher":"https:\/\/www.facebook.com\/buletin.de.buc","article_published_time":"2020-08-16T08:06:41+00:00","article_modified_time":"2020-09-15T14:03:45+00:00","og_image":[{"width":1440,"height":960,"url":"https:\/\/buletin.de\/bucuresti\/wp-content\/uploads\/117857498_3453128328083283_577770734668575968_o.jpg","type":"image\/jpeg"}],"author":"Bianca Albu","twitter_card":"summary_large_image","twitter_misc":{"Written by":"Bianca Albu","Estimated reading time":"3 minutes"},"schema":{"@context":"https:\/\/schema.org","@graph":[{"@type":"Article","@id":"https:\/\/buletin.de\/bucuresti\/gabriela-firea-a-cheltuit-dublu-pentru-o-persoana-carantinata-in-spatii-gratuite-fata-de-una-pentru-care-a-platit-si-cazarea\/#article","isPartOf":{"@id":"https:\/\/buletin.de\/bucuresti\/gabriela-firea-a-cheltuit-dublu-pentru-o-persoana-carantinata-in-spatii-gratuite-fata-de-una-pentru-care-a-platit-si-cazarea\/"},"author":{"name":"Bianca Albu","@id":"https:\/\/buletin.de\/bucuresti\/#\/schema\/person\/295dc2228d2dc79294d636619468dc7f"},"headline":"Gabriela Firea a cheltuit dublu pentru o persoan\u0103 carantinat\u0103 \u00een spa\u021bii gratuite fa\u021b\u0103 de una pentru care a pl\u0103tit \u0219i cazarea","datePublished":"2020-08-16T08:06:41+00:00","dateModified":"2020-09-15T14:03:45+00:00","mainEntityOfPage":{"@id":"https:\/\/buletin.de\/bucuresti\/gabriela-firea-a-cheltuit-dublu-pentru-o-persoana-carantinata-in-spatii-gratuite-fata-de-una-pentru-care-a-platit-si-cazarea\/"},"wordCount":638,"publisher":{"@id":"https:\/\/buletin.de\/bucuresti\/#organization"},"image":{"@id":"https:\/\/buletin.de\/bucuresti\/gabriela-firea-a-cheltuit-dublu-pentru-o-persoana-carantinata-in-spatii-gratuite-fata-de-una-pentru-care-a-platit-si-cazarea\/#primaryimage"},"thumbnailUrl":"https:\/\/buletin.de\/bucuresti\/wp-content\/uploads\/117857498_3453128328083283_577770734668575968_o.jpg","keywords":["carantina","costuri carantina","curtea de conturi","gabriela firea","primaria bucuresti"],"articleSection":["Buletin de Bucure\u0219ti \u00een pandemie","Covid-19","Diverse","Prim\u0103rie","S\u0103n\u0103tate","\u0218tiri"],"inLanguage":"en-GB","copyrightYear":"2020","copyrightHolder":{"@id":"https:\/\/buletin.de\/bucuresti\/#organization"}},{"@type":"WebPage","@id":"https:\/\/buletin.de\/bucuresti\/gabriela-firea-a-cheltuit-dublu-pentru-o-persoana-carantinata-in-spatii-gratuite-fata-de-una-pentru-care-a-platit-si-cazarea\/","url":"https:\/\/buletin.de\/bucuresti\/gabriela-firea-a-cheltuit-dublu-pentru-o-persoana-carantinata-in-spatii-gratuite-fata-de-una-pentru-care-a-platit-si-cazarea\/","name":"Gabriela Firea a cheltuit dublu pentru o persoan\u0103 carantinat\u0103 \u00een spa\u021bii gratuite fa\u021b\u0103 de una pentru care a pl\u0103tit \u0219i cazarea - Buletin de Bucure\u0219ti","isPartOf":{"@id":"https:\/\/buletin.de\/bucuresti\/#website"},"primaryImageOfPage":{"@id":"https:\/\/buletin.de\/bucuresti\/gabriela-firea-a-cheltuit-dublu-pentru-o-persoana-carantinata-in-spatii-gratuite-fata-de-una-pentru-care-a-platit-si-cazarea\/#primaryimage"},"image":{"@id":"https:\/\/buletin.de\/bucuresti\/gabriela-firea-a-cheltuit-dublu-pentru-o-persoana-carantinata-in-spatii-gratuite-fata-de-una-pentru-care-a-platit-si-cazarea\/#primaryimage"},"thumbnailUrl":"https:\/\/buletin.de\/bucuresti\/wp-content\/uploads\/117857498_3453128328083283_577770734668575968_o.jpg","datePublished":"2020-08-16T08:06:41+00:00","dateModified":"2020-09-15T14:03:45+00:00","breadcrumb":{"@id":"https:\/\/buletin.de\/bucuresti\/gabriela-firea-a-cheltuit-dublu-pentru-o-persoana-carantinata-in-spatii-gratuite-fata-de-una-pentru-care-a-platit-si-cazarea\/#breadcrumb"},"inLanguage":"en-GB","potentialAction":[{"@type":"ReadAction","target":["https:\/\/buletin.de\/bucuresti\/gabriela-firea-a-cheltuit-dublu-pentru-o-persoana-carantinata-in-spatii-gratuite-fata-de-una-pentru-care-a-platit-si-cazarea\/"]}]},{"@type":"ImageObject","inLanguage":"en-GB","@id":"https:\/\/buletin.de\/bucuresti\/gabriela-firea-a-cheltuit-dublu-pentru-o-persoana-carantinata-in-spatii-gratuite-fata-de-una-pentru-care-a-platit-si-cazarea\/#primaryimage","url":"https:\/\/buletin.de\/bucuresti\/wp-content\/uploads\/117857498_3453128328083283_577770734668575968_o.jpg","contentUrl":"https:\/\/buletin.de\/bucuresti\/wp-content\/uploads\/117857498_3453128328083283_577770734668575968_o.jpg","width":1440,"height":960},{"@type":"BreadcrumbList","@id":"https:\/\/buletin.de\/bucuresti\/gabriela-firea-a-cheltuit-dublu-pentru-o-persoana-carantinata-in-spatii-gratuite-fata-de-una-pentru-care-a-platit-si-cazarea\/#breadcrumb","itemListElement":[{"@type":"ListItem","position":1,"name":"Acas\u0103","item":"https:\/\/buletin.de\/bucuresti\/"},{"@type":"ListItem","position":2,"name":"Gabriela Firea a cheltuit dublu pentru o persoan\u0103 carantinat\u0103 \u00een spa\u021bii gratuite fa\u021b\u0103 de una pentru care a pl\u0103tit \u0219i cazarea"}]},{"@type":"WebSite","@id":"https:\/\/buletin.de\/bucuresti\/#website","url":"https:\/\/buletin.de\/bucuresti\/","name":"Buletin de Bucure\u0219ti","description":"\u0218tiri \u0219i investiga\u021bii esen\u021biale din capital\u0103","publisher":{"@id":"https:\/\/buletin.de\/bucuresti\/#organization"},"potentialAction":[{"@type":"SearchAction","target":{"@type":"EntryPoint","urlTemplate":"https:\/\/buletin.de\/bucuresti\/?s={search_term_string}"},"query-input":{"@type":"PropertyValueSpecification","valueRequired":true,"valueName":"search_term_string"}}],"inLanguage":"en-GB"},{"@type":"Organization","@id":"https:\/\/buletin.de\/bucuresti\/#organization","name":"Buletin de Bucure\u0219ti","url":"https:\/\/buletin.de\/bucuresti\/","logo":{"@type":"ImageObject","inLanguage":"en-GB","@id":"https:\/\/buletin.de\/bucuresti\/#\/schema\/logo\/image\/","url":"https:\/\/buletin.de\/bucuresti\/wp-content\/uploads\/logo-bdb-full-wide-vernil-transparent.png","contentUrl":"https:\/\/buletin.de\/bucuresti\/wp-content\/uploads\/logo-bdb-full-wide-vernil-transparent.png","width":1782,"height":626,"caption":"Buletin de Bucure\u0219ti"},"image":{"@id":"https:\/\/buletin.de\/bucuresti\/#\/schema\/logo\/image\/"},"sameAs":["https:\/\/www.facebook.com\/buletin.de.buc","https:\/\/www.instagram.com\/buletinde.bucuresti\/"]},{"@type":"Person","@id":"https:\/\/buletin.de\/bucuresti\/#\/schema\/person\/295dc2228d2dc79294d636619468dc7f","name":"Bianca Albu","image":{"@type":"ImageObject","inLanguage":"en-GB","@id":"https:\/\/secure.gravatar.com\/avatar\/3df2e34e20f529e6fd7be4311ee1f7c4ec4aa886971590baf6fa214b15743516?s=96&d=monsterid&r=gf541c715eeec409ce8101252a3c0d8a7","url":"https:\/\/secure.gravatar.com\/avatar\/3df2e34e20f529e6fd7be4311ee1f7c4ec4aa886971590baf6fa214b15743516?s=96&d=monsterid&r=g","contentUrl":"https:\/\/secure.gravatar.com\/avatar\/3df2e34e20f529e6fd7be4311ee1f7c4ec4aa886971590baf6fa214b15743516?s=96&d=monsterid&r=g","caption":"Bianca Albu"},"description":"Reporter","url":"https:\/\/buletin.de\/bucuresti\/author\/biancaalbu\/"}]}},"authors":[{"term_id":22588,"user_id":6,"is_guest":0,"slug":"biancaalbu","display_name":"Bianca Albu","avatar_url":"https:\/\/secure.gravatar.com\/avatar\/3df2e34e20f529e6fd7be4311ee1f7c4ec4aa886971590baf6fa214b15743516?s=96&d=monsterid&r=g","0":null,"1":"","2":"","3":"","4":"","5":"","6":"","7":"","8":""}],"_links":{"self":[{"href":"https:\/\/buletin.de\/bucuresti\/wp-json\/wp\/v2\/posts\/10595","targetHints":{"allow":["GET"]}}],"collection":[{"href":"https:\/\/buletin.de\/bucuresti\/wp-json\/wp\/v2\/posts"}],"about":[{"href":"https:\/\/buletin.de\/bucuresti\/wp-json\/wp\/v2\/types\/post"}],"author":[{"embeddable":true,"href":"https:\/\/buletin.de\/bucuresti\/wp-json\/wp\/v2\/users\/6"}],"replies":[{"embeddable":true,"href":"https:\/\/buletin.de\/bucuresti\/wp-json\/wp\/v2\/comments?post=10595"}],"version-history":[{"count":6,"href":"https:\/\/buletin.de\/bucuresti\/wp-json\/wp\/v2\/posts\/10595\/revisions"}],"predecessor-version":[{"id":12052,"href":"https:\/\/buletin.de\/bucuresti\/wp-json\/wp\/v2\/posts\/10595\/revisions\/12052"}],"wp:featuredmedia":[{"embeddable":true,"href":"https:\/\/buletin.de\/bucuresti\/wp-json\/wp\/v2\/media\/10598"}],"wp:attachment":[{"href":"https:\/\/buletin.de\/bucuresti\/wp-json\/wp\/v2\/media?parent=10595"}],"wp:term":[{"taxonomy":"category","embeddable":true,"href":"https:\/\/buletin.de\/bucuresti\/wp-json\/wp\/v2\/categories?post=10595"},{"taxonomy":"post_tag","embeddable":true,"href":"https:\/\/buletin.de\/bucuresti\/wp-json\/wp\/v2\/tags?post=10595"},{"taxonomy":"author","embeddable":true,"href":"https:\/\/buletin.de\/bucuresti\/wp-json\/wp\/v2\/ppma_author?post=10595"}],"curies":[{"name":"wp","href":"https:\/\/api.w.org\/{rel}","templated":true}]}}