{"id":105916,"date":"2024-11-13T12:51:40","date_gmt":"2024-11-13T09:51:40","guid":{"rendered":"https:\/\/buletin.de\/bucuresti\/?p=105916"},"modified":"2024-11-18T12:19:42","modified_gmt":"2024-11-18T09:19:42","slug":"parlamentare-bucuresti-pnl-iese-in-fata-cu-sebastian-burduja-andrei-baciu-fost-presedinte-cnas-cercetat-de-dna-si-doi-fosti-ministri-ai-educatiei","status":"publish","type":"post","link":"https:\/\/buletin.de\/bucuresti\/parlamentare-bucuresti-pnl-iese-in-fata-cu-sebastian-burduja-andrei-baciu-fost-presedinte-cnas-cercetat-de-dna-si-doi-fosti-ministri-ai-educatiei\/","title":{"rendered":"Parlamentare Bucure\u0219ti | PNL iese \u00een fa\u021b\u0103 cu Sebastian Burduja, Andrei Baciu, fost pre\u0219edinte CNAS, cercetat de DNA, \u0219i doi fo\u0219ti mini\u0219tri ai Educa\u021biei"},"content":{"rendered":"\n<p><strong>Parlamentare Bucure\u0219ti. Un total de 23 de partide \u0219i alian\u021be au depus liste de candida\u021bi pentru alegerile parlamentare, \u00een circumscrip\u021bia aferent\u0103 Capitalei. <\/strong><\/p>\n\n\n\n<p><strong>PNL propune 54 de candida\u021bi eligibili pentru scrutinul care va avea loc pe 1 decembrie: 37 pentru Camera Deputa\u021bilor \u0219i 17 pentru Senat.<\/strong><\/p>\n\n\n\n<p>Listele sunt deschise de Sebastian Burduja, liderul PNL Bucure\u0219ti, care s-a clasat pe locul patru \u00een cursa pentru Prim\u0103ria Capitalei \u00een alegerile locale din iunie, \u0219i de Sorin C\u00eempeanu, fostul ministru al Educa\u021biei.&nbsp;<\/p>\n\n\n\n<p><strong>Lista pentru Parlamentare Bucure\u0219ti a candida\u021bilor PNL pentru Camera Deputa\u021bilor:<\/strong><\/p>\n\n\n\n<ul class=\"wp-block-list\">\n<li>Sebastian-Ioan Burduja<\/li>\n\n\n\n<li>Romic\u0103-Andrei Baciu<\/li>\n\n\n\n<li>Ionu\u021b-Marian Stroe<\/li>\n\n\n\n<li>Octavian Oprea<\/li>\n\n\n\n<li>R\u0103zvan-Sorin Pri\u0219c\u0103<\/li>\n\n\n\n<li>Mihai-Alexandru Voicu<\/li>\n\n\n\n<li>Oana Babagianu<\/li>\n\n\n\n<li>Hilde-Andrada-\u0218tefania Tudora<\/li>\n\n\n\n<li>Cristin-Nicolae Popa<\/li>\n\n\n\n<li>Diana-\u0218tefana Baciuna<\/li>\n\n\n\n<li>Luana-Teodora Vasile<\/li>\n\n\n\n<li>Alexandru-Bogdan Dragomir<\/li>\n\n\n\n<li>Rawan Abu-Daher<\/li>\n\n\n\n<li>Alexandru Baciu-Ciudin<\/li>\n\n\n\n<li>Ionu\u021b-Bogdan Grecia<\/li>\n\n\n\n<li>C\u0103t\u0103lin-Florin Moldoveanu<\/li>\n\n\n\n<li>Ciprian-Constantin Dumitru<\/li>\n\n\n\n<li>Cristina Pastram\u0103<\/li>\n\n\n\n<li>Andrei-Claudiu Motoc<\/li>\n\n\n\n<li>Tudorel Prun\u0103<\/li>\n\n\n\n<li>Adrian-Antoniu Betea<\/li>\n\n\n\n<li>Liviu-Alexandru Moraru<\/li>\n\n\n\n<li>Vasile-Niculae Ionic\u0103<\/li>\n\n\n\n<li>Cristian-Ionel Haid\u0103u<\/li>\n\n\n\n<li>Anca-Elena Geam\u0103n\u0103<\/li>\n\n\n\n<li>Ramona Porumb<\/li>\n\n\n\n<li>Raluca-Nicoleta Hali\u021b<\/li>\n\n\n\n<li>Florina-Isabela Cican<\/li>\n\n\n\n<li>Bogdan-Andrei Buburuz<\/li>\n\n\n\n<li>Liviu Rogozea<\/li>\n\n\n\n<li>Teodor Demetriad<\/li>\n\n\n\n<li>Alina-Roxana Irimia<\/li>\n\n\n\n<li>Ion Enache<\/li>\n\n\n\n<li>M\u0103d\u0103lina Gavril\u0103<\/li>\n\n\n\n<li>Maria-Luciana Marin<\/li>\n\n\n\n<li>Alin-\u0218tefan-Marian B\u0103d\u0103l\u0103u<\/li>\n\n\n\n<li>Andreea Cioac\u0103<\/li>\n<\/ul>\n\n\n\n<p>Lista candida\u021bilor PNL pentru locurile din Senat:<\/p>\n\n\n\n<ul class=\"wp-block-list\">\n<li>Sorin-Mihai C\u00eempeanu<\/li>\n\n\n\n<li>Monica Cristina Anisie<\/li>\n\n\n\n<li>Gheorghe-Vlad Nistor<\/li>\n\n\n\n<li>Oana-Marciana \u00d6zmen<\/li>\n\n\n\n<li>Helena-Omna Raicu<\/li>\n\n\n\n<li>Claudiu-Daniel Teliceanu<\/li>\n\n\n\n<li>R\u0103zvan Br\u0103tianu<\/li>\n\n\n\n<li>Iuliana-Cristina B\u00e2rc\u0103<\/li>\n\n\n\n<li>Alexandru Bologan<\/li>\n\n\n\n<li>Florin-C\u0103t\u0103lin Ivan<\/li>\n\n\n\n<li>\u0218tefan-Dan Meran<\/li>\n\n\n\n<li>Ion Gabriel T\u0103nase<\/li>\n\n\n\n<li>Andreaa-Elena P\u0103duraru<\/li>\n\n\n\n<li>Teodora Bentz<\/li>\n\n\n\n<li>Drago\u0219 Floroiu<\/li>\n\n\n\n<li>Anca-Gabriela Parciulea<\/li>\n\n\n\n<li>George-Ciprian Bumbeneci<\/li>\n<\/ul>\n\n\n\n<h2 class=\"wp-block-heading\" id=\"h-sebastian-ioan-burduja-pozi\u021bia-i-pentru-camera-deputa\u021bilor\"><strong>Sebastian-Ioan Burduja, pozi\u021bia I pentru Camera Deputa\u021bilor <\/strong><\/h2>\n\n\n\n<figure class=\"wp-block-image size-large\"><img fetchpriority=\"high\" decoding=\"async\" width=\"900\" height=\"600\" src=\"data:image\/gif;base64,R0lGODlhAQABAAAAACH5BAEKAAEALAAAAAABAAEAAAICTAEAOw==\" data-src=\"https:\/\/buletin.de\/bucuresti\/wp-content\/uploads\/Sebastian-Burduja-1-900x600.jpg\" alt=\"Parlamentare Bucure\u0219ti. Sebastian Bucure\u0219ti a candidat \u0219i la Prim\u0103ria Capitalei. Foto: Facebook \/ Sebastian Burduja\" class=\"wp-image-105917 lazyload\" data-sizes=\"auto\" data-srcset=\"https:\/\/buletin.de\/bucuresti\/wp-content\/uploads\/Sebastian-Burduja-1-900x600.jpg 900w, https:\/\/buletin.de\/bucuresti\/wp-content\/uploads\/Sebastian-Burduja-1-300x200.jpg 300w, https:\/\/buletin.de\/bucuresti\/wp-content\/uploads\/Sebastian-Burduja-1-768x512.jpg 768w, https:\/\/buletin.de\/bucuresti\/wp-content\/uploads\/Sebastian-Burduja-1-1536x1023.jpg 1536w, https:\/\/buletin.de\/bucuresti\/wp-content\/uploads\/Sebastian-Burduja-1-1100x733.jpg 1100w, https:\/\/buletin.de\/bucuresti\/wp-content\/uploads\/Sebastian-Burduja-1-600x400.jpg 600w, https:\/\/buletin.de\/bucuresti\/wp-content\/uploads\/Sebastian-Burduja-1-20x13.jpg 20w, https:\/\/buletin.de\/bucuresti\/wp-content\/uploads\/Sebastian-Burduja-1.jpg 1600w\" sizes=\"(max-width: 900px) 100vw, 900px\" \/><figcaption class=\"wp-element-caption\">Parlamentare Bucure\u0219ti. Sebastian Bucure\u0219ti a candidat \u0219i la Prim\u0103ria Capitalei. Foto: Facebook \/ Sebastian Burduja<\/figcaption><\/figure>\n\n\n\n<p>S-a n\u0103scut pe 18 iunie 1985, \u00een Bucure\u0219ti, \u0219i este c\u0103s\u0103torit cu Emmaline Holly Gayk Burduja, angajat\u0103 la Banca Mondial\u0103. \u00cen prezent, de\u021bine func\u021bia de ministru al Energiei, iar anterior a fost ministru al Cercet\u0103rii, Inov\u0103rii \u0219i Digitaliz\u0103rii.<\/p>\n\n\n\n<p>\u00cen urma consut\u0103rii <a href=\"https:\/\/gov.ro\/fisiere\/ministri_fisiere\/CV_-_Sebastian-Ioan_BURDUJA.pdf\">CV-ului publicat pe site-ul Guvernului<\/a>, reiese traseul s\u0103u academic:<\/p>\n\n\n\n<ul class=\"wp-block-list\">\n<li>\u0218i-a luat doctoratul \u00een Economie \u0219i Afaceri Interna\u021bionale, la ASE \u00een 2019;<\/li>\n\n\n\n<li>Este dublu masterand la Universitatea Harvard, \u0219i-a luat \u00een 2011 masterul \u00een Administrarea Afacerilor \u0219i pe cel \u00een Politici Publice;<\/li>\n\n\n\n<li>Este licen\u021biat \u00een \u0219tiin\u021be politice la Stanford University din 2008.<\/li>\n<\/ul>\n\n\n\n<p><strong>Func\u021biile politice pe care le-a ocupat candidatul Burduja:<\/strong><\/p>\n\n\n\n<ul class=\"wp-block-list\">\n<li>Ministrul Energiei din 2023, p\u00e2n\u0103 \u00een prezent;&nbsp;<\/li>\n\n\n\n<li>Ministrul Cercet\u0103rii, Inov\u0103rii \u0219i Digitaliz\u0103rii \u00een perioada 2022-2023;&nbsp;<\/li>\n\n\n\n<li>Este deputat al Camerei Deputa\u021bilor din 2020, p\u00e2n\u0103 \u00een prezent;&nbsp;<\/li>\n\n\n\n<li>A fost Secretar de Stat la Ministerul Finan\u021belor Publice \u00eentre 2019 \u0219i 2020.&nbsp;<\/li>\n<\/ul>\n\n\n\n<p><strong>\u00cen plan profesional, candidatul PNL a ocupat urm\u0103toarele posturi:<\/strong><\/p>\n\n\n\n<ul class=\"wp-block-list\">\n<li>Managing Partner la RISE Consortium, \u00eentre 2017 \u0219i 2019;<\/li>\n\n\n\n<li>Specialist \u00een Dezvoltare Urban\u0103, Regiunea Europa \u0219i Asia Central\u0103 la Banca Mondial\u0103 din Washington DC, \u00een perioada 2012-2015;<\/li>\n\n\n\n<li>Consultant management strategic la Dalberg Global Development Advisors din Washington DC ,\u00eentre 2011 \u0219i 2012;<\/li>\n\n\n\n<li>Pre\u0219edinte \u0219i membru fondator al Funda\u021biei CAESAR (Centrul pentru Acces la Expertiza Studen\u021bilor \u0219i Absolven\u021bilor Rom\u00e2ni), din 2011, p\u00e2n\u0103 \u00een 2015;<\/li>\n\n\n\n<li>Consultant la McKinsey &amp; Company, \u00een 2010;<\/li>\n\n\n\n<li>\u0218i-a f\u0103cut stagiatura la Na\u021biunile Unite \u2013 Comisia Economic\u0103 pentru Europa (UNECE), \u00een 2009. A mai fost stagiar \u0219i la National Endowment for Democracy, \u00een 2007.<\/li>\n\n\n\n<li>A fost pre\u0219edinte \u0219i membru fondator al Ligii Studen\u021bilor Rom\u00e2ni din Str\u0103in\u0103tate (LSRS), \u00eentre 2009 \u0219i 2013.&nbsp;<\/li>\n\n\n\n<li>Asistent de cercetare la Freeman Spogli Institute of Foreign Affairs, \u00een perioada 2006-2007.&nbsp;<\/li>\n<\/ul>\n\n\n\n<p><strong>Averea lui Sebastian Burduja, conform <a href=\"https:\/\/gov.ro\/fisiere\/ministri_fisiere\/Burduja-Declaratie-de-Avere-AF2023.pdf\" target=\"_blank\" rel=\"noreferrer noopener\">documentului oficial, completat \u00een 2024<\/a>:<\/strong><\/p>\n\n\n\n<ul class=\"wp-block-list\">\n<li>Dou\u0103 terenuri agricole \u00een jude\u021bul Neam\u021b cu suprafe\u021be de 16.400 \u0219i 25.100 de m2.&nbsp;<\/li>\n\n\n\n<li>Dou\u0103 apartamente, unul \u00een Bucure\u0219ti de 163 de m2 \u0219i unul \u00een N\u0103vodari de 131 de m2.&nbsp;<\/li>\n\n\n\n<li>O cas\u0103 de locuit de 175 de m2 \u00een localitatea McLean din SUA, pe care o de\u021bine \u00eempreun\u0103 cu so\u021bia lui.&nbsp;<\/li>\n\n\n\n<li>Dou\u0103 autoturisme, un Chrysler Cordoba din 1979 \u0219i o Honda CBR din 2006.<\/li>\n\n\n\n<li>Ceasuri \u0219i bijuterii \u00een valoare de 15.000 de euro.&nbsp;<\/li>\n\n\n\n<li>Conturi bancare \u0219i depozite care \u00eensumeaz\u0103 aproape 90.000 de euro:<\/li>\n<\/ul>\n\n\n\n<figure class=\"wp-block-image size-full\"><a href=\"https:\/\/buletin.de\/bucuresti\/wp-content\/uploads\/conturi-sebastian-burduja.png\"><img decoding=\"async\" width=\"886\" height=\"582\" src=\"data:image\/gif;base64,R0lGODlhAQABAAAAACH5BAEKAAEALAAAAAABAAEAAAICTAEAOw==\" data-src=\"https:\/\/buletin.de\/bucuresti\/wp-content\/uploads\/conturi-sebastian-burduja.png\" alt=\"Parlamentare Bucure\u0219ti. Declara\u021bia de avere a lui Sebastian Burduja\" class=\"wp-image-105918 lazyload\" data-sizes=\"auto\" data-srcset=\"https:\/\/buletin.de\/bucuresti\/wp-content\/uploads\/conturi-sebastian-burduja.png 886w, https:\/\/buletin.de\/bucuresti\/wp-content\/uploads\/conturi-sebastian-burduja-300x197.png 300w, https:\/\/buletin.de\/bucuresti\/wp-content\/uploads\/conturi-sebastian-burduja-768x504.png 768w, https:\/\/buletin.de\/bucuresti\/wp-content\/uploads\/conturi-sebastian-burduja-600x394.png 600w, https:\/\/buletin.de\/bucuresti\/wp-content\/uploads\/conturi-sebastian-burduja-20x13.png 20w\" sizes=\"(max-width: 886px) 100vw, 886px\" \/><\/a><figcaption class=\"wp-element-caption\">Parlamentare Bucure\u0219ti. Declara\u021bia de avere a lui Sebastian Burduja<\/figcaption><\/figure>\n\n\n\n<ul class=\"wp-block-list\">\n<li>A acordat un \u00eemprumut \u00een valoare de 85.000 de euro;<\/li>\n\n\n\n<li>Un credit bancar de peste 430.000 de euro, scadent \u00een 2045;<\/li>\n\n\n\n<li>Cei doi so\u021bi au venituri anuale care dep\u0103\u0219esc 180.000 de euro:<\/li>\n<\/ul>\n\n\n\n<figure class=\"wp-block-gallery has-nested-images columns-1 is-cropped wp-block-gallery-1 is-layout-flex wp-block-gallery-is-layout-flex\">\n<figure class=\"wp-block-image size-large\"><a href=\"https:\/\/buletin.de\/bucuresti\/wp-content\/uploads\/venituri-sebastian-burduja-1.png\"><img decoding=\"async\" width=\"881\" height=\"397\" data-id=\"105922\" src=\"data:image\/gif;base64,R0lGODlhAQABAAAAACH5BAEKAAEALAAAAAABAAEAAAICTAEAOw==\" data-src=\"https:\/\/buletin.de\/bucuresti\/wp-content\/uploads\/venituri-sebastian-burduja-1.png\" alt=\"\" class=\"wp-image-105922 lazyload\" data-sizes=\"auto\" data-srcset=\"https:\/\/buletin.de\/bucuresti\/wp-content\/uploads\/venituri-sebastian-burduja-1.png 881w, https:\/\/buletin.de\/bucuresti\/wp-content\/uploads\/venituri-sebastian-burduja-1-300x135.png 300w, https:\/\/buletin.de\/bucuresti\/wp-content\/uploads\/venituri-sebastian-burduja-1-768x346.png 768w, https:\/\/buletin.de\/bucuresti\/wp-content\/uploads\/venituri-sebastian-burduja-1-600x270.png 600w, https:\/\/buletin.de\/bucuresti\/wp-content\/uploads\/venituri-sebastian-burduja-1-20x9.png 20w\" sizes=\"(max-width: 881px) 100vw, 881px\" \/><\/a><\/figure>\n\n\n\n<figure class=\"wp-block-image size-large\"><a href=\"https:\/\/buletin.de\/bucuresti\/wp-content\/uploads\/venituri-sebastian-burduja-2.png\"><img loading=\"lazy\" decoding=\"async\" width=\"877\" height=\"142\" data-id=\"105919\" src=\"data:image\/gif;base64,R0lGODlhAQABAAAAACH5BAEKAAEALAAAAAABAAEAAAICTAEAOw==\" data-src=\"https:\/\/buletin.de\/bucuresti\/wp-content\/uploads\/venituri-sebastian-burduja-2.png\" alt=\"\" class=\"wp-image-105919 lazyload\" data-sizes=\"auto\" data-srcset=\"https:\/\/buletin.de\/bucuresti\/wp-content\/uploads\/venituri-sebastian-burduja-2.png 877w, https:\/\/buletin.de\/bucuresti\/wp-content\/uploads\/venituri-sebastian-burduja-2-300x49.png 300w, https:\/\/buletin.de\/bucuresti\/wp-content\/uploads\/venituri-sebastian-burduja-2-768x124.png 768w, https:\/\/buletin.de\/bucuresti\/wp-content\/uploads\/venituri-sebastian-burduja-2-600x97.png 600w, https:\/\/buletin.de\/bucuresti\/wp-content\/uploads\/venituri-sebastian-burduja-2-20x3.png 20w\" sizes=\"(max-width: 877px) 100vw, 877px\" \/><\/a><\/figure>\n\n\n\n<figure class=\"wp-block-image size-large\"><a href=\"https:\/\/buletin.de\/bucuresti\/wp-content\/uploads\/venituri-sebastian-burduja-3.png\"><img loading=\"lazy\" decoding=\"async\" width=\"883\" height=\"101\" data-id=\"105921\" src=\"data:image\/gif;base64,R0lGODlhAQABAAAAACH5BAEKAAEALAAAAAABAAEAAAICTAEAOw==\" data-src=\"https:\/\/buletin.de\/bucuresti\/wp-content\/uploads\/venituri-sebastian-burduja-3.png\" alt=\"\" class=\"wp-image-105921 lazyload\" data-sizes=\"auto\" data-srcset=\"https:\/\/buletin.de\/bucuresti\/wp-content\/uploads\/venituri-sebastian-burduja-3.png 883w, https:\/\/buletin.de\/bucuresti\/wp-content\/uploads\/venituri-sebastian-burduja-3-300x34.png 300w, https:\/\/buletin.de\/bucuresti\/wp-content\/uploads\/venituri-sebastian-burduja-3-768x88.png 768w, https:\/\/buletin.de\/bucuresti\/wp-content\/uploads\/venituri-sebastian-burduja-3-600x69.png 600w, https:\/\/buletin.de\/bucuresti\/wp-content\/uploads\/venituri-sebastian-burduja-3-20x2.png 20w\" sizes=\"(max-width: 883px) 100vw, 883px\" \/><\/a><\/figure>\n\n\n\n<figure class=\"wp-block-image size-large\"><a href=\"https:\/\/buletin.de\/bucuresti\/wp-content\/uploads\/venituri-sebastian-burduja-4.png\"><img loading=\"lazy\" decoding=\"async\" width=\"886\" height=\"126\" data-id=\"105920\" src=\"data:image\/gif;base64,R0lGODlhAQABAAAAACH5BAEKAAEALAAAAAABAAEAAAICTAEAOw==\" data-src=\"https:\/\/buletin.de\/bucuresti\/wp-content\/uploads\/venituri-sebastian-burduja-4.png\" alt=\"\" class=\"wp-image-105920 lazyload\" data-sizes=\"auto\" data-srcset=\"https:\/\/buletin.de\/bucuresti\/wp-content\/uploads\/venituri-sebastian-burduja-4.png 886w, https:\/\/buletin.de\/bucuresti\/wp-content\/uploads\/venituri-sebastian-burduja-4-300x43.png 300w, https:\/\/buletin.de\/bucuresti\/wp-content\/uploads\/venituri-sebastian-burduja-4-768x109.png 768w, https:\/\/buletin.de\/bucuresti\/wp-content\/uploads\/venituri-sebastian-burduja-4-600x85.png 600w, https:\/\/buletin.de\/bucuresti\/wp-content\/uploads\/venituri-sebastian-burduja-4-20x3.png 20w\" sizes=\"(max-width: 886px) 100vw, 886px\" \/><\/a><\/figure>\n<\/figure>\n\n\n\n<p>Ac\u021biunile ministrului Sebastian Burduja, conform <a href=\"https:\/\/gov.ro\/fisiere\/ministri_fisiere\/Burduja-Declaratie-de-Interese-AF2023.pdf\">declara\u021biei de interese de anul acesta<\/a>:<\/p>\n\n\n\n<ul class=\"wp-block-list\">\n<li>Membru al Ligii Studen\u021bilor Rom\u00e2ni din Str\u0103in\u0103tate;<\/li>\n\n\n\n<li>Membru al Funda\u021biei CAESAR;<\/li>\n\n\n\n<li>Membru al Asocia\u021biei \u201eMedici pentru Rom\u00e2nia\u201d;<\/li>\n\n\n\n<li>Vicepre\u0219edinte al Asocia\u021biei \u201eJoann Ioana Maria\u201d;<\/li>\n\n\n\n<li>Membru al Asocia\u021biei \u201eMircea Ionescu Quintus\u201d;<\/li>\n\n\n\n<li>Membru al Global Shapers of the World Economic Forum;<\/li>\n\n\n\n<li>Pre\u0219edintele PNL filiala Bucure\u0219ti.<\/li>\n<\/ul>\n\n\n\n<h2 class=\"wp-block-heading\" id=\"h-parlamentare-bucure\u0219ti-romica-andrei-baciu-a-doua-pozi\u021bie-pe-listele-pnl-pentru-camera-deputa\u021bilor\">Parlamentare Bucure\u0219ti. <strong>Romic\u0103-Andrei Baciu, a doua pozi\u021bie pe listele PNL pentru Camera Deputa\u021bilor<\/strong><\/h2>\n\n\n\n<figure class=\"wp-block-image size-large\"><a href=\"https:\/\/buletin.de\/bucuresti\/wp-content\/uploads\/Andrei-Baciu.jpg\"><img loading=\"lazy\" decoding=\"async\" width=\"900\" height=\"600\" src=\"data:image\/gif;base64,R0lGODlhAQABAAAAACH5BAEKAAEALAAAAAABAAEAAAICTAEAOw==\" data-src=\"https:\/\/buletin.de\/bucuresti\/wp-content\/uploads\/Andrei-Baciu-900x600.jpg\" alt=\"\" class=\"wp-image-105923 lazyload\" data-sizes=\"auto\" data-srcset=\"https:\/\/buletin.de\/bucuresti\/wp-content\/uploads\/Andrei-Baciu-900x600.jpg 900w, https:\/\/buletin.de\/bucuresti\/wp-content\/uploads\/Andrei-Baciu-300x200.jpg 300w, https:\/\/buletin.de\/bucuresti\/wp-content\/uploads\/Andrei-Baciu-768x512.jpg 768w, https:\/\/buletin.de\/bucuresti\/wp-content\/uploads\/Andrei-Baciu-1100x733.jpg 1100w, https:\/\/buletin.de\/bucuresti\/wp-content\/uploads\/Andrei-Baciu-600x400.jpg 600w, https:\/\/buletin.de\/bucuresti\/wp-content\/uploads\/Andrei-Baciu-20x13.jpg 20w, https:\/\/buletin.de\/bucuresti\/wp-content\/uploads\/Andrei-Baciu.jpg 1440w\" sizes=\"(max-width: 900px) 100vw, 900px\" \/><\/a><figcaption class=\"wp-element-caption\">Andrei Baciu a de\u021binut mai multe func\u021bii publice<\/figcaption><\/figure>\n\n\n\n<p>S-a n\u0103scut pe 18 septembrie, 1986, la Topli\u021ba \u0219i este c\u0103s\u0103torit cu Ioana Baciu. Este fostul pre\u0219edinte al Casei Na\u021bionale de Asigur\u0103ri de S\u0103n\u0103tate (CNAS) \u0219i <a href=\"https:\/\/buletin.de\/bucuresti\/presedintele-pnl-sector-3-andrei-baciu-si-a-dat-demisia-din-functia-de-sef-al-cnas-inainte-de-audirea-de-la-dna\/\">urm\u0103rit penal de DNA<\/a> pentru c\u0103&nbsp; ar fi sus\u021binut achizi\u021bionarea f\u0103r\u0103 justificare legal\u0103 \u0219i f\u0103r\u0103 documente de 4.260.269 doze suplimentare de vaccin Pfizer, de\u0219i num\u0103rul dozelor contractate anterior era deja suficient pentru vaccinarea popula\u021biei eligibile.<\/p>\n\n\n\n<p><strong>Educa\u021bia candidatului Baciu, potrivit <a href=\"https:\/\/cnas.ro\/wp-content\/uploads\/2023\/09\/CV-ANDREI-BACIU-SEPTEMBRIE-2023.pdf\">CV-ului publicat pe site-ul CNAS<\/a>:<\/strong><\/p>\n\n\n\n<ul class=\"wp-block-list\">\n<li>Doctorand la Universitatea de Medicin\u0103 \u0219i Farmacie \u201eCarol Davila\u201d (UMFCD), \u00een 2020;<\/li>\n\n\n\n<li>A urmat cursurile Universit\u0103\u021bii Na\u021bionale de Ap\u0103rare \u201eCarol I\u201d, din Bucure\u0219ti, tot \u00een 2020;<\/li>\n\n\n\n<li>A studiat Economie \u0219i Afaceri Interna\u021bionale &#8211; Studii Europene, la Universitatea Rom\u00e2no-American\u0103, \u00eentre 2015 \u0219i 2018;<\/li>\n\n\n\n<li>Este certificat \u00een Politic\u0103 Extern\u0103 \u0219i Diploma\u021bie, de la Institutul Diplomatic Rom\u00e2n, din anul 2016;<\/li>\n\n\n\n<li>A studiat Management Spitalicesc la \u0218coala Na\u021bional\u0103 de S\u0103n\u0103tate Public\u0103 \u0219i Perfec\u021bionare \u00een Domeniul Sanitar, \u00een 2015;<\/li>\n\n\n\n<li>A urmat un curs de Management \/ Leadership \/ S\u0103n\u0103tate \/ Asist. Sanitar\u0103 la Universitatea Deschis\u0103 a Marii Britanii, \u00eentre 2013 \u0219i 2015;<\/li>\n\n\n\n<li>\u0218i-a luat masteratul \u00een Medicin\u0103 la UMFCD;<\/li>\n\n\n\n<li>Este licen\u021biat \u00een \u0218tiin\u021be Medicale \u0219i a urmat cursurile UMFCD \u00eentre 2005 \u0219i 2011;<\/li>\n\n\n\n<li>A terminat Liceul Na\u021bional Militar \u201eMihai Viteazu\u201d, din Alba Iulia, \u00een 2005.<\/li>\n<\/ul>\n\n\n\n<p><strong>Parcursul profesional al candidatului:<\/strong><\/p>\n\n\n\n<ul class=\"wp-block-list\">\n<li>Pre\u0219edintele Casei Na\u021bionale de Asigur\u0103ri de S\u0103n\u0103tate (CNAS), \u00eentre august \u0219i decembrie 2023;<\/li>\n\n\n\n<li>Secretar de stat \u00een Ministerul S\u0103n\u0103t\u0103\u021bii, \u00eentre decembrie 2019 \u0219i august 2023;<\/li>\n\n\n\n<li>Vicepre\u0219edintele Comitetului Na\u021bional de Coordonare a Activit\u0103\u021bilor privind Vaccinarea \u00cempotriva SARS-CoV-2 (CNCAV), \u00eentre noiembrie 2020 \u0219i februarie 2022;<\/li>\n\n\n\n<li>Pre\u0219edintele CNACAV, \u00eentre februarie \u0219i mai 2022;<\/li>\n\n\n\n<li>Membru al Comitetului Director al Comisiei Europene &#8211; vaccinuri, \u00een iunie 2020;<\/li>\n\n\n\n<li>Membru \u00een Consiliul de Administra\u021biei la Agen\u021biei Europene pentru Medicamente, \u00eentre iunie 2020 \u0219i martie 2023;<\/li>\n\n\n\n<li>Membru \u00een Consiliul de Administra\u021biei la Re\u021beaua de S\u0103n\u0103tate din europa de Sud-Est, \u00eentre iunie \u0219i decembrie 2020;<\/li>\n\n\n\n<li>Consilier \u00een Ministerul S\u0103n\u0103t\u0103\u021bii, \u00eentre noiembrie \u0219i decembrie 2019;<\/li>\n\n\n\n<li>Pre\u0219edintele Consiliului de Administra\u021bie, la Spitalul Clinic de Psihiatrie \u201eProf. Dr. Al. Obergia\u201d, \u00eentre iunie \u0219i noiembrie 2017;<\/li>\n\n\n\n<li>Membru \u00een Consiliul de Administra\u021bie al aceluia\u0219i spital, \u00eentre februarie \u0219i decembrie 2017;<\/li>\n\n\n\n<li>Medic specialist chirurgie cardiovascular\u0103, \u00een 2017;<\/li>\n\n\n\n<li>Coordonator al Campaniei Na\u021bionale \u201eDrepturile pacien\u021bilor\u201d, \u00een perioada iunie 2012 \u0219i mai 2014;<\/li>\n\n\n\n<li>Medic rezident chirurgie cardiovascular\u0103, \u00eentre aprilie 2012 \u0219i mai 2017;<\/li>\n\n\n\n<li>Delegat la Funda\u021bia \u201eM\u00e9c\u00e9nat Chirurgie Cardiaque\u201d, \u00een 2012.<\/li>\n<\/ul>\n\n\n\n<p><strong>Bunurile pe care le de\u021bin medicul Baciu \u0219i so\u021bia lui, \u00een conformitate cu <a href=\"https:\/\/old-declaratii.integritate.eu\/DownloadServlet?fileName=15051856_2780561_a.pdf&amp;uniqueIdentifier=NTNTARTLNE_15051856\">declara\u021bia de avere din 2023<\/a>:<\/strong><\/p>\n\n\n\n<ul class=\"wp-block-list\">\n<li>Dou\u0103 apartamente \u00een Bucure\u0219ti, cu suprafe\u021be de 65 \u0219i 85 de metri p\u0103tra\u021bi, cump\u0103rate de cei doi so\u021bi \u00een 2019 \u0219i 2022;<\/li>\n\n\n\n<li>Un apartament \u00een Bucure\u0219ti, de 79 de metri p\u0103tra\u021bi, care i-a fost donat Ioanei Baciu \u00een 2009;<\/li>\n\n\n\n<li>O cas\u0103 \u00een Bucure\u0219ti, cu o suprafa\u021b\u0103 de 170 de metri p\u0103tra\u021bi, construit\u0103 \u00een 2005, pe numele so\u021biei candidatului;<\/li>\n\n\n\n<li>Dou\u0103 ma\u0219ini, m\u0103rcile Kia Sportage \u0219i Fiat 500, cump\u0103rate \u00een 2011, respectiv 2014;<\/li>\n\n\n\n<li>Depozite \u0219i conturi bancare, care \u00eensumeaz\u0103 aproape 400.000 de euro:<\/li>\n<\/ul>\n\n\n\n<figure class=\"wp-block-image size-full is-resized\"><a href=\"https:\/\/buletin.de\/bucuresti\/wp-content\/uploads\/conturi-andrei-baciu.png\"><img loading=\"lazy\" decoding=\"async\" width=\"886\" height=\"657\" src=\"data:image\/gif;base64,R0lGODlhAQABAAAAACH5BAEKAAEALAAAAAABAAEAAAICTAEAOw==\" data-src=\"https:\/\/buletin.de\/bucuresti\/wp-content\/uploads\/conturi-andrei-baciu.png\" alt=\"Parlamentare Bucure\u0219ti. Declara\u021bia de avere a lui Andrei Baciu\" class=\"wp-image-105924 lazyload\" style=\"width:503px;height:auto\" data-sizes=\"auto\" data-srcset=\"https:\/\/buletin.de\/bucuresti\/wp-content\/uploads\/conturi-andrei-baciu.png 886w, https:\/\/buletin.de\/bucuresti\/wp-content\/uploads\/conturi-andrei-baciu-300x222.png 300w, https:\/\/buletin.de\/bucuresti\/wp-content\/uploads\/conturi-andrei-baciu-768x569.png 768w, https:\/\/buletin.de\/bucuresti\/wp-content\/uploads\/conturi-andrei-baciu-600x445.png 600w, https:\/\/buletin.de\/bucuresti\/wp-content\/uploads\/conturi-andrei-baciu-20x15.png 20w\" sizes=\"(max-width: 886px) 100vw, 886px\" \/><\/a><figcaption class=\"wp-element-caption\">Parlamentare Bucure\u0219ti. Declara\u021bia de avere a lui Andrei Baciu<\/figcaption><\/figure>\n\n\n\n<ul class=\"wp-block-list\">\n<li>Plasamente \u0219i investi\u021bii \u00een valoare de peste 420.000 de euro:<\/li>\n<\/ul>\n\n\n\n<figure class=\"wp-block-image size-full\"><a href=\"https:\/\/buletin.de\/bucuresti\/wp-content\/uploads\/plasamente-andrei-baciu.png\"><img loading=\"lazy\" decoding=\"async\" width=\"896\" height=\"311\" src=\"data:image\/gif;base64,R0lGODlhAQABAAAAACH5BAEKAAEALAAAAAABAAEAAAICTAEAOw==\" data-src=\"https:\/\/buletin.de\/bucuresti\/wp-content\/uploads\/plasamente-andrei-baciu.png\" alt=\"\" class=\"wp-image-105925 lazyload\" data-sizes=\"auto\" data-srcset=\"https:\/\/buletin.de\/bucuresti\/wp-content\/uploads\/plasamente-andrei-baciu.png 896w, https:\/\/buletin.de\/bucuresti\/wp-content\/uploads\/plasamente-andrei-baciu-300x104.png 300w, https:\/\/buletin.de\/bucuresti\/wp-content\/uploads\/plasamente-andrei-baciu-768x267.png 768w, https:\/\/buletin.de\/bucuresti\/wp-content\/uploads\/plasamente-andrei-baciu-600x208.png 600w, https:\/\/buletin.de\/bucuresti\/wp-content\/uploads\/plasamente-andrei-baciu-20x7.png 20w\" sizes=\"(max-width: 896px) 100vw, 896px\" \/><\/a><\/figure>\n\n\n\n<ul class=\"wp-block-list\">\n<li>Venituri anuale ale celor doi so\u021bi de peste 73.000 de euro:<\/li>\n<\/ul>\n\n\n\n<figure class=\"wp-block-gallery has-nested-images columns-1 is-cropped wp-block-gallery-2 is-layout-flex wp-block-gallery-is-layout-flex\">\n<figure class=\"wp-block-image size-large\"><a href=\"https:\/\/buletin.de\/bucuresti\/wp-content\/uploads\/venituri-andrei-baciu-1.png\"><img loading=\"lazy\" decoding=\"async\" width=\"881\" height=\"128\" data-id=\"105926\" src=\"data:image\/gif;base64,R0lGODlhAQABAAAAACH5BAEKAAEALAAAAAABAAEAAAICTAEAOw==\" data-src=\"https:\/\/buletin.de\/bucuresti\/wp-content\/uploads\/venituri-andrei-baciu-1.png\" alt=\"\" class=\"wp-image-105926 lazyload\" data-sizes=\"auto\" data-srcset=\"https:\/\/buletin.de\/bucuresti\/wp-content\/uploads\/venituri-andrei-baciu-1.png 881w, https:\/\/buletin.de\/bucuresti\/wp-content\/uploads\/venituri-andrei-baciu-1-300x44.png 300w, https:\/\/buletin.de\/bucuresti\/wp-content\/uploads\/venituri-andrei-baciu-1-768x112.png 768w, https:\/\/buletin.de\/bucuresti\/wp-content\/uploads\/venituri-andrei-baciu-1-600x87.png 600w, https:\/\/buletin.de\/bucuresti\/wp-content\/uploads\/venituri-andrei-baciu-1-20x3.png 20w\" sizes=\"(max-width: 881px) 100vw, 881px\" \/><\/a><\/figure>\n\n\n\n<figure class=\"wp-block-image size-large\"><a href=\"https:\/\/buletin.de\/bucuresti\/wp-content\/uploads\/venituri-andrei-baciu-2.png\"><img loading=\"lazy\" decoding=\"async\" width=\"886\" height=\"330\" data-id=\"105927\" src=\"data:image\/gif;base64,R0lGODlhAQABAAAAACH5BAEKAAEALAAAAAABAAEAAAICTAEAOw==\" data-src=\"https:\/\/buletin.de\/bucuresti\/wp-content\/uploads\/venituri-andrei-baciu-2.png\" alt=\"\" class=\"wp-image-105927 lazyload\" data-sizes=\"auto\" data-srcset=\"https:\/\/buletin.de\/bucuresti\/wp-content\/uploads\/venituri-andrei-baciu-2.png 886w, https:\/\/buletin.de\/bucuresti\/wp-content\/uploads\/venituri-andrei-baciu-2-300x112.png 300w, https:\/\/buletin.de\/bucuresti\/wp-content\/uploads\/venituri-andrei-baciu-2-768x286.png 768w, https:\/\/buletin.de\/bucuresti\/wp-content\/uploads\/venituri-andrei-baciu-2-600x223.png 600w, https:\/\/buletin.de\/bucuresti\/wp-content\/uploads\/venituri-andrei-baciu-2-20x7.png 20w\" sizes=\"(max-width: 886px) 100vw, 886px\" \/><\/a><\/figure>\n<\/figure>\n\n\n\n<p>Ac\u021biunile candidatului Andrei Baciu, \u00een urma consult\u0103rii <a href=\"https:\/\/old-declaratii.integritate.eu\/DownloadServlet?fileName=15067367_2779810_a.pdf&amp;uniqueIdentifier=NTNTARTLNE_15067367\">declara\u021biei de interese completate \u00een 2023<\/a>:<\/p>\n\n\n\n<ul class=\"wp-block-list\">\n<li>Pre\u0219edinte al filialei PNL Sector 3;<\/li>\n\n\n\n<li>Pre\u0219edinte CNAS (p\u00e2n\u0103 \u00een decembrie 2023).<\/li>\n<\/ul>\n\n\n\n<h2 class=\"wp-block-heading\" id=\"h-ionu\u021b-marian-stroe-pozi\u021bia-a-treia-pentru-camera-deputa\u021bilor\"><strong>Ionu\u021b-Marian Stroe, pozi\u021bia a treia pentru Camera Deputa\u021bilor<\/strong><\/h2>\n\n\n\n<figure class=\"wp-block-image size-large\"><a href=\"https:\/\/buletin.de\/bucuresti\/wp-content\/uploads\/Ionut-Stroe-2.jpg\"><img loading=\"lazy\" decoding=\"async\" width=\"900\" height=\"664\" src=\"data:image\/gif;base64,R0lGODlhAQABAAAAACH5BAEKAAEALAAAAAABAAEAAAICTAEAOw==\" data-src=\"https:\/\/buletin.de\/bucuresti\/wp-content\/uploads\/Ionut-Stroe-2-900x664.jpg\" alt=\"Ionu\u021b Stroe este \u0219i purt\u0103tor de cuv\u00e2nt al PNL\" class=\"wp-image-105929 lazyload\" data-sizes=\"auto\" data-srcset=\"https:\/\/buletin.de\/bucuresti\/wp-content\/uploads\/Ionut-Stroe-2-900x664.jpg 900w, https:\/\/buletin.de\/bucuresti\/wp-content\/uploads\/Ionut-Stroe-2-300x221.jpg 300w, https:\/\/buletin.de\/bucuresti\/wp-content\/uploads\/Ionut-Stroe-2-768x566.jpg 768w, https:\/\/buletin.de\/bucuresti\/wp-content\/uploads\/Ionut-Stroe-2-1536x1133.jpg 1536w, https:\/\/buletin.de\/bucuresti\/wp-content\/uploads\/Ionut-Stroe-2-1600x1180.jpg 1600w, https:\/\/buletin.de\/bucuresti\/wp-content\/uploads\/Ionut-Stroe-2-1100x811.jpg 1100w, https:\/\/buletin.de\/bucuresti\/wp-content\/uploads\/Ionut-Stroe-2-600x442.jpg 600w, https:\/\/buletin.de\/bucuresti\/wp-content\/uploads\/Ionut-Stroe-2-20x15.jpg 20w, https:\/\/buletin.de\/bucuresti\/wp-content\/uploads\/Ionut-Stroe-2.jpg 2048w\" sizes=\"(max-width: 900px) 100vw, 900px\" \/><\/a><figcaption class=\"wp-element-caption\">Ionu\u021b Stroe este \u0219i purt\u0103tor de cuv\u00e2nt al PNL<\/figcaption><\/figure>\n\n\n\n<p>S-a n\u0103scut pe 23 septembrie 1979, la Craiova. Este c\u0103s\u0103torit \u0219i are trei copii.&nbsp;<\/p>\n\n\n\n<p><strong>Educa\u021bia lui Ionu\u021b Stroe, \u00een urma consult\u0103rii <a href=\"https:\/\/gov.ro\/fisiere\/ministri_fisiere\/CV_-_IONUT_STROE.pdf\">CV-ului<\/a> publicat pe site-ul Guvernului:&nbsp;&nbsp;<\/strong><\/p>\n\n\n\n<ul class=\"wp-block-list\">\n<li>A ob\u021binut diploma de master \u00een Drepturile Omului, de la Facultatea de Drept \u015fi \u0218tiin\u021be Sociale, Universitatea din Craiova, \u00een 2014;<\/li>\n\n\n\n<li>A studiat dreptul, la aceea\u0219i facultate \u0219i este licen\u021biat din 2013;<\/li>\n\n\n\n<li>A urmat cursurile Academiei Na\u021bionale de Informa\u021bii \u201eMihai Viteazu\u201d \u0219i a absolvit \u00een 2013;<\/li>\n\n\n\n<li>A absolvit Universitatea Na\u0163ional\u0103 de Ap\u0103rare \u201eCarol I\u201d, \u00een 2010;<\/li>\n\n\n\n<li>A urmat un program de preg\u0103tire \u015fi perfec\u021bionare \u00een domeniul rela\u0163iilor interna\u0163ionale, oferit de Ministerul Afacerilor Externe &#8211; Institutul Diplomatic Rom\u00e2n, pe care l-a terminat \u00een 2010;<\/li>\n\n\n\n<li>A ob\u021binut diploma de master \u00een Finan\u0163e \u015fi administrarea afacerilor, la Facultatea de Economie \u015fi Administrarea Afacerilor, a Universit\u0103\u021bii din Craiova, \u00een 2006;<\/li>\n\n\n\n<li>A urmat cursurile Facult\u0103\u021bii de Automatic\u0103, Calculatoare \u015fi Electronic\u0103 ale aceleia\u0219i universit\u0103\u021bi, \u00eentre 1998 \u0219i 2003;<\/li>\n\n\n\n<li>A terminat Colegiul Na\u0163ional CAROL I din Craiova, \u00een 1998.<\/li>\n<\/ul>\n\n\n\n<p><strong>\u00cen plan profesional, candidatul Stroe a ocupat urm\u0103toarele func\u021bii, conform <a href=\"https:\/\/gov.ro\/fisiere\/ministri_fisiere\/CV_-_IONUT_STROE.pdf\">CV-ului<\/a> \u0219i <a href=\"https:\/\/ionutstroe.ro\/\">paginii personale<\/a>:<\/strong><\/p>\n\n\n\n<ul class=\"wp-block-list\">\n<li>Purt\u0103torul de Cuv\u00e2nt al PNL;<\/li>\n\n\n\n<li>Pre\u0219edinte PNL Sector 4, din 2023, p\u00e2n\u0103 \u00een prezent;<\/li>\n\n\n\n<li>Membru al Adun\u0103rii Parlamentare a Consiliului Europei, \u00eencep\u00e2nd cu 2021;<\/li>\n\n\n\n<li>Ministrul Tineretului \u0219i Sportului, \u00een perioada noiembrie 2019 &#8211; noiembrie 2021;<\/li>\n\n\n\n<li>Membru al delega\u021biei Parlamentului Rom\u00e2niei \u00een Consiliul Europei, \u00eentre aprilie 2009 \u0219i noiembrie 2019;<\/li>\n\n\n\n<li>Vicepre\u0219edinte al Adun\u0103rii Parlamentare a Consiliului Europei, \u00een perioada martie 2013 &#8211; ianuarie 2014;<\/li>\n\n\n\n<li>Deputat PNL, \u00eencep\u00e2nd cu 2008;<\/li>\n\n\n\n<li>Director al Autorit\u0103\u021bii Na\u021bionale pentru Tinere, \u00eentre 2007 \u0219i 2009;<\/li>\n\n\n\n<li>Director al Direc\u021biei Jude\u021bene pentru Tineret Dolj, \u00een perioada 2005-2007;<\/li>\n\n\n\n<li>Consilier municipal \u00een Craiova, din decembrie 2004, p\u00e2n\u0103 \u00een decembrie 2008;<\/li>\n\n\n\n<li>Reprezentat tehnic pe v\u00e2nz\u0103ri la Societatea Na\u021bional\u0103 Radiocomunica\u021bii SA, \u00eentre 2004 \u0219i 2005;<\/li>\n\n\n\n<li>Programator \u0219i coordonator de marketing \u0219i publicitate pentru SC SecureNet SRL.<\/li>\n<\/ul>\n\n\n\n<p><strong>Averea purt\u0103torului de cuv\u00e2nt al PNL, conform <a href=\"https:\/\/old-declaratii.integritate.eu\/DownloadServlet?fileName=14676313_2378748_a.pdf&amp;uniqueIdentifier=NTNTARTLNE_14676313\">declara\u021biei de avere din 2023<\/a>:&nbsp;<\/strong><\/p>\n\n\n\n<ul class=\"wp-block-list\">\n<li>Nu de\u021bine imobile sau ma\u0219ini;<\/li>\n\n\n\n<li>Conturi \u0219i depozite bancare de peste 200.000 de euro:<\/li>\n<\/ul>\n\n\n\n<figure class=\"wp-block-gallery has-nested-images columns-1 is-cropped wp-block-gallery-3 is-layout-flex wp-block-gallery-is-layout-flex\">\n<figure class=\"wp-block-image size-large\"><a href=\"https:\/\/buletin.de\/bucuresti\/wp-content\/uploads\/conturi-ionut-stroe-1.png\"><img loading=\"lazy\" decoding=\"async\" width=\"873\" height=\"477\" data-id=\"105931\" src=\"data:image\/gif;base64,R0lGODlhAQABAAAAACH5BAEKAAEALAAAAAABAAEAAAICTAEAOw==\" data-src=\"https:\/\/buletin.de\/bucuresti\/wp-content\/uploads\/conturi-ionut-stroe-1.png\" alt=\"Parlamentare Bucure\u0219ti. Declara\u021bia de avere a lui Ionu\u021b Stroe\" class=\"wp-image-105931 lazyload\" data-sizes=\"auto\" data-srcset=\"https:\/\/buletin.de\/bucuresti\/wp-content\/uploads\/conturi-ionut-stroe-1.png 873w, https:\/\/buletin.de\/bucuresti\/wp-content\/uploads\/conturi-ionut-stroe-1-300x164.png 300w, https:\/\/buletin.de\/bucuresti\/wp-content\/uploads\/conturi-ionut-stroe-1-768x420.png 768w, https:\/\/buletin.de\/bucuresti\/wp-content\/uploads\/conturi-ionut-stroe-1-600x328.png 600w, https:\/\/buletin.de\/bucuresti\/wp-content\/uploads\/conturi-ionut-stroe-1-20x11.png 20w\" sizes=\"(max-width: 873px) 100vw, 873px\" \/><\/a><figcaption class=\"wp-element-caption\">Parlamentare Bucure\u0219ti. Declara\u021bia de avere a lui Ionu\u021b Stroe<\/figcaption><\/figure>\n\n\n\n<figure class=\"wp-block-image size-large\"><a href=\"https:\/\/buletin.de\/bucuresti\/wp-content\/uploads\/conturi-ionut-stroe-2.png\"><img loading=\"lazy\" decoding=\"async\" width=\"862\" height=\"296\" data-id=\"105930\" src=\"data:image\/gif;base64,R0lGODlhAQABAAAAACH5BAEKAAEALAAAAAABAAEAAAICTAEAOw==\" data-src=\"https:\/\/buletin.de\/bucuresti\/wp-content\/uploads\/conturi-ionut-stroe-2.png\" alt=\"\" class=\"wp-image-105930 lazyload\" data-sizes=\"auto\" data-srcset=\"https:\/\/buletin.de\/bucuresti\/wp-content\/uploads\/conturi-ionut-stroe-2.png 862w, https:\/\/buletin.de\/bucuresti\/wp-content\/uploads\/conturi-ionut-stroe-2-300x103.png 300w, https:\/\/buletin.de\/bucuresti\/wp-content\/uploads\/conturi-ionut-stroe-2-768x264.png 768w, https:\/\/buletin.de\/bucuresti\/wp-content\/uploads\/conturi-ionut-stroe-2-600x206.png 600w, https:\/\/buletin.de\/bucuresti\/wp-content\/uploads\/conturi-ionut-stroe-2-20x7.png 20w\" sizes=\"(max-width: 862px) 100vw, 862px\" \/><\/a><\/figure>\n<\/figure>\n\n\n\n<ul class=\"wp-block-list\">\n<li>Un credit bancar de aproape 42.000 de euro, deschis \u00een 2017 \u0219i scadent \u00een 2040;<\/li>\n\n\n\n<li>Daruri de nunt\u0103 \u00een valoare de aproape 250.000 de euro;<\/li>\n\n\n\n<li>Venituri anuale ale so\u021bilor Stroe de peste 86.000 de euro:<\/li>\n<\/ul>\n\n\n\n<figure class=\"wp-block-gallery has-nested-images columns-1 is-cropped wp-block-gallery-4 is-layout-flex wp-block-gallery-is-layout-flex\">\n<figure class=\"wp-block-image size-large\"><a href=\"https:\/\/buletin.de\/bucuresti\/wp-content\/uploads\/venituri-ionut-stroe-1.png\"><img loading=\"lazy\" decoding=\"async\" width=\"867\" height=\"315\" data-id=\"105935\" src=\"data:image\/gif;base64,R0lGODlhAQABAAAAACH5BAEKAAEALAAAAAABAAEAAAICTAEAOw==\" data-src=\"https:\/\/buletin.de\/bucuresti\/wp-content\/uploads\/venituri-ionut-stroe-1.png\" alt=\"\" class=\"wp-image-105935 lazyload\" data-sizes=\"auto\" data-srcset=\"https:\/\/buletin.de\/bucuresti\/wp-content\/uploads\/venituri-ionut-stroe-1.png 867w, https:\/\/buletin.de\/bucuresti\/wp-content\/uploads\/venituri-ionut-stroe-1-300x109.png 300w, https:\/\/buletin.de\/bucuresti\/wp-content\/uploads\/venituri-ionut-stroe-1-768x279.png 768w, https:\/\/buletin.de\/bucuresti\/wp-content\/uploads\/venituri-ionut-stroe-1-600x218.png 600w, https:\/\/buletin.de\/bucuresti\/wp-content\/uploads\/venituri-ionut-stroe-1-20x7.png 20w\" sizes=\"(max-width: 867px) 100vw, 867px\" \/><\/a><\/figure>\n\n\n\n<figure class=\"wp-block-image size-large\"><a href=\"https:\/\/buletin.de\/bucuresti\/wp-content\/uploads\/venituri-ionut-stroe-2.png\"><img loading=\"lazy\" decoding=\"async\" width=\"870\" height=\"70\" data-id=\"105934\" src=\"data:image\/gif;base64,R0lGODlhAQABAAAAACH5BAEKAAEALAAAAAABAAEAAAICTAEAOw==\" data-src=\"https:\/\/buletin.de\/bucuresti\/wp-content\/uploads\/venituri-ionut-stroe-2.png\" alt=\"\" class=\"wp-image-105934 lazyload\" data-sizes=\"auto\" data-srcset=\"https:\/\/buletin.de\/bucuresti\/wp-content\/uploads\/venituri-ionut-stroe-2.png 870w, https:\/\/buletin.de\/bucuresti\/wp-content\/uploads\/venituri-ionut-stroe-2-300x24.png 300w, https:\/\/buletin.de\/bucuresti\/wp-content\/uploads\/venituri-ionut-stroe-2-768x62.png 768w, https:\/\/buletin.de\/bucuresti\/wp-content\/uploads\/venituri-ionut-stroe-2-600x48.png 600w, https:\/\/buletin.de\/bucuresti\/wp-content\/uploads\/venituri-ionut-stroe-2-20x2.png 20w\" sizes=\"(max-width: 870px) 100vw, 870px\" \/><\/a><\/figure>\n<\/figure>\n\n\n\n<p>Din <a href=\"https:\/\/old-declaratii.integritate.eu\/DownloadServlet?fileName=13589048_2381051_a.pdf&amp;uniqueIdentifier=NTNTARTLNE_13589048\">declara\u021bia de interese<\/a> a candidatului Stroe reies urm\u0103toarele ac\u021biuni:<\/p>\n\n\n\n<ul class=\"wp-block-list\">\n<li>Prim-vicepre\u0219edinte al PNL filiala Dolj;<\/li>\n\n\n\n<li>Secretar General Adjunct al PNL.&nbsp;<\/li>\n<\/ul>\n\n\n\n<h2 class=\"wp-block-heading\" id=\"h-sorin-mihai-cimpeanu-prima-pozi\u021bie-pentru-locurile-din-senat-din-partea-pnl\"><strong>Sorin Mihai C\u00eempeanu, prima pozi\u021bie pentru locurile din Senat, din partea PNL<\/strong><\/h2>\n\n\n\n<figure class=\"wp-block-image size-large\"><a href=\"https:\/\/buletin.de\/bucuresti\/wp-content\/uploads\/Sorin-Mihai-Cimpeanu.jpg\"><img loading=\"lazy\" decoding=\"async\" width=\"900\" height=\"600\" src=\"data:image\/gif;base64,R0lGODlhAQABAAAAACH5BAEKAAEALAAAAAABAAEAAAICTAEAOw==\" data-src=\"https:\/\/buletin.de\/bucuresti\/wp-content\/uploads\/Sorin-Mihai-Cimpeanu-900x600.jpg\" alt=\"Sorin Mihai C\u00eempeanu a fost nevoit s\u0103 demisioneze din func\u021bia de ministru al Educa\u021biei, dup\u0103 o acuza\u021bie de plagiat\" class=\"wp-image-105936 lazyload\" data-sizes=\"auto\" data-srcset=\"https:\/\/buletin.de\/bucuresti\/wp-content\/uploads\/Sorin-Mihai-Cimpeanu-900x600.jpg 900w, https:\/\/buletin.de\/bucuresti\/wp-content\/uploads\/Sorin-Mihai-Cimpeanu-300x200.jpg 300w, https:\/\/buletin.de\/bucuresti\/wp-content\/uploads\/Sorin-Mihai-Cimpeanu-768x512.jpg 768w, https:\/\/buletin.de\/bucuresti\/wp-content\/uploads\/Sorin-Mihai-Cimpeanu-600x400.jpg 600w, https:\/\/buletin.de\/bucuresti\/wp-content\/uploads\/Sorin-Mihai-Cimpeanu-20x13.jpg 20w, https:\/\/buletin.de\/bucuresti\/wp-content\/uploads\/Sorin-Mihai-Cimpeanu.jpg 1024w\" sizes=\"(max-width: 900px) 100vw, 900px\" \/><\/a><figcaption class=\"wp-element-caption\">Sorin Mihai C\u00eempeanu a fost nevoit s\u0103 demisioneze din func\u021bia de ministru al Educa\u021biei, dup\u0103 o acuza\u021bie de plagiat<\/figcaption><\/figure>\n\n\n\n<p>S-a n\u0103scut pe 18 aprilie, 1968, \u00een Bucure\u0219ti. \u0218i este c\u0103s\u0103torit cu Carmen Laura C\u00eempeanu.<\/p>\n\n\n\n<p><strong>Cel mai recent<a href=\"https:\/\/www.cdep.ro\/camera_deputatilor\/deputati\/cv\/6462.pdf\" target=\"_blank\" rel=\"noreferrer noopener\"> CV al fostului ministru al Educa\u021biei, publicat pe site-ul Camerei Deputa\u021bilor<\/a>, prezint\u0103 activitatea lui profesional\u0103:<\/strong><\/p>\n\n\n\n<ul class=\"wp-block-list\">\n<li>Ministrul Educa\u021biei, \u00eentre 2020 \u0219i 2022 \u0219i <a href=\"https:\/\/buletin.de\/bucuresti\/sorin-cimpeanu-a-demisionat-a-anuntat-decizia-pe-facebook-dar-nu-si-motivul\/\" target=\"_blank\" rel=\"noreferrer noopener\">a demisionat din func\u021bie \u00een urma scandalului de plagiat, dezv\u0103luit de jurnalista Emilia \u0218ercan<\/a>;<\/li>\n\n\n\n<li>Pre\u0219edinte al Agen\u021biei Universitare a Francofoniei, din mai 2017, p\u00e2n\u0103 \u00een prezent;<\/li>\n\n\n\n<li>Senator PNL, din 2020, p\u00e2n\u0103 \u00een prezent;<\/li>\n\n\n\n<li>Deputat, \u00een perioada decembrie 2016 &#8211; 2020;<\/li>\n\n\n\n<li>Pre\u0219edintele Comisiei pentru \u00eenv\u0103\u021b\u0103m\u00e2nt, \u0219tiin\u021b\u0103, tineret \u0219i sport, \u00eencep\u00e2nd cu septembrie 2019;<\/li>\n\n\n\n<li>Rectorul Universit\u0103\u021bii de \u0218tiin\u021be Agronomice \u0219i Medicin\u0103 Veterinar\u0103 din Bucure\u0219ti \u00een perioadele martie 2012 &#8211; decembrie 2014 \u0219i noiembrie 2015 &#8211; p\u00e2n\u0103 \u00een prezent;<\/li>\n\n\n\n<li>Pre\u0219edintele Consiliului Na\u021bional al Rectorilor din Rom\u00e2nia, \u00een perioadele iulie 2013 &#8211; decembrie 2014 \u0219i din noiembrie 2015, p\u00e2n\u0103 \u00een prezent;<\/li>\n\n\n\n<li>Prim-ministru interimar \u00eentre 5 \u0219i 17 noiembrie 2015;<\/li>\n\n\n\n<li>Viceprim-ministru, ministru al Afacerilor Interne, interimar, \u00eentre 9 \u0219i 17 noiembrie 2015;<\/li>\n\n\n\n<li>Ministrul Educa\u021biei \u0219i Cercet\u0103rii \u0218tiin\u021bifice, \u00een perioada decembrie 2014 \u0219i noiembrie 2015;<\/li>\n\n\n\n<li>Pre\u0219edintele Consor\u021biului Universit\u0103\u021bilor de \u0218tiin\u021be Agricole \u0219i Medicin\u0103 Veterinar\u0103, \u00een perioadele 2013-2014 \u0219i 2019-2020;<\/li>\n\n\n\n<li>Secretar General al Consiliului Na\u021bional de Atestare a Titlurilor, Diplomelor \u0219i Certificatelor Universitare (CNATDCU), \u00eentre octombrie 2012 \u0219i decembrie 2014;<\/li>\n\n\n\n<li>Pre\u0219edintele Comisiei IRVA, din CNATDCU, \u00een perioadele septembrie 2012 &#8211; decembrie 2014 \u0219i noiembrie 2015 &#8211; iunie 2016;<\/li>\n\n\n\n<li>Membru \u00een Comisia IRVA, din CNATDCU, \u00eencep\u00e2nd cu aprilie 2011 \u0219i p\u00e2n\u0103 \u00een septembrie 2012;<\/li>\n\n\n\n<li>Decanul Facult\u0103\u021bii de \u00cembun\u0103t\u0103\u021biri Funciare \u0219i Ingineria Mediului, Universitatea de \u0218tiin\u021be Agronomice \u0219i Medicin\u0103 Veterinar\u0103 din Bucure\u0219ti, \u00eentre 2008 \u0219i 2012;<\/li>\n\n\n\n<li>Prodecan la aceea\u0219i facultate, din 2004, p\u00e2n\u0103 \u00een 2008;<\/li>\n\n\n\n<li>Reprezentant \u00een Rom\u00e2nia al Irrifrance, \u00eentre 2005 \u0219i 2008;<\/li>\n\n\n\n<li>Vicepre\u0219edintele Centrului de Biochimie Aplicat\u0103 \u0219i Biotehnologie Bucure\u0219ti (BIOTEHNOL), din 2003 \u0219i p\u00e2n\u0103 \u00een 2012;<\/li>\n\n\n\n<li>Expert coordonator al Agen\u021biei Na\u021bionale&nbsp; pentru Parteneriatul universit\u0103\u021bilor cu mediul economico-social (APART), \u00een Ministerul Educa\u021biei \u0219i Cercet\u0103rii, \u00eentre 2003 \u0219i 2004;<\/li>\n\n\n\n<li>Expert coordonator al Centrului Na\u0163ional pentru Programul de Formare Profesional\u0103 \u201eLeonardo da Vinci\u201d, tot \u00een Ministerul Educa\u021biei, \u00een perioada 2003 &#8211; 2003;<\/li>\n\n\n\n<li>Coordonator la Centrul Experimental l Peri\u0219 \u2013 Ilfov, Universitatea de \u0218tiin\u021be Agronomice \u0219i Medicin\u0103 Veterinar\u0103 din Bucure\u0219ti, Facultatea de \u00cembun\u0103t\u0103\u021biri Funciare \u0219i Ingineria Mediului, \u00eentre anii 1992 \u0219i 1999;<\/li>\n\n\n\n<li>Inginer proiectant la Institutul de Studii \u0219i Proiect\u0103ri pentru \u00cembun\u0103t\u0103\u021biri Funciare (ISPIF), \u00een perioada 1991 &#8211; 1992.<\/li>\n<\/ul>\n\n\n\n<p><strong>Parcursul academic al lui Sorin C\u00eempeanu:<\/strong><\/p>\n\n\n\n<ul class=\"wp-block-list\">\n<li>\u0218i-a luat diploma de doctorat, \u00een anul 2000, de la Universitatea de \u0218tiin\u021be Agronomice \u0219i Medicin\u0103 Veterinar\u0103 din Bucure\u0219ti, Facultatea de \u00cembun\u0103t\u0103\u021biri Funciare \u0219i Ingineria Mediului;<\/li>\n\n\n\n<li>A ob\u021binut diploma de inginer de la aceea\u0219i facultate, \u00een anul 1991;<\/li>\n\n\n\n<li>A urmat cursurile Colegiului Na\u021bional \u201eSf. Sava\u201d, \u00eentre 1982 \u0219i 1986.<\/li>\n<\/ul>\n\n\n\n<p><strong>Averea fostului ministru, \u00een conformitate cu <a href=\"https:\/\/www.senat.ro\/Declaratii\/Senatori\/2020\/a.cimpeanu.sorin.mihai.12.06.2024.pdf\" target=\"_blank\" rel=\"noreferrer noopener\">documentul oficial de pe site-ul Senatului, completat \u00een 2024<\/a>:<\/strong><\/p>\n\n\n\n<ul class=\"wp-block-list\">\n<li>Un teren intravilan \u00een Otopeni, cu o suprafa\u021b\u0103 de 1.479 de metri p\u0103tra\u021bi, cump\u0103rat \u00eempreun\u0103 cu so\u021bia lui \u00een 2013;<\/li>\n\n\n\n<li>Un apartament \u00een Bucure\u0219ti, de 72 de metri p\u0103tra\u021bi, cump\u0103rat al\u0103turi de so\u021bie, \u00een 2008;<\/li>\n\n\n\n<li>O cas\u0103 \u00een Otopeni, de 486 de metri p\u0103tra\u021bi, construit\u0103 de cei doi so\u021bi, \u00een 2019;<\/li>\n\n\n\n<li>Dou\u0103 apartamente \u00een Bucure\u0219ti, cu suprafe\u021be de 64 \u0219i 49 de metri p\u0103tra\u021bi, mo\u0219tenite de candidat \u00een 2023;<\/li>\n\n\n\n<li>Trei ma\u0219ini, m\u0103rcile Dacia, Fiat \u0219i BMW, cump\u0103rate \u00een 1980, 1973 \u0219i 2013;<\/li>\n\n\n\n<li>Dona\u021bii pentru diverse achizi\u021bii, \u00een valoare de peste 190.000 de euro:<\/li>\n<\/ul>\n\n\n\n<figure class=\"wp-block-image size-full\"><a href=\"https:\/\/buletin.de\/bucuresti\/wp-content\/uploads\/donatii-sorin-cimpeanu.png\"><img loading=\"lazy\" decoding=\"async\" width=\"887\" height=\"530\" src=\"data:image\/gif;base64,R0lGODlhAQABAAAAACH5BAEKAAEALAAAAAABAAEAAAICTAEAOw==\" data-src=\"https:\/\/buletin.de\/bucuresti\/wp-content\/uploads\/donatii-sorin-cimpeanu.png\" alt=\"Parlamentare Bucure\u0219ti.  Declara\u021bia de avere a lui Sorin C\u00e2mpeanu\" class=\"wp-image-105937 lazyload\" data-sizes=\"auto\" data-srcset=\"https:\/\/buletin.de\/bucuresti\/wp-content\/uploads\/donatii-sorin-cimpeanu.png 887w, https:\/\/buletin.de\/bucuresti\/wp-content\/uploads\/donatii-sorin-cimpeanu-300x179.png 300w, https:\/\/buletin.de\/bucuresti\/wp-content\/uploads\/donatii-sorin-cimpeanu-768x459.png 768w, https:\/\/buletin.de\/bucuresti\/wp-content\/uploads\/donatii-sorin-cimpeanu-600x359.png 600w, https:\/\/buletin.de\/bucuresti\/wp-content\/uploads\/donatii-sorin-cimpeanu-20x12.png 20w\" sizes=\"(max-width: 887px) 100vw, 887px\" \/><\/a><figcaption class=\"wp-element-caption\">Parlamentare Bucure\u0219ti.  Declara\u021bia de avere a lui Sorin C\u00e2mpeanu<\/figcaption><\/figure>\n\n\n\n<ul class=\"wp-block-list\">\n<li>Conturi \u0219i depozite bancare \u00een valoare de peste 109.000 de euro:<\/li>\n<\/ul>\n\n\n\n<figure class=\"wp-block-image size-full\"><a href=\"https:\/\/buletin.de\/bucuresti\/wp-content\/uploads\/conturi-sorin-cimpeanu.png\"><img loading=\"lazy\" decoding=\"async\" width=\"562\" height=\"745\" src=\"data:image\/gif;base64,R0lGODlhAQABAAAAACH5BAEKAAEALAAAAAABAAEAAAICTAEAOw==\" data-src=\"https:\/\/buletin.de\/bucuresti\/wp-content\/uploads\/conturi-sorin-cimpeanu.png\" alt=\"Parlamentare Bucure\u0219ti\" class=\"wp-image-105938 lazyload\" data-sizes=\"auto\" data-srcset=\"https:\/\/buletin.de\/bucuresti\/wp-content\/uploads\/conturi-sorin-cimpeanu.png 562w, https:\/\/buletin.de\/bucuresti\/wp-content\/uploads\/conturi-sorin-cimpeanu-226x300.png 226w, https:\/\/buletin.de\/bucuresti\/wp-content\/uploads\/conturi-sorin-cimpeanu-20x27.png 20w\" sizes=\"(max-width: 562px) 100vw, 562px\" \/><\/a><\/figure>\n\n\n\n<ul class=\"wp-block-list\">\n<li>Un \u00eemprumut de 8.000 de euro, acordat \u00een nume personal, lui Radu C\u0103t\u0103lin;<\/li>\n\n\n\n<li>Trei \u00eemprumuturi bancare de la BCR, care \u00eempreun\u0103 \u00eensumeaz\u0103 peste 18.000 de euro, deschise \u00een 2024 \u0219i scadente \u00een 2025;<\/li>\n\n\n\n<li>Venituri anuale ale celor doi so\u021bi C\u00eempeanu \u00een valoare de peste 270.000 de euro:<\/li>\n<\/ul>\n\n\n\n<figure class=\"wp-block-gallery has-nested-images columns-1 is-cropped wp-block-gallery-5 is-layout-flex wp-block-gallery-is-layout-flex\">\n<figure class=\"wp-block-image size-large\"><a href=\"https:\/\/buletin.de\/bucuresti\/wp-content\/uploads\/venituri-sorin-cimpeanu-1.png\"><img loading=\"lazy\" decoding=\"async\" width=\"696\" height=\"665\" data-id=\"105940\" src=\"data:image\/gif;base64,R0lGODlhAQABAAAAACH5BAEKAAEALAAAAAABAAEAAAICTAEAOw==\" data-src=\"https:\/\/buletin.de\/bucuresti\/wp-content\/uploads\/venituri-sorin-cimpeanu-1.png\" alt=\"Parlamentare Bucure\u0219ti\" class=\"wp-image-105940 lazyload\" data-sizes=\"auto\" data-srcset=\"https:\/\/buletin.de\/bucuresti\/wp-content\/uploads\/venituri-sorin-cimpeanu-1.png 696w, https:\/\/buletin.de\/bucuresti\/wp-content\/uploads\/venituri-sorin-cimpeanu-1-300x287.png 300w, https:\/\/buletin.de\/bucuresti\/wp-content\/uploads\/venituri-sorin-cimpeanu-1-24x24.png 24w, https:\/\/buletin.de\/bucuresti\/wp-content\/uploads\/venituri-sorin-cimpeanu-1-600x573.png 600w, https:\/\/buletin.de\/bucuresti\/wp-content\/uploads\/venituri-sorin-cimpeanu-1-20x19.png 20w\" sizes=\"(max-width: 696px) 100vw, 696px\" \/><\/a><\/figure>\n\n\n\n<figure class=\"wp-block-image size-large\"><a href=\"https:\/\/buletin.de\/bucuresti\/wp-content\/uploads\/venituri-sorin-cimpeanu-2.png\"><img loading=\"lazy\" decoding=\"async\" width=\"695\" height=\"175\" data-id=\"105939\" src=\"data:image\/gif;base64,R0lGODlhAQABAAAAACH5BAEKAAEALAAAAAABAAEAAAICTAEAOw==\" data-src=\"https:\/\/buletin.de\/bucuresti\/wp-content\/uploads\/venituri-sorin-cimpeanu-2.png\" alt=\"Parlamentare Bucure\u0219ti\" class=\"wp-image-105939 lazyload\" data-sizes=\"auto\" data-srcset=\"https:\/\/buletin.de\/bucuresti\/wp-content\/uploads\/venituri-sorin-cimpeanu-2.png 695w, https:\/\/buletin.de\/bucuresti\/wp-content\/uploads\/venituri-sorin-cimpeanu-2-300x76.png 300w, https:\/\/buletin.de\/bucuresti\/wp-content\/uploads\/venituri-sorin-cimpeanu-2-600x151.png 600w, https:\/\/buletin.de\/bucuresti\/wp-content\/uploads\/venituri-sorin-cimpeanu-2-20x5.png 20w\" sizes=\"(max-width: 695px) 100vw, 695px\" \/><\/a><\/figure>\n<\/figure>\n\n\n\n<p><strong>\u00cen urma consult\u0103rii <a href=\"https:\/\/usamv.ro\/site-vechi\/images\/Informatii_publice\/declaratii_avere\/2024\/CIMPEANU_SORIN_MIHAI.pdf\">declara\u021biei de interese, completat\u0103 \u00een 2024<\/a>, reies urm\u0103toarele ac\u021biuni ale fostului ministru:<\/strong><\/p>\n\n\n\n<ul class=\"wp-block-list\">\n<li>Ac\u021bionat la SC ITM AMIRO SA, cu o investi\u021bie de 1.000 de lei;<\/li>\n\n\n\n<li>Membru al Asocia\u021biei Black Sea Regional Project;<\/li>\n\n\n\n<li>Membru al Funda\u021biei pentru Debirocratizarea Rom\u00e2niei;<\/li>\n\n\n\n<li>Pre\u0219edintele Consiliului Na\u021bional al Rectorilor;<\/li>\n\n\n\n<li>Pre\u0219edintele Agen\u021biei Universitare a Francofoniei;<\/li>\n\n\n\n<li>Membru titular al Academiei de \u0218tiin\u021be Tehnice din Rom\u00e2nia;<\/li>\n\n\n\n<li>Membru titular al Academiei de \u0218tiin\u021be Agricole \u0219i Silvice Gheorghe Ionescu Sise\u0219ti;<\/li>\n\n\n\n<li>Membru al Asocia\u021biei MLNR;<\/li>\n\n\n\n<li>Vicepre\u0219edintele PNL.<\/li>\n<\/ul>\n\n\n\n<h2 class=\"wp-block-heading\" id=\"h-parlamentare-bucure\u0219ti-monica-cristina-anisie-a-doua-pe-lista-candida\u021bilor-pentru-senat-a-pnl\">Parlamentare Bucure\u0219ti. <strong>Monica-Cristina Anisie, a doua pe lista candida\u021bilor pentru Senat a PNL<\/strong><\/h2>\n\n\n\n<figure class=\"wp-block-image size-large\"><a href=\"https:\/\/buletin.de\/bucuresti\/wp-content\/uploads\/Monica-Anisie.jpg\"><img loading=\"lazy\" decoding=\"async\" width=\"900\" height=\"589\" src=\"data:image\/gif;base64,R0lGODlhAQABAAAAACH5BAEKAAEALAAAAAABAAEAAAICTAEAOw==\" data-src=\"https:\/\/buletin.de\/bucuresti\/wp-content\/uploads\/Monica-Anisie-900x589.jpg\" alt=\"Parlamentare Bucure\u0219ti. Monica Cristina Anisie a fost, de asemenea, ministru al Educa\u021biei.\" class=\"wp-image-105941 lazyload\" data-sizes=\"auto\" data-srcset=\"https:\/\/buletin.de\/bucuresti\/wp-content\/uploads\/Monica-Anisie-900x589.jpg 900w, https:\/\/buletin.de\/bucuresti\/wp-content\/uploads\/Monica-Anisie-300x196.jpg 300w, https:\/\/buletin.de\/bucuresti\/wp-content\/uploads\/Monica-Anisie-768x502.jpg 768w, https:\/\/buletin.de\/bucuresti\/wp-content\/uploads\/Monica-Anisie-1100x720.jpg 1100w, https:\/\/buletin.de\/bucuresti\/wp-content\/uploads\/Monica-Anisie-600x393.jpg 600w, https:\/\/buletin.de\/bucuresti\/wp-content\/uploads\/Monica-Anisie-20x13.jpg 20w, https:\/\/buletin.de\/bucuresti\/wp-content\/uploads\/Monica-Anisie.jpg 1290w\" sizes=\"(max-width: 900px) 100vw, 900px\" \/><\/a><figcaption class=\"wp-element-caption\">Parlamentare Bucure\u0219ti. Monica Cristina Anisie a fost, de asemenea, ministru al Educa\u021biei.<\/figcaption><\/figure>\n\n\n\n<p>S-a n\u0103scut pe 19 iulie 1973 \u0219i este c\u0103s\u0103torit\u0103 cu Adrian Anisie.<\/p>\n\n\n\n<p><strong>Din <a href=\"https:\/\/gov.ro\/fisiere\/ministri_fisiere\/CV_-_MONICA_CRISTINA_ANISIE.pdf\">cel mai recent CV al candidatei PNL<\/a> pentru locurile din Senat reiese parcursul profesional:<\/strong><\/p>\n\n\n\n<ul class=\"wp-block-list\">\n<li>Pre\u0219edintele PNL Sector 2, \u00eencep\u00e2nd din iulie 2021;<\/li>\n\n\n\n<li>Senator PNL, din 2020, p\u00e2n\u0103 \u00een prezent;<\/li>\n\n\n\n<li>Ministru al Educa\u021biei, \u00een perioada noiembrie 2019 &#8211; decembrie 2020;<\/li>\n\n\n\n<li>Profesor Titular la Colegiul Na\u021bional de Informatic\u0103 \u201eTudor Vianu\u201d, \u00eencep\u00e2nd cu anul 2011;<\/li>\n\n\n\n<li>Consilier \u00een Parlament, din februarie 2018, p\u00e2n\u0103 \u00een noiembrie 2019;<\/li>\n\n\n\n<li>Consilier \u00een Departamentul de Educa\u0163ie \u015fi Cercetare al Administra\u021biei Preziden\u021biale, \u00een perioada noiembrie 2017 &#8211; ianuarie 2018;<\/li>\n\n\n\n<li>Director al Direc\u021biei de Inspec\u021bie \u0218colar\u0103, \u00een Ministerul Educa\u021biei, \u00eentre ianuarie \u0219i noiembrie 2017;<\/li>\n\n\n\n<li>Secretar de stat \u00een Ministerul Educa\u021biei \u0219i Cercet\u0103rii \u0218tiin\u021bifice, \u00een perioada februarie 2016 &#8211; ianuarie 2017;<\/li>\n\n\n\n<li>Director al Direc\u021biei de Inspec\u021bie \u0218colar\u0103 \u00een Ministerul Educa\u021biei, \u00eentre februarie 2014 \u0219i februarie 2016;<\/li>\n\n\n\n<li>Consilier \u00een Departamentul de Educa\u021bie \u0219i Cercetare al Administra\u021biei Preziden\u021biale, \u00eentre noiembrie 2012 \u0219i februarie 2014;<\/li>\n\n\n\n<li>Secretar General Adjunct \u00een Ministerul Educa\u021biei, \u00eentre anii 2011 \u0219i 2012;<\/li>\n\n\n\n<li>Inspector \u015ecolar General Adjunct, \u00eentre 2009 \u0219i 2011;<\/li>\n\n\n\n<li>Membru \u00een comisiile de lucru ale MECI, \u00een perioada 2008-2009;<\/li>\n\n\n\n<li>Membru \u00een consiliul consultativ al ISMB, \u00eentre 2007 \u0219i 2009;<\/li>\n\n\n\n<li>Profesor metodist, delegat al ISMB, \u00een perioada 2007-2009;<\/li>\n\n\n\n<li>Responsabil al comisiei metodice de limb\u0103 \u015fi literatur\u0103 rom\u00e2n\u0103, \u00een cadrul Inspectoratului \u0218colar al Municipiului Bucure\u0219ti, \u00eentre 2005 \u0219i 2009;<\/li>\n\n\n\n<li>Consilier \u015fcolar cu rang de director adjunct, \u00eentre 2001 \u0219i 2005;<\/li>\n\n\n\n<li>Profesor titular la \u015ecoala nr. 56, din 2000, p\u00e2n\u0103 \u00een 2011;<\/li>\n\n\n\n<li>Profesor la \u0218coala nr. 111 \u201eGeorge Bacovia\u201d, \u00een perioada 1996 &#8211; 1999;<\/li>\n\n\n\n<li>Profesor la Liceul \u201eNichita St\u0103nescu\u201d, \u00eentre anii 1995 \u0219i 1996;<\/li>\n\n\n\n<li>Profesor la \u015ecoala nr. 72, \u00een perioada 1994-1995;<\/li>\n\n\n\n<li>Formator CCD la Casa Corpului Didactic Bucure\u015fti, \u00eencep\u00e2nd cu anul 2011.<\/li>\n<\/ul>\n\n\n\n<p><strong>Educa\u021bia Monic\u0103i Anisie, potrivit aceluia\u0219i document:<\/strong><\/p>\n\n\n\n<ul class=\"wp-block-list\">\n<li>A ob\u021binut diploma de masterat de la Facultatea de \u0218tiin\u021be Politice, Sociologie \u0219i Rela\u021bii Interna\u021bionale a SNSPA, \u00een anul 2009;<\/li>\n\n\n\n<li>A dob\u00e2ndit diploma de masterat \u00een management educa\u021bional, tot de la SNSPA, \u00een anul 2008;<\/li>\n\n\n\n<li>A ob\u021binut gradele didactice I, II, definitiv, la disciplinele limba \u0219i literatura rom\u00e2n\u0103 \u0219i psihologie, de la Facultatea de Litere a Universit\u0103\u021bii din Bucure\u0219ti (UB), \u00een anul 2007;<\/li>\n\n\n\n<li>A urmat cursurile Facult\u0103\u021bii de Limbi \u0219i Literaturi Str\u0103ine ale UB, \u00een perioada 1988 &#8211; 1992, de unde \u0219i-a ob\u021binut \u0219i diploma de licen\u021b\u0103;<\/li>\n\n\n\n<li>A terminat Liceul \u201eGheorghe \u0218incai\u201d \u00een 1992.&nbsp;<\/li>\n<\/ul>\n\n\n\n<p><strong>Bunurile pe care le de\u021bine Monica Anisie, conform <a href=\"https:\/\/www.senat.ro\/Declaratii\/Senatori\/2020\/a.anisie.monica.cristina.07.06.2023.pdf\">declara\u021biei de avere de pe site-ul Senatului, completat\u0103 anul trecut<\/a>:<\/strong><\/p>\n\n\n\n<ul class=\"wp-block-list\">\n<li>Un teren intravilan \u00een Ilfov, localitatea Vidra, cu o suprafa\u021b\u0103 de 1.035 de metri p\u0103tra\u021bi, primit drept dona\u021bie \u00een 2009;<\/li>\n\n\n\n<li>Un teren agricol \u00een Vidra, de 10.000 de metri p\u0103tra\u021bi, mo\u0219tenit \u00een 2010;<\/li>\n\n\n\n<li>Un teren \u00een Prahova, localitatea Valea Doftanei, de 738 de metri p\u0103tra\u021bi, cump\u0103rat al\u0103turi de so\u021bul ei, Adrian Anisie, \u00een 2020;<\/li>\n\n\n\n<li>Un teren intravilan \u00een Valea Doftanei, de 52 de metri p\u0103tra\u021bi, cump\u0103rat de so\u021bii Anisie \u00een 2020;<\/li>\n\n\n\n<li>Un apartament \u00een Bucure\u0219ti, de 57 de metri p\u0103tra\u021bi, cump\u0103rat de cei doi so\u021bi \u00een anul 2006;<\/li>\n\n\n\n<li>O cas\u0103 de vacan\u021b\u0103, cu o suprafa\u021b\u0103 de 214 metri p\u0103tra\u021bi, construit\u0103 de so\u021bii Anisie \u00een 2014;<\/li>\n\n\n\n<li>Trei ma\u0219ini, m\u0103rcile Hyundai Elantra, Ford Ecosport \u0219i Kia Sportage, cump\u0103rate \u00een 2005, 2018 \u0219i, respectiv 2017;<\/li>\n\n\n\n<li>Un cont bancar deschis la Banca Transilvania \u00een 2014, \u00een care a depozitat peste 7.700 de euro;<\/li>\n\n\n\n<li>Trei \u00eemprumuturi bancare, iar \u00eensumat ele valoreaz\u0103 peste 36.000 de euro:<\/li>\n<\/ul>\n\n\n\n<figure class=\"wp-block-image size-full\"><a href=\"https:\/\/buletin.de\/bucuresti\/wp-content\/uploads\/imprumuturi-monica-anisie.png\"><img loading=\"lazy\" decoding=\"async\" width=\"883\" height=\"170\" src=\"data:image\/gif;base64,R0lGODlhAQABAAAAACH5BAEKAAEALAAAAAABAAEAAAICTAEAOw==\" data-src=\"https:\/\/buletin.de\/bucuresti\/wp-content\/uploads\/imprumuturi-monica-anisie.png\" alt=\"Parlamentare Bucure\u0219ti\" class=\"wp-image-105942 lazyload\" data-sizes=\"auto\" data-srcset=\"https:\/\/buletin.de\/bucuresti\/wp-content\/uploads\/imprumuturi-monica-anisie.png 883w, https:\/\/buletin.de\/bucuresti\/wp-content\/uploads\/imprumuturi-monica-anisie-300x58.png 300w, https:\/\/buletin.de\/bucuresti\/wp-content\/uploads\/imprumuturi-monica-anisie-768x148.png 768w, https:\/\/buletin.de\/bucuresti\/wp-content\/uploads\/imprumuturi-monica-anisie-600x116.png 600w, https:\/\/buletin.de\/bucuresti\/wp-content\/uploads\/imprumuturi-monica-anisie-20x4.png 20w\" sizes=\"(max-width: 883px) 100vw, 883px\" \/><\/a><\/figure>\n\n\n\n<ul class=\"wp-block-list\">\n<li>Veniturile anuale ale celor doi so\u021bi dep\u0103\u0219esc 103.000 de euro:<\/li>\n<\/ul>\n\n\n\n<figure class=\"wp-block-gallery has-nested-images columns-1 is-cropped wp-block-gallery-6 is-layout-flex wp-block-gallery-is-layout-flex\">\n<figure class=\"wp-block-image size-large\"><a href=\"https:\/\/buletin.de\/bucuresti\/wp-content\/uploads\/venituri-monica-anisie-1.png\"><img loading=\"lazy\" decoding=\"async\" width=\"655\" height=\"603\" data-id=\"105945\" src=\"data:image\/gif;base64,R0lGODlhAQABAAAAACH5BAEKAAEALAAAAAABAAEAAAICTAEAOw==\" data-src=\"https:\/\/buletin.de\/bucuresti\/wp-content\/uploads\/venituri-monica-anisie-1.png\" alt=\"Parlamentare Bucure\u0219ti.  Declara\u021bia de avere a Monic\u0103i Anisie\" class=\"wp-image-105945 lazyload\" data-sizes=\"auto\" data-srcset=\"https:\/\/buletin.de\/bucuresti\/wp-content\/uploads\/venituri-monica-anisie-1.png 655w, https:\/\/buletin.de\/bucuresti\/wp-content\/uploads\/venituri-monica-anisie-1-300x276.png 300w, https:\/\/buletin.de\/bucuresti\/wp-content\/uploads\/venituri-monica-anisie-1-600x552.png 600w, https:\/\/buletin.de\/bucuresti\/wp-content\/uploads\/venituri-monica-anisie-1-20x18.png 20w\" sizes=\"(max-width: 655px) 100vw, 655px\" \/><\/a><figcaption class=\"wp-element-caption\">Parlamentare Bucure\u0219ti.  Declara\u021bia de avere a Monic\u0103i Anisie<\/figcaption><\/figure>\n\n\n\n<figure class=\"wp-block-image size-large\"><a href=\"https:\/\/buletin.de\/bucuresti\/wp-content\/uploads\/venituri-monica-anisie-2.png\"><img loading=\"lazy\" decoding=\"async\" width=\"655\" height=\"119\" data-id=\"105944\" src=\"data:image\/gif;base64,R0lGODlhAQABAAAAACH5BAEKAAEALAAAAAABAAEAAAICTAEAOw==\" data-src=\"https:\/\/buletin.de\/bucuresti\/wp-content\/uploads\/venituri-monica-anisie-2.png\" alt=\"Parlamentare Bucure\u0219ti\" class=\"wp-image-105944 lazyload\" data-sizes=\"auto\" data-srcset=\"https:\/\/buletin.de\/bucuresti\/wp-content\/uploads\/venituri-monica-anisie-2.png 655w, https:\/\/buletin.de\/bucuresti\/wp-content\/uploads\/venituri-monica-anisie-2-300x55.png 300w, https:\/\/buletin.de\/bucuresti\/wp-content\/uploads\/venituri-monica-anisie-2-600x109.png 600w, https:\/\/buletin.de\/bucuresti\/wp-content\/uploads\/venituri-monica-anisie-2-20x4.png 20w\" sizes=\"(max-width: 655px) 100vw, 655px\" \/><\/a><\/figure>\n\n\n\n<figure class=\"wp-block-image size-large\"><a href=\"https:\/\/buletin.de\/bucuresti\/wp-content\/uploads\/venituri-monica-anisie-3.png\"><img loading=\"lazy\" decoding=\"async\" width=\"657\" height=\"237\" data-id=\"105946\" src=\"data:image\/gif;base64,R0lGODlhAQABAAAAACH5BAEKAAEALAAAAAABAAEAAAICTAEAOw==\" data-src=\"https:\/\/buletin.de\/bucuresti\/wp-content\/uploads\/venituri-monica-anisie-3.png\" alt=\"Parlamentare Bucure\u0219ti\" class=\"wp-image-105946 lazyload\" data-sizes=\"auto\" data-srcset=\"https:\/\/buletin.de\/bucuresti\/wp-content\/uploads\/venituri-monica-anisie-3.png 657w, https:\/\/buletin.de\/bucuresti\/wp-content\/uploads\/venituri-monica-anisie-3-300x108.png 300w, https:\/\/buletin.de\/bucuresti\/wp-content\/uploads\/venituri-monica-anisie-3-600x216.png 600w, https:\/\/buletin.de\/bucuresti\/wp-content\/uploads\/venituri-monica-anisie-3-20x7.png 20w\" sizes=\"(max-width: 657px) 100vw, 657px\" \/><\/a><\/figure>\n<\/figure>\n\n\n\n<p><strong>Ac\u021biunile candidatei Monica Anisie, conform <a href=\"https:\/\/www.senat.ro\/Declaratii\/Senatori\/2020\/i.anisie.monica.cristina.21.05.2024.pdf\">declara\u021biei de interese din anul curent<\/a>:<\/strong><\/p>\n\n\n\n<ul class=\"wp-block-list\">\n<li>Membr\u0103 a Asocia\u021biei Europene a Profesorilor;<\/li>\n\n\n\n<li>Membr\u0103 a Asocia\u021biei Educa\u021bie la puterea 2;<\/li>\n\n\n\n<li>Pre\u0219edintele PNL Sector 2;<\/li>\n\n\n\n<li>Vicepre\u0219edintele PNL.<\/li>\n<\/ul>\n\n\n\n<p><\/p>\n","protected":false},"excerpt":{"rendered":"<p>Parlamentare Bucure\u0219ti. Un total de 23 de partide \u0219i alian\u021be au depus liste de candida\u021bi pentru alegerile parlamentare, \u00een circumscrip\u021bia aferent\u0103 Capitalei. PNL propune 54 de candida\u021bi eligibili pentru scrutinul care va avea loc pe 1 decembrie: 37 pentru Camera Deputa\u021bilor \u0219i 17 pentru Senat. Listele sunt deschise de Sebastian Burduja, liderul PNL Bucure\u0219ti, care [&hellip;]<\/p>\n","protected":false},"author":58,"featured_media":105962,"comment_status":"closed","ping_status":"open","sticky":false,"template":"","format":"standard","meta":{"_acf_changed":false,"inline_featured_image":false,"ngg_post_thumbnail":0,"footnotes":""},"categories":[6994,5762,9025],"tags":[4413,14866,2063,16555,14830,762,1180],"ppma_author":[22581],"class_list":["post-105916","post","type-post","status-publish","format-standard","has-post-thumbnail","hentry","category-stiri-2","category-main","category-politic","tag-alegeri-2024","tag-alegeri-parlamentare-2024","tag-bucuresti-2","tag-camera-deputatilor-2","tag-candidat-bucuresti","tag-pnl","tag-senat"],"acf":[],"yoast_head":"<!-- This site is optimized with the Yoast SEO Premium plugin v25.3 (Yoast SEO v27.4) - https:\/\/yoast.com\/product\/yoast-seo-premium-wordpress\/ -->\n<title>Parlamentare Bucure\u0219ti | PNL iese \u00een fa\u021b\u0103 cu Sebastian Burduja, Andrei Baciu, fost pre\u0219edinte CNAS, cercetat de DNA, \u0219i doi fo\u0219ti mini\u0219tri ai Educa\u021biei - Buletin de Bucure\u0219ti<\/title>\n<meta name=\"description\" content=\"Parlamentare Bucure\u0219ti. Un total de 23 de partide \u0219i alian\u021be au depus liste de candida\u021bi pentru alegerile parlamentare.\" \/>\n<meta name=\"robots\" content=\"index, follow, max-snippet:-1, max-image-preview:large, max-video-preview:-1\" \/>\n<link rel=\"canonical\" href=\"https:\/\/buletin.de\/bucuresti\/parlamentare-bucuresti-pnl-iese-in-fata-cu-sebastian-burduja-andrei-baciu-fost-presedinte-cnas-cercetat-de-dna-si-doi-fosti-ministri-ai-educatiei\/\" \/>\n<meta property=\"og:locale\" content=\"en_GB\" \/>\n<meta property=\"og:type\" content=\"article\" \/>\n<meta property=\"og:title\" content=\"Parlamentare Bucure\u0219ti | PNL iese \u00een fa\u021b\u0103 cu Sebastian Burduja, Andrei Baciu, fost pre\u0219edinte CNAS, cercetat de DNA, \u0219i doi fo\u0219ti mini\u0219tri ai Educa\u021biei\" \/>\n<meta property=\"og:description\" content=\"Parlamentare Bucure\u0219ti. Un total de 23 de partide \u0219i alian\u021be au depus liste de candida\u021bi pentru alegerile parlamentare.\" \/>\n<meta property=\"og:url\" content=\"https:\/\/buletin.de\/bucuresti\/parlamentare-bucuresti-pnl-iese-in-fata-cu-sebastian-burduja-andrei-baciu-fost-presedinte-cnas-cercetat-de-dna-si-doi-fosti-ministri-ai-educatiei\/\" \/>\n<meta property=\"og:site_name\" content=\"Buletin de Bucure\u0219ti\" \/>\n<meta property=\"article:publisher\" content=\"https:\/\/www.facebook.com\/buletin.de.buc\" \/>\n<meta property=\"article:published_time\" content=\"2024-11-13T09:51:40+00:00\" \/>\n<meta property=\"article:modified_time\" content=\"2024-11-18T09:19:42+00:00\" \/>\n<meta property=\"og:image\" content=\"https:\/\/buletin.de\/bucuresti\/wp-content\/uploads\/Untitled-design-6-2.png\" \/>\n\t<meta property=\"og:image:width\" content=\"1920\" \/>\n\t<meta property=\"og:image:height\" content=\"1080\" \/>\n\t<meta property=\"og:image:type\" content=\"image\/png\" \/>\n<meta name=\"author\" content=\"Ana Anghel-Dimache\" \/>\n<meta name=\"twitter:card\" content=\"summary_large_image\" \/>\n<meta name=\"twitter:label1\" content=\"Written by\" \/>\n\t<meta name=\"twitter:data1\" content=\"Ana Anghel-Dimache\" \/>\n\t<meta name=\"twitter:label2\" content=\"Estimated reading time\" \/>\n\t<meta name=\"twitter:data2\" content=\"19 minutes\" \/>\n<script type=\"application\/ld+json\" class=\"yoast-schema-graph\">{\"@context\":\"https:\\\/\\\/schema.org\",\"@graph\":[{\"@type\":\"Article\",\"@id\":\"https:\\\/\\\/buletin.de\\\/bucuresti\\\/parlamentare-bucuresti-pnl-iese-in-fata-cu-sebastian-burduja-andrei-baciu-fost-presedinte-cnas-cercetat-de-dna-si-doi-fosti-ministri-ai-educatiei\\\/#article\",\"isPartOf\":{\"@id\":\"https:\\\/\\\/buletin.de\\\/bucuresti\\\/parlamentare-bucuresti-pnl-iese-in-fata-cu-sebastian-burduja-andrei-baciu-fost-presedinte-cnas-cercetat-de-dna-si-doi-fosti-ministri-ai-educatiei\\\/\"},\"author\":{\"name\":\"Ana Anghel-Dimache\",\"@id\":\"https:\\\/\\\/buletin.de\\\/bucuresti\\\/#\\\/schema\\\/person\\\/359459245996e200ed7c807f71f0551a\"},\"headline\":\"Parlamentare Bucure\u0219ti | PNL iese \u00een fa\u021b\u0103 cu Sebastian Burduja, Andrei Baciu, fost pre\u0219edinte CNAS, cercetat de DNA, \u0219i doi fo\u0219ti mini\u0219tri ai Educa\u021biei\",\"datePublished\":\"2024-11-13T09:51:40+00:00\",\"dateModified\":\"2024-11-18T09:19:42+00:00\",\"mainEntityOfPage\":{\"@id\":\"https:\\\/\\\/buletin.de\\\/bucuresti\\\/parlamentare-bucuresti-pnl-iese-in-fata-cu-sebastian-burduja-andrei-baciu-fost-presedinte-cnas-cercetat-de-dna-si-doi-fosti-ministri-ai-educatiei\\\/\"},\"wordCount\":3247,\"publisher\":{\"@id\":\"https:\\\/\\\/buletin.de\\\/bucuresti\\\/#organization\"},\"image\":{\"@id\":\"https:\\\/\\\/buletin.de\\\/bucuresti\\\/parlamentare-bucuresti-pnl-iese-in-fata-cu-sebastian-burduja-andrei-baciu-fost-presedinte-cnas-cercetat-de-dna-si-doi-fosti-ministri-ai-educatiei\\\/#primaryimage\"},\"thumbnailUrl\":\"https:\\\/\\\/buletin.de\\\/bucuresti\\\/wp-content\\\/uploads\\\/Untitled-design-6-2.png\",\"keywords\":[\"alegeri 2024\",\"alegeri parlamentare 2024\",\"Bucure\u0219ti\",\"Camera Deputa\u021bilor\",\"candidat bucuresti\",\"PNL\",\"senat\"],\"articleSection\":[\"Articole\",\"Main\",\"Politic\"],\"inLanguage\":\"en-GB\",\"copyrightYear\":\"2024\",\"copyrightHolder\":{\"@id\":\"https:\\\/\\\/buletin.de\\\/bucuresti\\\/#organization\"}},{\"@type\":\"WebPage\",\"@id\":\"https:\\\/\\\/buletin.de\\\/bucuresti\\\/parlamentare-bucuresti-pnl-iese-in-fata-cu-sebastian-burduja-andrei-baciu-fost-presedinte-cnas-cercetat-de-dna-si-doi-fosti-ministri-ai-educatiei\\\/\",\"url\":\"https:\\\/\\\/buletin.de\\\/bucuresti\\\/parlamentare-bucuresti-pnl-iese-in-fata-cu-sebastian-burduja-andrei-baciu-fost-presedinte-cnas-cercetat-de-dna-si-doi-fosti-ministri-ai-educatiei\\\/\",\"name\":\"Parlamentare Bucure\u0219ti | PNL iese \u00een fa\u021b\u0103 cu Sebastian Burduja, Andrei Baciu, fost pre\u0219edinte CNAS, cercetat de DNA, \u0219i doi fo\u0219ti mini\u0219tri ai Educa\u021biei - Buletin de Bucure\u0219ti\",\"isPartOf\":{\"@id\":\"https:\\\/\\\/buletin.de\\\/bucuresti\\\/#website\"},\"primaryImageOfPage\":{\"@id\":\"https:\\\/\\\/buletin.de\\\/bucuresti\\\/parlamentare-bucuresti-pnl-iese-in-fata-cu-sebastian-burduja-andrei-baciu-fost-presedinte-cnas-cercetat-de-dna-si-doi-fosti-ministri-ai-educatiei\\\/#primaryimage\"},\"image\":{\"@id\":\"https:\\\/\\\/buletin.de\\\/bucuresti\\\/parlamentare-bucuresti-pnl-iese-in-fata-cu-sebastian-burduja-andrei-baciu-fost-presedinte-cnas-cercetat-de-dna-si-doi-fosti-ministri-ai-educatiei\\\/#primaryimage\"},\"thumbnailUrl\":\"https:\\\/\\\/buletin.de\\\/bucuresti\\\/wp-content\\\/uploads\\\/Untitled-design-6-2.png\",\"datePublished\":\"2024-11-13T09:51:40+00:00\",\"dateModified\":\"2024-11-18T09:19:42+00:00\",\"description\":\"Parlamentare Bucure\u0219ti. Un total de 23 de partide \u0219i alian\u021be au depus liste de candida\u021bi pentru alegerile parlamentare.\",\"breadcrumb\":{\"@id\":\"https:\\\/\\\/buletin.de\\\/bucuresti\\\/parlamentare-bucuresti-pnl-iese-in-fata-cu-sebastian-burduja-andrei-baciu-fost-presedinte-cnas-cercetat-de-dna-si-doi-fosti-ministri-ai-educatiei\\\/#breadcrumb\"},\"inLanguage\":\"en-GB\",\"potentialAction\":[{\"@type\":\"ReadAction\",\"target\":[\"https:\\\/\\\/buletin.de\\\/bucuresti\\\/parlamentare-bucuresti-pnl-iese-in-fata-cu-sebastian-burduja-andrei-baciu-fost-presedinte-cnas-cercetat-de-dna-si-doi-fosti-ministri-ai-educatiei\\\/\"]}]},{\"@type\":\"ImageObject\",\"inLanguage\":\"en-GB\",\"@id\":\"https:\\\/\\\/buletin.de\\\/bucuresti\\\/parlamentare-bucuresti-pnl-iese-in-fata-cu-sebastian-burduja-andrei-baciu-fost-presedinte-cnas-cercetat-de-dna-si-doi-fosti-ministri-ai-educatiei\\\/#primaryimage\",\"url\":\"https:\\\/\\\/buletin.de\\\/bucuresti\\\/wp-content\\\/uploads\\\/Untitled-design-6-2.png\",\"contentUrl\":\"https:\\\/\\\/buletin.de\\\/bucuresti\\\/wp-content\\\/uploads\\\/Untitled-design-6-2.png\",\"width\":1920,\"height\":1080,\"caption\":\"Parlamentare Bucure\u0219ti, candida\u021bii PNL. Foto: C\u0103t\u0103lin Anghel-Dimache\"},{\"@type\":\"BreadcrumbList\",\"@id\":\"https:\\\/\\\/buletin.de\\\/bucuresti\\\/parlamentare-bucuresti-pnl-iese-in-fata-cu-sebastian-burduja-andrei-baciu-fost-presedinte-cnas-cercetat-de-dna-si-doi-fosti-ministri-ai-educatiei\\\/#breadcrumb\",\"itemListElement\":[{\"@type\":\"ListItem\",\"position\":1,\"name\":\"Acas\u0103\",\"item\":\"https:\\\/\\\/buletin.de\\\/bucuresti\\\/\"},{\"@type\":\"ListItem\",\"position\":2,\"name\":\"Parlamentare Bucure\u0219ti | PNL iese \u00een fa\u021b\u0103 cu Sebastian Burduja, Andrei Baciu, fost pre\u0219edinte CNAS, cercetat de DNA, \u0219i doi fo\u0219ti mini\u0219tri ai Educa\u021biei\"}]},{\"@type\":\"WebSite\",\"@id\":\"https:\\\/\\\/buletin.de\\\/bucuresti\\\/#website\",\"url\":\"https:\\\/\\\/buletin.de\\\/bucuresti\\\/\",\"name\":\"Buletin de Bucure\u0219ti\",\"description\":\"\u0218tiri \u0219i investiga\u021bii esen\u021biale din capital\u0103\",\"publisher\":{\"@id\":\"https:\\\/\\\/buletin.de\\\/bucuresti\\\/#organization\"},\"potentialAction\":[{\"@type\":\"SearchAction\",\"target\":{\"@type\":\"EntryPoint\",\"urlTemplate\":\"https:\\\/\\\/buletin.de\\\/bucuresti\\\/?s={search_term_string}\"},\"query-input\":{\"@type\":\"PropertyValueSpecification\",\"valueRequired\":true,\"valueName\":\"search_term_string\"}}],\"inLanguage\":\"en-GB\"},{\"@type\":\"Organization\",\"@id\":\"https:\\\/\\\/buletin.de\\\/bucuresti\\\/#organization\",\"name\":\"Buletin de Bucure\u0219ti\",\"url\":\"https:\\\/\\\/buletin.de\\\/bucuresti\\\/\",\"logo\":{\"@type\":\"ImageObject\",\"inLanguage\":\"en-GB\",\"@id\":\"https:\\\/\\\/buletin.de\\\/bucuresti\\\/#\\\/schema\\\/logo\\\/image\\\/\",\"url\":\"https:\\\/\\\/buletin.de\\\/bucuresti\\\/wp-content\\\/uploads\\\/logo-bdb-full-wide-vernil-transparent.png\",\"contentUrl\":\"https:\\\/\\\/buletin.de\\\/bucuresti\\\/wp-content\\\/uploads\\\/logo-bdb-full-wide-vernil-transparent.png\",\"width\":1782,\"height\":626,\"caption\":\"Buletin de Bucure\u0219ti\"},\"image\":{\"@id\":\"https:\\\/\\\/buletin.de\\\/bucuresti\\\/#\\\/schema\\\/logo\\\/image\\\/\"},\"sameAs\":[\"https:\\\/\\\/www.facebook.com\\\/buletin.de.buc\",\"https:\\\/\\\/www.instagram.com\\\/buletinde.bucuresti\\\/\"]},{\"@type\":\"Person\",\"@id\":\"https:\\\/\\\/buletin.de\\\/bucuresti\\\/#\\\/schema\\\/person\\\/359459245996e200ed7c807f71f0551a\",\"name\":\"Ana Anghel-Dimache\",\"image\":{\"@type\":\"ImageObject\",\"inLanguage\":\"en-GB\",\"@id\":\"https:\\\/\\\/buletin.de\\\/bucuresti\\\/wp-content\\\/uploads\\\/Ana-Anghel-Dimache-96x96.jpg861145fc2c4f1fe57dc81b59a6cfb674\",\"url\":\"https:\\\/\\\/buletin.de\\\/bucuresti\\\/wp-content\\\/uploads\\\/Ana-Anghel-Dimache-96x96.jpg\",\"contentUrl\":\"https:\\\/\\\/buletin.de\\\/bucuresti\\\/wp-content\\\/uploads\\\/Ana-Anghel-Dimache-96x96.jpg\",\"caption\":\"Ana Anghel-Dimache\"},\"description\":\"Sunt student\u0103 la jurnalism \u0219i m-am n\u0103scut \u00een Bucure\u0219ti, ora\u0219 plin de pove\u0219ti care merit\u0103 explorate. \u00cemi place s\u0103 scriu despre subiecte politice, de mediu \u0219i legate de transportul din Capital\u0103. \u00cencerc s\u0103 pictez o imagine c\u00e2t mai sincer\u0103 a realit\u0103\u021bii \u0219i sus\u021bin presa independent\u0103 pentru c\u0103 este esen\u021bial s\u0103 pot reda faptele \u00een formele lor adev\u0103rate.\",\"url\":\"https:\\\/\\\/buletin.de\\\/bucuresti\\\/author\\\/ana-dimache\\\/\"}]}<\/script>\n<!-- \/ Yoast SEO Premium plugin. -->","yoast_head_json":{"title":"Parlamentare Bucure\u0219ti | PNL iese \u00een fa\u021b\u0103 cu Sebastian Burduja, Andrei Baciu, fost pre\u0219edinte CNAS, cercetat de DNA, \u0219i doi fo\u0219ti mini\u0219tri ai Educa\u021biei - Buletin de Bucure\u0219ti","description":"Parlamentare Bucure\u0219ti. Un total de 23 de partide \u0219i alian\u021be au depus liste de candida\u021bi pentru alegerile parlamentare.","robots":{"index":"index","follow":"follow","max-snippet":"max-snippet:-1","max-image-preview":"max-image-preview:large","max-video-preview":"max-video-preview:-1"},"canonical":"https:\/\/buletin.de\/bucuresti\/parlamentare-bucuresti-pnl-iese-in-fata-cu-sebastian-burduja-andrei-baciu-fost-presedinte-cnas-cercetat-de-dna-si-doi-fosti-ministri-ai-educatiei\/","og_locale":"en_GB","og_type":"article","og_title":"Parlamentare Bucure\u0219ti | PNL iese \u00een fa\u021b\u0103 cu Sebastian Burduja, Andrei Baciu, fost pre\u0219edinte CNAS, cercetat de DNA, \u0219i doi fo\u0219ti mini\u0219tri ai Educa\u021biei","og_description":"Parlamentare Bucure\u0219ti. Un total de 23 de partide \u0219i alian\u021be au depus liste de candida\u021bi pentru alegerile parlamentare.","og_url":"https:\/\/buletin.de\/bucuresti\/parlamentare-bucuresti-pnl-iese-in-fata-cu-sebastian-burduja-andrei-baciu-fost-presedinte-cnas-cercetat-de-dna-si-doi-fosti-ministri-ai-educatiei\/","og_site_name":"Buletin de Bucure\u0219ti","article_publisher":"https:\/\/www.facebook.com\/buletin.de.buc","article_published_time":"2024-11-13T09:51:40+00:00","article_modified_time":"2024-11-18T09:19:42+00:00","og_image":[{"width":1920,"height":1080,"url":"https:\/\/buletin.de\/bucuresti\/wp-content\/uploads\/Untitled-design-6-2.png","type":"image\/png"}],"author":"Ana Anghel-Dimache","twitter_card":"summary_large_image","twitter_misc":{"Written by":"Ana Anghel-Dimache","Estimated reading time":"19 minutes"},"schema":{"@context":"https:\/\/schema.org","@graph":[{"@type":"Article","@id":"https:\/\/buletin.de\/bucuresti\/parlamentare-bucuresti-pnl-iese-in-fata-cu-sebastian-burduja-andrei-baciu-fost-presedinte-cnas-cercetat-de-dna-si-doi-fosti-ministri-ai-educatiei\/#article","isPartOf":{"@id":"https:\/\/buletin.de\/bucuresti\/parlamentare-bucuresti-pnl-iese-in-fata-cu-sebastian-burduja-andrei-baciu-fost-presedinte-cnas-cercetat-de-dna-si-doi-fosti-ministri-ai-educatiei\/"},"author":{"name":"Ana Anghel-Dimache","@id":"https:\/\/buletin.de\/bucuresti\/#\/schema\/person\/359459245996e200ed7c807f71f0551a"},"headline":"Parlamentare Bucure\u0219ti | PNL iese \u00een fa\u021b\u0103 cu Sebastian Burduja, Andrei Baciu, fost pre\u0219edinte CNAS, cercetat de DNA, \u0219i doi fo\u0219ti mini\u0219tri ai Educa\u021biei","datePublished":"2024-11-13T09:51:40+00:00","dateModified":"2024-11-18T09:19:42+00:00","mainEntityOfPage":{"@id":"https:\/\/buletin.de\/bucuresti\/parlamentare-bucuresti-pnl-iese-in-fata-cu-sebastian-burduja-andrei-baciu-fost-presedinte-cnas-cercetat-de-dna-si-doi-fosti-ministri-ai-educatiei\/"},"wordCount":3247,"publisher":{"@id":"https:\/\/buletin.de\/bucuresti\/#organization"},"image":{"@id":"https:\/\/buletin.de\/bucuresti\/parlamentare-bucuresti-pnl-iese-in-fata-cu-sebastian-burduja-andrei-baciu-fost-presedinte-cnas-cercetat-de-dna-si-doi-fosti-ministri-ai-educatiei\/#primaryimage"},"thumbnailUrl":"https:\/\/buletin.de\/bucuresti\/wp-content\/uploads\/Untitled-design-6-2.png","keywords":["alegeri 2024","alegeri parlamentare 2024","Bucure\u0219ti","Camera Deputa\u021bilor","candidat bucuresti","PNL","senat"],"articleSection":["Articole","Main","Politic"],"inLanguage":"en-GB","copyrightYear":"2024","copyrightHolder":{"@id":"https:\/\/buletin.de\/bucuresti\/#organization"}},{"@type":"WebPage","@id":"https:\/\/buletin.de\/bucuresti\/parlamentare-bucuresti-pnl-iese-in-fata-cu-sebastian-burduja-andrei-baciu-fost-presedinte-cnas-cercetat-de-dna-si-doi-fosti-ministri-ai-educatiei\/","url":"https:\/\/buletin.de\/bucuresti\/parlamentare-bucuresti-pnl-iese-in-fata-cu-sebastian-burduja-andrei-baciu-fost-presedinte-cnas-cercetat-de-dna-si-doi-fosti-ministri-ai-educatiei\/","name":"Parlamentare Bucure\u0219ti | PNL iese \u00een fa\u021b\u0103 cu Sebastian Burduja, Andrei Baciu, fost pre\u0219edinte CNAS, cercetat de DNA, \u0219i doi fo\u0219ti mini\u0219tri ai Educa\u021biei - Buletin de Bucure\u0219ti","isPartOf":{"@id":"https:\/\/buletin.de\/bucuresti\/#website"},"primaryImageOfPage":{"@id":"https:\/\/buletin.de\/bucuresti\/parlamentare-bucuresti-pnl-iese-in-fata-cu-sebastian-burduja-andrei-baciu-fost-presedinte-cnas-cercetat-de-dna-si-doi-fosti-ministri-ai-educatiei\/#primaryimage"},"image":{"@id":"https:\/\/buletin.de\/bucuresti\/parlamentare-bucuresti-pnl-iese-in-fata-cu-sebastian-burduja-andrei-baciu-fost-presedinte-cnas-cercetat-de-dna-si-doi-fosti-ministri-ai-educatiei\/#primaryimage"},"thumbnailUrl":"https:\/\/buletin.de\/bucuresti\/wp-content\/uploads\/Untitled-design-6-2.png","datePublished":"2024-11-13T09:51:40+00:00","dateModified":"2024-11-18T09:19:42+00:00","description":"Parlamentare Bucure\u0219ti. Un total de 23 de partide \u0219i alian\u021be au depus liste de candida\u021bi pentru alegerile parlamentare.","breadcrumb":{"@id":"https:\/\/buletin.de\/bucuresti\/parlamentare-bucuresti-pnl-iese-in-fata-cu-sebastian-burduja-andrei-baciu-fost-presedinte-cnas-cercetat-de-dna-si-doi-fosti-ministri-ai-educatiei\/#breadcrumb"},"inLanguage":"en-GB","potentialAction":[{"@type":"ReadAction","target":["https:\/\/buletin.de\/bucuresti\/parlamentare-bucuresti-pnl-iese-in-fata-cu-sebastian-burduja-andrei-baciu-fost-presedinte-cnas-cercetat-de-dna-si-doi-fosti-ministri-ai-educatiei\/"]}]},{"@type":"ImageObject","inLanguage":"en-GB","@id":"https:\/\/buletin.de\/bucuresti\/parlamentare-bucuresti-pnl-iese-in-fata-cu-sebastian-burduja-andrei-baciu-fost-presedinte-cnas-cercetat-de-dna-si-doi-fosti-ministri-ai-educatiei\/#primaryimage","url":"https:\/\/buletin.de\/bucuresti\/wp-content\/uploads\/Untitled-design-6-2.png","contentUrl":"https:\/\/buletin.de\/bucuresti\/wp-content\/uploads\/Untitled-design-6-2.png","width":1920,"height":1080,"caption":"Parlamentare Bucure\u0219ti, candida\u021bii PNL. Foto: C\u0103t\u0103lin Anghel-Dimache"},{"@type":"BreadcrumbList","@id":"https:\/\/buletin.de\/bucuresti\/parlamentare-bucuresti-pnl-iese-in-fata-cu-sebastian-burduja-andrei-baciu-fost-presedinte-cnas-cercetat-de-dna-si-doi-fosti-ministri-ai-educatiei\/#breadcrumb","itemListElement":[{"@type":"ListItem","position":1,"name":"Acas\u0103","item":"https:\/\/buletin.de\/bucuresti\/"},{"@type":"ListItem","position":2,"name":"Parlamentare Bucure\u0219ti | PNL iese \u00een fa\u021b\u0103 cu Sebastian Burduja, Andrei Baciu, fost pre\u0219edinte CNAS, cercetat de DNA, \u0219i doi fo\u0219ti mini\u0219tri ai Educa\u021biei"}]},{"@type":"WebSite","@id":"https:\/\/buletin.de\/bucuresti\/#website","url":"https:\/\/buletin.de\/bucuresti\/","name":"Buletin de Bucure\u0219ti","description":"\u0218tiri \u0219i investiga\u021bii esen\u021biale din capital\u0103","publisher":{"@id":"https:\/\/buletin.de\/bucuresti\/#organization"},"potentialAction":[{"@type":"SearchAction","target":{"@type":"EntryPoint","urlTemplate":"https:\/\/buletin.de\/bucuresti\/?s={search_term_string}"},"query-input":{"@type":"PropertyValueSpecification","valueRequired":true,"valueName":"search_term_string"}}],"inLanguage":"en-GB"},{"@type":"Organization","@id":"https:\/\/buletin.de\/bucuresti\/#organization","name":"Buletin de Bucure\u0219ti","url":"https:\/\/buletin.de\/bucuresti\/","logo":{"@type":"ImageObject","inLanguage":"en-GB","@id":"https:\/\/buletin.de\/bucuresti\/#\/schema\/logo\/image\/","url":"https:\/\/buletin.de\/bucuresti\/wp-content\/uploads\/logo-bdb-full-wide-vernil-transparent.png","contentUrl":"https:\/\/buletin.de\/bucuresti\/wp-content\/uploads\/logo-bdb-full-wide-vernil-transparent.png","width":1782,"height":626,"caption":"Buletin de Bucure\u0219ti"},"image":{"@id":"https:\/\/buletin.de\/bucuresti\/#\/schema\/logo\/image\/"},"sameAs":["https:\/\/www.facebook.com\/buletin.de.buc","https:\/\/www.instagram.com\/buletinde.bucuresti\/"]},{"@type":"Person","@id":"https:\/\/buletin.de\/bucuresti\/#\/schema\/person\/359459245996e200ed7c807f71f0551a","name":"Ana Anghel-Dimache","image":{"@type":"ImageObject","inLanguage":"en-GB","@id":"https:\/\/buletin.de\/bucuresti\/wp-content\/uploads\/Ana-Anghel-Dimache-96x96.jpg861145fc2c4f1fe57dc81b59a6cfb674","url":"https:\/\/buletin.de\/bucuresti\/wp-content\/uploads\/Ana-Anghel-Dimache-96x96.jpg","contentUrl":"https:\/\/buletin.de\/bucuresti\/wp-content\/uploads\/Ana-Anghel-Dimache-96x96.jpg","caption":"Ana Anghel-Dimache"},"description":"Sunt student\u0103 la jurnalism \u0219i m-am n\u0103scut \u00een Bucure\u0219ti, ora\u0219 plin de pove\u0219ti care merit\u0103 explorate. \u00cemi place s\u0103 scriu despre subiecte politice, de mediu \u0219i legate de transportul din Capital\u0103. \u00cencerc s\u0103 pictez o imagine c\u00e2t mai sincer\u0103 a realit\u0103\u021bii \u0219i sus\u021bin presa independent\u0103 pentru c\u0103 este esen\u021bial s\u0103 pot reda faptele \u00een formele lor adev\u0103rate.","url":"https:\/\/buletin.de\/bucuresti\/author\/ana-dimache\/"}]}},"authors":[{"term_id":22581,"user_id":58,"is_guest":0,"slug":"ana-dimache","display_name":"Ana Anghel-Dimache","avatar_url":"https:\/\/buletin.de\/bucuresti\/wp-content\/uploads\/Ana-Anghel-Dimache-96x96.jpg","0":null,"1":"","2":"","3":"","4":"","5":"","6":"","7":"","8":""}],"_links":{"self":[{"href":"https:\/\/buletin.de\/bucuresti\/wp-json\/wp\/v2\/posts\/105916","targetHints":{"allow":["GET"]}}],"collection":[{"href":"https:\/\/buletin.de\/bucuresti\/wp-json\/wp\/v2\/posts"}],"about":[{"href":"https:\/\/buletin.de\/bucuresti\/wp-json\/wp\/v2\/types\/post"}],"author":[{"embeddable":true,"href":"https:\/\/buletin.de\/bucuresti\/wp-json\/wp\/v2\/users\/58"}],"replies":[{"embeddable":true,"href":"https:\/\/buletin.de\/bucuresti\/wp-json\/wp\/v2\/comments?post=105916"}],"version-history":[{"count":5,"href":"https:\/\/buletin.de\/bucuresti\/wp-json\/wp\/v2\/posts\/105916\/revisions"}],"predecessor-version":[{"id":106854,"href":"https:\/\/buletin.de\/bucuresti\/wp-json\/wp\/v2\/posts\/105916\/revisions\/106854"}],"wp:featuredmedia":[{"embeddable":true,"href":"https:\/\/buletin.de\/bucuresti\/wp-json\/wp\/v2\/media\/105962"}],"wp:attachment":[{"href":"https:\/\/buletin.de\/bucuresti\/wp-json\/wp\/v2\/media?parent=105916"}],"wp:term":[{"taxonomy":"category","embeddable":true,"href":"https:\/\/buletin.de\/bucuresti\/wp-json\/wp\/v2\/categories?post=105916"},{"taxonomy":"post_tag","embeddable":true,"href":"https:\/\/buletin.de\/bucuresti\/wp-json\/wp\/v2\/tags?post=105916"},{"taxonomy":"author","embeddable":true,"href":"https:\/\/buletin.de\/bucuresti\/wp-json\/wp\/v2\/ppma_author?post=105916"}],"curies":[{"name":"wp","href":"https:\/\/api.w.org\/{rel}","templated":true}]}}