{"id":10577,"date":"2020-08-16T11:04:24","date_gmt":"2020-08-16T09:04:24","guid":{"rendered":"https:\/\/buletin.de\/bucuresti\/?p=10577"},"modified":"2023-09-19T15:29:27","modified_gmt":"2023-09-19T13:29:27","slug":"cronologia-unei-rafuieli-cu-epoleti-sau-cum-isi-saboteaza-seful-politiei-romane-subalternii-si-structurile-ca-sa-se-salveze","status":"publish","type":"post","link":"https:\/\/buletin.de\/bucuresti\/cronologia-unei-rafuieli-cu-epoleti-sau-cum-isi-saboteaza-seful-politiei-romane-subalternii-si-structurile-ca-sa-se-salveze\/","title":{"rendered":"Cronologia unei r\u0103fuieli cu epole\u021bi sau cum \u00ee\u0219i saboteaz\u0103 \u0219eful Poli\u021biei Rom\u00e2ne subalternii \u0219i structurile ca s\u0103 se salveze"},"content":{"rendered":"\n<p><\/p>\n\n\n\n<p><strong>\u00centreaga na\u021biune s-a uitat timp de 5 zile la televizor cum indivizi care dau bani cu cam\u0103t\u0103, pun taxe de protec\u021bie, fac \u00een\u0219elaciuni au fost p\u0103zi\u021bi cu poli\u021bia \u0219i jandarmeria la un priveghi faraonic. <\/strong><\/p>\n\n\n\n<p>\u00cen timp ce majoritatea s-a conformat regulilor, clanul a fost girat de conducerea Poli\u021biei \u0219i de cea a Jandarmeriei Rom\u00e2ne s\u0103 fac\u0103 ce vrea. \u0218i a f\u0103cut. Haide\u021bi s\u0103 vedem cum a ar\u0103tat povestea lui Emi Pian.  <\/p>\n\n\n\n<h2 class=\"wp-block-heading\"><strong>4 august<\/strong><\/h2>\n\n\n\n<p>Florin Mototolea, zis Emi Pian, moare \u00een urma unei r\u0103fuieli. \u0218eful Poli\u021biei Capitalei, comisarul \u0219ef Bogdan Berechet, iese la rampa declara\u021biilor: <\/p>\n\n\n\n<blockquote class=\"wp-block-quote is-layout-flow wp-block-quote-is-layout-flow\"><p>\u201eAsigur\u0103m cet\u0103\u021benii din Bucure\u0219ti c\u0103 situa\u021bia este sub control. Niciun cet\u0103\u021bean nu trebuie s\u0103 se simt\u0103 \u00een pericol. Suntem aici pentru siguran\u021ba dumneavoastr\u0103 \u0219i a familiilor dumneavoastr\u0103\u201d.<\/p><\/blockquote>\n\n\n\n<h2 class=\"wp-block-heading\"><strong>5 august<\/strong><\/h2>\n\n\n\n<p>Circul \u0219i neregulile au \u00eenceput chiar din ziua \u00een care co\u0219ciugul cu Emi Pian a fost adus acas\u0103. <\/p>\n\n\n\n<p>Cu mortul pe mas\u0103, sute de oameni, f\u0103r\u0103 m\u0103\u0219ti, f\u0103r\u0103 m\u0103nu\u0219i, \u00eengr\u0103m\u0103di\u021bi unii \u00een al\u021bii, au \u00eenceput s\u0103-\u0219i strige durerea \u0219i, de ce nu, s\u0103-\u0219i \u00eempart\u0103 viru\u0219ii, \u00eentr-o perioad\u0103 \u00een care adun\u0103rile \u00een spa\u021biile \u00eenchise nu-s recomandate, Din strad\u0103, se auzeau c\u00e2ntecele de jale ale maneli\u0219tilor, iar cine era curios s\u0103 vad\u0103 live ce se \u00eent\u00e2mpl\u0103 \u00een casa Duduienilor c\u0103uta un feed pe facebook. Toat\u0103 lumea pl\u00e2ngea \u0219i filma. De cealalt\u0103 parte, poli\u021bi\u0219tii erau \u0219i ei \u00een mijlocul unei ac\u021biuni de imagine. Zeci de ofi\u021beri opreau ma\u0219ini \u00een trafic \u0219i le perchezi\u021bionau. Captura? C\u00e2teva b\u00e2te \u0219i arme albe. A\u0219a se face c\u0103, \u00een seara de 5 august, Marcel Vela spune la un post TV c\u0103 s-au luat toate m\u0103surile, c\u0103 nu e \u00eembulzeal\u0103 la priveghi, c\u0103 se lupta cu Covidul. \u0218i insista c\u0103 s-au dat 30 de amenzi. A\u0219a d\u0103duse \u0219i poli\u021bia \u00eentr-un comunicat. Doar c\u0103 realitatea era alta. Facebook-ul era plin, iar Vela, cel care ne-a ordonat vie\u021bile cu ordonan\u021be militare, tocmai se f\u0103cuse de r\u00e2s. Imediat ce a \u00eenchis telefonul, \u00een miez de noapte, la casa mortului au ap\u0103rut dou\u0103 trupe de jandarmi, iar, a doua zi diminea\u021b\u0103, conducerea IGP \u00eencolona conducerea Poli\u021biei Capitalei la priveghi. \u00cen timp ce \u0219eful Poli\u021biei Capitalei d\u0103dea interviuri \u0219i spunea c\u0103 totul este sub control, ap\u0103reau informa\u021bii, pe surse, potrivit c\u0103rora Poli\u021bia \u0219tia de anul trecut c\u0103 mortul \u0219i ai lui d\u0103deau bani cu cam\u0103t\u0103 juc\u0103torilor de barbut \u0219i poker. Chiar Sec\u021bia 20 informase \u00een mai multe r\u00e2nduri c\u0103 are o problem\u0103. Iar informa\u021bia ajungea chiar la cei care se ocup\u0103 de clanuri \u00een Bucure\u0219ti: Serviciul Grup\u0103ri Infrac\u021bionale Violente. Problema nu era c\u0103 s-au omor\u00e2t unii, ci c\u0103 un conflict \u00eentre clanuri poate degenera oric\u00e2nd \u0219i pot fi r\u0103ni\u021bi oameni nevinova\u021bi.<\/p>\n\n\n\n<h2 class=\"wp-block-heading\"><strong>6 august<\/strong><\/h2>\n\n\n\n<p>\u00cen fa\u021ba casei lui Pian au ap\u0103rut \u0219eful Poli\u021biei Capitalei \u0219i unul dintre adjunc\u021bi. Au venit jandarmi, au \u00eenceput s\u0103 monteze garduri. Ca la un meci de fotbal. Au ap\u0103rut m\u0103\u0219ti, m\u0103nu\u0219i \u0219i dezinfectant \u00een poarta interlopilor. \u0218eful Poli\u021biei Rom\u00e2ne a trimis centrul mobil de comand\u0103 la fa\u021ba locului, iar \u0219eful de la Capital\u0103 a trimis \u0219i el unul. Adica singurele dou\u0103 ma\u0219ini dotate cu camere de luat vederi \u0219i echipament de comunica\u021bii pe care le are poli\u021bia. Ca s\u0103 fie siguri c\u0103 monitorizeaz\u0103 tot, au chemat \u0219i un elicopter. Asta pentru c\u0103 deun\u0103zi \u00eei certase Vela. Pe bun\u0103 dreptate. Ce nu \u0219tie Vela e c\u0103 bravii poli\u021bi\u0219ti, \u00een prima zi de priveghi, au p\u0103zit ei poarta principal\u0103. Dar nu s-au asigurat ca nu mai sunt \u0219i alte intr\u0103ri. Iar cei care au venit la priveghi au intrat \u0219i au ie\u0219it pe por\u021bile din spatele casei. Seara, pe la mai toate televizoarele, comisarul \u0219ef Berechet f\u0103cea live-uri din fa\u021ba por\u021bii lui Pian \u0219i spunea c\u0103 monitorizeaz\u0103 situa\u021bia cu centrul mobil de comand\u0103. <\/p>\n\n\n\n<h2 class=\"wp-block-heading\"><strong>7 august<\/strong><\/h2>\n\n\n\n<p>Lumea a intrat la priveghi ca pe stadion, pe culoarele f\u0103cute de jandarmi cu gardurile de la proteste. Principalul suspect, un membru al grup\u0103rii Rynu, este externat din spital \u0219i dus la audieri la Serviciul Omoruri. \u00cen aceea\u0219i zi este \u0219i re\u021binut \u0219i arestat pentru omor. Dar lumea nu s-a uitat la arestare. To\u021bi ochii au fost pe ministrul de Interne care, ca-ntr-un film din anii \u201980, ne zicea a\u0219a dintr-o parte&nbsp; a corpului: \u201cSuntem cu ochii pe voi!\u201d.<\/p>\n\n\n\n<h2 class=\"wp-block-heading\"><strong>8 august<\/strong><\/h2>\n\n\n\n<p>Diminea\u021b\u0103 ajunge \u00een fa\u021ba casei Duduienilor \u0219eful Poli\u021biei\nRom\u00e2ne. Surse apropiate lui, spun c\u0103 a venit mai devrene din concediu tocmai ca\ns\u0103 se asigure c\u0103 totul e sub control. <\/p>\n\n\n\n<h2 class=\"wp-block-heading\"><strong>9 august<\/strong><\/h2>\n\n\n\n<p>De\u0219i \u00eenmorm\u00e2ntarea era programat\u0103 pentru ora 14.00, familia mortului scoate co\u0219ciugul din cas\u0103 la primele ore ale dimine\u021bii. Nimeni nu \u00een\u021belege nimic. Apoi, pe surse apropiate familiei defunctului, apar informa\u021bii potrivit c\u0103rora decizia de mutare a orei ar fi venit \u00een urma unei \u00een\u021belegeri cu familia Duduianu. Un post TV spune cu subiect \u0219i predicat, cu nume \u0219i prenume, c\u0103 \u0219eful Poli\u021biei Rom\u00e2ne, \u0219eful Poli\u021biei Capitalei fuseser\u0103 \u00een acea diminea\u021b\u0103, la ora 2.30, s\u0103-i roage pe interlopi s\u0103 fac\u0103 \u00eenmorm\u00e2ntarea mai devreme. Informa\u021bia face \u00eenconjurul presei \u0219i te a\u0219teptai s\u0103 vin\u0103 o dezmin\u021bire. Nu vine nici un r\u00e2nd. Ba, mai mult, unul dintre lideri de sindicat, Dumitru Coarn\u0103, confirm\u0103 informa\u021bia la acela\u0219i post TV \u0219i insist\u0103 c\u0103 nu s-a negociat cu interlopii, ci li s-a impus. Poli\u021bi\u0219tii erau \u00een stare de \u0219oc, opinia public\u0103 dezgustat\u0103, iar Facebook-ul a \u00eenceput s\u0103 se umple de cele mai proaste glume cu mili\u021bieni. <\/p>\n\n\n\n<h2 class=\"wp-block-heading\"><strong>10 august<\/strong><\/h2>\n\n\n\n<p>\u00cen spa\u021biul public se viralizeaz\u0103 o scrisoare a unui fost lupt\u0103tor de la masca\u021bi. Omul \u00ee\u0219i striga revolta \u0219i scrie \u00een mai multe pagini cum poli\u021bia a ajuns firma de paz\u0103 a interlopilor. Sindicatul Europol, singurul care reac\u021bioneaz\u0103 \u00een tot acest circ, posteaz\u0103 o anecdot\u0103 pe facebook. La IGP, \u00een timpul unei videoconferin\u021be, chestorul Liviu Vasilescu se scandalizeaz\u0103 \u0219i pune \u0219i scrisoarea pe umerii Europol. Nu-i vine s\u0103 cread\u0103 c\u0103 poli\u021bi\u0219tii chiar sunt nemul\u021bumi\u021bi c\u0103 au f\u0103cut de paz\u0103 la interlopi. Ba chiar Centrul de Pres\u0103 al IGP d\u0103 \u0219i un comunicat prin care ceart\u0103 sindicatul. Seara, la acela\u0219i post TV care-l certase pe Vela \u0219i unde se f\u0103cuser\u0103 toate dezv\u0103luirile, intr\u0103 unul dintre fra\u021bii mortului, Vasile Duduianu, zis Gra\u021bian \u0219i recunoa\u0219te c\u0103 s-a \u00een\u021beles cu capii Poli\u021biei \u0219i c\u0103 le-a promis s\u0103 respecte legea.<\/p>\n\n\n\n<h2 class=\"wp-block-heading\"><strong>11 august<\/strong><\/h2>\n\n\n\n<p>Au trecut 48 de ore la acuza\u021biile lansate \u00een spa\u021biul public la adresa capilor Poli\u021biei. Nici o vorb\u0103 din partea lor. Cu o zi \u00een urm\u0103, \u0219eful Poli\u021biei \u00eei certa pe cei de la Europol \u00een comunicate de pres\u0103, dar despre informa\u021bia potrivit c\u0103reia ar fi dat m\u00e2na cu Duduienii nimic. Seara apare un zvon c\u0103 interlopii i-ar fi \u00eenregistrat.<\/p>\n\n\n\n<h2 class=\"wp-block-heading\"><strong>12 august<\/strong><\/h2>\n\n\n\n<p>Serviciul Omoruri rupe u\u0219ile Duduienilor. Sunt re\u021binu\u021bi 3 dintre ei, printre care \u0219i Gra\u021bian, cel despre care \u0219i Bogdan Berechet spunea, cu senin\u0103tate, c\u0103 s-a \u00eent\u00e2lnit anterior \u00eenmorm\u00e2nt\u0103rii. \u00cen timp ce la Omoruri se fac audieri, apare pe un site o scrisoare atribuit\u0103 poli\u021bi\u0219tilor de la Grup\u0103ri Infrac\u021bionale Violente, care se pl\u00e2ng c\u0103 nu sunt l\u0103sa\u021bi s\u0103-\u0219i fac\u0103 treaba. Adic\u0103 aia care ar fi trebuit sa cure\u021be Bucure\u0219tiul de interlopi se pl\u00e2ng \u00eentr-o foaie de faptul c\u0103 nu-i las\u0103 interlopii. <\/p>\n\n\n\n<p>Presa face rapid o conexiune \u00eentre negocierea lui Liviu Vasilescu cu Duduienii \u0219i strig\u0103tul de revolt\u0103 a celor de la SGIV \u0219i toate televizoarele explodeaz\u0103. Nu era nimeni pomenit cu nume \u0219i prenume \u00een scrisoare, a\u0219a c\u0103 toat\u0103 lumea a f\u0103cut o singur\u0103 leg\u0103tur\u0103: Liviu Vasilescu. Apare pe surse informa\u021bia potrivit c\u0103reia \u00eent\u00e2lnirea \u0219i negocierea au avut loc la o biseric\u0103. Potrivit unor surse, \u0218eful Poli\u021biei Capitalei, Bogdan Berechet, de m\u00e2n\u0103 cu \u0219eful Poli\u021biei Sector 5, au mers dup\u0103 miezul nop\u021bii la c\u0103p\u0103t\u00e2iul mortului, l-au extras pe unul dintre fra\u021bi, cel numit Elvis Pian, \u0219i l-au dus la o biseric\u0103, unde era a\u0219teptat de \u0219eful Poli\u021biei Rom\u00e2ne, chestorul Liviu Vasilescu. La IGP e haos. Nimeni nu \u0219tia de perchez\u021bii, nici m\u0103car \u0219eful Poli\u021biei Capitalei. Pe 12 august, la conferin\u021ba de pres\u0103, pre\u0219edintele Rom\u00e2niei este \u00eentrebat de sinistra \u00eent\u00e2lnire. R\u0103spunsul e halucinant: \u201c<em>Am discutat de dou\u0103 ori cu ministrul de Interne \u0219i cu \u0219eful Politiei, la MAI exist\u0103 o preocupare real\u0103, se organizeaz\u0103 \u0219i se iau m\u0103suri. \u00cens\u0103 nu trebuie s\u0103 ne a\u0219tept\u0103m s\u0103 se rezolve peste noapte aceste chestiuni<\/em>.\u201d<\/p>\n\n\n\n<h2 class=\"wp-block-heading\"><strong>13 august<\/strong><\/h2>\n\n\n\n<p>\u0218eful de la SGIV d\u0103 declara\u021bii la toate televiziunile, \u0219i ca s\u0103 nu mai fie specula\u021bii, tran\u0219eaz\u0103 problema \u0219i spune c\u0103 actualul adjunct al Poli\u021biei Capitalei e cel care i-a pus fr\u00e2n\u0103 la dosare. Adic\u0103 Radu Gavri\u0219. Pe un post tv chiar apare un poli\u021bist cu spatele de la structura respectiv\u0103, ca s\u0103 \u00eent\u0103reasc\u0103 spusele \u0219efului de la SGIV. E o singur\u0103 problem\u0103. E filmat chiar \u00een biroul \u0219efului Poli\u021biei Capitalei. Pe surse, c\u0103tre toat\u0103 presa vin informa\u021bii potrivit c\u0103rora poli\u021bi\u0219tii de la Omoruri ar fi descins la o adres\u0103 gre\u0219it\u0103. Radu Gavri\u0219 e acuzat chiar c\u0103 a fraternizat cu interlopii. <\/p>\n\n\n\n<p>La ora 18.00, Parchetul de pe l\u00e2n\u0103 Tribunalul Bucure\u0219ti d\u0103 un comunicat de pres\u0103 \u00een care explic\u0103 faptul c\u0103 nu s-a gre\u0219it u\u0219a: \u201c<em>Cu aceast\u0103 ocazie, la adresa de domiciliu a unuia dintre suspec\u0163i, astfel cum aceasta figureaz\u0103 at\u00e2t \u00een eviden\u0163ele DEPABD, c\u00e2t \u015fi \u00een cartea de identitate a suspectului \u015fi care rezulta de altfel \u015fi din actele de urm\u0103rire penal\u0103 efectuate anterior, s-a procedat la for\u0163area u\u015fii de acces, \u00een condi\u0163iile \u00een care nicio persoan\u0103 nu a r\u0103spuns apelurilor poli\u0163iei, constat\u00e2ndu-se c\u0103 \u00een acel imobil nu era prezent\u0103 nicio persoan\u0103. \u00cen urma rela\u0163iilor ob\u0163inute la fa\u0163a locului, suspectul c\u0103utat a fost localizat \u00een aceea\u015fi zon\u0103<\/em>.\u201d Seara \u0219eful SGIV recunoa\u0219te c\u0103 scrisoarea nu-i apar\u021bine nici lui, nici colegilor. \u201e<em>Ce v\u0103 pot spune, c\u0103 nu este vorba de un sabotaj, noi nu am f\u0103cut astfel de afirma\u021bii. Referitor la acea scrisoare, nu este redactat\u0103 de noi, nu este redactat\u0103 de mine sau de vreun coleg de-al meu. Noi am adus la cuno\u0219tin\u021ba mai multor poli\u021bi\u0219ti, at\u00e2t de pe func\u021bii de conducere, c\u00e2t \u0219i de pe func\u021bii de execu\u021bie, c\u00e2t \u0219i unor lideri sindicali, ceea ce ni se \u00eentampla, vorbesc de anul 2019<\/em>\u201d, declara comisarul \u0219ef Marius Andrei la RTV. <\/p>\n\n\n\n<p>Potrivit unor surse din Poli\u021bia Rom\u00e2n\u0103, scrisoarea ar fi fost compus\u0103 \u0219i redactat\u0103 de c\u0103tre purt\u0103torul de cuv\u00e2nt al IGPR, Georgian Dr\u0103gan, pe 12 august, se pare chiar \u00een birou la \u0219eful Poli\u021biei Capitalei. Acela\u0219i Georgian Dr\u0103gan, care toat\u0103 ziua \u0219u\u0219otea pe surse \u00een urechile unora c\u0103 \u0103ia de la Omoruri au gre\u0219it adresa. Pe site-uri \u00eencep s\u0103 apar\u0103 informa\u021bii. Un raport semnat de comisarul \u0219ef Radu Gavri\u0219 apare \u00een pres\u0103. Apare \u0219i al doilea. \u00cen primul, ofi\u021berul \u00eei explica \u0219efului, adic\u0103 lui Berechet, de ce nu a vrut s\u0103 ias\u0103 l\u00e2ng\u0103 el \u00een conferin\u021b\u0103: \u201c<em>A ie\u0219i \u00een conferin\u021b\u0103 de pres\u0103 \u0219i a prezenta lucrurile \u00eentr-o manier\u0103 pozitiv\u0103 (&#8230;)este un lucru pe care onoarea mea de ofi\u021ber mi-o interzice<\/em>\u201d.<\/p>\n\n\n\n<p>Red\u0103m mai jos \u00een facsimil raportul integral.<\/p>\n\n\n\n<figure class=\"wp-block-image size-large is-resized\"><img fetchpriority=\"high\" decoding=\"async\" src=\"data:image\/gif;base64,R0lGODlhAQABAAAAACH5BAEKAAEALAAAAAABAAEAAAICTAEAOw==\" data-src=\"https:\/\/buletin.de\/bucuresti\/wp-content\/uploads\/WhatsApp-Image-2020-08-15-at-10.02.32-581x900.png\" alt=\"\" class=\"wp-image-10581 lazyload\" width=\"581\" height=\"900\" data-sizes=\"auto\" data-srcset=\"https:\/\/buletin.de\/bucuresti\/wp-content\/uploads\/WhatsApp-Image-2020-08-15-at-10.02.32-581x900.png 581w, https:\/\/buletin.de\/bucuresti\/wp-content\/uploads\/WhatsApp-Image-2020-08-15-at-10.02.32-600x929.png 600w, https:\/\/buletin.de\/bucuresti\/wp-content\/uploads\/WhatsApp-Image-2020-08-15-at-10.02.32-194x300.png 194w, https:\/\/buletin.de\/bucuresti\/wp-content\/uploads\/WhatsApp-Image-2020-08-15-at-10.02.32-768x1190.png 768w, https:\/\/buletin.de\/bucuresti\/wp-content\/uploads\/WhatsApp-Image-2020-08-15-at-10.02.32-550x852.png 550w, https:\/\/buletin.de\/bucuresti\/wp-content\/uploads\/WhatsApp-Image-2020-08-15-at-10.02.32-323x500.png 323w, https:\/\/buletin.de\/bucuresti\/wp-content\/uploads\/WhatsApp-Image-2020-08-15-at-10.02.32-697x1080.png 697w, https:\/\/buletin.de\/bucuresti\/wp-content\/uploads\/WhatsApp-Image-2020-08-15-at-10.02.32.png 900w\" sizes=\"(max-width: 581px) 100vw, 581px\" \/><\/figure>\n\n\n\n<figure class=\"wp-block-image size-large is-resized\"><img decoding=\"async\" src=\"data:image\/gif;base64,R0lGODlhAQABAAAAACH5BAEKAAEALAAAAAABAAEAAAICTAEAOw==\" data-src=\"https:\/\/buletin.de\/bucuresti\/wp-content\/uploads\/WhatsApp-Image-2020-08-15-at-10.02.40-599x900.png\" alt=\"\" class=\"wp-image-10583 lazyload\" width=\"599\" height=\"900\" data-sizes=\"auto\" data-srcset=\"https:\/\/buletin.de\/bucuresti\/wp-content\/uploads\/WhatsApp-Image-2020-08-15-at-10.02.40-599x900.png 599w, https:\/\/buletin.de\/bucuresti\/wp-content\/uploads\/WhatsApp-Image-2020-08-15-at-10.02.40-600x901.png 600w, https:\/\/buletin.de\/bucuresti\/wp-content\/uploads\/WhatsApp-Image-2020-08-15-at-10.02.40-200x300.png 200w, https:\/\/buletin.de\/bucuresti\/wp-content\/uploads\/WhatsApp-Image-2020-08-15-at-10.02.40-768x1154.png 768w, https:\/\/buletin.de\/bucuresti\/wp-content\/uploads\/WhatsApp-Image-2020-08-15-at-10.02.40-550x826.png 550w, https:\/\/buletin.de\/bucuresti\/wp-content\/uploads\/WhatsApp-Image-2020-08-15-at-10.02.40-333x500.png 333w, https:\/\/buletin.de\/bucuresti\/wp-content\/uploads\/WhatsApp-Image-2020-08-15-at-10.02.40-719x1080.png 719w, https:\/\/buletin.de\/bucuresti\/wp-content\/uploads\/WhatsApp-Image-2020-08-15-at-10.02.40.png 900w\" sizes=\"(max-width: 599px) 100vw, 599px\" \/><\/figure>\n\n\n\n<p><\/p>\n\n\n\n<p><\/p>\n\n\n\n<p>\u00cen cel de-al doilea raport, pe care-l prezent\u0103m mai jos, Radu Gavri\u0219 \u00eei explic\u0103 aceluia\u0219i \u0219ef de ce nu l-a informat \u00een prealabil de perchezi\u021biile la Duduieni.<\/p>\n\n\n\n<figure class=\"wp-block-image size-large is-resized\"><img decoding=\"async\" src=\"data:image\/gif;base64,R0lGODlhAQABAAAAACH5BAEKAAEALAAAAAABAAEAAAICTAEAOw==\" data-src=\"https:\/\/buletin.de\/bucuresti\/wp-content\/uploads\/WhatsApp-Image-2020-08-15-at-10.02.32-1-609x900.png\" alt=\"\" class=\"wp-image-10584 lazyload\" width=\"609\" height=\"900\" data-sizes=\"auto\" data-srcset=\"https:\/\/buletin.de\/bucuresti\/wp-content\/uploads\/WhatsApp-Image-2020-08-15-at-10.02.32-1-609x900.png 609w, https:\/\/buletin.de\/bucuresti\/wp-content\/uploads\/WhatsApp-Image-2020-08-15-at-10.02.32-1-600x887.png 600w, https:\/\/buletin.de\/bucuresti\/wp-content\/uploads\/WhatsApp-Image-2020-08-15-at-10.02.32-1-203x300.png 203w, https:\/\/buletin.de\/bucuresti\/wp-content\/uploads\/WhatsApp-Image-2020-08-15-at-10.02.32-1-768x1135.png 768w, https:\/\/buletin.de\/bucuresti\/wp-content\/uploads\/WhatsApp-Image-2020-08-15-at-10.02.32-1-550x813.png 550w, https:\/\/buletin.de\/bucuresti\/wp-content\/uploads\/WhatsApp-Image-2020-08-15-at-10.02.32-1-338x500.png 338w, https:\/\/buletin.de\/bucuresti\/wp-content\/uploads\/WhatsApp-Image-2020-08-15-at-10.02.32-1-731x1080.png 731w, https:\/\/buletin.de\/bucuresti\/wp-content\/uploads\/WhatsApp-Image-2020-08-15-at-10.02.32-1.png 900w\" sizes=\"(max-width: 609px) 100vw, 609px\" \/><\/figure>\n\n\n\n<p><\/p>\n\n\n\n<p>\u00cen toat\u0103 aceast\u0103 v\u00e2ltoare de informa\u021bii, pu\u021bini \u00ee\u0219i mai amintesc c\u0103 \u00een noaptea de 8 spre 9 august, capii Poli\u021biei f\u0103cuser\u0103 un pact cu interlopii. P\u00e2n\u0103 la aceast\u0103 or\u0103, nimeni din Poli\u021bia Rom\u00e2n\u0103 nu a negat \u00eent\u00e2lnirea, nimeni nu \u0219i-a dat demisia \u0219i nimeni nu a fost demis. Avem \u00eencredere \u00een neamul Duduienilor c\u0103 vor face lumin\u0103 cu \u00eenregistr\u0103rile de 40 de minute f\u0103cute \u00een curtea bisericii cu toat\u0103 \u0219efimea care se ruga de ei s\u0103 scoat\u0103 mortul din cas\u0103 ca s\u0103 nu-i mai fac\u0103 presa de r\u00e2s.<\/p>\n\n\n\n<p><\/p>\n\n\n\n<p>Surs\u0103 cover foto: Facebook Poli\u021bia Rom\u00e2n\u0103<\/p>\n","protected":false},"excerpt":{"rendered":"<p>\u00centreaga na\u021biune s-a uitat timp de 5 zile la televizor cum indivizi care dau bani cu cam\u0103t\u0103, pun taxe de protec\u021bie, fac \u00een\u0219elaciuni au fost p\u0103zi\u021bi cu poli\u021bia \u0219i jandarmeria la un priveghi faraonic. \u00cen timp ce majoritatea s-a conformat regulilor, clanul a fost girat de conducerea Poli\u021biei \u0219i de cea a Jandarmeriei Rom\u00e2ne s\u0103 [&hellip;]<\/p>\n","protected":false},"author":1,"featured_media":10585,"comment_status":"closed","ping_status":"open","sticky":false,"template":"","format":"standard","meta":{"_acf_changed":false,"inline_featured_image":false,"ngg_post_thumbnail":0,"footnotes":""},"categories":[62],"tags":[1445,671],"ppma_author":[22583],"class_list":["post-10577","post","type-post","status-publish","format-standard","has-post-thumbnail","hentry","category-stiri","tag-clanul-duduienilor","tag-politia-romana"],"acf":[],"yoast_head":"<!-- This site is optimized with the Yoast SEO Premium plugin v25.3 (Yoast SEO v27.5) - https:\/\/yoast.com\/product\/yoast-seo-premium-wordpress\/ -->\n<title>Cronologia unei r\u0103fuieli cu epole\u021bi sau cum \u00ee\u0219i saboteaz\u0103 \u0219eful Poli\u021biei Rom\u00e2ne subalternii \u0219i structurile ca s\u0103 se salveze - Buletin de Bucure\u0219ti<\/title>\n<meta name=\"robots\" content=\"index, follow, max-snippet:-1, max-image-preview:large, max-video-preview:-1\" \/>\n<link rel=\"canonical\" href=\"https:\/\/buletin.de\/bucuresti\/cronologia-unei-rafuieli-cu-epoleti-sau-cum-isi-saboteaza-seful-politiei-romane-subalternii-si-structurile-ca-sa-se-salveze\/\" \/>\n<meta property=\"og:locale\" content=\"en_GB\" \/>\n<meta property=\"og:type\" content=\"article\" \/>\n<meta property=\"og:title\" content=\"Cronologia unei r\u0103fuieli cu epole\u021bi sau cum \u00ee\u0219i saboteaz\u0103 \u0219eful Poli\u021biei Rom\u00e2ne subalternii \u0219i structurile ca s\u0103 se salveze\" \/>\n<meta property=\"og:description\" content=\"\u00centreaga na\u021biune s-a uitat timp de 5 zile la televizor cum indivizi care dau bani cu cam\u0103t\u0103, pun taxe de protec\u021bie, fac \u00een\u0219elaciuni au fost p\u0103zi\u021bi cu poli\u021bia \u0219i jandarmeria la un priveghi faraonic. \u00cen timp ce majoritatea s-a conformat regulilor, clanul a fost girat de conducerea Poli\u021biei \u0219i de cea a Jandarmeriei Rom\u00e2ne s\u0103 [&hellip;]\" \/>\n<meta property=\"og:url\" content=\"https:\/\/buletin.de\/bucuresti\/cronologia-unei-rafuieli-cu-epoleti-sau-cum-isi-saboteaza-seful-politiei-romane-subalternii-si-structurile-ca-sa-se-salveze\/\" \/>\n<meta property=\"og:site_name\" content=\"Buletin de Bucure\u0219ti\" \/>\n<meta property=\"article:publisher\" content=\"https:\/\/www.facebook.com\/buletin.de.buc\" \/>\n<meta property=\"article:published_time\" content=\"2020-08-16T09:04:24+00:00\" \/>\n<meta property=\"article:modified_time\" content=\"2023-09-19T13:29:27+00:00\" \/>\n<meta property=\"og:image\" content=\"https:\/\/buletin.de\/bucuresti\/wp-content\/uploads\/99439826_2870793063031909_8223720773827690496_o.jpg\" \/>\n\t<meta property=\"og:image:width\" content=\"1772\" \/>\n\t<meta property=\"og:image:height\" content=\"890\" \/>\n\t<meta property=\"og:image:type\" content=\"image\/jpeg\" \/>\n<meta name=\"author\" content=\"Redac\u021bia Buletin de Bucure\u0219ti\" \/>\n<meta name=\"twitter:card\" content=\"summary_large_image\" \/>\n<meta name=\"twitter:label1\" content=\"Written by\" \/>\n\t<meta name=\"twitter:data1\" content=\"Redac\u021bia Buletin de Bucure\u0219ti\" \/>\n\t<meta name=\"twitter:label2\" content=\"Estimated reading time\" \/>\n\t<meta name=\"twitter:data2\" content=\"11 minutes\" \/>\n<script type=\"application\/ld+json\" class=\"yoast-schema-graph\">{\"@context\":\"https:\\\/\\\/schema.org\",\"@graph\":[{\"@type\":\"Article\",\"@id\":\"https:\\\/\\\/buletin.de\\\/bucuresti\\\/cronologia-unei-rafuieli-cu-epoleti-sau-cum-isi-saboteaza-seful-politiei-romane-subalternii-si-structurile-ca-sa-se-salveze\\\/#article\",\"isPartOf\":{\"@id\":\"https:\\\/\\\/buletin.de\\\/bucuresti\\\/cronologia-unei-rafuieli-cu-epoleti-sau-cum-isi-saboteaza-seful-politiei-romane-subalternii-si-structurile-ca-sa-se-salveze\\\/\"},\"author\":{\"name\":\"Redac\u021bia Buletin de Bucure\u0219ti\",\"@id\":\"https:\\\/\\\/buletin.de\\\/bucuresti\\\/#\\\/schema\\\/person\\\/2bbcf854e5f2419a13804af574d06ab1\"},\"headline\":\"Cronologia unei r\u0103fuieli cu epole\u021bi sau cum \u00ee\u0219i saboteaz\u0103 \u0219eful Poli\u021biei Rom\u00e2ne subalternii \u0219i structurile ca s\u0103 se salveze\",\"datePublished\":\"2020-08-16T09:04:24+00:00\",\"dateModified\":\"2023-09-19T13:29:27+00:00\",\"mainEntityOfPage\":{\"@id\":\"https:\\\/\\\/buletin.de\\\/bucuresti\\\/cronologia-unei-rafuieli-cu-epoleti-sau-cum-isi-saboteaza-seful-politiei-romane-subalternii-si-structurile-ca-sa-se-salveze\\\/\"},\"wordCount\":2168,\"publisher\":{\"@id\":\"https:\\\/\\\/buletin.de\\\/bucuresti\\\/#organization\"},\"image\":{\"@id\":\"https:\\\/\\\/buletin.de\\\/bucuresti\\\/cronologia-unei-rafuieli-cu-epoleti-sau-cum-isi-saboteaza-seful-politiei-romane-subalternii-si-structurile-ca-sa-se-salveze\\\/#primaryimage\"},\"thumbnailUrl\":\"https:\\\/\\\/buletin.de\\\/bucuresti\\\/wp-content\\\/uploads\\\/99439826_2870793063031909_8223720773827690496_o.jpg\",\"keywords\":[\"clanul duduienilor\",\"politia romana\"],\"articleSection\":[\"\u0218tiri\"],\"inLanguage\":\"en-GB\",\"copyrightYear\":\"2020\",\"copyrightHolder\":{\"@id\":\"https:\\\/\\\/buletin.de\\\/bucuresti\\\/#organization\"}},{\"@type\":\"WebPage\",\"@id\":\"https:\\\/\\\/buletin.de\\\/bucuresti\\\/cronologia-unei-rafuieli-cu-epoleti-sau-cum-isi-saboteaza-seful-politiei-romane-subalternii-si-structurile-ca-sa-se-salveze\\\/\",\"url\":\"https:\\\/\\\/buletin.de\\\/bucuresti\\\/cronologia-unei-rafuieli-cu-epoleti-sau-cum-isi-saboteaza-seful-politiei-romane-subalternii-si-structurile-ca-sa-se-salveze\\\/\",\"name\":\"Cronologia unei r\u0103fuieli cu epole\u021bi sau cum \u00ee\u0219i saboteaz\u0103 \u0219eful Poli\u021biei Rom\u00e2ne subalternii \u0219i structurile ca s\u0103 se salveze - Buletin de Bucure\u0219ti\",\"isPartOf\":{\"@id\":\"https:\\\/\\\/buletin.de\\\/bucuresti\\\/#website\"},\"primaryImageOfPage\":{\"@id\":\"https:\\\/\\\/buletin.de\\\/bucuresti\\\/cronologia-unei-rafuieli-cu-epoleti-sau-cum-isi-saboteaza-seful-politiei-romane-subalternii-si-structurile-ca-sa-se-salveze\\\/#primaryimage\"},\"image\":{\"@id\":\"https:\\\/\\\/buletin.de\\\/bucuresti\\\/cronologia-unei-rafuieli-cu-epoleti-sau-cum-isi-saboteaza-seful-politiei-romane-subalternii-si-structurile-ca-sa-se-salveze\\\/#primaryimage\"},\"thumbnailUrl\":\"https:\\\/\\\/buletin.de\\\/bucuresti\\\/wp-content\\\/uploads\\\/99439826_2870793063031909_8223720773827690496_o.jpg\",\"datePublished\":\"2020-08-16T09:04:24+00:00\",\"dateModified\":\"2023-09-19T13:29:27+00:00\",\"breadcrumb\":{\"@id\":\"https:\\\/\\\/buletin.de\\\/bucuresti\\\/cronologia-unei-rafuieli-cu-epoleti-sau-cum-isi-saboteaza-seful-politiei-romane-subalternii-si-structurile-ca-sa-se-salveze\\\/#breadcrumb\"},\"inLanguage\":\"en-GB\",\"potentialAction\":[{\"@type\":\"ReadAction\",\"target\":[\"https:\\\/\\\/buletin.de\\\/bucuresti\\\/cronologia-unei-rafuieli-cu-epoleti-sau-cum-isi-saboteaza-seful-politiei-romane-subalternii-si-structurile-ca-sa-se-salveze\\\/\"]}]},{\"@type\":\"ImageObject\",\"inLanguage\":\"en-GB\",\"@id\":\"https:\\\/\\\/buletin.de\\\/bucuresti\\\/cronologia-unei-rafuieli-cu-epoleti-sau-cum-isi-saboteaza-seful-politiei-romane-subalternii-si-structurile-ca-sa-se-salveze\\\/#primaryimage\",\"url\":\"https:\\\/\\\/buletin.de\\\/bucuresti\\\/wp-content\\\/uploads\\\/99439826_2870793063031909_8223720773827690496_o.jpg\",\"contentUrl\":\"https:\\\/\\\/buletin.de\\\/bucuresti\\\/wp-content\\\/uploads\\\/99439826_2870793063031909_8223720773827690496_o.jpg\",\"width\":1772,\"height\":890},{\"@type\":\"BreadcrumbList\",\"@id\":\"https:\\\/\\\/buletin.de\\\/bucuresti\\\/cronologia-unei-rafuieli-cu-epoleti-sau-cum-isi-saboteaza-seful-politiei-romane-subalternii-si-structurile-ca-sa-se-salveze\\\/#breadcrumb\",\"itemListElement\":[{\"@type\":\"ListItem\",\"position\":1,\"name\":\"Acas\u0103\",\"item\":\"https:\\\/\\\/buletin.de\\\/bucuresti\\\/\"},{\"@type\":\"ListItem\",\"position\":2,\"name\":\"Cronologia unei r\u0103fuieli cu epole\u021bi sau cum \u00ee\u0219i saboteaz\u0103 \u0219eful Poli\u021biei Rom\u00e2ne subalternii \u0219i structurile ca s\u0103 se salveze\"}]},{\"@type\":\"WebSite\",\"@id\":\"https:\\\/\\\/buletin.de\\\/bucuresti\\\/#website\",\"url\":\"https:\\\/\\\/buletin.de\\\/bucuresti\\\/\",\"name\":\"Buletin de Bucure\u0219ti\",\"description\":\"\u0218tiri \u0219i investiga\u021bii esen\u021biale din capital\u0103\",\"publisher\":{\"@id\":\"https:\\\/\\\/buletin.de\\\/bucuresti\\\/#organization\"},\"potentialAction\":[{\"@type\":\"SearchAction\",\"target\":{\"@type\":\"EntryPoint\",\"urlTemplate\":\"https:\\\/\\\/buletin.de\\\/bucuresti\\\/?s={search_term_string}\"},\"query-input\":{\"@type\":\"PropertyValueSpecification\",\"valueRequired\":true,\"valueName\":\"search_term_string\"}}],\"inLanguage\":\"en-GB\"},{\"@type\":\"Organization\",\"@id\":\"https:\\\/\\\/buletin.de\\\/bucuresti\\\/#organization\",\"name\":\"Buletin de Bucure\u0219ti\",\"url\":\"https:\\\/\\\/buletin.de\\\/bucuresti\\\/\",\"logo\":{\"@type\":\"ImageObject\",\"inLanguage\":\"en-GB\",\"@id\":\"https:\\\/\\\/buletin.de\\\/bucuresti\\\/#\\\/schema\\\/logo\\\/image\\\/\",\"url\":\"https:\\\/\\\/buletin.de\\\/bucuresti\\\/wp-content\\\/uploads\\\/logo-bdb-full-wide-vernil-transparent.png\",\"contentUrl\":\"https:\\\/\\\/buletin.de\\\/bucuresti\\\/wp-content\\\/uploads\\\/logo-bdb-full-wide-vernil-transparent.png\",\"width\":1782,\"height\":626,\"caption\":\"Buletin de Bucure\u0219ti\"},\"image\":{\"@id\":\"https:\\\/\\\/buletin.de\\\/bucuresti\\\/#\\\/schema\\\/logo\\\/image\\\/\"},\"sameAs\":[\"https:\\\/\\\/www.facebook.com\\\/buletin.de.buc\",\"https:\\\/\\\/www.instagram.com\\\/buletinde.bucuresti\\\/\"]},{\"@type\":\"Person\",\"@id\":\"https:\\\/\\\/buletin.de\\\/bucuresti\\\/#\\\/schema\\\/person\\\/2bbcf854e5f2419a13804af574d06ab1\",\"name\":\"Redac\u021bia Buletin de Bucure\u0219ti\",\"image\":{\"@type\":\"ImageObject\",\"inLanguage\":\"en-GB\",\"@id\":\"https:\\\/\\\/secure.gravatar.com\\\/avatar\\\/18c5342381ed1a08620e6280424e3e5efc958618f5d67c522c9e44c1bc6f9226?s=96&d=monsterid&r=g60c7cd0ad92c68c049fcd4bb3504d609\",\"url\":\"https:\\\/\\\/secure.gravatar.com\\\/avatar\\\/18c5342381ed1a08620e6280424e3e5efc958618f5d67c522c9e44c1bc6f9226?s=96&d=monsterid&r=g\",\"contentUrl\":\"https:\\\/\\\/secure.gravatar.com\\\/avatar\\\/18c5342381ed1a08620e6280424e3e5efc958618f5d67c522c9e44c1bc6f9226?s=96&d=monsterid&r=g\",\"caption\":\"Redac\u021bia Buletin de Bucure\u0219ti\"},\"description\":\"Buletin de Bucure\u0219ti exist\u0103 din vara anului 2019.\",\"url\":\"https:\\\/\\\/buletin.de\\\/bucuresti\\\/author\\\/adminbuletin\\\/\"}]}<\/script>\n<!-- \/ Yoast SEO Premium plugin. -->","yoast_head_json":{"title":"Cronologia unei r\u0103fuieli cu epole\u021bi sau cum \u00ee\u0219i saboteaz\u0103 \u0219eful Poli\u021biei Rom\u00e2ne subalternii \u0219i structurile ca s\u0103 se salveze - Buletin de Bucure\u0219ti","robots":{"index":"index","follow":"follow","max-snippet":"max-snippet:-1","max-image-preview":"max-image-preview:large","max-video-preview":"max-video-preview:-1"},"canonical":"https:\/\/buletin.de\/bucuresti\/cronologia-unei-rafuieli-cu-epoleti-sau-cum-isi-saboteaza-seful-politiei-romane-subalternii-si-structurile-ca-sa-se-salveze\/","og_locale":"en_GB","og_type":"article","og_title":"Cronologia unei r\u0103fuieli cu epole\u021bi sau cum \u00ee\u0219i saboteaz\u0103 \u0219eful Poli\u021biei Rom\u00e2ne subalternii \u0219i structurile ca s\u0103 se salveze","og_description":"\u00centreaga na\u021biune s-a uitat timp de 5 zile la televizor cum indivizi care dau bani cu cam\u0103t\u0103, pun taxe de protec\u021bie, fac \u00een\u0219elaciuni au fost p\u0103zi\u021bi cu poli\u021bia \u0219i jandarmeria la un priveghi faraonic. \u00cen timp ce majoritatea s-a conformat regulilor, clanul a fost girat de conducerea Poli\u021biei \u0219i de cea a Jandarmeriei Rom\u00e2ne s\u0103 [&hellip;]","og_url":"https:\/\/buletin.de\/bucuresti\/cronologia-unei-rafuieli-cu-epoleti-sau-cum-isi-saboteaza-seful-politiei-romane-subalternii-si-structurile-ca-sa-se-salveze\/","og_site_name":"Buletin de Bucure\u0219ti","article_publisher":"https:\/\/www.facebook.com\/buletin.de.buc","article_published_time":"2020-08-16T09:04:24+00:00","article_modified_time":"2023-09-19T13:29:27+00:00","og_image":[{"width":1772,"height":890,"url":"https:\/\/buletin.de\/bucuresti\/wp-content\/uploads\/99439826_2870793063031909_8223720773827690496_o.jpg","type":"image\/jpeg"}],"author":"Redac\u021bia Buletin de Bucure\u0219ti","twitter_card":"summary_large_image","twitter_misc":{"Written by":"Redac\u021bia Buletin de Bucure\u0219ti","Estimated reading time":"11 minutes"},"schema":{"@context":"https:\/\/schema.org","@graph":[{"@type":"Article","@id":"https:\/\/buletin.de\/bucuresti\/cronologia-unei-rafuieli-cu-epoleti-sau-cum-isi-saboteaza-seful-politiei-romane-subalternii-si-structurile-ca-sa-se-salveze\/#article","isPartOf":{"@id":"https:\/\/buletin.de\/bucuresti\/cronologia-unei-rafuieli-cu-epoleti-sau-cum-isi-saboteaza-seful-politiei-romane-subalternii-si-structurile-ca-sa-se-salveze\/"},"author":{"name":"Redac\u021bia Buletin de Bucure\u0219ti","@id":"https:\/\/buletin.de\/bucuresti\/#\/schema\/person\/2bbcf854e5f2419a13804af574d06ab1"},"headline":"Cronologia unei r\u0103fuieli cu epole\u021bi sau cum \u00ee\u0219i saboteaz\u0103 \u0219eful Poli\u021biei Rom\u00e2ne subalternii \u0219i structurile ca s\u0103 se salveze","datePublished":"2020-08-16T09:04:24+00:00","dateModified":"2023-09-19T13:29:27+00:00","mainEntityOfPage":{"@id":"https:\/\/buletin.de\/bucuresti\/cronologia-unei-rafuieli-cu-epoleti-sau-cum-isi-saboteaza-seful-politiei-romane-subalternii-si-structurile-ca-sa-se-salveze\/"},"wordCount":2168,"publisher":{"@id":"https:\/\/buletin.de\/bucuresti\/#organization"},"image":{"@id":"https:\/\/buletin.de\/bucuresti\/cronologia-unei-rafuieli-cu-epoleti-sau-cum-isi-saboteaza-seful-politiei-romane-subalternii-si-structurile-ca-sa-se-salveze\/#primaryimage"},"thumbnailUrl":"https:\/\/buletin.de\/bucuresti\/wp-content\/uploads\/99439826_2870793063031909_8223720773827690496_o.jpg","keywords":["clanul duduienilor","politia romana"],"articleSection":["\u0218tiri"],"inLanguage":"en-GB","copyrightYear":"2020","copyrightHolder":{"@id":"https:\/\/buletin.de\/bucuresti\/#organization"}},{"@type":"WebPage","@id":"https:\/\/buletin.de\/bucuresti\/cronologia-unei-rafuieli-cu-epoleti-sau-cum-isi-saboteaza-seful-politiei-romane-subalternii-si-structurile-ca-sa-se-salveze\/","url":"https:\/\/buletin.de\/bucuresti\/cronologia-unei-rafuieli-cu-epoleti-sau-cum-isi-saboteaza-seful-politiei-romane-subalternii-si-structurile-ca-sa-se-salveze\/","name":"Cronologia unei r\u0103fuieli cu epole\u021bi sau cum \u00ee\u0219i saboteaz\u0103 \u0219eful Poli\u021biei Rom\u00e2ne subalternii \u0219i structurile ca s\u0103 se salveze - Buletin de Bucure\u0219ti","isPartOf":{"@id":"https:\/\/buletin.de\/bucuresti\/#website"},"primaryImageOfPage":{"@id":"https:\/\/buletin.de\/bucuresti\/cronologia-unei-rafuieli-cu-epoleti-sau-cum-isi-saboteaza-seful-politiei-romane-subalternii-si-structurile-ca-sa-se-salveze\/#primaryimage"},"image":{"@id":"https:\/\/buletin.de\/bucuresti\/cronologia-unei-rafuieli-cu-epoleti-sau-cum-isi-saboteaza-seful-politiei-romane-subalternii-si-structurile-ca-sa-se-salveze\/#primaryimage"},"thumbnailUrl":"https:\/\/buletin.de\/bucuresti\/wp-content\/uploads\/99439826_2870793063031909_8223720773827690496_o.jpg","datePublished":"2020-08-16T09:04:24+00:00","dateModified":"2023-09-19T13:29:27+00:00","breadcrumb":{"@id":"https:\/\/buletin.de\/bucuresti\/cronologia-unei-rafuieli-cu-epoleti-sau-cum-isi-saboteaza-seful-politiei-romane-subalternii-si-structurile-ca-sa-se-salveze\/#breadcrumb"},"inLanguage":"en-GB","potentialAction":[{"@type":"ReadAction","target":["https:\/\/buletin.de\/bucuresti\/cronologia-unei-rafuieli-cu-epoleti-sau-cum-isi-saboteaza-seful-politiei-romane-subalternii-si-structurile-ca-sa-se-salveze\/"]}]},{"@type":"ImageObject","inLanguage":"en-GB","@id":"https:\/\/buletin.de\/bucuresti\/cronologia-unei-rafuieli-cu-epoleti-sau-cum-isi-saboteaza-seful-politiei-romane-subalternii-si-structurile-ca-sa-se-salveze\/#primaryimage","url":"https:\/\/buletin.de\/bucuresti\/wp-content\/uploads\/99439826_2870793063031909_8223720773827690496_o.jpg","contentUrl":"https:\/\/buletin.de\/bucuresti\/wp-content\/uploads\/99439826_2870793063031909_8223720773827690496_o.jpg","width":1772,"height":890},{"@type":"BreadcrumbList","@id":"https:\/\/buletin.de\/bucuresti\/cronologia-unei-rafuieli-cu-epoleti-sau-cum-isi-saboteaza-seful-politiei-romane-subalternii-si-structurile-ca-sa-se-salveze\/#breadcrumb","itemListElement":[{"@type":"ListItem","position":1,"name":"Acas\u0103","item":"https:\/\/buletin.de\/bucuresti\/"},{"@type":"ListItem","position":2,"name":"Cronologia unei r\u0103fuieli cu epole\u021bi sau cum \u00ee\u0219i saboteaz\u0103 \u0219eful Poli\u021biei Rom\u00e2ne subalternii \u0219i structurile ca s\u0103 se salveze"}]},{"@type":"WebSite","@id":"https:\/\/buletin.de\/bucuresti\/#website","url":"https:\/\/buletin.de\/bucuresti\/","name":"Buletin de Bucure\u0219ti","description":"\u0218tiri \u0219i investiga\u021bii esen\u021biale din capital\u0103","publisher":{"@id":"https:\/\/buletin.de\/bucuresti\/#organization"},"potentialAction":[{"@type":"SearchAction","target":{"@type":"EntryPoint","urlTemplate":"https:\/\/buletin.de\/bucuresti\/?s={search_term_string}"},"query-input":{"@type":"PropertyValueSpecification","valueRequired":true,"valueName":"search_term_string"}}],"inLanguage":"en-GB"},{"@type":"Organization","@id":"https:\/\/buletin.de\/bucuresti\/#organization","name":"Buletin de Bucure\u0219ti","url":"https:\/\/buletin.de\/bucuresti\/","logo":{"@type":"ImageObject","inLanguage":"en-GB","@id":"https:\/\/buletin.de\/bucuresti\/#\/schema\/logo\/image\/","url":"https:\/\/buletin.de\/bucuresti\/wp-content\/uploads\/logo-bdb-full-wide-vernil-transparent.png","contentUrl":"https:\/\/buletin.de\/bucuresti\/wp-content\/uploads\/logo-bdb-full-wide-vernil-transparent.png","width":1782,"height":626,"caption":"Buletin de Bucure\u0219ti"},"image":{"@id":"https:\/\/buletin.de\/bucuresti\/#\/schema\/logo\/image\/"},"sameAs":["https:\/\/www.facebook.com\/buletin.de.buc","https:\/\/www.instagram.com\/buletinde.bucuresti\/"]},{"@type":"Person","@id":"https:\/\/buletin.de\/bucuresti\/#\/schema\/person\/2bbcf854e5f2419a13804af574d06ab1","name":"Redac\u021bia Buletin de Bucure\u0219ti","image":{"@type":"ImageObject","inLanguage":"en-GB","@id":"https:\/\/secure.gravatar.com\/avatar\/18c5342381ed1a08620e6280424e3e5efc958618f5d67c522c9e44c1bc6f9226?s=96&d=monsterid&r=g60c7cd0ad92c68c049fcd4bb3504d609","url":"https:\/\/secure.gravatar.com\/avatar\/18c5342381ed1a08620e6280424e3e5efc958618f5d67c522c9e44c1bc6f9226?s=96&d=monsterid&r=g","contentUrl":"https:\/\/secure.gravatar.com\/avatar\/18c5342381ed1a08620e6280424e3e5efc958618f5d67c522c9e44c1bc6f9226?s=96&d=monsterid&r=g","caption":"Redac\u021bia Buletin de Bucure\u0219ti"},"description":"Buletin de Bucure\u0219ti exist\u0103 din vara anului 2019.","url":"https:\/\/buletin.de\/bucuresti\/author\/adminbuletin\/"}]}},"authors":[{"term_id":22583,"user_id":1,"is_guest":0,"slug":"adminbuletin","display_name":"Redac\u021bia Buletin de Bucure\u0219ti","avatar_url":"https:\/\/secure.gravatar.com\/avatar\/18c5342381ed1a08620e6280424e3e5efc958618f5d67c522c9e44c1bc6f9226?s=96&d=monsterid&r=g","0":null,"1":"","2":"","3":"","4":"","5":"","6":"","7":"","8":""}],"_links":{"self":[{"href":"https:\/\/buletin.de\/bucuresti\/wp-json\/wp\/v2\/posts\/10577","targetHints":{"allow":["GET"]}}],"collection":[{"href":"https:\/\/buletin.de\/bucuresti\/wp-json\/wp\/v2\/posts"}],"about":[{"href":"https:\/\/buletin.de\/bucuresti\/wp-json\/wp\/v2\/types\/post"}],"author":[{"embeddable":true,"href":"https:\/\/buletin.de\/bucuresti\/wp-json\/wp\/v2\/users\/1"}],"replies":[{"embeddable":true,"href":"https:\/\/buletin.de\/bucuresti\/wp-json\/wp\/v2\/comments?post=10577"}],"version-history":[{"count":3,"href":"https:\/\/buletin.de\/bucuresti\/wp-json\/wp\/v2\/posts\/10577\/revisions"}],"predecessor-version":[{"id":10615,"href":"https:\/\/buletin.de\/bucuresti\/wp-json\/wp\/v2\/posts\/10577\/revisions\/10615"}],"wp:featuredmedia":[{"embeddable":true,"href":"https:\/\/buletin.de\/bucuresti\/wp-json\/wp\/v2\/media\/10585"}],"wp:attachment":[{"href":"https:\/\/buletin.de\/bucuresti\/wp-json\/wp\/v2\/media?parent=10577"}],"wp:term":[{"taxonomy":"category","embeddable":true,"href":"https:\/\/buletin.de\/bucuresti\/wp-json\/wp\/v2\/categories?post=10577"},{"taxonomy":"post_tag","embeddable":true,"href":"https:\/\/buletin.de\/bucuresti\/wp-json\/wp\/v2\/tags?post=10577"},{"taxonomy":"author","embeddable":true,"href":"https:\/\/buletin.de\/bucuresti\/wp-json\/wp\/v2\/ppma_author?post=10577"}],"curies":[{"name":"wp","href":"https:\/\/api.w.org\/{rel}","templated":true}]}}