{"id":105732,"date":"2024-11-10T13:39:35","date_gmt":"2024-11-10T10:39:35","guid":{"rendered":"https:\/\/buletin.de\/bucuresti\/?p=105732"},"modified":"2024-11-11T09:59:11","modified_gmt":"2024-11-11T06:59:11","slug":"reteaua-de-metrou-din-bucuresti-pe-locul-7-intr-un-top-european-la-egalitate-cu-lisabona-care-sunt-criteriile","status":"publish","type":"post","link":"https:\/\/buletin.de\/bucuresti\/reteaua-de-metrou-din-bucuresti-pe-locul-7-intr-un-top-european-la-egalitate-cu-lisabona-care-sunt-criteriile\/","title":{"rendered":"Re\u0163eaua de metrou din Bucure\u015fti, pe locul 7 \u00eentr-un top european, la egalitate cu Lisabona. Care sunt criteriile"},"content":{"rendered":"\n<p><strong>Re\u0163eaua de metrou din Bucure\u015fti a fost cotat\u0103 cu nota 5.97 din 10, \u00eentr-un top realizat de <a href=\"https:\/\/www.visualcapitalist.com\/the-best-metro-systems-across-european-capital-cities\/\">visualcapitalist.com<\/a>, cu date preluate de pe portalul <a href=\"https:\/\/bounce.com\/blog\/the-underground-index-2024\">Bounce<\/a>. <\/strong><\/p>\n\n\n\n<p><strong>\u00cen acest top au fost incluse 19 capitale europene, cu Oslo pe primul loc \u015fi Budapesta pe ultimul. Pentru realizarea topului au fost compilate date diverse, de la num\u0103rul sta\u0163iilor \u015fi lungimea re\u0163elei, p\u00e2n\u0103 la reac\u0163iile c\u0103l\u0103torilor \u00een social media, cu privire la calitatea transportului.<\/strong> <\/p>\n\n\n\n<p><strong>Trei \u0163\u0103ri nu au fost luate \u00een calcul \u00een acest top: Rusia, Ucraina \u015fi Belarus. <\/strong><\/p>\n\n\n\n<h2 class=\"wp-block-heading\" id=\"h-reteaua-de-metrou-din-bucuresti-pe-un-loc-bun-in-topul-european\">Re\u0163eaua de metrou din Bucure\u015fti pe un loc bun \u00een topul european<\/h2>\n\n\n\n<p>Conform sursei citate, departajarea a fost f\u0103cut\u0103 \u00een func\u0163ie de cinci criterii:<\/p>\n\n\n\n<ul class=\"wp-block-list\">\n<li>num\u0103rul de sta\u0163ii<\/li>\n\n\n\n<li>num\u0103rul de pasageri, pe an<\/li>\n\n\n\n<li>distan\u0163a acoperit\u0103 de re\u0163eaua de metrou<\/li>\n\n\n\n<li>scorurile ob\u0163inute \u00een sistemul Google Review<\/li>\n\n\n\n<li>reac\u0163iile pozitive \u015fi negative la articole online<br><\/li>\n<\/ul>\n\n\n\n<p>S-a folosit un sistem de notare de la 1 la 10. Cel mai mic scor l-a ob\u0163inut Budapesta (3.13), \u00een vreme ce nota cea mai mare a luat-o Oslo (8.06). <\/p>\n\n\n\n<p>Pentru cei care nu au c\u0103l\u0103torit \u00een Bulgaria, Sofia este o surpriz\u0103 \u00een acest top. ocup\u0103 cel de-al doilea loc, cu o not\u0103 de 7.64. Pe vecinii de la sud de Dun\u0103re \u00eei ajut\u0103 faptul c\u0103 sistemul de metrou este unul dintre cele mai noi din lume &#8211; lucr\u0103rile de construc\u0163ie au \u00eenceput \u00een 1998. <\/p>\n\n\n\n<p><strong>Podiumul este completat de capitala Greciei, Atena, care are un scor de 7.29.<\/strong><\/p>\n\n\n\n<p>Dup\u0103 Madrid, Var\u015fovia \u015fi Londra, g\u0103sim Bucure\u015ftiul, la egalitate cu Lisabona, cu un onorabil scor de 5.97 (dat fiind c\u0103 scorul maxim ob\u0163inut este de 8.06). <\/p>\n\n\n\n<p><strong>Re\u0163eaua de metrou din Bucure\u015fti are magistrale construite at\u00e2t \u00eenainte de Revolu\u0163ie, c\u00e2t \u015fi postdecembrist. Cele mai noi sunt magistrala M5 Eroilor &#8211; Drumul Taberei, c\u00e2t \u015fi tronsonul Berceni &#8211; Tudor Arghezi, de pe M2.<\/strong><\/p>\n\n\n\n<p>\u00cen acest moment, sunt \u00een desf\u0103\u015furare lucr\u0103ri pentru M6, care va lega aeroportul de ora\u015f, c\u00e2t \u015fi promisiuni pentru extinderea re\u0163elei existente (M3, M4, M5).<\/p>\n\n\n\n<p>CITE\u015eTE \u015eI: <a href=\"https:\/\/buletin.de\/bucuresti\/sector-6-discutii-primarie-metrorex-pentru-extinderea-liniilor-de-metrou-m3-si-m5\/\"><strong>Sector 6 | Discu\u0163ii Prim\u0103rie \u2013 Metrorex pentru extinderea liniilor de metrou M3 \u015fi M5<\/strong><\/a><\/p>\n\n\n\n<figure class=\"wp-block-image size-full\"><img fetchpriority=\"high\" decoding=\"async\" width=\"868\" height=\"726\" src=\"data:image\/gif;base64,R0lGODlhAQABAAAAACH5BAEKAAEALAAAAAABAAEAAAICTAEAOw==\" data-src=\"https:\/\/buletin.de\/bucuresti\/wp-content\/uploads\/top-capitale-metrou-europa.png\" alt=\"Re\u0163eaua de metrou din Bucure\u015fti, pe locul 7 \u00eentr-un top european\" class=\"wp-image-105811 lazyload\" data-sizes=\"auto\" data-srcset=\"https:\/\/buletin.de\/bucuresti\/wp-content\/uploads\/top-capitale-metrou-europa.png 868w, https:\/\/buletin.de\/bucuresti\/wp-content\/uploads\/top-capitale-metrou-europa-300x251.png 300w, https:\/\/buletin.de\/bucuresti\/wp-content\/uploads\/top-capitale-metrou-europa-768x642.png 768w, https:\/\/buletin.de\/bucuresti\/wp-content\/uploads\/top-capitale-metrou-europa-600x502.png 600w, https:\/\/buletin.de\/bucuresti\/wp-content\/uploads\/top-capitale-metrou-europa-20x17.png 20w\" sizes=\"(max-width: 868px) 100vw, 868px\" \/><figcaption class=\"wp-element-caption\">Re\u0163eaua de metrou din Bucure\u015fti, pe locul 7 \u00eentr-un top european<\/figcaption><\/figure>\n\n\n\n<p>Din cauza avertiz\u0103rilor de c\u0103l\u0103torie, Minsk, Moscova \u015fi Kiev nu au fost luate \u00een calcul la alc\u0103tuirea acestui top. <\/p>\n\n\n\n<p>La cap\u0103tul cel\u0103lalt al clasamentului se afl\u0103 Budapesta, Bruxelles, Roma, Amsterdam \u015fi Paris. <\/p>\n\n\n\n<figure class=\"wp-block-image size-full\"><img decoding=\"async\" width=\"870\" height=\"640\" src=\"data:image\/gif;base64,R0lGODlhAQABAAAAACH5BAEKAAEALAAAAAABAAEAAAICTAEAOw==\" data-src=\"https:\/\/buletin.de\/bucuresti\/wp-content\/uploads\/top-capitale-metrou-europa-si-criteriile-folosite-1.png\" alt=\"Re\u0163eaua de metrou din Bucure\u015fti, pe locul 7 \u00eentr-un top european\" class=\"wp-image-105812 lazyload\" data-sizes=\"auto\" data-srcset=\"https:\/\/buletin.de\/bucuresti\/wp-content\/uploads\/top-capitale-metrou-europa-si-criteriile-folosite-1.png 870w, https:\/\/buletin.de\/bucuresti\/wp-content\/uploads\/top-capitale-metrou-europa-si-criteriile-folosite-1-300x221.png 300w, https:\/\/buletin.de\/bucuresti\/wp-content\/uploads\/top-capitale-metrou-europa-si-criteriile-folosite-1-768x565.png 768w, https:\/\/buletin.de\/bucuresti\/wp-content\/uploads\/top-capitale-metrou-europa-si-criteriile-folosite-1-600x441.png 600w, https:\/\/buletin.de\/bucuresti\/wp-content\/uploads\/top-capitale-metrou-europa-si-criteriile-folosite-1-20x15.png 20w\" sizes=\"(max-width: 870px) 100vw, 870px\" \/><figcaption class=\"wp-element-caption\">Re\u0163eaua de metrou din Bucure\u015fti, pe locul 7 \u00eentr-un top european<\/figcaption><\/figure>\n\n\n\n<p>\u00centreaga analiz\u0103 o pute\u0163i citi pe <a href=\"https:\/\/bounce.com\/blog\/the-underground-index-2024\">Bounce<\/a>. <\/p>\n\n\n\n<p><strong>CITE\u015eTE \u015eI:<\/strong> <a href=\"https:\/\/buletin.de\/bucuresti\/foto-proiectantii-italieni-de-la-3ti-progetti-au-dat-publicitatii-imaginile-cu-viitoarele-statii-de-pe-m5-dintre-eroilor-si-iancului\/\"><strong>FOTO | Proiectan\u0163ii italieni de la 3TI Progetti au dat publicit\u0103\u0163ii imaginile cu viitoarele sta\u0163ii de pe M5, dintre Eroilor \u015fi Iancului<\/strong><\/a><br><\/p>\n\n\n\n<p><\/p>\n","protected":false},"excerpt":{"rendered":"<p>Re\u0163eaua de metrou din Bucure\u015fti a fost cotat\u0103 cu nota 5.97 din 10, \u00eentr-un top realizat de visualcapitalist.com, cu date preluate de pe portalul Bounce. \u00cen acest top au fost incluse 19 capitale europene, cu Oslo pe primul loc \u015fi Budapesta pe ultimul. Pentru realizarea topului au fost compilate date diverse, de la num\u0103rul sta\u0163iilor [&hellip;]<\/p>\n","protected":false},"author":8,"featured_media":5284,"comment_status":"closed","ping_status":"open","sticky":false,"template":"","format":"standard","meta":{"_acf_changed":false,"inline_featured_image":false,"ngg_post_thumbnail":0,"footnotes":""},"categories":[6994,5762,650],"tags":[16755,15330,16754],"ppma_author":[22586],"class_list":["post-105732","post","type-post","status-publish","format-standard","has-post-thumbnail","hentry","category-stiri-2","category-main","category-transport","tag-clasament-retele-metrou-europa","tag-metrou-bucuresti","tag-metrou-europa"],"acf":[],"yoast_head":"<!-- This site is optimized with the Yoast SEO Premium plugin v25.3 (Yoast SEO v27.4) - https:\/\/yoast.com\/product\/yoast-seo-premium-wordpress\/ -->\n<title>Re\u0163eaua de metrou din Bucure\u015fti, pe locul 7 \u00eentr-un top european, la egalitate cu Lisabona. Care sunt criteriile - Buletin de Bucure\u0219ti<\/title>\n<meta name=\"description\" content=\"Re\u0163eaua de metrou din Bucure\u015fti a fost cotat\u0103 cu nota 5.97 din 10, \u00eentr-un top realizat de visualcapitalist.com.\" \/>\n<meta name=\"robots\" content=\"index, follow, max-snippet:-1, max-image-preview:large, max-video-preview:-1\" \/>\n<link rel=\"canonical\" href=\"https:\/\/buletin.de\/bucuresti\/reteaua-de-metrou-din-bucuresti-pe-locul-7-intr-un-top-european-la-egalitate-cu-lisabona-care-sunt-criteriile\/\" \/>\n<meta property=\"og:locale\" content=\"en_GB\" \/>\n<meta property=\"og:type\" content=\"article\" \/>\n<meta property=\"og:title\" content=\"Re\u0163eaua de metrou din Bucure\u015fti, pe locul 7 \u00eentr-un top european, la egalitate cu Lisabona. Care sunt criteriile\" \/>\n<meta property=\"og:description\" content=\"Re\u0163eaua de metrou din Bucure\u015fti a fost cotat\u0103 cu nota 5.97 din 10, \u00eentr-un top realizat de visualcapitalist.com.\" \/>\n<meta property=\"og:url\" content=\"https:\/\/buletin.de\/bucuresti\/reteaua-de-metrou-din-bucuresti-pe-locul-7-intr-un-top-european-la-egalitate-cu-lisabona-care-sunt-criteriile\/\" \/>\n<meta property=\"og:site_name\" content=\"Buletin de Bucure\u0219ti\" \/>\n<meta property=\"article:publisher\" content=\"https:\/\/www.facebook.com\/buletin.de.buc\" \/>\n<meta property=\"article:published_time\" content=\"2024-11-10T10:39:35+00:00\" \/>\n<meta property=\"article:modified_time\" content=\"2024-11-11T06:59:11+00:00\" \/>\n<meta property=\"og:image\" content=\"https:\/\/buletin.de\/bucuresti\/wp-content\/uploads\/metrou.jpg\" \/>\n\t<meta property=\"og:image:width\" content=\"1200\" \/>\n\t<meta property=\"og:image:height\" content=\"800\" \/>\n\t<meta property=\"og:image:type\" content=\"image\/jpeg\" \/>\n<meta name=\"author\" content=\"Ionu\u021b Lepa\" \/>\n<meta name=\"twitter:card\" content=\"summary_large_image\" \/>\n<meta name=\"twitter:label1\" content=\"Written by\" \/>\n\t<meta name=\"twitter:data1\" content=\"Ionu\u021b Lepa\" \/>\n\t<meta name=\"twitter:label2\" content=\"Estimated reading time\" \/>\n\t<meta name=\"twitter:data2\" content=\"3 minutes\" \/>\n<script type=\"application\/ld+json\" class=\"yoast-schema-graph\">{\"@context\":\"https:\\\/\\\/schema.org\",\"@graph\":[{\"@type\":\"Article\",\"@id\":\"https:\\\/\\\/buletin.de\\\/bucuresti\\\/reteaua-de-metrou-din-bucuresti-pe-locul-7-intr-un-top-european-la-egalitate-cu-lisabona-care-sunt-criteriile\\\/#article\",\"isPartOf\":{\"@id\":\"https:\\\/\\\/buletin.de\\\/bucuresti\\\/reteaua-de-metrou-din-bucuresti-pe-locul-7-intr-un-top-european-la-egalitate-cu-lisabona-care-sunt-criteriile\\\/\"},\"author\":{\"name\":\"Ionu\u021b Lepa\",\"@id\":\"https:\\\/\\\/buletin.de\\\/bucuresti\\\/#\\\/schema\\\/person\\\/5272b8a057b33890940b57b837fc4ce6\"},\"headline\":\"Re\u0163eaua de metrou din Bucure\u015fti, pe locul 7 \u00eentr-un top european, la egalitate cu Lisabona. Care sunt criteriile\",\"datePublished\":\"2024-11-10T10:39:35+00:00\",\"dateModified\":\"2024-11-11T06:59:11+00:00\",\"mainEntityOfPage\":{\"@id\":\"https:\\\/\\\/buletin.de\\\/bucuresti\\\/reteaua-de-metrou-din-bucuresti-pe-locul-7-intr-un-top-european-la-egalitate-cu-lisabona-care-sunt-criteriile\\\/\"},\"wordCount\":482,\"publisher\":{\"@id\":\"https:\\\/\\\/buletin.de\\\/bucuresti\\\/#organization\"},\"image\":{\"@id\":\"https:\\\/\\\/buletin.de\\\/bucuresti\\\/reteaua-de-metrou-din-bucuresti-pe-locul-7-intr-un-top-european-la-egalitate-cu-lisabona-care-sunt-criteriile\\\/#primaryimage\"},\"thumbnailUrl\":\"https:\\\/\\\/buletin.de\\\/bucuresti\\\/wp-content\\\/uploads\\\/metrou.jpg\",\"keywords\":[\"clasament retele metrou europa\",\"metrou bucuresti\",\"metrou europa\"],\"articleSection\":[\"Articole\",\"Main\",\"Transport\"],\"inLanguage\":\"en-GB\",\"copyrightYear\":\"2024\",\"copyrightHolder\":{\"@id\":\"https:\\\/\\\/buletin.de\\\/bucuresti\\\/#organization\"}},{\"@type\":\"WebPage\",\"@id\":\"https:\\\/\\\/buletin.de\\\/bucuresti\\\/reteaua-de-metrou-din-bucuresti-pe-locul-7-intr-un-top-european-la-egalitate-cu-lisabona-care-sunt-criteriile\\\/\",\"url\":\"https:\\\/\\\/buletin.de\\\/bucuresti\\\/reteaua-de-metrou-din-bucuresti-pe-locul-7-intr-un-top-european-la-egalitate-cu-lisabona-care-sunt-criteriile\\\/\",\"name\":\"Re\u0163eaua de metrou din Bucure\u015fti, pe locul 7 \u00eentr-un top european, la egalitate cu Lisabona. Care sunt criteriile - Buletin de Bucure\u0219ti\",\"isPartOf\":{\"@id\":\"https:\\\/\\\/buletin.de\\\/bucuresti\\\/#website\"},\"primaryImageOfPage\":{\"@id\":\"https:\\\/\\\/buletin.de\\\/bucuresti\\\/reteaua-de-metrou-din-bucuresti-pe-locul-7-intr-un-top-european-la-egalitate-cu-lisabona-care-sunt-criteriile\\\/#primaryimage\"},\"image\":{\"@id\":\"https:\\\/\\\/buletin.de\\\/bucuresti\\\/reteaua-de-metrou-din-bucuresti-pe-locul-7-intr-un-top-european-la-egalitate-cu-lisabona-care-sunt-criteriile\\\/#primaryimage\"},\"thumbnailUrl\":\"https:\\\/\\\/buletin.de\\\/bucuresti\\\/wp-content\\\/uploads\\\/metrou.jpg\",\"datePublished\":\"2024-11-10T10:39:35+00:00\",\"dateModified\":\"2024-11-11T06:59:11+00:00\",\"description\":\"Re\u0163eaua de metrou din Bucure\u015fti a fost cotat\u0103 cu nota 5.97 din 10, \u00eentr-un top realizat de visualcapitalist.com.\",\"breadcrumb\":{\"@id\":\"https:\\\/\\\/buletin.de\\\/bucuresti\\\/reteaua-de-metrou-din-bucuresti-pe-locul-7-intr-un-top-european-la-egalitate-cu-lisabona-care-sunt-criteriile\\\/#breadcrumb\"},\"inLanguage\":\"en-GB\",\"potentialAction\":[{\"@type\":\"ReadAction\",\"target\":[\"https:\\\/\\\/buletin.de\\\/bucuresti\\\/reteaua-de-metrou-din-bucuresti-pe-locul-7-intr-un-top-european-la-egalitate-cu-lisabona-care-sunt-criteriile\\\/\"]}]},{\"@type\":\"ImageObject\",\"inLanguage\":\"en-GB\",\"@id\":\"https:\\\/\\\/buletin.de\\\/bucuresti\\\/reteaua-de-metrou-din-bucuresti-pe-locul-7-intr-un-top-european-la-egalitate-cu-lisabona-care-sunt-criteriile\\\/#primaryimage\",\"url\":\"https:\\\/\\\/buletin.de\\\/bucuresti\\\/wp-content\\\/uploads\\\/metrou.jpg\",\"contentUrl\":\"https:\\\/\\\/buletin.de\\\/bucuresti\\\/wp-content\\\/uploads\\\/metrou.jpg\",\"width\":1200,\"height\":800,\"caption\":\"Re\u0163eaua de metrou din Bucure\u015fti, pe locul 7 \u00eentr-un top online. FOTO: Arhiv\u0103\"},{\"@type\":\"BreadcrumbList\",\"@id\":\"https:\\\/\\\/buletin.de\\\/bucuresti\\\/reteaua-de-metrou-din-bucuresti-pe-locul-7-intr-un-top-european-la-egalitate-cu-lisabona-care-sunt-criteriile\\\/#breadcrumb\",\"itemListElement\":[{\"@type\":\"ListItem\",\"position\":1,\"name\":\"Acas\u0103\",\"item\":\"https:\\\/\\\/buletin.de\\\/bucuresti\\\/\"},{\"@type\":\"ListItem\",\"position\":2,\"name\":\"Re\u0163eaua de metrou din Bucure\u015fti, pe locul 7 \u00eentr-un top european, la egalitate cu Lisabona. Care sunt criteriile\"}]},{\"@type\":\"WebSite\",\"@id\":\"https:\\\/\\\/buletin.de\\\/bucuresti\\\/#website\",\"url\":\"https:\\\/\\\/buletin.de\\\/bucuresti\\\/\",\"name\":\"Buletin de Bucure\u0219ti\",\"description\":\"\u0218tiri \u0219i investiga\u021bii esen\u021biale din capital\u0103\",\"publisher\":{\"@id\":\"https:\\\/\\\/buletin.de\\\/bucuresti\\\/#organization\"},\"potentialAction\":[{\"@type\":\"SearchAction\",\"target\":{\"@type\":\"EntryPoint\",\"urlTemplate\":\"https:\\\/\\\/buletin.de\\\/bucuresti\\\/?s={search_term_string}\"},\"query-input\":{\"@type\":\"PropertyValueSpecification\",\"valueRequired\":true,\"valueName\":\"search_term_string\"}}],\"inLanguage\":\"en-GB\"},{\"@type\":\"Organization\",\"@id\":\"https:\\\/\\\/buletin.de\\\/bucuresti\\\/#organization\",\"name\":\"Buletin de Bucure\u0219ti\",\"url\":\"https:\\\/\\\/buletin.de\\\/bucuresti\\\/\",\"logo\":{\"@type\":\"ImageObject\",\"inLanguage\":\"en-GB\",\"@id\":\"https:\\\/\\\/buletin.de\\\/bucuresti\\\/#\\\/schema\\\/logo\\\/image\\\/\",\"url\":\"https:\\\/\\\/buletin.de\\\/bucuresti\\\/wp-content\\\/uploads\\\/logo-bdb-full-wide-vernil-transparent.png\",\"contentUrl\":\"https:\\\/\\\/buletin.de\\\/bucuresti\\\/wp-content\\\/uploads\\\/logo-bdb-full-wide-vernil-transparent.png\",\"width\":1782,\"height\":626,\"caption\":\"Buletin de Bucure\u0219ti\"},\"image\":{\"@id\":\"https:\\\/\\\/buletin.de\\\/bucuresti\\\/#\\\/schema\\\/logo\\\/image\\\/\"},\"sameAs\":[\"https:\\\/\\\/www.facebook.com\\\/buletin.de.buc\",\"https:\\\/\\\/www.instagram.com\\\/buletinde.bucuresti\\\/\"]},{\"@type\":\"Person\",\"@id\":\"https:\\\/\\\/buletin.de\\\/bucuresti\\\/#\\\/schema\\\/person\\\/5272b8a057b33890940b57b837fc4ce6\",\"name\":\"Ionu\u021b Lepa\",\"image\":{\"@type\":\"ImageObject\",\"inLanguage\":\"en-GB\",\"@id\":\"https:\\\/\\\/buletin.de\\\/bucuresti\\\/wp-content\\\/uploads\\\/Ionut-Lepa-96x96.jpg5c4e4d9e049808799a8821652d2410a4\",\"url\":\"https:\\\/\\\/buletin.de\\\/bucuresti\\\/wp-content\\\/uploads\\\/Ionut-Lepa-96x96.jpg\",\"contentUrl\":\"https:\\\/\\\/buletin.de\\\/bucuresti\\\/wp-content\\\/uploads\\\/Ionut-Lepa-96x96.jpg\",\"caption\":\"Ionu\u021b Lepa\"},\"url\":\"https:\\\/\\\/buletin.de\\\/bucuresti\\\/author\\\/ionutlepa\\\/\"}]}<\/script>\n<!-- \/ Yoast SEO Premium plugin. -->","yoast_head_json":{"title":"Re\u0163eaua de metrou din Bucure\u015fti, pe locul 7 \u00eentr-un top european, la egalitate cu Lisabona. Care sunt criteriile - Buletin de Bucure\u0219ti","description":"Re\u0163eaua de metrou din Bucure\u015fti a fost cotat\u0103 cu nota 5.97 din 10, \u00eentr-un top realizat de visualcapitalist.com.","robots":{"index":"index","follow":"follow","max-snippet":"max-snippet:-1","max-image-preview":"max-image-preview:large","max-video-preview":"max-video-preview:-1"},"canonical":"https:\/\/buletin.de\/bucuresti\/reteaua-de-metrou-din-bucuresti-pe-locul-7-intr-un-top-european-la-egalitate-cu-lisabona-care-sunt-criteriile\/","og_locale":"en_GB","og_type":"article","og_title":"Re\u0163eaua de metrou din Bucure\u015fti, pe locul 7 \u00eentr-un top european, la egalitate cu Lisabona. Care sunt criteriile","og_description":"Re\u0163eaua de metrou din Bucure\u015fti a fost cotat\u0103 cu nota 5.97 din 10, \u00eentr-un top realizat de visualcapitalist.com.","og_url":"https:\/\/buletin.de\/bucuresti\/reteaua-de-metrou-din-bucuresti-pe-locul-7-intr-un-top-european-la-egalitate-cu-lisabona-care-sunt-criteriile\/","og_site_name":"Buletin de Bucure\u0219ti","article_publisher":"https:\/\/www.facebook.com\/buletin.de.buc","article_published_time":"2024-11-10T10:39:35+00:00","article_modified_time":"2024-11-11T06:59:11+00:00","og_image":[{"width":1200,"height":800,"url":"https:\/\/buletin.de\/bucuresti\/wp-content\/uploads\/metrou.jpg","type":"image\/jpeg"}],"author":"Ionu\u021b Lepa","twitter_card":"summary_large_image","twitter_misc":{"Written by":"Ionu\u021b Lepa","Estimated reading time":"3 minutes"},"schema":{"@context":"https:\/\/schema.org","@graph":[{"@type":"Article","@id":"https:\/\/buletin.de\/bucuresti\/reteaua-de-metrou-din-bucuresti-pe-locul-7-intr-un-top-european-la-egalitate-cu-lisabona-care-sunt-criteriile\/#article","isPartOf":{"@id":"https:\/\/buletin.de\/bucuresti\/reteaua-de-metrou-din-bucuresti-pe-locul-7-intr-un-top-european-la-egalitate-cu-lisabona-care-sunt-criteriile\/"},"author":{"name":"Ionu\u021b Lepa","@id":"https:\/\/buletin.de\/bucuresti\/#\/schema\/person\/5272b8a057b33890940b57b837fc4ce6"},"headline":"Re\u0163eaua de metrou din Bucure\u015fti, pe locul 7 \u00eentr-un top european, la egalitate cu Lisabona. Care sunt criteriile","datePublished":"2024-11-10T10:39:35+00:00","dateModified":"2024-11-11T06:59:11+00:00","mainEntityOfPage":{"@id":"https:\/\/buletin.de\/bucuresti\/reteaua-de-metrou-din-bucuresti-pe-locul-7-intr-un-top-european-la-egalitate-cu-lisabona-care-sunt-criteriile\/"},"wordCount":482,"publisher":{"@id":"https:\/\/buletin.de\/bucuresti\/#organization"},"image":{"@id":"https:\/\/buletin.de\/bucuresti\/reteaua-de-metrou-din-bucuresti-pe-locul-7-intr-un-top-european-la-egalitate-cu-lisabona-care-sunt-criteriile\/#primaryimage"},"thumbnailUrl":"https:\/\/buletin.de\/bucuresti\/wp-content\/uploads\/metrou.jpg","keywords":["clasament retele metrou europa","metrou bucuresti","metrou europa"],"articleSection":["Articole","Main","Transport"],"inLanguage":"en-GB","copyrightYear":"2024","copyrightHolder":{"@id":"https:\/\/buletin.de\/bucuresti\/#organization"}},{"@type":"WebPage","@id":"https:\/\/buletin.de\/bucuresti\/reteaua-de-metrou-din-bucuresti-pe-locul-7-intr-un-top-european-la-egalitate-cu-lisabona-care-sunt-criteriile\/","url":"https:\/\/buletin.de\/bucuresti\/reteaua-de-metrou-din-bucuresti-pe-locul-7-intr-un-top-european-la-egalitate-cu-lisabona-care-sunt-criteriile\/","name":"Re\u0163eaua de metrou din Bucure\u015fti, pe locul 7 \u00eentr-un top european, la egalitate cu Lisabona. Care sunt criteriile - Buletin de Bucure\u0219ti","isPartOf":{"@id":"https:\/\/buletin.de\/bucuresti\/#website"},"primaryImageOfPage":{"@id":"https:\/\/buletin.de\/bucuresti\/reteaua-de-metrou-din-bucuresti-pe-locul-7-intr-un-top-european-la-egalitate-cu-lisabona-care-sunt-criteriile\/#primaryimage"},"image":{"@id":"https:\/\/buletin.de\/bucuresti\/reteaua-de-metrou-din-bucuresti-pe-locul-7-intr-un-top-european-la-egalitate-cu-lisabona-care-sunt-criteriile\/#primaryimage"},"thumbnailUrl":"https:\/\/buletin.de\/bucuresti\/wp-content\/uploads\/metrou.jpg","datePublished":"2024-11-10T10:39:35+00:00","dateModified":"2024-11-11T06:59:11+00:00","description":"Re\u0163eaua de metrou din Bucure\u015fti a fost cotat\u0103 cu nota 5.97 din 10, \u00eentr-un top realizat de visualcapitalist.com.","breadcrumb":{"@id":"https:\/\/buletin.de\/bucuresti\/reteaua-de-metrou-din-bucuresti-pe-locul-7-intr-un-top-european-la-egalitate-cu-lisabona-care-sunt-criteriile\/#breadcrumb"},"inLanguage":"en-GB","potentialAction":[{"@type":"ReadAction","target":["https:\/\/buletin.de\/bucuresti\/reteaua-de-metrou-din-bucuresti-pe-locul-7-intr-un-top-european-la-egalitate-cu-lisabona-care-sunt-criteriile\/"]}]},{"@type":"ImageObject","inLanguage":"en-GB","@id":"https:\/\/buletin.de\/bucuresti\/reteaua-de-metrou-din-bucuresti-pe-locul-7-intr-un-top-european-la-egalitate-cu-lisabona-care-sunt-criteriile\/#primaryimage","url":"https:\/\/buletin.de\/bucuresti\/wp-content\/uploads\/metrou.jpg","contentUrl":"https:\/\/buletin.de\/bucuresti\/wp-content\/uploads\/metrou.jpg","width":1200,"height":800,"caption":"Re\u0163eaua de metrou din Bucure\u015fti, pe locul 7 \u00eentr-un top online. FOTO: Arhiv\u0103"},{"@type":"BreadcrumbList","@id":"https:\/\/buletin.de\/bucuresti\/reteaua-de-metrou-din-bucuresti-pe-locul-7-intr-un-top-european-la-egalitate-cu-lisabona-care-sunt-criteriile\/#breadcrumb","itemListElement":[{"@type":"ListItem","position":1,"name":"Acas\u0103","item":"https:\/\/buletin.de\/bucuresti\/"},{"@type":"ListItem","position":2,"name":"Re\u0163eaua de metrou din Bucure\u015fti, pe locul 7 \u00eentr-un top european, la egalitate cu Lisabona. Care sunt criteriile"}]},{"@type":"WebSite","@id":"https:\/\/buletin.de\/bucuresti\/#website","url":"https:\/\/buletin.de\/bucuresti\/","name":"Buletin de Bucure\u0219ti","description":"\u0218tiri \u0219i investiga\u021bii esen\u021biale din capital\u0103","publisher":{"@id":"https:\/\/buletin.de\/bucuresti\/#organization"},"potentialAction":[{"@type":"SearchAction","target":{"@type":"EntryPoint","urlTemplate":"https:\/\/buletin.de\/bucuresti\/?s={search_term_string}"},"query-input":{"@type":"PropertyValueSpecification","valueRequired":true,"valueName":"search_term_string"}}],"inLanguage":"en-GB"},{"@type":"Organization","@id":"https:\/\/buletin.de\/bucuresti\/#organization","name":"Buletin de Bucure\u0219ti","url":"https:\/\/buletin.de\/bucuresti\/","logo":{"@type":"ImageObject","inLanguage":"en-GB","@id":"https:\/\/buletin.de\/bucuresti\/#\/schema\/logo\/image\/","url":"https:\/\/buletin.de\/bucuresti\/wp-content\/uploads\/logo-bdb-full-wide-vernil-transparent.png","contentUrl":"https:\/\/buletin.de\/bucuresti\/wp-content\/uploads\/logo-bdb-full-wide-vernil-transparent.png","width":1782,"height":626,"caption":"Buletin de Bucure\u0219ti"},"image":{"@id":"https:\/\/buletin.de\/bucuresti\/#\/schema\/logo\/image\/"},"sameAs":["https:\/\/www.facebook.com\/buletin.de.buc","https:\/\/www.instagram.com\/buletinde.bucuresti\/"]},{"@type":"Person","@id":"https:\/\/buletin.de\/bucuresti\/#\/schema\/person\/5272b8a057b33890940b57b837fc4ce6","name":"Ionu\u021b Lepa","image":{"@type":"ImageObject","inLanguage":"en-GB","@id":"https:\/\/buletin.de\/bucuresti\/wp-content\/uploads\/Ionut-Lepa-96x96.jpg5c4e4d9e049808799a8821652d2410a4","url":"https:\/\/buletin.de\/bucuresti\/wp-content\/uploads\/Ionut-Lepa-96x96.jpg","contentUrl":"https:\/\/buletin.de\/bucuresti\/wp-content\/uploads\/Ionut-Lepa-96x96.jpg","caption":"Ionu\u021b Lepa"},"url":"https:\/\/buletin.de\/bucuresti\/author\/ionutlepa\/"}]}},"authors":[{"term_id":22586,"user_id":8,"is_guest":0,"slug":"ionutlepa","display_name":"Ionu\u021b Lepa","avatar_url":"https:\/\/buletin.de\/bucuresti\/wp-content\/uploads\/Ionut-Lepa-96x96.jpg","0":null,"1":"","2":"","3":"","4":"","5":"","6":"","7":"","8":""}],"_links":{"self":[{"href":"https:\/\/buletin.de\/bucuresti\/wp-json\/wp\/v2\/posts\/105732","targetHints":{"allow":["GET"]}}],"collection":[{"href":"https:\/\/buletin.de\/bucuresti\/wp-json\/wp\/v2\/posts"}],"about":[{"href":"https:\/\/buletin.de\/bucuresti\/wp-json\/wp\/v2\/types\/post"}],"author":[{"embeddable":true,"href":"https:\/\/buletin.de\/bucuresti\/wp-json\/wp\/v2\/users\/8"}],"replies":[{"embeddable":true,"href":"https:\/\/buletin.de\/bucuresti\/wp-json\/wp\/v2\/comments?post=105732"}],"version-history":[{"count":4,"href":"https:\/\/buletin.de\/bucuresti\/wp-json\/wp\/v2\/posts\/105732\/revisions"}],"predecessor-version":[{"id":105869,"href":"https:\/\/buletin.de\/bucuresti\/wp-json\/wp\/v2\/posts\/105732\/revisions\/105869"}],"wp:featuredmedia":[{"embeddable":true,"href":"https:\/\/buletin.de\/bucuresti\/wp-json\/wp\/v2\/media\/5284"}],"wp:attachment":[{"href":"https:\/\/buletin.de\/bucuresti\/wp-json\/wp\/v2\/media?parent=105732"}],"wp:term":[{"taxonomy":"category","embeddable":true,"href":"https:\/\/buletin.de\/bucuresti\/wp-json\/wp\/v2\/categories?post=105732"},{"taxonomy":"post_tag","embeddable":true,"href":"https:\/\/buletin.de\/bucuresti\/wp-json\/wp\/v2\/tags?post=105732"},{"taxonomy":"author","embeddable":true,"href":"https:\/\/buletin.de\/bucuresti\/wp-json\/wp\/v2\/ppma_author?post=105732"}],"curies":[{"name":"wp","href":"https:\/\/api.w.org\/{rel}","templated":true}]}}