{"id":105718,"date":"2024-11-10T09:46:00","date_gmt":"2024-11-10T06:46:00","guid":{"rendered":"https:\/\/buletin.de\/bucuresti\/?p=105718"},"modified":"2024-11-10T05:25:36","modified_gmt":"2024-11-10T02:25:36","slug":"intrerupe-curentul-electric","status":"publish","type":"post","link":"https:\/\/buletin.de\/bucuresti\/intrerupe-curentul-electric\/","title":{"rendered":"Re\u021bele Electrice Muntenia \u00eentrerupe curentul electric \u00een Bucure\u0219ti, Ilfov \u0219i Giurgiu. Care sunt zonele afectate"},"content":{"rendered":"\n<p><strong><a href=\"https:\/\/www.reteleelectrice.ro\/ro\/intreruperi-curent\/intreruperi-planificate-muntenia\">Re\u021bele Electrice Muntenia<\/a> \u00eentrerupe curentul electric \u00een perioada 11 \u2013 17 noiembrie, \u00een mai multe zone din Bucure\u0219ti, Ilfov \u0219i Giurgiu. \u00centreruperile sunt necesare din cauza lucr\u0103rilor de repara\u021bii, moderni\u200bzare \u200bsau de mentenan\u021b\u0103, la re\u021beaua electric\u0103.<\/strong><\/p>\n\n\n\n<p>Sist\u0103rile programate se vor realiza pentru a asigura capacitatea re\u021belei de a func\u021biona \u0219i alimenta clien\u021bii, \u00een bune condi\u021bii.<\/p>\n\n\n\n<h2 class=\"wp-block-heading\" id=\"h-unde-se-intrerupe-curentul-electric\"><strong>Unde se \u00eentrerupe curentul electric<\/strong><\/h2>\n\n\n\n<h3 class=\"wp-block-heading\" id=\"h-zona-mt-jt-retea-bucure\u0219ti\"><strong>Zona Mt Jt Re\u0163ea Bucure\u0219ti<\/strong><\/h3>\n\n\n\n<p><strong>Luni , 11 noiembrie 2024<\/strong><\/p>\n\n\n\n<ul class=\"wp-block-list\">\n<li>Calea Giule\u0219ti nr..52 bloc 3 sc. D 09:00 &#8211; 17:00;<\/li>\n\n\n\n<li>Perimetru ce cuprinde str\u0103zile Banu Manta, Pictor Hen\u021bia, Constantinide \u0219i Caraca\u0219 09:00 &#8211; 17:00;<\/li>\n\n\n\n<li>Strada Andrei Mure\u0219an 09:00 &#8211; 17:00.<\/li>\n<\/ul>\n\n\n\n<p><strong>Mar\u021bi, 12 noiembrie 2024<\/strong><\/p>\n\n\n\n<ul class=\"wp-block-list\">\n<li>Str. Prevederii, Trapezului, B-dul Th. Pallady \u00eentre str. Trapezului \u0219i Mizil 09:00 &#8211; 17:00;<\/li>\n\n\n\n<li>Calea Giule\u0219ti nr.52 bloc 3 sc. E 09:00 &#8211; 17:00.<\/li>\n<\/ul>\n\n\n\n<p><strong>Joi, 14 noiembrie 2024<\/strong><\/p>\n\n\n\n<p>Str. Lebedelor, Caraca\u0219 numerele f\u0103r\u0103 so\u021b tronson situat \u00eentre str. Dr. Felix \u0219i str. Maria Hagi Moscu 09:00 &#8211; 17:00.<\/p>\n\n\n\n<h2 class=\"wp-block-heading\" id=\"h-zona-mt-jt-retea-giurgiu-judetul-giurgiu\">Zona Mt Jt Re\u0163ea Giurgiu &#8211; Jude\u0163ul Giurgiu<\/h2>\n\n\n\n<p><strong>Luni, 11 noiembrie 2024 <\/strong><\/p>\n\n\n\n<ul class=\"wp-block-list\">\n<li>Podi\u0219oru, \u0218oseaua principal\u0103 la intrare din spre Buc\u0219ani 09:00 &#8211; (va fi \u00eentrerupere de cca 2 ore \u00eentre acest interval) Crucea de Piatr\u0103, Str. Monumentului, Eroilor, Lunga 09:00 &#8211; 15:00;<\/li>\n\n\n\n<li>Roata Mic\u0103, Localitatea Roat\u0103 mic\u0103 (Zg\u00e2ia) 09:00 &#8211; 17:00;<\/li>\n\n\n\n<li>B\u00e2cu, Calea Bucure\u0219ti 09:00 &#8211; 17:00;<\/li>\n\n\n\n<li>Mih\u0103ile\u0219ti, Complexului zona Vile, Country Club Mih\u0103ile\u0219ti, \u0218coala de echita\u021bie Equo 10:00 &#8211; 13:00.<\/li>\n<\/ul>\n\n\n\n<p><strong>Mar\u021bi, 12 noiembrie 2024<\/strong><\/p>\n\n\n\n<ul class=\"wp-block-list\">\n<li>Crucea de Piatr\u0103, Str. Monumentului, Sf Ilie, Popasului, Eternit\u0103\u021bi, Izlaz, Dealu Doamnei 09:00 &#8211; 15:00<\/li>\n\n\n\n<li>Cartojani, Str. D\u00e2mbovnicului, Olteni, Farmaciei, frumoasei 09:00 &#8211; 17:00;<\/li>\n\n\n\n<li>Mihai Vod\u0103, \u0218colii, Garoafei, Stadionului, P\u0103durii, Sta\u021bia de epurare 09:00 &#8211; 17:00.<\/li>\n<\/ul>\n\n\n\n<p><strong>Miercuri, 13 noiembrie 2024<\/strong><\/p>\n\n\n\n<ul class=\"wp-block-list\">\n<li>Toporu, toate str\u0103zile din Toporu, Prim\u0103ria Toporu, \u0218coala General\u0103 09:00 &#8211; 15:00<\/li>\n\n\n\n<li>Mihai Bravu, Str. Principal\u0103, Ol\u0103reas\u0103, Tangareni, Uli\u021ba Mic\u0103, Putisor, Cimitirului, Valea cu Teapa, Cuvioas\u0103 Paraschiva 09:00 &#8211; 17:00<\/li>\n\n\n\n<li>Roata de Jos, str. Republicii, \u0218colii, Lalelelor, Mihai Eminescu, Constitu\u021biei, Bisericii, R\u00e2ului, Principal\u0103. \u0218coala general\u0103 nr.1 , Sta\u021bia PECO, Remiz\u0103 Pompieri 09:00 &#8211; 17:00.<\/li>\n<\/ul>\n\n\n\n<p><strong>Joi, 14 noiembrie 2024<\/strong><\/p>\n\n\n\n<ul class=\"wp-block-list\">\n<li>V\u00e2n\u0103torii mici, \u0218oseaua principal\u0103 \u0219i adiacente la intrarea din spre localitatea Zadaraciu 09:00 &#8211; 17:00;<\/li>\n\n\n\n<li>Cartojani, Str. Bisericii, Olteni 09:00 &#8211; 17:00.<\/li>\n<\/ul>\n\n\n\n<h2 class=\"wp-block-heading\" id=\"h-zona-mt-jt-retea-ilfov-judetul-ilfov\">Zona Mt Jt Re\u0163ea Ilfov &#8211; Jude\u0163ul Ilfov<\/h2>\n\n\n\n<p><strong>Luni, 11 noiembrie 2024<\/strong><\/p>\n\n\n\n<ul class=\"wp-block-list\">\n<li>Mogo\u0219oaia, str\u0103zile Nichita St\u0103nescu, Fuiorului, Garoafelor, S\u0103lciilor, V\u00e2n\u0103torilor, Doini, Livezilor, Martha Bibescu, Eugen Barbu \u0219i str\u0103zi adiacente 09:00 &#8211; 17:00;<\/li>\n\n\n\n<li>Pantelimon, str. Plantelor, Finetei, Armoniei, P\u0103p\u0103diei, Bucuriei, bd. Biruin\u021bei \u0219i adiacente 09:00 &#8211; 17:00 <\/li>\n\n\n\n<li>Voluntari, \u0218os. Bucure\u0219ti Nord 10, Bloc bloc A, B, C1,C2,C3,C4,C5 09:30 &#8211; 15:00;<\/li>\n\n\n\n<li>Corbeanca, str. Ogorului, Dispensarului, Miori\u021bei, Frumoas\u0103, Medierii, Piscului, Timpului, \u0218tiin\u021bei, Unirii \u00eentre str. Independen\u021bei \u0219i str. Spiralei, CardioRec, C\u0103min Cultural Corbeanca, Cherry Park Residence Corbeanca \u0219i str\u0103zi adiacente, 10:00 &#8211; 18:00 (1 ora \u00een intervalul orar 10.00\u201118.00) ;<\/li>\n\n\n\n<li>Mogo\u0219oaia, str. Martha Bibescu, Ion Bibescu, Miori\u021bei, Nichita St\u0103nescu, Eugen Barbu, Armeneasc\u0103, Povernei, Livezilor, V\u00e2n\u0103torilor, Arie\u0219ului, Mantopol, Marinarilor, Astronomului, Livezilor, Casa Precup, Pictor Luchian, Luceaf\u0103rului, Merilor, Doinei, Austrului, Senatorilor \u0219i str\u0103zi adiacente, Casa Precup 11:00 &#8211; 19:00.<\/li>\n<\/ul>\n\n\n\n<p><strong>Mar\u021bi, 12 noiembrie 2024<\/strong><\/p>\n\n\n\n<ul class=\"wp-block-list\">\n<li>Chitila, str. Libert\u0103\u021bii, Sos. Banatului, Islaz, Intrarea Preda, Poieni, Dej, Mu\u0219e\u021belului, Salciei, Intrarea C\u0103minului, Recoltei \u0219i str\u0103zi adiacente 09:00 &#8211; 17:00;<\/li>\n\n\n\n<li>Moara Vl\u0103siei, str Sfatului, Valea G\u00e2rlei, Filip Grigore Lupu, C\u0103ld\u0103raru, \u00cenvierii, Bisericii Sf. Maria, Notarului, Tineretului, \u00cenv. Paul Cre\u021beanu, Eroilor \u00eentre str Castanului \u0219i str Victoriei, Prim\u0103verii \u0219i str\u0103zi adiacente 09:00 &#8211; 17:00.<\/li>\n<\/ul>\n\n\n\n<p><strong>Miercuri, 13 noiembrie 2024<\/strong><\/p>\n\n\n\n<ul class=\"wp-block-list\">\n<li>M\u0103gurele, str. Emisferei, Fulger, Eforie, Olimp, Venus, Bucure\u0219ti 08:30 &#8211; 16:30;<\/li>\n\n\n\n<li>Gr\u0103di\u0219tea, sat Sitaru, str Romani\u021bei, P\u0103rului, Intrarea Zefirului, Crizantemelor, Burdufului, Gloriei, Teiului \u0219i str\u0103zi adiacente 09:00 &#8211; 17:00. <\/li>\n<\/ul>\n\n\n\n<p><strong>Joi, 14 noiembrie 2024 <\/strong><\/p>\n\n\n\n<p>Balote\u0219ti, str Dumbravei, Dealul Bisericii, Maria Moldoveanu, Orhideelor, Ion Lahovari \u00eentre str. Bunea Dumitru \u0219i str. Zori de Zi, Lacului \u0219i str\u0103zi adiacente 09:00 &#8211; 17:00 <\/p>\n\n\n\n<p><strong>Vineri, 15 noiembrie 2024<\/strong><\/p>\n\n\n\n<p>Corbeanca, str. Magnoliei, Intrarea Tufanilor, Toamnei, Tufi\u0219urilor, Raiului, M\u0103rg\u0103ritarului, Prim\u0103verii, Apusului, R\u0103s\u0103ritului, Balta Alb\u0103, Tufelor \u0219i str\u0103zi adiacente 09:00 &#8211; 17:00.<\/p>\n\n\n\n<p><strong>CITE\u0218TE \u0218I:<\/strong> <a href=\"https:\/\/buletin.de\/bucuresti\/contrabandisti-prinsi-dupa-perchezitii-in-ilfov-si-calarasi-100-de-kilograme-de-tutun-confiscate\/\">Contrabandi\u015fti prin\u015fi dup\u0103 perchezi\u0163ii \u00een Ilfov \u015fi C\u0103l\u0103ra\u015fi. 100 de kilograme de tutun confiscate<\/a><\/p>\n\n\n\n<p><\/p>\n","protected":false},"excerpt":{"rendered":"<p>Re\u021bele Electrice Muntenia \u00eentrerupe curentul electric \u00een perioada 11 \u2013 17 noiembrie, \u00een mai multe zone din Bucure\u0219ti, Ilfov \u0219i Giurgiu. \u00centreruperile sunt necesare din cauza lucr\u0103rilor de repara\u021bii, moderni\u200bzare \u200bsau de mentenan\u021b\u0103, la re\u021beaua electric\u0103. Sist\u0103rile programate se vor realiza pentru a asigura capacitatea re\u021belei de a func\u021biona \u0219i alimenta clien\u021bii, \u00een bune condi\u021bii. [&hellip;]<\/p>\n","protected":false},"author":49,"featured_media":105721,"comment_status":"closed","ping_status":"open","sticky":false,"template":"","format":"standard","meta":{"_acf_changed":false,"inline_featured_image":false,"ngg_post_thumbnail":0,"footnotes":""},"categories":[6994,1432,62],"tags":[2463,820,16337,16514],"ppma_author":[22574],"class_list":["post-105718","post","type-post","status-publish","format-standard","has-post-thumbnail","hentry","category-stiri-2","category-buletin-de-ilfov","category-stiri","tag-giurgiu","tag-ilfov","tag-intreruperi-curent","tag-retele-electrice-muntenia"],"acf":[],"yoast_head":"<!-- This site is optimized with the Yoast SEO Premium plugin v25.3 (Yoast SEO v27.4) - https:\/\/yoast.com\/product\/yoast-seo-premium-wordpress\/ -->\n<title>Re\u021bele Electrice Muntenia \u00eentrerupe curentul electric \u00een Bucure\u0219ti, Ilfov \u0219i Giurgiu. Care sunt zonele afectate - Buletin de Bucure\u0219ti<\/title>\n<meta name=\"description\" content=\"\u00eentrerupe curentul electric. Re\u021bele Electrice Muntenia \u00eentrerupe curentul electric \u00een perioada 11 \u2013 17 noiembrie.\" \/>\n<meta name=\"robots\" content=\"index, follow, max-snippet:-1, max-image-preview:large, max-video-preview:-1\" \/>\n<link rel=\"canonical\" href=\"https:\/\/buletin.de\/bucuresti\/intrerupe-curentul-electric\/\" \/>\n<meta property=\"og:locale\" content=\"en_GB\" \/>\n<meta property=\"og:type\" content=\"article\" \/>\n<meta property=\"og:title\" content=\"Re\u021bele Electrice Muntenia \u00eentrerupe curentul electric \u00een Bucure\u0219ti, Ilfov \u0219i Giurgiu. Care sunt zonele afectate\" \/>\n<meta property=\"og:description\" content=\"\u00eentrerupe curentul electric. Re\u021bele Electrice Muntenia \u00eentrerupe curentul electric \u00een perioada 11 \u2013 17 noiembrie.\" \/>\n<meta property=\"og:url\" content=\"https:\/\/buletin.de\/bucuresti\/intrerupe-curentul-electric\/\" \/>\n<meta property=\"og:site_name\" content=\"Buletin de Bucure\u0219ti\" \/>\n<meta property=\"article:publisher\" content=\"https:\/\/www.facebook.com\/buletin.de.buc\" \/>\n<meta property=\"article:published_time\" content=\"2024-11-10T06:46:00+00:00\" \/>\n<meta property=\"og:image\" content=\"https:\/\/buletin.de\/bucuresti\/wp-content\/uploads\/Retele-Electrice-Muntenia-1-1.jpg\" \/>\n\t<meta property=\"og:image:width\" content=\"1500\" \/>\n\t<meta property=\"og:image:height\" content=\"1437\" \/>\n\t<meta property=\"og:image:type\" content=\"image\/jpeg\" \/>\n<meta name=\"author\" content=\"Diana Matei\" \/>\n<meta name=\"twitter:card\" content=\"summary_large_image\" \/>\n<meta name=\"twitter:label1\" content=\"Written by\" \/>\n\t<meta name=\"twitter:data1\" content=\"Diana Matei\" \/>\n\t<meta name=\"twitter:label2\" content=\"Estimated reading time\" \/>\n\t<meta name=\"twitter:data2\" content=\"3 minutes\" \/>\n<script type=\"application\/ld+json\" class=\"yoast-schema-graph\">{\"@context\":\"https:\\\/\\\/schema.org\",\"@graph\":[{\"@type\":\"Article\",\"@id\":\"https:\\\/\\\/buletin.de\\\/bucuresti\\\/intrerupe-curentul-electric\\\/#article\",\"isPartOf\":{\"@id\":\"https:\\\/\\\/buletin.de\\\/bucuresti\\\/intrerupe-curentul-electric\\\/\"},\"author\":{\"name\":\"Diana Matei\",\"@id\":\"https:\\\/\\\/buletin.de\\\/bucuresti\\\/#\\\/schema\\\/person\\\/7e46040573290777280a0835d81ea4ea\"},\"headline\":\"Re\u021bele Electrice Muntenia \u00eentrerupe curentul electric \u00een Bucure\u0219ti, Ilfov \u0219i Giurgiu. Care sunt zonele afectate\",\"datePublished\":\"2024-11-10T06:46:00+00:00\",\"mainEntityOfPage\":{\"@id\":\"https:\\\/\\\/buletin.de\\\/bucuresti\\\/intrerupe-curentul-electric\\\/\"},\"wordCount\":676,\"publisher\":{\"@id\":\"https:\\\/\\\/buletin.de\\\/bucuresti\\\/#organization\"},\"image\":{\"@id\":\"https:\\\/\\\/buletin.de\\\/bucuresti\\\/intrerupe-curentul-electric\\\/#primaryimage\"},\"thumbnailUrl\":\"https:\\\/\\\/buletin.de\\\/bucuresti\\\/wp-content\\\/uploads\\\/Retele-Electrice-Muntenia-1-1.jpg\",\"keywords\":[\"giurgiu\",\"Ilfov\",\"intreruperi curent\",\"Re\u021bele Electrice Muntenia\"],\"articleSection\":[\"Articole\",\"Buletin de Ilfov\",\"\u0218tiri\"],\"inLanguage\":\"en-GB\",\"copyrightYear\":\"2024\",\"copyrightHolder\":{\"@id\":\"https:\\\/\\\/buletin.de\\\/bucuresti\\\/#organization\"}},{\"@type\":\"WebPage\",\"@id\":\"https:\\\/\\\/buletin.de\\\/bucuresti\\\/intrerupe-curentul-electric\\\/\",\"url\":\"https:\\\/\\\/buletin.de\\\/bucuresti\\\/intrerupe-curentul-electric\\\/\",\"name\":\"Re\u021bele Electrice Muntenia \u00eentrerupe curentul electric \u00een Bucure\u0219ti, Ilfov \u0219i Giurgiu. Care sunt zonele afectate - Buletin de Bucure\u0219ti\",\"isPartOf\":{\"@id\":\"https:\\\/\\\/buletin.de\\\/bucuresti\\\/#website\"},\"primaryImageOfPage\":{\"@id\":\"https:\\\/\\\/buletin.de\\\/bucuresti\\\/intrerupe-curentul-electric\\\/#primaryimage\"},\"image\":{\"@id\":\"https:\\\/\\\/buletin.de\\\/bucuresti\\\/intrerupe-curentul-electric\\\/#primaryimage\"},\"thumbnailUrl\":\"https:\\\/\\\/buletin.de\\\/bucuresti\\\/wp-content\\\/uploads\\\/Retele-Electrice-Muntenia-1-1.jpg\",\"datePublished\":\"2024-11-10T06:46:00+00:00\",\"description\":\"\u00eentrerupe curentul electric. Re\u021bele Electrice Muntenia \u00eentrerupe curentul electric \u00een perioada 11 \u2013 17 noiembrie.\",\"breadcrumb\":{\"@id\":\"https:\\\/\\\/buletin.de\\\/bucuresti\\\/intrerupe-curentul-electric\\\/#breadcrumb\"},\"inLanguage\":\"en-GB\",\"potentialAction\":[{\"@type\":\"ReadAction\",\"target\":[\"https:\\\/\\\/buletin.de\\\/bucuresti\\\/intrerupe-curentul-electric\\\/\"]}]},{\"@type\":\"ImageObject\",\"inLanguage\":\"en-GB\",\"@id\":\"https:\\\/\\\/buletin.de\\\/bucuresti\\\/intrerupe-curentul-electric\\\/#primaryimage\",\"url\":\"https:\\\/\\\/buletin.de\\\/bucuresti\\\/wp-content\\\/uploads\\\/Retele-Electrice-Muntenia-1-1.jpg\",\"contentUrl\":\"https:\\\/\\\/buletin.de\\\/bucuresti\\\/wp-content\\\/uploads\\\/Retele-Electrice-Muntenia-1-1.jpg\",\"width\":1500,\"height\":1437,\"caption\":\"Re\u021bele Electrice Muntenia \u00eentrerupe curentul electric \u00een Bucure\u0219ti, Ilfov \u0219i Giurgiu. FOTO: Arhiva\"},{\"@type\":\"BreadcrumbList\",\"@id\":\"https:\\\/\\\/buletin.de\\\/bucuresti\\\/intrerupe-curentul-electric\\\/#breadcrumb\",\"itemListElement\":[{\"@type\":\"ListItem\",\"position\":1,\"name\":\"Acas\u0103\",\"item\":\"https:\\\/\\\/buletin.de\\\/bucuresti\\\/\"},{\"@type\":\"ListItem\",\"position\":2,\"name\":\"Re\u021bele Electrice Muntenia \u00eentrerupe curentul electric \u00een Bucure\u0219ti, Ilfov \u0219i Giurgiu. Care sunt zonele afectate\"}]},{\"@type\":\"WebSite\",\"@id\":\"https:\\\/\\\/buletin.de\\\/bucuresti\\\/#website\",\"url\":\"https:\\\/\\\/buletin.de\\\/bucuresti\\\/\",\"name\":\"Buletin de Bucure\u0219ti\",\"description\":\"\u0218tiri \u0219i investiga\u021bii esen\u021biale din capital\u0103\",\"publisher\":{\"@id\":\"https:\\\/\\\/buletin.de\\\/bucuresti\\\/#organization\"},\"potentialAction\":[{\"@type\":\"SearchAction\",\"target\":{\"@type\":\"EntryPoint\",\"urlTemplate\":\"https:\\\/\\\/buletin.de\\\/bucuresti\\\/?s={search_term_string}\"},\"query-input\":{\"@type\":\"PropertyValueSpecification\",\"valueRequired\":true,\"valueName\":\"search_term_string\"}}],\"inLanguage\":\"en-GB\"},{\"@type\":\"Organization\",\"@id\":\"https:\\\/\\\/buletin.de\\\/bucuresti\\\/#organization\",\"name\":\"Buletin de Bucure\u0219ti\",\"url\":\"https:\\\/\\\/buletin.de\\\/bucuresti\\\/\",\"logo\":{\"@type\":\"ImageObject\",\"inLanguage\":\"en-GB\",\"@id\":\"https:\\\/\\\/buletin.de\\\/bucuresti\\\/#\\\/schema\\\/logo\\\/image\\\/\",\"url\":\"https:\\\/\\\/buletin.de\\\/bucuresti\\\/wp-content\\\/uploads\\\/logo-bdb-full-wide-vernil-transparent.png\",\"contentUrl\":\"https:\\\/\\\/buletin.de\\\/bucuresti\\\/wp-content\\\/uploads\\\/logo-bdb-full-wide-vernil-transparent.png\",\"width\":1782,\"height\":626,\"caption\":\"Buletin de Bucure\u0219ti\"},\"image\":{\"@id\":\"https:\\\/\\\/buletin.de\\\/bucuresti\\\/#\\\/schema\\\/logo\\\/image\\\/\"},\"sameAs\":[\"https:\\\/\\\/www.facebook.com\\\/buletin.de.buc\",\"https:\\\/\\\/www.instagram.com\\\/buletinde.bucuresti\\\/\"]},{\"@type\":\"Person\",\"@id\":\"https:\\\/\\\/buletin.de\\\/bucuresti\\\/#\\\/schema\\\/person\\\/7e46040573290777280a0835d81ea4ea\",\"name\":\"Diana Matei\",\"image\":{\"@type\":\"ImageObject\",\"inLanguage\":\"en-GB\",\"@id\":\"https:\\\/\\\/buletin.de\\\/bucuresti\\\/wp-content\\\/uploads\\\/9-2-96x96.jpg1e8590b30871d70e62ebcdaf2eff570c\",\"url\":\"https:\\\/\\\/buletin.de\\\/bucuresti\\\/wp-content\\\/uploads\\\/9-2-96x96.jpg\",\"contentUrl\":\"https:\\\/\\\/buletin.de\\\/bucuresti\\\/wp-content\\\/uploads\\\/9-2-96x96.jpg\",\"caption\":\"Diana Matei\"},\"url\":\"https:\\\/\\\/buletin.de\\\/bucuresti\\\/author\\\/dianamatei\\\/\"}]}<\/script>\n<!-- \/ Yoast SEO Premium plugin. -->","yoast_head_json":{"title":"Re\u021bele Electrice Muntenia \u00eentrerupe curentul electric \u00een Bucure\u0219ti, Ilfov \u0219i Giurgiu. Care sunt zonele afectate - Buletin de Bucure\u0219ti","description":"\u00eentrerupe curentul electric. Re\u021bele Electrice Muntenia \u00eentrerupe curentul electric \u00een perioada 11 \u2013 17 noiembrie.","robots":{"index":"index","follow":"follow","max-snippet":"max-snippet:-1","max-image-preview":"max-image-preview:large","max-video-preview":"max-video-preview:-1"},"canonical":"https:\/\/buletin.de\/bucuresti\/intrerupe-curentul-electric\/","og_locale":"en_GB","og_type":"article","og_title":"Re\u021bele Electrice Muntenia \u00eentrerupe curentul electric \u00een Bucure\u0219ti, Ilfov \u0219i Giurgiu. Care sunt zonele afectate","og_description":"\u00eentrerupe curentul electric. Re\u021bele Electrice Muntenia \u00eentrerupe curentul electric \u00een perioada 11 \u2013 17 noiembrie.","og_url":"https:\/\/buletin.de\/bucuresti\/intrerupe-curentul-electric\/","og_site_name":"Buletin de Bucure\u0219ti","article_publisher":"https:\/\/www.facebook.com\/buletin.de.buc","article_published_time":"2024-11-10T06:46:00+00:00","og_image":[{"width":1500,"height":1437,"url":"https:\/\/buletin.de\/bucuresti\/wp-content\/uploads\/Retele-Electrice-Muntenia-1-1.jpg","type":"image\/jpeg"}],"author":"Diana Matei","twitter_card":"summary_large_image","twitter_misc":{"Written by":"Diana Matei","Estimated reading time":"3 minutes"},"schema":{"@context":"https:\/\/schema.org","@graph":[{"@type":"Article","@id":"https:\/\/buletin.de\/bucuresti\/intrerupe-curentul-electric\/#article","isPartOf":{"@id":"https:\/\/buletin.de\/bucuresti\/intrerupe-curentul-electric\/"},"author":{"name":"Diana Matei","@id":"https:\/\/buletin.de\/bucuresti\/#\/schema\/person\/7e46040573290777280a0835d81ea4ea"},"headline":"Re\u021bele Electrice Muntenia \u00eentrerupe curentul electric \u00een Bucure\u0219ti, Ilfov \u0219i Giurgiu. Care sunt zonele afectate","datePublished":"2024-11-10T06:46:00+00:00","mainEntityOfPage":{"@id":"https:\/\/buletin.de\/bucuresti\/intrerupe-curentul-electric\/"},"wordCount":676,"publisher":{"@id":"https:\/\/buletin.de\/bucuresti\/#organization"},"image":{"@id":"https:\/\/buletin.de\/bucuresti\/intrerupe-curentul-electric\/#primaryimage"},"thumbnailUrl":"https:\/\/buletin.de\/bucuresti\/wp-content\/uploads\/Retele-Electrice-Muntenia-1-1.jpg","keywords":["giurgiu","Ilfov","intreruperi curent","Re\u021bele Electrice Muntenia"],"articleSection":["Articole","Buletin de Ilfov","\u0218tiri"],"inLanguage":"en-GB","copyrightYear":"2024","copyrightHolder":{"@id":"https:\/\/buletin.de\/bucuresti\/#organization"}},{"@type":"WebPage","@id":"https:\/\/buletin.de\/bucuresti\/intrerupe-curentul-electric\/","url":"https:\/\/buletin.de\/bucuresti\/intrerupe-curentul-electric\/","name":"Re\u021bele Electrice Muntenia \u00eentrerupe curentul electric \u00een Bucure\u0219ti, Ilfov \u0219i Giurgiu. Care sunt zonele afectate - Buletin de Bucure\u0219ti","isPartOf":{"@id":"https:\/\/buletin.de\/bucuresti\/#website"},"primaryImageOfPage":{"@id":"https:\/\/buletin.de\/bucuresti\/intrerupe-curentul-electric\/#primaryimage"},"image":{"@id":"https:\/\/buletin.de\/bucuresti\/intrerupe-curentul-electric\/#primaryimage"},"thumbnailUrl":"https:\/\/buletin.de\/bucuresti\/wp-content\/uploads\/Retele-Electrice-Muntenia-1-1.jpg","datePublished":"2024-11-10T06:46:00+00:00","description":"\u00eentrerupe curentul electric. Re\u021bele Electrice Muntenia \u00eentrerupe curentul electric \u00een perioada 11 \u2013 17 noiembrie.","breadcrumb":{"@id":"https:\/\/buletin.de\/bucuresti\/intrerupe-curentul-electric\/#breadcrumb"},"inLanguage":"en-GB","potentialAction":[{"@type":"ReadAction","target":["https:\/\/buletin.de\/bucuresti\/intrerupe-curentul-electric\/"]}]},{"@type":"ImageObject","inLanguage":"en-GB","@id":"https:\/\/buletin.de\/bucuresti\/intrerupe-curentul-electric\/#primaryimage","url":"https:\/\/buletin.de\/bucuresti\/wp-content\/uploads\/Retele-Electrice-Muntenia-1-1.jpg","contentUrl":"https:\/\/buletin.de\/bucuresti\/wp-content\/uploads\/Retele-Electrice-Muntenia-1-1.jpg","width":1500,"height":1437,"caption":"Re\u021bele Electrice Muntenia \u00eentrerupe curentul electric \u00een Bucure\u0219ti, Ilfov \u0219i Giurgiu. FOTO: Arhiva"},{"@type":"BreadcrumbList","@id":"https:\/\/buletin.de\/bucuresti\/intrerupe-curentul-electric\/#breadcrumb","itemListElement":[{"@type":"ListItem","position":1,"name":"Acas\u0103","item":"https:\/\/buletin.de\/bucuresti\/"},{"@type":"ListItem","position":2,"name":"Re\u021bele Electrice Muntenia \u00eentrerupe curentul electric \u00een Bucure\u0219ti, Ilfov \u0219i Giurgiu. Care sunt zonele afectate"}]},{"@type":"WebSite","@id":"https:\/\/buletin.de\/bucuresti\/#website","url":"https:\/\/buletin.de\/bucuresti\/","name":"Buletin de Bucure\u0219ti","description":"\u0218tiri \u0219i investiga\u021bii esen\u021biale din capital\u0103","publisher":{"@id":"https:\/\/buletin.de\/bucuresti\/#organization"},"potentialAction":[{"@type":"SearchAction","target":{"@type":"EntryPoint","urlTemplate":"https:\/\/buletin.de\/bucuresti\/?s={search_term_string}"},"query-input":{"@type":"PropertyValueSpecification","valueRequired":true,"valueName":"search_term_string"}}],"inLanguage":"en-GB"},{"@type":"Organization","@id":"https:\/\/buletin.de\/bucuresti\/#organization","name":"Buletin de Bucure\u0219ti","url":"https:\/\/buletin.de\/bucuresti\/","logo":{"@type":"ImageObject","inLanguage":"en-GB","@id":"https:\/\/buletin.de\/bucuresti\/#\/schema\/logo\/image\/","url":"https:\/\/buletin.de\/bucuresti\/wp-content\/uploads\/logo-bdb-full-wide-vernil-transparent.png","contentUrl":"https:\/\/buletin.de\/bucuresti\/wp-content\/uploads\/logo-bdb-full-wide-vernil-transparent.png","width":1782,"height":626,"caption":"Buletin de Bucure\u0219ti"},"image":{"@id":"https:\/\/buletin.de\/bucuresti\/#\/schema\/logo\/image\/"},"sameAs":["https:\/\/www.facebook.com\/buletin.de.buc","https:\/\/www.instagram.com\/buletinde.bucuresti\/"]},{"@type":"Person","@id":"https:\/\/buletin.de\/bucuresti\/#\/schema\/person\/7e46040573290777280a0835d81ea4ea","name":"Diana Matei","image":{"@type":"ImageObject","inLanguage":"en-GB","@id":"https:\/\/buletin.de\/bucuresti\/wp-content\/uploads\/9-2-96x96.jpg1e8590b30871d70e62ebcdaf2eff570c","url":"https:\/\/buletin.de\/bucuresti\/wp-content\/uploads\/9-2-96x96.jpg","contentUrl":"https:\/\/buletin.de\/bucuresti\/wp-content\/uploads\/9-2-96x96.jpg","caption":"Diana Matei"},"url":"https:\/\/buletin.de\/bucuresti\/author\/dianamatei\/"}]}},"authors":[{"term_id":22574,"user_id":49,"is_guest":0,"slug":"dianamatei","display_name":"Diana Matei","avatar_url":"https:\/\/buletin.de\/bucuresti\/wp-content\/uploads\/9-2-96x96.jpg","0":null,"1":"","2":"","3":"","4":"","5":"","6":"","7":"","8":""}],"_links":{"self":[{"href":"https:\/\/buletin.de\/bucuresti\/wp-json\/wp\/v2\/posts\/105718","targetHints":{"allow":["GET"]}}],"collection":[{"href":"https:\/\/buletin.de\/bucuresti\/wp-json\/wp\/v2\/posts"}],"about":[{"href":"https:\/\/buletin.de\/bucuresti\/wp-json\/wp\/v2\/types\/post"}],"author":[{"embeddable":true,"href":"https:\/\/buletin.de\/bucuresti\/wp-json\/wp\/v2\/users\/49"}],"replies":[{"embeddable":true,"href":"https:\/\/buletin.de\/bucuresti\/wp-json\/wp\/v2\/comments?post=105718"}],"version-history":[{"count":3,"href":"https:\/\/buletin.de\/bucuresti\/wp-json\/wp\/v2\/posts\/105718\/revisions"}],"predecessor-version":[{"id":105741,"href":"https:\/\/buletin.de\/bucuresti\/wp-json\/wp\/v2\/posts\/105718\/revisions\/105741"}],"wp:featuredmedia":[{"embeddable":true,"href":"https:\/\/buletin.de\/bucuresti\/wp-json\/wp\/v2\/media\/105721"}],"wp:attachment":[{"href":"https:\/\/buletin.de\/bucuresti\/wp-json\/wp\/v2\/media?parent=105718"}],"wp:term":[{"taxonomy":"category","embeddable":true,"href":"https:\/\/buletin.de\/bucuresti\/wp-json\/wp\/v2\/categories?post=105718"},{"taxonomy":"post_tag","embeddable":true,"href":"https:\/\/buletin.de\/bucuresti\/wp-json\/wp\/v2\/tags?post=105718"},{"taxonomy":"author","embeddable":true,"href":"https:\/\/buletin.de\/bucuresti\/wp-json\/wp\/v2\/ppma_author?post=105718"}],"curies":[{"name":"wp","href":"https:\/\/api.w.org\/{rel}","templated":true}]}}