{"id":105706,"date":"2024-11-10T17:41:52","date_gmt":"2024-11-10T14:41:52","guid":{"rendered":"https:\/\/buletin.de\/bucuresti\/?p=105706"},"modified":"2024-12-18T13:27:58","modified_gmt":"2024-12-18T10:27:58","slug":"asalt-digital-asupra-lui-ciolacu-pentru-centura-verde-a-capitalei-consecinte-catastrofale-pentru-paduri","status":"publish","type":"post","link":"https:\/\/buletin.de\/bucuresti\/asalt-digital-asupra-lui-ciolacu-pentru-centura-verde-a-capitalei-consecinte-catastrofale-pentru-paduri\/","title":{"rendered":"Asalt digital asupra lui Ciolacu pentru Centura Verde a Capitalei. Am\u00e2narea Codului Silvic, \u201econsecin\u021be catastrofale pentru p\u0103duri\u201d"},"content":{"rendered":"\n<p><strong>Update 11 noiembrie: <\/strong>Alex G\u0103van, Fondatorul Platformei Civice \u00cempreun\u0103 pentru Centura Verde, \u00eei solicit\u0103 premierului Marcel Ciolacu deblocarea Codului Silvic \u00een Parlament, printr-o scrisoare deschis\u0103.<\/p>\n\n\n\n<div data-wp-interactive=\"core\/file\" class=\"wp-block-file\"><object data-wp-bind--hidden=\"!state.hasPdfPreview\" hidden class=\"wp-block-file__embed\" data=\"https:\/\/buletin.de\/bucuresti\/wp-content\/uploads\/Scrisoare-deschisa-catre-Marcel-Ciolacu-pentru-deblocarea-codului-silvic-in-Parlament_Platforma-Civica-Impreuna-pentru-Centura-Verde_11-noiembrie-2024.pdf\" type=\"application\/pdf\" style=\"width:100%;height:600px\" aria-label=\"Embed of Scrisoare deschisa\u0306 ca\u0306tre Marcel Ciolacu pentru deblocarea codului silvic, i\u0302n Parlament_Platforma Civica\u0306 I\u0302mpreuna\u0306 pentru Centura Verde_11 noiembrie 2024.\"><\/object><a id=\"wp-block-file--media-967a0529-cfeb-44e7-a366-341686444482\" href=\"https:\/\/buletin.de\/bucuresti\/wp-content\/uploads\/Scrisoare-deschisa-catre-Marcel-Ciolacu-pentru-deblocarea-codului-silvic-in-Parlament_Platforma-Civica-Impreuna-pentru-Centura-Verde_11-noiembrie-2024.pdf\">Scrisoare deschisa\u0306 ca\u0306tre Marcel Ciolacu pentru deblocarea codului silvic, i\u0302n Parlament_Platforma Civica\u0306 I\u0302mpreuna\u0306 pentru Centura Verde_11 noiembrie 2024<\/a><a href=\"https:\/\/buletin.de\/bucuresti\/wp-content\/uploads\/Scrisoare-deschisa-catre-Marcel-Ciolacu-pentru-deblocarea-codului-silvic-in-Parlament_Platforma-Civica-Impreuna-pentru-Centura-Verde_11-noiembrie-2024.pdf\" class=\"wp-block-file__button wp-element-button\" download aria-describedby=\"wp-block-file--media-967a0529-cfeb-44e7-a366-341686444482\">Download<\/a><\/div>\n\n\n\n<p><strong>Sute de oameni \u00eei cer premierului Marcel Ciolacu adoptarea noului Cod Silvic \u015fi implicit, a prevederilor proiectului pentru Centura Verde a Capitalei \u00eenainte de alegeri.<\/strong><\/p>\n\n\n\n<p><strong>Pre\u015fedintele social-democra\u0163ilor a primit \u00een jur de 1.000 de comentarii pe pagina de Facebook, dup\u0103 ce organiza\u0163iile <a href=\"https:\/\/www.greenpeace.org\/romania\/?_gl=1%2Apa1fsz%2A_up%2AMQ..%2A_ga%2AMTI3ODMxMDE5NC4xNzMxMjM2OTA0%2A_ga_0CCB1GTVV6%2AMTczMTIzNjkwNC4xLjEuMTczMTIzNjkxMC4wLjAuMA..%2A_ga_PBE50ECDXV%2AMTczMTIzNjkwNC4xLjEuMTczMTIzNjkxMC4wLjAuMA..\">Greenpeace<\/a> \u015fi<a href=\"https:\/\/www.declic.ro\"> Declic<\/a> au tras un semnal de alarm\u0103 cu privire la consecin\u0163ele dezastruoase asupra p\u0103durilor pe care le va avea am\u00e2narea votului.<\/strong><\/p>\n\n\n\n<figure class=\"wp-block-image size-large\"><img fetchpriority=\"high\" decoding=\"async\" width=\"900\" height=\"287\" src=\"data:image\/gif;base64,R0lGODlhAQABAAAAACH5BAEKAAEALAAAAAABAAEAAAICTAEAOw==\" data-src=\"https:\/\/buletin.de\/bucuresti\/wp-content\/uploads\/image_2024-11-10_132538857-900x287.png\" alt=\"Sute de oameni \u00eei cer premierului Marcel Ciolacu adoptarea noului Cod Silvic \u015fi implicit, a prevederilor proiectului pentru Centura Verde a Capitalei \u00eenainte de alegeri.\" class=\"wp-image-105825 lazyload\" data-sizes=\"auto\" data-srcset=\"https:\/\/buletin.de\/bucuresti\/wp-content\/uploads\/image_2024-11-10_132538857-900x287.png 900w, https:\/\/buletin.de\/bucuresti\/wp-content\/uploads\/image_2024-11-10_132538857-300x96.png 300w, https:\/\/buletin.de\/bucuresti\/wp-content\/uploads\/image_2024-11-10_132538857-768x245.png 768w, https:\/\/buletin.de\/bucuresti\/wp-content\/uploads\/image_2024-11-10_132538857-600x191.png 600w, https:\/\/buletin.de\/bucuresti\/wp-content\/uploads\/image_2024-11-10_132538857-20x6.png 20w, https:\/\/buletin.de\/bucuresti\/wp-content\/uploads\/image_2024-11-10_132538857.png 936w\" sizes=\"(max-width: 900px) 100vw, 900px\" \/><figcaption class=\"wp-element-caption\">Sute de oameni \u00eei cer premierului Marcel Ciolacu adoptarea noului Cod Silvic \u015fi implicit, a prevederilor proiectului pentru Centura Verde a Capitalei \u00eenainte de alegeri.<\/figcaption><\/figure>\n\n\n\n<h2 class=\"wp-block-heading\" id=\"h-prevederile-legale-pentru-centura-verde-a-capitalei-amanate-de-un-an-si-jumatate\">Prevederile legale pentru Centura Verde a Capitalei, am\u00e2nate de un an \u015fi jum\u0103tate<\/h2>\n\n\n\n<p>Buletin de Bucure\u015fti a relatat cum <a href=\"https:\/\/buletin.de\/bucuresti\/centura-verde-bucuresti-ilfov-unde-s-a-blocat-proiectul-pentru-protejarea-padurilor-din-jurul-capitalei\/\">proiectul de lege pentru Centura Verde Bucure\u0219ti-Ilfov a fost \u00eenaintat ini\u021bial c\u0103tre Parlament \u00een data de<strong> 12 aprilie 2023<\/strong><\/a>, \u00eens\u0103 a r\u0103mas blocat la ultima comisie din Camera Deputa\u021bilor, cea pentru \u201eagricultur\u0103, silvicultur\u0103, industrie alimentar\u0103 \u0219i servicii specifice\u201d.<\/p>\n\n\n\n<p>Un an mai t\u00e2rziu, prevederile sale au fost depuse \u0219i ca amendamente la<strong> noul Cod Silvic, jalon \u00een Planul Na\u021bional de Redresare \u0219i Rezilien\u021b\u0103 (PNRR).<\/strong><\/p>\n\n\n\n<figure class=\"wp-block-image size-full\"><img decoding=\"async\" width=\"662\" height=\"172\" src=\"data:image\/gif;base64,R0lGODlhAQABAAAAACH5BAEKAAEALAAAAAABAAEAAAICTAEAOw==\" data-src=\"https:\/\/buletin.de\/bucuresti\/wp-content\/uploads\/image_2024-11-10_134347514.png\" alt=\"pentru Centura Verde a Capitalei\" class=\"wp-image-105829 lazyload\" data-sizes=\"auto\" data-srcset=\"https:\/\/buletin.de\/bucuresti\/wp-content\/uploads\/image_2024-11-10_134347514.png 662w, https:\/\/buletin.de\/bucuresti\/wp-content\/uploads\/image_2024-11-10_134347514-300x78.png 300w, https:\/\/buletin.de\/bucuresti\/wp-content\/uploads\/image_2024-11-10_134347514-600x156.png 600w, https:\/\/buletin.de\/bucuresti\/wp-content\/uploads\/image_2024-11-10_134347514-20x5.png 20w\" sizes=\"(max-width: 662px) 100vw, 662px\" \/><\/figure>\n\n\n\n<p>Nu a fost nici a\u0219a \u201ecu noroc\u201d. La mai bine de jum\u0103tate de an dup\u0103 ce a trecut de Senat, Codul Silvic care ar trebui s\u0103 protejeze p\u0103durile din jurul Capitalei \u00eenc\u0103 a\u0219teapt\u0103 raport de la comisiile permanente din Camera Deputa\u021bilor.<\/p>\n\n\n\n<h2 class=\"wp-block-heading\" id=\"h-cum-s-ar-putea-pierde-bani-europeni\">Cum s-ar putea pierde bani europeni<\/h2>\n\n\n\n<p>Aflat \u00een procedur\u0103 de urgen\u021b\u0103 \u00eenc\u0103 din prim\u0103var\u0103, noul Cod Silvic reprezint\u0103 unul dintre jaloanele incluse \u00een PNRR, dep\u0103\u0219ite \u00eenc\u0103 din vara acestui an. De adoptarea sa depinde plata 4 din PNRR, cu o valoare net\u0103 de 2,77 miliarde euro, potrivit <a href=\"https:\/\/economedia.ro\/romania-va-depune-cererea-de-plata-numarul-4-din-pnrr-in-trimestrul-iii-cate-jaloane-sunt-indeplinite-la-acest-stadiu.html\">economedia.ro.<\/a> <\/p>\n\n\n\n<p><strong>Pe l\u00e2ng\u0103 pierderea fondurilor pentru monitorizarea p\u0103durilor, <a href=\"https:\/\/www.declic.ro\">comunitatea Declic<\/a> avertizeaz\u0103 cum am\u00e2narea votului dup\u0103 alegeri va da \u201em\u00e2n\u0103 liber\u0103\u201d politicienilor pentru a da curs \u201econcesiilor dezastruoase\u201d ale industriei lemnului<\/strong>.<\/p>\n\n\n\n<blockquote class=\"wp-block-quote is-layout-flow wp-block-quote-is-layout-flow\">\n<p><strong>Consecin\u021bele sunt catastrofale pentru p\u0103duri.&nbsp;Vom pierde sute de milioane de euro din PNRR,&nbsp;bani de care depinde realizarea sistemului de paz\u0103 video \u0219i prin satelit a p\u0103durilor. \u00cen plus, sc\u0103pa\u021bi de alegeri \u0219i f\u0103r\u0103 frica votului nostru, politicienii nu se vor mai teme s\u0103 fac\u0103 industriei lemnului orice concesii dezastruoase pentru p\u0103duri.<\/strong><\/p>\n<cite>Citat din Newsletterul Declic<\/cite><\/blockquote>\n\n\n\n<p>De altfel, Declic a asistat la \u0219edin\u021ba Comisiei de Mediu<strong>&nbsp;<\/strong>din Camera Deputa\u021bilor \u00een care s-a dezb\u0103tut textul legii:<\/p>\n\n\n\n<p><em> \u201ePe r\u00e2nd, timp de peste o or\u0103, sindicali\u0219tii din silvicultur\u0103 \u0219i&nbsp;reprezentan\u021bii industriei lemnului au luat cuv\u00e2ntul \u0219i le-au cerut membrilor comisiei s\u0103 am\u00e2ne dezbaterea \u0219i votul pe Cod.\u201d<\/em><\/p>\n\n\n\n<p>\u00cen acela\u0219i timp,<a href=\"https:\/\/www.greenpeace.org\/romania\/\"> Greenpeace<\/a> atrage aten\u021bia c\u0103<strong> \u201es\u0103pt\u0103m\u00e2na viitoare este ultima \u0219ans\u0103 ca legea s\u0103 ajung\u0103 la votul din plen p\u00e2n\u0103 la alegeri\u201d<\/strong>, \u00een contextul \u00een care primul tur al preziden\u021bialelor va avea loc \u00een mai pu\u021bin de trei s\u0103pt\u0103m\u00e2ni, pe 24 noiembrie.<\/p>\n\n\n\n<p><strong>Mesajul celor dou\u0103 organiza\u021bii a ajuns la peste 250.000 de cet\u0103\u021beni, dintre care aproximativ 1.000 s-au mobilizat prin comentarii.<\/strong><\/p>\n\n\n\n<h2 class=\"wp-block-heading\" id=\"h-pre\u0219edin\u021bii-psd-din-camera-deputa\u021bilor\">Pre\u0219edin\u021bii PSD din Camera Deputa\u021bilor<\/h2>\n\n\n\n<p><strong>Cel mai recent, noul Cod Silvic a fost adoptat cu unanimitate de comisia pentru mediu \u0219i echilibru ecologic a Camerei Deputa\u021bilor, \u00een cursul zilei de<a href=\"https:\/\/buletin.de\/bucuresti\/protejarea-padurilor-din-ilfov-adoptata-cu-unanimitate-de-comisia-pentru-mediu-din-camera-deputatilor\/\"> mar\u021bi, 5 noiembrie.<\/a><\/strong><\/p>\n\n\n\n<p>P\u00e2n\u0103 la promulgare, trebuie s\u0103 fie supus la vot \u00een cadrul a \u00eenc\u0103 dou\u0103 comisii \u0219i ulterior, \u00een plenul Camerei Deputa\u021bilor.<\/p>\n\n\n\n<p>\u0218i <a href=\"https:\/\/www.facebook.com\/alexgavan\/posts\/pfbid02Q3KEzQBoDaGr7ptTigB64pdgubSY7LF7WoTWE74qbJDRPdDYeNng6UuD76o23wXAl?__cft__[0]=AZUMqDaeGS3GFlha0HlQO600NueJYR7eZUrCu-z0tHVd3zxjI1xpBZWNjR6hB5CyuEuB_Q1xw9K4JWyVz7HE3LcTbub0BhtbIh8xvT1ZCegUIZWRNOvHrZaH8q-92d0xvv5MuU1gSXH9jx1Lx6uu78oYjncggy0VRZBcmcDKHGO5-eObRCQqDDmd9eN7QPwJvRc&amp;__tn__=%2CO%2CP-R\">Alex G\u0103van<\/a>, fondatorul Platformei \u00cempreun\u0103 pentru Centura Verde, atrage aten\u021bia cum <em>\u201enu mai exist\u0103 niciun argument de bun\u0103 credin\u021b\u0103 pentru a \u00eel mai t\u0103r\u0103g\u0103na \u0219i a nu se afla pe agendele comisiilor de agricultur\u0103 \u0219i juridic\u0103 chiar s\u0103pt\u0103m\u00e2na viitoare.\u201d<\/em><\/p>\n\n\n\n<p>La momentul actual, niciuna dintre cele dou\u0103 comisii nu are programat\u0103 \u0219edin\u021b\u0103, conform<a href=\"https:\/\/www.cdep.ro\/co\/sedinte.lista\"> calendarului de pe Camera Deputa\u021bilor.<\/a><\/p>\n\n\n\n<p>Pre\u015fedin\u0163ii celor dou\u0103 comisii sunt <strong>membrii PSD<\/strong>:<a href=\"https:\/\/www.cdep.ro\/pls\/parlam\/structura.co?idc=4\"> Chesnoiu Adrian-Ionu\u0163 <\/a>\u00een cazul celei pentru agricultur\u0103 \u015fi <a href=\"https:\/\/www.cdep.ro\/pls\/parlam\/structura.co?idc=11\">T\u0103n\u0103sescu Alina Elena<\/a> \u00een cazul celei juridice.<\/p>\n\n\n\n<figure class=\"wp-block-image size-full\"><img decoding=\"async\" width=\"670\" height=\"75\" src=\"data:image\/gif;base64,R0lGODlhAQABAAAAACH5BAEKAAEALAAAAAABAAEAAAICTAEAOw==\" data-src=\"https:\/\/buletin.de\/bucuresti\/wp-content\/uploads\/image_2024-11-10_130731860.png\" alt=\"\" class=\"wp-image-105823 lazyload\" data-sizes=\"auto\" data-srcset=\"https:\/\/buletin.de\/bucuresti\/wp-content\/uploads\/image_2024-11-10_130731860.png 670w, https:\/\/buletin.de\/bucuresti\/wp-content\/uploads\/image_2024-11-10_130731860-300x34.png 300w, https:\/\/buletin.de\/bucuresti\/wp-content\/uploads\/image_2024-11-10_130731860-600x67.png 600w, https:\/\/buletin.de\/bucuresti\/wp-content\/uploads\/image_2024-11-10_130731860-20x2.png 20w\" sizes=\"(max-width: 670px) 100vw, 670px\" \/><\/figure>\n\n\n\n<p>Asta, \u00een contextul \u00een care pre\u015fedintele social-democra\u0163illor Marcel Ciolacu \u015fi-a asumat crearea de centuri verzi \u00een programul s\u0103u electoral. <\/p>\n\n\n\n<p>Reamintim, PSD a fost \u015fi ultimul partid principal care s-a al\u0103turat demersului prin semnarea<a href=\"https:\/\/drive.google.com\/file\/d\/1BoHEKoht1bsak-ZFWIpsfm7-GK7zdjQb\/view\"> <strong>&nbsp;\u201eMemorandumului pentru Aer Curat, S\u0103n\u0103tate \u0219i Viitor\u201d<\/strong><\/a><strong>, document \u00een \u0219apte puncte ce presupune conservarea p\u0103durilor din jurul Capitalei, \u0219i implicit limitarea exploat\u0103rii comerciale.&nbsp;<\/strong><\/p>\n\n\n\n<h2 class=\"wp-block-heading\" id=\"h-ce-prevad-amendamentele-pentru-centura-verde-a-capitalei\">Ce prev\u0103d amendamentele pentru Centura Verde a Capitalei<\/h2>\n\n\n\n<p>Amendamentele depuse de\u00a0<a href=\"https:\/\/centuraverde.ro\">Platforma Civic\u0103 \u00cempreun\u0103 pentru Centura Verde<\/a><a href=\"https:\/\/www.facebook.com\/PlatformaImpreuna\/?locale=ro_RO\">\u00a0<\/a>presupun:<\/p>\n\n\n\n<ul class=\"wp-block-list\">\n<li><strong>Conservarea p\u0103durilor din Ilfov: exploatarea p\u0103durii cu scop pur comercial va fi interzis\u0103,&nbsp;fiind permise doar lucr\u0103ri pentru \u00eentre\u021binerea p\u0103durilor \u0219i reconstruc\u021bie ecologic\u0103<\/strong><\/li>\n\n\n\n<li>Sanc\u021biuni cuprinse \u00eentre 2 \u0219i 7 ani pentru \u00eenc\u0103lcarea anumitor prevederi legale<\/li>\n\n\n\n<li>Obliga\u021bia autorit\u0103\u021bilor competente de a implementa m\u0103surile preconizate, printre care \u0219i adoptarea unui Plan de Management al P\u0103durilor, \u00een termen de doi ani de la data intr\u0103rii \u00een vigoare a legii<\/li>\n\n\n\n<li>Includerea arborilor remarcabili \u00een Fondul Forestier Na\u021bional \u0219i asigurarea conserv\u0103rii lor<\/li>\n\n\n\n<li><strong>Accesul liber \u00een p\u0103dure, pentru sport \u0219i recreere<\/strong><\/li>\n\n\n\n<li>Reglementarea centurilor verzi la nivel na\u021bional \u0219i obliga\u021bia Ministerului Mediului de a emite metodologia pentru crearea centurilor verzi din jurul ora\u0219elor, \u00een termen de doi ani de la data intr\u0103rii \u00een vigoare a prezentei legi.<\/li>\n<\/ul>\n\n\n\n<p>La momentul actual, m\u0103surile propuse sunt sus\u021binute de <strong>peste 12.000 de semnatari ai&nbsp;<a href=\"https:\/\/campaniamea.declic.ro\/petitions\/impreuna-pentru-centura-verde-bucuresti-ilfov\">peti\u021biei online<\/a>&nbsp;<\/strong>\u00een acest sens.<\/p>\n\n\n\n<p><\/p>\n","protected":false},"excerpt":{"rendered":"<p>Update 11 noiembrie: Alex G\u0103van, Fondatorul Platformei Civice \u00cempreun\u0103 pentru Centura Verde, \u00eei solicit\u0103 premierului Marcel Ciolacu deblocarea Codului Silvic \u00een Parlament, printr-o scrisoare deschis\u0103. Sute de oameni \u00eei cer premierului Marcel Ciolacu adoptarea noului Cod Silvic \u015fi implicit, a prevederilor proiectului pentru Centura Verde a Capitalei \u00eenainte de alegeri. Pre\u015fedintele social-democra\u0163ilor a primit \u00een [&hellip;]<\/p>\n","protected":false},"author":55,"featured_media":105838,"comment_status":"closed","ping_status":"open","sticky":false,"template":"","format":"standard","meta":{"_acf_changed":false,"inline_featured_image":false,"ngg_post_thumbnail":0,"footnotes":""},"categories":[6994,5762,109,9025],"tags":[16763,4765,6733,568,6919,820,2608,11167,16761,2343,11201,65,16762],"ppma_author":[22573],"class_list":["post-105706","post","type-post","status-publish","format-standard","has-post-thumbnail","hentry","category-stiri-2","category-main","category-mediu","category-politic","tag-acces-liber-paduri","tag-camera-deputatilor","tag-centura-verde","tag-declic","tag-greenpeace","tag-ilfov","tag-marcel-ciolacu","tag-noul-cod-silvic","tag-platforma-impreuna-pentru-centura-verde","tag-pnrr","tag-protejarea-padurilor","tag-psd","tag-taieri-de-paduri"],"acf":[],"yoast_head":"<!-- This site is optimized with the Yoast SEO Premium plugin v25.3 (Yoast SEO v27.4) - https:\/\/yoast.com\/product\/yoast-seo-premium-wordpress\/ -->\n<title>Asalt digital asupra lui Ciolacu pentru Centura Verde a Capitalei. Am\u00e2narea Codului Silvic, \u201econsecin\u021be catastrofale pentru p\u0103duri\u201d - Buletin de Bucure\u0219ti<\/title>\n<meta name=\"description\" content=\"Sute de oameni \u00eei cer premierului Marcel Ciolacu adoptarea prevederilor proiectului pentru Centura Verde a Capitalei \u00eenainte de alegeri.\" \/>\n<meta name=\"robots\" content=\"index, follow, max-snippet:-1, max-image-preview:large, max-video-preview:-1\" \/>\n<link rel=\"canonical\" href=\"https:\/\/buletin.de\/bucuresti\/asalt-digital-asupra-lui-ciolacu-pentru-centura-verde-a-capitalei-consecinte-catastrofale-pentru-paduri\/\" \/>\n<meta property=\"og:locale\" content=\"en_GB\" \/>\n<meta property=\"og:type\" content=\"article\" \/>\n<meta property=\"og:title\" content=\"Asalt digital asupra lui Ciolacu pentru Centura Verde a Capitalei. Am\u00e2narea Codului Silvic, \u201econsecin\u021be catastrofale pentru p\u0103duri\u201d\" \/>\n<meta property=\"og:description\" content=\"Sute de oameni \u00eei cer premierului Marcel Ciolacu adoptarea prevederilor proiectului pentru Centura Verde a Capitalei \u00eenainte de alegeri.\" \/>\n<meta property=\"og:url\" content=\"https:\/\/buletin.de\/bucuresti\/asalt-digital-asupra-lui-ciolacu-pentru-centura-verde-a-capitalei-consecinte-catastrofale-pentru-paduri\/\" \/>\n<meta property=\"og:site_name\" content=\"Buletin de Bucure\u0219ti\" \/>\n<meta property=\"article:publisher\" content=\"https:\/\/www.facebook.com\/buletin.de.buc\" \/>\n<meta property=\"article:published_time\" content=\"2024-11-10T14:41:52+00:00\" \/>\n<meta property=\"article:modified_time\" content=\"2024-12-18T10:27:58+00:00\" \/>\n<meta property=\"og:image\" content=\"https:\/\/buletin.de\/bucuresti\/wp-content\/uploads\/WhatsApp-Image-2024-11-10-at-16.00.17_c996fc4f.jpg\" \/>\n\t<meta property=\"og:image:width\" content=\"744\" \/>\n\t<meta property=\"og:image:height\" content=\"496\" \/>\n\t<meta property=\"og:image:type\" content=\"image\/jpeg\" \/>\n<meta name=\"author\" content=\"Andreea Tudor\" \/>\n<meta name=\"twitter:card\" content=\"summary_large_image\" \/>\n<meta name=\"twitter:label1\" content=\"Written by\" \/>\n\t<meta name=\"twitter:data1\" content=\"Andreea Tudor\" \/>\n\t<meta name=\"twitter:label2\" content=\"Estimated reading time\" \/>\n\t<meta name=\"twitter:data2\" content=\"5 minutes\" \/>\n<script type=\"application\/ld+json\" class=\"yoast-schema-graph\">{\"@context\":\"https:\\\/\\\/schema.org\",\"@graph\":[{\"@type\":\"Article\",\"@id\":\"https:\\\/\\\/buletin.de\\\/bucuresti\\\/asalt-digital-asupra-lui-ciolacu-pentru-centura-verde-a-capitalei-consecinte-catastrofale-pentru-paduri\\\/#article\",\"isPartOf\":{\"@id\":\"https:\\\/\\\/buletin.de\\\/bucuresti\\\/asalt-digital-asupra-lui-ciolacu-pentru-centura-verde-a-capitalei-consecinte-catastrofale-pentru-paduri\\\/\"},\"author\":{\"name\":\"Andreea Tudor\",\"@id\":\"https:\\\/\\\/buletin.de\\\/bucuresti\\\/#\\\/schema\\\/person\\\/150590659efde715459d159da012f501\"},\"headline\":\"Asalt digital asupra lui Ciolacu pentru Centura Verde a Capitalei. Am\u00e2narea Codului Silvic, \u201econsecin\u021be catastrofale pentru p\u0103duri\u201d\",\"datePublished\":\"2024-11-10T14:41:52+00:00\",\"dateModified\":\"2024-12-18T10:27:58+00:00\",\"mainEntityOfPage\":{\"@id\":\"https:\\\/\\\/buletin.de\\\/bucuresti\\\/asalt-digital-asupra-lui-ciolacu-pentru-centura-verde-a-capitalei-consecinte-catastrofale-pentru-paduri\\\/\"},\"wordCount\":975,\"publisher\":{\"@id\":\"https:\\\/\\\/buletin.de\\\/bucuresti\\\/#organization\"},\"image\":{\"@id\":\"https:\\\/\\\/buletin.de\\\/bucuresti\\\/asalt-digital-asupra-lui-ciolacu-pentru-centura-verde-a-capitalei-consecinte-catastrofale-pentru-paduri\\\/#primaryimage\"},\"thumbnailUrl\":\"https:\\\/\\\/buletin.de\\\/bucuresti\\\/wp-content\\\/uploads\\\/WhatsApp-Image-2024-11-10-at-16.00.17_c996fc4f.jpg\",\"keywords\":[\"acces liber paduri\",\"camera deputatilor\",\"Centura Verde\",\"declic\",\"Greenpeace\",\"Ilfov\",\"marcel ciolacu\",\"noul cod silvic\",\"platforma impreuna pentru centura verde\",\"pnrr\",\"protejarea padurilor\",\"psd\",\"taieri de paduri\"],\"articleSection\":[\"Articole\",\"Main\",\"Mediu\",\"Politic\"],\"inLanguage\":\"en-GB\",\"copyrightYear\":\"2024\",\"copyrightHolder\":{\"@id\":\"https:\\\/\\\/buletin.de\\\/bucuresti\\\/#organization\"}},{\"@type\":\"WebPage\",\"@id\":\"https:\\\/\\\/buletin.de\\\/bucuresti\\\/asalt-digital-asupra-lui-ciolacu-pentru-centura-verde-a-capitalei-consecinte-catastrofale-pentru-paduri\\\/\",\"url\":\"https:\\\/\\\/buletin.de\\\/bucuresti\\\/asalt-digital-asupra-lui-ciolacu-pentru-centura-verde-a-capitalei-consecinte-catastrofale-pentru-paduri\\\/\",\"name\":\"Asalt digital asupra lui Ciolacu pentru Centura Verde a Capitalei. Am\u00e2narea Codului Silvic, \u201econsecin\u021be catastrofale pentru p\u0103duri\u201d - Buletin de Bucure\u0219ti\",\"isPartOf\":{\"@id\":\"https:\\\/\\\/buletin.de\\\/bucuresti\\\/#website\"},\"primaryImageOfPage\":{\"@id\":\"https:\\\/\\\/buletin.de\\\/bucuresti\\\/asalt-digital-asupra-lui-ciolacu-pentru-centura-verde-a-capitalei-consecinte-catastrofale-pentru-paduri\\\/#primaryimage\"},\"image\":{\"@id\":\"https:\\\/\\\/buletin.de\\\/bucuresti\\\/asalt-digital-asupra-lui-ciolacu-pentru-centura-verde-a-capitalei-consecinte-catastrofale-pentru-paduri\\\/#primaryimage\"},\"thumbnailUrl\":\"https:\\\/\\\/buletin.de\\\/bucuresti\\\/wp-content\\\/uploads\\\/WhatsApp-Image-2024-11-10-at-16.00.17_c996fc4f.jpg\",\"datePublished\":\"2024-11-10T14:41:52+00:00\",\"dateModified\":\"2024-12-18T10:27:58+00:00\",\"description\":\"Sute de oameni \u00eei cer premierului Marcel Ciolacu adoptarea prevederilor proiectului pentru Centura Verde a Capitalei \u00eenainte de alegeri.\",\"breadcrumb\":{\"@id\":\"https:\\\/\\\/buletin.de\\\/bucuresti\\\/asalt-digital-asupra-lui-ciolacu-pentru-centura-verde-a-capitalei-consecinte-catastrofale-pentru-paduri\\\/#breadcrumb\"},\"inLanguage\":\"en-GB\",\"potentialAction\":[{\"@type\":\"ReadAction\",\"target\":[\"https:\\\/\\\/buletin.de\\\/bucuresti\\\/asalt-digital-asupra-lui-ciolacu-pentru-centura-verde-a-capitalei-consecinte-catastrofale-pentru-paduri\\\/\"]}]},{\"@type\":\"ImageObject\",\"inLanguage\":\"en-GB\",\"@id\":\"https:\\\/\\\/buletin.de\\\/bucuresti\\\/asalt-digital-asupra-lui-ciolacu-pentru-centura-verde-a-capitalei-consecinte-catastrofale-pentru-paduri\\\/#primaryimage\",\"url\":\"https:\\\/\\\/buletin.de\\\/bucuresti\\\/wp-content\\\/uploads\\\/WhatsApp-Image-2024-11-10-at-16.00.17_c996fc4f.jpg\",\"contentUrl\":\"https:\\\/\\\/buletin.de\\\/bucuresti\\\/wp-content\\\/uploads\\\/WhatsApp-Image-2024-11-10-at-16.00.17_c996fc4f.jpg\",\"width\":744,\"height\":496,\"caption\":\"Asalt digital asupra lui Ciolacu pentru Centura Verde a Capitalei. Foto: Colaj: Inquam Photos \\\/ Octav Ganea\\\/ Captur\u0103 de ecran FB\\\/ Marcel Ciolacu\"},{\"@type\":\"BreadcrumbList\",\"@id\":\"https:\\\/\\\/buletin.de\\\/bucuresti\\\/asalt-digital-asupra-lui-ciolacu-pentru-centura-verde-a-capitalei-consecinte-catastrofale-pentru-paduri\\\/#breadcrumb\",\"itemListElement\":[{\"@type\":\"ListItem\",\"position\":1,\"name\":\"Acas\u0103\",\"item\":\"https:\\\/\\\/buletin.de\\\/bucuresti\\\/\"},{\"@type\":\"ListItem\",\"position\":2,\"name\":\"Asalt digital asupra lui Ciolacu pentru Centura Verde a Capitalei. Am\u00e2narea Codului Silvic, \u201econsecin\u021be catastrofale pentru p\u0103duri\u201d\"}]},{\"@type\":\"WebSite\",\"@id\":\"https:\\\/\\\/buletin.de\\\/bucuresti\\\/#website\",\"url\":\"https:\\\/\\\/buletin.de\\\/bucuresti\\\/\",\"name\":\"Buletin de Bucure\u0219ti\",\"description\":\"\u0218tiri \u0219i investiga\u021bii esen\u021biale din capital\u0103\",\"publisher\":{\"@id\":\"https:\\\/\\\/buletin.de\\\/bucuresti\\\/#organization\"},\"potentialAction\":[{\"@type\":\"SearchAction\",\"target\":{\"@type\":\"EntryPoint\",\"urlTemplate\":\"https:\\\/\\\/buletin.de\\\/bucuresti\\\/?s={search_term_string}\"},\"query-input\":{\"@type\":\"PropertyValueSpecification\",\"valueRequired\":true,\"valueName\":\"search_term_string\"}}],\"inLanguage\":\"en-GB\"},{\"@type\":\"Organization\",\"@id\":\"https:\\\/\\\/buletin.de\\\/bucuresti\\\/#organization\",\"name\":\"Buletin de Bucure\u0219ti\",\"url\":\"https:\\\/\\\/buletin.de\\\/bucuresti\\\/\",\"logo\":{\"@type\":\"ImageObject\",\"inLanguage\":\"en-GB\",\"@id\":\"https:\\\/\\\/buletin.de\\\/bucuresti\\\/#\\\/schema\\\/logo\\\/image\\\/\",\"url\":\"https:\\\/\\\/buletin.de\\\/bucuresti\\\/wp-content\\\/uploads\\\/logo-bdb-full-wide-vernil-transparent.png\",\"contentUrl\":\"https:\\\/\\\/buletin.de\\\/bucuresti\\\/wp-content\\\/uploads\\\/logo-bdb-full-wide-vernil-transparent.png\",\"width\":1782,\"height\":626,\"caption\":\"Buletin de Bucure\u0219ti\"},\"image\":{\"@id\":\"https:\\\/\\\/buletin.de\\\/bucuresti\\\/#\\\/schema\\\/logo\\\/image\\\/\"},\"sameAs\":[\"https:\\\/\\\/www.facebook.com\\\/buletin.de.buc\",\"https:\\\/\\\/www.instagram.com\\\/buletinde.bucuresti\\\/\"]},{\"@type\":\"Person\",\"@id\":\"https:\\\/\\\/buletin.de\\\/bucuresti\\\/#\\\/schema\\\/person\\\/150590659efde715459d159da012f501\",\"name\":\"Andreea Tudor\",\"image\":{\"@type\":\"ImageObject\",\"inLanguage\":\"en-GB\",\"@id\":\"https:\\\/\\\/secure.gravatar.com\\\/avatar\\\/a88705a186ab0b67f3349bcbced506c09e37256fbaad0e7f3bd1a79b4599f589?s=96&d=monsterid&r=g79290610aa1a65c2b86eebc2ca5aee8f\",\"url\":\"https:\\\/\\\/secure.gravatar.com\\\/avatar\\\/a88705a186ab0b67f3349bcbced506c09e37256fbaad0e7f3bd1a79b4599f589?s=96&d=monsterid&r=g\",\"contentUrl\":\"https:\\\/\\\/secure.gravatar.com\\\/avatar\\\/a88705a186ab0b67f3349bcbced506c09e37256fbaad0e7f3bd1a79b4599f589?s=96&d=monsterid&r=g\",\"caption\":\"Andreea Tudor\"},\"description\":\"N\u0103scut\u0103 \u0219i crescut\u0103 \u00een Bucure\u0219ti, sus\u021bin\u0103toare a presei independente. A\u0219a am ajuns redactor la Buletin de Bucure\u0219ti. Fiind eu, \u00eens\u0103mi, parte a sistemului de \u00eenv\u0103\u021b\u0103m\u00e2nt rom\u00e2nesc \u0219i pasionat\u0103 de domeniul social, pun sub lup\u0103 tot ceea ce se \u00eent\u00e2mpl\u0103 \u00een sfera educa\u021biei. Cred cu t\u0103rie c\u0103 presa \u201epentru cet\u0103\u021beni\u201d este presa independent\u0103. Oamenii au nevoie de o informare corect\u0103 pentru a \u00een\u021belege pe deplin ce se \u00eent\u00e2mpl\u0103 \u00een jurul lor \u0219i pentru a lua ac\u021biune \u00eempotriva nedrept\u0103\u021bilor.\",\"url\":\"https:\\\/\\\/buletin.de\\\/bucuresti\\\/author\\\/andreeatudor\\\/\"}]}<\/script>\n<!-- \/ Yoast SEO Premium plugin. -->","yoast_head_json":{"title":"Asalt digital asupra lui Ciolacu pentru Centura Verde a Capitalei. Am\u00e2narea Codului Silvic, \u201econsecin\u021be catastrofale pentru p\u0103duri\u201d - Buletin de Bucure\u0219ti","description":"Sute de oameni \u00eei cer premierului Marcel Ciolacu adoptarea prevederilor proiectului pentru Centura Verde a Capitalei \u00eenainte de alegeri.","robots":{"index":"index","follow":"follow","max-snippet":"max-snippet:-1","max-image-preview":"max-image-preview:large","max-video-preview":"max-video-preview:-1"},"canonical":"https:\/\/buletin.de\/bucuresti\/asalt-digital-asupra-lui-ciolacu-pentru-centura-verde-a-capitalei-consecinte-catastrofale-pentru-paduri\/","og_locale":"en_GB","og_type":"article","og_title":"Asalt digital asupra lui Ciolacu pentru Centura Verde a Capitalei. Am\u00e2narea Codului Silvic, \u201econsecin\u021be catastrofale pentru p\u0103duri\u201d","og_description":"Sute de oameni \u00eei cer premierului Marcel Ciolacu adoptarea prevederilor proiectului pentru Centura Verde a Capitalei \u00eenainte de alegeri.","og_url":"https:\/\/buletin.de\/bucuresti\/asalt-digital-asupra-lui-ciolacu-pentru-centura-verde-a-capitalei-consecinte-catastrofale-pentru-paduri\/","og_site_name":"Buletin de Bucure\u0219ti","article_publisher":"https:\/\/www.facebook.com\/buletin.de.buc","article_published_time":"2024-11-10T14:41:52+00:00","article_modified_time":"2024-12-18T10:27:58+00:00","og_image":[{"width":744,"height":496,"url":"https:\/\/buletin.de\/bucuresti\/wp-content\/uploads\/WhatsApp-Image-2024-11-10-at-16.00.17_c996fc4f.jpg","type":"image\/jpeg"}],"author":"Andreea Tudor","twitter_card":"summary_large_image","twitter_misc":{"Written by":"Andreea Tudor","Estimated reading time":"5 minutes"},"schema":{"@context":"https:\/\/schema.org","@graph":[{"@type":"Article","@id":"https:\/\/buletin.de\/bucuresti\/asalt-digital-asupra-lui-ciolacu-pentru-centura-verde-a-capitalei-consecinte-catastrofale-pentru-paduri\/#article","isPartOf":{"@id":"https:\/\/buletin.de\/bucuresti\/asalt-digital-asupra-lui-ciolacu-pentru-centura-verde-a-capitalei-consecinte-catastrofale-pentru-paduri\/"},"author":{"name":"Andreea Tudor","@id":"https:\/\/buletin.de\/bucuresti\/#\/schema\/person\/150590659efde715459d159da012f501"},"headline":"Asalt digital asupra lui Ciolacu pentru Centura Verde a Capitalei. Am\u00e2narea Codului Silvic, \u201econsecin\u021be catastrofale pentru p\u0103duri\u201d","datePublished":"2024-11-10T14:41:52+00:00","dateModified":"2024-12-18T10:27:58+00:00","mainEntityOfPage":{"@id":"https:\/\/buletin.de\/bucuresti\/asalt-digital-asupra-lui-ciolacu-pentru-centura-verde-a-capitalei-consecinte-catastrofale-pentru-paduri\/"},"wordCount":975,"publisher":{"@id":"https:\/\/buletin.de\/bucuresti\/#organization"},"image":{"@id":"https:\/\/buletin.de\/bucuresti\/asalt-digital-asupra-lui-ciolacu-pentru-centura-verde-a-capitalei-consecinte-catastrofale-pentru-paduri\/#primaryimage"},"thumbnailUrl":"https:\/\/buletin.de\/bucuresti\/wp-content\/uploads\/WhatsApp-Image-2024-11-10-at-16.00.17_c996fc4f.jpg","keywords":["acces liber paduri","camera deputatilor","Centura Verde","declic","Greenpeace","Ilfov","marcel ciolacu","noul cod silvic","platforma impreuna pentru centura verde","pnrr","protejarea padurilor","psd","taieri de paduri"],"articleSection":["Articole","Main","Mediu","Politic"],"inLanguage":"en-GB","copyrightYear":"2024","copyrightHolder":{"@id":"https:\/\/buletin.de\/bucuresti\/#organization"}},{"@type":"WebPage","@id":"https:\/\/buletin.de\/bucuresti\/asalt-digital-asupra-lui-ciolacu-pentru-centura-verde-a-capitalei-consecinte-catastrofale-pentru-paduri\/","url":"https:\/\/buletin.de\/bucuresti\/asalt-digital-asupra-lui-ciolacu-pentru-centura-verde-a-capitalei-consecinte-catastrofale-pentru-paduri\/","name":"Asalt digital asupra lui Ciolacu pentru Centura Verde a Capitalei. Am\u00e2narea Codului Silvic, \u201econsecin\u021be catastrofale pentru p\u0103duri\u201d - Buletin de Bucure\u0219ti","isPartOf":{"@id":"https:\/\/buletin.de\/bucuresti\/#website"},"primaryImageOfPage":{"@id":"https:\/\/buletin.de\/bucuresti\/asalt-digital-asupra-lui-ciolacu-pentru-centura-verde-a-capitalei-consecinte-catastrofale-pentru-paduri\/#primaryimage"},"image":{"@id":"https:\/\/buletin.de\/bucuresti\/asalt-digital-asupra-lui-ciolacu-pentru-centura-verde-a-capitalei-consecinte-catastrofale-pentru-paduri\/#primaryimage"},"thumbnailUrl":"https:\/\/buletin.de\/bucuresti\/wp-content\/uploads\/WhatsApp-Image-2024-11-10-at-16.00.17_c996fc4f.jpg","datePublished":"2024-11-10T14:41:52+00:00","dateModified":"2024-12-18T10:27:58+00:00","description":"Sute de oameni \u00eei cer premierului Marcel Ciolacu adoptarea prevederilor proiectului pentru Centura Verde a Capitalei \u00eenainte de alegeri.","breadcrumb":{"@id":"https:\/\/buletin.de\/bucuresti\/asalt-digital-asupra-lui-ciolacu-pentru-centura-verde-a-capitalei-consecinte-catastrofale-pentru-paduri\/#breadcrumb"},"inLanguage":"en-GB","potentialAction":[{"@type":"ReadAction","target":["https:\/\/buletin.de\/bucuresti\/asalt-digital-asupra-lui-ciolacu-pentru-centura-verde-a-capitalei-consecinte-catastrofale-pentru-paduri\/"]}]},{"@type":"ImageObject","inLanguage":"en-GB","@id":"https:\/\/buletin.de\/bucuresti\/asalt-digital-asupra-lui-ciolacu-pentru-centura-verde-a-capitalei-consecinte-catastrofale-pentru-paduri\/#primaryimage","url":"https:\/\/buletin.de\/bucuresti\/wp-content\/uploads\/WhatsApp-Image-2024-11-10-at-16.00.17_c996fc4f.jpg","contentUrl":"https:\/\/buletin.de\/bucuresti\/wp-content\/uploads\/WhatsApp-Image-2024-11-10-at-16.00.17_c996fc4f.jpg","width":744,"height":496,"caption":"Asalt digital asupra lui Ciolacu pentru Centura Verde a Capitalei. Foto: Colaj: Inquam Photos \/ Octav Ganea\/ Captur\u0103 de ecran FB\/ Marcel Ciolacu"},{"@type":"BreadcrumbList","@id":"https:\/\/buletin.de\/bucuresti\/asalt-digital-asupra-lui-ciolacu-pentru-centura-verde-a-capitalei-consecinte-catastrofale-pentru-paduri\/#breadcrumb","itemListElement":[{"@type":"ListItem","position":1,"name":"Acas\u0103","item":"https:\/\/buletin.de\/bucuresti\/"},{"@type":"ListItem","position":2,"name":"Asalt digital asupra lui Ciolacu pentru Centura Verde a Capitalei. Am\u00e2narea Codului Silvic, \u201econsecin\u021be catastrofale pentru p\u0103duri\u201d"}]},{"@type":"WebSite","@id":"https:\/\/buletin.de\/bucuresti\/#website","url":"https:\/\/buletin.de\/bucuresti\/","name":"Buletin de Bucure\u0219ti","description":"\u0218tiri \u0219i investiga\u021bii esen\u021biale din capital\u0103","publisher":{"@id":"https:\/\/buletin.de\/bucuresti\/#organization"},"potentialAction":[{"@type":"SearchAction","target":{"@type":"EntryPoint","urlTemplate":"https:\/\/buletin.de\/bucuresti\/?s={search_term_string}"},"query-input":{"@type":"PropertyValueSpecification","valueRequired":true,"valueName":"search_term_string"}}],"inLanguage":"en-GB"},{"@type":"Organization","@id":"https:\/\/buletin.de\/bucuresti\/#organization","name":"Buletin de Bucure\u0219ti","url":"https:\/\/buletin.de\/bucuresti\/","logo":{"@type":"ImageObject","inLanguage":"en-GB","@id":"https:\/\/buletin.de\/bucuresti\/#\/schema\/logo\/image\/","url":"https:\/\/buletin.de\/bucuresti\/wp-content\/uploads\/logo-bdb-full-wide-vernil-transparent.png","contentUrl":"https:\/\/buletin.de\/bucuresti\/wp-content\/uploads\/logo-bdb-full-wide-vernil-transparent.png","width":1782,"height":626,"caption":"Buletin de Bucure\u0219ti"},"image":{"@id":"https:\/\/buletin.de\/bucuresti\/#\/schema\/logo\/image\/"},"sameAs":["https:\/\/www.facebook.com\/buletin.de.buc","https:\/\/www.instagram.com\/buletinde.bucuresti\/"]},{"@type":"Person","@id":"https:\/\/buletin.de\/bucuresti\/#\/schema\/person\/150590659efde715459d159da012f501","name":"Andreea Tudor","image":{"@type":"ImageObject","inLanguage":"en-GB","@id":"https:\/\/secure.gravatar.com\/avatar\/a88705a186ab0b67f3349bcbced506c09e37256fbaad0e7f3bd1a79b4599f589?s=96&d=monsterid&r=g79290610aa1a65c2b86eebc2ca5aee8f","url":"https:\/\/secure.gravatar.com\/avatar\/a88705a186ab0b67f3349bcbced506c09e37256fbaad0e7f3bd1a79b4599f589?s=96&d=monsterid&r=g","contentUrl":"https:\/\/secure.gravatar.com\/avatar\/a88705a186ab0b67f3349bcbced506c09e37256fbaad0e7f3bd1a79b4599f589?s=96&d=monsterid&r=g","caption":"Andreea Tudor"},"description":"N\u0103scut\u0103 \u0219i crescut\u0103 \u00een Bucure\u0219ti, sus\u021bin\u0103toare a presei independente. A\u0219a am ajuns redactor la Buletin de Bucure\u0219ti. Fiind eu, \u00eens\u0103mi, parte a sistemului de \u00eenv\u0103\u021b\u0103m\u00e2nt rom\u00e2nesc \u0219i pasionat\u0103 de domeniul social, pun sub lup\u0103 tot ceea ce se \u00eent\u00e2mpl\u0103 \u00een sfera educa\u021biei. Cred cu t\u0103rie c\u0103 presa \u201epentru cet\u0103\u021beni\u201d este presa independent\u0103. Oamenii au nevoie de o informare corect\u0103 pentru a \u00een\u021belege pe deplin ce se \u00eent\u00e2mpl\u0103 \u00een jurul lor \u0219i pentru a lua ac\u021biune \u00eempotriva nedrept\u0103\u021bilor.","url":"https:\/\/buletin.de\/bucuresti\/author\/andreeatudor\/"}]}},"authors":[{"term_id":22573,"user_id":55,"is_guest":0,"slug":"andreeatudor","display_name":"Andreea Tudor","avatar_url":"https:\/\/secure.gravatar.com\/avatar\/a88705a186ab0b67f3349bcbced506c09e37256fbaad0e7f3bd1a79b4599f589?s=96&d=monsterid&r=g","0":null,"1":"","2":"","3":"","4":"","5":"","6":"","7":"","8":""}],"_links":{"self":[{"href":"https:\/\/buletin.de\/bucuresti\/wp-json\/wp\/v2\/posts\/105706","targetHints":{"allow":["GET"]}}],"collection":[{"href":"https:\/\/buletin.de\/bucuresti\/wp-json\/wp\/v2\/posts"}],"about":[{"href":"https:\/\/buletin.de\/bucuresti\/wp-json\/wp\/v2\/types\/post"}],"author":[{"embeddable":true,"href":"https:\/\/buletin.de\/bucuresti\/wp-json\/wp\/v2\/users\/55"}],"replies":[{"embeddable":true,"href":"https:\/\/buletin.de\/bucuresti\/wp-json\/wp\/v2\/comments?post=105706"}],"version-history":[{"count":24,"href":"https:\/\/buletin.de\/bucuresti\/wp-json\/wp\/v2\/posts\/105706\/revisions"}],"predecessor-version":[{"id":111211,"href":"https:\/\/buletin.de\/bucuresti\/wp-json\/wp\/v2\/posts\/105706\/revisions\/111211"}],"wp:featuredmedia":[{"embeddable":true,"href":"https:\/\/buletin.de\/bucuresti\/wp-json\/wp\/v2\/media\/105838"}],"wp:attachment":[{"href":"https:\/\/buletin.de\/bucuresti\/wp-json\/wp\/v2\/media?parent=105706"}],"wp:term":[{"taxonomy":"category","embeddable":true,"href":"https:\/\/buletin.de\/bucuresti\/wp-json\/wp\/v2\/categories?post=105706"},{"taxonomy":"post_tag","embeddable":true,"href":"https:\/\/buletin.de\/bucuresti\/wp-json\/wp\/v2\/tags?post=105706"},{"taxonomy":"author","embeddable":true,"href":"https:\/\/buletin.de\/bucuresti\/wp-json\/wp\/v2\/ppma_author?post=105706"}],"curies":[{"name":"wp","href":"https:\/\/api.w.org\/{rel}","templated":true}]}}