{"id":105653,"date":"2024-11-09T13:48:39","date_gmt":"2024-11-09T10:48:39","guid":{"rendered":"https:\/\/buletin.de\/bucuresti\/?p=105653"},"modified":"2024-11-09T13:48:40","modified_gmt":"2024-11-09T10:48:40","slug":"montarea-luminitelor-de-sarbatori","status":"publish","type":"post","link":"https:\/\/buletin.de\/bucuresti\/montarea-luminitelor-de-sarbatori\/","title":{"rendered":"Sector 4 | A \u00eenceput montarea lumini\u021belor de s\u0103rb\u0103tori"},"content":{"rendered":"\n<p><strong><a href=\"https:\/\/ps4.ro\/\">Prim\u0103ria Sectorului 4<\/a> anun\u021b\u0103 c\u0103 a \u00eenceput montarea lumini\u021belor de s\u0103rb\u0103tori. Autoritatea local\u0103 precizeaz\u0103 c\u0103 acestea vor fi montate \u00een c\u00e2t mai multe zone.<\/strong><\/p>\n\n\n\n<p>Anul trecut Prim\u0103ria Sectorului 4 a \u00eenceput montarea lumini\u021belor de s\u0103rb\u0103tori tot \u00een noiembrie \u0219i au fost aprinse pe 30 noiembrie. Evenimentul festiv a avut loc la F\u00e2nt\u00e2na Florilor.<\/p>\n\n\n\n<figure class=\"wp-block-image size-full is-resized\"><img fetchpriority=\"high\" decoding=\"async\" width=\"600\" height=\"362\" src=\"data:image\/gif;base64,R0lGODlhAQABAAAAACH5BAEKAAEALAAAAAABAAEAAAICTAEAOw==\" data-src=\"https:\/\/buletin.de\/bucuresti\/wp-content\/uploads\/466014574_1123530679136595_322734903302451371_n-1.jpg\" alt=\"\" class=\"wp-image-105673 lazyload\" style=\"width:840px;height:auto\" data-sizes=\"auto\" data-srcset=\"https:\/\/buletin.de\/bucuresti\/wp-content\/uploads\/466014574_1123530679136595_322734903302451371_n-1.jpg 600w, https:\/\/buletin.de\/bucuresti\/wp-content\/uploads\/466014574_1123530679136595_322734903302451371_n-1-300x181.jpg 300w, https:\/\/buletin.de\/bucuresti\/wp-content\/uploads\/466014574_1123530679136595_322734903302451371_n-1-20x12.jpg 20w\" sizes=\"(max-width: 600px) 100vw, 600px\" \/><\/figure>\n\n\n\n<figure class=\"wp-block-gallery has-nested-images columns-default is-cropped wp-block-gallery-1 is-layout-flex wp-block-gallery-is-layout-flex\">\n<figure class=\"wp-block-image size-large\"><img decoding=\"async\" width=\"600\" height=\"312\" data-id=\"105668\" src=\"data:image\/gif;base64,R0lGODlhAQABAAAAACH5BAEKAAEALAAAAAABAAEAAAICTAEAOw==\" data-src=\"https:\/\/buletin.de\/bucuresti\/wp-content\/uploads\/466007135_1123530642469932_2302834639683498634_n.jpg\" alt=\"\" class=\"wp-image-105668 lazyload\" data-sizes=\"auto\" data-srcset=\"https:\/\/buletin.de\/bucuresti\/wp-content\/uploads\/466007135_1123530642469932_2302834639683498634_n.jpg 600w, https:\/\/buletin.de\/bucuresti\/wp-content\/uploads\/466007135_1123530642469932_2302834639683498634_n-300x156.jpg 300w, https:\/\/buletin.de\/bucuresti\/wp-content\/uploads\/466007135_1123530642469932_2302834639683498634_n-20x10.jpg 20w\" sizes=\"(max-width: 600px) 100vw, 600px\" \/><\/figure>\n\n\n\n<figure class=\"wp-block-image size-large\"><img decoding=\"async\" width=\"600\" height=\"506\" data-id=\"105669\" src=\"data:image\/gif;base64,R0lGODlhAQABAAAAACH5BAEKAAEALAAAAAABAAEAAAICTAEAOw==\" data-src=\"https:\/\/buletin.de\/bucuresti\/wp-content\/uploads\/466038343_1123530685803261_7148715284415003905_n.jpg\" alt=\"\" class=\"wp-image-105669 lazyload\" data-sizes=\"auto\" data-srcset=\"https:\/\/buletin.de\/bucuresti\/wp-content\/uploads\/466038343_1123530685803261_7148715284415003905_n.jpg 600w, https:\/\/buletin.de\/bucuresti\/wp-content\/uploads\/466038343_1123530685803261_7148715284415003905_n-300x253.jpg 300w, https:\/\/buletin.de\/bucuresti\/wp-content\/uploads\/466038343_1123530685803261_7148715284415003905_n-20x17.jpg 20w\" sizes=\"(max-width: 600px) 100vw, 600px\" \/><\/figure>\n\n\n\n<figure class=\"wp-block-image size-large\"><img loading=\"lazy\" decoding=\"async\" width=\"440\" height=\"600\" data-id=\"105670\" src=\"data:image\/gif;base64,R0lGODlhAQABAAAAACH5BAEKAAEALAAAAAABAAEAAAICTAEAOw==\" data-src=\"https:\/\/buletin.de\/bucuresti\/wp-content\/uploads\/465283398_1123530682469928_3210061924340606327_n.jpg\" alt=\"\" class=\"wp-image-105670 lazyload\" data-sizes=\"auto\" data-srcset=\"https:\/\/buletin.de\/bucuresti\/wp-content\/uploads\/465283398_1123530682469928_3210061924340606327_n.jpg 440w, https:\/\/buletin.de\/bucuresti\/wp-content\/uploads\/465283398_1123530682469928_3210061924340606327_n-220x300.jpg 220w, https:\/\/buletin.de\/bucuresti\/wp-content\/uploads\/465283398_1123530682469928_3210061924340606327_n-20x27.jpg 20w\" sizes=\"(max-width: 440px) 100vw, 440px\" \/><\/figure>\n<\/figure>\n\n\n\n<p><strong>CITE\u0218TE \u0218I:<\/strong> <a href=\"https:\/\/buletin.de\/bucuresti\/craciun-pe-bani-publici-peste-85-000-de-euro-pentru-inchiererea-montarea-si-demontarea-luminitelor-de-craciun-in-otopeni-si-tunari\/\">Cr\u0103ciun pe bani publici | Peste 85.000 de euro pentru \u00eenchirierea, montarea \u0219i demontarea lumini\u021belor de Cr\u0103ciun \u00een Otopeni \u0219i Tunari<\/a><\/p>\n\n\n\n<h2 class=\"wp-block-heading\" id=\"h-craciun-din-bani-publici-licitatie-de-500-000-de-euro-pentru-lumini\u021bele-si-ornamentele-stradale\">Cr\u0103ciun din bani publici | Licita\u0163ie de 500.000 de euro pentru lumini\u021bele \u015fi ornamentele stradale<\/h2>\n\n\n\n<p><strong>Compania Municipal\u0103 Iluminat Public Bucure\u0219ti a dat startul licita\u021biei pentru lumini\u021bele \u0219i ornamentele de Cr\u0103ciun. \u00cen platforma public\u0103 unde se anun\u021b\u0103 achizi\u021biile a fost pus la b\u0103taie un contract de aproape 2.5 milioane de lei, adic\u0103 aproximativ jum\u0103tate de milion de euro.<\/strong><\/p>\n\n\n\n<p><a href=\"https:\/\/cmipb.ro\/\">Compania\u00a0<\/a>inten\u0163ioneaz\u0103 s\u0103 achizi\u0163ioneze: <\/p>\n\n\n\n<ul class=\"wp-block-list\">\n<li>280 de echipamente de tip \u0163ur\u0163uri cu leduri; <\/li>\n\n\n\n<li>350 de figurine 2D \u00een form\u0103 de sfer\u0103\/stea\/fulg de nea echipate cu minim 400 leduri; <\/li>\n\n\n\n<li>250 de figurine 2D \u00een forma de sfera\/stea\/fulg de nea\/ echipate cu minim 200 leduri; <\/li>\n\n\n\n<li>500 de echipamente tip \u015fir cu leduri echipate cu minim 120 leduri; <\/li>\n\n\n\n<li>500 de echipamente electrice de tip \u015fir echipate cu minim 110 leduri; <\/li>\n\n\n\n<li>500 de echipamente electrice tip \u015fir echipate cu minim 15 leduri; <\/li>\n\n\n\n<li>400 de echipamente electrice de tip perdea cu leduri.<\/li>\n<\/ul>\n\n\n\n<p>Va c\u00e2\u0219tiga contractul compania care vine cu cel mai bun pre\u021b (componenta financiar\u0103 are o pondere de 80%), dar vor conta \u0219i alte criterii: gradul de protec\u021bie la \u0219oc (10%) \u0219i termenul de livrare (10%).<\/p>\n\n\n\n<p>Licita\u0163ia se desf\u0103\u015foar\u0103 prin procedur\u0103 deschis\u0103 accelerat\u0103, iar termenul limit\u0103 pentru primirea ofertelor este 12 noiembrie.<\/p>\n\n\n\n<p>Ofertan\u0163ii trebuie s\u0103 demonstreze c\u0103 au mai livrat ornamente stradale pentru iluminat festiv \u00een valoare cumulat\u0103 de minim 2.000.000 lei f\u0103r\u0103 TVA la nivelul unuia sau mai multor contracte.<\/p>\n\n\n\n<p>\u00cen 2023, licita\u021bia pornit\u0103 de Prim\u0103ria Capitalei pentru lumini\u021bele \u0219i ornamentele de s\u0103rb\u0103tori avea un pre\u021b estimat la 3.3 milioane de lei. Atunci, \u00een caietul de sarcini erau motive luminoase cu tema \u201eS\u0103rb\u0103tori de iarn\u0103 \u00eempreun\u0103 \u00een Bucure\u015fti\u201d. Este vorba despre un total de 577 de elemente: \u015firuri, plase \u015fi travers\u0103ri luminoase, precum \u015fi figurine luminoase. Acestea vor fi instalate pe: Bd. Magheru \u015fi Bd. B\u0103lcescu, Calea Victoriei, bd. Aviatorilor, Bd. I. C. Br\u0103tianu, Pia\u0163a Roman\u0103, rond Charles de Gaulle, Bd. Constantin Prezan, Pia\u0163a Victoriei.<\/p>\n\n\n\n<p>Contractul viza asigurarea iluminatului festiv \u015fi crearea atmosferei specifice s\u0103rb\u0103torilor de iarn\u0103 pentru axa central\u0103 \u015fi centrul ora\u015fului, unde s-au desf\u0103\u0219urat principalele evenimente specifice acestor s\u0103rb\u0103tori.<\/p>\n\n\n\n<p><strong>CITE\u0218TE \u0218I:<\/strong> <a href=\"https:\/\/buletin.de\/bucuresti\/masinile-abandonate-domeniul-public\/\">Sector 2 | Dispar ma\u0219inile abandonate pe domeniul public. Prim\u0103ria a demarat o campanie de ridicare a acestora<\/a><\/p>\n\n\n\n<p><\/p>\n","protected":false},"excerpt":{"rendered":"<p>Prim\u0103ria Sectorului 4 anun\u021b\u0103 c\u0103 a \u00eenceput montarea lumini\u021belor de s\u0103rb\u0103tori. Autoritatea local\u0103 precizeaz\u0103 c\u0103 acestea vor fi montate \u00een c\u00e2t mai multe zone. Anul trecut Prim\u0103ria Sectorului 4 a \u00eenceput montarea lumini\u021belor de s\u0103rb\u0103tori tot \u00een noiembrie \u0219i au fost aprinse pe 30 noiembrie. Evenimentul festiv a avut loc la F\u00e2nt\u00e2na Florilor. CITE\u0218TE \u0218I: [&hellip;]<\/p>\n","protected":false},"author":49,"featured_media":104471,"comment_status":"closed","ping_status":"open","sticky":false,"template":"","format":"standard","meta":{"_acf_changed":false,"inline_featured_image":false,"ngg_post_thumbnail":0,"footnotes":""},"categories":[6994,24,62],"tags":[16726,16725,16724,4898],"ppma_author":[22574],"class_list":["post-105653","post","type-post","status-publish","format-standard","has-post-thumbnail","hentry","category-stiri-2","category-primarie","category-stiri","tag-fantana-florilor-2","tag-licitatie-ornamente-de-craciun","tag-luminite-de-sarbatori","tag-ps4"],"acf":[],"yoast_head":"<!-- This site is optimized with the Yoast SEO Premium plugin v25.3 (Yoast SEO v27.4) - https:\/\/yoast.com\/product\/yoast-seo-premium-wordpress\/ -->\n<title>Sector 4 | A \u00eenceput montarea lumini\u021belor de s\u0103rb\u0103tori - Buletin de Bucure\u0219ti<\/title>\n<meta name=\"description\" content=\"Montarea lumini\u021belor de s\u0103rb\u0103tori. Prim\u0103ria Sectorului 4 anun\u021b\u0103 c\u0103 a \u00eenceput montarea lumini\u021belor de s\u0103rb\u0103tori.\" \/>\n<meta name=\"robots\" content=\"index, follow, max-snippet:-1, max-image-preview:large, max-video-preview:-1\" \/>\n<link rel=\"canonical\" href=\"https:\/\/buletin.de\/bucuresti\/montarea-luminitelor-de-sarbatori\/\" \/>\n<meta property=\"og:locale\" content=\"en_GB\" \/>\n<meta property=\"og:type\" content=\"article\" \/>\n<meta property=\"og:title\" content=\"Sector 4 | A \u00eenceput montarea lumini\u021belor de s\u0103rb\u0103tori\" \/>\n<meta property=\"og:description\" content=\"Montarea lumini\u021belor de s\u0103rb\u0103tori. Prim\u0103ria Sectorului 4 anun\u021b\u0103 c\u0103 a \u00eenceput montarea lumini\u021belor de s\u0103rb\u0103tori.\" \/>\n<meta property=\"og:url\" content=\"https:\/\/buletin.de\/bucuresti\/montarea-luminitelor-de-sarbatori\/\" \/>\n<meta property=\"og:site_name\" content=\"Buletin de Bucure\u0219ti\" \/>\n<meta property=\"article:publisher\" content=\"https:\/\/www.facebook.com\/buletin.de.buc\" \/>\n<meta property=\"article:published_time\" content=\"2024-11-09T10:48:39+00:00\" \/>\n<meta property=\"article:modified_time\" content=\"2024-11-09T10:48:40+00:00\" \/>\n<meta property=\"og:image\" content=\"https:\/\/buletin.de\/bucuresti\/wp-content\/uploads\/ID239840_INQUAM_Photos_George_Calin.jpg\" \/>\n\t<meta property=\"og:image:width\" content=\"2000\" \/>\n\t<meta property=\"og:image:height\" content=\"1333\" \/>\n\t<meta property=\"og:image:type\" content=\"image\/jpeg\" \/>\n<meta name=\"author\" content=\"Diana Matei\" \/>\n<meta name=\"twitter:card\" content=\"summary_large_image\" \/>\n<meta name=\"twitter:label1\" content=\"Written by\" \/>\n\t<meta name=\"twitter:data1\" content=\"Diana Matei\" \/>\n\t<meta name=\"twitter:label2\" content=\"Estimated reading time\" \/>\n\t<meta name=\"twitter:data2\" content=\"3 minutes\" \/>\n<script type=\"application\/ld+json\" class=\"yoast-schema-graph\">{\"@context\":\"https:\\\/\\\/schema.org\",\"@graph\":[{\"@type\":\"Article\",\"@id\":\"https:\\\/\\\/buletin.de\\\/bucuresti\\\/montarea-luminitelor-de-sarbatori\\\/#article\",\"isPartOf\":{\"@id\":\"https:\\\/\\\/buletin.de\\\/bucuresti\\\/montarea-luminitelor-de-sarbatori\\\/\"},\"author\":{\"name\":\"Diana Matei\",\"@id\":\"https:\\\/\\\/buletin.de\\\/bucuresti\\\/#\\\/schema\\\/person\\\/7e46040573290777280a0835d81ea4ea\"},\"headline\":\"Sector 4 | A \u00eenceput montarea lumini\u021belor de s\u0103rb\u0103tori\",\"datePublished\":\"2024-11-09T10:48:39+00:00\",\"dateModified\":\"2024-11-09T10:48:40+00:00\",\"mainEntityOfPage\":{\"@id\":\"https:\\\/\\\/buletin.de\\\/bucuresti\\\/montarea-luminitelor-de-sarbatori\\\/\"},\"wordCount\":470,\"publisher\":{\"@id\":\"https:\\\/\\\/buletin.de\\\/bucuresti\\\/#organization\"},\"image\":{\"@id\":\"https:\\\/\\\/buletin.de\\\/bucuresti\\\/montarea-luminitelor-de-sarbatori\\\/#primaryimage\"},\"thumbnailUrl\":\"https:\\\/\\\/buletin.de\\\/bucuresti\\\/wp-content\\\/uploads\\\/ID239840_INQUAM_Photos_George_Calin.jpg\",\"keywords\":[\"Fantana Florilor\",\"licitatie ornamente de Craciun\",\"luminite de sarbatori\",\"ps4\"],\"articleSection\":[\"Articole\",\"Prim\u0103rie\",\"\u0218tiri\"],\"inLanguage\":\"en-GB\",\"copyrightYear\":\"2024\",\"copyrightHolder\":{\"@id\":\"https:\\\/\\\/buletin.de\\\/bucuresti\\\/#organization\"}},{\"@type\":\"WebPage\",\"@id\":\"https:\\\/\\\/buletin.de\\\/bucuresti\\\/montarea-luminitelor-de-sarbatori\\\/\",\"url\":\"https:\\\/\\\/buletin.de\\\/bucuresti\\\/montarea-luminitelor-de-sarbatori\\\/\",\"name\":\"Sector 4 | A \u00eenceput montarea lumini\u021belor de s\u0103rb\u0103tori - Buletin de Bucure\u0219ti\",\"isPartOf\":{\"@id\":\"https:\\\/\\\/buletin.de\\\/bucuresti\\\/#website\"},\"primaryImageOfPage\":{\"@id\":\"https:\\\/\\\/buletin.de\\\/bucuresti\\\/montarea-luminitelor-de-sarbatori\\\/#primaryimage\"},\"image\":{\"@id\":\"https:\\\/\\\/buletin.de\\\/bucuresti\\\/montarea-luminitelor-de-sarbatori\\\/#primaryimage\"},\"thumbnailUrl\":\"https:\\\/\\\/buletin.de\\\/bucuresti\\\/wp-content\\\/uploads\\\/ID239840_INQUAM_Photos_George_Calin.jpg\",\"datePublished\":\"2024-11-09T10:48:39+00:00\",\"dateModified\":\"2024-11-09T10:48:40+00:00\",\"description\":\"Montarea lumini\u021belor de s\u0103rb\u0103tori. Prim\u0103ria Sectorului 4 anun\u021b\u0103 c\u0103 a \u00eenceput montarea lumini\u021belor de s\u0103rb\u0103tori.\",\"breadcrumb\":{\"@id\":\"https:\\\/\\\/buletin.de\\\/bucuresti\\\/montarea-luminitelor-de-sarbatori\\\/#breadcrumb\"},\"inLanguage\":\"en-GB\",\"potentialAction\":[{\"@type\":\"ReadAction\",\"target\":[\"https:\\\/\\\/buletin.de\\\/bucuresti\\\/montarea-luminitelor-de-sarbatori\\\/\"]}]},{\"@type\":\"ImageObject\",\"inLanguage\":\"en-GB\",\"@id\":\"https:\\\/\\\/buletin.de\\\/bucuresti\\\/montarea-luminitelor-de-sarbatori\\\/#primaryimage\",\"url\":\"https:\\\/\\\/buletin.de\\\/bucuresti\\\/wp-content\\\/uploads\\\/ID239840_INQUAM_Photos_George_Calin.jpg\",\"contentUrl\":\"https:\\\/\\\/buletin.de\\\/bucuresti\\\/wp-content\\\/uploads\\\/ID239840_INQUAM_Photos_George_Calin.jpg\",\"width\":2000,\"height\":1333,\"caption\":\"A \u00eenceput montarea lumini\u021belor de s\u0103rb\u0103tori. FOTO: Arhiva\"},{\"@type\":\"BreadcrumbList\",\"@id\":\"https:\\\/\\\/buletin.de\\\/bucuresti\\\/montarea-luminitelor-de-sarbatori\\\/#breadcrumb\",\"itemListElement\":[{\"@type\":\"ListItem\",\"position\":1,\"name\":\"Acas\u0103\",\"item\":\"https:\\\/\\\/buletin.de\\\/bucuresti\\\/\"},{\"@type\":\"ListItem\",\"position\":2,\"name\":\"Sector 4 | A \u00eenceput montarea lumini\u021belor de s\u0103rb\u0103tori\"}]},{\"@type\":\"WebSite\",\"@id\":\"https:\\\/\\\/buletin.de\\\/bucuresti\\\/#website\",\"url\":\"https:\\\/\\\/buletin.de\\\/bucuresti\\\/\",\"name\":\"Buletin de Bucure\u0219ti\",\"description\":\"\u0218tiri \u0219i investiga\u021bii esen\u021biale din capital\u0103\",\"publisher\":{\"@id\":\"https:\\\/\\\/buletin.de\\\/bucuresti\\\/#organization\"},\"potentialAction\":[{\"@type\":\"SearchAction\",\"target\":{\"@type\":\"EntryPoint\",\"urlTemplate\":\"https:\\\/\\\/buletin.de\\\/bucuresti\\\/?s={search_term_string}\"},\"query-input\":{\"@type\":\"PropertyValueSpecification\",\"valueRequired\":true,\"valueName\":\"search_term_string\"}}],\"inLanguage\":\"en-GB\"},{\"@type\":\"Organization\",\"@id\":\"https:\\\/\\\/buletin.de\\\/bucuresti\\\/#organization\",\"name\":\"Buletin de Bucure\u0219ti\",\"url\":\"https:\\\/\\\/buletin.de\\\/bucuresti\\\/\",\"logo\":{\"@type\":\"ImageObject\",\"inLanguage\":\"en-GB\",\"@id\":\"https:\\\/\\\/buletin.de\\\/bucuresti\\\/#\\\/schema\\\/logo\\\/image\\\/\",\"url\":\"https:\\\/\\\/buletin.de\\\/bucuresti\\\/wp-content\\\/uploads\\\/logo-bdb-full-wide-vernil-transparent.png\",\"contentUrl\":\"https:\\\/\\\/buletin.de\\\/bucuresti\\\/wp-content\\\/uploads\\\/logo-bdb-full-wide-vernil-transparent.png\",\"width\":1782,\"height\":626,\"caption\":\"Buletin de Bucure\u0219ti\"},\"image\":{\"@id\":\"https:\\\/\\\/buletin.de\\\/bucuresti\\\/#\\\/schema\\\/logo\\\/image\\\/\"},\"sameAs\":[\"https:\\\/\\\/www.facebook.com\\\/buletin.de.buc\",\"https:\\\/\\\/www.instagram.com\\\/buletinde.bucuresti\\\/\"]},{\"@type\":\"Person\",\"@id\":\"https:\\\/\\\/buletin.de\\\/bucuresti\\\/#\\\/schema\\\/person\\\/7e46040573290777280a0835d81ea4ea\",\"name\":\"Diana Matei\",\"image\":{\"@type\":\"ImageObject\",\"inLanguage\":\"en-GB\",\"@id\":\"https:\\\/\\\/buletin.de\\\/bucuresti\\\/wp-content\\\/uploads\\\/9-2-96x96.jpg1e8590b30871d70e62ebcdaf2eff570c\",\"url\":\"https:\\\/\\\/buletin.de\\\/bucuresti\\\/wp-content\\\/uploads\\\/9-2-96x96.jpg\",\"contentUrl\":\"https:\\\/\\\/buletin.de\\\/bucuresti\\\/wp-content\\\/uploads\\\/9-2-96x96.jpg\",\"caption\":\"Diana Matei\"},\"url\":\"https:\\\/\\\/buletin.de\\\/bucuresti\\\/author\\\/dianamatei\\\/\"}]}<\/script>\n<!-- \/ Yoast SEO Premium plugin. -->","yoast_head_json":{"title":"Sector 4 | A \u00eenceput montarea lumini\u021belor de s\u0103rb\u0103tori - Buletin de Bucure\u0219ti","description":"Montarea lumini\u021belor de s\u0103rb\u0103tori. Prim\u0103ria Sectorului 4 anun\u021b\u0103 c\u0103 a \u00eenceput montarea lumini\u021belor de s\u0103rb\u0103tori.","robots":{"index":"index","follow":"follow","max-snippet":"max-snippet:-1","max-image-preview":"max-image-preview:large","max-video-preview":"max-video-preview:-1"},"canonical":"https:\/\/buletin.de\/bucuresti\/montarea-luminitelor-de-sarbatori\/","og_locale":"en_GB","og_type":"article","og_title":"Sector 4 | A \u00eenceput montarea lumini\u021belor de s\u0103rb\u0103tori","og_description":"Montarea lumini\u021belor de s\u0103rb\u0103tori. Prim\u0103ria Sectorului 4 anun\u021b\u0103 c\u0103 a \u00eenceput montarea lumini\u021belor de s\u0103rb\u0103tori.","og_url":"https:\/\/buletin.de\/bucuresti\/montarea-luminitelor-de-sarbatori\/","og_site_name":"Buletin de Bucure\u0219ti","article_publisher":"https:\/\/www.facebook.com\/buletin.de.buc","article_published_time":"2024-11-09T10:48:39+00:00","article_modified_time":"2024-11-09T10:48:40+00:00","og_image":[{"width":2000,"height":1333,"url":"https:\/\/buletin.de\/bucuresti\/wp-content\/uploads\/ID239840_INQUAM_Photos_George_Calin.jpg","type":"image\/jpeg"}],"author":"Diana Matei","twitter_card":"summary_large_image","twitter_misc":{"Written by":"Diana Matei","Estimated reading time":"3 minutes"},"schema":{"@context":"https:\/\/schema.org","@graph":[{"@type":"Article","@id":"https:\/\/buletin.de\/bucuresti\/montarea-luminitelor-de-sarbatori\/#article","isPartOf":{"@id":"https:\/\/buletin.de\/bucuresti\/montarea-luminitelor-de-sarbatori\/"},"author":{"name":"Diana Matei","@id":"https:\/\/buletin.de\/bucuresti\/#\/schema\/person\/7e46040573290777280a0835d81ea4ea"},"headline":"Sector 4 | A \u00eenceput montarea lumini\u021belor de s\u0103rb\u0103tori","datePublished":"2024-11-09T10:48:39+00:00","dateModified":"2024-11-09T10:48:40+00:00","mainEntityOfPage":{"@id":"https:\/\/buletin.de\/bucuresti\/montarea-luminitelor-de-sarbatori\/"},"wordCount":470,"publisher":{"@id":"https:\/\/buletin.de\/bucuresti\/#organization"},"image":{"@id":"https:\/\/buletin.de\/bucuresti\/montarea-luminitelor-de-sarbatori\/#primaryimage"},"thumbnailUrl":"https:\/\/buletin.de\/bucuresti\/wp-content\/uploads\/ID239840_INQUAM_Photos_George_Calin.jpg","keywords":["Fantana Florilor","licitatie ornamente de Craciun","luminite de sarbatori","ps4"],"articleSection":["Articole","Prim\u0103rie","\u0218tiri"],"inLanguage":"en-GB","copyrightYear":"2024","copyrightHolder":{"@id":"https:\/\/buletin.de\/bucuresti\/#organization"}},{"@type":"WebPage","@id":"https:\/\/buletin.de\/bucuresti\/montarea-luminitelor-de-sarbatori\/","url":"https:\/\/buletin.de\/bucuresti\/montarea-luminitelor-de-sarbatori\/","name":"Sector 4 | A \u00eenceput montarea lumini\u021belor de s\u0103rb\u0103tori - Buletin de Bucure\u0219ti","isPartOf":{"@id":"https:\/\/buletin.de\/bucuresti\/#website"},"primaryImageOfPage":{"@id":"https:\/\/buletin.de\/bucuresti\/montarea-luminitelor-de-sarbatori\/#primaryimage"},"image":{"@id":"https:\/\/buletin.de\/bucuresti\/montarea-luminitelor-de-sarbatori\/#primaryimage"},"thumbnailUrl":"https:\/\/buletin.de\/bucuresti\/wp-content\/uploads\/ID239840_INQUAM_Photos_George_Calin.jpg","datePublished":"2024-11-09T10:48:39+00:00","dateModified":"2024-11-09T10:48:40+00:00","description":"Montarea lumini\u021belor de s\u0103rb\u0103tori. Prim\u0103ria Sectorului 4 anun\u021b\u0103 c\u0103 a \u00eenceput montarea lumini\u021belor de s\u0103rb\u0103tori.","breadcrumb":{"@id":"https:\/\/buletin.de\/bucuresti\/montarea-luminitelor-de-sarbatori\/#breadcrumb"},"inLanguage":"en-GB","potentialAction":[{"@type":"ReadAction","target":["https:\/\/buletin.de\/bucuresti\/montarea-luminitelor-de-sarbatori\/"]}]},{"@type":"ImageObject","inLanguage":"en-GB","@id":"https:\/\/buletin.de\/bucuresti\/montarea-luminitelor-de-sarbatori\/#primaryimage","url":"https:\/\/buletin.de\/bucuresti\/wp-content\/uploads\/ID239840_INQUAM_Photos_George_Calin.jpg","contentUrl":"https:\/\/buletin.de\/bucuresti\/wp-content\/uploads\/ID239840_INQUAM_Photos_George_Calin.jpg","width":2000,"height":1333,"caption":"A \u00eenceput montarea lumini\u021belor de s\u0103rb\u0103tori. FOTO: Arhiva"},{"@type":"BreadcrumbList","@id":"https:\/\/buletin.de\/bucuresti\/montarea-luminitelor-de-sarbatori\/#breadcrumb","itemListElement":[{"@type":"ListItem","position":1,"name":"Acas\u0103","item":"https:\/\/buletin.de\/bucuresti\/"},{"@type":"ListItem","position":2,"name":"Sector 4 | A \u00eenceput montarea lumini\u021belor de s\u0103rb\u0103tori"}]},{"@type":"WebSite","@id":"https:\/\/buletin.de\/bucuresti\/#website","url":"https:\/\/buletin.de\/bucuresti\/","name":"Buletin de Bucure\u0219ti","description":"\u0218tiri \u0219i investiga\u021bii esen\u021biale din capital\u0103","publisher":{"@id":"https:\/\/buletin.de\/bucuresti\/#organization"},"potentialAction":[{"@type":"SearchAction","target":{"@type":"EntryPoint","urlTemplate":"https:\/\/buletin.de\/bucuresti\/?s={search_term_string}"},"query-input":{"@type":"PropertyValueSpecification","valueRequired":true,"valueName":"search_term_string"}}],"inLanguage":"en-GB"},{"@type":"Organization","@id":"https:\/\/buletin.de\/bucuresti\/#organization","name":"Buletin de Bucure\u0219ti","url":"https:\/\/buletin.de\/bucuresti\/","logo":{"@type":"ImageObject","inLanguage":"en-GB","@id":"https:\/\/buletin.de\/bucuresti\/#\/schema\/logo\/image\/","url":"https:\/\/buletin.de\/bucuresti\/wp-content\/uploads\/logo-bdb-full-wide-vernil-transparent.png","contentUrl":"https:\/\/buletin.de\/bucuresti\/wp-content\/uploads\/logo-bdb-full-wide-vernil-transparent.png","width":1782,"height":626,"caption":"Buletin de Bucure\u0219ti"},"image":{"@id":"https:\/\/buletin.de\/bucuresti\/#\/schema\/logo\/image\/"},"sameAs":["https:\/\/www.facebook.com\/buletin.de.buc","https:\/\/www.instagram.com\/buletinde.bucuresti\/"]},{"@type":"Person","@id":"https:\/\/buletin.de\/bucuresti\/#\/schema\/person\/7e46040573290777280a0835d81ea4ea","name":"Diana Matei","image":{"@type":"ImageObject","inLanguage":"en-GB","@id":"https:\/\/buletin.de\/bucuresti\/wp-content\/uploads\/9-2-96x96.jpg1e8590b30871d70e62ebcdaf2eff570c","url":"https:\/\/buletin.de\/bucuresti\/wp-content\/uploads\/9-2-96x96.jpg","contentUrl":"https:\/\/buletin.de\/bucuresti\/wp-content\/uploads\/9-2-96x96.jpg","caption":"Diana Matei"},"url":"https:\/\/buletin.de\/bucuresti\/author\/dianamatei\/"}]}},"authors":[{"term_id":22574,"user_id":49,"is_guest":0,"slug":"dianamatei","display_name":"Diana Matei","avatar_url":"https:\/\/buletin.de\/bucuresti\/wp-content\/uploads\/9-2-96x96.jpg","0":null,"1":"","2":"","3":"","4":"","5":"","6":"","7":"","8":""}],"_links":{"self":[{"href":"https:\/\/buletin.de\/bucuresti\/wp-json\/wp\/v2\/posts\/105653","targetHints":{"allow":["GET"]}}],"collection":[{"href":"https:\/\/buletin.de\/bucuresti\/wp-json\/wp\/v2\/posts"}],"about":[{"href":"https:\/\/buletin.de\/bucuresti\/wp-json\/wp\/v2\/types\/post"}],"author":[{"embeddable":true,"href":"https:\/\/buletin.de\/bucuresti\/wp-json\/wp\/v2\/users\/49"}],"replies":[{"embeddable":true,"href":"https:\/\/buletin.de\/bucuresti\/wp-json\/wp\/v2\/comments?post=105653"}],"version-history":[{"count":2,"href":"https:\/\/buletin.de\/bucuresti\/wp-json\/wp\/v2\/posts\/105653\/revisions"}],"predecessor-version":[{"id":105674,"href":"https:\/\/buletin.de\/bucuresti\/wp-json\/wp\/v2\/posts\/105653\/revisions\/105674"}],"wp:featuredmedia":[{"embeddable":true,"href":"https:\/\/buletin.de\/bucuresti\/wp-json\/wp\/v2\/media\/104471"}],"wp:attachment":[{"href":"https:\/\/buletin.de\/bucuresti\/wp-json\/wp\/v2\/media?parent=105653"}],"wp:term":[{"taxonomy":"category","embeddable":true,"href":"https:\/\/buletin.de\/bucuresti\/wp-json\/wp\/v2\/categories?post=105653"},{"taxonomy":"post_tag","embeddable":true,"href":"https:\/\/buletin.de\/bucuresti\/wp-json\/wp\/v2\/tags?post=105653"},{"taxonomy":"author","embeddable":true,"href":"https:\/\/buletin.de\/bucuresti\/wp-json\/wp\/v2\/ppma_author?post=105653"}],"curies":[{"name":"wp","href":"https:\/\/api.w.org\/{rel}","templated":true}]}}