{"id":105633,"date":"2024-11-09T13:01:52","date_gmt":"2024-11-09T10:01:52","guid":{"rendered":"https:\/\/buletin.de\/bucuresti\/?p=105633"},"modified":"2024-11-09T13:01:52","modified_gmt":"2024-11-09T10:01:52","slug":"masinile-abandonate-domeniul-public","status":"publish","type":"post","link":"https:\/\/buletin.de\/bucuresti\/masinile-abandonate-domeniul-public\/","title":{"rendered":"Sector 2 | Dispar ma\u0219inile abandonate pe domeniul public. Prim\u0103ria a demarat o campanie de ridicare a acestora"},"content":{"rendered":"\n<p><strong>Ma\u0219inile abandonate pe domeniul public vor disp\u0103rea din Sectorul 2. <a href=\"https:\/\/www.facebook.com\/PrimariaSector2\">Autoritatea local\u0103<\/a> a \u00eenceput o campanie pentru ridicarea acestora.<\/strong><\/p>\n\n\n\n<p>De asemenea, persoanele care las\u0103 ma\u0219inile abandonate pe domeniul public vor fi identificate \u0219i sanc\u021bionate. P\u00e2n\u0103 acum, peste 1800 de autoturisme abandonate au fost g\u0103site, \u00eens\u0103 doar 17 au fost ridicate, de la \u00eenceputul anului, de Poli\u021bia Local\u0103.<\/p>\n\n\n\n<figure class=\"wp-block-gallery has-nested-images columns-default is-cropped wp-block-gallery-1 is-layout-flex wp-block-gallery-is-layout-flex\">\n<figure class=\"wp-block-image size-large\"><img fetchpriority=\"high\" decoding=\"async\" width=\"593\" height=\"395\" data-id=\"105636\" src=\"data:image\/gif;base64,R0lGODlhAQABAAAAACH5BAEKAAEALAAAAAABAAEAAAICTAEAOw==\" data-src=\"https:\/\/buletin.de\/bucuresti\/wp-content\/uploads\/466154615_1003562318482349_4671438998013157243_n.jpg\" alt=\"\" class=\"wp-image-105636 lazyload\" data-sizes=\"auto\" data-srcset=\"https:\/\/buletin.de\/bucuresti\/wp-content\/uploads\/466154615_1003562318482349_4671438998013157243_n.jpg 593w, https:\/\/buletin.de\/bucuresti\/wp-content\/uploads\/466154615_1003562318482349_4671438998013157243_n-300x200.jpg 300w, https:\/\/buletin.de\/bucuresti\/wp-content\/uploads\/466154615_1003562318482349_4671438998013157243_n-20x13.jpg 20w\" sizes=\"(max-width: 593px) 100vw, 593px\" \/><\/figure>\n\n\n\n<figure class=\"wp-block-image size-large\"><img decoding=\"async\" width=\"900\" height=\"600\" data-id=\"105635\" src=\"data:image\/gif;base64,R0lGODlhAQABAAAAACH5BAEKAAEALAAAAAABAAEAAAICTAEAOw==\" data-src=\"https:\/\/buletin.de\/bucuresti\/wp-content\/uploads\/466156078_1003562411815673_4503560541725664855_n-900x600.jpg\" alt=\"\" class=\"wp-image-105635 lazyload\" data-sizes=\"auto\" data-srcset=\"https:\/\/buletin.de\/bucuresti\/wp-content\/uploads\/466156078_1003562411815673_4503560541725664855_n-900x600.jpg 900w, https:\/\/buletin.de\/bucuresti\/wp-content\/uploads\/466156078_1003562411815673_4503560541725664855_n-300x200.jpg 300w, https:\/\/buletin.de\/bucuresti\/wp-content\/uploads\/466156078_1003562411815673_4503560541725664855_n-768x512.jpg 768w, https:\/\/buletin.de\/bucuresti\/wp-content\/uploads\/466156078_1003562411815673_4503560541725664855_n-1536x1023.jpg 1536w, https:\/\/buletin.de\/bucuresti\/wp-content\/uploads\/466156078_1003562411815673_4503560541725664855_n-1100x733.jpg 1100w, https:\/\/buletin.de\/bucuresti\/wp-content\/uploads\/466156078_1003562411815673_4503560541725664855_n-600x400.jpg 600w, https:\/\/buletin.de\/bucuresti\/wp-content\/uploads\/466156078_1003562411815673_4503560541725664855_n-20x13.jpg 20w, https:\/\/buletin.de\/bucuresti\/wp-content\/uploads\/466156078_1003562411815673_4503560541725664855_n.jpg 1600w\" sizes=\"(max-width: 900px) 100vw, 900px\" \/><\/figure>\n\n\n\n<figure class=\"wp-block-image size-large\"><img decoding=\"async\" width=\"900\" height=\"600\" data-id=\"105637\" src=\"data:image\/gif;base64,R0lGODlhAQABAAAAACH5BAEKAAEALAAAAAABAAEAAAICTAEAOw==\" data-src=\"https:\/\/buletin.de\/bucuresti\/wp-content\/uploads\/465994886_1003562428482338_4288668697028450093_n-900x600.jpg\" alt=\"\" class=\"wp-image-105637 lazyload\" data-sizes=\"auto\" data-srcset=\"https:\/\/buletin.de\/bucuresti\/wp-content\/uploads\/465994886_1003562428482338_4288668697028450093_n-900x600.jpg 900w, https:\/\/buletin.de\/bucuresti\/wp-content\/uploads\/465994886_1003562428482338_4288668697028450093_n-300x200.jpg 300w, https:\/\/buletin.de\/bucuresti\/wp-content\/uploads\/465994886_1003562428482338_4288668697028450093_n-768x512.jpg 768w, https:\/\/buletin.de\/bucuresti\/wp-content\/uploads\/465994886_1003562428482338_4288668697028450093_n-1536x1023.jpg 1536w, https:\/\/buletin.de\/bucuresti\/wp-content\/uploads\/465994886_1003562428482338_4288668697028450093_n-1100x733.jpg 1100w, https:\/\/buletin.de\/bucuresti\/wp-content\/uploads\/465994886_1003562428482338_4288668697028450093_n-600x400.jpg 600w, https:\/\/buletin.de\/bucuresti\/wp-content\/uploads\/465994886_1003562428482338_4288668697028450093_n-20x13.jpg 20w, https:\/\/buletin.de\/bucuresti\/wp-content\/uploads\/465994886_1003562428482338_4288668697028450093_n.jpg 1600w\" sizes=\"(max-width: 900px) 100vw, 900px\" \/><\/figure>\n<\/figure>\n\n\n\n<p>Mai mult, Prim\u0103ria Sectorului 2 anun\u021b\u0103 c\u0103, pe l\u00e2ng\u0103 cur\u0103\u021barea domeniului public de ma\u0219inile abandonate, se va combate \u0219i fenomenul arunc\u0103rii de\u0219eurilor la \u00eent\u00e2mplare. Cei care arunc\u0103 gunoaie pe spa\u021biul public vor fi sanc\u021biona\u0163i. Deja au fost date 62 de sanc\u021biuni, \u00een valoare de 58.200 lei pentru nerespectarea normelor de protec\u021bie a mediului, \u00een numai trei zile.<\/p>\n\n\n\n<figure class=\"wp-block-gallery has-nested-images columns-default is-cropped wp-block-gallery-2 is-layout-flex wp-block-gallery-is-layout-flex\">\n<figure class=\"wp-block-image size-large\"><img loading=\"lazy\" decoding=\"async\" width=\"401\" height=\"600\" data-id=\"105640\" src=\"data:image\/gif;base64,R0lGODlhAQABAAAAACH5BAEKAAEALAAAAAABAAEAAAICTAEAOw==\" data-src=\"https:\/\/buletin.de\/bucuresti\/wp-content\/uploads\/466019860_1003562351815679_6625880968674656307_n.jpg\" alt=\"\" class=\"wp-image-105640 lazyload\" data-sizes=\"auto\" data-srcset=\"https:\/\/buletin.de\/bucuresti\/wp-content\/uploads\/466019860_1003562351815679_6625880968674656307_n.jpg 401w, https:\/\/buletin.de\/bucuresti\/wp-content\/uploads\/466019860_1003562351815679_6625880968674656307_n-201x300.jpg 201w, https:\/\/buletin.de\/bucuresti\/wp-content\/uploads\/466019860_1003562351815679_6625880968674656307_n-20x30.jpg 20w\" sizes=\"(max-width: 401px) 100vw, 401px\" \/><\/figure>\n\n\n\n<figure class=\"wp-block-image size-large\"><img loading=\"lazy\" decoding=\"async\" width=\"593\" height=\"395\" data-id=\"105639\" src=\"data:image\/gif;base64,R0lGODlhAQABAAAAACH5BAEKAAEALAAAAAABAAEAAAICTAEAOw==\" data-src=\"https:\/\/buletin.de\/bucuresti\/wp-content\/uploads\/465886031_1003562325149015_77720598480101931_n.jpg\" alt=\"\" class=\"wp-image-105639 lazyload\" data-sizes=\"auto\" data-srcset=\"https:\/\/buletin.de\/bucuresti\/wp-content\/uploads\/465886031_1003562325149015_77720598480101931_n.jpg 593w, https:\/\/buletin.de\/bucuresti\/wp-content\/uploads\/465886031_1003562325149015_77720598480101931_n-300x200.jpg 300w, https:\/\/buletin.de\/bucuresti\/wp-content\/uploads\/465886031_1003562325149015_77720598480101931_n-20x13.jpg 20w\" sizes=\"(max-width: 593px) 100vw, 593px\" \/><\/figure>\n\n\n\n<figure class=\"wp-block-image size-large\"><img loading=\"lazy\" decoding=\"async\" width=\"440\" height=\"600\" data-id=\"105638\" src=\"data:image\/gif;base64,R0lGODlhAQABAAAAACH5BAEKAAEALAAAAAABAAEAAAICTAEAOw==\" data-src=\"https:\/\/buletin.de\/bucuresti\/wp-content\/uploads\/465872345_1003562455149002_8708014150863107550_n.jpg\" alt=\"\" class=\"wp-image-105638 lazyload\" data-sizes=\"auto\" data-srcset=\"https:\/\/buletin.de\/bucuresti\/wp-content\/uploads\/465872345_1003562455149002_8708014150863107550_n.jpg 440w, https:\/\/buletin.de\/bucuresti\/wp-content\/uploads\/465872345_1003562455149002_8708014150863107550_n-220x300.jpg 220w, https:\/\/buletin.de\/bucuresti\/wp-content\/uploads\/465872345_1003562455149002_8708014150863107550_n-20x27.jpg 20w\" sizes=\"(max-width: 440px) 100vw, 440px\" \/><\/figure>\n<\/figure>\n\n\n\n<p><strong>CITE\u0218TE \u0218I:<\/strong> <a href=\"https:\/\/buletin.de\/bucuresti\/pt-dimnegocierile-uslm-metrorex-artimon-simt-o-presiune-politica-noi-suntem-intr-un-minister-psd-iar-compania-e-condusa-de-pnl\/\">Negocierile USLM \u2013 Metrorex | Artimon: \u201eSimt o presiune politic\u0103. Noi suntem \u00eentr-un minister PSD, iar compania e condus\u0103 de PNL\u201d<\/a><\/p>\n\n\n\n<h2 class=\"wp-block-heading\" id=\"h-sector-6-i-ma\u0219inile-uitate-pe-domeniul-public-ridicate-\u0219i-duse-la-casat\">Sector 6 I Ma\u0219inile \u201euitate\u201d pe domeniul public, ridicate \u0219i duse la casat<\/h2>\n\n\n\n<p><strong>\u0218i<\/strong> <strong>Prim\u0103ria Sectorului 6 anun\u021ba, \u00een februarie, ridicarea ma\u0219inilor abandonate pe domeniul public, cu ajutorul Poli\u021biei Locale, prin Biroul Vehicule Abandonate.<\/strong><\/p>\n\n\n\n<p>Prim\u0103ria Sectorului 6 urma s\u0103 ridice 900 de ma\u0219ini. Pentru aproape 200, actele erau deja f\u0103cute. <\/p>\n\n\n\n<p>\u00cen anul 2023, din peste 2.300 de vehicule verificate, au fost ridicate de pe domeniul public, parc\u0103ri sau trotuare, \u00een jur de 200 de ma\u0219ini. Autoturismele aveau ITP \u015fi RCA expirate sau nu aveau proprietar.<\/p>\n\n\n\n<p>Legea prevede c\u0103 este nevoie s\u0103 treac\u0103 \u0219ase luni pentru ca un autoturism s\u0103 fie considerat abandonat. \u00centre timp, el poate fi mutat pe un spa\u021biu privat sau chiar \u00een parcul auto al prim\u0103riei de sector de care apar\u021bin, poate fi casat sau poate fi pus \u00een circula\u021bie prin ob\u021binerea unui ITP valabil.<\/p>\n\n\n\n<p>Anul trecut, prin Programul Rabla Local, au fost casate \u00een jur de 1.000 de ma\u0219ini.<\/p>\n\n\n\n<p><strong>CITE\u0218TE \u0218I:<\/strong> <a href=\"https:\/\/buletin.de\/bucuresti\/sector-6-rablele-abandonate-sunt-vandute-la-licitatie-de-primarie-cum-arata-range-rover-ul-care-are-pret-de-pornire-2850-lei\/\">Sector 6 | Rablele abandonate sunt v\u00e2ndute la licita\u0163ie de Prim\u0103rie. Cum arat\u0103 Range Rover-ul care are pre\u0163 de pornire 2850 lei<\/a><br><\/p>\n\n\n\n<p><\/p>\n","protected":false},"excerpt":{"rendered":"<p>Ma\u0219inile abandonate pe domeniul public vor disp\u0103rea din Sectorul 2. Autoritatea local\u0103 a \u00eenceput o campanie pentru ridicarea acestora. De asemenea, persoanele care las\u0103 ma\u0219inile abandonate pe domeniul public vor fi identificate \u0219i sanc\u021bionate. P\u00e2n\u0103 acum, peste 1800 de autoturisme abandonate au fost g\u0103site, \u00eens\u0103 doar 17 au fost ridicate, de la \u00eenceputul anului, de [&hellip;]<\/p>\n","protected":false},"author":49,"featured_media":105641,"comment_status":"closed","ping_status":"open","sticky":false,"template":"","format":"standard","meta":{"_acf_changed":false,"inline_featured_image":false,"ngg_post_thumbnail":0,"footnotes":""},"categories":[6994,24,62],"tags":[13905,3512,16713,3808],"ppma_author":[22574],"class_list":["post-105633","post","type-post","status-publish","format-standard","has-post-thumbnail","hentry","category-stiri-2","category-primarie","category-stiri","tag-deseuri-locuri-publice","tag-masini-abandonate-2","tag-parking","tag-primaria-sector-2-2"],"acf":[],"yoast_head":"<!-- This site is optimized with the Yoast SEO Premium plugin v25.3 (Yoast SEO v27.4) - https:\/\/yoast.com\/product\/yoast-seo-premium-wordpress\/ -->\n<title>Sector 2 | Dispar ma\u0219inile abandonate pe domeniul public. Prim\u0103ria a demarat o campanie de ridicare a acestora - Buletin de Bucure\u0219ti<\/title>\n<meta name=\"description\" content=\"Ma\u0219inile abandonate domeniul public. Ma\u0219inile abandonate pe domeniul public disp\u0103r din Sectorul 2. A inceput o campanie de ridicare a lor.\" \/>\n<meta name=\"robots\" content=\"index, follow, max-snippet:-1, max-image-preview:large, max-video-preview:-1\" \/>\n<link rel=\"canonical\" href=\"https:\/\/buletin.de\/bucuresti\/masinile-abandonate-domeniul-public\/\" \/>\n<meta property=\"og:locale\" content=\"en_GB\" \/>\n<meta property=\"og:type\" content=\"article\" \/>\n<meta property=\"og:title\" content=\"Sector 2 | Dispar ma\u0219inile abandonate pe domeniul public. Prim\u0103ria a demarat o campanie de ridicare a acestora\" \/>\n<meta property=\"og:description\" content=\"Ma\u0219inile abandonate domeniul public. Ma\u0219inile abandonate pe domeniul public disp\u0103r din Sectorul 2. A inceput o campanie de ridicare a lor.\" \/>\n<meta property=\"og:url\" content=\"https:\/\/buletin.de\/bucuresti\/masinile-abandonate-domeniul-public\/\" \/>\n<meta property=\"og:site_name\" content=\"Buletin de Bucure\u0219ti\" \/>\n<meta property=\"article:publisher\" content=\"https:\/\/www.facebook.com\/buletin.de.buc\" \/>\n<meta property=\"article:published_time\" content=\"2024-11-09T10:01:52+00:00\" \/>\n<meta property=\"og:image\" content=\"https:\/\/buletin.de\/bucuresti\/wp-content\/uploads\/465910775_1003562368482344_6015546382709154558_n.jpg\" \/>\n\t<meta property=\"og:image:width\" content=\"1600\" \/>\n\t<meta property=\"og:image:height\" content=\"1066\" \/>\n\t<meta property=\"og:image:type\" content=\"image\/jpeg\" \/>\n<meta name=\"author\" content=\"Diana Matei\" \/>\n<meta name=\"twitter:card\" content=\"summary_large_image\" \/>\n<meta name=\"twitter:label1\" content=\"Written by\" \/>\n\t<meta name=\"twitter:data1\" content=\"Diana Matei\" \/>\n\t<meta name=\"twitter:label2\" content=\"Estimated reading time\" \/>\n\t<meta name=\"twitter:data2\" content=\"3 minutes\" \/>\n<script type=\"application\/ld+json\" class=\"yoast-schema-graph\">{\"@context\":\"https:\\\/\\\/schema.org\",\"@graph\":[{\"@type\":\"Article\",\"@id\":\"https:\\\/\\\/buletin.de\\\/bucuresti\\\/masinile-abandonate-domeniul-public\\\/#article\",\"isPartOf\":{\"@id\":\"https:\\\/\\\/buletin.de\\\/bucuresti\\\/masinile-abandonate-domeniul-public\\\/\"},\"author\":{\"name\":\"Diana Matei\",\"@id\":\"https:\\\/\\\/buletin.de\\\/bucuresti\\\/#\\\/schema\\\/person\\\/7e46040573290777280a0835d81ea4ea\"},\"headline\":\"Sector 2 | Dispar ma\u0219inile abandonate pe domeniul public. Prim\u0103ria a demarat o campanie de ridicare a acestora\",\"datePublished\":\"2024-11-09T10:01:52+00:00\",\"mainEntityOfPage\":{\"@id\":\"https:\\\/\\\/buletin.de\\\/bucuresti\\\/masinile-abandonate-domeniul-public\\\/\"},\"wordCount\":352,\"publisher\":{\"@id\":\"https:\\\/\\\/buletin.de\\\/bucuresti\\\/#organization\"},\"image\":{\"@id\":\"https:\\\/\\\/buletin.de\\\/bucuresti\\\/masinile-abandonate-domeniul-public\\\/#primaryimage\"},\"thumbnailUrl\":\"https:\\\/\\\/buletin.de\\\/bucuresti\\\/wp-content\\\/uploads\\\/465910775_1003562368482344_6015546382709154558_n.jpg\",\"keywords\":[\"deseuri locuri publice\",\"masini abandonate\",\"parking\",\"primaria sector 2\"],\"articleSection\":[\"Articole\",\"Prim\u0103rie\",\"\u0218tiri\"],\"inLanguage\":\"en-GB\",\"copyrightYear\":\"2024\",\"copyrightHolder\":{\"@id\":\"https:\\\/\\\/buletin.de\\\/bucuresti\\\/#organization\"}},{\"@type\":\"WebPage\",\"@id\":\"https:\\\/\\\/buletin.de\\\/bucuresti\\\/masinile-abandonate-domeniul-public\\\/\",\"url\":\"https:\\\/\\\/buletin.de\\\/bucuresti\\\/masinile-abandonate-domeniul-public\\\/\",\"name\":\"Sector 2 | Dispar ma\u0219inile abandonate pe domeniul public. Prim\u0103ria a demarat o campanie de ridicare a acestora - Buletin de Bucure\u0219ti\",\"isPartOf\":{\"@id\":\"https:\\\/\\\/buletin.de\\\/bucuresti\\\/#website\"},\"primaryImageOfPage\":{\"@id\":\"https:\\\/\\\/buletin.de\\\/bucuresti\\\/masinile-abandonate-domeniul-public\\\/#primaryimage\"},\"image\":{\"@id\":\"https:\\\/\\\/buletin.de\\\/bucuresti\\\/masinile-abandonate-domeniul-public\\\/#primaryimage\"},\"thumbnailUrl\":\"https:\\\/\\\/buletin.de\\\/bucuresti\\\/wp-content\\\/uploads\\\/465910775_1003562368482344_6015546382709154558_n.jpg\",\"datePublished\":\"2024-11-09T10:01:52+00:00\",\"description\":\"Ma\u0219inile abandonate domeniul public. Ma\u0219inile abandonate pe domeniul public disp\u0103r din Sectorul 2. A inceput o campanie de ridicare a lor.\",\"breadcrumb\":{\"@id\":\"https:\\\/\\\/buletin.de\\\/bucuresti\\\/masinile-abandonate-domeniul-public\\\/#breadcrumb\"},\"inLanguage\":\"en-GB\",\"potentialAction\":[{\"@type\":\"ReadAction\",\"target\":[\"https:\\\/\\\/buletin.de\\\/bucuresti\\\/masinile-abandonate-domeniul-public\\\/\"]}]},{\"@type\":\"ImageObject\",\"inLanguage\":\"en-GB\",\"@id\":\"https:\\\/\\\/buletin.de\\\/bucuresti\\\/masinile-abandonate-domeniul-public\\\/#primaryimage\",\"url\":\"https:\\\/\\\/buletin.de\\\/bucuresti\\\/wp-content\\\/uploads\\\/465910775_1003562368482344_6015546382709154558_n.jpg\",\"contentUrl\":\"https:\\\/\\\/buletin.de\\\/bucuresti\\\/wp-content\\\/uploads\\\/465910775_1003562368482344_6015546382709154558_n.jpg\",\"width\":1600,\"height\":1066,\"caption\":\"Dispar ma\u0219inile abandonate pe domeniul public. Prim\u0103ria a demarat o campanie de ridicare a acestora. FOTO: PS2\"},{\"@type\":\"BreadcrumbList\",\"@id\":\"https:\\\/\\\/buletin.de\\\/bucuresti\\\/masinile-abandonate-domeniul-public\\\/#breadcrumb\",\"itemListElement\":[{\"@type\":\"ListItem\",\"position\":1,\"name\":\"Acas\u0103\",\"item\":\"https:\\\/\\\/buletin.de\\\/bucuresti\\\/\"},{\"@type\":\"ListItem\",\"position\":2,\"name\":\"Sector 2 | Dispar ma\u0219inile abandonate pe domeniul public. Prim\u0103ria a demarat o campanie de ridicare a acestora\"}]},{\"@type\":\"WebSite\",\"@id\":\"https:\\\/\\\/buletin.de\\\/bucuresti\\\/#website\",\"url\":\"https:\\\/\\\/buletin.de\\\/bucuresti\\\/\",\"name\":\"Buletin de Bucure\u0219ti\",\"description\":\"\u0218tiri \u0219i investiga\u021bii esen\u021biale din capital\u0103\",\"publisher\":{\"@id\":\"https:\\\/\\\/buletin.de\\\/bucuresti\\\/#organization\"},\"potentialAction\":[{\"@type\":\"SearchAction\",\"target\":{\"@type\":\"EntryPoint\",\"urlTemplate\":\"https:\\\/\\\/buletin.de\\\/bucuresti\\\/?s={search_term_string}\"},\"query-input\":{\"@type\":\"PropertyValueSpecification\",\"valueRequired\":true,\"valueName\":\"search_term_string\"}}],\"inLanguage\":\"en-GB\"},{\"@type\":\"Organization\",\"@id\":\"https:\\\/\\\/buletin.de\\\/bucuresti\\\/#organization\",\"name\":\"Buletin de Bucure\u0219ti\",\"url\":\"https:\\\/\\\/buletin.de\\\/bucuresti\\\/\",\"logo\":{\"@type\":\"ImageObject\",\"inLanguage\":\"en-GB\",\"@id\":\"https:\\\/\\\/buletin.de\\\/bucuresti\\\/#\\\/schema\\\/logo\\\/image\\\/\",\"url\":\"https:\\\/\\\/buletin.de\\\/bucuresti\\\/wp-content\\\/uploads\\\/logo-bdb-full-wide-vernil-transparent.png\",\"contentUrl\":\"https:\\\/\\\/buletin.de\\\/bucuresti\\\/wp-content\\\/uploads\\\/logo-bdb-full-wide-vernil-transparent.png\",\"width\":1782,\"height\":626,\"caption\":\"Buletin de Bucure\u0219ti\"},\"image\":{\"@id\":\"https:\\\/\\\/buletin.de\\\/bucuresti\\\/#\\\/schema\\\/logo\\\/image\\\/\"},\"sameAs\":[\"https:\\\/\\\/www.facebook.com\\\/buletin.de.buc\",\"https:\\\/\\\/www.instagram.com\\\/buletinde.bucuresti\\\/\"]},{\"@type\":\"Person\",\"@id\":\"https:\\\/\\\/buletin.de\\\/bucuresti\\\/#\\\/schema\\\/person\\\/7e46040573290777280a0835d81ea4ea\",\"name\":\"Diana Matei\",\"image\":{\"@type\":\"ImageObject\",\"inLanguage\":\"en-GB\",\"@id\":\"https:\\\/\\\/buletin.de\\\/bucuresti\\\/wp-content\\\/uploads\\\/9-2-96x96.jpg1e8590b30871d70e62ebcdaf2eff570c\",\"url\":\"https:\\\/\\\/buletin.de\\\/bucuresti\\\/wp-content\\\/uploads\\\/9-2-96x96.jpg\",\"contentUrl\":\"https:\\\/\\\/buletin.de\\\/bucuresti\\\/wp-content\\\/uploads\\\/9-2-96x96.jpg\",\"caption\":\"Diana Matei\"},\"url\":\"https:\\\/\\\/buletin.de\\\/bucuresti\\\/author\\\/dianamatei\\\/\"}]}<\/script>\n<!-- \/ Yoast SEO Premium plugin. -->","yoast_head_json":{"title":"Sector 2 | Dispar ma\u0219inile abandonate pe domeniul public. Prim\u0103ria a demarat o campanie de ridicare a acestora - Buletin de Bucure\u0219ti","description":"Ma\u0219inile abandonate domeniul public. Ma\u0219inile abandonate pe domeniul public disp\u0103r din Sectorul 2. A inceput o campanie de ridicare a lor.","robots":{"index":"index","follow":"follow","max-snippet":"max-snippet:-1","max-image-preview":"max-image-preview:large","max-video-preview":"max-video-preview:-1"},"canonical":"https:\/\/buletin.de\/bucuresti\/masinile-abandonate-domeniul-public\/","og_locale":"en_GB","og_type":"article","og_title":"Sector 2 | Dispar ma\u0219inile abandonate pe domeniul public. Prim\u0103ria a demarat o campanie de ridicare a acestora","og_description":"Ma\u0219inile abandonate domeniul public. Ma\u0219inile abandonate pe domeniul public disp\u0103r din Sectorul 2. A inceput o campanie de ridicare a lor.","og_url":"https:\/\/buletin.de\/bucuresti\/masinile-abandonate-domeniul-public\/","og_site_name":"Buletin de Bucure\u0219ti","article_publisher":"https:\/\/www.facebook.com\/buletin.de.buc","article_published_time":"2024-11-09T10:01:52+00:00","og_image":[{"width":1600,"height":1066,"url":"https:\/\/buletin.de\/bucuresti\/wp-content\/uploads\/465910775_1003562368482344_6015546382709154558_n.jpg","type":"image\/jpeg"}],"author":"Diana Matei","twitter_card":"summary_large_image","twitter_misc":{"Written by":"Diana Matei","Estimated reading time":"3 minutes"},"schema":{"@context":"https:\/\/schema.org","@graph":[{"@type":"Article","@id":"https:\/\/buletin.de\/bucuresti\/masinile-abandonate-domeniul-public\/#article","isPartOf":{"@id":"https:\/\/buletin.de\/bucuresti\/masinile-abandonate-domeniul-public\/"},"author":{"name":"Diana Matei","@id":"https:\/\/buletin.de\/bucuresti\/#\/schema\/person\/7e46040573290777280a0835d81ea4ea"},"headline":"Sector 2 | Dispar ma\u0219inile abandonate pe domeniul public. Prim\u0103ria a demarat o campanie de ridicare a acestora","datePublished":"2024-11-09T10:01:52+00:00","mainEntityOfPage":{"@id":"https:\/\/buletin.de\/bucuresti\/masinile-abandonate-domeniul-public\/"},"wordCount":352,"publisher":{"@id":"https:\/\/buletin.de\/bucuresti\/#organization"},"image":{"@id":"https:\/\/buletin.de\/bucuresti\/masinile-abandonate-domeniul-public\/#primaryimage"},"thumbnailUrl":"https:\/\/buletin.de\/bucuresti\/wp-content\/uploads\/465910775_1003562368482344_6015546382709154558_n.jpg","keywords":["deseuri locuri publice","masini abandonate","parking","primaria sector 2"],"articleSection":["Articole","Prim\u0103rie","\u0218tiri"],"inLanguage":"en-GB","copyrightYear":"2024","copyrightHolder":{"@id":"https:\/\/buletin.de\/bucuresti\/#organization"}},{"@type":"WebPage","@id":"https:\/\/buletin.de\/bucuresti\/masinile-abandonate-domeniul-public\/","url":"https:\/\/buletin.de\/bucuresti\/masinile-abandonate-domeniul-public\/","name":"Sector 2 | Dispar ma\u0219inile abandonate pe domeniul public. Prim\u0103ria a demarat o campanie de ridicare a acestora - Buletin de Bucure\u0219ti","isPartOf":{"@id":"https:\/\/buletin.de\/bucuresti\/#website"},"primaryImageOfPage":{"@id":"https:\/\/buletin.de\/bucuresti\/masinile-abandonate-domeniul-public\/#primaryimage"},"image":{"@id":"https:\/\/buletin.de\/bucuresti\/masinile-abandonate-domeniul-public\/#primaryimage"},"thumbnailUrl":"https:\/\/buletin.de\/bucuresti\/wp-content\/uploads\/465910775_1003562368482344_6015546382709154558_n.jpg","datePublished":"2024-11-09T10:01:52+00:00","description":"Ma\u0219inile abandonate domeniul public. Ma\u0219inile abandonate pe domeniul public disp\u0103r din Sectorul 2. A inceput o campanie de ridicare a lor.","breadcrumb":{"@id":"https:\/\/buletin.de\/bucuresti\/masinile-abandonate-domeniul-public\/#breadcrumb"},"inLanguage":"en-GB","potentialAction":[{"@type":"ReadAction","target":["https:\/\/buletin.de\/bucuresti\/masinile-abandonate-domeniul-public\/"]}]},{"@type":"ImageObject","inLanguage":"en-GB","@id":"https:\/\/buletin.de\/bucuresti\/masinile-abandonate-domeniul-public\/#primaryimage","url":"https:\/\/buletin.de\/bucuresti\/wp-content\/uploads\/465910775_1003562368482344_6015546382709154558_n.jpg","contentUrl":"https:\/\/buletin.de\/bucuresti\/wp-content\/uploads\/465910775_1003562368482344_6015546382709154558_n.jpg","width":1600,"height":1066,"caption":"Dispar ma\u0219inile abandonate pe domeniul public. Prim\u0103ria a demarat o campanie de ridicare a acestora. FOTO: PS2"},{"@type":"BreadcrumbList","@id":"https:\/\/buletin.de\/bucuresti\/masinile-abandonate-domeniul-public\/#breadcrumb","itemListElement":[{"@type":"ListItem","position":1,"name":"Acas\u0103","item":"https:\/\/buletin.de\/bucuresti\/"},{"@type":"ListItem","position":2,"name":"Sector 2 | Dispar ma\u0219inile abandonate pe domeniul public. Prim\u0103ria a demarat o campanie de ridicare a acestora"}]},{"@type":"WebSite","@id":"https:\/\/buletin.de\/bucuresti\/#website","url":"https:\/\/buletin.de\/bucuresti\/","name":"Buletin de Bucure\u0219ti","description":"\u0218tiri \u0219i investiga\u021bii esen\u021biale din capital\u0103","publisher":{"@id":"https:\/\/buletin.de\/bucuresti\/#organization"},"potentialAction":[{"@type":"SearchAction","target":{"@type":"EntryPoint","urlTemplate":"https:\/\/buletin.de\/bucuresti\/?s={search_term_string}"},"query-input":{"@type":"PropertyValueSpecification","valueRequired":true,"valueName":"search_term_string"}}],"inLanguage":"en-GB"},{"@type":"Organization","@id":"https:\/\/buletin.de\/bucuresti\/#organization","name":"Buletin de Bucure\u0219ti","url":"https:\/\/buletin.de\/bucuresti\/","logo":{"@type":"ImageObject","inLanguage":"en-GB","@id":"https:\/\/buletin.de\/bucuresti\/#\/schema\/logo\/image\/","url":"https:\/\/buletin.de\/bucuresti\/wp-content\/uploads\/logo-bdb-full-wide-vernil-transparent.png","contentUrl":"https:\/\/buletin.de\/bucuresti\/wp-content\/uploads\/logo-bdb-full-wide-vernil-transparent.png","width":1782,"height":626,"caption":"Buletin de Bucure\u0219ti"},"image":{"@id":"https:\/\/buletin.de\/bucuresti\/#\/schema\/logo\/image\/"},"sameAs":["https:\/\/www.facebook.com\/buletin.de.buc","https:\/\/www.instagram.com\/buletinde.bucuresti\/"]},{"@type":"Person","@id":"https:\/\/buletin.de\/bucuresti\/#\/schema\/person\/7e46040573290777280a0835d81ea4ea","name":"Diana Matei","image":{"@type":"ImageObject","inLanguage":"en-GB","@id":"https:\/\/buletin.de\/bucuresti\/wp-content\/uploads\/9-2-96x96.jpg1e8590b30871d70e62ebcdaf2eff570c","url":"https:\/\/buletin.de\/bucuresti\/wp-content\/uploads\/9-2-96x96.jpg","contentUrl":"https:\/\/buletin.de\/bucuresti\/wp-content\/uploads\/9-2-96x96.jpg","caption":"Diana Matei"},"url":"https:\/\/buletin.de\/bucuresti\/author\/dianamatei\/"}]}},"authors":[{"term_id":22574,"user_id":49,"is_guest":0,"slug":"dianamatei","display_name":"Diana Matei","avatar_url":"https:\/\/buletin.de\/bucuresti\/wp-content\/uploads\/9-2-96x96.jpg","0":null,"1":"","2":"","3":"","4":"","5":"","6":"","7":"","8":""}],"_links":{"self":[{"href":"https:\/\/buletin.de\/bucuresti\/wp-json\/wp\/v2\/posts\/105633","targetHints":{"allow":["GET"]}}],"collection":[{"href":"https:\/\/buletin.de\/bucuresti\/wp-json\/wp\/v2\/posts"}],"about":[{"href":"https:\/\/buletin.de\/bucuresti\/wp-json\/wp\/v2\/types\/post"}],"author":[{"embeddable":true,"href":"https:\/\/buletin.de\/bucuresti\/wp-json\/wp\/v2\/users\/49"}],"replies":[{"embeddable":true,"href":"https:\/\/buletin.de\/bucuresti\/wp-json\/wp\/v2\/comments?post=105633"}],"version-history":[{"count":4,"href":"https:\/\/buletin.de\/bucuresti\/wp-json\/wp\/v2\/posts\/105633\/revisions"}],"predecessor-version":[{"id":105663,"href":"https:\/\/buletin.de\/bucuresti\/wp-json\/wp\/v2\/posts\/105633\/revisions\/105663"}],"wp:featuredmedia":[{"embeddable":true,"href":"https:\/\/buletin.de\/bucuresti\/wp-json\/wp\/v2\/media\/105641"}],"wp:attachment":[{"href":"https:\/\/buletin.de\/bucuresti\/wp-json\/wp\/v2\/media?parent=105633"}],"wp:term":[{"taxonomy":"category","embeddable":true,"href":"https:\/\/buletin.de\/bucuresti\/wp-json\/wp\/v2\/categories?post=105633"},{"taxonomy":"post_tag","embeddable":true,"href":"https:\/\/buletin.de\/bucuresti\/wp-json\/wp\/v2\/tags?post=105633"},{"taxonomy":"author","embeddable":true,"href":"https:\/\/buletin.de\/bucuresti\/wp-json\/wp\/v2\/ppma_author?post=105633"}],"curies":[{"name":"wp","href":"https:\/\/api.w.org\/{rel}","templated":true}]}}