{"id":105617,"date":"2024-11-09T02:39:45","date_gmt":"2024-11-08T23:39:45","guid":{"rendered":"https:\/\/buletin.de\/bucuresti\/?p=105617"},"modified":"2024-11-09T13:04:34","modified_gmt":"2024-11-09T10:04:34","slug":"dnsc-despre-vanzarea-datelor-a-200-000-de-cetateni-din-sectorul-5-nu-putem-confirma-la-acest-moment","status":"publish","type":"post","link":"https:\/\/buletin.de\/bucuresti\/dnsc-despre-vanzarea-datelor-a-200-000-de-cetateni-din-sectorul-5-nu-putem-confirma-la-acest-moment\/","title":{"rendered":"DNSC, despre v\u00e2nzarea datelor a 200.000 de cet\u0103\u021beni din Sectorul 5: \u201ePlata r\u0103scump\u0103r\u0103rii poate \u00eencuraja continuarea atacurilor\u201d"},"content":{"rendered":"\n<p><strong>Directoratul Na\u021bional de Securitate Cibernetic\u0103 (DNSC) a transmis, pentru Buletin de Bucure\u0219ti, c\u0103 nu pot confirma, la acest moment, faptul c\u0103 datele a 200.000 de locuitori din Sectorul 5 au fost<\/strong> <strong>puse la v\u00e2nzare pe internet, \u00een urma atacului cibernetic de la Prim\u0103ria Sectorului 5.<\/strong><\/p>\n\n\n\n<blockquote class=\"wp-block-quote is-layout-flow wp-block-quote-is-layout-flow\">\n<p>La nivelul DNSC exist\u0103 date \u0219i informa\u021bii cu privire la post\u0103ri pe anumite site-uri, ce con\u021bin capturi de ecran cu poten\u021biale date exfiltrate \u00een urma acestui atac cibernetic.<\/p>\n<cite>Directoratul Na\u021bional de Securitate Cibernetic\u0103<\/cite><\/blockquote>\n\n\n\n<p><strong>CITE\u0218TE \u0218I: <a href=\"https:\/\/buletin.de\/bucuresti\/datele-furate-de-la-primaria-sectorului-5-scoase-la-vanzare-de-hackeri-200-000-de-persoane-afectate-plus-alte-sisteme-conectate-la-ministerul-de-interne\/\">Datele furate de la Prim\u0103ria Sectorului 5, scoase la v\u00e2nzare de hackeri. 200.000 de persoane afectate, plus alte sisteme conectate la Ministerul de Interne<\/a><\/strong><\/p>\n\n\n\n<h2 class=\"wp-block-heading\" id=\"h-nu-avem-informa\u021bii-cu-privire-la-derularea-unor-negocieri\">\u201eNu avem informa\u021bii cu privire la derularea unor negocieri\u201d<\/h2>\n\n\n\n<p>Buletin de Bucure\u0219ti a prezentat dezv\u0103luirile unui specialist \u00een securitate cibernetic\u0103 despre baza de date cu informa\u021biile a aproximativ 200.000 de locuitori din Sectorul 5, dar \u0219i alte seturi de date din sisteme conectate la Ministerul de Interne care<a href=\"https:\/\/buletin.de\/bucuresti\/datele-furate-de-la-primaria-sectorului-5-scoase-la-vanzare-de-hackeri-200-000-de-persoane-afectate-plus-alte-sisteme-conectate-la-ministerul-de-interne\/\"> au fost deja puse la v\u00e2nzare de c\u0103tre o grupare de hackeri<\/a> cunoscut\u0103 interna\u021bional, numit\u0103 RansomHub.<\/p>\n\n\n\n<p>Hackerii au anun\u021bat c\u0103 nu s-au \u00een\u021beles cu Prim\u0103ria Sectorului 5 (PS5) la negocieri, dup\u0103 ce au furat informa\u021biile \u00een urma atacului cibernetic din 26 octombrie. Specialistul \u00een cybersecurity Bogdan Albei, de la <a href=\"http:\/\/stop-ransomware.ro\">stop-ransomware.ro<\/a>, a explicat pentru Buletin de Bucure\u0219ti c\u0103 hackerii au publicat deja pe DarkWeb o mic\u0103 parte dintre date drept dovezi.<\/p>\n\n\n\n<p><strong>Cu toate acestea, \u00een r\u0103spunsul DNSC pentru redac\u021bia BdB, institu\u021bia a afirmat c\u0103 nu are cuno\u0219tin\u021b\u0103 despre derularea unor negocieri \u00eentre Prim\u0103ria Sectorului 5 \u0219i atacatori.<\/strong><\/p>\n\n\n\n<p><em>\u201ePozi\u021bia oficial\u0103 precum \u0219i recomandarea ferm\u0103 a DNSC este ca \u00een cazul unui atac cibernetic, inclusiv un atac ransomware, s\u0103 nu se realizeze nici o plat\u0103 c\u0103tre atacatori. Plata r\u0103scump\u0103r\u0103rii nu garanteaz\u0103 \u00een nici un fel recuperarea datelor \u0219i poate \u00eencuraja continuarea atacurilor, precum \u0219i sprijinirea \/ finan\u021barea fenomenului infrac\u021bional.<\/em><\/p>\n\n\n\n<p><em>Mai mult exist\u0103 riscul real ca prin plata unei r\u0103scump\u0103r\u0103ri c\u0103tre o grupare aflat\u0103 pe o lista de sanc\u021biuni interna\u021bionale, entitatea care efectueaz\u0103 o astfel de plat\u0103 s\u0103 intre sub inciden\u021ba unor sanc\u021biuni (e.g. \u00een caz de finan\u021bare a unor grup\u0103ri teroriste ce execut\u0103 direct sau indirect atacul cibernetic)\u201d<\/em>, a transmis Directoratul Na\u021bional de Securitate Cibernetic\u0103.<\/p>\n\n\n\n<p><strong>Institu\u021bia a mai transmis c\u0103 a fost notificat\u0103 despre atacul cibernetic asupra Prim\u0103riei Sectorului 5 la data la care a avut loc, 26 octombrie 2024, iar un raport detaliat a fost trimis pe platforma na\u021bional\u0103 PNRISC \u00een 31 octombrie.<\/strong><\/p>\n\n\n\n<p>Atacul a fost identificat ca fiind de tip ransomware, iar DNSC spune c\u0103 <em>\u201ea intervenit cu o echip\u0103 de r\u0103spuns rapid pentru declan\u0219area investiga\u021biilor \u0219i asigurarea de sprijin tehnic pentru limitarea impactului incidentului cibernetic\u201d<\/em>. Vorbim de un tip de virus care blocheaz\u0103 accesul la datele unei victime prin criptare \u0219i solicit\u0103 o r\u0103scump\u0103rare, de obicei \u00een bani, pentru a debloca accesul.<\/p>\n\n\n\n<h2 class=\"wp-block-heading\" id=\"h-raspunsul-complet-al-dnsc\">R\u0103spunsul complet al DNSC:<\/h2>\n\n\n\n<div data-wp-interactive=\"core\/file\" class=\"wp-block-file\"><object data-wp-bind--hidden=\"!state.hasPdfPreview\" hidden class=\"wp-block-file__embed\" data=\"https:\/\/buletin.de\/bucuresti\/wp-content\/uploads\/Raspunsul-DNSC-pentru-Buletin-de-Bucuresti.pdf\" type=\"application\/pdf\" style=\"width:100%;height:600px\" aria-label=\"Embed of R\u0103spunsul DNSC pentru Buletin de Bucure\u0219ti.\"><\/object><a id=\"wp-block-file--media-56c0ad25-7c93-436b-a9a4-8d75b53b67d4\" href=\"https:\/\/buletin.de\/bucuresti\/wp-content\/uploads\/Raspunsul-DNSC-pentru-Buletin-de-Bucuresti.pdf\">R\u0103spunsul DNSC pentru Buletin de Bucure\u0219ti<\/a><\/div>\n\n\n\n<p><strong>CITE\u0218TE MAI MULTE PE ACEST SUBIECT:<\/strong><\/p>\n\n\n\n<ul class=\"wp-block-list\">\n<li><strong><a href=\"https:\/\/buletin.de\/bucuresti\/datele-furate-de-la-primaria-sectorului-5-scoase-la-vanzare-de-hackeri-200-000-de-persoane-afectate-plus-alte-sisteme-conectate-la-ministerul-de-interne\/\">Datele furate de la Prim\u0103ria Sectorului 5, scoase la v\u00e2nzare de hackeri. 200.000 de persoane afectate, plus alte sisteme conectate la Ministerul de Interne<\/a><\/strong><\/li>\n\n\n\n<li><strong><a href=\"https:\/\/buletin.de\/bucuresti\/hackerii-care-au-scos-la-vanzare-baza-de-date-a-primariei-sector-5-au-folosit-in-anunt-datele-unor-oameni-cheie-din-institutie\/\">Hackerii care au scos la v\u00e2nzare baza de date a Prim\u0103riei Sector 5 au folosit \u00een anun\u021b datele unor oameni cheie din institu\u021bie<\/a><\/strong><\/li>\n\n\n\n<li><strong><a href=\"https:\/\/buletin.de\/bucuresti\/primaria-sectorului-5-atacata-cibernetic-hackerii-cer-1-milion-de-dolari-rascumparare\/\">Prim\u0103ria Sectorului 5, atacat\u0103 cibernetic. Hackerii cer 1 milion de dolari r\u0103scump\u0103rare<\/a><\/strong><\/li>\n<\/ul>\n","protected":false},"excerpt":{"rendered":"<p>Directoratul Na\u021bional de Securitate Cibernetic\u0103 (DNSC) a transmis, pentru Buletin de Bucure\u0219ti, c\u0103 nu pot confirma, la acest moment, faptul c\u0103 datele a 200.000 de locuitori din Sectorul 5 au fost puse la v\u00e2nzare pe internet, \u00een urma atacului cibernetic de la Prim\u0103ria Sectorului 5. La nivelul DNSC exist\u0103 date \u0219i informa\u021bii cu privire la [&hellip;]<\/p>\n","protected":false},"author":59,"featured_media":105624,"comment_status":"closed","ping_status":"open","sticky":false,"template":"","format":"standard","meta":{"_acf_changed":false,"inline_featured_image":false,"ngg_post_thumbnail":0,"footnotes":""},"categories":[6994,9026,5762,24],"tags":[16678,2063,2779,9751,1571,16679,5080,16706,188,16677],"ppma_author":[22572],"class_list":["post-105617","post","type-post","status-publish","format-standard","has-post-thumbnail","hentry","category-stiri-2","category-eveniment","category-main","category-primarie","tag-bresa-de-securitate","tag-bucuresti-2","tag-capitala-2","tag-dnsc","tag-furt","tag-hackeri","tag-primaria-sectorului-5-2","tag-ransomhub","tag-sector-5","tag-securitate-cibernetica-2"],"acf":[],"yoast_head":"<!-- This site is optimized with the Yoast SEO Premium plugin v25.3 (Yoast SEO v27.5) - https:\/\/yoast.com\/product\/yoast-seo-premium-wordpress\/ -->\n<title>DNSC, despre v\u00e2nzarea datelor a 200.000 de cet\u0103\u021beni din Sectorul 5: \u201ePlata r\u0103scump\u0103r\u0103rii poate \u00eencuraja continuarea atacurilor\u201d - Buletin de Bucure\u0219ti<\/title>\n<meta name=\"description\" content=\"Directoratul Na\u021bional de Securitate Cibernetic\u0103, despre v\u00e2nzarea datelor a 200.000 de cet\u0103\u021beni: \u201eNu putem confirma, la acest moment\u201d.\" \/>\n<meta name=\"robots\" content=\"index, follow, max-snippet:-1, max-image-preview:large, max-video-preview:-1\" \/>\n<link rel=\"canonical\" href=\"https:\/\/buletin.de\/bucuresti\/dnsc-despre-vanzarea-datelor-a-200-000-de-cetateni-din-sectorul-5-nu-putem-confirma-la-acest-moment\/\" \/>\n<meta property=\"og:locale\" content=\"en_GB\" \/>\n<meta property=\"og:type\" content=\"article\" \/>\n<meta property=\"og:title\" content=\"DNSC, despre v\u00e2nzarea datelor a 200.000 de cet\u0103\u021beni din Sectorul 5: \u201ePlata r\u0103scump\u0103r\u0103rii poate \u00eencuraja continuarea atacurilor\u201d\" \/>\n<meta property=\"og:description\" content=\"Directoratul Na\u021bional de Securitate Cibernetic\u0103, despre v\u00e2nzarea datelor a 200.000 de cet\u0103\u021beni: \u201eNu putem confirma, la acest moment\u201d.\" \/>\n<meta property=\"og:url\" content=\"https:\/\/buletin.de\/bucuresti\/dnsc-despre-vanzarea-datelor-a-200-000-de-cetateni-din-sectorul-5-nu-putem-confirma-la-acest-moment\/\" \/>\n<meta property=\"og:site_name\" content=\"Buletin de Bucure\u0219ti\" \/>\n<meta property=\"article:publisher\" content=\"https:\/\/www.facebook.com\/buletin.de.buc\" \/>\n<meta property=\"article:published_time\" content=\"2024-11-08T23:39:45+00:00\" \/>\n<meta property=\"article:modified_time\" content=\"2024-11-09T10:04:34+00:00\" \/>\n<meta property=\"og:image\" content=\"https:\/\/buletin.de\/bucuresti\/wp-content\/uploads\/ddvrijbsckg.jpg\" \/>\n\t<meta property=\"og:image:width\" content=\"1600\" \/>\n\t<meta property=\"og:image:height\" content=\"1067\" \/>\n\t<meta property=\"og:image:type\" content=\"image\/jpeg\" \/>\n<meta name=\"author\" content=\"C\u0103t\u0103lin Anghel-Dimache\" \/>\n<meta name=\"twitter:card\" content=\"summary_large_image\" \/>\n<meta name=\"twitter:label1\" content=\"Written by\" \/>\n\t<meta name=\"twitter:data1\" content=\"C\u0103t\u0103lin Anghel-Dimache\" \/>\n\t<meta name=\"twitter:label2\" content=\"Estimated reading time\" \/>\n\t<meta name=\"twitter:data2\" content=\"3 minutes\" \/>\n<script type=\"application\/ld+json\" class=\"yoast-schema-graph\">{\"@context\":\"https:\\\/\\\/schema.org\",\"@graph\":[{\"@type\":\"Article\",\"@id\":\"https:\\\/\\\/buletin.de\\\/bucuresti\\\/dnsc-despre-vanzarea-datelor-a-200-000-de-cetateni-din-sectorul-5-nu-putem-confirma-la-acest-moment\\\/#article\",\"isPartOf\":{\"@id\":\"https:\\\/\\\/buletin.de\\\/bucuresti\\\/dnsc-despre-vanzarea-datelor-a-200-000-de-cetateni-din-sectorul-5-nu-putem-confirma-la-acest-moment\\\/\"},\"author\":{\"name\":\"C\u0103t\u0103lin Anghel-Dimache\",\"@id\":\"https:\\\/\\\/buletin.de\\\/bucuresti\\\/#\\\/schema\\\/person\\\/0ac9db30080482be87c7386a30f98796\"},\"headline\":\"DNSC, despre v\u00e2nzarea datelor a 200.000 de cet\u0103\u021beni din Sectorul 5: \u201ePlata r\u0103scump\u0103r\u0103rii poate \u00eencuraja continuarea atacurilor\u201d\",\"datePublished\":\"2024-11-08T23:39:45+00:00\",\"dateModified\":\"2024-11-09T10:04:34+00:00\",\"mainEntityOfPage\":{\"@id\":\"https:\\\/\\\/buletin.de\\\/bucuresti\\\/dnsc-despre-vanzarea-datelor-a-200-000-de-cetateni-din-sectorul-5-nu-putem-confirma-la-acest-moment\\\/\"},\"wordCount\":598,\"publisher\":{\"@id\":\"https:\\\/\\\/buletin.de\\\/bucuresti\\\/#organization\"},\"image\":{\"@id\":\"https:\\\/\\\/buletin.de\\\/bucuresti\\\/dnsc-despre-vanzarea-datelor-a-200-000-de-cetateni-din-sectorul-5-nu-putem-confirma-la-acest-moment\\\/#primaryimage\"},\"thumbnailUrl\":\"https:\\\/\\\/buletin.de\\\/bucuresti\\\/wp-content\\\/uploads\\\/ddvrijbsckg.jpg\",\"keywords\":[\"bre\u0219\u0103 de securitate\",\"Bucure\u0219ti\",\"Capital\u0103\",\"DNSC\",\"furt\",\"hackeri\",\"Prim\u0103ria Sectorului 5\",\"ransomhub\",\"Sector 5\",\"securitate cibernetic\u0103\"],\"articleSection\":[\"Articole\",\"Eveniment\",\"Main\",\"Prim\u0103rie\"],\"inLanguage\":\"en-GB\",\"copyrightYear\":\"2024\",\"copyrightHolder\":{\"@id\":\"https:\\\/\\\/buletin.de\\\/bucuresti\\\/#organization\"}},{\"@type\":\"WebPage\",\"@id\":\"https:\\\/\\\/buletin.de\\\/bucuresti\\\/dnsc-despre-vanzarea-datelor-a-200-000-de-cetateni-din-sectorul-5-nu-putem-confirma-la-acest-moment\\\/\",\"url\":\"https:\\\/\\\/buletin.de\\\/bucuresti\\\/dnsc-despre-vanzarea-datelor-a-200-000-de-cetateni-din-sectorul-5-nu-putem-confirma-la-acest-moment\\\/\",\"name\":\"DNSC, despre v\u00e2nzarea datelor a 200.000 de cet\u0103\u021beni din Sectorul 5: \u201ePlata r\u0103scump\u0103r\u0103rii poate \u00eencuraja continuarea atacurilor\u201d - Buletin de Bucure\u0219ti\",\"isPartOf\":{\"@id\":\"https:\\\/\\\/buletin.de\\\/bucuresti\\\/#website\"},\"primaryImageOfPage\":{\"@id\":\"https:\\\/\\\/buletin.de\\\/bucuresti\\\/dnsc-despre-vanzarea-datelor-a-200-000-de-cetateni-din-sectorul-5-nu-putem-confirma-la-acest-moment\\\/#primaryimage\"},\"image\":{\"@id\":\"https:\\\/\\\/buletin.de\\\/bucuresti\\\/dnsc-despre-vanzarea-datelor-a-200-000-de-cetateni-din-sectorul-5-nu-putem-confirma-la-acest-moment\\\/#primaryimage\"},\"thumbnailUrl\":\"https:\\\/\\\/buletin.de\\\/bucuresti\\\/wp-content\\\/uploads\\\/ddvrijbsckg.jpg\",\"datePublished\":\"2024-11-08T23:39:45+00:00\",\"dateModified\":\"2024-11-09T10:04:34+00:00\",\"description\":\"Directoratul Na\u021bional de Securitate Cibernetic\u0103, despre v\u00e2nzarea datelor a 200.000 de cet\u0103\u021beni: \u201eNu putem confirma, la acest moment\u201d.\",\"breadcrumb\":{\"@id\":\"https:\\\/\\\/buletin.de\\\/bucuresti\\\/dnsc-despre-vanzarea-datelor-a-200-000-de-cetateni-din-sectorul-5-nu-putem-confirma-la-acest-moment\\\/#breadcrumb\"},\"inLanguage\":\"en-GB\",\"potentialAction\":[{\"@type\":\"ReadAction\",\"target\":[\"https:\\\/\\\/buletin.de\\\/bucuresti\\\/dnsc-despre-vanzarea-datelor-a-200-000-de-cetateni-din-sectorul-5-nu-putem-confirma-la-acest-moment\\\/\"]}]},{\"@type\":\"ImageObject\",\"inLanguage\":\"en-GB\",\"@id\":\"https:\\\/\\\/buletin.de\\\/bucuresti\\\/dnsc-despre-vanzarea-datelor-a-200-000-de-cetateni-din-sectorul-5-nu-putem-confirma-la-acest-moment\\\/#primaryimage\",\"url\":\"https:\\\/\\\/buletin.de\\\/bucuresti\\\/wp-content\\\/uploads\\\/ddvrijbsckg.jpg\",\"contentUrl\":\"https:\\\/\\\/buletin.de\\\/bucuresti\\\/wp-content\\\/uploads\\\/ddvrijbsckg.jpg\",\"width\":1600,\"height\":1067,\"caption\":\"DNSC, despre v\u00e2nzarea datelor a 200.000 de cet\u0103\u021beni din Sectorul 5: \u201eNu putem confirma, la acest moment\u201d. FOTO: unsplash.com\"},{\"@type\":\"BreadcrumbList\",\"@id\":\"https:\\\/\\\/buletin.de\\\/bucuresti\\\/dnsc-despre-vanzarea-datelor-a-200-000-de-cetateni-din-sectorul-5-nu-putem-confirma-la-acest-moment\\\/#breadcrumb\",\"itemListElement\":[{\"@type\":\"ListItem\",\"position\":1,\"name\":\"Acas\u0103\",\"item\":\"https:\\\/\\\/buletin.de\\\/bucuresti\\\/\"},{\"@type\":\"ListItem\",\"position\":2,\"name\":\"DNSC, despre v\u00e2nzarea datelor a 200.000 de cet\u0103\u021beni din Sectorul 5: \u201ePlata r\u0103scump\u0103r\u0103rii poate \u00eencuraja continuarea atacurilor\u201d\"}]},{\"@type\":\"WebSite\",\"@id\":\"https:\\\/\\\/buletin.de\\\/bucuresti\\\/#website\",\"url\":\"https:\\\/\\\/buletin.de\\\/bucuresti\\\/\",\"name\":\"Buletin de Bucure\u0219ti\",\"description\":\"\u0218tiri \u0219i investiga\u021bii esen\u021biale din capital\u0103\",\"publisher\":{\"@id\":\"https:\\\/\\\/buletin.de\\\/bucuresti\\\/#organization\"},\"potentialAction\":[{\"@type\":\"SearchAction\",\"target\":{\"@type\":\"EntryPoint\",\"urlTemplate\":\"https:\\\/\\\/buletin.de\\\/bucuresti\\\/?s={search_term_string}\"},\"query-input\":{\"@type\":\"PropertyValueSpecification\",\"valueRequired\":true,\"valueName\":\"search_term_string\"}}],\"inLanguage\":\"en-GB\"},{\"@type\":\"Organization\",\"@id\":\"https:\\\/\\\/buletin.de\\\/bucuresti\\\/#organization\",\"name\":\"Buletin de Bucure\u0219ti\",\"url\":\"https:\\\/\\\/buletin.de\\\/bucuresti\\\/\",\"logo\":{\"@type\":\"ImageObject\",\"inLanguage\":\"en-GB\",\"@id\":\"https:\\\/\\\/buletin.de\\\/bucuresti\\\/#\\\/schema\\\/logo\\\/image\\\/\",\"url\":\"https:\\\/\\\/buletin.de\\\/bucuresti\\\/wp-content\\\/uploads\\\/logo-bdb-full-wide-vernil-transparent.png\",\"contentUrl\":\"https:\\\/\\\/buletin.de\\\/bucuresti\\\/wp-content\\\/uploads\\\/logo-bdb-full-wide-vernil-transparent.png\",\"width\":1782,\"height\":626,\"caption\":\"Buletin de Bucure\u0219ti\"},\"image\":{\"@id\":\"https:\\\/\\\/buletin.de\\\/bucuresti\\\/#\\\/schema\\\/logo\\\/image\\\/\"},\"sameAs\":[\"https:\\\/\\\/www.facebook.com\\\/buletin.de.buc\",\"https:\\\/\\\/www.instagram.com\\\/buletinde.bucuresti\\\/\"]},{\"@type\":\"Person\",\"@id\":\"https:\\\/\\\/buletin.de\\\/bucuresti\\\/#\\\/schema\\\/person\\\/0ac9db30080482be87c7386a30f98796\",\"name\":\"C\u0103t\u0103lin Anghel-Dimache\",\"image\":{\"@type\":\"ImageObject\",\"inLanguage\":\"en-GB\",\"@id\":\"https:\\\/\\\/buletin.de\\\/bucuresti\\\/wp-content\\\/uploads\\\/Catalin-Anghel-Dimache-96x96.jpgbd9e43c5b25186d5b8e917ac61ad86c4\",\"url\":\"https:\\\/\\\/buletin.de\\\/bucuresti\\\/wp-content\\\/uploads\\\/Catalin-Anghel-Dimache-96x96.jpg\",\"contentUrl\":\"https:\\\/\\\/buletin.de\\\/bucuresti\\\/wp-content\\\/uploads\\\/Catalin-Anghel-Dimache-96x96.jpg\",\"caption\":\"C\u0103t\u0103lin Anghel-Dimache\"},\"description\":\"A absolvit Facultatea de Jurnalism \u0219i \u0218tiin\u021bele Comunic\u0103rii a Universit\u0103\u021bii din Bucure\u0219ti \u00een 2024. Scrie despre mediu \u0219i teme sociale, dar \u0219i despre cum se reflect\u0103 ele \u00een via\u021ba cotidian\u0103 a bucure\u0219tenilor, cu un ochi atent la pove\u0219tile personale din spatele titlurilor. N\u0103scut \u0219i crescut \u00een Bucure\u0219ti, a f\u0103cut un pas c\u0103tre presa local\u0103, din pasiune pentru ora\u0219ul s\u0103u \u0219i oamenii din el.\",\"url\":\"https:\\\/\\\/buletin.de\\\/bucuresti\\\/author\\\/catalin-anghel-dimache\\\/\"}]}<\/script>\n<!-- \/ Yoast SEO Premium plugin. -->","yoast_head_json":{"title":"DNSC, despre v\u00e2nzarea datelor a 200.000 de cet\u0103\u021beni din Sectorul 5: \u201ePlata r\u0103scump\u0103r\u0103rii poate \u00eencuraja continuarea atacurilor\u201d - Buletin de Bucure\u0219ti","description":"Directoratul Na\u021bional de Securitate Cibernetic\u0103, despre v\u00e2nzarea datelor a 200.000 de cet\u0103\u021beni: \u201eNu putem confirma, la acest moment\u201d.","robots":{"index":"index","follow":"follow","max-snippet":"max-snippet:-1","max-image-preview":"max-image-preview:large","max-video-preview":"max-video-preview:-1"},"canonical":"https:\/\/buletin.de\/bucuresti\/dnsc-despre-vanzarea-datelor-a-200-000-de-cetateni-din-sectorul-5-nu-putem-confirma-la-acest-moment\/","og_locale":"en_GB","og_type":"article","og_title":"DNSC, despre v\u00e2nzarea datelor a 200.000 de cet\u0103\u021beni din Sectorul 5: \u201ePlata r\u0103scump\u0103r\u0103rii poate \u00eencuraja continuarea atacurilor\u201d","og_description":"Directoratul Na\u021bional de Securitate Cibernetic\u0103, despre v\u00e2nzarea datelor a 200.000 de cet\u0103\u021beni: \u201eNu putem confirma, la acest moment\u201d.","og_url":"https:\/\/buletin.de\/bucuresti\/dnsc-despre-vanzarea-datelor-a-200-000-de-cetateni-din-sectorul-5-nu-putem-confirma-la-acest-moment\/","og_site_name":"Buletin de Bucure\u0219ti","article_publisher":"https:\/\/www.facebook.com\/buletin.de.buc","article_published_time":"2024-11-08T23:39:45+00:00","article_modified_time":"2024-11-09T10:04:34+00:00","og_image":[{"width":1600,"height":1067,"url":"https:\/\/buletin.de\/bucuresti\/wp-content\/uploads\/ddvrijbsckg.jpg","type":"image\/jpeg"}],"author":"C\u0103t\u0103lin Anghel-Dimache","twitter_card":"summary_large_image","twitter_misc":{"Written by":"C\u0103t\u0103lin Anghel-Dimache","Estimated reading time":"3 minutes"},"schema":{"@context":"https:\/\/schema.org","@graph":[{"@type":"Article","@id":"https:\/\/buletin.de\/bucuresti\/dnsc-despre-vanzarea-datelor-a-200-000-de-cetateni-din-sectorul-5-nu-putem-confirma-la-acest-moment\/#article","isPartOf":{"@id":"https:\/\/buletin.de\/bucuresti\/dnsc-despre-vanzarea-datelor-a-200-000-de-cetateni-din-sectorul-5-nu-putem-confirma-la-acest-moment\/"},"author":{"name":"C\u0103t\u0103lin Anghel-Dimache","@id":"https:\/\/buletin.de\/bucuresti\/#\/schema\/person\/0ac9db30080482be87c7386a30f98796"},"headline":"DNSC, despre v\u00e2nzarea datelor a 200.000 de cet\u0103\u021beni din Sectorul 5: \u201ePlata r\u0103scump\u0103r\u0103rii poate \u00eencuraja continuarea atacurilor\u201d","datePublished":"2024-11-08T23:39:45+00:00","dateModified":"2024-11-09T10:04:34+00:00","mainEntityOfPage":{"@id":"https:\/\/buletin.de\/bucuresti\/dnsc-despre-vanzarea-datelor-a-200-000-de-cetateni-din-sectorul-5-nu-putem-confirma-la-acest-moment\/"},"wordCount":598,"publisher":{"@id":"https:\/\/buletin.de\/bucuresti\/#organization"},"image":{"@id":"https:\/\/buletin.de\/bucuresti\/dnsc-despre-vanzarea-datelor-a-200-000-de-cetateni-din-sectorul-5-nu-putem-confirma-la-acest-moment\/#primaryimage"},"thumbnailUrl":"https:\/\/buletin.de\/bucuresti\/wp-content\/uploads\/ddvrijbsckg.jpg","keywords":["bre\u0219\u0103 de securitate","Bucure\u0219ti","Capital\u0103","DNSC","furt","hackeri","Prim\u0103ria Sectorului 5","ransomhub","Sector 5","securitate cibernetic\u0103"],"articleSection":["Articole","Eveniment","Main","Prim\u0103rie"],"inLanguage":"en-GB","copyrightYear":"2024","copyrightHolder":{"@id":"https:\/\/buletin.de\/bucuresti\/#organization"}},{"@type":"WebPage","@id":"https:\/\/buletin.de\/bucuresti\/dnsc-despre-vanzarea-datelor-a-200-000-de-cetateni-din-sectorul-5-nu-putem-confirma-la-acest-moment\/","url":"https:\/\/buletin.de\/bucuresti\/dnsc-despre-vanzarea-datelor-a-200-000-de-cetateni-din-sectorul-5-nu-putem-confirma-la-acest-moment\/","name":"DNSC, despre v\u00e2nzarea datelor a 200.000 de cet\u0103\u021beni din Sectorul 5: \u201ePlata r\u0103scump\u0103r\u0103rii poate \u00eencuraja continuarea atacurilor\u201d - Buletin de Bucure\u0219ti","isPartOf":{"@id":"https:\/\/buletin.de\/bucuresti\/#website"},"primaryImageOfPage":{"@id":"https:\/\/buletin.de\/bucuresti\/dnsc-despre-vanzarea-datelor-a-200-000-de-cetateni-din-sectorul-5-nu-putem-confirma-la-acest-moment\/#primaryimage"},"image":{"@id":"https:\/\/buletin.de\/bucuresti\/dnsc-despre-vanzarea-datelor-a-200-000-de-cetateni-din-sectorul-5-nu-putem-confirma-la-acest-moment\/#primaryimage"},"thumbnailUrl":"https:\/\/buletin.de\/bucuresti\/wp-content\/uploads\/ddvrijbsckg.jpg","datePublished":"2024-11-08T23:39:45+00:00","dateModified":"2024-11-09T10:04:34+00:00","description":"Directoratul Na\u021bional de Securitate Cibernetic\u0103, despre v\u00e2nzarea datelor a 200.000 de cet\u0103\u021beni: \u201eNu putem confirma, la acest moment\u201d.","breadcrumb":{"@id":"https:\/\/buletin.de\/bucuresti\/dnsc-despre-vanzarea-datelor-a-200-000-de-cetateni-din-sectorul-5-nu-putem-confirma-la-acest-moment\/#breadcrumb"},"inLanguage":"en-GB","potentialAction":[{"@type":"ReadAction","target":["https:\/\/buletin.de\/bucuresti\/dnsc-despre-vanzarea-datelor-a-200-000-de-cetateni-din-sectorul-5-nu-putem-confirma-la-acest-moment\/"]}]},{"@type":"ImageObject","inLanguage":"en-GB","@id":"https:\/\/buletin.de\/bucuresti\/dnsc-despre-vanzarea-datelor-a-200-000-de-cetateni-din-sectorul-5-nu-putem-confirma-la-acest-moment\/#primaryimage","url":"https:\/\/buletin.de\/bucuresti\/wp-content\/uploads\/ddvrijbsckg.jpg","contentUrl":"https:\/\/buletin.de\/bucuresti\/wp-content\/uploads\/ddvrijbsckg.jpg","width":1600,"height":1067,"caption":"DNSC, despre v\u00e2nzarea datelor a 200.000 de cet\u0103\u021beni din Sectorul 5: \u201eNu putem confirma, la acest moment\u201d. FOTO: unsplash.com"},{"@type":"BreadcrumbList","@id":"https:\/\/buletin.de\/bucuresti\/dnsc-despre-vanzarea-datelor-a-200-000-de-cetateni-din-sectorul-5-nu-putem-confirma-la-acest-moment\/#breadcrumb","itemListElement":[{"@type":"ListItem","position":1,"name":"Acas\u0103","item":"https:\/\/buletin.de\/bucuresti\/"},{"@type":"ListItem","position":2,"name":"DNSC, despre v\u00e2nzarea datelor a 200.000 de cet\u0103\u021beni din Sectorul 5: \u201ePlata r\u0103scump\u0103r\u0103rii poate \u00eencuraja continuarea atacurilor\u201d"}]},{"@type":"WebSite","@id":"https:\/\/buletin.de\/bucuresti\/#website","url":"https:\/\/buletin.de\/bucuresti\/","name":"Buletin de Bucure\u0219ti","description":"\u0218tiri \u0219i investiga\u021bii esen\u021biale din capital\u0103","publisher":{"@id":"https:\/\/buletin.de\/bucuresti\/#organization"},"potentialAction":[{"@type":"SearchAction","target":{"@type":"EntryPoint","urlTemplate":"https:\/\/buletin.de\/bucuresti\/?s={search_term_string}"},"query-input":{"@type":"PropertyValueSpecification","valueRequired":true,"valueName":"search_term_string"}}],"inLanguage":"en-GB"},{"@type":"Organization","@id":"https:\/\/buletin.de\/bucuresti\/#organization","name":"Buletin de Bucure\u0219ti","url":"https:\/\/buletin.de\/bucuresti\/","logo":{"@type":"ImageObject","inLanguage":"en-GB","@id":"https:\/\/buletin.de\/bucuresti\/#\/schema\/logo\/image\/","url":"https:\/\/buletin.de\/bucuresti\/wp-content\/uploads\/logo-bdb-full-wide-vernil-transparent.png","contentUrl":"https:\/\/buletin.de\/bucuresti\/wp-content\/uploads\/logo-bdb-full-wide-vernil-transparent.png","width":1782,"height":626,"caption":"Buletin de Bucure\u0219ti"},"image":{"@id":"https:\/\/buletin.de\/bucuresti\/#\/schema\/logo\/image\/"},"sameAs":["https:\/\/www.facebook.com\/buletin.de.buc","https:\/\/www.instagram.com\/buletinde.bucuresti\/"]},{"@type":"Person","@id":"https:\/\/buletin.de\/bucuresti\/#\/schema\/person\/0ac9db30080482be87c7386a30f98796","name":"C\u0103t\u0103lin Anghel-Dimache","image":{"@type":"ImageObject","inLanguage":"en-GB","@id":"https:\/\/buletin.de\/bucuresti\/wp-content\/uploads\/Catalin-Anghel-Dimache-96x96.jpgbd9e43c5b25186d5b8e917ac61ad86c4","url":"https:\/\/buletin.de\/bucuresti\/wp-content\/uploads\/Catalin-Anghel-Dimache-96x96.jpg","contentUrl":"https:\/\/buletin.de\/bucuresti\/wp-content\/uploads\/Catalin-Anghel-Dimache-96x96.jpg","caption":"C\u0103t\u0103lin Anghel-Dimache"},"description":"A absolvit Facultatea de Jurnalism \u0219i \u0218tiin\u021bele Comunic\u0103rii a Universit\u0103\u021bii din Bucure\u0219ti \u00een 2024. Scrie despre mediu \u0219i teme sociale, dar \u0219i despre cum se reflect\u0103 ele \u00een via\u021ba cotidian\u0103 a bucure\u0219tenilor, cu un ochi atent la pove\u0219tile personale din spatele titlurilor. N\u0103scut \u0219i crescut \u00een Bucure\u0219ti, a f\u0103cut un pas c\u0103tre presa local\u0103, din pasiune pentru ora\u0219ul s\u0103u \u0219i oamenii din el.","url":"https:\/\/buletin.de\/bucuresti\/author\/catalin-anghel-dimache\/"}]}},"authors":[{"term_id":22572,"user_id":59,"is_guest":0,"slug":"catalin-anghel-dimache","display_name":"C\u0103t\u0103lin Anghel-Dimache","avatar_url":"https:\/\/buletin.de\/bucuresti\/wp-content\/uploads\/Catalin-Anghel-Dimache-96x96.jpg","0":null,"1":"","2":"","3":"","4":"","5":"","6":"","7":"","8":""}],"_links":{"self":[{"href":"https:\/\/buletin.de\/bucuresti\/wp-json\/wp\/v2\/posts\/105617","targetHints":{"allow":["GET"]}}],"collection":[{"href":"https:\/\/buletin.de\/bucuresti\/wp-json\/wp\/v2\/posts"}],"about":[{"href":"https:\/\/buletin.de\/bucuresti\/wp-json\/wp\/v2\/types\/post"}],"author":[{"embeddable":true,"href":"https:\/\/buletin.de\/bucuresti\/wp-json\/wp\/v2\/users\/59"}],"replies":[{"embeddable":true,"href":"https:\/\/buletin.de\/bucuresti\/wp-json\/wp\/v2\/comments?post=105617"}],"version-history":[{"count":5,"href":"https:\/\/buletin.de\/bucuresti\/wp-json\/wp\/v2\/posts\/105617\/revisions"}],"predecessor-version":[{"id":106625,"href":"https:\/\/buletin.de\/bucuresti\/wp-json\/wp\/v2\/posts\/105617\/revisions\/106625"}],"wp:featuredmedia":[{"embeddable":true,"href":"https:\/\/buletin.de\/bucuresti\/wp-json\/wp\/v2\/media\/105624"}],"wp:attachment":[{"href":"https:\/\/buletin.de\/bucuresti\/wp-json\/wp\/v2\/media?parent=105617"}],"wp:term":[{"taxonomy":"category","embeddable":true,"href":"https:\/\/buletin.de\/bucuresti\/wp-json\/wp\/v2\/categories?post=105617"},{"taxonomy":"post_tag","embeddable":true,"href":"https:\/\/buletin.de\/bucuresti\/wp-json\/wp\/v2\/tags?post=105617"},{"taxonomy":"author","embeddable":true,"href":"https:\/\/buletin.de\/bucuresti\/wp-json\/wp\/v2\/ppma_author?post=105617"}],"curies":[{"name":"wp","href":"https:\/\/api.w.org\/{rel}","templated":true}]}}