{"id":105609,"date":"2024-11-08T19:17:02","date_gmt":"2024-11-08T16:17:02","guid":{"rendered":"https:\/\/buletin.de\/bucuresti\/?p=105609"},"modified":"2024-11-09T02:40:08","modified_gmt":"2024-11-08T23:40:08","slug":"hackerii-care-au-scos-la-vanzare-baza-de-date-a-primariei-sector-5-au-folosit-in-anunt-datele-unor-oameni-cheie-din-institutie","status":"publish","type":"post","link":"https:\/\/buletin.de\/bucuresti\/hackerii-care-au-scos-la-vanzare-baza-de-date-a-primariei-sector-5-au-folosit-in-anunt-datele-unor-oameni-cheie-din-institutie\/","title":{"rendered":"Hackerii care au scos la v\u00e2nzare baza de date a Prim\u0103riei Sector 5 au folosit \u00een anun\u021b datele unor oameni cheie din institu\u021bie"},"content":{"rendered":"\n<p><strong>Hackerii care au furat baza de date a Prim\u0103riei Sector 5, iar apoi le-au pus la v\u00e2nzare pe DarkWeb, au folosit \u00een anun\u021b datele personale ale unor oameni cu func\u021bii importante \u00een institu\u021bie. Printre ei se num\u0103r\u0103 viceprimarul Mircea Nicolaidis, directori, inspectori, dar \u0219i poli\u021bi\u0219ti locali.<\/strong><\/p>\n\n\n\n<p>Atacul a fost revendicat de RansomHub, gruparea care a atacat cibernetic \u0219i Prim\u0103ria Timi\u0219oara \u00een urm\u0103 cu trei luni, iar apoi a scos datele la v\u00e2nzare pe platforma Telegram.<\/p>\n\n\n\n<p><strong>CITE\u0218TE \u0218I:<\/strong> <strong><a href=\"https:\/\/buletin.de\/bucuresti\/datele-furate-de-la-primaria-sectorului-5-scoase-la-vanzare-de-hackeri-200-000-de-persoane-afectate-plus-alte-sisteme-conectate-la-ministerul-de-interne\/\">Datele furate de la Prim\u0103ria Sectorului 5, scoase la v\u00e2nzare de hackeri. 200.000 de persoane afectate, plus alte sisteme conectate la Ministerul de Interne<\/a><\/strong><\/p>\n\n\n\n<h2 class=\"wp-block-heading\" id=\"h-hackerii-au-datele-personale-ale-unor-oameni-din-primarie\">Hackerii au datele personale ale unor oameni din prim\u0103rie<\/h2>\n\n\n\n<p>Expertul \u00een securitate cibernetic\u0103, Bogdan Albei, fondatul<strong>&nbsp;<a href=\"http:\/\/stop-ransomware.ro\/\">stop-ransomware.ro<\/a><\/strong>, a explicat, pentru Buletin de Bucure\u0219ti, c\u0103 hackerii au publicat doar o mic\u0103 parte dintre date drept dovezi, iar acum le-au pus la v\u00e2nzare \u0219i a\u0219teapt\u0103 poten\u021biali cump\u0103r\u0103tori, pentru a ob\u021bine profit din acest atac.<\/p>\n\n\n\n<p>Buletin de Bucure\u0219ti a descoperit c\u0103 \u00een anun\u021bul grup\u0103rii RansomHub despre datele furate de la Prim\u0103ria Sectorului 5, publicat pe DarkWeb \u0219i dezv\u0103luit pe LinkedIn de Bogdan Albei, apar numele unor persoane cu func\u021bii importante \u00een prim\u0103rie, de la viceprimarul Mircea Nicolaidis, p\u00e2n\u0103 la directori, inspectori, dar \u0219i poli\u021bi\u0219ti locali.<\/p>\n\n\n\n<figure class=\"wp-block-image size-full\"><a href=\"https:\/\/buletin.de\/bucuresti\/wp-content\/uploads\/hacker-ransomhub-2-1.jpeg\"><img fetchpriority=\"high\" decoding=\"async\" width=\"1110\" height=\"716\" src=\"data:image\/gif;base64,R0lGODlhAQABAAAAACH5BAEKAAEALAAAAAABAAEAAAICTAEAOw==\" data-src=\"https:\/\/buletin.de\/bucuresti\/wp-content\/uploads\/hacker-ransomhub-2-1.jpeg\" alt=\"Hackerii care au furat\" class=\"wp-image-105610 lazyload\" data-sizes=\"auto\" data-srcset=\"https:\/\/buletin.de\/bucuresti\/wp-content\/uploads\/hacker-ransomhub-2-1.jpeg 1110w, https:\/\/buletin.de\/bucuresti\/wp-content\/uploads\/hacker-ransomhub-2-1-300x194.jpeg 300w, https:\/\/buletin.de\/bucuresti\/wp-content\/uploads\/hacker-ransomhub-2-1-900x581.jpeg 900w, https:\/\/buletin.de\/bucuresti\/wp-content\/uploads\/hacker-ransomhub-2-1-768x495.jpeg 768w, https:\/\/buletin.de\/bucuresti\/wp-content\/uploads\/hacker-ransomhub-2-1-1100x710.jpeg 1100w, https:\/\/buletin.de\/bucuresti\/wp-content\/uploads\/hacker-ransomhub-2-1-600x387.jpeg 600w, https:\/\/buletin.de\/bucuresti\/wp-content\/uploads\/hacker-ransomhub-2-1-20x13.jpeg 20w\" sizes=\"(max-width: 1110px) 100vw, 1110px\" \/><\/a><figcaption class=\"wp-element-caption\">O parte dintre datele exfiltrate de RansomHub, publicate pe DarkWeb \u0219i dezv\u0103luite pe LinkedIn de expertul Bogdan Albei<\/figcaption><\/figure>\n\n\n\n<p><strong>O bun\u0103 parte dintre persoanele men\u021bionate \u00een imaginea de mai sus sunt oameni cu func\u021bii \u00een prim\u0103rie. <a href=\"https:\/\/sector5.ro\/echip%C4%83\/nicolaidis-mircea-horatiu\/\">Mircea Hora\u021biu Nicolaidis<\/a> este viceprimarul Sectorului 5, \u0218tefania Mai\u021ba \u0219i Elena Micliuc au func\u021bia de inspector la Prim\u0103ria Sectorului 5, conform declara\u021biei de avere de pe site-ul institu\u021biei, iar Florina Dragnea este director executiv \u00een cadrul institu\u021biei.<\/strong><\/p>\n\n\n\n<p>De asemenea, Jane Dr\u0103goi, Octavian Dr\u0103goi, Marian Oprin\u0103, Cristian Frunz\u0103, Teodor Marinescu, Cornel Matache \u0219i Daniel P\u00eerjolea sunt poli\u021bi\u0219ti locali ai Prim\u0103riei Sectorului 5, ale c\u0103ror date au fost scoase la v\u00e2nzare de hackeri.<\/p>\n\n\n\n<p><strong>Gruparea a transmis c\u0103 acesta este doar \u201eun exemplu al datelor pe care le-am colectat\u201d \u0219i c\u0103 baza de date cuprinde datele personale ale cel pu\u021bin 200.000 de cet\u0103\u021beni.<\/strong><\/p>\n\n\n\n<p>Datele furate ar putea fi folosite pentru a ob\u021bine credite bancare \u00een numele persoanelor afectate, lucru care s-a \u00eent\u00e2mplat \u00een trecut \u00een cazuri similare \u00een Rom\u00e2nia.<\/p>\n\n\n\n<p>Buletin de Bucure\u0219ti l-a contactat pe viceprimarul Mircea Hora\u021biu Nicolaidis, pentru un punct de vedere, \u00eens\u0103 p\u00e2n\u0103 la ora public\u0103rii acestei \u0219tiri, nu a oferit un r\u0103spuns.<\/p>\n\n\n\n<p>Mai mult, redac\u021bia BdB s-a adresat \u00een scris Autorit\u0103\u021bii Na\u021bionale de Supraveghere a Prelucr\u0103rii Datelor cu Caracter Personal (ANSPDCP) \u0219i Directoratul Na\u021bional de Securitate Cibernetic\u0103 (DNSC) cu privire la situa\u021bia \u00een cauz\u0103. Au men\u021bionat c\u0103 vom primi un r\u0103spuns \u201ecomplet \u0219i \u00een timp util\u201d. Prim\u0103ria Sectorului 5 nu a reac\u021bionat \u00een niciun fel la solicit\u0103rile redac\u021biei.<\/p>\n\n\n\n<h2 class=\"wp-block-heading\" id=\"h-dnsc-\u0219i-comunicatul-disparut\">DNSC \u0219i comunicatul disp\u0103rut<\/h2>\n\n\n\n<p>La o zi de la atacul cibernetic, Directoratul Na\u021bional de Securitate Cibernetic\u0103 (DNSC), a transmis, printr-un comunicat, c\u0103 din primele investiga\u021bii, a rezultat c\u0103 atacatorii nu au putut sustrage date din sistemele informatice compromise, pentru c\u0103 erau protejate \u00eempotriva \u201eexfiltr\u0103rii\u201d.<\/p>\n\n\n\n<p><strong>Cu toate acestea, DNSC a retras, la scurt timp, comunicatul de pres\u0103, pentru c\u0103 ar fi fost \u201etransmis din eroare\u201d \u0219i au men\u021bionat c\u0103 urmeaz\u0103 s\u0103 revin\u0103 cu un comunicat complet c\u00e2nd va avea toate datele.<\/strong><\/p>\n\n\n\n<p>P\u00e2n\u0103 la acest moment, nu a mai revenit public pe acest subiect. \u00cen schimb, a doua zi de la dezv\u0103luirile Buletin de Bucure\u0219ti, DNSC a transmis un comunicat de pres\u0103 despre a\u0219a-numita \u201einginerie social\u0103\u201d folosit\u0103 \u00een atacurile cibernetice.<\/p>\n\n\n\n<p>\u201e<em>Ingineria social\u0103 este o tactic\u0103 folosit\u0103 de indivizi sau grupuri, care folosesc manipularea \u015fi \u00een\u015felarea oamenilor pentru a ob\u0163ine informa\u0163ii sensibile sau pentru a-i determina s\u0103 \u00eentreprind\u0103 ac\u0163iuni care le compromit securitatea. Aceasta se bazeaz\u0103 mai degrab\u0103 pe psihologie \u015fi pe comportamentul uman dec\u00e2t pe abilit\u0103\u0163ile tehnice. <strong>Grupurile \u0163int\u0103 sunt formate<\/strong> din persoane v\u00e2rstnice sau vulnerabile, cele stresate sau <strong>angaja\u0163ii cu acces la date sensibile<\/strong><\/em>&#8220;, se arat\u0103 \u00een comunicatul citat de <strong><a href=\"https:\/\/www.news.ro\/cultura-media\/directoratul-securitate-cibernetica-atacurile-cibernetice-folosesc-ingineria-sociala-frecvente-niciodata-iar-inteligenta-artificiala-ii-ajuta-atacatori-ingineria-sociala-grupurile-tinta-recomandari-1922401108002024111021829522\">news.ro<\/a><\/strong><\/p>\n\n\n\n<h2 class=\"wp-block-heading\" id=\"h-situa\u021bia-similara-din-timi\u0219oara-datele-timi\u0219orenilor-au-fost-facute-publice\">Situa\u021bia similar\u0103 din Timi\u0219oara. Datele timi\u0219orenilor au fost f\u0103cute publice<\/h2>\n\n\n\n<p>La sf\u00e2r\u0219itul lunii august, Prim\u0103ria Timi\u0219oara anun\u021ba c\u0103 \u201ea oprit un atac cibernetic masiv asupra serverelor sale \u0219i ale unor institu\u021bii subordonate\u201d.<\/p>\n\n\n\n<blockquote class=\"wp-block-quote is-layout-flow wp-block-quote-is-layout-flow\">\n<p>Nu exist\u0103 indicii c\u0103 atacatorii au extras date cu caracter personal din sistemele afectate.<\/p>\n<cite>Prim\u0103ria Timi\u0219oara, august 2024<\/cite><\/blockquote>\n\n\n\n<p>Cu toate astea, \u00een luna septembrie, acela\u0219i specialist, Bogdan Albei, anun\u021ba c\u0103 a descoperit c\u0103 datele personale provenite din atacul asupra Prim\u0103riei Timi\u0219oara, Direc\u021biei Fiscale a Municipiului Timi\u0219oara \u0219i Poli\u021biei Locale Timi\u0219oara au fost ini\u021bial puse la v\u00e2nzare pe Telegram, iar apoi au fost l\u0103sate la liber \u0219i pot fi accesate de oricine, inclusiv semn\u0103tura digital\u0103 a primarului Dominic Fritz.<\/p>\n\n\n\n<figure class=\"wp-block-image size-full is-resized\"><a href=\"https:\/\/buletin.de\/bucuresti\/wp-content\/uploads\/albei-linkedin.jpeg\"><img decoding=\"async\" width=\"628\" height=\"510\" src=\"data:image\/gif;base64,R0lGODlhAQABAAAAACH5BAEKAAEALAAAAAABAAEAAAICTAEAOw==\" data-src=\"https:\/\/buletin.de\/bucuresti\/wp-content\/uploads\/albei-linkedin.jpeg\" alt=\"\" class=\"wp-image-105611 lazyload\" style=\"width:586px;height:auto\" data-sizes=\"auto\" data-srcset=\"https:\/\/buletin.de\/bucuresti\/wp-content\/uploads\/albei-linkedin.jpeg 628w, https:\/\/buletin.de\/bucuresti\/wp-content\/uploads\/albei-linkedin-300x244.jpeg 300w, https:\/\/buletin.de\/bucuresti\/wp-content\/uploads\/albei-linkedin-600x487.jpeg 600w, https:\/\/buletin.de\/bucuresti\/wp-content\/uploads\/albei-linkedin-20x16.jpeg 20w\" sizes=\"(max-width: 628px) 100vw, 628px\" \/><\/a><figcaption class=\"wp-element-caption\">Specliastul \u00een CyberSecurity, Bogdan Albei, a dezv\u0103luit bre\u0219a pe contul s\u0103u de LinkedIn<\/figcaption><\/figure>\n\n\n\n<p>Primarul Fritz a declarat atunci c\u0103 nu poate confirma sau infirma informa\u021bia, pentru c\u0103 exist\u0103 o anchet\u0103 \u00een desf\u0103\u0219urare, inclusiv a procurorilor.<\/p>\n\n\n\n<p><em>\u201eDeocamdat\u0103 nu pot s\u0103 spun dec\u00e2t c\u0103 este un dosar penal instrumentat de DIICOT. Este \u00een curs o anchet\u0103 \u0219i la DNSC \u0219i din acest motiv eu momentan nu pot s\u0103 spun altceva. Bine\u00een\u021beles, facem eforturi s\u0103 inform\u0103m publicul odat\u0103 ce asta nu contravine scopurilor anchetelor. Pot s\u0103 asigur pe toat\u0103 lumea c\u0103 lu\u0103m problema extrem de serios \u0219i sunt mul\u021bi exper\u021bi care lucreaz\u0103 pentru siguran\u021ba cet\u0103\u021benilor \u0219i siguran\u021ba datelor\u201d<\/em>, a mai declarat Dominic Fritz.<\/p>\n\n\n\n<p>P\u00e2n\u0103 la acest moment, nu exist\u0103 alte informa\u021bii comunicate de institu\u021biile statului legate de bre\u0219a de securitate din Timi\u0219oara.<\/p>\n\n\n\n<h2 class=\"wp-block-heading\" id=\"h-gruparea-ransomhub-aviz-urgent-de-la-fbi\">Gruparea RansomHub, \u201eaviz urgent\u201d de la FBI<\/h2>\n\n\n\n<p>Expertul Bogdan Albei, fondatorul platformei stop-ransomware.ro, a declarat c\u0103 ambele atacuri cibernetice au fost revendicate de gruparea RansomHub.<\/p>\n\n\n\n<p>\u00cenfiin\u021bat \u00een februarie, acest grup a atras aten\u021bia FBI, care a emis un \u201eaviz urgent\u201d dup\u0103 ce RansomHub a fost implicat \u00een 210 atacuri \u00een SUA, scrie <a href=\"https:\/\/www.libertatea.ro\/stiri\/primaria-timisoara-atac-cibernetic-date-personale-telegram-dominic-fritz-5003991\">Libertatea<\/a>.<\/p>\n\n\n\n<p><strong>Aproximativ 34% dintre \u021bintele hackerilor au fost din Europa, iar la nivel global, RansomHub este responsabil pentru un sfert dintre atacurile de acest tip.<\/strong><\/p>\n\n\n\n<p>Potrivit unui avertisment comun emis de mai multe institu\u021bii americane, printre care FBI, Agen\u021bia pentru Securitate Cibernetic\u0103 \u0219i Securitate a Infrastructurii (CISA), Centrul Multi-State de Partajare \u0219i Analiz\u0103 a Informa\u021biilor (MS-ISAC) \u0219i Departamentul de S\u0103n\u0103tate \u0219i Servicii Umane (HHS), RansomHub a devenit una dintre amenin\u021b\u0103rile cibernetice de top din ultimele luni.<\/p>\n\n\n\n<p>De la \u00eenceputul anului 2024, RansomHub a compromis \u00een SUA cel pu\u021bin 210 victime din sectoare critice, precum servicii guvernamentale, s\u0103n\u0103tate public\u0103, tehnologia informa\u021biei, ap\u0103 \u0219i canalizare, servicii financiare, produc\u021bie \u0219i comunica\u021bii.<\/p>\n\n\n\n<p><strong>CITE\u0218TE \u0218I: <a href=\"https:\/\/buletin.de\/bucuresti\/primaria-sectorului-5-atacata-cibernetic-hackerii-cer-1-milion-de-dolari-rascumparare\/\">Prim\u0103ria Sectorului 5, atacat\u0103 cibernetic. Hackerii cer 1 milion de dolari r\u0103scump\u0103rare<\/a><\/strong><\/p>\n","protected":false},"excerpt":{"rendered":"<p>Hackerii care au furat baza de date a Prim\u0103riei Sector 5, iar apoi le-au pus la v\u00e2nzare pe DarkWeb, au folosit \u00een anun\u021b datele personale ale unor oameni cu func\u021bii importante \u00een institu\u021bie. Printre ei se num\u0103r\u0103 viceprimarul Mircea Nicolaidis, directori, inspectori, dar \u0219i poli\u021bi\u0219ti locali. Atacul a fost revendicat de RansomHub, gruparea care a [&hellip;]<\/p>\n","protected":false},"author":59,"featured_media":105613,"comment_status":"closed","ping_status":"open","sticky":false,"template":"","format":"standard","meta":{"_acf_changed":false,"inline_featured_image":false,"ngg_post_thumbnail":0,"footnotes":""},"categories":[6994,5762,24],"tags":[16678,2063,2779,2136,16679,16707,1103,5080,16706,1513],"ppma_author":[22572],"class_list":["post-105609","post","type-post","status-publish","format-standard","has-post-thumbnail","hentry","category-stiri-2","category-main","category-primarie","tag-bresa-de-securitate","tag-bucuresti-2","tag-capitala-2","tag-date","tag-hackeri","tag-nicolaidis","tag-piedone","tag-primaria-sectorului-5-2","tag-ransomhub","tag-viceprimar"],"acf":[],"yoast_head":"<!-- This site is optimized with the Yoast SEO Premium plugin v25.3 (Yoast SEO v27.4) - https:\/\/yoast.com\/product\/yoast-seo-premium-wordpress\/ -->\n<title>Hackerii care au scos la v\u00e2nzare baza de date a Prim\u0103riei Sector 5 au folosit \u00een anun\u021b datele unor oameni cheie din institu\u021bie - Buletin de Bucure\u0219ti<\/title>\n<meta name=\"description\" content=\"Hackerii care au furat baza de date a Prim\u0103riei Sector 5 au folosit \u00een anun\u021b datele unor oameni importan\u021bi din institu\u021bie.\" \/>\n<meta name=\"robots\" content=\"index, follow, max-snippet:-1, max-image-preview:large, max-video-preview:-1\" \/>\n<link rel=\"canonical\" href=\"https:\/\/buletin.de\/bucuresti\/hackerii-care-au-scos-la-vanzare-baza-de-date-a-primariei-sector-5-au-folosit-in-anunt-datele-unor-oameni-cheie-din-institutie\/\" \/>\n<meta property=\"og:locale\" content=\"en_GB\" \/>\n<meta property=\"og:type\" content=\"article\" \/>\n<meta property=\"og:title\" content=\"Hackerii care au scos la v\u00e2nzare baza de date a Prim\u0103riei Sector 5 au folosit \u00een anun\u021b datele unor oameni cheie din institu\u021bie\" \/>\n<meta property=\"og:description\" content=\"Hackerii care au furat baza de date a Prim\u0103riei Sector 5 au folosit \u00een anun\u021b datele unor oameni importan\u021bi din institu\u021bie.\" \/>\n<meta property=\"og:url\" content=\"https:\/\/buletin.de\/bucuresti\/hackerii-care-au-scos-la-vanzare-baza-de-date-a-primariei-sector-5-au-folosit-in-anunt-datele-unor-oameni-cheie-din-institutie\/\" \/>\n<meta property=\"og:site_name\" content=\"Buletin de Bucure\u0219ti\" \/>\n<meta property=\"article:publisher\" content=\"https:\/\/www.facebook.com\/buletin.de.buc\" \/>\n<meta property=\"article:published_time\" content=\"2024-11-08T16:17:02+00:00\" \/>\n<meta property=\"article:modified_time\" content=\"2024-11-08T23:40:08+00:00\" \/>\n<meta property=\"og:image\" content=\"https:\/\/buletin.de\/bucuresti\/wp-content\/uploads\/Piedone-fiul.jpg\" \/>\n\t<meta property=\"og:image:width\" content=\"2000\" \/>\n\t<meta property=\"og:image:height\" content=\"1334\" \/>\n\t<meta property=\"og:image:type\" content=\"image\/jpeg\" \/>\n<meta name=\"author\" content=\"C\u0103t\u0103lin Anghel-Dimache\" \/>\n<meta name=\"twitter:card\" content=\"summary_large_image\" \/>\n<meta name=\"twitter:label1\" content=\"Written by\" \/>\n\t<meta name=\"twitter:data1\" content=\"C\u0103t\u0103lin Anghel-Dimache\" \/>\n\t<meta name=\"twitter:label2\" content=\"Estimated reading time\" \/>\n\t<meta name=\"twitter:data2\" content=\"6 minutes\" \/>\n<script type=\"application\/ld+json\" class=\"yoast-schema-graph\">{\"@context\":\"https:\\\/\\\/schema.org\",\"@graph\":[{\"@type\":\"Article\",\"@id\":\"https:\\\/\\\/buletin.de\\\/bucuresti\\\/hackerii-care-au-scos-la-vanzare-baza-de-date-a-primariei-sector-5-au-folosit-in-anunt-datele-unor-oameni-cheie-din-institutie\\\/#article\",\"isPartOf\":{\"@id\":\"https:\\\/\\\/buletin.de\\\/bucuresti\\\/hackerii-care-au-scos-la-vanzare-baza-de-date-a-primariei-sector-5-au-folosit-in-anunt-datele-unor-oameni-cheie-din-institutie\\\/\"},\"author\":{\"name\":\"C\u0103t\u0103lin Anghel-Dimache\",\"@id\":\"https:\\\/\\\/buletin.de\\\/bucuresti\\\/#\\\/schema\\\/person\\\/0ac9db30080482be87c7386a30f98796\"},\"headline\":\"Hackerii care au scos la v\u00e2nzare baza de date a Prim\u0103riei Sector 5 au folosit \u00een anun\u021b datele unor oameni cheie din institu\u021bie\",\"datePublished\":\"2024-11-08T16:17:02+00:00\",\"dateModified\":\"2024-11-08T23:40:08+00:00\",\"mainEntityOfPage\":{\"@id\":\"https:\\\/\\\/buletin.de\\\/bucuresti\\\/hackerii-care-au-scos-la-vanzare-baza-de-date-a-primariei-sector-5-au-folosit-in-anunt-datele-unor-oameni-cheie-din-institutie\\\/\"},\"wordCount\":1215,\"publisher\":{\"@id\":\"https:\\\/\\\/buletin.de\\\/bucuresti\\\/#organization\"},\"image\":{\"@id\":\"https:\\\/\\\/buletin.de\\\/bucuresti\\\/hackerii-care-au-scos-la-vanzare-baza-de-date-a-primariei-sector-5-au-folosit-in-anunt-datele-unor-oameni-cheie-din-institutie\\\/#primaryimage\"},\"thumbnailUrl\":\"https:\\\/\\\/buletin.de\\\/bucuresti\\\/wp-content\\\/uploads\\\/Piedone-fiul.jpg\",\"keywords\":[\"bre\u0219\u0103 de securitate\",\"Bucure\u0219ti\",\"Capital\u0103\",\"date\",\"hackeri\",\"nicolaidis\",\"piedone\",\"Prim\u0103ria Sectorului 5\",\"ransomhub\",\"viceprimar\"],\"articleSection\":[\"Articole\",\"Main\",\"Prim\u0103rie\"],\"inLanguage\":\"en-GB\",\"copyrightYear\":\"2024\",\"copyrightHolder\":{\"@id\":\"https:\\\/\\\/buletin.de\\\/bucuresti\\\/#organization\"}},{\"@type\":\"WebPage\",\"@id\":\"https:\\\/\\\/buletin.de\\\/bucuresti\\\/hackerii-care-au-scos-la-vanzare-baza-de-date-a-primariei-sector-5-au-folosit-in-anunt-datele-unor-oameni-cheie-din-institutie\\\/\",\"url\":\"https:\\\/\\\/buletin.de\\\/bucuresti\\\/hackerii-care-au-scos-la-vanzare-baza-de-date-a-primariei-sector-5-au-folosit-in-anunt-datele-unor-oameni-cheie-din-institutie\\\/\",\"name\":\"Hackerii care au scos la v\u00e2nzare baza de date a Prim\u0103riei Sector 5 au folosit \u00een anun\u021b datele unor oameni cheie din institu\u021bie - Buletin de Bucure\u0219ti\",\"isPartOf\":{\"@id\":\"https:\\\/\\\/buletin.de\\\/bucuresti\\\/#website\"},\"primaryImageOfPage\":{\"@id\":\"https:\\\/\\\/buletin.de\\\/bucuresti\\\/hackerii-care-au-scos-la-vanzare-baza-de-date-a-primariei-sector-5-au-folosit-in-anunt-datele-unor-oameni-cheie-din-institutie\\\/#primaryimage\"},\"image\":{\"@id\":\"https:\\\/\\\/buletin.de\\\/bucuresti\\\/hackerii-care-au-scos-la-vanzare-baza-de-date-a-primariei-sector-5-au-folosit-in-anunt-datele-unor-oameni-cheie-din-institutie\\\/#primaryimage\"},\"thumbnailUrl\":\"https:\\\/\\\/buletin.de\\\/bucuresti\\\/wp-content\\\/uploads\\\/Piedone-fiul.jpg\",\"datePublished\":\"2024-11-08T16:17:02+00:00\",\"dateModified\":\"2024-11-08T23:40:08+00:00\",\"description\":\"Hackerii care au furat baza de date a Prim\u0103riei Sector 5 au folosit \u00een anun\u021b datele unor oameni importan\u021bi din institu\u021bie.\",\"breadcrumb\":{\"@id\":\"https:\\\/\\\/buletin.de\\\/bucuresti\\\/hackerii-care-au-scos-la-vanzare-baza-de-date-a-primariei-sector-5-au-folosit-in-anunt-datele-unor-oameni-cheie-din-institutie\\\/#breadcrumb\"},\"inLanguage\":\"en-GB\",\"potentialAction\":[{\"@type\":\"ReadAction\",\"target\":[\"https:\\\/\\\/buletin.de\\\/bucuresti\\\/hackerii-care-au-scos-la-vanzare-baza-de-date-a-primariei-sector-5-au-folosit-in-anunt-datele-unor-oameni-cheie-din-institutie\\\/\"]}]},{\"@type\":\"ImageObject\",\"inLanguage\":\"en-GB\",\"@id\":\"https:\\\/\\\/buletin.de\\\/bucuresti\\\/hackerii-care-au-scos-la-vanzare-baza-de-date-a-primariei-sector-5-au-folosit-in-anunt-datele-unor-oameni-cheie-din-institutie\\\/#primaryimage\",\"url\":\"https:\\\/\\\/buletin.de\\\/bucuresti\\\/wp-content\\\/uploads\\\/Piedone-fiul.jpg\",\"contentUrl\":\"https:\\\/\\\/buletin.de\\\/bucuresti\\\/wp-content\\\/uploads\\\/Piedone-fiul.jpg\",\"width\":2000,\"height\":1334,\"caption\":\"Hackerii care au furat baza de date a Prim\u0103riei Sector 5 au folosit \u00een anun\u021b datele unor oameni importan\u021bi din institu\u021bie. FOTO: Inquam Photos \\\/ George C\u0103lin\"},{\"@type\":\"BreadcrumbList\",\"@id\":\"https:\\\/\\\/buletin.de\\\/bucuresti\\\/hackerii-care-au-scos-la-vanzare-baza-de-date-a-primariei-sector-5-au-folosit-in-anunt-datele-unor-oameni-cheie-din-institutie\\\/#breadcrumb\",\"itemListElement\":[{\"@type\":\"ListItem\",\"position\":1,\"name\":\"Acas\u0103\",\"item\":\"https:\\\/\\\/buletin.de\\\/bucuresti\\\/\"},{\"@type\":\"ListItem\",\"position\":2,\"name\":\"Hackerii care au scos la v\u00e2nzare baza de date a Prim\u0103riei Sector 5 au folosit \u00een anun\u021b datele unor oameni cheie din institu\u021bie\"}]},{\"@type\":\"WebSite\",\"@id\":\"https:\\\/\\\/buletin.de\\\/bucuresti\\\/#website\",\"url\":\"https:\\\/\\\/buletin.de\\\/bucuresti\\\/\",\"name\":\"Buletin de Bucure\u0219ti\",\"description\":\"\u0218tiri \u0219i investiga\u021bii esen\u021biale din capital\u0103\",\"publisher\":{\"@id\":\"https:\\\/\\\/buletin.de\\\/bucuresti\\\/#organization\"},\"potentialAction\":[{\"@type\":\"SearchAction\",\"target\":{\"@type\":\"EntryPoint\",\"urlTemplate\":\"https:\\\/\\\/buletin.de\\\/bucuresti\\\/?s={search_term_string}\"},\"query-input\":{\"@type\":\"PropertyValueSpecification\",\"valueRequired\":true,\"valueName\":\"search_term_string\"}}],\"inLanguage\":\"en-GB\"},{\"@type\":\"Organization\",\"@id\":\"https:\\\/\\\/buletin.de\\\/bucuresti\\\/#organization\",\"name\":\"Buletin de Bucure\u0219ti\",\"url\":\"https:\\\/\\\/buletin.de\\\/bucuresti\\\/\",\"logo\":{\"@type\":\"ImageObject\",\"inLanguage\":\"en-GB\",\"@id\":\"https:\\\/\\\/buletin.de\\\/bucuresti\\\/#\\\/schema\\\/logo\\\/image\\\/\",\"url\":\"https:\\\/\\\/buletin.de\\\/bucuresti\\\/wp-content\\\/uploads\\\/logo-bdb-full-wide-vernil-transparent.png\",\"contentUrl\":\"https:\\\/\\\/buletin.de\\\/bucuresti\\\/wp-content\\\/uploads\\\/logo-bdb-full-wide-vernil-transparent.png\",\"width\":1782,\"height\":626,\"caption\":\"Buletin de Bucure\u0219ti\"},\"image\":{\"@id\":\"https:\\\/\\\/buletin.de\\\/bucuresti\\\/#\\\/schema\\\/logo\\\/image\\\/\"},\"sameAs\":[\"https:\\\/\\\/www.facebook.com\\\/buletin.de.buc\",\"https:\\\/\\\/www.instagram.com\\\/buletinde.bucuresti\\\/\"]},{\"@type\":\"Person\",\"@id\":\"https:\\\/\\\/buletin.de\\\/bucuresti\\\/#\\\/schema\\\/person\\\/0ac9db30080482be87c7386a30f98796\",\"name\":\"C\u0103t\u0103lin Anghel-Dimache\",\"image\":{\"@type\":\"ImageObject\",\"inLanguage\":\"en-GB\",\"@id\":\"https:\\\/\\\/buletin.de\\\/bucuresti\\\/wp-content\\\/uploads\\\/Catalin-Anghel-Dimache-96x96.jpgbd9e43c5b25186d5b8e917ac61ad86c4\",\"url\":\"https:\\\/\\\/buletin.de\\\/bucuresti\\\/wp-content\\\/uploads\\\/Catalin-Anghel-Dimache-96x96.jpg\",\"contentUrl\":\"https:\\\/\\\/buletin.de\\\/bucuresti\\\/wp-content\\\/uploads\\\/Catalin-Anghel-Dimache-96x96.jpg\",\"caption\":\"C\u0103t\u0103lin Anghel-Dimache\"},\"description\":\"A absolvit Facultatea de Jurnalism \u0219i \u0218tiin\u021bele Comunic\u0103rii a Universit\u0103\u021bii din Bucure\u0219ti \u00een 2024. Scrie despre mediu \u0219i teme sociale, dar \u0219i despre cum se reflect\u0103 ele \u00een via\u021ba cotidian\u0103 a bucure\u0219tenilor, cu un ochi atent la pove\u0219tile personale din spatele titlurilor. N\u0103scut \u0219i crescut \u00een Bucure\u0219ti, a f\u0103cut un pas c\u0103tre presa local\u0103, din pasiune pentru ora\u0219ul s\u0103u \u0219i oamenii din el.\",\"url\":\"https:\\\/\\\/buletin.de\\\/bucuresti\\\/author\\\/catalin-anghel-dimache\\\/\"}]}<\/script>\n<!-- \/ Yoast SEO Premium plugin. -->","yoast_head_json":{"title":"Hackerii care au scos la v\u00e2nzare baza de date a Prim\u0103riei Sector 5 au folosit \u00een anun\u021b datele unor oameni cheie din institu\u021bie - Buletin de Bucure\u0219ti","description":"Hackerii care au furat baza de date a Prim\u0103riei Sector 5 au folosit \u00een anun\u021b datele unor oameni importan\u021bi din institu\u021bie.","robots":{"index":"index","follow":"follow","max-snippet":"max-snippet:-1","max-image-preview":"max-image-preview:large","max-video-preview":"max-video-preview:-1"},"canonical":"https:\/\/buletin.de\/bucuresti\/hackerii-care-au-scos-la-vanzare-baza-de-date-a-primariei-sector-5-au-folosit-in-anunt-datele-unor-oameni-cheie-din-institutie\/","og_locale":"en_GB","og_type":"article","og_title":"Hackerii care au scos la v\u00e2nzare baza de date a Prim\u0103riei Sector 5 au folosit \u00een anun\u021b datele unor oameni cheie din institu\u021bie","og_description":"Hackerii care au furat baza de date a Prim\u0103riei Sector 5 au folosit \u00een anun\u021b datele unor oameni importan\u021bi din institu\u021bie.","og_url":"https:\/\/buletin.de\/bucuresti\/hackerii-care-au-scos-la-vanzare-baza-de-date-a-primariei-sector-5-au-folosit-in-anunt-datele-unor-oameni-cheie-din-institutie\/","og_site_name":"Buletin de Bucure\u0219ti","article_publisher":"https:\/\/www.facebook.com\/buletin.de.buc","article_published_time":"2024-11-08T16:17:02+00:00","article_modified_time":"2024-11-08T23:40:08+00:00","og_image":[{"width":2000,"height":1334,"url":"https:\/\/buletin.de\/bucuresti\/wp-content\/uploads\/Piedone-fiul.jpg","type":"image\/jpeg"}],"author":"C\u0103t\u0103lin Anghel-Dimache","twitter_card":"summary_large_image","twitter_misc":{"Written by":"C\u0103t\u0103lin Anghel-Dimache","Estimated reading time":"6 minutes"},"schema":{"@context":"https:\/\/schema.org","@graph":[{"@type":"Article","@id":"https:\/\/buletin.de\/bucuresti\/hackerii-care-au-scos-la-vanzare-baza-de-date-a-primariei-sector-5-au-folosit-in-anunt-datele-unor-oameni-cheie-din-institutie\/#article","isPartOf":{"@id":"https:\/\/buletin.de\/bucuresti\/hackerii-care-au-scos-la-vanzare-baza-de-date-a-primariei-sector-5-au-folosit-in-anunt-datele-unor-oameni-cheie-din-institutie\/"},"author":{"name":"C\u0103t\u0103lin Anghel-Dimache","@id":"https:\/\/buletin.de\/bucuresti\/#\/schema\/person\/0ac9db30080482be87c7386a30f98796"},"headline":"Hackerii care au scos la v\u00e2nzare baza de date a Prim\u0103riei Sector 5 au folosit \u00een anun\u021b datele unor oameni cheie din institu\u021bie","datePublished":"2024-11-08T16:17:02+00:00","dateModified":"2024-11-08T23:40:08+00:00","mainEntityOfPage":{"@id":"https:\/\/buletin.de\/bucuresti\/hackerii-care-au-scos-la-vanzare-baza-de-date-a-primariei-sector-5-au-folosit-in-anunt-datele-unor-oameni-cheie-din-institutie\/"},"wordCount":1215,"publisher":{"@id":"https:\/\/buletin.de\/bucuresti\/#organization"},"image":{"@id":"https:\/\/buletin.de\/bucuresti\/hackerii-care-au-scos-la-vanzare-baza-de-date-a-primariei-sector-5-au-folosit-in-anunt-datele-unor-oameni-cheie-din-institutie\/#primaryimage"},"thumbnailUrl":"https:\/\/buletin.de\/bucuresti\/wp-content\/uploads\/Piedone-fiul.jpg","keywords":["bre\u0219\u0103 de securitate","Bucure\u0219ti","Capital\u0103","date","hackeri","nicolaidis","piedone","Prim\u0103ria Sectorului 5","ransomhub","viceprimar"],"articleSection":["Articole","Main","Prim\u0103rie"],"inLanguage":"en-GB","copyrightYear":"2024","copyrightHolder":{"@id":"https:\/\/buletin.de\/bucuresti\/#organization"}},{"@type":"WebPage","@id":"https:\/\/buletin.de\/bucuresti\/hackerii-care-au-scos-la-vanzare-baza-de-date-a-primariei-sector-5-au-folosit-in-anunt-datele-unor-oameni-cheie-din-institutie\/","url":"https:\/\/buletin.de\/bucuresti\/hackerii-care-au-scos-la-vanzare-baza-de-date-a-primariei-sector-5-au-folosit-in-anunt-datele-unor-oameni-cheie-din-institutie\/","name":"Hackerii care au scos la v\u00e2nzare baza de date a Prim\u0103riei Sector 5 au folosit \u00een anun\u021b datele unor oameni cheie din institu\u021bie - Buletin de Bucure\u0219ti","isPartOf":{"@id":"https:\/\/buletin.de\/bucuresti\/#website"},"primaryImageOfPage":{"@id":"https:\/\/buletin.de\/bucuresti\/hackerii-care-au-scos-la-vanzare-baza-de-date-a-primariei-sector-5-au-folosit-in-anunt-datele-unor-oameni-cheie-din-institutie\/#primaryimage"},"image":{"@id":"https:\/\/buletin.de\/bucuresti\/hackerii-care-au-scos-la-vanzare-baza-de-date-a-primariei-sector-5-au-folosit-in-anunt-datele-unor-oameni-cheie-din-institutie\/#primaryimage"},"thumbnailUrl":"https:\/\/buletin.de\/bucuresti\/wp-content\/uploads\/Piedone-fiul.jpg","datePublished":"2024-11-08T16:17:02+00:00","dateModified":"2024-11-08T23:40:08+00:00","description":"Hackerii care au furat baza de date a Prim\u0103riei Sector 5 au folosit \u00een anun\u021b datele unor oameni importan\u021bi din institu\u021bie.","breadcrumb":{"@id":"https:\/\/buletin.de\/bucuresti\/hackerii-care-au-scos-la-vanzare-baza-de-date-a-primariei-sector-5-au-folosit-in-anunt-datele-unor-oameni-cheie-din-institutie\/#breadcrumb"},"inLanguage":"en-GB","potentialAction":[{"@type":"ReadAction","target":["https:\/\/buletin.de\/bucuresti\/hackerii-care-au-scos-la-vanzare-baza-de-date-a-primariei-sector-5-au-folosit-in-anunt-datele-unor-oameni-cheie-din-institutie\/"]}]},{"@type":"ImageObject","inLanguage":"en-GB","@id":"https:\/\/buletin.de\/bucuresti\/hackerii-care-au-scos-la-vanzare-baza-de-date-a-primariei-sector-5-au-folosit-in-anunt-datele-unor-oameni-cheie-din-institutie\/#primaryimage","url":"https:\/\/buletin.de\/bucuresti\/wp-content\/uploads\/Piedone-fiul.jpg","contentUrl":"https:\/\/buletin.de\/bucuresti\/wp-content\/uploads\/Piedone-fiul.jpg","width":2000,"height":1334,"caption":"Hackerii care au furat baza de date a Prim\u0103riei Sector 5 au folosit \u00een anun\u021b datele unor oameni importan\u021bi din institu\u021bie. FOTO: Inquam Photos \/ George C\u0103lin"},{"@type":"BreadcrumbList","@id":"https:\/\/buletin.de\/bucuresti\/hackerii-care-au-scos-la-vanzare-baza-de-date-a-primariei-sector-5-au-folosit-in-anunt-datele-unor-oameni-cheie-din-institutie\/#breadcrumb","itemListElement":[{"@type":"ListItem","position":1,"name":"Acas\u0103","item":"https:\/\/buletin.de\/bucuresti\/"},{"@type":"ListItem","position":2,"name":"Hackerii care au scos la v\u00e2nzare baza de date a Prim\u0103riei Sector 5 au folosit \u00een anun\u021b datele unor oameni cheie din institu\u021bie"}]},{"@type":"WebSite","@id":"https:\/\/buletin.de\/bucuresti\/#website","url":"https:\/\/buletin.de\/bucuresti\/","name":"Buletin de Bucure\u0219ti","description":"\u0218tiri \u0219i investiga\u021bii esen\u021biale din capital\u0103","publisher":{"@id":"https:\/\/buletin.de\/bucuresti\/#organization"},"potentialAction":[{"@type":"SearchAction","target":{"@type":"EntryPoint","urlTemplate":"https:\/\/buletin.de\/bucuresti\/?s={search_term_string}"},"query-input":{"@type":"PropertyValueSpecification","valueRequired":true,"valueName":"search_term_string"}}],"inLanguage":"en-GB"},{"@type":"Organization","@id":"https:\/\/buletin.de\/bucuresti\/#organization","name":"Buletin de Bucure\u0219ti","url":"https:\/\/buletin.de\/bucuresti\/","logo":{"@type":"ImageObject","inLanguage":"en-GB","@id":"https:\/\/buletin.de\/bucuresti\/#\/schema\/logo\/image\/","url":"https:\/\/buletin.de\/bucuresti\/wp-content\/uploads\/logo-bdb-full-wide-vernil-transparent.png","contentUrl":"https:\/\/buletin.de\/bucuresti\/wp-content\/uploads\/logo-bdb-full-wide-vernil-transparent.png","width":1782,"height":626,"caption":"Buletin de Bucure\u0219ti"},"image":{"@id":"https:\/\/buletin.de\/bucuresti\/#\/schema\/logo\/image\/"},"sameAs":["https:\/\/www.facebook.com\/buletin.de.buc","https:\/\/www.instagram.com\/buletinde.bucuresti\/"]},{"@type":"Person","@id":"https:\/\/buletin.de\/bucuresti\/#\/schema\/person\/0ac9db30080482be87c7386a30f98796","name":"C\u0103t\u0103lin Anghel-Dimache","image":{"@type":"ImageObject","inLanguage":"en-GB","@id":"https:\/\/buletin.de\/bucuresti\/wp-content\/uploads\/Catalin-Anghel-Dimache-96x96.jpgbd9e43c5b25186d5b8e917ac61ad86c4","url":"https:\/\/buletin.de\/bucuresti\/wp-content\/uploads\/Catalin-Anghel-Dimache-96x96.jpg","contentUrl":"https:\/\/buletin.de\/bucuresti\/wp-content\/uploads\/Catalin-Anghel-Dimache-96x96.jpg","caption":"C\u0103t\u0103lin Anghel-Dimache"},"description":"A absolvit Facultatea de Jurnalism \u0219i \u0218tiin\u021bele Comunic\u0103rii a Universit\u0103\u021bii din Bucure\u0219ti \u00een 2024. Scrie despre mediu \u0219i teme sociale, dar \u0219i despre cum se reflect\u0103 ele \u00een via\u021ba cotidian\u0103 a bucure\u0219tenilor, cu un ochi atent la pove\u0219tile personale din spatele titlurilor. N\u0103scut \u0219i crescut \u00een Bucure\u0219ti, a f\u0103cut un pas c\u0103tre presa local\u0103, din pasiune pentru ora\u0219ul s\u0103u \u0219i oamenii din el.","url":"https:\/\/buletin.de\/bucuresti\/author\/catalin-anghel-dimache\/"}]}},"authors":[{"term_id":22572,"user_id":59,"is_guest":0,"slug":"catalin-anghel-dimache","display_name":"C\u0103t\u0103lin Anghel-Dimache","avatar_url":"https:\/\/buletin.de\/bucuresti\/wp-content\/uploads\/Catalin-Anghel-Dimache-96x96.jpg","0":null,"1":"","2":"","3":"","4":"","5":"","6":"","7":"","8":""}],"_links":{"self":[{"href":"https:\/\/buletin.de\/bucuresti\/wp-json\/wp\/v2\/posts\/105609","targetHints":{"allow":["GET"]}}],"collection":[{"href":"https:\/\/buletin.de\/bucuresti\/wp-json\/wp\/v2\/posts"}],"about":[{"href":"https:\/\/buletin.de\/bucuresti\/wp-json\/wp\/v2\/types\/post"}],"author":[{"embeddable":true,"href":"https:\/\/buletin.de\/bucuresti\/wp-json\/wp\/v2\/users\/59"}],"replies":[{"embeddable":true,"href":"https:\/\/buletin.de\/bucuresti\/wp-json\/wp\/v2\/comments?post=105609"}],"version-history":[{"count":2,"href":"https:\/\/buletin.de\/bucuresti\/wp-json\/wp\/v2\/posts\/105609\/revisions"}],"predecessor-version":[{"id":105616,"href":"https:\/\/buletin.de\/bucuresti\/wp-json\/wp\/v2\/posts\/105609\/revisions\/105616"}],"wp:featuredmedia":[{"embeddable":true,"href":"https:\/\/buletin.de\/bucuresti\/wp-json\/wp\/v2\/media\/105613"}],"wp:attachment":[{"href":"https:\/\/buletin.de\/bucuresti\/wp-json\/wp\/v2\/media?parent=105609"}],"wp:term":[{"taxonomy":"category","embeddable":true,"href":"https:\/\/buletin.de\/bucuresti\/wp-json\/wp\/v2\/categories?post=105609"},{"taxonomy":"post_tag","embeddable":true,"href":"https:\/\/buletin.de\/bucuresti\/wp-json\/wp\/v2\/tags?post=105609"},{"taxonomy":"author","embeddable":true,"href":"https:\/\/buletin.de\/bucuresti\/wp-json\/wp\/v2\/ppma_author?post=105609"}],"curies":[{"name":"wp","href":"https:\/\/api.w.org\/{rel}","templated":true}]}}