{"id":105566,"date":"2024-11-08T12:56:23","date_gmt":"2024-11-08T09:56:23","guid":{"rendered":"https:\/\/buletin.de\/bucuresti\/?p=105566"},"modified":"2024-11-08T12:59:50","modified_gmt":"2024-11-08T09:59:50","slug":"doi-politisti-raniti-de-fostul-sot-al-unei-jurate-imperiul-leilor-afaceristul-prins-baut-la-volan","status":"publish","type":"post","link":"https:\/\/buletin.de\/bucuresti\/doi-politisti-raniti-de-fostul-sot-al-unei-jurate-imperiul-leilor-afaceristul-prins-baut-la-volan\/","title":{"rendered":"Doi poli\u0163i\u015fti, r\u0103ni\u0163i de fostul so\u021b al unei jurate \u201eImperiul Leilor\u201d. Afaceristul, prins b\u0103ut la volan"},"content":{"rendered":"\n<p><strong>Doi poli\u0163i\u015fti au fost r\u0103ni\u0163i \u00eentr-un accident rutier petrecut \u00een diminea\u021ba zilei de 8 noiembrie, pe bulevardul Beijing din Sectorul 1 al Capitalei.<\/strong> <strong>\u0218oferul prins b\u0103ut la volan este Roberto B\u00e2tlan, fostul so\u021b \u0219i partener de afaceri al Cristinei B\u00e2tlan, jurata de la \u201eImperiul Leilor\u201d, potrivit unor surse judiciare ale Buletin de Bucure\u0219ti.<\/strong><\/p>\n\n\n\n<p>Brigada Rutier\u0103 a fost sesizat\u0103 prin apel 112, vineri, 8 noiembrie, \u00een jurul orei 04:25. <\/p>\n\n\n\n<p>Din primele informa\u021bii, rezult\u0103 c\u0103 \u0219oferul de 51 ani conducea pe bulevardul Beijing. C\u00e2nd a ajuns la intersec\u021bia cu \u0218oseaua Pipera, Roberto B\u00e2tlan nu ar fi p\u0103strat o distan\u021b\u0103 de siguran\u021b\u0103, astfel ciocnindu-se cu ma\u0219ina poli\u021bistului de 27 ani, oprit\u0103 \u00een intersec\u021bie la culoare ro\u0219ie a semaforului.<\/p>\n\n\n\n<p>Doi poli\u0163i\u015fti au fost r\u0103ni\u0163i \u00een urma accidentului: \u0219oferul de 27 ani \u0219i pasagera de 24 ani, ambii afla\u021bi \u00een timpul liber. Cei doi au fost transporta\u021bi la Spitalul Elias pentru \u00eengrijiri medicale, iar, conform surselor Buletin de Bucure\u0219ti, au suferit doar r\u0103ni u\u0219oare.<\/p>\n\n\n\n<p><strong>CITE\u0218TE \u0218I:<\/strong> <a href=\"https:\/\/buletin.de\/bucuresti\/datele-furate-de-la-primaria-sectorului-5-scoase-la-vanzare-de-hackeri-200-000-de-persoane-afectate-plus-alte-sisteme-conectate-la-ministerul-de-interne\/\"><strong>Datele furate de la Prim\u0103ria Sectorului 5, scoase la v\u00e2nzare de hackeri. 200.000 de persoane afectate, plus alte sisteme conectate la Ministerul de Interne<\/strong><\/a><\/p>\n\n\n\n<h2 class=\"wp-block-heading\" id=\"h-\u0219oferul-prins-baut-la-volan\">\u0218oferul prins b\u0103ut la volan<\/h2>\n\n\n\n<p>Ambii \u0219oferi au fost testa\u021bi cu aparatul alcooltest, rezultatele indicate fiind 0.62 mg\/l alcool pur \u00een aerul expirat pentru Roberto B\u00e2tlan \u0219i 0 pentru cel\u0103lalt conduc\u0103torul auto. <strong>Totodat\u0103, acesta ar fi ie\u0219it pozitiv la benzodiazepine, \u00een urma test\u0103rii preliminare cu drugtestul<\/strong>, potrivit surselor citate.<\/p>\n\n\n\n<p>\u00cen acest context, b\u0103rbatul \u00een v\u00e2rst\u0103 de 51 de ani a fost condus la sediul INML pentru recoltarea mostrelor biologice.<\/p>\n\n\n\n<p>S-a deschis un dosar penal \u00een cadrul c\u0103ruia se efectueaz\u0103 cercet\u0103ri, IN REM sub aspectul s\u0103v\u00e2r\u0219irii infrac\u021biunii de v\u0103t\u0103mare corporal\u0103 din culp\u0103 \u0219i conducerea unui vehicul sub influen\u021ba alcoolului, transmite <a href=\"https:\/\/bpr.politiaromana.ro\">Brigada Rutier\u0103<\/a>.<\/p>\n\n\n\n<p>\u00cen continuare, poli\u021bi\u0219tii Brig\u0103zii Rutiere efectueaz\u0103 cercet\u0103ri \u00een vederea stabilirii cu exactitate a cauzelor \u0219i \u00eemprejur\u0103rilor \u00een care s-a produs accidentul&nbsp;rutier.<\/p>\n","protected":false},"excerpt":{"rendered":"<p>Doi poli\u0163i\u015fti au fost r\u0103ni\u0163i \u00eentr-un accident rutier petrecut \u00een diminea\u021ba zilei de 8 noiembrie, pe bulevardul Beijing din Sectorul 1 al Capitalei. \u0218oferul prins b\u0103ut la volan este Roberto B\u00e2tlan, fostul so\u021b \u0219i partener de afaceri al Cristinei B\u00e2tlan, jurata de la \u201eImperiul Leilor\u201d, potrivit unor surse judiciare ale Buletin de Bucure\u0219ti. Brigada Rutier\u0103 [&hellip;]<\/p>\n","protected":false},"author":1,"featured_media":105569,"comment_status":"closed","ping_status":"open","sticky":false,"template":"","format":"standard","meta":{"_acf_changed":false,"inline_featured_image":false,"ngg_post_thumbnail":0,"footnotes":""},"categories":[6994,9026,62],"tags":[16565,16685,16684,16687,308,16686],"ppma_author":[22583],"class_list":["post-105566","post","type-post","status-publish","format-standard","has-post-thumbnail","hentry","category-stiri-2","category-eveniment","category-stiri","tag-accident-bucuresti","tag-accident-rutier","tag-doi-politisti-raniti","tag-imperiul-leilor","tag-sector-1","tag-sofer-baut"],"acf":[],"yoast_head":"<!-- This site is optimized with the Yoast SEO Premium plugin v25.3 (Yoast SEO v27.5) - https:\/\/yoast.com\/product\/yoast-seo-premium-wordpress\/ -->\n<title>Doi poli\u0163i\u015fti, r\u0103ni\u0163i de fostul so\u021b al unei jurate \u201eImperiul Leilor\u201d. Afaceristul, prins b\u0103ut la volan - Buletin de Bucure\u0219ti<\/title>\n<meta name=\"description\" content=\"Doi poli\u0163i\u015fti au fost r\u0103ni\u0163i \u00eentr-un accident rutier petrecut \u00een diminea\u021ba zilei de 8 noiembrie, pe bulevardul Beijing.\" \/>\n<meta name=\"robots\" content=\"index, follow, max-snippet:-1, max-image-preview:large, max-video-preview:-1\" \/>\n<link rel=\"canonical\" href=\"https:\/\/buletin.de\/bucuresti\/doi-politisti-raniti-de-fostul-sot-al-unei-jurate-imperiul-leilor-afaceristul-prins-baut-la-volan\/\" \/>\n<meta property=\"og:locale\" content=\"en_GB\" \/>\n<meta property=\"og:type\" content=\"article\" \/>\n<meta property=\"og:title\" content=\"Doi poli\u0163i\u015fti, r\u0103ni\u0163i de fostul so\u021b al unei jurate \u201eImperiul Leilor\u201d. Afaceristul, prins b\u0103ut la volan\" \/>\n<meta property=\"og:description\" content=\"Doi poli\u0163i\u015fti au fost r\u0103ni\u0163i \u00eentr-un accident rutier petrecut \u00een diminea\u021ba zilei de 8 noiembrie, pe bulevardul Beijing.\" \/>\n<meta property=\"og:url\" content=\"https:\/\/buletin.de\/bucuresti\/doi-politisti-raniti-de-fostul-sot-al-unei-jurate-imperiul-leilor-afaceristul-prins-baut-la-volan\/\" \/>\n<meta property=\"og:site_name\" content=\"Buletin de Bucure\u0219ti\" \/>\n<meta property=\"article:publisher\" content=\"https:\/\/www.facebook.com\/buletin.de.buc\" \/>\n<meta property=\"article:published_time\" content=\"2024-11-08T09:56:23+00:00\" \/>\n<meta property=\"article:modified_time\" content=\"2024-11-08T09:59:50+00:00\" \/>\n<meta property=\"og:image\" content=\"https:\/\/buletin.de\/bucuresti\/wp-content\/uploads\/WhatsApp-Image-2024-11-08-at-11.29.09_4c5e7ae2.jpg\" \/>\n\t<meta property=\"og:image:width\" content=\"2000\" \/>\n\t<meta property=\"og:image:height\" content=\"1334\" \/>\n\t<meta property=\"og:image:type\" content=\"image\/jpeg\" \/>\n<meta name=\"author\" content=\"Redac\u021bia Buletin de Bucure\u0219ti\" \/>\n<meta name=\"twitter:card\" content=\"summary_large_image\" \/>\n<meta name=\"twitter:label1\" content=\"Written by\" \/>\n\t<meta name=\"twitter:data1\" content=\"Redac\u021bia Buletin de Bucure\u0219ti\" \/>\n\t<meta name=\"twitter:label2\" content=\"Estimated reading time\" \/>\n\t<meta name=\"twitter:data2\" content=\"2 minutes\" \/>\n<script type=\"application\/ld+json\" class=\"yoast-schema-graph\">{\"@context\":\"https:\\\/\\\/schema.org\",\"@graph\":[{\"@type\":\"Article\",\"@id\":\"https:\\\/\\\/buletin.de\\\/bucuresti\\\/doi-politisti-raniti-de-fostul-sot-al-unei-jurate-imperiul-leilor-afaceristul-prins-baut-la-volan\\\/#article\",\"isPartOf\":{\"@id\":\"https:\\\/\\\/buletin.de\\\/bucuresti\\\/doi-politisti-raniti-de-fostul-sot-al-unei-jurate-imperiul-leilor-afaceristul-prins-baut-la-volan\\\/\"},\"author\":{\"name\":\"Redac\u021bia Buletin de Bucure\u0219ti\",\"@id\":\"https:\\\/\\\/buletin.de\\\/bucuresti\\\/#\\\/schema\\\/person\\\/2bbcf854e5f2419a13804af574d06ab1\"},\"headline\":\"Doi poli\u0163i\u015fti, r\u0103ni\u0163i de fostul so\u021b al unei jurate \u201eImperiul Leilor\u201d. Afaceristul, prins b\u0103ut la volan\",\"datePublished\":\"2024-11-08T09:56:23+00:00\",\"dateModified\":\"2024-11-08T09:59:50+00:00\",\"mainEntityOfPage\":{\"@id\":\"https:\\\/\\\/buletin.de\\\/bucuresti\\\/doi-politisti-raniti-de-fostul-sot-al-unei-jurate-imperiul-leilor-afaceristul-prins-baut-la-volan\\\/\"},\"wordCount\":370,\"publisher\":{\"@id\":\"https:\\\/\\\/buletin.de\\\/bucuresti\\\/#organization\"},\"image\":{\"@id\":\"https:\\\/\\\/buletin.de\\\/bucuresti\\\/doi-politisti-raniti-de-fostul-sot-al-unei-jurate-imperiul-leilor-afaceristul-prins-baut-la-volan\\\/#primaryimage\"},\"thumbnailUrl\":\"https:\\\/\\\/buletin.de\\\/bucuresti\\\/wp-content\\\/uploads\\\/WhatsApp-Image-2024-11-08-at-11.29.09_4c5e7ae2.jpg\",\"keywords\":[\"accident bucuresti\",\"accident rutier\",\"doi politisti raniti\",\"imperiul leilor\",\"Sector 1\",\"sofer baut\"],\"articleSection\":[\"Articole\",\"Eveniment\",\"\u0218tiri\"],\"inLanguage\":\"en-GB\",\"copyrightYear\":\"2024\",\"copyrightHolder\":{\"@id\":\"https:\\\/\\\/buletin.de\\\/bucuresti\\\/#organization\"}},{\"@type\":\"WebPage\",\"@id\":\"https:\\\/\\\/buletin.de\\\/bucuresti\\\/doi-politisti-raniti-de-fostul-sot-al-unei-jurate-imperiul-leilor-afaceristul-prins-baut-la-volan\\\/\",\"url\":\"https:\\\/\\\/buletin.de\\\/bucuresti\\\/doi-politisti-raniti-de-fostul-sot-al-unei-jurate-imperiul-leilor-afaceristul-prins-baut-la-volan\\\/\",\"name\":\"Doi poli\u0163i\u015fti, r\u0103ni\u0163i de fostul so\u021b al unei jurate \u201eImperiul Leilor\u201d. Afaceristul, prins b\u0103ut la volan - Buletin de Bucure\u0219ti\",\"isPartOf\":{\"@id\":\"https:\\\/\\\/buletin.de\\\/bucuresti\\\/#website\"},\"primaryImageOfPage\":{\"@id\":\"https:\\\/\\\/buletin.de\\\/bucuresti\\\/doi-politisti-raniti-de-fostul-sot-al-unei-jurate-imperiul-leilor-afaceristul-prins-baut-la-volan\\\/#primaryimage\"},\"image\":{\"@id\":\"https:\\\/\\\/buletin.de\\\/bucuresti\\\/doi-politisti-raniti-de-fostul-sot-al-unei-jurate-imperiul-leilor-afaceristul-prins-baut-la-volan\\\/#primaryimage\"},\"thumbnailUrl\":\"https:\\\/\\\/buletin.de\\\/bucuresti\\\/wp-content\\\/uploads\\\/WhatsApp-Image-2024-11-08-at-11.29.09_4c5e7ae2.jpg\",\"datePublished\":\"2024-11-08T09:56:23+00:00\",\"dateModified\":\"2024-11-08T09:59:50+00:00\",\"description\":\"Doi poli\u0163i\u015fti au fost r\u0103ni\u0163i \u00eentr-un accident rutier petrecut \u00een diminea\u021ba zilei de 8 noiembrie, pe bulevardul Beijing.\",\"breadcrumb\":{\"@id\":\"https:\\\/\\\/buletin.de\\\/bucuresti\\\/doi-politisti-raniti-de-fostul-sot-al-unei-jurate-imperiul-leilor-afaceristul-prins-baut-la-volan\\\/#breadcrumb\"},\"inLanguage\":\"en-GB\",\"potentialAction\":[{\"@type\":\"ReadAction\",\"target\":[\"https:\\\/\\\/buletin.de\\\/bucuresti\\\/doi-politisti-raniti-de-fostul-sot-al-unei-jurate-imperiul-leilor-afaceristul-prins-baut-la-volan\\\/\"]}]},{\"@type\":\"ImageObject\",\"inLanguage\":\"en-GB\",\"@id\":\"https:\\\/\\\/buletin.de\\\/bucuresti\\\/doi-politisti-raniti-de-fostul-sot-al-unei-jurate-imperiul-leilor-afaceristul-prins-baut-la-volan\\\/#primaryimage\",\"url\":\"https:\\\/\\\/buletin.de\\\/bucuresti\\\/wp-content\\\/uploads\\\/WhatsApp-Image-2024-11-08-at-11.29.09_4c5e7ae2.jpg\",\"contentUrl\":\"https:\\\/\\\/buletin.de\\\/bucuresti\\\/wp-content\\\/uploads\\\/WhatsApp-Image-2024-11-08-at-11.29.09_4c5e7ae2.jpg\",\"width\":2000,\"height\":1334,\"caption\":\"Doi poli\u0163i\u015fti, r\u0103ni\u0163i de fostul so\u021b al unei jurate \u201eImperiul Leilor\u201d. \u0218oferul, prins b\u0103ut la volan. Foto: INQUAM \\\/ George C\u0103lin\"},{\"@type\":\"BreadcrumbList\",\"@id\":\"https:\\\/\\\/buletin.de\\\/bucuresti\\\/doi-politisti-raniti-de-fostul-sot-al-unei-jurate-imperiul-leilor-afaceristul-prins-baut-la-volan\\\/#breadcrumb\",\"itemListElement\":[{\"@type\":\"ListItem\",\"position\":1,\"name\":\"Acas\u0103\",\"item\":\"https:\\\/\\\/buletin.de\\\/bucuresti\\\/\"},{\"@type\":\"ListItem\",\"position\":2,\"name\":\"Doi poli\u0163i\u015fti, r\u0103ni\u0163i de fostul so\u021b al unei jurate \u201eImperiul Leilor\u201d. Afaceristul, prins b\u0103ut la volan\"}]},{\"@type\":\"WebSite\",\"@id\":\"https:\\\/\\\/buletin.de\\\/bucuresti\\\/#website\",\"url\":\"https:\\\/\\\/buletin.de\\\/bucuresti\\\/\",\"name\":\"Buletin de Bucure\u0219ti\",\"description\":\"\u0218tiri \u0219i investiga\u021bii esen\u021biale din capital\u0103\",\"publisher\":{\"@id\":\"https:\\\/\\\/buletin.de\\\/bucuresti\\\/#organization\"},\"potentialAction\":[{\"@type\":\"SearchAction\",\"target\":{\"@type\":\"EntryPoint\",\"urlTemplate\":\"https:\\\/\\\/buletin.de\\\/bucuresti\\\/?s={search_term_string}\"},\"query-input\":{\"@type\":\"PropertyValueSpecification\",\"valueRequired\":true,\"valueName\":\"search_term_string\"}}],\"inLanguage\":\"en-GB\"},{\"@type\":\"Organization\",\"@id\":\"https:\\\/\\\/buletin.de\\\/bucuresti\\\/#organization\",\"name\":\"Buletin de Bucure\u0219ti\",\"url\":\"https:\\\/\\\/buletin.de\\\/bucuresti\\\/\",\"logo\":{\"@type\":\"ImageObject\",\"inLanguage\":\"en-GB\",\"@id\":\"https:\\\/\\\/buletin.de\\\/bucuresti\\\/#\\\/schema\\\/logo\\\/image\\\/\",\"url\":\"https:\\\/\\\/buletin.de\\\/bucuresti\\\/wp-content\\\/uploads\\\/logo-bdb-full-wide-vernil-transparent.png\",\"contentUrl\":\"https:\\\/\\\/buletin.de\\\/bucuresti\\\/wp-content\\\/uploads\\\/logo-bdb-full-wide-vernil-transparent.png\",\"width\":1782,\"height\":626,\"caption\":\"Buletin de Bucure\u0219ti\"},\"image\":{\"@id\":\"https:\\\/\\\/buletin.de\\\/bucuresti\\\/#\\\/schema\\\/logo\\\/image\\\/\"},\"sameAs\":[\"https:\\\/\\\/www.facebook.com\\\/buletin.de.buc\",\"https:\\\/\\\/www.instagram.com\\\/buletinde.bucuresti\\\/\"]},{\"@type\":\"Person\",\"@id\":\"https:\\\/\\\/buletin.de\\\/bucuresti\\\/#\\\/schema\\\/person\\\/2bbcf854e5f2419a13804af574d06ab1\",\"name\":\"Redac\u021bia Buletin de Bucure\u0219ti\",\"image\":{\"@type\":\"ImageObject\",\"inLanguage\":\"en-GB\",\"@id\":\"https:\\\/\\\/secure.gravatar.com\\\/avatar\\\/18c5342381ed1a08620e6280424e3e5efc958618f5d67c522c9e44c1bc6f9226?s=96&d=monsterid&r=g60c7cd0ad92c68c049fcd4bb3504d609\",\"url\":\"https:\\\/\\\/secure.gravatar.com\\\/avatar\\\/18c5342381ed1a08620e6280424e3e5efc958618f5d67c522c9e44c1bc6f9226?s=96&d=monsterid&r=g\",\"contentUrl\":\"https:\\\/\\\/secure.gravatar.com\\\/avatar\\\/18c5342381ed1a08620e6280424e3e5efc958618f5d67c522c9e44c1bc6f9226?s=96&d=monsterid&r=g\",\"caption\":\"Redac\u021bia Buletin de Bucure\u0219ti\"},\"description\":\"Buletin de Bucure\u0219ti exist\u0103 din vara anului 2019.\",\"url\":\"https:\\\/\\\/buletin.de\\\/bucuresti\\\/author\\\/adminbuletin\\\/\"}]}<\/script>\n<!-- \/ Yoast SEO Premium plugin. -->","yoast_head_json":{"title":"Doi poli\u0163i\u015fti, r\u0103ni\u0163i de fostul so\u021b al unei jurate \u201eImperiul Leilor\u201d. Afaceristul, prins b\u0103ut la volan - Buletin de Bucure\u0219ti","description":"Doi poli\u0163i\u015fti au fost r\u0103ni\u0163i \u00eentr-un accident rutier petrecut \u00een diminea\u021ba zilei de 8 noiembrie, pe bulevardul Beijing.","robots":{"index":"index","follow":"follow","max-snippet":"max-snippet:-1","max-image-preview":"max-image-preview:large","max-video-preview":"max-video-preview:-1"},"canonical":"https:\/\/buletin.de\/bucuresti\/doi-politisti-raniti-de-fostul-sot-al-unei-jurate-imperiul-leilor-afaceristul-prins-baut-la-volan\/","og_locale":"en_GB","og_type":"article","og_title":"Doi poli\u0163i\u015fti, r\u0103ni\u0163i de fostul so\u021b al unei jurate \u201eImperiul Leilor\u201d. Afaceristul, prins b\u0103ut la volan","og_description":"Doi poli\u0163i\u015fti au fost r\u0103ni\u0163i \u00eentr-un accident rutier petrecut \u00een diminea\u021ba zilei de 8 noiembrie, pe bulevardul Beijing.","og_url":"https:\/\/buletin.de\/bucuresti\/doi-politisti-raniti-de-fostul-sot-al-unei-jurate-imperiul-leilor-afaceristul-prins-baut-la-volan\/","og_site_name":"Buletin de Bucure\u0219ti","article_publisher":"https:\/\/www.facebook.com\/buletin.de.buc","article_published_time":"2024-11-08T09:56:23+00:00","article_modified_time":"2024-11-08T09:59:50+00:00","og_image":[{"width":2000,"height":1334,"url":"https:\/\/buletin.de\/bucuresti\/wp-content\/uploads\/WhatsApp-Image-2024-11-08-at-11.29.09_4c5e7ae2.jpg","type":"image\/jpeg"}],"author":"Redac\u021bia Buletin de Bucure\u0219ti","twitter_card":"summary_large_image","twitter_misc":{"Written by":"Redac\u021bia Buletin de Bucure\u0219ti","Estimated reading time":"2 minutes"},"schema":{"@context":"https:\/\/schema.org","@graph":[{"@type":"Article","@id":"https:\/\/buletin.de\/bucuresti\/doi-politisti-raniti-de-fostul-sot-al-unei-jurate-imperiul-leilor-afaceristul-prins-baut-la-volan\/#article","isPartOf":{"@id":"https:\/\/buletin.de\/bucuresti\/doi-politisti-raniti-de-fostul-sot-al-unei-jurate-imperiul-leilor-afaceristul-prins-baut-la-volan\/"},"author":{"name":"Redac\u021bia Buletin de Bucure\u0219ti","@id":"https:\/\/buletin.de\/bucuresti\/#\/schema\/person\/2bbcf854e5f2419a13804af574d06ab1"},"headline":"Doi poli\u0163i\u015fti, r\u0103ni\u0163i de fostul so\u021b al unei jurate \u201eImperiul Leilor\u201d. Afaceristul, prins b\u0103ut la volan","datePublished":"2024-11-08T09:56:23+00:00","dateModified":"2024-11-08T09:59:50+00:00","mainEntityOfPage":{"@id":"https:\/\/buletin.de\/bucuresti\/doi-politisti-raniti-de-fostul-sot-al-unei-jurate-imperiul-leilor-afaceristul-prins-baut-la-volan\/"},"wordCount":370,"publisher":{"@id":"https:\/\/buletin.de\/bucuresti\/#organization"},"image":{"@id":"https:\/\/buletin.de\/bucuresti\/doi-politisti-raniti-de-fostul-sot-al-unei-jurate-imperiul-leilor-afaceristul-prins-baut-la-volan\/#primaryimage"},"thumbnailUrl":"https:\/\/buletin.de\/bucuresti\/wp-content\/uploads\/WhatsApp-Image-2024-11-08-at-11.29.09_4c5e7ae2.jpg","keywords":["accident bucuresti","accident rutier","doi politisti raniti","imperiul leilor","Sector 1","sofer baut"],"articleSection":["Articole","Eveniment","\u0218tiri"],"inLanguage":"en-GB","copyrightYear":"2024","copyrightHolder":{"@id":"https:\/\/buletin.de\/bucuresti\/#organization"}},{"@type":"WebPage","@id":"https:\/\/buletin.de\/bucuresti\/doi-politisti-raniti-de-fostul-sot-al-unei-jurate-imperiul-leilor-afaceristul-prins-baut-la-volan\/","url":"https:\/\/buletin.de\/bucuresti\/doi-politisti-raniti-de-fostul-sot-al-unei-jurate-imperiul-leilor-afaceristul-prins-baut-la-volan\/","name":"Doi poli\u0163i\u015fti, r\u0103ni\u0163i de fostul so\u021b al unei jurate \u201eImperiul Leilor\u201d. Afaceristul, prins b\u0103ut la volan - Buletin de Bucure\u0219ti","isPartOf":{"@id":"https:\/\/buletin.de\/bucuresti\/#website"},"primaryImageOfPage":{"@id":"https:\/\/buletin.de\/bucuresti\/doi-politisti-raniti-de-fostul-sot-al-unei-jurate-imperiul-leilor-afaceristul-prins-baut-la-volan\/#primaryimage"},"image":{"@id":"https:\/\/buletin.de\/bucuresti\/doi-politisti-raniti-de-fostul-sot-al-unei-jurate-imperiul-leilor-afaceristul-prins-baut-la-volan\/#primaryimage"},"thumbnailUrl":"https:\/\/buletin.de\/bucuresti\/wp-content\/uploads\/WhatsApp-Image-2024-11-08-at-11.29.09_4c5e7ae2.jpg","datePublished":"2024-11-08T09:56:23+00:00","dateModified":"2024-11-08T09:59:50+00:00","description":"Doi poli\u0163i\u015fti au fost r\u0103ni\u0163i \u00eentr-un accident rutier petrecut \u00een diminea\u021ba zilei de 8 noiembrie, pe bulevardul Beijing.","breadcrumb":{"@id":"https:\/\/buletin.de\/bucuresti\/doi-politisti-raniti-de-fostul-sot-al-unei-jurate-imperiul-leilor-afaceristul-prins-baut-la-volan\/#breadcrumb"},"inLanguage":"en-GB","potentialAction":[{"@type":"ReadAction","target":["https:\/\/buletin.de\/bucuresti\/doi-politisti-raniti-de-fostul-sot-al-unei-jurate-imperiul-leilor-afaceristul-prins-baut-la-volan\/"]}]},{"@type":"ImageObject","inLanguage":"en-GB","@id":"https:\/\/buletin.de\/bucuresti\/doi-politisti-raniti-de-fostul-sot-al-unei-jurate-imperiul-leilor-afaceristul-prins-baut-la-volan\/#primaryimage","url":"https:\/\/buletin.de\/bucuresti\/wp-content\/uploads\/WhatsApp-Image-2024-11-08-at-11.29.09_4c5e7ae2.jpg","contentUrl":"https:\/\/buletin.de\/bucuresti\/wp-content\/uploads\/WhatsApp-Image-2024-11-08-at-11.29.09_4c5e7ae2.jpg","width":2000,"height":1334,"caption":"Doi poli\u0163i\u015fti, r\u0103ni\u0163i de fostul so\u021b al unei jurate \u201eImperiul Leilor\u201d. \u0218oferul, prins b\u0103ut la volan. Foto: INQUAM \/ George C\u0103lin"},{"@type":"BreadcrumbList","@id":"https:\/\/buletin.de\/bucuresti\/doi-politisti-raniti-de-fostul-sot-al-unei-jurate-imperiul-leilor-afaceristul-prins-baut-la-volan\/#breadcrumb","itemListElement":[{"@type":"ListItem","position":1,"name":"Acas\u0103","item":"https:\/\/buletin.de\/bucuresti\/"},{"@type":"ListItem","position":2,"name":"Doi poli\u0163i\u015fti, r\u0103ni\u0163i de fostul so\u021b al unei jurate \u201eImperiul Leilor\u201d. Afaceristul, prins b\u0103ut la volan"}]},{"@type":"WebSite","@id":"https:\/\/buletin.de\/bucuresti\/#website","url":"https:\/\/buletin.de\/bucuresti\/","name":"Buletin de Bucure\u0219ti","description":"\u0218tiri \u0219i investiga\u021bii esen\u021biale din capital\u0103","publisher":{"@id":"https:\/\/buletin.de\/bucuresti\/#organization"},"potentialAction":[{"@type":"SearchAction","target":{"@type":"EntryPoint","urlTemplate":"https:\/\/buletin.de\/bucuresti\/?s={search_term_string}"},"query-input":{"@type":"PropertyValueSpecification","valueRequired":true,"valueName":"search_term_string"}}],"inLanguage":"en-GB"},{"@type":"Organization","@id":"https:\/\/buletin.de\/bucuresti\/#organization","name":"Buletin de Bucure\u0219ti","url":"https:\/\/buletin.de\/bucuresti\/","logo":{"@type":"ImageObject","inLanguage":"en-GB","@id":"https:\/\/buletin.de\/bucuresti\/#\/schema\/logo\/image\/","url":"https:\/\/buletin.de\/bucuresti\/wp-content\/uploads\/logo-bdb-full-wide-vernil-transparent.png","contentUrl":"https:\/\/buletin.de\/bucuresti\/wp-content\/uploads\/logo-bdb-full-wide-vernil-transparent.png","width":1782,"height":626,"caption":"Buletin de Bucure\u0219ti"},"image":{"@id":"https:\/\/buletin.de\/bucuresti\/#\/schema\/logo\/image\/"},"sameAs":["https:\/\/www.facebook.com\/buletin.de.buc","https:\/\/www.instagram.com\/buletinde.bucuresti\/"]},{"@type":"Person","@id":"https:\/\/buletin.de\/bucuresti\/#\/schema\/person\/2bbcf854e5f2419a13804af574d06ab1","name":"Redac\u021bia Buletin de Bucure\u0219ti","image":{"@type":"ImageObject","inLanguage":"en-GB","@id":"https:\/\/secure.gravatar.com\/avatar\/18c5342381ed1a08620e6280424e3e5efc958618f5d67c522c9e44c1bc6f9226?s=96&d=monsterid&r=g60c7cd0ad92c68c049fcd4bb3504d609","url":"https:\/\/secure.gravatar.com\/avatar\/18c5342381ed1a08620e6280424e3e5efc958618f5d67c522c9e44c1bc6f9226?s=96&d=monsterid&r=g","contentUrl":"https:\/\/secure.gravatar.com\/avatar\/18c5342381ed1a08620e6280424e3e5efc958618f5d67c522c9e44c1bc6f9226?s=96&d=monsterid&r=g","caption":"Redac\u021bia Buletin de Bucure\u0219ti"},"description":"Buletin de Bucure\u0219ti exist\u0103 din vara anului 2019.","url":"https:\/\/buletin.de\/bucuresti\/author\/adminbuletin\/"}]}},"authors":[{"term_id":22583,"user_id":1,"is_guest":0,"slug":"adminbuletin","display_name":"Redac\u021bia Buletin de Bucure\u0219ti","avatar_url":"https:\/\/secure.gravatar.com\/avatar\/18c5342381ed1a08620e6280424e3e5efc958618f5d67c522c9e44c1bc6f9226?s=96&d=monsterid&r=g","0":null,"1":"","2":"","3":"","4":"","5":"","6":"","7":"","8":""}],"_links":{"self":[{"href":"https:\/\/buletin.de\/bucuresti\/wp-json\/wp\/v2\/posts\/105566","targetHints":{"allow":["GET"]}}],"collection":[{"href":"https:\/\/buletin.de\/bucuresti\/wp-json\/wp\/v2\/posts"}],"about":[{"href":"https:\/\/buletin.de\/bucuresti\/wp-json\/wp\/v2\/types\/post"}],"author":[{"embeddable":true,"href":"https:\/\/buletin.de\/bucuresti\/wp-json\/wp\/v2\/users\/1"}],"replies":[{"embeddable":true,"href":"https:\/\/buletin.de\/bucuresti\/wp-json\/wp\/v2\/comments?post=105566"}],"version-history":[{"count":3,"href":"https:\/\/buletin.de\/bucuresti\/wp-json\/wp\/v2\/posts\/105566\/revisions"}],"predecessor-version":[{"id":105574,"href":"https:\/\/buletin.de\/bucuresti\/wp-json\/wp\/v2\/posts\/105566\/revisions\/105574"}],"wp:featuredmedia":[{"embeddable":true,"href":"https:\/\/buletin.de\/bucuresti\/wp-json\/wp\/v2\/media\/105569"}],"wp:attachment":[{"href":"https:\/\/buletin.de\/bucuresti\/wp-json\/wp\/v2\/media?parent=105566"}],"wp:term":[{"taxonomy":"category","embeddable":true,"href":"https:\/\/buletin.de\/bucuresti\/wp-json\/wp\/v2\/categories?post=105566"},{"taxonomy":"post_tag","embeddable":true,"href":"https:\/\/buletin.de\/bucuresti\/wp-json\/wp\/v2\/tags?post=105566"},{"taxonomy":"author","embeddable":true,"href":"https:\/\/buletin.de\/bucuresti\/wp-json\/wp\/v2\/ppma_author?post=105566"}],"curies":[{"name":"wp","href":"https:\/\/api.w.org\/{rel}","templated":true}]}}