{"id":105556,"date":"2024-11-08T09:56:30","date_gmt":"2024-11-08T06:56:30","guid":{"rendered":"https:\/\/buletin.de\/bucuresti\/?p=105556"},"modified":"2024-11-08T14:30:17","modified_gmt":"2024-11-08T11:30:17","slug":"contre-pe-organizarea-referendumului-toni-grebla-vorbeste-de-disfunctionalitati-iar-nicusor-dan-acuza-ca-i-se-pun-bete-in-roate","status":"publish","type":"post","link":"https:\/\/buletin.de\/bucuresti\/contre-pe-organizarea-referendumului-toni-grebla-vorbeste-de-disfunctionalitati-iar-nicusor-dan-acuza-ca-i-se-pun-bete-in-roate\/","title":{"rendered":"Contre pe organizarea referendumului. Toni Grebl\u0103 vorbe\u015fte de \u201edisfunc\u0163ionalit\u0103\u0163i\u201d, iar Nicu\u015for Dan acuz\u0103 c\u0103 i se pun be\u0163e \u00een roate"},"content":{"rendered":"\n<p><strong>Pre\u015fedintele Autorit\u0103\u0163ii Electorale Permanente (AEP), Toni Grebl\u0103, vorbe\u015fte de numeroase disfunc\u0163ionalit\u0103\u0163i \u00een ceea ce prive\u015fte organizarea referendumului Capitalei, odat\u0103 cu primul tur al alegerilor preziden\u0163iale. Ca r\u0103spuns, primarul Nicu\u015for Dan acuz\u0103 c\u0103 sunt institu\u0163ii care caut\u0103 \u201es\u0103 se acopere de h\u00e2rtii\u201d.<\/strong><\/p>\n\n\n\n<p><strong>Declara\u0163iile au fost f\u0103cute la o \u00eent\u00e2lnire despre stabilirea m\u0103surilor tehnice pentru organizarea referendumului, noteaz\u0103 jurnali\u015ftii <a href=\"https:\/\/www.agerpres.ro\/politica\/2024\/11\/07\/referendum-in-capitala-grebla-exista-numeroase-disfunctionalitati-nicusor-dan-am-vazut-o-incercare-de-a-se-acoperi-toti-cu-hartii--1383618\">Agerpres<\/a>, \u00eent\u00e2lnire la care au participat reprezentan\u0163ii mai multor institu\u0163ii.<\/strong><\/p>\n\n\n\n<h2 class=\"wp-block-heading\" id=\"h-organizarea-referendumului-ce-il-nemultumeste-pe-grebla\">Organizarea referendumului. Ce \u00eel nemul\u0163ume\u015fte pe Grebl\u0103<\/h2>\n\n\n\n<p><a href=\"https:\/\/buletin.de\/bucuresti\/salariul-lui-toni-grebla-majorat-ilegal-cu-mii-de-euro-clotilde-armand-voi-depune-plangere-la-ani\/\">Controversatul pre\u015fedinte al AEP<\/a> spune c\u0103 trebuie constituit un Birou Electoral al municipiului Bucure\u015fti, care s\u0103 centralizeze toate rezultatele din sec\u0163iile de votare din Bucure\u015fti. De\u015fi subliniaz\u0103 c\u0103 toate p\u0103r\u0163ile implicate au sus\u0163inut organizarea acestui referendum la datele men\u0163ionate, spune c\u0103 lipsa acestui Birou Electoral e o problem\u0103. \u201e<em>\u00cen legea pentru alegerea pre\u015fedintelui Rom\u00e2niei, acest birou electoral al municipiului nu exist\u0103, numai birouri electorale de sector, care nu au atribu\u0163ii de a organiza \u015fi centralizarea rezultatelor de la referendum<\/em>\u201d, a explicat Grebl\u0103, citat de Agerpres.<\/p>\n\n\n\n<p>Mai mult, Grebl\u0103 sus\u0163ine c\u0103 legea prevede ca ini\u0163iatorul unui referendum s\u0103 suporte cheltuielile de organizare, respectiv achizi\u0163ionarea h\u00e2rtiei pentru cele 5,4 milioane de buletine de vot \u015fi tip\u0103rirea lor. Puncteaz\u0103 c\u0103 CGMB nu s-a \u00eentrunit p\u00e2n\u0103 la aceast\u0103 dat\u0103 pentru a stabili bugetul de cheltuieli necesare.<\/p>\n\n\n\n<p>\u201eAm solicitat s\u0103 aloce aceste sume, pentru c\u0103 este simplu s\u0103 dai comand\u0103 s\u0103 se tip\u0103reasc\u0103 acele buletine de vot, \u00eens\u0103 ele trebuie pl\u0103tite, iar ast\u0103zi, AEP are buget pentru alegerile preziden\u0163iale, nu are o prevedere bugetar\u0103 care s\u0103 \u00eei permit\u0103 s\u0103 angajeze o cheltuial\u0103 pentru cele 5,4 milioane de buletine de vot. Le va pl\u0103ti, a zis domnul primar general, ulterior. Or, dac\u0103 nu am \u00een buget aceast\u0103 sum\u0103, nu pot s\u0103 angajez cheltuiala respectiv\u0103. Prim\u0103ria Capitalei ar fi trebuit ca, odat\u0103 cu stabilirea referendumului, s\u0103 elaboreze, de asemenea, un program calendaristic \u015fi un buget de venituri \u015fi cheltuieli\u201d, a spus Grebl\u0103.<\/p>\n\n\n\n<p>Tot Grebl\u0103 a ridicat problema infrastructurii electronice cu ajutorul c\u0103reia se centralizeaz\u0103 rezultatele. Cea existent\u0103 nu e f\u0103cut\u0103 pentru un referendum local, atrage el aten\u0163ia.<\/p>\n\n\n\n<p><strong>CITE\u015eTE \u015eI:<\/strong> <a href=\"https:\/\/buletin.de\/bucuresti\/referendum-bucuresti-ordinul-arhitectilor-cere-primariei-generale-sa-respecte-legea-in-privinta-autorizatiilor-de-construire\/\">Referendum Bucure\u0219ti | Ordinul Arhitec\u021bilor cere Prim\u0103riei Generale s\u0103 respecte legea \u00een privin\u0163a autoriza\u0163iilor de construire<\/a><\/p>\n\n\n\n<h2 class=\"wp-block-heading\" id=\"h-raspunsul-lui-nicusor-dan\">R\u0103spunsul lui Nicu\u015for Dan <\/h2>\n\n\n\n<p>Primarul general vorbe\u015fte despre o suprabirocratizare care poate \u00eengreuna acest proces:<\/p>\n\n\n\n<p><em>To\u0163i vor hot\u0103r\u00e2ri de guvern, prevederi exprese pentru a spune cine face ce. \u015ei mai mult dec\u00e2t at\u00e2t, ni se cere nou\u0103, de\u015fi nu avem, am fost \u00eenfiin\u0163a\u0163i pentru altceva &#8211; s\u0103 dezvolt\u0103m ora\u015ful, s\u0103 facem infrastructur\u0103, nu s\u0103 citim legi primare, secundare, ter\u0163iare despre referendum. Ni se cere nou\u0103 s\u0103 facem proiecte de hot\u0103r\u00e2re de guvern, s\u0103 \u00eenv\u0103\u0163\u0103m autorit\u0103\u0163ile care cu asta se ocup\u0103, cum s\u0103 organizeze acest referendum<\/em> (&#8230;) <em>Pe celelalte institu\u0163ii, am v\u0103zut pe unele dintre ele, am v\u0103zut o \u00eencercare de a se acoperi to\u0163i cu h\u00e2rtii<\/em>.<\/p>\n\n\n\n<p>Pe data de 21 octombrie, Consiliul General al Municipiului Bucure\u015fti a dat und\u0103 verde organiz\u0103rii referendumului dorit de Nicu\u015for Dan, odat\u0103 cu primul tur al alegerilor preziden\u0163iale. Sunt \u00eentreb\u0103ri despre \u00eemp\u0103r\u0163irea banilor \u00eentre Prim\u0103ria General\u0103 \u015fi sectoare, dar \u015fi de reguli de urbanism. PSD a ad\u0103ugat o a treia \u00eentrebare, prin amendament, care prive\u015fte combaterea consumului de droguri \u00een r\u00e2ndul elevilor.<\/p>\n\n\n\n<p><strong>CITE\u015eTE \u015eI:<\/strong> <a href=\"https:\/\/buletin.de\/bucuresti\/iohannis-a-promulgat-legea-care-permite-organizarea-referendumului-in-acelasi-timp-cu-alegerile-prezidentiale\/\">Iohannis a promulgat legea care permite organizarea referendumului \u00een acela\u0219i timp cu alegerile preziden\u021biale<\/a><br><\/p>\n","protected":false},"excerpt":{"rendered":"<p>Pre\u015fedintele Autorit\u0103\u0163ii Electorale Permanente (AEP), Toni Grebl\u0103, vorbe\u015fte de numeroase disfunc\u0163ionalit\u0103\u0163i \u00een ceea ce prive\u015fte organizarea referendumului Capitalei, odat\u0103 cu primul tur al alegerilor preziden\u0163iale. Ca r\u0103spuns, primarul Nicu\u015for Dan acuz\u0103 c\u0103 sunt institu\u0163ii care caut\u0103 \u201es\u0103 se acopere de h\u00e2rtii\u201d. Declara\u0163iile au fost f\u0103cute la o \u00eent\u00e2lnire despre stabilirea m\u0103surilor tehnice pentru organizarea referendumului, [&hellip;]<\/p>\n","protected":false},"author":1,"featured_media":43268,"comment_status":"closed","ping_status":"open","sticky":false,"template":"","format":"standard","meta":{"_acf_changed":false,"inline_featured_image":false,"ngg_post_thumbnail":0,"footnotes":""},"categories":[6994,5762,9025],"tags":[3787,223,258,16041,16682,4143],"ppma_author":[22583],"class_list":["post-105556","post","type-post","status-publish","format-standard","has-post-thumbnail","hentry","category-stiri-2","category-main","category-politic","tag-aep","tag-nicusor-dan","tag-primaria-capitalei","tag-referendum-bucuresti","tag-scandal-referendum","tag-toni-grebla"],"acf":[],"yoast_head":"<!-- This site is optimized with the Yoast SEO Premium plugin v25.3 (Yoast SEO v27.4) - https:\/\/yoast.com\/product\/yoast-seo-premium-wordpress\/ -->\n<title>Contre pe organizarea referendumului. Toni Grebl\u0103 vorbe\u015fte de \u201edisfunc\u0163ionalit\u0103\u0163i\u201d, iar Nicu\u015for Dan acuz\u0103 c\u0103 i se pun be\u0163e \u00een roate - Buletin de Bucure\u0219ti<\/title>\n<meta name=\"description\" content=\"Toni Grebl\u0103, vorbe\u015fte de numeroase disfunc\u0163ionalit\u0103\u0163i \u00een ceea ce prive\u015fte organizarea referendumului Capitalei.\" \/>\n<meta name=\"robots\" content=\"index, follow, max-snippet:-1, max-image-preview:large, max-video-preview:-1\" \/>\n<link rel=\"canonical\" href=\"https:\/\/buletin.de\/bucuresti\/contre-pe-organizarea-referendumului-toni-grebla-vorbeste-de-disfunctionalitati-iar-nicusor-dan-acuza-ca-i-se-pun-bete-in-roate\/\" \/>\n<meta property=\"og:locale\" content=\"en_GB\" \/>\n<meta property=\"og:type\" content=\"article\" \/>\n<meta property=\"og:title\" content=\"Contre pe organizarea referendumului. Toni Grebl\u0103 vorbe\u015fte de \u201edisfunc\u0163ionalit\u0103\u0163i\u201d, iar Nicu\u015for Dan acuz\u0103 c\u0103 i se pun be\u0163e \u00een roate\" \/>\n<meta property=\"og:description\" content=\"Toni Grebl\u0103, vorbe\u015fte de numeroase disfunc\u0163ionalit\u0103\u0163i \u00een ceea ce prive\u015fte organizarea referendumului Capitalei.\" \/>\n<meta property=\"og:url\" content=\"https:\/\/buletin.de\/bucuresti\/contre-pe-organizarea-referendumului-toni-grebla-vorbeste-de-disfunctionalitati-iar-nicusor-dan-acuza-ca-i-se-pun-bete-in-roate\/\" \/>\n<meta property=\"og:site_name\" content=\"Buletin de Bucure\u0219ti\" \/>\n<meta property=\"article:publisher\" content=\"https:\/\/www.facebook.com\/buletin.de.buc\" \/>\n<meta property=\"article:published_time\" content=\"2024-11-08T06:56:30+00:00\" \/>\n<meta property=\"article:modified_time\" content=\"2024-11-08T11:30:17+00:00\" \/>\n<meta property=\"og:image\" content=\"https:\/\/buletin.de\/bucuresti\/wp-content\/uploads\/BeFunky-collage-23.jpg\" \/>\n\t<meta property=\"og:image:width\" content=\"2000\" \/>\n\t<meta property=\"og:image:height\" content=\"2000\" \/>\n\t<meta property=\"og:image:type\" content=\"image\/jpeg\" \/>\n<meta name=\"author\" content=\"Redac\u021bia Buletin de Bucure\u0219ti\" \/>\n<meta name=\"twitter:card\" content=\"summary_large_image\" \/>\n<meta name=\"twitter:label1\" content=\"Written by\" \/>\n\t<meta name=\"twitter:data1\" content=\"Redac\u021bia Buletin de Bucure\u0219ti\" \/>\n\t<meta name=\"twitter:label2\" content=\"Estimated reading time\" \/>\n\t<meta name=\"twitter:data2\" content=\"3 minutes\" \/>\n<script type=\"application\/ld+json\" class=\"yoast-schema-graph\">{\"@context\":\"https:\\\/\\\/schema.org\",\"@graph\":[{\"@type\":\"Article\",\"@id\":\"https:\\\/\\\/buletin.de\\\/bucuresti\\\/contre-pe-organizarea-referendumului-toni-grebla-vorbeste-de-disfunctionalitati-iar-nicusor-dan-acuza-ca-i-se-pun-bete-in-roate\\\/#article\",\"isPartOf\":{\"@id\":\"https:\\\/\\\/buletin.de\\\/bucuresti\\\/contre-pe-organizarea-referendumului-toni-grebla-vorbeste-de-disfunctionalitati-iar-nicusor-dan-acuza-ca-i-se-pun-bete-in-roate\\\/\"},\"author\":{\"name\":\"Redac\u021bia Buletin de Bucure\u0219ti\",\"@id\":\"https:\\\/\\\/buletin.de\\\/bucuresti\\\/#\\\/schema\\\/person\\\/2bbcf854e5f2419a13804af574d06ab1\"},\"headline\":\"Contre pe organizarea referendumului. Toni Grebl\u0103 vorbe\u015fte de \u201edisfunc\u0163ionalit\u0103\u0163i\u201d, iar Nicu\u015for Dan acuz\u0103 c\u0103 i se pun be\u0163e \u00een roate\",\"datePublished\":\"2024-11-08T06:56:30+00:00\",\"dateModified\":\"2024-11-08T11:30:17+00:00\",\"mainEntityOfPage\":{\"@id\":\"https:\\\/\\\/buletin.de\\\/bucuresti\\\/contre-pe-organizarea-referendumului-toni-grebla-vorbeste-de-disfunctionalitati-iar-nicusor-dan-acuza-ca-i-se-pun-bete-in-roate\\\/\"},\"wordCount\":646,\"publisher\":{\"@id\":\"https:\\\/\\\/buletin.de\\\/bucuresti\\\/#organization\"},\"image\":{\"@id\":\"https:\\\/\\\/buletin.de\\\/bucuresti\\\/contre-pe-organizarea-referendumului-toni-grebla-vorbeste-de-disfunctionalitati-iar-nicusor-dan-acuza-ca-i-se-pun-bete-in-roate\\\/#primaryimage\"},\"thumbnailUrl\":\"https:\\\/\\\/buletin.de\\\/bucuresti\\\/wp-content\\\/uploads\\\/BeFunky-collage-23.jpg\",\"keywords\":[\"aep\",\"nicusor dan\",\"primaria capitalei\",\"referendum bucuresti\",\"scandal referendum\",\"toni grebla\"],\"articleSection\":[\"Articole\",\"Main\",\"Politic\"],\"inLanguage\":\"en-GB\",\"copyrightYear\":\"2024\",\"copyrightHolder\":{\"@id\":\"https:\\\/\\\/buletin.de\\\/bucuresti\\\/#organization\"}},{\"@type\":\"WebPage\",\"@id\":\"https:\\\/\\\/buletin.de\\\/bucuresti\\\/contre-pe-organizarea-referendumului-toni-grebla-vorbeste-de-disfunctionalitati-iar-nicusor-dan-acuza-ca-i-se-pun-bete-in-roate\\\/\",\"url\":\"https:\\\/\\\/buletin.de\\\/bucuresti\\\/contre-pe-organizarea-referendumului-toni-grebla-vorbeste-de-disfunctionalitati-iar-nicusor-dan-acuza-ca-i-se-pun-bete-in-roate\\\/\",\"name\":\"Contre pe organizarea referendumului. Toni Grebl\u0103 vorbe\u015fte de \u201edisfunc\u0163ionalit\u0103\u0163i\u201d, iar Nicu\u015for Dan acuz\u0103 c\u0103 i se pun be\u0163e \u00een roate - Buletin de Bucure\u0219ti\",\"isPartOf\":{\"@id\":\"https:\\\/\\\/buletin.de\\\/bucuresti\\\/#website\"},\"primaryImageOfPage\":{\"@id\":\"https:\\\/\\\/buletin.de\\\/bucuresti\\\/contre-pe-organizarea-referendumului-toni-grebla-vorbeste-de-disfunctionalitati-iar-nicusor-dan-acuza-ca-i-se-pun-bete-in-roate\\\/#primaryimage\"},\"image\":{\"@id\":\"https:\\\/\\\/buletin.de\\\/bucuresti\\\/contre-pe-organizarea-referendumului-toni-grebla-vorbeste-de-disfunctionalitati-iar-nicusor-dan-acuza-ca-i-se-pun-bete-in-roate\\\/#primaryimage\"},\"thumbnailUrl\":\"https:\\\/\\\/buletin.de\\\/bucuresti\\\/wp-content\\\/uploads\\\/BeFunky-collage-23.jpg\",\"datePublished\":\"2024-11-08T06:56:30+00:00\",\"dateModified\":\"2024-11-08T11:30:17+00:00\",\"description\":\"Toni Grebl\u0103, vorbe\u015fte de numeroase disfunc\u0163ionalit\u0103\u0163i \u00een ceea ce prive\u015fte organizarea referendumului Capitalei.\",\"breadcrumb\":{\"@id\":\"https:\\\/\\\/buletin.de\\\/bucuresti\\\/contre-pe-organizarea-referendumului-toni-grebla-vorbeste-de-disfunctionalitati-iar-nicusor-dan-acuza-ca-i-se-pun-bete-in-roate\\\/#breadcrumb\"},\"inLanguage\":\"en-GB\",\"potentialAction\":[{\"@type\":\"ReadAction\",\"target\":[\"https:\\\/\\\/buletin.de\\\/bucuresti\\\/contre-pe-organizarea-referendumului-toni-grebla-vorbeste-de-disfunctionalitati-iar-nicusor-dan-acuza-ca-i-se-pun-bete-in-roate\\\/\"]}]},{\"@type\":\"ImageObject\",\"inLanguage\":\"en-GB\",\"@id\":\"https:\\\/\\\/buletin.de\\\/bucuresti\\\/contre-pe-organizarea-referendumului-toni-grebla-vorbeste-de-disfunctionalitati-iar-nicusor-dan-acuza-ca-i-se-pun-bete-in-roate\\\/#primaryimage\",\"url\":\"https:\\\/\\\/buletin.de\\\/bucuresti\\\/wp-content\\\/uploads\\\/BeFunky-collage-23.jpg\",\"contentUrl\":\"https:\\\/\\\/buletin.de\\\/bucuresti\\\/wp-content\\\/uploads\\\/BeFunky-collage-23.jpg\",\"width\":2000,\"height\":2000,\"caption\":\"Contre pe organizarea referendumului, \u00eentre Nicu\u015for Dan \u015fi Toni Grebl\u0103\"},{\"@type\":\"BreadcrumbList\",\"@id\":\"https:\\\/\\\/buletin.de\\\/bucuresti\\\/contre-pe-organizarea-referendumului-toni-grebla-vorbeste-de-disfunctionalitati-iar-nicusor-dan-acuza-ca-i-se-pun-bete-in-roate\\\/#breadcrumb\",\"itemListElement\":[{\"@type\":\"ListItem\",\"position\":1,\"name\":\"Acas\u0103\",\"item\":\"https:\\\/\\\/buletin.de\\\/bucuresti\\\/\"},{\"@type\":\"ListItem\",\"position\":2,\"name\":\"Contre pe organizarea referendumului. Toni Grebl\u0103 vorbe\u015fte de \u201edisfunc\u0163ionalit\u0103\u0163i\u201d, iar Nicu\u015for Dan acuz\u0103 c\u0103 i se pun be\u0163e \u00een roate\"}]},{\"@type\":\"WebSite\",\"@id\":\"https:\\\/\\\/buletin.de\\\/bucuresti\\\/#website\",\"url\":\"https:\\\/\\\/buletin.de\\\/bucuresti\\\/\",\"name\":\"Buletin de Bucure\u0219ti\",\"description\":\"\u0218tiri \u0219i investiga\u021bii esen\u021biale din capital\u0103\",\"publisher\":{\"@id\":\"https:\\\/\\\/buletin.de\\\/bucuresti\\\/#organization\"},\"potentialAction\":[{\"@type\":\"SearchAction\",\"target\":{\"@type\":\"EntryPoint\",\"urlTemplate\":\"https:\\\/\\\/buletin.de\\\/bucuresti\\\/?s={search_term_string}\"},\"query-input\":{\"@type\":\"PropertyValueSpecification\",\"valueRequired\":true,\"valueName\":\"search_term_string\"}}],\"inLanguage\":\"en-GB\"},{\"@type\":\"Organization\",\"@id\":\"https:\\\/\\\/buletin.de\\\/bucuresti\\\/#organization\",\"name\":\"Buletin de Bucure\u0219ti\",\"url\":\"https:\\\/\\\/buletin.de\\\/bucuresti\\\/\",\"logo\":{\"@type\":\"ImageObject\",\"inLanguage\":\"en-GB\",\"@id\":\"https:\\\/\\\/buletin.de\\\/bucuresti\\\/#\\\/schema\\\/logo\\\/image\\\/\",\"url\":\"https:\\\/\\\/buletin.de\\\/bucuresti\\\/wp-content\\\/uploads\\\/logo-bdb-full-wide-vernil-transparent.png\",\"contentUrl\":\"https:\\\/\\\/buletin.de\\\/bucuresti\\\/wp-content\\\/uploads\\\/logo-bdb-full-wide-vernil-transparent.png\",\"width\":1782,\"height\":626,\"caption\":\"Buletin de Bucure\u0219ti\"},\"image\":{\"@id\":\"https:\\\/\\\/buletin.de\\\/bucuresti\\\/#\\\/schema\\\/logo\\\/image\\\/\"},\"sameAs\":[\"https:\\\/\\\/www.facebook.com\\\/buletin.de.buc\",\"https:\\\/\\\/www.instagram.com\\\/buletinde.bucuresti\\\/\"]},{\"@type\":\"Person\",\"@id\":\"https:\\\/\\\/buletin.de\\\/bucuresti\\\/#\\\/schema\\\/person\\\/2bbcf854e5f2419a13804af574d06ab1\",\"name\":\"Redac\u021bia Buletin de Bucure\u0219ti\",\"image\":{\"@type\":\"ImageObject\",\"inLanguage\":\"en-GB\",\"@id\":\"https:\\\/\\\/secure.gravatar.com\\\/avatar\\\/18c5342381ed1a08620e6280424e3e5efc958618f5d67c522c9e44c1bc6f9226?s=96&d=monsterid&r=g60c7cd0ad92c68c049fcd4bb3504d609\",\"url\":\"https:\\\/\\\/secure.gravatar.com\\\/avatar\\\/18c5342381ed1a08620e6280424e3e5efc958618f5d67c522c9e44c1bc6f9226?s=96&d=monsterid&r=g\",\"contentUrl\":\"https:\\\/\\\/secure.gravatar.com\\\/avatar\\\/18c5342381ed1a08620e6280424e3e5efc958618f5d67c522c9e44c1bc6f9226?s=96&d=monsterid&r=g\",\"caption\":\"Redac\u021bia Buletin de Bucure\u0219ti\"},\"description\":\"Buletin de Bucure\u0219ti exist\u0103 din vara anului 2019.\",\"url\":\"https:\\\/\\\/buletin.de\\\/bucuresti\\\/author\\\/adminbuletin\\\/\"}]}<\/script>\n<!-- \/ Yoast SEO Premium plugin. -->","yoast_head_json":{"title":"Contre pe organizarea referendumului. Toni Grebl\u0103 vorbe\u015fte de \u201edisfunc\u0163ionalit\u0103\u0163i\u201d, iar Nicu\u015for Dan acuz\u0103 c\u0103 i se pun be\u0163e \u00een roate - Buletin de Bucure\u0219ti","description":"Toni Grebl\u0103, vorbe\u015fte de numeroase disfunc\u0163ionalit\u0103\u0163i \u00een ceea ce prive\u015fte organizarea referendumului Capitalei.","robots":{"index":"index","follow":"follow","max-snippet":"max-snippet:-1","max-image-preview":"max-image-preview:large","max-video-preview":"max-video-preview:-1"},"canonical":"https:\/\/buletin.de\/bucuresti\/contre-pe-organizarea-referendumului-toni-grebla-vorbeste-de-disfunctionalitati-iar-nicusor-dan-acuza-ca-i-se-pun-bete-in-roate\/","og_locale":"en_GB","og_type":"article","og_title":"Contre pe organizarea referendumului. Toni Grebl\u0103 vorbe\u015fte de \u201edisfunc\u0163ionalit\u0103\u0163i\u201d, iar Nicu\u015for Dan acuz\u0103 c\u0103 i se pun be\u0163e \u00een roate","og_description":"Toni Grebl\u0103, vorbe\u015fte de numeroase disfunc\u0163ionalit\u0103\u0163i \u00een ceea ce prive\u015fte organizarea referendumului Capitalei.","og_url":"https:\/\/buletin.de\/bucuresti\/contre-pe-organizarea-referendumului-toni-grebla-vorbeste-de-disfunctionalitati-iar-nicusor-dan-acuza-ca-i-se-pun-bete-in-roate\/","og_site_name":"Buletin de Bucure\u0219ti","article_publisher":"https:\/\/www.facebook.com\/buletin.de.buc","article_published_time":"2024-11-08T06:56:30+00:00","article_modified_time":"2024-11-08T11:30:17+00:00","og_image":[{"width":2000,"height":2000,"url":"https:\/\/buletin.de\/bucuresti\/wp-content\/uploads\/BeFunky-collage-23.jpg","type":"image\/jpeg"}],"author":"Redac\u021bia Buletin de Bucure\u0219ti","twitter_card":"summary_large_image","twitter_misc":{"Written by":"Redac\u021bia Buletin de Bucure\u0219ti","Estimated reading time":"3 minutes"},"schema":{"@context":"https:\/\/schema.org","@graph":[{"@type":"Article","@id":"https:\/\/buletin.de\/bucuresti\/contre-pe-organizarea-referendumului-toni-grebla-vorbeste-de-disfunctionalitati-iar-nicusor-dan-acuza-ca-i-se-pun-bete-in-roate\/#article","isPartOf":{"@id":"https:\/\/buletin.de\/bucuresti\/contre-pe-organizarea-referendumului-toni-grebla-vorbeste-de-disfunctionalitati-iar-nicusor-dan-acuza-ca-i-se-pun-bete-in-roate\/"},"author":{"name":"Redac\u021bia Buletin de Bucure\u0219ti","@id":"https:\/\/buletin.de\/bucuresti\/#\/schema\/person\/2bbcf854e5f2419a13804af574d06ab1"},"headline":"Contre pe organizarea referendumului. Toni Grebl\u0103 vorbe\u015fte de \u201edisfunc\u0163ionalit\u0103\u0163i\u201d, iar Nicu\u015for Dan acuz\u0103 c\u0103 i se pun be\u0163e \u00een roate","datePublished":"2024-11-08T06:56:30+00:00","dateModified":"2024-11-08T11:30:17+00:00","mainEntityOfPage":{"@id":"https:\/\/buletin.de\/bucuresti\/contre-pe-organizarea-referendumului-toni-grebla-vorbeste-de-disfunctionalitati-iar-nicusor-dan-acuza-ca-i-se-pun-bete-in-roate\/"},"wordCount":646,"publisher":{"@id":"https:\/\/buletin.de\/bucuresti\/#organization"},"image":{"@id":"https:\/\/buletin.de\/bucuresti\/contre-pe-organizarea-referendumului-toni-grebla-vorbeste-de-disfunctionalitati-iar-nicusor-dan-acuza-ca-i-se-pun-bete-in-roate\/#primaryimage"},"thumbnailUrl":"https:\/\/buletin.de\/bucuresti\/wp-content\/uploads\/BeFunky-collage-23.jpg","keywords":["aep","nicusor dan","primaria capitalei","referendum bucuresti","scandal referendum","toni grebla"],"articleSection":["Articole","Main","Politic"],"inLanguage":"en-GB","copyrightYear":"2024","copyrightHolder":{"@id":"https:\/\/buletin.de\/bucuresti\/#organization"}},{"@type":"WebPage","@id":"https:\/\/buletin.de\/bucuresti\/contre-pe-organizarea-referendumului-toni-grebla-vorbeste-de-disfunctionalitati-iar-nicusor-dan-acuza-ca-i-se-pun-bete-in-roate\/","url":"https:\/\/buletin.de\/bucuresti\/contre-pe-organizarea-referendumului-toni-grebla-vorbeste-de-disfunctionalitati-iar-nicusor-dan-acuza-ca-i-se-pun-bete-in-roate\/","name":"Contre pe organizarea referendumului. Toni Grebl\u0103 vorbe\u015fte de \u201edisfunc\u0163ionalit\u0103\u0163i\u201d, iar Nicu\u015for Dan acuz\u0103 c\u0103 i se pun be\u0163e \u00een roate - Buletin de Bucure\u0219ti","isPartOf":{"@id":"https:\/\/buletin.de\/bucuresti\/#website"},"primaryImageOfPage":{"@id":"https:\/\/buletin.de\/bucuresti\/contre-pe-organizarea-referendumului-toni-grebla-vorbeste-de-disfunctionalitati-iar-nicusor-dan-acuza-ca-i-se-pun-bete-in-roate\/#primaryimage"},"image":{"@id":"https:\/\/buletin.de\/bucuresti\/contre-pe-organizarea-referendumului-toni-grebla-vorbeste-de-disfunctionalitati-iar-nicusor-dan-acuza-ca-i-se-pun-bete-in-roate\/#primaryimage"},"thumbnailUrl":"https:\/\/buletin.de\/bucuresti\/wp-content\/uploads\/BeFunky-collage-23.jpg","datePublished":"2024-11-08T06:56:30+00:00","dateModified":"2024-11-08T11:30:17+00:00","description":"Toni Grebl\u0103, vorbe\u015fte de numeroase disfunc\u0163ionalit\u0103\u0163i \u00een ceea ce prive\u015fte organizarea referendumului Capitalei.","breadcrumb":{"@id":"https:\/\/buletin.de\/bucuresti\/contre-pe-organizarea-referendumului-toni-grebla-vorbeste-de-disfunctionalitati-iar-nicusor-dan-acuza-ca-i-se-pun-bete-in-roate\/#breadcrumb"},"inLanguage":"en-GB","potentialAction":[{"@type":"ReadAction","target":["https:\/\/buletin.de\/bucuresti\/contre-pe-organizarea-referendumului-toni-grebla-vorbeste-de-disfunctionalitati-iar-nicusor-dan-acuza-ca-i-se-pun-bete-in-roate\/"]}]},{"@type":"ImageObject","inLanguage":"en-GB","@id":"https:\/\/buletin.de\/bucuresti\/contre-pe-organizarea-referendumului-toni-grebla-vorbeste-de-disfunctionalitati-iar-nicusor-dan-acuza-ca-i-se-pun-bete-in-roate\/#primaryimage","url":"https:\/\/buletin.de\/bucuresti\/wp-content\/uploads\/BeFunky-collage-23.jpg","contentUrl":"https:\/\/buletin.de\/bucuresti\/wp-content\/uploads\/BeFunky-collage-23.jpg","width":2000,"height":2000,"caption":"Contre pe organizarea referendumului, \u00eentre Nicu\u015for Dan \u015fi Toni Grebl\u0103"},{"@type":"BreadcrumbList","@id":"https:\/\/buletin.de\/bucuresti\/contre-pe-organizarea-referendumului-toni-grebla-vorbeste-de-disfunctionalitati-iar-nicusor-dan-acuza-ca-i-se-pun-bete-in-roate\/#breadcrumb","itemListElement":[{"@type":"ListItem","position":1,"name":"Acas\u0103","item":"https:\/\/buletin.de\/bucuresti\/"},{"@type":"ListItem","position":2,"name":"Contre pe organizarea referendumului. Toni Grebl\u0103 vorbe\u015fte de \u201edisfunc\u0163ionalit\u0103\u0163i\u201d, iar Nicu\u015for Dan acuz\u0103 c\u0103 i se pun be\u0163e \u00een roate"}]},{"@type":"WebSite","@id":"https:\/\/buletin.de\/bucuresti\/#website","url":"https:\/\/buletin.de\/bucuresti\/","name":"Buletin de Bucure\u0219ti","description":"\u0218tiri \u0219i investiga\u021bii esen\u021biale din capital\u0103","publisher":{"@id":"https:\/\/buletin.de\/bucuresti\/#organization"},"potentialAction":[{"@type":"SearchAction","target":{"@type":"EntryPoint","urlTemplate":"https:\/\/buletin.de\/bucuresti\/?s={search_term_string}"},"query-input":{"@type":"PropertyValueSpecification","valueRequired":true,"valueName":"search_term_string"}}],"inLanguage":"en-GB"},{"@type":"Organization","@id":"https:\/\/buletin.de\/bucuresti\/#organization","name":"Buletin de Bucure\u0219ti","url":"https:\/\/buletin.de\/bucuresti\/","logo":{"@type":"ImageObject","inLanguage":"en-GB","@id":"https:\/\/buletin.de\/bucuresti\/#\/schema\/logo\/image\/","url":"https:\/\/buletin.de\/bucuresti\/wp-content\/uploads\/logo-bdb-full-wide-vernil-transparent.png","contentUrl":"https:\/\/buletin.de\/bucuresti\/wp-content\/uploads\/logo-bdb-full-wide-vernil-transparent.png","width":1782,"height":626,"caption":"Buletin de Bucure\u0219ti"},"image":{"@id":"https:\/\/buletin.de\/bucuresti\/#\/schema\/logo\/image\/"},"sameAs":["https:\/\/www.facebook.com\/buletin.de.buc","https:\/\/www.instagram.com\/buletinde.bucuresti\/"]},{"@type":"Person","@id":"https:\/\/buletin.de\/bucuresti\/#\/schema\/person\/2bbcf854e5f2419a13804af574d06ab1","name":"Redac\u021bia Buletin de Bucure\u0219ti","image":{"@type":"ImageObject","inLanguage":"en-GB","@id":"https:\/\/secure.gravatar.com\/avatar\/18c5342381ed1a08620e6280424e3e5efc958618f5d67c522c9e44c1bc6f9226?s=96&d=monsterid&r=g60c7cd0ad92c68c049fcd4bb3504d609","url":"https:\/\/secure.gravatar.com\/avatar\/18c5342381ed1a08620e6280424e3e5efc958618f5d67c522c9e44c1bc6f9226?s=96&d=monsterid&r=g","contentUrl":"https:\/\/secure.gravatar.com\/avatar\/18c5342381ed1a08620e6280424e3e5efc958618f5d67c522c9e44c1bc6f9226?s=96&d=monsterid&r=g","caption":"Redac\u021bia Buletin de Bucure\u0219ti"},"description":"Buletin de Bucure\u0219ti exist\u0103 din vara anului 2019.","url":"https:\/\/buletin.de\/bucuresti\/author\/adminbuletin\/"}]}},"authors":[{"term_id":22583,"user_id":1,"is_guest":0,"slug":"adminbuletin","display_name":"Redac\u021bia Buletin de Bucure\u0219ti","avatar_url":"https:\/\/secure.gravatar.com\/avatar\/18c5342381ed1a08620e6280424e3e5efc958618f5d67c522c9e44c1bc6f9226?s=96&d=monsterid&r=g","0":null,"1":"","2":"","3":"","4":"","5":"","6":"","7":"","8":""}],"_links":{"self":[{"href":"https:\/\/buletin.de\/bucuresti\/wp-json\/wp\/v2\/posts\/105556","targetHints":{"allow":["GET"]}}],"collection":[{"href":"https:\/\/buletin.de\/bucuresti\/wp-json\/wp\/v2\/posts"}],"about":[{"href":"https:\/\/buletin.de\/bucuresti\/wp-json\/wp\/v2\/types\/post"}],"author":[{"embeddable":true,"href":"https:\/\/buletin.de\/bucuresti\/wp-json\/wp\/v2\/users\/1"}],"replies":[{"embeddable":true,"href":"https:\/\/buletin.de\/bucuresti\/wp-json\/wp\/v2\/comments?post=105556"}],"version-history":[{"count":2,"href":"https:\/\/buletin.de\/bucuresti\/wp-json\/wp\/v2\/posts\/105556\/revisions"}],"predecessor-version":[{"id":105558,"href":"https:\/\/buletin.de\/bucuresti\/wp-json\/wp\/v2\/posts\/105556\/revisions\/105558"}],"wp:featuredmedia":[{"embeddable":true,"href":"https:\/\/buletin.de\/bucuresti\/wp-json\/wp\/v2\/media\/43268"}],"wp:attachment":[{"href":"https:\/\/buletin.de\/bucuresti\/wp-json\/wp\/v2\/media?parent=105556"}],"wp:term":[{"taxonomy":"category","embeddable":true,"href":"https:\/\/buletin.de\/bucuresti\/wp-json\/wp\/v2\/categories?post=105556"},{"taxonomy":"post_tag","embeddable":true,"href":"https:\/\/buletin.de\/bucuresti\/wp-json\/wp\/v2\/tags?post=105556"},{"taxonomy":"author","embeddable":true,"href":"https:\/\/buletin.de\/bucuresti\/wp-json\/wp\/v2\/ppma_author?post=105556"}],"curies":[{"name":"wp","href":"https:\/\/api.w.org\/{rel}","templated":true}]}}