{"id":105513,"date":"2024-11-07T20:18:08","date_gmt":"2024-11-07T17:18:08","guid":{"rendered":"https:\/\/buletin.de\/bucuresti\/?p=105513"},"modified":"2026-02-01T14:14:08","modified_gmt":"2026-02-01T11:14:08","slug":"datele-furate-de-la-primaria-sectorului-5-scoase-la-vanzare-de-hackeri-200-000-de-persoane-afectate-plus-alte-sisteme-conectate-la-ministerul-de-interne","status":"publish","type":"post","link":"https:\/\/buletin.de\/bucuresti\/datele-furate-de-la-primaria-sectorului-5-scoase-la-vanzare-de-hackeri-200-000-de-persoane-afectate-plus-alte-sisteme-conectate-la-ministerul-de-interne\/","title":{"rendered":"Datele furate de la Prim\u0103ria Sectorului 5, scoase la v\u00e2nzare de hackeri. 200.000 de persoane afectate, plus alte sisteme conectate la Ministerul de Interne"},"content":{"rendered":"\n<p><strong>O baz\u0103 de date cu informa\u021biile a aproximativ 200.000 de locuitori din Sectorul 5, dar \u0219i alte seturi de date din sisteme conectate la Ministerul de Interne au fost deja puse la v\u00e2nzare de c\u0103tre o grupare de hackeri cunoscut\u0103 interna\u021bional, numit\u0103 RansomHub. Ace\u0219tia au anun\u021bat c\u0103 nu s-au \u00een\u021beles cu Prim\u0103ria Sectorului 5 (PS5), dup\u0103 ce au furat informa\u021biile <a href=\"https:\/\/buletin.de\/bucuresti\/primaria-sectorului-5-atacata-cibernetic-hackerii-cer-1-milion-de-dolari-rascumparare\/\">\u00een urma atacului cibernetic din 26 octombrie.<\/a><\/strong> <strong>Specialistul \u00een cybersecurity Bogdan Albei, de la <a href=\"http:\/\/stop-ransomware.ro\">stop-ransomware.ro<\/a>, a explicat pentru Buletin de Bucure\u0219ti c\u0103 hackerii au publicat deja pe DarkWeb o mic\u0103 parte dintre date drept dovezi<\/strong>.<\/p>\n\n\n\n<p>CITE\u0218TE \u0218I<a href=\"https:\/\/buletin.de\/bucuresti\/exclusiv-datele-de-la-s5-furate-de-hackeri-ar-contine-si-conversatii-audio-ale-angajatilor-atacatorii-luati-peste-picior-de-negociatorul-institutiei-nu-este-cam-mult-pentru-o-reteta-de\/\"> EXCLUSIV | Datele furate de la Sectorul 5 ar con\u021bine \u0219i conversa\u021bii audio ale angaja\u021bilor. Atacatorii, lua\u021bi peste picior de negociatorul institu\u021biei: \u201eNu este cam mult pentru o re\u021bet\u0103 de cl\u0103tite?\u201d<\/a><\/p>\n\n\n\n<p><em>\u201eAm purtat negocieri timp de o s\u0103pt\u0103m\u00e2n\u0103, \u00eens\u0103, din p\u0103cate, nu am reu\u0219it s\u0103 ajungem la un acord\u201d<\/em>, a transmis gruparea de hackeri.<\/p>\n\n\n\n<p><strong>CITE\u0218TE \u0218I:<\/strong> <strong><a href=\"https:\/\/buletin.de\/bucuresti\/primaria-sectorului-5-atacata-cibernetic-hackerii-cer-1-milion-de-dolari-rascumparare\/\">Prim\u0103ria Sectorului 5, atacat\u0103 cibernetic. Hackerii cer 1 milion de dolari r\u0103scump\u0103rare<\/a><\/strong><\/p>\n\n\n\n<h2 class=\"wp-block-heading\" id=\"h-datele-furate-de-la-primaria-sectorului-5-scoase-la-vanzare-de-hackeri\"><strong>Datele furate de la Prim\u0103ria Sectorului 5, scoase la v\u00e2nzare de hackeri<\/strong><\/h2>\n\n\n\n<p>Atacul cibernetic a avut loc s\u00e2mb\u0103t\u0103, 26 octombrie, dup\u0103 cum a mai scris Buletin de Bucure\u0219ti <strong><a href=\"https:\/\/buletin.de\/bucuresti\/primaria-sectorului-5-atacata-cibernetic-hackerii-cer-1-milion-de-dolari-rascumparare\/\">AICI<\/a><\/strong>. Primarul Cristian Popescu Piedone, \u00eenc\u0103 \u00een func\u021bie, spunea atunci c\u0103 \u201e<em>nu voi ceda \u00een fa\u0163a unor astfel de atacuri \u015fi nu voi pl\u0103ti suma cerut\u0103 de terori\u015ftii cibernetici<\/em>\u201d.<\/p>\n\n\n\n<p>De\u0219i Piedone spunea c\u0103 bre\u0219a de securitate se va rezolva \u00een perioada imediat urm\u0103toare \u0219i i-a mul\u021bumit ministrului Cercet\u0103rii, Inov\u0103rii \u015fi Digitaliz\u0103rii, Bogdan Ivan, \u201e<em>pentru c\u0103 a intervenit prompt<\/em>\u201d, situa\u021bia actual\u0103, f\u0103cut\u0103 public\u0103 de expertul Bogdan Albei, arat\u0103 c\u0103 problema a c\u0103p\u0103tat propor\u021bii. <\/p>\n\n\n\n<p>Datele personale a 200.000 de locuitori din Sectorul 5 se afl\u0103 la v\u00e2nzare deja pe DarkWeb, o parte a internetului care nu este indexat\u0103 de motoarele de c\u0103utare tradi\u021bionale precum Google. Aceasta se acceseaz\u0103 prin intermediul unor re\u021bele speciale, care cripteaz\u0103 traficul \u0219i ascunde identitatea utilizatorilor.<\/p>\n\n\n\n<figure class=\"wp-block-image size-full\"><a href=\"https:\/\/buletin.de\/bucuresti\/wp-content\/uploads\/Hackeri-ransomhub.jpeg\"><img fetchpriority=\"high\" decoding=\"async\" width=\"1112\" height=\"685\" src=\"data:image\/gif;base64,R0lGODlhAQABAAAAACH5BAEKAAEALAAAAAABAAEAAAICTAEAOw==\" data-src=\"https:\/\/buletin.de\/bucuresti\/wp-content\/uploads\/Hackeri-ransomhub.jpeg\" alt=\"Anun\u021bul grup\u0103rii RansomHub despre datele furate de la Prim\u0103ria Sectorului 5, publicat pe DarkWeb \u0219i publicat pe LinkedIn de expertul Bogdan Albei\" class=\"wp-image-105515 lazyload\" data-sizes=\"auto\" data-srcset=\"https:\/\/buletin.de\/bucuresti\/wp-content\/uploads\/Hackeri-ransomhub.jpeg 1112w, https:\/\/buletin.de\/bucuresti\/wp-content\/uploads\/Hackeri-ransomhub-300x185.jpeg 300w, https:\/\/buletin.de\/bucuresti\/wp-content\/uploads\/Hackeri-ransomhub-900x554.jpeg 900w, https:\/\/buletin.de\/bucuresti\/wp-content\/uploads\/Hackeri-ransomhub-768x473.jpeg 768w, https:\/\/buletin.de\/bucuresti\/wp-content\/uploads\/Hackeri-ransomhub-1100x678.jpeg 1100w, https:\/\/buletin.de\/bucuresti\/wp-content\/uploads\/Hackeri-ransomhub-600x370.jpeg 600w, https:\/\/buletin.de\/bucuresti\/wp-content\/uploads\/Hackeri-ransomhub-20x12.jpeg 20w\" sizes=\"(max-width: 1112px) 100vw, 1112px\" \/><\/a><figcaption class=\"wp-element-caption\">Anun\u021bul grup\u0103rii RansomHub despre datele furate de la Prim\u0103ria Sectorului 5, publicat pe DarkWeb \u0219i dezv\u0103luit pe LinkedIn de expertul Bogdan Albei<\/figcaption><\/figure>\n\n\n\n<p>Mai mult, hackerii au luat \u00een calcul \u015fi varianta \u00een care cei ataca\u0163i se adreseaz\u0103 autorit\u0103\u0163ilor. A avertizat prim\u0103ria c\u0103 vor trebui s\u0103 pl\u0103teasc\u0103 o amend\u0103 pentru faptul c\u0103 nu au securizat datele personale care intr\u0103 sub inciden\u0163a GDPR.<\/p>\n\n\n\n<blockquote class=\"wp-block-quote is-layout-flow wp-block-quote-is-layout-flow\">\n<p>Dac\u0103 merge\u0163i la autorit\u0103\u0163i, nu ve\u0163i face dec\u00e2t s\u0103 \u00eenr\u0103ut\u0103\u021bi\u021bi situa\u0163ia. Ei vor \u00eencerca s\u0103 v\u0103 \u00eempiedice s\u0103 negocia\u0163i cu noi, pentru c\u0103 aceste negocieri i-ar face s\u0103 par\u0103 incompeten\u0163i. \u00cen plus, ve\u0163i fi amenda\u0163i conform legisla\u0163iei GDPR \u00een vigoare.<\/p>\n<cite>Hackerii RansomHub<\/cite><\/blockquote>\n\n\n\n<p><strong>Specialistul Bogdan Albei, de la <a href=\"http:\/\/stop-ransomware.ro\">stop-ransomware.ro<\/a>,  este cel care a descoperit anun\u021bul pe DarkWeb. El a explicat, pentru Buletin de Bucure\u0219ti, c\u0103 hackerii au publicat doar o mic\u0103 parte dintre date drept dovezi, iar acum le-au pus la v\u00e2nzare \u0219i a\u0219teapt\u0103 poten\u021biali cump\u0103r\u0103tori, pentru a ob\u021bine profit din acest atac.<\/strong><\/p>\n\n\n\n<p><em>\u201eO s\u0103 \u00eencerce probabil mai \u00eent\u00e2i s\u0103 le v\u00e2nd\u0103, s\u0103 ob\u021bin\u0103 ceva profit \u0219i abia apoi, dac\u0103 nu reu\u0219esc nimic, probabil c\u0103 o s\u0103 le dea la liber\u201d<\/em>, a explicat expertul.<\/p>\n\n\n\n<p>El a afirmat c\u0103, de\u0219i anun\u021bul grup\u0103rii a fost f\u0103cut pe DarkWeb, \u201e<em>nu trebuie s\u0103 fii hacker sau specialist \u00een CyberSecurity ca s\u0103 accesezi un astfel de site<\/em>\u201d \u0219i c\u0103 sunt multe persoane care pot face asta.<\/p>\n\n\n\n<figure class=\"wp-block-image size-full\"><a href=\"https:\/\/buletin.de\/bucuresti\/wp-content\/uploads\/hacker-ransomhub-2.jpeg\"><img decoding=\"async\" width=\"1110\" height=\"716\" src=\"data:image\/gif;base64,R0lGODlhAQABAAAAACH5BAEKAAEALAAAAAABAAEAAAICTAEAOw==\" data-src=\"https:\/\/buletin.de\/bucuresti\/wp-content\/uploads\/hacker-ransomhub-2.jpeg\" alt=\"O parte din datele furate de la Prim\u0103ria Sectorului 5, publicate de hackeri pe DarkWeb\" class=\"wp-image-105514 lazyload\" data-sizes=\"auto\" data-srcset=\"https:\/\/buletin.de\/bucuresti\/wp-content\/uploads\/hacker-ransomhub-2.jpeg 1110w, https:\/\/buletin.de\/bucuresti\/wp-content\/uploads\/hacker-ransomhub-2-300x194.jpeg 300w, https:\/\/buletin.de\/bucuresti\/wp-content\/uploads\/hacker-ransomhub-2-900x581.jpeg 900w, https:\/\/buletin.de\/bucuresti\/wp-content\/uploads\/hacker-ransomhub-2-768x495.jpeg 768w, https:\/\/buletin.de\/bucuresti\/wp-content\/uploads\/hacker-ransomhub-2-1100x710.jpeg 1100w, https:\/\/buletin.de\/bucuresti\/wp-content\/uploads\/hacker-ransomhub-2-600x387.jpeg 600w, https:\/\/buletin.de\/bucuresti\/wp-content\/uploads\/hacker-ransomhub-2-20x13.jpeg 20w\" sizes=\"(max-width: 1110px) 100vw, 1110px\" \/><\/a><figcaption class=\"wp-element-caption\">O parte din datele furate de la Prim\u0103ria Sectorului 5, publicate de hackeri pe DarkWeb<\/figcaption><\/figure>\n\n\n\n<p><strong>El a mai explicat c\u0103 gruparea a avut acces la unele sisteme \u201edestul de critice\u201d, precum cel al Direc\u021biei Regim Permise de Conducere \u0219i \u00cenmatriculare a Vehiculelor (DRPCIV), iar astfel, hackerii ar putea avea inclusiv numerele de \u00eenmatriculare ale ma\u0219inilor.<\/strong><\/p>\n\n\n\n<p><em>\u201eAm v\u0103zut, de exemplu, baza de date cu cei care de\u021bin locuri de parcare \u00een Sectorul 5. Asta \u00eensemn\u00e2nd persoan\u0103, num\u0103r de telefon, num\u0103rul locului de parcare. Au avut acces la ni\u0219te sisteme informatice care sunt dincolo de Prim\u0103ria Sectorului 5. Deci practic sisteme informatice care erau conectate la Prim\u0103ria Sectorului 5\u201d<\/em>, a mai explicat Albei.<\/p>\n\n\n\n<h2 class=\"wp-block-heading\" id=\"h-gruparea-a-pus-la-vanzare-datele-cat-ar-putea-costa-o-astfel-de-afacere\"><strong>Gruparea a pus la v\u00e2nzare datele. C\u00e2t ar putea costa o astfel de \u201eafacere\u201d<\/strong><\/h2>\n\n\n\n<p>Pre\u021burile pentru astfel de pachete cu date difer\u0103 \u00een func\u021bie de volumul lor, iar valoare este stabilit\u0103 \u0219i \u00een baza sensibilit\u0103\u021bii informa\u021biilor.<\/p>\n\n\n\n<blockquote class=\"wp-block-quote is-layout-flow wp-block-quote-is-layout-flow\">\n<p><em>\u00cen negocierea ini\u021bial\u0103 care s-a purtat \u00eentre prim\u0103rie \u0219i gruparea de hackeri RansomHub, oferta ajunsese undeva la 150.000 de euro. Deci pentru 150.000 de euro s-ar fi \u00eenchis cazul<\/em>.<\/p>\n<cite>Bogdan Albei, expert \u00een securitate cibernetic\u0103<\/cite><\/blockquote>\n\n\n\n<p>Ini\u021bial, primarul Piedone declarase c\u0103 ar fi fost vorba de un pre\u021b de aproximativ 5 milioane de euro cerut de RansomHub, conform <a href=\"https:\/\/www.digi24.ro\/digieconomic\/digital\/primaria-sectorului-5-a-devenit-tinta-unui-atac-cibernetic-primarul-nu-este-dispus-sa-plateasca-rascumpararea-uriasa-ceruta-de-hackeri-34479\">Digi24<\/a>, \u00eens\u0103 expertul a afirmat c\u0103 acesta este un zvon \u0219i c\u0103 \u201epre\u021bul de pornire ar fi fost undeva la un milion de euro\u201d.<\/p>\n\n\n\n<p>C\u00e2t despre garan\u021bia c\u0103 hackerii ar fi putut \u0219terge datele \u00een urma unei pl\u0103\u021bi f\u0103cute de PS5, expertul \u00een securitate cibernetic\u0103 a explicat c\u0103 nu exist\u0103 niciun fel de siguran\u021b\u0103, pentru c\u0103 ele ajung s\u0103 fie stocate pe sisteme care nu pot fi controlate dec\u00e2t de hackeri.&nbsp;<\/p>\n\n\n\n<p>Cu toate acestea, el a declarat c\u0103 grup\u0103rile de hackeri cunoscute la nivel mondial \u021bin la reputa\u021bia lor.<\/p>\n\n\n\n<blockquote class=\"wp-block-quote is-layout-flow wp-block-quote-is-layout-flow\">\n<p><em>Dac\u0103 spun c\u0103 \u0219terg datele, le \u0219terg. Dac\u0103 spun c\u0103-\u021bi dau cheia de decriptare, ca s\u0103-\u021bi recuperezi sistemele, \u00ee\u021bi dau cheia de decriptare. Dac\u0103 \u00ee\u021bi promit c\u0103 nu te vor mai ataca \u00een viitor, nu te mai atac\u0103<\/em>.<\/p>\n<cite>Bogdan Albei, expert \u00een securitate cibernetic\u0103<\/cite><\/blockquote>\n\n\n\n<p>Dac\u0103 nu s-ar \u021bine de cuv\u00e2nt, grup\u0103rile \u0219i-ar pierde reputa\u021bia, a explicat expertul, iar de cele mai multe ori se \u021bin de cuv\u00e2nt pentru a avea credibilitate, pentru c\u0103 institu\u021biile vizate de atacurile lor nu i-ar mai pl\u0103ti \u00een viitor dac\u0103 nu \u00ee\u0219i respect\u0103 promisiunile.<\/p>\n\n\n\n<h2 class=\"wp-block-heading\" id=\"h-expert-datele-ceta\u021benilor-vor-fi-probabil-publicate-ce-riscuri-exista-pentru-locuitorii-sectorului-5\"><strong>Expert: \u201eDatele cet\u0103\u021benilor vor fi probabil publicate\u201d. Ce riscuri exist\u0103 pentru locuitorii Sectorului 5<\/strong><\/h2>\n\n\n\n<p><strong>Expertul se a\u0219teapt\u0103 ca \u00een urm\u0103toarea s\u0103pt\u0103m\u00e2n\u0103 s\u0103 fie publicate datele celor aproximativ 200.000 de cet\u0103\u021beni din Sectorul 5 \u0219i a argumentat c\u0103, \u00een astfel de cazuri, nu se \u00eent\u00e2mpl\u0103 s\u0103 existe un deznod\u0103m\u00e2nt fericit pentru cei c\u0103rora le-au fost furate datele.<\/strong><\/p>\n\n\n\n<blockquote class=\"wp-block-quote is-layout-flow wp-block-quote-is-layout-flow\">\n<p><em>\u00cen 99% din cazuri a\u0219a s-a \u00eent\u00e2mplat, nu o s\u0103 le r\u0103scumpere nimeni. Deci nu \u00eei va \u00eempiedica nimeni pe hackeri s\u0103 le publice<\/em>.<\/p>\n<\/blockquote>\n\n\n\n<p>Albei avertizeaz\u0103 c\u0103, odat\u0103 ce aceste date devin publice, ar putea exista consecin\u021be majore pentru cet\u0103\u021beni, inclusiv riscul de furt de identitate \u0219i fraude bancare.<\/p>\n\n\n\n<p><strong>Datele furate ar putea fi folosite pentru a ob\u021bine credite bancare \u00een numele persoanelor afectate, lucru care s-a \u00eent\u00e2mplat \u00een trecut \u00een cazuri similare \u00een Rom\u00e2nia.<\/strong><\/p>\n\n\n\n<p>\u201e<em>Cu datele astea te po\u021bi duce la o institu\u021bie nebancar\u0103 s\u0103 ob\u021bii un credit. \u0218i sunt sute, mii, sau probabil zeci de mii de cet\u0103\u021beni care au p\u0103\u021bit asta \u00een Rom\u00e2nia<\/em>\u201d, a mai afirmat specialistul.<\/p>\n\n\n\n<h2 class=\"wp-block-heading\" id=\"h-cum-au-ajuns-datele-la-hackeri-\u0219i-ce-sanc\u021biune-risca-primaria-sectorului-5\"><strong>Cum au ajuns datele la hackeri \u0219i ce sanc\u021biune risc\u0103 Prim\u0103ria Sectorului 5<\/strong><\/h2>\n\n\n\n<p>De\u0219i a spus c\u0103 institu\u021bia ar trebui s\u0103 primeasc\u0103 o amend\u0103 ustur\u0103toare din partea Autorit\u0103\u021bii Na\u0163ionale de Supraveghere a Prelucr\u0103rii Datelor cu Caracter Personal (ANSPDCP), exist\u0103 \u0219anse mult mai mari ca prim\u0103ria condus\u0103 ast\u0103zi de fiul lui Cristian Popescu Piedone, Vlad Piedone, s\u0103 primeasc\u0103 doar o amend\u0103 simbolic\u0103.<\/p>\n\n\n\n<p><em>\u201eDac\u0103 le dau 10.000 euro pentru prim\u0103rie, nu cred c\u0103 va fi mare lucru. Cu siguran\u021b\u0103, pentru a respecta procedurile vor primi o amend\u0103. Dar nu m\u0103 a\u0219tept s\u0103 fie o amend\u0103 foarte mare\u201d<\/em>, a declarat Bogdan Albei.&nbsp;<\/p>\n\n\n\n<p><strong>Expertul subliniaz\u0103 c\u0103 exist\u0103 dou\u0103 posibile cauze ale bre\u0219ei: erori umane, cum ar fi deschiderea unor e-mailuri de tip phishing sau accesarea de linkuri suspecte de c\u0103tre angaja\u021bii prim\u0103riei, dar \u0219i vulnerabilit\u0103\u021bi ale sistemelor IT, care nu sunt protejate corespunz\u0103tor \u00eempotriva amenin\u021b\u0103rilor cibernetice, cum ar fi serverele, routerele \u0219i altele.<\/strong><\/p>\n\n\n\n<h2 class=\"wp-block-heading\" id=\"h-gruparea-ransomhub-cunoscuta-la-nivel-mondial\"><strong>Gruparea RansomHub, cunoscut\u0103 la nivel mondial<\/strong><\/h2>\n\n\n\n<p>RansomHub este o variant\u0103 de ransomware-as-a-service (RaaS), cunoscut\u0103 anterior sub denumirile de Cyclops \u0219i Knight, care a c\u00e2\u0219tigat rapid notorietate \u00een 2024, dup\u0103 atacuri succesive, conform Agen\u021biei pentru Securitate Cibernetic\u0103 a Statelor Unite.<\/p>\n\n\n\n<p>Potrivit unui avertisment comun emis de mai multe institu\u021bii americane, printre care FBI, Agen\u021bia pentru Securitate Cibernetic\u0103 \u0219i Securitate a Infrastructurii (CISA), Centrul Multi-State de Partajare \u0219i Analiz\u0103 a Informa\u021biilor (MS-ISAC) \u0219i Departamentul de S\u0103n\u0103tate \u0219i Servicii Umane (HHS), RansomHub a devenit una dintre amenin\u021b\u0103rile cibernetice de top din ultimele luni. De la \u00eenceputul anului 2024, RansomHub a compromis cel pu\u021bin 210 victime din sectoare critice, precum servicii guvernamentale, s\u0103n\u0103tate public\u0103, tehnologia informa\u021biei, ap\u0103 \u0219i canalizare, servicii financiare, produc\u021bie \u0219i comunica\u021bii.<\/p>\n\n\n\n<p>Grupul opereaz\u0103 printr-un model de dubl\u0103 extorcare, conform institu\u021biilor americane, cripteaz\u0103 sistemele victimei \u0219i filtreaz\u0103 datele, iar apoi cer r\u0103scump\u0103r\u0103ri pentru a preveni publicarea lor.&nbsp;<\/p>\n\n\n\n<p>Termenul pentru plata r\u0103scump\u0103r\u0103rii variaz\u0103 \u00eentre trei \u0219i 90 de zile. Dac\u0103 nu se ajunge la un acord, RansomHub urmeaz\u0103 s\u0103 publice datele pe propriul site de pe DarkWeb.<\/p>\n\n\n\n<p>Redac\u021bia Buletin de Bucure\u0219ti s-a adresat \u00een scris Prim\u0103riei Sectorului 5, Autorit\u0103\u021bii Na\u021bionale de Supraveghere a Prelucr\u0103rii Datelor cu Caracter Personal \u0219i Directoratul Na\u021bional de Securitate Cibernetic\u0103 cu privire la situa\u021bia \u00een cauz\u0103. C\u00e2nd vom primi r\u0103spunsuri, le vom publica de \u00eendat\u0103.<\/p>\n\n\n\n<p><em>A contribuit <\/em><strong><em>C\u0103t\u0103lin Dosca\u0219<\/em><\/strong>.<\/p>\n\n\n\n<p><strong>CITE\u0218TE \u0218I:<\/strong> <strong><a href=\"https:\/\/buletin.de\/bucuresti\/cristian-popescu-piedone-este-inca-primar-la-sectorul-5-cel-putin-pe-site\/\">Cristian Popescu Piedone este \u00eenc\u0103 primar la Sectorul 5. Cel pu\u021bin pe site<\/a><\/strong><\/p>\n","protected":false},"excerpt":{"rendered":"<p>O baz\u0103 de date cu informa\u021biile a aproximativ 200.000 de locuitori din Sectorul 5, dar \u0219i alte seturi de date din sisteme conectate la Ministerul de Interne au fost deja puse la v\u00e2nzare de c\u0103tre o grupare de hackeri cunoscut\u0103 interna\u021bional, numit\u0103 RansomHub. Ace\u0219tia au anun\u021bat c\u0103 nu s-au \u00een\u021beles cu Prim\u0103ria Sectorului 5 (PS5), [&hellip;]<\/p>\n","protected":false},"author":59,"featured_media":105517,"comment_status":"closed","ping_status":"open","sticky":false,"template":"","format":"standard","meta":{"_acf_changed":false,"inline_featured_image":false,"ngg_post_thumbnail":0,"footnotes":""},"categories":[6994,9026,5762,24],"tags":[16680,16678,2063,2779,16681,2136,16679,1103,188,16677],"ppma_author":[22572],"class_list":["post-105513","post","type-post","status-publish","format-standard","has-post-thumbnail","hentry","category-stiri-2","category-eveniment","category-main","category-primarie","tag-atac-cibernetic","tag-bresa-de-securitate","tag-bucuresti-2","tag-capitala-2","tag-cybersecurity","tag-date","tag-hackeri","tag-piedone","tag-sector-5","tag-securitate-cibernetica-2"],"acf":[],"yoast_head":"<!-- This site is optimized with the Yoast SEO Premium plugin v25.3 (Yoast SEO v27.4) - https:\/\/yoast.com\/product\/yoast-seo-premium-wordpress\/ -->\n<title>Datele furate de la Prim\u0103ria Sectorului 5, scoase la v\u00e2nzare de hackeri. 200.000 de persoane afectate, plus alte sisteme conectate la Ministerul de Interne - Buletin de Bucure\u0219ti<\/title>\n<meta name=\"description\" content=\"200.000 de locuitori din Sectorul 5 sunt afecta\u021bi de o uria\u0219\u0103 bre\u0219\u0103 de securitate. Hackeri: \u201eToate datele sunt de v\u00e2nzare, a\u0219tept\u0103m oferte\u201d.\" \/>\n<meta name=\"robots\" content=\"index, follow, max-snippet:-1, max-image-preview:large, max-video-preview:-1\" \/>\n<link rel=\"canonical\" href=\"https:\/\/buletin.de\/bucuresti\/datele-furate-de-la-primaria-sectorului-5-scoase-la-vanzare-de-hackeri-200-000-de-persoane-afectate-plus-alte-sisteme-conectate-la-ministerul-de-interne\/\" \/>\n<meta property=\"og:locale\" content=\"en_GB\" \/>\n<meta property=\"og:type\" content=\"article\" \/>\n<meta property=\"og:title\" content=\"Datele furate de la Prim\u0103ria Sectorului 5, scoase la v\u00e2nzare de hackeri. 200.000 de persoane afectate, plus alte sisteme conectate la Ministerul de Interne\" \/>\n<meta property=\"og:description\" content=\"200.000 de locuitori din Sectorul 5 sunt afecta\u021bi de o uria\u0219\u0103 bre\u0219\u0103 de securitate. Hackeri: \u201eToate datele sunt de v\u00e2nzare, a\u0219tept\u0103m oferte\u201d.\" \/>\n<meta property=\"og:url\" content=\"https:\/\/buletin.de\/bucuresti\/datele-furate-de-la-primaria-sectorului-5-scoase-la-vanzare-de-hackeri-200-000-de-persoane-afectate-plus-alte-sisteme-conectate-la-ministerul-de-interne\/\" \/>\n<meta property=\"og:site_name\" content=\"Buletin de Bucure\u0219ti\" \/>\n<meta property=\"article:publisher\" content=\"https:\/\/www.facebook.com\/buletin.de.buc\" \/>\n<meta property=\"article:published_time\" content=\"2024-11-07T17:18:08+00:00\" \/>\n<meta property=\"article:modified_time\" content=\"2026-02-01T11:14:08+00:00\" \/>\n<meta property=\"og:image\" content=\"https:\/\/buletin.de\/bucuresti\/wp-content\/uploads\/Piedone-hacked.png\" \/>\n\t<meta property=\"og:image:width\" content=\"1600\" \/>\n\t<meta property=\"og:image:height\" content=\"1067\" \/>\n\t<meta property=\"og:image:type\" content=\"image\/png\" \/>\n<meta name=\"author\" content=\"C\u0103t\u0103lin Anghel-Dimache\" \/>\n<meta name=\"twitter:card\" content=\"summary_large_image\" \/>\n<meta name=\"twitter:label1\" content=\"Written by\" \/>\n\t<meta name=\"twitter:data1\" content=\"C\u0103t\u0103lin Anghel-Dimache\" \/>\n\t<meta name=\"twitter:label2\" content=\"Estimated reading time\" \/>\n\t<meta name=\"twitter:data2\" content=\"7 minutes\" \/>\n<script type=\"application\/ld+json\" class=\"yoast-schema-graph\">{\"@context\":\"https:\\\/\\\/schema.org\",\"@graph\":[{\"@type\":\"Article\",\"@id\":\"https:\\\/\\\/buletin.de\\\/bucuresti\\\/datele-furate-de-la-primaria-sectorului-5-scoase-la-vanzare-de-hackeri-200-000-de-persoane-afectate-plus-alte-sisteme-conectate-la-ministerul-de-interne\\\/#article\",\"isPartOf\":{\"@id\":\"https:\\\/\\\/buletin.de\\\/bucuresti\\\/datele-furate-de-la-primaria-sectorului-5-scoase-la-vanzare-de-hackeri-200-000-de-persoane-afectate-plus-alte-sisteme-conectate-la-ministerul-de-interne\\\/\"},\"author\":{\"name\":\"C\u0103t\u0103lin Anghel-Dimache\",\"@id\":\"https:\\\/\\\/buletin.de\\\/bucuresti\\\/#\\\/schema\\\/person\\\/0ac9db30080482be87c7386a30f98796\"},\"headline\":\"Datele furate de la Prim\u0103ria Sectorului 5, scoase la v\u00e2nzare de hackeri. 200.000 de persoane afectate, plus alte sisteme conectate la Ministerul de Interne\",\"datePublished\":\"2024-11-07T17:18:08+00:00\",\"dateModified\":\"2026-02-01T11:14:08+00:00\",\"mainEntityOfPage\":{\"@id\":\"https:\\\/\\\/buletin.de\\\/bucuresti\\\/datele-furate-de-la-primaria-sectorului-5-scoase-la-vanzare-de-hackeri-200-000-de-persoane-afectate-plus-alte-sisteme-conectate-la-ministerul-de-interne\\\/\"},\"wordCount\":1668,\"publisher\":{\"@id\":\"https:\\\/\\\/buletin.de\\\/bucuresti\\\/#organization\"},\"image\":{\"@id\":\"https:\\\/\\\/buletin.de\\\/bucuresti\\\/datele-furate-de-la-primaria-sectorului-5-scoase-la-vanzare-de-hackeri-200-000-de-persoane-afectate-plus-alte-sisteme-conectate-la-ministerul-de-interne\\\/#primaryimage\"},\"thumbnailUrl\":\"https:\\\/\\\/buletin.de\\\/bucuresti\\\/wp-content\\\/uploads\\\/Piedone-hacked.png\",\"keywords\":[\"atac cibernetic\",\"bre\u0219\u0103 de securitate\",\"Bucure\u0219ti\",\"Capital\u0103\",\"cybersecurity\",\"date\",\"hackeri\",\"piedone\",\"Sector 5\",\"securitate cibernetic\u0103\"],\"articleSection\":[\"Articole\",\"Eveniment\",\"Main\",\"Prim\u0103rie\"],\"inLanguage\":\"en-GB\",\"copyrightYear\":\"2024\",\"copyrightHolder\":{\"@id\":\"https:\\\/\\\/buletin.de\\\/bucuresti\\\/#organization\"}},{\"@type\":\"WebPage\",\"@id\":\"https:\\\/\\\/buletin.de\\\/bucuresti\\\/datele-furate-de-la-primaria-sectorului-5-scoase-la-vanzare-de-hackeri-200-000-de-persoane-afectate-plus-alte-sisteme-conectate-la-ministerul-de-interne\\\/\",\"url\":\"https:\\\/\\\/buletin.de\\\/bucuresti\\\/datele-furate-de-la-primaria-sectorului-5-scoase-la-vanzare-de-hackeri-200-000-de-persoane-afectate-plus-alte-sisteme-conectate-la-ministerul-de-interne\\\/\",\"name\":\"Datele furate de la Prim\u0103ria Sectorului 5, scoase la v\u00e2nzare de hackeri. 200.000 de persoane afectate, plus alte sisteme conectate la Ministerul de Interne - Buletin de Bucure\u0219ti\",\"isPartOf\":{\"@id\":\"https:\\\/\\\/buletin.de\\\/bucuresti\\\/#website\"},\"primaryImageOfPage\":{\"@id\":\"https:\\\/\\\/buletin.de\\\/bucuresti\\\/datele-furate-de-la-primaria-sectorului-5-scoase-la-vanzare-de-hackeri-200-000-de-persoane-afectate-plus-alte-sisteme-conectate-la-ministerul-de-interne\\\/#primaryimage\"},\"image\":{\"@id\":\"https:\\\/\\\/buletin.de\\\/bucuresti\\\/datele-furate-de-la-primaria-sectorului-5-scoase-la-vanzare-de-hackeri-200-000-de-persoane-afectate-plus-alte-sisteme-conectate-la-ministerul-de-interne\\\/#primaryimage\"},\"thumbnailUrl\":\"https:\\\/\\\/buletin.de\\\/bucuresti\\\/wp-content\\\/uploads\\\/Piedone-hacked.png\",\"datePublished\":\"2024-11-07T17:18:08+00:00\",\"dateModified\":\"2026-02-01T11:14:08+00:00\",\"description\":\"200.000 de locuitori din Sectorul 5 sunt afecta\u021bi de o uria\u0219\u0103 bre\u0219\u0103 de securitate. Hackeri: \u201eToate datele sunt de v\u00e2nzare, a\u0219tept\u0103m oferte\u201d.\",\"breadcrumb\":{\"@id\":\"https:\\\/\\\/buletin.de\\\/bucuresti\\\/datele-furate-de-la-primaria-sectorului-5-scoase-la-vanzare-de-hackeri-200-000-de-persoane-afectate-plus-alte-sisteme-conectate-la-ministerul-de-interne\\\/#breadcrumb\"},\"inLanguage\":\"en-GB\",\"potentialAction\":[{\"@type\":\"ReadAction\",\"target\":[\"https:\\\/\\\/buletin.de\\\/bucuresti\\\/datele-furate-de-la-primaria-sectorului-5-scoase-la-vanzare-de-hackeri-200-000-de-persoane-afectate-plus-alte-sisteme-conectate-la-ministerul-de-interne\\\/\"]}]},{\"@type\":\"ImageObject\",\"inLanguage\":\"en-GB\",\"@id\":\"https:\\\/\\\/buletin.de\\\/bucuresti\\\/datele-furate-de-la-primaria-sectorului-5-scoase-la-vanzare-de-hackeri-200-000-de-persoane-afectate-plus-alte-sisteme-conectate-la-ministerul-de-interne\\\/#primaryimage\",\"url\":\"https:\\\/\\\/buletin.de\\\/bucuresti\\\/wp-content\\\/uploads\\\/Piedone-hacked.png\",\"contentUrl\":\"https:\\\/\\\/buletin.de\\\/bucuresti\\\/wp-content\\\/uploads\\\/Piedone-hacked.png\",\"width\":1600,\"height\":1067,\"caption\":\"200.000 de locuitori din Sectorul 5 sunt afecta\u021bi de o uria\u0219\u0103 bre\u0219\u0103 de securitate. Foto Piedone: Inquam Photos \\\/ George C\u0103lin\"},{\"@type\":\"BreadcrumbList\",\"@id\":\"https:\\\/\\\/buletin.de\\\/bucuresti\\\/datele-furate-de-la-primaria-sectorului-5-scoase-la-vanzare-de-hackeri-200-000-de-persoane-afectate-plus-alte-sisteme-conectate-la-ministerul-de-interne\\\/#breadcrumb\",\"itemListElement\":[{\"@type\":\"ListItem\",\"position\":1,\"name\":\"Acas\u0103\",\"item\":\"https:\\\/\\\/buletin.de\\\/bucuresti\\\/\"},{\"@type\":\"ListItem\",\"position\":2,\"name\":\"Datele furate de la Prim\u0103ria Sectorului 5, scoase la v\u00e2nzare de hackeri. 200.000 de persoane afectate, plus alte sisteme conectate la Ministerul de Interne\"}]},{\"@type\":\"WebSite\",\"@id\":\"https:\\\/\\\/buletin.de\\\/bucuresti\\\/#website\",\"url\":\"https:\\\/\\\/buletin.de\\\/bucuresti\\\/\",\"name\":\"Buletin de Bucure\u0219ti\",\"description\":\"\u0218tiri \u0219i investiga\u021bii esen\u021biale din capital\u0103\",\"publisher\":{\"@id\":\"https:\\\/\\\/buletin.de\\\/bucuresti\\\/#organization\"},\"potentialAction\":[{\"@type\":\"SearchAction\",\"target\":{\"@type\":\"EntryPoint\",\"urlTemplate\":\"https:\\\/\\\/buletin.de\\\/bucuresti\\\/?s={search_term_string}\"},\"query-input\":{\"@type\":\"PropertyValueSpecification\",\"valueRequired\":true,\"valueName\":\"search_term_string\"}}],\"inLanguage\":\"en-GB\"},{\"@type\":\"Organization\",\"@id\":\"https:\\\/\\\/buletin.de\\\/bucuresti\\\/#organization\",\"name\":\"Buletin de Bucure\u0219ti\",\"url\":\"https:\\\/\\\/buletin.de\\\/bucuresti\\\/\",\"logo\":{\"@type\":\"ImageObject\",\"inLanguage\":\"en-GB\",\"@id\":\"https:\\\/\\\/buletin.de\\\/bucuresti\\\/#\\\/schema\\\/logo\\\/image\\\/\",\"url\":\"https:\\\/\\\/buletin.de\\\/bucuresti\\\/wp-content\\\/uploads\\\/logo-bdb-full-wide-vernil-transparent.png\",\"contentUrl\":\"https:\\\/\\\/buletin.de\\\/bucuresti\\\/wp-content\\\/uploads\\\/logo-bdb-full-wide-vernil-transparent.png\",\"width\":1782,\"height\":626,\"caption\":\"Buletin de Bucure\u0219ti\"},\"image\":{\"@id\":\"https:\\\/\\\/buletin.de\\\/bucuresti\\\/#\\\/schema\\\/logo\\\/image\\\/\"},\"sameAs\":[\"https:\\\/\\\/www.facebook.com\\\/buletin.de.buc\",\"https:\\\/\\\/www.instagram.com\\\/buletinde.bucuresti\\\/\"]},{\"@type\":\"Person\",\"@id\":\"https:\\\/\\\/buletin.de\\\/bucuresti\\\/#\\\/schema\\\/person\\\/0ac9db30080482be87c7386a30f98796\",\"name\":\"C\u0103t\u0103lin Anghel-Dimache\",\"image\":{\"@type\":\"ImageObject\",\"inLanguage\":\"en-GB\",\"@id\":\"https:\\\/\\\/buletin.de\\\/bucuresti\\\/wp-content\\\/uploads\\\/Catalin-Anghel-Dimache-96x96.jpgbd9e43c5b25186d5b8e917ac61ad86c4\",\"url\":\"https:\\\/\\\/buletin.de\\\/bucuresti\\\/wp-content\\\/uploads\\\/Catalin-Anghel-Dimache-96x96.jpg\",\"contentUrl\":\"https:\\\/\\\/buletin.de\\\/bucuresti\\\/wp-content\\\/uploads\\\/Catalin-Anghel-Dimache-96x96.jpg\",\"caption\":\"C\u0103t\u0103lin Anghel-Dimache\"},\"description\":\"A absolvit Facultatea de Jurnalism \u0219i \u0218tiin\u021bele Comunic\u0103rii a Universit\u0103\u021bii din Bucure\u0219ti \u00een 2024. Scrie despre mediu \u0219i teme sociale, dar \u0219i despre cum se reflect\u0103 ele \u00een via\u021ba cotidian\u0103 a bucure\u0219tenilor, cu un ochi atent la pove\u0219tile personale din spatele titlurilor. N\u0103scut \u0219i crescut \u00een Bucure\u0219ti, a f\u0103cut un pas c\u0103tre presa local\u0103, din pasiune pentru ora\u0219ul s\u0103u \u0219i oamenii din el.\",\"url\":\"https:\\\/\\\/buletin.de\\\/bucuresti\\\/author\\\/catalin-anghel-dimache\\\/\"}]}<\/script>\n<!-- \/ Yoast SEO Premium plugin. -->","yoast_head_json":{"title":"Datele furate de la Prim\u0103ria Sectorului 5, scoase la v\u00e2nzare de hackeri. 200.000 de persoane afectate, plus alte sisteme conectate la Ministerul de Interne - Buletin de Bucure\u0219ti","description":"200.000 de locuitori din Sectorul 5 sunt afecta\u021bi de o uria\u0219\u0103 bre\u0219\u0103 de securitate. Hackeri: \u201eToate datele sunt de v\u00e2nzare, a\u0219tept\u0103m oferte\u201d.","robots":{"index":"index","follow":"follow","max-snippet":"max-snippet:-1","max-image-preview":"max-image-preview:large","max-video-preview":"max-video-preview:-1"},"canonical":"https:\/\/buletin.de\/bucuresti\/datele-furate-de-la-primaria-sectorului-5-scoase-la-vanzare-de-hackeri-200-000-de-persoane-afectate-plus-alte-sisteme-conectate-la-ministerul-de-interne\/","og_locale":"en_GB","og_type":"article","og_title":"Datele furate de la Prim\u0103ria Sectorului 5, scoase la v\u00e2nzare de hackeri. 200.000 de persoane afectate, plus alte sisteme conectate la Ministerul de Interne","og_description":"200.000 de locuitori din Sectorul 5 sunt afecta\u021bi de o uria\u0219\u0103 bre\u0219\u0103 de securitate. Hackeri: \u201eToate datele sunt de v\u00e2nzare, a\u0219tept\u0103m oferte\u201d.","og_url":"https:\/\/buletin.de\/bucuresti\/datele-furate-de-la-primaria-sectorului-5-scoase-la-vanzare-de-hackeri-200-000-de-persoane-afectate-plus-alte-sisteme-conectate-la-ministerul-de-interne\/","og_site_name":"Buletin de Bucure\u0219ti","article_publisher":"https:\/\/www.facebook.com\/buletin.de.buc","article_published_time":"2024-11-07T17:18:08+00:00","article_modified_time":"2026-02-01T11:14:08+00:00","og_image":[{"width":1600,"height":1067,"url":"https:\/\/buletin.de\/bucuresti\/wp-content\/uploads\/Piedone-hacked.png","type":"image\/png"}],"author":"C\u0103t\u0103lin Anghel-Dimache","twitter_card":"summary_large_image","twitter_misc":{"Written by":"C\u0103t\u0103lin Anghel-Dimache","Estimated reading time":"7 minutes"},"schema":{"@context":"https:\/\/schema.org","@graph":[{"@type":"Article","@id":"https:\/\/buletin.de\/bucuresti\/datele-furate-de-la-primaria-sectorului-5-scoase-la-vanzare-de-hackeri-200-000-de-persoane-afectate-plus-alte-sisteme-conectate-la-ministerul-de-interne\/#article","isPartOf":{"@id":"https:\/\/buletin.de\/bucuresti\/datele-furate-de-la-primaria-sectorului-5-scoase-la-vanzare-de-hackeri-200-000-de-persoane-afectate-plus-alte-sisteme-conectate-la-ministerul-de-interne\/"},"author":{"name":"C\u0103t\u0103lin Anghel-Dimache","@id":"https:\/\/buletin.de\/bucuresti\/#\/schema\/person\/0ac9db30080482be87c7386a30f98796"},"headline":"Datele furate de la Prim\u0103ria Sectorului 5, scoase la v\u00e2nzare de hackeri. 200.000 de persoane afectate, plus alte sisteme conectate la Ministerul de Interne","datePublished":"2024-11-07T17:18:08+00:00","dateModified":"2026-02-01T11:14:08+00:00","mainEntityOfPage":{"@id":"https:\/\/buletin.de\/bucuresti\/datele-furate-de-la-primaria-sectorului-5-scoase-la-vanzare-de-hackeri-200-000-de-persoane-afectate-plus-alte-sisteme-conectate-la-ministerul-de-interne\/"},"wordCount":1668,"publisher":{"@id":"https:\/\/buletin.de\/bucuresti\/#organization"},"image":{"@id":"https:\/\/buletin.de\/bucuresti\/datele-furate-de-la-primaria-sectorului-5-scoase-la-vanzare-de-hackeri-200-000-de-persoane-afectate-plus-alte-sisteme-conectate-la-ministerul-de-interne\/#primaryimage"},"thumbnailUrl":"https:\/\/buletin.de\/bucuresti\/wp-content\/uploads\/Piedone-hacked.png","keywords":["atac cibernetic","bre\u0219\u0103 de securitate","Bucure\u0219ti","Capital\u0103","cybersecurity","date","hackeri","piedone","Sector 5","securitate cibernetic\u0103"],"articleSection":["Articole","Eveniment","Main","Prim\u0103rie"],"inLanguage":"en-GB","copyrightYear":"2024","copyrightHolder":{"@id":"https:\/\/buletin.de\/bucuresti\/#organization"}},{"@type":"WebPage","@id":"https:\/\/buletin.de\/bucuresti\/datele-furate-de-la-primaria-sectorului-5-scoase-la-vanzare-de-hackeri-200-000-de-persoane-afectate-plus-alte-sisteme-conectate-la-ministerul-de-interne\/","url":"https:\/\/buletin.de\/bucuresti\/datele-furate-de-la-primaria-sectorului-5-scoase-la-vanzare-de-hackeri-200-000-de-persoane-afectate-plus-alte-sisteme-conectate-la-ministerul-de-interne\/","name":"Datele furate de la Prim\u0103ria Sectorului 5, scoase la v\u00e2nzare de hackeri. 200.000 de persoane afectate, plus alte sisteme conectate la Ministerul de Interne - Buletin de Bucure\u0219ti","isPartOf":{"@id":"https:\/\/buletin.de\/bucuresti\/#website"},"primaryImageOfPage":{"@id":"https:\/\/buletin.de\/bucuresti\/datele-furate-de-la-primaria-sectorului-5-scoase-la-vanzare-de-hackeri-200-000-de-persoane-afectate-plus-alte-sisteme-conectate-la-ministerul-de-interne\/#primaryimage"},"image":{"@id":"https:\/\/buletin.de\/bucuresti\/datele-furate-de-la-primaria-sectorului-5-scoase-la-vanzare-de-hackeri-200-000-de-persoane-afectate-plus-alte-sisteme-conectate-la-ministerul-de-interne\/#primaryimage"},"thumbnailUrl":"https:\/\/buletin.de\/bucuresti\/wp-content\/uploads\/Piedone-hacked.png","datePublished":"2024-11-07T17:18:08+00:00","dateModified":"2026-02-01T11:14:08+00:00","description":"200.000 de locuitori din Sectorul 5 sunt afecta\u021bi de o uria\u0219\u0103 bre\u0219\u0103 de securitate. Hackeri: \u201eToate datele sunt de v\u00e2nzare, a\u0219tept\u0103m oferte\u201d.","breadcrumb":{"@id":"https:\/\/buletin.de\/bucuresti\/datele-furate-de-la-primaria-sectorului-5-scoase-la-vanzare-de-hackeri-200-000-de-persoane-afectate-plus-alte-sisteme-conectate-la-ministerul-de-interne\/#breadcrumb"},"inLanguage":"en-GB","potentialAction":[{"@type":"ReadAction","target":["https:\/\/buletin.de\/bucuresti\/datele-furate-de-la-primaria-sectorului-5-scoase-la-vanzare-de-hackeri-200-000-de-persoane-afectate-plus-alte-sisteme-conectate-la-ministerul-de-interne\/"]}]},{"@type":"ImageObject","inLanguage":"en-GB","@id":"https:\/\/buletin.de\/bucuresti\/datele-furate-de-la-primaria-sectorului-5-scoase-la-vanzare-de-hackeri-200-000-de-persoane-afectate-plus-alte-sisteme-conectate-la-ministerul-de-interne\/#primaryimage","url":"https:\/\/buletin.de\/bucuresti\/wp-content\/uploads\/Piedone-hacked.png","contentUrl":"https:\/\/buletin.de\/bucuresti\/wp-content\/uploads\/Piedone-hacked.png","width":1600,"height":1067,"caption":"200.000 de locuitori din Sectorul 5 sunt afecta\u021bi de o uria\u0219\u0103 bre\u0219\u0103 de securitate. Foto Piedone: Inquam Photos \/ George C\u0103lin"},{"@type":"BreadcrumbList","@id":"https:\/\/buletin.de\/bucuresti\/datele-furate-de-la-primaria-sectorului-5-scoase-la-vanzare-de-hackeri-200-000-de-persoane-afectate-plus-alte-sisteme-conectate-la-ministerul-de-interne\/#breadcrumb","itemListElement":[{"@type":"ListItem","position":1,"name":"Acas\u0103","item":"https:\/\/buletin.de\/bucuresti\/"},{"@type":"ListItem","position":2,"name":"Datele furate de la Prim\u0103ria Sectorului 5, scoase la v\u00e2nzare de hackeri. 200.000 de persoane afectate, plus alte sisteme conectate la Ministerul de Interne"}]},{"@type":"WebSite","@id":"https:\/\/buletin.de\/bucuresti\/#website","url":"https:\/\/buletin.de\/bucuresti\/","name":"Buletin de Bucure\u0219ti","description":"\u0218tiri \u0219i investiga\u021bii esen\u021biale din capital\u0103","publisher":{"@id":"https:\/\/buletin.de\/bucuresti\/#organization"},"potentialAction":[{"@type":"SearchAction","target":{"@type":"EntryPoint","urlTemplate":"https:\/\/buletin.de\/bucuresti\/?s={search_term_string}"},"query-input":{"@type":"PropertyValueSpecification","valueRequired":true,"valueName":"search_term_string"}}],"inLanguage":"en-GB"},{"@type":"Organization","@id":"https:\/\/buletin.de\/bucuresti\/#organization","name":"Buletin de Bucure\u0219ti","url":"https:\/\/buletin.de\/bucuresti\/","logo":{"@type":"ImageObject","inLanguage":"en-GB","@id":"https:\/\/buletin.de\/bucuresti\/#\/schema\/logo\/image\/","url":"https:\/\/buletin.de\/bucuresti\/wp-content\/uploads\/logo-bdb-full-wide-vernil-transparent.png","contentUrl":"https:\/\/buletin.de\/bucuresti\/wp-content\/uploads\/logo-bdb-full-wide-vernil-transparent.png","width":1782,"height":626,"caption":"Buletin de Bucure\u0219ti"},"image":{"@id":"https:\/\/buletin.de\/bucuresti\/#\/schema\/logo\/image\/"},"sameAs":["https:\/\/www.facebook.com\/buletin.de.buc","https:\/\/www.instagram.com\/buletinde.bucuresti\/"]},{"@type":"Person","@id":"https:\/\/buletin.de\/bucuresti\/#\/schema\/person\/0ac9db30080482be87c7386a30f98796","name":"C\u0103t\u0103lin Anghel-Dimache","image":{"@type":"ImageObject","inLanguage":"en-GB","@id":"https:\/\/buletin.de\/bucuresti\/wp-content\/uploads\/Catalin-Anghel-Dimache-96x96.jpgbd9e43c5b25186d5b8e917ac61ad86c4","url":"https:\/\/buletin.de\/bucuresti\/wp-content\/uploads\/Catalin-Anghel-Dimache-96x96.jpg","contentUrl":"https:\/\/buletin.de\/bucuresti\/wp-content\/uploads\/Catalin-Anghel-Dimache-96x96.jpg","caption":"C\u0103t\u0103lin Anghel-Dimache"},"description":"A absolvit Facultatea de Jurnalism \u0219i \u0218tiin\u021bele Comunic\u0103rii a Universit\u0103\u021bii din Bucure\u0219ti \u00een 2024. Scrie despre mediu \u0219i teme sociale, dar \u0219i despre cum se reflect\u0103 ele \u00een via\u021ba cotidian\u0103 a bucure\u0219tenilor, cu un ochi atent la pove\u0219tile personale din spatele titlurilor. N\u0103scut \u0219i crescut \u00een Bucure\u0219ti, a f\u0103cut un pas c\u0103tre presa local\u0103, din pasiune pentru ora\u0219ul s\u0103u \u0219i oamenii din el.","url":"https:\/\/buletin.de\/bucuresti\/author\/catalin-anghel-dimache\/"}]}},"authors":[{"term_id":22572,"user_id":59,"is_guest":0,"slug":"catalin-anghel-dimache","display_name":"C\u0103t\u0103lin Anghel-Dimache","avatar_url":"https:\/\/buletin.de\/bucuresti\/wp-content\/uploads\/Catalin-Anghel-Dimache-96x96.jpg","0":null,"1":"","2":"","3":"","4":"","5":"","6":"","7":"","8":""}],"_links":{"self":[{"href":"https:\/\/buletin.de\/bucuresti\/wp-json\/wp\/v2\/posts\/105513","targetHints":{"allow":["GET"]}}],"collection":[{"href":"https:\/\/buletin.de\/bucuresti\/wp-json\/wp\/v2\/posts"}],"about":[{"href":"https:\/\/buletin.de\/bucuresti\/wp-json\/wp\/v2\/types\/post"}],"author":[{"embeddable":true,"href":"https:\/\/buletin.de\/bucuresti\/wp-json\/wp\/v2\/users\/59"}],"replies":[{"embeddable":true,"href":"https:\/\/buletin.de\/bucuresti\/wp-json\/wp\/v2\/comments?post=105513"}],"version-history":[{"count":10,"href":"https:\/\/buletin.de\/bucuresti\/wp-json\/wp\/v2\/posts\/105513\/revisions"}],"predecessor-version":[{"id":105986,"href":"https:\/\/buletin.de\/bucuresti\/wp-json\/wp\/v2\/posts\/105513\/revisions\/105986"}],"wp:featuredmedia":[{"embeddable":true,"href":"https:\/\/buletin.de\/bucuresti\/wp-json\/wp\/v2\/media\/105517"}],"wp:attachment":[{"href":"https:\/\/buletin.de\/bucuresti\/wp-json\/wp\/v2\/media?parent=105513"}],"wp:term":[{"taxonomy":"category","embeddable":true,"href":"https:\/\/buletin.de\/bucuresti\/wp-json\/wp\/v2\/categories?post=105513"},{"taxonomy":"post_tag","embeddable":true,"href":"https:\/\/buletin.de\/bucuresti\/wp-json\/wp\/v2\/tags?post=105513"},{"taxonomy":"author","embeddable":true,"href":"https:\/\/buletin.de\/bucuresti\/wp-json\/wp\/v2\/ppma_author?post=105513"}],"curies":[{"name":"wp","href":"https:\/\/api.w.org\/{rel}","templated":true}]}}