{"id":105493,"date":"2024-11-07T18:26:05","date_gmt":"2024-11-07T15:26:05","guid":{"rendered":"https:\/\/buletin.de\/bucuresti\/?p=105493"},"modified":"2024-11-08T00:30:49","modified_gmt":"2024-11-07T21:30:49","slug":"diagrama-de-semaforizare-pentru-prelungirea-ghencea","status":"publish","type":"post","link":"https:\/\/buletin.de\/bucuresti\/diagrama-de-semaforizare-pentru-prelungirea-ghencea\/","title":{"rendered":"Diagrama de semaforizare pentru Prelungirea Ghencea cu Drumul Valea Larg\u0103, modificat\u0103 \u00een urma ambuteiajelor"},"content":{"rendered":"\n<p><strong><a href=\"https:\/\/www.facebook.com\/PrimariaSectorului6\">Prim\u0103ria Sectorului 6<\/a> anun\u021b\u0103 c\u0103 a fost modificat\u0103 diagrama de semaforizare pentru Prelungirea Ghencea cu Drumul Valea Larg\u0103. M\u0103sura a fost luat\u0103 \u00een urma ambuteiajelor create, dup\u0103 darea \u00een folosin\u021b\u0103 a tronsonului.<\/strong><\/p>\n\n\n\n<p>Comisia Tehnic\u0103 de Circula\u021bie, de la PMB, a modificat diagrama de semaforizare pentru intersec\u021bia Prelungirea Ghencea cu Drumul Valea Larg\u0103. <\/p>\n\n\n\n<p>Pe noua diagram\u0103 se va aloca timp de verde separat, pentru fiecare bra\u021b al intersec\u021biei. Vor fi trei intervale orare: <strong>diminea\u021b\u0103, sear\u0103, pr\u00e2nz\/noapte.<\/strong><\/p>\n\n\n\n<p>De asemenea, s-a discutat \u0219i amenajarea unui sens giratoriu dar a r\u0103mas \u00een analiz\u0103. Propunerea de a se trece semaforizarea \u00een galben intermitent, a\u0219a cum a cerut CMMTB, a fost respins\u0103. <\/p>\n\n\n\n<p>Motivul a fost siguran\u021ba pietonilor \u0219i a \u0219oferilor care vireaz\u0103 la st\u00e2nga.<\/p>\n\n\n\n<p><strong>CITE\u0218TE \u0218I:<\/strong> <a href=\"https:\/\/buletin.de\/bucuresti\/spitalul-cf-2-trece-in-subordinea-universitatii-de-medicina-si-farmacie\/\"><strong>Spitalul CF 2 de la Pia\u021ba Presei trece \u00een subordinea Universit\u0103\u0163ii de Medicin\u0103<\/strong><\/a><\/p>\n\n\n\n<h2 class=\"wp-block-heading\" id=\"h-diagrama-de-semaforizare-pentru-prelungirea-ghencea-\u0219i-primul-bulevard-construit-de-la-zero\">Diagrama de semaforizare pentru Prelungirea Ghencea \u0219i primul bulevard construit de la zero<\/h2>\n\n\n\n<p><strong>Dup\u0103 patru ani de promisiuni, lucr\u0103ri \u015fi scandal \u00eentre Prim\u0103ria Sectorului 6 \u015fi Prim\u0103ria General\u0103, Valea Larg\u0103, primul bulevard post-decembrist, amenajat de la zero \u00een Capital\u0103, este gata.<\/strong><\/p>\n\n\n\n<p>Drumul de 1.5 kilometri a fost inaugurat pe 26 octombrie, la ora 10:00 de autorit\u0103\u0163i, moment \u00een care au intrat pe asfaltul proasp\u0103t primele ma\u015fini.<\/p>\n\n\n\n<p>\u00cenc\u0103 din&nbsp;<strong>16 noiembrie 2020<\/strong>, primarul Ciprian Ciucu, aflat atunci la \u00eenceputul primului s\u0103u mandat, vorbea despre amenajarea noului bulevard.<\/p>\n\n\n\n<p>\u00cen&nbsp;<strong>2021<\/strong>, proiectul era blocat \u00een Consiliul General pentru c\u0103 nu ob\u0163inea votul consilierilor PSD.<\/p>\n\n\n\n<p>Lucr\u0103rile pentru drumul de 1.5 kilometri au \u00eenceput&nbsp;<strong>la sf\u00e2r\u015fit de 2022<\/strong>. Atunci, Prim\u0103ria anun\u0163a c\u0103 a&nbsp;primit finan\u021bare pentru investi\u021bii prin Programul Na\u021bional \u201eAnghel Saligny\u201d de peste 30 de milioane de lei. <\/p>\n\n\n\n<p>Pentru reabilitarea Drumului Valea Larg\u0103 au fost alocate peste 18 milioane de lei. Investi\u021bia total\u0103 pentru reabilitarea drumului era, \u00eens\u0103, de 57 de milioane de lei, peste 38 de milioane de lei fiind bani din bugetul local.<\/p>\n\n\n\n<p><strong>Lucr\u0103rile executate sunt:<\/strong><\/p>\n\n\n\n<ul class=\"wp-block-list\">\n<li>parte carosabil\u0103 de 14.00m l\u0103\u021bime alc\u0103tuit\u0103 din dou\u0103 benzi pe sens, fiecare band\u0103 cu l\u0103\u021bimea de 3.50m;<\/li>\n\n\n\n<li>spa\u021biu verde amplasat pe mijloc, cu l\u0103\u021bimea de 4.40m;<\/li>\n\n\n\n<li>spa\u021biu verde cu l\u0103\u021bimea de 1.30m, pentru delimitarea pistelor pentru biciclete de partea carosabil\u0103 destinat\u0103 circula\u021biei autovehiculelor;<\/li>\n\n\n\n<li>piste pentru biciclete cu l\u0103\u021bimea de 2.00m fiecare, de-o parte si de alta si in ambele sensuri;<\/li>\n\n\n\n<li>spa\u021biu verde cu l\u0103\u021bimea de 1.20m, pentru delimitarea pistelor pentru biciclete de trotuarele pietonale;<\/li>\n\n\n\n<li>trotuare pietonale cu l\u0103\u021bimea de 3.10m, amplasate de-o parte si de alta a arterei.<\/li>\n<\/ul>\n\n\n\n<p>Doi ani au durat exproprierile, studiile, avizele, autoriza\u021biile \u0219i licita\u021biile.<\/p>\n\n\n\n<p><strong>CITE\u0218TE \u0218I:<\/strong> <a href=\"https:\/\/buletin.de\/bucuresti\/statie-noua-pe-traseul-liniilor-79-si-86\/\"><strong>Sta\u021bie nou\u0103 pe traseul liniilor 79 \u0219i 86<\/strong><\/a><\/p>\n\n\n\n<p><\/p>\n","protected":false},"excerpt":{"rendered":"<p>Prim\u0103ria Sectorului 6 anun\u021b\u0103 c\u0103 a fost modificat\u0103 diagrama de semaforizare pentru Prelungirea Ghencea cu Drumul Valea Larg\u0103. M\u0103sura a fost luat\u0103 \u00een urma ambuteiajelor create, dup\u0103 darea \u00een folosin\u021b\u0103 a tronsonului. Comisia Tehnic\u0103 de Circula\u021bie, de la PMB, a modificat diagrama de semaforizare pentru intersec\u021bia Prelungirea Ghencea cu Drumul Valea Larg\u0103. Pe noua diagram\u0103 [&hellip;]<\/p>\n","protected":false},"author":49,"featured_media":105504,"comment_status":"closed","ping_status":"open","sticky":false,"template":"","format":"standard","meta":{"_acf_changed":false,"inline_featured_image":false,"ngg_post_thumbnail":0,"footnotes":""},"categories":[6994,62,650],"tags":[11177,16675,1345,1107],"ppma_author":[22574],"class_list":["post-105493","post","type-post","status-publish","format-standard","has-post-thumbnail","hentry","category-stiri-2","category-stiri","category-transport","tag-cmmtb","tag-drumul-valea-larga","tag-prelungirea-ghencea","tag-primaria-sector-6"],"acf":[],"yoast_head":"<!-- This site is optimized with the Yoast SEO Premium plugin v25.3 (Yoast SEO v27.4) - https:\/\/yoast.com\/product\/yoast-seo-premium-wordpress\/ -->\n<title>Diagrama de semaforizare pentru Prelungirea Ghencea cu Drumul Valea Larg\u0103, modificat\u0103 \u00een urma ambuteiajelor - Buletin de Bucure\u0219ti<\/title>\n<meta name=\"description\" content=\"Prim\u0103ria Sectorului 6 anun\u021b\u0103 c\u0103 a fost modificat\u0103 diagrama de semaforizare pentru Prelungirea Ghencea cu Drumul Valea Larg\u0103.\" \/>\n<meta name=\"robots\" content=\"index, follow, max-snippet:-1, max-image-preview:large, max-video-preview:-1\" \/>\n<link rel=\"canonical\" href=\"https:\/\/buletin.de\/bucuresti\/diagrama-de-semaforizare-pentru-prelungirea-ghencea\/\" \/>\n<meta property=\"og:locale\" content=\"en_GB\" \/>\n<meta property=\"og:type\" content=\"article\" \/>\n<meta property=\"og:title\" content=\"Diagrama de semaforizare pentru Prelungirea Ghencea cu Drumul Valea Larg\u0103, modificat\u0103 \u00een urma ambuteiajelor\" \/>\n<meta property=\"og:description\" content=\"Prim\u0103ria Sectorului 6 anun\u021b\u0103 c\u0103 a fost modificat\u0103 diagrama de semaforizare pentru Prelungirea Ghencea cu Drumul Valea Larg\u0103.\" \/>\n<meta property=\"og:url\" content=\"https:\/\/buletin.de\/bucuresti\/diagrama-de-semaforizare-pentru-prelungirea-ghencea\/\" \/>\n<meta property=\"og:site_name\" content=\"Buletin de Bucure\u0219ti\" \/>\n<meta property=\"article:publisher\" content=\"https:\/\/www.facebook.com\/buletin.de.buc\" \/>\n<meta property=\"article:published_time\" content=\"2024-11-07T15:26:05+00:00\" \/>\n<meta property=\"article:modified_time\" content=\"2024-11-07T21:30:49+00:00\" \/>\n<meta property=\"og:image\" content=\"https:\/\/buletin.de\/bucuresti\/wp-content\/uploads\/465732280_966915538799717_510506517469313463_n.jpg\" \/>\n\t<meta property=\"og:image:width\" content=\"1600\" \/>\n\t<meta property=\"og:image:height\" content=\"1066\" \/>\n\t<meta property=\"og:image:type\" content=\"image\/jpeg\" \/>\n<meta name=\"author\" content=\"Diana Matei\" \/>\n<meta name=\"twitter:card\" content=\"summary_large_image\" \/>\n<meta name=\"twitter:label1\" content=\"Written by\" \/>\n\t<meta name=\"twitter:data1\" content=\"Diana Matei\" \/>\n\t<meta name=\"twitter:label2\" content=\"Estimated reading time\" \/>\n\t<meta name=\"twitter:data2\" content=\"3 minutes\" \/>\n<script type=\"application\/ld+json\" class=\"yoast-schema-graph\">{\"@context\":\"https:\\\/\\\/schema.org\",\"@graph\":[{\"@type\":\"Article\",\"@id\":\"https:\\\/\\\/buletin.de\\\/bucuresti\\\/diagrama-de-semaforizare-pentru-prelungirea-ghencea\\\/#article\",\"isPartOf\":{\"@id\":\"https:\\\/\\\/buletin.de\\\/bucuresti\\\/diagrama-de-semaforizare-pentru-prelungirea-ghencea\\\/\"},\"author\":{\"name\":\"Diana Matei\",\"@id\":\"https:\\\/\\\/buletin.de\\\/bucuresti\\\/#\\\/schema\\\/person\\\/7e46040573290777280a0835d81ea4ea\"},\"headline\":\"Diagrama de semaforizare pentru Prelungirea Ghencea cu Drumul Valea Larg\u0103, modificat\u0103 \u00een urma ambuteiajelor\",\"datePublished\":\"2024-11-07T15:26:05+00:00\",\"dateModified\":\"2024-11-07T21:30:49+00:00\",\"mainEntityOfPage\":{\"@id\":\"https:\\\/\\\/buletin.de\\\/bucuresti\\\/diagrama-de-semaforizare-pentru-prelungirea-ghencea\\\/\"},\"wordCount\":464,\"publisher\":{\"@id\":\"https:\\\/\\\/buletin.de\\\/bucuresti\\\/#organization\"},\"image\":{\"@id\":\"https:\\\/\\\/buletin.de\\\/bucuresti\\\/diagrama-de-semaforizare-pentru-prelungirea-ghencea\\\/#primaryimage\"},\"thumbnailUrl\":\"https:\\\/\\\/buletin.de\\\/bucuresti\\\/wp-content\\\/uploads\\\/465732280_966915538799717_510506517469313463_n.jpg\",\"keywords\":[\"cmmtb\",\"Drumul Valea Larg\u0103\",\"prelungirea ghencea\",\"primaria sector 6\"],\"articleSection\":[\"Articole\",\"\u0218tiri\",\"Transport\"],\"inLanguage\":\"en-GB\",\"copyrightYear\":\"2024\",\"copyrightHolder\":{\"@id\":\"https:\\\/\\\/buletin.de\\\/bucuresti\\\/#organization\"}},{\"@type\":\"WebPage\",\"@id\":\"https:\\\/\\\/buletin.de\\\/bucuresti\\\/diagrama-de-semaforizare-pentru-prelungirea-ghencea\\\/\",\"url\":\"https:\\\/\\\/buletin.de\\\/bucuresti\\\/diagrama-de-semaforizare-pentru-prelungirea-ghencea\\\/\",\"name\":\"Diagrama de semaforizare pentru Prelungirea Ghencea cu Drumul Valea Larg\u0103, modificat\u0103 \u00een urma ambuteiajelor - Buletin de Bucure\u0219ti\",\"isPartOf\":{\"@id\":\"https:\\\/\\\/buletin.de\\\/bucuresti\\\/#website\"},\"primaryImageOfPage\":{\"@id\":\"https:\\\/\\\/buletin.de\\\/bucuresti\\\/diagrama-de-semaforizare-pentru-prelungirea-ghencea\\\/#primaryimage\"},\"image\":{\"@id\":\"https:\\\/\\\/buletin.de\\\/bucuresti\\\/diagrama-de-semaforizare-pentru-prelungirea-ghencea\\\/#primaryimage\"},\"thumbnailUrl\":\"https:\\\/\\\/buletin.de\\\/bucuresti\\\/wp-content\\\/uploads\\\/465732280_966915538799717_510506517469313463_n.jpg\",\"datePublished\":\"2024-11-07T15:26:05+00:00\",\"dateModified\":\"2024-11-07T21:30:49+00:00\",\"description\":\"Prim\u0103ria Sectorului 6 anun\u021b\u0103 c\u0103 a fost modificat\u0103 diagrama de semaforizare pentru Prelungirea Ghencea cu Drumul Valea Larg\u0103.\",\"breadcrumb\":{\"@id\":\"https:\\\/\\\/buletin.de\\\/bucuresti\\\/diagrama-de-semaforizare-pentru-prelungirea-ghencea\\\/#breadcrumb\"},\"inLanguage\":\"en-GB\",\"potentialAction\":[{\"@type\":\"ReadAction\",\"target\":[\"https:\\\/\\\/buletin.de\\\/bucuresti\\\/diagrama-de-semaforizare-pentru-prelungirea-ghencea\\\/\"]}]},{\"@type\":\"ImageObject\",\"inLanguage\":\"en-GB\",\"@id\":\"https:\\\/\\\/buletin.de\\\/bucuresti\\\/diagrama-de-semaforizare-pentru-prelungirea-ghencea\\\/#primaryimage\",\"url\":\"https:\\\/\\\/buletin.de\\\/bucuresti\\\/wp-content\\\/uploads\\\/465732280_966915538799717_510506517469313463_n.jpg\",\"contentUrl\":\"https:\\\/\\\/buletin.de\\\/bucuresti\\\/wp-content\\\/uploads\\\/465732280_966915538799717_510506517469313463_n.jpg\",\"width\":1600,\"height\":1066,\"caption\":\"Diagrama de semaforizare pentru Prelungirea Ghencea cu Drumul Valea Larg\u0103, modificat\u0103 \u00een urma ambuteiajelor. FOTO: PS6\"},{\"@type\":\"BreadcrumbList\",\"@id\":\"https:\\\/\\\/buletin.de\\\/bucuresti\\\/diagrama-de-semaforizare-pentru-prelungirea-ghencea\\\/#breadcrumb\",\"itemListElement\":[{\"@type\":\"ListItem\",\"position\":1,\"name\":\"Acas\u0103\",\"item\":\"https:\\\/\\\/buletin.de\\\/bucuresti\\\/\"},{\"@type\":\"ListItem\",\"position\":2,\"name\":\"Diagrama de semaforizare pentru Prelungirea Ghencea cu Drumul Valea Larg\u0103, modificat\u0103 \u00een urma ambuteiajelor\"}]},{\"@type\":\"WebSite\",\"@id\":\"https:\\\/\\\/buletin.de\\\/bucuresti\\\/#website\",\"url\":\"https:\\\/\\\/buletin.de\\\/bucuresti\\\/\",\"name\":\"Buletin de Bucure\u0219ti\",\"description\":\"\u0218tiri \u0219i investiga\u021bii esen\u021biale din capital\u0103\",\"publisher\":{\"@id\":\"https:\\\/\\\/buletin.de\\\/bucuresti\\\/#organization\"},\"potentialAction\":[{\"@type\":\"SearchAction\",\"target\":{\"@type\":\"EntryPoint\",\"urlTemplate\":\"https:\\\/\\\/buletin.de\\\/bucuresti\\\/?s={search_term_string}\"},\"query-input\":{\"@type\":\"PropertyValueSpecification\",\"valueRequired\":true,\"valueName\":\"search_term_string\"}}],\"inLanguage\":\"en-GB\"},{\"@type\":\"Organization\",\"@id\":\"https:\\\/\\\/buletin.de\\\/bucuresti\\\/#organization\",\"name\":\"Buletin de Bucure\u0219ti\",\"url\":\"https:\\\/\\\/buletin.de\\\/bucuresti\\\/\",\"logo\":{\"@type\":\"ImageObject\",\"inLanguage\":\"en-GB\",\"@id\":\"https:\\\/\\\/buletin.de\\\/bucuresti\\\/#\\\/schema\\\/logo\\\/image\\\/\",\"url\":\"https:\\\/\\\/buletin.de\\\/bucuresti\\\/wp-content\\\/uploads\\\/logo-bdb-full-wide-vernil-transparent.png\",\"contentUrl\":\"https:\\\/\\\/buletin.de\\\/bucuresti\\\/wp-content\\\/uploads\\\/logo-bdb-full-wide-vernil-transparent.png\",\"width\":1782,\"height\":626,\"caption\":\"Buletin de Bucure\u0219ti\"},\"image\":{\"@id\":\"https:\\\/\\\/buletin.de\\\/bucuresti\\\/#\\\/schema\\\/logo\\\/image\\\/\"},\"sameAs\":[\"https:\\\/\\\/www.facebook.com\\\/buletin.de.buc\",\"https:\\\/\\\/www.instagram.com\\\/buletinde.bucuresti\\\/\"]},{\"@type\":\"Person\",\"@id\":\"https:\\\/\\\/buletin.de\\\/bucuresti\\\/#\\\/schema\\\/person\\\/7e46040573290777280a0835d81ea4ea\",\"name\":\"Diana Matei\",\"image\":{\"@type\":\"ImageObject\",\"inLanguage\":\"en-GB\",\"@id\":\"https:\\\/\\\/buletin.de\\\/bucuresti\\\/wp-content\\\/uploads\\\/9-2-96x96.jpg1e8590b30871d70e62ebcdaf2eff570c\",\"url\":\"https:\\\/\\\/buletin.de\\\/bucuresti\\\/wp-content\\\/uploads\\\/9-2-96x96.jpg\",\"contentUrl\":\"https:\\\/\\\/buletin.de\\\/bucuresti\\\/wp-content\\\/uploads\\\/9-2-96x96.jpg\",\"caption\":\"Diana Matei\"},\"url\":\"https:\\\/\\\/buletin.de\\\/bucuresti\\\/author\\\/dianamatei\\\/\"}]}<\/script>\n<!-- \/ Yoast SEO Premium plugin. -->","yoast_head_json":{"title":"Diagrama de semaforizare pentru Prelungirea Ghencea cu Drumul Valea Larg\u0103, modificat\u0103 \u00een urma ambuteiajelor - Buletin de Bucure\u0219ti","description":"Prim\u0103ria Sectorului 6 anun\u021b\u0103 c\u0103 a fost modificat\u0103 diagrama de semaforizare pentru Prelungirea Ghencea cu Drumul Valea Larg\u0103.","robots":{"index":"index","follow":"follow","max-snippet":"max-snippet:-1","max-image-preview":"max-image-preview:large","max-video-preview":"max-video-preview:-1"},"canonical":"https:\/\/buletin.de\/bucuresti\/diagrama-de-semaforizare-pentru-prelungirea-ghencea\/","og_locale":"en_GB","og_type":"article","og_title":"Diagrama de semaforizare pentru Prelungirea Ghencea cu Drumul Valea Larg\u0103, modificat\u0103 \u00een urma ambuteiajelor","og_description":"Prim\u0103ria Sectorului 6 anun\u021b\u0103 c\u0103 a fost modificat\u0103 diagrama de semaforizare pentru Prelungirea Ghencea cu Drumul Valea Larg\u0103.","og_url":"https:\/\/buletin.de\/bucuresti\/diagrama-de-semaforizare-pentru-prelungirea-ghencea\/","og_site_name":"Buletin de Bucure\u0219ti","article_publisher":"https:\/\/www.facebook.com\/buletin.de.buc","article_published_time":"2024-11-07T15:26:05+00:00","article_modified_time":"2024-11-07T21:30:49+00:00","og_image":[{"width":1600,"height":1066,"url":"https:\/\/buletin.de\/bucuresti\/wp-content\/uploads\/465732280_966915538799717_510506517469313463_n.jpg","type":"image\/jpeg"}],"author":"Diana Matei","twitter_card":"summary_large_image","twitter_misc":{"Written by":"Diana Matei","Estimated reading time":"3 minutes"},"schema":{"@context":"https:\/\/schema.org","@graph":[{"@type":"Article","@id":"https:\/\/buletin.de\/bucuresti\/diagrama-de-semaforizare-pentru-prelungirea-ghencea\/#article","isPartOf":{"@id":"https:\/\/buletin.de\/bucuresti\/diagrama-de-semaforizare-pentru-prelungirea-ghencea\/"},"author":{"name":"Diana Matei","@id":"https:\/\/buletin.de\/bucuresti\/#\/schema\/person\/7e46040573290777280a0835d81ea4ea"},"headline":"Diagrama de semaforizare pentru Prelungirea Ghencea cu Drumul Valea Larg\u0103, modificat\u0103 \u00een urma ambuteiajelor","datePublished":"2024-11-07T15:26:05+00:00","dateModified":"2024-11-07T21:30:49+00:00","mainEntityOfPage":{"@id":"https:\/\/buletin.de\/bucuresti\/diagrama-de-semaforizare-pentru-prelungirea-ghencea\/"},"wordCount":464,"publisher":{"@id":"https:\/\/buletin.de\/bucuresti\/#organization"},"image":{"@id":"https:\/\/buletin.de\/bucuresti\/diagrama-de-semaforizare-pentru-prelungirea-ghencea\/#primaryimage"},"thumbnailUrl":"https:\/\/buletin.de\/bucuresti\/wp-content\/uploads\/465732280_966915538799717_510506517469313463_n.jpg","keywords":["cmmtb","Drumul Valea Larg\u0103","prelungirea ghencea","primaria sector 6"],"articleSection":["Articole","\u0218tiri","Transport"],"inLanguage":"en-GB","copyrightYear":"2024","copyrightHolder":{"@id":"https:\/\/buletin.de\/bucuresti\/#organization"}},{"@type":"WebPage","@id":"https:\/\/buletin.de\/bucuresti\/diagrama-de-semaforizare-pentru-prelungirea-ghencea\/","url":"https:\/\/buletin.de\/bucuresti\/diagrama-de-semaforizare-pentru-prelungirea-ghencea\/","name":"Diagrama de semaforizare pentru Prelungirea Ghencea cu Drumul Valea Larg\u0103, modificat\u0103 \u00een urma ambuteiajelor - Buletin de Bucure\u0219ti","isPartOf":{"@id":"https:\/\/buletin.de\/bucuresti\/#website"},"primaryImageOfPage":{"@id":"https:\/\/buletin.de\/bucuresti\/diagrama-de-semaforizare-pentru-prelungirea-ghencea\/#primaryimage"},"image":{"@id":"https:\/\/buletin.de\/bucuresti\/diagrama-de-semaforizare-pentru-prelungirea-ghencea\/#primaryimage"},"thumbnailUrl":"https:\/\/buletin.de\/bucuresti\/wp-content\/uploads\/465732280_966915538799717_510506517469313463_n.jpg","datePublished":"2024-11-07T15:26:05+00:00","dateModified":"2024-11-07T21:30:49+00:00","description":"Prim\u0103ria Sectorului 6 anun\u021b\u0103 c\u0103 a fost modificat\u0103 diagrama de semaforizare pentru Prelungirea Ghencea cu Drumul Valea Larg\u0103.","breadcrumb":{"@id":"https:\/\/buletin.de\/bucuresti\/diagrama-de-semaforizare-pentru-prelungirea-ghencea\/#breadcrumb"},"inLanguage":"en-GB","potentialAction":[{"@type":"ReadAction","target":["https:\/\/buletin.de\/bucuresti\/diagrama-de-semaforizare-pentru-prelungirea-ghencea\/"]}]},{"@type":"ImageObject","inLanguage":"en-GB","@id":"https:\/\/buletin.de\/bucuresti\/diagrama-de-semaforizare-pentru-prelungirea-ghencea\/#primaryimage","url":"https:\/\/buletin.de\/bucuresti\/wp-content\/uploads\/465732280_966915538799717_510506517469313463_n.jpg","contentUrl":"https:\/\/buletin.de\/bucuresti\/wp-content\/uploads\/465732280_966915538799717_510506517469313463_n.jpg","width":1600,"height":1066,"caption":"Diagrama de semaforizare pentru Prelungirea Ghencea cu Drumul Valea Larg\u0103, modificat\u0103 \u00een urma ambuteiajelor. FOTO: PS6"},{"@type":"BreadcrumbList","@id":"https:\/\/buletin.de\/bucuresti\/diagrama-de-semaforizare-pentru-prelungirea-ghencea\/#breadcrumb","itemListElement":[{"@type":"ListItem","position":1,"name":"Acas\u0103","item":"https:\/\/buletin.de\/bucuresti\/"},{"@type":"ListItem","position":2,"name":"Diagrama de semaforizare pentru Prelungirea Ghencea cu Drumul Valea Larg\u0103, modificat\u0103 \u00een urma ambuteiajelor"}]},{"@type":"WebSite","@id":"https:\/\/buletin.de\/bucuresti\/#website","url":"https:\/\/buletin.de\/bucuresti\/","name":"Buletin de Bucure\u0219ti","description":"\u0218tiri \u0219i investiga\u021bii esen\u021biale din capital\u0103","publisher":{"@id":"https:\/\/buletin.de\/bucuresti\/#organization"},"potentialAction":[{"@type":"SearchAction","target":{"@type":"EntryPoint","urlTemplate":"https:\/\/buletin.de\/bucuresti\/?s={search_term_string}"},"query-input":{"@type":"PropertyValueSpecification","valueRequired":true,"valueName":"search_term_string"}}],"inLanguage":"en-GB"},{"@type":"Organization","@id":"https:\/\/buletin.de\/bucuresti\/#organization","name":"Buletin de Bucure\u0219ti","url":"https:\/\/buletin.de\/bucuresti\/","logo":{"@type":"ImageObject","inLanguage":"en-GB","@id":"https:\/\/buletin.de\/bucuresti\/#\/schema\/logo\/image\/","url":"https:\/\/buletin.de\/bucuresti\/wp-content\/uploads\/logo-bdb-full-wide-vernil-transparent.png","contentUrl":"https:\/\/buletin.de\/bucuresti\/wp-content\/uploads\/logo-bdb-full-wide-vernil-transparent.png","width":1782,"height":626,"caption":"Buletin de Bucure\u0219ti"},"image":{"@id":"https:\/\/buletin.de\/bucuresti\/#\/schema\/logo\/image\/"},"sameAs":["https:\/\/www.facebook.com\/buletin.de.buc","https:\/\/www.instagram.com\/buletinde.bucuresti\/"]},{"@type":"Person","@id":"https:\/\/buletin.de\/bucuresti\/#\/schema\/person\/7e46040573290777280a0835d81ea4ea","name":"Diana Matei","image":{"@type":"ImageObject","inLanguage":"en-GB","@id":"https:\/\/buletin.de\/bucuresti\/wp-content\/uploads\/9-2-96x96.jpg1e8590b30871d70e62ebcdaf2eff570c","url":"https:\/\/buletin.de\/bucuresti\/wp-content\/uploads\/9-2-96x96.jpg","contentUrl":"https:\/\/buletin.de\/bucuresti\/wp-content\/uploads\/9-2-96x96.jpg","caption":"Diana Matei"},"url":"https:\/\/buletin.de\/bucuresti\/author\/dianamatei\/"}]}},"authors":[{"term_id":22574,"user_id":49,"is_guest":0,"slug":"dianamatei","display_name":"Diana Matei","avatar_url":"https:\/\/buletin.de\/bucuresti\/wp-content\/uploads\/9-2-96x96.jpg","0":null,"1":"","2":"","3":"","4":"","5":"","6":"","7":"","8":""}],"_links":{"self":[{"href":"https:\/\/buletin.de\/bucuresti\/wp-json\/wp\/v2\/posts\/105493","targetHints":{"allow":["GET"]}}],"collection":[{"href":"https:\/\/buletin.de\/bucuresti\/wp-json\/wp\/v2\/posts"}],"about":[{"href":"https:\/\/buletin.de\/bucuresti\/wp-json\/wp\/v2\/types\/post"}],"author":[{"embeddable":true,"href":"https:\/\/buletin.de\/bucuresti\/wp-json\/wp\/v2\/users\/49"}],"replies":[{"embeddable":true,"href":"https:\/\/buletin.de\/bucuresti\/wp-json\/wp\/v2\/comments?post=105493"}],"version-history":[{"count":3,"href":"https:\/\/buletin.de\/bucuresti\/wp-json\/wp\/v2\/posts\/105493\/revisions"}],"predecessor-version":[{"id":105531,"href":"https:\/\/buletin.de\/bucuresti\/wp-json\/wp\/v2\/posts\/105493\/revisions\/105531"}],"wp:featuredmedia":[{"embeddable":true,"href":"https:\/\/buletin.de\/bucuresti\/wp-json\/wp\/v2\/media\/105504"}],"wp:attachment":[{"href":"https:\/\/buletin.de\/bucuresti\/wp-json\/wp\/v2\/media?parent=105493"}],"wp:term":[{"taxonomy":"category","embeddable":true,"href":"https:\/\/buletin.de\/bucuresti\/wp-json\/wp\/v2\/categories?post=105493"},{"taxonomy":"post_tag","embeddable":true,"href":"https:\/\/buletin.de\/bucuresti\/wp-json\/wp\/v2\/tags?post=105493"},{"taxonomy":"author","embeddable":true,"href":"https:\/\/buletin.de\/bucuresti\/wp-json\/wp\/v2\/ppma_author?post=105493"}],"curies":[{"name":"wp","href":"https:\/\/api.w.org\/{rel}","templated":true}]}}