{"id":105481,"date":"2024-11-08T12:41:29","date_gmt":"2024-11-08T09:41:29","guid":{"rendered":"https:\/\/buletin.de\/bucuresti\/?p=105481"},"modified":"2024-11-11T12:39:35","modified_gmt":"2024-11-11T09:39:35","slug":"pt-dimnegocierile-uslm-metrorex-artimon-simt-o-presiune-politica-noi-suntem-intr-un-minister-psd-iar-compania-e-condusa-de-pnl","status":"publish","type":"post","link":"https:\/\/buletin.de\/bucuresti\/pt-dimnegocierile-uslm-metrorex-artimon-simt-o-presiune-politica-noi-suntem-intr-un-minister-psd-iar-compania-e-condusa-de-pnl\/","title":{"rendered":"Negocierile USLM \u2013 Metrorex | Artimon: \u201eSimt o presiune politic\u0103. Noi suntem \u00eentr-un minister PSD, iar compania e condus\u0103 de PNL\u201d"},"content":{"rendered":"\n<p><strong>Tensiunile dintre sindicatul USLM \u0219i conducerea <a href=\"https:\/\/www.metrorex.ro\/\">Metrorex<\/a> r\u0103m\u00e2n ridicate, de\u0219i negocierile continu\u0103. Marian Artimon, liderul de sindicat, se declar\u0103 \u00eencrez\u0103tor, dar avertizeaz\u0103 c\u0103 protestele sunt iminente dac\u0103 nu se ajunge la un acord la urm\u0103toarele negocieri de luni, 11 noiembrie.<\/strong><\/p>\n\n\n\n<p>\u201eAm mai avansat pe ni\u0219te articole, am mai reu\u0219it s\u0103 ne \u00een\u021belegem pe forma unor anexe&#8221;, a declarat pentru Buletin de Bucure\u0219ti, Marian Artimon. <\/p>\n\n\n\n<p><strong>Cu toate acestea, liderul sindical recunoa\u0219te c\u0103,<a href=\"https:\/\/buletin.de\/bucuresti\/fara-fum-alb-la-intalnirea-sindicalistilor-cu-administratia-metrorex-artimon-pana-si-pe-premier-il-dezinformau\/\" target=\"_blank\" rel=\"noreferrer noopener\"> \u00een ciuda \u00eent\u00e2lnirii cu premierul de s\u0103pt\u0103m\u00e2na trecut\u0103, nu s-a rezolvat nimic concret.<\/a><\/strong><\/p>\n\n\n\n<p>Potrivit acestuia, s-ar fi \u00eencheiat un armisti\u021biu p\u00e2n\u0103 la urm\u0103toarele negocieri programate p\u00e2n\u0103 luni, 11 noiembrie, pentru a \u201e<em>mai face ni\u0219te calcule, s\u0103 mai analiz\u0103m<\/em>&#8220;.<\/p>\n\n\n\n<p>\u00centrebat despre posibile proteste, Marian Artimon a r\u0103spuns evaziv: \u201e<em>Vom hot\u0103r\u00ee ce trebuie s\u0103 facem<\/em>\u201d. <\/p>\n\n\n\n<p><strong>Liderul sindical las\u0103 \u00eens\u0103 o porti\u021b\u0103 deschis\u0103 pentru o solu\u021bie de compromis, suger\u00e2nd c\u0103 o eventual\u0103 interven\u021bie a Guvernului ar putea schimba situa\u021bia.<\/strong><\/p>\n\n\n\n<h2 class=\"wp-block-heading\" id=\"h-negocierile-uslm-metrorex-liderul-de-sindicat-vorbe\u0219te-despre-presiuni-politice\">Negocierile USLM \u2013 Metrorex. Liderul de sindicat vorbe\u0219te despre presiuni politice<\/h2>\n\n\n\n<p><strong>Marian Artimon recunoa\u0219te existen\u021ba unei presiuni politice, men\u021bion\u00e2nd apartenen\u021ba Metrorex la un minister condus de PSD, \u00een timp ce compania este controlat\u0103 de PNL. <\/strong><\/p>\n\n\n\n<p>\u201e<em>Simt o presiune politic\u0103<\/em>\u201d, a declarat sindicalistul, resping\u00e2nd \u00eens\u0103 acuza\u021biile c\u0103 acest aspect ar avea leg\u0103tur\u0103 cu faptul c\u0103 <a href=\"https:\/\/buletin.de\/bucuresti\/reportaj-magnetismul-lui-nicusor-dan-la-investirea-noului-consiliu-general-al-capitalei\/\">recent a fost re\u00eenvestit \u00een func\u021bia de consilier general ales pe listele PSD.<\/a><\/p>\n\n\n\n<p><strong>CITE\u0218TE \u0218I:<\/strong> <a href=\"https:\/\/buletin.de\/bucuresti\/marian-artimon-despre-negocierile-pentru-indexarea-salariului-metrorex\/\"><strong>Sindicali\u0219tii Metrorex nu mai au r\u0103bdare. Marian Artimon despre negocierile pentru indexarea salariilor: \u201eNe spun c\u0103 nu vor\u201d<\/strong><\/a><\/p>\n\n\n\n<p><strong>Buletin de Bucure\u0219ti: Cum se desf\u0103\u0219oar\u0103 negocierile USLM \u2013 Metrorex<\/strong><\/p>\n\n\n\n<p><strong>Marian Artimon: <\/strong>Am mai avansat pe ni\u0219te articole, am mai reu\u0219it s\u0103 ne \u00een\u021belegem pe forma unor anexe. P\u00e2n\u0103 la urm\u0103, nici m\u0103car \u00een urma \u00eent\u00e2lnirii cu premierul nu s-a rezolvat nimic. Nu \u00een\u021beleg ce nu \u00een\u021beleg oamenii de la administra\u021bie. <\/p>\n\n\n\n<p>Av\u00e2nd \u00een vedere c\u0103 ne-am \u00eent\u00e2lnit trei zile \u0219i nervii sunt \u00eentin\u0219i la maxim \u0219i ne cert\u0103m prea tare \u0219i ajungem la dispute necesare \u0219i nu este necesar, am zis c\u0103 s\u0103 mai facem ni\u0219te calcule, s\u0103 mai analiz\u0103m, iar luni la ora 11 relu\u0103m negocierile. Eu sunt \u00eencrez\u0103tor. Dac\u0103 nu se reu\u0219e\u0219te p\u00e2n\u0103 miercuri, noi ne vedem de drumul nostru.<\/p>\n\n\n\n<p><strong>Asta \u00eensemn\u00e2nd proteste?<\/strong><\/p>\n\n\n\n<p>Vom hot\u0103r\u00ee ce trebuie s\u0103 facem. Dac\u0103 totu\u0219i Guvernul d\u0103 o solu\u021bie de armisti\u021biu, nu po\u021bi s\u0103 te duci s\u0103 o refuzi.<\/p>\n\n\n\n<p><strong>Sesiza\u021bi vreo presiune politic\u0103?<\/strong><\/p>\n\n\n\n<p>Simt o presiune politic\u0103, mai ales c\u0103 la noi avem o problem\u0103 cu Metrorexul pentru c\u0103 noi suntem \u00eentr-un minister al PSD-ului \u0219i compania e condus\u0103 de PNL. Nu a\u0219 vrea s\u0103 pice bucure\u0219tenii la mijloc, mai ales c\u0103 suntem acuza\u021bi c\u0103 am face jocurile lui Nicu\u0219or. Cu tot respectul pentru dumnealui, dar nu are un rol cheie, este doar un beneficiar f\u0103r\u0103 s\u0103 pl\u0103teasc\u0103.<\/p>\n\n\n\n<p><strong>Conteaz\u0103 \u00een vreun fel \u00een ecua\u021bia negocierilor faptul c\u0103 de\u021bine\u021bi func\u021bia de consilier general al Capitalei?<\/strong><\/p>\n\n\n\n<p><em>Nu implic persoana mea sau faptul c\u0103 am \u0219i calitatea de consilier general. Ca s\u0103 fie bine, odat\u0103 ce s-a implicat Guvernul, aici e o discu\u021bie la nivel guvernamental. Eu negociez cu o comisie a Metrorexului care, dup\u0103 ce ne cert\u0103m de dou\u0103 luni de zile, g\u0103sim o form\u0103 de \u00een\u021belegere \u0219i mergem la Consiliul de Administra\u021bie. Dac\u0103 nu e de acord CA-ul, o lu\u0103m de la cap\u0103t.<\/em><\/p>\n\n\n\n<p><strong>Colegii dvs. din sindicat ce spun despre aceast\u0103 situa\u021bie?<\/strong><\/p>\n\n\n\n<p>Oamenii \u00eenc\u0103 mai au r\u0103bdare at\u00e2ta timp c\u00e2t comisia consider\u0103 c\u0103 mai e o \u0219ans\u0103 de conciliere, de a g\u0103si o solu\u021bie. Dac\u0103 nu, ne apuc\u0103m de mitinguri. Eu nu vreau s\u0103 s\u0103rb\u0103toresc Ziua Metroului \u00een Pia\u021ba Victoriei la miting. <\/p>\n\n\n\n<p>Eu vreau s\u0103 s\u0103rb\u0103toresc cei 45 de ani de activitate ai metroului \u00eentr-o re\u021bea de metrou func\u021bional\u0103.<\/p>\n\n\n\n<h2 class=\"wp-block-heading\" id=\"h-conducerea-metrorex-i-ar-fi-prezentat-date-eronate-lui-ciolacu\">Conducerea Metrorex i-ar fi prezentat date eronate lui Ciolacu<\/h2>\n\n\n\n<p><strong>Buletin de Bucure\u0219ti s-a adresat \u00een scris conducerii Metrorex cu privire la negocierile cu sindicatul USLM pe marginea noului Contract Colectiv de Munc\u0103. <\/strong><\/p>\n\n\n\n<p>Potrivit liderului de sindicat, pricipala revendicare ar fi indexarea salariilor cu rata infla\u021biei \u00een sum\u0103 fix\u0103, de aproximativ 1.500 de lei pentru fiecare salariat \u00een parte. La aceasta se mai adaug\u0103 \u0219i o serie de beneficii privind asigur\u0103rile medicale ale personalului care lucreaz\u0103 \u00een subteran.<\/p>\n\n\n\n<p>Joia trecut\u0103, \u00eent\u00e2lnirea sindicali\u0219tilor cu administra\u021bia Metrorex, la Ministerul Transporturilor, care a fost arbitrat\u0103 de premierul Marcel Ciolacu, s-a \u00eencheiat f\u0103r\u0103 un rezultat concret.<\/p>\n\n\n\n<p>Reprezentan\u0163ii sindicatului au acuzat c\u0103 liderii companiei le-au prezentat ministrului Transporturilor \u015fi lui Ciolacu date eronate \u015fi au convocat o nou\u0103 la \u00eenceputul acestei s\u0103pt\u0103m\u00e2ni, \u00een care s\u0103 verifice calculele privitoare la Contractul Colectiv de Munc\u0103.<\/p>\n\n\n\n<p>CITE\u0218TE \u0218I <a href=\"https:\/\/buletin.de\/bucuresti\/sedinta-de-negocieri-cu-pumni-in-masa-la-metrorex-marian-artimon-liderul-uslm-oamenii-nu-mai-au-rabdare\/\"><strong>\u0218edin\u021b\u0103 de negocieri cu pumni \u00een mas\u0103, la Metrorex. Marian Artimon, liderul USLM: \u201eOamenii nu mai au r\u0103bdare\u201d<\/strong><\/a>k<\/p>\n","protected":false},"excerpt":{"rendered":"<p>Tensiunile dintre sindicatul USLM \u0219i conducerea Metrorex r\u0103m\u00e2n ridicate, de\u0219i negocierile continu\u0103. Marian Artimon, liderul de sindicat, se declar\u0103 \u00eencrez\u0103tor, dar avertizeaz\u0103 c\u0103 protestele sunt iminente dac\u0103 nu se ajunge la un acord la urm\u0103toarele negocieri de luni, 11 noiembrie. \u201eAm mai avansat pe ni\u0219te articole, am mai reu\u0219it s\u0103 ne \u00een\u021belegem pe forma unor [&hellip;]<\/p>\n","protected":false},"author":10,"featured_media":105483,"comment_status":"closed","ping_status":"open","sticky":false,"template":"","format":"standard","meta":{"_acf_changed":false,"inline_featured_image":false,"ngg_post_thumbnail":0,"footnotes":""},"categories":[6994,5762,650],"tags":[2702,4610,667,377,1775,1028],"ppma_author":[22575],"class_list":["post-105481","post","type-post","status-publish","format-standard","has-post-thumbnail","hentry","category-stiri-2","category-main","category-transport","tag-artimon","tag-ciolacu","tag-guvern","tag-metrorex","tag-negocieri","tag-uslm"],"acf":[],"yoast_head":"<!-- This site is optimized with the Yoast SEO Premium plugin v25.3 (Yoast SEO v27.4) - https:\/\/yoast.com\/product\/yoast-seo-premium-wordpress\/ -->\n<title>Negocierile USLM \u2013 Metrorex | Artimon: \u201eSimt o presiune politic\u0103. Noi suntem \u00eentr-un minister PSD, iar compania e condus\u0103 de PNL\u201d - Buletin de Bucure\u0219ti<\/title>\n<meta name=\"description\" content=\"Negocierile USLM \u2013 Metrorex. Marian Artimon: \u201eSimt o presiune politic\u0103. Noi suntem \u00eentr-un minister PSD, iar compania este condus\u0103 de PNL\u201d\" \/>\n<meta name=\"robots\" content=\"index, follow, max-snippet:-1, max-image-preview:large, max-video-preview:-1\" \/>\n<link rel=\"canonical\" href=\"https:\/\/buletin.de\/bucuresti\/pt-dimnegocierile-uslm-metrorex-artimon-simt-o-presiune-politica-noi-suntem-intr-un-minister-psd-iar-compania-e-condusa-de-pnl\/\" \/>\n<meta property=\"og:locale\" content=\"en_GB\" \/>\n<meta property=\"og:type\" content=\"article\" \/>\n<meta property=\"og:title\" content=\"Negocierile USLM \u2013 Metrorex | Artimon: \u201eSimt o presiune politic\u0103. Noi suntem \u00eentr-un minister PSD, iar compania e condus\u0103 de PNL\u201d\" \/>\n<meta property=\"og:description\" content=\"Negocierile USLM \u2013 Metrorex. Marian Artimon: \u201eSimt o presiune politic\u0103. Noi suntem \u00eentr-un minister PSD, iar compania este condus\u0103 de PNL\u201d\" \/>\n<meta property=\"og:url\" content=\"https:\/\/buletin.de\/bucuresti\/pt-dimnegocierile-uslm-metrorex-artimon-simt-o-presiune-politica-noi-suntem-intr-un-minister-psd-iar-compania-e-condusa-de-pnl\/\" \/>\n<meta property=\"og:site_name\" content=\"Buletin de Bucure\u0219ti\" \/>\n<meta property=\"article:publisher\" content=\"https:\/\/www.facebook.com\/buletin.de.buc\" \/>\n<meta property=\"article:published_time\" content=\"2024-11-08T09:41:29+00:00\" \/>\n<meta property=\"article:modified_time\" content=\"2024-11-11T09:39:35+00:00\" \/>\n<meta property=\"og:image\" content=\"https:\/\/buletin.de\/bucuresti\/wp-content\/uploads\/ID279822_INQUAM_Photos_George_Calin.jpg\" \/>\n\t<meta property=\"og:image:width\" content=\"2000\" \/>\n\t<meta property=\"og:image:height\" content=\"1334\" \/>\n\t<meta property=\"og:image:type\" content=\"image\/jpeg\" \/>\n<meta name=\"author\" content=\"C\u0103t\u0103lin Dosca\u0219\" \/>\n<meta name=\"twitter:card\" content=\"summary_large_image\" \/>\n<meta name=\"twitter:label1\" content=\"Written by\" \/>\n\t<meta name=\"twitter:data1\" content=\"C\u0103t\u0103lin Dosca\u0219\" \/>\n\t<meta name=\"twitter:label2\" content=\"Estimated reading time\" \/>\n\t<meta name=\"twitter:data2\" content=\"4 minutes\" \/>\n<script type=\"application\/ld+json\" class=\"yoast-schema-graph\">{\"@context\":\"https:\\\/\\\/schema.org\",\"@graph\":[{\"@type\":\"Article\",\"@id\":\"https:\\\/\\\/buletin.de\\\/bucuresti\\\/pt-dimnegocierile-uslm-metrorex-artimon-simt-o-presiune-politica-noi-suntem-intr-un-minister-psd-iar-compania-e-condusa-de-pnl\\\/#article\",\"isPartOf\":{\"@id\":\"https:\\\/\\\/buletin.de\\\/bucuresti\\\/pt-dimnegocierile-uslm-metrorex-artimon-simt-o-presiune-politica-noi-suntem-intr-un-minister-psd-iar-compania-e-condusa-de-pnl\\\/\"},\"author\":{\"name\":\"C\u0103t\u0103lin Dosca\u0219\",\"@id\":\"https:\\\/\\\/buletin.de\\\/bucuresti\\\/#\\\/schema\\\/person\\\/31117187ed4d0bdb0a4c7d6acc79d0f8\"},\"headline\":\"Negocierile USLM \u2013 Metrorex | Artimon: \u201eSimt o presiune politic\u0103. Noi suntem \u00eentr-un minister PSD, iar compania e condus\u0103 de PNL\u201d\",\"datePublished\":\"2024-11-08T09:41:29+00:00\",\"dateModified\":\"2024-11-11T09:39:35+00:00\",\"mainEntityOfPage\":{\"@id\":\"https:\\\/\\\/buletin.de\\\/bucuresti\\\/pt-dimnegocierile-uslm-metrorex-artimon-simt-o-presiune-politica-noi-suntem-intr-un-minister-psd-iar-compania-e-condusa-de-pnl\\\/\"},\"wordCount\":872,\"publisher\":{\"@id\":\"https:\\\/\\\/buletin.de\\\/bucuresti\\\/#organization\"},\"image\":{\"@id\":\"https:\\\/\\\/buletin.de\\\/bucuresti\\\/pt-dimnegocierile-uslm-metrorex-artimon-simt-o-presiune-politica-noi-suntem-intr-un-minister-psd-iar-compania-e-condusa-de-pnl\\\/#primaryimage\"},\"thumbnailUrl\":\"https:\\\/\\\/buletin.de\\\/bucuresti\\\/wp-content\\\/uploads\\\/ID279822_INQUAM_Photos_George_Calin.jpg\",\"keywords\":[\"artimon\",\"ciolacu\",\"guvern\",\"metrorex\",\"negocieri\",\"uslm\"],\"articleSection\":[\"Articole\",\"Main\",\"Transport\"],\"inLanguage\":\"en-GB\",\"copyrightYear\":\"2024\",\"copyrightHolder\":{\"@id\":\"https:\\\/\\\/buletin.de\\\/bucuresti\\\/#organization\"}},{\"@type\":\"WebPage\",\"@id\":\"https:\\\/\\\/buletin.de\\\/bucuresti\\\/pt-dimnegocierile-uslm-metrorex-artimon-simt-o-presiune-politica-noi-suntem-intr-un-minister-psd-iar-compania-e-condusa-de-pnl\\\/\",\"url\":\"https:\\\/\\\/buletin.de\\\/bucuresti\\\/pt-dimnegocierile-uslm-metrorex-artimon-simt-o-presiune-politica-noi-suntem-intr-un-minister-psd-iar-compania-e-condusa-de-pnl\\\/\",\"name\":\"Negocierile USLM \u2013 Metrorex | Artimon: \u201eSimt o presiune politic\u0103. Noi suntem \u00eentr-un minister PSD, iar compania e condus\u0103 de PNL\u201d - Buletin de Bucure\u0219ti\",\"isPartOf\":{\"@id\":\"https:\\\/\\\/buletin.de\\\/bucuresti\\\/#website\"},\"primaryImageOfPage\":{\"@id\":\"https:\\\/\\\/buletin.de\\\/bucuresti\\\/pt-dimnegocierile-uslm-metrorex-artimon-simt-o-presiune-politica-noi-suntem-intr-un-minister-psd-iar-compania-e-condusa-de-pnl\\\/#primaryimage\"},\"image\":{\"@id\":\"https:\\\/\\\/buletin.de\\\/bucuresti\\\/pt-dimnegocierile-uslm-metrorex-artimon-simt-o-presiune-politica-noi-suntem-intr-un-minister-psd-iar-compania-e-condusa-de-pnl\\\/#primaryimage\"},\"thumbnailUrl\":\"https:\\\/\\\/buletin.de\\\/bucuresti\\\/wp-content\\\/uploads\\\/ID279822_INQUAM_Photos_George_Calin.jpg\",\"datePublished\":\"2024-11-08T09:41:29+00:00\",\"dateModified\":\"2024-11-11T09:39:35+00:00\",\"description\":\"Negocierile USLM \u2013 Metrorex. Marian Artimon: \u201eSimt o presiune politic\u0103. Noi suntem \u00eentr-un minister PSD, iar compania este condus\u0103 de PNL\u201d\",\"breadcrumb\":{\"@id\":\"https:\\\/\\\/buletin.de\\\/bucuresti\\\/pt-dimnegocierile-uslm-metrorex-artimon-simt-o-presiune-politica-noi-suntem-intr-un-minister-psd-iar-compania-e-condusa-de-pnl\\\/#breadcrumb\"},\"inLanguage\":\"en-GB\",\"potentialAction\":[{\"@type\":\"ReadAction\",\"target\":[\"https:\\\/\\\/buletin.de\\\/bucuresti\\\/pt-dimnegocierile-uslm-metrorex-artimon-simt-o-presiune-politica-noi-suntem-intr-un-minister-psd-iar-compania-e-condusa-de-pnl\\\/\"]}]},{\"@type\":\"ImageObject\",\"inLanguage\":\"en-GB\",\"@id\":\"https:\\\/\\\/buletin.de\\\/bucuresti\\\/pt-dimnegocierile-uslm-metrorex-artimon-simt-o-presiune-politica-noi-suntem-intr-un-minister-psd-iar-compania-e-condusa-de-pnl\\\/#primaryimage\",\"url\":\"https:\\\/\\\/buletin.de\\\/bucuresti\\\/wp-content\\\/uploads\\\/ID279822_INQUAM_Photos_George_Calin.jpg\",\"contentUrl\":\"https:\\\/\\\/buletin.de\\\/bucuresti\\\/wp-content\\\/uploads\\\/ID279822_INQUAM_Photos_George_Calin.jpg\",\"width\":2000,\"height\":1334,\"caption\":\"Negocierile USLM \u2013 Metrorex. Marian Artimon. Foto: Inquam Photos \\\/ George C\u0103lin\"},{\"@type\":\"BreadcrumbList\",\"@id\":\"https:\\\/\\\/buletin.de\\\/bucuresti\\\/pt-dimnegocierile-uslm-metrorex-artimon-simt-o-presiune-politica-noi-suntem-intr-un-minister-psd-iar-compania-e-condusa-de-pnl\\\/#breadcrumb\",\"itemListElement\":[{\"@type\":\"ListItem\",\"position\":1,\"name\":\"Acas\u0103\",\"item\":\"https:\\\/\\\/buletin.de\\\/bucuresti\\\/\"},{\"@type\":\"ListItem\",\"position\":2,\"name\":\"Negocierile USLM \u2013 Metrorex | Artimon: \u201eSimt o presiune politic\u0103. Noi suntem \u00eentr-un minister PSD, iar compania e condus\u0103 de PNL\u201d\"}]},{\"@type\":\"WebSite\",\"@id\":\"https:\\\/\\\/buletin.de\\\/bucuresti\\\/#website\",\"url\":\"https:\\\/\\\/buletin.de\\\/bucuresti\\\/\",\"name\":\"Buletin de Bucure\u0219ti\",\"description\":\"\u0218tiri \u0219i investiga\u021bii esen\u021biale din capital\u0103\",\"publisher\":{\"@id\":\"https:\\\/\\\/buletin.de\\\/bucuresti\\\/#organization\"},\"potentialAction\":[{\"@type\":\"SearchAction\",\"target\":{\"@type\":\"EntryPoint\",\"urlTemplate\":\"https:\\\/\\\/buletin.de\\\/bucuresti\\\/?s={search_term_string}\"},\"query-input\":{\"@type\":\"PropertyValueSpecification\",\"valueRequired\":true,\"valueName\":\"search_term_string\"}}],\"inLanguage\":\"en-GB\"},{\"@type\":\"Organization\",\"@id\":\"https:\\\/\\\/buletin.de\\\/bucuresti\\\/#organization\",\"name\":\"Buletin de Bucure\u0219ti\",\"url\":\"https:\\\/\\\/buletin.de\\\/bucuresti\\\/\",\"logo\":{\"@type\":\"ImageObject\",\"inLanguage\":\"en-GB\",\"@id\":\"https:\\\/\\\/buletin.de\\\/bucuresti\\\/#\\\/schema\\\/logo\\\/image\\\/\",\"url\":\"https:\\\/\\\/buletin.de\\\/bucuresti\\\/wp-content\\\/uploads\\\/logo-bdb-full-wide-vernil-transparent.png\",\"contentUrl\":\"https:\\\/\\\/buletin.de\\\/bucuresti\\\/wp-content\\\/uploads\\\/logo-bdb-full-wide-vernil-transparent.png\",\"width\":1782,\"height\":626,\"caption\":\"Buletin de Bucure\u0219ti\"},\"image\":{\"@id\":\"https:\\\/\\\/buletin.de\\\/bucuresti\\\/#\\\/schema\\\/logo\\\/image\\\/\"},\"sameAs\":[\"https:\\\/\\\/www.facebook.com\\\/buletin.de.buc\",\"https:\\\/\\\/www.instagram.com\\\/buletinde.bucuresti\\\/\"]},{\"@type\":\"Person\",\"@id\":\"https:\\\/\\\/buletin.de\\\/bucuresti\\\/#\\\/schema\\\/person\\\/31117187ed4d0bdb0a4c7d6acc79d0f8\",\"name\":\"C\u0103t\u0103lin Dosca\u0219\",\"image\":{\"@type\":\"ImageObject\",\"inLanguage\":\"en-GB\",\"@id\":\"https:\\\/\\\/buletin.de\\\/bucuresti\\\/wp-content\\\/uploads\\\/Catalin-Doscas-e1732731064764-96x96.jpga93e2943bb3b1c1f9ead823df6e6317a\",\"url\":\"https:\\\/\\\/buletin.de\\\/bucuresti\\\/wp-content\\\/uploads\\\/Catalin-Doscas-e1732731064764-96x96.jpg\",\"contentUrl\":\"https:\\\/\\\/buletin.de\\\/bucuresti\\\/wp-content\\\/uploads\\\/Catalin-Doscas-e1732731064764-96x96.jpg\",\"caption\":\"C\u0103t\u0103lin Dosca\u0219\"},\"description\":\"Reporter \u0219i redactor-\u0219ef Buletin de Bucure\u0219ti. Lucreaz\u0103 \u00een mass-media de la v\u00e2rsta de 15 ani, c\u00e2nd a publicat primele articole \u00een presa local\u0103 din Tecuci. \u00cen Bucure\u0219ti a lucrat \u00een redac\u021bii radio ca reporter, redactor \u0219i prezentator (StudentFM, Na\u021bionalFM, Radio Total, Smart FM), unde a acoperit domeniile politic, economic, social \u0219i externe. Ulterior, a fost editor-coordonator al postului Realitatea FM. Experien\u021ba \u00een jurnalismul online a dob\u00e2ndit-o la portalul B365.ro, unde a fost editor. \u00cen 2012 s-a angajat \u00een televiziune. La Realitatea TV a fost, pe r\u00e2nd, reporter la sec\u021bia Social, reporter special la emisiunea de reportaje \u0219i anchete \u201eReporterii Realit\u0103\u021bii\u201d, dar \u0219i editor al jurnalelor de \u0219tiri. Ulterior, a f\u0103cut parte din sec\u021bia de Investiga\u021bii de la Digi24 \u0219i a lucrat la campania \u201eRom\u00e2nia furat\u0103\u201d. A revenit \u00een presa scris\u0103 \u00een 2017, ca reporter special, \u00een cadrul unui proiect de repozi\u021bionare a tabloidului Libertatea \u00een cotidian generalist. Este jurnalist Buletin de Bucure\u0219ti din 2019.\",\"url\":\"https:\\\/\\\/buletin.de\\\/bucuresti\\\/author\\\/catalin\\\/\"}]}<\/script>\n<!-- \/ Yoast SEO Premium plugin. -->","yoast_head_json":{"title":"Negocierile USLM \u2013 Metrorex | Artimon: \u201eSimt o presiune politic\u0103. Noi suntem \u00eentr-un minister PSD, iar compania e condus\u0103 de PNL\u201d - Buletin de Bucure\u0219ti","description":"Negocierile USLM \u2013 Metrorex. Marian Artimon: \u201eSimt o presiune politic\u0103. Noi suntem \u00eentr-un minister PSD, iar compania este condus\u0103 de PNL\u201d","robots":{"index":"index","follow":"follow","max-snippet":"max-snippet:-1","max-image-preview":"max-image-preview:large","max-video-preview":"max-video-preview:-1"},"canonical":"https:\/\/buletin.de\/bucuresti\/pt-dimnegocierile-uslm-metrorex-artimon-simt-o-presiune-politica-noi-suntem-intr-un-minister-psd-iar-compania-e-condusa-de-pnl\/","og_locale":"en_GB","og_type":"article","og_title":"Negocierile USLM \u2013 Metrorex | Artimon: \u201eSimt o presiune politic\u0103. Noi suntem \u00eentr-un minister PSD, iar compania e condus\u0103 de PNL\u201d","og_description":"Negocierile USLM \u2013 Metrorex. Marian Artimon: \u201eSimt o presiune politic\u0103. Noi suntem \u00eentr-un minister PSD, iar compania este condus\u0103 de PNL\u201d","og_url":"https:\/\/buletin.de\/bucuresti\/pt-dimnegocierile-uslm-metrorex-artimon-simt-o-presiune-politica-noi-suntem-intr-un-minister-psd-iar-compania-e-condusa-de-pnl\/","og_site_name":"Buletin de Bucure\u0219ti","article_publisher":"https:\/\/www.facebook.com\/buletin.de.buc","article_published_time":"2024-11-08T09:41:29+00:00","article_modified_time":"2024-11-11T09:39:35+00:00","og_image":[{"width":2000,"height":1334,"url":"https:\/\/buletin.de\/bucuresti\/wp-content\/uploads\/ID279822_INQUAM_Photos_George_Calin.jpg","type":"image\/jpeg"}],"author":"C\u0103t\u0103lin Dosca\u0219","twitter_card":"summary_large_image","twitter_misc":{"Written by":"C\u0103t\u0103lin Dosca\u0219","Estimated reading time":"4 minutes"},"schema":{"@context":"https:\/\/schema.org","@graph":[{"@type":"Article","@id":"https:\/\/buletin.de\/bucuresti\/pt-dimnegocierile-uslm-metrorex-artimon-simt-o-presiune-politica-noi-suntem-intr-un-minister-psd-iar-compania-e-condusa-de-pnl\/#article","isPartOf":{"@id":"https:\/\/buletin.de\/bucuresti\/pt-dimnegocierile-uslm-metrorex-artimon-simt-o-presiune-politica-noi-suntem-intr-un-minister-psd-iar-compania-e-condusa-de-pnl\/"},"author":{"name":"C\u0103t\u0103lin Dosca\u0219","@id":"https:\/\/buletin.de\/bucuresti\/#\/schema\/person\/31117187ed4d0bdb0a4c7d6acc79d0f8"},"headline":"Negocierile USLM \u2013 Metrorex | Artimon: \u201eSimt o presiune politic\u0103. Noi suntem \u00eentr-un minister PSD, iar compania e condus\u0103 de PNL\u201d","datePublished":"2024-11-08T09:41:29+00:00","dateModified":"2024-11-11T09:39:35+00:00","mainEntityOfPage":{"@id":"https:\/\/buletin.de\/bucuresti\/pt-dimnegocierile-uslm-metrorex-artimon-simt-o-presiune-politica-noi-suntem-intr-un-minister-psd-iar-compania-e-condusa-de-pnl\/"},"wordCount":872,"publisher":{"@id":"https:\/\/buletin.de\/bucuresti\/#organization"},"image":{"@id":"https:\/\/buletin.de\/bucuresti\/pt-dimnegocierile-uslm-metrorex-artimon-simt-o-presiune-politica-noi-suntem-intr-un-minister-psd-iar-compania-e-condusa-de-pnl\/#primaryimage"},"thumbnailUrl":"https:\/\/buletin.de\/bucuresti\/wp-content\/uploads\/ID279822_INQUAM_Photos_George_Calin.jpg","keywords":["artimon","ciolacu","guvern","metrorex","negocieri","uslm"],"articleSection":["Articole","Main","Transport"],"inLanguage":"en-GB","copyrightYear":"2024","copyrightHolder":{"@id":"https:\/\/buletin.de\/bucuresti\/#organization"}},{"@type":"WebPage","@id":"https:\/\/buletin.de\/bucuresti\/pt-dimnegocierile-uslm-metrorex-artimon-simt-o-presiune-politica-noi-suntem-intr-un-minister-psd-iar-compania-e-condusa-de-pnl\/","url":"https:\/\/buletin.de\/bucuresti\/pt-dimnegocierile-uslm-metrorex-artimon-simt-o-presiune-politica-noi-suntem-intr-un-minister-psd-iar-compania-e-condusa-de-pnl\/","name":"Negocierile USLM \u2013 Metrorex | Artimon: \u201eSimt o presiune politic\u0103. Noi suntem \u00eentr-un minister PSD, iar compania e condus\u0103 de PNL\u201d - Buletin de Bucure\u0219ti","isPartOf":{"@id":"https:\/\/buletin.de\/bucuresti\/#website"},"primaryImageOfPage":{"@id":"https:\/\/buletin.de\/bucuresti\/pt-dimnegocierile-uslm-metrorex-artimon-simt-o-presiune-politica-noi-suntem-intr-un-minister-psd-iar-compania-e-condusa-de-pnl\/#primaryimage"},"image":{"@id":"https:\/\/buletin.de\/bucuresti\/pt-dimnegocierile-uslm-metrorex-artimon-simt-o-presiune-politica-noi-suntem-intr-un-minister-psd-iar-compania-e-condusa-de-pnl\/#primaryimage"},"thumbnailUrl":"https:\/\/buletin.de\/bucuresti\/wp-content\/uploads\/ID279822_INQUAM_Photos_George_Calin.jpg","datePublished":"2024-11-08T09:41:29+00:00","dateModified":"2024-11-11T09:39:35+00:00","description":"Negocierile USLM \u2013 Metrorex. Marian Artimon: \u201eSimt o presiune politic\u0103. Noi suntem \u00eentr-un minister PSD, iar compania este condus\u0103 de PNL\u201d","breadcrumb":{"@id":"https:\/\/buletin.de\/bucuresti\/pt-dimnegocierile-uslm-metrorex-artimon-simt-o-presiune-politica-noi-suntem-intr-un-minister-psd-iar-compania-e-condusa-de-pnl\/#breadcrumb"},"inLanguage":"en-GB","potentialAction":[{"@type":"ReadAction","target":["https:\/\/buletin.de\/bucuresti\/pt-dimnegocierile-uslm-metrorex-artimon-simt-o-presiune-politica-noi-suntem-intr-un-minister-psd-iar-compania-e-condusa-de-pnl\/"]}]},{"@type":"ImageObject","inLanguage":"en-GB","@id":"https:\/\/buletin.de\/bucuresti\/pt-dimnegocierile-uslm-metrorex-artimon-simt-o-presiune-politica-noi-suntem-intr-un-minister-psd-iar-compania-e-condusa-de-pnl\/#primaryimage","url":"https:\/\/buletin.de\/bucuresti\/wp-content\/uploads\/ID279822_INQUAM_Photos_George_Calin.jpg","contentUrl":"https:\/\/buletin.de\/bucuresti\/wp-content\/uploads\/ID279822_INQUAM_Photos_George_Calin.jpg","width":2000,"height":1334,"caption":"Negocierile USLM \u2013 Metrorex. Marian Artimon. Foto: Inquam Photos \/ George C\u0103lin"},{"@type":"BreadcrumbList","@id":"https:\/\/buletin.de\/bucuresti\/pt-dimnegocierile-uslm-metrorex-artimon-simt-o-presiune-politica-noi-suntem-intr-un-minister-psd-iar-compania-e-condusa-de-pnl\/#breadcrumb","itemListElement":[{"@type":"ListItem","position":1,"name":"Acas\u0103","item":"https:\/\/buletin.de\/bucuresti\/"},{"@type":"ListItem","position":2,"name":"Negocierile USLM \u2013 Metrorex | Artimon: \u201eSimt o presiune politic\u0103. Noi suntem \u00eentr-un minister PSD, iar compania e condus\u0103 de PNL\u201d"}]},{"@type":"WebSite","@id":"https:\/\/buletin.de\/bucuresti\/#website","url":"https:\/\/buletin.de\/bucuresti\/","name":"Buletin de Bucure\u0219ti","description":"\u0218tiri \u0219i investiga\u021bii esen\u021biale din capital\u0103","publisher":{"@id":"https:\/\/buletin.de\/bucuresti\/#organization"},"potentialAction":[{"@type":"SearchAction","target":{"@type":"EntryPoint","urlTemplate":"https:\/\/buletin.de\/bucuresti\/?s={search_term_string}"},"query-input":{"@type":"PropertyValueSpecification","valueRequired":true,"valueName":"search_term_string"}}],"inLanguage":"en-GB"},{"@type":"Organization","@id":"https:\/\/buletin.de\/bucuresti\/#organization","name":"Buletin de Bucure\u0219ti","url":"https:\/\/buletin.de\/bucuresti\/","logo":{"@type":"ImageObject","inLanguage":"en-GB","@id":"https:\/\/buletin.de\/bucuresti\/#\/schema\/logo\/image\/","url":"https:\/\/buletin.de\/bucuresti\/wp-content\/uploads\/logo-bdb-full-wide-vernil-transparent.png","contentUrl":"https:\/\/buletin.de\/bucuresti\/wp-content\/uploads\/logo-bdb-full-wide-vernil-transparent.png","width":1782,"height":626,"caption":"Buletin de Bucure\u0219ti"},"image":{"@id":"https:\/\/buletin.de\/bucuresti\/#\/schema\/logo\/image\/"},"sameAs":["https:\/\/www.facebook.com\/buletin.de.buc","https:\/\/www.instagram.com\/buletinde.bucuresti\/"]},{"@type":"Person","@id":"https:\/\/buletin.de\/bucuresti\/#\/schema\/person\/31117187ed4d0bdb0a4c7d6acc79d0f8","name":"C\u0103t\u0103lin Dosca\u0219","image":{"@type":"ImageObject","inLanguage":"en-GB","@id":"https:\/\/buletin.de\/bucuresti\/wp-content\/uploads\/Catalin-Doscas-e1732731064764-96x96.jpga93e2943bb3b1c1f9ead823df6e6317a","url":"https:\/\/buletin.de\/bucuresti\/wp-content\/uploads\/Catalin-Doscas-e1732731064764-96x96.jpg","contentUrl":"https:\/\/buletin.de\/bucuresti\/wp-content\/uploads\/Catalin-Doscas-e1732731064764-96x96.jpg","caption":"C\u0103t\u0103lin Dosca\u0219"},"description":"Reporter \u0219i redactor-\u0219ef Buletin de Bucure\u0219ti. Lucreaz\u0103 \u00een mass-media de la v\u00e2rsta de 15 ani, c\u00e2nd a publicat primele articole \u00een presa local\u0103 din Tecuci. \u00cen Bucure\u0219ti a lucrat \u00een redac\u021bii radio ca reporter, redactor \u0219i prezentator (StudentFM, Na\u021bionalFM, Radio Total, Smart FM), unde a acoperit domeniile politic, economic, social \u0219i externe. Ulterior, a fost editor-coordonator al postului Realitatea FM. Experien\u021ba \u00een jurnalismul online a dob\u00e2ndit-o la portalul B365.ro, unde a fost editor. \u00cen 2012 s-a angajat \u00een televiziune. La Realitatea TV a fost, pe r\u00e2nd, reporter la sec\u021bia Social, reporter special la emisiunea de reportaje \u0219i anchete \u201eReporterii Realit\u0103\u021bii\u201d, dar \u0219i editor al jurnalelor de \u0219tiri. Ulterior, a f\u0103cut parte din sec\u021bia de Investiga\u021bii de la Digi24 \u0219i a lucrat la campania \u201eRom\u00e2nia furat\u0103\u201d. A revenit \u00een presa scris\u0103 \u00een 2017, ca reporter special, \u00een cadrul unui proiect de repozi\u021bionare a tabloidului Libertatea \u00een cotidian generalist. Este jurnalist Buletin de Bucure\u0219ti din 2019.","url":"https:\/\/buletin.de\/bucuresti\/author\/catalin\/"}]}},"authors":[{"term_id":22575,"user_id":10,"is_guest":0,"slug":"catalin","display_name":"C\u0103t\u0103lin Dosca\u0219","avatar_url":"https:\/\/buletin.de\/bucuresti\/wp-content\/uploads\/Catalin-Doscas-e1732731064764-96x96.jpg","0":null,"1":"","2":"","3":"","4":"","5":"","6":"","7":"","8":""}],"_links":{"self":[{"href":"https:\/\/buletin.de\/bucuresti\/wp-json\/wp\/v2\/posts\/105481","targetHints":{"allow":["GET"]}}],"collection":[{"href":"https:\/\/buletin.de\/bucuresti\/wp-json\/wp\/v2\/posts"}],"about":[{"href":"https:\/\/buletin.de\/bucuresti\/wp-json\/wp\/v2\/types\/post"}],"author":[{"embeddable":true,"href":"https:\/\/buletin.de\/bucuresti\/wp-json\/wp\/v2\/users\/10"}],"replies":[{"embeddable":true,"href":"https:\/\/buletin.de\/bucuresti\/wp-json\/wp\/v2\/comments?post=105481"}],"version-history":[{"count":6,"href":"https:\/\/buletin.de\/bucuresti\/wp-json\/wp\/v2\/posts\/105481\/revisions"}],"predecessor-version":[{"id":105890,"href":"https:\/\/buletin.de\/bucuresti\/wp-json\/wp\/v2\/posts\/105481\/revisions\/105890"}],"wp:featuredmedia":[{"embeddable":true,"href":"https:\/\/buletin.de\/bucuresti\/wp-json\/wp\/v2\/media\/105483"}],"wp:attachment":[{"href":"https:\/\/buletin.de\/bucuresti\/wp-json\/wp\/v2\/media?parent=105481"}],"wp:term":[{"taxonomy":"category","embeddable":true,"href":"https:\/\/buletin.de\/bucuresti\/wp-json\/wp\/v2\/categories?post=105481"},{"taxonomy":"post_tag","embeddable":true,"href":"https:\/\/buletin.de\/bucuresti\/wp-json\/wp\/v2\/tags?post=105481"},{"taxonomy":"author","embeddable":true,"href":"https:\/\/buletin.de\/bucuresti\/wp-json\/wp\/v2\/ppma_author?post=105481"}],"curies":[{"name":"wp","href":"https:\/\/api.w.org\/{rel}","templated":true}]}}