{"id":105416,"date":"2024-11-07T11:59:36","date_gmt":"2024-11-07T08:59:36","guid":{"rendered":"https:\/\/buletin.de\/bucuresti\/?p=105416"},"modified":"2024-11-08T00:50:54","modified_gmt":"2024-11-07T21:50:54","slug":"video-cum-arata-cocoasa-de-la-focsani-a-autostrazii-bucuresti-moldova","status":"publish","type":"post","link":"https:\/\/buletin.de\/bucuresti\/video-cum-arata-cocoasa-de-la-focsani-a-autostrazii-bucuresti-moldova\/","title":{"rendered":"VIDEO | Cum arat\u0103 \u201ecocoa\u0219a de la Foc\u0219ani\u201d a autostr\u0103zii Bucure\u0219ti-Moldova"},"content":{"rendered":"\n<p><strong>Autostrada Bucure\u0219ti-Moldova prime\u0219te \u00eenc\u0103 11 kilometri pe l\u00e2ng\u0103 cei aproape 20 de kilometri aferen\u021bi centurii municipiului Bac\u0103u, da\u021bi \u00een folosin\u021b\u0103 \u00een 2020. Lotul 4 al tronsonului Buz\u0103u-Foc\u0219ani, anun\u021bat\u0103 pentru inaugurare pe 7 noiembrie, poart\u0103 numele de \u201ecocoa\u0219a de la Foc\u0219ani\u201d.<\/strong><\/p>\n\n\n\n<p><a href=\"https:\/\/www.youtube.com\/watch?v=kmm6DaG_cR4\">O filmare aerian\u0103<\/a>, realizat\u0103 pe 5 noiembrie, cu ultimii kilometri ai lotului 4 Buz\u0103u-Foc\u0219ani al Autostr\u0103zii A7, surprinde mai multe echipe de muncitori care lucreaz\u0103 la ultimele detalii ale tronsonului de autostrad\u0103. \u00cen imagini se observ\u0103 marcajele rutiere proasp\u0103t aplicate, parape\u021bii metalici de siguran\u021b\u0103 \u0219i nodurile rutiere complexe, cu bretele de acces.<\/p>\n\n\n\n<iframe width=\"560\" height=\"315\" src=\"https:\/\/www.youtube.com\/embed\/kmm6DaG_cR4?si=hW3F4r3FEQO7WCN0\" title=\"YouTube video player\" frameborder=\"0\" allow=\"accelerometer; autoplay; clipboard-write; encrypted-media; gyroscope; picture-in-picture; web-share\" referrerpolicy=\"strict-origin-when-cross-origin\" allowfullscreen><\/iframe>\n\n\n\n<p>Segmentul de \u0219osea de mare vitez\u0103 a fost supranumit &#8220;cocoa\u0219a de la Foc\u0219ani&#8221; din cauza traseului s\u0103u ocolitor, care adaug\u0103 kilometri \u00een plus fa\u021b\u0103 de o rut\u0103 direct\u0103. Decizia a st\u00e2rnit controverse, fiind atribuit\u0103 unor interese locale \u0219i imobiliare.<\/p>\n\n\n\n<p>CITE\u0218TE \u0218I <a href=\"https:\/\/buletin.de\/bucuresti\/video-autostrada-bucuresti-chinezii-sau-conectat-la-autostrada-muzeu-din-nordul-capitalei-si-lucreaza-la-bretelele-de-acces-catre-e85\/\"><strong>Autostrada Bucure\u0219ti: Chinezii s-au conectat la autostrada \u201emuzeu\u201d din Nordul Capitalei \u0219i lucreaz\u0103 la bretelele de acces c\u0103tre E85<\/strong><\/a><\/p>\n\n\n\n<h2 class=\"wp-block-heading\" id=\"h-cocoa\u0219a-de-la-foc\u0219ani-a-autostrazii-bucure\u0219ti-moldova\">\u201eCocoa\u0219a de la Foc\u0219ani\u201d a autostr\u0103zii Bucure\u0219ti-Moldova<\/h2>\n\n\n\n<p><strong><a href=\"https:\/\/hotnews.ro\/video-se-inaugureaza-cocoasa-de-la-focsani-se-dau-in-circulatie-11-km-din-autostrada-moldovei-cum-arata-tronsonul-care-se-deschide-azi-1829986\">Hotnews.ro scria \u00een 2020<\/a> ca \u201edevierea\u201d a costat 20 de milioane de euro \u00een plus \u0219i \u00eenseamn\u0103 un ocol de circa 5 kilometri pe care zeci de mii de \u0219oferi \u00eel vor face zilnic de acum \u00eencolo.<\/strong><\/p>\n\n\n\n<p>Potrivit reprezentan\u021bilor Asocia\u021biei Pro Infrastructur\u0103, \u201e<em>din p\u0103cate, \u0219oferii nu se vor putea bucura \u0219i de drumul de leg\u0103tur\u0103 dintre DN2 \u0219i DN2D care va func\u021biona ca o centur\u0103 de nord a ora\u0219ului. Pasajul peste calea ferat\u0103 are dou\u0103 pile blocate de o linie electric\u0103 aerian\u0103 ce va fi relocat\u0103 \u00een cur\u00e2nd<\/em>\u201d.<\/p>\n\n\n\n<iframe src=\"https:\/\/www.facebook.com\/plugins\/post.php?href=https%3A%2F%2Fwww.facebook.com%2Fproinfrastructura%2Fposts%2Fpfbid02XeCECPrTr6Xj9ddm2YvGrJhDWpUAD71Bzr9vSJFhPYnrAPotWkMqfvkuC2LAPVDol&#038;show_text=true&#038;width=500\" width=\"500\" height=\"250\" style=\"border:none;overflow:hidden\" scrolling=\"no\" frameborder=\"0\" allowfullscreen=\"true\" allow=\"autoplay; clipboard-write; encrypted-media; picture-in-picture; web-share\"><\/iframe>\n\n\n\n<p>Contractul pentru execu\u021bia lucr\u0103rilor a fost semnat pe 6 septembrie 2022, iar cel de supervizare pe 4 octombrie 2023. Proiectul a inclus construc\u021bia a 7 poduri, pasaje ori viaducte \u0219i dou\u0103 noduri rutiere, cel mai important fiind cel de la nord de Foc\u0219ani, de pe E85.<\/p>\n\n\n\n<p><strong>CITE\u0218TE \u0218I: <a href=\"https:\/\/buletin.de\/bucuresti\/trei-notari-din-bucuresti-implicati-intr-un-dosar-penal-privind-eliberarea-nelegala-de-certificate-de-mostenitor-in-bucuresti-si-ilfov\/\">Trei notari din Bucure\u0219ti, implica\u021bi \u00eentr-un dosar penal privind eliberarea nelegal\u0103 de certificate de mo\u015ftenitor \u00een Bucure\u015fti \u015fi Ilfov<\/a><\/strong><\/p>\n","protected":false},"excerpt":{"rendered":"<p>Autostrada Bucure\u0219ti-Moldova prime\u0219te \u00eenc\u0103 11 kilometri pe l\u00e2ng\u0103 cei aproape 20 de kilometri aferen\u021bi centurii municipiului Bac\u0103u, da\u021bi \u00een folosin\u021b\u0103 \u00een 2020. Lotul 4 al tronsonului Buz\u0103u-Foc\u0219ani, anun\u021bat\u0103 pentru inaugurare pe 7 noiembrie, poart\u0103 numele de \u201ecocoa\u0219a de la Foc\u0219ani\u201d. O filmare aerian\u0103, realizat\u0103 pe 5 noiembrie, cu ultimii kilometri ai lotului 4 Buz\u0103u-Foc\u0219ani al [&hellip;]<\/p>\n","protected":false},"author":10,"featured_media":105418,"comment_status":"closed","ping_status":"open","sticky":false,"template":"","format":"standard","meta":{"_acf_changed":false,"inline_featured_image":false,"ngg_post_thumbnail":0,"footnotes":""},"categories":[6994,5762,650],"tags":[7698,16647,2648,5858,16642,5481],"ppma_author":[22575],"class_list":["post-105416","post","type-post","status-publish","format-standard","has-post-thumbnail","hentry","category-stiri-2","category-main","category-transport","tag-buzau","tag-cocoasa","tag-cost","tag-denumire","tag-focsani","tag-kilometri"],"acf":[],"yoast_head":"<!-- This site is optimized with the Yoast SEO Premium plugin v25.3 (Yoast SEO v27.4) - https:\/\/yoast.com\/product\/yoast-seo-premium-wordpress\/ -->\n<title>VIDEO | Cum arat\u0103 \u201ecocoa\u0219a de la Foc\u0219ani\u201d a autostr\u0103zii Bucure\u0219ti-Moldova - Buletin de Bucure\u0219ti<\/title>\n<meta name=\"description\" content=\"Lotul 4 al tronsonului Buz\u0103u-Foc\u0219ani, de pe Autostrada Bucure\u0219ti-Moldova, poart\u0103 numele de \u201ecocoa\u0219a de la Foc\u0219ani\u201d.\" \/>\n<meta name=\"robots\" content=\"index, follow, max-snippet:-1, max-image-preview:large, max-video-preview:-1\" \/>\n<link rel=\"canonical\" href=\"https:\/\/buletin.de\/bucuresti\/video-cum-arata-cocoasa-de-la-focsani-a-autostrazii-bucuresti-moldova\/\" \/>\n<meta property=\"og:locale\" content=\"en_GB\" \/>\n<meta property=\"og:type\" content=\"article\" \/>\n<meta property=\"og:title\" content=\"VIDEO | Cum arat\u0103 \u201ecocoa\u0219a de la Foc\u0219ani\u201d a autostr\u0103zii Bucure\u0219ti-Moldova\" \/>\n<meta property=\"og:description\" content=\"Lotul 4 al tronsonului Buz\u0103u-Foc\u0219ani, de pe Autostrada Bucure\u0219ti-Moldova, poart\u0103 numele de \u201ecocoa\u0219a de la Foc\u0219ani\u201d.\" \/>\n<meta property=\"og:url\" content=\"https:\/\/buletin.de\/bucuresti\/video-cum-arata-cocoasa-de-la-focsani-a-autostrazii-bucuresti-moldova\/\" \/>\n<meta property=\"og:site_name\" content=\"Buletin de Bucure\u0219ti\" \/>\n<meta property=\"article:publisher\" content=\"https:\/\/www.facebook.com\/buletin.de.buc\" \/>\n<meta property=\"article:published_time\" content=\"2024-11-07T08:59:36+00:00\" \/>\n<meta property=\"article:modified_time\" content=\"2024-11-07T21:50:54+00:00\" \/>\n<meta property=\"og:image\" content=\"https:\/\/buletin.de\/bucuresti\/wp-content\/uploads\/cocoasa-de-la-focsani.jpg\" \/>\n\t<meta property=\"og:image:width\" content=\"2000\" \/>\n\t<meta property=\"og:image:height\" content=\"938\" \/>\n\t<meta property=\"og:image:type\" content=\"image\/jpeg\" \/>\n<meta name=\"author\" content=\"C\u0103t\u0103lin Dosca\u0219\" \/>\n<meta name=\"twitter:card\" content=\"summary_large_image\" \/>\n<meta name=\"twitter:label1\" content=\"Written by\" \/>\n\t<meta name=\"twitter:data1\" content=\"C\u0103t\u0103lin Dosca\u0219\" \/>\n\t<meta name=\"twitter:label2\" content=\"Estimated reading time\" \/>\n\t<meta name=\"twitter:data2\" content=\"2 minutes\" \/>\n<script type=\"application\/ld+json\" class=\"yoast-schema-graph\">{\"@context\":\"https:\\\/\\\/schema.org\",\"@graph\":[{\"@type\":\"Article\",\"@id\":\"https:\\\/\\\/buletin.de\\\/bucuresti\\\/video-cum-arata-cocoasa-de-la-focsani-a-autostrazii-bucuresti-moldova\\\/#article\",\"isPartOf\":{\"@id\":\"https:\\\/\\\/buletin.de\\\/bucuresti\\\/video-cum-arata-cocoasa-de-la-focsani-a-autostrazii-bucuresti-moldova\\\/\"},\"author\":{\"name\":\"C\u0103t\u0103lin Dosca\u0219\",\"@id\":\"https:\\\/\\\/buletin.de\\\/bucuresti\\\/#\\\/schema\\\/person\\\/31117187ed4d0bdb0a4c7d6acc79d0f8\"},\"headline\":\"VIDEO | Cum arat\u0103 \u201ecocoa\u0219a de la Foc\u0219ani\u201d a autostr\u0103zii Bucure\u0219ti-Moldova\",\"datePublished\":\"2024-11-07T08:59:36+00:00\",\"dateModified\":\"2024-11-07T21:50:54+00:00\",\"mainEntityOfPage\":{\"@id\":\"https:\\\/\\\/buletin.de\\\/bucuresti\\\/video-cum-arata-cocoasa-de-la-focsani-a-autostrazii-bucuresti-moldova\\\/\"},\"wordCount\":358,\"publisher\":{\"@id\":\"https:\\\/\\\/buletin.de\\\/bucuresti\\\/#organization\"},\"image\":{\"@id\":\"https:\\\/\\\/buletin.de\\\/bucuresti\\\/video-cum-arata-cocoasa-de-la-focsani-a-autostrazii-bucuresti-moldova\\\/#primaryimage\"},\"thumbnailUrl\":\"https:\\\/\\\/buletin.de\\\/bucuresti\\\/wp-content\\\/uploads\\\/cocoasa-de-la-focsani.jpg\",\"keywords\":[\"buzau\",\"cocoasa\",\"cost\",\"denumire\",\"Foc\u0219ani\",\"kilometri\"],\"articleSection\":[\"Articole\",\"Main\",\"Transport\"],\"inLanguage\":\"en-GB\",\"copyrightYear\":\"2024\",\"copyrightHolder\":{\"@id\":\"https:\\\/\\\/buletin.de\\\/bucuresti\\\/#organization\"}},{\"@type\":\"WebPage\",\"@id\":\"https:\\\/\\\/buletin.de\\\/bucuresti\\\/video-cum-arata-cocoasa-de-la-focsani-a-autostrazii-bucuresti-moldova\\\/\",\"url\":\"https:\\\/\\\/buletin.de\\\/bucuresti\\\/video-cum-arata-cocoasa-de-la-focsani-a-autostrazii-bucuresti-moldova\\\/\",\"name\":\"VIDEO | Cum arat\u0103 \u201ecocoa\u0219a de la Foc\u0219ani\u201d a autostr\u0103zii Bucure\u0219ti-Moldova - Buletin de Bucure\u0219ti\",\"isPartOf\":{\"@id\":\"https:\\\/\\\/buletin.de\\\/bucuresti\\\/#website\"},\"primaryImageOfPage\":{\"@id\":\"https:\\\/\\\/buletin.de\\\/bucuresti\\\/video-cum-arata-cocoasa-de-la-focsani-a-autostrazii-bucuresti-moldova\\\/#primaryimage\"},\"image\":{\"@id\":\"https:\\\/\\\/buletin.de\\\/bucuresti\\\/video-cum-arata-cocoasa-de-la-focsani-a-autostrazii-bucuresti-moldova\\\/#primaryimage\"},\"thumbnailUrl\":\"https:\\\/\\\/buletin.de\\\/bucuresti\\\/wp-content\\\/uploads\\\/cocoasa-de-la-focsani.jpg\",\"datePublished\":\"2024-11-07T08:59:36+00:00\",\"dateModified\":\"2024-11-07T21:50:54+00:00\",\"description\":\"Lotul 4 al tronsonului Buz\u0103u-Foc\u0219ani, de pe Autostrada Bucure\u0219ti-Moldova, poart\u0103 numele de \u201ecocoa\u0219a de la Foc\u0219ani\u201d.\",\"breadcrumb\":{\"@id\":\"https:\\\/\\\/buletin.de\\\/bucuresti\\\/video-cum-arata-cocoasa-de-la-focsani-a-autostrazii-bucuresti-moldova\\\/#breadcrumb\"},\"inLanguage\":\"en-GB\",\"potentialAction\":[{\"@type\":\"ReadAction\",\"target\":[\"https:\\\/\\\/buletin.de\\\/bucuresti\\\/video-cum-arata-cocoasa-de-la-focsani-a-autostrazii-bucuresti-moldova\\\/\"]}]},{\"@type\":\"ImageObject\",\"inLanguage\":\"en-GB\",\"@id\":\"https:\\\/\\\/buletin.de\\\/bucuresti\\\/video-cum-arata-cocoasa-de-la-focsani-a-autostrazii-bucuresti-moldova\\\/#primaryimage\",\"url\":\"https:\\\/\\\/buletin.de\\\/bucuresti\\\/wp-content\\\/uploads\\\/cocoasa-de-la-focsani.jpg\",\"contentUrl\":\"https:\\\/\\\/buletin.de\\\/bucuresti\\\/wp-content\\\/uploads\\\/cocoasa-de-la-focsani.jpg\",\"width\":2000,\"height\":938,\"caption\":\"Cocoasa de la Focsani. Foto: Captur\u0103 YouTube\"},{\"@type\":\"BreadcrumbList\",\"@id\":\"https:\\\/\\\/buletin.de\\\/bucuresti\\\/video-cum-arata-cocoasa-de-la-focsani-a-autostrazii-bucuresti-moldova\\\/#breadcrumb\",\"itemListElement\":[{\"@type\":\"ListItem\",\"position\":1,\"name\":\"Acas\u0103\",\"item\":\"https:\\\/\\\/buletin.de\\\/bucuresti\\\/\"},{\"@type\":\"ListItem\",\"position\":2,\"name\":\"VIDEO | Cum arat\u0103 \u201ecocoa\u0219a de la Foc\u0219ani\u201d a autostr\u0103zii Bucure\u0219ti-Moldova\"}]},{\"@type\":\"WebSite\",\"@id\":\"https:\\\/\\\/buletin.de\\\/bucuresti\\\/#website\",\"url\":\"https:\\\/\\\/buletin.de\\\/bucuresti\\\/\",\"name\":\"Buletin de Bucure\u0219ti\",\"description\":\"\u0218tiri \u0219i investiga\u021bii esen\u021biale din capital\u0103\",\"publisher\":{\"@id\":\"https:\\\/\\\/buletin.de\\\/bucuresti\\\/#organization\"},\"potentialAction\":[{\"@type\":\"SearchAction\",\"target\":{\"@type\":\"EntryPoint\",\"urlTemplate\":\"https:\\\/\\\/buletin.de\\\/bucuresti\\\/?s={search_term_string}\"},\"query-input\":{\"@type\":\"PropertyValueSpecification\",\"valueRequired\":true,\"valueName\":\"search_term_string\"}}],\"inLanguage\":\"en-GB\"},{\"@type\":\"Organization\",\"@id\":\"https:\\\/\\\/buletin.de\\\/bucuresti\\\/#organization\",\"name\":\"Buletin de Bucure\u0219ti\",\"url\":\"https:\\\/\\\/buletin.de\\\/bucuresti\\\/\",\"logo\":{\"@type\":\"ImageObject\",\"inLanguage\":\"en-GB\",\"@id\":\"https:\\\/\\\/buletin.de\\\/bucuresti\\\/#\\\/schema\\\/logo\\\/image\\\/\",\"url\":\"https:\\\/\\\/buletin.de\\\/bucuresti\\\/wp-content\\\/uploads\\\/logo-bdb-full-wide-vernil-transparent.png\",\"contentUrl\":\"https:\\\/\\\/buletin.de\\\/bucuresti\\\/wp-content\\\/uploads\\\/logo-bdb-full-wide-vernil-transparent.png\",\"width\":1782,\"height\":626,\"caption\":\"Buletin de Bucure\u0219ti\"},\"image\":{\"@id\":\"https:\\\/\\\/buletin.de\\\/bucuresti\\\/#\\\/schema\\\/logo\\\/image\\\/\"},\"sameAs\":[\"https:\\\/\\\/www.facebook.com\\\/buletin.de.buc\",\"https:\\\/\\\/www.instagram.com\\\/buletinde.bucuresti\\\/\"]},{\"@type\":\"Person\",\"@id\":\"https:\\\/\\\/buletin.de\\\/bucuresti\\\/#\\\/schema\\\/person\\\/31117187ed4d0bdb0a4c7d6acc79d0f8\",\"name\":\"C\u0103t\u0103lin Dosca\u0219\",\"image\":{\"@type\":\"ImageObject\",\"inLanguage\":\"en-GB\",\"@id\":\"https:\\\/\\\/buletin.de\\\/bucuresti\\\/wp-content\\\/uploads\\\/Catalin-Doscas-e1732731064764-96x96.jpga93e2943bb3b1c1f9ead823df6e6317a\",\"url\":\"https:\\\/\\\/buletin.de\\\/bucuresti\\\/wp-content\\\/uploads\\\/Catalin-Doscas-e1732731064764-96x96.jpg\",\"contentUrl\":\"https:\\\/\\\/buletin.de\\\/bucuresti\\\/wp-content\\\/uploads\\\/Catalin-Doscas-e1732731064764-96x96.jpg\",\"caption\":\"C\u0103t\u0103lin Dosca\u0219\"},\"description\":\"Reporter \u0219i redactor-\u0219ef Buletin de Bucure\u0219ti. Lucreaz\u0103 \u00een mass-media de la v\u00e2rsta de 15 ani, c\u00e2nd a publicat primele articole \u00een presa local\u0103 din Tecuci. \u00cen Bucure\u0219ti a lucrat \u00een redac\u021bii radio ca reporter, redactor \u0219i prezentator (StudentFM, Na\u021bionalFM, Radio Total, Smart FM), unde a acoperit domeniile politic, economic, social \u0219i externe. Ulterior, a fost editor-coordonator al postului Realitatea FM. Experien\u021ba \u00een jurnalismul online a dob\u00e2ndit-o la portalul B365.ro, unde a fost editor. \u00cen 2012 s-a angajat \u00een televiziune. La Realitatea TV a fost, pe r\u00e2nd, reporter la sec\u021bia Social, reporter special la emisiunea de reportaje \u0219i anchete \u201eReporterii Realit\u0103\u021bii\u201d, dar \u0219i editor al jurnalelor de \u0219tiri. Ulterior, a f\u0103cut parte din sec\u021bia de Investiga\u021bii de la Digi24 \u0219i a lucrat la campania \u201eRom\u00e2nia furat\u0103\u201d. A revenit \u00een presa scris\u0103 \u00een 2017, ca reporter special, \u00een cadrul unui proiect de repozi\u021bionare a tabloidului Libertatea \u00een cotidian generalist. Este jurnalist Buletin de Bucure\u0219ti din 2019.\",\"url\":\"https:\\\/\\\/buletin.de\\\/bucuresti\\\/author\\\/catalin\\\/\"}]}<\/script>\n<!-- \/ Yoast SEO Premium plugin. -->","yoast_head_json":{"title":"VIDEO | Cum arat\u0103 \u201ecocoa\u0219a de la Foc\u0219ani\u201d a autostr\u0103zii Bucure\u0219ti-Moldova - Buletin de Bucure\u0219ti","description":"Lotul 4 al tronsonului Buz\u0103u-Foc\u0219ani, de pe Autostrada Bucure\u0219ti-Moldova, poart\u0103 numele de \u201ecocoa\u0219a de la Foc\u0219ani\u201d.","robots":{"index":"index","follow":"follow","max-snippet":"max-snippet:-1","max-image-preview":"max-image-preview:large","max-video-preview":"max-video-preview:-1"},"canonical":"https:\/\/buletin.de\/bucuresti\/video-cum-arata-cocoasa-de-la-focsani-a-autostrazii-bucuresti-moldova\/","og_locale":"en_GB","og_type":"article","og_title":"VIDEO | Cum arat\u0103 \u201ecocoa\u0219a de la Foc\u0219ani\u201d a autostr\u0103zii Bucure\u0219ti-Moldova","og_description":"Lotul 4 al tronsonului Buz\u0103u-Foc\u0219ani, de pe Autostrada Bucure\u0219ti-Moldova, poart\u0103 numele de \u201ecocoa\u0219a de la Foc\u0219ani\u201d.","og_url":"https:\/\/buletin.de\/bucuresti\/video-cum-arata-cocoasa-de-la-focsani-a-autostrazii-bucuresti-moldova\/","og_site_name":"Buletin de Bucure\u0219ti","article_publisher":"https:\/\/www.facebook.com\/buletin.de.buc","article_published_time":"2024-11-07T08:59:36+00:00","article_modified_time":"2024-11-07T21:50:54+00:00","og_image":[{"width":2000,"height":938,"url":"https:\/\/buletin.de\/bucuresti\/wp-content\/uploads\/cocoasa-de-la-focsani.jpg","type":"image\/jpeg"}],"author":"C\u0103t\u0103lin Dosca\u0219","twitter_card":"summary_large_image","twitter_misc":{"Written by":"C\u0103t\u0103lin Dosca\u0219","Estimated reading time":"2 minutes"},"schema":{"@context":"https:\/\/schema.org","@graph":[{"@type":"Article","@id":"https:\/\/buletin.de\/bucuresti\/video-cum-arata-cocoasa-de-la-focsani-a-autostrazii-bucuresti-moldova\/#article","isPartOf":{"@id":"https:\/\/buletin.de\/bucuresti\/video-cum-arata-cocoasa-de-la-focsani-a-autostrazii-bucuresti-moldova\/"},"author":{"name":"C\u0103t\u0103lin Dosca\u0219","@id":"https:\/\/buletin.de\/bucuresti\/#\/schema\/person\/31117187ed4d0bdb0a4c7d6acc79d0f8"},"headline":"VIDEO | Cum arat\u0103 \u201ecocoa\u0219a de la Foc\u0219ani\u201d a autostr\u0103zii Bucure\u0219ti-Moldova","datePublished":"2024-11-07T08:59:36+00:00","dateModified":"2024-11-07T21:50:54+00:00","mainEntityOfPage":{"@id":"https:\/\/buletin.de\/bucuresti\/video-cum-arata-cocoasa-de-la-focsani-a-autostrazii-bucuresti-moldova\/"},"wordCount":358,"publisher":{"@id":"https:\/\/buletin.de\/bucuresti\/#organization"},"image":{"@id":"https:\/\/buletin.de\/bucuresti\/video-cum-arata-cocoasa-de-la-focsani-a-autostrazii-bucuresti-moldova\/#primaryimage"},"thumbnailUrl":"https:\/\/buletin.de\/bucuresti\/wp-content\/uploads\/cocoasa-de-la-focsani.jpg","keywords":["buzau","cocoasa","cost","denumire","Foc\u0219ani","kilometri"],"articleSection":["Articole","Main","Transport"],"inLanguage":"en-GB","copyrightYear":"2024","copyrightHolder":{"@id":"https:\/\/buletin.de\/bucuresti\/#organization"}},{"@type":"WebPage","@id":"https:\/\/buletin.de\/bucuresti\/video-cum-arata-cocoasa-de-la-focsani-a-autostrazii-bucuresti-moldova\/","url":"https:\/\/buletin.de\/bucuresti\/video-cum-arata-cocoasa-de-la-focsani-a-autostrazii-bucuresti-moldova\/","name":"VIDEO | Cum arat\u0103 \u201ecocoa\u0219a de la Foc\u0219ani\u201d a autostr\u0103zii Bucure\u0219ti-Moldova - Buletin de Bucure\u0219ti","isPartOf":{"@id":"https:\/\/buletin.de\/bucuresti\/#website"},"primaryImageOfPage":{"@id":"https:\/\/buletin.de\/bucuresti\/video-cum-arata-cocoasa-de-la-focsani-a-autostrazii-bucuresti-moldova\/#primaryimage"},"image":{"@id":"https:\/\/buletin.de\/bucuresti\/video-cum-arata-cocoasa-de-la-focsani-a-autostrazii-bucuresti-moldova\/#primaryimage"},"thumbnailUrl":"https:\/\/buletin.de\/bucuresti\/wp-content\/uploads\/cocoasa-de-la-focsani.jpg","datePublished":"2024-11-07T08:59:36+00:00","dateModified":"2024-11-07T21:50:54+00:00","description":"Lotul 4 al tronsonului Buz\u0103u-Foc\u0219ani, de pe Autostrada Bucure\u0219ti-Moldova, poart\u0103 numele de \u201ecocoa\u0219a de la Foc\u0219ani\u201d.","breadcrumb":{"@id":"https:\/\/buletin.de\/bucuresti\/video-cum-arata-cocoasa-de-la-focsani-a-autostrazii-bucuresti-moldova\/#breadcrumb"},"inLanguage":"en-GB","potentialAction":[{"@type":"ReadAction","target":["https:\/\/buletin.de\/bucuresti\/video-cum-arata-cocoasa-de-la-focsani-a-autostrazii-bucuresti-moldova\/"]}]},{"@type":"ImageObject","inLanguage":"en-GB","@id":"https:\/\/buletin.de\/bucuresti\/video-cum-arata-cocoasa-de-la-focsani-a-autostrazii-bucuresti-moldova\/#primaryimage","url":"https:\/\/buletin.de\/bucuresti\/wp-content\/uploads\/cocoasa-de-la-focsani.jpg","contentUrl":"https:\/\/buletin.de\/bucuresti\/wp-content\/uploads\/cocoasa-de-la-focsani.jpg","width":2000,"height":938,"caption":"Cocoasa de la Focsani. Foto: Captur\u0103 YouTube"},{"@type":"BreadcrumbList","@id":"https:\/\/buletin.de\/bucuresti\/video-cum-arata-cocoasa-de-la-focsani-a-autostrazii-bucuresti-moldova\/#breadcrumb","itemListElement":[{"@type":"ListItem","position":1,"name":"Acas\u0103","item":"https:\/\/buletin.de\/bucuresti\/"},{"@type":"ListItem","position":2,"name":"VIDEO | Cum arat\u0103 \u201ecocoa\u0219a de la Foc\u0219ani\u201d a autostr\u0103zii Bucure\u0219ti-Moldova"}]},{"@type":"WebSite","@id":"https:\/\/buletin.de\/bucuresti\/#website","url":"https:\/\/buletin.de\/bucuresti\/","name":"Buletin de Bucure\u0219ti","description":"\u0218tiri \u0219i investiga\u021bii esen\u021biale din capital\u0103","publisher":{"@id":"https:\/\/buletin.de\/bucuresti\/#organization"},"potentialAction":[{"@type":"SearchAction","target":{"@type":"EntryPoint","urlTemplate":"https:\/\/buletin.de\/bucuresti\/?s={search_term_string}"},"query-input":{"@type":"PropertyValueSpecification","valueRequired":true,"valueName":"search_term_string"}}],"inLanguage":"en-GB"},{"@type":"Organization","@id":"https:\/\/buletin.de\/bucuresti\/#organization","name":"Buletin de Bucure\u0219ti","url":"https:\/\/buletin.de\/bucuresti\/","logo":{"@type":"ImageObject","inLanguage":"en-GB","@id":"https:\/\/buletin.de\/bucuresti\/#\/schema\/logo\/image\/","url":"https:\/\/buletin.de\/bucuresti\/wp-content\/uploads\/logo-bdb-full-wide-vernil-transparent.png","contentUrl":"https:\/\/buletin.de\/bucuresti\/wp-content\/uploads\/logo-bdb-full-wide-vernil-transparent.png","width":1782,"height":626,"caption":"Buletin de Bucure\u0219ti"},"image":{"@id":"https:\/\/buletin.de\/bucuresti\/#\/schema\/logo\/image\/"},"sameAs":["https:\/\/www.facebook.com\/buletin.de.buc","https:\/\/www.instagram.com\/buletinde.bucuresti\/"]},{"@type":"Person","@id":"https:\/\/buletin.de\/bucuresti\/#\/schema\/person\/31117187ed4d0bdb0a4c7d6acc79d0f8","name":"C\u0103t\u0103lin Dosca\u0219","image":{"@type":"ImageObject","inLanguage":"en-GB","@id":"https:\/\/buletin.de\/bucuresti\/wp-content\/uploads\/Catalin-Doscas-e1732731064764-96x96.jpga93e2943bb3b1c1f9ead823df6e6317a","url":"https:\/\/buletin.de\/bucuresti\/wp-content\/uploads\/Catalin-Doscas-e1732731064764-96x96.jpg","contentUrl":"https:\/\/buletin.de\/bucuresti\/wp-content\/uploads\/Catalin-Doscas-e1732731064764-96x96.jpg","caption":"C\u0103t\u0103lin Dosca\u0219"},"description":"Reporter \u0219i redactor-\u0219ef Buletin de Bucure\u0219ti. Lucreaz\u0103 \u00een mass-media de la v\u00e2rsta de 15 ani, c\u00e2nd a publicat primele articole \u00een presa local\u0103 din Tecuci. \u00cen Bucure\u0219ti a lucrat \u00een redac\u021bii radio ca reporter, redactor \u0219i prezentator (StudentFM, Na\u021bionalFM, Radio Total, Smart FM), unde a acoperit domeniile politic, economic, social \u0219i externe. Ulterior, a fost editor-coordonator al postului Realitatea FM. Experien\u021ba \u00een jurnalismul online a dob\u00e2ndit-o la portalul B365.ro, unde a fost editor. \u00cen 2012 s-a angajat \u00een televiziune. La Realitatea TV a fost, pe r\u00e2nd, reporter la sec\u021bia Social, reporter special la emisiunea de reportaje \u0219i anchete \u201eReporterii Realit\u0103\u021bii\u201d, dar \u0219i editor al jurnalelor de \u0219tiri. Ulterior, a f\u0103cut parte din sec\u021bia de Investiga\u021bii de la Digi24 \u0219i a lucrat la campania \u201eRom\u00e2nia furat\u0103\u201d. A revenit \u00een presa scris\u0103 \u00een 2017, ca reporter special, \u00een cadrul unui proiect de repozi\u021bionare a tabloidului Libertatea \u00een cotidian generalist. Este jurnalist Buletin de Bucure\u0219ti din 2019.","url":"https:\/\/buletin.de\/bucuresti\/author\/catalin\/"}]}},"authors":[{"term_id":22575,"user_id":10,"is_guest":0,"slug":"catalin","display_name":"C\u0103t\u0103lin Dosca\u0219","avatar_url":"https:\/\/buletin.de\/bucuresti\/wp-content\/uploads\/Catalin-Doscas-e1732731064764-96x96.jpg","0":null,"1":"","2":"","3":"","4":"","5":"","6":"","7":"","8":""}],"_links":{"self":[{"href":"https:\/\/buletin.de\/bucuresti\/wp-json\/wp\/v2\/posts\/105416","targetHints":{"allow":["GET"]}}],"collection":[{"href":"https:\/\/buletin.de\/bucuresti\/wp-json\/wp\/v2\/posts"}],"about":[{"href":"https:\/\/buletin.de\/bucuresti\/wp-json\/wp\/v2\/types\/post"}],"author":[{"embeddable":true,"href":"https:\/\/buletin.de\/bucuresti\/wp-json\/wp\/v2\/users\/10"}],"replies":[{"embeddable":true,"href":"https:\/\/buletin.de\/bucuresti\/wp-json\/wp\/v2\/comments?post=105416"}],"version-history":[{"count":6,"href":"https:\/\/buletin.de\/bucuresti\/wp-json\/wp\/v2\/posts\/105416\/revisions"}],"predecessor-version":[{"id":105542,"href":"https:\/\/buletin.de\/bucuresti\/wp-json\/wp\/v2\/posts\/105416\/revisions\/105542"}],"wp:featuredmedia":[{"embeddable":true,"href":"https:\/\/buletin.de\/bucuresti\/wp-json\/wp\/v2\/media\/105418"}],"wp:attachment":[{"href":"https:\/\/buletin.de\/bucuresti\/wp-json\/wp\/v2\/media?parent=105416"}],"wp:term":[{"taxonomy":"category","embeddable":true,"href":"https:\/\/buletin.de\/bucuresti\/wp-json\/wp\/v2\/categories?post=105416"},{"taxonomy":"post_tag","embeddable":true,"href":"https:\/\/buletin.de\/bucuresti\/wp-json\/wp\/v2\/tags?post=105416"},{"taxonomy":"author","embeddable":true,"href":"https:\/\/buletin.de\/bucuresti\/wp-json\/wp\/v2\/ppma_author?post=105416"}],"curies":[{"name":"wp","href":"https:\/\/api.w.org\/{rel}","templated":true}]}}