{"id":105414,"date":"2024-11-07T11:54:37","date_gmt":"2024-11-07T08:54:37","guid":{"rendered":"https:\/\/buletin.de\/bucuresti\/?p=105414"},"modified":"2024-11-08T08:51:30","modified_gmt":"2024-11-08T05:51:30","slug":"sectorul-3-noutati-in-aplicatia-primariei-unde-cetatenii-pot-face-sesizari","status":"publish","type":"post","link":"https:\/\/buletin.de\/bucuresti\/sectorul-3-noutati-in-aplicatia-primariei-unde-cetatenii-pot-face-sesizari\/","title":{"rendered":"Sector 3 | Nout\u0103\u021bi \u00een aplica\u021bia Prim\u0103riei, unde cet\u0103\u021benii pot face sesiz\u0103ri"},"content":{"rendered":"\n<p><strong>Nout\u0103\u021bi \u00een aplica\u021bia Prim\u0103riei Sectorului 3 prin care cet\u0103\u021benii pot sesiza problemele administrative cu care se confrunt\u0103. Aplica\u021bia se g\u0103se\u0219te pe site-ul institu\u021biei, dar \u0219i ca variant\u0103 pentru mobil, at\u00e2t Android c\u00e2t \u0219i IOS.<\/strong><\/p>\n\n\n\n<h2 class=\"wp-block-heading\" id=\"h-nouta\u021bi-in-aplica\u021bia-primariei\">Nout\u0103\u021bi \u00een aplica\u021bia prim\u0103riei<\/h2>\n\n\n\n<p>Versiunea \u00eembun\u0103t\u0103\u021bit\u0103 a aplica\u021biei \u00ee\u0219i \u00eent\u00e2mpin\u0103 utilizatorii cu un design nou, mai atractiv, \u0219i un con\u021binut mai bine structurat pentru o experien\u021b\u0103 mai intuitiv\u0103, potrivit unui anun\u021b al Prim\u0103riei Sectorului 3.<\/p>\n\n\n\n<p>\u201ePentru a beneficia \u00een continuare de serviciile aplica\u021biei, este necesar ca utilizatorii de mobil s\u0103 fac\u0103 un update.<\/p>\n\n\n\n<p><strong>Contul de pe portalul de servicii electronice<\/strong><\/p>\n\n\n\n<ul class=\"wp-block-list\">\n<li>Pentru a avea acces la toate func\u021bionalit\u0103\u021bile aplica\u021biei, cet\u0103\u021benii pot utiliza contul pe care \u00eel de\u021bin pe portalul de servicii electronice <a href=\"https:\/\/www.primarie3.ro\/?fbclid=IwZXh0bgNhZW0CMTAAAR07ic1sa4BS0vW6op7t0fwSl7hmMEMbAkkd8XmMX5FKh622bIrHIcLWBm0_aem_Ux5Gnxk3gtzdEQDQmgIieg\" target=\"_blank\" rel=\"noreferrer noopener\">https:\/\/www.primarie3.ro.<\/a><\/li>\n\n\n\n<li>Dac\u0103 utilizatorul nu are un cont, acesta poate fi creat direct din noua versiune a aplica\u021biei sau de pe portal.<\/li>\n<\/ul>\n\n\n\n<p>Not\u0103: Situa\u021biile raportate p\u00e2n\u0103 \u00een prezent prin intermediul aplica\u021biei mobile se vor reg\u0103si \u0219i \u00een noua aplica\u021bie, dac\u0103 adresa de e-mail a contului de portal corespunde cu adresa utilizat\u0103 la raportarea acestora\u201d, arat\u0103 Prim\u0103ria.<\/p>\n\n\n\n<p>Aplica\u021bia permite ca solicit\u0103rile cet\u0103\u021benilor sunt preluate direct de compartimentul responsabil din cadrul prim\u0103riei, iar utilizatorii pot urm\u0103ri permanent stadiul sesiz\u0103rilor at\u00e2t prin notific\u0103rile primite prin e-mail, \u00een aplica\u021bie, c\u00e2t \u0219i pe harta web.<\/p>\n\n\n\n<p>CITE\u0218TE \u0218I:\u00a0<strong><a href=\"https:\/\/buletin.de\/bucuresti\/parlamentare-ilfov-psd-vine-cu-edilul-din-balotesti-mana-dreapta-a-lui-pandele-la-primaria-voluntari-si-un-beneficiar-de-locuinta-sociala-din-otopeni\/\" target=\"_blank\" rel=\"noreferrer noopener\">Parlamentare Ilfov | PSD vine cu edilul din Balote\u0219ti, \u201em\u00e2na dreapt\u0103\u201d a lui Pandele la Prim\u0103ria Voluntari \u0219i un beneficiar de locuin\u021b\u0103 social\u0103 din Otopeni<\/a><\/strong><br><\/p>\n","protected":false},"excerpt":{"rendered":"<p>Nout\u0103\u021bi \u00een aplica\u021bia Prim\u0103riei Sectorului 3 prin care cet\u0103\u021benii pot sesiza problemele administrative cu care se confrunt\u0103. Aplica\u021bia se g\u0103se\u0219te pe site-ul institu\u021biei, dar \u0219i ca variant\u0103 pentru mobil, at\u00e2t Android c\u00e2t \u0219i IOS. Nout\u0103\u021bi \u00een aplica\u021bia prim\u0103riei Versiunea \u00eembun\u0103t\u0103\u021bit\u0103 a aplica\u021biei \u00ee\u0219i \u00eent\u00e2mpin\u0103 utilizatorii cu un design nou, mai atractiv, \u0219i un con\u021binut mai [&hellip;]<\/p>\n","protected":false},"author":1,"featured_media":105417,"comment_status":"closed","ping_status":"open","sticky":false,"template":"","format":"standard","meta":{"_acf_changed":false,"inline_featured_image":false,"ngg_post_thumbnail":0,"footnotes":""},"categories":[6994,5762],"tags":[16644,3174,16645],"ppma_author":[22583],"class_list":["post-105414","post","type-post","status-publish","format-standard","has-post-thumbnail","hentry","category-stiri-2","category-main","tag-aplicatia-primariei","tag-primaria-sectorului-3","tag-sesizari-cetateni"],"acf":[],"yoast_head":"<!-- This site is optimized with the Yoast SEO Premium plugin v25.3 (Yoast SEO v27.4) - https:\/\/yoast.com\/product\/yoast-seo-premium-wordpress\/ -->\n<title>Sector 3 | Nout\u0103\u021bi \u00een aplica\u021bia Prim\u0103riei, unde cet\u0103\u021benii pot face sesiz\u0103ri - Buletin de Bucure\u0219ti<\/title>\n<meta name=\"description\" content=\"Nout\u0103\u021bi \u00een aplica\u021bia Prim\u0103riei Sectorului 3 prin care cet\u0103\u021benii pot sesiza problemele administrative cu care se confrunt\u0103.\" \/>\n<meta name=\"robots\" content=\"index, follow, max-snippet:-1, max-image-preview:large, max-video-preview:-1\" \/>\n<link rel=\"canonical\" href=\"https:\/\/buletin.de\/bucuresti\/sectorul-3-noutati-in-aplicatia-primariei-unde-cetatenii-pot-face-sesizari\/\" \/>\n<meta property=\"og:locale\" content=\"en_GB\" \/>\n<meta property=\"og:type\" content=\"article\" \/>\n<meta property=\"og:title\" content=\"Sector 3 | Nout\u0103\u021bi \u00een aplica\u021bia Prim\u0103riei, unde cet\u0103\u021benii pot face sesiz\u0103ri\" \/>\n<meta property=\"og:description\" content=\"Nout\u0103\u021bi \u00een aplica\u021bia Prim\u0103riei Sectorului 3 prin care cet\u0103\u021benii pot sesiza problemele administrative cu care se confrunt\u0103.\" \/>\n<meta property=\"og:url\" content=\"https:\/\/buletin.de\/bucuresti\/sectorul-3-noutati-in-aplicatia-primariei-unde-cetatenii-pot-face-sesizari\/\" \/>\n<meta property=\"og:site_name\" content=\"Buletin de Bucure\u0219ti\" \/>\n<meta property=\"article:publisher\" content=\"https:\/\/www.facebook.com\/buletin.de.buc\" \/>\n<meta property=\"article:published_time\" content=\"2024-11-07T08:54:37+00:00\" \/>\n<meta property=\"article:modified_time\" content=\"2024-11-08T05:51:30+00:00\" \/>\n<meta property=\"og:image\" content=\"https:\/\/buletin.de\/bucuresti\/wp-content\/uploads\/aplicatiasector3.png\" \/>\n\t<meta property=\"og:image:width\" content=\"1200\" \/>\n\t<meta property=\"og:image:height\" content=\"772\" \/>\n\t<meta property=\"og:image:type\" content=\"image\/png\" \/>\n<meta name=\"author\" content=\"Redac\u021bia Buletin de Bucure\u0219ti\" \/>\n<meta name=\"twitter:card\" content=\"summary_large_image\" \/>\n<meta name=\"twitter:label1\" content=\"Written by\" \/>\n\t<meta name=\"twitter:data1\" content=\"Redac\u021bia Buletin de Bucure\u0219ti\" \/>\n\t<meta name=\"twitter:label2\" content=\"Estimated reading time\" \/>\n\t<meta name=\"twitter:data2\" content=\"2 minutes\" \/>\n<script type=\"application\/ld+json\" class=\"yoast-schema-graph\">{\"@context\":\"https:\\\/\\\/schema.org\",\"@graph\":[{\"@type\":\"Article\",\"@id\":\"https:\\\/\\\/buletin.de\\\/bucuresti\\\/sectorul-3-noutati-in-aplicatia-primariei-unde-cetatenii-pot-face-sesizari\\\/#article\",\"isPartOf\":{\"@id\":\"https:\\\/\\\/buletin.de\\\/bucuresti\\\/sectorul-3-noutati-in-aplicatia-primariei-unde-cetatenii-pot-face-sesizari\\\/\"},\"author\":{\"name\":\"Redac\u021bia Buletin de Bucure\u0219ti\",\"@id\":\"https:\\\/\\\/buletin.de\\\/bucuresti\\\/#\\\/schema\\\/person\\\/2bbcf854e5f2419a13804af574d06ab1\"},\"headline\":\"Sector 3 | Nout\u0103\u021bi \u00een aplica\u021bia Prim\u0103riei, unde cet\u0103\u021benii pot face sesiz\u0103ri\",\"datePublished\":\"2024-11-07T08:54:37+00:00\",\"dateModified\":\"2024-11-08T05:51:30+00:00\",\"mainEntityOfPage\":{\"@id\":\"https:\\\/\\\/buletin.de\\\/bucuresti\\\/sectorul-3-noutati-in-aplicatia-primariei-unde-cetatenii-pot-face-sesizari\\\/\"},\"wordCount\":292,\"publisher\":{\"@id\":\"https:\\\/\\\/buletin.de\\\/bucuresti\\\/#organization\"},\"image\":{\"@id\":\"https:\\\/\\\/buletin.de\\\/bucuresti\\\/sectorul-3-noutati-in-aplicatia-primariei-unde-cetatenii-pot-face-sesizari\\\/#primaryimage\"},\"thumbnailUrl\":\"https:\\\/\\\/buletin.de\\\/bucuresti\\\/wp-content\\\/uploads\\\/aplicatiasector3.png\",\"keywords\":[\"aplicatia primariei\",\"primaria sectorului 3\",\"sesizari cetateni\"],\"articleSection\":[\"Articole\",\"Main\"],\"inLanguage\":\"en-GB\",\"copyrightYear\":\"2024\",\"copyrightHolder\":{\"@id\":\"https:\\\/\\\/buletin.de\\\/bucuresti\\\/#organization\"}},{\"@type\":\"WebPage\",\"@id\":\"https:\\\/\\\/buletin.de\\\/bucuresti\\\/sectorul-3-noutati-in-aplicatia-primariei-unde-cetatenii-pot-face-sesizari\\\/\",\"url\":\"https:\\\/\\\/buletin.de\\\/bucuresti\\\/sectorul-3-noutati-in-aplicatia-primariei-unde-cetatenii-pot-face-sesizari\\\/\",\"name\":\"Sector 3 | Nout\u0103\u021bi \u00een aplica\u021bia Prim\u0103riei, unde cet\u0103\u021benii pot face sesiz\u0103ri - Buletin de Bucure\u0219ti\",\"isPartOf\":{\"@id\":\"https:\\\/\\\/buletin.de\\\/bucuresti\\\/#website\"},\"primaryImageOfPage\":{\"@id\":\"https:\\\/\\\/buletin.de\\\/bucuresti\\\/sectorul-3-noutati-in-aplicatia-primariei-unde-cetatenii-pot-face-sesizari\\\/#primaryimage\"},\"image\":{\"@id\":\"https:\\\/\\\/buletin.de\\\/bucuresti\\\/sectorul-3-noutati-in-aplicatia-primariei-unde-cetatenii-pot-face-sesizari\\\/#primaryimage\"},\"thumbnailUrl\":\"https:\\\/\\\/buletin.de\\\/bucuresti\\\/wp-content\\\/uploads\\\/aplicatiasector3.png\",\"datePublished\":\"2024-11-07T08:54:37+00:00\",\"dateModified\":\"2024-11-08T05:51:30+00:00\",\"description\":\"Nout\u0103\u021bi \u00een aplica\u021bia Prim\u0103riei Sectorului 3 prin care cet\u0103\u021benii pot sesiza problemele administrative cu care se confrunt\u0103.\",\"breadcrumb\":{\"@id\":\"https:\\\/\\\/buletin.de\\\/bucuresti\\\/sectorul-3-noutati-in-aplicatia-primariei-unde-cetatenii-pot-face-sesizari\\\/#breadcrumb\"},\"inLanguage\":\"en-GB\",\"potentialAction\":[{\"@type\":\"ReadAction\",\"target\":[\"https:\\\/\\\/buletin.de\\\/bucuresti\\\/sectorul-3-noutati-in-aplicatia-primariei-unde-cetatenii-pot-face-sesizari\\\/\"]}]},{\"@type\":\"ImageObject\",\"inLanguage\":\"en-GB\",\"@id\":\"https:\\\/\\\/buletin.de\\\/bucuresti\\\/sectorul-3-noutati-in-aplicatia-primariei-unde-cetatenii-pot-face-sesizari\\\/#primaryimage\",\"url\":\"https:\\\/\\\/buletin.de\\\/bucuresti\\\/wp-content\\\/uploads\\\/aplicatiasector3.png\",\"contentUrl\":\"https:\\\/\\\/buletin.de\\\/bucuresti\\\/wp-content\\\/uploads\\\/aplicatiasector3.png\",\"width\":1200,\"height\":772,\"caption\":\"Nout\u0103\u021bi \u00een aplica\u021bia Prim\u0103riei Sector 3\"},{\"@type\":\"BreadcrumbList\",\"@id\":\"https:\\\/\\\/buletin.de\\\/bucuresti\\\/sectorul-3-noutati-in-aplicatia-primariei-unde-cetatenii-pot-face-sesizari\\\/#breadcrumb\",\"itemListElement\":[{\"@type\":\"ListItem\",\"position\":1,\"name\":\"Acas\u0103\",\"item\":\"https:\\\/\\\/buletin.de\\\/bucuresti\\\/\"},{\"@type\":\"ListItem\",\"position\":2,\"name\":\"Sector 3 | Nout\u0103\u021bi \u00een aplica\u021bia Prim\u0103riei, unde cet\u0103\u021benii pot face sesiz\u0103ri\"}]},{\"@type\":\"WebSite\",\"@id\":\"https:\\\/\\\/buletin.de\\\/bucuresti\\\/#website\",\"url\":\"https:\\\/\\\/buletin.de\\\/bucuresti\\\/\",\"name\":\"Buletin de Bucure\u0219ti\",\"description\":\"\u0218tiri \u0219i investiga\u021bii esen\u021biale din capital\u0103\",\"publisher\":{\"@id\":\"https:\\\/\\\/buletin.de\\\/bucuresti\\\/#organization\"},\"potentialAction\":[{\"@type\":\"SearchAction\",\"target\":{\"@type\":\"EntryPoint\",\"urlTemplate\":\"https:\\\/\\\/buletin.de\\\/bucuresti\\\/?s={search_term_string}\"},\"query-input\":{\"@type\":\"PropertyValueSpecification\",\"valueRequired\":true,\"valueName\":\"search_term_string\"}}],\"inLanguage\":\"en-GB\"},{\"@type\":\"Organization\",\"@id\":\"https:\\\/\\\/buletin.de\\\/bucuresti\\\/#organization\",\"name\":\"Buletin de Bucure\u0219ti\",\"url\":\"https:\\\/\\\/buletin.de\\\/bucuresti\\\/\",\"logo\":{\"@type\":\"ImageObject\",\"inLanguage\":\"en-GB\",\"@id\":\"https:\\\/\\\/buletin.de\\\/bucuresti\\\/#\\\/schema\\\/logo\\\/image\\\/\",\"url\":\"https:\\\/\\\/buletin.de\\\/bucuresti\\\/wp-content\\\/uploads\\\/logo-bdb-full-wide-vernil-transparent.png\",\"contentUrl\":\"https:\\\/\\\/buletin.de\\\/bucuresti\\\/wp-content\\\/uploads\\\/logo-bdb-full-wide-vernil-transparent.png\",\"width\":1782,\"height\":626,\"caption\":\"Buletin de Bucure\u0219ti\"},\"image\":{\"@id\":\"https:\\\/\\\/buletin.de\\\/bucuresti\\\/#\\\/schema\\\/logo\\\/image\\\/\"},\"sameAs\":[\"https:\\\/\\\/www.facebook.com\\\/buletin.de.buc\",\"https:\\\/\\\/www.instagram.com\\\/buletinde.bucuresti\\\/\"]},{\"@type\":\"Person\",\"@id\":\"https:\\\/\\\/buletin.de\\\/bucuresti\\\/#\\\/schema\\\/person\\\/2bbcf854e5f2419a13804af574d06ab1\",\"name\":\"Redac\u021bia Buletin de Bucure\u0219ti\",\"image\":{\"@type\":\"ImageObject\",\"inLanguage\":\"en-GB\",\"@id\":\"https:\\\/\\\/secure.gravatar.com\\\/avatar\\\/18c5342381ed1a08620e6280424e3e5efc958618f5d67c522c9e44c1bc6f9226?s=96&d=monsterid&r=g60c7cd0ad92c68c049fcd4bb3504d609\",\"url\":\"https:\\\/\\\/secure.gravatar.com\\\/avatar\\\/18c5342381ed1a08620e6280424e3e5efc958618f5d67c522c9e44c1bc6f9226?s=96&d=monsterid&r=g\",\"contentUrl\":\"https:\\\/\\\/secure.gravatar.com\\\/avatar\\\/18c5342381ed1a08620e6280424e3e5efc958618f5d67c522c9e44c1bc6f9226?s=96&d=monsterid&r=g\",\"caption\":\"Redac\u021bia Buletin de Bucure\u0219ti\"},\"description\":\"Buletin de Bucure\u0219ti exist\u0103 din vara anului 2019.\",\"url\":\"https:\\\/\\\/buletin.de\\\/bucuresti\\\/author\\\/adminbuletin\\\/\"}]}<\/script>\n<!-- \/ Yoast SEO Premium plugin. -->","yoast_head_json":{"title":"Sector 3 | Nout\u0103\u021bi \u00een aplica\u021bia Prim\u0103riei, unde cet\u0103\u021benii pot face sesiz\u0103ri - Buletin de Bucure\u0219ti","description":"Nout\u0103\u021bi \u00een aplica\u021bia Prim\u0103riei Sectorului 3 prin care cet\u0103\u021benii pot sesiza problemele administrative cu care se confrunt\u0103.","robots":{"index":"index","follow":"follow","max-snippet":"max-snippet:-1","max-image-preview":"max-image-preview:large","max-video-preview":"max-video-preview:-1"},"canonical":"https:\/\/buletin.de\/bucuresti\/sectorul-3-noutati-in-aplicatia-primariei-unde-cetatenii-pot-face-sesizari\/","og_locale":"en_GB","og_type":"article","og_title":"Sector 3 | Nout\u0103\u021bi \u00een aplica\u021bia Prim\u0103riei, unde cet\u0103\u021benii pot face sesiz\u0103ri","og_description":"Nout\u0103\u021bi \u00een aplica\u021bia Prim\u0103riei Sectorului 3 prin care cet\u0103\u021benii pot sesiza problemele administrative cu care se confrunt\u0103.","og_url":"https:\/\/buletin.de\/bucuresti\/sectorul-3-noutati-in-aplicatia-primariei-unde-cetatenii-pot-face-sesizari\/","og_site_name":"Buletin de Bucure\u0219ti","article_publisher":"https:\/\/www.facebook.com\/buletin.de.buc","article_published_time":"2024-11-07T08:54:37+00:00","article_modified_time":"2024-11-08T05:51:30+00:00","og_image":[{"width":1200,"height":772,"url":"https:\/\/buletin.de\/bucuresti\/wp-content\/uploads\/aplicatiasector3.png","type":"image\/png"}],"author":"Redac\u021bia Buletin de Bucure\u0219ti","twitter_card":"summary_large_image","twitter_misc":{"Written by":"Redac\u021bia Buletin de Bucure\u0219ti","Estimated reading time":"2 minutes"},"schema":{"@context":"https:\/\/schema.org","@graph":[{"@type":"Article","@id":"https:\/\/buletin.de\/bucuresti\/sectorul-3-noutati-in-aplicatia-primariei-unde-cetatenii-pot-face-sesizari\/#article","isPartOf":{"@id":"https:\/\/buletin.de\/bucuresti\/sectorul-3-noutati-in-aplicatia-primariei-unde-cetatenii-pot-face-sesizari\/"},"author":{"name":"Redac\u021bia Buletin de Bucure\u0219ti","@id":"https:\/\/buletin.de\/bucuresti\/#\/schema\/person\/2bbcf854e5f2419a13804af574d06ab1"},"headline":"Sector 3 | Nout\u0103\u021bi \u00een aplica\u021bia Prim\u0103riei, unde cet\u0103\u021benii pot face sesiz\u0103ri","datePublished":"2024-11-07T08:54:37+00:00","dateModified":"2024-11-08T05:51:30+00:00","mainEntityOfPage":{"@id":"https:\/\/buletin.de\/bucuresti\/sectorul-3-noutati-in-aplicatia-primariei-unde-cetatenii-pot-face-sesizari\/"},"wordCount":292,"publisher":{"@id":"https:\/\/buletin.de\/bucuresti\/#organization"},"image":{"@id":"https:\/\/buletin.de\/bucuresti\/sectorul-3-noutati-in-aplicatia-primariei-unde-cetatenii-pot-face-sesizari\/#primaryimage"},"thumbnailUrl":"https:\/\/buletin.de\/bucuresti\/wp-content\/uploads\/aplicatiasector3.png","keywords":["aplicatia primariei","primaria sectorului 3","sesizari cetateni"],"articleSection":["Articole","Main"],"inLanguage":"en-GB","copyrightYear":"2024","copyrightHolder":{"@id":"https:\/\/buletin.de\/bucuresti\/#organization"}},{"@type":"WebPage","@id":"https:\/\/buletin.de\/bucuresti\/sectorul-3-noutati-in-aplicatia-primariei-unde-cetatenii-pot-face-sesizari\/","url":"https:\/\/buletin.de\/bucuresti\/sectorul-3-noutati-in-aplicatia-primariei-unde-cetatenii-pot-face-sesizari\/","name":"Sector 3 | Nout\u0103\u021bi \u00een aplica\u021bia Prim\u0103riei, unde cet\u0103\u021benii pot face sesiz\u0103ri - Buletin de Bucure\u0219ti","isPartOf":{"@id":"https:\/\/buletin.de\/bucuresti\/#website"},"primaryImageOfPage":{"@id":"https:\/\/buletin.de\/bucuresti\/sectorul-3-noutati-in-aplicatia-primariei-unde-cetatenii-pot-face-sesizari\/#primaryimage"},"image":{"@id":"https:\/\/buletin.de\/bucuresti\/sectorul-3-noutati-in-aplicatia-primariei-unde-cetatenii-pot-face-sesizari\/#primaryimage"},"thumbnailUrl":"https:\/\/buletin.de\/bucuresti\/wp-content\/uploads\/aplicatiasector3.png","datePublished":"2024-11-07T08:54:37+00:00","dateModified":"2024-11-08T05:51:30+00:00","description":"Nout\u0103\u021bi \u00een aplica\u021bia Prim\u0103riei Sectorului 3 prin care cet\u0103\u021benii pot sesiza problemele administrative cu care se confrunt\u0103.","breadcrumb":{"@id":"https:\/\/buletin.de\/bucuresti\/sectorul-3-noutati-in-aplicatia-primariei-unde-cetatenii-pot-face-sesizari\/#breadcrumb"},"inLanguage":"en-GB","potentialAction":[{"@type":"ReadAction","target":["https:\/\/buletin.de\/bucuresti\/sectorul-3-noutati-in-aplicatia-primariei-unde-cetatenii-pot-face-sesizari\/"]}]},{"@type":"ImageObject","inLanguage":"en-GB","@id":"https:\/\/buletin.de\/bucuresti\/sectorul-3-noutati-in-aplicatia-primariei-unde-cetatenii-pot-face-sesizari\/#primaryimage","url":"https:\/\/buletin.de\/bucuresti\/wp-content\/uploads\/aplicatiasector3.png","contentUrl":"https:\/\/buletin.de\/bucuresti\/wp-content\/uploads\/aplicatiasector3.png","width":1200,"height":772,"caption":"Nout\u0103\u021bi \u00een aplica\u021bia Prim\u0103riei Sector 3"},{"@type":"BreadcrumbList","@id":"https:\/\/buletin.de\/bucuresti\/sectorul-3-noutati-in-aplicatia-primariei-unde-cetatenii-pot-face-sesizari\/#breadcrumb","itemListElement":[{"@type":"ListItem","position":1,"name":"Acas\u0103","item":"https:\/\/buletin.de\/bucuresti\/"},{"@type":"ListItem","position":2,"name":"Sector 3 | Nout\u0103\u021bi \u00een aplica\u021bia Prim\u0103riei, unde cet\u0103\u021benii pot face sesiz\u0103ri"}]},{"@type":"WebSite","@id":"https:\/\/buletin.de\/bucuresti\/#website","url":"https:\/\/buletin.de\/bucuresti\/","name":"Buletin de Bucure\u0219ti","description":"\u0218tiri \u0219i investiga\u021bii esen\u021biale din capital\u0103","publisher":{"@id":"https:\/\/buletin.de\/bucuresti\/#organization"},"potentialAction":[{"@type":"SearchAction","target":{"@type":"EntryPoint","urlTemplate":"https:\/\/buletin.de\/bucuresti\/?s={search_term_string}"},"query-input":{"@type":"PropertyValueSpecification","valueRequired":true,"valueName":"search_term_string"}}],"inLanguage":"en-GB"},{"@type":"Organization","@id":"https:\/\/buletin.de\/bucuresti\/#organization","name":"Buletin de Bucure\u0219ti","url":"https:\/\/buletin.de\/bucuresti\/","logo":{"@type":"ImageObject","inLanguage":"en-GB","@id":"https:\/\/buletin.de\/bucuresti\/#\/schema\/logo\/image\/","url":"https:\/\/buletin.de\/bucuresti\/wp-content\/uploads\/logo-bdb-full-wide-vernil-transparent.png","contentUrl":"https:\/\/buletin.de\/bucuresti\/wp-content\/uploads\/logo-bdb-full-wide-vernil-transparent.png","width":1782,"height":626,"caption":"Buletin de Bucure\u0219ti"},"image":{"@id":"https:\/\/buletin.de\/bucuresti\/#\/schema\/logo\/image\/"},"sameAs":["https:\/\/www.facebook.com\/buletin.de.buc","https:\/\/www.instagram.com\/buletinde.bucuresti\/"]},{"@type":"Person","@id":"https:\/\/buletin.de\/bucuresti\/#\/schema\/person\/2bbcf854e5f2419a13804af574d06ab1","name":"Redac\u021bia Buletin de Bucure\u0219ti","image":{"@type":"ImageObject","inLanguage":"en-GB","@id":"https:\/\/secure.gravatar.com\/avatar\/18c5342381ed1a08620e6280424e3e5efc958618f5d67c522c9e44c1bc6f9226?s=96&d=monsterid&r=g60c7cd0ad92c68c049fcd4bb3504d609","url":"https:\/\/secure.gravatar.com\/avatar\/18c5342381ed1a08620e6280424e3e5efc958618f5d67c522c9e44c1bc6f9226?s=96&d=monsterid&r=g","contentUrl":"https:\/\/secure.gravatar.com\/avatar\/18c5342381ed1a08620e6280424e3e5efc958618f5d67c522c9e44c1bc6f9226?s=96&d=monsterid&r=g","caption":"Redac\u021bia Buletin de Bucure\u0219ti"},"description":"Buletin de Bucure\u0219ti exist\u0103 din vara anului 2019.","url":"https:\/\/buletin.de\/bucuresti\/author\/adminbuletin\/"}]}},"authors":[{"term_id":22583,"user_id":1,"is_guest":0,"slug":"adminbuletin","display_name":"Redac\u021bia Buletin de Bucure\u0219ti","avatar_url":"https:\/\/secure.gravatar.com\/avatar\/18c5342381ed1a08620e6280424e3e5efc958618f5d67c522c9e44c1bc6f9226?s=96&d=monsterid&r=g","0":null,"1":"","2":"","3":"","4":"","5":"","6":"","7":"","8":""}],"_links":{"self":[{"href":"https:\/\/buletin.de\/bucuresti\/wp-json\/wp\/v2\/posts\/105414","targetHints":{"allow":["GET"]}}],"collection":[{"href":"https:\/\/buletin.de\/bucuresti\/wp-json\/wp\/v2\/posts"}],"about":[{"href":"https:\/\/buletin.de\/bucuresti\/wp-json\/wp\/v2\/types\/post"}],"author":[{"embeddable":true,"href":"https:\/\/buletin.de\/bucuresti\/wp-json\/wp\/v2\/users\/1"}],"replies":[{"embeddable":true,"href":"https:\/\/buletin.de\/bucuresti\/wp-json\/wp\/v2\/comments?post=105414"}],"version-history":[{"count":3,"href":"https:\/\/buletin.de\/bucuresti\/wp-json\/wp\/v2\/posts\/105414\/revisions"}],"predecessor-version":[{"id":105555,"href":"https:\/\/buletin.de\/bucuresti\/wp-json\/wp\/v2\/posts\/105414\/revisions\/105555"}],"wp:featuredmedia":[{"embeddable":true,"href":"https:\/\/buletin.de\/bucuresti\/wp-json\/wp\/v2\/media\/105417"}],"wp:attachment":[{"href":"https:\/\/buletin.de\/bucuresti\/wp-json\/wp\/v2\/media?parent=105414"}],"wp:term":[{"taxonomy":"category","embeddable":true,"href":"https:\/\/buletin.de\/bucuresti\/wp-json\/wp\/v2\/categories?post=105414"},{"taxonomy":"post_tag","embeddable":true,"href":"https:\/\/buletin.de\/bucuresti\/wp-json\/wp\/v2\/tags?post=105414"},{"taxonomy":"author","embeddable":true,"href":"https:\/\/buletin.de\/bucuresti\/wp-json\/wp\/v2\/ppma_author?post=105414"}],"curies":[{"name":"wp","href":"https:\/\/api.w.org\/{rel}","templated":true}]}}