{"id":105379,"date":"2024-11-07T09:14:34","date_gmt":"2024-11-07T06:14:34","guid":{"rendered":"https:\/\/buletin.de\/bucuresti\/?p=105379"},"modified":"2024-11-07T09:22:38","modified_gmt":"2024-11-07T06:22:38","slug":"inca-11-kilometri-din-autostrada-moldovei-dati-in-circulatie","status":"publish","type":"post","link":"https:\/\/buletin.de\/bucuresti\/inca-11-kilometri-din-autostrada-moldovei-dati-in-circulatie\/","title":{"rendered":"\u00cenc\u0103 11 kilometri din Autostrada Moldovei da\u021bi \u00een circula\u021bie. Vor fi 130 \u00een total inaugura\u021bi p\u00e2n\u0103 la finalul anului"},"content":{"rendered":"\n<p><strong>Joi sunt inaugura\u021bi \u00eenc\u0103 11 kilometri din Autostrada Moldovei. Este vorba despre tronsonul 4 dintre M\u00e2ndre\u0219ti Munteni \u0219i Foc\u0219ani. Autorit\u0103\u021bile anun\u021b\u0103 c\u0103, p\u00e2n\u0103 la sf\u00e2r\u0219itul anului, se vor da \u00een circula\u021bie 130 de km.<\/strong><\/p>\n\n\n\n<p>P\u00e2n\u0103 la finalul lui 2024, va mai fi deschis\u0103 circula\u021bia pe primele trei loturi ale acestui sector de Autostrad\u0103 de la Buz\u0103u la Foc\u0219ani, 71,5 km dar \u0219i pe cele dou\u0103 loturi dintre Ploie\u0219ti \u0219i Pietroasele, 49,35 km, precizeaz\u0103 <a href=\"https:\/\/www.facebook.com\/grindeanusorin\/videos\/875777364663642\">Ministrul Transporturilor, Sorin Grindeanu.<\/a><\/p>\n\n\n\n<blockquote class=\"wp-block-quote is-layout-flow wp-block-quote-is-layout-flow\">\n<p>P\u00e2n\u0103 la final de an, vom mai deschide circula\u0163ia pe primele trei loturi ale acestui sector de autostrad\u0103 de la Buz\u0103u la Foc\u015fani (71,5 km), dar \u015fi pe cele dou\u0103 loturi dintre Ploie\u015fti \u015fi Pietroasele (49,35 km). Astfel, se va circula pe aproximativ 130 de kilometri din cei 319 kilo\u00admetri ai autostr\u0103zii Ploie\u015fti-Pa\u015fcani, construc\u0163ie finan\u0163at\u0103 prin PNRR<\/p>\n\n\n\n<p><\/p>\n<\/blockquote>\n\n\n\n<p>Ace\u0219ti 11 km din Autostrada Moldovei se ad\u0103ug\u0103, anul acesta, celor 1.115 kilometri de drum de mare vitez\u0103 pe care se circul\u0103 deja \u00een Rom\u00e2nia. Primul lot din A7 a fost centura Bac\u0103ului, inaugurat \u00een decembrie 2020.<\/p>\n\n\n\n<h2 class=\"wp-block-heading\" id=\"h-al\u021bi-kilometri-din-autostrada-moldovei-finaliza\u021bi\">Al\u021bi kilometri din Autostrada Moldovei finaliza\u021bi<\/h2>\n\n\n\n<p>Sorin Grindeanu a mai anun\u0163at c\u0103 loturile 1 \u015fi 2 de la Buz\u0103u \u015fi R\u00e2mnicu S\u0103rat vor fi date \u00een circula\u0163ie s\u0103pt\u0103m\u00e2na viitoare. De asemenea, au fost depuse ofertele pentru primul lot \u00eentre Pa\u015fcani \u015fi Suceava.<\/p>\n\n\n\n<p>Mai mult, ministrul a dat asigur\u0103ri c\u0103, peste  dou\u0103 s\u0103pt\u0103m\u00e2ni, va fi dat \u00een circula\u0163ie \u015fi drumul expres Craiova \u2013 Pite\u015fti.<\/p>\n\n\n\n<p>Proiectul Autostr\u0103zii Moldovei cost\u0103 aproape 4 miliarde euro, bani din PNRR.<\/p>\n\n\n\n<p><strong>CITE\u0218TE \u0218I:<\/strong> <a href=\"https:\/\/buletin.de\/bucuresti\/finantare-de-54-000-de-milioane-de-euro-pentru-reconstruirea-colegiului-de-posta-si-telecomunicatii\/\"><strong>54 milioane de euro finan\u021bare pentru reconstruirea Colegiului de Po\u0219t\u0103 \u0219i Telecomunica\u021bii<\/strong><\/a><\/p>\n\n\n\n<h2 class=\"wp-block-heading\" id=\"h-stadiul-lucrarilor\">Stadiul lucr\u0103rilor<\/h2>\n\n\n\n<p>La finalul anului trecut, contractul pentru lotul din Autostrada 7 care se \u00eentinde de la Pietroasele p\u00e2n\u0103 la Municipiul Buz\u0103u a fost semnat. Autorit\u0103\u021bile anun\u021bau c\u0103 primele loturi p\u00e2n\u0103 la Buz\u0103u, \u0219i de la Buz\u0103u la Foc\u0219ani, ar trebui s\u0103 fie date \u00een exploatare \u00een 2025.<\/p>\n\n\n\n<h2 class=\"wp-block-heading\" id=\"h-ploie\u0219ti-buzau-63-25-km-nbsp\"><strong>Ploie\u0219ti \u2013 Buz\u0103u (63,25 km)&nbsp;<\/strong><\/h2>\n\n\n\n<ul class=\"wp-block-list\">\n<li>Lotul 1 (Dumbrava- Mizil): 21 km. Stadiul fizic al execu\u021biei: 25% (contract semnat \u00een 16.06. 2022). Lucr\u0103rile trebuie finalizate p\u00e2n\u0103 \u00een octombrie anul 2024<\/li>\n\n\n\n<li>Lotul 2 (Mizil- Pietroasele): 28,35. Stadiul fizic al execu\u021biei: 20,5 % (contract semnat \u00een 7.06.2022). Lucr\u0103rile trebuie finalizate p\u00e2n\u0103 \u00een octombrie 2024<\/li>\n<\/ul>\n\n\n\n<h2 class=\"wp-block-heading\" id=\"h-buzau-foc\u0219ani-82-44-km\"><strong>Buz\u0103u- Foc\u0219ani (82,44 km)<\/strong><\/h2>\n\n\n\n<ul class=\"wp-block-list\">\n<li>Lotul 1 (Buz\u0103u- Vadu Pa\u0219ii): 4,6 km. Stadiul fizic al execu\u021biei: 21 % (contract semnat \u00een 06.09.2022). Lucr\u0103rile trebuie finalizate p\u00e2n\u0103 \u00een august 2024<\/li>\n\n\n\n<li>Lotul 2 (Vadu Pa\u0219ii- R\u00e2mnicu S\u0103rat): 30,8 km. Stadiul fizic al execu\u021biei: 22% (contract semnat \u00een data 12.01.2023). Lucr\u0103rile trebuie finalizate p\u00e2n\u0103 \u00een aprilie 2025<\/li>\n\n\n\n<li>Lotul 3 (R\u00e2mnicu S\u0103rat- M\u00e2ndre\u0219ti Munteni): 36,1 km. Stadiul fizic al execu\u021biei: 22% (contract semnat \u00een 12.01.2023). Lucr\u0103rile trebuie finalizate p\u00e2n\u0103 \u00een aprilie 2024<\/li>\n\n\n\n<li>Lotul 4 (M\u00e2ndre\u0219ti Munteni- Foc\u0219ani): 10,94 km. Stadiu fizic al execu\u021biei: 24% (contract semnat \u00een 06.09.2022). Lucr\u0103rile trebuie finalizate p\u00e2n\u0103 \u00een august 2024<\/li>\n<\/ul>\n\n\n\n<h2 class=\"wp-block-heading\" id=\"h-foc\u0219ani-bacau-95-9-km\"><strong>Foc\u0219ani- Bac\u0103u (95,9 km)<\/strong><\/h2>\n\n\n\n<ul class=\"wp-block-list\">\n<li>Lotul 1 (Foc\u0219ani- Domne\u0219ti T\u00e2rg): 35,6 km. Stadiul fizic al execu\u021biei: 9,5% (contract semnat in data de 15.12.2022). Lucr\u0103rile trebuie finalizate p\u00e2n\u0103 \u00een septembrie 2025.<\/li>\n\n\n\n<li>Lotul 2 (Domne\u0219ti T\u00e2rg- R\u0103c\u0103ciuni): 38,78 km. Stadiul fizic al execu\u021biei: 2% (contract semnat in data de 15.12.2022). Lucr\u0103rile trebuie finalizate p\u00e2n\u0103 \u00een noiembrie 2025.<\/li>\n\n\n\n<li>Lotul 3 (R\u0103c\u0103ciuni- Bac\u0103u): 21,52 km. Stadiul fizic al execu\u021biei: 1,25% (contract semnat \u00een 15.12.2022). Lucr\u0103rile trebuie finalizate p\u00e2n\u0103 \u00een noiembrie 2025.<\/li>\n<\/ul>\n\n\n\n<h2 class=\"wp-block-heading\" id=\"h-bacau-pa\u0219cani-77-38-km\"><strong>Bac\u0103u- Pa\u0219cani (77,38 km)<\/strong><\/h2>\n\n\n\n<ul class=\"wp-block-list\">\n<li>Lotul 1 (S\u0103uce\u0219ti- Trife\u0219ti): 30,3 km. Stadiul fizic al execu\u021biei de 2,9% (contract semnat in data de 15.02.2023). Lucr\u0103rile trebuie finalizate p\u00e2n\u0103 \u00een luna noiembrie 2025.<\/li>\n\n\n\n<li>Lotul 2 (Trife\u0219ti- Gher\u0103e\u015fti): 18,99 km. Stadiul fizic al execu\u021biei de 1% (contract semnat \u00een 15.02.2023). Lucr\u0103rile trebuie finalizate p\u00e2n\u0103 \u00een noiembrie 2025.<\/li>\n\n\n\n<li>Lotul 3 (Mirce\u0219ti- Pa\u0219cani): 28,09 km. Stadiul fizic al execu\u021biei: 1,2% (contract semnat \u00een 15.02.2023). Lucr\u0103rile trebuie finalizate p\u00e2n\u0103 \u00een noiembrie 2025.<\/li>\n<\/ul>\n\n\n\n<p><strong>CITE\u0218TE \u0218I:<\/strong> <a href=\"https:\/\/buletin.de\/bucuresti\/igienizare-cu-drujba-in-otopeni-copaci-protejati-de-lege-pusi-la-pamant-pentru-curatarea-canalelor-cu-dejectii\/\">\u201e<strong>Igienizare cu drujba\u201d \u00een Otopeni. Copaci proteja\u021bi de lege, pu\u0219i la p\u0103m\u00e2nt pentru \u201ecur\u0103\u021barea\u201d canalelor cu dejec\u021bii<\/strong><\/a><\/p>\n\n\n\n<p><\/p>\n\n\n\n<p><\/p>\n","protected":false},"excerpt":{"rendered":"<p>Joi sunt inaugura\u021bi \u00eenc\u0103 11 kilometri din Autostrada Moldovei. Este vorba despre tronsonul 4 dintre M\u00e2ndre\u0219ti Munteni \u0219i Foc\u0219ani. Autorit\u0103\u021bile anun\u021b\u0103 c\u0103, p\u00e2n\u0103 la sf\u00e2r\u0219itul anului, se vor da \u00een circula\u021bie 130 de km. P\u00e2n\u0103 la finalul lui 2024, va mai fi deschis\u0103 circula\u021bia pe primele trei loturi ale acestui sector de Autostrad\u0103 de la [&hellip;]<\/p>\n","protected":false},"author":49,"featured_media":105382,"comment_status":"closed","ping_status":"open","sticky":false,"template":"","format":"standard","meta":{"_acf_changed":false,"inline_featured_image":false,"ngg_post_thumbnail":0,"footnotes":""},"categories":[6994,62,650],"tags":[16640,16642,16641,4780],"ppma_author":[22574],"class_list":["post-105379","post","type-post","status-publish","format-standard","has-post-thumbnail","hentry","category-stiri-2","category-stiri","category-transport","tag-autostrada-moldovei","tag-focsani","tag-mandresti-munteni","tag-sorin-grindeanu"],"acf":[],"yoast_head":"<!-- This site is optimized with the Yoast SEO Premium plugin v25.3 (Yoast SEO v27.5) - https:\/\/yoast.com\/product\/yoast-seo-premium-wordpress\/ -->\n<title>\u00cenc\u0103 11 kilometri din Autostrada Moldovei da\u021bi \u00een circula\u021bie. Vor fi 130 \u00een total inaugura\u021bi p\u00e2n\u0103 la finalul anului - Buletin de Bucure\u0219ti<\/title>\n<meta name=\"description\" content=\"oi sunt inaugura\u021bi \u00eenc\u0103 11 kilometri din Autostrada Moldovei. Este vorba despre tronsonul 4 dintre M\u00e2ndre\u0219ti Munteni \u0219i Foc\u0219ani\" \/>\n<meta name=\"robots\" content=\"index, follow, max-snippet:-1, max-image-preview:large, max-video-preview:-1\" \/>\n<link rel=\"canonical\" href=\"https:\/\/buletin.de\/bucuresti\/inca-11-kilometri-din-autostrada-moldovei-dati-in-circulatie\/\" \/>\n<meta property=\"og:locale\" content=\"en_GB\" \/>\n<meta property=\"og:type\" content=\"article\" \/>\n<meta property=\"og:title\" content=\"\u00cenc\u0103 11 kilometri din Autostrada Moldovei da\u021bi \u00een circula\u021bie. Vor fi 130 \u00een total inaugura\u021bi p\u00e2n\u0103 la finalul anului\" \/>\n<meta property=\"og:description\" content=\"oi sunt inaugura\u021bi \u00eenc\u0103 11 kilometri din Autostrada Moldovei. Este vorba despre tronsonul 4 dintre M\u00e2ndre\u0219ti Munteni \u0219i Foc\u0219ani\" \/>\n<meta property=\"og:url\" content=\"https:\/\/buletin.de\/bucuresti\/inca-11-kilometri-din-autostrada-moldovei-dati-in-circulatie\/\" \/>\n<meta property=\"og:site_name\" content=\"Buletin de Bucure\u0219ti\" \/>\n<meta property=\"article:publisher\" content=\"https:\/\/www.facebook.com\/buletin.de.buc\" \/>\n<meta property=\"article:published_time\" content=\"2024-11-07T06:14:34+00:00\" \/>\n<meta property=\"article:modified_time\" content=\"2024-11-07T06:22:38+00:00\" \/>\n<meta property=\"og:image\" content=\"https:\/\/buletin.de\/bucuresti\/wp-content\/uploads\/394429655_284188631195952_1134574041606420336_n-1.jpg\" \/>\n\t<meta property=\"og:image:width\" content=\"960\" \/>\n\t<meta property=\"og:image:height\" content=\"503\" \/>\n\t<meta property=\"og:image:type\" content=\"image\/jpeg\" \/>\n<meta name=\"author\" content=\"Diana Matei\" \/>\n<meta name=\"twitter:card\" content=\"summary_large_image\" \/>\n<meta name=\"twitter:label1\" content=\"Written by\" \/>\n\t<meta name=\"twitter:data1\" content=\"Diana Matei\" \/>\n\t<meta name=\"twitter:label2\" content=\"Estimated reading time\" \/>\n\t<meta name=\"twitter:data2\" content=\"3 minutes\" \/>\n<script type=\"application\/ld+json\" class=\"yoast-schema-graph\">{\"@context\":\"https:\\\/\\\/schema.org\",\"@graph\":[{\"@type\":\"Article\",\"@id\":\"https:\\\/\\\/buletin.de\\\/bucuresti\\\/inca-11-kilometri-din-autostrada-moldovei-dati-in-circulatie\\\/#article\",\"isPartOf\":{\"@id\":\"https:\\\/\\\/buletin.de\\\/bucuresti\\\/inca-11-kilometri-din-autostrada-moldovei-dati-in-circulatie\\\/\"},\"author\":{\"name\":\"Diana Matei\",\"@id\":\"https:\\\/\\\/buletin.de\\\/bucuresti\\\/#\\\/schema\\\/person\\\/7e46040573290777280a0835d81ea4ea\"},\"headline\":\"\u00cenc\u0103 11 kilometri din Autostrada Moldovei da\u021bi \u00een circula\u021bie. Vor fi 130 \u00een total inaugura\u021bi p\u00e2n\u0103 la finalul anului\",\"datePublished\":\"2024-11-07T06:14:34+00:00\",\"dateModified\":\"2024-11-07T06:22:38+00:00\",\"mainEntityOfPage\":{\"@id\":\"https:\\\/\\\/buletin.de\\\/bucuresti\\\/inca-11-kilometri-din-autostrada-moldovei-dati-in-circulatie\\\/\"},\"wordCount\":703,\"publisher\":{\"@id\":\"https:\\\/\\\/buletin.de\\\/bucuresti\\\/#organization\"},\"image\":{\"@id\":\"https:\\\/\\\/buletin.de\\\/bucuresti\\\/inca-11-kilometri-din-autostrada-moldovei-dati-in-circulatie\\\/#primaryimage\"},\"thumbnailUrl\":\"https:\\\/\\\/buletin.de\\\/bucuresti\\\/wp-content\\\/uploads\\\/394429655_284188631195952_1134574041606420336_n-1.jpg\",\"keywords\":[\"Autostrada Moldovei\",\"Foc\u0219ani\",\"M\u00e2ndre\u0219ti Munteni\",\"sorin grindeanu\"],\"articleSection\":[\"Articole\",\"\u0218tiri\",\"Transport\"],\"inLanguage\":\"en-GB\",\"copyrightYear\":\"2024\",\"copyrightHolder\":{\"@id\":\"https:\\\/\\\/buletin.de\\\/bucuresti\\\/#organization\"}},{\"@type\":\"WebPage\",\"@id\":\"https:\\\/\\\/buletin.de\\\/bucuresti\\\/inca-11-kilometri-din-autostrada-moldovei-dati-in-circulatie\\\/\",\"url\":\"https:\\\/\\\/buletin.de\\\/bucuresti\\\/inca-11-kilometri-din-autostrada-moldovei-dati-in-circulatie\\\/\",\"name\":\"\u00cenc\u0103 11 kilometri din Autostrada Moldovei da\u021bi \u00een circula\u021bie. Vor fi 130 \u00een total inaugura\u021bi p\u00e2n\u0103 la finalul anului - Buletin de Bucure\u0219ti\",\"isPartOf\":{\"@id\":\"https:\\\/\\\/buletin.de\\\/bucuresti\\\/#website\"},\"primaryImageOfPage\":{\"@id\":\"https:\\\/\\\/buletin.de\\\/bucuresti\\\/inca-11-kilometri-din-autostrada-moldovei-dati-in-circulatie\\\/#primaryimage\"},\"image\":{\"@id\":\"https:\\\/\\\/buletin.de\\\/bucuresti\\\/inca-11-kilometri-din-autostrada-moldovei-dati-in-circulatie\\\/#primaryimage\"},\"thumbnailUrl\":\"https:\\\/\\\/buletin.de\\\/bucuresti\\\/wp-content\\\/uploads\\\/394429655_284188631195952_1134574041606420336_n-1.jpg\",\"datePublished\":\"2024-11-07T06:14:34+00:00\",\"dateModified\":\"2024-11-07T06:22:38+00:00\",\"description\":\"oi sunt inaugura\u021bi \u00eenc\u0103 11 kilometri din Autostrada Moldovei. Este vorba despre tronsonul 4 dintre M\u00e2ndre\u0219ti Munteni \u0219i Foc\u0219ani\",\"breadcrumb\":{\"@id\":\"https:\\\/\\\/buletin.de\\\/bucuresti\\\/inca-11-kilometri-din-autostrada-moldovei-dati-in-circulatie\\\/#breadcrumb\"},\"inLanguage\":\"en-GB\",\"potentialAction\":[{\"@type\":\"ReadAction\",\"target\":[\"https:\\\/\\\/buletin.de\\\/bucuresti\\\/inca-11-kilometri-din-autostrada-moldovei-dati-in-circulatie\\\/\"]}]},{\"@type\":\"ImageObject\",\"inLanguage\":\"en-GB\",\"@id\":\"https:\\\/\\\/buletin.de\\\/bucuresti\\\/inca-11-kilometri-din-autostrada-moldovei-dati-in-circulatie\\\/#primaryimage\",\"url\":\"https:\\\/\\\/buletin.de\\\/bucuresti\\\/wp-content\\\/uploads\\\/394429655_284188631195952_1134574041606420336_n-1.jpg\",\"contentUrl\":\"https:\\\/\\\/buletin.de\\\/bucuresti\\\/wp-content\\\/uploads\\\/394429655_284188631195952_1134574041606420336_n-1.jpg\",\"width\":960,\"height\":503,\"caption\":\"Primii 11 km din Autostrada Moldovei, se deschid ast\u0103zi. FOTO: Arhiva\"},{\"@type\":\"BreadcrumbList\",\"@id\":\"https:\\\/\\\/buletin.de\\\/bucuresti\\\/inca-11-kilometri-din-autostrada-moldovei-dati-in-circulatie\\\/#breadcrumb\",\"itemListElement\":[{\"@type\":\"ListItem\",\"position\":1,\"name\":\"Acas\u0103\",\"item\":\"https:\\\/\\\/buletin.de\\\/bucuresti\\\/\"},{\"@type\":\"ListItem\",\"position\":2,\"name\":\"\u00cenc\u0103 11 kilometri din Autostrada Moldovei da\u021bi \u00een circula\u021bie. Vor fi 130 \u00een total inaugura\u021bi p\u00e2n\u0103 la finalul anului\"}]},{\"@type\":\"WebSite\",\"@id\":\"https:\\\/\\\/buletin.de\\\/bucuresti\\\/#website\",\"url\":\"https:\\\/\\\/buletin.de\\\/bucuresti\\\/\",\"name\":\"Buletin de Bucure\u0219ti\",\"description\":\"\u0218tiri \u0219i investiga\u021bii esen\u021biale din capital\u0103\",\"publisher\":{\"@id\":\"https:\\\/\\\/buletin.de\\\/bucuresti\\\/#organization\"},\"potentialAction\":[{\"@type\":\"SearchAction\",\"target\":{\"@type\":\"EntryPoint\",\"urlTemplate\":\"https:\\\/\\\/buletin.de\\\/bucuresti\\\/?s={search_term_string}\"},\"query-input\":{\"@type\":\"PropertyValueSpecification\",\"valueRequired\":true,\"valueName\":\"search_term_string\"}}],\"inLanguage\":\"en-GB\"},{\"@type\":\"Organization\",\"@id\":\"https:\\\/\\\/buletin.de\\\/bucuresti\\\/#organization\",\"name\":\"Buletin de Bucure\u0219ti\",\"url\":\"https:\\\/\\\/buletin.de\\\/bucuresti\\\/\",\"logo\":{\"@type\":\"ImageObject\",\"inLanguage\":\"en-GB\",\"@id\":\"https:\\\/\\\/buletin.de\\\/bucuresti\\\/#\\\/schema\\\/logo\\\/image\\\/\",\"url\":\"https:\\\/\\\/buletin.de\\\/bucuresti\\\/wp-content\\\/uploads\\\/logo-bdb-full-wide-vernil-transparent.png\",\"contentUrl\":\"https:\\\/\\\/buletin.de\\\/bucuresti\\\/wp-content\\\/uploads\\\/logo-bdb-full-wide-vernil-transparent.png\",\"width\":1782,\"height\":626,\"caption\":\"Buletin de Bucure\u0219ti\"},\"image\":{\"@id\":\"https:\\\/\\\/buletin.de\\\/bucuresti\\\/#\\\/schema\\\/logo\\\/image\\\/\"},\"sameAs\":[\"https:\\\/\\\/www.facebook.com\\\/buletin.de.buc\",\"https:\\\/\\\/www.instagram.com\\\/buletinde.bucuresti\\\/\"]},{\"@type\":\"Person\",\"@id\":\"https:\\\/\\\/buletin.de\\\/bucuresti\\\/#\\\/schema\\\/person\\\/7e46040573290777280a0835d81ea4ea\",\"name\":\"Diana Matei\",\"image\":{\"@type\":\"ImageObject\",\"inLanguage\":\"en-GB\",\"@id\":\"https:\\\/\\\/buletin.de\\\/bucuresti\\\/wp-content\\\/uploads\\\/9-2-96x96.jpg1e8590b30871d70e62ebcdaf2eff570c\",\"url\":\"https:\\\/\\\/buletin.de\\\/bucuresti\\\/wp-content\\\/uploads\\\/9-2-96x96.jpg\",\"contentUrl\":\"https:\\\/\\\/buletin.de\\\/bucuresti\\\/wp-content\\\/uploads\\\/9-2-96x96.jpg\",\"caption\":\"Diana Matei\"},\"url\":\"https:\\\/\\\/buletin.de\\\/bucuresti\\\/author\\\/dianamatei\\\/\"}]}<\/script>\n<!-- \/ Yoast SEO Premium plugin. -->","yoast_head_json":{"title":"\u00cenc\u0103 11 kilometri din Autostrada Moldovei da\u021bi \u00een circula\u021bie. Vor fi 130 \u00een total inaugura\u021bi p\u00e2n\u0103 la finalul anului - Buletin de Bucure\u0219ti","description":"oi sunt inaugura\u021bi \u00eenc\u0103 11 kilometri din Autostrada Moldovei. Este vorba despre tronsonul 4 dintre M\u00e2ndre\u0219ti Munteni \u0219i Foc\u0219ani","robots":{"index":"index","follow":"follow","max-snippet":"max-snippet:-1","max-image-preview":"max-image-preview:large","max-video-preview":"max-video-preview:-1"},"canonical":"https:\/\/buletin.de\/bucuresti\/inca-11-kilometri-din-autostrada-moldovei-dati-in-circulatie\/","og_locale":"en_GB","og_type":"article","og_title":"\u00cenc\u0103 11 kilometri din Autostrada Moldovei da\u021bi \u00een circula\u021bie. Vor fi 130 \u00een total inaugura\u021bi p\u00e2n\u0103 la finalul anului","og_description":"oi sunt inaugura\u021bi \u00eenc\u0103 11 kilometri din Autostrada Moldovei. Este vorba despre tronsonul 4 dintre M\u00e2ndre\u0219ti Munteni \u0219i Foc\u0219ani","og_url":"https:\/\/buletin.de\/bucuresti\/inca-11-kilometri-din-autostrada-moldovei-dati-in-circulatie\/","og_site_name":"Buletin de Bucure\u0219ti","article_publisher":"https:\/\/www.facebook.com\/buletin.de.buc","article_published_time":"2024-11-07T06:14:34+00:00","article_modified_time":"2024-11-07T06:22:38+00:00","og_image":[{"width":960,"height":503,"url":"https:\/\/buletin.de\/bucuresti\/wp-content\/uploads\/394429655_284188631195952_1134574041606420336_n-1.jpg","type":"image\/jpeg"}],"author":"Diana Matei","twitter_card":"summary_large_image","twitter_misc":{"Written by":"Diana Matei","Estimated reading time":"3 minutes"},"schema":{"@context":"https:\/\/schema.org","@graph":[{"@type":"Article","@id":"https:\/\/buletin.de\/bucuresti\/inca-11-kilometri-din-autostrada-moldovei-dati-in-circulatie\/#article","isPartOf":{"@id":"https:\/\/buletin.de\/bucuresti\/inca-11-kilometri-din-autostrada-moldovei-dati-in-circulatie\/"},"author":{"name":"Diana Matei","@id":"https:\/\/buletin.de\/bucuresti\/#\/schema\/person\/7e46040573290777280a0835d81ea4ea"},"headline":"\u00cenc\u0103 11 kilometri din Autostrada Moldovei da\u021bi \u00een circula\u021bie. Vor fi 130 \u00een total inaugura\u021bi p\u00e2n\u0103 la finalul anului","datePublished":"2024-11-07T06:14:34+00:00","dateModified":"2024-11-07T06:22:38+00:00","mainEntityOfPage":{"@id":"https:\/\/buletin.de\/bucuresti\/inca-11-kilometri-din-autostrada-moldovei-dati-in-circulatie\/"},"wordCount":703,"publisher":{"@id":"https:\/\/buletin.de\/bucuresti\/#organization"},"image":{"@id":"https:\/\/buletin.de\/bucuresti\/inca-11-kilometri-din-autostrada-moldovei-dati-in-circulatie\/#primaryimage"},"thumbnailUrl":"https:\/\/buletin.de\/bucuresti\/wp-content\/uploads\/394429655_284188631195952_1134574041606420336_n-1.jpg","keywords":["Autostrada Moldovei","Foc\u0219ani","M\u00e2ndre\u0219ti Munteni","sorin grindeanu"],"articleSection":["Articole","\u0218tiri","Transport"],"inLanguage":"en-GB","copyrightYear":"2024","copyrightHolder":{"@id":"https:\/\/buletin.de\/bucuresti\/#organization"}},{"@type":"WebPage","@id":"https:\/\/buletin.de\/bucuresti\/inca-11-kilometri-din-autostrada-moldovei-dati-in-circulatie\/","url":"https:\/\/buletin.de\/bucuresti\/inca-11-kilometri-din-autostrada-moldovei-dati-in-circulatie\/","name":"\u00cenc\u0103 11 kilometri din Autostrada Moldovei da\u021bi \u00een circula\u021bie. Vor fi 130 \u00een total inaugura\u021bi p\u00e2n\u0103 la finalul anului - Buletin de Bucure\u0219ti","isPartOf":{"@id":"https:\/\/buletin.de\/bucuresti\/#website"},"primaryImageOfPage":{"@id":"https:\/\/buletin.de\/bucuresti\/inca-11-kilometri-din-autostrada-moldovei-dati-in-circulatie\/#primaryimage"},"image":{"@id":"https:\/\/buletin.de\/bucuresti\/inca-11-kilometri-din-autostrada-moldovei-dati-in-circulatie\/#primaryimage"},"thumbnailUrl":"https:\/\/buletin.de\/bucuresti\/wp-content\/uploads\/394429655_284188631195952_1134574041606420336_n-1.jpg","datePublished":"2024-11-07T06:14:34+00:00","dateModified":"2024-11-07T06:22:38+00:00","description":"oi sunt inaugura\u021bi \u00eenc\u0103 11 kilometri din Autostrada Moldovei. Este vorba despre tronsonul 4 dintre M\u00e2ndre\u0219ti Munteni \u0219i Foc\u0219ani","breadcrumb":{"@id":"https:\/\/buletin.de\/bucuresti\/inca-11-kilometri-din-autostrada-moldovei-dati-in-circulatie\/#breadcrumb"},"inLanguage":"en-GB","potentialAction":[{"@type":"ReadAction","target":["https:\/\/buletin.de\/bucuresti\/inca-11-kilometri-din-autostrada-moldovei-dati-in-circulatie\/"]}]},{"@type":"ImageObject","inLanguage":"en-GB","@id":"https:\/\/buletin.de\/bucuresti\/inca-11-kilometri-din-autostrada-moldovei-dati-in-circulatie\/#primaryimage","url":"https:\/\/buletin.de\/bucuresti\/wp-content\/uploads\/394429655_284188631195952_1134574041606420336_n-1.jpg","contentUrl":"https:\/\/buletin.de\/bucuresti\/wp-content\/uploads\/394429655_284188631195952_1134574041606420336_n-1.jpg","width":960,"height":503,"caption":"Primii 11 km din Autostrada Moldovei, se deschid ast\u0103zi. FOTO: Arhiva"},{"@type":"BreadcrumbList","@id":"https:\/\/buletin.de\/bucuresti\/inca-11-kilometri-din-autostrada-moldovei-dati-in-circulatie\/#breadcrumb","itemListElement":[{"@type":"ListItem","position":1,"name":"Acas\u0103","item":"https:\/\/buletin.de\/bucuresti\/"},{"@type":"ListItem","position":2,"name":"\u00cenc\u0103 11 kilometri din Autostrada Moldovei da\u021bi \u00een circula\u021bie. Vor fi 130 \u00een total inaugura\u021bi p\u00e2n\u0103 la finalul anului"}]},{"@type":"WebSite","@id":"https:\/\/buletin.de\/bucuresti\/#website","url":"https:\/\/buletin.de\/bucuresti\/","name":"Buletin de Bucure\u0219ti","description":"\u0218tiri \u0219i investiga\u021bii esen\u021biale din capital\u0103","publisher":{"@id":"https:\/\/buletin.de\/bucuresti\/#organization"},"potentialAction":[{"@type":"SearchAction","target":{"@type":"EntryPoint","urlTemplate":"https:\/\/buletin.de\/bucuresti\/?s={search_term_string}"},"query-input":{"@type":"PropertyValueSpecification","valueRequired":true,"valueName":"search_term_string"}}],"inLanguage":"en-GB"},{"@type":"Organization","@id":"https:\/\/buletin.de\/bucuresti\/#organization","name":"Buletin de Bucure\u0219ti","url":"https:\/\/buletin.de\/bucuresti\/","logo":{"@type":"ImageObject","inLanguage":"en-GB","@id":"https:\/\/buletin.de\/bucuresti\/#\/schema\/logo\/image\/","url":"https:\/\/buletin.de\/bucuresti\/wp-content\/uploads\/logo-bdb-full-wide-vernil-transparent.png","contentUrl":"https:\/\/buletin.de\/bucuresti\/wp-content\/uploads\/logo-bdb-full-wide-vernil-transparent.png","width":1782,"height":626,"caption":"Buletin de Bucure\u0219ti"},"image":{"@id":"https:\/\/buletin.de\/bucuresti\/#\/schema\/logo\/image\/"},"sameAs":["https:\/\/www.facebook.com\/buletin.de.buc","https:\/\/www.instagram.com\/buletinde.bucuresti\/"]},{"@type":"Person","@id":"https:\/\/buletin.de\/bucuresti\/#\/schema\/person\/7e46040573290777280a0835d81ea4ea","name":"Diana Matei","image":{"@type":"ImageObject","inLanguage":"en-GB","@id":"https:\/\/buletin.de\/bucuresti\/wp-content\/uploads\/9-2-96x96.jpg1e8590b30871d70e62ebcdaf2eff570c","url":"https:\/\/buletin.de\/bucuresti\/wp-content\/uploads\/9-2-96x96.jpg","contentUrl":"https:\/\/buletin.de\/bucuresti\/wp-content\/uploads\/9-2-96x96.jpg","caption":"Diana Matei"},"url":"https:\/\/buletin.de\/bucuresti\/author\/dianamatei\/"}]}},"authors":[{"term_id":22574,"user_id":49,"is_guest":0,"slug":"dianamatei","display_name":"Diana Matei","avatar_url":"https:\/\/buletin.de\/bucuresti\/wp-content\/uploads\/9-2-96x96.jpg","0":null,"1":"","2":"","3":"","4":"","5":"","6":"","7":"","8":""}],"_links":{"self":[{"href":"https:\/\/buletin.de\/bucuresti\/wp-json\/wp\/v2\/posts\/105379","targetHints":{"allow":["GET"]}}],"collection":[{"href":"https:\/\/buletin.de\/bucuresti\/wp-json\/wp\/v2\/posts"}],"about":[{"href":"https:\/\/buletin.de\/bucuresti\/wp-json\/wp\/v2\/types\/post"}],"author":[{"embeddable":true,"href":"https:\/\/buletin.de\/bucuresti\/wp-json\/wp\/v2\/users\/49"}],"replies":[{"embeddable":true,"href":"https:\/\/buletin.de\/bucuresti\/wp-json\/wp\/v2\/comments?post=105379"}],"version-history":[{"count":10,"href":"https:\/\/buletin.de\/bucuresti\/wp-json\/wp\/v2\/posts\/105379\/revisions"}],"predecessor-version":[{"id":105396,"href":"https:\/\/buletin.de\/bucuresti\/wp-json\/wp\/v2\/posts\/105379\/revisions\/105396"}],"wp:featuredmedia":[{"embeddable":true,"href":"https:\/\/buletin.de\/bucuresti\/wp-json\/wp\/v2\/media\/105382"}],"wp:attachment":[{"href":"https:\/\/buletin.de\/bucuresti\/wp-json\/wp\/v2\/media?parent=105379"}],"wp:term":[{"taxonomy":"category","embeddable":true,"href":"https:\/\/buletin.de\/bucuresti\/wp-json\/wp\/v2\/categories?post=105379"},{"taxonomy":"post_tag","embeddable":true,"href":"https:\/\/buletin.de\/bucuresti\/wp-json\/wp\/v2\/tags?post=105379"},{"taxonomy":"author","embeddable":true,"href":"https:\/\/buletin.de\/bucuresti\/wp-json\/wp\/v2\/ppma_author?post=105379"}],"curies":[{"name":"wp","href":"https:\/\/api.w.org\/{rel}","templated":true}]}}