{"id":105238,"date":"2024-11-06T09:53:09","date_gmt":"2024-11-06T06:53:09","guid":{"rendered":"https:\/\/buletin.de\/bucuresti\/?p=105238"},"modified":"2024-11-06T09:58:40","modified_gmt":"2024-11-06T06:58:40","slug":"video-piedone-jr-il-imita-pe-tatal-sau-descindere-in-sector-pe-scuter-statie-de-emisie-si-echipa-de-filmare","status":"publish","type":"post","link":"https:\/\/buletin.de\/bucuresti\/video-piedone-jr-il-imita-pe-tatal-sau-descindere-in-sector-pe-scuter-statie-de-emisie-si-echipa-de-filmare\/","title":{"rendered":"VIDEO | Piedone Jr. \u00eel imit\u0103 pe tat\u0103l s\u0103u: descindere \u00een sector pe scuter, sta\u021bie de emisie \u0219i echip\u0103 de filmare"},"content":{"rendered":"\n<p><strong>Piedone Jr. \u00eel imit\u0103 pe tat\u0103l s\u0103u, la doar o zi dup\u0103 ce a preluat func\u021bia de primar al Sectorului 5, c\u00e2\u0219tigat\u0103 la alegerile locale din 9 iunie. Vlad Popescu Piedone a ie\u0219it pe strad\u0103, pe scuter, cu sta\u021bie de emisie-recep\u021bie \u0219i o echip\u0103 de televiziune. <\/strong><\/p>\n\n\n\n<h2 class=\"wp-block-heading\" id=\"h-mul\u021bumiri-tatalui-in-mesajul-de-inaugurare-a-mandatului\">Mul\u021bumiri tat\u0103lui, \u00een mesajul de inaugurare a mandatului<\/h2>\n\n\n\n<p><strong>Scenariul dup\u0103 care s-a desf\u0103\u0219urat descinderea pe Calea Rahovei a repetat aproape identic deplas\u0103rile-spectacol ale lui Cristian Popescu Piedone din mandatul recent \u00eencheiat al acestuia de primar al Sectorului 5. <\/strong><\/p>\n\n\n\n<p>Piedone tat\u0103l se urca pe un scuter, se plimba prin cartiere, identifica probleme \u0219i apoi contacta prin sta\u021bia de emisie-recep\u021bie diver\u0219i directori din Prim\u0103rie, pe care fie \u00eei certa, fie \u00eei chema la ordin, fie \u00eei amenin\u021ba c\u0103 \u00eei d\u0103 afar\u0103. Totul filmat. <\/p>\n\n\n\n<p>Un astfel de video care s-a viralizat a fost cel \u00een care fostul primar i-a oferit unei b\u0103tr\u00e2ne un stand pentru a nu mai vinde p\u0103trunjelul pe strad\u0103. Aceste ac\u021biuni filmate la detaliu i-au crescut cota electoral\u0103 a celui care acum a devenit candidat pe listele PSD. Nu la Bucure\u0219ti, ci \u00eentr-un jude\u021b cu care nu are nici o leg\u0103tur\u0103, Giurgiu.<\/p>\n\n\n\n<figure class=\"wp-block-image size-large\"><img fetchpriority=\"high\" decoding=\"async\" width=\"900\" height=\"600\" src=\"data:image\/gif;base64,R0lGODlhAQABAAAAACH5BAEKAAEALAAAAAABAAEAAAICTAEAOw==\" data-src=\"https:\/\/buletin.de\/bucuresti\/wp-content\/uploads\/piedonejr-900x600.jpg\" alt=\"Piedone Jr. \u00eel imit\u0103 pe tat\u0103l s\u0103u. Care a venit la preluarea de c\u0103tre fiul s\u0103u a mandatului de primar\" class=\"wp-image-105244 lazyload\" data-sizes=\"auto\" data-srcset=\"https:\/\/buletin.de\/bucuresti\/wp-content\/uploads\/piedonejr-900x600.jpg 900w, https:\/\/buletin.de\/bucuresti\/wp-content\/uploads\/piedonejr-300x200.jpg 300w, https:\/\/buletin.de\/bucuresti\/wp-content\/uploads\/piedonejr-768x512.jpg 768w, https:\/\/buletin.de\/bucuresti\/wp-content\/uploads\/piedonejr-1100x733.jpg 1100w, https:\/\/buletin.de\/bucuresti\/wp-content\/uploads\/piedonejr-600x400.jpg 600w, https:\/\/buletin.de\/bucuresti\/wp-content\/uploads\/piedonejr-20x13.jpg 20w, https:\/\/buletin.de\/bucuresti\/wp-content\/uploads\/piedonejr.jpg 1440w\" sizes=\"(max-width: 900px) 100vw, 900px\" \/><figcaption class=\"wp-element-caption\">Piedone Jr. \u00eel imit\u0103 pe tat\u0103l s\u0103u. Care a venit la preluarea de c\u0103tre fiul s\u0103u a mandatului de primar<\/figcaption><\/figure>\n\n\n\n<p>CITE\u0218TE \u0218I: <strong><a href=\"https:\/\/buletin.de\/bucuresti\/averea-noilor-primari-ai-bucurestiului-cel-mai-bogat-conduce-cel-mai-sarac-sector\/\" target=\"_blank\" rel=\"noreferrer noopener\">Averea noilor primari ai Bucure\u0219tiului. Cel mai bogat conduce cel mai s\u0103rac sector<\/a><\/strong><\/p>\n\n\n\n<h2 class=\"wp-block-heading\" id=\"h-piedone-jr-il-imita-pe-tatal-sau-inclusiv-cu-aceea\u0219i-casca-neagra-pentru-scuter\">Piedone Jr. \u00eel imit\u0103 pe tat\u0103l s\u0103u: inclusiv cu aceea\u0219i casc\u0103 neagr\u0103 pentru scuter<\/h2>\n\n\n\n<p><strong>Piedone fiul \u0219i-a preluat func\u021bia de primar al Sectorului 5 pe 4 noiembrie. \u201eNu \u00een ultimul r\u00e2nd, sunt m\u00e2ndru s\u0103 preiau \u0219tafeta de la tat\u0103l meu, Cristian Popescu Piedone, unul dintre cei mai iubi\u021bi \u015fi performan\u021bi primari din Rom\u00e2nia, cel care a reu\u0219it, dup\u0103 30 de ani, s\u0103 le dea speran\u021b\u0103 \u015fi locuitorilor din Sectorul 5, cel care a reu\u0219it s\u0103 scoat\u0103 la lumin\u0103 \u015fi acest colt ignorat de edilii preceden\u021bi\u201d, a transmis Vlad Popescu Piedone \u00een mesajul de inaugurare a mandatului. <\/strong><\/p>\n\n\n\n<p>A doua zi, pe 5 noiembrie, noul primar a mers s\u0103 verifice stadiul lucr\u0103rilor demarate pe Calea Rahovei. <\/p>\n\n\n\n<p>\u201eP\u00e2n\u0103 acum am plantat 70 de arbori, am modernizat trotuarele, alveolele \u015fi iluminatul public, am montat borduri \u015fi sfere anti parcare \u015fi am \u00eenfrumuse\u021bat zona cu jardiniere pentru spa\u021biul verde!<\/p>\n\n\n\n<p>\u015etiu c\u0103 mai avem multe de f\u0103cut \u00een sector, dar v\u0103 asigur c\u0103 voi fi zilnic printre dumneavoastr\u0103!\u201d, a <a href=\"https:\/\/www.facebook.com\/share\/v\/zTd68TruQvFQssEJ\/\" target=\"_blank\" rel=\"noreferrer noopener\">comunicat Vlad Popescu Piedone<\/a>.<\/p>\n\n\n\n<p><strong>Mesajul postat pe Facebook a fost \u00eenso\u021bit de un clip video, care \u00eencepe cu momentul \u00een care Piedone fiul \u00ee\u0219i pune pe cap aceea\u0219i casc\u0103 neagr\u0103 cu care \u00eei obi\u0219nuise \u0219i Piedone tat\u0103l pe locuitorii din Sectorul 5. <\/strong><\/p>\n\n\n\n<p>La un moment dat se repet\u0103 inclusiv sceneta \u00een care primarul contacteaz\u0103 prin sta\u021bie, de pe Calea Prahovei, Poli\u021bia local\u0103 \u0219i cere s\u0103 fie amenda\u021bi cei care urineaz\u0103 \u00eentr-un gang. <\/p>\n\n\n\n<p>\u201eDomnul Grigorescu, recep\u021bie. Asocia\u021bia de proprietari Bloc R5 (&#8230;) Vreau s\u0103 \u0219tiu \u0219i eu situa\u021bia acestui bloc \u0219i c\u00e2nd intr\u0103 \u00een reabilitare\u201d, s-a adresat Piedone jr. unui director din Prim\u0103ria Sectorului 5.<\/p>\n\n\n\n<iframe src=\"https:\/\/www.facebook.com\/plugins\/video.php?height=314&#038;href=https%3A%2F%2Fwww.facebook.com%2Fvladpopescupiedone%2Fvideos%2F849927267005633%2F&#038;show_text=false&#038;width=560&#038;t=0\" width=\"560\" height=\"314\" style=\"border:none;overflow:hidden\" scrolling=\"no\" frameborder=\"0\" allowfullscreen=\"true\" allow=\"autoplay; clipboard-write; encrypted-media; picture-in-picture; web-share\" allowFullScreen=\"true\"><\/iframe>\n\n\n\n<p>CITE\u0218TE \u0218I:&nbsp;<strong><a href=\"https:\/\/buletin.de\/bucuresti\/noii-primari-din-bucuresti-si-au-preluat-mandatul-ce-au-facut-prima-data\/\" target=\"_blank\" rel=\"noreferrer noopener\">Noii primari din Bucure\u0219ti \u0219i-au preluat mandatul. Ce au f\u0103cut prima dat\u0103<\/a><\/strong><\/p>\n","protected":false},"excerpt":{"rendered":"<p>Piedone Jr. \u00eel imit\u0103 pe tat\u0103l s\u0103u, la doar o zi dup\u0103 ce a preluat func\u021bia de primar al Sectorului 5, c\u00e2\u0219tigat\u0103 la alegerile locale din 9 iunie. Vlad Popescu Piedone a ie\u0219it pe strad\u0103, pe scuter, cu sta\u021bie de emisie-recep\u021bie \u0219i o echip\u0103 de televiziune. Mul\u021bumiri tat\u0103lui, \u00een mesajul de inaugurare a mandatului Scenariul [&hellip;]<\/p>\n","protected":false},"author":60,"featured_media":105243,"comment_status":"closed","ping_status":"open","sticky":false,"template":"","format":"standard","meta":{"_acf_changed":false,"inline_featured_image":false,"ngg_post_thumbnail":0,"footnotes":""},"categories":[6994,5762,24],"tags":[1905,1103,16614,16613,16530],"ppma_author":[22582],"class_list":["post-105238","post","type-post","status-publish","format-standard","has-post-thumbnail","hentry","category-stiri-2","category-main","category-primarie","tag-cristian-popescu-piedone","tag-piedone","tag-piedone-pe-scuter","tag-primar-sectorul-5","tag-vlad-piedone"],"acf":[],"yoast_head":"<!-- This site is optimized with the Yoast SEO Premium plugin v25.3 (Yoast SEO v27.5) - https:\/\/yoast.com\/product\/yoast-seo-premium-wordpress\/ -->\n<title>VIDEO | Piedone Jr. \u00eel imit\u0103 pe tat\u0103l s\u0103u: descindere \u00een sector pe scuter, sta\u021bie de emisie \u0219i echip\u0103 de filmare - Buletin de Bucure\u0219ti<\/title>\n<meta name=\"description\" content=\"Piedone Jr. \u00eel imit\u0103 pe tat\u0103l s\u0103u: descindere \u00een sector pe scuter, sta\u021bie de emisie \u0219i echip\u0103 de filmare, a doua zi dup\u0103 ce a preluat func\u021bia.\" \/>\n<meta name=\"robots\" content=\"index, follow, max-snippet:-1, max-image-preview:large, max-video-preview:-1\" \/>\n<link rel=\"canonical\" href=\"https:\/\/buletin.de\/bucuresti\/video-piedone-jr-il-imita-pe-tatal-sau-descindere-in-sector-pe-scuter-statie-de-emisie-si-echipa-de-filmare\/\" \/>\n<meta property=\"og:locale\" content=\"en_GB\" \/>\n<meta property=\"og:type\" content=\"article\" \/>\n<meta property=\"og:title\" content=\"VIDEO | Piedone Jr. \u00eel imit\u0103 pe tat\u0103l s\u0103u: descindere \u00een sector pe scuter, sta\u021bie de emisie \u0219i echip\u0103 de filmare\" \/>\n<meta property=\"og:description\" content=\"Piedone Jr. \u00eel imit\u0103 pe tat\u0103l s\u0103u: descindere \u00een sector pe scuter, sta\u021bie de emisie \u0219i echip\u0103 de filmare, a doua zi dup\u0103 ce a preluat func\u021bia.\" \/>\n<meta property=\"og:url\" content=\"https:\/\/buletin.de\/bucuresti\/video-piedone-jr-il-imita-pe-tatal-sau-descindere-in-sector-pe-scuter-statie-de-emisie-si-echipa-de-filmare\/\" \/>\n<meta property=\"og:site_name\" content=\"Buletin de Bucure\u0219ti\" \/>\n<meta property=\"article:publisher\" content=\"https:\/\/www.facebook.com\/buletin.de.buc\" \/>\n<meta property=\"article:published_time\" content=\"2024-11-06T06:53:09+00:00\" \/>\n<meta property=\"article:modified_time\" content=\"2024-11-06T06:58:40+00:00\" \/>\n<meta property=\"og:image\" content=\"https:\/\/buletin.de\/bucuresti\/wp-content\/uploads\/piedonetatalsifiul.webp\" \/>\n\t<meta property=\"og:image:width\" content=\"1280\" \/>\n\t<meta property=\"og:image:height\" content=\"720\" \/>\n\t<meta property=\"og:image:type\" content=\"image\/webp\" \/>\n<meta name=\"author\" content=\"R\u0103zvan Chiru\u021b\u0103\" \/>\n<meta name=\"twitter:card\" content=\"summary_large_image\" \/>\n<meta name=\"twitter:label1\" content=\"Written by\" \/>\n\t<meta name=\"twitter:data1\" content=\"R\u0103zvan Chiru\u021b\u0103\" \/>\n\t<meta name=\"twitter:label2\" content=\"Estimated reading time\" \/>\n\t<meta name=\"twitter:data2\" content=\"3 minutes\" \/>\n<script type=\"application\/ld+json\" class=\"yoast-schema-graph\">{\"@context\":\"https:\\\/\\\/schema.org\",\"@graph\":[{\"@type\":\"Article\",\"@id\":\"https:\\\/\\\/buletin.de\\\/bucuresti\\\/video-piedone-jr-il-imita-pe-tatal-sau-descindere-in-sector-pe-scuter-statie-de-emisie-si-echipa-de-filmare\\\/#article\",\"isPartOf\":{\"@id\":\"https:\\\/\\\/buletin.de\\\/bucuresti\\\/video-piedone-jr-il-imita-pe-tatal-sau-descindere-in-sector-pe-scuter-statie-de-emisie-si-echipa-de-filmare\\\/\"},\"author\":{\"name\":\"R\u0103zvan Chiru\u021b\u0103\",\"@id\":\"https:\\\/\\\/buletin.de\\\/bucuresti\\\/#\\\/schema\\\/person\\\/a76df728dfc913795a9d90e346b253bb\"},\"headline\":\"VIDEO | Piedone Jr. \u00eel imit\u0103 pe tat\u0103l s\u0103u: descindere \u00een sector pe scuter, sta\u021bie de emisie \u0219i echip\u0103 de filmare\",\"datePublished\":\"2024-11-06T06:53:09+00:00\",\"dateModified\":\"2024-11-06T06:58:40+00:00\",\"mainEntityOfPage\":{\"@id\":\"https:\\\/\\\/buletin.de\\\/bucuresti\\\/video-piedone-jr-il-imita-pe-tatal-sau-descindere-in-sector-pe-scuter-statie-de-emisie-si-echipa-de-filmare\\\/\"},\"wordCount\":579,\"publisher\":{\"@id\":\"https:\\\/\\\/buletin.de\\\/bucuresti\\\/#organization\"},\"image\":{\"@id\":\"https:\\\/\\\/buletin.de\\\/bucuresti\\\/video-piedone-jr-il-imita-pe-tatal-sau-descindere-in-sector-pe-scuter-statie-de-emisie-si-echipa-de-filmare\\\/#primaryimage\"},\"thumbnailUrl\":\"https:\\\/\\\/buletin.de\\\/bucuresti\\\/wp-content\\\/uploads\\\/piedonetatalsifiul.webp\",\"keywords\":[\"Cristian Popescu Piedone\",\"piedone\",\"piedone pe scuter\",\"primar sectorul 5\",\"vlad piedone\"],\"articleSection\":[\"Articole\",\"Main\",\"Prim\u0103rie\"],\"inLanguage\":\"en-GB\",\"copyrightYear\":\"2024\",\"copyrightHolder\":{\"@id\":\"https:\\\/\\\/buletin.de\\\/bucuresti\\\/#organization\"}},{\"@type\":\"WebPage\",\"@id\":\"https:\\\/\\\/buletin.de\\\/bucuresti\\\/video-piedone-jr-il-imita-pe-tatal-sau-descindere-in-sector-pe-scuter-statie-de-emisie-si-echipa-de-filmare\\\/\",\"url\":\"https:\\\/\\\/buletin.de\\\/bucuresti\\\/video-piedone-jr-il-imita-pe-tatal-sau-descindere-in-sector-pe-scuter-statie-de-emisie-si-echipa-de-filmare\\\/\",\"name\":\"VIDEO | Piedone Jr. \u00eel imit\u0103 pe tat\u0103l s\u0103u: descindere \u00een sector pe scuter, sta\u021bie de emisie \u0219i echip\u0103 de filmare - Buletin de Bucure\u0219ti\",\"isPartOf\":{\"@id\":\"https:\\\/\\\/buletin.de\\\/bucuresti\\\/#website\"},\"primaryImageOfPage\":{\"@id\":\"https:\\\/\\\/buletin.de\\\/bucuresti\\\/video-piedone-jr-il-imita-pe-tatal-sau-descindere-in-sector-pe-scuter-statie-de-emisie-si-echipa-de-filmare\\\/#primaryimage\"},\"image\":{\"@id\":\"https:\\\/\\\/buletin.de\\\/bucuresti\\\/video-piedone-jr-il-imita-pe-tatal-sau-descindere-in-sector-pe-scuter-statie-de-emisie-si-echipa-de-filmare\\\/#primaryimage\"},\"thumbnailUrl\":\"https:\\\/\\\/buletin.de\\\/bucuresti\\\/wp-content\\\/uploads\\\/piedonetatalsifiul.webp\",\"datePublished\":\"2024-11-06T06:53:09+00:00\",\"dateModified\":\"2024-11-06T06:58:40+00:00\",\"description\":\"Piedone Jr. \u00eel imit\u0103 pe tat\u0103l s\u0103u: descindere \u00een sector pe scuter, sta\u021bie de emisie \u0219i echip\u0103 de filmare, a doua zi dup\u0103 ce a preluat func\u021bia.\",\"breadcrumb\":{\"@id\":\"https:\\\/\\\/buletin.de\\\/bucuresti\\\/video-piedone-jr-il-imita-pe-tatal-sau-descindere-in-sector-pe-scuter-statie-de-emisie-si-echipa-de-filmare\\\/#breadcrumb\"},\"inLanguage\":\"en-GB\",\"potentialAction\":[{\"@type\":\"ReadAction\",\"target\":[\"https:\\\/\\\/buletin.de\\\/bucuresti\\\/video-piedone-jr-il-imita-pe-tatal-sau-descindere-in-sector-pe-scuter-statie-de-emisie-si-echipa-de-filmare\\\/\"]}]},{\"@type\":\"ImageObject\",\"inLanguage\":\"en-GB\",\"@id\":\"https:\\\/\\\/buletin.de\\\/bucuresti\\\/video-piedone-jr-il-imita-pe-tatal-sau-descindere-in-sector-pe-scuter-statie-de-emisie-si-echipa-de-filmare\\\/#primaryimage\",\"url\":\"https:\\\/\\\/buletin.de\\\/bucuresti\\\/wp-content\\\/uploads\\\/piedonetatalsifiul.webp\",\"contentUrl\":\"https:\\\/\\\/buletin.de\\\/bucuresti\\\/wp-content\\\/uploads\\\/piedonetatalsifiul.webp\",\"width\":1280,\"height\":720,\"caption\":\"Piedone Jr. \u00eel imit\u0103 pe tat\u0103l s\u0103u\"},{\"@type\":\"BreadcrumbList\",\"@id\":\"https:\\\/\\\/buletin.de\\\/bucuresti\\\/video-piedone-jr-il-imita-pe-tatal-sau-descindere-in-sector-pe-scuter-statie-de-emisie-si-echipa-de-filmare\\\/#breadcrumb\",\"itemListElement\":[{\"@type\":\"ListItem\",\"position\":1,\"name\":\"Acas\u0103\",\"item\":\"https:\\\/\\\/buletin.de\\\/bucuresti\\\/\"},{\"@type\":\"ListItem\",\"position\":2,\"name\":\"VIDEO | Piedone Jr. \u00eel imit\u0103 pe tat\u0103l s\u0103u: descindere \u00een sector pe scuter, sta\u021bie de emisie \u0219i echip\u0103 de filmare\"}]},{\"@type\":\"WebSite\",\"@id\":\"https:\\\/\\\/buletin.de\\\/bucuresti\\\/#website\",\"url\":\"https:\\\/\\\/buletin.de\\\/bucuresti\\\/\",\"name\":\"Buletin de Bucure\u0219ti\",\"description\":\"\u0218tiri \u0219i investiga\u021bii esen\u021biale din capital\u0103\",\"publisher\":{\"@id\":\"https:\\\/\\\/buletin.de\\\/bucuresti\\\/#organization\"},\"potentialAction\":[{\"@type\":\"SearchAction\",\"target\":{\"@type\":\"EntryPoint\",\"urlTemplate\":\"https:\\\/\\\/buletin.de\\\/bucuresti\\\/?s={search_term_string}\"},\"query-input\":{\"@type\":\"PropertyValueSpecification\",\"valueRequired\":true,\"valueName\":\"search_term_string\"}}],\"inLanguage\":\"en-GB\"},{\"@type\":\"Organization\",\"@id\":\"https:\\\/\\\/buletin.de\\\/bucuresti\\\/#organization\",\"name\":\"Buletin de Bucure\u0219ti\",\"url\":\"https:\\\/\\\/buletin.de\\\/bucuresti\\\/\",\"logo\":{\"@type\":\"ImageObject\",\"inLanguage\":\"en-GB\",\"@id\":\"https:\\\/\\\/buletin.de\\\/bucuresti\\\/#\\\/schema\\\/logo\\\/image\\\/\",\"url\":\"https:\\\/\\\/buletin.de\\\/bucuresti\\\/wp-content\\\/uploads\\\/logo-bdb-full-wide-vernil-transparent.png\",\"contentUrl\":\"https:\\\/\\\/buletin.de\\\/bucuresti\\\/wp-content\\\/uploads\\\/logo-bdb-full-wide-vernil-transparent.png\",\"width\":1782,\"height\":626,\"caption\":\"Buletin de Bucure\u0219ti\"},\"image\":{\"@id\":\"https:\\\/\\\/buletin.de\\\/bucuresti\\\/#\\\/schema\\\/logo\\\/image\\\/\"},\"sameAs\":[\"https:\\\/\\\/www.facebook.com\\\/buletin.de.buc\",\"https:\\\/\\\/www.instagram.com\\\/buletinde.bucuresti\\\/\"]},{\"@type\":\"Person\",\"@id\":\"https:\\\/\\\/buletin.de\\\/bucuresti\\\/#\\\/schema\\\/person\\\/a76df728dfc913795a9d90e346b253bb\",\"name\":\"R\u0103zvan Chiru\u021b\u0103\",\"image\":{\"@type\":\"ImageObject\",\"inLanguage\":\"en-GB\",\"@id\":\"https:\\\/\\\/buletin.de\\\/bucuresti\\\/wp-content\\\/uploads\\\/Razvan-Chiruta-96x96.jpge7143b996fd4241fbd6ee1f6b6b7b267\",\"url\":\"https:\\\/\\\/buletin.de\\\/bucuresti\\\/wp-content\\\/uploads\\\/Razvan-Chiruta-96x96.jpg\",\"contentUrl\":\"https:\\\/\\\/buletin.de\\\/bucuresti\\\/wp-content\\\/uploads\\\/Razvan-Chiruta-96x96.jpg\",\"caption\":\"R\u0103zvan Chiru\u021b\u0103\"},\"description\":\"R\u0103zvan Chiru\u021b\u0103 este redactor-\u0219ef adjunct din iulie 2024. A fost redactor-\u0219ef al PRESShub \u00eentre 2022 \u0219i iunie 2024. Anterior, a fost redactor-\u0219ef al Newsweek Rom\u00e2nia, din 2018 p\u00e2n\u0103 \u00een 2021, \u0219i al cotidianului Rom\u00e2nia liber\u0103, \u00eentre 2015 \u0219i 2017. Este absolvent de Jurnalism, \u00een cadrul Universit\u0103\u021bii \u201eAl.I.Cuza\u201d din Ia\u0219i, \u0219i a urmat un master \u00een Managementul institu\u021biilor mass-media (f\u0103r\u0103 diserta\u021bie) la Facultatea de Jurnalism \u0219i \u0218tiin\u021bele Comunic\u0103rii din cadrul Universit\u0103\u021bii din Bucure\u0219ti. \u0218i-a \u00eenceput cariera la Opinia studen\u021beasc\u0103, cunoscuta \u0219coal\u0103 de pres\u0103 din Ia\u0219i. A lucrat \u00een presa local\u0103, apoi a devenit corespondent pentru Ia\u0219i al cotidianului Evenimentul Zilei. Din 2004, a coordonat pentru \u0219ase luni sec\u021bia de coresponden\u021bi a Evenimentului Zilei. A mai lucrat la s\u0103pt\u0103m\u00e2nalul Prezent \u0219i a colaborat cu revistele Dilema Veche \u0219i Suplimentul de Cultur\u0103. Este co-autor \u00een volumele \u201eMass-media \u0219i democra\u021bia \u00een Rom\u00e2nia post-comunist\u0103\u201d (ed. a II-a), Ed. Institutul European, Ia\u0219i, 2013, \u0219i \u201eCOVID - 19. Dimensiuni ale gestionarii pandemiei\u201d, Editura Junimea, Ia\u0219i, 2020.\",\"url\":\"https:\\\/\\\/buletin.de\\\/bucuresti\\\/author\\\/razvan-chiruta\\\/\"}]}<\/script>\n<!-- \/ Yoast SEO Premium plugin. -->","yoast_head_json":{"title":"VIDEO | Piedone Jr. \u00eel imit\u0103 pe tat\u0103l s\u0103u: descindere \u00een sector pe scuter, sta\u021bie de emisie \u0219i echip\u0103 de filmare - Buletin de Bucure\u0219ti","description":"Piedone Jr. \u00eel imit\u0103 pe tat\u0103l s\u0103u: descindere \u00een sector pe scuter, sta\u021bie de emisie \u0219i echip\u0103 de filmare, a doua zi dup\u0103 ce a preluat func\u021bia.","robots":{"index":"index","follow":"follow","max-snippet":"max-snippet:-1","max-image-preview":"max-image-preview:large","max-video-preview":"max-video-preview:-1"},"canonical":"https:\/\/buletin.de\/bucuresti\/video-piedone-jr-il-imita-pe-tatal-sau-descindere-in-sector-pe-scuter-statie-de-emisie-si-echipa-de-filmare\/","og_locale":"en_GB","og_type":"article","og_title":"VIDEO | Piedone Jr. \u00eel imit\u0103 pe tat\u0103l s\u0103u: descindere \u00een sector pe scuter, sta\u021bie de emisie \u0219i echip\u0103 de filmare","og_description":"Piedone Jr. \u00eel imit\u0103 pe tat\u0103l s\u0103u: descindere \u00een sector pe scuter, sta\u021bie de emisie \u0219i echip\u0103 de filmare, a doua zi dup\u0103 ce a preluat func\u021bia.","og_url":"https:\/\/buletin.de\/bucuresti\/video-piedone-jr-il-imita-pe-tatal-sau-descindere-in-sector-pe-scuter-statie-de-emisie-si-echipa-de-filmare\/","og_site_name":"Buletin de Bucure\u0219ti","article_publisher":"https:\/\/www.facebook.com\/buletin.de.buc","article_published_time":"2024-11-06T06:53:09+00:00","article_modified_time":"2024-11-06T06:58:40+00:00","og_image":[{"width":1280,"height":720,"url":"https:\/\/buletin.de\/bucuresti\/wp-content\/uploads\/piedonetatalsifiul.webp","type":"image\/webp"}],"author":"R\u0103zvan Chiru\u021b\u0103","twitter_card":"summary_large_image","twitter_misc":{"Written by":"R\u0103zvan Chiru\u021b\u0103","Estimated reading time":"3 minutes"},"schema":{"@context":"https:\/\/schema.org","@graph":[{"@type":"Article","@id":"https:\/\/buletin.de\/bucuresti\/video-piedone-jr-il-imita-pe-tatal-sau-descindere-in-sector-pe-scuter-statie-de-emisie-si-echipa-de-filmare\/#article","isPartOf":{"@id":"https:\/\/buletin.de\/bucuresti\/video-piedone-jr-il-imita-pe-tatal-sau-descindere-in-sector-pe-scuter-statie-de-emisie-si-echipa-de-filmare\/"},"author":{"name":"R\u0103zvan Chiru\u021b\u0103","@id":"https:\/\/buletin.de\/bucuresti\/#\/schema\/person\/a76df728dfc913795a9d90e346b253bb"},"headline":"VIDEO | Piedone Jr. \u00eel imit\u0103 pe tat\u0103l s\u0103u: descindere \u00een sector pe scuter, sta\u021bie de emisie \u0219i echip\u0103 de filmare","datePublished":"2024-11-06T06:53:09+00:00","dateModified":"2024-11-06T06:58:40+00:00","mainEntityOfPage":{"@id":"https:\/\/buletin.de\/bucuresti\/video-piedone-jr-il-imita-pe-tatal-sau-descindere-in-sector-pe-scuter-statie-de-emisie-si-echipa-de-filmare\/"},"wordCount":579,"publisher":{"@id":"https:\/\/buletin.de\/bucuresti\/#organization"},"image":{"@id":"https:\/\/buletin.de\/bucuresti\/video-piedone-jr-il-imita-pe-tatal-sau-descindere-in-sector-pe-scuter-statie-de-emisie-si-echipa-de-filmare\/#primaryimage"},"thumbnailUrl":"https:\/\/buletin.de\/bucuresti\/wp-content\/uploads\/piedonetatalsifiul.webp","keywords":["Cristian Popescu Piedone","piedone","piedone pe scuter","primar sectorul 5","vlad piedone"],"articleSection":["Articole","Main","Prim\u0103rie"],"inLanguage":"en-GB","copyrightYear":"2024","copyrightHolder":{"@id":"https:\/\/buletin.de\/bucuresti\/#organization"}},{"@type":"WebPage","@id":"https:\/\/buletin.de\/bucuresti\/video-piedone-jr-il-imita-pe-tatal-sau-descindere-in-sector-pe-scuter-statie-de-emisie-si-echipa-de-filmare\/","url":"https:\/\/buletin.de\/bucuresti\/video-piedone-jr-il-imita-pe-tatal-sau-descindere-in-sector-pe-scuter-statie-de-emisie-si-echipa-de-filmare\/","name":"VIDEO | Piedone Jr. \u00eel imit\u0103 pe tat\u0103l s\u0103u: descindere \u00een sector pe scuter, sta\u021bie de emisie \u0219i echip\u0103 de filmare - Buletin de Bucure\u0219ti","isPartOf":{"@id":"https:\/\/buletin.de\/bucuresti\/#website"},"primaryImageOfPage":{"@id":"https:\/\/buletin.de\/bucuresti\/video-piedone-jr-il-imita-pe-tatal-sau-descindere-in-sector-pe-scuter-statie-de-emisie-si-echipa-de-filmare\/#primaryimage"},"image":{"@id":"https:\/\/buletin.de\/bucuresti\/video-piedone-jr-il-imita-pe-tatal-sau-descindere-in-sector-pe-scuter-statie-de-emisie-si-echipa-de-filmare\/#primaryimage"},"thumbnailUrl":"https:\/\/buletin.de\/bucuresti\/wp-content\/uploads\/piedonetatalsifiul.webp","datePublished":"2024-11-06T06:53:09+00:00","dateModified":"2024-11-06T06:58:40+00:00","description":"Piedone Jr. \u00eel imit\u0103 pe tat\u0103l s\u0103u: descindere \u00een sector pe scuter, sta\u021bie de emisie \u0219i echip\u0103 de filmare, a doua zi dup\u0103 ce a preluat func\u021bia.","breadcrumb":{"@id":"https:\/\/buletin.de\/bucuresti\/video-piedone-jr-il-imita-pe-tatal-sau-descindere-in-sector-pe-scuter-statie-de-emisie-si-echipa-de-filmare\/#breadcrumb"},"inLanguage":"en-GB","potentialAction":[{"@type":"ReadAction","target":["https:\/\/buletin.de\/bucuresti\/video-piedone-jr-il-imita-pe-tatal-sau-descindere-in-sector-pe-scuter-statie-de-emisie-si-echipa-de-filmare\/"]}]},{"@type":"ImageObject","inLanguage":"en-GB","@id":"https:\/\/buletin.de\/bucuresti\/video-piedone-jr-il-imita-pe-tatal-sau-descindere-in-sector-pe-scuter-statie-de-emisie-si-echipa-de-filmare\/#primaryimage","url":"https:\/\/buletin.de\/bucuresti\/wp-content\/uploads\/piedonetatalsifiul.webp","contentUrl":"https:\/\/buletin.de\/bucuresti\/wp-content\/uploads\/piedonetatalsifiul.webp","width":1280,"height":720,"caption":"Piedone Jr. \u00eel imit\u0103 pe tat\u0103l s\u0103u"},{"@type":"BreadcrumbList","@id":"https:\/\/buletin.de\/bucuresti\/video-piedone-jr-il-imita-pe-tatal-sau-descindere-in-sector-pe-scuter-statie-de-emisie-si-echipa-de-filmare\/#breadcrumb","itemListElement":[{"@type":"ListItem","position":1,"name":"Acas\u0103","item":"https:\/\/buletin.de\/bucuresti\/"},{"@type":"ListItem","position":2,"name":"VIDEO | Piedone Jr. \u00eel imit\u0103 pe tat\u0103l s\u0103u: descindere \u00een sector pe scuter, sta\u021bie de emisie \u0219i echip\u0103 de filmare"}]},{"@type":"WebSite","@id":"https:\/\/buletin.de\/bucuresti\/#website","url":"https:\/\/buletin.de\/bucuresti\/","name":"Buletin de Bucure\u0219ti","description":"\u0218tiri \u0219i investiga\u021bii esen\u021biale din capital\u0103","publisher":{"@id":"https:\/\/buletin.de\/bucuresti\/#organization"},"potentialAction":[{"@type":"SearchAction","target":{"@type":"EntryPoint","urlTemplate":"https:\/\/buletin.de\/bucuresti\/?s={search_term_string}"},"query-input":{"@type":"PropertyValueSpecification","valueRequired":true,"valueName":"search_term_string"}}],"inLanguage":"en-GB"},{"@type":"Organization","@id":"https:\/\/buletin.de\/bucuresti\/#organization","name":"Buletin de Bucure\u0219ti","url":"https:\/\/buletin.de\/bucuresti\/","logo":{"@type":"ImageObject","inLanguage":"en-GB","@id":"https:\/\/buletin.de\/bucuresti\/#\/schema\/logo\/image\/","url":"https:\/\/buletin.de\/bucuresti\/wp-content\/uploads\/logo-bdb-full-wide-vernil-transparent.png","contentUrl":"https:\/\/buletin.de\/bucuresti\/wp-content\/uploads\/logo-bdb-full-wide-vernil-transparent.png","width":1782,"height":626,"caption":"Buletin de Bucure\u0219ti"},"image":{"@id":"https:\/\/buletin.de\/bucuresti\/#\/schema\/logo\/image\/"},"sameAs":["https:\/\/www.facebook.com\/buletin.de.buc","https:\/\/www.instagram.com\/buletinde.bucuresti\/"]},{"@type":"Person","@id":"https:\/\/buletin.de\/bucuresti\/#\/schema\/person\/a76df728dfc913795a9d90e346b253bb","name":"R\u0103zvan Chiru\u021b\u0103","image":{"@type":"ImageObject","inLanguage":"en-GB","@id":"https:\/\/buletin.de\/bucuresti\/wp-content\/uploads\/Razvan-Chiruta-96x96.jpge7143b996fd4241fbd6ee1f6b6b7b267","url":"https:\/\/buletin.de\/bucuresti\/wp-content\/uploads\/Razvan-Chiruta-96x96.jpg","contentUrl":"https:\/\/buletin.de\/bucuresti\/wp-content\/uploads\/Razvan-Chiruta-96x96.jpg","caption":"R\u0103zvan Chiru\u021b\u0103"},"description":"R\u0103zvan Chiru\u021b\u0103 este redactor-\u0219ef adjunct din iulie 2024. A fost redactor-\u0219ef al PRESShub \u00eentre 2022 \u0219i iunie 2024. Anterior, a fost redactor-\u0219ef al Newsweek Rom\u00e2nia, din 2018 p\u00e2n\u0103 \u00een 2021, \u0219i al cotidianului Rom\u00e2nia liber\u0103, \u00eentre 2015 \u0219i 2017. Este absolvent de Jurnalism, \u00een cadrul Universit\u0103\u021bii \u201eAl.I.Cuza\u201d din Ia\u0219i, \u0219i a urmat un master \u00een Managementul institu\u021biilor mass-media (f\u0103r\u0103 diserta\u021bie) la Facultatea de Jurnalism \u0219i \u0218tiin\u021bele Comunic\u0103rii din cadrul Universit\u0103\u021bii din Bucure\u0219ti. \u0218i-a \u00eenceput cariera la Opinia studen\u021beasc\u0103, cunoscuta \u0219coal\u0103 de pres\u0103 din Ia\u0219i. A lucrat \u00een presa local\u0103, apoi a devenit corespondent pentru Ia\u0219i al cotidianului Evenimentul Zilei. Din 2004, a coordonat pentru \u0219ase luni sec\u021bia de coresponden\u021bi a Evenimentului Zilei. A mai lucrat la s\u0103pt\u0103m\u00e2nalul Prezent \u0219i a colaborat cu revistele Dilema Veche \u0219i Suplimentul de Cultur\u0103. Este co-autor \u00een volumele \u201eMass-media \u0219i democra\u021bia \u00een Rom\u00e2nia post-comunist\u0103\u201d (ed. a II-a), Ed. Institutul European, Ia\u0219i, 2013, \u0219i \u201eCOVID - 19. Dimensiuni ale gestionarii pandemiei\u201d, Editura Junimea, Ia\u0219i, 2020.","url":"https:\/\/buletin.de\/bucuresti\/author\/razvan-chiruta\/"}]}},"authors":[{"term_id":22582,"user_id":60,"is_guest":0,"slug":"razvan-chiruta","display_name":"R\u0103zvan Chiru\u021b\u0103","avatar_url":"https:\/\/buletin.de\/bucuresti\/wp-content\/uploads\/Razvan-Chiruta-96x96.jpg","0":null,"1":"","2":"","3":"","4":"","5":"","6":"","7":"","8":""}],"_links":{"self":[{"href":"https:\/\/buletin.de\/bucuresti\/wp-json\/wp\/v2\/posts\/105238","targetHints":{"allow":["GET"]}}],"collection":[{"href":"https:\/\/buletin.de\/bucuresti\/wp-json\/wp\/v2\/posts"}],"about":[{"href":"https:\/\/buletin.de\/bucuresti\/wp-json\/wp\/v2\/types\/post"}],"author":[{"embeddable":true,"href":"https:\/\/buletin.de\/bucuresti\/wp-json\/wp\/v2\/users\/60"}],"replies":[{"embeddable":true,"href":"https:\/\/buletin.de\/bucuresti\/wp-json\/wp\/v2\/comments?post=105238"}],"version-history":[{"count":6,"href":"https:\/\/buletin.de\/bucuresti\/wp-json\/wp\/v2\/posts\/105238\/revisions"}],"predecessor-version":[{"id":105264,"href":"https:\/\/buletin.de\/bucuresti\/wp-json\/wp\/v2\/posts\/105238\/revisions\/105264"}],"wp:featuredmedia":[{"embeddable":true,"href":"https:\/\/buletin.de\/bucuresti\/wp-json\/wp\/v2\/media\/105243"}],"wp:attachment":[{"href":"https:\/\/buletin.de\/bucuresti\/wp-json\/wp\/v2\/media?parent=105238"}],"wp:term":[{"taxonomy":"category","embeddable":true,"href":"https:\/\/buletin.de\/bucuresti\/wp-json\/wp\/v2\/categories?post=105238"},{"taxonomy":"post_tag","embeddable":true,"href":"https:\/\/buletin.de\/bucuresti\/wp-json\/wp\/v2\/tags?post=105238"},{"taxonomy":"author","embeddable":true,"href":"https:\/\/buletin.de\/bucuresti\/wp-json\/wp\/v2\/ppma_author?post=105238"}],"curies":[{"name":"wp","href":"https:\/\/api.w.org\/{rel}","templated":true}]}}