{"id":105157,"date":"2024-11-05T16:04:05","date_gmt":"2024-11-05T13:04:05","guid":{"rendered":"https:\/\/buletin.de\/bucuresti\/?p=105157"},"modified":"2024-11-05T16:04:06","modified_gmt":"2024-11-05T13:04:06","slug":"iohannis-a-promulgat-legea-care-permite-organizarea-referendumului-in-acelasi-timp-cu-alegerile-prezidentiale","status":"publish","type":"post","link":"https:\/\/buletin.de\/bucuresti\/iohannis-a-promulgat-legea-care-permite-organizarea-referendumului-in-acelasi-timp-cu-alegerile-prezidentiale\/","title":{"rendered":"Iohannis a promulgat legea care permite organizarea referendumului \u00een acela\u0219i timp cu alegerile preziden\u021biale"},"content":{"rendered":"\n<p><strong>Pre\u0219edintele Rom\u00e2niei, Klaus Iohannis, a promulgat mar\u021bi, 5 noiembrie, legea care permite organizarea referendumului lui Nicu\u0219or Dan \u00een acela\u0219i timp cu alegerile preziden\u021biale din 24 noiembrie \u0219i \u00een acelea\u0219i sec\u021bii de votare.<\/strong><\/p>\n\n\n\n<blockquote class=\"wp-block-quote is-layout-flow wp-block-quote-is-layout-flow\">\n<p>Asta \u00eenseamn\u0103 timp mai pu\u021bin petrecut \u00een sec\u021bia de vot de c\u0103tre bucure\u0219teni c\u00e2t \u0219i costuri mai mici de organizare.<\/p>\n<cite>primarul general, Nicu\u0219or Dan.<\/cite><\/blockquote>\n\n\n\n<p>Pe actul de identitate al aleg\u0103torului se va aplica un singur timbru autocolant cu men\u021biunea \u201eVOTAT\u201d \u0219i data scrutinului, conform modelului aprobat pentru alegerile organizate simultan cu referendumul na\u021bional sau local.<\/p>\n\n\n\n<p>\u201ePe 24 noiembrie este important s\u0103 spunem \u00abDA\u00bb \u00een num\u0103r c\u00e2t mai mare pentru a avea un ora\u0219 organizat \u0219i dezvoltat unitar\u201d, <a href=\"https:\/\/www.facebook.com\/photo.php?fbid=1087590716050675&amp;set=pb.100043992705692.-2207520000&amp;type=3\">a mai transmis primarul.<\/a><\/p>\n\n\n\n<p>Tribunalul Bucure\u0219ti a respins joi, 31 octombrie, cererile de contestare a referendumului local, organizat de Prim\u0103ria Municipiului Bucure\u0219ti.<\/p>\n\n\n\n<p><strong>CITE\u0218TE \u0218I: <a href=\"https:\/\/buletin.de\/bucuresti\/tribunalul-bucuresti-a-respins-cererile-de-contestare-a-referendumului-local-n-dan-megem-inainte\/\">Tribunalul Bucure\u0219ti a respins cererile de contestare a referendumului local. N. Dan: \u201eMergem \u00eenainte!\u201d<\/a><\/strong><\/p>\n\n\n\n<h2 class=\"wp-block-heading\" id=\"h-ce-votam-pe-24-noiembrie\">Ce vot\u0103m pe 24 noiembrie<\/h2>\n\n\n\n<p>Bucure\u0219tenii vor putea s\u0103 voteze, pe 24 noiembrie, pre\u0219edintele Rom\u00e2niei, dar \u0219i s\u0103 r\u0103spund\u0103 la trei \u00eentreb\u0103ri legate de organizarea administrativ\u0103 a Capitalei:<\/p>\n\n\n\n<ul class=\"wp-block-list\">\n<li>Sunte\u021bi de acord ca repartizarea \u00eentre Prim\u0103ria Municipiului Bucure\u0219ti \u0219i Prim\u0103riile de Sector a impozitelor pe venit \u0219i a taxelor \u0219i impozitelor locale colectate de la bucure\u0219teni s\u0103 fie aprobat\u0103 de c\u0103tre Consiliul General al Municipiului Bucure\u0219ti?&nbsp;<strong>(propus\u0103 de primarul general)<\/strong><\/li>\n\n\n\n<li>Sunte\u021bi de acord ca Primarul General al Municipiului Bucure\u0219ti s\u0103 emit\u0103 Autoriza\u021biile de Construire pe \u00eentreg teritoriul administrativ al ora\u0219ului?&nbsp;<strong>(propus\u0103 de primarul general)<\/strong><\/li>\n\n\n\n<li>&nbsp;Sunte\u021bi de acord ca Prim\u0103ria Municipiului Bucure\u0219ti s\u0103 finan\u021beze \u0219i s\u0103 implementeze un program de educa\u021bie pentru s\u0103n\u0103tate \u0219i prevenire a consumului de droguri \u00een toate \u0219colile din Bucure\u0219ti? (<strong><em>propus\u0103 de PSD<\/em><\/strong>).<\/li>\n<\/ul>\n\n\n\n<p><strong>CITE\u0218TE \u0218I:<\/strong> <strong><strong><a href=\"https:\/\/buletin.de\/bucuresti\/nicusor-dan-in-discutie-cu-cetatenii-pe-tema-referendumului-da-vreau-mai-multa-putere-ce-spune-despre-desfiintarea-sectoarelor\/\">Nicu\u0219or Dan \u00een discu\u021bie cu cet\u0103\u021benii, pe tema referendumului: \u201eDa, vreau mai mult\u0103 putere!\u201d. Ce spune despre desfiin\u021barea sectoarelor<\/a><\/strong><\/strong><\/p>\n\n\n\n<h2 class=\"wp-block-heading\" id=\"h-referendumul-lui-nicu\u0219or-dan-anun\u021bat-dupa-ce-a-ca\u0219tigat-al-doilea-mandat-de-primar\">Referendumul lui Nicu\u0219or Dan, anun\u021bat dup\u0103 ce a c\u00e2\u0219tigat al doilea mandat de primar<\/h2>\n\n\n\n<p>Buletin de Bucure\u0219ti a anun\u0163at c\u0103 Nicu\u015for Dan, \u00een discursul s\u0103u de dup\u0103 \u00eenchiderea urnelor, vrea s\u0103 cear\u0103 un referendum local \u00een care s\u0103 \u00eei lase pe bucure\u015fteni s\u0103 decid\u0103 unde ar trebui s\u0103 mearg\u0103 mai mul\u0163i bani, \u00eentre Prim\u0103ria Capitalei \u015fi cele de sector.<\/p>\n\n\n\n<p><strong>Acesta reclam\u0103 discrepan\u0163e majore care blocheaz\u0103 anumite aspecte ale administra\u0163iei.<\/strong><\/p>\n\n\n\n<p>Nicu\u015for Dan a precizat \u00een acest discurs c\u0103 primarul general nu poate fi tras la r\u0103spundere pentru aglomera\u0163ia de pe str\u0103zile Capitalei, at\u00e2ta vreme c\u00e2t edilii de sector dau autoriza\u0163ii peste autoriza\u0163ii pentru noi blocuri, care genereaz\u0103 trafic \u00een plus.<\/p>\n\n\n\n<p>Drept urmare, vrea un referendum \u00een care s\u0103 \u00eei \u00eentrebe pe bucure\u015fteni cum ar trebui \u00eemp\u0103r\u0163ite responsabilit\u0103\u0163ile \u00eentre prim\u0103rii \u015fi unde ar trebui s\u0103 mearg\u0103 bani mai mul\u0163i.<\/p>\n\n\n\n<p><strong>CITE\u0218TE \u0218I: <\/strong><strong><a href=\"https:\/\/buletin.de\/bucuresti\/referendumul-lui-nicusor-dan-va-fi-organizat-in-aceleasi-sectii-de-vot-cu-alegerile-prezidentiale\/\">Referendumul lui Nicu\u0219or Dan va fi organizat \u00een acelea\u0219i sec\u021bii de vot cu alegerile preziden\u021biale<\/a><\/strong><\/p>\n","protected":false},"excerpt":{"rendered":"<p>Pre\u0219edintele Rom\u00e2niei, Klaus Iohannis, a promulgat mar\u021bi, 5 noiembrie, legea care permite organizarea referendumului lui Nicu\u0219or Dan \u00een acela\u0219i timp cu alegerile preziden\u021biale din 24 noiembrie \u0219i \u00een acelea\u0219i sec\u021bii de votare. Asta \u00eenseamn\u0103 timp mai pu\u021bin petrecut \u00een sec\u021bia de vot de c\u0103tre bucure\u0219teni c\u00e2t \u0219i costuri mai mici de organizare. primarul general, Nicu\u0219or [&hellip;]<\/p>\n","protected":false},"author":59,"featured_media":105161,"comment_status":"closed","ping_status":"open","sticky":false,"template":"","format":"standard","meta":{"_acf_changed":false,"inline_featured_image":false,"ngg_post_thumbnail":0,"footnotes":""},"categories":[6994,9025,24,62],"tags":[363,2063,2779,1899,12387,10698,1640],"ppma_author":[22572],"class_list":["post-105157","post","type-post","status-publish","format-standard","has-post-thumbnail","hentry","category-stiri-2","category-politic","category-primarie","category-stiri","tag-alegeri","tag-bucuresti-2","tag-capitala-2","tag-nicusor-dan-2","tag-primaria-municipiului-bucuresti-2","tag-primarul-general","tag-referendum"],"acf":[],"yoast_head":"<!-- This site is optimized with the Yoast SEO Premium plugin v25.3 (Yoast SEO v27.4) - https:\/\/yoast.com\/product\/yoast-seo-premium-wordpress\/ -->\n<title>Iohannis a promulgat legea care permite organizarea referendumului \u00een acela\u0219i timp cu alegerile preziden\u021biale - Buletin de Bucure\u0219ti<\/title>\n<meta name=\"description\" content=\"Iohannis a promulgat legea care permite organizarea referendumului \u00een acela\u0219i timp cu alegerile preziden\u021biale din 24 noiembrie.\" \/>\n<meta name=\"robots\" content=\"index, follow, max-snippet:-1, max-image-preview:large, max-video-preview:-1\" \/>\n<link rel=\"canonical\" href=\"https:\/\/buletin.de\/bucuresti\/iohannis-a-promulgat-legea-care-permite-organizarea-referendumului-in-acelasi-timp-cu-alegerile-prezidentiale\/\" \/>\n<meta property=\"og:locale\" content=\"en_GB\" \/>\n<meta property=\"og:type\" content=\"article\" \/>\n<meta property=\"og:title\" content=\"Iohannis a promulgat legea care permite organizarea referendumului \u00een acela\u0219i timp cu alegerile preziden\u021biale\" \/>\n<meta property=\"og:description\" content=\"Iohannis a promulgat legea care permite organizarea referendumului \u00een acela\u0219i timp cu alegerile preziden\u021biale din 24 noiembrie.\" \/>\n<meta property=\"og:url\" content=\"https:\/\/buletin.de\/bucuresti\/iohannis-a-promulgat-legea-care-permite-organizarea-referendumului-in-acelasi-timp-cu-alegerile-prezidentiale\/\" \/>\n<meta property=\"og:site_name\" content=\"Buletin de Bucure\u0219ti\" \/>\n<meta property=\"article:publisher\" content=\"https:\/\/www.facebook.com\/buletin.de.buc\" \/>\n<meta property=\"article:published_time\" content=\"2024-11-05T13:04:05+00:00\" \/>\n<meta property=\"article:modified_time\" content=\"2024-11-05T13:04:06+00:00\" \/>\n<meta property=\"og:image\" content=\"https:\/\/buletin.de\/bucuresti\/wp-content\/uploads\/Nicusor-Dan-6.jpg\" \/>\n\t<meta property=\"og:image:width\" content=\"1065\" \/>\n\t<meta property=\"og:image:height\" content=\"710\" \/>\n\t<meta property=\"og:image:type\" content=\"image\/jpeg\" \/>\n<meta name=\"author\" content=\"C\u0103t\u0103lin Anghel-Dimache\" \/>\n<meta name=\"twitter:card\" content=\"summary_large_image\" \/>\n<meta name=\"twitter:label1\" content=\"Written by\" \/>\n\t<meta name=\"twitter:data1\" content=\"C\u0103t\u0103lin Anghel-Dimache\" \/>\n\t<meta name=\"twitter:label2\" content=\"Estimated reading time\" \/>\n\t<meta name=\"twitter:data2\" content=\"3 minutes\" \/>\n<script type=\"application\/ld+json\" class=\"yoast-schema-graph\">{\"@context\":\"https:\\\/\\\/schema.org\",\"@graph\":[{\"@type\":\"Article\",\"@id\":\"https:\\\/\\\/buletin.de\\\/bucuresti\\\/iohannis-a-promulgat-legea-care-permite-organizarea-referendumului-in-acelasi-timp-cu-alegerile-prezidentiale\\\/#article\",\"isPartOf\":{\"@id\":\"https:\\\/\\\/buletin.de\\\/bucuresti\\\/iohannis-a-promulgat-legea-care-permite-organizarea-referendumului-in-acelasi-timp-cu-alegerile-prezidentiale\\\/\"},\"author\":{\"name\":\"C\u0103t\u0103lin Anghel-Dimache\",\"@id\":\"https:\\\/\\\/buletin.de\\\/bucuresti\\\/#\\\/schema\\\/person\\\/0ac9db30080482be87c7386a30f98796\"},\"headline\":\"Iohannis a promulgat legea care permite organizarea referendumului \u00een acela\u0219i timp cu alegerile preziden\u021biale\",\"datePublished\":\"2024-11-05T13:04:05+00:00\",\"dateModified\":\"2024-11-05T13:04:06+00:00\",\"mainEntityOfPage\":{\"@id\":\"https:\\\/\\\/buletin.de\\\/bucuresti\\\/iohannis-a-promulgat-legea-care-permite-organizarea-referendumului-in-acelasi-timp-cu-alegerile-prezidentiale\\\/\"},\"wordCount\":545,\"publisher\":{\"@id\":\"https:\\\/\\\/buletin.de\\\/bucuresti\\\/#organization\"},\"image\":{\"@id\":\"https:\\\/\\\/buletin.de\\\/bucuresti\\\/iohannis-a-promulgat-legea-care-permite-organizarea-referendumului-in-acelasi-timp-cu-alegerile-prezidentiale\\\/#primaryimage\"},\"thumbnailUrl\":\"https:\\\/\\\/buletin.de\\\/bucuresti\\\/wp-content\\\/uploads\\\/Nicusor-Dan-6.jpg\",\"keywords\":[\"alegeri\",\"Bucure\u0219ti\",\"Capital\u0103\",\"Nicu\u0219or Dan\",\"Prim\u0103ria Municipiului Bucure\u0219ti\",\"primarul general\",\"referendum\"],\"articleSection\":[\"Articole\",\"Politic\",\"Prim\u0103rie\",\"\u0218tiri\"],\"inLanguage\":\"en-GB\",\"copyrightYear\":\"2024\",\"copyrightHolder\":{\"@id\":\"https:\\\/\\\/buletin.de\\\/bucuresti\\\/#organization\"}},{\"@type\":\"WebPage\",\"@id\":\"https:\\\/\\\/buletin.de\\\/bucuresti\\\/iohannis-a-promulgat-legea-care-permite-organizarea-referendumului-in-acelasi-timp-cu-alegerile-prezidentiale\\\/\",\"url\":\"https:\\\/\\\/buletin.de\\\/bucuresti\\\/iohannis-a-promulgat-legea-care-permite-organizarea-referendumului-in-acelasi-timp-cu-alegerile-prezidentiale\\\/\",\"name\":\"Iohannis a promulgat legea care permite organizarea referendumului \u00een acela\u0219i timp cu alegerile preziden\u021biale - Buletin de Bucure\u0219ti\",\"isPartOf\":{\"@id\":\"https:\\\/\\\/buletin.de\\\/bucuresti\\\/#website\"},\"primaryImageOfPage\":{\"@id\":\"https:\\\/\\\/buletin.de\\\/bucuresti\\\/iohannis-a-promulgat-legea-care-permite-organizarea-referendumului-in-acelasi-timp-cu-alegerile-prezidentiale\\\/#primaryimage\"},\"image\":{\"@id\":\"https:\\\/\\\/buletin.de\\\/bucuresti\\\/iohannis-a-promulgat-legea-care-permite-organizarea-referendumului-in-acelasi-timp-cu-alegerile-prezidentiale\\\/#primaryimage\"},\"thumbnailUrl\":\"https:\\\/\\\/buletin.de\\\/bucuresti\\\/wp-content\\\/uploads\\\/Nicusor-Dan-6.jpg\",\"datePublished\":\"2024-11-05T13:04:05+00:00\",\"dateModified\":\"2024-11-05T13:04:06+00:00\",\"description\":\"Iohannis a promulgat legea care permite organizarea referendumului \u00een acela\u0219i timp cu alegerile preziden\u021biale din 24 noiembrie.\",\"breadcrumb\":{\"@id\":\"https:\\\/\\\/buletin.de\\\/bucuresti\\\/iohannis-a-promulgat-legea-care-permite-organizarea-referendumului-in-acelasi-timp-cu-alegerile-prezidentiale\\\/#breadcrumb\"},\"inLanguage\":\"en-GB\",\"potentialAction\":[{\"@type\":\"ReadAction\",\"target\":[\"https:\\\/\\\/buletin.de\\\/bucuresti\\\/iohannis-a-promulgat-legea-care-permite-organizarea-referendumului-in-acelasi-timp-cu-alegerile-prezidentiale\\\/\"]}]},{\"@type\":\"ImageObject\",\"inLanguage\":\"en-GB\",\"@id\":\"https:\\\/\\\/buletin.de\\\/bucuresti\\\/iohannis-a-promulgat-legea-care-permite-organizarea-referendumului-in-acelasi-timp-cu-alegerile-prezidentiale\\\/#primaryimage\",\"url\":\"https:\\\/\\\/buletin.de\\\/bucuresti\\\/wp-content\\\/uploads\\\/Nicusor-Dan-6.jpg\",\"contentUrl\":\"https:\\\/\\\/buletin.de\\\/bucuresti\\\/wp-content\\\/uploads\\\/Nicusor-Dan-6.jpg\",\"width\":1065,\"height\":710,\"caption\":\"Iohannis a promulgat legea care permite organizarea referendumului \u00een acela\u0219i timp cu alegerile preziden\u021biale. FOTO: Facebook \\\/ Nicu\u0219or Dan\"},{\"@type\":\"BreadcrumbList\",\"@id\":\"https:\\\/\\\/buletin.de\\\/bucuresti\\\/iohannis-a-promulgat-legea-care-permite-organizarea-referendumului-in-acelasi-timp-cu-alegerile-prezidentiale\\\/#breadcrumb\",\"itemListElement\":[{\"@type\":\"ListItem\",\"position\":1,\"name\":\"Acas\u0103\",\"item\":\"https:\\\/\\\/buletin.de\\\/bucuresti\\\/\"},{\"@type\":\"ListItem\",\"position\":2,\"name\":\"Iohannis a promulgat legea care permite organizarea referendumului \u00een acela\u0219i timp cu alegerile preziden\u021biale\"}]},{\"@type\":\"WebSite\",\"@id\":\"https:\\\/\\\/buletin.de\\\/bucuresti\\\/#website\",\"url\":\"https:\\\/\\\/buletin.de\\\/bucuresti\\\/\",\"name\":\"Buletin de Bucure\u0219ti\",\"description\":\"\u0218tiri \u0219i investiga\u021bii esen\u021biale din capital\u0103\",\"publisher\":{\"@id\":\"https:\\\/\\\/buletin.de\\\/bucuresti\\\/#organization\"},\"potentialAction\":[{\"@type\":\"SearchAction\",\"target\":{\"@type\":\"EntryPoint\",\"urlTemplate\":\"https:\\\/\\\/buletin.de\\\/bucuresti\\\/?s={search_term_string}\"},\"query-input\":{\"@type\":\"PropertyValueSpecification\",\"valueRequired\":true,\"valueName\":\"search_term_string\"}}],\"inLanguage\":\"en-GB\"},{\"@type\":\"Organization\",\"@id\":\"https:\\\/\\\/buletin.de\\\/bucuresti\\\/#organization\",\"name\":\"Buletin de Bucure\u0219ti\",\"url\":\"https:\\\/\\\/buletin.de\\\/bucuresti\\\/\",\"logo\":{\"@type\":\"ImageObject\",\"inLanguage\":\"en-GB\",\"@id\":\"https:\\\/\\\/buletin.de\\\/bucuresti\\\/#\\\/schema\\\/logo\\\/image\\\/\",\"url\":\"https:\\\/\\\/buletin.de\\\/bucuresti\\\/wp-content\\\/uploads\\\/logo-bdb-full-wide-vernil-transparent.png\",\"contentUrl\":\"https:\\\/\\\/buletin.de\\\/bucuresti\\\/wp-content\\\/uploads\\\/logo-bdb-full-wide-vernil-transparent.png\",\"width\":1782,\"height\":626,\"caption\":\"Buletin de Bucure\u0219ti\"},\"image\":{\"@id\":\"https:\\\/\\\/buletin.de\\\/bucuresti\\\/#\\\/schema\\\/logo\\\/image\\\/\"},\"sameAs\":[\"https:\\\/\\\/www.facebook.com\\\/buletin.de.buc\",\"https:\\\/\\\/www.instagram.com\\\/buletinde.bucuresti\\\/\"]},{\"@type\":\"Person\",\"@id\":\"https:\\\/\\\/buletin.de\\\/bucuresti\\\/#\\\/schema\\\/person\\\/0ac9db30080482be87c7386a30f98796\",\"name\":\"C\u0103t\u0103lin Anghel-Dimache\",\"image\":{\"@type\":\"ImageObject\",\"inLanguage\":\"en-GB\",\"@id\":\"https:\\\/\\\/buletin.de\\\/bucuresti\\\/wp-content\\\/uploads\\\/Catalin-Anghel-Dimache-96x96.jpgbd9e43c5b25186d5b8e917ac61ad86c4\",\"url\":\"https:\\\/\\\/buletin.de\\\/bucuresti\\\/wp-content\\\/uploads\\\/Catalin-Anghel-Dimache-96x96.jpg\",\"contentUrl\":\"https:\\\/\\\/buletin.de\\\/bucuresti\\\/wp-content\\\/uploads\\\/Catalin-Anghel-Dimache-96x96.jpg\",\"caption\":\"C\u0103t\u0103lin Anghel-Dimache\"},\"description\":\"A absolvit Facultatea de Jurnalism \u0219i \u0218tiin\u021bele Comunic\u0103rii a Universit\u0103\u021bii din Bucure\u0219ti \u00een 2024. Scrie despre mediu \u0219i teme sociale, dar \u0219i despre cum se reflect\u0103 ele \u00een via\u021ba cotidian\u0103 a bucure\u0219tenilor, cu un ochi atent la pove\u0219tile personale din spatele titlurilor. N\u0103scut \u0219i crescut \u00een Bucure\u0219ti, a f\u0103cut un pas c\u0103tre presa local\u0103, din pasiune pentru ora\u0219ul s\u0103u \u0219i oamenii din el.\",\"url\":\"https:\\\/\\\/buletin.de\\\/bucuresti\\\/author\\\/catalin-anghel-dimache\\\/\"}]}<\/script>\n<!-- \/ Yoast SEO Premium plugin. -->","yoast_head_json":{"title":"Iohannis a promulgat legea care permite organizarea referendumului \u00een acela\u0219i timp cu alegerile preziden\u021biale - Buletin de Bucure\u0219ti","description":"Iohannis a promulgat legea care permite organizarea referendumului \u00een acela\u0219i timp cu alegerile preziden\u021biale din 24 noiembrie.","robots":{"index":"index","follow":"follow","max-snippet":"max-snippet:-1","max-image-preview":"max-image-preview:large","max-video-preview":"max-video-preview:-1"},"canonical":"https:\/\/buletin.de\/bucuresti\/iohannis-a-promulgat-legea-care-permite-organizarea-referendumului-in-acelasi-timp-cu-alegerile-prezidentiale\/","og_locale":"en_GB","og_type":"article","og_title":"Iohannis a promulgat legea care permite organizarea referendumului \u00een acela\u0219i timp cu alegerile preziden\u021biale","og_description":"Iohannis a promulgat legea care permite organizarea referendumului \u00een acela\u0219i timp cu alegerile preziden\u021biale din 24 noiembrie.","og_url":"https:\/\/buletin.de\/bucuresti\/iohannis-a-promulgat-legea-care-permite-organizarea-referendumului-in-acelasi-timp-cu-alegerile-prezidentiale\/","og_site_name":"Buletin de Bucure\u0219ti","article_publisher":"https:\/\/www.facebook.com\/buletin.de.buc","article_published_time":"2024-11-05T13:04:05+00:00","article_modified_time":"2024-11-05T13:04:06+00:00","og_image":[{"width":1065,"height":710,"url":"https:\/\/buletin.de\/bucuresti\/wp-content\/uploads\/Nicusor-Dan-6.jpg","type":"image\/jpeg"}],"author":"C\u0103t\u0103lin Anghel-Dimache","twitter_card":"summary_large_image","twitter_misc":{"Written by":"C\u0103t\u0103lin Anghel-Dimache","Estimated reading time":"3 minutes"},"schema":{"@context":"https:\/\/schema.org","@graph":[{"@type":"Article","@id":"https:\/\/buletin.de\/bucuresti\/iohannis-a-promulgat-legea-care-permite-organizarea-referendumului-in-acelasi-timp-cu-alegerile-prezidentiale\/#article","isPartOf":{"@id":"https:\/\/buletin.de\/bucuresti\/iohannis-a-promulgat-legea-care-permite-organizarea-referendumului-in-acelasi-timp-cu-alegerile-prezidentiale\/"},"author":{"name":"C\u0103t\u0103lin Anghel-Dimache","@id":"https:\/\/buletin.de\/bucuresti\/#\/schema\/person\/0ac9db30080482be87c7386a30f98796"},"headline":"Iohannis a promulgat legea care permite organizarea referendumului \u00een acela\u0219i timp cu alegerile preziden\u021biale","datePublished":"2024-11-05T13:04:05+00:00","dateModified":"2024-11-05T13:04:06+00:00","mainEntityOfPage":{"@id":"https:\/\/buletin.de\/bucuresti\/iohannis-a-promulgat-legea-care-permite-organizarea-referendumului-in-acelasi-timp-cu-alegerile-prezidentiale\/"},"wordCount":545,"publisher":{"@id":"https:\/\/buletin.de\/bucuresti\/#organization"},"image":{"@id":"https:\/\/buletin.de\/bucuresti\/iohannis-a-promulgat-legea-care-permite-organizarea-referendumului-in-acelasi-timp-cu-alegerile-prezidentiale\/#primaryimage"},"thumbnailUrl":"https:\/\/buletin.de\/bucuresti\/wp-content\/uploads\/Nicusor-Dan-6.jpg","keywords":["alegeri","Bucure\u0219ti","Capital\u0103","Nicu\u0219or Dan","Prim\u0103ria Municipiului Bucure\u0219ti","primarul general","referendum"],"articleSection":["Articole","Politic","Prim\u0103rie","\u0218tiri"],"inLanguage":"en-GB","copyrightYear":"2024","copyrightHolder":{"@id":"https:\/\/buletin.de\/bucuresti\/#organization"}},{"@type":"WebPage","@id":"https:\/\/buletin.de\/bucuresti\/iohannis-a-promulgat-legea-care-permite-organizarea-referendumului-in-acelasi-timp-cu-alegerile-prezidentiale\/","url":"https:\/\/buletin.de\/bucuresti\/iohannis-a-promulgat-legea-care-permite-organizarea-referendumului-in-acelasi-timp-cu-alegerile-prezidentiale\/","name":"Iohannis a promulgat legea care permite organizarea referendumului \u00een acela\u0219i timp cu alegerile preziden\u021biale - Buletin de Bucure\u0219ti","isPartOf":{"@id":"https:\/\/buletin.de\/bucuresti\/#website"},"primaryImageOfPage":{"@id":"https:\/\/buletin.de\/bucuresti\/iohannis-a-promulgat-legea-care-permite-organizarea-referendumului-in-acelasi-timp-cu-alegerile-prezidentiale\/#primaryimage"},"image":{"@id":"https:\/\/buletin.de\/bucuresti\/iohannis-a-promulgat-legea-care-permite-organizarea-referendumului-in-acelasi-timp-cu-alegerile-prezidentiale\/#primaryimage"},"thumbnailUrl":"https:\/\/buletin.de\/bucuresti\/wp-content\/uploads\/Nicusor-Dan-6.jpg","datePublished":"2024-11-05T13:04:05+00:00","dateModified":"2024-11-05T13:04:06+00:00","description":"Iohannis a promulgat legea care permite organizarea referendumului \u00een acela\u0219i timp cu alegerile preziden\u021biale din 24 noiembrie.","breadcrumb":{"@id":"https:\/\/buletin.de\/bucuresti\/iohannis-a-promulgat-legea-care-permite-organizarea-referendumului-in-acelasi-timp-cu-alegerile-prezidentiale\/#breadcrumb"},"inLanguage":"en-GB","potentialAction":[{"@type":"ReadAction","target":["https:\/\/buletin.de\/bucuresti\/iohannis-a-promulgat-legea-care-permite-organizarea-referendumului-in-acelasi-timp-cu-alegerile-prezidentiale\/"]}]},{"@type":"ImageObject","inLanguage":"en-GB","@id":"https:\/\/buletin.de\/bucuresti\/iohannis-a-promulgat-legea-care-permite-organizarea-referendumului-in-acelasi-timp-cu-alegerile-prezidentiale\/#primaryimage","url":"https:\/\/buletin.de\/bucuresti\/wp-content\/uploads\/Nicusor-Dan-6.jpg","contentUrl":"https:\/\/buletin.de\/bucuresti\/wp-content\/uploads\/Nicusor-Dan-6.jpg","width":1065,"height":710,"caption":"Iohannis a promulgat legea care permite organizarea referendumului \u00een acela\u0219i timp cu alegerile preziden\u021biale. FOTO: Facebook \/ Nicu\u0219or Dan"},{"@type":"BreadcrumbList","@id":"https:\/\/buletin.de\/bucuresti\/iohannis-a-promulgat-legea-care-permite-organizarea-referendumului-in-acelasi-timp-cu-alegerile-prezidentiale\/#breadcrumb","itemListElement":[{"@type":"ListItem","position":1,"name":"Acas\u0103","item":"https:\/\/buletin.de\/bucuresti\/"},{"@type":"ListItem","position":2,"name":"Iohannis a promulgat legea care permite organizarea referendumului \u00een acela\u0219i timp cu alegerile preziden\u021biale"}]},{"@type":"WebSite","@id":"https:\/\/buletin.de\/bucuresti\/#website","url":"https:\/\/buletin.de\/bucuresti\/","name":"Buletin de Bucure\u0219ti","description":"\u0218tiri \u0219i investiga\u021bii esen\u021biale din capital\u0103","publisher":{"@id":"https:\/\/buletin.de\/bucuresti\/#organization"},"potentialAction":[{"@type":"SearchAction","target":{"@type":"EntryPoint","urlTemplate":"https:\/\/buletin.de\/bucuresti\/?s={search_term_string}"},"query-input":{"@type":"PropertyValueSpecification","valueRequired":true,"valueName":"search_term_string"}}],"inLanguage":"en-GB"},{"@type":"Organization","@id":"https:\/\/buletin.de\/bucuresti\/#organization","name":"Buletin de Bucure\u0219ti","url":"https:\/\/buletin.de\/bucuresti\/","logo":{"@type":"ImageObject","inLanguage":"en-GB","@id":"https:\/\/buletin.de\/bucuresti\/#\/schema\/logo\/image\/","url":"https:\/\/buletin.de\/bucuresti\/wp-content\/uploads\/logo-bdb-full-wide-vernil-transparent.png","contentUrl":"https:\/\/buletin.de\/bucuresti\/wp-content\/uploads\/logo-bdb-full-wide-vernil-transparent.png","width":1782,"height":626,"caption":"Buletin de Bucure\u0219ti"},"image":{"@id":"https:\/\/buletin.de\/bucuresti\/#\/schema\/logo\/image\/"},"sameAs":["https:\/\/www.facebook.com\/buletin.de.buc","https:\/\/www.instagram.com\/buletinde.bucuresti\/"]},{"@type":"Person","@id":"https:\/\/buletin.de\/bucuresti\/#\/schema\/person\/0ac9db30080482be87c7386a30f98796","name":"C\u0103t\u0103lin Anghel-Dimache","image":{"@type":"ImageObject","inLanguage":"en-GB","@id":"https:\/\/buletin.de\/bucuresti\/wp-content\/uploads\/Catalin-Anghel-Dimache-96x96.jpgbd9e43c5b25186d5b8e917ac61ad86c4","url":"https:\/\/buletin.de\/bucuresti\/wp-content\/uploads\/Catalin-Anghel-Dimache-96x96.jpg","contentUrl":"https:\/\/buletin.de\/bucuresti\/wp-content\/uploads\/Catalin-Anghel-Dimache-96x96.jpg","caption":"C\u0103t\u0103lin Anghel-Dimache"},"description":"A absolvit Facultatea de Jurnalism \u0219i \u0218tiin\u021bele Comunic\u0103rii a Universit\u0103\u021bii din Bucure\u0219ti \u00een 2024. Scrie despre mediu \u0219i teme sociale, dar \u0219i despre cum se reflect\u0103 ele \u00een via\u021ba cotidian\u0103 a bucure\u0219tenilor, cu un ochi atent la pove\u0219tile personale din spatele titlurilor. N\u0103scut \u0219i crescut \u00een Bucure\u0219ti, a f\u0103cut un pas c\u0103tre presa local\u0103, din pasiune pentru ora\u0219ul s\u0103u \u0219i oamenii din el.","url":"https:\/\/buletin.de\/bucuresti\/author\/catalin-anghel-dimache\/"}]}},"authors":[{"term_id":22572,"user_id":59,"is_guest":0,"slug":"catalin-anghel-dimache","display_name":"C\u0103t\u0103lin Anghel-Dimache","avatar_url":"https:\/\/buletin.de\/bucuresti\/wp-content\/uploads\/Catalin-Anghel-Dimache-96x96.jpg","0":null,"1":"","2":"","3":"","4":"","5":"","6":"","7":"","8":""}],"_links":{"self":[{"href":"https:\/\/buletin.de\/bucuresti\/wp-json\/wp\/v2\/posts\/105157","targetHints":{"allow":["GET"]}}],"collection":[{"href":"https:\/\/buletin.de\/bucuresti\/wp-json\/wp\/v2\/posts"}],"about":[{"href":"https:\/\/buletin.de\/bucuresti\/wp-json\/wp\/v2\/types\/post"}],"author":[{"embeddable":true,"href":"https:\/\/buletin.de\/bucuresti\/wp-json\/wp\/v2\/users\/59"}],"replies":[{"embeddable":true,"href":"https:\/\/buletin.de\/bucuresti\/wp-json\/wp\/v2\/comments?post=105157"}],"version-history":[{"count":4,"href":"https:\/\/buletin.de\/bucuresti\/wp-json\/wp\/v2\/posts\/105157\/revisions"}],"predecessor-version":[{"id":105163,"href":"https:\/\/buletin.de\/bucuresti\/wp-json\/wp\/v2\/posts\/105157\/revisions\/105163"}],"wp:featuredmedia":[{"embeddable":true,"href":"https:\/\/buletin.de\/bucuresti\/wp-json\/wp\/v2\/media\/105161"}],"wp:attachment":[{"href":"https:\/\/buletin.de\/bucuresti\/wp-json\/wp\/v2\/media?parent=105157"}],"wp:term":[{"taxonomy":"category","embeddable":true,"href":"https:\/\/buletin.de\/bucuresti\/wp-json\/wp\/v2\/categories?post=105157"},{"taxonomy":"post_tag","embeddable":true,"href":"https:\/\/buletin.de\/bucuresti\/wp-json\/wp\/v2\/tags?post=105157"},{"taxonomy":"author","embeddable":true,"href":"https:\/\/buletin.de\/bucuresti\/wp-json\/wp\/v2\/ppma_author?post=105157"}],"curies":[{"name":"wp","href":"https:\/\/api.w.org\/{rel}","templated":true}]}}