{"id":105082,"date":"2024-11-05T11:08:52","date_gmt":"2024-11-05T08:08:52","guid":{"rendered":"https:\/\/buletin.de\/bucuresti\/?p=105082"},"modified":"2024-11-05T11:08:53","modified_gmt":"2024-11-05T08:08:53","slug":"soferul-care-a-blocat-o-ora-circulatia-pe-linia-tramvaiului-41-va-fi-dat-in-judecata-de-stb","status":"publish","type":"post","link":"https:\/\/buletin.de\/bucuresti\/soferul-care-a-blocat-o-ora-circulatia-pe-linia-tramvaiului-41-va-fi-dat-in-judecata-de-stb\/","title":{"rendered":"\u0218oferul care a blocat o or\u0103 circula\u021bia pe linia tramvaiului 41 va fi dat \u00een judecat\u0103 de STB"},"content":{"rendered":"\n<p><strong>\u0218oferul care a blocat circula\u021bia pe linia tramvaiului 41, timp de o or\u0103, la finalul lunii august, va fi dat \u00een judecat\u0103 de Societatea de Transport Bucure\u0219ti, dac\u0103 acesta nu are asigurare. Prejudiciul a fost calculat la peste 27.000 lei, scrie <a href=\"https:\/\/www.profit.ro\/povesti-cu-profit\/auto-transporturi\/stb-se-tine-de-cuvant-este-gata-sa-mearga-la-proces-cu-soferul-care-a-blocat-cu-un-bmw-circulatia-pe-linia-41-cati-bani-ii-cere-21818523?utm_source=Rss&amp;utm_medium=Referral&amp;utm_campaign=Cross\">Profit.ro<\/a>.<\/strong><\/p>\n\n\n\n<p>Compania a\u0219teapt\u0103 ca ancheta poli\u021biei s\u0103 fie finalizat\u0103, \u00een vederea stabilirii vinov\u0103\u021biei, explic\u0103 Alex Achim, director de comunicare \u00een cadrul STB SA, pentru Buletin de Bucure\u0219ti:<\/p>\n\n\n\n<blockquote class=\"wp-block-quote is-layout-flow wp-block-quote-is-layout-flow\">\n<p class=\"has-medium-font-size\"><strong>\u00cen condi\u021biile \u00een care ancheta stabile\u0219te clar vinov\u0103\u021bia acelui \u0219ofer de autoturism, vom utiliza, \u00een prim\u0103 faz\u0103, asigurarea pe care o de\u021bine cet\u0103\u021beanul respectiv. Dac\u0103 nu de\u021bine asigurare obligatorie, ne vom \u00eendrepta \u00een instan\u021b\u0103 &#8211; civil, pentru a recupera daunele provocate de acel incident.<\/strong><\/p>\n<cite>Alex Achim, director de comunicare STB SA<\/cite><\/blockquote>\n\n\n\n<h2 class=\"wp-block-heading\" id=\"h-\u0219oferul-a-blocat-circula\u021bia-tramvaielor-ce-s-a-intamplat\">\u0218oferul a blocat circula\u021bia tramvaielor. Ce s-a \u00eent\u00e2mplat?<\/h2>\n\n\n\n<p>\u00cen data de 27 august, circula\u0163ia tramvaielor liniei 41 a fost oprit\u0103 timp de o or\u0103, din cauza unui \u015fofer care a intrat cu autoturismul pe linia de tramvai \u015fi a r\u0103mas suspendat.<\/p>\n\n\n\n<p>Mai precis, conduc\u0103torul auto a pierdut controlul volanului, a tamponat \u015fi avariat gardul protector de pe \u0218oseaua Virtu\u021bii, r\u0103m\u00e2n\u00e2nd totodat\u0103 blocat pe linia de tramvai, conform<a href=\"https:\/\/www.agerpres.ro\/economic-intern\/2024\/08\/27\/update-circulatia-tramvaielor-liniei-41-reluata-stb-se-va-indrepta-in-instanta-impotriva-persoanei-ce-a-provocat-blocarea-circulatiei--1346066\"> Agerpres<\/a>.<\/p>\n\n\n\n<p>Reprezentantul STB SA a explicat pentru Buletin de Bucure\u0219ti cum se calculeaz\u0103 prejudiciul \u00een astfel de incidente:<\/p>\n\n\n\n<p><em>\u201eCalculul se face \u00een func\u021bie de <strong>intervalul orar \u00een care au fost blocate mijloacele de transport public <\/strong>\u0219i <strong>o estimare a veniturilor<\/strong> pe care le-ai fi putut realiza \u00een acel interval orar. <\/em><\/p>\n\n\n\n<p><em>Presta\u021bia de transport public a STB este decontat\u0103 \u00een func\u021bie de randamentul mijloacelor de transport care circul\u0103 pe liniile din Bucure\u0219ti. Din moment ce a fost blocat, STB practic nu a \u00eencasat banii aferen\u021bi acelor curse din intervalul orar \u00een care a fost blocat\u0103 circula\u021bia. <\/em><\/p>\n\n\n\n<p><em>Evident, plus <strong>daunele materiale: cale de rulare \u0219i mijlocul de transport<\/strong>, dac\u0103 este cazul\u201d<\/em>.<\/p>\n\n\n\n<h2 class=\"wp-block-heading\" id=\"h-linia-tramvaiului-41-blocata-frecvent-de-accidente\"><strong>Linia tramvaiului 41, blocat\u0103 frecvent de accidente<\/strong><\/h2>\n\n\n\n<p>Un incident similar a avut loc la finalul anului trecut, c\u00e2nd circula\u021bia a fost blocat\u0103 mai bine de trei ore. \u0218i acest accident a avut loc pe linia tramvaiului 41, pe \u0218oseaua Virtu\u021bii, \u00een dreptul Podului Ciurel. Au fost implicate trei ma\u0219ini.<\/p>\n\n\n\n<p>Unul dintre autoturisme a ajuns pe liniile de tramvai. Astfel, linia 41 a fost blocat\u0103 pe ambele sensuri de circula\u021bie mai bine de trei ore, (15:57- 19:16).<\/p>\n\n\n\n<p>Ulterior, STB a anun\u021bat c\u0103 b\u0103rbatul care a pierdut controlul volanului \u015fi a ajuns cu ma\u015fina pe linia de tramvai va fi chemat \u00een instan\u0163\u0103.<\/p>\n\n\n\n<p>Compania dorea s\u0103 \u00ee\u015fi recupereze pagubele, care, potrivit reprezentan\u0163ilor s\u0103i, cita\u0163i de&nbsp;<a href=\"https:\/\/www.gandul.ro\/actualitate\/exclusiv-vinovatul-pentru-accidentul-care-a-paralizat-linia-de-tramvai-41-va-fi-dat-in-judecata-de-stb-a-blocat-bucurestiul-pe-axa-nord-vest-20120225\">G\u00e2ndul<\/a>, sunt \u201ede ordinul zecilor de mii de lei\u201d.<\/p>\n\n\n\n<p><strong>CITE\u0218TE \u0218I: <a href=\"https:\/\/buletin.de\/bucuresti\/vinovatul-de-accidentul-care-a-blocat-trei-ore-linia-lui-41-va-fi-dat-in-judecata-de-stb\/\">Vinovatul de accidentul care a blocat trei ore linia lui 41 va fi dat \u00een judecat\u0103 de STB<\/a><\/strong><\/p>\n","protected":false},"excerpt":{"rendered":"<p>\u0218oferul care a blocat circula\u021bia pe linia tramvaiului 41, timp de o or\u0103, la finalul lunii august, va fi dat \u00een judecat\u0103 de Societatea de Transport Bucure\u0219ti, dac\u0103 acesta nu are asigurare. Prejudiciul a fost calculat la peste 27.000 lei, scrie Profit.ro. Compania a\u0219teapt\u0103 ca ancheta poli\u021biei s\u0103 fie finalizat\u0103, \u00een vederea stabilirii vinov\u0103\u021biei, explic\u0103 [&hellip;]<\/p>\n","protected":false},"author":55,"featured_media":105098,"comment_status":"closed","ping_status":"open","sticky":false,"template":"","format":"standard","meta":{"_acf_changed":false,"inline_featured_image":false,"ngg_post_thumbnail":0,"footnotes":""},"categories":[6994,9026,62,650],"tags":[16565,16564,15831,16567,16566,7433,402],"ppma_author":[22573],"class_list":["post-105082","post","type-post","status-publish","format-standard","has-post-thumbnail","hentry","category-stiri-2","category-eveniment","category-stiri","category-transport","tag-accident-bucuresti","tag-circulatia-tramvaielor","tag-linia-41-blocata","tag-pod-ciurel","tag-prejudiciu-stb","tag-soseaua-virtutii","tag-stb"],"acf":[],"yoast_head":"<!-- This site is optimized with the Yoast SEO Premium plugin v25.3 (Yoast SEO v27.4) - https:\/\/yoast.com\/product\/yoast-seo-premium-wordpress\/ -->\n<title>\u0218oferul care a blocat o or\u0103 circula\u021bia pe linia tramvaiului 41 va fi dat \u00een judecat\u0103 de STB - Buletin de Bucure\u0219ti<\/title>\n<meta name=\"description\" content=\"\u0218oferul care a blocat circula\u021bia pe linia tramvaiului 41, timp de o or\u0103, la finalul lunii august, va fi dat \u00een judecat\u0103 de STB SA.\" \/>\n<meta name=\"robots\" content=\"index, follow, max-snippet:-1, max-image-preview:large, max-video-preview:-1\" \/>\n<link rel=\"canonical\" href=\"https:\/\/buletin.de\/bucuresti\/soferul-care-a-blocat-o-ora-circulatia-pe-linia-tramvaiului-41-va-fi-dat-in-judecata-de-stb\/\" \/>\n<meta property=\"og:locale\" content=\"en_GB\" \/>\n<meta property=\"og:type\" content=\"article\" \/>\n<meta property=\"og:title\" content=\"\u0218oferul care a blocat o or\u0103 circula\u021bia pe linia tramvaiului 41 va fi dat \u00een judecat\u0103 de STB\" \/>\n<meta property=\"og:description\" content=\"\u0218oferul care a blocat circula\u021bia pe linia tramvaiului 41, timp de o or\u0103, la finalul lunii august, va fi dat \u00een judecat\u0103 de STB SA.\" \/>\n<meta property=\"og:url\" content=\"https:\/\/buletin.de\/bucuresti\/soferul-care-a-blocat-o-ora-circulatia-pe-linia-tramvaiului-41-va-fi-dat-in-judecata-de-stb\/\" \/>\n<meta property=\"og:site_name\" content=\"Buletin de Bucure\u0219ti\" \/>\n<meta property=\"article:publisher\" content=\"https:\/\/www.facebook.com\/buletin.de.buc\" \/>\n<meta property=\"article:published_time\" content=\"2024-11-05T08:08:52+00:00\" \/>\n<meta property=\"article:modified_time\" content=\"2024-11-05T08:08:53+00:00\" \/>\n<meta property=\"og:image\" content=\"https:\/\/buletin.de\/bucuresti\/wp-content\/uploads\/tramvai-41-blocat-sofer-accident.webp\" \/>\n\t<meta property=\"og:image:width\" content=\"1260\" \/>\n\t<meta property=\"og:image:height\" content=\"708\" \/>\n\t<meta property=\"og:image:type\" content=\"image\/webp\" \/>\n<meta name=\"author\" content=\"Andreea Tudor\" \/>\n<meta name=\"twitter:card\" content=\"summary_large_image\" \/>\n<meta name=\"twitter:label1\" content=\"Written by\" \/>\n\t<meta name=\"twitter:data1\" content=\"Andreea Tudor\" \/>\n\t<meta name=\"twitter:label2\" content=\"Estimated reading time\" \/>\n\t<meta name=\"twitter:data2\" content=\"2 minutes\" \/>\n<script type=\"application\/ld+json\" class=\"yoast-schema-graph\">{\"@context\":\"https:\\\/\\\/schema.org\",\"@graph\":[{\"@type\":\"Article\",\"@id\":\"https:\\\/\\\/buletin.de\\\/bucuresti\\\/soferul-care-a-blocat-o-ora-circulatia-pe-linia-tramvaiului-41-va-fi-dat-in-judecata-de-stb\\\/#article\",\"isPartOf\":{\"@id\":\"https:\\\/\\\/buletin.de\\\/bucuresti\\\/soferul-care-a-blocat-o-ora-circulatia-pe-linia-tramvaiului-41-va-fi-dat-in-judecata-de-stb\\\/\"},\"author\":{\"name\":\"Andreea Tudor\",\"@id\":\"https:\\\/\\\/buletin.de\\\/bucuresti\\\/#\\\/schema\\\/person\\\/150590659efde715459d159da012f501\"},\"headline\":\"\u0218oferul care a blocat o or\u0103 circula\u021bia pe linia tramvaiului 41 va fi dat \u00een judecat\u0103 de STB\",\"datePublished\":\"2024-11-05T08:08:52+00:00\",\"dateModified\":\"2024-11-05T08:08:53+00:00\",\"mainEntityOfPage\":{\"@id\":\"https:\\\/\\\/buletin.de\\\/bucuresti\\\/soferul-care-a-blocat-o-ora-circulatia-pe-linia-tramvaiului-41-va-fi-dat-in-judecata-de-stb\\\/\"},\"wordCount\":489,\"publisher\":{\"@id\":\"https:\\\/\\\/buletin.de\\\/bucuresti\\\/#organization\"},\"image\":{\"@id\":\"https:\\\/\\\/buletin.de\\\/bucuresti\\\/soferul-care-a-blocat-o-ora-circulatia-pe-linia-tramvaiului-41-va-fi-dat-in-judecata-de-stb\\\/#primaryimage\"},\"thumbnailUrl\":\"https:\\\/\\\/buletin.de\\\/bucuresti\\\/wp-content\\\/uploads\\\/tramvai-41-blocat-sofer-accident.webp\",\"keywords\":[\"accident bucuresti\",\"circulatia tramvaielor\",\"linia 41 blocata\",\"pod ciurel\",\"prejudiciu stb\",\"Soseaua Virtutii\",\"stb\"],\"articleSection\":[\"Articole\",\"Eveniment\",\"\u0218tiri\",\"Transport\"],\"inLanguage\":\"en-GB\",\"copyrightYear\":\"2024\",\"copyrightHolder\":{\"@id\":\"https:\\\/\\\/buletin.de\\\/bucuresti\\\/#organization\"}},{\"@type\":\"WebPage\",\"@id\":\"https:\\\/\\\/buletin.de\\\/bucuresti\\\/soferul-care-a-blocat-o-ora-circulatia-pe-linia-tramvaiului-41-va-fi-dat-in-judecata-de-stb\\\/\",\"url\":\"https:\\\/\\\/buletin.de\\\/bucuresti\\\/soferul-care-a-blocat-o-ora-circulatia-pe-linia-tramvaiului-41-va-fi-dat-in-judecata-de-stb\\\/\",\"name\":\"\u0218oferul care a blocat o or\u0103 circula\u021bia pe linia tramvaiului 41 va fi dat \u00een judecat\u0103 de STB - Buletin de Bucure\u0219ti\",\"isPartOf\":{\"@id\":\"https:\\\/\\\/buletin.de\\\/bucuresti\\\/#website\"},\"primaryImageOfPage\":{\"@id\":\"https:\\\/\\\/buletin.de\\\/bucuresti\\\/soferul-care-a-blocat-o-ora-circulatia-pe-linia-tramvaiului-41-va-fi-dat-in-judecata-de-stb\\\/#primaryimage\"},\"image\":{\"@id\":\"https:\\\/\\\/buletin.de\\\/bucuresti\\\/soferul-care-a-blocat-o-ora-circulatia-pe-linia-tramvaiului-41-va-fi-dat-in-judecata-de-stb\\\/#primaryimage\"},\"thumbnailUrl\":\"https:\\\/\\\/buletin.de\\\/bucuresti\\\/wp-content\\\/uploads\\\/tramvai-41-blocat-sofer-accident.webp\",\"datePublished\":\"2024-11-05T08:08:52+00:00\",\"dateModified\":\"2024-11-05T08:08:53+00:00\",\"description\":\"\u0218oferul care a blocat circula\u021bia pe linia tramvaiului 41, timp de o or\u0103, la finalul lunii august, va fi dat \u00een judecat\u0103 de STB SA.\",\"breadcrumb\":{\"@id\":\"https:\\\/\\\/buletin.de\\\/bucuresti\\\/soferul-care-a-blocat-o-ora-circulatia-pe-linia-tramvaiului-41-va-fi-dat-in-judecata-de-stb\\\/#breadcrumb\"},\"inLanguage\":\"en-GB\",\"potentialAction\":[{\"@type\":\"ReadAction\",\"target\":[\"https:\\\/\\\/buletin.de\\\/bucuresti\\\/soferul-care-a-blocat-o-ora-circulatia-pe-linia-tramvaiului-41-va-fi-dat-in-judecata-de-stb\\\/\"]}]},{\"@type\":\"ImageObject\",\"inLanguage\":\"en-GB\",\"@id\":\"https:\\\/\\\/buletin.de\\\/bucuresti\\\/soferul-care-a-blocat-o-ora-circulatia-pe-linia-tramvaiului-41-va-fi-dat-in-judecata-de-stb\\\/#primaryimage\",\"url\":\"https:\\\/\\\/buletin.de\\\/bucuresti\\\/wp-content\\\/uploads\\\/tramvai-41-blocat-sofer-accident.webp\",\"contentUrl\":\"https:\\\/\\\/buletin.de\\\/bucuresti\\\/wp-content\\\/uploads\\\/tramvai-41-blocat-sofer-accident.webp\",\"width\":1260,\"height\":708,\"caption\":\"\u0218oferul care a blocat o or\u0103 circula\u021bia pe linia tramvaiului 41 va fi dat \u00een judecat\u0103 de STB. Foto: STB\\\/ Libertatea\"},{\"@type\":\"BreadcrumbList\",\"@id\":\"https:\\\/\\\/buletin.de\\\/bucuresti\\\/soferul-care-a-blocat-o-ora-circulatia-pe-linia-tramvaiului-41-va-fi-dat-in-judecata-de-stb\\\/#breadcrumb\",\"itemListElement\":[{\"@type\":\"ListItem\",\"position\":1,\"name\":\"Acas\u0103\",\"item\":\"https:\\\/\\\/buletin.de\\\/bucuresti\\\/\"},{\"@type\":\"ListItem\",\"position\":2,\"name\":\"\u0218oferul care a blocat o or\u0103 circula\u021bia pe linia tramvaiului 41 va fi dat \u00een judecat\u0103 de STB\"}]},{\"@type\":\"WebSite\",\"@id\":\"https:\\\/\\\/buletin.de\\\/bucuresti\\\/#website\",\"url\":\"https:\\\/\\\/buletin.de\\\/bucuresti\\\/\",\"name\":\"Buletin de Bucure\u0219ti\",\"description\":\"\u0218tiri \u0219i investiga\u021bii esen\u021biale din capital\u0103\",\"publisher\":{\"@id\":\"https:\\\/\\\/buletin.de\\\/bucuresti\\\/#organization\"},\"potentialAction\":[{\"@type\":\"SearchAction\",\"target\":{\"@type\":\"EntryPoint\",\"urlTemplate\":\"https:\\\/\\\/buletin.de\\\/bucuresti\\\/?s={search_term_string}\"},\"query-input\":{\"@type\":\"PropertyValueSpecification\",\"valueRequired\":true,\"valueName\":\"search_term_string\"}}],\"inLanguage\":\"en-GB\"},{\"@type\":\"Organization\",\"@id\":\"https:\\\/\\\/buletin.de\\\/bucuresti\\\/#organization\",\"name\":\"Buletin de Bucure\u0219ti\",\"url\":\"https:\\\/\\\/buletin.de\\\/bucuresti\\\/\",\"logo\":{\"@type\":\"ImageObject\",\"inLanguage\":\"en-GB\",\"@id\":\"https:\\\/\\\/buletin.de\\\/bucuresti\\\/#\\\/schema\\\/logo\\\/image\\\/\",\"url\":\"https:\\\/\\\/buletin.de\\\/bucuresti\\\/wp-content\\\/uploads\\\/logo-bdb-full-wide-vernil-transparent.png\",\"contentUrl\":\"https:\\\/\\\/buletin.de\\\/bucuresti\\\/wp-content\\\/uploads\\\/logo-bdb-full-wide-vernil-transparent.png\",\"width\":1782,\"height\":626,\"caption\":\"Buletin de Bucure\u0219ti\"},\"image\":{\"@id\":\"https:\\\/\\\/buletin.de\\\/bucuresti\\\/#\\\/schema\\\/logo\\\/image\\\/\"},\"sameAs\":[\"https:\\\/\\\/www.facebook.com\\\/buletin.de.buc\",\"https:\\\/\\\/www.instagram.com\\\/buletinde.bucuresti\\\/\"]},{\"@type\":\"Person\",\"@id\":\"https:\\\/\\\/buletin.de\\\/bucuresti\\\/#\\\/schema\\\/person\\\/150590659efde715459d159da012f501\",\"name\":\"Andreea Tudor\",\"image\":{\"@type\":\"ImageObject\",\"inLanguage\":\"en-GB\",\"@id\":\"https:\\\/\\\/secure.gravatar.com\\\/avatar\\\/a88705a186ab0b67f3349bcbced506c09e37256fbaad0e7f3bd1a79b4599f589?s=96&d=monsterid&r=g79290610aa1a65c2b86eebc2ca5aee8f\",\"url\":\"https:\\\/\\\/secure.gravatar.com\\\/avatar\\\/a88705a186ab0b67f3349bcbced506c09e37256fbaad0e7f3bd1a79b4599f589?s=96&d=monsterid&r=g\",\"contentUrl\":\"https:\\\/\\\/secure.gravatar.com\\\/avatar\\\/a88705a186ab0b67f3349bcbced506c09e37256fbaad0e7f3bd1a79b4599f589?s=96&d=monsterid&r=g\",\"caption\":\"Andreea Tudor\"},\"description\":\"N\u0103scut\u0103 \u0219i crescut\u0103 \u00een Bucure\u0219ti, sus\u021bin\u0103toare a presei independente. A\u0219a am ajuns redactor la Buletin de Bucure\u0219ti. Fiind eu, \u00eens\u0103mi, parte a sistemului de \u00eenv\u0103\u021b\u0103m\u00e2nt rom\u00e2nesc \u0219i pasionat\u0103 de domeniul social, pun sub lup\u0103 tot ceea ce se \u00eent\u00e2mpl\u0103 \u00een sfera educa\u021biei. Cred cu t\u0103rie c\u0103 presa \u201epentru cet\u0103\u021beni\u201d este presa independent\u0103. Oamenii au nevoie de o informare corect\u0103 pentru a \u00een\u021belege pe deplin ce se \u00eent\u00e2mpl\u0103 \u00een jurul lor \u0219i pentru a lua ac\u021biune \u00eempotriva nedrept\u0103\u021bilor.\",\"url\":\"https:\\\/\\\/buletin.de\\\/bucuresti\\\/author\\\/andreeatudor\\\/\"}]}<\/script>\n<!-- \/ Yoast SEO Premium plugin. -->","yoast_head_json":{"title":"\u0218oferul care a blocat o or\u0103 circula\u021bia pe linia tramvaiului 41 va fi dat \u00een judecat\u0103 de STB - Buletin de Bucure\u0219ti","description":"\u0218oferul care a blocat circula\u021bia pe linia tramvaiului 41, timp de o or\u0103, la finalul lunii august, va fi dat \u00een judecat\u0103 de STB SA.","robots":{"index":"index","follow":"follow","max-snippet":"max-snippet:-1","max-image-preview":"max-image-preview:large","max-video-preview":"max-video-preview:-1"},"canonical":"https:\/\/buletin.de\/bucuresti\/soferul-care-a-blocat-o-ora-circulatia-pe-linia-tramvaiului-41-va-fi-dat-in-judecata-de-stb\/","og_locale":"en_GB","og_type":"article","og_title":"\u0218oferul care a blocat o or\u0103 circula\u021bia pe linia tramvaiului 41 va fi dat \u00een judecat\u0103 de STB","og_description":"\u0218oferul care a blocat circula\u021bia pe linia tramvaiului 41, timp de o or\u0103, la finalul lunii august, va fi dat \u00een judecat\u0103 de STB SA.","og_url":"https:\/\/buletin.de\/bucuresti\/soferul-care-a-blocat-o-ora-circulatia-pe-linia-tramvaiului-41-va-fi-dat-in-judecata-de-stb\/","og_site_name":"Buletin de Bucure\u0219ti","article_publisher":"https:\/\/www.facebook.com\/buletin.de.buc","article_published_time":"2024-11-05T08:08:52+00:00","article_modified_time":"2024-11-05T08:08:53+00:00","og_image":[{"width":1260,"height":708,"url":"https:\/\/buletin.de\/bucuresti\/wp-content\/uploads\/tramvai-41-blocat-sofer-accident.webp","type":"image\/webp"}],"author":"Andreea Tudor","twitter_card":"summary_large_image","twitter_misc":{"Written by":"Andreea Tudor","Estimated reading time":"2 minutes"},"schema":{"@context":"https:\/\/schema.org","@graph":[{"@type":"Article","@id":"https:\/\/buletin.de\/bucuresti\/soferul-care-a-blocat-o-ora-circulatia-pe-linia-tramvaiului-41-va-fi-dat-in-judecata-de-stb\/#article","isPartOf":{"@id":"https:\/\/buletin.de\/bucuresti\/soferul-care-a-blocat-o-ora-circulatia-pe-linia-tramvaiului-41-va-fi-dat-in-judecata-de-stb\/"},"author":{"name":"Andreea Tudor","@id":"https:\/\/buletin.de\/bucuresti\/#\/schema\/person\/150590659efde715459d159da012f501"},"headline":"\u0218oferul care a blocat o or\u0103 circula\u021bia pe linia tramvaiului 41 va fi dat \u00een judecat\u0103 de STB","datePublished":"2024-11-05T08:08:52+00:00","dateModified":"2024-11-05T08:08:53+00:00","mainEntityOfPage":{"@id":"https:\/\/buletin.de\/bucuresti\/soferul-care-a-blocat-o-ora-circulatia-pe-linia-tramvaiului-41-va-fi-dat-in-judecata-de-stb\/"},"wordCount":489,"publisher":{"@id":"https:\/\/buletin.de\/bucuresti\/#organization"},"image":{"@id":"https:\/\/buletin.de\/bucuresti\/soferul-care-a-blocat-o-ora-circulatia-pe-linia-tramvaiului-41-va-fi-dat-in-judecata-de-stb\/#primaryimage"},"thumbnailUrl":"https:\/\/buletin.de\/bucuresti\/wp-content\/uploads\/tramvai-41-blocat-sofer-accident.webp","keywords":["accident bucuresti","circulatia tramvaielor","linia 41 blocata","pod ciurel","prejudiciu stb","Soseaua Virtutii","stb"],"articleSection":["Articole","Eveniment","\u0218tiri","Transport"],"inLanguage":"en-GB","copyrightYear":"2024","copyrightHolder":{"@id":"https:\/\/buletin.de\/bucuresti\/#organization"}},{"@type":"WebPage","@id":"https:\/\/buletin.de\/bucuresti\/soferul-care-a-blocat-o-ora-circulatia-pe-linia-tramvaiului-41-va-fi-dat-in-judecata-de-stb\/","url":"https:\/\/buletin.de\/bucuresti\/soferul-care-a-blocat-o-ora-circulatia-pe-linia-tramvaiului-41-va-fi-dat-in-judecata-de-stb\/","name":"\u0218oferul care a blocat o or\u0103 circula\u021bia pe linia tramvaiului 41 va fi dat \u00een judecat\u0103 de STB - Buletin de Bucure\u0219ti","isPartOf":{"@id":"https:\/\/buletin.de\/bucuresti\/#website"},"primaryImageOfPage":{"@id":"https:\/\/buletin.de\/bucuresti\/soferul-care-a-blocat-o-ora-circulatia-pe-linia-tramvaiului-41-va-fi-dat-in-judecata-de-stb\/#primaryimage"},"image":{"@id":"https:\/\/buletin.de\/bucuresti\/soferul-care-a-blocat-o-ora-circulatia-pe-linia-tramvaiului-41-va-fi-dat-in-judecata-de-stb\/#primaryimage"},"thumbnailUrl":"https:\/\/buletin.de\/bucuresti\/wp-content\/uploads\/tramvai-41-blocat-sofer-accident.webp","datePublished":"2024-11-05T08:08:52+00:00","dateModified":"2024-11-05T08:08:53+00:00","description":"\u0218oferul care a blocat circula\u021bia pe linia tramvaiului 41, timp de o or\u0103, la finalul lunii august, va fi dat \u00een judecat\u0103 de STB SA.","breadcrumb":{"@id":"https:\/\/buletin.de\/bucuresti\/soferul-care-a-blocat-o-ora-circulatia-pe-linia-tramvaiului-41-va-fi-dat-in-judecata-de-stb\/#breadcrumb"},"inLanguage":"en-GB","potentialAction":[{"@type":"ReadAction","target":["https:\/\/buletin.de\/bucuresti\/soferul-care-a-blocat-o-ora-circulatia-pe-linia-tramvaiului-41-va-fi-dat-in-judecata-de-stb\/"]}]},{"@type":"ImageObject","inLanguage":"en-GB","@id":"https:\/\/buletin.de\/bucuresti\/soferul-care-a-blocat-o-ora-circulatia-pe-linia-tramvaiului-41-va-fi-dat-in-judecata-de-stb\/#primaryimage","url":"https:\/\/buletin.de\/bucuresti\/wp-content\/uploads\/tramvai-41-blocat-sofer-accident.webp","contentUrl":"https:\/\/buletin.de\/bucuresti\/wp-content\/uploads\/tramvai-41-blocat-sofer-accident.webp","width":1260,"height":708,"caption":"\u0218oferul care a blocat o or\u0103 circula\u021bia pe linia tramvaiului 41 va fi dat \u00een judecat\u0103 de STB. Foto: STB\/ Libertatea"},{"@type":"BreadcrumbList","@id":"https:\/\/buletin.de\/bucuresti\/soferul-care-a-blocat-o-ora-circulatia-pe-linia-tramvaiului-41-va-fi-dat-in-judecata-de-stb\/#breadcrumb","itemListElement":[{"@type":"ListItem","position":1,"name":"Acas\u0103","item":"https:\/\/buletin.de\/bucuresti\/"},{"@type":"ListItem","position":2,"name":"\u0218oferul care a blocat o or\u0103 circula\u021bia pe linia tramvaiului 41 va fi dat \u00een judecat\u0103 de STB"}]},{"@type":"WebSite","@id":"https:\/\/buletin.de\/bucuresti\/#website","url":"https:\/\/buletin.de\/bucuresti\/","name":"Buletin de Bucure\u0219ti","description":"\u0218tiri \u0219i investiga\u021bii esen\u021biale din capital\u0103","publisher":{"@id":"https:\/\/buletin.de\/bucuresti\/#organization"},"potentialAction":[{"@type":"SearchAction","target":{"@type":"EntryPoint","urlTemplate":"https:\/\/buletin.de\/bucuresti\/?s={search_term_string}"},"query-input":{"@type":"PropertyValueSpecification","valueRequired":true,"valueName":"search_term_string"}}],"inLanguage":"en-GB"},{"@type":"Organization","@id":"https:\/\/buletin.de\/bucuresti\/#organization","name":"Buletin de Bucure\u0219ti","url":"https:\/\/buletin.de\/bucuresti\/","logo":{"@type":"ImageObject","inLanguage":"en-GB","@id":"https:\/\/buletin.de\/bucuresti\/#\/schema\/logo\/image\/","url":"https:\/\/buletin.de\/bucuresti\/wp-content\/uploads\/logo-bdb-full-wide-vernil-transparent.png","contentUrl":"https:\/\/buletin.de\/bucuresti\/wp-content\/uploads\/logo-bdb-full-wide-vernil-transparent.png","width":1782,"height":626,"caption":"Buletin de Bucure\u0219ti"},"image":{"@id":"https:\/\/buletin.de\/bucuresti\/#\/schema\/logo\/image\/"},"sameAs":["https:\/\/www.facebook.com\/buletin.de.buc","https:\/\/www.instagram.com\/buletinde.bucuresti\/"]},{"@type":"Person","@id":"https:\/\/buletin.de\/bucuresti\/#\/schema\/person\/150590659efde715459d159da012f501","name":"Andreea Tudor","image":{"@type":"ImageObject","inLanguage":"en-GB","@id":"https:\/\/secure.gravatar.com\/avatar\/a88705a186ab0b67f3349bcbced506c09e37256fbaad0e7f3bd1a79b4599f589?s=96&d=monsterid&r=g79290610aa1a65c2b86eebc2ca5aee8f","url":"https:\/\/secure.gravatar.com\/avatar\/a88705a186ab0b67f3349bcbced506c09e37256fbaad0e7f3bd1a79b4599f589?s=96&d=monsterid&r=g","contentUrl":"https:\/\/secure.gravatar.com\/avatar\/a88705a186ab0b67f3349bcbced506c09e37256fbaad0e7f3bd1a79b4599f589?s=96&d=monsterid&r=g","caption":"Andreea Tudor"},"description":"N\u0103scut\u0103 \u0219i crescut\u0103 \u00een Bucure\u0219ti, sus\u021bin\u0103toare a presei independente. A\u0219a am ajuns redactor la Buletin de Bucure\u0219ti. Fiind eu, \u00eens\u0103mi, parte a sistemului de \u00eenv\u0103\u021b\u0103m\u00e2nt rom\u00e2nesc \u0219i pasionat\u0103 de domeniul social, pun sub lup\u0103 tot ceea ce se \u00eent\u00e2mpl\u0103 \u00een sfera educa\u021biei. Cred cu t\u0103rie c\u0103 presa \u201epentru cet\u0103\u021beni\u201d este presa independent\u0103. Oamenii au nevoie de o informare corect\u0103 pentru a \u00een\u021belege pe deplin ce se \u00eent\u00e2mpl\u0103 \u00een jurul lor \u0219i pentru a lua ac\u021biune \u00eempotriva nedrept\u0103\u021bilor.","url":"https:\/\/buletin.de\/bucuresti\/author\/andreeatudor\/"}]}},"authors":[{"term_id":22573,"user_id":55,"is_guest":0,"slug":"andreeatudor","display_name":"Andreea Tudor","avatar_url":"https:\/\/secure.gravatar.com\/avatar\/a88705a186ab0b67f3349bcbced506c09e37256fbaad0e7f3bd1a79b4599f589?s=96&d=monsterid&r=g","0":null,"1":"","2":"","3":"","4":"","5":"","6":"","7":"","8":""}],"_links":{"self":[{"href":"https:\/\/buletin.de\/bucuresti\/wp-json\/wp\/v2\/posts\/105082","targetHints":{"allow":["GET"]}}],"collection":[{"href":"https:\/\/buletin.de\/bucuresti\/wp-json\/wp\/v2\/posts"}],"about":[{"href":"https:\/\/buletin.de\/bucuresti\/wp-json\/wp\/v2\/types\/post"}],"author":[{"embeddable":true,"href":"https:\/\/buletin.de\/bucuresti\/wp-json\/wp\/v2\/users\/55"}],"replies":[{"embeddable":true,"href":"https:\/\/buletin.de\/bucuresti\/wp-json\/wp\/v2\/comments?post=105082"}],"version-history":[{"count":6,"href":"https:\/\/buletin.de\/bucuresti\/wp-json\/wp\/v2\/posts\/105082\/revisions"}],"predecessor-version":[{"id":105101,"href":"https:\/\/buletin.de\/bucuresti\/wp-json\/wp\/v2\/posts\/105082\/revisions\/105101"}],"wp:featuredmedia":[{"embeddable":true,"href":"https:\/\/buletin.de\/bucuresti\/wp-json\/wp\/v2\/media\/105098"}],"wp:attachment":[{"href":"https:\/\/buletin.de\/bucuresti\/wp-json\/wp\/v2\/media?parent=105082"}],"wp:term":[{"taxonomy":"category","embeddable":true,"href":"https:\/\/buletin.de\/bucuresti\/wp-json\/wp\/v2\/categories?post=105082"},{"taxonomy":"post_tag","embeddable":true,"href":"https:\/\/buletin.de\/bucuresti\/wp-json\/wp\/v2\/tags?post=105082"},{"taxonomy":"author","embeddable":true,"href":"https:\/\/buletin.de\/bucuresti\/wp-json\/wp\/v2\/ppma_author?post=105082"}],"curies":[{"name":"wp","href":"https:\/\/api.w.org\/{rel}","templated":true}]}}