{"id":104764,"date":"2024-11-03T10:47:51","date_gmt":"2024-11-03T07:47:51","guid":{"rendered":"https:\/\/buletin.de\/bucuresti\/?p=104764"},"modified":"2024-11-03T17:03:09","modified_gmt":"2024-11-03T14:03:09","slug":"retele-electrice-muntenia-intrerupe-curentul-electric","status":"publish","type":"post","link":"https:\/\/buletin.de\/bucuresti\/retele-electrice-muntenia-intrerupe-curentul-electric\/","title":{"rendered":"Re\u021bele Electrice Muntenia \u00eentrerupe curentul electric \u00een Bucure\u0219ti, Ilfov \u0219i Giurgiu. Care sunt zonele afectate"},"content":{"rendered":"\n<p><strong><a href=\"https:\/\/www.reteleelectrice.ro\/ro\/intreruperi-curent\/intreruperi-planificate-muntenia\">Re\u021bele Electrice Muntenia&nbsp;<\/a>\u00eentrerupe curentul electric \u00een perioada 4 \u2013 10 noiembrie, \u00een Bucure\u0219ti, Ilfov \u0219i Giurgiu. \u00centreruperile sunt necesare din cauza lucr\u0103rilor de repara\u021bii, moderni\u200bzare \u200bsau de mentenan\u021b\u0103, la re\u021beaua electric\u0103.<\/strong><\/p>\n\n\n\n<p>Sist\u0103rile programate se vor realiza pentru a asigura capacitatea re\u021belei de a func\u021biona \u0219i alimenta clien\u021bii, \u00een bune condi\u021bii.<\/p>\n\n\n\n<h2 class=\"wp-block-heading\" id=\"h-unde-se-intrerupe-curentul-electric\"><strong>Unde se \u00eentrerupe curentul electric<\/strong><\/h2>\n\n\n\n<h3 class=\"wp-block-heading\" id=\"h-zona-mt-jt-retea-bucure\u0219ti\"><strong>Zona Mt Jt Re\u0163ea Bucure\u0219ti<\/strong><\/h3>\n\n\n\n<p><strong>Luni, 04 Noiembrie 2024 Bucure\u0219ti<\/strong>, str. Tarc\u0103u, Violoncelului, Foi\u0219orului, Bdul. Mihai Bravu, \u00eentre Splaiul Unirii \u0219i Pene\u0219 Curcanul, P\u0103cal\u0103, T\u0103ndal\u0103 &#8211; 09:00 &#8211; 15:30;<\/p>\n\n\n\n<p><strong>Mar\u021bi, 05 Noiembrie 2024<\/strong> Bucure\u0219ti, perimetrul cuprins \u00eentre str\u0103zile: Str Hora\u021biu, Str. Cri\u0219ana, Str. Popa Tatu, Str Mircea Vulc\u0103nescu (numerele cuprinse \u00eentre 25\u201168) 09:00 &#8211; 14:00 (5h);<\/p>\n\n\n\n<p><strong>Miercuri, 06 Noiembrie 2024<\/strong> Bucuresti, str. Intr. Andronache, Zal\u0103u, \u0218iragului, Declam\u0103rii, Sos. Andronache intre str. Maliuc si CFR str. Slovei 09:00 &#8211; 17:00.<\/p>\n\n\n\n<h3 class=\"wp-block-heading\" id=\"h-zona-mt-jt-retea-giurgiu\"><strong>Zona Mt Jt Re\u0163ea Giurgiu<\/strong><\/h3>\n\n\n\n<p><strong>Luni , 04 Noiembrie 2024<\/strong><\/p>\n\n\n\n<ul class=\"wp-block-list\">\n<li>Hodivioaia 09:00 &#8211; 17:00;<\/li>\n\n\n\n<li>Cartojani, Str. Bisericii ; str. Olteni 09:00 &#8211; 17:00.<\/li>\n<\/ul>\n\n\n\n<p><strong>Mar\u0163i , 05 Noiembrie 2024<\/strong><\/p>\n\n\n\n<ul class=\"wp-block-list\">\n<li>Hodivioaia 09:00 &#8211; 17:00;<\/li>\n\n\n\n<li>Ulmi, Str Principal\u0103 , Floreasca 09:00 &#8211; 17:00;<\/li>\n\n\n\n<li>Cartojani, strada D\u00e2mbovnicului ; Florilor 09:00 &#8211; 17:00.<\/li>\n<\/ul>\n\n\n\n<p><strong>Miercuri, 06 Noiembrie 2024<\/strong><\/p>\n\n\n\n<ul class=\"wp-block-list\">\n<li>Cartojani, strada Farmaciei 09:00 &#8211; 17:00;<\/li>\n\n\n\n<li>Hodivioaia 09:00 &#8211; 17:00.<\/li>\n<\/ul>\n\n\n\n<p><strong>Joi , 07 Noiembrie 2024<\/strong><\/p>\n\n\n\n<ul class=\"wp-block-list\">\n<li>Hodivioaia 09:00 &#8211; 17:00;<\/li>\n\n\n\n<li>Cartojani, Str. Piersicului \u0219i str. Bucure\u0219ti de la intersec\u021bia cu str. Pinului p\u00e2n\u0103 la intrersec\u021bia cu str. Caisului 09:00- 17:00;<\/li>\n\n\n\n<li>Ulmi, Str Principal\u0103, Floreasca 09:00 &#8211; 17:00.<\/li>\n<\/ul>\n\n\n\n<p><strong>Vineri , 08 Noiembrie 2024<\/strong><\/p>\n\n\n\n<ul class=\"wp-block-list\">\n<li>Hodivioaia 09:00 &#8211; 17:00;<\/li>\n\n\n\n<li>Cartojani, Str. Pinului \u0219i str. Bucure\u0219ti, p\u00e2n\u0103 la str. Republicii 09:00 &#8211; 17:00.<\/li>\n<\/ul>\n\n\n\n<h3 class=\"wp-block-heading\" id=\"h-se-intrerupe-curentul-\u0219i-in-z-ona-mt-jt-retea-ilfov\">Se \u00eentrerupe curentul \u0219i \u00een z<strong>ona Mt Jt Re\u0163ea Ilfov<\/strong><\/h3>\n\n\n\n<p><strong>Luni , 04 Noiembrie 2024<\/strong><\/p>\n\n\n\n<ul class=\"wp-block-list\">\n<li>Gruiu, sat Lipia, str Matei Basarab, Tufanului, Trandafirilor, Teiului \u0219i str\u0103zi adiacente 09:00 &#8211; 17:00;<\/li>\n\n\n\n<li>M\u0103gurele, strada Atomi\u0219tilor 09:00 &#8211; 17:00;<\/li>\n<\/ul>\n\n\n\n<p><strong>Mar\u021bi, 05 Noiembrie 2024<\/strong><\/p>\n\n\n\n<ul class=\"wp-block-list\">\n<li>V\u00e2rteju, str\u0103zile Fulgeru, Olimp, Venus, Uranus, Eforie, Galaxiei, Emisferei, Poligonului, 13 Decembrie, Norilor si adiacente 09:00 &#8211; 17:00;<\/li>\n\n\n\n<li>Chiajna sat Ro\u0219u, str. 1 Decembrie 1918, Capitan Ionescu, Emil Giurgea, str adiacente 09:00 &#8211; 17:00.<\/li>\n\n\n\n<li>Mogo\u0219oaia, str Martha Bibescu, Ion B\u0103ie\u0219u, Nichita St\u0103nescu, Eugen Barbu, Armeneasc\u0103, Povernei, Livezilor, V\u00e2n\u0103torilor, Arie\u0219ului, Mantopol, Marinarilor, Astronomului, Casa Precup, Pictor Luchian, Luceaf\u0103rului, Merilor, Senatorilor, Austrului \u0219i str\u0103zi adiacente, Casa Precup 09:00 &#8211; 17:00.<\/li>\n<\/ul>\n\n\n\n<p><strong>Miercuri, 06 Noiembrie 2024<\/strong><\/p>\n\n\n\n<ul class=\"wp-block-list\">\n<li>Pantelimon, Bulevardul Biruin\u021bei \u00eentre Selgros Pantelimon \u0219i Centura Bucure\u0219tilor, intrarea Biruin\u021bei, strada Libelulelor, Licuricilor \u0219i adiacente 09:00 &#8211; 17:00;<\/li>\n\n\n\n<li>Chiajna, str. Tineretului, Apeductului, Soarelui, Sg. Ilie Petre, str. adiacente 09:00 &#8211; 17:00;<\/li>\n\n\n\n<li> Bragadiru, str. Ghidiceni, M\u0103r\u021bi\u0219or, M\u0103r\u0103cineni, str. adiacente 09:00 &#8211; 17:00;<\/li>\n\n\n\n<li> Cornetu, Sos. Alexandriei, Crinului, Garoafei, str. adiacente 09:00 &#8211; 17:00;<\/li>\n\n\n\n<li> Gruiu, sat Sili\u0219tea Snagovului, str. Pescari, Baza Sportiv\u0103, Linia Mic\u0103, M\u0103n\u0103stirea Vlad \u021aepe\u0219 \u0219i str\u0103zi adiacente 09:00 &#8211; 17:00;<\/li>\n\n\n\n<li>Buftea, SC. SERV CONSULTING SRL 09:00 &#8211; 17:00 \u2022Jilava, strada G\u0103rii, \u0219i \u0218ab\u0103rului 09:00 &#8211; 17:00.<\/li>\n<\/ul>\n\n\n\n<p><strong>Joi , 07 Noiembrie 2024<\/strong><\/p>\n\n\n\n<ul class=\"wp-block-list\">\n<li>Moara Domneasc\u0103, str. Nicolae B\u0103lcescu, Mihail Kog\u0103lniceanu, Tudor Arghezi, M\u0103r\u0103\u0219e\u0219ti, Nucilor, AL.I. Cuza, Eforie, George Co\u0219buc, Dealului, Paulina Kotzebue, DJ 300 \u0219i str\u0103zi adiacente 09:00 &#8211; 17:00;<\/li>\n\n\n\n<li>Nuci, sat Mic\u0219une\u0219ti Mari 09:00 &#8211; 17:00 Balote\u0219ti, Kaufland Balote\u0219ti, Mega Image;<\/li>\n\n\n\n<li>Balote\u0219ti \u0219i str\u0103zi adiacente 09:00 &#8211; 17:00.<\/li>\n<\/ul>\n\n\n\n<p><strong>CITE\u0218TE \u0218I:<\/strong> <a href=\"https:\/\/buletin.de\/bucuresti\/magia-craciunului-la-muzeul-copiilor\/\"><strong>Magia Cr\u0103ciunului la Muzeul Copiilor. Activit\u0103\u021bi pentru cei mici, \u00een perioada s\u0103rb\u0103torilor<\/strong><\/a><\/p>\n","protected":false},"excerpt":{"rendered":"<p>Re\u021bele Electrice Muntenia&nbsp;\u00eentrerupe curentul electric \u00een perioada 4 \u2013 10 noiembrie, \u00een Bucure\u0219ti, Ilfov \u0219i Giurgiu. \u00centreruperile sunt necesare din cauza lucr\u0103rilor de repara\u021bii, moderni\u200bzare \u200bsau de mentenan\u021b\u0103, la re\u021beaua electric\u0103. Sist\u0103rile programate se vor realiza pentru a asigura capacitatea re\u021belei de a func\u021biona \u0219i alimenta clien\u021bii, \u00een bune condi\u021bii. Unde se \u00eentrerupe curentul electric [&hellip;]<\/p>\n","protected":false},"author":49,"featured_media":104771,"comment_status":"closed","ping_status":"open","sticky":false,"template":"","format":"standard","meta":{"_acf_changed":false,"inline_featured_image":false,"ngg_post_thumbnail":0,"footnotes":""},"categories":[6994,9026,62],"tags":[9,2463,820,16337,16514],"ppma_author":[22574],"class_list":["post-104764","post","type-post","status-publish","format-standard","has-post-thumbnail","hentry","category-stiri-2","category-eveniment","category-stiri","tag-bucuresti","tag-giurgiu","tag-ilfov","tag-intreruperi-curent","tag-retele-electrice-muntenia"],"acf":[],"yoast_head":"<!-- This site is optimized with the Yoast SEO Premium plugin v25.3 (Yoast SEO v27.5) - https:\/\/yoast.com\/product\/yoast-seo-premium-wordpress\/ -->\n<title>Re\u021bele Electrice Muntenia \u00eentrerupe curentul electric \u00een Bucure\u0219ti, Ilfov \u0219i Giurgiu. Care sunt zonele afectate - Buletin de Bucure\u0219ti<\/title>\n<meta name=\"description\" content=\"Re\u021bele Electrice Muntenia \u00eentrerupe curentul electric \u00een Bucure\u0219ti, Ilfov \u0219i Giurgiu. Care sunt zonele afectate.\" \/>\n<meta name=\"robots\" content=\"index, follow, max-snippet:-1, max-image-preview:large, max-video-preview:-1\" \/>\n<link rel=\"canonical\" href=\"https:\/\/buletin.de\/bucuresti\/retele-electrice-muntenia-intrerupe-curentul-electric\/\" \/>\n<meta property=\"og:locale\" content=\"en_GB\" \/>\n<meta property=\"og:type\" content=\"article\" \/>\n<meta property=\"og:title\" content=\"Re\u021bele Electrice Muntenia \u00eentrerupe curentul electric \u00een Bucure\u0219ti, Ilfov \u0219i Giurgiu. Care sunt zonele afectate\" \/>\n<meta property=\"og:description\" content=\"Re\u021bele Electrice Muntenia \u00eentrerupe curentul electric \u00een Bucure\u0219ti, Ilfov \u0219i Giurgiu. Care sunt zonele afectate.\" \/>\n<meta property=\"og:url\" content=\"https:\/\/buletin.de\/bucuresti\/retele-electrice-muntenia-intrerupe-curentul-electric\/\" \/>\n<meta property=\"og:site_name\" content=\"Buletin de Bucure\u0219ti\" \/>\n<meta property=\"article:publisher\" content=\"https:\/\/www.facebook.com\/buletin.de.buc\" \/>\n<meta property=\"article:published_time\" content=\"2024-11-03T07:47:51+00:00\" \/>\n<meta property=\"article:modified_time\" content=\"2024-11-03T14:03:09+00:00\" \/>\n<meta property=\"og:image\" content=\"https:\/\/buletin.de\/bucuresti\/wp-content\/uploads\/header-muntenia-edm-ppc.jpg\" \/>\n\t<meta property=\"og:image:width\" content=\"1500\" \/>\n\t<meta property=\"og:image:height\" content=\"800\" \/>\n\t<meta property=\"og:image:type\" content=\"image\/jpeg\" \/>\n<meta name=\"author\" content=\"Diana Matei\" \/>\n<meta name=\"twitter:card\" content=\"summary_large_image\" \/>\n<meta name=\"twitter:label1\" content=\"Written by\" \/>\n\t<meta name=\"twitter:data1\" content=\"Diana Matei\" \/>\n\t<meta name=\"twitter:label2\" content=\"Estimated reading time\" \/>\n\t<meta name=\"twitter:data2\" content=\"3 minutes\" \/>\n<script type=\"application\/ld+json\" class=\"yoast-schema-graph\">{\"@context\":\"https:\\\/\\\/schema.org\",\"@graph\":[{\"@type\":\"Article\",\"@id\":\"https:\\\/\\\/buletin.de\\\/bucuresti\\\/retele-electrice-muntenia-intrerupe-curentul-electric\\\/#article\",\"isPartOf\":{\"@id\":\"https:\\\/\\\/buletin.de\\\/bucuresti\\\/retele-electrice-muntenia-intrerupe-curentul-electric\\\/\"},\"author\":{\"name\":\"Diana Matei\",\"@id\":\"https:\\\/\\\/buletin.de\\\/bucuresti\\\/#\\\/schema\\\/person\\\/7e46040573290777280a0835d81ea4ea\"},\"headline\":\"Re\u021bele Electrice Muntenia \u00eentrerupe curentul electric \u00een Bucure\u0219ti, Ilfov \u0219i Giurgiu. Care sunt zonele afectate\",\"datePublished\":\"2024-11-03T07:47:51+00:00\",\"dateModified\":\"2024-11-03T14:03:09+00:00\",\"mainEntityOfPage\":{\"@id\":\"https:\\\/\\\/buletin.de\\\/bucuresti\\\/retele-electrice-muntenia-intrerupe-curentul-electric\\\/\"},\"wordCount\":522,\"publisher\":{\"@id\":\"https:\\\/\\\/buletin.de\\\/bucuresti\\\/#organization\"},\"image\":{\"@id\":\"https:\\\/\\\/buletin.de\\\/bucuresti\\\/retele-electrice-muntenia-intrerupe-curentul-electric\\\/#primaryimage\"},\"thumbnailUrl\":\"https:\\\/\\\/buletin.de\\\/bucuresti\\\/wp-content\\\/uploads\\\/header-muntenia-edm-ppc.jpg\",\"keywords\":[\"bucuresti\",\"giurgiu\",\"Ilfov\",\"intreruperi curent\",\"Re\u021bele Electrice Muntenia\"],\"articleSection\":[\"Articole\",\"Eveniment\",\"\u0218tiri\"],\"inLanguage\":\"en-GB\",\"copyrightYear\":\"2024\",\"copyrightHolder\":{\"@id\":\"https:\\\/\\\/buletin.de\\\/bucuresti\\\/#organization\"}},{\"@type\":\"WebPage\",\"@id\":\"https:\\\/\\\/buletin.de\\\/bucuresti\\\/retele-electrice-muntenia-intrerupe-curentul-electric\\\/\",\"url\":\"https:\\\/\\\/buletin.de\\\/bucuresti\\\/retele-electrice-muntenia-intrerupe-curentul-electric\\\/\",\"name\":\"Re\u021bele Electrice Muntenia \u00eentrerupe curentul electric \u00een Bucure\u0219ti, Ilfov \u0219i Giurgiu. Care sunt zonele afectate - Buletin de Bucure\u0219ti\",\"isPartOf\":{\"@id\":\"https:\\\/\\\/buletin.de\\\/bucuresti\\\/#website\"},\"primaryImageOfPage\":{\"@id\":\"https:\\\/\\\/buletin.de\\\/bucuresti\\\/retele-electrice-muntenia-intrerupe-curentul-electric\\\/#primaryimage\"},\"image\":{\"@id\":\"https:\\\/\\\/buletin.de\\\/bucuresti\\\/retele-electrice-muntenia-intrerupe-curentul-electric\\\/#primaryimage\"},\"thumbnailUrl\":\"https:\\\/\\\/buletin.de\\\/bucuresti\\\/wp-content\\\/uploads\\\/header-muntenia-edm-ppc.jpg\",\"datePublished\":\"2024-11-03T07:47:51+00:00\",\"dateModified\":\"2024-11-03T14:03:09+00:00\",\"description\":\"Re\u021bele Electrice Muntenia \u00eentrerupe curentul electric \u00een Bucure\u0219ti, Ilfov \u0219i Giurgiu. Care sunt zonele afectate.\",\"breadcrumb\":{\"@id\":\"https:\\\/\\\/buletin.de\\\/bucuresti\\\/retele-electrice-muntenia-intrerupe-curentul-electric\\\/#breadcrumb\"},\"inLanguage\":\"en-GB\",\"potentialAction\":[{\"@type\":\"ReadAction\",\"target\":[\"https:\\\/\\\/buletin.de\\\/bucuresti\\\/retele-electrice-muntenia-intrerupe-curentul-electric\\\/\"]}]},{\"@type\":\"ImageObject\",\"inLanguage\":\"en-GB\",\"@id\":\"https:\\\/\\\/buletin.de\\\/bucuresti\\\/retele-electrice-muntenia-intrerupe-curentul-electric\\\/#primaryimage\",\"url\":\"https:\\\/\\\/buletin.de\\\/bucuresti\\\/wp-content\\\/uploads\\\/header-muntenia-edm-ppc.jpg\",\"contentUrl\":\"https:\\\/\\\/buletin.de\\\/bucuresti\\\/wp-content\\\/uploads\\\/header-muntenia-edm-ppc.jpg\",\"width\":1500,\"height\":800,\"caption\":\"Se \u00eentrerupe curentul electric \u00een Bucure\u0219ti, Ilfov \u0219i Giurgiu. Re\u021bele Electrice Muntenia anun\u021b\u0103 care sunt zonele afectate. FOTO: reteleelectrice.ro\"},{\"@type\":\"BreadcrumbList\",\"@id\":\"https:\\\/\\\/buletin.de\\\/bucuresti\\\/retele-electrice-muntenia-intrerupe-curentul-electric\\\/#breadcrumb\",\"itemListElement\":[{\"@type\":\"ListItem\",\"position\":1,\"name\":\"Acas\u0103\",\"item\":\"https:\\\/\\\/buletin.de\\\/bucuresti\\\/\"},{\"@type\":\"ListItem\",\"position\":2,\"name\":\"Re\u021bele Electrice Muntenia \u00eentrerupe curentul electric \u00een Bucure\u0219ti, Ilfov \u0219i Giurgiu. Care sunt zonele afectate\"}]},{\"@type\":\"WebSite\",\"@id\":\"https:\\\/\\\/buletin.de\\\/bucuresti\\\/#website\",\"url\":\"https:\\\/\\\/buletin.de\\\/bucuresti\\\/\",\"name\":\"Buletin de Bucure\u0219ti\",\"description\":\"\u0218tiri \u0219i investiga\u021bii esen\u021biale din capital\u0103\",\"publisher\":{\"@id\":\"https:\\\/\\\/buletin.de\\\/bucuresti\\\/#organization\"},\"potentialAction\":[{\"@type\":\"SearchAction\",\"target\":{\"@type\":\"EntryPoint\",\"urlTemplate\":\"https:\\\/\\\/buletin.de\\\/bucuresti\\\/?s={search_term_string}\"},\"query-input\":{\"@type\":\"PropertyValueSpecification\",\"valueRequired\":true,\"valueName\":\"search_term_string\"}}],\"inLanguage\":\"en-GB\"},{\"@type\":\"Organization\",\"@id\":\"https:\\\/\\\/buletin.de\\\/bucuresti\\\/#organization\",\"name\":\"Buletin de Bucure\u0219ti\",\"url\":\"https:\\\/\\\/buletin.de\\\/bucuresti\\\/\",\"logo\":{\"@type\":\"ImageObject\",\"inLanguage\":\"en-GB\",\"@id\":\"https:\\\/\\\/buletin.de\\\/bucuresti\\\/#\\\/schema\\\/logo\\\/image\\\/\",\"url\":\"https:\\\/\\\/buletin.de\\\/bucuresti\\\/wp-content\\\/uploads\\\/logo-bdb-full-wide-vernil-transparent.png\",\"contentUrl\":\"https:\\\/\\\/buletin.de\\\/bucuresti\\\/wp-content\\\/uploads\\\/logo-bdb-full-wide-vernil-transparent.png\",\"width\":1782,\"height\":626,\"caption\":\"Buletin de Bucure\u0219ti\"},\"image\":{\"@id\":\"https:\\\/\\\/buletin.de\\\/bucuresti\\\/#\\\/schema\\\/logo\\\/image\\\/\"},\"sameAs\":[\"https:\\\/\\\/www.facebook.com\\\/buletin.de.buc\",\"https:\\\/\\\/www.instagram.com\\\/buletinde.bucuresti\\\/\"]},{\"@type\":\"Person\",\"@id\":\"https:\\\/\\\/buletin.de\\\/bucuresti\\\/#\\\/schema\\\/person\\\/7e46040573290777280a0835d81ea4ea\",\"name\":\"Diana Matei\",\"image\":{\"@type\":\"ImageObject\",\"inLanguage\":\"en-GB\",\"@id\":\"https:\\\/\\\/buletin.de\\\/bucuresti\\\/wp-content\\\/uploads\\\/9-2-96x96.jpg1e8590b30871d70e62ebcdaf2eff570c\",\"url\":\"https:\\\/\\\/buletin.de\\\/bucuresti\\\/wp-content\\\/uploads\\\/9-2-96x96.jpg\",\"contentUrl\":\"https:\\\/\\\/buletin.de\\\/bucuresti\\\/wp-content\\\/uploads\\\/9-2-96x96.jpg\",\"caption\":\"Diana Matei\"},\"url\":\"https:\\\/\\\/buletin.de\\\/bucuresti\\\/author\\\/dianamatei\\\/\"}]}<\/script>\n<!-- \/ Yoast SEO Premium plugin. -->","yoast_head_json":{"title":"Re\u021bele Electrice Muntenia \u00eentrerupe curentul electric \u00een Bucure\u0219ti, Ilfov \u0219i Giurgiu. Care sunt zonele afectate - Buletin de Bucure\u0219ti","description":"Re\u021bele Electrice Muntenia \u00eentrerupe curentul electric \u00een Bucure\u0219ti, Ilfov \u0219i Giurgiu. Care sunt zonele afectate.","robots":{"index":"index","follow":"follow","max-snippet":"max-snippet:-1","max-image-preview":"max-image-preview:large","max-video-preview":"max-video-preview:-1"},"canonical":"https:\/\/buletin.de\/bucuresti\/retele-electrice-muntenia-intrerupe-curentul-electric\/","og_locale":"en_GB","og_type":"article","og_title":"Re\u021bele Electrice Muntenia \u00eentrerupe curentul electric \u00een Bucure\u0219ti, Ilfov \u0219i Giurgiu. Care sunt zonele afectate","og_description":"Re\u021bele Electrice Muntenia \u00eentrerupe curentul electric \u00een Bucure\u0219ti, Ilfov \u0219i Giurgiu. Care sunt zonele afectate.","og_url":"https:\/\/buletin.de\/bucuresti\/retele-electrice-muntenia-intrerupe-curentul-electric\/","og_site_name":"Buletin de Bucure\u0219ti","article_publisher":"https:\/\/www.facebook.com\/buletin.de.buc","article_published_time":"2024-11-03T07:47:51+00:00","article_modified_time":"2024-11-03T14:03:09+00:00","og_image":[{"width":1500,"height":800,"url":"https:\/\/buletin.de\/bucuresti\/wp-content\/uploads\/header-muntenia-edm-ppc.jpg","type":"image\/jpeg"}],"author":"Diana Matei","twitter_card":"summary_large_image","twitter_misc":{"Written by":"Diana Matei","Estimated reading time":"3 minutes"},"schema":{"@context":"https:\/\/schema.org","@graph":[{"@type":"Article","@id":"https:\/\/buletin.de\/bucuresti\/retele-electrice-muntenia-intrerupe-curentul-electric\/#article","isPartOf":{"@id":"https:\/\/buletin.de\/bucuresti\/retele-electrice-muntenia-intrerupe-curentul-electric\/"},"author":{"name":"Diana Matei","@id":"https:\/\/buletin.de\/bucuresti\/#\/schema\/person\/7e46040573290777280a0835d81ea4ea"},"headline":"Re\u021bele Electrice Muntenia \u00eentrerupe curentul electric \u00een Bucure\u0219ti, Ilfov \u0219i Giurgiu. Care sunt zonele afectate","datePublished":"2024-11-03T07:47:51+00:00","dateModified":"2024-11-03T14:03:09+00:00","mainEntityOfPage":{"@id":"https:\/\/buletin.de\/bucuresti\/retele-electrice-muntenia-intrerupe-curentul-electric\/"},"wordCount":522,"publisher":{"@id":"https:\/\/buletin.de\/bucuresti\/#organization"},"image":{"@id":"https:\/\/buletin.de\/bucuresti\/retele-electrice-muntenia-intrerupe-curentul-electric\/#primaryimage"},"thumbnailUrl":"https:\/\/buletin.de\/bucuresti\/wp-content\/uploads\/header-muntenia-edm-ppc.jpg","keywords":["bucuresti","giurgiu","Ilfov","intreruperi curent","Re\u021bele Electrice Muntenia"],"articleSection":["Articole","Eveniment","\u0218tiri"],"inLanguage":"en-GB","copyrightYear":"2024","copyrightHolder":{"@id":"https:\/\/buletin.de\/bucuresti\/#organization"}},{"@type":"WebPage","@id":"https:\/\/buletin.de\/bucuresti\/retele-electrice-muntenia-intrerupe-curentul-electric\/","url":"https:\/\/buletin.de\/bucuresti\/retele-electrice-muntenia-intrerupe-curentul-electric\/","name":"Re\u021bele Electrice Muntenia \u00eentrerupe curentul electric \u00een Bucure\u0219ti, Ilfov \u0219i Giurgiu. Care sunt zonele afectate - Buletin de Bucure\u0219ti","isPartOf":{"@id":"https:\/\/buletin.de\/bucuresti\/#website"},"primaryImageOfPage":{"@id":"https:\/\/buletin.de\/bucuresti\/retele-electrice-muntenia-intrerupe-curentul-electric\/#primaryimage"},"image":{"@id":"https:\/\/buletin.de\/bucuresti\/retele-electrice-muntenia-intrerupe-curentul-electric\/#primaryimage"},"thumbnailUrl":"https:\/\/buletin.de\/bucuresti\/wp-content\/uploads\/header-muntenia-edm-ppc.jpg","datePublished":"2024-11-03T07:47:51+00:00","dateModified":"2024-11-03T14:03:09+00:00","description":"Re\u021bele Electrice Muntenia \u00eentrerupe curentul electric \u00een Bucure\u0219ti, Ilfov \u0219i Giurgiu. Care sunt zonele afectate.","breadcrumb":{"@id":"https:\/\/buletin.de\/bucuresti\/retele-electrice-muntenia-intrerupe-curentul-electric\/#breadcrumb"},"inLanguage":"en-GB","potentialAction":[{"@type":"ReadAction","target":["https:\/\/buletin.de\/bucuresti\/retele-electrice-muntenia-intrerupe-curentul-electric\/"]}]},{"@type":"ImageObject","inLanguage":"en-GB","@id":"https:\/\/buletin.de\/bucuresti\/retele-electrice-muntenia-intrerupe-curentul-electric\/#primaryimage","url":"https:\/\/buletin.de\/bucuresti\/wp-content\/uploads\/header-muntenia-edm-ppc.jpg","contentUrl":"https:\/\/buletin.de\/bucuresti\/wp-content\/uploads\/header-muntenia-edm-ppc.jpg","width":1500,"height":800,"caption":"Se \u00eentrerupe curentul electric \u00een Bucure\u0219ti, Ilfov \u0219i Giurgiu. Re\u021bele Electrice Muntenia anun\u021b\u0103 care sunt zonele afectate. FOTO: reteleelectrice.ro"},{"@type":"BreadcrumbList","@id":"https:\/\/buletin.de\/bucuresti\/retele-electrice-muntenia-intrerupe-curentul-electric\/#breadcrumb","itemListElement":[{"@type":"ListItem","position":1,"name":"Acas\u0103","item":"https:\/\/buletin.de\/bucuresti\/"},{"@type":"ListItem","position":2,"name":"Re\u021bele Electrice Muntenia \u00eentrerupe curentul electric \u00een Bucure\u0219ti, Ilfov \u0219i Giurgiu. Care sunt zonele afectate"}]},{"@type":"WebSite","@id":"https:\/\/buletin.de\/bucuresti\/#website","url":"https:\/\/buletin.de\/bucuresti\/","name":"Buletin de Bucure\u0219ti","description":"\u0218tiri \u0219i investiga\u021bii esen\u021biale din capital\u0103","publisher":{"@id":"https:\/\/buletin.de\/bucuresti\/#organization"},"potentialAction":[{"@type":"SearchAction","target":{"@type":"EntryPoint","urlTemplate":"https:\/\/buletin.de\/bucuresti\/?s={search_term_string}"},"query-input":{"@type":"PropertyValueSpecification","valueRequired":true,"valueName":"search_term_string"}}],"inLanguage":"en-GB"},{"@type":"Organization","@id":"https:\/\/buletin.de\/bucuresti\/#organization","name":"Buletin de Bucure\u0219ti","url":"https:\/\/buletin.de\/bucuresti\/","logo":{"@type":"ImageObject","inLanguage":"en-GB","@id":"https:\/\/buletin.de\/bucuresti\/#\/schema\/logo\/image\/","url":"https:\/\/buletin.de\/bucuresti\/wp-content\/uploads\/logo-bdb-full-wide-vernil-transparent.png","contentUrl":"https:\/\/buletin.de\/bucuresti\/wp-content\/uploads\/logo-bdb-full-wide-vernil-transparent.png","width":1782,"height":626,"caption":"Buletin de Bucure\u0219ti"},"image":{"@id":"https:\/\/buletin.de\/bucuresti\/#\/schema\/logo\/image\/"},"sameAs":["https:\/\/www.facebook.com\/buletin.de.buc","https:\/\/www.instagram.com\/buletinde.bucuresti\/"]},{"@type":"Person","@id":"https:\/\/buletin.de\/bucuresti\/#\/schema\/person\/7e46040573290777280a0835d81ea4ea","name":"Diana Matei","image":{"@type":"ImageObject","inLanguage":"en-GB","@id":"https:\/\/buletin.de\/bucuresti\/wp-content\/uploads\/9-2-96x96.jpg1e8590b30871d70e62ebcdaf2eff570c","url":"https:\/\/buletin.de\/bucuresti\/wp-content\/uploads\/9-2-96x96.jpg","contentUrl":"https:\/\/buletin.de\/bucuresti\/wp-content\/uploads\/9-2-96x96.jpg","caption":"Diana Matei"},"url":"https:\/\/buletin.de\/bucuresti\/author\/dianamatei\/"}]}},"authors":[{"term_id":22574,"user_id":49,"is_guest":0,"slug":"dianamatei","display_name":"Diana Matei","avatar_url":"https:\/\/buletin.de\/bucuresti\/wp-content\/uploads\/9-2-96x96.jpg","0":null,"1":"","2":"","3":"","4":"","5":"","6":"","7":"","8":""}],"_links":{"self":[{"href":"https:\/\/buletin.de\/bucuresti\/wp-json\/wp\/v2\/posts\/104764","targetHints":{"allow":["GET"]}}],"collection":[{"href":"https:\/\/buletin.de\/bucuresti\/wp-json\/wp\/v2\/posts"}],"about":[{"href":"https:\/\/buletin.de\/bucuresti\/wp-json\/wp\/v2\/types\/post"}],"author":[{"embeddable":true,"href":"https:\/\/buletin.de\/bucuresti\/wp-json\/wp\/v2\/users\/49"}],"replies":[{"embeddable":true,"href":"https:\/\/buletin.de\/bucuresti\/wp-json\/wp\/v2\/comments?post=104764"}],"version-history":[{"count":3,"href":"https:\/\/buletin.de\/bucuresti\/wp-json\/wp\/v2\/posts\/104764\/revisions"}],"predecessor-version":[{"id":104836,"href":"https:\/\/buletin.de\/bucuresti\/wp-json\/wp\/v2\/posts\/104764\/revisions\/104836"}],"wp:featuredmedia":[{"embeddable":true,"href":"https:\/\/buletin.de\/bucuresti\/wp-json\/wp\/v2\/media\/104771"}],"wp:attachment":[{"href":"https:\/\/buletin.de\/bucuresti\/wp-json\/wp\/v2\/media?parent=104764"}],"wp:term":[{"taxonomy":"category","embeddable":true,"href":"https:\/\/buletin.de\/bucuresti\/wp-json\/wp\/v2\/categories?post=104764"},{"taxonomy":"post_tag","embeddable":true,"href":"https:\/\/buletin.de\/bucuresti\/wp-json\/wp\/v2\/tags?post=104764"},{"taxonomy":"author","embeddable":true,"href":"https:\/\/buletin.de\/bucuresti\/wp-json\/wp\/v2\/ppma_author?post=104764"}],"curies":[{"name":"wp","href":"https:\/\/api.w.org\/{rel}","templated":true}]}}