{"id":104716,"date":"2024-11-02T12:39:29","date_gmt":"2024-11-02T09:39:29","guid":{"rendered":"https:\/\/buletin.de\/bucuresti\/?p=104716"},"modified":"2024-11-02T12:39:45","modified_gmt":"2024-11-02T09:39:45","slug":"meciul-rapid-hermanstadt","status":"publish","type":"post","link":"https:\/\/buletin.de\/bucuresti\/meciul-rapid-hermanstadt\/","title":{"rendered":"Meciul Rapid \u2013 Hermanstadt prelunge\u0219te traseele a patru linii STB"},"content":{"rendered":"\n<p><strong>Traseele liniilor 11, 44, 163 \u0219i 178\u00a0vor fi prelungite luni, 4 noiembrie, pentru meciul Rapid \u2013 Hermanstadt. M\u0103sura a fost luat\u0103 pentru a asigura transportul spectatorilor. Partida \u00eencepe 21:00, pe Stadionul \u201eGiule\u0219ti\u201d. <\/strong><\/p>\n\n\n\n<p>De asemenea, <a href=\"https:\/\/tpbi.ro\/meciul-rapid-hermannstadt-tpbi-prelungeste-programul-liniilor-11-44-163-si-178-spectatorii-au-la-dispozitie-si-tramvaiele-liniei-41\/\">TPBI <\/a>anun\u021b\u0103 c\u0103 spectatorii au la dispozi\u021bie <strong>linia 41<\/strong>. Tramvaiele trec prin zona stadionului, p\u00e2n\u0103 la&nbsp;<strong>ora 23:45.<\/strong><\/p>\n\n\n\n<h2 class=\"wp-block-heading\" id=\"h-programul-mijloacelor-stb-pentru-meciul-rapid-hermanstadt\">Programul mijloacelor STB pentru meciul Rapid \u2013 Hermanstadt<\/h2>\n\n\n\n<p>L<strong>iniile 11, 44, 163 \u0219i 178<\/strong>&nbsp;vor func\u021biona astfel:<\/p>\n\n\n\n<ul class=\"wp-block-list\">\n<li>Tramvaiele&nbsp;<strong>liniei 11<\/strong>&nbsp;vor pleca de la terminalul&nbsp;<strong>\u201eCartier 16 Februarie\u201d<\/strong>&nbsp;spre&nbsp;<strong>\u201eZe\u021barilor\u201d&nbsp;<\/strong>la&nbsp;<strong>orele<\/strong>&nbsp;<strong>22:50, 22:57, 23:11 \u0219i 23:26<\/strong>. Orele estimate de trecere a vehiculelor \u00een zona&nbsp;<strong>Stadionului \u201eGiule\u0219ti\u201d<\/strong>&nbsp;sunt&nbsp;<strong>23:00, 23:07, 23:21 \u0219i 23:36<\/strong>. De la cap\u0103tul&nbsp;<strong>\u201eZe\u021barilor\u201d<\/strong>, tramvaiele&nbsp;<strong>liniei 11<\/strong>&nbsp;vor pleca spre&nbsp;<strong>\u201eCartier 16 Februarie\u201d<\/strong>&nbsp;la&nbsp;<strong>orele 22:06, 22:20 \u0219i 22:35,<\/strong>&nbsp;iar orele estimate de trecere \u00een zona&nbsp;<strong>Stadionului \u201eGiule\u0219ti\u201d<\/strong>&nbsp;sunt&nbsp;<strong>22:50<\/strong>,&nbsp;<strong>23:04 \u0219i 23:19<\/strong>.<\/li>\n\n\n\n<li>Tramvaiele&nbsp;<strong>liniei 44<\/strong>&nbsp;vor pleca de la terminalul&nbsp;<strong>\u201eCartier 16 Februarie\u201d<\/strong>&nbsp;c\u0103tre&nbsp;<strong>\u201eVasile P\u00e2rvan<\/strong>\u201d la&nbsp;<strong>orele 22:45 \u0219i 23:10<\/strong>, iar orele estimate de trecere a vehiculelor \u00een zona&nbsp;<strong>Stadionului \u201eGiule\u0219ti\u201d<\/strong>&nbsp;sunt&nbsp;<strong>22:55 \u0219i 23:20<\/strong>. De la cap\u0103tul&nbsp;<strong>\u201eVasile P\u00e2rvan\u201d<\/strong>, ultima plecare spre&nbsp;<strong>\u201eCartier 16 Februarie<\/strong>\u201d va avea loc la ora la&nbsp;<strong>ora 22:35<\/strong>, iar ora estimat\u0103 de trecere \u00een zona&nbsp;<strong>Stadionului \u201eGiule\u0219ti\u201d<\/strong>&nbsp;este&nbsp;<strong>22:55.<\/strong><\/li>\n\n\n\n<li>Autobuzele<strong>&nbsp;liniei 163<\/strong>&nbsp;vor pleca de la terminalul&nbsp;<strong>\u201eGiule\u0219ti S\u00e2rbi\u201d<\/strong>&nbsp;spre&nbsp;<strong>\u201ePia\u021ba Operei\u201d&nbsp;<\/strong>la&nbsp;<strong>orele 22:51, 23:06 \u0219i 23:21<\/strong>, iar orele estimate de trecere a vehiculelor \u00een zona&nbsp;<strong>Stadionului \u201eGiule\u0219ti\u201d<\/strong>&nbsp;sunt&nbsp;<strong>23:01, 23:16 \u0219i 23:31<\/strong>. De la cap\u0103tul&nbsp;<strong>\u201ePia\u021ba Operei\u201d<\/strong>, autobuzele&nbsp;<strong>liniei 163<\/strong>&nbsp;vor pleca spre&nbsp;<strong>\u201eGiule\u0219ti S\u00e2rbi<\/strong>\u201d la&nbsp;<strong>orele 22:30 \u0219i 22:45<\/strong>, iar orele estimate de trecere \u00een zona&nbsp;<strong>Stadionului \u201eGiule\u0219ti\u201d<\/strong>&nbsp;sunt&nbsp;<strong>22:53 \u0219i 23:08<\/strong>.<\/li>\n\n\n\n<li>Autobuzele&nbsp;<strong>liniei 178<\/strong>&nbsp;vor pleca de la terminalul&nbsp;<strong>\u201eComplex Comercial Apusului\u201d<\/strong>&nbsp;spre&nbsp;<strong>\u201eSala Palatului\u201d&nbsp;<\/strong>la&nbsp;<strong>orele 22:45 \u0219i 22:50,<\/strong>&nbsp;iar orele estimate de trecere a vehiculelor \u00een zona&nbsp;<strong>Stadionului \u201eGiule\u0219ti\u201d<\/strong>&nbsp;sunt&nbsp;<strong>23:00 \u0219i 23:05<\/strong>. De la cap\u0103tul&nbsp;<strong>\u201eSala Palatului\u201d<\/strong>, autobuzele&nbsp;<strong>liniei 178<\/strong>&nbsp;vor pleca spre&nbsp;<strong>\u201eComplex Comercial Apusului<\/strong>\u201d la&nbsp;<strong>orele<\/strong>&nbsp;<strong>22:39, 22:49 \u0219i 22:59<\/strong>, iar orele estimate de trecere \u00een zona&nbsp;<strong>Stadionului \u201eGiule\u0219ti\u201d<\/strong>&nbsp;sunt&nbsp;<strong>23:01, 23:11 \u0219i 23:21<\/strong>.<\/li>\n<\/ul>\n\n\n\n<h2 class=\"wp-block-heading\" id=\"h-linia-41-la-dispozi-\u021b-ia-spectatorilor\">Linia 41, la dispozi<strong>\u021b<\/strong>ia spectatorilor<\/h2>\n\n\n\n<p>TPBI precizeaz\u0103, de asemenea, c\u0103 spectatorii, prezen\u021bi pe Stadionul \u201eGiule\u0219ti\u201d, pentru meciul Rapid \u2013 Hermanstadt, vor putea folosi si <strong>tramvaiele liniei 41. <\/strong>Acestea vor pleca de la terminalul&nbsp;<strong>\u201ePia\u021ba Presei\u201d&nbsp;<\/strong>c\u0103tre&nbsp;<strong>\u201eGhencea\u201d&nbsp;<\/strong>la&nbsp;orele<strong>:<\/strong> <strong>22:43;<\/strong> <strong>23:50, 22:57, 23:04, 23:11, 23:18 \u0219i 23:25<\/strong>. Mijloacele de transport vor ajunge \u00een zona Stadionului Giule\u0219ti la orele estimate:&nbsp;<strong>23:03, 23:10, 23:17, 23:24, 23:31, 23:38 \u0219i 23:45<\/strong>. <\/p>\n\n\n\n<p>Pe sensul opus, de la cap\u0103tul&nbsp;<strong>\u201eGhencea\u201d<\/strong>, tramvaiele&nbsp;<strong>liniei 41<\/strong>&nbsp;vor pleca spre&nbsp;<strong>\u201ePia\u021ba Presei<\/strong>\u201d la&nbsp;<strong>orele 22:36, 22:42, 22:49, 22:56, 23:05 \u0219i 23:15<\/strong>. Orele estimate de trecere \u00een zona&nbsp;<strong>Stadionului \u201eGiule\u0219ti\u201d<\/strong>&nbsp;sunt: <strong>22:46, 22:52, 22:59, 23:06, 23:15 \u0219i 23:25.<\/strong><\/p>\n\n\n\n<p><strong>CITE\u0218TE \u0218I:<\/strong> <a href=\"https:\/\/buletin.de\/bucuresti\/primaria-bucuresti-a-schimbat-numarul-de-telefon-la-care-se-poate-face-plata-parcarii-prin-sms\/\">Prim\u0103ria Bucure\u0219ti a schimbat num\u0103rul de telefon la care se poate face plata parc\u0103rii prin SMS<\/a><\/p>\n","protected":false},"excerpt":{"rendered":"<p>Traseele liniilor 11, 44, 163 \u0219i 178\u00a0vor fi prelungite luni, 4 noiembrie, pentru meciul Rapid \u2013 Hermanstadt. M\u0103sura a fost luat\u0103 pentru a asigura transportul spectatorilor. Partida \u00eencepe 21:00, pe Stadionul \u201eGiule\u0219ti\u201d. De asemenea, TPBI anun\u021b\u0103 c\u0103 spectatorii au la dispozi\u021bie linia 41. Tramvaiele trec prin zona stadionului, p\u00e2n\u0103 la&nbsp;ora 23:45. Programul mijloacelor STB pentru [&hellip;]<\/p>\n","protected":false},"author":49,"featured_media":104719,"comment_status":"closed","ping_status":"open","sticky":false,"template":"","format":"standard","meta":{"_acf_changed":false,"inline_featured_image":false,"ngg_post_thumbnail":0,"footnotes":""},"categories":[6994,62,650],"tags":[6025,16506,10157,6026,16505,2842],"ppma_author":[22574],"class_list":["post-104716","post","type-post","status-publish","format-standard","has-post-thumbnail","hentry","category-stiri-2","category-stiri","category-transport","tag-linia-11","tag-linia-163","tag-linia-178","tag-linia-44","tag-rapid-hermanstadt","tag-tpbi"],"acf":[],"yoast_head":"<!-- This site is optimized with the Yoast SEO Premium plugin v25.3 (Yoast SEO v27.4) - https:\/\/yoast.com\/product\/yoast-seo-premium-wordpress\/ -->\n<title>Meciul Rapid \u2013 Hermanstadt prelunge\u0219te traseele a patru linii STB - Buletin de Bucure\u0219ti<\/title>\n<meta name=\"description\" content=\"Meciul Rapid \u2013 Hermanstadt. Traseele liniilor 11, 44, 163 \u0219i 178\u00a0vor fi prelungite luni, 4 noiembrie, pentru meci.\" \/>\n<meta name=\"robots\" content=\"index, follow, max-snippet:-1, max-image-preview:large, max-video-preview:-1\" \/>\n<link rel=\"canonical\" href=\"https:\/\/buletin.de\/bucuresti\/meciul-rapid-hermanstadt\/\" \/>\n<meta property=\"og:locale\" content=\"en_GB\" \/>\n<meta property=\"og:type\" content=\"article\" \/>\n<meta property=\"og:title\" content=\"Meciul Rapid \u2013 Hermanstadt prelunge\u0219te traseele a patru linii STB\" \/>\n<meta property=\"og:description\" content=\"Meciul Rapid \u2013 Hermanstadt. Traseele liniilor 11, 44, 163 \u0219i 178\u00a0vor fi prelungite luni, 4 noiembrie, pentru meci.\" \/>\n<meta property=\"og:url\" content=\"https:\/\/buletin.de\/bucuresti\/meciul-rapid-hermanstadt\/\" \/>\n<meta property=\"og:site_name\" content=\"Buletin de Bucure\u0219ti\" \/>\n<meta property=\"article:publisher\" content=\"https:\/\/www.facebook.com\/buletin.de.buc\" \/>\n<meta property=\"article:published_time\" content=\"2024-11-02T09:39:29+00:00\" \/>\n<meta property=\"article:modified_time\" content=\"2024-11-02T09:39:45+00:00\" \/>\n<meta property=\"og:image\" content=\"https:\/\/buletin.de\/bucuresti\/wp-content\/uploads\/Stadion-Giulesti-Rapid-900x569.png\" \/>\n\t<meta property=\"og:image:width\" content=\"900\" \/>\n\t<meta property=\"og:image:height\" content=\"569\" \/>\n\t<meta property=\"og:image:type\" content=\"image\/png\" \/>\n<meta name=\"author\" content=\"Diana Matei\" \/>\n<meta name=\"twitter:card\" content=\"summary_large_image\" \/>\n<meta name=\"twitter:label1\" content=\"Written by\" \/>\n\t<meta name=\"twitter:data1\" content=\"Diana Matei\" \/>\n\t<meta name=\"twitter:label2\" content=\"Estimated reading time\" \/>\n\t<meta name=\"twitter:data2\" content=\"3 minutes\" \/>\n<script type=\"application\/ld+json\" class=\"yoast-schema-graph\">{\"@context\":\"https:\\\/\\\/schema.org\",\"@graph\":[{\"@type\":\"Article\",\"@id\":\"https:\\\/\\\/buletin.de\\\/bucuresti\\\/meciul-rapid-hermanstadt\\\/#article\",\"isPartOf\":{\"@id\":\"https:\\\/\\\/buletin.de\\\/bucuresti\\\/meciul-rapid-hermanstadt\\\/\"},\"author\":{\"name\":\"Diana Matei\",\"@id\":\"https:\\\/\\\/buletin.de\\\/bucuresti\\\/#\\\/schema\\\/person\\\/7e46040573290777280a0835d81ea4ea\"},\"headline\":\"Meciul Rapid \u2013 Hermanstadt prelunge\u0219te traseele a patru linii STB\",\"datePublished\":\"2024-11-02T09:39:29+00:00\",\"dateModified\":\"2024-11-02T09:39:45+00:00\",\"mainEntityOfPage\":{\"@id\":\"https:\\\/\\\/buletin.de\\\/bucuresti\\\/meciul-rapid-hermanstadt\\\/\"},\"wordCount\":509,\"publisher\":{\"@id\":\"https:\\\/\\\/buletin.de\\\/bucuresti\\\/#organization\"},\"image\":{\"@id\":\"https:\\\/\\\/buletin.de\\\/bucuresti\\\/meciul-rapid-hermanstadt\\\/#primaryimage\"},\"thumbnailUrl\":\"https:\\\/\\\/buletin.de\\\/bucuresti\\\/wp-content\\\/uploads\\\/Stadion-Giulesti-Rapid.png\",\"keywords\":[\"linia 11\",\"linia 163\",\"linia 178\",\"linia 44\",\"Rapid \u2013 Hermanstadt\",\"tpbi\"],\"articleSection\":[\"Articole\",\"\u0218tiri\",\"Transport\"],\"inLanguage\":\"en-GB\",\"copyrightYear\":\"2024\",\"copyrightHolder\":{\"@id\":\"https:\\\/\\\/buletin.de\\\/bucuresti\\\/#organization\"}},{\"@type\":\"WebPage\",\"@id\":\"https:\\\/\\\/buletin.de\\\/bucuresti\\\/meciul-rapid-hermanstadt\\\/\",\"url\":\"https:\\\/\\\/buletin.de\\\/bucuresti\\\/meciul-rapid-hermanstadt\\\/\",\"name\":\"Meciul Rapid \u2013 Hermanstadt prelunge\u0219te traseele a patru linii STB - Buletin de Bucure\u0219ti\",\"isPartOf\":{\"@id\":\"https:\\\/\\\/buletin.de\\\/bucuresti\\\/#website\"},\"primaryImageOfPage\":{\"@id\":\"https:\\\/\\\/buletin.de\\\/bucuresti\\\/meciul-rapid-hermanstadt\\\/#primaryimage\"},\"image\":{\"@id\":\"https:\\\/\\\/buletin.de\\\/bucuresti\\\/meciul-rapid-hermanstadt\\\/#primaryimage\"},\"thumbnailUrl\":\"https:\\\/\\\/buletin.de\\\/bucuresti\\\/wp-content\\\/uploads\\\/Stadion-Giulesti-Rapid.png\",\"datePublished\":\"2024-11-02T09:39:29+00:00\",\"dateModified\":\"2024-11-02T09:39:45+00:00\",\"description\":\"Meciul Rapid \u2013 Hermanstadt. Traseele liniilor 11, 44, 163 \u0219i 178\u00a0vor fi prelungite luni, 4 noiembrie, pentru meci.\",\"breadcrumb\":{\"@id\":\"https:\\\/\\\/buletin.de\\\/bucuresti\\\/meciul-rapid-hermanstadt\\\/#breadcrumb\"},\"inLanguage\":\"en-GB\",\"potentialAction\":[{\"@type\":\"ReadAction\",\"target\":[\"https:\\\/\\\/buletin.de\\\/bucuresti\\\/meciul-rapid-hermanstadt\\\/\"]}]},{\"@type\":\"ImageObject\",\"inLanguage\":\"en-GB\",\"@id\":\"https:\\\/\\\/buletin.de\\\/bucuresti\\\/meciul-rapid-hermanstadt\\\/#primaryimage\",\"url\":\"https:\\\/\\\/buletin.de\\\/bucuresti\\\/wp-content\\\/uploads\\\/Stadion-Giulesti-Rapid.png\",\"contentUrl\":\"https:\\\/\\\/buletin.de\\\/bucuresti\\\/wp-content\\\/uploads\\\/Stadion-Giulesti-Rapid.png\",\"width\":2000,\"height\":1265,\"caption\":\"Meciul Rapid \u2013 Hermanstadt prelunge\u0219te traseele a patru linii STB. FOTO: TPBI\"},{\"@type\":\"BreadcrumbList\",\"@id\":\"https:\\\/\\\/buletin.de\\\/bucuresti\\\/meciul-rapid-hermanstadt\\\/#breadcrumb\",\"itemListElement\":[{\"@type\":\"ListItem\",\"position\":1,\"name\":\"Acas\u0103\",\"item\":\"https:\\\/\\\/buletin.de\\\/bucuresti\\\/\"},{\"@type\":\"ListItem\",\"position\":2,\"name\":\"Meciul Rapid \u2013 Hermanstadt prelunge\u0219te traseele a patru linii STB\"}]},{\"@type\":\"WebSite\",\"@id\":\"https:\\\/\\\/buletin.de\\\/bucuresti\\\/#website\",\"url\":\"https:\\\/\\\/buletin.de\\\/bucuresti\\\/\",\"name\":\"Buletin de Bucure\u0219ti\",\"description\":\"\u0218tiri \u0219i investiga\u021bii esen\u021biale din capital\u0103\",\"publisher\":{\"@id\":\"https:\\\/\\\/buletin.de\\\/bucuresti\\\/#organization\"},\"potentialAction\":[{\"@type\":\"SearchAction\",\"target\":{\"@type\":\"EntryPoint\",\"urlTemplate\":\"https:\\\/\\\/buletin.de\\\/bucuresti\\\/?s={search_term_string}\"},\"query-input\":{\"@type\":\"PropertyValueSpecification\",\"valueRequired\":true,\"valueName\":\"search_term_string\"}}],\"inLanguage\":\"en-GB\"},{\"@type\":\"Organization\",\"@id\":\"https:\\\/\\\/buletin.de\\\/bucuresti\\\/#organization\",\"name\":\"Buletin de Bucure\u0219ti\",\"url\":\"https:\\\/\\\/buletin.de\\\/bucuresti\\\/\",\"logo\":{\"@type\":\"ImageObject\",\"inLanguage\":\"en-GB\",\"@id\":\"https:\\\/\\\/buletin.de\\\/bucuresti\\\/#\\\/schema\\\/logo\\\/image\\\/\",\"url\":\"https:\\\/\\\/buletin.de\\\/bucuresti\\\/wp-content\\\/uploads\\\/logo-bdb-full-wide-vernil-transparent.png\",\"contentUrl\":\"https:\\\/\\\/buletin.de\\\/bucuresti\\\/wp-content\\\/uploads\\\/logo-bdb-full-wide-vernil-transparent.png\",\"width\":1782,\"height\":626,\"caption\":\"Buletin de Bucure\u0219ti\"},\"image\":{\"@id\":\"https:\\\/\\\/buletin.de\\\/bucuresti\\\/#\\\/schema\\\/logo\\\/image\\\/\"},\"sameAs\":[\"https:\\\/\\\/www.facebook.com\\\/buletin.de.buc\",\"https:\\\/\\\/www.instagram.com\\\/buletinde.bucuresti\\\/\"]},{\"@type\":\"Person\",\"@id\":\"https:\\\/\\\/buletin.de\\\/bucuresti\\\/#\\\/schema\\\/person\\\/7e46040573290777280a0835d81ea4ea\",\"name\":\"Diana Matei\",\"image\":{\"@type\":\"ImageObject\",\"inLanguage\":\"en-GB\",\"@id\":\"https:\\\/\\\/buletin.de\\\/bucuresti\\\/wp-content\\\/uploads\\\/9-2-96x96.jpg1e8590b30871d70e62ebcdaf2eff570c\",\"url\":\"https:\\\/\\\/buletin.de\\\/bucuresti\\\/wp-content\\\/uploads\\\/9-2-96x96.jpg\",\"contentUrl\":\"https:\\\/\\\/buletin.de\\\/bucuresti\\\/wp-content\\\/uploads\\\/9-2-96x96.jpg\",\"caption\":\"Diana Matei\"},\"url\":\"https:\\\/\\\/buletin.de\\\/bucuresti\\\/author\\\/dianamatei\\\/\"}]}<\/script>\n<!-- \/ Yoast SEO Premium plugin. -->","yoast_head_json":{"title":"Meciul Rapid \u2013 Hermanstadt prelunge\u0219te traseele a patru linii STB - Buletin de Bucure\u0219ti","description":"Meciul Rapid \u2013 Hermanstadt. Traseele liniilor 11, 44, 163 \u0219i 178\u00a0vor fi prelungite luni, 4 noiembrie, pentru meci.","robots":{"index":"index","follow":"follow","max-snippet":"max-snippet:-1","max-image-preview":"max-image-preview:large","max-video-preview":"max-video-preview:-1"},"canonical":"https:\/\/buletin.de\/bucuresti\/meciul-rapid-hermanstadt\/","og_locale":"en_GB","og_type":"article","og_title":"Meciul Rapid \u2013 Hermanstadt prelunge\u0219te traseele a patru linii STB","og_description":"Meciul Rapid \u2013 Hermanstadt. Traseele liniilor 11, 44, 163 \u0219i 178\u00a0vor fi prelungite luni, 4 noiembrie, pentru meci.","og_url":"https:\/\/buletin.de\/bucuresti\/meciul-rapid-hermanstadt\/","og_site_name":"Buletin de Bucure\u0219ti","article_publisher":"https:\/\/www.facebook.com\/buletin.de.buc","article_published_time":"2024-11-02T09:39:29+00:00","article_modified_time":"2024-11-02T09:39:45+00:00","og_image":[{"width":900,"height":569,"url":"https:\/\/buletin.de\/bucuresti\/wp-content\/uploads\/Stadion-Giulesti-Rapid-900x569.png","type":"image\/png"}],"author":"Diana Matei","twitter_card":"summary_large_image","twitter_misc":{"Written by":"Diana Matei","Estimated reading time":"3 minutes"},"schema":{"@context":"https:\/\/schema.org","@graph":[{"@type":"Article","@id":"https:\/\/buletin.de\/bucuresti\/meciul-rapid-hermanstadt\/#article","isPartOf":{"@id":"https:\/\/buletin.de\/bucuresti\/meciul-rapid-hermanstadt\/"},"author":{"name":"Diana Matei","@id":"https:\/\/buletin.de\/bucuresti\/#\/schema\/person\/7e46040573290777280a0835d81ea4ea"},"headline":"Meciul Rapid \u2013 Hermanstadt prelunge\u0219te traseele a patru linii STB","datePublished":"2024-11-02T09:39:29+00:00","dateModified":"2024-11-02T09:39:45+00:00","mainEntityOfPage":{"@id":"https:\/\/buletin.de\/bucuresti\/meciul-rapid-hermanstadt\/"},"wordCount":509,"publisher":{"@id":"https:\/\/buletin.de\/bucuresti\/#organization"},"image":{"@id":"https:\/\/buletin.de\/bucuresti\/meciul-rapid-hermanstadt\/#primaryimage"},"thumbnailUrl":"https:\/\/buletin.de\/bucuresti\/wp-content\/uploads\/Stadion-Giulesti-Rapid.png","keywords":["linia 11","linia 163","linia 178","linia 44","Rapid \u2013 Hermanstadt","tpbi"],"articleSection":["Articole","\u0218tiri","Transport"],"inLanguage":"en-GB","copyrightYear":"2024","copyrightHolder":{"@id":"https:\/\/buletin.de\/bucuresti\/#organization"}},{"@type":"WebPage","@id":"https:\/\/buletin.de\/bucuresti\/meciul-rapid-hermanstadt\/","url":"https:\/\/buletin.de\/bucuresti\/meciul-rapid-hermanstadt\/","name":"Meciul Rapid \u2013 Hermanstadt prelunge\u0219te traseele a patru linii STB - Buletin de Bucure\u0219ti","isPartOf":{"@id":"https:\/\/buletin.de\/bucuresti\/#website"},"primaryImageOfPage":{"@id":"https:\/\/buletin.de\/bucuresti\/meciul-rapid-hermanstadt\/#primaryimage"},"image":{"@id":"https:\/\/buletin.de\/bucuresti\/meciul-rapid-hermanstadt\/#primaryimage"},"thumbnailUrl":"https:\/\/buletin.de\/bucuresti\/wp-content\/uploads\/Stadion-Giulesti-Rapid.png","datePublished":"2024-11-02T09:39:29+00:00","dateModified":"2024-11-02T09:39:45+00:00","description":"Meciul Rapid \u2013 Hermanstadt. Traseele liniilor 11, 44, 163 \u0219i 178\u00a0vor fi prelungite luni, 4 noiembrie, pentru meci.","breadcrumb":{"@id":"https:\/\/buletin.de\/bucuresti\/meciul-rapid-hermanstadt\/#breadcrumb"},"inLanguage":"en-GB","potentialAction":[{"@type":"ReadAction","target":["https:\/\/buletin.de\/bucuresti\/meciul-rapid-hermanstadt\/"]}]},{"@type":"ImageObject","inLanguage":"en-GB","@id":"https:\/\/buletin.de\/bucuresti\/meciul-rapid-hermanstadt\/#primaryimage","url":"https:\/\/buletin.de\/bucuresti\/wp-content\/uploads\/Stadion-Giulesti-Rapid.png","contentUrl":"https:\/\/buletin.de\/bucuresti\/wp-content\/uploads\/Stadion-Giulesti-Rapid.png","width":2000,"height":1265,"caption":"Meciul Rapid \u2013 Hermanstadt prelunge\u0219te traseele a patru linii STB. FOTO: TPBI"},{"@type":"BreadcrumbList","@id":"https:\/\/buletin.de\/bucuresti\/meciul-rapid-hermanstadt\/#breadcrumb","itemListElement":[{"@type":"ListItem","position":1,"name":"Acas\u0103","item":"https:\/\/buletin.de\/bucuresti\/"},{"@type":"ListItem","position":2,"name":"Meciul Rapid \u2013 Hermanstadt prelunge\u0219te traseele a patru linii STB"}]},{"@type":"WebSite","@id":"https:\/\/buletin.de\/bucuresti\/#website","url":"https:\/\/buletin.de\/bucuresti\/","name":"Buletin de Bucure\u0219ti","description":"\u0218tiri \u0219i investiga\u021bii esen\u021biale din capital\u0103","publisher":{"@id":"https:\/\/buletin.de\/bucuresti\/#organization"},"potentialAction":[{"@type":"SearchAction","target":{"@type":"EntryPoint","urlTemplate":"https:\/\/buletin.de\/bucuresti\/?s={search_term_string}"},"query-input":{"@type":"PropertyValueSpecification","valueRequired":true,"valueName":"search_term_string"}}],"inLanguage":"en-GB"},{"@type":"Organization","@id":"https:\/\/buletin.de\/bucuresti\/#organization","name":"Buletin de Bucure\u0219ti","url":"https:\/\/buletin.de\/bucuresti\/","logo":{"@type":"ImageObject","inLanguage":"en-GB","@id":"https:\/\/buletin.de\/bucuresti\/#\/schema\/logo\/image\/","url":"https:\/\/buletin.de\/bucuresti\/wp-content\/uploads\/logo-bdb-full-wide-vernil-transparent.png","contentUrl":"https:\/\/buletin.de\/bucuresti\/wp-content\/uploads\/logo-bdb-full-wide-vernil-transparent.png","width":1782,"height":626,"caption":"Buletin de Bucure\u0219ti"},"image":{"@id":"https:\/\/buletin.de\/bucuresti\/#\/schema\/logo\/image\/"},"sameAs":["https:\/\/www.facebook.com\/buletin.de.buc","https:\/\/www.instagram.com\/buletinde.bucuresti\/"]},{"@type":"Person","@id":"https:\/\/buletin.de\/bucuresti\/#\/schema\/person\/7e46040573290777280a0835d81ea4ea","name":"Diana Matei","image":{"@type":"ImageObject","inLanguage":"en-GB","@id":"https:\/\/buletin.de\/bucuresti\/wp-content\/uploads\/9-2-96x96.jpg1e8590b30871d70e62ebcdaf2eff570c","url":"https:\/\/buletin.de\/bucuresti\/wp-content\/uploads\/9-2-96x96.jpg","contentUrl":"https:\/\/buletin.de\/bucuresti\/wp-content\/uploads\/9-2-96x96.jpg","caption":"Diana Matei"},"url":"https:\/\/buletin.de\/bucuresti\/author\/dianamatei\/"}]}},"authors":[{"term_id":22574,"user_id":49,"is_guest":0,"slug":"dianamatei","display_name":"Diana Matei","avatar_url":"https:\/\/buletin.de\/bucuresti\/wp-content\/uploads\/9-2-96x96.jpg","0":null,"1":"","2":"","3":"","4":"","5":"","6":"","7":"","8":""}],"_links":{"self":[{"href":"https:\/\/buletin.de\/bucuresti\/wp-json\/wp\/v2\/posts\/104716","targetHints":{"allow":["GET"]}}],"collection":[{"href":"https:\/\/buletin.de\/bucuresti\/wp-json\/wp\/v2\/posts"}],"about":[{"href":"https:\/\/buletin.de\/bucuresti\/wp-json\/wp\/v2\/types\/post"}],"author":[{"embeddable":true,"href":"https:\/\/buletin.de\/bucuresti\/wp-json\/wp\/v2\/users\/49"}],"replies":[{"embeddable":true,"href":"https:\/\/buletin.de\/bucuresti\/wp-json\/wp\/v2\/comments?post=104716"}],"version-history":[{"count":3,"href":"https:\/\/buletin.de\/bucuresti\/wp-json\/wp\/v2\/posts\/104716\/revisions"}],"predecessor-version":[{"id":104722,"href":"https:\/\/buletin.de\/bucuresti\/wp-json\/wp\/v2\/posts\/104716\/revisions\/104722"}],"wp:featuredmedia":[{"embeddable":true,"href":"https:\/\/buletin.de\/bucuresti\/wp-json\/wp\/v2\/media\/104719"}],"wp:attachment":[{"href":"https:\/\/buletin.de\/bucuresti\/wp-json\/wp\/v2\/media?parent=104716"}],"wp:term":[{"taxonomy":"category","embeddable":true,"href":"https:\/\/buletin.de\/bucuresti\/wp-json\/wp\/v2\/categories?post=104716"},{"taxonomy":"post_tag","embeddable":true,"href":"https:\/\/buletin.de\/bucuresti\/wp-json\/wp\/v2\/tags?post=104716"},{"taxonomy":"author","embeddable":true,"href":"https:\/\/buletin.de\/bucuresti\/wp-json\/wp\/v2\/ppma_author?post=104716"}],"curies":[{"name":"wp","href":"https:\/\/api.w.org\/{rel}","templated":true}]}}