{"id":104626,"date":"2024-11-02T07:00:00","date_gmt":"2024-11-02T04:00:00","guid":{"rendered":"https:\/\/buletin.de\/bucuresti\/?p=104626"},"modified":"2024-12-22T11:33:42","modified_gmt":"2024-12-22T08:33:42","slug":"craciun-pe-bani-publici-peste-85-000-de-euro-pentru-inchiererea-montarea-si-demontarea-luminitelor-de-craciun-in-otopeni-si-tunari","status":"publish","type":"post","link":"https:\/\/buletin.de\/bucuresti\/craciun-pe-bani-publici-peste-85-000-de-euro-pentru-inchiererea-montarea-si-demontarea-luminitelor-de-craciun-in-otopeni-si-tunari\/","title":{"rendered":"Cr\u0103ciun pe bani publici | Peste 85.000 de euro pentru \u00eenchirierea, montarea \u0219i demontarea lumini\u021belor de Cr\u0103ciun \u00een Otopeni \u0219i Tunari"},"content":{"rendered":"\n<p><strong>Prim\u0103ria Otopeni, condus\u0103 de liberalul Sliviu Gheorghe, a \u00eencheiat  \u00een a doua jum\u0103tate a lunii octombrie <a href=\"https:\/\/e-licitatie.ro\/pub\/direct-acquisition\/view\/118238583\">un contract<\/a> pentru servicii de montare \u0219i demontare a iluminatului festiv pentru s\u0103rb\u0103torile de iarn\u0103. <\/strong><\/p>\n\n\n\n<p><strong>Contractul a fost atribuit direct firmei care <a href=\"https:\/\/buletin.de\/bucuresti\/craciunul-in-ilfov-luminite-de-2-milioane-de-lei\/\">aproape an de an<\/a> prime\u0219te bani pentru montarea \u0219i demontarea lumini\u021belor care \u00eemp\u00e2nzesc ora\u0219ul de Cr\u0103ciun. Serviciile prestate de Adrian Electro Lighting SRL vor scoate din vistieria local\u0103 aproximativ <mark style=\"background-color:rgba(0, 0, 0, 0)\" class=\"has-inline-color has-vivid-red-color\">33.000 de euro.<\/mark> <\/strong><\/p>\n\n\n\n<p><strong>De ace\u0219ti bani vor fi montate 570 de instala\u021bii \u0219i perdele luminoase, dar \u0219i 24 de figurine 3D. Un calcul simplu ne arat\u0103 c\u0103, \u00een medie, montarea \u0219i de demontarea unei instala\u021bii dep\u0103\u0219e\u0219te 55 de euro. <\/strong><\/p>\n\n\n\n<p><strong>Prim\u0103ria Tunari s-a al\u0103turat cheltuielilor din bani publici pentru s\u0103rb\u0103torile de iarn\u0103. \u00cenc\u0103 din luna august, comuna ilfovean\u0103 <a href=\"https:\/\/e-licitatie.ro\/pub\/direct-acquisition\/view\/117856358\">a \u00eencheiat un contract <\/a>de <mark style=\"background-color:rgba(0, 0, 0, 0)\" class=\"has-inline-color has-vivid-red-color\">52.000 de euro <\/mark>cu acela\u0219i SRL pentru \u00eenchirierea, montarea \u0219i demontare lumini\u021belor de Cr\u0103ciun. <\/strong><\/p>\n\n\n<div class=\"wp-block-image\">\n<figure class=\"aligncenter size-full\"><img fetchpriority=\"high\" decoding=\"async\" width=\"1356\" height=\"1101\" src=\"data:image\/gif;base64,R0lGODlhAQABAAAAACH5BAEKAAEALAAAAAABAAEAAAICTAEAOw==\" data-src=\"https:\/\/buletin.de\/bucuresti\/wp-content\/uploads\/image-937-2.png\" alt=\"\" class=\"wp-image-104628 lazyload\" data-sizes=\"auto\" data-srcset=\"https:\/\/buletin.de\/bucuresti\/wp-content\/uploads\/image-937-2.png 1356w, https:\/\/buletin.de\/bucuresti\/wp-content\/uploads\/image-937-2-300x244.png 300w, https:\/\/buletin.de\/bucuresti\/wp-content\/uploads\/image-937-2-900x731.png 900w, https:\/\/buletin.de\/bucuresti\/wp-content\/uploads\/image-937-2-768x624.png 768w, https:\/\/buletin.de\/bucuresti\/wp-content\/uploads\/image-937-2-1100x893.png 1100w, https:\/\/buletin.de\/bucuresti\/wp-content\/uploads\/image-937-2-600x487.png 600w, https:\/\/buletin.de\/bucuresti\/wp-content\/uploads\/image-937-2-20x16.png 20w\" sizes=\"(max-width: 1356px) 100vw, 1356px\" \/><figcaption class=\"wp-element-caption\"><em><mark style=\"background-color:rgba(0, 0, 0, 0)\" class=\"has-inline-color has-white-color\">Lumini\u021be de Cr\u0103ciun montate anii trecu\u021bi de prim\u0103ria condus\u0103 de Silviu Gheorghe. Surs\u0103 Foto: Facebook \/ Otopeni.<\/mark><\/em><\/figcaption><\/figure>\n<\/div>\n\n\n<h2 class=\"wp-block-heading has-text-align-center\" id=\"h-zeci-de-mii-de-euro-pentru-montarea-\u0219i-demontarea-lumini\u021belor-de-craciun\"><strong>Zeci de mii de euro pentru montarea \u0219i demontarea lumini\u021belor de Cr\u0103ciun <\/strong><\/h2>\n\n\n\n<p>An de an, cu c\u00e2teva luni \u00eenainte de s\u0103rb\u0103torile de iarn\u0103, prim\u0103riile din \u00eentreaga \u021bar\u0103 cheltuiesc sute de mii de euro din bani publici pentru a \u00eempodobi cu lumini\u021be \u0219i brazi ora\u0219ele \u0219i satele Rom\u00e2niei. <\/p>\n\n\n\n<p>Practica devenit\u0103 deja o tradi\u021bie nu face excep\u021bie \u00een Capital\u0103 \u0219i zona metropolitan\u0103, chiar dimpotriv\u0103, cheltuielile tematice pentru Cr\u0103ciun sunt mai ridicate dec\u00e2t \u00een multe alte locuri.<\/p>\n\n\n\n<p>Ora\u0219ul Otopeni, condus \u00eenc\u0103 din 1996 de liberalul Silviu Gheorghe, \u0219i-a creat \u00een ultimii ani un obicei \u00een a cheltui zeci de mii de euro pentru \u00eempodobirea ora\u0219ului cu lumini\u021be, \u00een apropierea s\u0103rb\u0103torilor de iarn\u0103. <\/p>\n\n\n\n<p><strong>Pe 21 octombrie, pe Sistemul Electronic de Achizi\u021bii Publice (SEAP), Prim\u0103ria Otopeni a \u00eencheiat primul contract dedicat Cr\u0103ciunului din acest an. Este vorba despre servicii de montare \u0219i demontare a iluminatului festiv, pentru care vor pleca din bugetul local al ora\u0219ului-aeroport peste 33.000 de euro.<\/strong><\/p>\n\n\n\n<p>De ace\u0219i bani vor fi montate, conform descrierii contractului, 570 de instala\u021bii, \u0219iruri \u0219i perdele luminoase, dar \u0219i 24 de figurine 3D. Mai mult, firma care va presta serviciile se va ocupa \u0219i de mentenan\u021ba lumini\u021belor \u0219i buna lor func\u021bionare, iar \u00een cazul defec\u021biunilor <em>\u201eva interveni rapid \u00een teren\u201d<\/em> pentru repara\u021bii. <\/p>\n\n\n<div class=\"wp-block-image\">\n<figure class=\"aligncenter size-full\"><a href=\"https:\/\/buletin.de\/bucuresti\/wp-content\/uploads\/Screenshot-2024-11-01-at-12.16.55.png\"><img decoding=\"async\" width=\"2000\" height=\"845\" src=\"data:image\/gif;base64,R0lGODlhAQABAAAAACH5BAEKAAEALAAAAAABAAEAAAICTAEAOw==\" data-src=\"https:\/\/buletin.de\/bucuresti\/wp-content\/uploads\/Screenshot-2024-11-01-at-12.16.55.png\" alt=\"\" class=\"wp-image-104638 lazyload\" data-sizes=\"auto\" data-srcset=\"https:\/\/buletin.de\/bucuresti\/wp-content\/uploads\/Screenshot-2024-11-01-at-12.16.55.png 2000w, https:\/\/buletin.de\/bucuresti\/wp-content\/uploads\/Screenshot-2024-11-01-at-12.16.55-300x127.png 300w, https:\/\/buletin.de\/bucuresti\/wp-content\/uploads\/Screenshot-2024-11-01-at-12.16.55-900x380.png 900w, https:\/\/buletin.de\/bucuresti\/wp-content\/uploads\/Screenshot-2024-11-01-at-12.16.55-768x324.png 768w, https:\/\/buletin.de\/bucuresti\/wp-content\/uploads\/Screenshot-2024-11-01-at-12.16.55-1536x649.png 1536w, https:\/\/buletin.de\/bucuresti\/wp-content\/uploads\/Screenshot-2024-11-01-at-12.16.55-1600x676.png 1600w, https:\/\/buletin.de\/bucuresti\/wp-content\/uploads\/Screenshot-2024-11-01-at-12.16.55-1100x465.png 1100w, https:\/\/buletin.de\/bucuresti\/wp-content\/uploads\/Screenshot-2024-11-01-at-12.16.55-600x254.png 600w, https:\/\/buletin.de\/bucuresti\/wp-content\/uploads\/Screenshot-2024-11-01-at-12.16.55-20x8.png 20w\" sizes=\"(max-width: 2000px) 100vw, 2000px\" \/><\/a><figcaption class=\"wp-element-caption\"><em><mark style=\"background-color:rgba(0, 0, 0, 0)\" class=\"has-inline-color has-white-color\">Captur\u0103 de ecran cu contractul de achizi\u021bii publice pentru montarea \u0219i demontarea lumini\u021belor de cr\u0103ciun publicat de Prim\u0103ria Otopeni. Surs\u0103: <a href=\"https:\/\/e-licitatie.ro\/pub\/direct-acquisition\/view\/118238583\">SEAP<\/a>. <\/mark><\/em><\/figcaption><\/figure>\n<\/div>\n\n\n<p>Banii vor ajunge la Adrian Electro Lighting SRL, \u00eenfiin\u021bat\u0103 \u00een 2013 de c\u0103tre Mihai Feraru \u0219i al\u021bi doi afaceri\u0219ti. SRL-ul, care a declarat anul trecut nou\u0103 angaja\u021bi la Ministerul de FInan\u021be Publice, are domiciliul la adresa lui Mihai Feraru, adic\u0103 \u00eentr-un apartament de pe strada Od\u0103ii din Otopeni.<\/p>\n\n\n\n<p>\u00cen 2023, profitul declarat de Adrian Electro Lighting SRL dep\u0103\u0219e\u0219te 300.000 de lei, cam aproximativ jum\u0103tate din valoarea contractului pentru montarea \u0219i demontarea lumini\u021belor de Cr\u0103ciun primt de la Prim\u0103ria condus\u0103 de Silviu Gheorghe.<\/p>\n\n\n\n<h2 class=\"wp-block-heading has-text-align-center\" id=\"h-tunari-o-poveste-aproape-trasa-la-indigo\"><strong>Tunari, o poveste aproape tras\u0103 la indigo <\/strong><\/h2>\n\n\n\n<p><strong>\u00cenainte ca toamna s\u0103-\u0219i fac\u0103 apari\u021bia, Prim\u0103ria din Tunari s-a asigurat ca locuitorii comunei ilfovene vor avea parte de lumini\u021be \u0219i ornamente tematice pe strad\u0103.<\/strong><\/p>\n\n\n\n<p>Oficialii comunei au \u00eencheiat un contract de peste 52.000 de euro pentru \u00eenchirierea, montare \u0219i demontare lumini\u021belor de Cr\u0103ciun chiar cu Adrian Electro Lighting SRL. Contractul a fost atribuit direct SRL-ului cu care a lucrat \u0219i prim\u0103ria vecin\u0103, din Otopeni. <\/p>\n\n\n\n<p>La fel ca \u00een cazul ora\u0219ului aeroport, firma se va ocupa inclusiv de serviciile de mentenan\u021b\u0103 a instala\u021biilor luminoase, iar \u00een cazul unor defec\u021biuni va interveni \u201erapid \u00een teren\u201d pentru repara\u021bii. <\/p>\n\n\n\n<p>Totu\u0219i, din descrierea contractului de achizi\u021bie publicat de Prim\u0103ria Tunari lipsesc detaliile despre num\u0103rul de instala\u021bii \u0219i ornamente care au fost \u00eenchiriate de la Adrian Electro Lighting SRL.<\/p>\n\n\n<div class=\"wp-block-image\">\n<figure class=\"aligncenter size-full\"><a href=\"https:\/\/buletin.de\/bucuresti\/wp-content\/uploads\/Screenshot-2024-11-01-at-13.06.24.png\"><img decoding=\"async\" width=\"2000\" height=\"883\" src=\"data:image\/gif;base64,R0lGODlhAQABAAAAACH5BAEKAAEALAAAAAABAAEAAAICTAEAOw==\" data-src=\"https:\/\/buletin.de\/bucuresti\/wp-content\/uploads\/Screenshot-2024-11-01-at-13.06.24.png\" alt=\"\" class=\"wp-image-104641 lazyload\" data-sizes=\"auto\" data-srcset=\"https:\/\/buletin.de\/bucuresti\/wp-content\/uploads\/Screenshot-2024-11-01-at-13.06.24.png 2000w, https:\/\/buletin.de\/bucuresti\/wp-content\/uploads\/Screenshot-2024-11-01-at-13.06.24-300x132.png 300w, https:\/\/buletin.de\/bucuresti\/wp-content\/uploads\/Screenshot-2024-11-01-at-13.06.24-900x397.png 900w, https:\/\/buletin.de\/bucuresti\/wp-content\/uploads\/Screenshot-2024-11-01-at-13.06.24-768x339.png 768w, https:\/\/buletin.de\/bucuresti\/wp-content\/uploads\/Screenshot-2024-11-01-at-13.06.24-1536x678.png 1536w, https:\/\/buletin.de\/bucuresti\/wp-content\/uploads\/Screenshot-2024-11-01-at-13.06.24-1600x706.png 1600w, https:\/\/buletin.de\/bucuresti\/wp-content\/uploads\/Screenshot-2024-11-01-at-13.06.24-1100x486.png 1100w, https:\/\/buletin.de\/bucuresti\/wp-content\/uploads\/Screenshot-2024-11-01-at-13.06.24-600x265.png 600w, https:\/\/buletin.de\/bucuresti\/wp-content\/uploads\/Screenshot-2024-11-01-at-13.06.24-20x9.png 20w\" sizes=\"(max-width: 2000px) 100vw, 2000px\" \/><\/a><figcaption class=\"wp-element-caption\"><em><mark style=\"background-color:rgba(0, 0, 0, 0)\" class=\"has-inline-color has-white-color\">Captur\u0103 de ecran cu contractul de achizi\u021bii publice pentru \u00eenchirierea, montarea \u0219i demontarea lumini\u021belor de cr\u0103ciun publicat de Prim\u0103ria Tunari. Surs\u0103: <a href=\"https:\/\/e-licitatie.ro\/pub\/direct-acquisition\/view\/117856358\">SEAP<\/a>. <\/mark><\/em><\/figcaption><\/figure>\n<\/div>\n\n\n<h2 class=\"wp-block-heading has-text-align-center\" id=\"h-contracte-cu-repeti\u021bie-in-prag-de-iarna\"><strong>Contracte cu repeti\u021bie, \u00een prag de iarn\u0103 <\/strong><\/h2>\n\n\n\n<p><strong>Nu este prima data c\u00e2nd firma din Otopeni prime\u0219te contracte pentru servicii de montare \u0219i demontare a iluminatului festiv de la ora\u0219ul-aeroport. <\/strong><\/p>\n\n\n\n<p><a href=\"https:\/\/hotnews.ro\/ct-platesc-cele-mai-mari-orase-din-romnia-pentru-luminitele-de-craciun-31398\">HotNews.ro<\/a> a ar\u0103tat anul trecut c\u0103 Adrian Electro Lighting SRL \u00eempreun\u0103 cu o alt\u0103 firm\u0103 a primit dou\u0103 contracte de circa 269.000 lei&nbsp;pentru \u00eenchirierea \u0219i montarea\/demontarea lumini\u021belor.<\/p>\n\n\n\n<p>\u00cen 2023, acela\u0219i SRL a asigurat montarea \u0219i demontarea iluminatului festiv pentru Comuna Tunari din Ilfov. <\/p>\n\n\n\n<p><strong>\u00cen trecut, Buletin de Bucure\u0219ti a scris despre cum Prim\u0103ria Otopeni a acordat contracte similare acestei firme. De exemplu,<a href=\"https:\/\/buletin.de\/bucuresti\/craciunul-in-ilfov-luminite-de-2-milioane-de-lei\/\"> \u00een 2021 <\/a>a primit de la prim\u0103ria liberalului Silviu Gheorghe&nbsp;135.000 de lei tot prin achizi\u021bie direct\u0103 pentru acela\u0219i tip de serviciu.&nbsp;<\/strong><\/p>\n\n\n\n<p>De asemenea,<a href=\"https:\/\/buletin.de\/bucuresti\/in-plina-pandemie-primaria-otopeni-a-dat-peste-50-mii-de-euro-pentru-decoratiuni-de-craciun-si-peste-20-mii-de-euro-pe-steaguri\/\"> \u00een 2020<\/a>, \u00een plin\u0103 pandemie de COVID-19, compania \u00eenfiin\u021bat\u0103 de Mihai Feraru a primit al\u021bi 133.000 de lei pentru montarea \u0219i demontarea lumini\u021belor de Cr\u0103ciun. Electro Adrian Lighting SRL a fost contractat\u0103 at\u00e2t \u00een 2018, c\u00e2t \u0219i \u00een 2019 pentru a se ocupa de ornamentele de Cr\u0103ciun.<\/p>\n\n\n\n<p><strong>CITE\u0218TE \u0218I: <\/strong><\/p>\n\n\n\n<p><strong><a href=\"https:\/\/buletin.de\/bucuresti\/investigatie-craciun-din-bani-publici-50-000-de-euro-pentru-curtea-ps1-si-pentru-copacii-mutilati-din-parcul-bazilescu-pentru-o-firma-controlata-de-un-offshore-din-cipru-un-ren\/\" target=\"_blank\" rel=\"noreferrer noopener\">INVESTIGA\u021aIE | Cr\u0103ciun din bani publici: 50.000 de euro pentru curtea PS1 \u0219i pentru copacii \u201emutila\u021bi\u201d din Parcul Bazilescu, printr-o firm\u0103 controlat\u0103 de un offshore din Cipru. Un ren 3D \u00eemprumutat cost\u0103 130 de euro pe zi&nbsp;<\/a><\/strong><\/p>\n\n\n\n<p><strong><a href=\"https:\/\/buletin.de\/bucuresti\/craciun-pe-bani-publici-montarea-si-demontarea-bradului-hibrid-din-piata-constitutiei-costa-peste-33-000-de-euro\/\" target=\"_blank\" rel=\"noreferrer noopener\">Cr\u0103ciun pe bani publici | Montarea \u0219i demontarea bradului \u201ehibrid\u201d din Pia\u021ba Constitu\u021biei cost\u0103 peste 33.000 de euro<\/a><\/strong><\/p>\n\n\n\n<p><strong><a href=\"https:\/\/buletin.de\/bucuresti\/craciun-din-bani-publici-licitatie-de-500-000-de-euro-pentru-luminitele-si-ornamentele-stradale\/\" target=\"_blank\" rel=\"noreferrer noopener\">Cr\u0103ciun din bani publici | Licita\u0163ie de 500.000 de euro pentru lumini\u021bele \u015fi ornamentele stradale<br><\/a><\/strong><\/p>\n","protected":false},"excerpt":{"rendered":"<p>Prim\u0103ria Otopeni, condus\u0103 de liberalul Sliviu Gheorghe, a \u00eencheiat \u00een a doua jum\u0103tate a lunii octombrie un contract pentru servicii de montare \u0219i demontare a iluminatului festiv pentru s\u0103rb\u0103torile de iarn\u0103. Contractul a fost atribuit direct firmei care aproape an de an prime\u0219te bani pentru montarea \u0219i demontarea lumini\u021belor care \u00eemp\u00e2nzesc ora\u0219ul de Cr\u0103ciun. Serviciile [&hellip;]<\/p>\n","protected":false},"author":17,"featured_media":104642,"comment_status":"closed","ping_status":"open","sticky":false,"template":"","format":"standard","meta":{"_acf_changed":false,"inline_featured_image":false,"ngg_post_thumbnail":0,"footnotes":""},"categories":[6994,1432,5762],"tags":[282,9,419,16486,820,1878,420,16412,750,16484,16485,16488,233,1653],"ppma_author":[22576],"class_list":["post-104626","post","type-post","status-publish","format-standard","has-post-thumbnail","hentry","category-stiri-2","category-buletin-de-ilfov","category-main","tag-bani-publici","tag-bucuresti","tag-craciun","tag-craciun-pe-bani-publici","tag-ilfov","tag-iluminat-festiv","tag-luminite","tag-luminite-craciun","tag-otopeni","tag-primaria-otopeni","tag-primaria-tunari","tag-sarbatori-de-iarna","tag-seap","tag-tunari"],"acf":[],"yoast_head":"<!-- This site is optimized with the Yoast SEO Premium plugin v25.3 (Yoast SEO v27.5) - https:\/\/yoast.com\/product\/yoast-seo-premium-wordpress\/ -->\n<title>Cr\u0103ciun pe bani publici | Peste 85.000 de euro pentru \u00eenchirierea, montarea \u0219i demontarea lumini\u021belor de Cr\u0103ciun \u00een Otopeni \u0219i Tunari - Buletin de Bucure\u0219ti<\/title>\n<meta name=\"description\" content=\"Peste 85.000 de euro pentru \u00eenchiererea, montarea \u0219i demontarea lumini\u021belor de Cr\u0103ciun \u00een Otopeni \u0219i Tunari.\" \/>\n<meta name=\"robots\" content=\"index, follow, max-snippet:-1, max-image-preview:large, max-video-preview:-1\" \/>\n<link rel=\"canonical\" href=\"https:\/\/buletin.de\/bucuresti\/craciun-pe-bani-publici-peste-85-000-de-euro-pentru-inchiererea-montarea-si-demontarea-luminitelor-de-craciun-in-otopeni-si-tunari\/\" \/>\n<meta property=\"og:locale\" content=\"en_GB\" \/>\n<meta property=\"og:type\" content=\"article\" \/>\n<meta property=\"og:title\" content=\"Cr\u0103ciun pe bani publici | Peste 85.000 de euro pentru \u00eenchirierea, montarea \u0219i demontarea lumini\u021belor de Cr\u0103ciun \u00een Otopeni \u0219i Tunari\" \/>\n<meta property=\"og:description\" content=\"Peste 85.000 de euro pentru \u00eenchiererea, montarea \u0219i demontarea lumini\u021belor de Cr\u0103ciun \u00een Otopeni \u0219i Tunari.\" \/>\n<meta property=\"og:url\" content=\"https:\/\/buletin.de\/bucuresti\/craciun-pe-bani-publici-peste-85-000-de-euro-pentru-inchiererea-montarea-si-demontarea-luminitelor-de-craciun-in-otopeni-si-tunari\/\" \/>\n<meta property=\"og:site_name\" content=\"Buletin de Bucure\u0219ti\" \/>\n<meta property=\"article:publisher\" content=\"https:\/\/www.facebook.com\/buletin.de.buc\" \/>\n<meta property=\"article:published_time\" content=\"2024-11-02T04:00:00+00:00\" \/>\n<meta property=\"article:modified_time\" content=\"2024-12-22T08:33:42+00:00\" \/>\n<meta property=\"og:image\" content=\"https:\/\/buletin.de\/bucuresti\/wp-content\/uploads\/ID239154_INQUAM_Photos_Virgil_Simonescu.jpg\" \/>\n\t<meta property=\"og:image:width\" content=\"2000\" \/>\n\t<meta property=\"og:image:height\" content=\"1333\" \/>\n\t<meta property=\"og:image:type\" content=\"image\/jpeg\" \/>\n<meta name=\"author\" content=\"Florin R\u00e2\u0219teiu\" \/>\n<meta name=\"twitter:card\" content=\"summary_large_image\" \/>\n<meta name=\"twitter:label1\" content=\"Written by\" \/>\n\t<meta name=\"twitter:data1\" content=\"Florin R\u00e2\u0219teiu\" \/>\n\t<meta name=\"twitter:label2\" content=\"Estimated reading time\" \/>\n\t<meta name=\"twitter:data2\" content=\"5 minutes\" \/>\n<script type=\"application\/ld+json\" class=\"yoast-schema-graph\">{\"@context\":\"https:\\\/\\\/schema.org\",\"@graph\":[{\"@type\":\"Article\",\"@id\":\"https:\\\/\\\/buletin.de\\\/bucuresti\\\/craciun-pe-bani-publici-peste-85-000-de-euro-pentru-inchiererea-montarea-si-demontarea-luminitelor-de-craciun-in-otopeni-si-tunari\\\/#article\",\"isPartOf\":{\"@id\":\"https:\\\/\\\/buletin.de\\\/bucuresti\\\/craciun-pe-bani-publici-peste-85-000-de-euro-pentru-inchiererea-montarea-si-demontarea-luminitelor-de-craciun-in-otopeni-si-tunari\\\/\"},\"author\":{\"name\":\"Florin R\u00e2\u0219teiu\",\"@id\":\"https:\\\/\\\/buletin.de\\\/bucuresti\\\/#\\\/schema\\\/person\\\/b0686d7a8b666c6afc78239777fd8a89\"},\"headline\":\"Cr\u0103ciun pe bani publici | Peste 85.000 de euro pentru \u00eenchirierea, montarea \u0219i demontarea lumini\u021belor de Cr\u0103ciun \u00een Otopeni \u0219i Tunari\",\"datePublished\":\"2024-11-02T04:00:00+00:00\",\"dateModified\":\"2024-12-22T08:33:42+00:00\",\"mainEntityOfPage\":{\"@id\":\"https:\\\/\\\/buletin.de\\\/bucuresti\\\/craciun-pe-bani-publici-peste-85-000-de-euro-pentru-inchiererea-montarea-si-demontarea-luminitelor-de-craciun-in-otopeni-si-tunari\\\/\"},\"wordCount\":975,\"publisher\":{\"@id\":\"https:\\\/\\\/buletin.de\\\/bucuresti\\\/#organization\"},\"image\":{\"@id\":\"https:\\\/\\\/buletin.de\\\/bucuresti\\\/craciun-pe-bani-publici-peste-85-000-de-euro-pentru-inchiererea-montarea-si-demontarea-luminitelor-de-craciun-in-otopeni-si-tunari\\\/#primaryimage\"},\"thumbnailUrl\":\"https:\\\/\\\/buletin.de\\\/bucuresti\\\/wp-content\\\/uploads\\\/ID239154_INQUAM_Photos_Virgil_Simonescu.jpg\",\"keywords\":[\"bani publici\",\"bucuresti\",\"craciun\",\"Cr\u0103ciun pe bani publici\",\"Ilfov\",\"iluminat festiv\",\"luminite\",\"lumini\u021be cr\u0103ciun\",\"otopeni\",\"Primaria Otopeni\",\"Prim\u0103ria Tunari\",\"S\u0103rb\u0103tori de iarn\u0103\",\"seap\",\"tunari\"],\"articleSection\":[\"Articole\",\"Buletin de Ilfov\",\"Main\"],\"inLanguage\":\"en-GB\",\"copyrightYear\":\"2024\",\"copyrightHolder\":{\"@id\":\"https:\\\/\\\/buletin.de\\\/bucuresti\\\/#organization\"}},{\"@type\":\"WebPage\",\"@id\":\"https:\\\/\\\/buletin.de\\\/bucuresti\\\/craciun-pe-bani-publici-peste-85-000-de-euro-pentru-inchiererea-montarea-si-demontarea-luminitelor-de-craciun-in-otopeni-si-tunari\\\/\",\"url\":\"https:\\\/\\\/buletin.de\\\/bucuresti\\\/craciun-pe-bani-publici-peste-85-000-de-euro-pentru-inchiererea-montarea-si-demontarea-luminitelor-de-craciun-in-otopeni-si-tunari\\\/\",\"name\":\"Cr\u0103ciun pe bani publici | Peste 85.000 de euro pentru \u00eenchirierea, montarea \u0219i demontarea lumini\u021belor de Cr\u0103ciun \u00een Otopeni \u0219i Tunari - Buletin de Bucure\u0219ti\",\"isPartOf\":{\"@id\":\"https:\\\/\\\/buletin.de\\\/bucuresti\\\/#website\"},\"primaryImageOfPage\":{\"@id\":\"https:\\\/\\\/buletin.de\\\/bucuresti\\\/craciun-pe-bani-publici-peste-85-000-de-euro-pentru-inchiererea-montarea-si-demontarea-luminitelor-de-craciun-in-otopeni-si-tunari\\\/#primaryimage\"},\"image\":{\"@id\":\"https:\\\/\\\/buletin.de\\\/bucuresti\\\/craciun-pe-bani-publici-peste-85-000-de-euro-pentru-inchiererea-montarea-si-demontarea-luminitelor-de-craciun-in-otopeni-si-tunari\\\/#primaryimage\"},\"thumbnailUrl\":\"https:\\\/\\\/buletin.de\\\/bucuresti\\\/wp-content\\\/uploads\\\/ID239154_INQUAM_Photos_Virgil_Simonescu.jpg\",\"datePublished\":\"2024-11-02T04:00:00+00:00\",\"dateModified\":\"2024-12-22T08:33:42+00:00\",\"description\":\"Peste 85.000 de euro pentru \u00eenchiererea, montarea \u0219i demontarea lumini\u021belor de Cr\u0103ciun \u00een Otopeni \u0219i Tunari.\",\"breadcrumb\":{\"@id\":\"https:\\\/\\\/buletin.de\\\/bucuresti\\\/craciun-pe-bani-publici-peste-85-000-de-euro-pentru-inchiererea-montarea-si-demontarea-luminitelor-de-craciun-in-otopeni-si-tunari\\\/#breadcrumb\"},\"inLanguage\":\"en-GB\",\"potentialAction\":[{\"@type\":\"ReadAction\",\"target\":[\"https:\\\/\\\/buletin.de\\\/bucuresti\\\/craciun-pe-bani-publici-peste-85-000-de-euro-pentru-inchiererea-montarea-si-demontarea-luminitelor-de-craciun-in-otopeni-si-tunari\\\/\"]}]},{\"@type\":\"ImageObject\",\"inLanguage\":\"en-GB\",\"@id\":\"https:\\\/\\\/buletin.de\\\/bucuresti\\\/craciun-pe-bani-publici-peste-85-000-de-euro-pentru-inchiererea-montarea-si-demontarea-luminitelor-de-craciun-in-otopeni-si-tunari\\\/#primaryimage\",\"url\":\"https:\\\/\\\/buletin.de\\\/bucuresti\\\/wp-content\\\/uploads\\\/ID239154_INQUAM_Photos_Virgil_Simonescu.jpg\",\"contentUrl\":\"https:\\\/\\\/buletin.de\\\/bucuresti\\\/wp-content\\\/uploads\\\/ID239154_INQUAM_Photos_Virgil_Simonescu.jpg\",\"width\":2000,\"height\":1333,\"caption\":\"Montarea \u0219i demontarea lumini\u021belor de Cr\u0103ciun \u00een Otopeni \u0219i Tunari nu este ieftin\u0103. Foto: Inquam Photos \\\/ Virgil Simonescu\"},{\"@type\":\"BreadcrumbList\",\"@id\":\"https:\\\/\\\/buletin.de\\\/bucuresti\\\/craciun-pe-bani-publici-peste-85-000-de-euro-pentru-inchiererea-montarea-si-demontarea-luminitelor-de-craciun-in-otopeni-si-tunari\\\/#breadcrumb\",\"itemListElement\":[{\"@type\":\"ListItem\",\"position\":1,\"name\":\"Acas\u0103\",\"item\":\"https:\\\/\\\/buletin.de\\\/bucuresti\\\/\"},{\"@type\":\"ListItem\",\"position\":2,\"name\":\"Cr\u0103ciun pe bani publici | Peste 85.000 de euro pentru \u00eenchirierea, montarea \u0219i demontarea lumini\u021belor de Cr\u0103ciun \u00een Otopeni \u0219i Tunari\"}]},{\"@type\":\"WebSite\",\"@id\":\"https:\\\/\\\/buletin.de\\\/bucuresti\\\/#website\",\"url\":\"https:\\\/\\\/buletin.de\\\/bucuresti\\\/\",\"name\":\"Buletin de Bucure\u0219ti\",\"description\":\"\u0218tiri \u0219i investiga\u021bii esen\u021biale din capital\u0103\",\"publisher\":{\"@id\":\"https:\\\/\\\/buletin.de\\\/bucuresti\\\/#organization\"},\"potentialAction\":[{\"@type\":\"SearchAction\",\"target\":{\"@type\":\"EntryPoint\",\"urlTemplate\":\"https:\\\/\\\/buletin.de\\\/bucuresti\\\/?s={search_term_string}\"},\"query-input\":{\"@type\":\"PropertyValueSpecification\",\"valueRequired\":true,\"valueName\":\"search_term_string\"}}],\"inLanguage\":\"en-GB\"},{\"@type\":\"Organization\",\"@id\":\"https:\\\/\\\/buletin.de\\\/bucuresti\\\/#organization\",\"name\":\"Buletin de Bucure\u0219ti\",\"url\":\"https:\\\/\\\/buletin.de\\\/bucuresti\\\/\",\"logo\":{\"@type\":\"ImageObject\",\"inLanguage\":\"en-GB\",\"@id\":\"https:\\\/\\\/buletin.de\\\/bucuresti\\\/#\\\/schema\\\/logo\\\/image\\\/\",\"url\":\"https:\\\/\\\/buletin.de\\\/bucuresti\\\/wp-content\\\/uploads\\\/logo-bdb-full-wide-vernil-transparent.png\",\"contentUrl\":\"https:\\\/\\\/buletin.de\\\/bucuresti\\\/wp-content\\\/uploads\\\/logo-bdb-full-wide-vernil-transparent.png\",\"width\":1782,\"height\":626,\"caption\":\"Buletin de Bucure\u0219ti\"},\"image\":{\"@id\":\"https:\\\/\\\/buletin.de\\\/bucuresti\\\/#\\\/schema\\\/logo\\\/image\\\/\"},\"sameAs\":[\"https:\\\/\\\/www.facebook.com\\\/buletin.de.buc\",\"https:\\\/\\\/www.instagram.com\\\/buletinde.bucuresti\\\/\"]},{\"@type\":\"Person\",\"@id\":\"https:\\\/\\\/buletin.de\\\/bucuresti\\\/#\\\/schema\\\/person\\\/b0686d7a8b666c6afc78239777fd8a89\",\"name\":\"Florin R\u00e2\u0219teiu\",\"image\":{\"@type\":\"ImageObject\",\"inLanguage\":\"en-GB\",\"@id\":\"https:\\\/\\\/buletin.de\\\/bucuresti\\\/wp-content\\\/uploads\\\/Florin-Rasteiu-96x96.jpgf0a6fe28453aa12f0a60e4d0a2e3a78c\",\"url\":\"https:\\\/\\\/buletin.de\\\/bucuresti\\\/wp-content\\\/uploads\\\/Florin-Rasteiu-96x96.jpg\",\"contentUrl\":\"https:\\\/\\\/buletin.de\\\/bucuresti\\\/wp-content\\\/uploads\\\/Florin-Rasteiu-96x96.jpg\",\"caption\":\"Florin R\u00e2\u0219teiu\"},\"description\":\"Jurnalist de investiga\u021bie. Lucreaz\u0103 de aproape 6 ani la Buletin de Bucure\u0219ti, unde a publicat articole care scot la suprafa\u021b\u0103 corup\u021bia din Capital\u0103. Analizeaz\u0103 baze de date zilnic \u0219i scoate pove\u0219ti din exceluri pline de cifre. Pune reflectorul pe adev\u0103r cu fiecare ocazie. A c\u00e2\u0219tigat premiul I la categoria Pres\u0103 Local\u0103 \u00een 2025 \u0219i locul al II-lea la aceea\u0219i categorie \u00een 2024 \u00een cadrul Premiilor Superscrieri pentru jurnalism independent.\",\"url\":\"https:\\\/\\\/buletin.de\\\/bucuresti\\\/author\\\/florinrasteiu\\\/\"}]}<\/script>\n<!-- \/ Yoast SEO Premium plugin. -->","yoast_head_json":{"title":"Cr\u0103ciun pe bani publici | Peste 85.000 de euro pentru \u00eenchirierea, montarea \u0219i demontarea lumini\u021belor de Cr\u0103ciun \u00een Otopeni \u0219i Tunari - Buletin de Bucure\u0219ti","description":"Peste 85.000 de euro pentru \u00eenchiererea, montarea \u0219i demontarea lumini\u021belor de Cr\u0103ciun \u00een Otopeni \u0219i Tunari.","robots":{"index":"index","follow":"follow","max-snippet":"max-snippet:-1","max-image-preview":"max-image-preview:large","max-video-preview":"max-video-preview:-1"},"canonical":"https:\/\/buletin.de\/bucuresti\/craciun-pe-bani-publici-peste-85-000-de-euro-pentru-inchiererea-montarea-si-demontarea-luminitelor-de-craciun-in-otopeni-si-tunari\/","og_locale":"en_GB","og_type":"article","og_title":"Cr\u0103ciun pe bani publici | Peste 85.000 de euro pentru \u00eenchirierea, montarea \u0219i demontarea lumini\u021belor de Cr\u0103ciun \u00een Otopeni \u0219i Tunari","og_description":"Peste 85.000 de euro pentru \u00eenchiererea, montarea \u0219i demontarea lumini\u021belor de Cr\u0103ciun \u00een Otopeni \u0219i Tunari.","og_url":"https:\/\/buletin.de\/bucuresti\/craciun-pe-bani-publici-peste-85-000-de-euro-pentru-inchiererea-montarea-si-demontarea-luminitelor-de-craciun-in-otopeni-si-tunari\/","og_site_name":"Buletin de Bucure\u0219ti","article_publisher":"https:\/\/www.facebook.com\/buletin.de.buc","article_published_time":"2024-11-02T04:00:00+00:00","article_modified_time":"2024-12-22T08:33:42+00:00","og_image":[{"width":2000,"height":1333,"url":"https:\/\/buletin.de\/bucuresti\/wp-content\/uploads\/ID239154_INQUAM_Photos_Virgil_Simonescu.jpg","type":"image\/jpeg"}],"author":"Florin R\u00e2\u0219teiu","twitter_card":"summary_large_image","twitter_misc":{"Written by":"Florin R\u00e2\u0219teiu","Estimated reading time":"5 minutes"},"schema":{"@context":"https:\/\/schema.org","@graph":[{"@type":"Article","@id":"https:\/\/buletin.de\/bucuresti\/craciun-pe-bani-publici-peste-85-000-de-euro-pentru-inchiererea-montarea-si-demontarea-luminitelor-de-craciun-in-otopeni-si-tunari\/#article","isPartOf":{"@id":"https:\/\/buletin.de\/bucuresti\/craciun-pe-bani-publici-peste-85-000-de-euro-pentru-inchiererea-montarea-si-demontarea-luminitelor-de-craciun-in-otopeni-si-tunari\/"},"author":{"name":"Florin R\u00e2\u0219teiu","@id":"https:\/\/buletin.de\/bucuresti\/#\/schema\/person\/b0686d7a8b666c6afc78239777fd8a89"},"headline":"Cr\u0103ciun pe bani publici | Peste 85.000 de euro pentru \u00eenchirierea, montarea \u0219i demontarea lumini\u021belor de Cr\u0103ciun \u00een Otopeni \u0219i Tunari","datePublished":"2024-11-02T04:00:00+00:00","dateModified":"2024-12-22T08:33:42+00:00","mainEntityOfPage":{"@id":"https:\/\/buletin.de\/bucuresti\/craciun-pe-bani-publici-peste-85-000-de-euro-pentru-inchiererea-montarea-si-demontarea-luminitelor-de-craciun-in-otopeni-si-tunari\/"},"wordCount":975,"publisher":{"@id":"https:\/\/buletin.de\/bucuresti\/#organization"},"image":{"@id":"https:\/\/buletin.de\/bucuresti\/craciun-pe-bani-publici-peste-85-000-de-euro-pentru-inchiererea-montarea-si-demontarea-luminitelor-de-craciun-in-otopeni-si-tunari\/#primaryimage"},"thumbnailUrl":"https:\/\/buletin.de\/bucuresti\/wp-content\/uploads\/ID239154_INQUAM_Photos_Virgil_Simonescu.jpg","keywords":["bani publici","bucuresti","craciun","Cr\u0103ciun pe bani publici","Ilfov","iluminat festiv","luminite","lumini\u021be cr\u0103ciun","otopeni","Primaria Otopeni","Prim\u0103ria Tunari","S\u0103rb\u0103tori de iarn\u0103","seap","tunari"],"articleSection":["Articole","Buletin de Ilfov","Main"],"inLanguage":"en-GB","copyrightYear":"2024","copyrightHolder":{"@id":"https:\/\/buletin.de\/bucuresti\/#organization"}},{"@type":"WebPage","@id":"https:\/\/buletin.de\/bucuresti\/craciun-pe-bani-publici-peste-85-000-de-euro-pentru-inchiererea-montarea-si-demontarea-luminitelor-de-craciun-in-otopeni-si-tunari\/","url":"https:\/\/buletin.de\/bucuresti\/craciun-pe-bani-publici-peste-85-000-de-euro-pentru-inchiererea-montarea-si-demontarea-luminitelor-de-craciun-in-otopeni-si-tunari\/","name":"Cr\u0103ciun pe bani publici | Peste 85.000 de euro pentru \u00eenchirierea, montarea \u0219i demontarea lumini\u021belor de Cr\u0103ciun \u00een Otopeni \u0219i Tunari - Buletin de Bucure\u0219ti","isPartOf":{"@id":"https:\/\/buletin.de\/bucuresti\/#website"},"primaryImageOfPage":{"@id":"https:\/\/buletin.de\/bucuresti\/craciun-pe-bani-publici-peste-85-000-de-euro-pentru-inchiererea-montarea-si-demontarea-luminitelor-de-craciun-in-otopeni-si-tunari\/#primaryimage"},"image":{"@id":"https:\/\/buletin.de\/bucuresti\/craciun-pe-bani-publici-peste-85-000-de-euro-pentru-inchiererea-montarea-si-demontarea-luminitelor-de-craciun-in-otopeni-si-tunari\/#primaryimage"},"thumbnailUrl":"https:\/\/buletin.de\/bucuresti\/wp-content\/uploads\/ID239154_INQUAM_Photos_Virgil_Simonescu.jpg","datePublished":"2024-11-02T04:00:00+00:00","dateModified":"2024-12-22T08:33:42+00:00","description":"Peste 85.000 de euro pentru \u00eenchiererea, montarea \u0219i demontarea lumini\u021belor de Cr\u0103ciun \u00een Otopeni \u0219i Tunari.","breadcrumb":{"@id":"https:\/\/buletin.de\/bucuresti\/craciun-pe-bani-publici-peste-85-000-de-euro-pentru-inchiererea-montarea-si-demontarea-luminitelor-de-craciun-in-otopeni-si-tunari\/#breadcrumb"},"inLanguage":"en-GB","potentialAction":[{"@type":"ReadAction","target":["https:\/\/buletin.de\/bucuresti\/craciun-pe-bani-publici-peste-85-000-de-euro-pentru-inchiererea-montarea-si-demontarea-luminitelor-de-craciun-in-otopeni-si-tunari\/"]}]},{"@type":"ImageObject","inLanguage":"en-GB","@id":"https:\/\/buletin.de\/bucuresti\/craciun-pe-bani-publici-peste-85-000-de-euro-pentru-inchiererea-montarea-si-demontarea-luminitelor-de-craciun-in-otopeni-si-tunari\/#primaryimage","url":"https:\/\/buletin.de\/bucuresti\/wp-content\/uploads\/ID239154_INQUAM_Photos_Virgil_Simonescu.jpg","contentUrl":"https:\/\/buletin.de\/bucuresti\/wp-content\/uploads\/ID239154_INQUAM_Photos_Virgil_Simonescu.jpg","width":2000,"height":1333,"caption":"Montarea \u0219i demontarea lumini\u021belor de Cr\u0103ciun \u00een Otopeni \u0219i Tunari nu este ieftin\u0103. Foto: Inquam Photos \/ Virgil Simonescu"},{"@type":"BreadcrumbList","@id":"https:\/\/buletin.de\/bucuresti\/craciun-pe-bani-publici-peste-85-000-de-euro-pentru-inchiererea-montarea-si-demontarea-luminitelor-de-craciun-in-otopeni-si-tunari\/#breadcrumb","itemListElement":[{"@type":"ListItem","position":1,"name":"Acas\u0103","item":"https:\/\/buletin.de\/bucuresti\/"},{"@type":"ListItem","position":2,"name":"Cr\u0103ciun pe bani publici | Peste 85.000 de euro pentru \u00eenchirierea, montarea \u0219i demontarea lumini\u021belor de Cr\u0103ciun \u00een Otopeni \u0219i Tunari"}]},{"@type":"WebSite","@id":"https:\/\/buletin.de\/bucuresti\/#website","url":"https:\/\/buletin.de\/bucuresti\/","name":"Buletin de Bucure\u0219ti","description":"\u0218tiri \u0219i investiga\u021bii esen\u021biale din capital\u0103","publisher":{"@id":"https:\/\/buletin.de\/bucuresti\/#organization"},"potentialAction":[{"@type":"SearchAction","target":{"@type":"EntryPoint","urlTemplate":"https:\/\/buletin.de\/bucuresti\/?s={search_term_string}"},"query-input":{"@type":"PropertyValueSpecification","valueRequired":true,"valueName":"search_term_string"}}],"inLanguage":"en-GB"},{"@type":"Organization","@id":"https:\/\/buletin.de\/bucuresti\/#organization","name":"Buletin de Bucure\u0219ti","url":"https:\/\/buletin.de\/bucuresti\/","logo":{"@type":"ImageObject","inLanguage":"en-GB","@id":"https:\/\/buletin.de\/bucuresti\/#\/schema\/logo\/image\/","url":"https:\/\/buletin.de\/bucuresti\/wp-content\/uploads\/logo-bdb-full-wide-vernil-transparent.png","contentUrl":"https:\/\/buletin.de\/bucuresti\/wp-content\/uploads\/logo-bdb-full-wide-vernil-transparent.png","width":1782,"height":626,"caption":"Buletin de Bucure\u0219ti"},"image":{"@id":"https:\/\/buletin.de\/bucuresti\/#\/schema\/logo\/image\/"},"sameAs":["https:\/\/www.facebook.com\/buletin.de.buc","https:\/\/www.instagram.com\/buletinde.bucuresti\/"]},{"@type":"Person","@id":"https:\/\/buletin.de\/bucuresti\/#\/schema\/person\/b0686d7a8b666c6afc78239777fd8a89","name":"Florin R\u00e2\u0219teiu","image":{"@type":"ImageObject","inLanguage":"en-GB","@id":"https:\/\/buletin.de\/bucuresti\/wp-content\/uploads\/Florin-Rasteiu-96x96.jpgf0a6fe28453aa12f0a60e4d0a2e3a78c","url":"https:\/\/buletin.de\/bucuresti\/wp-content\/uploads\/Florin-Rasteiu-96x96.jpg","contentUrl":"https:\/\/buletin.de\/bucuresti\/wp-content\/uploads\/Florin-Rasteiu-96x96.jpg","caption":"Florin R\u00e2\u0219teiu"},"description":"Jurnalist de investiga\u021bie. Lucreaz\u0103 de aproape 6 ani la Buletin de Bucure\u0219ti, unde a publicat articole care scot la suprafa\u021b\u0103 corup\u021bia din Capital\u0103. Analizeaz\u0103 baze de date zilnic \u0219i scoate pove\u0219ti din exceluri pline de cifre. Pune reflectorul pe adev\u0103r cu fiecare ocazie. A c\u00e2\u0219tigat premiul I la categoria Pres\u0103 Local\u0103 \u00een 2025 \u0219i locul al II-lea la aceea\u0219i categorie \u00een 2024 \u00een cadrul Premiilor Superscrieri pentru jurnalism independent.","url":"https:\/\/buletin.de\/bucuresti\/author\/florinrasteiu\/"}]}},"authors":[{"term_id":22576,"user_id":17,"is_guest":0,"slug":"florinrasteiu","display_name":"Florin R\u00e2\u0219teiu","avatar_url":"https:\/\/buletin.de\/bucuresti\/wp-content\/uploads\/Florin-Rasteiu-96x96.jpg","0":null,"1":"","2":"","3":"","4":"","5":"","6":"","7":"","8":""}],"_links":{"self":[{"href":"https:\/\/buletin.de\/bucuresti\/wp-json\/wp\/v2\/posts\/104626","targetHints":{"allow":["GET"]}}],"collection":[{"href":"https:\/\/buletin.de\/bucuresti\/wp-json\/wp\/v2\/posts"}],"about":[{"href":"https:\/\/buletin.de\/bucuresti\/wp-json\/wp\/v2\/types\/post"}],"author":[{"embeddable":true,"href":"https:\/\/buletin.de\/bucuresti\/wp-json\/wp\/v2\/users\/17"}],"replies":[{"embeddable":true,"href":"https:\/\/buletin.de\/bucuresti\/wp-json\/wp\/v2\/comments?post=104626"}],"version-history":[{"count":6,"href":"https:\/\/buletin.de\/bucuresti\/wp-json\/wp\/v2\/posts\/104626\/revisions"}],"predecessor-version":[{"id":111807,"href":"https:\/\/buletin.de\/bucuresti\/wp-json\/wp\/v2\/posts\/104626\/revisions\/111807"}],"wp:featuredmedia":[{"embeddable":true,"href":"https:\/\/buletin.de\/bucuresti\/wp-json\/wp\/v2\/media\/104642"}],"wp:attachment":[{"href":"https:\/\/buletin.de\/bucuresti\/wp-json\/wp\/v2\/media?parent=104626"}],"wp:term":[{"taxonomy":"category","embeddable":true,"href":"https:\/\/buletin.de\/bucuresti\/wp-json\/wp\/v2\/categories?post=104626"},{"taxonomy":"post_tag","embeddable":true,"href":"https:\/\/buletin.de\/bucuresti\/wp-json\/wp\/v2\/tags?post=104626"},{"taxonomy":"author","embeddable":true,"href":"https:\/\/buletin.de\/bucuresti\/wp-json\/wp\/v2\/ppma_author?post=104626"}],"curies":[{"name":"wp","href":"https:\/\/api.w.org\/{rel}","templated":true}]}}