{"id":104576,"date":"2024-10-31T20:54:54","date_gmt":"2024-10-31T17:54:54","guid":{"rendered":"https:\/\/buletin.de\/bucuresti\/?p=104576"},"modified":"2024-11-11T12:46:31","modified_gmt":"2024-11-11T09:46:31","slug":"fara-fum-alb-la-intalnirea-sindicalistilor-cu-administratia-metrorex-artimon-pana-si-pe-premier-il-dezinformau","status":"publish","type":"post","link":"https:\/\/buletin.de\/bucuresti\/fara-fum-alb-la-intalnirea-sindicalistilor-cu-administratia-metrorex-artimon-pana-si-pe-premier-il-dezinformau\/","title":{"rendered":"F\u0103r\u0103 fum alb la \u00eent\u00e2lnirea sindicali\u015ftilor cu administra\u0163ia Metrorex. Artimon: \u201eP\u00e2n\u0103 \u015fi pe premier \u00eel dezinformau\u201d"},"content":{"rendered":"\n<p><strong>\u00cent\u00e2lnirea sindicali\u015ftilor cu administra\u0163ia Metrorex, la Ministerul Transporturilor, arbitrat\u0103 de premierul Marcel Ciolacu, s-a \u00eencheiat f\u0103r\u0103 un rezultat concret. <\/strong><\/p>\n\n\n\n<p><strong>Reprezentan\u0163ii sindicatului acuz\u0103 c\u0103 liderii companiei le-au prezentat ministrului Transporturilor \u015fi lui Ciolacu date eronate \u015fi au convocat o nou\u0103 \u015fedin\u0163\u0103 luni, \u00een care s\u0103 verifice calculele privitoare la Contractul Colectiv de Munc\u0103. <\/strong><\/p>\n\n\n\n<p>La \u00eent\u00e2lnirea de la Ministerul Transporturilor au participat oficiali din minister, sindicali\u015ftii Metrorex, directoarea general\u0103 a Metrorex, Mariana Micl\u0103u\u015f, directorul financiar \u015fi consilierul juridic al societ\u0103\u0163ii. Aceast\u0103 adunare era menit\u0103 s\u0103 g\u0103seasc\u0103 solu\u0163ia pentru ca greva general\u0103 a angaja\u0163ilor din transportul subteran bucure\u015ftean s\u0103 fie evitat\u0103. <\/p>\n\n\n\n<p><strong>CITE\u015eTE \u015eI:<\/strong> <a href=\"https:\/\/buletin.de\/bucuresti\/ciolacu-intervine-in-negocierile-de-la-metrorex-sedinta-speciala-la-sediul-ministerului-transporturilor\/\"><strong>Ciolacu intervine \u00een negocierile de la Metrorex. \u015eedin\u0163\u0103 special\u0103 la sediul Ministerului Transporturilor<\/strong><\/a><\/p>\n\n\n\n<h2 class=\"wp-block-heading\" id=\"h-intalnirea-sindicalistilor-cu-administratia-metrorex-fara-rezultate\">\u00cent\u00e2lnirea sindicali\u015ftilor cu administra\u0163ia Metrorex, f\u0103r\u0103 rezultate<\/h2>\n\n\n\n<p><span class=\"jl_author_img_w\" style=\"text-rendering: optimizelegibility; -webkit-font-smoothing: antialiased; box-sizing: border-box; color: var(--jl-meta-color); float: none; display: flex; align-items: center; line-height: 1.2; margin-right: 0px; position: relative; margin-bottom: 0px; gap: 8px;\"><\/span>\u0218eful sindicali\u015ftilor, Marian Artimon, afirmc\u0103 c\u0103 aceast\u0103 solu\u0163ie nu a fost g\u0103sit\u0103. \u00cei acuz\u0103 pe cei din conducerea <a href=\"https:\/\/www.metrorex.ro\/\">Metrorex <\/a>c\u0103 au venit cu date false la \u00eent\u00e2lnirea cu mai-marii din Transporturi \u015fi cu premierul.<\/p>\n\n\n\n<p>Dac\u0103 administra\u0163ia Metrorex nu a \u00een\u0163eles ce s-a discutat ast\u0103zi, am r\u0103mas pu\u0163in surprins s\u0103 constat c\u0103 p\u00e2n\u0103 \u015fi pe premier \u00eel dezinformau, s\u0103 zic a\u015fa, prin calculele pe care le-au f\u0103cut. (&#8230;) Calculele au fost precipitate \u015fi deformate fa\u0163\u0103 de realitate. Am plecat cu senza\u0163ia c\u0103 datele prezentate premierului au fost eronate, a declarat Artimon pentru Buletin de Bucure\u015fti.<\/p>\n\n\n\n<p><strong>CITE\u015eTE \u015eI: <a href=\"https:\/\/buletin.de\/bucuresti\/avaria-de-pe-magistrala-grivita-remediata-totusi-mai-dureaza-pana-cand-zecile-de-mii-de-bucuresteni-afectati-vor-avea-caldura\/\">Avaria de pe magistrala Grivi\u021ba, remediat\u0103. Totu\u0219i, mai dureaz\u0103 p\u00e2n\u0103 c\u00e2nd zecile de mii de bucure\u0219teni afecta\u021bi vor avea c\u0103ldur\u0103<\/a><\/strong><\/p>\n\n\n\n<p>Drept urmare sindicali\u015ftii au convocat o nou\u0103 \u015fedin\u0163\u0103 de negociere colectiv\u0103 luni, la ora 11:00, \u00een care solicit\u0103 s\u0103 li se prezinte cum s-a ajuns la rezultatele prezentate premierului. R\u0103m\u00e2ne de v\u0103zut dac\u0103 \u015fefii Metrorex vor da curs invita\u0163iei la aceast\u0103 nou\u0103 \u00eent\u00e2lnire. <\/p>\n\n\n\n<blockquote class=\"wp-block-quote is-layout-flow wp-block-quote-is-layout-flow\">\n<p class=\"has-medium-font-size\"><strong>Cred c\u0103 s-au \u00een\u0163eles direc\u0163iile pe care trebuie mers astfel \u00eenc\u00e2t s\u0103 g\u0103sim direc\u0163ia p\u0103cii sociale ca Bucure\u015ftiul s\u0103 nu sufere \u00een niciun fel \u015fi bucure\u015ftenii, mai ales, c\u0103 oamenii sunt importan\u0163i, s\u0103 nu sufere \u00een niciun fel o eventual\u0103 grev\u0103 la metrou.<\/strong><\/p>\n<cite>Marian Artimon<\/cite><\/blockquote>\n\n\n\n<p>Buletin de Bucure\u015fti \u00eei va contacta \u015fi pe cei din conducerea Metrorex cu privire la ceea s-a discutat la \u00eent\u00e2lnirea sindicali\u015ftilor. <\/p>\n\n\n\n<p><strong>CITE\u015eTE \u015eI:<\/strong> <a href=\"https:\/\/buletin.de\/bucuresti\/sedinta-de-negocieri-cu-pumni-in-masa-la-metrorex-marian-artimon-liderul-uslm-oamenii-nu-mai-au-rabdare\/\"><strong>\u0218edin\u021b\u0103 de negocieri cu pumni \u00een mas\u0103, la Metrorex. Marian Artimon, liderul USLM: \u201eOamenii nu mai au r\u0103bdare\u201d<\/strong><\/a><\/p>\n\n\n\n<h2 class=\"wp-block-heading\" id=\"h-ce-vor-sindicali\u0219tii-de-la-metrou\">Ce vor sindicali\u0219tii de la metrou<\/h2>\n\n\n\n<p>Revendic\u0103rile sindicali\u0219tilor se refer\u0103 la aplicarea unei index\u0103ri salariale care s\u0103 \u021bin\u0103 cont de rata infla\u021biei \u0219i de salariul minim european, conform prevederilor legale. Liderul sindical semnaleaz\u0103 c\u0103 odat\u0103 cu cre\u0219terea salariului minim brut pe economie cu 1.050 de lei, ar trebui s\u0103 fie majorate \u0219i salariile angaja\u021bilor Metrorex cu aceea\u0219i sum\u0103.&nbsp;<\/p>\n\n\n\n<p>\u201eAtunci c\u00e2nd conducerea are o lege care spune c\u0103 poate s\u0103-\u0163i ia drepturile \u0163i le ia. Atunci c\u00e2nd are o lege care o oblig\u0103 s\u0103 dea drepturi uit\u0103 s\u0103 \u0163i le dea.<\/p>\n\n\n\n<p><strong>Noi nu ne cert\u0103m pe prostii, noi vrem banii care ni se cuvin, pe care sunt obliga\u0163i de lege s\u0103 ni-i dea: adic\u0103 o indexare, nu e o cre\u015ftere salarial\u0103.<\/strong><\/p>\n\n\n\n<p>O indexare cu rata infla\u0163iei \u015fi cu salariul minim european cu care ne l\u0103ud\u0103m at\u00e2t de tare c\u00e2nd ne ducem la OCDE \u0219i la nivel european. Dar c\u00e2nd este s\u0103 le d\u0103m la cet\u0103\u0163eni, la salaria\u0163i, uit\u0103m s\u0103-l d\u0103m\u201d, a declarat Marian Artimon, \u00eentr-o discu\u021bie cu&nbsp;<strong>Buletin de Bucure\u0219ti<\/strong>.<\/p>\n\n\n\n<p>CITE\u0218TE \u0218I:&nbsp;<strong><a href=\"https:\/\/buletin.de\/bucuresti\/marian-artimon-despre-negocierile-pentru-indexarea-salariului-metrorex\/\" target=\"_blank\" rel=\"noreferrer noopener\">Sindicali\u0219tii Metrorex nu mai au r\u0103bdare. Marian Artimon despre negocierile pentru indexarea salariilor: \u201eNe spun c\u0103 nu vor\u201d<\/a><\/strong><\/p>\n","protected":false},"excerpt":{"rendered":"<p>\u00cent\u00e2lnirea sindicali\u015ftilor cu administra\u0163ia Metrorex, la Ministerul Transporturilor, arbitrat\u0103 de premierul Marcel Ciolacu, s-a \u00eencheiat f\u0103r\u0103 un rezultat concret. Reprezentan\u0163ii sindicatului acuz\u0103 c\u0103 liderii companiei le-au prezentat ministrului Transporturilor \u015fi lui Ciolacu date eronate \u015fi au convocat o nou\u0103 \u015fedin\u0163\u0103 luni, \u00een care s\u0103 verifice calculele privitoare la Contractul Colectiv de Munc\u0103. La \u00eent\u00e2lnirea de [&hellip;]<\/p>\n","protected":false},"author":8,"featured_media":104581,"comment_status":"closed","ping_status":"open","sticky":false,"template":"","format":"standard","meta":{"_acf_changed":false,"inline_featured_image":false,"ngg_post_thumbnail":0,"footnotes":""},"categories":[6994,5762,9025,650],"tags":[7728,2608,8609,12298,377,15330,16477],"ppma_author":[22586],"class_list":["post-104576","post","type-post","status-publish","format-standard","has-post-thumbnail","hentry","category-stiri-2","category-main","category-politic","category-transport","tag-greva-metrou","tag-marcel-ciolacu","tag-marian-artimon","tag-mariana-miclaus","tag-metrorex","tag-metrou-bucuresti","tag-negocieri-sindicat-metrou"],"acf":[],"yoast_head":"<!-- This site is optimized with the Yoast SEO Premium plugin v25.3 (Yoast SEO v27.4) - https:\/\/yoast.com\/product\/yoast-seo-premium-wordpress\/ -->\n<title>F\u0103r\u0103 fum alb la \u00eent\u00e2lnirea sindicali\u015ftilor cu administra\u0163ia Metrorex. Artimon: \u201eP\u00e2n\u0103 \u015fi pe premier \u00eel dezinformau\u201d - Buletin de Bucure\u0219ti<\/title>\n<meta name=\"description\" content=\"\u00cent\u00e2lnirea sindicali\u015ftilor cu administra\u0163ia Metrorex, care a fost arbitrat\u0103 de premierul Marcel Ciolacu, s-a \u00eencheiat f\u0103r\u0103 un rezultat.\" \/>\n<meta name=\"robots\" content=\"index, follow, max-snippet:-1, max-image-preview:large, max-video-preview:-1\" \/>\n<link rel=\"canonical\" href=\"https:\/\/buletin.de\/bucuresti\/fara-fum-alb-la-intalnirea-sindicalistilor-cu-administratia-metrorex-artimon-pana-si-pe-premier-il-dezinformau\/\" \/>\n<meta property=\"og:locale\" content=\"en_GB\" \/>\n<meta property=\"og:type\" content=\"article\" \/>\n<meta property=\"og:title\" content=\"F\u0103r\u0103 fum alb la \u00eent\u00e2lnirea sindicali\u015ftilor cu administra\u0163ia Metrorex. Artimon: \u201eP\u00e2n\u0103 \u015fi pe premier \u00eel dezinformau\u201d\" \/>\n<meta property=\"og:description\" content=\"\u00cent\u00e2lnirea sindicali\u015ftilor cu administra\u0163ia Metrorex, care a fost arbitrat\u0103 de premierul Marcel Ciolacu, s-a \u00eencheiat f\u0103r\u0103 un rezultat.\" \/>\n<meta property=\"og:url\" content=\"https:\/\/buletin.de\/bucuresti\/fara-fum-alb-la-intalnirea-sindicalistilor-cu-administratia-metrorex-artimon-pana-si-pe-premier-il-dezinformau\/\" \/>\n<meta property=\"og:site_name\" content=\"Buletin de Bucure\u0219ti\" \/>\n<meta property=\"article:publisher\" content=\"https:\/\/www.facebook.com\/buletin.de.buc\" \/>\n<meta property=\"article:published_time\" content=\"2024-10-31T17:54:54+00:00\" \/>\n<meta property=\"article:modified_time\" content=\"2024-11-11T09:46:31+00:00\" \/>\n<meta property=\"og:image\" content=\"https:\/\/buletin.de\/bucuresti\/wp-content\/uploads\/Marcel-Ciolacu-si-Sorin-Grindeanu-santier-M6-INQUAM_Photos_Octav_Ganea.jpg\" \/>\n\t<meta property=\"og:image:width\" content=\"2000\" \/>\n\t<meta property=\"og:image:height\" content=\"1334\" \/>\n\t<meta property=\"og:image:type\" content=\"image\/jpeg\" \/>\n<meta name=\"author\" content=\"Ionu\u021b Lepa\" \/>\n<meta name=\"twitter:card\" content=\"summary_large_image\" \/>\n<meta name=\"twitter:label1\" content=\"Written by\" \/>\n\t<meta name=\"twitter:data1\" content=\"Ionu\u021b Lepa\" \/>\n\t<meta name=\"twitter:label2\" content=\"Estimated reading time\" \/>\n\t<meta name=\"twitter:data2\" content=\"3 minutes\" \/>\n<script type=\"application\/ld+json\" class=\"yoast-schema-graph\">{\"@context\":\"https:\\\/\\\/schema.org\",\"@graph\":[{\"@type\":\"Article\",\"@id\":\"https:\\\/\\\/buletin.de\\\/bucuresti\\\/fara-fum-alb-la-intalnirea-sindicalistilor-cu-administratia-metrorex-artimon-pana-si-pe-premier-il-dezinformau\\\/#article\",\"isPartOf\":{\"@id\":\"https:\\\/\\\/buletin.de\\\/bucuresti\\\/fara-fum-alb-la-intalnirea-sindicalistilor-cu-administratia-metrorex-artimon-pana-si-pe-premier-il-dezinformau\\\/\"},\"author\":{\"name\":\"Ionu\u021b Lepa\",\"@id\":\"https:\\\/\\\/buletin.de\\\/bucuresti\\\/#\\\/schema\\\/person\\\/5272b8a057b33890940b57b837fc4ce6\"},\"headline\":\"F\u0103r\u0103 fum alb la \u00eent\u00e2lnirea sindicali\u015ftilor cu administra\u0163ia Metrorex. Artimon: \u201eP\u00e2n\u0103 \u015fi pe premier \u00eel dezinformau\u201d\",\"datePublished\":\"2024-10-31T17:54:54+00:00\",\"dateModified\":\"2024-11-11T09:46:31+00:00\",\"mainEntityOfPage\":{\"@id\":\"https:\\\/\\\/buletin.de\\\/bucuresti\\\/fara-fum-alb-la-intalnirea-sindicalistilor-cu-administratia-metrorex-artimon-pana-si-pe-premier-il-dezinformau\\\/\"},\"wordCount\":667,\"publisher\":{\"@id\":\"https:\\\/\\\/buletin.de\\\/bucuresti\\\/#organization\"},\"image\":{\"@id\":\"https:\\\/\\\/buletin.de\\\/bucuresti\\\/fara-fum-alb-la-intalnirea-sindicalistilor-cu-administratia-metrorex-artimon-pana-si-pe-premier-il-dezinformau\\\/#primaryimage\"},\"thumbnailUrl\":\"https:\\\/\\\/buletin.de\\\/bucuresti\\\/wp-content\\\/uploads\\\/Marcel-Ciolacu-si-Sorin-Grindeanu-santier-M6-INQUAM_Photos_Octav_Ganea.jpg\",\"keywords\":[\"greva metrou\",\"marcel ciolacu\",\"Marian Artimon\",\"mariana miclaus\",\"metrorex\",\"metrou bucuresti\",\"negocieri sindicat metrou\"],\"articleSection\":[\"Articole\",\"Main\",\"Politic\",\"Transport\"],\"inLanguage\":\"en-GB\",\"copyrightYear\":\"2024\",\"copyrightHolder\":{\"@id\":\"https:\\\/\\\/buletin.de\\\/bucuresti\\\/#organization\"}},{\"@type\":\"WebPage\",\"@id\":\"https:\\\/\\\/buletin.de\\\/bucuresti\\\/fara-fum-alb-la-intalnirea-sindicalistilor-cu-administratia-metrorex-artimon-pana-si-pe-premier-il-dezinformau\\\/\",\"url\":\"https:\\\/\\\/buletin.de\\\/bucuresti\\\/fara-fum-alb-la-intalnirea-sindicalistilor-cu-administratia-metrorex-artimon-pana-si-pe-premier-il-dezinformau\\\/\",\"name\":\"F\u0103r\u0103 fum alb la \u00eent\u00e2lnirea sindicali\u015ftilor cu administra\u0163ia Metrorex. Artimon: \u201eP\u00e2n\u0103 \u015fi pe premier \u00eel dezinformau\u201d - Buletin de Bucure\u0219ti\",\"isPartOf\":{\"@id\":\"https:\\\/\\\/buletin.de\\\/bucuresti\\\/#website\"},\"primaryImageOfPage\":{\"@id\":\"https:\\\/\\\/buletin.de\\\/bucuresti\\\/fara-fum-alb-la-intalnirea-sindicalistilor-cu-administratia-metrorex-artimon-pana-si-pe-premier-il-dezinformau\\\/#primaryimage\"},\"image\":{\"@id\":\"https:\\\/\\\/buletin.de\\\/bucuresti\\\/fara-fum-alb-la-intalnirea-sindicalistilor-cu-administratia-metrorex-artimon-pana-si-pe-premier-il-dezinformau\\\/#primaryimage\"},\"thumbnailUrl\":\"https:\\\/\\\/buletin.de\\\/bucuresti\\\/wp-content\\\/uploads\\\/Marcel-Ciolacu-si-Sorin-Grindeanu-santier-M6-INQUAM_Photos_Octav_Ganea.jpg\",\"datePublished\":\"2024-10-31T17:54:54+00:00\",\"dateModified\":\"2024-11-11T09:46:31+00:00\",\"description\":\"\u00cent\u00e2lnirea sindicali\u015ftilor cu administra\u0163ia Metrorex, care a fost arbitrat\u0103 de premierul Marcel Ciolacu, s-a \u00eencheiat f\u0103r\u0103 un rezultat.\",\"breadcrumb\":{\"@id\":\"https:\\\/\\\/buletin.de\\\/bucuresti\\\/fara-fum-alb-la-intalnirea-sindicalistilor-cu-administratia-metrorex-artimon-pana-si-pe-premier-il-dezinformau\\\/#breadcrumb\"},\"inLanguage\":\"en-GB\",\"potentialAction\":[{\"@type\":\"ReadAction\",\"target\":[\"https:\\\/\\\/buletin.de\\\/bucuresti\\\/fara-fum-alb-la-intalnirea-sindicalistilor-cu-administratia-metrorex-artimon-pana-si-pe-premier-il-dezinformau\\\/\"]}]},{\"@type\":\"ImageObject\",\"inLanguage\":\"en-GB\",\"@id\":\"https:\\\/\\\/buletin.de\\\/bucuresti\\\/fara-fum-alb-la-intalnirea-sindicalistilor-cu-administratia-metrorex-artimon-pana-si-pe-premier-il-dezinformau\\\/#primaryimage\",\"url\":\"https:\\\/\\\/buletin.de\\\/bucuresti\\\/wp-content\\\/uploads\\\/Marcel-Ciolacu-si-Sorin-Grindeanu-santier-M6-INQUAM_Photos_Octav_Ganea.jpg\",\"contentUrl\":\"https:\\\/\\\/buletin.de\\\/bucuresti\\\/wp-content\\\/uploads\\\/Marcel-Ciolacu-si-Sorin-Grindeanu-santier-M6-INQUAM_Photos_Octav_Ganea.jpg\",\"width\":2000,\"height\":1334,\"caption\":\"\u00cent\u00e2lnirea sindicali\u015ftilor cu administra\u0163ia Metrorex, mediat\u0103 de Marcel Ciolacu, la sediul ministerului condus de Sorin Grindeanu, a e\u0219uat. FOTO: Inquam \\\/ Octav Ganea\"},{\"@type\":\"BreadcrumbList\",\"@id\":\"https:\\\/\\\/buletin.de\\\/bucuresti\\\/fara-fum-alb-la-intalnirea-sindicalistilor-cu-administratia-metrorex-artimon-pana-si-pe-premier-il-dezinformau\\\/#breadcrumb\",\"itemListElement\":[{\"@type\":\"ListItem\",\"position\":1,\"name\":\"Acas\u0103\",\"item\":\"https:\\\/\\\/buletin.de\\\/bucuresti\\\/\"},{\"@type\":\"ListItem\",\"position\":2,\"name\":\"F\u0103r\u0103 fum alb la \u00eent\u00e2lnirea sindicali\u015ftilor cu administra\u0163ia Metrorex. Artimon: \u201eP\u00e2n\u0103 \u015fi pe premier \u00eel dezinformau\u201d\"}]},{\"@type\":\"WebSite\",\"@id\":\"https:\\\/\\\/buletin.de\\\/bucuresti\\\/#website\",\"url\":\"https:\\\/\\\/buletin.de\\\/bucuresti\\\/\",\"name\":\"Buletin de Bucure\u0219ti\",\"description\":\"\u0218tiri \u0219i investiga\u021bii esen\u021biale din capital\u0103\",\"publisher\":{\"@id\":\"https:\\\/\\\/buletin.de\\\/bucuresti\\\/#organization\"},\"potentialAction\":[{\"@type\":\"SearchAction\",\"target\":{\"@type\":\"EntryPoint\",\"urlTemplate\":\"https:\\\/\\\/buletin.de\\\/bucuresti\\\/?s={search_term_string}\"},\"query-input\":{\"@type\":\"PropertyValueSpecification\",\"valueRequired\":true,\"valueName\":\"search_term_string\"}}],\"inLanguage\":\"en-GB\"},{\"@type\":\"Organization\",\"@id\":\"https:\\\/\\\/buletin.de\\\/bucuresti\\\/#organization\",\"name\":\"Buletin de Bucure\u0219ti\",\"url\":\"https:\\\/\\\/buletin.de\\\/bucuresti\\\/\",\"logo\":{\"@type\":\"ImageObject\",\"inLanguage\":\"en-GB\",\"@id\":\"https:\\\/\\\/buletin.de\\\/bucuresti\\\/#\\\/schema\\\/logo\\\/image\\\/\",\"url\":\"https:\\\/\\\/buletin.de\\\/bucuresti\\\/wp-content\\\/uploads\\\/logo-bdb-full-wide-vernil-transparent.png\",\"contentUrl\":\"https:\\\/\\\/buletin.de\\\/bucuresti\\\/wp-content\\\/uploads\\\/logo-bdb-full-wide-vernil-transparent.png\",\"width\":1782,\"height\":626,\"caption\":\"Buletin de Bucure\u0219ti\"},\"image\":{\"@id\":\"https:\\\/\\\/buletin.de\\\/bucuresti\\\/#\\\/schema\\\/logo\\\/image\\\/\"},\"sameAs\":[\"https:\\\/\\\/www.facebook.com\\\/buletin.de.buc\",\"https:\\\/\\\/www.instagram.com\\\/buletinde.bucuresti\\\/\"]},{\"@type\":\"Person\",\"@id\":\"https:\\\/\\\/buletin.de\\\/bucuresti\\\/#\\\/schema\\\/person\\\/5272b8a057b33890940b57b837fc4ce6\",\"name\":\"Ionu\u021b Lepa\",\"image\":{\"@type\":\"ImageObject\",\"inLanguage\":\"en-GB\",\"@id\":\"https:\\\/\\\/buletin.de\\\/bucuresti\\\/wp-content\\\/uploads\\\/Ionut-Lepa-96x96.jpg5c4e4d9e049808799a8821652d2410a4\",\"url\":\"https:\\\/\\\/buletin.de\\\/bucuresti\\\/wp-content\\\/uploads\\\/Ionut-Lepa-96x96.jpg\",\"contentUrl\":\"https:\\\/\\\/buletin.de\\\/bucuresti\\\/wp-content\\\/uploads\\\/Ionut-Lepa-96x96.jpg\",\"caption\":\"Ionu\u021b Lepa\"},\"url\":\"https:\\\/\\\/buletin.de\\\/bucuresti\\\/author\\\/ionutlepa\\\/\"}]}<\/script>\n<!-- \/ Yoast SEO Premium plugin. -->","yoast_head_json":{"title":"F\u0103r\u0103 fum alb la \u00eent\u00e2lnirea sindicali\u015ftilor cu administra\u0163ia Metrorex. Artimon: \u201eP\u00e2n\u0103 \u015fi pe premier \u00eel dezinformau\u201d - Buletin de Bucure\u0219ti","description":"\u00cent\u00e2lnirea sindicali\u015ftilor cu administra\u0163ia Metrorex, care a fost arbitrat\u0103 de premierul Marcel Ciolacu, s-a \u00eencheiat f\u0103r\u0103 un rezultat.","robots":{"index":"index","follow":"follow","max-snippet":"max-snippet:-1","max-image-preview":"max-image-preview:large","max-video-preview":"max-video-preview:-1"},"canonical":"https:\/\/buletin.de\/bucuresti\/fara-fum-alb-la-intalnirea-sindicalistilor-cu-administratia-metrorex-artimon-pana-si-pe-premier-il-dezinformau\/","og_locale":"en_GB","og_type":"article","og_title":"F\u0103r\u0103 fum alb la \u00eent\u00e2lnirea sindicali\u015ftilor cu administra\u0163ia Metrorex. Artimon: \u201eP\u00e2n\u0103 \u015fi pe premier \u00eel dezinformau\u201d","og_description":"\u00cent\u00e2lnirea sindicali\u015ftilor cu administra\u0163ia Metrorex, care a fost arbitrat\u0103 de premierul Marcel Ciolacu, s-a \u00eencheiat f\u0103r\u0103 un rezultat.","og_url":"https:\/\/buletin.de\/bucuresti\/fara-fum-alb-la-intalnirea-sindicalistilor-cu-administratia-metrorex-artimon-pana-si-pe-premier-il-dezinformau\/","og_site_name":"Buletin de Bucure\u0219ti","article_publisher":"https:\/\/www.facebook.com\/buletin.de.buc","article_published_time":"2024-10-31T17:54:54+00:00","article_modified_time":"2024-11-11T09:46:31+00:00","og_image":[{"width":2000,"height":1334,"url":"https:\/\/buletin.de\/bucuresti\/wp-content\/uploads\/Marcel-Ciolacu-si-Sorin-Grindeanu-santier-M6-INQUAM_Photos_Octav_Ganea.jpg","type":"image\/jpeg"}],"author":"Ionu\u021b Lepa","twitter_card":"summary_large_image","twitter_misc":{"Written by":"Ionu\u021b Lepa","Estimated reading time":"3 minutes"},"schema":{"@context":"https:\/\/schema.org","@graph":[{"@type":"Article","@id":"https:\/\/buletin.de\/bucuresti\/fara-fum-alb-la-intalnirea-sindicalistilor-cu-administratia-metrorex-artimon-pana-si-pe-premier-il-dezinformau\/#article","isPartOf":{"@id":"https:\/\/buletin.de\/bucuresti\/fara-fum-alb-la-intalnirea-sindicalistilor-cu-administratia-metrorex-artimon-pana-si-pe-premier-il-dezinformau\/"},"author":{"name":"Ionu\u021b Lepa","@id":"https:\/\/buletin.de\/bucuresti\/#\/schema\/person\/5272b8a057b33890940b57b837fc4ce6"},"headline":"F\u0103r\u0103 fum alb la \u00eent\u00e2lnirea sindicali\u015ftilor cu administra\u0163ia Metrorex. Artimon: \u201eP\u00e2n\u0103 \u015fi pe premier \u00eel dezinformau\u201d","datePublished":"2024-10-31T17:54:54+00:00","dateModified":"2024-11-11T09:46:31+00:00","mainEntityOfPage":{"@id":"https:\/\/buletin.de\/bucuresti\/fara-fum-alb-la-intalnirea-sindicalistilor-cu-administratia-metrorex-artimon-pana-si-pe-premier-il-dezinformau\/"},"wordCount":667,"publisher":{"@id":"https:\/\/buletin.de\/bucuresti\/#organization"},"image":{"@id":"https:\/\/buletin.de\/bucuresti\/fara-fum-alb-la-intalnirea-sindicalistilor-cu-administratia-metrorex-artimon-pana-si-pe-premier-il-dezinformau\/#primaryimage"},"thumbnailUrl":"https:\/\/buletin.de\/bucuresti\/wp-content\/uploads\/Marcel-Ciolacu-si-Sorin-Grindeanu-santier-M6-INQUAM_Photos_Octav_Ganea.jpg","keywords":["greva metrou","marcel ciolacu","Marian Artimon","mariana miclaus","metrorex","metrou bucuresti","negocieri sindicat metrou"],"articleSection":["Articole","Main","Politic","Transport"],"inLanguage":"en-GB","copyrightYear":"2024","copyrightHolder":{"@id":"https:\/\/buletin.de\/bucuresti\/#organization"}},{"@type":"WebPage","@id":"https:\/\/buletin.de\/bucuresti\/fara-fum-alb-la-intalnirea-sindicalistilor-cu-administratia-metrorex-artimon-pana-si-pe-premier-il-dezinformau\/","url":"https:\/\/buletin.de\/bucuresti\/fara-fum-alb-la-intalnirea-sindicalistilor-cu-administratia-metrorex-artimon-pana-si-pe-premier-il-dezinformau\/","name":"F\u0103r\u0103 fum alb la \u00eent\u00e2lnirea sindicali\u015ftilor cu administra\u0163ia Metrorex. Artimon: \u201eP\u00e2n\u0103 \u015fi pe premier \u00eel dezinformau\u201d - Buletin de Bucure\u0219ti","isPartOf":{"@id":"https:\/\/buletin.de\/bucuresti\/#website"},"primaryImageOfPage":{"@id":"https:\/\/buletin.de\/bucuresti\/fara-fum-alb-la-intalnirea-sindicalistilor-cu-administratia-metrorex-artimon-pana-si-pe-premier-il-dezinformau\/#primaryimage"},"image":{"@id":"https:\/\/buletin.de\/bucuresti\/fara-fum-alb-la-intalnirea-sindicalistilor-cu-administratia-metrorex-artimon-pana-si-pe-premier-il-dezinformau\/#primaryimage"},"thumbnailUrl":"https:\/\/buletin.de\/bucuresti\/wp-content\/uploads\/Marcel-Ciolacu-si-Sorin-Grindeanu-santier-M6-INQUAM_Photos_Octav_Ganea.jpg","datePublished":"2024-10-31T17:54:54+00:00","dateModified":"2024-11-11T09:46:31+00:00","description":"\u00cent\u00e2lnirea sindicali\u015ftilor cu administra\u0163ia Metrorex, care a fost arbitrat\u0103 de premierul Marcel Ciolacu, s-a \u00eencheiat f\u0103r\u0103 un rezultat.","breadcrumb":{"@id":"https:\/\/buletin.de\/bucuresti\/fara-fum-alb-la-intalnirea-sindicalistilor-cu-administratia-metrorex-artimon-pana-si-pe-premier-il-dezinformau\/#breadcrumb"},"inLanguage":"en-GB","potentialAction":[{"@type":"ReadAction","target":["https:\/\/buletin.de\/bucuresti\/fara-fum-alb-la-intalnirea-sindicalistilor-cu-administratia-metrorex-artimon-pana-si-pe-premier-il-dezinformau\/"]}]},{"@type":"ImageObject","inLanguage":"en-GB","@id":"https:\/\/buletin.de\/bucuresti\/fara-fum-alb-la-intalnirea-sindicalistilor-cu-administratia-metrorex-artimon-pana-si-pe-premier-il-dezinformau\/#primaryimage","url":"https:\/\/buletin.de\/bucuresti\/wp-content\/uploads\/Marcel-Ciolacu-si-Sorin-Grindeanu-santier-M6-INQUAM_Photos_Octav_Ganea.jpg","contentUrl":"https:\/\/buletin.de\/bucuresti\/wp-content\/uploads\/Marcel-Ciolacu-si-Sorin-Grindeanu-santier-M6-INQUAM_Photos_Octav_Ganea.jpg","width":2000,"height":1334,"caption":"\u00cent\u00e2lnirea sindicali\u015ftilor cu administra\u0163ia Metrorex, mediat\u0103 de Marcel Ciolacu, la sediul ministerului condus de Sorin Grindeanu, a e\u0219uat. FOTO: Inquam \/ Octav Ganea"},{"@type":"BreadcrumbList","@id":"https:\/\/buletin.de\/bucuresti\/fara-fum-alb-la-intalnirea-sindicalistilor-cu-administratia-metrorex-artimon-pana-si-pe-premier-il-dezinformau\/#breadcrumb","itemListElement":[{"@type":"ListItem","position":1,"name":"Acas\u0103","item":"https:\/\/buletin.de\/bucuresti\/"},{"@type":"ListItem","position":2,"name":"F\u0103r\u0103 fum alb la \u00eent\u00e2lnirea sindicali\u015ftilor cu administra\u0163ia Metrorex. Artimon: \u201eP\u00e2n\u0103 \u015fi pe premier \u00eel dezinformau\u201d"}]},{"@type":"WebSite","@id":"https:\/\/buletin.de\/bucuresti\/#website","url":"https:\/\/buletin.de\/bucuresti\/","name":"Buletin de Bucure\u0219ti","description":"\u0218tiri \u0219i investiga\u021bii esen\u021biale din capital\u0103","publisher":{"@id":"https:\/\/buletin.de\/bucuresti\/#organization"},"potentialAction":[{"@type":"SearchAction","target":{"@type":"EntryPoint","urlTemplate":"https:\/\/buletin.de\/bucuresti\/?s={search_term_string}"},"query-input":{"@type":"PropertyValueSpecification","valueRequired":true,"valueName":"search_term_string"}}],"inLanguage":"en-GB"},{"@type":"Organization","@id":"https:\/\/buletin.de\/bucuresti\/#organization","name":"Buletin de Bucure\u0219ti","url":"https:\/\/buletin.de\/bucuresti\/","logo":{"@type":"ImageObject","inLanguage":"en-GB","@id":"https:\/\/buletin.de\/bucuresti\/#\/schema\/logo\/image\/","url":"https:\/\/buletin.de\/bucuresti\/wp-content\/uploads\/logo-bdb-full-wide-vernil-transparent.png","contentUrl":"https:\/\/buletin.de\/bucuresti\/wp-content\/uploads\/logo-bdb-full-wide-vernil-transparent.png","width":1782,"height":626,"caption":"Buletin de Bucure\u0219ti"},"image":{"@id":"https:\/\/buletin.de\/bucuresti\/#\/schema\/logo\/image\/"},"sameAs":["https:\/\/www.facebook.com\/buletin.de.buc","https:\/\/www.instagram.com\/buletinde.bucuresti\/"]},{"@type":"Person","@id":"https:\/\/buletin.de\/bucuresti\/#\/schema\/person\/5272b8a057b33890940b57b837fc4ce6","name":"Ionu\u021b Lepa","image":{"@type":"ImageObject","inLanguage":"en-GB","@id":"https:\/\/buletin.de\/bucuresti\/wp-content\/uploads\/Ionut-Lepa-96x96.jpg5c4e4d9e049808799a8821652d2410a4","url":"https:\/\/buletin.de\/bucuresti\/wp-content\/uploads\/Ionut-Lepa-96x96.jpg","contentUrl":"https:\/\/buletin.de\/bucuresti\/wp-content\/uploads\/Ionut-Lepa-96x96.jpg","caption":"Ionu\u021b Lepa"},"url":"https:\/\/buletin.de\/bucuresti\/author\/ionutlepa\/"}]}},"authors":[{"term_id":22586,"user_id":8,"is_guest":0,"slug":"ionutlepa","display_name":"Ionu\u021b Lepa","avatar_url":"https:\/\/buletin.de\/bucuresti\/wp-content\/uploads\/Ionut-Lepa-96x96.jpg","0":null,"1":"","2":"","3":"","4":"","5":"","6":"","7":"","8":""}],"_links":{"self":[{"href":"https:\/\/buletin.de\/bucuresti\/wp-json\/wp\/v2\/posts\/104576","targetHints":{"allow":["GET"]}}],"collection":[{"href":"https:\/\/buletin.de\/bucuresti\/wp-json\/wp\/v2\/posts"}],"about":[{"href":"https:\/\/buletin.de\/bucuresti\/wp-json\/wp\/v2\/types\/post"}],"author":[{"embeddable":true,"href":"https:\/\/buletin.de\/bucuresti\/wp-json\/wp\/v2\/users\/8"}],"replies":[{"embeddable":true,"href":"https:\/\/buletin.de\/bucuresti\/wp-json\/wp\/v2\/comments?post=104576"}],"version-history":[{"count":3,"href":"https:\/\/buletin.de\/bucuresti\/wp-json\/wp\/v2\/posts\/104576\/revisions"}],"predecessor-version":[{"id":105894,"href":"https:\/\/buletin.de\/bucuresti\/wp-json\/wp\/v2\/posts\/104576\/revisions\/105894"}],"wp:featuredmedia":[{"embeddable":true,"href":"https:\/\/buletin.de\/bucuresti\/wp-json\/wp\/v2\/media\/104581"}],"wp:attachment":[{"href":"https:\/\/buletin.de\/bucuresti\/wp-json\/wp\/v2\/media?parent=104576"}],"wp:term":[{"taxonomy":"category","embeddable":true,"href":"https:\/\/buletin.de\/bucuresti\/wp-json\/wp\/v2\/categories?post=104576"},{"taxonomy":"post_tag","embeddable":true,"href":"https:\/\/buletin.de\/bucuresti\/wp-json\/wp\/v2\/tags?post=104576"},{"taxonomy":"author","embeddable":true,"href":"https:\/\/buletin.de\/bucuresti\/wp-json\/wp\/v2\/ppma_author?post=104576"}],"curies":[{"name":"wp","href":"https:\/\/api.w.org\/{rel}","templated":true}]}}