{"id":104570,"date":"2024-10-31T20:09:06","date_gmt":"2024-10-31T17:09:06","guid":{"rendered":"https:\/\/buletin.de\/bucuresti\/?p=104570"},"modified":"2024-11-01T09:23:53","modified_gmt":"2024-11-01T06:23:53","slug":"armistitiu-dupa-batalia-din-piata-unirii-cooperare-totala-pentru-reabilitarea-planseului-din-centrul-capitalei","status":"publish","type":"post","link":"https:\/\/buletin.de\/bucuresti\/armistitiu-dupa-batalia-din-piata-unirii-cooperare-totala-pentru-reabilitarea-planseului-din-centrul-capitalei\/","title":{"rendered":"Armisti\u0163iu dup\u0103 \u201eB\u0103t\u0103lia din Pia\u021ba Unirii\u201d. \u201eCooperare total\u0103\u201d pentru reabilitarea plan\u0219eului din centrul Capitalei"},"content":{"rendered":"\n<p><strong>Dup\u0103 ce \u0219i-a preluat cel de-al treilea mandat de primar al Sectorului 4, Daniel B\u0103lu\u021b\u0103 a anun\u021bat c\u0103 lucreaz\u0103 \u00eempreun\u0103 cu Prim\u0103ria Municipiului Bucure\u0219ti (PMB), pentru a \u00eencepe \u201e\u00een cel mai scurt timp\u201d lucr\u0103rile pentru reabilitarea plan\u0219eului din centrul Capitalei.<\/strong><\/p>\n\n\n\n<p><strong>Anun\u021bul a venit la dou\u0103 s\u0103pt\u0103m\u00e2ni dup\u0103 ce B\u0103lu\u021b\u0103 \u0219i Nicu\u0219or Dan s-au confruntat \u00een privin\u021ba \u0219antierului deschis de PS4 \u00een Pia\u021ba Unirii, iar poli\u021bi\u0219tii locali din subordinea celor dou\u0103 institu\u021bii s-au \u00eembr\u00e2ncit.<\/strong><\/p>\n\n\n\n<p>Primarul Sectorului 4 a subliniat c\u0103 exist\u0103 \u201eo cooperare total\u0103\u201d \u00eentre prim\u0103ria condus\u0103 de el \u0219i cea condus\u0103 de Nicu\u0219or Dan, pentru reabilitarea plan\u0219eului.<\/p>\n\n\n\n<p><em>\u201eAv\u00e2nd \u00een vedere situa\u0163ia tensionat\u0103 pe care am avut-o, important pentru noi to\u0163i este ideea de a pune \u00een siguran\u0163\u0103 centrul Bucure\u015ftiului, de aceea echipele tehnice de la Prim\u0103ria Municipiului Bucure\u015fti, respectiv echipa tehnic\u0103 de la Sectorul 4 colaboreaz\u0103 \u015fi coopereaz\u0103 pentru ca toat\u0103 lumea s\u0103 fie mul\u0163umit\u0103 de cantitatea, respectiv calitatea documentelor pe care le-am oferit \u015fi miz\u0103m ca, \u00een cel mai scurt timp, e o chestiune de s\u0103pt\u0103m\u00e2ni, s\u0103 putem ajunge la un numitor comun\u201d<\/em>, a declarat primarul B\u0103lu\u021b\u0103, dup\u0103 ceremonia de \u00eenvestire.<\/p>\n\n\n\n<p><strong>Daniel B\u0103lu\u021b\u0103 a afirmat \u0219i c\u0103 prim\u0103ria pe care o conduce va sprijini proiectul liniei de tramvai din Pia\u021ba Unirii, ini\u021biat de PMB. <\/strong><\/p>\n\n\n\n<p><em>\u201e\u00cemi exprim public disponibilitatea de a sprijini proiectul tramvaiului din Pia\u021ba Unirii avem \u00een procedurile necesare pentru a veni \u00een sprijinul Prim\u0103riei Municipiului astfel \u00eenc\u00e2t linia de tramvai s\u0103 fie construit\u0103 \u00een acea zon\u0103\u201d<\/em>, a ad\u0103ugat Daniel B\u0103lu\u021b\u0103.<\/p>\n\n\n\n<p>Edilul a precizat c\u0103 linia de tramvai ar putea fi construit\u0103 simultan cu lucr\u0103rile de reabilitare a plan\u0219eului.<\/p>\n\n\n\n<p><strong>CITE\u0218TE \u0218I: <a href=\"https:\/\/buletin.de\/bucuresti\/bilantul-lui-daniel-baluta-ca-primar\/\">Bilan\u021bul lui Daniel B\u0103lu\u021b\u0103. Ce (n-)a realizat edilul de la 4. C\u00e2nd va fi gata aeroportul promis recent<\/a><\/strong><\/p>\n\n\n\n<h2 class=\"wp-block-heading\" id=\"h-reabilitarea-plan\u0219eului-din-centrul-capitalei-\u0219i-\u0219antierul-care-nu-a-durat-nici-macar-o-zi\"><strong>Reabilitarea plan\u0219eului din centrul Capitalei \u0219i \u0219antierul care nu a durat nici m\u0103car o zi<\/strong><\/h2>\n\n\n\n<p><strong>De\u0219i, ini\u021bial,&nbsp;<a href=\"https:\/\/buletin.de\/bucuresti\/reconstructia-planseului-unirii-ar-trebui-sa-fie-gata-in-aproape-trei-ani-lucrarile-efective-incep-in-2025-un-an-dificil-pentru-bucuresteni\/\">\u0219antierul pentru reabilitarea plan\u0219eului Unirii era programat s\u0103 \u00eenceap\u0103 \u00een 2025<\/a>, dup\u0103 cum a ar\u0103tat Buletin de Bucure\u0219ti la \u00eenceputul anului, Daniel B\u0103lu\u021b\u0103 a anun\u021bat \u00een var\u0103 c\u0103 lucr\u0103rile vor \u00eencepe pe 9 septembrie \u0219i a cerut PMB autoriza\u021bia de construire \u00een regim de urgen\u021b\u0103, argument\u00e2nd c\u0103&nbsp;<a href=\"https:\/\/buletin.de\/bucuresti\/o-problema-de-viata-si-de-moarte-vizita-de-urgenta-la-planseul-de-sub-piata-unirii-startul-lucrarilor-treneaza-din-cauza-neintelegerilor-intre-primaria-generala-si-cea-a-sectorului\/\">\u201eeste o problem\u0103 de via\u021b\u0103 \u0219i de moarte\u201d<\/a>.<\/strong><\/p>\n\n\n\n<p>Primarul general, Nicu\u0219or Dan, nu a eliberat autoriza\u021bia \u00een regim de urgen\u021b\u0103, pentru c\u0103&nbsp;<a href=\"https:\/\/buletin.de\/bucuresti\/razboiul-n-dan-d-baluta-nu-s-a-stins-cei-doi-inca-se-lupta-pe-planseul-unirii-si-dau-vina-unul-pe-altul-pentru-situatia-creata\/\">expertizele nu ar fi ar\u0103tat c\u0103 plan\u0219eul Unirii este un pericol public<\/a>&nbsp;care trebuie reabilitat de urgen\u021b\u0103.<\/p>\n\n\n\n<p>Cu toate astea, dup\u0103 ce a anun\u021bat c\u0103 renun\u021b\u0103 la proiect, iar Consiliul Local Sector 4 urma s\u0103 ia act de decizia lui, B\u0103lu\u021b\u0103 a \u00eenceput oricum lucr\u0103rile, \u00een baza unei autoriza\u021bii emise de Prim\u0103ria Sectorului 3, de\u0219i&nbsp;<a href=\"https:\/\/buletin.de\/bucuresti\/lucrarile-la-planseul-unirii-nu-erau-avizate-nici-de-metrorex\/\">nu avea toate actele necesare<\/a>.<\/p>\n\n\n\n<p>La ora 00:00 a zilei de luni, 14 octombrie, utilajele constructorilor angaja\u021bi de la PS4 au \u00eenceput lucr\u0103rile \u00een Pia\u021ba Unirii din Bucure\u0219ti, \u00eens\u0103 lucrurile au degenerat, \u00een cele din urm\u0103, \u00eentr-o&nbsp;<a href=\"https:\/\/buletin.de\/bucuresti\/scandalul-planseului-filmul-unei-zile-in-care-institutiile-s-au-imbrancit\/\">\u00eembr\u00e2nceal\u0103 \u00eentre poli\u021bi\u0219tii locali<\/a>&nbsp;de la Prim\u0103ria General\u0103 \u0219i de la Sectorul 4,&nbsp;<a href=\"https:\/\/buletin.de\/bucuresti\/baluta-da-inapoi-retrage-oamenii-de-pe-santierul-din-piata-unirii-ce-va-fi-desfiintat\/\">\u0219antierul fiind \u00eenchis \u00een aceea\u0219i zi<\/a>&nbsp;de Nicu\u0219or Dan, care&nbsp;<a href=\"https:\/\/buletin.de\/bucuresti\/scandalul-planseului-se-amplifica-nicusor-dan-a-revenit-cu-buldozere-primaria-sector-4-sustine-ca-sunt-raniti\/\">a venit cu buldozere pentru a d\u0103r\u00e2ma gardurile.<\/a><\/p>\n\n\n\n<blockquote class=\"instagram-media\" data-instgrm-permalink=\"https:\/\/www.instagram.com\/reel\/DBGdSCOo57V\/?utm_source=ig_embed&amp;utm_campaign=loading\" data-instgrm-version=\"14\" style=\" background:#FFF; border:0; border-radius:3px; box-shadow:0 0 1px 0 rgba(0,0,0,0.5),0 1px 10px 0 rgba(0,0,0,0.15); margin: 1px; max-width:540px; min-width:326px; padding:0; width:99.375%; width:-webkit-calc(100% - 2px); width:calc(100% - 2px);\"><div style=\"padding:16px;\"> <a href=\"https:\/\/www.instagram.com\/reel\/DBGdSCOo57V\/?utm_source=ig_embed&amp;utm_campaign=loading\" style=\" background:#FFFFFF; line-height:0; padding:0 0; text-align:center; text-decoration:none; width:100%;\" target=\"_blank\" rel=\"noopener\"> <div style=\" display: flex; flex-direction: row; align-items: center;\"> <div style=\"background-color: #F4F4F4; border-radius: 50%; flex-grow: 0; height: 40px; margin-right: 14px; width: 40px;\"><\/div> <div style=\"display: flex; flex-direction: column; flex-grow: 1; justify-content: center;\"> <div style=\" background-color: #F4F4F4; border-radius: 4px; flex-grow: 0; height: 14px; margin-bottom: 6px; width: 100px;\"><\/div> <div style=\" background-color: #F4F4F4; border-radius: 4px; flex-grow: 0; height: 14px; width: 60px;\"><\/div><\/div><\/div><div style=\"padding: 19% 0;\"><\/div> <div style=\"display:block; height:50px; margin:0 auto 12px; width:50px;\"><svg width=\"50px\" height=\"50px\" viewBox=\"0 0 60 60\" version=\"1.1\" xmlns=\"https:\/\/www.w3.org\/2000\/svg\" xmlns:xlink=\"https:\/\/www.w3.org\/1999\/xlink\"><g stroke=\"none\" stroke-width=\"1\" fill=\"none\" fill-rule=\"evenodd\"><g transform=\"translate(-511.000000, -20.000000)\" fill=\"#000000\"><g><path d=\"M556.869,30.41 C554.814,30.41 553.148,32.076 553.148,34.131 C553.148,36.186 554.814,37.852 556.869,37.852 C558.924,37.852 560.59,36.186 560.59,34.131 C560.59,32.076 558.924,30.41 556.869,30.41 M541,60.657 C535.114,60.657 530.342,55.887 530.342,50 C530.342,44.114 535.114,39.342 541,39.342 C546.887,39.342 551.658,44.114 551.658,50 C551.658,55.887 546.887,60.657 541,60.657 M541,33.886 C532.1,33.886 524.886,41.1 524.886,50 C524.886,58.899 532.1,66.113 541,66.113 C549.9,66.113 557.115,58.899 557.115,50 C557.115,41.1 549.9,33.886 541,33.886 M565.378,62.101 C565.244,65.022 564.756,66.606 564.346,67.663 C563.803,69.06 563.154,70.057 562.106,71.106 C561.058,72.155 560.06,72.803 558.662,73.347 C557.607,73.757 556.021,74.244 553.102,74.378 C549.944,74.521 548.997,74.552 541,74.552 C533.003,74.552 532.056,74.521 528.898,74.378 C525.979,74.244 524.393,73.757 523.338,73.347 C521.94,72.803 520.942,72.155 519.894,71.106 C518.846,70.057 518.197,69.06 517.654,67.663 C517.244,66.606 516.755,65.022 516.623,62.101 C516.479,58.943 516.448,57.996 516.448,50 C516.448,42.003 516.479,41.056 516.623,37.899 C516.755,34.978 517.244,33.391 517.654,32.338 C518.197,30.938 518.846,29.942 519.894,28.894 C520.942,27.846 521.94,27.196 523.338,26.654 C524.393,26.244 525.979,25.756 528.898,25.623 C532.057,25.479 533.004,25.448 541,25.448 C548.997,25.448 549.943,25.479 553.102,25.623 C556.021,25.756 557.607,26.244 558.662,26.654 C560.06,27.196 561.058,27.846 562.106,28.894 C563.154,29.942 563.803,30.938 564.346,32.338 C564.756,33.391 565.244,34.978 565.378,37.899 C565.522,41.056 565.552,42.003 565.552,50 C565.552,57.996 565.522,58.943 565.378,62.101 M570.82,37.631 C570.674,34.438 570.167,32.258 569.425,30.349 C568.659,28.377 567.633,26.702 565.965,25.035 C564.297,23.368 562.623,22.342 560.652,21.575 C558.743,20.834 556.562,20.326 553.369,20.18 C550.169,20.033 549.148,20 541,20 C532.853,20 531.831,20.033 528.631,20.18 C525.438,20.326 523.257,20.834 521.349,21.575 C519.376,22.342 517.703,23.368 516.035,25.035 C514.368,26.702 513.342,28.377 512.574,30.349 C511.834,32.258 511.326,34.438 511.181,37.631 C511.035,40.831 511,41.851 511,50 C511,58.147 511.035,59.17 511.181,62.369 C511.326,65.562 511.834,67.743 512.574,69.651 C513.342,71.625 514.368,73.296 516.035,74.965 C517.703,76.634 519.376,77.658 521.349,78.425 C523.257,79.167 525.438,79.673 528.631,79.82 C531.831,79.965 532.853,80.001 541,80.001 C549.148,80.001 550.169,79.965 553.369,79.82 C556.562,79.673 558.743,79.167 560.652,78.425 C562.623,77.658 564.297,76.634 565.965,74.965 C567.633,73.296 568.659,71.625 569.425,69.651 C570.167,67.743 570.674,65.562 570.82,62.369 C570.966,59.17 571,58.147 571,50 C571,41.851 570.966,40.831 570.82,37.631\"><\/path><\/g><\/g><\/g><\/svg><\/div><div style=\"padding-top: 8px;\"> <div style=\" color:#3897f0; font-family:Arial,sans-serif; font-size:14px; font-style:normal; font-weight:550; line-height:18px;\">Vezi aceast\u0103 postare pe Instagram<\/div><\/div><div style=\"padding: 12.5% 0;\"><\/div> <div style=\"display: flex; flex-direction: row; margin-bottom: 14px; align-items: center;\"><div> <div style=\"background-color: #F4F4F4; border-radius: 50%; height: 12.5px; width: 12.5px; transform: translateX(0px) translateY(7px);\"><\/div> <div style=\"background-color: #F4F4F4; height: 12.5px; transform: rotate(-45deg) translateX(3px) translateY(1px); width: 12.5px; flex-grow: 0; margin-right: 14px; margin-left: 2px;\"><\/div> <div style=\"background-color: #F4F4F4; border-radius: 50%; height: 12.5px; width: 12.5px; transform: translateX(9px) translateY(-18px);\"><\/div><\/div><div style=\"margin-left: 8px;\"> <div style=\" background-color: #F4F4F4; border-radius: 50%; flex-grow: 0; height: 20px; width: 20px;\"><\/div> <div style=\" width: 0; height: 0; border-top: 2px solid transparent; border-left: 6px solid #f4f4f4; border-bottom: 2px solid transparent; transform: translateX(16px) translateY(-4px) rotate(30deg)\"><\/div><\/div><div style=\"margin-left: auto;\"> <div style=\" width: 0px; border-top: 8px solid #F4F4F4; border-right: 8px solid transparent; transform: translateY(16px);\"><\/div> <div style=\" background-color: #F4F4F4; flex-grow: 0; height: 12px; width: 16px; transform: translateY(-4px);\"><\/div> <div style=\" width: 0; height: 0; border-top: 8px solid #F4F4F4; border-left: 8px solid transparent; transform: translateY(-4px) translateX(8px);\"><\/div><\/div><\/div> <div style=\"display: flex; flex-direction: column; flex-grow: 1; justify-content: center; margin-bottom: 24px;\"> <div style=\" background-color: #F4F4F4; border-radius: 4px; flex-grow: 0; height: 14px; margin-bottom: 6px; width: 224px;\"><\/div> <div style=\" background-color: #F4F4F4; border-radius: 4px; flex-grow: 0; height: 14px; width: 144px;\"><\/div><\/div><\/a><p style=\" color:#c9c8cd; font-family:Arial,sans-serif; font-size:14px; line-height:17px; margin-bottom:0; margin-top:8px; overflow:hidden; padding:8px 0 7px; text-align:center; text-overflow:ellipsis; white-space:nowrap;\"><a href=\"https:\/\/www.instagram.com\/reel\/DBGdSCOo57V\/?utm_source=ig_embed&amp;utm_campaign=loading\" style=\" color:#c9c8cd; font-family:Arial,sans-serif; font-size:14px; font-style:normal; font-weight:normal; line-height:17px; text-decoration:none;\" target=\"_blank\" rel=\"noopener\">O postare distribuit\u0103 de Buletin de Bucure\u0219ti (@buletinde.bucuresti)<\/a><\/p><\/div><\/blockquote>\n<script async src=\"\/\/www.instagram.com\/embed.js\"><\/script>\n\n\n\n<p><a href=\"https:\/\/buletin.de\/bucuresti\/daniel-baluta-mesaj-de-reconciliere-dupa-scandalul-planseului-merge-mai-departe-cu-modalitatea-aleasa-de-primarul-general\/\">Daniel B\u0103lu\u0163\u0103 a cedat<\/a>&nbsp;\u00een conflictul pe care l-a st\u00e2rnit cu primarul general, Nicu\u015for Dan, dup\u0103 cum a afirmat recent.<\/p>\n\n\n\n<blockquote class=\"wp-block-quote is-layout-flow wp-block-quote-is-layout-flow\">\n<p>Vom continua implementarea acestor etape \u00een conformitate cu modalitatea aleas\u0103 de primarul general pentru finalizarea acestui proces.<\/p>\n<cite>Primarul Sectorului 4, Daniel B\u0103lu\u021b\u0103<\/cite><\/blockquote>\n\n\n\n<p>Plan\u0219eul de ciment de la Unirii, construit \u00een anii 1940, \u201edirijeaz\u0103\u201d D\u00e2mbovi\u021ba pe sub p\u0103m\u00e2nt din fa\u021ba Hanului lui Manuc, pe diagonala parcului \u0219i se opre\u0219te \u00een peretele pasajului subteran rutier. De acolo, r\u00e2ul trece pe sub pasaj \u0219i iese din nou la suprafa\u021b\u0103 l\u00e2ng\u0103 Magazinul Unirii. Construc\u0163ia din beton acoper\u0103 r\u00e2ul D\u00e2mbovi\u0163a pe l\u0103\u0163imea de 32 de metri \u015fi pe lungimea de 360 de metri, de la strada C\u0103ld\u0103rari p\u00e2n\u0103 la pasajul subteran Unirii.<\/p>\n\n\n\n<p>Expertizele tehnice au \u00eencadrat plan\u0219eul \u00een&nbsp;<a href=\"https:\/\/buletin.de\/bucuresti\/planseul-din-piata-unirii-se-degradeaza-continuu-unele-parti-din-structura-se-pot-prabusi-oricand\/\">starea tehnic\u0103 IV<\/a>&nbsp;\u2013 nesatisf\u0103c\u0103tor.<\/p>\n\n\n\n<p><strong>CITE\u0218TE \u0218I: <\/strong><a href=\"https:\/\/buletin.de\/bucuresti\/scandalul-planseului-filmul-unei-zile-in-care-institutiile-s-au-imbrancit\/\"><strong>Scandalul plan\u0219eului | Filmul unei zile \u00een care institu\u021biile s-au \u00eembr\u00e2ncit<\/strong><\/a><\/p>\n","protected":false},"excerpt":{"rendered":"<p>Dup\u0103 ce \u0219i-a preluat cel de-al treilea mandat de primar al Sectorului 4, Daniel B\u0103lu\u021b\u0103 a anun\u021bat c\u0103 lucreaz\u0103 \u00eempreun\u0103 cu Prim\u0103ria Municipiului Bucure\u0219ti (PMB), pentru a \u00eencepe \u201e\u00een cel mai scurt timp\u201d lucr\u0103rile pentru reabilitarea plan\u0219eului din centrul Capitalei. Anun\u021bul a venit la dou\u0103 s\u0103pt\u0103m\u00e2ni dup\u0103 ce B\u0103lu\u021b\u0103 \u0219i Nicu\u0219or Dan s-au confruntat \u00een [&hellip;]<\/p>\n","protected":false},"author":59,"featured_media":104572,"comment_status":"closed","ping_status":"open","sticky":false,"template":"","format":"standard","meta":{"_acf_changed":false,"inline_featured_image":false,"ngg_post_thumbnail":0,"footnotes":""},"categories":[6994,5762,24,650],"tags":[2063,2779,15761,765,137],"ppma_author":[22572],"class_list":["post-104570","post","type-post","status-publish","format-standard","has-post-thumbnail","hentry","category-stiri-2","category-main","category-primarie","category-transport","tag-bucuresti-2","tag-capitala-2","tag-planseul-unirii-2","tag-sector-4","tag-unirii"],"acf":[],"yoast_head":"<!-- This site is optimized with the Yoast SEO Premium plugin v25.3 (Yoast SEO v27.4) - https:\/\/yoast.com\/product\/yoast-seo-premium-wordpress\/ -->\n<title>Armisti\u0163iu dup\u0103 \u201eB\u0103t\u0103lia din Pia\u021ba Unirii\u201d. \u201eCooperare total\u0103\u201d pentru reabilitarea plan\u0219eului din centrul Capitalei - Buletin de Bucure\u0219ti<\/title>\n<meta name=\"description\" content=\"Primarul general \u0219i cel al Sectorului 4 au ajuns la un armisti\u021biu. \u201eCooperare total\u0103\u201d pentru reabilitarea plan\u0219eului din centrul Capitalei.\" \/>\n<meta name=\"robots\" content=\"index, follow, max-snippet:-1, max-image-preview:large, max-video-preview:-1\" \/>\n<link rel=\"canonical\" href=\"https:\/\/buletin.de\/bucuresti\/armistitiu-dupa-batalia-din-piata-unirii-cooperare-totala-pentru-reabilitarea-planseului-din-centrul-capitalei\/\" \/>\n<meta property=\"og:locale\" content=\"en_GB\" \/>\n<meta property=\"og:type\" content=\"article\" \/>\n<meta property=\"og:title\" content=\"Armisti\u0163iu dup\u0103 \u201eB\u0103t\u0103lia din Pia\u021ba Unirii\u201d. \u201eCooperare total\u0103\u201d pentru reabilitarea plan\u0219eului din centrul Capitalei\" \/>\n<meta property=\"og:description\" content=\"Primarul general \u0219i cel al Sectorului 4 au ajuns la un armisti\u021biu. \u201eCooperare total\u0103\u201d pentru reabilitarea plan\u0219eului din centrul Capitalei.\" \/>\n<meta property=\"og:url\" content=\"https:\/\/buletin.de\/bucuresti\/armistitiu-dupa-batalia-din-piata-unirii-cooperare-totala-pentru-reabilitarea-planseului-din-centrul-capitalei\/\" \/>\n<meta property=\"og:site_name\" content=\"Buletin de Bucure\u0219ti\" \/>\n<meta property=\"article:publisher\" content=\"https:\/\/www.facebook.com\/buletin.de.buc\" \/>\n<meta property=\"article:published_time\" content=\"2024-10-31T17:09:06+00:00\" \/>\n<meta property=\"article:modified_time\" content=\"2024-11-01T06:23:53+00:00\" \/>\n<meta property=\"og:image\" content=\"https:\/\/buletin.de\/bucuresti\/wp-content\/uploads\/Razboiul-Nicusor-Dan-Daniel-Baluta-1-900x675.png\" \/>\n\t<meta property=\"og:image:width\" content=\"900\" \/>\n\t<meta property=\"og:image:height\" content=\"675\" \/>\n\t<meta property=\"og:image:type\" content=\"image\/png\" \/>\n<meta name=\"author\" content=\"C\u0103t\u0103lin Anghel-Dimache\" \/>\n<meta name=\"twitter:card\" content=\"summary_large_image\" \/>\n<meta name=\"twitter:label1\" content=\"Written by\" \/>\n\t<meta name=\"twitter:data1\" content=\"C\u0103t\u0103lin Anghel-Dimache\" \/>\n\t<meta name=\"twitter:label2\" content=\"Estimated reading time\" \/>\n\t<meta name=\"twitter:data2\" content=\"3 minutes\" \/>\n<script type=\"application\/ld+json\" class=\"yoast-schema-graph\">{\"@context\":\"https:\\\/\\\/schema.org\",\"@graph\":[{\"@type\":\"Article\",\"@id\":\"https:\\\/\\\/buletin.de\\\/bucuresti\\\/armistitiu-dupa-batalia-din-piata-unirii-cooperare-totala-pentru-reabilitarea-planseului-din-centrul-capitalei\\\/#article\",\"isPartOf\":{\"@id\":\"https:\\\/\\\/buletin.de\\\/bucuresti\\\/armistitiu-dupa-batalia-din-piata-unirii-cooperare-totala-pentru-reabilitarea-planseului-din-centrul-capitalei\\\/\"},\"author\":{\"name\":\"C\u0103t\u0103lin Anghel-Dimache\",\"@id\":\"https:\\\/\\\/buletin.de\\\/bucuresti\\\/#\\\/schema\\\/person\\\/0ac9db30080482be87c7386a30f98796\"},\"headline\":\"Armisti\u0163iu dup\u0103 \u201eB\u0103t\u0103lia din Pia\u021ba Unirii\u201d. \u201eCooperare total\u0103\u201d pentru reabilitarea plan\u0219eului din centrul Capitalei\",\"datePublished\":\"2024-10-31T17:09:06+00:00\",\"dateModified\":\"2024-11-01T06:23:53+00:00\",\"mainEntityOfPage\":{\"@id\":\"https:\\\/\\\/buletin.de\\\/bucuresti\\\/armistitiu-dupa-batalia-din-piata-unirii-cooperare-totala-pentru-reabilitarea-planseului-din-centrul-capitalei\\\/\"},\"wordCount\":772,\"publisher\":{\"@id\":\"https:\\\/\\\/buletin.de\\\/bucuresti\\\/#organization\"},\"image\":{\"@id\":\"https:\\\/\\\/buletin.de\\\/bucuresti\\\/armistitiu-dupa-batalia-din-piata-unirii-cooperare-totala-pentru-reabilitarea-planseului-din-centrul-capitalei\\\/#primaryimage\"},\"thumbnailUrl\":\"https:\\\/\\\/buletin.de\\\/bucuresti\\\/wp-content\\\/uploads\\\/Razboiul-Nicusor-Dan-Daniel-Baluta-1.png\",\"keywords\":[\"Bucure\u0219ti\",\"Capital\u0103\",\"plan\u0219eul unirii\",\"Sector 4\",\"unirii\"],\"articleSection\":[\"Articole\",\"Main\",\"Prim\u0103rie\",\"Transport\"],\"inLanguage\":\"en-GB\",\"copyrightYear\":\"2024\",\"copyrightHolder\":{\"@id\":\"https:\\\/\\\/buletin.de\\\/bucuresti\\\/#organization\"}},{\"@type\":\"WebPage\",\"@id\":\"https:\\\/\\\/buletin.de\\\/bucuresti\\\/armistitiu-dupa-batalia-din-piata-unirii-cooperare-totala-pentru-reabilitarea-planseului-din-centrul-capitalei\\\/\",\"url\":\"https:\\\/\\\/buletin.de\\\/bucuresti\\\/armistitiu-dupa-batalia-din-piata-unirii-cooperare-totala-pentru-reabilitarea-planseului-din-centrul-capitalei\\\/\",\"name\":\"Armisti\u0163iu dup\u0103 \u201eB\u0103t\u0103lia din Pia\u021ba Unirii\u201d. \u201eCooperare total\u0103\u201d pentru reabilitarea plan\u0219eului din centrul Capitalei - Buletin de Bucure\u0219ti\",\"isPartOf\":{\"@id\":\"https:\\\/\\\/buletin.de\\\/bucuresti\\\/#website\"},\"primaryImageOfPage\":{\"@id\":\"https:\\\/\\\/buletin.de\\\/bucuresti\\\/armistitiu-dupa-batalia-din-piata-unirii-cooperare-totala-pentru-reabilitarea-planseului-din-centrul-capitalei\\\/#primaryimage\"},\"image\":{\"@id\":\"https:\\\/\\\/buletin.de\\\/bucuresti\\\/armistitiu-dupa-batalia-din-piata-unirii-cooperare-totala-pentru-reabilitarea-planseului-din-centrul-capitalei\\\/#primaryimage\"},\"thumbnailUrl\":\"https:\\\/\\\/buletin.de\\\/bucuresti\\\/wp-content\\\/uploads\\\/Razboiul-Nicusor-Dan-Daniel-Baluta-1.png\",\"datePublished\":\"2024-10-31T17:09:06+00:00\",\"dateModified\":\"2024-11-01T06:23:53+00:00\",\"description\":\"Primarul general \u0219i cel al Sectorului 4 au ajuns la un armisti\u021biu. \u201eCooperare total\u0103\u201d pentru reabilitarea plan\u0219eului din centrul Capitalei.\",\"breadcrumb\":{\"@id\":\"https:\\\/\\\/buletin.de\\\/bucuresti\\\/armistitiu-dupa-batalia-din-piata-unirii-cooperare-totala-pentru-reabilitarea-planseului-din-centrul-capitalei\\\/#breadcrumb\"},\"inLanguage\":\"en-GB\",\"potentialAction\":[{\"@type\":\"ReadAction\",\"target\":[\"https:\\\/\\\/buletin.de\\\/bucuresti\\\/armistitiu-dupa-batalia-din-piata-unirii-cooperare-totala-pentru-reabilitarea-planseului-din-centrul-capitalei\\\/\"]}]},{\"@type\":\"ImageObject\",\"inLanguage\":\"en-GB\",\"@id\":\"https:\\\/\\\/buletin.de\\\/bucuresti\\\/armistitiu-dupa-batalia-din-piata-unirii-cooperare-totala-pentru-reabilitarea-planseului-din-centrul-capitalei\\\/#primaryimage\",\"url\":\"https:\\\/\\\/buletin.de\\\/bucuresti\\\/wp-content\\\/uploads\\\/Razboiul-Nicusor-Dan-Daniel-Baluta-1.png\",\"contentUrl\":\"https:\\\/\\\/buletin.de\\\/bucuresti\\\/wp-content\\\/uploads\\\/Razboiul-Nicusor-Dan-Daniel-Baluta-1.png\",\"width\":1440,\"height\":1080,\"caption\":\"\u201eCooperare total\u0103\u201d pentru reabilitarea plan\u0219eului din centrul Capitalei. FOTO: FOTO: Facebook: Nicu\u0219or Dan \\\/ Daniel B\u0103lu\u021b\u0103\"},{\"@type\":\"BreadcrumbList\",\"@id\":\"https:\\\/\\\/buletin.de\\\/bucuresti\\\/armistitiu-dupa-batalia-din-piata-unirii-cooperare-totala-pentru-reabilitarea-planseului-din-centrul-capitalei\\\/#breadcrumb\",\"itemListElement\":[{\"@type\":\"ListItem\",\"position\":1,\"name\":\"Acas\u0103\",\"item\":\"https:\\\/\\\/buletin.de\\\/bucuresti\\\/\"},{\"@type\":\"ListItem\",\"position\":2,\"name\":\"Armisti\u0163iu dup\u0103 \u201eB\u0103t\u0103lia din Pia\u021ba Unirii\u201d. \u201eCooperare total\u0103\u201d pentru reabilitarea plan\u0219eului din centrul Capitalei\"}]},{\"@type\":\"WebSite\",\"@id\":\"https:\\\/\\\/buletin.de\\\/bucuresti\\\/#website\",\"url\":\"https:\\\/\\\/buletin.de\\\/bucuresti\\\/\",\"name\":\"Buletin de Bucure\u0219ti\",\"description\":\"\u0218tiri \u0219i investiga\u021bii esen\u021biale din capital\u0103\",\"publisher\":{\"@id\":\"https:\\\/\\\/buletin.de\\\/bucuresti\\\/#organization\"},\"potentialAction\":[{\"@type\":\"SearchAction\",\"target\":{\"@type\":\"EntryPoint\",\"urlTemplate\":\"https:\\\/\\\/buletin.de\\\/bucuresti\\\/?s={search_term_string}\"},\"query-input\":{\"@type\":\"PropertyValueSpecification\",\"valueRequired\":true,\"valueName\":\"search_term_string\"}}],\"inLanguage\":\"en-GB\"},{\"@type\":\"Organization\",\"@id\":\"https:\\\/\\\/buletin.de\\\/bucuresti\\\/#organization\",\"name\":\"Buletin de Bucure\u0219ti\",\"url\":\"https:\\\/\\\/buletin.de\\\/bucuresti\\\/\",\"logo\":{\"@type\":\"ImageObject\",\"inLanguage\":\"en-GB\",\"@id\":\"https:\\\/\\\/buletin.de\\\/bucuresti\\\/#\\\/schema\\\/logo\\\/image\\\/\",\"url\":\"https:\\\/\\\/buletin.de\\\/bucuresti\\\/wp-content\\\/uploads\\\/logo-bdb-full-wide-vernil-transparent.png\",\"contentUrl\":\"https:\\\/\\\/buletin.de\\\/bucuresti\\\/wp-content\\\/uploads\\\/logo-bdb-full-wide-vernil-transparent.png\",\"width\":1782,\"height\":626,\"caption\":\"Buletin de Bucure\u0219ti\"},\"image\":{\"@id\":\"https:\\\/\\\/buletin.de\\\/bucuresti\\\/#\\\/schema\\\/logo\\\/image\\\/\"},\"sameAs\":[\"https:\\\/\\\/www.facebook.com\\\/buletin.de.buc\",\"https:\\\/\\\/www.instagram.com\\\/buletinde.bucuresti\\\/\"]},{\"@type\":\"Person\",\"@id\":\"https:\\\/\\\/buletin.de\\\/bucuresti\\\/#\\\/schema\\\/person\\\/0ac9db30080482be87c7386a30f98796\",\"name\":\"C\u0103t\u0103lin Anghel-Dimache\",\"image\":{\"@type\":\"ImageObject\",\"inLanguage\":\"en-GB\",\"@id\":\"https:\\\/\\\/buletin.de\\\/bucuresti\\\/wp-content\\\/uploads\\\/Catalin-Anghel-Dimache-96x96.jpgbd9e43c5b25186d5b8e917ac61ad86c4\",\"url\":\"https:\\\/\\\/buletin.de\\\/bucuresti\\\/wp-content\\\/uploads\\\/Catalin-Anghel-Dimache-96x96.jpg\",\"contentUrl\":\"https:\\\/\\\/buletin.de\\\/bucuresti\\\/wp-content\\\/uploads\\\/Catalin-Anghel-Dimache-96x96.jpg\",\"caption\":\"C\u0103t\u0103lin Anghel-Dimache\"},\"description\":\"A absolvit Facultatea de Jurnalism \u0219i \u0218tiin\u021bele Comunic\u0103rii a Universit\u0103\u021bii din Bucure\u0219ti \u00een 2024. Scrie despre mediu \u0219i teme sociale, dar \u0219i despre cum se reflect\u0103 ele \u00een via\u021ba cotidian\u0103 a bucure\u0219tenilor, cu un ochi atent la pove\u0219tile personale din spatele titlurilor. N\u0103scut \u0219i crescut \u00een Bucure\u0219ti, a f\u0103cut un pas c\u0103tre presa local\u0103, din pasiune pentru ora\u0219ul s\u0103u \u0219i oamenii din el.\",\"url\":\"https:\\\/\\\/buletin.de\\\/bucuresti\\\/author\\\/catalin-anghel-dimache\\\/\"}]}<\/script>\n<!-- \/ Yoast SEO Premium plugin. -->","yoast_head_json":{"title":"Armisti\u0163iu dup\u0103 \u201eB\u0103t\u0103lia din Pia\u021ba Unirii\u201d. \u201eCooperare total\u0103\u201d pentru reabilitarea plan\u0219eului din centrul Capitalei - Buletin de Bucure\u0219ti","description":"Primarul general \u0219i cel al Sectorului 4 au ajuns la un armisti\u021biu. \u201eCooperare total\u0103\u201d pentru reabilitarea plan\u0219eului din centrul Capitalei.","robots":{"index":"index","follow":"follow","max-snippet":"max-snippet:-1","max-image-preview":"max-image-preview:large","max-video-preview":"max-video-preview:-1"},"canonical":"https:\/\/buletin.de\/bucuresti\/armistitiu-dupa-batalia-din-piata-unirii-cooperare-totala-pentru-reabilitarea-planseului-din-centrul-capitalei\/","og_locale":"en_GB","og_type":"article","og_title":"Armisti\u0163iu dup\u0103 \u201eB\u0103t\u0103lia din Pia\u021ba Unirii\u201d. \u201eCooperare total\u0103\u201d pentru reabilitarea plan\u0219eului din centrul Capitalei","og_description":"Primarul general \u0219i cel al Sectorului 4 au ajuns la un armisti\u021biu. \u201eCooperare total\u0103\u201d pentru reabilitarea plan\u0219eului din centrul Capitalei.","og_url":"https:\/\/buletin.de\/bucuresti\/armistitiu-dupa-batalia-din-piata-unirii-cooperare-totala-pentru-reabilitarea-planseului-din-centrul-capitalei\/","og_site_name":"Buletin de Bucure\u0219ti","article_publisher":"https:\/\/www.facebook.com\/buletin.de.buc","article_published_time":"2024-10-31T17:09:06+00:00","article_modified_time":"2024-11-01T06:23:53+00:00","og_image":[{"width":900,"height":675,"url":"https:\/\/buletin.de\/bucuresti\/wp-content\/uploads\/Razboiul-Nicusor-Dan-Daniel-Baluta-1-900x675.png","type":"image\/png"}],"author":"C\u0103t\u0103lin Anghel-Dimache","twitter_card":"summary_large_image","twitter_misc":{"Written by":"C\u0103t\u0103lin Anghel-Dimache","Estimated reading time":"3 minutes"},"schema":{"@context":"https:\/\/schema.org","@graph":[{"@type":"Article","@id":"https:\/\/buletin.de\/bucuresti\/armistitiu-dupa-batalia-din-piata-unirii-cooperare-totala-pentru-reabilitarea-planseului-din-centrul-capitalei\/#article","isPartOf":{"@id":"https:\/\/buletin.de\/bucuresti\/armistitiu-dupa-batalia-din-piata-unirii-cooperare-totala-pentru-reabilitarea-planseului-din-centrul-capitalei\/"},"author":{"name":"C\u0103t\u0103lin Anghel-Dimache","@id":"https:\/\/buletin.de\/bucuresti\/#\/schema\/person\/0ac9db30080482be87c7386a30f98796"},"headline":"Armisti\u0163iu dup\u0103 \u201eB\u0103t\u0103lia din Pia\u021ba Unirii\u201d. \u201eCooperare total\u0103\u201d pentru reabilitarea plan\u0219eului din centrul Capitalei","datePublished":"2024-10-31T17:09:06+00:00","dateModified":"2024-11-01T06:23:53+00:00","mainEntityOfPage":{"@id":"https:\/\/buletin.de\/bucuresti\/armistitiu-dupa-batalia-din-piata-unirii-cooperare-totala-pentru-reabilitarea-planseului-din-centrul-capitalei\/"},"wordCount":772,"publisher":{"@id":"https:\/\/buletin.de\/bucuresti\/#organization"},"image":{"@id":"https:\/\/buletin.de\/bucuresti\/armistitiu-dupa-batalia-din-piata-unirii-cooperare-totala-pentru-reabilitarea-planseului-din-centrul-capitalei\/#primaryimage"},"thumbnailUrl":"https:\/\/buletin.de\/bucuresti\/wp-content\/uploads\/Razboiul-Nicusor-Dan-Daniel-Baluta-1.png","keywords":["Bucure\u0219ti","Capital\u0103","plan\u0219eul unirii","Sector 4","unirii"],"articleSection":["Articole","Main","Prim\u0103rie","Transport"],"inLanguage":"en-GB","copyrightYear":"2024","copyrightHolder":{"@id":"https:\/\/buletin.de\/bucuresti\/#organization"}},{"@type":"WebPage","@id":"https:\/\/buletin.de\/bucuresti\/armistitiu-dupa-batalia-din-piata-unirii-cooperare-totala-pentru-reabilitarea-planseului-din-centrul-capitalei\/","url":"https:\/\/buletin.de\/bucuresti\/armistitiu-dupa-batalia-din-piata-unirii-cooperare-totala-pentru-reabilitarea-planseului-din-centrul-capitalei\/","name":"Armisti\u0163iu dup\u0103 \u201eB\u0103t\u0103lia din Pia\u021ba Unirii\u201d. \u201eCooperare total\u0103\u201d pentru reabilitarea plan\u0219eului din centrul Capitalei - Buletin de Bucure\u0219ti","isPartOf":{"@id":"https:\/\/buletin.de\/bucuresti\/#website"},"primaryImageOfPage":{"@id":"https:\/\/buletin.de\/bucuresti\/armistitiu-dupa-batalia-din-piata-unirii-cooperare-totala-pentru-reabilitarea-planseului-din-centrul-capitalei\/#primaryimage"},"image":{"@id":"https:\/\/buletin.de\/bucuresti\/armistitiu-dupa-batalia-din-piata-unirii-cooperare-totala-pentru-reabilitarea-planseului-din-centrul-capitalei\/#primaryimage"},"thumbnailUrl":"https:\/\/buletin.de\/bucuresti\/wp-content\/uploads\/Razboiul-Nicusor-Dan-Daniel-Baluta-1.png","datePublished":"2024-10-31T17:09:06+00:00","dateModified":"2024-11-01T06:23:53+00:00","description":"Primarul general \u0219i cel al Sectorului 4 au ajuns la un armisti\u021biu. \u201eCooperare total\u0103\u201d pentru reabilitarea plan\u0219eului din centrul Capitalei.","breadcrumb":{"@id":"https:\/\/buletin.de\/bucuresti\/armistitiu-dupa-batalia-din-piata-unirii-cooperare-totala-pentru-reabilitarea-planseului-din-centrul-capitalei\/#breadcrumb"},"inLanguage":"en-GB","potentialAction":[{"@type":"ReadAction","target":["https:\/\/buletin.de\/bucuresti\/armistitiu-dupa-batalia-din-piata-unirii-cooperare-totala-pentru-reabilitarea-planseului-din-centrul-capitalei\/"]}]},{"@type":"ImageObject","inLanguage":"en-GB","@id":"https:\/\/buletin.de\/bucuresti\/armistitiu-dupa-batalia-din-piata-unirii-cooperare-totala-pentru-reabilitarea-planseului-din-centrul-capitalei\/#primaryimage","url":"https:\/\/buletin.de\/bucuresti\/wp-content\/uploads\/Razboiul-Nicusor-Dan-Daniel-Baluta-1.png","contentUrl":"https:\/\/buletin.de\/bucuresti\/wp-content\/uploads\/Razboiul-Nicusor-Dan-Daniel-Baluta-1.png","width":1440,"height":1080,"caption":"\u201eCooperare total\u0103\u201d pentru reabilitarea plan\u0219eului din centrul Capitalei. FOTO: FOTO: Facebook: Nicu\u0219or Dan \/ Daniel B\u0103lu\u021b\u0103"},{"@type":"BreadcrumbList","@id":"https:\/\/buletin.de\/bucuresti\/armistitiu-dupa-batalia-din-piata-unirii-cooperare-totala-pentru-reabilitarea-planseului-din-centrul-capitalei\/#breadcrumb","itemListElement":[{"@type":"ListItem","position":1,"name":"Acas\u0103","item":"https:\/\/buletin.de\/bucuresti\/"},{"@type":"ListItem","position":2,"name":"Armisti\u0163iu dup\u0103 \u201eB\u0103t\u0103lia din Pia\u021ba Unirii\u201d. \u201eCooperare total\u0103\u201d pentru reabilitarea plan\u0219eului din centrul Capitalei"}]},{"@type":"WebSite","@id":"https:\/\/buletin.de\/bucuresti\/#website","url":"https:\/\/buletin.de\/bucuresti\/","name":"Buletin de Bucure\u0219ti","description":"\u0218tiri \u0219i investiga\u021bii esen\u021biale din capital\u0103","publisher":{"@id":"https:\/\/buletin.de\/bucuresti\/#organization"},"potentialAction":[{"@type":"SearchAction","target":{"@type":"EntryPoint","urlTemplate":"https:\/\/buletin.de\/bucuresti\/?s={search_term_string}"},"query-input":{"@type":"PropertyValueSpecification","valueRequired":true,"valueName":"search_term_string"}}],"inLanguage":"en-GB"},{"@type":"Organization","@id":"https:\/\/buletin.de\/bucuresti\/#organization","name":"Buletin de Bucure\u0219ti","url":"https:\/\/buletin.de\/bucuresti\/","logo":{"@type":"ImageObject","inLanguage":"en-GB","@id":"https:\/\/buletin.de\/bucuresti\/#\/schema\/logo\/image\/","url":"https:\/\/buletin.de\/bucuresti\/wp-content\/uploads\/logo-bdb-full-wide-vernil-transparent.png","contentUrl":"https:\/\/buletin.de\/bucuresti\/wp-content\/uploads\/logo-bdb-full-wide-vernil-transparent.png","width":1782,"height":626,"caption":"Buletin de Bucure\u0219ti"},"image":{"@id":"https:\/\/buletin.de\/bucuresti\/#\/schema\/logo\/image\/"},"sameAs":["https:\/\/www.facebook.com\/buletin.de.buc","https:\/\/www.instagram.com\/buletinde.bucuresti\/"]},{"@type":"Person","@id":"https:\/\/buletin.de\/bucuresti\/#\/schema\/person\/0ac9db30080482be87c7386a30f98796","name":"C\u0103t\u0103lin Anghel-Dimache","image":{"@type":"ImageObject","inLanguage":"en-GB","@id":"https:\/\/buletin.de\/bucuresti\/wp-content\/uploads\/Catalin-Anghel-Dimache-96x96.jpgbd9e43c5b25186d5b8e917ac61ad86c4","url":"https:\/\/buletin.de\/bucuresti\/wp-content\/uploads\/Catalin-Anghel-Dimache-96x96.jpg","contentUrl":"https:\/\/buletin.de\/bucuresti\/wp-content\/uploads\/Catalin-Anghel-Dimache-96x96.jpg","caption":"C\u0103t\u0103lin Anghel-Dimache"},"description":"A absolvit Facultatea de Jurnalism \u0219i \u0218tiin\u021bele Comunic\u0103rii a Universit\u0103\u021bii din Bucure\u0219ti \u00een 2024. Scrie despre mediu \u0219i teme sociale, dar \u0219i despre cum se reflect\u0103 ele \u00een via\u021ba cotidian\u0103 a bucure\u0219tenilor, cu un ochi atent la pove\u0219tile personale din spatele titlurilor. N\u0103scut \u0219i crescut \u00een Bucure\u0219ti, a f\u0103cut un pas c\u0103tre presa local\u0103, din pasiune pentru ora\u0219ul s\u0103u \u0219i oamenii din el.","url":"https:\/\/buletin.de\/bucuresti\/author\/catalin-anghel-dimache\/"}]}},"authors":[{"term_id":22572,"user_id":59,"is_guest":0,"slug":"catalin-anghel-dimache","display_name":"C\u0103t\u0103lin Anghel-Dimache","avatar_url":"https:\/\/buletin.de\/bucuresti\/wp-content\/uploads\/Catalin-Anghel-Dimache-96x96.jpg","0":null,"1":"","2":"","3":"","4":"","5":"","6":"","7":"","8":""}],"_links":{"self":[{"href":"https:\/\/buletin.de\/bucuresti\/wp-json\/wp\/v2\/posts\/104570","targetHints":{"allow":["GET"]}}],"collection":[{"href":"https:\/\/buletin.de\/bucuresti\/wp-json\/wp\/v2\/posts"}],"about":[{"href":"https:\/\/buletin.de\/bucuresti\/wp-json\/wp\/v2\/types\/post"}],"author":[{"embeddable":true,"href":"https:\/\/buletin.de\/bucuresti\/wp-json\/wp\/v2\/users\/59"}],"replies":[{"embeddable":true,"href":"https:\/\/buletin.de\/bucuresti\/wp-json\/wp\/v2\/comments?post=104570"}],"version-history":[{"count":3,"href":"https:\/\/buletin.de\/bucuresti\/wp-json\/wp\/v2\/posts\/104570\/revisions"}],"predecessor-version":[{"id":104604,"href":"https:\/\/buletin.de\/bucuresti\/wp-json\/wp\/v2\/posts\/104570\/revisions\/104604"}],"wp:featuredmedia":[{"embeddable":true,"href":"https:\/\/buletin.de\/bucuresti\/wp-json\/wp\/v2\/media\/104572"}],"wp:attachment":[{"href":"https:\/\/buletin.de\/bucuresti\/wp-json\/wp\/v2\/media?parent=104570"}],"wp:term":[{"taxonomy":"category","embeddable":true,"href":"https:\/\/buletin.de\/bucuresti\/wp-json\/wp\/v2\/categories?post=104570"},{"taxonomy":"post_tag","embeddable":true,"href":"https:\/\/buletin.de\/bucuresti\/wp-json\/wp\/v2\/tags?post=104570"},{"taxonomy":"author","embeddable":true,"href":"https:\/\/buletin.de\/bucuresti\/wp-json\/wp\/v2\/ppma_author?post=104570"}],"curies":[{"name":"wp","href":"https:\/\/api.w.org\/{rel}","templated":true}]}}