{"id":104490,"date":"2024-11-01T09:34:25","date_gmt":"2024-11-01T06:34:25","guid":{"rendered":"https:\/\/buletin.de\/bucuresti\/?p=104490"},"modified":"2024-11-01T19:11:28","modified_gmt":"2024-11-01T16:11:28","slug":"renovarea-monumentelor-din-capitala","status":"publish","type":"post","link":"https:\/\/buletin.de\/bucuresti\/renovarea-monumentelor-din-capitala\/","title":{"rendered":"Peste 2,5 milioane de euro pentru renovarea monumentelor din Capital\u0103"},"content":{"rendered":"\n<p><strong>Centrul de Cultur\u0103 Palatele Br\u00e2ncovene\u0219ti de la Por\u021bile Bucure\u0219tiului a lansat licita\u021bie public\u0103, pe <a href=\"https:\/\/www.e-licitatie.ro\/\">SEAP, <\/a>pentru servicii care vizeaz\u0103 interven\u021bii de urgen\u021b\u0103 la monumente de for public, aflate in subordinea centrului. Licita\u021bia pentru renovarea monumentelor din Capital\u0103 a fost lansat\u0103 pe 29 octombrie. <\/strong><\/p>\n\n\n\n<p>Potrivit caietului de sarcini, ofertele trebuie depuse p\u00e2n\u0103 pe 2 decembrie, la ora 15:00. Valoarea estimat\u0103 a lucr\u0103rilor este de <strong>12.491.940 de lei,<\/strong> echivalentul a <strong>peste 2,5 milioane de euro<\/strong>, iar durata lucr\u0103rilor este de 2 ani.<\/p>\n\n\n\n<p><strong>Interven\u021biile de conservare \u0219i reabilitare, necesare pentru monumentele care apar\u021bin de Centrul de Cultur\u0103 Palatele Br\u00e2ncovene\u0219ti de la Por\u021bile Bucure\u0219tiului, sunt urm\u0103toarele:<\/strong><\/p>\n\n\n\n<ul class=\"wp-block-list\">\n<li>cur\u0103\u021barea monumentelor;<\/li>\n\n\n\n<li> \u00eendep\u0103rtarea de grafitti; <\/li>\n\n\n\n<li>repararea elementelor deteriorate; <\/li>\n\n\n\n<li>reconstruc\u021bia formelor de piatr\u0103 afectate sau care lipsesc; <\/li>\n\n\n\n<li>conservarea monumentelor prin aplicarea de tratamente specifice; <\/li>\n\n\n\n<li>sp\u0103larea manual\u0103; <\/li>\n\n\n\n<li>vopsire \u0219i tencuire.<\/li>\n<\/ul>\n\n\n\n<p>Lucr\u0103rile se \u00eempart \u00een dou\u0103 loturi.<\/p>\n\n\n\n<h2 class=\"wp-block-heading\" id=\"h-renovarea-monumentelor-din-capitala-neclasate-ca-istorice\">Renovarea monumentelor din Capital\u0103<strong> neclasate ca istorice<\/strong><\/h2>\n\n\n\n<p><strong>215 monumentele neclasate ca monumente istorice de Ministerul Culturii vor fi reabilitate \u0219i conservate. Printre acestea sunt: <\/strong><\/p>\n\n\n\n<p>1. <strong>MONUMENTUL EROILOR REVOLUTIEI <\/strong>&#8211; Piata Revolu\u021biei \/ str. Academiei (in fata Ministerului Afacerilor lnterne);<\/p>\n\n\n\n<p>2. <strong>ATLAS <\/strong>&#8211; Gradina Ci\u0219migiu &#8211; zona UNESCO;<\/p>\n\n\n\n<p>3. <strong>SADOVEANU<\/strong> &#8211; Parcul Regele Mihai I (Herastr\u0103u nou);<\/p>\n\n\n\n<p>4. <strong>CAVOU BlBESCU &#8211; <\/strong>monument funerar comemorativ, Str. Valea Parcului nr. 1, Sat Mogo\u0219oaia, Comuna Mogo\u0219oaia, Jud. llfov;<\/p>\n\n\n\n<p>6. <strong>ALEXANDRU SAHIA <\/strong>&#8211; bust piatra, 1953, Parcul Carol I;<\/p>\n\n\n\n<p>6. <strong>SERBAN CANTACUZINO <\/strong>&#8211; Mihai Buculei, statuie marmur\u0103 2009, Aleea Dealul Mitropoliei;<\/p>\n\n\n\n<p>7. <strong>C. BRATIANU <\/strong>&#8211; ansamblu statuar monumental, bronz &#8211; piatra, 2019, Piata Universit\u0103\u021bii &#8211; rondul central;<\/p>\n\n\n\n<p>8. <strong>GHEORGHE DINICA <\/strong>&#8211; bust bronz, 2013, str. Sf. Dumitru \/ str. N. Tonitza;<\/p>\n\n\n\n<p>9. <strong>ALEXANDRU IOAN CUZA <\/strong>&#8211;  statuie monumental\u0103, 2011, Parcul Al. I. Cuza (fost IOR);<\/p>\n\n\n\n<p>10. <strong>MONUMENT Km 0 <\/strong>&#8211; ansamblu monumental, bronz 1 1936- 1937 &#8211; reamplasat 1998, Bd. I.C. Br\u0103tianu &#8211; parcul Biserica Sf. Gheorghe Nou.<\/p>\n\n\n\n<p>Valoarea pentru cele 215 monumente se ridic\u0103 la 6,9 milioane lei.<\/p>\n\n\n\n<h2 class=\"wp-block-heading\" id=\"h-monumente-clasate-ca-istorice\">Monumente clasate ca istorice <\/h2>\n\n\n\n<p><strong>De asemenea, 93 de monumente clasate ca monumente istorice de Ministerul Culturii au nevoie de interven\u021bii. Printre acestea se num\u0103r\u0103:<\/strong><\/p>\n\n\n\n<p>1. <strong>MIHAI EMINESCU <\/strong>&#8211; autor Gheorghe Anghel statuie bronz, Gr\u0103dina Mariana Nicolesco;<\/p>\n\n\n\n<p>2. <strong>DINICU GOLESCU<\/strong> &#8211; B-dul Dinicu Golescu;<\/p>\n\n\n\n<p>3. <strong>NICOLAE TITULESCU<\/strong> &#8211; Sos. Nicolae Titulescu \/ Bd. Banu Manta;<\/p>\n\n\n\n<p>4. <strong>TITU MAIORESCU<\/strong> &#8211; autor loan C. Dimitriu, Gr\u0103dina Ci\u0219migiu (Rotonda Scriitorilor);<\/p>\n\n\n\n<p>5. <strong>ARCUL DE TRIUMF <\/strong>&#8211; autor arh. Petre Antonescu si basoreliefuri: Ion Jalea, Corne\/ Medrea, C-tin Baraschi, Mac Constantinescu, Mihai\/ Onofrai;<\/p>\n\n\n\n<p>6. <strong>ION LUCA CARAGIALE <\/strong>&#8211; autor Constantin Baraschi, Str. Maria Rosetti nr. 4<\/p>\n\n\n\n<p>7. <strong>MONUMENTUL EROILOR CAZUTI IN PRIMUL<\/strong> <strong>MONDIAL<\/strong>, B-dul Nicolae Grigorescu I Bd. Camif Ressu \/ Bd. Theodor Pallady;<\/p>\n\n\n\n<p>8. <strong>MONUMENTUL EROILOR SANITARI<\/strong>, autor Raffaello Romanelli, grup statuar bronz, Bd. Eroilor Sanitari \/ Splaiul Independentei;<\/p>\n\n\n\n<p>9. <strong>MONUMENTUL POMPIERILOR DIN DEALUL SPIRII(MONUMENTUL EROILOR POMPIERI) <\/strong>&#8211; autor Wladimir (Wladislaw) Hegel, grup statuar bronz, Calea 13 Septembrie (in fata Hotelului J.W. Marriott);<\/p>\n\n\n\n<p>10. <strong>MONUMENTUL INFANTERISTULUI<\/strong>, autor Spiridon Georgescu, statuie bronz, Sos. Cotroceni \/ Splaiul Independentei.<\/p>\n\n\n\n<p>Valoarea pentru cele 93 de monumente se ridic\u0103 la 5,5 milioane lei.<\/p>\n\n\n\n<p><strong>CITE\u0218TE \u0218I:<\/strong> <a href=\"https:\/\/buletin.de\/bucuresti\/contractul-pentru-centura-buftea-a-fost-semnat-cat-ar-trebui-sa-dureze-santierul\/\">Contractul pentru Centura Buftea a fost semnat. C\u00e2t ar trebui s\u0103 dureze \u0219antierul<\/a><\/p>\n\n\n\n<p><\/p>\n\n\n\n<p><\/p>\n","protected":false},"excerpt":{"rendered":"<p>Centrul de Cultur\u0103 Palatele Br\u00e2ncovene\u0219ti de la Por\u021bile Bucure\u0219tiului a lansat licita\u021bie public\u0103, pe SEAP, pentru servicii care vizeaz\u0103 interven\u021bii de urgen\u021b\u0103 la monumente de for public, aflate in subordinea centrului. Licita\u021bia pentru renovarea monumentelor din Capital\u0103 a fost lansat\u0103 pe 29 octombrie. Potrivit caietului de sarcini, ofertele trebuie depuse p\u00e2n\u0103 pe 2 decembrie, la [&hellip;]<\/p>\n","protected":false},"author":49,"featured_media":104602,"comment_status":"closed","ping_status":"open","sticky":false,"template":"","format":"standard","meta":{"_acf_changed":false,"inline_featured_image":false,"ngg_post_thumbnail":0,"footnotes":""},"categories":[6994,81,5762],"tags":[16473,10948,4088,9700,233],"ppma_author":[22574],"class_list":["post-104490","post","type-post","status-publish","format-standard","has-post-thumbnail","hentry","category-stiri-2","category-cultura","category-main","tag-centrul-de-cultura-palatele-brancovenesti-de-la-portile-bucurestiului","tag-gradina-cismigiu","tag-palatele-brancovenesti","tag-parcul-regele-mihai-i","tag-seap"],"acf":[],"yoast_head":"<!-- This site is optimized with the Yoast SEO Premium plugin v25.3 (Yoast SEO v27.4) - https:\/\/yoast.com\/product\/yoast-seo-premium-wordpress\/ -->\n<title>Peste 2,5 milioane de euro pentru renovarea monumentelor din Capital\u0103 - Buletin de Bucure\u0219ti<\/title>\n<meta name=\"description\" content=\"Licita\u021bia pentru renovarea monumentelor din Capital\u0103 a fost lansat\u0103 pe 29 octombrie. Peste 300 de monumente vor fi reabilitate.\" \/>\n<meta name=\"robots\" content=\"index, follow, max-snippet:-1, max-image-preview:large, max-video-preview:-1\" \/>\n<link rel=\"canonical\" href=\"https:\/\/buletin.de\/bucuresti\/renovarea-monumentelor-din-capitala\/\" \/>\n<meta property=\"og:locale\" content=\"en_GB\" \/>\n<meta property=\"og:type\" content=\"article\" \/>\n<meta property=\"og:title\" content=\"Peste 2,5 milioane de euro pentru renovarea monumentelor din Capital\u0103\" \/>\n<meta property=\"og:description\" content=\"Licita\u021bia pentru renovarea monumentelor din Capital\u0103 a fost lansat\u0103 pe 29 octombrie. Peste 300 de monumente vor fi reabilitate.\" \/>\n<meta property=\"og:url\" content=\"https:\/\/buletin.de\/bucuresti\/renovarea-monumentelor-din-capitala\/\" \/>\n<meta property=\"og:site_name\" content=\"Buletin de Bucure\u0219ti\" \/>\n<meta property=\"article:publisher\" content=\"https:\/\/www.facebook.com\/buletin.de.buc\" \/>\n<meta property=\"article:published_time\" content=\"2024-11-01T06:34:25+00:00\" \/>\n<meta property=\"article:modified_time\" content=\"2024-11-01T16:11:28+00:00\" \/>\n<meta property=\"og:image\" content=\"https:\/\/buletin.de\/bucuresti\/wp-content\/uploads\/Screenshot-2024-11-01-082137.jpg\" \/>\n\t<meta property=\"og:image:width\" content=\"1540\" \/>\n\t<meta property=\"og:image:height\" content=\"1105\" \/>\n\t<meta property=\"og:image:type\" content=\"image\/jpeg\" \/>\n<meta name=\"author\" content=\"Diana Matei\" \/>\n<meta name=\"twitter:card\" content=\"summary_large_image\" \/>\n<meta name=\"twitter:label1\" content=\"Written by\" \/>\n\t<meta name=\"twitter:data1\" content=\"Diana Matei\" \/>\n\t<meta name=\"twitter:label2\" content=\"Estimated reading time\" \/>\n\t<meta name=\"twitter:data2\" content=\"3 minutes\" \/>\n<script type=\"application\/ld+json\" class=\"yoast-schema-graph\">{\"@context\":\"https:\\\/\\\/schema.org\",\"@graph\":[{\"@type\":\"Article\",\"@id\":\"https:\\\/\\\/buletin.de\\\/bucuresti\\\/renovarea-monumentelor-din-capitala\\\/#article\",\"isPartOf\":{\"@id\":\"https:\\\/\\\/buletin.de\\\/bucuresti\\\/renovarea-monumentelor-din-capitala\\\/\"},\"author\":{\"name\":\"Diana Matei\",\"@id\":\"https:\\\/\\\/buletin.de\\\/bucuresti\\\/#\\\/schema\\\/person\\\/7e46040573290777280a0835d81ea4ea\"},\"headline\":\"Peste 2,5 milioane de euro pentru renovarea monumentelor din Capital\u0103\",\"datePublished\":\"2024-11-01T06:34:25+00:00\",\"dateModified\":\"2024-11-01T16:11:28+00:00\",\"mainEntityOfPage\":{\"@id\":\"https:\\\/\\\/buletin.de\\\/bucuresti\\\/renovarea-monumentelor-din-capitala\\\/\"},\"wordCount\":506,\"publisher\":{\"@id\":\"https:\\\/\\\/buletin.de\\\/bucuresti\\\/#organization\"},\"image\":{\"@id\":\"https:\\\/\\\/buletin.de\\\/bucuresti\\\/renovarea-monumentelor-din-capitala\\\/#primaryimage\"},\"thumbnailUrl\":\"https:\\\/\\\/buletin.de\\\/bucuresti\\\/wp-content\\\/uploads\\\/Screenshot-2024-11-01-082137.jpg\",\"keywords\":[\"Centrul de Cultura Palatele Br\u00e2ncovene\u0219ti de la Por\u021bile Bucure\u0219tiului\",\"Gradina Cismigiu\",\"palatele brancovenesti\",\"Parcul regele mihai I\",\"seap\"],\"articleSection\":[\"Articole\",\"Cultur\u0103\",\"Main\"],\"inLanguage\":\"en-GB\",\"copyrightYear\":\"2024\",\"copyrightHolder\":{\"@id\":\"https:\\\/\\\/buletin.de\\\/bucuresti\\\/#organization\"}},{\"@type\":\"WebPage\",\"@id\":\"https:\\\/\\\/buletin.de\\\/bucuresti\\\/renovarea-monumentelor-din-capitala\\\/\",\"url\":\"https:\\\/\\\/buletin.de\\\/bucuresti\\\/renovarea-monumentelor-din-capitala\\\/\",\"name\":\"Peste 2,5 milioane de euro pentru renovarea monumentelor din Capital\u0103 - Buletin de Bucure\u0219ti\",\"isPartOf\":{\"@id\":\"https:\\\/\\\/buletin.de\\\/bucuresti\\\/#website\"},\"primaryImageOfPage\":{\"@id\":\"https:\\\/\\\/buletin.de\\\/bucuresti\\\/renovarea-monumentelor-din-capitala\\\/#primaryimage\"},\"image\":{\"@id\":\"https:\\\/\\\/buletin.de\\\/bucuresti\\\/renovarea-monumentelor-din-capitala\\\/#primaryimage\"},\"thumbnailUrl\":\"https:\\\/\\\/buletin.de\\\/bucuresti\\\/wp-content\\\/uploads\\\/Screenshot-2024-11-01-082137.jpg\",\"datePublished\":\"2024-11-01T06:34:25+00:00\",\"dateModified\":\"2024-11-01T16:11:28+00:00\",\"description\":\"Licita\u021bia pentru renovarea monumentelor din Capital\u0103 a fost lansat\u0103 pe 29 octombrie. Peste 300 de monumente vor fi reabilitate.\",\"breadcrumb\":{\"@id\":\"https:\\\/\\\/buletin.de\\\/bucuresti\\\/renovarea-monumentelor-din-capitala\\\/#breadcrumb\"},\"inLanguage\":\"en-GB\",\"potentialAction\":[{\"@type\":\"ReadAction\",\"target\":[\"https:\\\/\\\/buletin.de\\\/bucuresti\\\/renovarea-monumentelor-din-capitala\\\/\"]}]},{\"@type\":\"ImageObject\",\"inLanguage\":\"en-GB\",\"@id\":\"https:\\\/\\\/buletin.de\\\/bucuresti\\\/renovarea-monumentelor-din-capitala\\\/#primaryimage\",\"url\":\"https:\\\/\\\/buletin.de\\\/bucuresti\\\/wp-content\\\/uploads\\\/Screenshot-2024-11-01-082137.jpg\",\"contentUrl\":\"https:\\\/\\\/buletin.de\\\/bucuresti\\\/wp-content\\\/uploads\\\/Screenshot-2024-11-01-082137.jpg\",\"width\":1540,\"height\":1105,\"caption\":\"Peste 2,5 milioane de euro pentru reablitatea monumentelor din Capital\u0103.\"},{\"@type\":\"BreadcrumbList\",\"@id\":\"https:\\\/\\\/buletin.de\\\/bucuresti\\\/renovarea-monumentelor-din-capitala\\\/#breadcrumb\",\"itemListElement\":[{\"@type\":\"ListItem\",\"position\":1,\"name\":\"Acas\u0103\",\"item\":\"https:\\\/\\\/buletin.de\\\/bucuresti\\\/\"},{\"@type\":\"ListItem\",\"position\":2,\"name\":\"Peste 2,5 milioane de euro pentru renovarea monumentelor din Capital\u0103\"}]},{\"@type\":\"WebSite\",\"@id\":\"https:\\\/\\\/buletin.de\\\/bucuresti\\\/#website\",\"url\":\"https:\\\/\\\/buletin.de\\\/bucuresti\\\/\",\"name\":\"Buletin de Bucure\u0219ti\",\"description\":\"\u0218tiri \u0219i investiga\u021bii esen\u021biale din capital\u0103\",\"publisher\":{\"@id\":\"https:\\\/\\\/buletin.de\\\/bucuresti\\\/#organization\"},\"potentialAction\":[{\"@type\":\"SearchAction\",\"target\":{\"@type\":\"EntryPoint\",\"urlTemplate\":\"https:\\\/\\\/buletin.de\\\/bucuresti\\\/?s={search_term_string}\"},\"query-input\":{\"@type\":\"PropertyValueSpecification\",\"valueRequired\":true,\"valueName\":\"search_term_string\"}}],\"inLanguage\":\"en-GB\"},{\"@type\":\"Organization\",\"@id\":\"https:\\\/\\\/buletin.de\\\/bucuresti\\\/#organization\",\"name\":\"Buletin de Bucure\u0219ti\",\"url\":\"https:\\\/\\\/buletin.de\\\/bucuresti\\\/\",\"logo\":{\"@type\":\"ImageObject\",\"inLanguage\":\"en-GB\",\"@id\":\"https:\\\/\\\/buletin.de\\\/bucuresti\\\/#\\\/schema\\\/logo\\\/image\\\/\",\"url\":\"https:\\\/\\\/buletin.de\\\/bucuresti\\\/wp-content\\\/uploads\\\/logo-bdb-full-wide-vernil-transparent.png\",\"contentUrl\":\"https:\\\/\\\/buletin.de\\\/bucuresti\\\/wp-content\\\/uploads\\\/logo-bdb-full-wide-vernil-transparent.png\",\"width\":1782,\"height\":626,\"caption\":\"Buletin de Bucure\u0219ti\"},\"image\":{\"@id\":\"https:\\\/\\\/buletin.de\\\/bucuresti\\\/#\\\/schema\\\/logo\\\/image\\\/\"},\"sameAs\":[\"https:\\\/\\\/www.facebook.com\\\/buletin.de.buc\",\"https:\\\/\\\/www.instagram.com\\\/buletinde.bucuresti\\\/\"]},{\"@type\":\"Person\",\"@id\":\"https:\\\/\\\/buletin.de\\\/bucuresti\\\/#\\\/schema\\\/person\\\/7e46040573290777280a0835d81ea4ea\",\"name\":\"Diana Matei\",\"image\":{\"@type\":\"ImageObject\",\"inLanguage\":\"en-GB\",\"@id\":\"https:\\\/\\\/buletin.de\\\/bucuresti\\\/wp-content\\\/uploads\\\/9-2-96x96.jpg1e8590b30871d70e62ebcdaf2eff570c\",\"url\":\"https:\\\/\\\/buletin.de\\\/bucuresti\\\/wp-content\\\/uploads\\\/9-2-96x96.jpg\",\"contentUrl\":\"https:\\\/\\\/buletin.de\\\/bucuresti\\\/wp-content\\\/uploads\\\/9-2-96x96.jpg\",\"caption\":\"Diana Matei\"},\"url\":\"https:\\\/\\\/buletin.de\\\/bucuresti\\\/author\\\/dianamatei\\\/\"}]}<\/script>\n<!-- \/ Yoast SEO Premium plugin. -->","yoast_head_json":{"title":"Peste 2,5 milioane de euro pentru renovarea monumentelor din Capital\u0103 - Buletin de Bucure\u0219ti","description":"Licita\u021bia pentru renovarea monumentelor din Capital\u0103 a fost lansat\u0103 pe 29 octombrie. Peste 300 de monumente vor fi reabilitate.","robots":{"index":"index","follow":"follow","max-snippet":"max-snippet:-1","max-image-preview":"max-image-preview:large","max-video-preview":"max-video-preview:-1"},"canonical":"https:\/\/buletin.de\/bucuresti\/renovarea-monumentelor-din-capitala\/","og_locale":"en_GB","og_type":"article","og_title":"Peste 2,5 milioane de euro pentru renovarea monumentelor din Capital\u0103","og_description":"Licita\u021bia pentru renovarea monumentelor din Capital\u0103 a fost lansat\u0103 pe 29 octombrie. Peste 300 de monumente vor fi reabilitate.","og_url":"https:\/\/buletin.de\/bucuresti\/renovarea-monumentelor-din-capitala\/","og_site_name":"Buletin de Bucure\u0219ti","article_publisher":"https:\/\/www.facebook.com\/buletin.de.buc","article_published_time":"2024-11-01T06:34:25+00:00","article_modified_time":"2024-11-01T16:11:28+00:00","og_image":[{"width":1540,"height":1105,"url":"https:\/\/buletin.de\/bucuresti\/wp-content\/uploads\/Screenshot-2024-11-01-082137.jpg","type":"image\/jpeg"}],"author":"Diana Matei","twitter_card":"summary_large_image","twitter_misc":{"Written by":"Diana Matei","Estimated reading time":"3 minutes"},"schema":{"@context":"https:\/\/schema.org","@graph":[{"@type":"Article","@id":"https:\/\/buletin.de\/bucuresti\/renovarea-monumentelor-din-capitala\/#article","isPartOf":{"@id":"https:\/\/buletin.de\/bucuresti\/renovarea-monumentelor-din-capitala\/"},"author":{"name":"Diana Matei","@id":"https:\/\/buletin.de\/bucuresti\/#\/schema\/person\/7e46040573290777280a0835d81ea4ea"},"headline":"Peste 2,5 milioane de euro pentru renovarea monumentelor din Capital\u0103","datePublished":"2024-11-01T06:34:25+00:00","dateModified":"2024-11-01T16:11:28+00:00","mainEntityOfPage":{"@id":"https:\/\/buletin.de\/bucuresti\/renovarea-monumentelor-din-capitala\/"},"wordCount":506,"publisher":{"@id":"https:\/\/buletin.de\/bucuresti\/#organization"},"image":{"@id":"https:\/\/buletin.de\/bucuresti\/renovarea-monumentelor-din-capitala\/#primaryimage"},"thumbnailUrl":"https:\/\/buletin.de\/bucuresti\/wp-content\/uploads\/Screenshot-2024-11-01-082137.jpg","keywords":["Centrul de Cultura Palatele Br\u00e2ncovene\u0219ti de la Por\u021bile Bucure\u0219tiului","Gradina Cismigiu","palatele brancovenesti","Parcul regele mihai I","seap"],"articleSection":["Articole","Cultur\u0103","Main"],"inLanguage":"en-GB","copyrightYear":"2024","copyrightHolder":{"@id":"https:\/\/buletin.de\/bucuresti\/#organization"}},{"@type":"WebPage","@id":"https:\/\/buletin.de\/bucuresti\/renovarea-monumentelor-din-capitala\/","url":"https:\/\/buletin.de\/bucuresti\/renovarea-monumentelor-din-capitala\/","name":"Peste 2,5 milioane de euro pentru renovarea monumentelor din Capital\u0103 - Buletin de Bucure\u0219ti","isPartOf":{"@id":"https:\/\/buletin.de\/bucuresti\/#website"},"primaryImageOfPage":{"@id":"https:\/\/buletin.de\/bucuresti\/renovarea-monumentelor-din-capitala\/#primaryimage"},"image":{"@id":"https:\/\/buletin.de\/bucuresti\/renovarea-monumentelor-din-capitala\/#primaryimage"},"thumbnailUrl":"https:\/\/buletin.de\/bucuresti\/wp-content\/uploads\/Screenshot-2024-11-01-082137.jpg","datePublished":"2024-11-01T06:34:25+00:00","dateModified":"2024-11-01T16:11:28+00:00","description":"Licita\u021bia pentru renovarea monumentelor din Capital\u0103 a fost lansat\u0103 pe 29 octombrie. Peste 300 de monumente vor fi reabilitate.","breadcrumb":{"@id":"https:\/\/buletin.de\/bucuresti\/renovarea-monumentelor-din-capitala\/#breadcrumb"},"inLanguage":"en-GB","potentialAction":[{"@type":"ReadAction","target":["https:\/\/buletin.de\/bucuresti\/renovarea-monumentelor-din-capitala\/"]}]},{"@type":"ImageObject","inLanguage":"en-GB","@id":"https:\/\/buletin.de\/bucuresti\/renovarea-monumentelor-din-capitala\/#primaryimage","url":"https:\/\/buletin.de\/bucuresti\/wp-content\/uploads\/Screenshot-2024-11-01-082137.jpg","contentUrl":"https:\/\/buletin.de\/bucuresti\/wp-content\/uploads\/Screenshot-2024-11-01-082137.jpg","width":1540,"height":1105,"caption":"Peste 2,5 milioane de euro pentru reablitatea monumentelor din Capital\u0103."},{"@type":"BreadcrumbList","@id":"https:\/\/buletin.de\/bucuresti\/renovarea-monumentelor-din-capitala\/#breadcrumb","itemListElement":[{"@type":"ListItem","position":1,"name":"Acas\u0103","item":"https:\/\/buletin.de\/bucuresti\/"},{"@type":"ListItem","position":2,"name":"Peste 2,5 milioane de euro pentru renovarea monumentelor din Capital\u0103"}]},{"@type":"WebSite","@id":"https:\/\/buletin.de\/bucuresti\/#website","url":"https:\/\/buletin.de\/bucuresti\/","name":"Buletin de Bucure\u0219ti","description":"\u0218tiri \u0219i investiga\u021bii esen\u021biale din capital\u0103","publisher":{"@id":"https:\/\/buletin.de\/bucuresti\/#organization"},"potentialAction":[{"@type":"SearchAction","target":{"@type":"EntryPoint","urlTemplate":"https:\/\/buletin.de\/bucuresti\/?s={search_term_string}"},"query-input":{"@type":"PropertyValueSpecification","valueRequired":true,"valueName":"search_term_string"}}],"inLanguage":"en-GB"},{"@type":"Organization","@id":"https:\/\/buletin.de\/bucuresti\/#organization","name":"Buletin de Bucure\u0219ti","url":"https:\/\/buletin.de\/bucuresti\/","logo":{"@type":"ImageObject","inLanguage":"en-GB","@id":"https:\/\/buletin.de\/bucuresti\/#\/schema\/logo\/image\/","url":"https:\/\/buletin.de\/bucuresti\/wp-content\/uploads\/logo-bdb-full-wide-vernil-transparent.png","contentUrl":"https:\/\/buletin.de\/bucuresti\/wp-content\/uploads\/logo-bdb-full-wide-vernil-transparent.png","width":1782,"height":626,"caption":"Buletin de Bucure\u0219ti"},"image":{"@id":"https:\/\/buletin.de\/bucuresti\/#\/schema\/logo\/image\/"},"sameAs":["https:\/\/www.facebook.com\/buletin.de.buc","https:\/\/www.instagram.com\/buletinde.bucuresti\/"]},{"@type":"Person","@id":"https:\/\/buletin.de\/bucuresti\/#\/schema\/person\/7e46040573290777280a0835d81ea4ea","name":"Diana Matei","image":{"@type":"ImageObject","inLanguage":"en-GB","@id":"https:\/\/buletin.de\/bucuresti\/wp-content\/uploads\/9-2-96x96.jpg1e8590b30871d70e62ebcdaf2eff570c","url":"https:\/\/buletin.de\/bucuresti\/wp-content\/uploads\/9-2-96x96.jpg","contentUrl":"https:\/\/buletin.de\/bucuresti\/wp-content\/uploads\/9-2-96x96.jpg","caption":"Diana Matei"},"url":"https:\/\/buletin.de\/bucuresti\/author\/dianamatei\/"}]}},"authors":[{"term_id":22574,"user_id":49,"is_guest":0,"slug":"dianamatei","display_name":"Diana Matei","avatar_url":"https:\/\/buletin.de\/bucuresti\/wp-content\/uploads\/9-2-96x96.jpg","0":null,"1":"","2":"","3":"","4":"","5":"","6":"","7":"","8":""}],"_links":{"self":[{"href":"https:\/\/buletin.de\/bucuresti\/wp-json\/wp\/v2\/posts\/104490","targetHints":{"allow":["GET"]}}],"collection":[{"href":"https:\/\/buletin.de\/bucuresti\/wp-json\/wp\/v2\/posts"}],"about":[{"href":"https:\/\/buletin.de\/bucuresti\/wp-json\/wp\/v2\/types\/post"}],"author":[{"embeddable":true,"href":"https:\/\/buletin.de\/bucuresti\/wp-json\/wp\/v2\/users\/49"}],"replies":[{"embeddable":true,"href":"https:\/\/buletin.de\/bucuresti\/wp-json\/wp\/v2\/comments?post=104490"}],"version-history":[{"count":9,"href":"https:\/\/buletin.de\/bucuresti\/wp-json\/wp\/v2\/posts\/104490\/revisions"}],"predecessor-version":[{"id":104615,"href":"https:\/\/buletin.de\/bucuresti\/wp-json\/wp\/v2\/posts\/104490\/revisions\/104615"}],"wp:featuredmedia":[{"embeddable":true,"href":"https:\/\/buletin.de\/bucuresti\/wp-json\/wp\/v2\/media\/104602"}],"wp:attachment":[{"href":"https:\/\/buletin.de\/bucuresti\/wp-json\/wp\/v2\/media?parent=104490"}],"wp:term":[{"taxonomy":"category","embeddable":true,"href":"https:\/\/buletin.de\/bucuresti\/wp-json\/wp\/v2\/categories?post=104490"},{"taxonomy":"post_tag","embeddable":true,"href":"https:\/\/buletin.de\/bucuresti\/wp-json\/wp\/v2\/tags?post=104490"},{"taxonomy":"author","embeddable":true,"href":"https:\/\/buletin.de\/bucuresti\/wp-json\/wp\/v2\/ppma_author?post=104490"}],"curies":[{"name":"wp","href":"https:\/\/api.w.org\/{rel}","templated":true}]}}