{"id":104285,"date":"2024-10-30T08:12:03","date_gmt":"2024-10-30T05:12:03","guid":{"rendered":"https:\/\/buletin.de\/bucuresti\/?p=104285"},"modified":"2024-10-30T13:44:52","modified_gmt":"2024-10-30T10:44:52","slug":"reportaj-magnetismul-lui-nicusor-dan-la-investirea-noului-consiliu-general-al-capitalei","status":"publish","type":"post","link":"https:\/\/buletin.de\/bucuresti\/reportaj-magnetismul-lui-nicusor-dan-la-investirea-noului-consiliu-general-al-capitalei\/","title":{"rendered":"REPORTAJ | \u201eMagnetismul\u201d lui Nicu\u0219or Dan la \u00eenvestirea noului Consiliu General al Capitalei"},"content":{"rendered":"\n<p><strong>Sala de consiliu de la etajul trei al Prim\u0103riei Generale a fost mar\u021bi, la propriu \u0219i la figurat, un spa\u021biu \u00een care tensiunea \u0219i c\u0103ldura s-au resim\u021bit \u00een fiecare col\u021b. Noii \u0219i vechii consilieri generali \u0219i-au depus jur\u0103m\u00e2ntul \u0219i au fost \u00eenvesti\u021bi \u00een func\u021bie, iar Nicu\u0219or Dan a preluat cel de-al doilea mandat consecutiv de primar general, \u00een \u0219edin\u021ba consiliului de mar\u021bi, 29 octombrie. Sala s-a transformat \u00eentr-o aren\u0103 pe care au participat numero\u0219i oameni importan\u021bi din politic\u0103, \u00een goana dup\u0103 imagine.&nbsp;<\/strong><\/p>\n\n\n\n<p>La dou\u0103 s\u0103pt\u0103m\u00e2ni de la <a href=\"https:\/\/buletin.de\/bucuresti\/de-bello-unionis-cum-arata-frontul-unirii-dupa-lupta-primarilor\/\">marea \u0219i deja faimoasa \u201eb\u0103t\u0103lie\u201d din Pia\u021ba Unirii<\/a>, \u201emagnetismul\u201d lui Nicu\u0219or Dan, declarat de majoritate \u00eenving\u0103tor, a fost resim\u021bit la \u0219edin\u021ba de \u00eenvestire a noului Executiv \u0219i Legislativ al Capitalei prin fiecare privire aruncat\u0103 c\u0103tre edilul general.<\/p>\n\n\n\n<p><strong>CITE\u0218TE \u0218I: <\/strong><a href=\"https:\/\/buletin.de\/bucuresti\/scandalul-planseului-filmul-unei-zile-in-care-institutiile-s-au-imbrancit\/\"><strong>Scandalul plan\u0219eului | Filmul unei zile \u00een care institu\u021biile s-au \u00eembr\u00e2ncit<\/strong><\/a><\/p>\n\n\n\n<h2 class=\"wp-block-heading\" id=\"h-o-\u0219edinta-termoficata\"><strong>O \u0219edint\u0103 \u201etermoficat\u0103&#8221;<\/strong><\/h2>\n\n\n\n<p>La ora 16:00, c\u00e2nd \u0219edin\u021ba a debutat cu intonarea Imnului Na\u021bional, toat\u0103 sala s-a ridicat \u00een picioare, iar apoi, r\u00e2nd pe r\u00e2nd, consilierii au fost chema\u021bi la pupitru pentru a depune jur\u0103m\u00e2ntul solemn.<\/p>\n\n\n\n<p><em>\u201eJur s\u0103 respect Constitu\u021bia \u0219i legile \u021b\u0103rii \u0219i s\u0103 fac, cu bun\u0103 credin\u021b\u0103, tot ceea ce st\u0103 \u00een puterile \u0219i priceperea mea pentru binele locuitorilor Municipiului Bucure\u0219ti. A\u0219a s\u0103-mi ajute Dumnezeu\u201d<\/em>, au rostit fiecare \u00een parte. Unii consilieri \u0219i-au f\u0103cut cruce dup\u0103 jur\u0103m\u00e2nt, \u00een timp ce al\u021bii erau absorbi\u021bi cu totul de solemnitatea momentului.<\/p>\n\n\n\n<p>Consiliera PSD Ioana Stoica, care este \u0219i lidera sindicatului Termoenergetica, a condus \u0219edin\u021ba, iar \u00eentre momentele de discurs \u0219i depunere a jur\u0103m\u00e2ntului, doar discu\u021biile discrete despre c\u0103ldura exagerat\u0103 din sal\u0103 reu\u0219eau s\u0103 distrag\u0103 aten\u021bia de la importan\u021ba momentului. Timp de o or\u0103, sala de consiliu se transformase \u00eentr-o \u201eser\u0103\u201d de jur\u0103minte politice.<\/p>\n\n\n\n<p><strong>\u00cen mul\u021bimea oficialilor de fa\u021b\u0103, atmosfera a fost \u0219i mai \u00eenc\u0103rcat\u0103 de prezen\u021ba unor candida\u021bi la alegerile preziden\u021biale: Elena Lasconi, Nicolae Ciuc\u0103 \u0219i Ludovic Orban.<\/strong><\/p>\n\n\n\n<p><em>\u201eLe mul\u0163umesc c\u0103 au acceptat s\u0103 fac\u0103 o majoritate, c\u0103 au sus\u0163inut referendumul. Mai departe, fiind un primar independent, \u00eentr-un context \u00een care majoritatea este format\u0103 din cinci partide, trebuie s\u0103 p\u0103strez o echidistan\u021b\u0103 fa\u0163\u0103 de aceste partide. Mai departe, dac\u0103 ajungem \u00een turul doi, mai discut\u0103m\u201d<\/em>, a declarat Nicu\u0219or Dan, spre dezam\u0103girea preziden\u021biabililor, c\u00e2nd a fost \u00eentrebat dac\u0103 \u00ee\u015fi va declara sus\u0163inerea pentru unul dintre candida\u0163i.<\/p>\n\n\n\n<p><em>\u201e\u00cemi doresc s\u0103 avem un mandat reu\u0219it \u0219i sa rezolv\u0103m problemele pentru care cet\u0103\u021benii ne-au ales sa fim aici&#8221;<\/em>, a spus edilul.&nbsp;<\/p>\n\n\n\n<p>Pe l\u00e2ng\u0103 figurile de prim\u0103 linie enumerate mai sus, la eveniment au fost prezen\u0163i \u0219i liderii partidului REPER, Ramona Strugariu \u015fi Drago\u015f P\u00eeslaru, liderul PMP, Eugen Tomac, pre\u0219edintele USR Bucure\u015fti, europarlamentarul Vlad Voiculescu, ministrul Energiei \u0219i \u0219eful PNL Bucure\u0219ti Sebastian Burduja, prim-vicepre\u015fedintele PNL, Dan Motreanu, primarul Sectorului 6, Ciprian Ciucu, fostul primar al Sectorului 1, Clotilde Armand \u015fi fostul primar al Sectorului 2, Radu Mihaiu.<\/p>\n\n\n\n<p><strong>50 de consilieri municipali au depus jur\u0103m\u00e2ntul de \u00eenvestire \u00een func\u0163ie, dintr-un total de 55. Din partea PSD au renun\u0163at la mandate Gabriela Firea, care a fost aleas\u0103 europarlamentar, primarii de sector Robert Negoi\u0163\u0103, Daniel B\u0103lu\u0163\u0103 \u0219i Vlad Popescu Piedone. Nici Cristian Popescu Piedone nu \u0219i-a preluat mandatul de consilier general.<\/strong><\/p>\n\n\n\n<p>\u00cen locul lor urmeaz\u0103 s\u0103 fie numi\u0163i suplean\u0163i, adic\u0103 urm\u0103torii de pe lista de partid. P\u00e2n\u0103 la validarea lor (trei de la PSD \u0219i doi de la PUSL), configura\u021bia mandatelor este urm\u0103toarea: PSD \u0219i USR vor avea c\u00e2te 13 mandate, PNL &#8211; 7, AUR &#8211; 5, PUSL &#8211; 4, REPER &#8211; 4, PMP &#8211; 2 \u0219i For\u021ba Dreptei &#8211; 2. Lista complet\u0103, la finalul articolului.<\/p>\n\n\n\n<p><strong>CITE\u0218TE \u0218I: <\/strong><a href=\"https:\/\/buletin.de\/bucuresti\/referendumul-lui-nicusor-dan-va-fi-organizat-in-aceleasi-sectii-de-vot-cu-alegerile-prezidentiale\/\"><strong>Referendumul lui Nicu\u0219or Dan va fi organizat \u00een acelea\u0219i sec\u021bii de vot cu alegerile preziden\u021biale<\/strong><\/a><\/p>\n\n\n\n<h2 class=\"wp-block-heading\" id=\"h-concuren\u021ba-pentru-sus\u021binerea-lui-nicu\u0219or-dan\"><strong>Concuren\u021ba pentru sus\u021binerea lui Nicu\u0219or Dan<\/strong><\/h2>\n\n\n\n<p><strong>Dup\u0103 \u0219edin\u021b\u0103, candidata USR la preziden\u021biale, Elena Lasconi, i-a propus lui Nicu\u0219or Dan s\u0103 selecteze trei case de sondare pentru a realiza trei sondaje diferite. \u00cen urma acestor sondaje, va r\u0103m\u00e2ne \u00een curs\u0103 candidatul de \u201edreapta\u201d cu cea mai mare \u0219ans\u0103 de a deveni pre\u0219edinte.<\/strong><\/p>\n\n\n\n<p>Ea a declarat c\u0103, dac\u0103 partidele de dreapta nu vor stabili un candidat unic, premierul Marcel Ciolacu \u0219i \u201eomul ru\u0219ilor\u201d vor ajunge \u00een cel de-al doilea tur al alegerilor preziden\u021biale.<\/p>\n\n\n\n<p>De asemenea, Elena Lasconi a afirmat c\u0103, \u00een cazul \u00een care s-ar clasa pe ultimul loc \u00een aceste sondaje, s-ar retrage din cursa electoral\u0103 pentru Cotroceni.<\/p>\n\n\n\n<p>Despre o astfel de \u00een\u021belegere, Nicu\u0219or Dan a spus c\u0103 \u201e\u00eent\u00e2lnirea asta probabil c\u0103 ar fi trebuit s\u0103 aib\u0103 loc acum cinci luni\u201d, dar c\u0103 este o idee bun\u0103 s\u0103 existe un singur candidat al dreptei la alegerile preziden\u021biale.<\/p>\n\n\n\n<p>De asemenea, \u0219i \u0219eful PNL, Nicolae Ciuc\u0103, <a href=\"https:\/\/fb.watch\/vxnFrdBJVi\/\">a refuzat propunerea.<\/a><\/p>\n\n\n\n<p><strong>CITE\u0218TE \u0218I: <\/strong><a href=\"https:\/\/buletin.de\/bucuresti\/noii-primari-din-bucuresti-si-au-preluat-mandatul-ce-au-facut-prima-data\/\"><strong>Noii primari din Bucure\u0219ti \u0219i-au preluat mandatul. Ce au f\u0103cut prima dat\u0103<\/strong><\/a><\/p>\n\n\n\n<p class=\"has-medium-font-size\"><strong>Cine sunt noii consilierii generali care \u0219i-au preluat mar\u021bi mandatele:<\/strong><\/p>\n\n\n\n<ul class=\"wp-block-list\">\n<li><strong>PSD: <\/strong>Artimon Marian, Com\u0103nici Ancu\u0163a-Sorina, Gherghiceanu Florentina, Iacob Emanuel, Kansou Alexandru-Hazem, Manciu George-Alexandru, Petrescu Elena, Popescu Dan-Cristian, Stoica Ioana, Susai Alexandru, T\u0103nase Andrei-Valentin, Turmac George-Adrian, Vigheciu Adrian-Nicolae;<\/li>\n\n\n\n<li><strong>USR: <\/strong>Didi\u0163\u0103 Radu-Cristian, Dinu Ionela-Gabriela, Dobrescu Daniel, Gavril Nicolae Lucian, Judele \u015etefan-Lucian, Munteanu Cristina-Simona, Nicorescu Nicorel, Radu Drago\u015f-Georgian, Reniu\u0163 Anamaria-Naomi, Sabo Bogdan-Alexandru, Sava Alexandru, Smighelschi Cosmin-Victor, Stofor \u015etefan Radu;<\/li>\n\n\n\n<li><strong>PNL:<\/strong> Badiu Andrei, Bujduveanu Stelian, Feroiu Dumitru-Silviu, Mardarovici Diana, Mitu R\u0103zvan-Aurel, Nicolaie George, Purc\u0103rea Sorin;<\/li>\n\n\n\n<li><strong>AUR: <\/strong>Enache Mihai-Adrian, Geam\u0103n\u0103 Drago\u015f, Oprea \u015etefan, Stelea Niculina, Susanu (V\u00eelcu) Selena-Gabriela;<\/li>\n\n\n\n<li><strong>PUSL: <\/strong>Bot\u00eelc\u0103 Adrian, Chi\u0163u Florin-Robert, Jelea Bogdan-Ion, Ni\u0163u R\u0103zvan-Ionu\u0163;<\/li>\n\n\n\n<li><strong>REPER: <\/strong>Boghean Ana-Maria, Cobianu Cezar-Adrian, Leonte Andreea-Iuliana, Teni\u0163\u0103 C\u0103t\u0103lin-Drago\u015f;<\/li>\n\n\n\n<li><strong>PMP: <\/strong>Florescu Adrian-Constantin, Florescu \u015etefan-Viorel;<\/li>\n\n\n\n<li><strong>For\u0163a Dreptei: <\/strong>Hiohi Albert-Lauren\u0163iu, Stan Robert.<\/li>\n<\/ul>\n","protected":false},"excerpt":{"rendered":"<p>Sala de consiliu de la etajul trei al Prim\u0103riei Generale a fost mar\u021bi, la propriu \u0219i la figurat, un spa\u021biu \u00een care tensiunea \u0219i c\u0103ldura s-au resim\u021bit \u00een fiecare col\u021b. Noii \u0219i vechii consilieri generali \u0219i-au depus jur\u0103m\u00e2ntul \u0219i au fost \u00eenvesti\u021bi \u00een func\u021bie, iar Nicu\u0219or Dan a preluat cel de-al doilea mandat consecutiv de [&hellip;]<\/p>\n","protected":false},"author":59,"featured_media":104301,"comment_status":"closed","ping_status":"open","sticky":false,"template":"","format":"standard","meta":{"_acf_changed":false,"inline_featured_image":false,"ngg_post_thumbnail":0,"footnotes":""},"categories":[6994,5762,9025,24],"tags":[9,2054,2645,5721,1726,1834,105],"ppma_author":[22572],"class_list":["post-104285","post","type-post","status-publish","format-standard","has-post-thumbnail","hentry","category-stiri-2","category-main","category-politic","category-primarie","tag-bucuresti","tag-capitala","tag-consilieri-generali","tag-consiliul-general","tag-investire","tag-juramant-de-investire","tag-sedinta"],"acf":[],"yoast_head":"<!-- This site is optimized with the Yoast SEO Premium plugin v25.3 (Yoast SEO v27.4) - https:\/\/yoast.com\/product\/yoast-seo-premium-wordpress\/ -->\n<title>REPORTAJ | \u201eMagnetismul\u201d lui Nicu\u0219or Dan la \u00eenvestirea noului Consiliu General al Capitalei - Buletin de Bucure\u0219ti<\/title>\n<meta name=\"description\" content=\"\u201eMagnetismul\u201d lui Nicu\u0219or Dan la \u00eenvestirea noului Consiliu General al Capitalei, \u00een \u0219edin\u021ba de mar\u021bi, 29 octombrie.\" \/>\n<meta name=\"robots\" content=\"index, follow, max-snippet:-1, max-image-preview:large, max-video-preview:-1\" \/>\n<link rel=\"canonical\" href=\"https:\/\/buletin.de\/bucuresti\/reportaj-magnetismul-lui-nicusor-dan-la-investirea-noului-consiliu-general-al-capitalei\/\" \/>\n<meta property=\"og:locale\" content=\"en_GB\" \/>\n<meta property=\"og:type\" content=\"article\" \/>\n<meta property=\"og:title\" content=\"REPORTAJ | \u201eMagnetismul\u201d lui Nicu\u0219or Dan la \u00eenvestirea noului Consiliu General al Capitalei\" \/>\n<meta property=\"og:description\" content=\"\u201eMagnetismul\u201d lui Nicu\u0219or Dan la \u00eenvestirea noului Consiliu General al Capitalei, \u00een \u0219edin\u021ba de mar\u021bi, 29 octombrie.\" \/>\n<meta property=\"og:url\" content=\"https:\/\/buletin.de\/bucuresti\/reportaj-magnetismul-lui-nicusor-dan-la-investirea-noului-consiliu-general-al-capitalei\/\" \/>\n<meta property=\"og:site_name\" content=\"Buletin de Bucure\u0219ti\" \/>\n<meta property=\"article:publisher\" content=\"https:\/\/www.facebook.com\/buletin.de.buc\" \/>\n<meta property=\"article:published_time\" content=\"2024-10-30T05:12:03+00:00\" \/>\n<meta property=\"article:modified_time\" content=\"2024-10-30T10:44:52+00:00\" \/>\n<meta property=\"og:image\" content=\"https:\/\/buletin.de\/bucuresti\/wp-content\/uploads\/WhatsApp-Image-2024-10-29-at-17.07.27_fae8ab8c.jpg\" \/>\n\t<meta property=\"og:image:width\" content=\"2048\" \/>\n\t<meta property=\"og:image:height\" content=\"1536\" \/>\n\t<meta property=\"og:image:type\" content=\"image\/jpeg\" \/>\n<meta name=\"author\" content=\"C\u0103t\u0103lin Anghel-Dimache\" \/>\n<meta name=\"twitter:card\" content=\"summary_large_image\" \/>\n<meta name=\"twitter:label1\" content=\"Written by\" \/>\n\t<meta name=\"twitter:data1\" content=\"C\u0103t\u0103lin Anghel-Dimache\" \/>\n\t<meta name=\"twitter:label2\" content=\"Estimated reading time\" \/>\n\t<meta name=\"twitter:data2\" content=\"5 minutes\" \/>\n<script type=\"application\/ld+json\" class=\"yoast-schema-graph\">{\"@context\":\"https:\\\/\\\/schema.org\",\"@graph\":[{\"@type\":\"Article\",\"@id\":\"https:\\\/\\\/buletin.de\\\/bucuresti\\\/reportaj-magnetismul-lui-nicusor-dan-la-investirea-noului-consiliu-general-al-capitalei\\\/#article\",\"isPartOf\":{\"@id\":\"https:\\\/\\\/buletin.de\\\/bucuresti\\\/reportaj-magnetismul-lui-nicusor-dan-la-investirea-noului-consiliu-general-al-capitalei\\\/\"},\"author\":{\"name\":\"C\u0103t\u0103lin Anghel-Dimache\",\"@id\":\"https:\\\/\\\/buletin.de\\\/bucuresti\\\/#\\\/schema\\\/person\\\/0ac9db30080482be87c7386a30f98796\"},\"headline\":\"REPORTAJ | \u201eMagnetismul\u201d lui Nicu\u0219or Dan la \u00eenvestirea noului Consiliu General al Capitalei\",\"datePublished\":\"2024-10-30T05:12:03+00:00\",\"dateModified\":\"2024-10-30T10:44:52+00:00\",\"mainEntityOfPage\":{\"@id\":\"https:\\\/\\\/buletin.de\\\/bucuresti\\\/reportaj-magnetismul-lui-nicusor-dan-la-investirea-noului-consiliu-general-al-capitalei\\\/\"},\"wordCount\":1015,\"publisher\":{\"@id\":\"https:\\\/\\\/buletin.de\\\/bucuresti\\\/#organization\"},\"image\":{\"@id\":\"https:\\\/\\\/buletin.de\\\/bucuresti\\\/reportaj-magnetismul-lui-nicusor-dan-la-investirea-noului-consiliu-general-al-capitalei\\\/#primaryimage\"},\"thumbnailUrl\":\"https:\\\/\\\/buletin.de\\\/bucuresti\\\/wp-content\\\/uploads\\\/WhatsApp-Image-2024-10-29-at-17.07.27_fae8ab8c.jpg\",\"keywords\":[\"bucuresti\",\"Capitala\",\"Consilieri Generali\",\"consiliul general\",\"investire\",\"juramant de investire\",\"sedinta\"],\"articleSection\":[\"Articole\",\"Main\",\"Politic\",\"Prim\u0103rie\"],\"inLanguage\":\"en-GB\",\"copyrightYear\":\"2024\",\"copyrightHolder\":{\"@id\":\"https:\\\/\\\/buletin.de\\\/bucuresti\\\/#organization\"}},{\"@type\":\"WebPage\",\"@id\":\"https:\\\/\\\/buletin.de\\\/bucuresti\\\/reportaj-magnetismul-lui-nicusor-dan-la-investirea-noului-consiliu-general-al-capitalei\\\/\",\"url\":\"https:\\\/\\\/buletin.de\\\/bucuresti\\\/reportaj-magnetismul-lui-nicusor-dan-la-investirea-noului-consiliu-general-al-capitalei\\\/\",\"name\":\"REPORTAJ | \u201eMagnetismul\u201d lui Nicu\u0219or Dan la \u00eenvestirea noului Consiliu General al Capitalei - Buletin de Bucure\u0219ti\",\"isPartOf\":{\"@id\":\"https:\\\/\\\/buletin.de\\\/bucuresti\\\/#website\"},\"primaryImageOfPage\":{\"@id\":\"https:\\\/\\\/buletin.de\\\/bucuresti\\\/reportaj-magnetismul-lui-nicusor-dan-la-investirea-noului-consiliu-general-al-capitalei\\\/#primaryimage\"},\"image\":{\"@id\":\"https:\\\/\\\/buletin.de\\\/bucuresti\\\/reportaj-magnetismul-lui-nicusor-dan-la-investirea-noului-consiliu-general-al-capitalei\\\/#primaryimage\"},\"thumbnailUrl\":\"https:\\\/\\\/buletin.de\\\/bucuresti\\\/wp-content\\\/uploads\\\/WhatsApp-Image-2024-10-29-at-17.07.27_fae8ab8c.jpg\",\"datePublished\":\"2024-10-30T05:12:03+00:00\",\"dateModified\":\"2024-10-30T10:44:52+00:00\",\"description\":\"\u201eMagnetismul\u201d lui Nicu\u0219or Dan la \u00eenvestirea noului Consiliu General al Capitalei, \u00een \u0219edin\u021ba de mar\u021bi, 29 octombrie.\",\"breadcrumb\":{\"@id\":\"https:\\\/\\\/buletin.de\\\/bucuresti\\\/reportaj-magnetismul-lui-nicusor-dan-la-investirea-noului-consiliu-general-al-capitalei\\\/#breadcrumb\"},\"inLanguage\":\"en-GB\",\"potentialAction\":[{\"@type\":\"ReadAction\",\"target\":[\"https:\\\/\\\/buletin.de\\\/bucuresti\\\/reportaj-magnetismul-lui-nicusor-dan-la-investirea-noului-consiliu-general-al-capitalei\\\/\"]}]},{\"@type\":\"ImageObject\",\"inLanguage\":\"en-GB\",\"@id\":\"https:\\\/\\\/buletin.de\\\/bucuresti\\\/reportaj-magnetismul-lui-nicusor-dan-la-investirea-noului-consiliu-general-al-capitalei\\\/#primaryimage\",\"url\":\"https:\\\/\\\/buletin.de\\\/bucuresti\\\/wp-content\\\/uploads\\\/WhatsApp-Image-2024-10-29-at-17.07.27_fae8ab8c.jpg\",\"contentUrl\":\"https:\\\/\\\/buletin.de\\\/bucuresti\\\/wp-content\\\/uploads\\\/WhatsApp-Image-2024-10-29-at-17.07.27_fae8ab8c.jpg\",\"width\":2048,\"height\":1536,\"caption\":\"\u201eMagnetismul\u201d lui Nicu\u0219or Dan la \u00eenvestirea noului Consiliu General al Capitalei. Foto: C\u0103t\u0103lin Anghel-Dimache\"},{\"@type\":\"BreadcrumbList\",\"@id\":\"https:\\\/\\\/buletin.de\\\/bucuresti\\\/reportaj-magnetismul-lui-nicusor-dan-la-investirea-noului-consiliu-general-al-capitalei\\\/#breadcrumb\",\"itemListElement\":[{\"@type\":\"ListItem\",\"position\":1,\"name\":\"Acas\u0103\",\"item\":\"https:\\\/\\\/buletin.de\\\/bucuresti\\\/\"},{\"@type\":\"ListItem\",\"position\":2,\"name\":\"REPORTAJ | \u201eMagnetismul\u201d lui Nicu\u0219or Dan la \u00eenvestirea noului Consiliu General al Capitalei\"}]},{\"@type\":\"WebSite\",\"@id\":\"https:\\\/\\\/buletin.de\\\/bucuresti\\\/#website\",\"url\":\"https:\\\/\\\/buletin.de\\\/bucuresti\\\/\",\"name\":\"Buletin de Bucure\u0219ti\",\"description\":\"\u0218tiri \u0219i investiga\u021bii esen\u021biale din capital\u0103\",\"publisher\":{\"@id\":\"https:\\\/\\\/buletin.de\\\/bucuresti\\\/#organization\"},\"potentialAction\":[{\"@type\":\"SearchAction\",\"target\":{\"@type\":\"EntryPoint\",\"urlTemplate\":\"https:\\\/\\\/buletin.de\\\/bucuresti\\\/?s={search_term_string}\"},\"query-input\":{\"@type\":\"PropertyValueSpecification\",\"valueRequired\":true,\"valueName\":\"search_term_string\"}}],\"inLanguage\":\"en-GB\"},{\"@type\":\"Organization\",\"@id\":\"https:\\\/\\\/buletin.de\\\/bucuresti\\\/#organization\",\"name\":\"Buletin de Bucure\u0219ti\",\"url\":\"https:\\\/\\\/buletin.de\\\/bucuresti\\\/\",\"logo\":{\"@type\":\"ImageObject\",\"inLanguage\":\"en-GB\",\"@id\":\"https:\\\/\\\/buletin.de\\\/bucuresti\\\/#\\\/schema\\\/logo\\\/image\\\/\",\"url\":\"https:\\\/\\\/buletin.de\\\/bucuresti\\\/wp-content\\\/uploads\\\/logo-bdb-full-wide-vernil-transparent.png\",\"contentUrl\":\"https:\\\/\\\/buletin.de\\\/bucuresti\\\/wp-content\\\/uploads\\\/logo-bdb-full-wide-vernil-transparent.png\",\"width\":1782,\"height\":626,\"caption\":\"Buletin de Bucure\u0219ti\"},\"image\":{\"@id\":\"https:\\\/\\\/buletin.de\\\/bucuresti\\\/#\\\/schema\\\/logo\\\/image\\\/\"},\"sameAs\":[\"https:\\\/\\\/www.facebook.com\\\/buletin.de.buc\",\"https:\\\/\\\/www.instagram.com\\\/buletinde.bucuresti\\\/\"]},{\"@type\":\"Person\",\"@id\":\"https:\\\/\\\/buletin.de\\\/bucuresti\\\/#\\\/schema\\\/person\\\/0ac9db30080482be87c7386a30f98796\",\"name\":\"C\u0103t\u0103lin Anghel-Dimache\",\"image\":{\"@type\":\"ImageObject\",\"inLanguage\":\"en-GB\",\"@id\":\"https:\\\/\\\/buletin.de\\\/bucuresti\\\/wp-content\\\/uploads\\\/Catalin-Anghel-Dimache-96x96.jpgbd9e43c5b25186d5b8e917ac61ad86c4\",\"url\":\"https:\\\/\\\/buletin.de\\\/bucuresti\\\/wp-content\\\/uploads\\\/Catalin-Anghel-Dimache-96x96.jpg\",\"contentUrl\":\"https:\\\/\\\/buletin.de\\\/bucuresti\\\/wp-content\\\/uploads\\\/Catalin-Anghel-Dimache-96x96.jpg\",\"caption\":\"C\u0103t\u0103lin Anghel-Dimache\"},\"description\":\"A absolvit Facultatea de Jurnalism \u0219i \u0218tiin\u021bele Comunic\u0103rii a Universit\u0103\u021bii din Bucure\u0219ti \u00een 2024. Scrie despre mediu \u0219i teme sociale, dar \u0219i despre cum se reflect\u0103 ele \u00een via\u021ba cotidian\u0103 a bucure\u0219tenilor, cu un ochi atent la pove\u0219tile personale din spatele titlurilor. N\u0103scut \u0219i crescut \u00een Bucure\u0219ti, a f\u0103cut un pas c\u0103tre presa local\u0103, din pasiune pentru ora\u0219ul s\u0103u \u0219i oamenii din el.\",\"url\":\"https:\\\/\\\/buletin.de\\\/bucuresti\\\/author\\\/catalin-anghel-dimache\\\/\"}]}<\/script>\n<!-- \/ Yoast SEO Premium plugin. -->","yoast_head_json":{"title":"REPORTAJ | \u201eMagnetismul\u201d lui Nicu\u0219or Dan la \u00eenvestirea noului Consiliu General al Capitalei - Buletin de Bucure\u0219ti","description":"\u201eMagnetismul\u201d lui Nicu\u0219or Dan la \u00eenvestirea noului Consiliu General al Capitalei, \u00een \u0219edin\u021ba de mar\u021bi, 29 octombrie.","robots":{"index":"index","follow":"follow","max-snippet":"max-snippet:-1","max-image-preview":"max-image-preview:large","max-video-preview":"max-video-preview:-1"},"canonical":"https:\/\/buletin.de\/bucuresti\/reportaj-magnetismul-lui-nicusor-dan-la-investirea-noului-consiliu-general-al-capitalei\/","og_locale":"en_GB","og_type":"article","og_title":"REPORTAJ | \u201eMagnetismul\u201d lui Nicu\u0219or Dan la \u00eenvestirea noului Consiliu General al Capitalei","og_description":"\u201eMagnetismul\u201d lui Nicu\u0219or Dan la \u00eenvestirea noului Consiliu General al Capitalei, \u00een \u0219edin\u021ba de mar\u021bi, 29 octombrie.","og_url":"https:\/\/buletin.de\/bucuresti\/reportaj-magnetismul-lui-nicusor-dan-la-investirea-noului-consiliu-general-al-capitalei\/","og_site_name":"Buletin de Bucure\u0219ti","article_publisher":"https:\/\/www.facebook.com\/buletin.de.buc","article_published_time":"2024-10-30T05:12:03+00:00","article_modified_time":"2024-10-30T10:44:52+00:00","og_image":[{"width":2048,"height":1536,"url":"https:\/\/buletin.de\/bucuresti\/wp-content\/uploads\/WhatsApp-Image-2024-10-29-at-17.07.27_fae8ab8c.jpg","type":"image\/jpeg"}],"author":"C\u0103t\u0103lin Anghel-Dimache","twitter_card":"summary_large_image","twitter_misc":{"Written by":"C\u0103t\u0103lin Anghel-Dimache","Estimated reading time":"5 minutes"},"schema":{"@context":"https:\/\/schema.org","@graph":[{"@type":"Article","@id":"https:\/\/buletin.de\/bucuresti\/reportaj-magnetismul-lui-nicusor-dan-la-investirea-noului-consiliu-general-al-capitalei\/#article","isPartOf":{"@id":"https:\/\/buletin.de\/bucuresti\/reportaj-magnetismul-lui-nicusor-dan-la-investirea-noului-consiliu-general-al-capitalei\/"},"author":{"name":"C\u0103t\u0103lin Anghel-Dimache","@id":"https:\/\/buletin.de\/bucuresti\/#\/schema\/person\/0ac9db30080482be87c7386a30f98796"},"headline":"REPORTAJ | \u201eMagnetismul\u201d lui Nicu\u0219or Dan la \u00eenvestirea noului Consiliu General al Capitalei","datePublished":"2024-10-30T05:12:03+00:00","dateModified":"2024-10-30T10:44:52+00:00","mainEntityOfPage":{"@id":"https:\/\/buletin.de\/bucuresti\/reportaj-magnetismul-lui-nicusor-dan-la-investirea-noului-consiliu-general-al-capitalei\/"},"wordCount":1015,"publisher":{"@id":"https:\/\/buletin.de\/bucuresti\/#organization"},"image":{"@id":"https:\/\/buletin.de\/bucuresti\/reportaj-magnetismul-lui-nicusor-dan-la-investirea-noului-consiliu-general-al-capitalei\/#primaryimage"},"thumbnailUrl":"https:\/\/buletin.de\/bucuresti\/wp-content\/uploads\/WhatsApp-Image-2024-10-29-at-17.07.27_fae8ab8c.jpg","keywords":["bucuresti","Capitala","Consilieri Generali","consiliul general","investire","juramant de investire","sedinta"],"articleSection":["Articole","Main","Politic","Prim\u0103rie"],"inLanguage":"en-GB","copyrightYear":"2024","copyrightHolder":{"@id":"https:\/\/buletin.de\/bucuresti\/#organization"}},{"@type":"WebPage","@id":"https:\/\/buletin.de\/bucuresti\/reportaj-magnetismul-lui-nicusor-dan-la-investirea-noului-consiliu-general-al-capitalei\/","url":"https:\/\/buletin.de\/bucuresti\/reportaj-magnetismul-lui-nicusor-dan-la-investirea-noului-consiliu-general-al-capitalei\/","name":"REPORTAJ | \u201eMagnetismul\u201d lui Nicu\u0219or Dan la \u00eenvestirea noului Consiliu General al Capitalei - Buletin de Bucure\u0219ti","isPartOf":{"@id":"https:\/\/buletin.de\/bucuresti\/#website"},"primaryImageOfPage":{"@id":"https:\/\/buletin.de\/bucuresti\/reportaj-magnetismul-lui-nicusor-dan-la-investirea-noului-consiliu-general-al-capitalei\/#primaryimage"},"image":{"@id":"https:\/\/buletin.de\/bucuresti\/reportaj-magnetismul-lui-nicusor-dan-la-investirea-noului-consiliu-general-al-capitalei\/#primaryimage"},"thumbnailUrl":"https:\/\/buletin.de\/bucuresti\/wp-content\/uploads\/WhatsApp-Image-2024-10-29-at-17.07.27_fae8ab8c.jpg","datePublished":"2024-10-30T05:12:03+00:00","dateModified":"2024-10-30T10:44:52+00:00","description":"\u201eMagnetismul\u201d lui Nicu\u0219or Dan la \u00eenvestirea noului Consiliu General al Capitalei, \u00een \u0219edin\u021ba de mar\u021bi, 29 octombrie.","breadcrumb":{"@id":"https:\/\/buletin.de\/bucuresti\/reportaj-magnetismul-lui-nicusor-dan-la-investirea-noului-consiliu-general-al-capitalei\/#breadcrumb"},"inLanguage":"en-GB","potentialAction":[{"@type":"ReadAction","target":["https:\/\/buletin.de\/bucuresti\/reportaj-magnetismul-lui-nicusor-dan-la-investirea-noului-consiliu-general-al-capitalei\/"]}]},{"@type":"ImageObject","inLanguage":"en-GB","@id":"https:\/\/buletin.de\/bucuresti\/reportaj-magnetismul-lui-nicusor-dan-la-investirea-noului-consiliu-general-al-capitalei\/#primaryimage","url":"https:\/\/buletin.de\/bucuresti\/wp-content\/uploads\/WhatsApp-Image-2024-10-29-at-17.07.27_fae8ab8c.jpg","contentUrl":"https:\/\/buletin.de\/bucuresti\/wp-content\/uploads\/WhatsApp-Image-2024-10-29-at-17.07.27_fae8ab8c.jpg","width":2048,"height":1536,"caption":"\u201eMagnetismul\u201d lui Nicu\u0219or Dan la \u00eenvestirea noului Consiliu General al Capitalei. Foto: C\u0103t\u0103lin Anghel-Dimache"},{"@type":"BreadcrumbList","@id":"https:\/\/buletin.de\/bucuresti\/reportaj-magnetismul-lui-nicusor-dan-la-investirea-noului-consiliu-general-al-capitalei\/#breadcrumb","itemListElement":[{"@type":"ListItem","position":1,"name":"Acas\u0103","item":"https:\/\/buletin.de\/bucuresti\/"},{"@type":"ListItem","position":2,"name":"REPORTAJ | \u201eMagnetismul\u201d lui Nicu\u0219or Dan la \u00eenvestirea noului Consiliu General al Capitalei"}]},{"@type":"WebSite","@id":"https:\/\/buletin.de\/bucuresti\/#website","url":"https:\/\/buletin.de\/bucuresti\/","name":"Buletin de Bucure\u0219ti","description":"\u0218tiri \u0219i investiga\u021bii esen\u021biale din capital\u0103","publisher":{"@id":"https:\/\/buletin.de\/bucuresti\/#organization"},"potentialAction":[{"@type":"SearchAction","target":{"@type":"EntryPoint","urlTemplate":"https:\/\/buletin.de\/bucuresti\/?s={search_term_string}"},"query-input":{"@type":"PropertyValueSpecification","valueRequired":true,"valueName":"search_term_string"}}],"inLanguage":"en-GB"},{"@type":"Organization","@id":"https:\/\/buletin.de\/bucuresti\/#organization","name":"Buletin de Bucure\u0219ti","url":"https:\/\/buletin.de\/bucuresti\/","logo":{"@type":"ImageObject","inLanguage":"en-GB","@id":"https:\/\/buletin.de\/bucuresti\/#\/schema\/logo\/image\/","url":"https:\/\/buletin.de\/bucuresti\/wp-content\/uploads\/logo-bdb-full-wide-vernil-transparent.png","contentUrl":"https:\/\/buletin.de\/bucuresti\/wp-content\/uploads\/logo-bdb-full-wide-vernil-transparent.png","width":1782,"height":626,"caption":"Buletin de Bucure\u0219ti"},"image":{"@id":"https:\/\/buletin.de\/bucuresti\/#\/schema\/logo\/image\/"},"sameAs":["https:\/\/www.facebook.com\/buletin.de.buc","https:\/\/www.instagram.com\/buletinde.bucuresti\/"]},{"@type":"Person","@id":"https:\/\/buletin.de\/bucuresti\/#\/schema\/person\/0ac9db30080482be87c7386a30f98796","name":"C\u0103t\u0103lin Anghel-Dimache","image":{"@type":"ImageObject","inLanguage":"en-GB","@id":"https:\/\/buletin.de\/bucuresti\/wp-content\/uploads\/Catalin-Anghel-Dimache-96x96.jpgbd9e43c5b25186d5b8e917ac61ad86c4","url":"https:\/\/buletin.de\/bucuresti\/wp-content\/uploads\/Catalin-Anghel-Dimache-96x96.jpg","contentUrl":"https:\/\/buletin.de\/bucuresti\/wp-content\/uploads\/Catalin-Anghel-Dimache-96x96.jpg","caption":"C\u0103t\u0103lin Anghel-Dimache"},"description":"A absolvit Facultatea de Jurnalism \u0219i \u0218tiin\u021bele Comunic\u0103rii a Universit\u0103\u021bii din Bucure\u0219ti \u00een 2024. Scrie despre mediu \u0219i teme sociale, dar \u0219i despre cum se reflect\u0103 ele \u00een via\u021ba cotidian\u0103 a bucure\u0219tenilor, cu un ochi atent la pove\u0219tile personale din spatele titlurilor. N\u0103scut \u0219i crescut \u00een Bucure\u0219ti, a f\u0103cut un pas c\u0103tre presa local\u0103, din pasiune pentru ora\u0219ul s\u0103u \u0219i oamenii din el.","url":"https:\/\/buletin.de\/bucuresti\/author\/catalin-anghel-dimache\/"}]}},"authors":[{"term_id":22572,"user_id":59,"is_guest":0,"slug":"catalin-anghel-dimache","display_name":"C\u0103t\u0103lin Anghel-Dimache","avatar_url":"https:\/\/buletin.de\/bucuresti\/wp-content\/uploads\/Catalin-Anghel-Dimache-96x96.jpg","0":null,"1":"","2":"","3":"","4":"","5":"","6":"","7":"","8":""}],"_links":{"self":[{"href":"https:\/\/buletin.de\/bucuresti\/wp-json\/wp\/v2\/posts\/104285","targetHints":{"allow":["GET"]}}],"collection":[{"href":"https:\/\/buletin.de\/bucuresti\/wp-json\/wp\/v2\/posts"}],"about":[{"href":"https:\/\/buletin.de\/bucuresti\/wp-json\/wp\/v2\/types\/post"}],"author":[{"embeddable":true,"href":"https:\/\/buletin.de\/bucuresti\/wp-json\/wp\/v2\/users\/59"}],"replies":[{"embeddable":true,"href":"https:\/\/buletin.de\/bucuresti\/wp-json\/wp\/v2\/comments?post=104285"}],"version-history":[{"count":5,"href":"https:\/\/buletin.de\/bucuresti\/wp-json\/wp\/v2\/posts\/104285\/revisions"}],"predecessor-version":[{"id":104305,"href":"https:\/\/buletin.de\/bucuresti\/wp-json\/wp\/v2\/posts\/104285\/revisions\/104305"}],"wp:featuredmedia":[{"embeddable":true,"href":"https:\/\/buletin.de\/bucuresti\/wp-json\/wp\/v2\/media\/104301"}],"wp:attachment":[{"href":"https:\/\/buletin.de\/bucuresti\/wp-json\/wp\/v2\/media?parent=104285"}],"wp:term":[{"taxonomy":"category","embeddable":true,"href":"https:\/\/buletin.de\/bucuresti\/wp-json\/wp\/v2\/categories?post=104285"},{"taxonomy":"post_tag","embeddable":true,"href":"https:\/\/buletin.de\/bucuresti\/wp-json\/wp\/v2\/tags?post=104285"},{"taxonomy":"author","embeddable":true,"href":"https:\/\/buletin.de\/bucuresti\/wp-json\/wp\/v2\/ppma_author?post=104285"}],"curies":[{"name":"wp","href":"https:\/\/api.w.org\/{rel}","templated":true}]}}