{"id":103945,"date":"2024-10-27T08:55:00","date_gmt":"2024-10-27T05:55:00","guid":{"rendered":"https:\/\/buletin.de\/bucuresti\/?p=103945"},"modified":"2024-10-27T08:55:01","modified_gmt":"2024-10-27T05:55:01","slug":"temperaturi-de-pana-la-20-de-grade","status":"publish","type":"post","link":"https:\/\/buletin.de\/bucuresti\/temperaturi-de-pana-la-20-de-grade\/","title":{"rendered":"METEO | Vreme frumoas\u0103, \u00een Capital\u0103. Temperaturi de p\u00e2n\u0103 la 20 de grade"},"content":{"rendered":"\n<p><strong><a href=\"https:\/\/www.meteoromania.ro\/\">Administra\u021bia Na\u021bional\u0103 de Meteorologie<\/a> anun\u021b\u0103 temperaturi de p\u00e2n\u0103 la 20 de grade, s\u0103pt\u0103m\u00e2na viitoare. Nu sunt preconizate precipita\u021bii, iar v\u00e2ntul bate slab.<\/strong><\/p>\n\n\n\n<p><strong>Luni, 28 octombrie,<\/strong> cerul este predominant \u00eensorit, iar temperatura maxim\u0103 este de 9 grade. Maxima termic\u0103 urc\u0103 la 24 de grade \u0219i nu sunt condi\u021bii de precipita\u021bii. V\u00e2ntul bate cu 9 km\/h. <br><br><strong>Mar\u021bi, 29 octombrie,<\/strong> cerul este mai mult noros, pe tot parcursul zilei, iar minima termic\u0103 r\u0103m\u00e2ne la 9 grade. Temperatura maxim\u0103 scade, p\u00e2n\u0103 la 20 de grade. Condi\u021biile de precipita\u021bii sunt reduse, iar v\u00e2ntul bate cu 9 km\/h.<br><br><strong>Miercuri, 30 octombrie<\/strong>, ziua debuteaz\u0103 cu cer noros, \u00eens\u0103 apare soarele, pe parcursul zilei. Minima termic\u0103 scade la 7 grade, dar nici maxima nu mai urc\u0103 mai mult de 18 grade.<br><br><strong>Joi, 31 octombrie,<\/strong> cerul este predominant \u00eensorit, iar temperatura minim\u0103 se opre\u0219te la 7 grade. Temperatura maxim\u0103 se va situa \u00een jurul valorii de 19 grade. Nu sunt precipita\u021bii, iar v\u00e2ntul bate slab, cu 7 km\/h.<\/p>\n\n\n\n<p>Sf\u00e2r\u0219itul de s\u0103pt\u0103m\u00e2n\u0103 aduce temperaturi de p\u00e2n\u0103 la 20 de grade, \u00een Capital\u0103. \u0218ansele de precipita\u021bii sunt minime.<\/p>\n\n\n\n<p><strong>CITE\u0218TE \u0218I:<\/strong> <a href=\"https:\/\/buletin.de\/bucuresti\/doua-curse-tarom-in-plus-dinspre-tel-aviv-catre-bucuresti\/\">Dou\u0103 curse TAROM \u00een plus dinspre Tel Aviv c\u0103tre Bucure\u015fti<\/a><\/p>\n\n\n\n<p><\/p>\n","protected":false},"excerpt":{"rendered":"<p>Administra\u021bia Na\u021bional\u0103 de Meteorologie anun\u021b\u0103 temperaturi de p\u00e2n\u0103 la 20 de grade, s\u0103pt\u0103m\u00e2na viitoare. Nu sunt preconizate precipita\u021bii, iar v\u00e2ntul bate slab. Luni, 28 octombrie, cerul este predominant \u00eensorit, iar temperatura maxim\u0103 este de 9 grade. Maxima termic\u0103 urc\u0103 la 24 de grade \u0219i nu sunt condi\u021bii de precipita\u021bii. V\u00e2ntul bate cu 9 km\/h. Mar\u021bi, [&hellip;]<\/p>\n","protected":false},"author":49,"featured_media":96828,"comment_status":"closed","ping_status":"open","sticky":false,"template":"","format":"standard","meta":{"_acf_changed":false,"inline_featured_image":false,"ngg_post_thumbnail":0,"footnotes":""},"categories":[6994,62],"tags":[4314,5928,15718],"ppma_author":[22574],"class_list":["post-103945","post","type-post","status-publish","format-standard","has-post-thumbnail","hentry","category-stiri-2","category-stiri","tag-anm","tag-anm-prognoza-meteo","tag-temperatura-bucuresti"],"acf":[],"yoast_head":"<!-- This site is optimized with the Yoast SEO Premium plugin v25.3 (Yoast SEO v27.5) - https:\/\/yoast.com\/product\/yoast-seo-premium-wordpress\/ -->\n<title>METEO | Vreme frumoas\u0103, \u00een Capital\u0103. Temperaturi de p\u00e2n\u0103 la 20 de grade - Buletin de Bucure\u0219ti<\/title>\n<meta name=\"description\" content=\"Temperaturi de 20 de grade. Vreme frumoas\u0103, \u00een Capital\u0103. Temperaturi de p\u00e2n\u0103 la 20 de grade, saptamana viitoare.\" \/>\n<meta name=\"robots\" content=\"index, follow, max-snippet:-1, max-image-preview:large, max-video-preview:-1\" \/>\n<link rel=\"canonical\" href=\"https:\/\/buletin.de\/bucuresti\/temperaturi-de-pana-la-20-de-grade\/\" \/>\n<meta property=\"og:locale\" content=\"en_GB\" \/>\n<meta property=\"og:type\" content=\"article\" \/>\n<meta property=\"og:title\" content=\"METEO | Vreme frumoas\u0103, \u00een Capital\u0103. Temperaturi de p\u00e2n\u0103 la 20 de grade\" \/>\n<meta property=\"og:description\" content=\"Temperaturi de 20 de grade. Vreme frumoas\u0103, \u00een Capital\u0103. Temperaturi de p\u00e2n\u0103 la 20 de grade, saptamana viitoare.\" \/>\n<meta property=\"og:url\" content=\"https:\/\/buletin.de\/bucuresti\/temperaturi-de-pana-la-20-de-grade\/\" \/>\n<meta property=\"og:site_name\" content=\"Buletin de Bucure\u0219ti\" \/>\n<meta property=\"article:publisher\" content=\"https:\/\/www.facebook.com\/buletin.de.buc\" \/>\n<meta property=\"article:published_time\" content=\"2024-10-27T05:55:00+00:00\" \/>\n<meta property=\"article:modified_time\" content=\"2024-10-27T05:55:01+00:00\" \/>\n<meta property=\"og:image\" content=\"https:\/\/buletin.de\/bucuresti\/wp-content\/uploads\/rovbder29pq.jpg\" \/>\n\t<meta property=\"og:image:width\" content=\"1600\" \/>\n\t<meta property=\"og:image:height\" content=\"1200\" \/>\n\t<meta property=\"og:image:type\" content=\"image\/jpeg\" \/>\n<meta name=\"author\" content=\"Diana Matei\" \/>\n<meta name=\"twitter:card\" content=\"summary_large_image\" \/>\n<meta name=\"twitter:label1\" content=\"Written by\" \/>\n\t<meta name=\"twitter:data1\" content=\"Diana Matei\" \/>\n\t<meta name=\"twitter:label2\" content=\"Estimated reading time\" \/>\n\t<meta name=\"twitter:data2\" content=\"2 minutes\" \/>\n<script type=\"application\/ld+json\" class=\"yoast-schema-graph\">{\"@context\":\"https:\\\/\\\/schema.org\",\"@graph\":[{\"@type\":\"Article\",\"@id\":\"https:\\\/\\\/buletin.de\\\/bucuresti\\\/temperaturi-de-pana-la-20-de-grade\\\/#article\",\"isPartOf\":{\"@id\":\"https:\\\/\\\/buletin.de\\\/bucuresti\\\/temperaturi-de-pana-la-20-de-grade\\\/\"},\"author\":{\"name\":\"Diana Matei\",\"@id\":\"https:\\\/\\\/buletin.de\\\/bucuresti\\\/#\\\/schema\\\/person\\\/7e46040573290777280a0835d81ea4ea\"},\"headline\":\"METEO | Vreme frumoas\u0103, \u00een Capital\u0103. Temperaturi de p\u00e2n\u0103 la 20 de grade\",\"datePublished\":\"2024-10-27T05:55:00+00:00\",\"dateModified\":\"2024-10-27T05:55:01+00:00\",\"mainEntityOfPage\":{\"@id\":\"https:\\\/\\\/buletin.de\\\/bucuresti\\\/temperaturi-de-pana-la-20-de-grade\\\/\"},\"wordCount\":218,\"publisher\":{\"@id\":\"https:\\\/\\\/buletin.de\\\/bucuresti\\\/#organization\"},\"image\":{\"@id\":\"https:\\\/\\\/buletin.de\\\/bucuresti\\\/temperaturi-de-pana-la-20-de-grade\\\/#primaryimage\"},\"thumbnailUrl\":\"https:\\\/\\\/buletin.de\\\/bucuresti\\\/wp-content\\\/uploads\\\/rovbder29pq.jpg\",\"keywords\":[\"anm\",\"anm prognoza meteo\",\"temperatura bucuresti\"],\"articleSection\":[\"Articole\",\"\u0218tiri\"],\"inLanguage\":\"en-GB\",\"copyrightYear\":\"2024\",\"copyrightHolder\":{\"@id\":\"https:\\\/\\\/buletin.de\\\/bucuresti\\\/#organization\"}},{\"@type\":\"WebPage\",\"@id\":\"https:\\\/\\\/buletin.de\\\/bucuresti\\\/temperaturi-de-pana-la-20-de-grade\\\/\",\"url\":\"https:\\\/\\\/buletin.de\\\/bucuresti\\\/temperaturi-de-pana-la-20-de-grade\\\/\",\"name\":\"METEO | Vreme frumoas\u0103, \u00een Capital\u0103. Temperaturi de p\u00e2n\u0103 la 20 de grade - Buletin de Bucure\u0219ti\",\"isPartOf\":{\"@id\":\"https:\\\/\\\/buletin.de\\\/bucuresti\\\/#website\"},\"primaryImageOfPage\":{\"@id\":\"https:\\\/\\\/buletin.de\\\/bucuresti\\\/temperaturi-de-pana-la-20-de-grade\\\/#primaryimage\"},\"image\":{\"@id\":\"https:\\\/\\\/buletin.de\\\/bucuresti\\\/temperaturi-de-pana-la-20-de-grade\\\/#primaryimage\"},\"thumbnailUrl\":\"https:\\\/\\\/buletin.de\\\/bucuresti\\\/wp-content\\\/uploads\\\/rovbder29pq.jpg\",\"datePublished\":\"2024-10-27T05:55:00+00:00\",\"dateModified\":\"2024-10-27T05:55:01+00:00\",\"description\":\"Temperaturi de 20 de grade. Vreme frumoas\u0103, \u00een Capital\u0103. Temperaturi de p\u00e2n\u0103 la 20 de grade, saptamana viitoare.\",\"breadcrumb\":{\"@id\":\"https:\\\/\\\/buletin.de\\\/bucuresti\\\/temperaturi-de-pana-la-20-de-grade\\\/#breadcrumb\"},\"inLanguage\":\"en-GB\",\"potentialAction\":[{\"@type\":\"ReadAction\",\"target\":[\"https:\\\/\\\/buletin.de\\\/bucuresti\\\/temperaturi-de-pana-la-20-de-grade\\\/\"]}]},{\"@type\":\"ImageObject\",\"inLanguage\":\"en-GB\",\"@id\":\"https:\\\/\\\/buletin.de\\\/bucuresti\\\/temperaturi-de-pana-la-20-de-grade\\\/#primaryimage\",\"url\":\"https:\\\/\\\/buletin.de\\\/bucuresti\\\/wp-content\\\/uploads\\\/rovbder29pq.jpg\",\"contentUrl\":\"https:\\\/\\\/buletin.de\\\/bucuresti\\\/wp-content\\\/uploads\\\/rovbder29pq.jpg\",\"width\":1600,\"height\":1200,\"caption\":\"Vreme frumoas\u0103, \u00een Capital\u0103. FOTO: Arhiva\"},{\"@type\":\"BreadcrumbList\",\"@id\":\"https:\\\/\\\/buletin.de\\\/bucuresti\\\/temperaturi-de-pana-la-20-de-grade\\\/#breadcrumb\",\"itemListElement\":[{\"@type\":\"ListItem\",\"position\":1,\"name\":\"Acas\u0103\",\"item\":\"https:\\\/\\\/buletin.de\\\/bucuresti\\\/\"},{\"@type\":\"ListItem\",\"position\":2,\"name\":\"METEO | Vreme frumoas\u0103, \u00een Capital\u0103. Temperaturi de p\u00e2n\u0103 la 20 de grade\"}]},{\"@type\":\"WebSite\",\"@id\":\"https:\\\/\\\/buletin.de\\\/bucuresti\\\/#website\",\"url\":\"https:\\\/\\\/buletin.de\\\/bucuresti\\\/\",\"name\":\"Buletin de Bucure\u0219ti\",\"description\":\"\u0218tiri \u0219i investiga\u021bii esen\u021biale din capital\u0103\",\"publisher\":{\"@id\":\"https:\\\/\\\/buletin.de\\\/bucuresti\\\/#organization\"},\"potentialAction\":[{\"@type\":\"SearchAction\",\"target\":{\"@type\":\"EntryPoint\",\"urlTemplate\":\"https:\\\/\\\/buletin.de\\\/bucuresti\\\/?s={search_term_string}\"},\"query-input\":{\"@type\":\"PropertyValueSpecification\",\"valueRequired\":true,\"valueName\":\"search_term_string\"}}],\"inLanguage\":\"en-GB\"},{\"@type\":\"Organization\",\"@id\":\"https:\\\/\\\/buletin.de\\\/bucuresti\\\/#organization\",\"name\":\"Buletin de Bucure\u0219ti\",\"url\":\"https:\\\/\\\/buletin.de\\\/bucuresti\\\/\",\"logo\":{\"@type\":\"ImageObject\",\"inLanguage\":\"en-GB\",\"@id\":\"https:\\\/\\\/buletin.de\\\/bucuresti\\\/#\\\/schema\\\/logo\\\/image\\\/\",\"url\":\"https:\\\/\\\/buletin.de\\\/bucuresti\\\/wp-content\\\/uploads\\\/logo-bdb-full-wide-vernil-transparent.png\",\"contentUrl\":\"https:\\\/\\\/buletin.de\\\/bucuresti\\\/wp-content\\\/uploads\\\/logo-bdb-full-wide-vernil-transparent.png\",\"width\":1782,\"height\":626,\"caption\":\"Buletin de Bucure\u0219ti\"},\"image\":{\"@id\":\"https:\\\/\\\/buletin.de\\\/bucuresti\\\/#\\\/schema\\\/logo\\\/image\\\/\"},\"sameAs\":[\"https:\\\/\\\/www.facebook.com\\\/buletin.de.buc\",\"https:\\\/\\\/www.instagram.com\\\/buletinde.bucuresti\\\/\"]},{\"@type\":\"Person\",\"@id\":\"https:\\\/\\\/buletin.de\\\/bucuresti\\\/#\\\/schema\\\/person\\\/7e46040573290777280a0835d81ea4ea\",\"name\":\"Diana Matei\",\"image\":{\"@type\":\"ImageObject\",\"inLanguage\":\"en-GB\",\"@id\":\"https:\\\/\\\/buletin.de\\\/bucuresti\\\/wp-content\\\/uploads\\\/9-2-96x96.jpg1e8590b30871d70e62ebcdaf2eff570c\",\"url\":\"https:\\\/\\\/buletin.de\\\/bucuresti\\\/wp-content\\\/uploads\\\/9-2-96x96.jpg\",\"contentUrl\":\"https:\\\/\\\/buletin.de\\\/bucuresti\\\/wp-content\\\/uploads\\\/9-2-96x96.jpg\",\"caption\":\"Diana Matei\"},\"url\":\"https:\\\/\\\/buletin.de\\\/bucuresti\\\/author\\\/dianamatei\\\/\"}]}<\/script>\n<!-- \/ Yoast SEO Premium plugin. -->","yoast_head_json":{"title":"METEO | Vreme frumoas\u0103, \u00een Capital\u0103. Temperaturi de p\u00e2n\u0103 la 20 de grade - Buletin de Bucure\u0219ti","description":"Temperaturi de 20 de grade. Vreme frumoas\u0103, \u00een Capital\u0103. Temperaturi de p\u00e2n\u0103 la 20 de grade, saptamana viitoare.","robots":{"index":"index","follow":"follow","max-snippet":"max-snippet:-1","max-image-preview":"max-image-preview:large","max-video-preview":"max-video-preview:-1"},"canonical":"https:\/\/buletin.de\/bucuresti\/temperaturi-de-pana-la-20-de-grade\/","og_locale":"en_GB","og_type":"article","og_title":"METEO | Vreme frumoas\u0103, \u00een Capital\u0103. Temperaturi de p\u00e2n\u0103 la 20 de grade","og_description":"Temperaturi de 20 de grade. Vreme frumoas\u0103, \u00een Capital\u0103. Temperaturi de p\u00e2n\u0103 la 20 de grade, saptamana viitoare.","og_url":"https:\/\/buletin.de\/bucuresti\/temperaturi-de-pana-la-20-de-grade\/","og_site_name":"Buletin de Bucure\u0219ti","article_publisher":"https:\/\/www.facebook.com\/buletin.de.buc","article_published_time":"2024-10-27T05:55:00+00:00","article_modified_time":"2024-10-27T05:55:01+00:00","og_image":[{"width":1600,"height":1200,"url":"https:\/\/buletin.de\/bucuresti\/wp-content\/uploads\/rovbder29pq.jpg","type":"image\/jpeg"}],"author":"Diana Matei","twitter_card":"summary_large_image","twitter_misc":{"Written by":"Diana Matei","Estimated reading time":"2 minutes"},"schema":{"@context":"https:\/\/schema.org","@graph":[{"@type":"Article","@id":"https:\/\/buletin.de\/bucuresti\/temperaturi-de-pana-la-20-de-grade\/#article","isPartOf":{"@id":"https:\/\/buletin.de\/bucuresti\/temperaturi-de-pana-la-20-de-grade\/"},"author":{"name":"Diana Matei","@id":"https:\/\/buletin.de\/bucuresti\/#\/schema\/person\/7e46040573290777280a0835d81ea4ea"},"headline":"METEO | Vreme frumoas\u0103, \u00een Capital\u0103. Temperaturi de p\u00e2n\u0103 la 20 de grade","datePublished":"2024-10-27T05:55:00+00:00","dateModified":"2024-10-27T05:55:01+00:00","mainEntityOfPage":{"@id":"https:\/\/buletin.de\/bucuresti\/temperaturi-de-pana-la-20-de-grade\/"},"wordCount":218,"publisher":{"@id":"https:\/\/buletin.de\/bucuresti\/#organization"},"image":{"@id":"https:\/\/buletin.de\/bucuresti\/temperaturi-de-pana-la-20-de-grade\/#primaryimage"},"thumbnailUrl":"https:\/\/buletin.de\/bucuresti\/wp-content\/uploads\/rovbder29pq.jpg","keywords":["anm","anm prognoza meteo","temperatura bucuresti"],"articleSection":["Articole","\u0218tiri"],"inLanguage":"en-GB","copyrightYear":"2024","copyrightHolder":{"@id":"https:\/\/buletin.de\/bucuresti\/#organization"}},{"@type":"WebPage","@id":"https:\/\/buletin.de\/bucuresti\/temperaturi-de-pana-la-20-de-grade\/","url":"https:\/\/buletin.de\/bucuresti\/temperaturi-de-pana-la-20-de-grade\/","name":"METEO | Vreme frumoas\u0103, \u00een Capital\u0103. Temperaturi de p\u00e2n\u0103 la 20 de grade - Buletin de Bucure\u0219ti","isPartOf":{"@id":"https:\/\/buletin.de\/bucuresti\/#website"},"primaryImageOfPage":{"@id":"https:\/\/buletin.de\/bucuresti\/temperaturi-de-pana-la-20-de-grade\/#primaryimage"},"image":{"@id":"https:\/\/buletin.de\/bucuresti\/temperaturi-de-pana-la-20-de-grade\/#primaryimage"},"thumbnailUrl":"https:\/\/buletin.de\/bucuresti\/wp-content\/uploads\/rovbder29pq.jpg","datePublished":"2024-10-27T05:55:00+00:00","dateModified":"2024-10-27T05:55:01+00:00","description":"Temperaturi de 20 de grade. Vreme frumoas\u0103, \u00een Capital\u0103. Temperaturi de p\u00e2n\u0103 la 20 de grade, saptamana viitoare.","breadcrumb":{"@id":"https:\/\/buletin.de\/bucuresti\/temperaturi-de-pana-la-20-de-grade\/#breadcrumb"},"inLanguage":"en-GB","potentialAction":[{"@type":"ReadAction","target":["https:\/\/buletin.de\/bucuresti\/temperaturi-de-pana-la-20-de-grade\/"]}]},{"@type":"ImageObject","inLanguage":"en-GB","@id":"https:\/\/buletin.de\/bucuresti\/temperaturi-de-pana-la-20-de-grade\/#primaryimage","url":"https:\/\/buletin.de\/bucuresti\/wp-content\/uploads\/rovbder29pq.jpg","contentUrl":"https:\/\/buletin.de\/bucuresti\/wp-content\/uploads\/rovbder29pq.jpg","width":1600,"height":1200,"caption":"Vreme frumoas\u0103, \u00een Capital\u0103. FOTO: Arhiva"},{"@type":"BreadcrumbList","@id":"https:\/\/buletin.de\/bucuresti\/temperaturi-de-pana-la-20-de-grade\/#breadcrumb","itemListElement":[{"@type":"ListItem","position":1,"name":"Acas\u0103","item":"https:\/\/buletin.de\/bucuresti\/"},{"@type":"ListItem","position":2,"name":"METEO | Vreme frumoas\u0103, \u00een Capital\u0103. Temperaturi de p\u00e2n\u0103 la 20 de grade"}]},{"@type":"WebSite","@id":"https:\/\/buletin.de\/bucuresti\/#website","url":"https:\/\/buletin.de\/bucuresti\/","name":"Buletin de Bucure\u0219ti","description":"\u0218tiri \u0219i investiga\u021bii esen\u021biale din capital\u0103","publisher":{"@id":"https:\/\/buletin.de\/bucuresti\/#organization"},"potentialAction":[{"@type":"SearchAction","target":{"@type":"EntryPoint","urlTemplate":"https:\/\/buletin.de\/bucuresti\/?s={search_term_string}"},"query-input":{"@type":"PropertyValueSpecification","valueRequired":true,"valueName":"search_term_string"}}],"inLanguage":"en-GB"},{"@type":"Organization","@id":"https:\/\/buletin.de\/bucuresti\/#organization","name":"Buletin de Bucure\u0219ti","url":"https:\/\/buletin.de\/bucuresti\/","logo":{"@type":"ImageObject","inLanguage":"en-GB","@id":"https:\/\/buletin.de\/bucuresti\/#\/schema\/logo\/image\/","url":"https:\/\/buletin.de\/bucuresti\/wp-content\/uploads\/logo-bdb-full-wide-vernil-transparent.png","contentUrl":"https:\/\/buletin.de\/bucuresti\/wp-content\/uploads\/logo-bdb-full-wide-vernil-transparent.png","width":1782,"height":626,"caption":"Buletin de Bucure\u0219ti"},"image":{"@id":"https:\/\/buletin.de\/bucuresti\/#\/schema\/logo\/image\/"},"sameAs":["https:\/\/www.facebook.com\/buletin.de.buc","https:\/\/www.instagram.com\/buletinde.bucuresti\/"]},{"@type":"Person","@id":"https:\/\/buletin.de\/bucuresti\/#\/schema\/person\/7e46040573290777280a0835d81ea4ea","name":"Diana Matei","image":{"@type":"ImageObject","inLanguage":"en-GB","@id":"https:\/\/buletin.de\/bucuresti\/wp-content\/uploads\/9-2-96x96.jpg1e8590b30871d70e62ebcdaf2eff570c","url":"https:\/\/buletin.de\/bucuresti\/wp-content\/uploads\/9-2-96x96.jpg","contentUrl":"https:\/\/buletin.de\/bucuresti\/wp-content\/uploads\/9-2-96x96.jpg","caption":"Diana Matei"},"url":"https:\/\/buletin.de\/bucuresti\/author\/dianamatei\/"}]}},"authors":[{"term_id":22574,"user_id":49,"is_guest":0,"slug":"dianamatei","display_name":"Diana Matei","avatar_url":"https:\/\/buletin.de\/bucuresti\/wp-content\/uploads\/9-2-96x96.jpg","0":null,"1":"","2":"","3":"","4":"","5":"","6":"","7":"","8":""}],"_links":{"self":[{"href":"https:\/\/buletin.de\/bucuresti\/wp-json\/wp\/v2\/posts\/103945","targetHints":{"allow":["GET"]}}],"collection":[{"href":"https:\/\/buletin.de\/bucuresti\/wp-json\/wp\/v2\/posts"}],"about":[{"href":"https:\/\/buletin.de\/bucuresti\/wp-json\/wp\/v2\/types\/post"}],"author":[{"embeddable":true,"href":"https:\/\/buletin.de\/bucuresti\/wp-json\/wp\/v2\/users\/49"}],"replies":[{"embeddable":true,"href":"https:\/\/buletin.de\/bucuresti\/wp-json\/wp\/v2\/comments?post=103945"}],"version-history":[{"count":2,"href":"https:\/\/buletin.de\/bucuresti\/wp-json\/wp\/v2\/posts\/103945\/revisions"}],"predecessor-version":[{"id":103961,"href":"https:\/\/buletin.de\/bucuresti\/wp-json\/wp\/v2\/posts\/103945\/revisions\/103961"}],"wp:featuredmedia":[{"embeddable":true,"href":"https:\/\/buletin.de\/bucuresti\/wp-json\/wp\/v2\/media\/96828"}],"wp:attachment":[{"href":"https:\/\/buletin.de\/bucuresti\/wp-json\/wp\/v2\/media?parent=103945"}],"wp:term":[{"taxonomy":"category","embeddable":true,"href":"https:\/\/buletin.de\/bucuresti\/wp-json\/wp\/v2\/categories?post=103945"},{"taxonomy":"post_tag","embeddable":true,"href":"https:\/\/buletin.de\/bucuresti\/wp-json\/wp\/v2\/tags?post=103945"},{"taxonomy":"author","embeddable":true,"href":"https:\/\/buletin.de\/bucuresti\/wp-json\/wp\/v2\/ppma_author?post=103945"}],"curies":[{"name":"wp","href":"https:\/\/api.w.org\/{rel}","templated":true}]}}