{"id":103877,"date":"2024-10-26T10:03:38","date_gmt":"2024-10-26T07:03:38","guid":{"rendered":"https:\/\/buletin.de\/bucuresti\/?p=103877"},"modified":"2024-10-27T08:40:43","modified_gmt":"2024-10-27T05:40:43","slug":"sector-6-primul-bulevard-construit-de-la-zero-a-fost-inaugurat-astazi-valea-larga-uneste-bulevardul-timisoara-de-prelungirea-ghencea","status":"publish","type":"post","link":"https:\/\/buletin.de\/bucuresti\/sector-6-primul-bulevard-construit-de-la-zero-a-fost-inaugurat-astazi-valea-larga-uneste-bulevardul-timisoara-de-prelungirea-ghencea\/","title":{"rendered":"Sector 6 | Primul bulevard construit de la zero a fost inaugurat ast\u0103zi. Valea Larg\u0103 une\u015fte bulevardul Timi\u015foara de Prelungirea Ghencea"},"content":{"rendered":"\n<p><strong>Dup\u0103 patru ani de promisiuni, lucr\u0103ri \u015fi scandal \u00eentre Prim\u0103ria Sectorului 6 \u015fi Prim\u0103ria General\u0103, Valea Larg\u0103, primul bulevard post-decembrist amenajat de la zero \u00een Capital\u0103, este gata. Drumul de 1.5 kilometri a fost inaugurat ast\u0103zi, 26 octombrie, la ora 10:00 de autorit\u0103\u0163i, moment \u00een care au intrat pe asfaltul proasp\u0103t primele ma\u015fini.<\/strong><\/p>\n\n\n\n<p>\u00cenc\u0103 din <strong>16 noiembrie 2020<\/strong>, primarul Ciprian Ciucu, aflat atunci la \u00eenceputul primului s\u0103u mandat, vorbea despre amenajarea noului bulevard. <\/p>\n\n\n\n<blockquote class=\"wp-block-quote is-layout-flow wp-block-quote-is-layout-flow\">\n<p class=\"has-medium-font-size\"><strong>Strada Valea Larg\u0103 va conecta bd. Timi\u0219oara\/Valea Cascadelor cu Prelungirea Ghencea. O voi pune \u00een programul de investi\u021bii. Am fost ieri s\u0103 v\u0103d situa\u021bia \u00een teren. Ceea ce am g\u0103sit nu mi-a pl\u0103cut. Zona e in plin boom imobiliar. Dar nu asta este problema. Problema este c\u0103 au construit fix pe unde ar fi trebuit s\u0103 treac\u0103 strada cu patru benzi \u00een linie dreapt\u0103. Sunt dou\u0103 astfel de situa\u021bii. Prim\u0103ria a dat autoriza\u021bie de construc\u021bie fix in drum. (&#8230;) Mesaj c\u0103tre dezvoltatorii imobiliari: gata! gata, nu mai construim haotic. \u00cent\u00e2i desen\u0103m, facem utilit\u0103\u021bile (drumuri acces, apa, canal, iluminat, scoli si gr\u0103dini\u021be) apoi construim. Degeaba veni\u021bi cu autoriza\u021bii de construire in acest moment. V\u0103 astept la discu\u021bii transparente, publice.<\/strong><\/p>\n<cite>ciprian Ciucu, noiembrie 2020<\/cite><\/blockquote>\n\n\n\n<p>\u00cen <strong>2021<\/strong>, proiectul era blocat \u00een Consiliul General pentru c\u0103 nu ob\u0163inea votul consilierilor PSD. <\/p>\n\n\n<p><iframe src=\"https:\/\/www.facebook.com\/plugins\/post.php?href=https%3A%2F%2Fwww.facebook.com%2Fciprian.ciucu%2Fposts%2Fpfbid0bU6yzunA8Zrk8hUJQjwZGnypHyoLq5138dkYnzJjemyXJcoNpSJLkpqiH7oaPSGgl&#038;show_text=true&#038;width=500\" width=\"500\" height=\"550\" style=\"border:none;overflow:hidden\" scrolling=\"no\" frameborder=\"0\" allowfullscreen=\"true\" allow=\"autoplay; clipboard-write; encrypted-media; picture-in-picture; web-share\"><\/iframe><\/p>\n\n\n\n<p>Lucr\u0103rile pentru drumul de 1.5 kilometri au \u00eenceput <strong>la sf\u00e2r\u015fit de 2022<\/strong>. Atunci, Prim\u0103ria anun\u0163a c\u0103 a\u00a0primit finan\u021bare pentru investi\u021bii prin Programul Na\u021bional \u201eAnghel Saligny\u201d de peste 30 de milioane de lei. Pentru reabilitarea Drumului Valea Larg\u0103 au fost alocate peste 18 milioane de lei. Investi\u021bia total\u0103 pentru reabilitarea drumului era, \u00eens\u0103, de 57 de milioane de lei, peste 38 de milioane de lei fiind bani din bugetul local.<\/p>\n\n\n\n<p>Au urmat luni de scandal \u00eentre primarul Ciprian Ciucu \u015fi Nicu\u015for Dan. Edilul Sectorului 6 l-a somat \u00een repetate r\u00e2nduri pe primarul general s\u0103 \u00eei dea avizul pentru defri\u015farea a c\u00e2teva zeci de copaci, cu promisiunea c\u0103 oricum va planta mult mai mul\u0163i \u00een loc. Acest aviz, potrivit primarului Ciucu, a pus be\u0163e \u00een roate proiectului. <\/p>\n\n\n\n<p>Apoi, a fost vorba de un alt aviz, pentru mutarea unor conducte Termoenergetica. De altfel, acest aviz venit prea t\u00e2rziu las\u0103 aceast\u0103 inaugurare de drum la 98%, ar\u0103ta Ciprian Ciucu \u00een septembrie. <\/p>\n\n\n<p><iframe src=\"https:\/\/www.facebook.com\/plugins\/post.php?href=https%3A%2F%2Fwww.facebook.com%2Fciprian.ciucu%2Fposts%2Fpfbid02aVCnes2KBQKX3tmQW1RZLKa8nLH2iYqPNSiUbu3mqx5RTmLBZ4tg4aXE6j92qXAtl&#038;show_text=true&#038;width=500\" width=\"500\" height=\"250\" style=\"border:none;overflow:hidden\" scrolling=\"no\" frameborder=\"0\" allowfullscreen=\"true\" allow=\"autoplay; clipboard-write; encrypted-media; picture-in-picture; web-share\"><\/iframe><\/p>\n\n\n\n<p>Cu toate piedicile ap\u0103rute pe parcurs, edilii nu au mai finalizat proiectul \u00een august-septembrie, <a href=\"https:\/\/buletin.de\/bucuresti\/sector-6-drumul-valea-larga-gata-in-august-septembrie\/\">a\u015fa cum anun\u0163aser\u0103 ini\u0163ial<\/a>. <\/p>\n\n\n\n<p>Lucr\u0103rile executate sunt:<\/p>\n\n\n\n<ul class=\"wp-block-list\">\n<li>parte carosabil\u0103 de 14.00m l\u0103\u021bime alc\u0103tuit\u0103 din dou\u0103 benzi pe sens, fiecare band\u0103 cu l\u0103\u021bimea de 3.50m;<\/li>\n\n\n\n<li>spa\u021biu verde amplasat pe mijloc, cu l\u0103\u021bimea de 4.40m;<\/li>\n\n\n\n<li>spa\u021biu verde cu l\u0103\u021bimea de 1.30m, pentru delimitarea pistelor pentru biciclete de partea carosabil\u0103 destinat\u0103 circula\u021biei autovehiculelor;<\/li>\n\n\n\n<li>piste pentru biciclete cu l\u0103\u021bimea de 2.00m fiecare, de-o parte si de alta si in ambele sensuri;<\/li>\n\n\n\n<li>spa\u021biu verde cu l\u0103\u021bimea de 1.20m, pentru delimitarea pistelor pentru biciclete de trotuarele pietonale;<\/li>\n\n\n\n<li>trotuare pietonale cu l\u0103\u021bimea de 3.10m, amplasate de-o parte si de alta a arterei.<\/li>\n<\/ul>\n\n\n\n<p>Doi ani au durat exproprierile, studiile, avizele, autoriza\u021biile \u0219i licita\u021biile.<\/p>\n\n\n\n<figure class=\"wp-block-gallery has-nested-images columns-default is-cropped wp-block-gallery-1 is-layout-flex wp-block-gallery-is-layout-flex\">\n<figure class=\"wp-block-image size-large\"><img fetchpriority=\"high\" decoding=\"async\" width=\"900\" height=\"507\" data-id=\"103883\" src=\"data:image\/gif;base64,R0lGODlhAQABAAAAACH5BAEKAAEALAAAAAABAAEAAAICTAEAOw==\" data-src=\"https:\/\/buletin.de\/bucuresti\/wp-content\/uploads\/valea-larga-1-900x507.jpg\" alt=\"\" class=\"wp-image-103883 lazyload\" data-sizes=\"auto\" data-srcset=\"https:\/\/buletin.de\/bucuresti\/wp-content\/uploads\/valea-larga-1-900x507.jpg 900w, https:\/\/buletin.de\/bucuresti\/wp-content\/uploads\/valea-larga-1-300x169.jpg 300w, https:\/\/buletin.de\/bucuresti\/wp-content\/uploads\/valea-larga-1-768x432.jpg 768w, https:\/\/buletin.de\/bucuresti\/wp-content\/uploads\/valea-larga-1-1536x865.jpg 1536w, https:\/\/buletin.de\/bucuresti\/wp-content\/uploads\/valea-larga-1-1600x901.jpg 1600w, https:\/\/buletin.de\/bucuresti\/wp-content\/uploads\/valea-larga-1-1100x619.jpg 1100w, https:\/\/buletin.de\/bucuresti\/wp-content\/uploads\/valea-larga-1-600x338.jpg 600w, https:\/\/buletin.de\/bucuresti\/wp-content\/uploads\/valea-larga-1-20x11.jpg 20w, https:\/\/buletin.de\/bucuresti\/wp-content\/uploads\/valea-larga-1.jpg 2048w\" sizes=\"(max-width: 900px) 100vw, 900px\" \/><\/figure>\n\n\n\n<figure class=\"wp-block-image size-large\"><img decoding=\"async\" width=\"900\" height=\"507\" data-id=\"103882\" src=\"data:image\/gif;base64,R0lGODlhAQABAAAAACH5BAEKAAEALAAAAAABAAEAAAICTAEAOw==\" data-src=\"https:\/\/buletin.de\/bucuresti\/wp-content\/uploads\/valea-larga-3-900x507.jpg\" alt=\"\" class=\"wp-image-103882 lazyload\" data-sizes=\"auto\" data-srcset=\"https:\/\/buletin.de\/bucuresti\/wp-content\/uploads\/valea-larga-3-900x507.jpg 900w, https:\/\/buletin.de\/bucuresti\/wp-content\/uploads\/valea-larga-3-300x169.jpg 300w, https:\/\/buletin.de\/bucuresti\/wp-content\/uploads\/valea-larga-3-768x432.jpg 768w, https:\/\/buletin.de\/bucuresti\/wp-content\/uploads\/valea-larga-3-1536x865.jpg 1536w, https:\/\/buletin.de\/bucuresti\/wp-content\/uploads\/valea-larga-3-1600x901.jpg 1600w, https:\/\/buletin.de\/bucuresti\/wp-content\/uploads\/valea-larga-3-1100x619.jpg 1100w, https:\/\/buletin.de\/bucuresti\/wp-content\/uploads\/valea-larga-3-600x338.jpg 600w, https:\/\/buletin.de\/bucuresti\/wp-content\/uploads\/valea-larga-3-20x11.jpg 20w, https:\/\/buletin.de\/bucuresti\/wp-content\/uploads\/valea-larga-3.jpg 2048w\" sizes=\"(max-width: 900px) 100vw, 900px\" \/><\/figure>\n<figcaption class=\"blocks-gallery-caption wp-element-caption\">foto: FB \/ Ciprian Ciucu<\/figcaption><\/figure>\n\n\n\n<p>Primarul Ciprian Ciucu <a href=\"https:\/\/www.facebook.com\/photo?fbid=10162475199934203&amp;set=a.10150114838924203\">lansase pe Facebook o campanie pentru redenumirea drumului<\/a>. \u201e<em>Toponimele ora\u015felor cinstesc memoria unor oameni merituo\u0219i \u0219i a unor evenimente istorice<\/em>\u201d, spunea edilul la final de septembrie 2024. O propunere luat\u0103 \u00een calcul era Cincinat Sfin\u021bescu.<\/p>\n\n\n\n<blockquote class=\"wp-block-quote is-layout-flow wp-block-quote-is-layout-flow\">\n<p class=\"has-medium-font-size\"><strong>Acesta este practic p\u0103rintele urbanismului rom\u00e2nesc, fiind cel care a realizat primul Plan de Urbanism General al Bucure\u0219tiului, \u00een 1921.<\/strong><\/p>\n<cite>ciprian ciucu<\/cite><\/blockquote>\n\n\n\n<p>Aceast\u0103 propunere nu a mai prins p\u00e2n\u0103 la urm\u0103 contur.<\/p>\n\n\n\n<p><strong>CITE\u015eTE \u015eI:<\/strong> <a href=\"https:\/\/buletin.de\/bucuresti\/sector-6-lucrarile-de-modernizare-la-drumul-osiei-au-fost-finalizate\/\">Sector 6 |\u00a0Lucr\u0103rile de modernizare la Drumul Osiei au fost finalizate<\/a><br><\/p>\n","protected":false},"excerpt":{"rendered":"<p>Dup\u0103 patru ani de promisiuni, lucr\u0103ri \u015fi scandal \u00eentre Prim\u0103ria Sectorului 6 \u015fi Prim\u0103ria General\u0103, Valea Larg\u0103, primul bulevard post-decembrist amenajat de la zero \u00een Capital\u0103, este gata. Drumul de 1.5 kilometri a fost inaugurat ast\u0103zi, 26 octombrie, la ora 10:00 de autorit\u0103\u0163i, moment \u00een care au intrat pe asfaltul proasp\u0103t primele ma\u015fini. \u00cenc\u0103 din [&hellip;]<\/p>\n","protected":false},"author":8,"featured_media":103885,"comment_status":"closed","ping_status":"open","sticky":false,"template":"","format":"standard","meta":{"_acf_changed":false,"inline_featured_image":false,"ngg_post_thumbnail":0,"footnotes":""},"categories":[6994,5762,24,650],"tags":[2089,223,16310,523,6917],"ppma_author":[22586],"class_list":["post-103877","post","type-post","status-publish","format-standard","has-post-thumbnail","hentry","category-stiri-2","category-main","category-primarie","category-transport","tag-ciprian-ciucu","tag-nicusor-dan","tag-primul-bulevard-de-dupa-revolutie-construit-de-la-zero","tag-sector-6","tag-valea-larga"],"acf":[],"yoast_head":"<!-- This site is optimized with the Yoast SEO Premium plugin v25.3 (Yoast SEO v27.5) - https:\/\/yoast.com\/product\/yoast-seo-premium-wordpress\/ -->\n<title>Sector 6 | Primul bulevard construit de la zero a fost inaugurat ast\u0103zi. Valea Larg\u0103 une\u015fte bulevardul Timi\u015foara de Prelungirea Ghencea - Buletin de Bucure\u0219ti<\/title>\n<meta name=\"description\" content=\"Valea Larg\u0103, primul bulevard post-decembrist amenajat de la zero \u00een Capital\u0103, este gata, dup\u0103 doi ani de lucr\u0103ri.\" \/>\n<meta name=\"robots\" content=\"index, follow, max-snippet:-1, max-image-preview:large, max-video-preview:-1\" \/>\n<link rel=\"canonical\" href=\"https:\/\/buletin.de\/bucuresti\/sector-6-primul-bulevard-construit-de-la-zero-a-fost-inaugurat-astazi-valea-larga-uneste-bulevardul-timisoara-de-prelungirea-ghencea\/\" \/>\n<meta property=\"og:locale\" content=\"en_GB\" \/>\n<meta property=\"og:type\" content=\"article\" \/>\n<meta property=\"og:title\" content=\"Sector 6 | Primul bulevard construit de la zero a fost inaugurat ast\u0103zi. Valea Larg\u0103 une\u015fte bulevardul Timi\u015foara de Prelungirea Ghencea\" \/>\n<meta property=\"og:description\" content=\"Valea Larg\u0103, primul bulevard post-decembrist amenajat de la zero \u00een Capital\u0103, este gata, dup\u0103 doi ani de lucr\u0103ri.\" \/>\n<meta property=\"og:url\" content=\"https:\/\/buletin.de\/bucuresti\/sector-6-primul-bulevard-construit-de-la-zero-a-fost-inaugurat-astazi-valea-larga-uneste-bulevardul-timisoara-de-prelungirea-ghencea\/\" \/>\n<meta property=\"og:site_name\" content=\"Buletin de Bucure\u0219ti\" \/>\n<meta property=\"article:publisher\" content=\"https:\/\/www.facebook.com\/buletin.de.buc\" \/>\n<meta property=\"article:published_time\" content=\"2024-10-26T07:03:38+00:00\" \/>\n<meta property=\"article:modified_time\" content=\"2024-10-27T05:40:43+00:00\" \/>\n<meta property=\"og:image\" content=\"https:\/\/buletin.de\/bucuresti\/wp-content\/uploads\/circulatie-valea-larga.jpg\" \/>\n\t<meta property=\"og:image:width\" content=\"2048\" \/>\n\t<meta property=\"og:image:height\" content=\"1536\" \/>\n\t<meta property=\"og:image:type\" content=\"image\/jpeg\" \/>\n<meta name=\"author\" content=\"Ionu\u021b Lepa\" \/>\n<meta name=\"twitter:card\" content=\"summary_large_image\" \/>\n<meta name=\"twitter:label1\" content=\"Written by\" \/>\n\t<meta name=\"twitter:data1\" content=\"Ionu\u021b Lepa\" \/>\n\t<meta name=\"twitter:label2\" content=\"Estimated reading time\" \/>\n\t<meta name=\"twitter:data2\" content=\"3 minutes\" \/>\n<script type=\"application\/ld+json\" class=\"yoast-schema-graph\">{\"@context\":\"https:\\\/\\\/schema.org\",\"@graph\":[{\"@type\":\"Article\",\"@id\":\"https:\\\/\\\/buletin.de\\\/bucuresti\\\/sector-6-primul-bulevard-construit-de-la-zero-a-fost-inaugurat-astazi-valea-larga-uneste-bulevardul-timisoara-de-prelungirea-ghencea\\\/#article\",\"isPartOf\":{\"@id\":\"https:\\\/\\\/buletin.de\\\/bucuresti\\\/sector-6-primul-bulevard-construit-de-la-zero-a-fost-inaugurat-astazi-valea-larga-uneste-bulevardul-timisoara-de-prelungirea-ghencea\\\/\"},\"author\":{\"name\":\"Ionu\u021b Lepa\",\"@id\":\"https:\\\/\\\/buletin.de\\\/bucuresti\\\/#\\\/schema\\\/person\\\/5272b8a057b33890940b57b837fc4ce6\"},\"headline\":\"Sector 6 | Primul bulevard construit de la zero a fost inaugurat ast\u0103zi. Valea Larg\u0103 une\u015fte bulevardul Timi\u015foara de Prelungirea Ghencea\",\"datePublished\":\"2024-10-26T07:03:38+00:00\",\"dateModified\":\"2024-10-27T05:40:43+00:00\",\"mainEntityOfPage\":{\"@id\":\"https:\\\/\\\/buletin.de\\\/bucuresti\\\/sector-6-primul-bulevard-construit-de-la-zero-a-fost-inaugurat-astazi-valea-larga-uneste-bulevardul-timisoara-de-prelungirea-ghencea\\\/\"},\"wordCount\":650,\"publisher\":{\"@id\":\"https:\\\/\\\/buletin.de\\\/bucuresti\\\/#organization\"},\"image\":{\"@id\":\"https:\\\/\\\/buletin.de\\\/bucuresti\\\/sector-6-primul-bulevard-construit-de-la-zero-a-fost-inaugurat-astazi-valea-larga-uneste-bulevardul-timisoara-de-prelungirea-ghencea\\\/#primaryimage\"},\"thumbnailUrl\":\"https:\\\/\\\/buletin.de\\\/bucuresti\\\/wp-content\\\/uploads\\\/circulatie-valea-larga.jpg\",\"keywords\":[\"ciprian ciucu\",\"nicusor dan\",\"primul bulevard de dupa revolutie construit de la zero\",\"Sector 6\",\"valea larga\"],\"articleSection\":[\"Articole\",\"Main\",\"Prim\u0103rie\",\"Transport\"],\"inLanguage\":\"en-GB\",\"copyrightYear\":\"2024\",\"copyrightHolder\":{\"@id\":\"https:\\\/\\\/buletin.de\\\/bucuresti\\\/#organization\"}},{\"@type\":\"WebPage\",\"@id\":\"https:\\\/\\\/buletin.de\\\/bucuresti\\\/sector-6-primul-bulevard-construit-de-la-zero-a-fost-inaugurat-astazi-valea-larga-uneste-bulevardul-timisoara-de-prelungirea-ghencea\\\/\",\"url\":\"https:\\\/\\\/buletin.de\\\/bucuresti\\\/sector-6-primul-bulevard-construit-de-la-zero-a-fost-inaugurat-astazi-valea-larga-uneste-bulevardul-timisoara-de-prelungirea-ghencea\\\/\",\"name\":\"Sector 6 | Primul bulevard construit de la zero a fost inaugurat ast\u0103zi. Valea Larg\u0103 une\u015fte bulevardul Timi\u015foara de Prelungirea Ghencea - Buletin de Bucure\u0219ti\",\"isPartOf\":{\"@id\":\"https:\\\/\\\/buletin.de\\\/bucuresti\\\/#website\"},\"primaryImageOfPage\":{\"@id\":\"https:\\\/\\\/buletin.de\\\/bucuresti\\\/sector-6-primul-bulevard-construit-de-la-zero-a-fost-inaugurat-astazi-valea-larga-uneste-bulevardul-timisoara-de-prelungirea-ghencea\\\/#primaryimage\"},\"image\":{\"@id\":\"https:\\\/\\\/buletin.de\\\/bucuresti\\\/sector-6-primul-bulevard-construit-de-la-zero-a-fost-inaugurat-astazi-valea-larga-uneste-bulevardul-timisoara-de-prelungirea-ghencea\\\/#primaryimage\"},\"thumbnailUrl\":\"https:\\\/\\\/buletin.de\\\/bucuresti\\\/wp-content\\\/uploads\\\/circulatie-valea-larga.jpg\",\"datePublished\":\"2024-10-26T07:03:38+00:00\",\"dateModified\":\"2024-10-27T05:40:43+00:00\",\"description\":\"Valea Larg\u0103, primul bulevard post-decembrist amenajat de la zero \u00een Capital\u0103, este gata, dup\u0103 doi ani de lucr\u0103ri.\",\"breadcrumb\":{\"@id\":\"https:\\\/\\\/buletin.de\\\/bucuresti\\\/sector-6-primul-bulevard-construit-de-la-zero-a-fost-inaugurat-astazi-valea-larga-uneste-bulevardul-timisoara-de-prelungirea-ghencea\\\/#breadcrumb\"},\"inLanguage\":\"en-GB\",\"potentialAction\":[{\"@type\":\"ReadAction\",\"target\":[\"https:\\\/\\\/buletin.de\\\/bucuresti\\\/sector-6-primul-bulevard-construit-de-la-zero-a-fost-inaugurat-astazi-valea-larga-uneste-bulevardul-timisoara-de-prelungirea-ghencea\\\/\"]}]},{\"@type\":\"ImageObject\",\"inLanguage\":\"en-GB\",\"@id\":\"https:\\\/\\\/buletin.de\\\/bucuresti\\\/sector-6-primul-bulevard-construit-de-la-zero-a-fost-inaugurat-astazi-valea-larga-uneste-bulevardul-timisoara-de-prelungirea-ghencea\\\/#primaryimage\",\"url\":\"https:\\\/\\\/buletin.de\\\/bucuresti\\\/wp-content\\\/uploads\\\/circulatie-valea-larga.jpg\",\"contentUrl\":\"https:\\\/\\\/buletin.de\\\/bucuresti\\\/wp-content\\\/uploads\\\/circulatie-valea-larga.jpg\",\"width\":2048,\"height\":1536,\"caption\":\"Circula\u0163ia a fost deschis\u0103 pe bulevardul Valea Larg\u0103. FOTO: FB \\\/ Prim\u0103ria Sectorului 6\"},{\"@type\":\"BreadcrumbList\",\"@id\":\"https:\\\/\\\/buletin.de\\\/bucuresti\\\/sector-6-primul-bulevard-construit-de-la-zero-a-fost-inaugurat-astazi-valea-larga-uneste-bulevardul-timisoara-de-prelungirea-ghencea\\\/#breadcrumb\",\"itemListElement\":[{\"@type\":\"ListItem\",\"position\":1,\"name\":\"Acas\u0103\",\"item\":\"https:\\\/\\\/buletin.de\\\/bucuresti\\\/\"},{\"@type\":\"ListItem\",\"position\":2,\"name\":\"Sector 6 | Primul bulevard construit de la zero a fost inaugurat ast\u0103zi. Valea Larg\u0103 une\u015fte bulevardul Timi\u015foara de Prelungirea Ghencea\"}]},{\"@type\":\"WebSite\",\"@id\":\"https:\\\/\\\/buletin.de\\\/bucuresti\\\/#website\",\"url\":\"https:\\\/\\\/buletin.de\\\/bucuresti\\\/\",\"name\":\"Buletin de Bucure\u0219ti\",\"description\":\"\u0218tiri \u0219i investiga\u021bii esen\u021biale din capital\u0103\",\"publisher\":{\"@id\":\"https:\\\/\\\/buletin.de\\\/bucuresti\\\/#organization\"},\"potentialAction\":[{\"@type\":\"SearchAction\",\"target\":{\"@type\":\"EntryPoint\",\"urlTemplate\":\"https:\\\/\\\/buletin.de\\\/bucuresti\\\/?s={search_term_string}\"},\"query-input\":{\"@type\":\"PropertyValueSpecification\",\"valueRequired\":true,\"valueName\":\"search_term_string\"}}],\"inLanguage\":\"en-GB\"},{\"@type\":\"Organization\",\"@id\":\"https:\\\/\\\/buletin.de\\\/bucuresti\\\/#organization\",\"name\":\"Buletin de Bucure\u0219ti\",\"url\":\"https:\\\/\\\/buletin.de\\\/bucuresti\\\/\",\"logo\":{\"@type\":\"ImageObject\",\"inLanguage\":\"en-GB\",\"@id\":\"https:\\\/\\\/buletin.de\\\/bucuresti\\\/#\\\/schema\\\/logo\\\/image\\\/\",\"url\":\"https:\\\/\\\/buletin.de\\\/bucuresti\\\/wp-content\\\/uploads\\\/logo-bdb-full-wide-vernil-transparent.png\",\"contentUrl\":\"https:\\\/\\\/buletin.de\\\/bucuresti\\\/wp-content\\\/uploads\\\/logo-bdb-full-wide-vernil-transparent.png\",\"width\":1782,\"height\":626,\"caption\":\"Buletin de Bucure\u0219ti\"},\"image\":{\"@id\":\"https:\\\/\\\/buletin.de\\\/bucuresti\\\/#\\\/schema\\\/logo\\\/image\\\/\"},\"sameAs\":[\"https:\\\/\\\/www.facebook.com\\\/buletin.de.buc\",\"https:\\\/\\\/www.instagram.com\\\/buletinde.bucuresti\\\/\"]},{\"@type\":\"Person\",\"@id\":\"https:\\\/\\\/buletin.de\\\/bucuresti\\\/#\\\/schema\\\/person\\\/5272b8a057b33890940b57b837fc4ce6\",\"name\":\"Ionu\u021b Lepa\",\"image\":{\"@type\":\"ImageObject\",\"inLanguage\":\"en-GB\",\"@id\":\"https:\\\/\\\/buletin.de\\\/bucuresti\\\/wp-content\\\/uploads\\\/Ionut-Lepa-96x96.jpg5c4e4d9e049808799a8821652d2410a4\",\"url\":\"https:\\\/\\\/buletin.de\\\/bucuresti\\\/wp-content\\\/uploads\\\/Ionut-Lepa-96x96.jpg\",\"contentUrl\":\"https:\\\/\\\/buletin.de\\\/bucuresti\\\/wp-content\\\/uploads\\\/Ionut-Lepa-96x96.jpg\",\"caption\":\"Ionu\u021b Lepa\"},\"url\":\"https:\\\/\\\/buletin.de\\\/bucuresti\\\/author\\\/ionutlepa\\\/\"}]}<\/script>\n<!-- \/ Yoast SEO Premium plugin. -->","yoast_head_json":{"title":"Sector 6 | Primul bulevard construit de la zero a fost inaugurat ast\u0103zi. Valea Larg\u0103 une\u015fte bulevardul Timi\u015foara de Prelungirea Ghencea - Buletin de Bucure\u0219ti","description":"Valea Larg\u0103, primul bulevard post-decembrist amenajat de la zero \u00een Capital\u0103, este gata, dup\u0103 doi ani de lucr\u0103ri.","robots":{"index":"index","follow":"follow","max-snippet":"max-snippet:-1","max-image-preview":"max-image-preview:large","max-video-preview":"max-video-preview:-1"},"canonical":"https:\/\/buletin.de\/bucuresti\/sector-6-primul-bulevard-construit-de-la-zero-a-fost-inaugurat-astazi-valea-larga-uneste-bulevardul-timisoara-de-prelungirea-ghencea\/","og_locale":"en_GB","og_type":"article","og_title":"Sector 6 | Primul bulevard construit de la zero a fost inaugurat ast\u0103zi. Valea Larg\u0103 une\u015fte bulevardul Timi\u015foara de Prelungirea Ghencea","og_description":"Valea Larg\u0103, primul bulevard post-decembrist amenajat de la zero \u00een Capital\u0103, este gata, dup\u0103 doi ani de lucr\u0103ri.","og_url":"https:\/\/buletin.de\/bucuresti\/sector-6-primul-bulevard-construit-de-la-zero-a-fost-inaugurat-astazi-valea-larga-uneste-bulevardul-timisoara-de-prelungirea-ghencea\/","og_site_name":"Buletin de Bucure\u0219ti","article_publisher":"https:\/\/www.facebook.com\/buletin.de.buc","article_published_time":"2024-10-26T07:03:38+00:00","article_modified_time":"2024-10-27T05:40:43+00:00","og_image":[{"width":2048,"height":1536,"url":"https:\/\/buletin.de\/bucuresti\/wp-content\/uploads\/circulatie-valea-larga.jpg","type":"image\/jpeg"}],"author":"Ionu\u021b Lepa","twitter_card":"summary_large_image","twitter_misc":{"Written by":"Ionu\u021b Lepa","Estimated reading time":"3 minutes"},"schema":{"@context":"https:\/\/schema.org","@graph":[{"@type":"Article","@id":"https:\/\/buletin.de\/bucuresti\/sector-6-primul-bulevard-construit-de-la-zero-a-fost-inaugurat-astazi-valea-larga-uneste-bulevardul-timisoara-de-prelungirea-ghencea\/#article","isPartOf":{"@id":"https:\/\/buletin.de\/bucuresti\/sector-6-primul-bulevard-construit-de-la-zero-a-fost-inaugurat-astazi-valea-larga-uneste-bulevardul-timisoara-de-prelungirea-ghencea\/"},"author":{"name":"Ionu\u021b Lepa","@id":"https:\/\/buletin.de\/bucuresti\/#\/schema\/person\/5272b8a057b33890940b57b837fc4ce6"},"headline":"Sector 6 | Primul bulevard construit de la zero a fost inaugurat ast\u0103zi. Valea Larg\u0103 une\u015fte bulevardul Timi\u015foara de Prelungirea Ghencea","datePublished":"2024-10-26T07:03:38+00:00","dateModified":"2024-10-27T05:40:43+00:00","mainEntityOfPage":{"@id":"https:\/\/buletin.de\/bucuresti\/sector-6-primul-bulevard-construit-de-la-zero-a-fost-inaugurat-astazi-valea-larga-uneste-bulevardul-timisoara-de-prelungirea-ghencea\/"},"wordCount":650,"publisher":{"@id":"https:\/\/buletin.de\/bucuresti\/#organization"},"image":{"@id":"https:\/\/buletin.de\/bucuresti\/sector-6-primul-bulevard-construit-de-la-zero-a-fost-inaugurat-astazi-valea-larga-uneste-bulevardul-timisoara-de-prelungirea-ghencea\/#primaryimage"},"thumbnailUrl":"https:\/\/buletin.de\/bucuresti\/wp-content\/uploads\/circulatie-valea-larga.jpg","keywords":["ciprian ciucu","nicusor dan","primul bulevard de dupa revolutie construit de la zero","Sector 6","valea larga"],"articleSection":["Articole","Main","Prim\u0103rie","Transport"],"inLanguage":"en-GB","copyrightYear":"2024","copyrightHolder":{"@id":"https:\/\/buletin.de\/bucuresti\/#organization"}},{"@type":"WebPage","@id":"https:\/\/buletin.de\/bucuresti\/sector-6-primul-bulevard-construit-de-la-zero-a-fost-inaugurat-astazi-valea-larga-uneste-bulevardul-timisoara-de-prelungirea-ghencea\/","url":"https:\/\/buletin.de\/bucuresti\/sector-6-primul-bulevard-construit-de-la-zero-a-fost-inaugurat-astazi-valea-larga-uneste-bulevardul-timisoara-de-prelungirea-ghencea\/","name":"Sector 6 | Primul bulevard construit de la zero a fost inaugurat ast\u0103zi. Valea Larg\u0103 une\u015fte bulevardul Timi\u015foara de Prelungirea Ghencea - Buletin de Bucure\u0219ti","isPartOf":{"@id":"https:\/\/buletin.de\/bucuresti\/#website"},"primaryImageOfPage":{"@id":"https:\/\/buletin.de\/bucuresti\/sector-6-primul-bulevard-construit-de-la-zero-a-fost-inaugurat-astazi-valea-larga-uneste-bulevardul-timisoara-de-prelungirea-ghencea\/#primaryimage"},"image":{"@id":"https:\/\/buletin.de\/bucuresti\/sector-6-primul-bulevard-construit-de-la-zero-a-fost-inaugurat-astazi-valea-larga-uneste-bulevardul-timisoara-de-prelungirea-ghencea\/#primaryimage"},"thumbnailUrl":"https:\/\/buletin.de\/bucuresti\/wp-content\/uploads\/circulatie-valea-larga.jpg","datePublished":"2024-10-26T07:03:38+00:00","dateModified":"2024-10-27T05:40:43+00:00","description":"Valea Larg\u0103, primul bulevard post-decembrist amenajat de la zero \u00een Capital\u0103, este gata, dup\u0103 doi ani de lucr\u0103ri.","breadcrumb":{"@id":"https:\/\/buletin.de\/bucuresti\/sector-6-primul-bulevard-construit-de-la-zero-a-fost-inaugurat-astazi-valea-larga-uneste-bulevardul-timisoara-de-prelungirea-ghencea\/#breadcrumb"},"inLanguage":"en-GB","potentialAction":[{"@type":"ReadAction","target":["https:\/\/buletin.de\/bucuresti\/sector-6-primul-bulevard-construit-de-la-zero-a-fost-inaugurat-astazi-valea-larga-uneste-bulevardul-timisoara-de-prelungirea-ghencea\/"]}]},{"@type":"ImageObject","inLanguage":"en-GB","@id":"https:\/\/buletin.de\/bucuresti\/sector-6-primul-bulevard-construit-de-la-zero-a-fost-inaugurat-astazi-valea-larga-uneste-bulevardul-timisoara-de-prelungirea-ghencea\/#primaryimage","url":"https:\/\/buletin.de\/bucuresti\/wp-content\/uploads\/circulatie-valea-larga.jpg","contentUrl":"https:\/\/buletin.de\/bucuresti\/wp-content\/uploads\/circulatie-valea-larga.jpg","width":2048,"height":1536,"caption":"Circula\u0163ia a fost deschis\u0103 pe bulevardul Valea Larg\u0103. FOTO: FB \/ Prim\u0103ria Sectorului 6"},{"@type":"BreadcrumbList","@id":"https:\/\/buletin.de\/bucuresti\/sector-6-primul-bulevard-construit-de-la-zero-a-fost-inaugurat-astazi-valea-larga-uneste-bulevardul-timisoara-de-prelungirea-ghencea\/#breadcrumb","itemListElement":[{"@type":"ListItem","position":1,"name":"Acas\u0103","item":"https:\/\/buletin.de\/bucuresti\/"},{"@type":"ListItem","position":2,"name":"Sector 6 | Primul bulevard construit de la zero a fost inaugurat ast\u0103zi. Valea Larg\u0103 une\u015fte bulevardul Timi\u015foara de Prelungirea Ghencea"}]},{"@type":"WebSite","@id":"https:\/\/buletin.de\/bucuresti\/#website","url":"https:\/\/buletin.de\/bucuresti\/","name":"Buletin de Bucure\u0219ti","description":"\u0218tiri \u0219i investiga\u021bii esen\u021biale din capital\u0103","publisher":{"@id":"https:\/\/buletin.de\/bucuresti\/#organization"},"potentialAction":[{"@type":"SearchAction","target":{"@type":"EntryPoint","urlTemplate":"https:\/\/buletin.de\/bucuresti\/?s={search_term_string}"},"query-input":{"@type":"PropertyValueSpecification","valueRequired":true,"valueName":"search_term_string"}}],"inLanguage":"en-GB"},{"@type":"Organization","@id":"https:\/\/buletin.de\/bucuresti\/#organization","name":"Buletin de Bucure\u0219ti","url":"https:\/\/buletin.de\/bucuresti\/","logo":{"@type":"ImageObject","inLanguage":"en-GB","@id":"https:\/\/buletin.de\/bucuresti\/#\/schema\/logo\/image\/","url":"https:\/\/buletin.de\/bucuresti\/wp-content\/uploads\/logo-bdb-full-wide-vernil-transparent.png","contentUrl":"https:\/\/buletin.de\/bucuresti\/wp-content\/uploads\/logo-bdb-full-wide-vernil-transparent.png","width":1782,"height":626,"caption":"Buletin de Bucure\u0219ti"},"image":{"@id":"https:\/\/buletin.de\/bucuresti\/#\/schema\/logo\/image\/"},"sameAs":["https:\/\/www.facebook.com\/buletin.de.buc","https:\/\/www.instagram.com\/buletinde.bucuresti\/"]},{"@type":"Person","@id":"https:\/\/buletin.de\/bucuresti\/#\/schema\/person\/5272b8a057b33890940b57b837fc4ce6","name":"Ionu\u021b Lepa","image":{"@type":"ImageObject","inLanguage":"en-GB","@id":"https:\/\/buletin.de\/bucuresti\/wp-content\/uploads\/Ionut-Lepa-96x96.jpg5c4e4d9e049808799a8821652d2410a4","url":"https:\/\/buletin.de\/bucuresti\/wp-content\/uploads\/Ionut-Lepa-96x96.jpg","contentUrl":"https:\/\/buletin.de\/bucuresti\/wp-content\/uploads\/Ionut-Lepa-96x96.jpg","caption":"Ionu\u021b Lepa"},"url":"https:\/\/buletin.de\/bucuresti\/author\/ionutlepa\/"}]}},"authors":[{"term_id":22586,"user_id":8,"is_guest":0,"slug":"ionutlepa","display_name":"Ionu\u021b Lepa","avatar_url":"https:\/\/buletin.de\/bucuresti\/wp-content\/uploads\/Ionut-Lepa-96x96.jpg","0":null,"1":"","2":"","3":"","4":"","5":"","6":"","7":"","8":""}],"_links":{"self":[{"href":"https:\/\/buletin.de\/bucuresti\/wp-json\/wp\/v2\/posts\/103877","targetHints":{"allow":["GET"]}}],"collection":[{"href":"https:\/\/buletin.de\/bucuresti\/wp-json\/wp\/v2\/posts"}],"about":[{"href":"https:\/\/buletin.de\/bucuresti\/wp-json\/wp\/v2\/types\/post"}],"author":[{"embeddable":true,"href":"https:\/\/buletin.de\/bucuresti\/wp-json\/wp\/v2\/users\/8"}],"replies":[{"embeddable":true,"href":"https:\/\/buletin.de\/bucuresti\/wp-json\/wp\/v2\/comments?post=103877"}],"version-history":[{"count":3,"href":"https:\/\/buletin.de\/bucuresti\/wp-json\/wp\/v2\/posts\/103877\/revisions"}],"predecessor-version":[{"id":103884,"href":"https:\/\/buletin.de\/bucuresti\/wp-json\/wp\/v2\/posts\/103877\/revisions\/103884"}],"wp:featuredmedia":[{"embeddable":true,"href":"https:\/\/buletin.de\/bucuresti\/wp-json\/wp\/v2\/media\/103885"}],"wp:attachment":[{"href":"https:\/\/buletin.de\/bucuresti\/wp-json\/wp\/v2\/media?parent=103877"}],"wp:term":[{"taxonomy":"category","embeddable":true,"href":"https:\/\/buletin.de\/bucuresti\/wp-json\/wp\/v2\/categories?post=103877"},{"taxonomy":"post_tag","embeddable":true,"href":"https:\/\/buletin.de\/bucuresti\/wp-json\/wp\/v2\/tags?post=103877"},{"taxonomy":"author","embeddable":true,"href":"https:\/\/buletin.de\/bucuresti\/wp-json\/wp\/v2\/ppma_author?post=103877"}],"curies":[{"name":"wp","href":"https:\/\/api.w.org\/{rel}","templated":true}]}}