{"id":103711,"date":"2024-10-25T08:19:54","date_gmt":"2024-10-25T05:19:54","guid":{"rendered":"https:\/\/buletin.de\/bucuresti\/?p=103711"},"modified":"2024-10-25T08:19:55","modified_gmt":"2024-10-25T05:19:55","slug":"7-din-10-agresori-sexuali-recidiveaza-flashmob-la-universitate-pentru-monitorizarea-abuzatorilor-in-libertate","status":"publish","type":"post","link":"https:\/\/buletin.de\/bucuresti\/7-din-10-agresori-sexuali-recidiveaza-flashmob-la-universitate-pentru-monitorizarea-abuzatorilor-in-libertate\/","title":{"rendered":"7 din 10 agresori sexuali recidiveaz\u0103. Flashmob la Universitate pentru monitorizarea abuzatorilor \u00een libertate"},"content":{"rendered":"\n<p><strong>Printre studen\u021bii gr\u0103bi\u021bi care \u00ee\u0219i croiau drumul c\u0103tre cursuri, c\u00e2\u021biva oameni \u00eembr\u0103ca\u021bi \u00een negru au \u00eenceput s\u0103 \u00ee\u0219i fac\u0103 apari\u021bia, r\u00e2nd pe r\u00e2nd, \u00eenconjur\u00e2nd f\u00e2nt\u00e2na din Pia\u021ba Universit\u0103\u021bii. Joi, 24 octombrie, \u00een jurul orei 17:00, a pornit un flashmob care atrage aten\u021bia asupra pericolului pe care \u00eel reprezint\u0103 pr\u0103d\u0103torii sexuali nesupraveghea\u021bi.<\/strong><\/p>\n\n\n\n<p><strong>7 din 10 agresori sexuali recidiveaz\u0103<\/strong>, a fost sloganul central al ac\u021biunii organizate de <a href=\"https:\/\/facem.declic.ro\/campaigns\/monitorizare-agresori-sexuali\">comunitatea Declic<\/a>. Prin aceast\u0103 statistic\u0103, ei semnaleaz\u0103 c\u0103 majoritatea agresorilor sexuali condamna\u021bi \u0219i elibera\u021bi atac\u0103 din nou.<\/p>\n\n\n\n<blockquote class=\"wp-block-quote is-layout-flow wp-block-quote-is-layout-flow\">\n<p class=\"has-medium-font-size\"><strong>Din p\u0103cate, c\u00e2nd avem o statistic\u0103 de genul 7 din 10 agresori sexuali recidiveaz\u0103, adic\u0103 atac\u0103 din nou, nu putem sta cu m\u00e2inile \u00een s\u00e2n. Suntem cet\u0103\u021beni, ne este fric\u0103 pentru noi, pentru cei dragi, a\u0219a c\u0103 am organizat aici, la Universitate, acest flashmob cu mesaje clare, directe, prin care cerem ac\u021biune din partea autorit\u0103\u021bilor.<\/strong><\/p>\n<cite>Ini\u021biatoarea campaniei, Andutza Karetsou<\/cite><\/blockquote>\n\n\n\n<p>CITE\u0218TE \u0218I: <strong><a href=\"https:\/\/buletin.de\/bucuresti\/fotografia-manifest-actiune-a-zeci-de-protestatari-care-au-cerut-mai-multa-siguranta-pentru-studenti-in-universitati\/\">Fotografia manifest: Ac\u0163iune a zeci de protestatari care au cerut mai mult\u0103 siguran\u0163\u0103 pentru studen\u0163i, \u00een universit\u0103\u0163i<\/a><\/strong><\/p>\n\n\n\n<h2 class=\"wp-block-heading\" id=\"h-agresorii-sexuali-liberi-printre-noi\"><strong>Agresorii sexuali, \u201eliberi printre noi\u201d<\/strong><\/h2>\n\n\n\n<p>Momentul a fost completat de actorii \u201edeghiza\u021bi\u201d \u00een agresori care s-au plimbat prin pia\u021b\u0103 la fel de liberi ca adev\u0103ra\u021bii abuzatori care r\u0103m\u00e2n nesupraveghea\u021bi de c\u0103tre autorit\u0103\u021bi dup\u0103 ce \u0219i-au isp\u0103\u0219it sentin\u021ba.&nbsp;<\/p>\n\n\n\n<p>\u201e<em>Avem cu noi \u0219i doi actori, care au costume pe care scrie c\u0103 sunt agresori sexuali \u0219i c\u0103 vor ataca din nou, au masc\u0103 pe fa\u021b\u0103. Pare un costum de Halloween, dar de fapt, asta este realitatea: pr\u0103d\u0103torii sexuali sunt liberi printre noi, nu sunt at\u00e2t de vizibili ca actorii, dar sunt foarte reali \u0219i foarte periculo\u0219i<\/em>\u201d, a completat Andutza.<\/p>\n\n\n\n<figure class=\"wp-block-image size-full\"><a href=\"https:\/\/buletin.de\/bucuresti\/wp-content\/uploads\/actori.jpeg\"><img fetchpriority=\"high\" decoding=\"async\" width=\"2000\" height=\"1500\" src=\"data:image\/gif;base64,R0lGODlhAQABAAAAACH5BAEKAAEALAAAAAABAAEAAAICTAEAOw==\" data-src=\"https:\/\/buletin.de\/bucuresti\/wp-content\/uploads\/actori.jpeg\" alt=\"\" class=\"wp-image-103712 lazyload\" data-sizes=\"auto\" data-srcset=\"https:\/\/buletin.de\/bucuresti\/wp-content\/uploads\/actori.jpeg 2000w, https:\/\/buletin.de\/bucuresti\/wp-content\/uploads\/actori-300x225.jpeg 300w, https:\/\/buletin.de\/bucuresti\/wp-content\/uploads\/actori-900x675.jpeg 900w, https:\/\/buletin.de\/bucuresti\/wp-content\/uploads\/actori-768x576.jpeg 768w, https:\/\/buletin.de\/bucuresti\/wp-content\/uploads\/actori-1536x1152.jpeg 1536w, https:\/\/buletin.de\/bucuresti\/wp-content\/uploads\/actori-1600x1200.jpeg 1600w, https:\/\/buletin.de\/bucuresti\/wp-content\/uploads\/actori-1100x825.jpeg 1100w, https:\/\/buletin.de\/bucuresti\/wp-content\/uploads\/actori-600x450.jpeg 600w, https:\/\/buletin.de\/bucuresti\/wp-content\/uploads\/actori-20x15.jpeg 20w\" sizes=\"(max-width: 2000px) 100vw, 2000px\" \/><\/a><figcaption class=\"wp-element-caption\">Actorii deghiza\u021bi \u00een agresori sexuali<\/figcaption><\/figure>\n\n\n\n<p>Flashmob-ul a st\u00e2rnit diverse reac\u021bii printre zecile de trec\u0103tori din zona Pie\u021bei Universit\u0103\u021bii. C\u00e2\u021biva dintre ei se \u00eentrebau unii pe al\u021bii \u201ece se \u00eent\u00e2mpl\u0103\u201d, apoi mijeau ochii s\u0103 citeasc\u0103 mesajele de pe pancartele \u0219i hanoracele participan\u021bilor.&nbsp;<\/p>\n\n\n\n<p>Al\u021bi studen\u021bi s-au ar\u0103tat nemul\u021bumi\u021bi de ac\u021biune, \u0219i nu pentru mesajele transmise, ci pentru c\u0103 nu mai puteau trece prin pia\u021ba deja aglomerat\u0103: \u201eB\u0103i, au dreptate, dar nu \u00een fa\u021ba facult\u0103\u021bii noastre, noi pe unde mai trecem?\u201d.&nbsp;<\/p>\n\n\n\n<p>Un t\u00e2n\u0103r student a oprit unul dintre participan\u021bii la flashmob pentru a \u00een\u021belege fenomenul mai bine, iar timp de c\u00e2teva minute s-a al\u0103turat grupului \u0219i a ascultat cu interes explica\u021biile.&nbsp;<\/p>\n\n\n\n<figure class=\"wp-block-gallery has-nested-images columns-default is-cropped wp-block-gallery-1 is-layout-flex wp-block-gallery-is-layout-flex\">\n<figure class=\"wp-block-image size-full\"><img decoding=\"async\" width=\"2000\" height=\"1500\" data-id=\"103714\" src=\"data:image\/gif;base64,R0lGODlhAQABAAAAACH5BAEKAAEALAAAAAABAAEAAAICTAEAOw==\" data-src=\"https:\/\/buletin.de\/bucuresti\/wp-content\/uploads\/close-up-2.jpeg\" alt=\"\" class=\"wp-image-103714 lazyload\" data-sizes=\"auto\" data-srcset=\"https:\/\/buletin.de\/bucuresti\/wp-content\/uploads\/close-up-2.jpeg 2000w, https:\/\/buletin.de\/bucuresti\/wp-content\/uploads\/close-up-2-300x225.jpeg 300w, https:\/\/buletin.de\/bucuresti\/wp-content\/uploads\/close-up-2-900x675.jpeg 900w, https:\/\/buletin.de\/bucuresti\/wp-content\/uploads\/close-up-2-768x576.jpeg 768w, https:\/\/buletin.de\/bucuresti\/wp-content\/uploads\/close-up-2-1536x1152.jpeg 1536w, https:\/\/buletin.de\/bucuresti\/wp-content\/uploads\/close-up-2-1600x1200.jpeg 1600w, https:\/\/buletin.de\/bucuresti\/wp-content\/uploads\/close-up-2-1100x825.jpeg 1100w, https:\/\/buletin.de\/bucuresti\/wp-content\/uploads\/close-up-2-600x450.jpeg 600w, https:\/\/buletin.de\/bucuresti\/wp-content\/uploads\/close-up-2-20x15.jpeg 20w\" sizes=\"(max-width: 2000px) 100vw, 2000px\" \/><\/figure>\n\n\n\n<figure class=\"wp-block-image size-full\"><img decoding=\"async\" width=\"2000\" height=\"1500\" data-id=\"103713\" src=\"data:image\/gif;base64,R0lGODlhAQABAAAAACH5BAEKAAEALAAAAAABAAEAAAICTAEAOw==\" data-src=\"https:\/\/buletin.de\/bucuresti\/wp-content\/uploads\/close-up-1.jpeg\" alt=\"\" class=\"wp-image-103713 lazyload\" data-sizes=\"auto\" data-srcset=\"https:\/\/buletin.de\/bucuresti\/wp-content\/uploads\/close-up-1.jpeg 2000w, https:\/\/buletin.de\/bucuresti\/wp-content\/uploads\/close-up-1-300x225.jpeg 300w, https:\/\/buletin.de\/bucuresti\/wp-content\/uploads\/close-up-1-900x675.jpeg 900w, https:\/\/buletin.de\/bucuresti\/wp-content\/uploads\/close-up-1-768x576.jpeg 768w, https:\/\/buletin.de\/bucuresti\/wp-content\/uploads\/close-up-1-1536x1152.jpeg 1536w, https:\/\/buletin.de\/bucuresti\/wp-content\/uploads\/close-up-1-1600x1200.jpeg 1600w, https:\/\/buletin.de\/bucuresti\/wp-content\/uploads\/close-up-1-1100x825.jpeg 1100w, https:\/\/buletin.de\/bucuresti\/wp-content\/uploads\/close-up-1-600x450.jpeg 600w, https:\/\/buletin.de\/bucuresti\/wp-content\/uploads\/close-up-1-20x15.jpeg 20w\" sizes=\"(max-width: 2000px) 100vw, 2000px\" \/><\/figure>\n<figcaption class=\"blocks-gallery-caption wp-element-caption\">Pancartele expuse la flashmob<\/figcaption><\/figure>\n\n\n\n<p>CITE\u0218TE \u0218I: <strong><a href=\"https:\/\/buletin.de\/bucuresti\/nu-inseamna-nu-de-la-tnb-pana-in-fata-guvernului-mii-de-oameni-au-cerut-o-societate-sigura-pentru-femei\/\">\u201eNU \u00eenseamn\u0103 NU\u201d, de la TNB p\u00e2n\u0103 \u00een fa\u021ba Guvernului. Mii de oameni au cerut o societate sigur\u0103 pentru femei<\/a><\/strong><\/p>\n\n\n\n<h2 class=\"wp-block-heading\" id=\"h-flashmob-ul-mutat-la-metrou\"><strong>Flashmob-ul, mutat la metrou<\/strong><\/h2>\n\n\n\n<p>Cei care au luat parte la flashmob s-au \u00eencolonat \u00eenarma\u021bi cu pancartele \u0219i bannerele \u00eempotriva agresorilor sexuali nesupraveghea\u021bi \u0219i au cobor\u00e2t \u00een Pasajul Universit\u0103\u021bii, pentru a transmite mesajul c\u0103tre c\u00e2t mai mul\u021bi oameni.\u00a0\u00a0<\/p>\n\n\n\n<p>\u00cen pasaj, hanoracele simbolice ale \u201eagresorilor sexuali\u201d au atras \u0219i mai multe priviri \u00eengrijorate, iar tot mai mul\u021bi oameni \u00eencetineau s\u0103 citeasc\u0103 mesajele.\u00a0\u00a0<\/p>\n\n\n\n<figure class=\"wp-block-gallery has-nested-images columns-2 is-cropped wp-block-gallery-2 is-layout-flex wp-block-gallery-is-layout-flex\">\n<figure class=\"wp-block-image size-full\"><img loading=\"lazy\" decoding=\"async\" width=\"2000\" height=\"1823\" data-id=\"103718\" src=\"data:image\/gif;base64,R0lGODlhAQABAAAAACH5BAEKAAEALAAAAAABAAEAAAICTAEAOw==\" data-src=\"https:\/\/buletin.de\/bucuresti\/wp-content\/uploads\/metrou-2.jpeg\" alt=\"\" class=\"wp-image-103718 lazyload\" data-sizes=\"auto\" data-srcset=\"https:\/\/buletin.de\/bucuresti\/wp-content\/uploads\/metrou-2.jpeg 2000w, https:\/\/buletin.de\/bucuresti\/wp-content\/uploads\/metrou-2-300x273.jpeg 300w, https:\/\/buletin.de\/bucuresti\/wp-content\/uploads\/metrou-2-900x820.jpeg 900w, https:\/\/buletin.de\/bucuresti\/wp-content\/uploads\/metrou-2-768x700.jpeg 768w, https:\/\/buletin.de\/bucuresti\/wp-content\/uploads\/metrou-2-1536x1400.jpeg 1536w, https:\/\/buletin.de\/bucuresti\/wp-content\/uploads\/metrou-2-1600x1458.jpeg 1600w, https:\/\/buletin.de\/bucuresti\/wp-content\/uploads\/metrou-2-1100x1003.jpeg 1100w, https:\/\/buletin.de\/bucuresti\/wp-content\/uploads\/metrou-2-600x547.jpeg 600w, https:\/\/buletin.de\/bucuresti\/wp-content\/uploads\/metrou-2-20x18.jpeg 20w\" sizes=\"(max-width: 2000px) 100vw, 2000px\" \/><\/figure>\n\n\n\n<figure class=\"wp-block-image size-full\"><img loading=\"lazy\" decoding=\"async\" width=\"2000\" height=\"1500\" data-id=\"103715\" src=\"data:image\/gif;base64,R0lGODlhAQABAAAAACH5BAEKAAEALAAAAAABAAEAAAICTAEAOw==\" data-src=\"https:\/\/buletin.de\/bucuresti\/wp-content\/uploads\/metrou-1.jpeg\" alt=\"\" class=\"wp-image-103715 lazyload\" data-sizes=\"auto\" data-srcset=\"https:\/\/buletin.de\/bucuresti\/wp-content\/uploads\/metrou-1.jpeg 2000w, https:\/\/buletin.de\/bucuresti\/wp-content\/uploads\/metrou-1-300x225.jpeg 300w, https:\/\/buletin.de\/bucuresti\/wp-content\/uploads\/metrou-1-900x675.jpeg 900w, https:\/\/buletin.de\/bucuresti\/wp-content\/uploads\/metrou-1-768x576.jpeg 768w, https:\/\/buletin.de\/bucuresti\/wp-content\/uploads\/metrou-1-1536x1152.jpeg 1536w, https:\/\/buletin.de\/bucuresti\/wp-content\/uploads\/metrou-1-1600x1200.jpeg 1600w, https:\/\/buletin.de\/bucuresti\/wp-content\/uploads\/metrou-1-1100x825.jpeg 1100w, https:\/\/buletin.de\/bucuresti\/wp-content\/uploads\/metrou-1-600x450.jpeg 600w, https:\/\/buletin.de\/bucuresti\/wp-content\/uploads\/metrou-1-20x15.jpeg 20w\" sizes=\"(max-width: 2000px) 100vw, 2000px\" \/><\/figure>\n\n\n\n<figure class=\"wp-block-image size-full\"><img loading=\"lazy\" decoding=\"async\" width=\"2000\" height=\"1500\" data-id=\"103716\" src=\"data:image\/gif;base64,R0lGODlhAQABAAAAACH5BAEKAAEALAAAAAABAAEAAAICTAEAOw==\" data-src=\"https:\/\/buletin.de\/bucuresti\/wp-content\/uploads\/metrou-4.jpeg\" alt=\"\" class=\"wp-image-103716 lazyload\" data-sizes=\"auto\" data-srcset=\"https:\/\/buletin.de\/bucuresti\/wp-content\/uploads\/metrou-4.jpeg 2000w, https:\/\/buletin.de\/bucuresti\/wp-content\/uploads\/metrou-4-300x225.jpeg 300w, https:\/\/buletin.de\/bucuresti\/wp-content\/uploads\/metrou-4-900x675.jpeg 900w, https:\/\/buletin.de\/bucuresti\/wp-content\/uploads\/metrou-4-768x576.jpeg 768w, https:\/\/buletin.de\/bucuresti\/wp-content\/uploads\/metrou-4-1536x1152.jpeg 1536w, https:\/\/buletin.de\/bucuresti\/wp-content\/uploads\/metrou-4-1600x1200.jpeg 1600w, https:\/\/buletin.de\/bucuresti\/wp-content\/uploads\/metrou-4-1100x825.jpeg 1100w, https:\/\/buletin.de\/bucuresti\/wp-content\/uploads\/metrou-4-600x450.jpeg 600w, https:\/\/buletin.de\/bucuresti\/wp-content\/uploads\/metrou-4-20x15.jpeg 20w\" sizes=\"(max-width: 2000px) 100vw, 2000px\" \/><\/figure>\n<figcaption class=\"blocks-gallery-caption wp-element-caption\">Participan\u021bii la flashmob s-au mutat \u00een Pasajul Universit\u0103\u021bii<\/figcaption><\/figure>\n\n\n\n<h2 class=\"wp-block-heading\" id=\"h-agresorii-uita-sa-se-prezinte-la-verificari-poli\u021bia-uita-sa-ii-mai-caute\"><strong>Agresorii \u201euit\u0103\u201d s\u0103 se prezinte la verific\u0103ri, Poli\u021bia \u201euit\u0103\u201d s\u0103 \u00eei mai caute<\/strong><\/h2>\n\n\n\n<p>Prin peti\u021bia lansat\u0103 de societatea civil\u0103, i se cere ministrului Afacerilor Interne, C\u0103t\u0103lin Predoiu, dar \u0219i celorlalte autorit\u0103\u021bi competente, s\u0103 ia m\u0103suri c\u00e2t mai repede pentru ca to\u021bi agresorii sexuali, cerceta\u021bi sau elibera\u021bi din \u00eenchisoare, s\u0103 fie monitoriza\u021bi atent.<\/p>\n\n\n\n<p><a href=\"https:\/\/legislatie.just.ro\/Public\/DetaliiDocument\/215496\">Legea nr. 118 din 20 iunie 2019<\/a> prevede faptul c\u0103 ace\u0219tia trebuie s\u0103 se prezinte la cel pu\u021bin trei luni pentru verific\u0103ri, dar, \u00een realitate ei \u201euit\u0103\u201d s\u0103 mearg\u0103, iar autorit\u0103\u021bile nu \u00eei mai verific\u0103.&nbsp;<\/p>\n\n\n\n<p><em>\u201ePersoanele \u00eenscrise \u00een Registru au obliga\u021bia de a se prezenta periodic la organele de poli\u021bie pe raza c\u0103rora domiciliaz\u0103 sau \u00ee\u0219i au re\u0219edin\u021ba, dar nu mai t\u00e2rziu de o dat\u0103 la 3 luni, pentru a comunica acestora informa\u021bii relevante\u201d,<\/em> se arat\u0103 \u00een lege.&nbsp;&nbsp;<\/p>\n\n\n\n<p>\u00cen acest registru, se reg\u0103sesc 65.000 de persoane care au \u201ecomis infrac\u021biuni sexuale, de exploatare a unor persoane sau asupra minorilor\u201d.\u00a0\u00a0<\/p>\n\n\n\n<p><em>\u201eVrem s\u0103 tragem un semnal de alarm\u0103 \u0219i s\u0103-i transmitem lui C\u0103t\u0103lin Predoiu, ministrul de Interne, \u0219i Poli\u021biei Rom\u00e2ne, un mesaj, acela de a-i monitoriza pe bune pe cei \u00eenscri\u0219i \u00een acel Registru al agresorilor sexuali, unde sunt \u00eenscri\u0219i to\u021bi cei care au fost condamna\u021bi pentru agresiune sexual\u0103 \u0219i apoi elibera\u021bi. Legisla\u021bia spune c\u0103 ei trebuie s\u0103 mearg\u0103 la poli\u021bie s\u0103 dea cu subsemnatul cel pu\u021bin odat\u0103 la trei luni, dar majoritatea nu fac acest lucru, iar poli\u021bia nu se deranjeaz\u0103 s\u0103 se duc\u0103 s\u0103 \u00eei viziteze, s\u0103 \u00eei \u00eentrebe de s\u0103n\u0103tate sau ce planuri mai au<\/em>\u201d, detaliaz\u0103 organizatoarea mi\u0219c\u0103rii.&nbsp;<\/p>\n\n\n\n<p>CITE\u0218TE \u0218I: <strong><a href=\"https:\/\/buletin.de\/bucuresti\/bilantul-lui-daniel-baluta-ca-primar\/\">Bilan\u021bul lui Daniel B\u0103lu\u021b\u0103. Ce (n-)a realizat edilul de la 4. C\u00e2nd va fi gata aeroportul promis recent<\/a><\/strong><\/p>\n","protected":false},"excerpt":{"rendered":"<p>Printre studen\u021bii gr\u0103bi\u021bi care \u00ee\u0219i croiau drumul c\u0103tre cursuri, c\u00e2\u021biva oameni \u00eembr\u0103ca\u021bi \u00een negru au \u00eenceput s\u0103 \u00ee\u0219i fac\u0103 apari\u021bia, r\u00e2nd pe r\u00e2nd, \u00eenconjur\u00e2nd f\u00e2nt\u00e2na din Pia\u021ba Universit\u0103\u021bii. Joi, 24 octombrie, \u00een jurul orei 17:00, a pornit un flashmob care atrage aten\u021bia asupra pericolului pe care \u00eel reprezint\u0103 pr\u0103d\u0103torii sexuali nesupraveghea\u021bi. 7 din 10 agresori [&hellip;]<\/p>\n","protected":false},"author":58,"featured_media":103719,"comment_status":"closed","ping_status":"open","sticky":false,"template":"","format":"standard","meta":{"_acf_changed":false,"inline_featured_image":false,"ngg_post_thumbnail":0,"footnotes":""},"categories":[6994,5762,169],"tags":[16272,10326,16271,2063,1857,13006,8624],"ppma_author":[22581],"class_list":["post-103711","post","type-post","status-publish","format-standard","has-post-thumbnail","hentry","category-stiri-2","category-main","category-reportaj","tag-7-din-10-recidiveaza","tag-actori","tag-agresori-sexuali","tag-bucuresti-2","tag-flashmob","tag-metrou-universitate","tag-piata-universitatii-2"],"acf":[],"yoast_head":"<!-- This site is optimized with the Yoast SEO Premium plugin v25.3 (Yoast SEO v27.4) - https:\/\/yoast.com\/product\/yoast-seo-premium-wordpress\/ -->\n<title>7 din 10 agresori sexuali recidiveaz\u0103. Flashmob la Universitate pentru monitorizarea abuzatorilor \u00een libertate - Buletin de Bucure\u0219ti<\/title>\n<meta name=\"description\" content=\"Joi, 24 octombrie, a demarat un flashmob care atrage aten\u021bia asupra pericolului pe care \u00eel reprezint\u0103 pr\u0103d\u0103torii sexuali nesupraveghea\u021bi.\" \/>\n<meta name=\"robots\" content=\"index, follow, max-snippet:-1, max-image-preview:large, max-video-preview:-1\" \/>\n<link rel=\"canonical\" href=\"https:\/\/buletin.de\/bucuresti\/7-din-10-agresori-sexuali-recidiveaza-flashmob-la-universitate-pentru-monitorizarea-abuzatorilor-in-libertate\/\" \/>\n<meta property=\"og:locale\" content=\"en_GB\" \/>\n<meta property=\"og:type\" content=\"article\" \/>\n<meta property=\"og:title\" content=\"7 din 10 agresori sexuali recidiveaz\u0103. Flashmob la Universitate pentru monitorizarea abuzatorilor \u00een libertate\" \/>\n<meta property=\"og:description\" content=\"Joi, 24 octombrie, a demarat un flashmob care atrage aten\u021bia asupra pericolului pe care \u00eel reprezint\u0103 pr\u0103d\u0103torii sexuali nesupraveghea\u021bi.\" \/>\n<meta property=\"og:url\" content=\"https:\/\/buletin.de\/bucuresti\/7-din-10-agresori-sexuali-recidiveaza-flashmob-la-universitate-pentru-monitorizarea-abuzatorilor-in-libertate\/\" \/>\n<meta property=\"og:site_name\" content=\"Buletin de Bucure\u0219ti\" \/>\n<meta property=\"article:publisher\" content=\"https:\/\/www.facebook.com\/buletin.de.buc\" \/>\n<meta property=\"article:published_time\" content=\"2024-10-25T05:19:54+00:00\" \/>\n<meta property=\"article:modified_time\" content=\"2024-10-25T05:19:55+00:00\" \/>\n<meta property=\"og:image\" content=\"https:\/\/buletin.de\/bucuresti\/wp-content\/uploads\/cover-2.jpeg\" \/>\n\t<meta property=\"og:image:width\" content=\"2000\" \/>\n\t<meta property=\"og:image:height\" content=\"1500\" \/>\n\t<meta property=\"og:image:type\" content=\"image\/jpeg\" \/>\n<meta name=\"author\" content=\"Ana Anghel-Dimache\" \/>\n<meta name=\"twitter:card\" content=\"summary_large_image\" \/>\n<meta name=\"twitter:label1\" content=\"Written by\" \/>\n\t<meta name=\"twitter:data1\" content=\"Ana Anghel-Dimache\" \/>\n\t<meta name=\"twitter:label2\" content=\"Estimated reading time\" \/>\n\t<meta name=\"twitter:data2\" content=\"5 minutes\" \/>\n<script type=\"application\/ld+json\" class=\"yoast-schema-graph\">{\"@context\":\"https:\\\/\\\/schema.org\",\"@graph\":[{\"@type\":\"Article\",\"@id\":\"https:\\\/\\\/buletin.de\\\/bucuresti\\\/7-din-10-agresori-sexuali-recidiveaza-flashmob-la-universitate-pentru-monitorizarea-abuzatorilor-in-libertate\\\/#article\",\"isPartOf\":{\"@id\":\"https:\\\/\\\/buletin.de\\\/bucuresti\\\/7-din-10-agresori-sexuali-recidiveaza-flashmob-la-universitate-pentru-monitorizarea-abuzatorilor-in-libertate\\\/\"},\"author\":{\"name\":\"Ana Anghel-Dimache\",\"@id\":\"https:\\\/\\\/buletin.de\\\/bucuresti\\\/#\\\/schema\\\/person\\\/359459245996e200ed7c807f71f0551a\"},\"headline\":\"7 din 10 agresori sexuali recidiveaz\u0103. Flashmob la Universitate pentru monitorizarea abuzatorilor \u00een libertate\",\"datePublished\":\"2024-10-25T05:19:54+00:00\",\"dateModified\":\"2024-10-25T05:19:55+00:00\",\"mainEntityOfPage\":{\"@id\":\"https:\\\/\\\/buletin.de\\\/bucuresti\\\/7-din-10-agresori-sexuali-recidiveaza-flashmob-la-universitate-pentru-monitorizarea-abuzatorilor-in-libertate\\\/\"},\"wordCount\":875,\"publisher\":{\"@id\":\"https:\\\/\\\/buletin.de\\\/bucuresti\\\/#organization\"},\"image\":{\"@id\":\"https:\\\/\\\/buletin.de\\\/bucuresti\\\/7-din-10-agresori-sexuali-recidiveaza-flashmob-la-universitate-pentru-monitorizarea-abuzatorilor-in-libertate\\\/#primaryimage\"},\"thumbnailUrl\":\"https:\\\/\\\/buletin.de\\\/bucuresti\\\/wp-content\\\/uploads\\\/cover-2.jpeg\",\"keywords\":[\"7 din 10 recidiveaz\u0103\",\"actori\",\"agresori sexuali\",\"Bucure\u0219ti\",\"flashmob\",\"metrou Universitate\",\"Pia\u021ba Universit\u0103\u021bii\"],\"articleSection\":[\"Articole\",\"Main\",\"Reportaj\"],\"inLanguage\":\"en-GB\",\"copyrightYear\":\"2024\",\"copyrightHolder\":{\"@id\":\"https:\\\/\\\/buletin.de\\\/bucuresti\\\/#organization\"}},{\"@type\":\"WebPage\",\"@id\":\"https:\\\/\\\/buletin.de\\\/bucuresti\\\/7-din-10-agresori-sexuali-recidiveaza-flashmob-la-universitate-pentru-monitorizarea-abuzatorilor-in-libertate\\\/\",\"url\":\"https:\\\/\\\/buletin.de\\\/bucuresti\\\/7-din-10-agresori-sexuali-recidiveaza-flashmob-la-universitate-pentru-monitorizarea-abuzatorilor-in-libertate\\\/\",\"name\":\"7 din 10 agresori sexuali recidiveaz\u0103. Flashmob la Universitate pentru monitorizarea abuzatorilor \u00een libertate - Buletin de Bucure\u0219ti\",\"isPartOf\":{\"@id\":\"https:\\\/\\\/buletin.de\\\/bucuresti\\\/#website\"},\"primaryImageOfPage\":{\"@id\":\"https:\\\/\\\/buletin.de\\\/bucuresti\\\/7-din-10-agresori-sexuali-recidiveaza-flashmob-la-universitate-pentru-monitorizarea-abuzatorilor-in-libertate\\\/#primaryimage\"},\"image\":{\"@id\":\"https:\\\/\\\/buletin.de\\\/bucuresti\\\/7-din-10-agresori-sexuali-recidiveaza-flashmob-la-universitate-pentru-monitorizarea-abuzatorilor-in-libertate\\\/#primaryimage\"},\"thumbnailUrl\":\"https:\\\/\\\/buletin.de\\\/bucuresti\\\/wp-content\\\/uploads\\\/cover-2.jpeg\",\"datePublished\":\"2024-10-25T05:19:54+00:00\",\"dateModified\":\"2024-10-25T05:19:55+00:00\",\"description\":\"Joi, 24 octombrie, a demarat un flashmob care atrage aten\u021bia asupra pericolului pe care \u00eel reprezint\u0103 pr\u0103d\u0103torii sexuali nesupraveghea\u021bi.\",\"breadcrumb\":{\"@id\":\"https:\\\/\\\/buletin.de\\\/bucuresti\\\/7-din-10-agresori-sexuali-recidiveaza-flashmob-la-universitate-pentru-monitorizarea-abuzatorilor-in-libertate\\\/#breadcrumb\"},\"inLanguage\":\"en-GB\",\"potentialAction\":[{\"@type\":\"ReadAction\",\"target\":[\"https:\\\/\\\/buletin.de\\\/bucuresti\\\/7-din-10-agresori-sexuali-recidiveaza-flashmob-la-universitate-pentru-monitorizarea-abuzatorilor-in-libertate\\\/\"]}]},{\"@type\":\"ImageObject\",\"inLanguage\":\"en-GB\",\"@id\":\"https:\\\/\\\/buletin.de\\\/bucuresti\\\/7-din-10-agresori-sexuali-recidiveaza-flashmob-la-universitate-pentru-monitorizarea-abuzatorilor-in-libertate\\\/#primaryimage\",\"url\":\"https:\\\/\\\/buletin.de\\\/bucuresti\\\/wp-content\\\/uploads\\\/cover-2.jpeg\",\"contentUrl\":\"https:\\\/\\\/buletin.de\\\/bucuresti\\\/wp-content\\\/uploads\\\/cover-2.jpeg\",\"width\":2000,\"height\":1500,\"caption\":\"Flashmob la Universitate pentru monitorizarea abuzatorilor \u00een libertate. Foto: Ana Anghel-Dimache\"},{\"@type\":\"BreadcrumbList\",\"@id\":\"https:\\\/\\\/buletin.de\\\/bucuresti\\\/7-din-10-agresori-sexuali-recidiveaza-flashmob-la-universitate-pentru-monitorizarea-abuzatorilor-in-libertate\\\/#breadcrumb\",\"itemListElement\":[{\"@type\":\"ListItem\",\"position\":1,\"name\":\"Acas\u0103\",\"item\":\"https:\\\/\\\/buletin.de\\\/bucuresti\\\/\"},{\"@type\":\"ListItem\",\"position\":2,\"name\":\"7 din 10 agresori sexuali recidiveaz\u0103. Flashmob la Universitate pentru monitorizarea abuzatorilor \u00een libertate\"}]},{\"@type\":\"WebSite\",\"@id\":\"https:\\\/\\\/buletin.de\\\/bucuresti\\\/#website\",\"url\":\"https:\\\/\\\/buletin.de\\\/bucuresti\\\/\",\"name\":\"Buletin de Bucure\u0219ti\",\"description\":\"\u0218tiri \u0219i investiga\u021bii esen\u021biale din capital\u0103\",\"publisher\":{\"@id\":\"https:\\\/\\\/buletin.de\\\/bucuresti\\\/#organization\"},\"potentialAction\":[{\"@type\":\"SearchAction\",\"target\":{\"@type\":\"EntryPoint\",\"urlTemplate\":\"https:\\\/\\\/buletin.de\\\/bucuresti\\\/?s={search_term_string}\"},\"query-input\":{\"@type\":\"PropertyValueSpecification\",\"valueRequired\":true,\"valueName\":\"search_term_string\"}}],\"inLanguage\":\"en-GB\"},{\"@type\":\"Organization\",\"@id\":\"https:\\\/\\\/buletin.de\\\/bucuresti\\\/#organization\",\"name\":\"Buletin de Bucure\u0219ti\",\"url\":\"https:\\\/\\\/buletin.de\\\/bucuresti\\\/\",\"logo\":{\"@type\":\"ImageObject\",\"inLanguage\":\"en-GB\",\"@id\":\"https:\\\/\\\/buletin.de\\\/bucuresti\\\/#\\\/schema\\\/logo\\\/image\\\/\",\"url\":\"https:\\\/\\\/buletin.de\\\/bucuresti\\\/wp-content\\\/uploads\\\/logo-bdb-full-wide-vernil-transparent.png\",\"contentUrl\":\"https:\\\/\\\/buletin.de\\\/bucuresti\\\/wp-content\\\/uploads\\\/logo-bdb-full-wide-vernil-transparent.png\",\"width\":1782,\"height\":626,\"caption\":\"Buletin de Bucure\u0219ti\"},\"image\":{\"@id\":\"https:\\\/\\\/buletin.de\\\/bucuresti\\\/#\\\/schema\\\/logo\\\/image\\\/\"},\"sameAs\":[\"https:\\\/\\\/www.facebook.com\\\/buletin.de.buc\",\"https:\\\/\\\/www.instagram.com\\\/buletinde.bucuresti\\\/\"]},{\"@type\":\"Person\",\"@id\":\"https:\\\/\\\/buletin.de\\\/bucuresti\\\/#\\\/schema\\\/person\\\/359459245996e200ed7c807f71f0551a\",\"name\":\"Ana Anghel-Dimache\",\"image\":{\"@type\":\"ImageObject\",\"inLanguage\":\"en-GB\",\"@id\":\"https:\\\/\\\/buletin.de\\\/bucuresti\\\/wp-content\\\/uploads\\\/Ana-Anghel-Dimache-96x96.jpg861145fc2c4f1fe57dc81b59a6cfb674\",\"url\":\"https:\\\/\\\/buletin.de\\\/bucuresti\\\/wp-content\\\/uploads\\\/Ana-Anghel-Dimache-96x96.jpg\",\"contentUrl\":\"https:\\\/\\\/buletin.de\\\/bucuresti\\\/wp-content\\\/uploads\\\/Ana-Anghel-Dimache-96x96.jpg\",\"caption\":\"Ana Anghel-Dimache\"},\"description\":\"Sunt student\u0103 la jurnalism \u0219i m-am n\u0103scut \u00een Bucure\u0219ti, ora\u0219 plin de pove\u0219ti care merit\u0103 explorate. \u00cemi place s\u0103 scriu despre subiecte politice, de mediu \u0219i legate de transportul din Capital\u0103. \u00cencerc s\u0103 pictez o imagine c\u00e2t mai sincer\u0103 a realit\u0103\u021bii \u0219i sus\u021bin presa independent\u0103 pentru c\u0103 este esen\u021bial s\u0103 pot reda faptele \u00een formele lor adev\u0103rate.\",\"url\":\"https:\\\/\\\/buletin.de\\\/bucuresti\\\/author\\\/ana-dimache\\\/\"}]}<\/script>\n<!-- \/ Yoast SEO Premium plugin. -->","yoast_head_json":{"title":"7 din 10 agresori sexuali recidiveaz\u0103. Flashmob la Universitate pentru monitorizarea abuzatorilor \u00een libertate - Buletin de Bucure\u0219ti","description":"Joi, 24 octombrie, a demarat un flashmob care atrage aten\u021bia asupra pericolului pe care \u00eel reprezint\u0103 pr\u0103d\u0103torii sexuali nesupraveghea\u021bi.","robots":{"index":"index","follow":"follow","max-snippet":"max-snippet:-1","max-image-preview":"max-image-preview:large","max-video-preview":"max-video-preview:-1"},"canonical":"https:\/\/buletin.de\/bucuresti\/7-din-10-agresori-sexuali-recidiveaza-flashmob-la-universitate-pentru-monitorizarea-abuzatorilor-in-libertate\/","og_locale":"en_GB","og_type":"article","og_title":"7 din 10 agresori sexuali recidiveaz\u0103. Flashmob la Universitate pentru monitorizarea abuzatorilor \u00een libertate","og_description":"Joi, 24 octombrie, a demarat un flashmob care atrage aten\u021bia asupra pericolului pe care \u00eel reprezint\u0103 pr\u0103d\u0103torii sexuali nesupraveghea\u021bi.","og_url":"https:\/\/buletin.de\/bucuresti\/7-din-10-agresori-sexuali-recidiveaza-flashmob-la-universitate-pentru-monitorizarea-abuzatorilor-in-libertate\/","og_site_name":"Buletin de Bucure\u0219ti","article_publisher":"https:\/\/www.facebook.com\/buletin.de.buc","article_published_time":"2024-10-25T05:19:54+00:00","article_modified_time":"2024-10-25T05:19:55+00:00","og_image":[{"width":2000,"height":1500,"url":"https:\/\/buletin.de\/bucuresti\/wp-content\/uploads\/cover-2.jpeg","type":"image\/jpeg"}],"author":"Ana Anghel-Dimache","twitter_card":"summary_large_image","twitter_misc":{"Written by":"Ana Anghel-Dimache","Estimated reading time":"5 minutes"},"schema":{"@context":"https:\/\/schema.org","@graph":[{"@type":"Article","@id":"https:\/\/buletin.de\/bucuresti\/7-din-10-agresori-sexuali-recidiveaza-flashmob-la-universitate-pentru-monitorizarea-abuzatorilor-in-libertate\/#article","isPartOf":{"@id":"https:\/\/buletin.de\/bucuresti\/7-din-10-agresori-sexuali-recidiveaza-flashmob-la-universitate-pentru-monitorizarea-abuzatorilor-in-libertate\/"},"author":{"name":"Ana Anghel-Dimache","@id":"https:\/\/buletin.de\/bucuresti\/#\/schema\/person\/359459245996e200ed7c807f71f0551a"},"headline":"7 din 10 agresori sexuali recidiveaz\u0103. Flashmob la Universitate pentru monitorizarea abuzatorilor \u00een libertate","datePublished":"2024-10-25T05:19:54+00:00","dateModified":"2024-10-25T05:19:55+00:00","mainEntityOfPage":{"@id":"https:\/\/buletin.de\/bucuresti\/7-din-10-agresori-sexuali-recidiveaza-flashmob-la-universitate-pentru-monitorizarea-abuzatorilor-in-libertate\/"},"wordCount":875,"publisher":{"@id":"https:\/\/buletin.de\/bucuresti\/#organization"},"image":{"@id":"https:\/\/buletin.de\/bucuresti\/7-din-10-agresori-sexuali-recidiveaza-flashmob-la-universitate-pentru-monitorizarea-abuzatorilor-in-libertate\/#primaryimage"},"thumbnailUrl":"https:\/\/buletin.de\/bucuresti\/wp-content\/uploads\/cover-2.jpeg","keywords":["7 din 10 recidiveaz\u0103","actori","agresori sexuali","Bucure\u0219ti","flashmob","metrou Universitate","Pia\u021ba Universit\u0103\u021bii"],"articleSection":["Articole","Main","Reportaj"],"inLanguage":"en-GB","copyrightYear":"2024","copyrightHolder":{"@id":"https:\/\/buletin.de\/bucuresti\/#organization"}},{"@type":"WebPage","@id":"https:\/\/buletin.de\/bucuresti\/7-din-10-agresori-sexuali-recidiveaza-flashmob-la-universitate-pentru-monitorizarea-abuzatorilor-in-libertate\/","url":"https:\/\/buletin.de\/bucuresti\/7-din-10-agresori-sexuali-recidiveaza-flashmob-la-universitate-pentru-monitorizarea-abuzatorilor-in-libertate\/","name":"7 din 10 agresori sexuali recidiveaz\u0103. Flashmob la Universitate pentru monitorizarea abuzatorilor \u00een libertate - Buletin de Bucure\u0219ti","isPartOf":{"@id":"https:\/\/buletin.de\/bucuresti\/#website"},"primaryImageOfPage":{"@id":"https:\/\/buletin.de\/bucuresti\/7-din-10-agresori-sexuali-recidiveaza-flashmob-la-universitate-pentru-monitorizarea-abuzatorilor-in-libertate\/#primaryimage"},"image":{"@id":"https:\/\/buletin.de\/bucuresti\/7-din-10-agresori-sexuali-recidiveaza-flashmob-la-universitate-pentru-monitorizarea-abuzatorilor-in-libertate\/#primaryimage"},"thumbnailUrl":"https:\/\/buletin.de\/bucuresti\/wp-content\/uploads\/cover-2.jpeg","datePublished":"2024-10-25T05:19:54+00:00","dateModified":"2024-10-25T05:19:55+00:00","description":"Joi, 24 octombrie, a demarat un flashmob care atrage aten\u021bia asupra pericolului pe care \u00eel reprezint\u0103 pr\u0103d\u0103torii sexuali nesupraveghea\u021bi.","breadcrumb":{"@id":"https:\/\/buletin.de\/bucuresti\/7-din-10-agresori-sexuali-recidiveaza-flashmob-la-universitate-pentru-monitorizarea-abuzatorilor-in-libertate\/#breadcrumb"},"inLanguage":"en-GB","potentialAction":[{"@type":"ReadAction","target":["https:\/\/buletin.de\/bucuresti\/7-din-10-agresori-sexuali-recidiveaza-flashmob-la-universitate-pentru-monitorizarea-abuzatorilor-in-libertate\/"]}]},{"@type":"ImageObject","inLanguage":"en-GB","@id":"https:\/\/buletin.de\/bucuresti\/7-din-10-agresori-sexuali-recidiveaza-flashmob-la-universitate-pentru-monitorizarea-abuzatorilor-in-libertate\/#primaryimage","url":"https:\/\/buletin.de\/bucuresti\/wp-content\/uploads\/cover-2.jpeg","contentUrl":"https:\/\/buletin.de\/bucuresti\/wp-content\/uploads\/cover-2.jpeg","width":2000,"height":1500,"caption":"Flashmob la Universitate pentru monitorizarea abuzatorilor \u00een libertate. Foto: Ana Anghel-Dimache"},{"@type":"BreadcrumbList","@id":"https:\/\/buletin.de\/bucuresti\/7-din-10-agresori-sexuali-recidiveaza-flashmob-la-universitate-pentru-monitorizarea-abuzatorilor-in-libertate\/#breadcrumb","itemListElement":[{"@type":"ListItem","position":1,"name":"Acas\u0103","item":"https:\/\/buletin.de\/bucuresti\/"},{"@type":"ListItem","position":2,"name":"7 din 10 agresori sexuali recidiveaz\u0103. Flashmob la Universitate pentru monitorizarea abuzatorilor \u00een libertate"}]},{"@type":"WebSite","@id":"https:\/\/buletin.de\/bucuresti\/#website","url":"https:\/\/buletin.de\/bucuresti\/","name":"Buletin de Bucure\u0219ti","description":"\u0218tiri \u0219i investiga\u021bii esen\u021biale din capital\u0103","publisher":{"@id":"https:\/\/buletin.de\/bucuresti\/#organization"},"potentialAction":[{"@type":"SearchAction","target":{"@type":"EntryPoint","urlTemplate":"https:\/\/buletin.de\/bucuresti\/?s={search_term_string}"},"query-input":{"@type":"PropertyValueSpecification","valueRequired":true,"valueName":"search_term_string"}}],"inLanguage":"en-GB"},{"@type":"Organization","@id":"https:\/\/buletin.de\/bucuresti\/#organization","name":"Buletin de Bucure\u0219ti","url":"https:\/\/buletin.de\/bucuresti\/","logo":{"@type":"ImageObject","inLanguage":"en-GB","@id":"https:\/\/buletin.de\/bucuresti\/#\/schema\/logo\/image\/","url":"https:\/\/buletin.de\/bucuresti\/wp-content\/uploads\/logo-bdb-full-wide-vernil-transparent.png","contentUrl":"https:\/\/buletin.de\/bucuresti\/wp-content\/uploads\/logo-bdb-full-wide-vernil-transparent.png","width":1782,"height":626,"caption":"Buletin de Bucure\u0219ti"},"image":{"@id":"https:\/\/buletin.de\/bucuresti\/#\/schema\/logo\/image\/"},"sameAs":["https:\/\/www.facebook.com\/buletin.de.buc","https:\/\/www.instagram.com\/buletinde.bucuresti\/"]},{"@type":"Person","@id":"https:\/\/buletin.de\/bucuresti\/#\/schema\/person\/359459245996e200ed7c807f71f0551a","name":"Ana Anghel-Dimache","image":{"@type":"ImageObject","inLanguage":"en-GB","@id":"https:\/\/buletin.de\/bucuresti\/wp-content\/uploads\/Ana-Anghel-Dimache-96x96.jpg861145fc2c4f1fe57dc81b59a6cfb674","url":"https:\/\/buletin.de\/bucuresti\/wp-content\/uploads\/Ana-Anghel-Dimache-96x96.jpg","contentUrl":"https:\/\/buletin.de\/bucuresti\/wp-content\/uploads\/Ana-Anghel-Dimache-96x96.jpg","caption":"Ana Anghel-Dimache"},"description":"Sunt student\u0103 la jurnalism \u0219i m-am n\u0103scut \u00een Bucure\u0219ti, ora\u0219 plin de pove\u0219ti care merit\u0103 explorate. \u00cemi place s\u0103 scriu despre subiecte politice, de mediu \u0219i legate de transportul din Capital\u0103. \u00cencerc s\u0103 pictez o imagine c\u00e2t mai sincer\u0103 a realit\u0103\u021bii \u0219i sus\u021bin presa independent\u0103 pentru c\u0103 este esen\u021bial s\u0103 pot reda faptele \u00een formele lor adev\u0103rate.","url":"https:\/\/buletin.de\/bucuresti\/author\/ana-dimache\/"}]}},"authors":[{"term_id":22581,"user_id":58,"is_guest":0,"slug":"ana-dimache","display_name":"Ana Anghel-Dimache","avatar_url":"https:\/\/buletin.de\/bucuresti\/wp-content\/uploads\/Ana-Anghel-Dimache-96x96.jpg","0":null,"1":"","2":"","3":"","4":"","5":"","6":"","7":"","8":""}],"_links":{"self":[{"href":"https:\/\/buletin.de\/bucuresti\/wp-json\/wp\/v2\/posts\/103711","targetHints":{"allow":["GET"]}}],"collection":[{"href":"https:\/\/buletin.de\/bucuresti\/wp-json\/wp\/v2\/posts"}],"about":[{"href":"https:\/\/buletin.de\/bucuresti\/wp-json\/wp\/v2\/types\/post"}],"author":[{"embeddable":true,"href":"https:\/\/buletin.de\/bucuresti\/wp-json\/wp\/v2\/users\/58"}],"replies":[{"embeddable":true,"href":"https:\/\/buletin.de\/bucuresti\/wp-json\/wp\/v2\/comments?post=103711"}],"version-history":[{"count":4,"href":"https:\/\/buletin.de\/bucuresti\/wp-json\/wp\/v2\/posts\/103711\/revisions"}],"predecessor-version":[{"id":103748,"href":"https:\/\/buletin.de\/bucuresti\/wp-json\/wp\/v2\/posts\/103711\/revisions\/103748"}],"wp:featuredmedia":[{"embeddable":true,"href":"https:\/\/buletin.de\/bucuresti\/wp-json\/wp\/v2\/media\/103719"}],"wp:attachment":[{"href":"https:\/\/buletin.de\/bucuresti\/wp-json\/wp\/v2\/media?parent=103711"}],"wp:term":[{"taxonomy":"category","embeddable":true,"href":"https:\/\/buletin.de\/bucuresti\/wp-json\/wp\/v2\/categories?post=103711"},{"taxonomy":"post_tag","embeddable":true,"href":"https:\/\/buletin.de\/bucuresti\/wp-json\/wp\/v2\/tags?post=103711"},{"taxonomy":"author","embeddable":true,"href":"https:\/\/buletin.de\/bucuresti\/wp-json\/wp\/v2\/ppma_author?post=103711"}],"curies":[{"name":"wp","href":"https:\/\/api.w.org\/{rel}","templated":true}]}}