{"id":103602,"date":"2024-10-24T09:37:06","date_gmt":"2024-10-24T06:37:06","guid":{"rendered":"https:\/\/buletin.de\/bucuresti\/?p=103602"},"modified":"2024-10-24T09:57:43","modified_gmt":"2024-10-24T06:57:43","slug":"hotnews-ministrul-rafila-si-a-numit-consilierul-in-consiliile-de-administratie-a-trei-spitale-din-bucuresti","status":"publish","type":"post","link":"https:\/\/buletin.de\/bucuresti\/hotnews-ministrul-rafila-si-a-numit-consilierul-in-consiliile-de-administratie-a-trei-spitale-din-bucuresti\/","title":{"rendered":"HOTNEWS | Ministrul Rafila \u0219i-a numit consilierul \u00een consiliile de administra\u021bie a trei spitale din Bucure\u0219ti"},"content":{"rendered":"\n<p><strong>Ministrul Rafila \u0219i-a numit consilierul, C\u0103t\u0103lin Lungu, \u00een consiliile de administra\u021bie a trei spitale din Bucure\u0219ti, a unui spital din Ia\u0219i \u0219i a fabricii Antibiotice Ia\u0219i, \u00een 2023 \u0219i 2024, scrie <a href=\"https:\/\/hotnews.ro\/ministrul-rafila-l-a-numit-in-consiliile-de-administratie-a-patru-spitale-si-la-antibiotice-iasi-pe-consilierul-sau-actionar-in-firma-ce-intermediaza-sponsorizarile-farma-pentru-societatea-medicala-c-1816088?fbclid=IwY2xjawGGw19leHRuA2FlbQIxMQABHeU8XaNMnuZJU1viQU4uvNBC-6T_AhoNxye3cbVZDzOLEuqdmaOcw1gfWw_aem_7kyKBfNypKR_oh8kg16gWw\" target=\"_blank\" rel=\"noreferrer noopener\">Hotnews<\/a>.<\/strong><\/p>\n\n\n\n<p>C\u0103t\u0103lin Lungu este consilier al ministrului S\u0103n\u0103t\u0103\u021bii \u0219i unul dintre ac\u021bionarii Ella Traveland \u2013 firma prin care sponsoriz\u0103rile de la industria farma ajung la evenimentele Societ\u0103\u021bii Rom\u00e2ne de Microbiologie, arat\u0103 jurnali\u0219tii.<\/p>\n\n\n\n<p>\u00cen decurs de doar un an \u0219i jum\u0103tate, juristul C\u0103t\u0103lin Lungu a fost numit \u00een cinci consilii de administra\u021bie \u2013 patru spitale \u0219i Antibiotice Ia\u0219i. Informa\u021biile privind numirea \u00een cele cinci consilii de administra\u021bie apar chiar \u00een\u00a0<a href=\"https:\/\/www.antibiotice.ro\/wp-content\/uploads\/2024\/02\/CV-Catalin-LUNGU-1.pdf\" target=\"_blank\" rel=\"noreferrer noopener\">CV-ul lui C\u0103t\u0103lin Lungu<\/a>, publicat pe site-ul Antibiotice Ia\u0219i.<\/p>\n\n\n\n<p>Trei dintre spitale sunt din Bucure\u0219ti:<\/p>\n\n\n\n<ul class=\"wp-block-list\">\n<li>Pre\u0219edinte al Consiliului de Administra\u021bie la\u00a0<strong>Spitalul Clinic de Urgen\u021b\u0103 pentru Copii \u201eGrigore Alexandrescu\u201d\u00a0<\/strong>din Bucure\u0219ti \u2013 din aprilie 2023 p\u00e2n\u0103 \u00een martie 2024. Spitalul este \u00een subordinea Ministerului S\u0103n\u0103t\u0103\u021bii.<\/li>\n\n\n\n<li>Pre\u0219edinte al Consiliului de Administra\u021bie la\u00a0<strong>Institutul de Pneumoftiziologie \u201eMarius Nasta\u201d<\/strong>\u00a0din Bucure\u0219ti \u2013 din iunie 2023 p\u00e2n\u0103 \u00een februarie 2024. Spitalul este \u00een subordinea Ministerului S\u0103n\u0103t\u0103\u021bii.<\/li>\n\n\n\n<li>Membru \u00een Consiliul de Administra\u021bie al<strong>\u00a0Institutului Na\u021bional de Recuperare, Medicin\u0103 Fizic\u0103 \u0219i Balneoclimatologie<\/strong>\u00a0din Bucure\u0219ti \u2013 din mai 2023 p\u00e2n\u0103 \u00een august 2023. Spitalul este \u00een subordinea Ministerului S\u0103n\u0103t\u0103\u021bii.<\/li>\n<\/ul>\n\n\n\n<p>CITE\u0218TE \u0218I:\u00a0<strong><a href=\"https:\/\/buletin.de\/bucuresti\/bilantul-lui-daniel-baluta-ca-primar\/\" target=\"_blank\" rel=\"noreferrer noopener\">Bilan\u021bul lui Daniel B\u0103lu\u021b\u0103. Ce (n-)a realizat edilul de la 4. C\u00e2nd va fi gata aeroportul promis recent<\/a><\/strong><\/p>\n\n\n\n<h2 class=\"wp-block-heading\" id=\"h-ministrul-rafila-\u0219i-a-numit-consilierul-in-ca-cum-justifica-ministerul-sanata\u021bii\">Ministrul Rafila \u0219i-a numit consilierul \u00een CA. Cum justific\u0103 Ministerul S\u0103n\u0103t\u0103\u021bii<\/h2>\n\n\n\n<p>Ministerul S\u0103n\u0103t\u0103\u021bii a precizat c\u0103, \u00een cei doi ani, C\u0103t\u0103lin Lungu nu a fost remunerat pentru prezen\u021ba \u00een Consiliile de Administra\u021bie a celor 4 spitale.<\/p>\n\n\n\n<p>\u201eMen\u021bion\u0103m c\u0103, activitatea domnului Lungu C\u0103t\u0103lin nu a fost remunerat\u0103 \u00een cadrul consiliilor de administra\u021bie la care a fost desemnat s\u0103 participe\u201d, a transmis Hotnews institu\u021bia condus\u0103 de Rafila.<\/p>\n\n\n\n<p>Despre numirea \u00een CA al Antibiotice Ia\u0219i, ministerul spune c\u0103 \u201es-a realizat cu avizul AMEPIP (n.r. Agen\u021bia pentru Monitorizarea \u0219i Evaluarea Performan\u021belor \u00centreprinderilor Publice), care certific\u0103 \u00eendeplinirea de c\u0103tre ace\u0219tia a condi\u021biilor prev\u0103zute de legisla\u021bia \u00een vigoare\u201d.<\/p>\n\n\n\n<p>Continuarea \u00een <a href=\"https:\/\/hotnews.ro\/ministrul-rafila-l-a-numit-in-consiliile-de-administratie-a-patru-spitale-si-la-antibiotice-iasi-pe-consilierul-sau-actionar-in-firma-ce-intermediaza-sponsorizarile-farma-pentru-societatea-medicala-c-1816088?fbclid=IwY2xjawGGw19leHRuA2FlbQIxMQABHeU8XaNMnuZJU1viQU4uvNBC-6T_AhoNxye3cbVZDzOLEuqdmaOcw1gfWw_aem_7kyKBfNypKR_oh8kg16gWw\" target=\"_blank\" rel=\"noreferrer noopener\">Hotnews<\/a>.<\/p>\n\n\n\n<p>CITE\u0218TE \u0218I:&nbsp;<strong><a href=\"https:\/\/buletin.de\/bucuresti\/in-sfarsit-incepe-largirea-la-4-benzi-a-centurii-bucuresti-intre-domnesti-si-jilava\/\" target=\"_blank\" rel=\"noreferrer noopener\">\u00cencepe l\u0103rgirea la 4 benzi a Centurii Bucure\u0219ti \u00eentre Domne\u0219ti \u0219i Jilava. C\u00e2t va dura \u0219antierul<\/a><\/strong><\/p>\n","protected":false},"excerpt":{"rendered":"<p>Ministrul Rafila \u0219i-a numit consilierul, C\u0103t\u0103lin Lungu, \u00een consiliile de administra\u021bie a trei spitale din Bucure\u0219ti, a unui spital din Ia\u0219i \u0219i a fabricii Antibiotice Ia\u0219i, \u00een 2023 \u0219i 2024, scrie Hotnews. C\u0103t\u0103lin Lungu este consilier al ministrului S\u0103n\u0103t\u0103\u021bii \u0219i unul dintre ac\u021bionarii Ella Traveland \u2013 firma prin care sponsoriz\u0103rile de la industria farma ajung [&hellip;]<\/p>\n","protected":false},"author":1,"featured_media":3072,"comment_status":"closed","ping_status":"open","sticky":false,"template":"","format":"standard","meta":{"_acf_changed":false,"inline_featured_image":false,"ngg_post_thumbnail":0,"footnotes":""},"categories":[6994,4,62],"tags":[7002,16263,16262,537],"ppma_author":[22583],"class_list":["post-103602","post","type-post","status-publish","format-standard","has-post-thumbnail","hentry","category-stiri-2","category-sanatate","category-stiri","tag-ministerul-sanatatii-3","tag-catalin-lungu","tag-ministrul-rafila","tag-rafila"],"acf":[],"yoast_head":"<!-- This site is optimized with the Yoast SEO Premium plugin v25.3 (Yoast SEO v27.4) - https:\/\/yoast.com\/product\/yoast-seo-premium-wordpress\/ -->\n<title>HOTNEWS | Ministrul Rafila \u0219i-a numit consilierul \u00een consiliile de administra\u021bie a trei spitale din Bucure\u0219ti - Buletin de Bucure\u0219ti<\/title>\n<meta name=\"description\" content=\"Ministrul Rafila \u0219i-a numit consilierul, C\u0103t\u0103lin Lungu, \u00een consiliile de administra\u021bie a trei spitale din Bucure\u0219ti, \u00een 2023 \u0219i 2024.\" \/>\n<meta name=\"robots\" content=\"index, follow, max-snippet:-1, max-image-preview:large, max-video-preview:-1\" \/>\n<link rel=\"canonical\" href=\"https:\/\/buletin.de\/bucuresti\/hotnews-ministrul-rafila-si-a-numit-consilierul-in-consiliile-de-administratie-a-trei-spitale-din-bucuresti\/\" \/>\n<meta property=\"og:locale\" content=\"en_GB\" \/>\n<meta property=\"og:type\" content=\"article\" \/>\n<meta property=\"og:title\" content=\"HOTNEWS | Ministrul Rafila \u0219i-a numit consilierul \u00een consiliile de administra\u021bie a trei spitale din Bucure\u0219ti\" \/>\n<meta property=\"og:description\" content=\"Ministrul Rafila \u0219i-a numit consilierul, C\u0103t\u0103lin Lungu, \u00een consiliile de administra\u021bie a trei spitale din Bucure\u0219ti, \u00een 2023 \u0219i 2024.\" \/>\n<meta property=\"og:url\" content=\"https:\/\/buletin.de\/bucuresti\/hotnews-ministrul-rafila-si-a-numit-consilierul-in-consiliile-de-administratie-a-trei-spitale-din-bucuresti\/\" \/>\n<meta property=\"og:site_name\" content=\"Buletin de Bucure\u0219ti\" \/>\n<meta property=\"article:publisher\" content=\"https:\/\/www.facebook.com\/buletin.de.buc\" \/>\n<meta property=\"article:published_time\" content=\"2024-10-24T06:37:06+00:00\" \/>\n<meta property=\"article:modified_time\" content=\"2024-10-24T06:57:43+00:00\" \/>\n<meta property=\"og:image\" content=\"https:\/\/buletin.de\/bucuresti\/wp-content\/uploads\/alexandru_rafila_medic_infectionist_9642_1070_90_bigger.jpg\" \/>\n\t<meta property=\"og:image:width\" content=\"1070\" \/>\n\t<meta property=\"og:image:height\" content=\"713\" \/>\n\t<meta property=\"og:image:type\" content=\"image\/jpeg\" \/>\n<meta name=\"author\" content=\"Redac\u021bia Buletin de Bucure\u0219ti\" \/>\n<meta name=\"twitter:card\" content=\"summary_large_image\" \/>\n<meta name=\"twitter:label1\" content=\"Written by\" \/>\n\t<meta name=\"twitter:data1\" content=\"Redac\u021bia Buletin de Bucure\u0219ti\" \/>\n\t<meta name=\"twitter:label2\" content=\"Estimated reading time\" \/>\n\t<meta name=\"twitter:data2\" content=\"2 minutes\" \/>\n<script type=\"application\/ld+json\" class=\"yoast-schema-graph\">{\"@context\":\"https:\\\/\\\/schema.org\",\"@graph\":[{\"@type\":\"Article\",\"@id\":\"https:\\\/\\\/buletin.de\\\/bucuresti\\\/hotnews-ministrul-rafila-si-a-numit-consilierul-in-consiliile-de-administratie-a-trei-spitale-din-bucuresti\\\/#article\",\"isPartOf\":{\"@id\":\"https:\\\/\\\/buletin.de\\\/bucuresti\\\/hotnews-ministrul-rafila-si-a-numit-consilierul-in-consiliile-de-administratie-a-trei-spitale-din-bucuresti\\\/\"},\"author\":{\"name\":\"Redac\u021bia Buletin de Bucure\u0219ti\",\"@id\":\"https:\\\/\\\/buletin.de\\\/bucuresti\\\/#\\\/schema\\\/person\\\/2bbcf854e5f2419a13804af574d06ab1\"},\"headline\":\"HOTNEWS | Ministrul Rafila \u0219i-a numit consilierul \u00een consiliile de administra\u021bie a trei spitale din Bucure\u0219ti\",\"datePublished\":\"2024-10-24T06:37:06+00:00\",\"dateModified\":\"2024-10-24T06:57:43+00:00\",\"mainEntityOfPage\":{\"@id\":\"https:\\\/\\\/buletin.de\\\/bucuresti\\\/hotnews-ministrul-rafila-si-a-numit-consilierul-in-consiliile-de-administratie-a-trei-spitale-din-bucuresti\\\/\"},\"wordCount\":430,\"publisher\":{\"@id\":\"https:\\\/\\\/buletin.de\\\/bucuresti\\\/#organization\"},\"image\":{\"@id\":\"https:\\\/\\\/buletin.de\\\/bucuresti\\\/hotnews-ministrul-rafila-si-a-numit-consilierul-in-consiliile-de-administratie-a-trei-spitale-din-bucuresti\\\/#primaryimage\"},\"thumbnailUrl\":\"https:\\\/\\\/buletin.de\\\/bucuresti\\\/wp-content\\\/uploads\\\/alexandru_rafila_medic_infectionist_9642_1070_90_bigger.jpg\",\"keywords\":[\".ministerul sanatatii\",\"catalin lungu\",\"ministrul rafila\",\"rafila\"],\"articleSection\":[\"Articole\",\"S\u0103n\u0103tate\",\"\u0218tiri\"],\"inLanguage\":\"en-GB\",\"copyrightYear\":\"2024\",\"copyrightHolder\":{\"@id\":\"https:\\\/\\\/buletin.de\\\/bucuresti\\\/#organization\"}},{\"@type\":\"WebPage\",\"@id\":\"https:\\\/\\\/buletin.de\\\/bucuresti\\\/hotnews-ministrul-rafila-si-a-numit-consilierul-in-consiliile-de-administratie-a-trei-spitale-din-bucuresti\\\/\",\"url\":\"https:\\\/\\\/buletin.de\\\/bucuresti\\\/hotnews-ministrul-rafila-si-a-numit-consilierul-in-consiliile-de-administratie-a-trei-spitale-din-bucuresti\\\/\",\"name\":\"HOTNEWS | Ministrul Rafila \u0219i-a numit consilierul \u00een consiliile de administra\u021bie a trei spitale din Bucure\u0219ti - Buletin de Bucure\u0219ti\",\"isPartOf\":{\"@id\":\"https:\\\/\\\/buletin.de\\\/bucuresti\\\/#website\"},\"primaryImageOfPage\":{\"@id\":\"https:\\\/\\\/buletin.de\\\/bucuresti\\\/hotnews-ministrul-rafila-si-a-numit-consilierul-in-consiliile-de-administratie-a-trei-spitale-din-bucuresti\\\/#primaryimage\"},\"image\":{\"@id\":\"https:\\\/\\\/buletin.de\\\/bucuresti\\\/hotnews-ministrul-rafila-si-a-numit-consilierul-in-consiliile-de-administratie-a-trei-spitale-din-bucuresti\\\/#primaryimage\"},\"thumbnailUrl\":\"https:\\\/\\\/buletin.de\\\/bucuresti\\\/wp-content\\\/uploads\\\/alexandru_rafila_medic_infectionist_9642_1070_90_bigger.jpg\",\"datePublished\":\"2024-10-24T06:37:06+00:00\",\"dateModified\":\"2024-10-24T06:57:43+00:00\",\"description\":\"Ministrul Rafila \u0219i-a numit consilierul, C\u0103t\u0103lin Lungu, \u00een consiliile de administra\u021bie a trei spitale din Bucure\u0219ti, \u00een 2023 \u0219i 2024.\",\"breadcrumb\":{\"@id\":\"https:\\\/\\\/buletin.de\\\/bucuresti\\\/hotnews-ministrul-rafila-si-a-numit-consilierul-in-consiliile-de-administratie-a-trei-spitale-din-bucuresti\\\/#breadcrumb\"},\"inLanguage\":\"en-GB\",\"potentialAction\":[{\"@type\":\"ReadAction\",\"target\":[\"https:\\\/\\\/buletin.de\\\/bucuresti\\\/hotnews-ministrul-rafila-si-a-numit-consilierul-in-consiliile-de-administratie-a-trei-spitale-din-bucuresti\\\/\"]}]},{\"@type\":\"ImageObject\",\"inLanguage\":\"en-GB\",\"@id\":\"https:\\\/\\\/buletin.de\\\/bucuresti\\\/hotnews-ministrul-rafila-si-a-numit-consilierul-in-consiliile-de-administratie-a-trei-spitale-din-bucuresti\\\/#primaryimage\",\"url\":\"https:\\\/\\\/buletin.de\\\/bucuresti\\\/wp-content\\\/uploads\\\/alexandru_rafila_medic_infectionist_9642_1070_90_bigger.jpg\",\"contentUrl\":\"https:\\\/\\\/buletin.de\\\/bucuresti\\\/wp-content\\\/uploads\\\/alexandru_rafila_medic_infectionist_9642_1070_90_bigger.jpg\",\"width\":1070,\"height\":713,\"caption\":\"Ministrul Rafila \u0219i-a numit consilierul \u00een consiliile de administra\u021bie a trei spitale din Bucure\u0219ti\"},{\"@type\":\"BreadcrumbList\",\"@id\":\"https:\\\/\\\/buletin.de\\\/bucuresti\\\/hotnews-ministrul-rafila-si-a-numit-consilierul-in-consiliile-de-administratie-a-trei-spitale-din-bucuresti\\\/#breadcrumb\",\"itemListElement\":[{\"@type\":\"ListItem\",\"position\":1,\"name\":\"Acas\u0103\",\"item\":\"https:\\\/\\\/buletin.de\\\/bucuresti\\\/\"},{\"@type\":\"ListItem\",\"position\":2,\"name\":\"HOTNEWS | Ministrul Rafila \u0219i-a numit consilierul \u00een consiliile de administra\u021bie a trei spitale din Bucure\u0219ti\"}]},{\"@type\":\"WebSite\",\"@id\":\"https:\\\/\\\/buletin.de\\\/bucuresti\\\/#website\",\"url\":\"https:\\\/\\\/buletin.de\\\/bucuresti\\\/\",\"name\":\"Buletin de Bucure\u0219ti\",\"description\":\"\u0218tiri \u0219i investiga\u021bii esen\u021biale din capital\u0103\",\"publisher\":{\"@id\":\"https:\\\/\\\/buletin.de\\\/bucuresti\\\/#organization\"},\"potentialAction\":[{\"@type\":\"SearchAction\",\"target\":{\"@type\":\"EntryPoint\",\"urlTemplate\":\"https:\\\/\\\/buletin.de\\\/bucuresti\\\/?s={search_term_string}\"},\"query-input\":{\"@type\":\"PropertyValueSpecification\",\"valueRequired\":true,\"valueName\":\"search_term_string\"}}],\"inLanguage\":\"en-GB\"},{\"@type\":\"Organization\",\"@id\":\"https:\\\/\\\/buletin.de\\\/bucuresti\\\/#organization\",\"name\":\"Buletin de Bucure\u0219ti\",\"url\":\"https:\\\/\\\/buletin.de\\\/bucuresti\\\/\",\"logo\":{\"@type\":\"ImageObject\",\"inLanguage\":\"en-GB\",\"@id\":\"https:\\\/\\\/buletin.de\\\/bucuresti\\\/#\\\/schema\\\/logo\\\/image\\\/\",\"url\":\"https:\\\/\\\/buletin.de\\\/bucuresti\\\/wp-content\\\/uploads\\\/logo-bdb-full-wide-vernil-transparent.png\",\"contentUrl\":\"https:\\\/\\\/buletin.de\\\/bucuresti\\\/wp-content\\\/uploads\\\/logo-bdb-full-wide-vernil-transparent.png\",\"width\":1782,\"height\":626,\"caption\":\"Buletin de Bucure\u0219ti\"},\"image\":{\"@id\":\"https:\\\/\\\/buletin.de\\\/bucuresti\\\/#\\\/schema\\\/logo\\\/image\\\/\"},\"sameAs\":[\"https:\\\/\\\/www.facebook.com\\\/buletin.de.buc\",\"https:\\\/\\\/www.instagram.com\\\/buletinde.bucuresti\\\/\"]},{\"@type\":\"Person\",\"@id\":\"https:\\\/\\\/buletin.de\\\/bucuresti\\\/#\\\/schema\\\/person\\\/2bbcf854e5f2419a13804af574d06ab1\",\"name\":\"Redac\u021bia Buletin de Bucure\u0219ti\",\"image\":{\"@type\":\"ImageObject\",\"inLanguage\":\"en-GB\",\"@id\":\"https:\\\/\\\/secure.gravatar.com\\\/avatar\\\/18c5342381ed1a08620e6280424e3e5efc958618f5d67c522c9e44c1bc6f9226?s=96&d=monsterid&r=g60c7cd0ad92c68c049fcd4bb3504d609\",\"url\":\"https:\\\/\\\/secure.gravatar.com\\\/avatar\\\/18c5342381ed1a08620e6280424e3e5efc958618f5d67c522c9e44c1bc6f9226?s=96&d=monsterid&r=g\",\"contentUrl\":\"https:\\\/\\\/secure.gravatar.com\\\/avatar\\\/18c5342381ed1a08620e6280424e3e5efc958618f5d67c522c9e44c1bc6f9226?s=96&d=monsterid&r=g\",\"caption\":\"Redac\u021bia Buletin de Bucure\u0219ti\"},\"description\":\"Buletin de Bucure\u0219ti exist\u0103 din vara anului 2019.\",\"url\":\"https:\\\/\\\/buletin.de\\\/bucuresti\\\/author\\\/adminbuletin\\\/\"}]}<\/script>\n<!-- \/ Yoast SEO Premium plugin. -->","yoast_head_json":{"title":"HOTNEWS | Ministrul Rafila \u0219i-a numit consilierul \u00een consiliile de administra\u021bie a trei spitale din Bucure\u0219ti - Buletin de Bucure\u0219ti","description":"Ministrul Rafila \u0219i-a numit consilierul, C\u0103t\u0103lin Lungu, \u00een consiliile de administra\u021bie a trei spitale din Bucure\u0219ti, \u00een 2023 \u0219i 2024.","robots":{"index":"index","follow":"follow","max-snippet":"max-snippet:-1","max-image-preview":"max-image-preview:large","max-video-preview":"max-video-preview:-1"},"canonical":"https:\/\/buletin.de\/bucuresti\/hotnews-ministrul-rafila-si-a-numit-consilierul-in-consiliile-de-administratie-a-trei-spitale-din-bucuresti\/","og_locale":"en_GB","og_type":"article","og_title":"HOTNEWS | Ministrul Rafila \u0219i-a numit consilierul \u00een consiliile de administra\u021bie a trei spitale din Bucure\u0219ti","og_description":"Ministrul Rafila \u0219i-a numit consilierul, C\u0103t\u0103lin Lungu, \u00een consiliile de administra\u021bie a trei spitale din Bucure\u0219ti, \u00een 2023 \u0219i 2024.","og_url":"https:\/\/buletin.de\/bucuresti\/hotnews-ministrul-rafila-si-a-numit-consilierul-in-consiliile-de-administratie-a-trei-spitale-din-bucuresti\/","og_site_name":"Buletin de Bucure\u0219ti","article_publisher":"https:\/\/www.facebook.com\/buletin.de.buc","article_published_time":"2024-10-24T06:37:06+00:00","article_modified_time":"2024-10-24T06:57:43+00:00","og_image":[{"width":1070,"height":713,"url":"https:\/\/buletin.de\/bucuresti\/wp-content\/uploads\/alexandru_rafila_medic_infectionist_9642_1070_90_bigger.jpg","type":"image\/jpeg"}],"author":"Redac\u021bia Buletin de Bucure\u0219ti","twitter_card":"summary_large_image","twitter_misc":{"Written by":"Redac\u021bia Buletin de Bucure\u0219ti","Estimated reading time":"2 minutes"},"schema":{"@context":"https:\/\/schema.org","@graph":[{"@type":"Article","@id":"https:\/\/buletin.de\/bucuresti\/hotnews-ministrul-rafila-si-a-numit-consilierul-in-consiliile-de-administratie-a-trei-spitale-din-bucuresti\/#article","isPartOf":{"@id":"https:\/\/buletin.de\/bucuresti\/hotnews-ministrul-rafila-si-a-numit-consilierul-in-consiliile-de-administratie-a-trei-spitale-din-bucuresti\/"},"author":{"name":"Redac\u021bia Buletin de Bucure\u0219ti","@id":"https:\/\/buletin.de\/bucuresti\/#\/schema\/person\/2bbcf854e5f2419a13804af574d06ab1"},"headline":"HOTNEWS | Ministrul Rafila \u0219i-a numit consilierul \u00een consiliile de administra\u021bie a trei spitale din Bucure\u0219ti","datePublished":"2024-10-24T06:37:06+00:00","dateModified":"2024-10-24T06:57:43+00:00","mainEntityOfPage":{"@id":"https:\/\/buletin.de\/bucuresti\/hotnews-ministrul-rafila-si-a-numit-consilierul-in-consiliile-de-administratie-a-trei-spitale-din-bucuresti\/"},"wordCount":430,"publisher":{"@id":"https:\/\/buletin.de\/bucuresti\/#organization"},"image":{"@id":"https:\/\/buletin.de\/bucuresti\/hotnews-ministrul-rafila-si-a-numit-consilierul-in-consiliile-de-administratie-a-trei-spitale-din-bucuresti\/#primaryimage"},"thumbnailUrl":"https:\/\/buletin.de\/bucuresti\/wp-content\/uploads\/alexandru_rafila_medic_infectionist_9642_1070_90_bigger.jpg","keywords":[".ministerul sanatatii","catalin lungu","ministrul rafila","rafila"],"articleSection":["Articole","S\u0103n\u0103tate","\u0218tiri"],"inLanguage":"en-GB","copyrightYear":"2024","copyrightHolder":{"@id":"https:\/\/buletin.de\/bucuresti\/#organization"}},{"@type":"WebPage","@id":"https:\/\/buletin.de\/bucuresti\/hotnews-ministrul-rafila-si-a-numit-consilierul-in-consiliile-de-administratie-a-trei-spitale-din-bucuresti\/","url":"https:\/\/buletin.de\/bucuresti\/hotnews-ministrul-rafila-si-a-numit-consilierul-in-consiliile-de-administratie-a-trei-spitale-din-bucuresti\/","name":"HOTNEWS | Ministrul Rafila \u0219i-a numit consilierul \u00een consiliile de administra\u021bie a trei spitale din Bucure\u0219ti - Buletin de Bucure\u0219ti","isPartOf":{"@id":"https:\/\/buletin.de\/bucuresti\/#website"},"primaryImageOfPage":{"@id":"https:\/\/buletin.de\/bucuresti\/hotnews-ministrul-rafila-si-a-numit-consilierul-in-consiliile-de-administratie-a-trei-spitale-din-bucuresti\/#primaryimage"},"image":{"@id":"https:\/\/buletin.de\/bucuresti\/hotnews-ministrul-rafila-si-a-numit-consilierul-in-consiliile-de-administratie-a-trei-spitale-din-bucuresti\/#primaryimage"},"thumbnailUrl":"https:\/\/buletin.de\/bucuresti\/wp-content\/uploads\/alexandru_rafila_medic_infectionist_9642_1070_90_bigger.jpg","datePublished":"2024-10-24T06:37:06+00:00","dateModified":"2024-10-24T06:57:43+00:00","description":"Ministrul Rafila \u0219i-a numit consilierul, C\u0103t\u0103lin Lungu, \u00een consiliile de administra\u021bie a trei spitale din Bucure\u0219ti, \u00een 2023 \u0219i 2024.","breadcrumb":{"@id":"https:\/\/buletin.de\/bucuresti\/hotnews-ministrul-rafila-si-a-numit-consilierul-in-consiliile-de-administratie-a-trei-spitale-din-bucuresti\/#breadcrumb"},"inLanguage":"en-GB","potentialAction":[{"@type":"ReadAction","target":["https:\/\/buletin.de\/bucuresti\/hotnews-ministrul-rafila-si-a-numit-consilierul-in-consiliile-de-administratie-a-trei-spitale-din-bucuresti\/"]}]},{"@type":"ImageObject","inLanguage":"en-GB","@id":"https:\/\/buletin.de\/bucuresti\/hotnews-ministrul-rafila-si-a-numit-consilierul-in-consiliile-de-administratie-a-trei-spitale-din-bucuresti\/#primaryimage","url":"https:\/\/buletin.de\/bucuresti\/wp-content\/uploads\/alexandru_rafila_medic_infectionist_9642_1070_90_bigger.jpg","contentUrl":"https:\/\/buletin.de\/bucuresti\/wp-content\/uploads\/alexandru_rafila_medic_infectionist_9642_1070_90_bigger.jpg","width":1070,"height":713,"caption":"Ministrul Rafila \u0219i-a numit consilierul \u00een consiliile de administra\u021bie a trei spitale din Bucure\u0219ti"},{"@type":"BreadcrumbList","@id":"https:\/\/buletin.de\/bucuresti\/hotnews-ministrul-rafila-si-a-numit-consilierul-in-consiliile-de-administratie-a-trei-spitale-din-bucuresti\/#breadcrumb","itemListElement":[{"@type":"ListItem","position":1,"name":"Acas\u0103","item":"https:\/\/buletin.de\/bucuresti\/"},{"@type":"ListItem","position":2,"name":"HOTNEWS | Ministrul Rafila \u0219i-a numit consilierul \u00een consiliile de administra\u021bie a trei spitale din Bucure\u0219ti"}]},{"@type":"WebSite","@id":"https:\/\/buletin.de\/bucuresti\/#website","url":"https:\/\/buletin.de\/bucuresti\/","name":"Buletin de Bucure\u0219ti","description":"\u0218tiri \u0219i investiga\u021bii esen\u021biale din capital\u0103","publisher":{"@id":"https:\/\/buletin.de\/bucuresti\/#organization"},"potentialAction":[{"@type":"SearchAction","target":{"@type":"EntryPoint","urlTemplate":"https:\/\/buletin.de\/bucuresti\/?s={search_term_string}"},"query-input":{"@type":"PropertyValueSpecification","valueRequired":true,"valueName":"search_term_string"}}],"inLanguage":"en-GB"},{"@type":"Organization","@id":"https:\/\/buletin.de\/bucuresti\/#organization","name":"Buletin de Bucure\u0219ti","url":"https:\/\/buletin.de\/bucuresti\/","logo":{"@type":"ImageObject","inLanguage":"en-GB","@id":"https:\/\/buletin.de\/bucuresti\/#\/schema\/logo\/image\/","url":"https:\/\/buletin.de\/bucuresti\/wp-content\/uploads\/logo-bdb-full-wide-vernil-transparent.png","contentUrl":"https:\/\/buletin.de\/bucuresti\/wp-content\/uploads\/logo-bdb-full-wide-vernil-transparent.png","width":1782,"height":626,"caption":"Buletin de Bucure\u0219ti"},"image":{"@id":"https:\/\/buletin.de\/bucuresti\/#\/schema\/logo\/image\/"},"sameAs":["https:\/\/www.facebook.com\/buletin.de.buc","https:\/\/www.instagram.com\/buletinde.bucuresti\/"]},{"@type":"Person","@id":"https:\/\/buletin.de\/bucuresti\/#\/schema\/person\/2bbcf854e5f2419a13804af574d06ab1","name":"Redac\u021bia Buletin de Bucure\u0219ti","image":{"@type":"ImageObject","inLanguage":"en-GB","@id":"https:\/\/secure.gravatar.com\/avatar\/18c5342381ed1a08620e6280424e3e5efc958618f5d67c522c9e44c1bc6f9226?s=96&d=monsterid&r=g60c7cd0ad92c68c049fcd4bb3504d609","url":"https:\/\/secure.gravatar.com\/avatar\/18c5342381ed1a08620e6280424e3e5efc958618f5d67c522c9e44c1bc6f9226?s=96&d=monsterid&r=g","contentUrl":"https:\/\/secure.gravatar.com\/avatar\/18c5342381ed1a08620e6280424e3e5efc958618f5d67c522c9e44c1bc6f9226?s=96&d=monsterid&r=g","caption":"Redac\u021bia Buletin de Bucure\u0219ti"},"description":"Buletin de Bucure\u0219ti exist\u0103 din vara anului 2019.","url":"https:\/\/buletin.de\/bucuresti\/author\/adminbuletin\/"}]}},"authors":[{"term_id":22583,"user_id":1,"is_guest":0,"slug":"adminbuletin","display_name":"Redac\u021bia Buletin de Bucure\u0219ti","avatar_url":"https:\/\/secure.gravatar.com\/avatar\/18c5342381ed1a08620e6280424e3e5efc958618f5d67c522c9e44c1bc6f9226?s=96&d=monsterid&r=g","0":null,"1":"","2":"","3":"","4":"","5":"","6":"","7":"","8":""}],"_links":{"self":[{"href":"https:\/\/buletin.de\/bucuresti\/wp-json\/wp\/v2\/posts\/103602","targetHints":{"allow":["GET"]}}],"collection":[{"href":"https:\/\/buletin.de\/bucuresti\/wp-json\/wp\/v2\/posts"}],"about":[{"href":"https:\/\/buletin.de\/bucuresti\/wp-json\/wp\/v2\/types\/post"}],"author":[{"embeddable":true,"href":"https:\/\/buletin.de\/bucuresti\/wp-json\/wp\/v2\/users\/1"}],"replies":[{"embeddable":true,"href":"https:\/\/buletin.de\/bucuresti\/wp-json\/wp\/v2\/comments?post=103602"}],"version-history":[{"count":1,"href":"https:\/\/buletin.de\/bucuresti\/wp-json\/wp\/v2\/posts\/103602\/revisions"}],"predecessor-version":[{"id":103604,"href":"https:\/\/buletin.de\/bucuresti\/wp-json\/wp\/v2\/posts\/103602\/revisions\/103604"}],"wp:featuredmedia":[{"embeddable":true,"href":"https:\/\/buletin.de\/bucuresti\/wp-json\/wp\/v2\/media\/3072"}],"wp:attachment":[{"href":"https:\/\/buletin.de\/bucuresti\/wp-json\/wp\/v2\/media?parent=103602"}],"wp:term":[{"taxonomy":"category","embeddable":true,"href":"https:\/\/buletin.de\/bucuresti\/wp-json\/wp\/v2\/categories?post=103602"},{"taxonomy":"post_tag","embeddable":true,"href":"https:\/\/buletin.de\/bucuresti\/wp-json\/wp\/v2\/tags?post=103602"},{"taxonomy":"author","embeddable":true,"href":"https:\/\/buletin.de\/bucuresti\/wp-json\/wp\/v2\/ppma_author?post=103602"}],"curies":[{"name":"wp","href":"https:\/\/api.w.org\/{rel}","templated":true}]}}