{"id":103537,"date":"2024-10-24T08:50:40","date_gmt":"2024-10-24T05:50:40","guid":{"rendered":"https:\/\/buletin.de\/bucuresti\/?p=103537"},"modified":"2024-10-24T08:51:17","modified_gmt":"2024-10-24T05:51:17","slug":"temperaturi-maxime","status":"publish","type":"post","link":"https:\/\/buletin.de\/bucuresti\/temperaturi-maxime\/","title":{"rendered":"METEO | Temperaturi maxime de p\u00e2n\u0103 la 18 grade, \u00een weekend"},"content":{"rendered":"\n<p><strong>Weekendul aduce, \u00een Capital\u0103, temperaturi maxime de p\u00e2n\u0103 la 18 grade. Cerul este mai mult senin \u0219i nu sunt condi\u021bii de ploaie, potrivit <a href=\"https:\/\/www.meteoromania.ro\/vremea\/prognoza-meteo\/\">ANM.<\/a><\/strong><\/p>\n\n\n\n<p><strong>Vineri, 25 octombrie, <\/strong>cerul este senin, pe tot parcursul zilei. Temperatura minim\u0103 va fi de 4 grade iar cea maxim\u0103 de 17 grade. V\u00e2ntul bate slab \u0219i moderat, cu 6 km\/h. <\/p>\n\n\n\n<p><strong>S\u00e2mb\u0103ta, 26 octombrie, <\/strong>cerul este par\u021bial iar termometrele vor ar\u0103ta temperaturi maxime de 18 grade. Minima termic\u0103 mai cre\u0219te pu\u021bin dar nu trece de 6 grade. V\u00e2ntul bate cu 7 km\/h. <\/p>\n\n\n\n<p><strong>Duminic\u0103, 27 Octombrie,<\/strong> cerul va fi mai mult \u00eensorit iar v\u00e2ntul bate slab, cu 7 km\/h. Temperatura minim\u0103 va fi de 6 grade iar cea maxim\u0103 de 18 grade.<\/p>\n\n\n\n<p>S\u0103pt\u0103m\u00e2na viitoare vor fi temperaturi maxime care se vor \u00eencadra \u00eentre 13 \u0219i 19 grade. Minimele se vor situa \u00eentre 4 \u0219i 8 grade. Vineri, pe 1 noiembrie, sunt averse.<\/p>\n\n\n\n<p><strong>CITE\u0218TE \u0218I:<\/strong> <a href=\"https:\/\/buletin.de\/bucuresti\/termoficare-cet-grozavesti-si-cet-progresu-intra-in-functiune-probleme-cu-caldura-in-sectoarele-4-si-5-din-cauza-manevrelor-de-echilibrare-hidraulica\/\"><strong>TERMOFICARE | CET Groz\u0103ve\u0219ti \u0219i CET Progresu intr\u0103 \u00een func\u021biune. Probleme cu c\u0103ldura \u00een Sectoarele 4 \u0219i 5 din cauza \u201emanevrelor de echilibrare hidraulic\u0103\u201d<\/strong><\/a><\/p>\n","protected":false},"excerpt":{"rendered":"<p>Weekendul aduce, \u00een Capital\u0103, temperaturi maxime de p\u00e2n\u0103 la 18 grade. Cerul este mai mult senin \u0219i nu sunt condi\u021bii de ploaie, potrivit ANM. Vineri, 25 octombrie, cerul este senin, pe tot parcursul zilei. Temperatura minim\u0103 va fi de 4 grade iar cea maxim\u0103 de 17 grade. V\u00e2ntul bate slab \u0219i moderat, cu 6 km\/h. [&hellip;]<\/p>\n","protected":false},"author":49,"featured_media":73414,"comment_status":"closed","ping_status":"open","sticky":false,"template":"","format":"standard","meta":{"_acf_changed":false,"inline_featured_image":false,"ngg_post_thumbnail":0,"footnotes":""},"categories":[6994,62],"tags":[4314,5928,5228,10452],"ppma_author":[22574],"class_list":["post-103537","post","type-post","status-publish","format-standard","has-post-thumbnail","hentry","category-stiri-2","category-stiri","tag-anm","tag-anm-prognoza-meteo","tag-meteo","tag-temperaturi-bucuresti"],"acf":[],"yoast_head":"<!-- This site is optimized with the Yoast SEO Premium plugin v25.3 (Yoast SEO v27.4) - https:\/\/yoast.com\/product\/yoast-seo-premium-wordpress\/ -->\n<title>METEO | Temperaturi maxime de p\u00e2n\u0103 la 18 grade, \u00een weekend - Buletin de Bucure\u0219ti<\/title>\n<meta name=\"description\" content=\"Temperaturi maxime. Weekendul aduce, \u00een Capital\u0103, temperaturi maxime de p\u00e2n\u0103 la 18 grade. Cerul este mai mult senin.\" \/>\n<meta name=\"robots\" content=\"index, follow, max-snippet:-1, max-image-preview:large, max-video-preview:-1\" \/>\n<link rel=\"canonical\" href=\"https:\/\/buletin.de\/bucuresti\/temperaturi-maxime\/\" \/>\n<meta property=\"og:locale\" content=\"en_GB\" \/>\n<meta property=\"og:type\" content=\"article\" \/>\n<meta property=\"og:title\" content=\"METEO | Temperaturi maxime de p\u00e2n\u0103 la 18 grade, \u00een weekend\" \/>\n<meta property=\"og:description\" content=\"Temperaturi maxime. Weekendul aduce, \u00een Capital\u0103, temperaturi maxime de p\u00e2n\u0103 la 18 grade. Cerul este mai mult senin.\" \/>\n<meta property=\"og:url\" content=\"https:\/\/buletin.de\/bucuresti\/temperaturi-maxime\/\" \/>\n<meta property=\"og:site_name\" content=\"Buletin de Bucure\u0219ti\" \/>\n<meta property=\"article:publisher\" content=\"https:\/\/www.facebook.com\/buletin.de.buc\" \/>\n<meta property=\"article:published_time\" content=\"2024-10-24T05:50:40+00:00\" \/>\n<meta property=\"article:modified_time\" content=\"2024-10-24T05:51:17+00:00\" \/>\n<meta property=\"og:image\" content=\"https:\/\/buletin.de\/bucuresti\/wp-content\/uploads\/meteo-3.jpeg\" \/>\n\t<meta property=\"og:image:width\" content=\"800\" \/>\n\t<meta property=\"og:image:height\" content=\"1200\" \/>\n\t<meta property=\"og:image:type\" content=\"image\/jpeg\" \/>\n<meta name=\"author\" content=\"Diana Matei\" \/>\n<meta name=\"twitter:card\" content=\"summary_large_image\" \/>\n<meta name=\"twitter:label1\" content=\"Written by\" \/>\n\t<meta name=\"twitter:data1\" content=\"Diana Matei\" \/>\n\t<meta name=\"twitter:label2\" content=\"Estimated reading time\" \/>\n\t<meta name=\"twitter:data2\" content=\"1 minute\" \/>\n<script type=\"application\/ld+json\" class=\"yoast-schema-graph\">{\"@context\":\"https:\\\/\\\/schema.org\",\"@graph\":[{\"@type\":\"Article\",\"@id\":\"https:\\\/\\\/buletin.de\\\/bucuresti\\\/temperaturi-maxime\\\/#article\",\"isPartOf\":{\"@id\":\"https:\\\/\\\/buletin.de\\\/bucuresti\\\/temperaturi-maxime\\\/\"},\"author\":{\"name\":\"Diana Matei\",\"@id\":\"https:\\\/\\\/buletin.de\\\/bucuresti\\\/#\\\/schema\\\/person\\\/7e46040573290777280a0835d81ea4ea\"},\"headline\":\"METEO | Temperaturi maxime de p\u00e2n\u0103 la 18 grade, \u00een weekend\",\"datePublished\":\"2024-10-24T05:50:40+00:00\",\"dateModified\":\"2024-10-24T05:51:17+00:00\",\"mainEntityOfPage\":{\"@id\":\"https:\\\/\\\/buletin.de\\\/bucuresti\\\/temperaturi-maxime\\\/\"},\"wordCount\":182,\"publisher\":{\"@id\":\"https:\\\/\\\/buletin.de\\\/bucuresti\\\/#organization\"},\"image\":{\"@id\":\"https:\\\/\\\/buletin.de\\\/bucuresti\\\/temperaturi-maxime\\\/#primaryimage\"},\"thumbnailUrl\":\"https:\\\/\\\/buletin.de\\\/bucuresti\\\/wp-content\\\/uploads\\\/meteo-3.jpeg\",\"keywords\":[\"anm\",\"anm prognoza meteo\",\"Meteo\",\"temperaturi Bucuresti\"],\"articleSection\":[\"Articole\",\"\u0218tiri\"],\"inLanguage\":\"en-GB\",\"copyrightYear\":\"2024\",\"copyrightHolder\":{\"@id\":\"https:\\\/\\\/buletin.de\\\/bucuresti\\\/#organization\"}},{\"@type\":\"WebPage\",\"@id\":\"https:\\\/\\\/buletin.de\\\/bucuresti\\\/temperaturi-maxime\\\/\",\"url\":\"https:\\\/\\\/buletin.de\\\/bucuresti\\\/temperaturi-maxime\\\/\",\"name\":\"METEO | Temperaturi maxime de p\u00e2n\u0103 la 18 grade, \u00een weekend - Buletin de Bucure\u0219ti\",\"isPartOf\":{\"@id\":\"https:\\\/\\\/buletin.de\\\/bucuresti\\\/#website\"},\"primaryImageOfPage\":{\"@id\":\"https:\\\/\\\/buletin.de\\\/bucuresti\\\/temperaturi-maxime\\\/#primaryimage\"},\"image\":{\"@id\":\"https:\\\/\\\/buletin.de\\\/bucuresti\\\/temperaturi-maxime\\\/#primaryimage\"},\"thumbnailUrl\":\"https:\\\/\\\/buletin.de\\\/bucuresti\\\/wp-content\\\/uploads\\\/meteo-3.jpeg\",\"datePublished\":\"2024-10-24T05:50:40+00:00\",\"dateModified\":\"2024-10-24T05:51:17+00:00\",\"description\":\"Temperaturi maxime. Weekendul aduce, \u00een Capital\u0103, temperaturi maxime de p\u00e2n\u0103 la 18 grade. Cerul este mai mult senin.\",\"breadcrumb\":{\"@id\":\"https:\\\/\\\/buletin.de\\\/bucuresti\\\/temperaturi-maxime\\\/#breadcrumb\"},\"inLanguage\":\"en-GB\",\"potentialAction\":[{\"@type\":\"ReadAction\",\"target\":[\"https:\\\/\\\/buletin.de\\\/bucuresti\\\/temperaturi-maxime\\\/\"]}]},{\"@type\":\"ImageObject\",\"inLanguage\":\"en-GB\",\"@id\":\"https:\\\/\\\/buletin.de\\\/bucuresti\\\/temperaturi-maxime\\\/#primaryimage\",\"url\":\"https:\\\/\\\/buletin.de\\\/bucuresti\\\/wp-content\\\/uploads\\\/meteo-3.jpeg\",\"contentUrl\":\"https:\\\/\\\/buletin.de\\\/bucuresti\\\/wp-content\\\/uploads\\\/meteo-3.jpeg\",\"width\":800,\"height\":1200,\"caption\":\"METEO | Vremea se men\u021bine frumoas\u0103 \u0219i cald\u0103, \u00een weekend. Temperaturile maxime urc\u0103 p\u00e2n\u0103 la 28... 29 de grade. FOTO: Arhiva\"},{\"@type\":\"BreadcrumbList\",\"@id\":\"https:\\\/\\\/buletin.de\\\/bucuresti\\\/temperaturi-maxime\\\/#breadcrumb\",\"itemListElement\":[{\"@type\":\"ListItem\",\"position\":1,\"name\":\"Acas\u0103\",\"item\":\"https:\\\/\\\/buletin.de\\\/bucuresti\\\/\"},{\"@type\":\"ListItem\",\"position\":2,\"name\":\"METEO | Temperaturi maxime de p\u00e2n\u0103 la 18 grade, \u00een weekend\"}]},{\"@type\":\"WebSite\",\"@id\":\"https:\\\/\\\/buletin.de\\\/bucuresti\\\/#website\",\"url\":\"https:\\\/\\\/buletin.de\\\/bucuresti\\\/\",\"name\":\"Buletin de Bucure\u0219ti\",\"description\":\"\u0218tiri \u0219i investiga\u021bii esen\u021biale din capital\u0103\",\"publisher\":{\"@id\":\"https:\\\/\\\/buletin.de\\\/bucuresti\\\/#organization\"},\"potentialAction\":[{\"@type\":\"SearchAction\",\"target\":{\"@type\":\"EntryPoint\",\"urlTemplate\":\"https:\\\/\\\/buletin.de\\\/bucuresti\\\/?s={search_term_string}\"},\"query-input\":{\"@type\":\"PropertyValueSpecification\",\"valueRequired\":true,\"valueName\":\"search_term_string\"}}],\"inLanguage\":\"en-GB\"},{\"@type\":\"Organization\",\"@id\":\"https:\\\/\\\/buletin.de\\\/bucuresti\\\/#organization\",\"name\":\"Buletin de Bucure\u0219ti\",\"url\":\"https:\\\/\\\/buletin.de\\\/bucuresti\\\/\",\"logo\":{\"@type\":\"ImageObject\",\"inLanguage\":\"en-GB\",\"@id\":\"https:\\\/\\\/buletin.de\\\/bucuresti\\\/#\\\/schema\\\/logo\\\/image\\\/\",\"url\":\"https:\\\/\\\/buletin.de\\\/bucuresti\\\/wp-content\\\/uploads\\\/logo-bdb-full-wide-vernil-transparent.png\",\"contentUrl\":\"https:\\\/\\\/buletin.de\\\/bucuresti\\\/wp-content\\\/uploads\\\/logo-bdb-full-wide-vernil-transparent.png\",\"width\":1782,\"height\":626,\"caption\":\"Buletin de Bucure\u0219ti\"},\"image\":{\"@id\":\"https:\\\/\\\/buletin.de\\\/bucuresti\\\/#\\\/schema\\\/logo\\\/image\\\/\"},\"sameAs\":[\"https:\\\/\\\/www.facebook.com\\\/buletin.de.buc\",\"https:\\\/\\\/www.instagram.com\\\/buletinde.bucuresti\\\/\"]},{\"@type\":\"Person\",\"@id\":\"https:\\\/\\\/buletin.de\\\/bucuresti\\\/#\\\/schema\\\/person\\\/7e46040573290777280a0835d81ea4ea\",\"name\":\"Diana Matei\",\"image\":{\"@type\":\"ImageObject\",\"inLanguage\":\"en-GB\",\"@id\":\"https:\\\/\\\/buletin.de\\\/bucuresti\\\/wp-content\\\/uploads\\\/9-2-96x96.jpg1e8590b30871d70e62ebcdaf2eff570c\",\"url\":\"https:\\\/\\\/buletin.de\\\/bucuresti\\\/wp-content\\\/uploads\\\/9-2-96x96.jpg\",\"contentUrl\":\"https:\\\/\\\/buletin.de\\\/bucuresti\\\/wp-content\\\/uploads\\\/9-2-96x96.jpg\",\"caption\":\"Diana Matei\"},\"url\":\"https:\\\/\\\/buletin.de\\\/bucuresti\\\/author\\\/dianamatei\\\/\"}]}<\/script>\n<!-- \/ Yoast SEO Premium plugin. -->","yoast_head_json":{"title":"METEO | Temperaturi maxime de p\u00e2n\u0103 la 18 grade, \u00een weekend - Buletin de Bucure\u0219ti","description":"Temperaturi maxime. Weekendul aduce, \u00een Capital\u0103, temperaturi maxime de p\u00e2n\u0103 la 18 grade. Cerul este mai mult senin.","robots":{"index":"index","follow":"follow","max-snippet":"max-snippet:-1","max-image-preview":"max-image-preview:large","max-video-preview":"max-video-preview:-1"},"canonical":"https:\/\/buletin.de\/bucuresti\/temperaturi-maxime\/","og_locale":"en_GB","og_type":"article","og_title":"METEO | Temperaturi maxime de p\u00e2n\u0103 la 18 grade, \u00een weekend","og_description":"Temperaturi maxime. Weekendul aduce, \u00een Capital\u0103, temperaturi maxime de p\u00e2n\u0103 la 18 grade. Cerul este mai mult senin.","og_url":"https:\/\/buletin.de\/bucuresti\/temperaturi-maxime\/","og_site_name":"Buletin de Bucure\u0219ti","article_publisher":"https:\/\/www.facebook.com\/buletin.de.buc","article_published_time":"2024-10-24T05:50:40+00:00","article_modified_time":"2024-10-24T05:51:17+00:00","og_image":[{"width":800,"height":1200,"url":"https:\/\/buletin.de\/bucuresti\/wp-content\/uploads\/meteo-3.jpeg","type":"image\/jpeg"}],"author":"Diana Matei","twitter_card":"summary_large_image","twitter_misc":{"Written by":"Diana Matei","Estimated reading time":"1 minute"},"schema":{"@context":"https:\/\/schema.org","@graph":[{"@type":"Article","@id":"https:\/\/buletin.de\/bucuresti\/temperaturi-maxime\/#article","isPartOf":{"@id":"https:\/\/buletin.de\/bucuresti\/temperaturi-maxime\/"},"author":{"name":"Diana Matei","@id":"https:\/\/buletin.de\/bucuresti\/#\/schema\/person\/7e46040573290777280a0835d81ea4ea"},"headline":"METEO | Temperaturi maxime de p\u00e2n\u0103 la 18 grade, \u00een weekend","datePublished":"2024-10-24T05:50:40+00:00","dateModified":"2024-10-24T05:51:17+00:00","mainEntityOfPage":{"@id":"https:\/\/buletin.de\/bucuresti\/temperaturi-maxime\/"},"wordCount":182,"publisher":{"@id":"https:\/\/buletin.de\/bucuresti\/#organization"},"image":{"@id":"https:\/\/buletin.de\/bucuresti\/temperaturi-maxime\/#primaryimage"},"thumbnailUrl":"https:\/\/buletin.de\/bucuresti\/wp-content\/uploads\/meteo-3.jpeg","keywords":["anm","anm prognoza meteo","Meteo","temperaturi Bucuresti"],"articleSection":["Articole","\u0218tiri"],"inLanguage":"en-GB","copyrightYear":"2024","copyrightHolder":{"@id":"https:\/\/buletin.de\/bucuresti\/#organization"}},{"@type":"WebPage","@id":"https:\/\/buletin.de\/bucuresti\/temperaturi-maxime\/","url":"https:\/\/buletin.de\/bucuresti\/temperaturi-maxime\/","name":"METEO | Temperaturi maxime de p\u00e2n\u0103 la 18 grade, \u00een weekend - Buletin de Bucure\u0219ti","isPartOf":{"@id":"https:\/\/buletin.de\/bucuresti\/#website"},"primaryImageOfPage":{"@id":"https:\/\/buletin.de\/bucuresti\/temperaturi-maxime\/#primaryimage"},"image":{"@id":"https:\/\/buletin.de\/bucuresti\/temperaturi-maxime\/#primaryimage"},"thumbnailUrl":"https:\/\/buletin.de\/bucuresti\/wp-content\/uploads\/meteo-3.jpeg","datePublished":"2024-10-24T05:50:40+00:00","dateModified":"2024-10-24T05:51:17+00:00","description":"Temperaturi maxime. Weekendul aduce, \u00een Capital\u0103, temperaturi maxime de p\u00e2n\u0103 la 18 grade. Cerul este mai mult senin.","breadcrumb":{"@id":"https:\/\/buletin.de\/bucuresti\/temperaturi-maxime\/#breadcrumb"},"inLanguage":"en-GB","potentialAction":[{"@type":"ReadAction","target":["https:\/\/buletin.de\/bucuresti\/temperaturi-maxime\/"]}]},{"@type":"ImageObject","inLanguage":"en-GB","@id":"https:\/\/buletin.de\/bucuresti\/temperaturi-maxime\/#primaryimage","url":"https:\/\/buletin.de\/bucuresti\/wp-content\/uploads\/meteo-3.jpeg","contentUrl":"https:\/\/buletin.de\/bucuresti\/wp-content\/uploads\/meteo-3.jpeg","width":800,"height":1200,"caption":"METEO | Vremea se men\u021bine frumoas\u0103 \u0219i cald\u0103, \u00een weekend. Temperaturile maxime urc\u0103 p\u00e2n\u0103 la 28... 29 de grade. FOTO: Arhiva"},{"@type":"BreadcrumbList","@id":"https:\/\/buletin.de\/bucuresti\/temperaturi-maxime\/#breadcrumb","itemListElement":[{"@type":"ListItem","position":1,"name":"Acas\u0103","item":"https:\/\/buletin.de\/bucuresti\/"},{"@type":"ListItem","position":2,"name":"METEO | Temperaturi maxime de p\u00e2n\u0103 la 18 grade, \u00een weekend"}]},{"@type":"WebSite","@id":"https:\/\/buletin.de\/bucuresti\/#website","url":"https:\/\/buletin.de\/bucuresti\/","name":"Buletin de Bucure\u0219ti","description":"\u0218tiri \u0219i investiga\u021bii esen\u021biale din capital\u0103","publisher":{"@id":"https:\/\/buletin.de\/bucuresti\/#organization"},"potentialAction":[{"@type":"SearchAction","target":{"@type":"EntryPoint","urlTemplate":"https:\/\/buletin.de\/bucuresti\/?s={search_term_string}"},"query-input":{"@type":"PropertyValueSpecification","valueRequired":true,"valueName":"search_term_string"}}],"inLanguage":"en-GB"},{"@type":"Organization","@id":"https:\/\/buletin.de\/bucuresti\/#organization","name":"Buletin de Bucure\u0219ti","url":"https:\/\/buletin.de\/bucuresti\/","logo":{"@type":"ImageObject","inLanguage":"en-GB","@id":"https:\/\/buletin.de\/bucuresti\/#\/schema\/logo\/image\/","url":"https:\/\/buletin.de\/bucuresti\/wp-content\/uploads\/logo-bdb-full-wide-vernil-transparent.png","contentUrl":"https:\/\/buletin.de\/bucuresti\/wp-content\/uploads\/logo-bdb-full-wide-vernil-transparent.png","width":1782,"height":626,"caption":"Buletin de Bucure\u0219ti"},"image":{"@id":"https:\/\/buletin.de\/bucuresti\/#\/schema\/logo\/image\/"},"sameAs":["https:\/\/www.facebook.com\/buletin.de.buc","https:\/\/www.instagram.com\/buletinde.bucuresti\/"]},{"@type":"Person","@id":"https:\/\/buletin.de\/bucuresti\/#\/schema\/person\/7e46040573290777280a0835d81ea4ea","name":"Diana Matei","image":{"@type":"ImageObject","inLanguage":"en-GB","@id":"https:\/\/buletin.de\/bucuresti\/wp-content\/uploads\/9-2-96x96.jpg1e8590b30871d70e62ebcdaf2eff570c","url":"https:\/\/buletin.de\/bucuresti\/wp-content\/uploads\/9-2-96x96.jpg","contentUrl":"https:\/\/buletin.de\/bucuresti\/wp-content\/uploads\/9-2-96x96.jpg","caption":"Diana Matei"},"url":"https:\/\/buletin.de\/bucuresti\/author\/dianamatei\/"}]}},"authors":[{"term_id":22574,"user_id":49,"is_guest":0,"slug":"dianamatei","display_name":"Diana Matei","avatar_url":"https:\/\/buletin.de\/bucuresti\/wp-content\/uploads\/9-2-96x96.jpg","0":null,"1":"","2":"","3":"","4":"","5":"","6":"","7":"","8":""}],"_links":{"self":[{"href":"https:\/\/buletin.de\/bucuresti\/wp-json\/wp\/v2\/posts\/103537","targetHints":{"allow":["GET"]}}],"collection":[{"href":"https:\/\/buletin.de\/bucuresti\/wp-json\/wp\/v2\/posts"}],"about":[{"href":"https:\/\/buletin.de\/bucuresti\/wp-json\/wp\/v2\/types\/post"}],"author":[{"embeddable":true,"href":"https:\/\/buletin.de\/bucuresti\/wp-json\/wp\/v2\/users\/49"}],"replies":[{"embeddable":true,"href":"https:\/\/buletin.de\/bucuresti\/wp-json\/wp\/v2\/comments?post=103537"}],"version-history":[{"count":3,"href":"https:\/\/buletin.de\/bucuresti\/wp-json\/wp\/v2\/posts\/103537\/revisions"}],"predecessor-version":[{"id":103581,"href":"https:\/\/buletin.de\/bucuresti\/wp-json\/wp\/v2\/posts\/103537\/revisions\/103581"}],"wp:featuredmedia":[{"embeddable":true,"href":"https:\/\/buletin.de\/bucuresti\/wp-json\/wp\/v2\/media\/73414"}],"wp:attachment":[{"href":"https:\/\/buletin.de\/bucuresti\/wp-json\/wp\/v2\/media?parent=103537"}],"wp:term":[{"taxonomy":"category","embeddable":true,"href":"https:\/\/buletin.de\/bucuresti\/wp-json\/wp\/v2\/categories?post=103537"},{"taxonomy":"post_tag","embeddable":true,"href":"https:\/\/buletin.de\/bucuresti\/wp-json\/wp\/v2\/tags?post=103537"},{"taxonomy":"author","embeddable":true,"href":"https:\/\/buletin.de\/bucuresti\/wp-json\/wp\/v2\/ppma_author?post=103537"}],"curies":[{"name":"wp","href":"https:\/\/api.w.org\/{rel}","templated":true}]}}