{"id":103532,"date":"2024-10-23T18:57:30","date_gmt":"2024-10-23T15:57:30","guid":{"rendered":"https:\/\/buletin.de\/bucuresti\/?p=103532"},"modified":"2024-10-25T10:24:32","modified_gmt":"2024-10-25T07:24:32","slug":"elevii-vor-invata-sa-salveze-poze-si-informatii-in-computer-in-clasele-i-iv","status":"publish","type":"post","link":"https:\/\/buletin.de\/bucuresti\/elevii-vor-invata-sa-salveze-poze-si-informatii-in-computer-in-clasele-i-iv\/","title":{"rendered":"Elevii vor \u00eenv\u0103\u021ba s\u0103 salveze poze \u0219i informa\u021bii \u00een computer, \u00een clasele I-IV"},"content":{"rendered":"\n<p><strong>Competen\u021bele digitale vor fi predate elevilor \u00eenc\u0103 de la clasa I, potrivit unui ordin al Ministerului Educa\u021biei. Astfel, \u00een ciclul primar, copiii ar trebui s\u0103 aib\u0103 capacitatea de a identifica con\u021binutul digital pe diverse medii de stocare, scrie <a href=\"https:\/\/www.edupedu.ro\/oficial-din-anul-scolar-2024-2025-elevii-claselor-primare-ar-trebui-sa-stie-sa-salveze-informatii-adrese-web-pe-dispozitive-portabile-cu-sprijinul-adultului-care-sunt-competentele-digitale-pentru\/\" target=\"_blank\" rel=\"noreferrer noopener\">Edupedu<\/a>.<\/strong><\/p>\n\n\n\n<p>Elevii din clasele primare vor \u00eenv\u0103\u021ba cum s\u0103 salveze poze, informa\u021bii, adrese web pe dispozitive portabile, cu sprijinul adultului.<\/p>\n\n\n\n<p><a href=\"https:\/\/www.edu.ro\/sites\/default\/files\/_fi%C8%99iere\/Legislatie\/2024\/OM_6466_2024.pdf\" target=\"_blank\" rel=\"noreferrer noopener\">Cadrul de competen\u021be digitale prev\u0103zut de ordinul de ministru<\/a> este structurat corespunz\u0103tor celor trei nivele de educa\u021bie preuniversitar\u0103: primar, gimnazial \u0219i liceal.&nbsp;<\/p>\n\n\n\n<p>CITE\u0218TE \u0218I: <strong><a href=\"https:\/\/buletin.de\/bucuresti\/bucuresti-ilfov\/\" target=\"_blank\" rel=\"noreferrer noopener\">Harta transportului public \u00een timp real, aplica\u0163ie TPBI, pe telefoanele cu GPS-ul activat. Sunt marcate \u015fi arterele aglomerate<\/a><\/strong><\/p>\n\n\n\n<h2 class=\"wp-block-heading\" id=\"h-elevii-vor-inva\u021ba-pe-mai-multe-niveluri-de-performan\u021ba\">Elevii vor \u00eenv\u0103\u021ba pe mai multe niveluri de performan\u021b\u0103<\/h2>\n\n\n\n<p><strong>Totodat\u0103, actul normativ reglementeaz\u0103 \u0219i termenul de competen\u021b\u0103 digital\u0103, acesta fiind definit ca ansamblu al unor \u201ecompeten\u021be cheie care au ca scop preg\u0103tirea absolven\u021bilor pentru a face fa\u021b\u0103 provoc\u0103rilor actuale at\u00e2t \u00een plan personal, c\u00e2t \u0219i \u00een plan profesional\u201d.<\/strong><\/p>\n\n\n\n<p>\u00cen ordinul Ministrului Educa\u021biei se mai arat\u0103 \u0219i nivelurile de performan\u021b\u0103 a\u0219teptate la finalul fiec\u0103rei forma\u021biuni de studiu, acestea fiind dup\u0103 cum urmeaz\u0103:<\/p>\n\n\n\n<ul class=\"wp-block-list\">\n<li><strong>\u00cenv\u0103\u021b\u0103m\u00e2ntul primar<\/strong> este echivalat cu nivelul \u201eElementar 1\u201d;&nbsp;<\/li>\n\n\n\n<li><strong>\u00cenv\u0103\u021b\u0103m\u00e2ntul gimnazial<\/strong> cuprinde elemente caracteristice nivelului \u201eElementar 2\u201d \u0219i nivelului \u201eIntermediar 3\u201d;&nbsp;<\/li>\n\n\n\n<li><strong>\u00cenv\u0103\u021b\u0103m\u00e2ntul liceal<\/strong> vizeaz\u0103 nivelul \u201eIntermediar 4\u201d, ca nivelul la care trebuie s\u0103 ajung\u0103 un absolvent de \u00eenv\u0103\u021b\u0103m\u00e2nt obligatoriu, indiferent de specializare. Pentru anumite filiere, profiluri sau specializ\u0103ri (cum ar fi, filiera teoretic\u0103, profilul real, specializarea matematic\u0103-informatic\u0103) pot fi vizate \u0219i competen\u021be din aria \u201eAvansat\u201d.<\/li>\n<\/ul>\n\n\n\n<p>Potrivit jurnali\u0219tilor Edupedu, elevii claselor primare ar trebui s\u0103 aib\u0103 deprinderi de baz\u0103 \u00een domeniul digital, printre care se num\u0103r\u0103:<\/p>\n\n\n\n<ul class=\"wp-block-list\">\n<li>Identificarea de asem\u0103n\u0103ri \u0219i deosebiri \u00eentre obiecte din lumea real\u0103 \u0219i obiecte virtuale.<\/li>\n\n\n\n<li>Verificarea propriei identit\u0103\u021bi digitale (de exemplu, acces la contul de pe platforma de \u00eenv\u0103\u021bare a \u0219colii)<\/li>\n\n\n\n<li>\u00cen\u021belegerea drepturilor de autor \u0219i a licen\u021belor \u0219i respectarea acestora, cu sprijinul adultului.<\/li>\n\n\n\n<li>Recunoa\u0219terea unor forme de h\u0103r\u021buire cibernetic\u0103 \u0219i cunoa\u0219terea unor moduri de a le semnala c\u0103tre adul\u021bi.<\/li>\n<\/ul>\n\n\n\n<p>CITE\u0218TE \u0218I:&nbsp;<strong><a href=\"https:\/\/buletin.de\/bucuresti\/zonele-unde-inca-sunt-deschise-santiere\/\" target=\"_blank\" rel=\"noreferrer noopener\">Termoenergetica anun\u021b\u0103 c\u0103 toate punctele termice au fost trecute \u201e\u00een schema de iarn\u0103\u201d. Care sunt zonele unde \u00eenc\u0103 sunt \u0219antiere<\/a><\/strong><\/p>\n\n\n\n<h2 class=\"wp-block-heading\" id=\"h-dezvoltarea-competen\u021belor-digitale-va-continua-\u0219i-in-gimnaziu\">Dezvoltarea competen\u021belor digitale va continua \u0219i \u00een gimnaziu<\/h2>\n\n\n\n<p><strong>Ajun\u0219i la gimnaziu, ace\u0219tia vor continua cu dezvoltarea unor competen\u021be de a naviga pe internet \u00een func\u021bie de nevoi \u0219i cu dezvoltarea unor algoritmi simplii pentru a rezolva o problem\u0103.<\/strong><\/p>\n\n\n\n<p>C\u00e2t despre liceeni, absolven\u021bii vor p\u0103r\u0103si b\u0103ncile \u0219colii cu cuno\u0219tin\u021be despre crearea unui con\u021binut digital divers c\u00e2t \u0219i despre folosirea instrumentelor de inteligen\u021b\u0103 artificial\u0103 \u00een mod responsabil.<\/p>\n\n\n\n<p>Elevii de liceu vor trebui s\u0103 evalueze \u0219i modul \u00een care digitalizarea transform\u0103 via\u021ba oamenilor c\u00e2t \u0219i s\u0103 caute s\u0103 se perfec\u021bioneze \u00een domeniul tehnologiei informa\u021biei \u0219i a comunic\u0103rii noteaz\u0103 Edupedu.<\/p>\n\n\n\n<p><strong>Afl\u0103 mai multe detalii despre grila de competen\u021be vizate ale elevilor pe <\/strong><a href=\"https:\/\/www.edupedu.ro\/oficial-din-anul-scolar-2024-2025-elevii-claselor-primare-ar-trebui-sa-stie-sa-salveze-informatii-adrese-web-pe-dispozitive-portabile-cu-sprijinul-adultului-care-sunt-competentele-digitale-pentru\/\"><strong>edupedu.ro<\/strong><\/a><strong>.<\/strong><\/p>\n\n\n\n<p><strong>A consemnat Alexandru Stan.<\/strong><\/p>\n\n\n\n<p><\/p>\n","protected":false},"excerpt":{"rendered":"<p>Competen\u021bele digitale vor fi predate elevilor \u00eenc\u0103 de la clasa I, potrivit unui ordin al Ministerului Educa\u021biei. Astfel, \u00een ciclul primar, copiii ar trebui s\u0103 aib\u0103 capacitatea de a identifica con\u021binutul digital pe diverse medii de stocare, scrie Edupedu. Elevii din clasele primare vor \u00eenv\u0103\u021ba cum s\u0103 salveze poze, informa\u021bii, adrese web pe dispozitive portabile, [&hellip;]<\/p>\n","protected":false},"author":1,"featured_media":103533,"comment_status":"closed","ping_status":"open","sticky":false,"template":"","format":"standard","meta":{"_acf_changed":false,"inline_featured_image":false,"ngg_post_thumbnail":0,"footnotes":""},"categories":[6994,3421,62],"tags":[16253,480,2885,16254],"ppma_author":[22583],"class_list":["post-103532","post","type-post","status-publish","format-standard","has-post-thumbnail","hentry","category-stiri-2","category-educatie","category-stiri","tag-competente-digitale","tag-elevi","tag-ministrul-educatiei","tag-ordin-de-ministru"],"acf":[],"yoast_head":"<!-- This site is optimized with the Yoast SEO Premium plugin v25.3 (Yoast SEO v27.5) - https:\/\/yoast.com\/product\/yoast-seo-premium-wordpress\/ -->\n<title>Elevii vor \u00eenv\u0103\u021ba s\u0103 salveze poze \u0219i informa\u021bii \u00een computer, \u00een clasele I-IV - Buletin de Bucure\u0219ti<\/title>\n<meta name=\"description\" content=\"Elevii din clasele primare vor \u00eenv\u0103\u021ba cum s\u0103 salveze informa\u021bii poze \u0219i informa\u021bii pe dispozitive portabile, cu sprijinul unui adult.\" \/>\n<meta name=\"robots\" content=\"index, follow, max-snippet:-1, max-image-preview:large, max-video-preview:-1\" \/>\n<link rel=\"canonical\" href=\"https:\/\/buletin.de\/bucuresti\/elevii-vor-invata-sa-salveze-poze-si-informatii-in-computer-in-clasele-i-iv\/\" \/>\n<meta property=\"og:locale\" content=\"en_GB\" \/>\n<meta property=\"og:type\" content=\"article\" \/>\n<meta property=\"og:title\" content=\"Elevii vor \u00eenv\u0103\u021ba s\u0103 salveze poze \u0219i informa\u021bii \u00een computer, \u00een clasele I-IV\" \/>\n<meta property=\"og:description\" content=\"Elevii din clasele primare vor \u00eenv\u0103\u021ba cum s\u0103 salveze informa\u021bii poze \u0219i informa\u021bii pe dispozitive portabile, cu sprijinul unui adult.\" \/>\n<meta property=\"og:url\" content=\"https:\/\/buletin.de\/bucuresti\/elevii-vor-invata-sa-salveze-poze-si-informatii-in-computer-in-clasele-i-iv\/\" \/>\n<meta property=\"og:site_name\" content=\"Buletin de Bucure\u0219ti\" \/>\n<meta property=\"article:publisher\" content=\"https:\/\/www.facebook.com\/buletin.de.buc\" \/>\n<meta property=\"article:published_time\" content=\"2024-10-23T15:57:30+00:00\" \/>\n<meta property=\"article:modified_time\" content=\"2024-10-25T07:24:32+00:00\" \/>\n<meta property=\"og:image\" content=\"https:\/\/buletin.de\/bucuresti\/wp-content\/uploads\/pexels-olly-3755511.jpg\" \/>\n\t<meta property=\"og:image:width\" content=\"1280\" \/>\n\t<meta property=\"og:image:height\" content=\"853\" \/>\n\t<meta property=\"og:image:type\" content=\"image\/jpeg\" \/>\n<meta name=\"author\" content=\"Redac\u021bia Buletin de Bucure\u0219ti\" \/>\n<meta name=\"twitter:card\" content=\"summary_large_image\" \/>\n<meta name=\"twitter:label1\" content=\"Written by\" \/>\n\t<meta name=\"twitter:data1\" content=\"Redac\u021bia Buletin de Bucure\u0219ti\" \/>\n\t<meta name=\"twitter:label2\" content=\"Estimated reading time\" \/>\n\t<meta name=\"twitter:data2\" content=\"3 minutes\" \/>\n<script type=\"application\/ld+json\" class=\"yoast-schema-graph\">{\"@context\":\"https:\\\/\\\/schema.org\",\"@graph\":[{\"@type\":\"Article\",\"@id\":\"https:\\\/\\\/buletin.de\\\/bucuresti\\\/elevii-vor-invata-sa-salveze-poze-si-informatii-in-computer-in-clasele-i-iv\\\/#article\",\"isPartOf\":{\"@id\":\"https:\\\/\\\/buletin.de\\\/bucuresti\\\/elevii-vor-invata-sa-salveze-poze-si-informatii-in-computer-in-clasele-i-iv\\\/\"},\"author\":{\"name\":\"Redac\u021bia Buletin de Bucure\u0219ti\",\"@id\":\"https:\\\/\\\/buletin.de\\\/bucuresti\\\/#\\\/schema\\\/person\\\/2bbcf854e5f2419a13804af574d06ab1\"},\"headline\":\"Elevii vor \u00eenv\u0103\u021ba s\u0103 salveze poze \u0219i informa\u021bii \u00een computer, \u00een clasele I-IV\",\"datePublished\":\"2024-10-23T15:57:30+00:00\",\"dateModified\":\"2024-10-25T07:24:32+00:00\",\"mainEntityOfPage\":{\"@id\":\"https:\\\/\\\/buletin.de\\\/bucuresti\\\/elevii-vor-invata-sa-salveze-poze-si-informatii-in-computer-in-clasele-i-iv\\\/\"},\"wordCount\":532,\"publisher\":{\"@id\":\"https:\\\/\\\/buletin.de\\\/bucuresti\\\/#organization\"},\"image\":{\"@id\":\"https:\\\/\\\/buletin.de\\\/bucuresti\\\/elevii-vor-invata-sa-salveze-poze-si-informatii-in-computer-in-clasele-i-iv\\\/#primaryimage\"},\"thumbnailUrl\":\"https:\\\/\\\/buletin.de\\\/bucuresti\\\/wp-content\\\/uploads\\\/pexels-olly-3755511.jpg\",\"keywords\":[\"competente digitale\",\"elevi\",\"ministrul educatiei\",\"ordin de ministru\"],\"articleSection\":[\"Articole\",\"Educa\u021bie\",\"\u0218tiri\"],\"inLanguage\":\"en-GB\",\"copyrightYear\":\"2024\",\"copyrightHolder\":{\"@id\":\"https:\\\/\\\/buletin.de\\\/bucuresti\\\/#organization\"}},{\"@type\":\"WebPage\",\"@id\":\"https:\\\/\\\/buletin.de\\\/bucuresti\\\/elevii-vor-invata-sa-salveze-poze-si-informatii-in-computer-in-clasele-i-iv\\\/\",\"url\":\"https:\\\/\\\/buletin.de\\\/bucuresti\\\/elevii-vor-invata-sa-salveze-poze-si-informatii-in-computer-in-clasele-i-iv\\\/\",\"name\":\"Elevii vor \u00eenv\u0103\u021ba s\u0103 salveze poze \u0219i informa\u021bii \u00een computer, \u00een clasele I-IV - Buletin de Bucure\u0219ti\",\"isPartOf\":{\"@id\":\"https:\\\/\\\/buletin.de\\\/bucuresti\\\/#website\"},\"primaryImageOfPage\":{\"@id\":\"https:\\\/\\\/buletin.de\\\/bucuresti\\\/elevii-vor-invata-sa-salveze-poze-si-informatii-in-computer-in-clasele-i-iv\\\/#primaryimage\"},\"image\":{\"@id\":\"https:\\\/\\\/buletin.de\\\/bucuresti\\\/elevii-vor-invata-sa-salveze-poze-si-informatii-in-computer-in-clasele-i-iv\\\/#primaryimage\"},\"thumbnailUrl\":\"https:\\\/\\\/buletin.de\\\/bucuresti\\\/wp-content\\\/uploads\\\/pexels-olly-3755511.jpg\",\"datePublished\":\"2024-10-23T15:57:30+00:00\",\"dateModified\":\"2024-10-25T07:24:32+00:00\",\"description\":\"Elevii din clasele primare vor \u00eenv\u0103\u021ba cum s\u0103 salveze informa\u021bii poze \u0219i informa\u021bii pe dispozitive portabile, cu sprijinul unui adult.\",\"breadcrumb\":{\"@id\":\"https:\\\/\\\/buletin.de\\\/bucuresti\\\/elevii-vor-invata-sa-salveze-poze-si-informatii-in-computer-in-clasele-i-iv\\\/#breadcrumb\"},\"inLanguage\":\"en-GB\",\"potentialAction\":[{\"@type\":\"ReadAction\",\"target\":[\"https:\\\/\\\/buletin.de\\\/bucuresti\\\/elevii-vor-invata-sa-salveze-poze-si-informatii-in-computer-in-clasele-i-iv\\\/\"]}]},{\"@type\":\"ImageObject\",\"inLanguage\":\"en-GB\",\"@id\":\"https:\\\/\\\/buletin.de\\\/bucuresti\\\/elevii-vor-invata-sa-salveze-poze-si-informatii-in-computer-in-clasele-i-iv\\\/#primaryimage\",\"url\":\"https:\\\/\\\/buletin.de\\\/bucuresti\\\/wp-content\\\/uploads\\\/pexels-olly-3755511.jpg\",\"contentUrl\":\"https:\\\/\\\/buletin.de\\\/bucuresti\\\/wp-content\\\/uploads\\\/pexels-olly-3755511.jpg\",\"width\":1280,\"height\":853,\"caption\":\"Elevii vor \u00eenv\u0103\u021ba s\u0103 salveze poze \u0219i informa\u021bii \u00een computer, \u00een clasele I-IV. Foto Pexels.com\"},{\"@type\":\"BreadcrumbList\",\"@id\":\"https:\\\/\\\/buletin.de\\\/bucuresti\\\/elevii-vor-invata-sa-salveze-poze-si-informatii-in-computer-in-clasele-i-iv\\\/#breadcrumb\",\"itemListElement\":[{\"@type\":\"ListItem\",\"position\":1,\"name\":\"Acas\u0103\",\"item\":\"https:\\\/\\\/buletin.de\\\/bucuresti\\\/\"},{\"@type\":\"ListItem\",\"position\":2,\"name\":\"Elevii vor \u00eenv\u0103\u021ba s\u0103 salveze poze \u0219i informa\u021bii \u00een computer, \u00een clasele I-IV\"}]},{\"@type\":\"WebSite\",\"@id\":\"https:\\\/\\\/buletin.de\\\/bucuresti\\\/#website\",\"url\":\"https:\\\/\\\/buletin.de\\\/bucuresti\\\/\",\"name\":\"Buletin de Bucure\u0219ti\",\"description\":\"\u0218tiri \u0219i investiga\u021bii esen\u021biale din capital\u0103\",\"publisher\":{\"@id\":\"https:\\\/\\\/buletin.de\\\/bucuresti\\\/#organization\"},\"potentialAction\":[{\"@type\":\"SearchAction\",\"target\":{\"@type\":\"EntryPoint\",\"urlTemplate\":\"https:\\\/\\\/buletin.de\\\/bucuresti\\\/?s={search_term_string}\"},\"query-input\":{\"@type\":\"PropertyValueSpecification\",\"valueRequired\":true,\"valueName\":\"search_term_string\"}}],\"inLanguage\":\"en-GB\"},{\"@type\":\"Organization\",\"@id\":\"https:\\\/\\\/buletin.de\\\/bucuresti\\\/#organization\",\"name\":\"Buletin de Bucure\u0219ti\",\"url\":\"https:\\\/\\\/buletin.de\\\/bucuresti\\\/\",\"logo\":{\"@type\":\"ImageObject\",\"inLanguage\":\"en-GB\",\"@id\":\"https:\\\/\\\/buletin.de\\\/bucuresti\\\/#\\\/schema\\\/logo\\\/image\\\/\",\"url\":\"https:\\\/\\\/buletin.de\\\/bucuresti\\\/wp-content\\\/uploads\\\/logo-bdb-full-wide-vernil-transparent.png\",\"contentUrl\":\"https:\\\/\\\/buletin.de\\\/bucuresti\\\/wp-content\\\/uploads\\\/logo-bdb-full-wide-vernil-transparent.png\",\"width\":1782,\"height\":626,\"caption\":\"Buletin de Bucure\u0219ti\"},\"image\":{\"@id\":\"https:\\\/\\\/buletin.de\\\/bucuresti\\\/#\\\/schema\\\/logo\\\/image\\\/\"},\"sameAs\":[\"https:\\\/\\\/www.facebook.com\\\/buletin.de.buc\",\"https:\\\/\\\/www.instagram.com\\\/buletinde.bucuresti\\\/\"]},{\"@type\":\"Person\",\"@id\":\"https:\\\/\\\/buletin.de\\\/bucuresti\\\/#\\\/schema\\\/person\\\/2bbcf854e5f2419a13804af574d06ab1\",\"name\":\"Redac\u021bia Buletin de Bucure\u0219ti\",\"image\":{\"@type\":\"ImageObject\",\"inLanguage\":\"en-GB\",\"@id\":\"https:\\\/\\\/secure.gravatar.com\\\/avatar\\\/18c5342381ed1a08620e6280424e3e5efc958618f5d67c522c9e44c1bc6f9226?s=96&d=monsterid&r=g60c7cd0ad92c68c049fcd4bb3504d609\",\"url\":\"https:\\\/\\\/secure.gravatar.com\\\/avatar\\\/18c5342381ed1a08620e6280424e3e5efc958618f5d67c522c9e44c1bc6f9226?s=96&d=monsterid&r=g\",\"contentUrl\":\"https:\\\/\\\/secure.gravatar.com\\\/avatar\\\/18c5342381ed1a08620e6280424e3e5efc958618f5d67c522c9e44c1bc6f9226?s=96&d=monsterid&r=g\",\"caption\":\"Redac\u021bia Buletin de Bucure\u0219ti\"},\"description\":\"Buletin de Bucure\u0219ti exist\u0103 din vara anului 2019.\",\"url\":\"https:\\\/\\\/buletin.de\\\/bucuresti\\\/author\\\/adminbuletin\\\/\"}]}<\/script>\n<!-- \/ Yoast SEO Premium plugin. -->","yoast_head_json":{"title":"Elevii vor \u00eenv\u0103\u021ba s\u0103 salveze poze \u0219i informa\u021bii \u00een computer, \u00een clasele I-IV - Buletin de Bucure\u0219ti","description":"Elevii din clasele primare vor \u00eenv\u0103\u021ba cum s\u0103 salveze informa\u021bii poze \u0219i informa\u021bii pe dispozitive portabile, cu sprijinul unui adult.","robots":{"index":"index","follow":"follow","max-snippet":"max-snippet:-1","max-image-preview":"max-image-preview:large","max-video-preview":"max-video-preview:-1"},"canonical":"https:\/\/buletin.de\/bucuresti\/elevii-vor-invata-sa-salveze-poze-si-informatii-in-computer-in-clasele-i-iv\/","og_locale":"en_GB","og_type":"article","og_title":"Elevii vor \u00eenv\u0103\u021ba s\u0103 salveze poze \u0219i informa\u021bii \u00een computer, \u00een clasele I-IV","og_description":"Elevii din clasele primare vor \u00eenv\u0103\u021ba cum s\u0103 salveze informa\u021bii poze \u0219i informa\u021bii pe dispozitive portabile, cu sprijinul unui adult.","og_url":"https:\/\/buletin.de\/bucuresti\/elevii-vor-invata-sa-salveze-poze-si-informatii-in-computer-in-clasele-i-iv\/","og_site_name":"Buletin de Bucure\u0219ti","article_publisher":"https:\/\/www.facebook.com\/buletin.de.buc","article_published_time":"2024-10-23T15:57:30+00:00","article_modified_time":"2024-10-25T07:24:32+00:00","og_image":[{"width":1280,"height":853,"url":"https:\/\/buletin.de\/bucuresti\/wp-content\/uploads\/pexels-olly-3755511.jpg","type":"image\/jpeg"}],"author":"Redac\u021bia Buletin de Bucure\u0219ti","twitter_card":"summary_large_image","twitter_misc":{"Written by":"Redac\u021bia Buletin de Bucure\u0219ti","Estimated reading time":"3 minutes"},"schema":{"@context":"https:\/\/schema.org","@graph":[{"@type":"Article","@id":"https:\/\/buletin.de\/bucuresti\/elevii-vor-invata-sa-salveze-poze-si-informatii-in-computer-in-clasele-i-iv\/#article","isPartOf":{"@id":"https:\/\/buletin.de\/bucuresti\/elevii-vor-invata-sa-salveze-poze-si-informatii-in-computer-in-clasele-i-iv\/"},"author":{"name":"Redac\u021bia Buletin de Bucure\u0219ti","@id":"https:\/\/buletin.de\/bucuresti\/#\/schema\/person\/2bbcf854e5f2419a13804af574d06ab1"},"headline":"Elevii vor \u00eenv\u0103\u021ba s\u0103 salveze poze \u0219i informa\u021bii \u00een computer, \u00een clasele I-IV","datePublished":"2024-10-23T15:57:30+00:00","dateModified":"2024-10-25T07:24:32+00:00","mainEntityOfPage":{"@id":"https:\/\/buletin.de\/bucuresti\/elevii-vor-invata-sa-salveze-poze-si-informatii-in-computer-in-clasele-i-iv\/"},"wordCount":532,"publisher":{"@id":"https:\/\/buletin.de\/bucuresti\/#organization"},"image":{"@id":"https:\/\/buletin.de\/bucuresti\/elevii-vor-invata-sa-salveze-poze-si-informatii-in-computer-in-clasele-i-iv\/#primaryimage"},"thumbnailUrl":"https:\/\/buletin.de\/bucuresti\/wp-content\/uploads\/pexels-olly-3755511.jpg","keywords":["competente digitale","elevi","ministrul educatiei","ordin de ministru"],"articleSection":["Articole","Educa\u021bie","\u0218tiri"],"inLanguage":"en-GB","copyrightYear":"2024","copyrightHolder":{"@id":"https:\/\/buletin.de\/bucuresti\/#organization"}},{"@type":"WebPage","@id":"https:\/\/buletin.de\/bucuresti\/elevii-vor-invata-sa-salveze-poze-si-informatii-in-computer-in-clasele-i-iv\/","url":"https:\/\/buletin.de\/bucuresti\/elevii-vor-invata-sa-salveze-poze-si-informatii-in-computer-in-clasele-i-iv\/","name":"Elevii vor \u00eenv\u0103\u021ba s\u0103 salveze poze \u0219i informa\u021bii \u00een computer, \u00een clasele I-IV - Buletin de Bucure\u0219ti","isPartOf":{"@id":"https:\/\/buletin.de\/bucuresti\/#website"},"primaryImageOfPage":{"@id":"https:\/\/buletin.de\/bucuresti\/elevii-vor-invata-sa-salveze-poze-si-informatii-in-computer-in-clasele-i-iv\/#primaryimage"},"image":{"@id":"https:\/\/buletin.de\/bucuresti\/elevii-vor-invata-sa-salveze-poze-si-informatii-in-computer-in-clasele-i-iv\/#primaryimage"},"thumbnailUrl":"https:\/\/buletin.de\/bucuresti\/wp-content\/uploads\/pexels-olly-3755511.jpg","datePublished":"2024-10-23T15:57:30+00:00","dateModified":"2024-10-25T07:24:32+00:00","description":"Elevii din clasele primare vor \u00eenv\u0103\u021ba cum s\u0103 salveze informa\u021bii poze \u0219i informa\u021bii pe dispozitive portabile, cu sprijinul unui adult.","breadcrumb":{"@id":"https:\/\/buletin.de\/bucuresti\/elevii-vor-invata-sa-salveze-poze-si-informatii-in-computer-in-clasele-i-iv\/#breadcrumb"},"inLanguage":"en-GB","potentialAction":[{"@type":"ReadAction","target":["https:\/\/buletin.de\/bucuresti\/elevii-vor-invata-sa-salveze-poze-si-informatii-in-computer-in-clasele-i-iv\/"]}]},{"@type":"ImageObject","inLanguage":"en-GB","@id":"https:\/\/buletin.de\/bucuresti\/elevii-vor-invata-sa-salveze-poze-si-informatii-in-computer-in-clasele-i-iv\/#primaryimage","url":"https:\/\/buletin.de\/bucuresti\/wp-content\/uploads\/pexels-olly-3755511.jpg","contentUrl":"https:\/\/buletin.de\/bucuresti\/wp-content\/uploads\/pexels-olly-3755511.jpg","width":1280,"height":853,"caption":"Elevii vor \u00eenv\u0103\u021ba s\u0103 salveze poze \u0219i informa\u021bii \u00een computer, \u00een clasele I-IV. Foto Pexels.com"},{"@type":"BreadcrumbList","@id":"https:\/\/buletin.de\/bucuresti\/elevii-vor-invata-sa-salveze-poze-si-informatii-in-computer-in-clasele-i-iv\/#breadcrumb","itemListElement":[{"@type":"ListItem","position":1,"name":"Acas\u0103","item":"https:\/\/buletin.de\/bucuresti\/"},{"@type":"ListItem","position":2,"name":"Elevii vor \u00eenv\u0103\u021ba s\u0103 salveze poze \u0219i informa\u021bii \u00een computer, \u00een clasele I-IV"}]},{"@type":"WebSite","@id":"https:\/\/buletin.de\/bucuresti\/#website","url":"https:\/\/buletin.de\/bucuresti\/","name":"Buletin de Bucure\u0219ti","description":"\u0218tiri \u0219i investiga\u021bii esen\u021biale din capital\u0103","publisher":{"@id":"https:\/\/buletin.de\/bucuresti\/#organization"},"potentialAction":[{"@type":"SearchAction","target":{"@type":"EntryPoint","urlTemplate":"https:\/\/buletin.de\/bucuresti\/?s={search_term_string}"},"query-input":{"@type":"PropertyValueSpecification","valueRequired":true,"valueName":"search_term_string"}}],"inLanguage":"en-GB"},{"@type":"Organization","@id":"https:\/\/buletin.de\/bucuresti\/#organization","name":"Buletin de Bucure\u0219ti","url":"https:\/\/buletin.de\/bucuresti\/","logo":{"@type":"ImageObject","inLanguage":"en-GB","@id":"https:\/\/buletin.de\/bucuresti\/#\/schema\/logo\/image\/","url":"https:\/\/buletin.de\/bucuresti\/wp-content\/uploads\/logo-bdb-full-wide-vernil-transparent.png","contentUrl":"https:\/\/buletin.de\/bucuresti\/wp-content\/uploads\/logo-bdb-full-wide-vernil-transparent.png","width":1782,"height":626,"caption":"Buletin de Bucure\u0219ti"},"image":{"@id":"https:\/\/buletin.de\/bucuresti\/#\/schema\/logo\/image\/"},"sameAs":["https:\/\/www.facebook.com\/buletin.de.buc","https:\/\/www.instagram.com\/buletinde.bucuresti\/"]},{"@type":"Person","@id":"https:\/\/buletin.de\/bucuresti\/#\/schema\/person\/2bbcf854e5f2419a13804af574d06ab1","name":"Redac\u021bia Buletin de Bucure\u0219ti","image":{"@type":"ImageObject","inLanguage":"en-GB","@id":"https:\/\/secure.gravatar.com\/avatar\/18c5342381ed1a08620e6280424e3e5efc958618f5d67c522c9e44c1bc6f9226?s=96&d=monsterid&r=g60c7cd0ad92c68c049fcd4bb3504d609","url":"https:\/\/secure.gravatar.com\/avatar\/18c5342381ed1a08620e6280424e3e5efc958618f5d67c522c9e44c1bc6f9226?s=96&d=monsterid&r=g","contentUrl":"https:\/\/secure.gravatar.com\/avatar\/18c5342381ed1a08620e6280424e3e5efc958618f5d67c522c9e44c1bc6f9226?s=96&d=monsterid&r=g","caption":"Redac\u021bia Buletin de Bucure\u0219ti"},"description":"Buletin de Bucure\u0219ti exist\u0103 din vara anului 2019.","url":"https:\/\/buletin.de\/bucuresti\/author\/adminbuletin\/"}]}},"authors":[{"term_id":22583,"user_id":1,"is_guest":0,"slug":"adminbuletin","display_name":"Redac\u021bia Buletin de Bucure\u0219ti","avatar_url":"https:\/\/secure.gravatar.com\/avatar\/18c5342381ed1a08620e6280424e3e5efc958618f5d67c522c9e44c1bc6f9226?s=96&d=monsterid&r=g","0":null,"1":"","2":"","3":"","4":"","5":"","6":"","7":"","8":""}],"_links":{"self":[{"href":"https:\/\/buletin.de\/bucuresti\/wp-json\/wp\/v2\/posts\/103532","targetHints":{"allow":["GET"]}}],"collection":[{"href":"https:\/\/buletin.de\/bucuresti\/wp-json\/wp\/v2\/posts"}],"about":[{"href":"https:\/\/buletin.de\/bucuresti\/wp-json\/wp\/v2\/types\/post"}],"author":[{"embeddable":true,"href":"https:\/\/buletin.de\/bucuresti\/wp-json\/wp\/v2\/users\/1"}],"replies":[{"embeddable":true,"href":"https:\/\/buletin.de\/bucuresti\/wp-json\/wp\/v2\/comments?post=103532"}],"version-history":[{"count":3,"href":"https:\/\/buletin.de\/bucuresti\/wp-json\/wp\/v2\/posts\/103532\/revisions"}],"predecessor-version":[{"id":103767,"href":"https:\/\/buletin.de\/bucuresti\/wp-json\/wp\/v2\/posts\/103532\/revisions\/103767"}],"wp:featuredmedia":[{"embeddable":true,"href":"https:\/\/buletin.de\/bucuresti\/wp-json\/wp\/v2\/media\/103533"}],"wp:attachment":[{"href":"https:\/\/buletin.de\/bucuresti\/wp-json\/wp\/v2\/media?parent=103532"}],"wp:term":[{"taxonomy":"category","embeddable":true,"href":"https:\/\/buletin.de\/bucuresti\/wp-json\/wp\/v2\/categories?post=103532"},{"taxonomy":"post_tag","embeddable":true,"href":"https:\/\/buletin.de\/bucuresti\/wp-json\/wp\/v2\/tags?post=103532"},{"taxonomy":"author","embeddable":true,"href":"https:\/\/buletin.de\/bucuresti\/wp-json\/wp\/v2\/ppma_author?post=103532"}],"curies":[{"name":"wp","href":"https:\/\/api.w.org\/{rel}","templated":true}]}}