{"id":103528,"date":"2024-10-23T19:45:29","date_gmt":"2024-10-23T16:45:29","guid":{"rendered":"https:\/\/buletin.de\/bucuresti\/?p=103528"},"modified":"2024-10-23T19:49:12","modified_gmt":"2024-10-23T16:49:12","slug":"adrian-cioroianu","status":"publish","type":"post","link":"https:\/\/buletin.de\/bucuresti\/adrian-cioroianu\/","title":{"rendered":"Adrian Cioroianu este inculpat pentru c\u0103 a divulgat subiectul unei investiga\u021bii a Emiliei \u0218ercan"},"content":{"rendered":"\n<p><strong>Directorul Bibliotecii Na\u021bionale a Rom\u00e2niei, Adrian Cioroianu e<\/strong>ste <strong>inculpat \u00een dosarul deschis pentru divulgare de informa\u0163ii secrete sau nedestinate publicit\u0103\u0163ii. Acesta a f\u0103cut public subiectul unei investiga\u0163ii pe care o documenta Emilia \u015eercan.<\/strong><\/p>\n\n\n\n<p>Anun\u0163ul a fost f\u0103cut chiar de jurnalista Emilia \u015eercan pe pagina sa de<a href=\"https:\/\/www.facebook.com\/emilia.sercan\" target=\"_blank\" rel=\"noreferrer noopener\"> Facebook.\u00a0<\/a>P\u00e2n\u0103 acum, Adrian Cioroianu a avut calitatea de suspect.<\/p>\n\n\n\n<p><strong>Dosarul a fost deschis de procurori dup\u0103 ce Emilia \u0218ercan a depus pl\u00e2ngere pentru c\u0103 Adrian Cioroianu a divulgat \u00een februarie, pe Facebook, subiectul de investiga\u021bie la care lucra: teza de doctorat a lui Mircea Geoan\u0103.<\/strong><\/p>\n\n\n\n<p>\u201eParchetul Tribunalului Bucure\u0219ti i-a comunicat azi, oficial, calitatea de inculpat lui Adrian Cioroianu, directorul Bibliotecii Na\u021bionale, \u00een dosarul deschis pentru divulgare de informa\u021bii secrete sau nedestinate publicit\u0103\u021bii, dup\u0103 ce \u00een februarie a divulgat pe Facebook faptul c\u0103 am cerut verificarea tezei de doctorat a lui Mircea Geoan\u0103\u201d, a scris Emilia \u0218ercan.<\/p>\n\n\n\n<h2 class=\"wp-block-heading\" id=\"h-de-ce-este-adrian-cioroianu-e-ste-inculpat\">De ce este <strong>Adrian Cioroianu e<\/strong>ste <strong>inculpat <\/strong><\/h2>\n\n\n\n<p>Fostul ministru de Externe \u0219i actual director al Bibliotecii Na\u0163ionale  f\u0103cea public, \u00een februarie, pe Facebook, subiectul de investiga\u0163ie la care lucra jurnalista Emilia \u015eercan. Asta dupa ce, aceasta a reclamat c\u0103, \u00een s\u0103lile Bibliotecii Na\u0163ionale, oamenii citesc la temperaturi foarte sc\u0103zute, 16,6 grade.<\/p>\n\n\n\n<p><strong>\u201eEmilia Sercan caut\u0103 mai nou plagiat la Mircea Geoan\u0103 \u015fi, \u00een treac\u0103t, mai ia \u015fi temperatura prin spa\u0163iile deschise ale Bibliotecii Na\u0163ionale. C\u00e2t despre doamna pe care o aminti\u021bi, e suficient s\u0103 v\u0103 spun c\u0103 a cerut la sal\u0103 dupa ce solicitase o lucrare a lui Mircea Geoan\u0103, care i s-a dat, desigur cu acordul meu \u0219i \u00een normele legii, doar c\u0103 d\u00e2nsa nu \u0219tiu ce o fi citit, dar e clar c\u0103 a descoperit \u00een geant\u0103 \u0219i un termometru adus de acas\u0103\u00a0(&#8230;)\u201d<\/strong>, a scris Cioroianu.<\/p>\n\n\n\n<p>\u00cen contextul investigatiei \u00een care a demonstrat c\u0103 Mircea Geoan\u0103 a plagiat prin traducere, Emilia Sercan a spus c\u0103 a primit amenin\u021b\u0103ri cu moartea.<\/p>\n\n\n\n<p><strong>\u201eLa sf\u00e2r\u0219itul lunii august, dup\u0103 ce Comisia de Etic\u0103 a ASE a dat acel mizerabil verdict de neplagiat, am primit o nou\u0103 amenin\u021bare cu moartea, care are leg\u0103tur\u0103 exact cu dezv\u0103luirile mele despre teza lui Geoan\u0103. Dosarul a ajuns tot la Parchetul Tribunalului Bucure\u0219ti, la acela\u0219i procuror din cazul \u201eCioroianu\u201d.<\/strong><\/p>\n\n\n\n<p><strong>CITE\u0218TE \u0218I:<\/strong> <a href=\"https:\/\/buletin.de\/bucuresti\/comisarul-sef-adjunct-de-la-protectia-consumatorului-ilfov-sub-control-judiciar-pentru-mita\/\"><strong>Comisarul \u0219ef adjunct de la Protec\u021bia Consumatorului Ilfov, sub control judiciar pentru mit\u0103<\/strong><\/a><\/p>\n","protected":false},"excerpt":{"rendered":"<p>Directorul Bibliotecii Na\u021bionale a Rom\u00e2niei, Adrian Cioroianu este inculpat \u00een dosarul deschis pentru divulgare de informa\u0163ii secrete sau nedestinate publicit\u0103\u0163ii. Acesta a f\u0103cut public subiectul unei investiga\u0163ii pe care o documenta Emilia \u015eercan. Anun\u0163ul a fost f\u0103cut chiar de jurnalista Emilia \u015eercan pe pagina sa de Facebook.\u00a0P\u00e2n\u0103 acum, Adrian Cioroianu a avut calitatea de suspect. [&hellip;]<\/p>\n","protected":false},"author":49,"featured_media":103535,"comment_status":"closed","ping_status":"open","sticky":false,"template":"","format":"standard","meta":{"_acf_changed":false,"inline_featured_image":false,"ngg_post_thumbnail":0,"footnotes":""},"categories":[6994,9026,62],"tags":[16255,8641,16258,16083],"ppma_author":[22574],"class_list":["post-103528","post","type-post","status-publish","format-standard","has-post-thumbnail","hentry","category-stiri-2","category-eveniment","category-stiri","tag-adrian-cioroianu","tag-emilia-sercan","tag-informatii-confidentiale","tag-mircea-geoana-2"],"acf":[],"yoast_head":"<!-- This site is optimized with the Yoast SEO Premium plugin v25.3 (Yoast SEO v27.5) - https:\/\/yoast.com\/product\/yoast-seo-premium-wordpress\/ -->\n<title>Adrian Cioroianu este inculpat pentru c\u0103 a divulgat subiectul unei investiga\u021bii a Emiliei \u0218ercan - Buletin de Bucure\u0219ti<\/title>\n<meta name=\"description\" content=\"Directorul Bibliotecii Na\u021bionale a Rom\u00e2niei, Adrian Cioroianu este inculpat \u00een dosarul deschis pentru divulgare de informa\u0163ii secrete.\" \/>\n<meta name=\"robots\" content=\"index, follow, max-snippet:-1, max-image-preview:large, max-video-preview:-1\" \/>\n<link rel=\"canonical\" href=\"https:\/\/buletin.de\/bucuresti\/adrian-cioroianu\/\" \/>\n<meta property=\"og:locale\" content=\"en_GB\" \/>\n<meta property=\"og:type\" content=\"article\" \/>\n<meta property=\"og:title\" content=\"Adrian Cioroianu este inculpat pentru c\u0103 a divulgat subiectul unei investiga\u021bii a Emiliei \u0218ercan\" \/>\n<meta property=\"og:description\" content=\"Directorul Bibliotecii Na\u021bionale a Rom\u00e2niei, Adrian Cioroianu este inculpat \u00een dosarul deschis pentru divulgare de informa\u0163ii secrete.\" \/>\n<meta property=\"og:url\" content=\"https:\/\/buletin.de\/bucuresti\/adrian-cioroianu\/\" \/>\n<meta property=\"og:site_name\" content=\"Buletin de Bucure\u0219ti\" \/>\n<meta property=\"article:publisher\" content=\"https:\/\/www.facebook.com\/buletin.de.buc\" \/>\n<meta property=\"article:published_time\" content=\"2024-10-23T16:45:29+00:00\" \/>\n<meta property=\"article:modified_time\" content=\"2024-10-23T16:49:12+00:00\" \/>\n<meta property=\"og:image\" content=\"https:\/\/buletin.de\/bucuresti\/wp-content\/uploads\/463030143_3076729099132230_2021707264289021899_n.jpg\" \/>\n\t<meta property=\"og:image:width\" content=\"2048\" \/>\n\t<meta property=\"og:image:height\" content=\"1359\" \/>\n\t<meta property=\"og:image:type\" content=\"image\/jpeg\" \/>\n<meta name=\"author\" content=\"Diana Matei\" \/>\n<meta name=\"twitter:card\" content=\"summary_large_image\" \/>\n<meta name=\"twitter:label1\" content=\"Written by\" \/>\n\t<meta name=\"twitter:data1\" content=\"Diana Matei\" \/>\n\t<meta name=\"twitter:label2\" content=\"Estimated reading time\" \/>\n\t<meta name=\"twitter:data2\" content=\"2 minutes\" \/>\n<script type=\"application\/ld+json\" class=\"yoast-schema-graph\">{\"@context\":\"https:\\\/\\\/schema.org\",\"@graph\":[{\"@type\":\"Article\",\"@id\":\"https:\\\/\\\/buletin.de\\\/bucuresti\\\/adrian-cioroianu\\\/#article\",\"isPartOf\":{\"@id\":\"https:\\\/\\\/buletin.de\\\/bucuresti\\\/adrian-cioroianu\\\/\"},\"author\":{\"name\":\"Diana Matei\",\"@id\":\"https:\\\/\\\/buletin.de\\\/bucuresti\\\/#\\\/schema\\\/person\\\/7e46040573290777280a0835d81ea4ea\"},\"headline\":\"Adrian Cioroianu este inculpat pentru c\u0103 a divulgat subiectul unei investiga\u021bii a Emiliei \u0218ercan\",\"datePublished\":\"2024-10-23T16:45:29+00:00\",\"dateModified\":\"2024-10-23T16:49:12+00:00\",\"mainEntityOfPage\":{\"@id\":\"https:\\\/\\\/buletin.de\\\/bucuresti\\\/adrian-cioroianu\\\/\"},\"wordCount\":420,\"publisher\":{\"@id\":\"https:\\\/\\\/buletin.de\\\/bucuresti\\\/#organization\"},\"image\":{\"@id\":\"https:\\\/\\\/buletin.de\\\/bucuresti\\\/adrian-cioroianu\\\/#primaryimage\"},\"thumbnailUrl\":\"https:\\\/\\\/buletin.de\\\/bucuresti\\\/wp-content\\\/uploads\\\/463030143_3076729099132230_2021707264289021899_n.jpg\",\"keywords\":[\"Adrian Cioroianu\",\"emilia sercan\",\"informatii confidentiale\",\"mircea geoana\"],\"articleSection\":[\"Articole\",\"Eveniment\",\"\u0218tiri\"],\"inLanguage\":\"en-GB\",\"copyrightYear\":\"2024\",\"copyrightHolder\":{\"@id\":\"https:\\\/\\\/buletin.de\\\/bucuresti\\\/#organization\"}},{\"@type\":\"WebPage\",\"@id\":\"https:\\\/\\\/buletin.de\\\/bucuresti\\\/adrian-cioroianu\\\/\",\"url\":\"https:\\\/\\\/buletin.de\\\/bucuresti\\\/adrian-cioroianu\\\/\",\"name\":\"Adrian Cioroianu este inculpat pentru c\u0103 a divulgat subiectul unei investiga\u021bii a Emiliei \u0218ercan - Buletin de Bucure\u0219ti\",\"isPartOf\":{\"@id\":\"https:\\\/\\\/buletin.de\\\/bucuresti\\\/#website\"},\"primaryImageOfPage\":{\"@id\":\"https:\\\/\\\/buletin.de\\\/bucuresti\\\/adrian-cioroianu\\\/#primaryimage\"},\"image\":{\"@id\":\"https:\\\/\\\/buletin.de\\\/bucuresti\\\/adrian-cioroianu\\\/#primaryimage\"},\"thumbnailUrl\":\"https:\\\/\\\/buletin.de\\\/bucuresti\\\/wp-content\\\/uploads\\\/463030143_3076729099132230_2021707264289021899_n.jpg\",\"datePublished\":\"2024-10-23T16:45:29+00:00\",\"dateModified\":\"2024-10-23T16:49:12+00:00\",\"description\":\"Directorul Bibliotecii Na\u021bionale a Rom\u00e2niei, Adrian Cioroianu este inculpat \u00een dosarul deschis pentru divulgare de informa\u0163ii secrete.\",\"breadcrumb\":{\"@id\":\"https:\\\/\\\/buletin.de\\\/bucuresti\\\/adrian-cioroianu\\\/#breadcrumb\"},\"inLanguage\":\"en-GB\",\"potentialAction\":[{\"@type\":\"ReadAction\",\"target\":[\"https:\\\/\\\/buletin.de\\\/bucuresti\\\/adrian-cioroianu\\\/\"]}]},{\"@type\":\"ImageObject\",\"inLanguage\":\"en-GB\",\"@id\":\"https:\\\/\\\/buletin.de\\\/bucuresti\\\/adrian-cioroianu\\\/#primaryimage\",\"url\":\"https:\\\/\\\/buletin.de\\\/bucuresti\\\/wp-content\\\/uploads\\\/463030143_3076729099132230_2021707264289021899_n.jpg\",\"contentUrl\":\"https:\\\/\\\/buletin.de\\\/bucuresti\\\/wp-content\\\/uploads\\\/463030143_3076729099132230_2021707264289021899_n.jpg\",\"width\":2048,\"height\":1359,\"caption\":\"Adrian Cioroianu a fost inculpat \u00een dosarul de divulgare de informa\u021bii confiden\u021biale. FOTO: Adrian Cioroianu\\\/Facebook\"},{\"@type\":\"BreadcrumbList\",\"@id\":\"https:\\\/\\\/buletin.de\\\/bucuresti\\\/adrian-cioroianu\\\/#breadcrumb\",\"itemListElement\":[{\"@type\":\"ListItem\",\"position\":1,\"name\":\"Acas\u0103\",\"item\":\"https:\\\/\\\/buletin.de\\\/bucuresti\\\/\"},{\"@type\":\"ListItem\",\"position\":2,\"name\":\"Adrian Cioroianu este inculpat pentru c\u0103 a divulgat subiectul unei investiga\u021bii a Emiliei \u0218ercan\"}]},{\"@type\":\"WebSite\",\"@id\":\"https:\\\/\\\/buletin.de\\\/bucuresti\\\/#website\",\"url\":\"https:\\\/\\\/buletin.de\\\/bucuresti\\\/\",\"name\":\"Buletin de Bucure\u0219ti\",\"description\":\"\u0218tiri \u0219i investiga\u021bii esen\u021biale din capital\u0103\",\"publisher\":{\"@id\":\"https:\\\/\\\/buletin.de\\\/bucuresti\\\/#organization\"},\"potentialAction\":[{\"@type\":\"SearchAction\",\"target\":{\"@type\":\"EntryPoint\",\"urlTemplate\":\"https:\\\/\\\/buletin.de\\\/bucuresti\\\/?s={search_term_string}\"},\"query-input\":{\"@type\":\"PropertyValueSpecification\",\"valueRequired\":true,\"valueName\":\"search_term_string\"}}],\"inLanguage\":\"en-GB\"},{\"@type\":\"Organization\",\"@id\":\"https:\\\/\\\/buletin.de\\\/bucuresti\\\/#organization\",\"name\":\"Buletin de Bucure\u0219ti\",\"url\":\"https:\\\/\\\/buletin.de\\\/bucuresti\\\/\",\"logo\":{\"@type\":\"ImageObject\",\"inLanguage\":\"en-GB\",\"@id\":\"https:\\\/\\\/buletin.de\\\/bucuresti\\\/#\\\/schema\\\/logo\\\/image\\\/\",\"url\":\"https:\\\/\\\/buletin.de\\\/bucuresti\\\/wp-content\\\/uploads\\\/logo-bdb-full-wide-vernil-transparent.png\",\"contentUrl\":\"https:\\\/\\\/buletin.de\\\/bucuresti\\\/wp-content\\\/uploads\\\/logo-bdb-full-wide-vernil-transparent.png\",\"width\":1782,\"height\":626,\"caption\":\"Buletin de Bucure\u0219ti\"},\"image\":{\"@id\":\"https:\\\/\\\/buletin.de\\\/bucuresti\\\/#\\\/schema\\\/logo\\\/image\\\/\"},\"sameAs\":[\"https:\\\/\\\/www.facebook.com\\\/buletin.de.buc\",\"https:\\\/\\\/www.instagram.com\\\/buletinde.bucuresti\\\/\"]},{\"@type\":\"Person\",\"@id\":\"https:\\\/\\\/buletin.de\\\/bucuresti\\\/#\\\/schema\\\/person\\\/7e46040573290777280a0835d81ea4ea\",\"name\":\"Diana Matei\",\"image\":{\"@type\":\"ImageObject\",\"inLanguage\":\"en-GB\",\"@id\":\"https:\\\/\\\/buletin.de\\\/bucuresti\\\/wp-content\\\/uploads\\\/9-2-96x96.jpg1e8590b30871d70e62ebcdaf2eff570c\",\"url\":\"https:\\\/\\\/buletin.de\\\/bucuresti\\\/wp-content\\\/uploads\\\/9-2-96x96.jpg\",\"contentUrl\":\"https:\\\/\\\/buletin.de\\\/bucuresti\\\/wp-content\\\/uploads\\\/9-2-96x96.jpg\",\"caption\":\"Diana Matei\"},\"url\":\"https:\\\/\\\/buletin.de\\\/bucuresti\\\/author\\\/dianamatei\\\/\"}]}<\/script>\n<!-- \/ Yoast SEO Premium plugin. -->","yoast_head_json":{"title":"Adrian Cioroianu este inculpat pentru c\u0103 a divulgat subiectul unei investiga\u021bii a Emiliei \u0218ercan - Buletin de Bucure\u0219ti","description":"Directorul Bibliotecii Na\u021bionale a Rom\u00e2niei, Adrian Cioroianu este inculpat \u00een dosarul deschis pentru divulgare de informa\u0163ii secrete.","robots":{"index":"index","follow":"follow","max-snippet":"max-snippet:-1","max-image-preview":"max-image-preview:large","max-video-preview":"max-video-preview:-1"},"canonical":"https:\/\/buletin.de\/bucuresti\/adrian-cioroianu\/","og_locale":"en_GB","og_type":"article","og_title":"Adrian Cioroianu este inculpat pentru c\u0103 a divulgat subiectul unei investiga\u021bii a Emiliei \u0218ercan","og_description":"Directorul Bibliotecii Na\u021bionale a Rom\u00e2niei, Adrian Cioroianu este inculpat \u00een dosarul deschis pentru divulgare de informa\u0163ii secrete.","og_url":"https:\/\/buletin.de\/bucuresti\/adrian-cioroianu\/","og_site_name":"Buletin de Bucure\u0219ti","article_publisher":"https:\/\/www.facebook.com\/buletin.de.buc","article_published_time":"2024-10-23T16:45:29+00:00","article_modified_time":"2024-10-23T16:49:12+00:00","og_image":[{"width":2048,"height":1359,"url":"https:\/\/buletin.de\/bucuresti\/wp-content\/uploads\/463030143_3076729099132230_2021707264289021899_n.jpg","type":"image\/jpeg"}],"author":"Diana Matei","twitter_card":"summary_large_image","twitter_misc":{"Written by":"Diana Matei","Estimated reading time":"2 minutes"},"schema":{"@context":"https:\/\/schema.org","@graph":[{"@type":"Article","@id":"https:\/\/buletin.de\/bucuresti\/adrian-cioroianu\/#article","isPartOf":{"@id":"https:\/\/buletin.de\/bucuresti\/adrian-cioroianu\/"},"author":{"name":"Diana Matei","@id":"https:\/\/buletin.de\/bucuresti\/#\/schema\/person\/7e46040573290777280a0835d81ea4ea"},"headline":"Adrian Cioroianu este inculpat pentru c\u0103 a divulgat subiectul unei investiga\u021bii a Emiliei \u0218ercan","datePublished":"2024-10-23T16:45:29+00:00","dateModified":"2024-10-23T16:49:12+00:00","mainEntityOfPage":{"@id":"https:\/\/buletin.de\/bucuresti\/adrian-cioroianu\/"},"wordCount":420,"publisher":{"@id":"https:\/\/buletin.de\/bucuresti\/#organization"},"image":{"@id":"https:\/\/buletin.de\/bucuresti\/adrian-cioroianu\/#primaryimage"},"thumbnailUrl":"https:\/\/buletin.de\/bucuresti\/wp-content\/uploads\/463030143_3076729099132230_2021707264289021899_n.jpg","keywords":["Adrian Cioroianu","emilia sercan","informatii confidentiale","mircea geoana"],"articleSection":["Articole","Eveniment","\u0218tiri"],"inLanguage":"en-GB","copyrightYear":"2024","copyrightHolder":{"@id":"https:\/\/buletin.de\/bucuresti\/#organization"}},{"@type":"WebPage","@id":"https:\/\/buletin.de\/bucuresti\/adrian-cioroianu\/","url":"https:\/\/buletin.de\/bucuresti\/adrian-cioroianu\/","name":"Adrian Cioroianu este inculpat pentru c\u0103 a divulgat subiectul unei investiga\u021bii a Emiliei \u0218ercan - Buletin de Bucure\u0219ti","isPartOf":{"@id":"https:\/\/buletin.de\/bucuresti\/#website"},"primaryImageOfPage":{"@id":"https:\/\/buletin.de\/bucuresti\/adrian-cioroianu\/#primaryimage"},"image":{"@id":"https:\/\/buletin.de\/bucuresti\/adrian-cioroianu\/#primaryimage"},"thumbnailUrl":"https:\/\/buletin.de\/bucuresti\/wp-content\/uploads\/463030143_3076729099132230_2021707264289021899_n.jpg","datePublished":"2024-10-23T16:45:29+00:00","dateModified":"2024-10-23T16:49:12+00:00","description":"Directorul Bibliotecii Na\u021bionale a Rom\u00e2niei, Adrian Cioroianu este inculpat \u00een dosarul deschis pentru divulgare de informa\u0163ii secrete.","breadcrumb":{"@id":"https:\/\/buletin.de\/bucuresti\/adrian-cioroianu\/#breadcrumb"},"inLanguage":"en-GB","potentialAction":[{"@type":"ReadAction","target":["https:\/\/buletin.de\/bucuresti\/adrian-cioroianu\/"]}]},{"@type":"ImageObject","inLanguage":"en-GB","@id":"https:\/\/buletin.de\/bucuresti\/adrian-cioroianu\/#primaryimage","url":"https:\/\/buletin.de\/bucuresti\/wp-content\/uploads\/463030143_3076729099132230_2021707264289021899_n.jpg","contentUrl":"https:\/\/buletin.de\/bucuresti\/wp-content\/uploads\/463030143_3076729099132230_2021707264289021899_n.jpg","width":2048,"height":1359,"caption":"Adrian Cioroianu a fost inculpat \u00een dosarul de divulgare de informa\u021bii confiden\u021biale. FOTO: Adrian Cioroianu\/Facebook"},{"@type":"BreadcrumbList","@id":"https:\/\/buletin.de\/bucuresti\/adrian-cioroianu\/#breadcrumb","itemListElement":[{"@type":"ListItem","position":1,"name":"Acas\u0103","item":"https:\/\/buletin.de\/bucuresti\/"},{"@type":"ListItem","position":2,"name":"Adrian Cioroianu este inculpat pentru c\u0103 a divulgat subiectul unei investiga\u021bii a Emiliei \u0218ercan"}]},{"@type":"WebSite","@id":"https:\/\/buletin.de\/bucuresti\/#website","url":"https:\/\/buletin.de\/bucuresti\/","name":"Buletin de Bucure\u0219ti","description":"\u0218tiri \u0219i investiga\u021bii esen\u021biale din capital\u0103","publisher":{"@id":"https:\/\/buletin.de\/bucuresti\/#organization"},"potentialAction":[{"@type":"SearchAction","target":{"@type":"EntryPoint","urlTemplate":"https:\/\/buletin.de\/bucuresti\/?s={search_term_string}"},"query-input":{"@type":"PropertyValueSpecification","valueRequired":true,"valueName":"search_term_string"}}],"inLanguage":"en-GB"},{"@type":"Organization","@id":"https:\/\/buletin.de\/bucuresti\/#organization","name":"Buletin de Bucure\u0219ti","url":"https:\/\/buletin.de\/bucuresti\/","logo":{"@type":"ImageObject","inLanguage":"en-GB","@id":"https:\/\/buletin.de\/bucuresti\/#\/schema\/logo\/image\/","url":"https:\/\/buletin.de\/bucuresti\/wp-content\/uploads\/logo-bdb-full-wide-vernil-transparent.png","contentUrl":"https:\/\/buletin.de\/bucuresti\/wp-content\/uploads\/logo-bdb-full-wide-vernil-transparent.png","width":1782,"height":626,"caption":"Buletin de Bucure\u0219ti"},"image":{"@id":"https:\/\/buletin.de\/bucuresti\/#\/schema\/logo\/image\/"},"sameAs":["https:\/\/www.facebook.com\/buletin.de.buc","https:\/\/www.instagram.com\/buletinde.bucuresti\/"]},{"@type":"Person","@id":"https:\/\/buletin.de\/bucuresti\/#\/schema\/person\/7e46040573290777280a0835d81ea4ea","name":"Diana Matei","image":{"@type":"ImageObject","inLanguage":"en-GB","@id":"https:\/\/buletin.de\/bucuresti\/wp-content\/uploads\/9-2-96x96.jpg1e8590b30871d70e62ebcdaf2eff570c","url":"https:\/\/buletin.de\/bucuresti\/wp-content\/uploads\/9-2-96x96.jpg","contentUrl":"https:\/\/buletin.de\/bucuresti\/wp-content\/uploads\/9-2-96x96.jpg","caption":"Diana Matei"},"url":"https:\/\/buletin.de\/bucuresti\/author\/dianamatei\/"}]}},"authors":[{"term_id":22574,"user_id":49,"is_guest":0,"slug":"dianamatei","display_name":"Diana Matei","avatar_url":"https:\/\/buletin.de\/bucuresti\/wp-content\/uploads\/9-2-96x96.jpg","0":null,"1":"","2":"","3":"","4":"","5":"","6":"","7":"","8":""}],"_links":{"self":[{"href":"https:\/\/buletin.de\/bucuresti\/wp-json\/wp\/v2\/posts\/103528","targetHints":{"allow":["GET"]}}],"collection":[{"href":"https:\/\/buletin.de\/bucuresti\/wp-json\/wp\/v2\/posts"}],"about":[{"href":"https:\/\/buletin.de\/bucuresti\/wp-json\/wp\/v2\/types\/post"}],"author":[{"embeddable":true,"href":"https:\/\/buletin.de\/bucuresti\/wp-json\/wp\/v2\/users\/49"}],"replies":[{"embeddable":true,"href":"https:\/\/buletin.de\/bucuresti\/wp-json\/wp\/v2\/comments?post=103528"}],"version-history":[{"count":4,"href":"https:\/\/buletin.de\/bucuresti\/wp-json\/wp\/v2\/posts\/103528\/revisions"}],"predecessor-version":[{"id":103544,"href":"https:\/\/buletin.de\/bucuresti\/wp-json\/wp\/v2\/posts\/103528\/revisions\/103544"}],"wp:featuredmedia":[{"embeddable":true,"href":"https:\/\/buletin.de\/bucuresti\/wp-json\/wp\/v2\/media\/103535"}],"wp:attachment":[{"href":"https:\/\/buletin.de\/bucuresti\/wp-json\/wp\/v2\/media?parent=103528"}],"wp:term":[{"taxonomy":"category","embeddable":true,"href":"https:\/\/buletin.de\/bucuresti\/wp-json\/wp\/v2\/categories?post=103528"},{"taxonomy":"post_tag","embeddable":true,"href":"https:\/\/buletin.de\/bucuresti\/wp-json\/wp\/v2\/tags?post=103528"},{"taxonomy":"author","embeddable":true,"href":"https:\/\/buletin.de\/bucuresti\/wp-json\/wp\/v2\/ppma_author?post=103528"}],"curies":[{"name":"wp","href":"https:\/\/api.w.org\/{rel}","templated":true}]}}