{"id":103414,"date":"2024-10-25T07:00:00","date_gmt":"2024-10-25T04:00:00","guid":{"rendered":"https:\/\/buletin.de\/bucuresti\/?p=103414"},"modified":"2024-10-30T17:10:05","modified_gmt":"2024-10-30T14:10:05","slug":"centura-verde-bucuresti-ilfov-unde-s-a-blocat-proiectul-pentru-protejarea-padurilor-din-jurul-capitalei","status":"publish","type":"post","link":"https:\/\/buletin.de\/bucuresti\/centura-verde-bucuresti-ilfov-unde-s-a-blocat-proiectul-pentru-protejarea-padurilor-din-jurul-capitalei\/","title":{"rendered":"Centura Verde Bucure\u0219ti-Ilfov. Unde s-a blocat proiectul pentru protejarea p\u0103durilor din jurul Capitalei"},"content":{"rendered":"\n<p><strong>Proiectul de lege pentru Centura Verde Bucure\u0219ti-Ilfov a fost \u00eenaintat ini\u021bial c\u0103tre Parlament \u00een data de 12 aprilie 2023<\/strong>, <strong>\u00eens\u0103 a r\u0103mas blocat la ultima comisie din Camera Deputa\u021bilor, cea pentru \u201eagricultur\u0103, silvicultur\u0103, industrie alimentar\u0103 \u0219i servicii specifice\u201d.<\/strong><\/p>\n\n\n\n<p><strong>Un an mai t\u00e2rziu, prevederile sale au fost depuse \u0219i ca amendamente la noul Cod Silvic, jalon \u00een Planul Na\u021bional de Redresare \u0219i Rezilien\u021b\u0103 (PNRR).<\/strong><\/p>\n\n\n\n<p><strong>Nu a fost nici a\u0219a \u201ecu noroc\u201d. La aproape jum\u0103tate de an dup\u0103 ce a trecut de Senat, codul care ar trebui s\u0103 protejeze p\u0103durile din jurul Capitalei \u00eenc\u0103 a\u0219teapt\u0103 <a href=\"https:\/\/www.cdep.ro\/pls\/proiecte\/upl_pck2015.proiect?cam=2&amp;idp=21736\">raport de la comisiile permanente din Camera Deputa\u021bilor.<\/a><\/strong><\/p>\n\n\n<div class=\"wp-block-image\">\n<figure class=\"aligncenter size-full is-resized\"><a href=\"https:\/\/buletin.de\/bucuresti\/wp-content\/uploads\/image_2024-10-24_084500951.png\"><img fetchpriority=\"high\" decoding=\"async\" width=\"669\" height=\"836\" src=\"data:image\/gif;base64,R0lGODlhAQABAAAAACH5BAEKAAEALAAAAAABAAEAAAICTAEAOw==\" data-src=\"https:\/\/buletin.de\/bucuresti\/wp-content\/uploads\/image_2024-10-24_084500951.png\" alt=\"Unde se afl\u0103 Codul silvic \u00een Parlament\" class=\"wp-image-103577 lazyload\" style=\"width:549px;height:auto\" data-sizes=\"auto\" data-srcset=\"https:\/\/buletin.de\/bucuresti\/wp-content\/uploads\/image_2024-10-24_084500951.png 669w, https:\/\/buletin.de\/bucuresti\/wp-content\/uploads\/image_2024-10-24_084500951-240x300.png 240w, https:\/\/buletin.de\/bucuresti\/wp-content\/uploads\/image_2024-10-24_084500951-600x750.png 600w, https:\/\/buletin.de\/bucuresti\/wp-content\/uploads\/image_2024-10-24_084500951-20x25.png 20w\" sizes=\"(max-width: 669px) 100vw, 669px\" \/><\/a><figcaption class=\"wp-element-caption\">Unde se afl\u0103 Codul silvic \u00een Parlament<\/figcaption><\/figure>\n<\/div>\n\n\n<p><strong>Buletin de Bucure\u0219ti a stat de vorb\u0103 cu doi dintre membrii Platformei Civice \u00cempreun\u0103 pentru Centura Verde, Florin Stoican \u0219i Daniel S\u0103rdan, pentru a afla mai multe detalii despre stadiul proiectului Centura Verde Bucure\u0219ti-Ilfov.<\/strong><\/p>\n\n\n\n<h2 class=\"wp-block-heading\" id=\"h-fiecare-luna-conteaza-noi-pierdem-ace\u0219ti-arbori-remarcabili\">\u201eFiecare lun\u0103 conteaz\u0103. Noi pierdem ace\u0219ti arbori remarcabili\u201d<\/h2>\n\n\n\n<p>Dup\u0103 blocajul din Camera Deputa\u021bilor, textul proiectului de lege privind <strong>Centura Verde Bucure\u0219ti-Ilfov<\/strong> a fost depus ca amenadamente la noul Cod Silvic pe 12 aprilie 2024. Acesta ar fi trebuit s\u0103 fi fost deja adoptat \u00een al doilea trimestru al anului 2023, potrivit termenului asumat de Rom\u00e2nia prin PNRR.<\/p>\n\n\n\n<p>Noul Cod Silvic a trecut de Senat la finalul lunii aprilie \u0219i, ini\u021bial, se estima c\u0103 ar urma s\u0103 fie adoptat p\u00e2n\u0103 \u00een luna iunie. Nu s-a \u00eent\u00e2mplat a\u0219a. \u0218i Codul silvic s-a blocat tot \u00een Camera Deputa\u021bilor.<\/p>\n\n\n<div class=\"wp-block-image\">\n<figure class=\"aligncenter size-full\"><img decoding=\"async\" width=\"557\" height=\"474\" src=\"data:image\/gif;base64,R0lGODlhAQABAAAAACH5BAEKAAEALAAAAAABAAEAAAICTAEAOw==\" data-src=\"https:\/\/buletin.de\/bucuresti\/wp-content\/uploads\/SS-1-1.png\" alt=\"\" class=\"wp-image-103645 lazyload\" data-sizes=\"auto\" data-srcset=\"https:\/\/buletin.de\/bucuresti\/wp-content\/uploads\/SS-1-1.png 557w, https:\/\/buletin.de\/bucuresti\/wp-content\/uploads\/SS-1-1-300x255.png 300w, https:\/\/buletin.de\/bucuresti\/wp-content\/uploads\/SS-1-1-20x17.png 20w\" sizes=\"(max-width: 557px) 100vw, 557px\" \/><\/figure>\n<\/div>\n\n\n<p>Daniel S\u0103rdan, fondator al Grupului de ini\u021biativ\u0103 \u201eSalva\u021bi Codrii Vl\u0103siei\u201d, ambasador al platformei \u201e\u00cempreun\u0103 pentru Centura Verde\u201d \u0219i inginer specialist pe problemele de mediu, ne-a explicat c\u0103 nu exist\u0103 o justificare clar\u0103 pentru aceste \u00eent\u00e2rzieri, ci doar \u201eni\u0219te chestii de lips\u0103 timp \u0219i de context pentru convocarea comisiilor\u201d.<\/p>\n\n\n\n<blockquote class=\"wp-block-quote is-layout-flow wp-block-quote-is-layout-flow\">\n<p>Este clar o \u00eent\u00e2rziere, o am\u00e2nare. Sper\u0103m s\u0103 se schimbe \u0219i a\u0219tept\u0103m veste de la o zi la alta. Exist\u0103 o speran\u021b\u0103 pentru \u00eentrunirea comisiei de mediu mar\u021bea viitoare. Sau a celor dou\u0103, mediu \u0219i agricultur\u0103 reunite, nu \u0219tim \u00eenc\u0103.<\/p>\n<\/blockquote>\n\n\n\n<p>\u00cen acela\u0219i timp, Daniel S\u0103rdan sus\u021bine c\u0103 <em>\u201efiecare lun\u0103 conteaz\u0103\u201d<\/em>, \u00eentruc\u00e2t p\u0103durile din jurul Ilfovului sunt m\u0103cel\u0103rite prin defri\u0219\u0103ri legale, cu scop comercial.<\/p>\n\n\n\n<p>\u201eFiecare lun\u0103 conteaz\u0103 pentru noi. Sunt parcele de p\u0103dure care sunt t\u0103iate, legal ce e drept, dar se pierd stejari seculari, arbori remarcabili, peisaje extraordinare. Se modific\u0103 de la o zi la alta, nu \u00eentr-un mod favorabil. Legea ar schimba asta.<\/p>\n\n\n\n<p>Nu \u00eemi dau seama dac\u0103 este vorba de o accelerare a acestor t\u0103ieri. \u00cemi imaginez c\u0103 unii agen\u021bi economici care au licitat deja sau, m\u0103 rog, amenajamente silvice care sunt deja pe rol \u00ee\u0219i fac efectul \u0219i probabil \u00eencearc\u0103 s\u0103 fie implementate \u00eenainte de apari\u021bia legii.<\/p>\n\n\n\n<p>Din p\u0103cate, noi pierdem ace\u0219ti arbori remarcabili \u0219i aceste parcele, a\u0219a cum sunt denumite ele \u00een limbaj silvic, care au un aspect \u0219i un rol deosebit pentru via\u021ba de l\u00e2ng\u0103 Bucure\u0219ti\u201d, a avertizat Daniel S\u0103rdan.<\/p>\n\n\n\n<figure class=\"wp-block-gallery has-nested-images columns-default is-cropped wp-block-gallery-1 is-layout-flex wp-block-gallery-is-layout-flex\">\n<figure class=\"wp-block-image size-large\"><img decoding=\"async\" width=\"675\" height=\"900\" data-id=\"103734\" src=\"data:image\/gif;base64,R0lGODlhAQABAAAAACH5BAEKAAEALAAAAAABAAEAAAICTAEAOw==\" data-src=\"https:\/\/buletin.de\/bucuresti\/wp-content\/uploads\/Stejar-Codrii-Vlasiei-1-675x900.jpg\" alt=\"\" class=\"wp-image-103734 lazyload\" data-sizes=\"auto\" data-srcset=\"https:\/\/buletin.de\/bucuresti\/wp-content\/uploads\/Stejar-Codrii-Vlasiei-1-675x900.jpg 675w, https:\/\/buletin.de\/bucuresti\/wp-content\/uploads\/Stejar-Codrii-Vlasiei-1-225x300.jpg 225w, https:\/\/buletin.de\/bucuresti\/wp-content\/uploads\/Stejar-Codrii-Vlasiei-1-768x1024.jpg 768w, https:\/\/buletin.de\/bucuresti\/wp-content\/uploads\/Stejar-Codrii-Vlasiei-1-1152x1536.jpg 1152w, https:\/\/buletin.de\/bucuresti\/wp-content\/uploads\/Stejar-Codrii-Vlasiei-1-1100x1467.jpg 1100w, https:\/\/buletin.de\/bucuresti\/wp-content\/uploads\/Stejar-Codrii-Vlasiei-1-600x800.jpg 600w, https:\/\/buletin.de\/bucuresti\/wp-content\/uploads\/Stejar-Codrii-Vlasiei-1-20x27.jpg 20w, https:\/\/buletin.de\/bucuresti\/wp-content\/uploads\/Stejar-Codrii-Vlasiei-1.jpg 1536w\" sizes=\"(max-width: 675px) 100vw, 675px\" \/><\/figure>\n\n\n\n<figure class=\"wp-block-image size-large\"><img loading=\"lazy\" decoding=\"async\" width=\"675\" height=\"900\" data-id=\"103732\" src=\"data:image\/gif;base64,R0lGODlhAQABAAAAACH5BAEKAAEALAAAAAABAAEAAAICTAEAOw==\" data-src=\"https:\/\/buletin.de\/bucuresti\/wp-content\/uploads\/Copaci-Codrii-Vlasiei-1-675x900.jpg\" alt=\"\" class=\"wp-image-103732 lazyload\" data-sizes=\"auto\" data-srcset=\"https:\/\/buletin.de\/bucuresti\/wp-content\/uploads\/Copaci-Codrii-Vlasiei-1-675x900.jpg 675w, https:\/\/buletin.de\/bucuresti\/wp-content\/uploads\/Copaci-Codrii-Vlasiei-1-225x300.jpg 225w, https:\/\/buletin.de\/bucuresti\/wp-content\/uploads\/Copaci-Codrii-Vlasiei-1-768x1024.jpg 768w, https:\/\/buletin.de\/bucuresti\/wp-content\/uploads\/Copaci-Codrii-Vlasiei-1-1152x1536.jpg 1152w, https:\/\/buletin.de\/bucuresti\/wp-content\/uploads\/Copaci-Codrii-Vlasiei-1-1100x1467.jpg 1100w, https:\/\/buletin.de\/bucuresti\/wp-content\/uploads\/Copaci-Codrii-Vlasiei-1-600x800.jpg 600w, https:\/\/buletin.de\/bucuresti\/wp-content\/uploads\/Copaci-Codrii-Vlasiei-1-20x27.jpg 20w, https:\/\/buletin.de\/bucuresti\/wp-content\/uploads\/Copaci-Codrii-Vlasiei-1.jpg 1536w\" sizes=\"(max-width: 675px) 100vw, 675px\" \/><\/figure>\n\n\n\n<figure class=\"wp-block-image size-large\"><img loading=\"lazy\" decoding=\"async\" width=\"900\" height=\"675\" data-id=\"103733\" src=\"data:image\/gif;base64,R0lGODlhAQABAAAAACH5BAEKAAEALAAAAAABAAEAAAICTAEAOw==\" data-src=\"https:\/\/buletin.de\/bucuresti\/wp-content\/uploads\/Copac-Daniel-1-1-900x675.jpg\" alt=\"\" class=\"wp-image-103733 lazyload\" data-sizes=\"auto\" data-srcset=\"https:\/\/buletin.de\/bucuresti\/wp-content\/uploads\/Copac-Daniel-1-1-900x675.jpg 900w, https:\/\/buletin.de\/bucuresti\/wp-content\/uploads\/Copac-Daniel-1-1-300x225.jpg 300w, https:\/\/buletin.de\/bucuresti\/wp-content\/uploads\/Copac-Daniel-1-1-768x576.jpg 768w, https:\/\/buletin.de\/bucuresti\/wp-content\/uploads\/Copac-Daniel-1-1-1536x1152.jpg 1536w, https:\/\/buletin.de\/bucuresti\/wp-content\/uploads\/Copac-Daniel-1-1-1600x1200.jpg 1600w, https:\/\/buletin.de\/bucuresti\/wp-content\/uploads\/Copac-Daniel-1-1-1100x825.jpg 1100w, https:\/\/buletin.de\/bucuresti\/wp-content\/uploads\/Copac-Daniel-1-1-600x450.jpg 600w, https:\/\/buletin.de\/bucuresti\/wp-content\/uploads\/Copac-Daniel-1-1-20x15.jpg 20w, https:\/\/buletin.de\/bucuresti\/wp-content\/uploads\/Copac-Daniel-1-1.jpg 2048w\" sizes=\"(max-width: 900px) 100vw, 900px\" \/><\/figure>\n<figcaption class=\"blocks-gallery-caption wp-element-caption\">FOTO: FB\/ Daniel S\u0103rdan<\/figcaption><\/figure>\n\n\n\n<p><strong>CITE\u0218TE \u0218I:<\/strong> <strong><a href=\"https:\/\/buletin.de\/bucuresti\/centura-verde-bucuresti-ilfov-cu-un-pas-mai-aproape-sa-devina-realitate\/\">Centura Verde Bucure\u0219ti-Ilfov a trecut de Senat<\/a><\/strong><\/p>\n\n\n\n<h2 class=\"wp-block-heading\" id=\"h-ce-presupun-amendamentele-sus\u021binute-de-platforma-civica-\u0219i-care-ar-ajuta-centura-verde-bucure\u0219ti-ilfov\">Ce presupun amendamentele sus\u021binute de platforma civic\u0103 \u0219i care ar ajuta Centura Verde Bucure\u0219ti-Ilfov<\/h2>\n\n\n\n<ul class=\"wp-block-list\">\n<li>Protejarea p\u0103durilor existente din jurul Capitalei prin reglementarea lucr\u0103rilor permise;<\/li>\n\n\n\n<li>Sanc\u021biuni cuprinse \u00eentre 2 \u0219i 7 ani pentru \u00eenc\u0103lcarea anumitor prevederi legale;<\/li>\n\n\n\n<li>Interzicerea exploat\u0103rii comerciale;<\/li>\n\n\n\n<li>Obliga\u021bia autorit\u0103\u021bilor competente de a implementa m\u0103surile preconizate, printre care \u0219i adoptarea unui Plan de Management al P\u0103durilor \u00een termen de doi ani de la data intr\u0103rii \u00een vigoare a legii.<\/li>\n<\/ul>\n\n\n\n<p>Pe l\u00e2ng\u0103 ocrotirea p\u0103durilor,&nbsp;<a href=\"https:\/\/centuraverde.ro\/\">Platforma Civic\u0103 \u00cempreun\u0103 pentru Centura Verde<\/a>&nbsp;sus\u021bine alte dou\u0103 amendamente: primul se refer\u0103 la accesul liber \u00een p\u0103dure, pentru recreere, \u00een timp ce al doilea vizeaz\u0103 includerea arborilor remarcabili \u00een Fondul Forestier Na\u021bional \u0219i asigurarea conserv\u0103rii lor.<\/p>\n\n\n\n<h4 class=\"wp-block-heading\" id=\"h-la-momentul-actual-masurile-propuse-sunt-sus\u021binute-de-peste-12-000-de-semnatari-ai-nbsp-peti\u021biei-online-nbsp-in-acest-sens\"><mark style=\"background-color:rgba(0, 0, 0, 0)\" class=\"has-inline-color has-vivid-red-color\">La momentul actual, m\u0103surile propuse sunt sus\u021binute de peste 12.000 de semnatari ai&nbsp;<a href=\"https:\/\/campaniamea.declic.ro\/petitions\/impreuna-pentru-centura-verde-bucuresti-ilfov\">peti\u021biei online<\/a>&nbsp;\u00een acest sens.<\/mark><\/h4>\n\n\n\n<figure class=\"wp-block-image size-full\"><img loading=\"lazy\" decoding=\"async\" width=\"768\" height=\"512\" src=\"data:image\/gif;base64,R0lGODlhAQABAAAAACH5BAEKAAEALAAAAAABAAEAAAICTAEAOw==\" data-src=\"https:\/\/buletin.de\/bucuresti\/wp-content\/uploads\/13.-Padure-in-Centura-Verde_foto_-Alex-Gavan-centuraverde.ro-.jpg-768x512-1.jpg\" alt=\"\" class=\"wp-image-103735 lazyload\" data-sizes=\"auto\" data-srcset=\"https:\/\/buletin.de\/bucuresti\/wp-content\/uploads\/13.-Padure-in-Centura-Verde_foto_-Alex-Gavan-centuraverde.ro-.jpg-768x512-1.jpg 768w, https:\/\/buletin.de\/bucuresti\/wp-content\/uploads\/13.-Padure-in-Centura-Verde_foto_-Alex-Gavan-centuraverde.ro-.jpg-768x512-1-300x200.jpg 300w, https:\/\/buletin.de\/bucuresti\/wp-content\/uploads\/13.-Padure-in-Centura-Verde_foto_-Alex-Gavan-centuraverde.ro-.jpg-768x512-1-600x400.jpg 600w, https:\/\/buletin.de\/bucuresti\/wp-content\/uploads\/13.-Padure-in-Centura-Verde_foto_-Alex-Gavan-centuraverde.ro-.jpg-768x512-1-20x13.jpg 20w\" sizes=\"(max-width: 768px) 100vw, 768px\" \/><figcaption class=\"wp-element-caption\">FOTO: centuraverde.ro<\/figcaption><\/figure>\n\n\n\n<h2 class=\"wp-block-heading\" id=\"h-codul-silvic-intarziat-din-cauza-observa\u021biilor-numeroase\">Codul Silvic, \u00eent\u00e2rziat din cauza \u201eobserva\u021biilor\u201d numeroase<\/h2>\n\n\n\n<p>Buletin de Bucure\u0219ti a luat leg\u0103tura \u0219i cu pre\u0219edintele Camerei Deputa\u021bilor, Vasile Daniel Suciu (PSD), care a transmis c\u0103 noul Cod Silvic nu a fost \u00eenc\u0103 adoptat din cauza unui num\u0103r foarte mare de \u201eobserva\u021bii venite din pia\u021b\u0103\u201d, inclusiv din partea ONG-urilor.<\/p>\n\n\n\n<blockquote class=\"wp-block-quote is-layout-flow wp-block-quote-is-layout-flow\">\n<p>Codul Silvic \u00eenc\u0103 este \u00een dezbatere parlamentar\u0103. Este discu\u021bia despre raport, despre observa\u021biile consiliului legislativ, despre propunerile ministerului de resort, despre observa\u021biile ONG-urilor. Este un proiect foarte important \u0219i p\u00e2n\u0103 nu avem toate opiniile exprimate, nu ne gr\u0103bim.<\/p>\n<\/blockquote>\n\n\n\n<h2 class=\"wp-block-heading\" id=\"h-intalnire-de-lucru-in-padurea-balote\u0219ti\">\u00cent\u00e2lnire de lucru \u00een P\u0103durea Balote\u0219ti<\/h2>\n\n\n\n<p>\u00centre timp, grupul de lucru care dore\u0219te implementarea planului opera\u021bional Centura Verde Bucure\u0219ti \u2013 Ilfov a s-a \u00eent\u00e2lnit luni, 21 octombrie, \u00een poiana \u201eLa Sanctuar\u201d din inima p\u0103durii Balote\u0219ti, pe malul apei Vl\u0103siei.<\/p>\n\n\n\n<p>Au participat at\u00e2t reprezentan\u021bi ai autorit\u0103\u021bilor, c\u00e2t \u0219i membri ai Platformei Civice \u00cempreun\u0103 pentru Centura Verde.<\/p>\n\n\n\n<figure class=\"wp-block-image size-large\"><img loading=\"lazy\" decoding=\"async\" width=\"900\" height=\"506\" src=\"data:image\/gif;base64,R0lGODlhAQABAAAAACH5BAEKAAEALAAAAAABAAEAAAICTAEAOw==\" data-src=\"https:\/\/buletin.de\/bucuresti\/wp-content\/uploads\/WhatsApp-Image-2024-10-22-at-19.32.38_3d238f5c-900x506.jpg\" alt=\"\" class=\"wp-image-103420 lazyload\" data-sizes=\"auto\" data-srcset=\"https:\/\/buletin.de\/bucuresti\/wp-content\/uploads\/WhatsApp-Image-2024-10-22-at-19.32.38_3d238f5c-900x506.jpg 900w, https:\/\/buletin.de\/bucuresti\/wp-content\/uploads\/WhatsApp-Image-2024-10-22-at-19.32.38_3d238f5c-300x169.jpg 300w, https:\/\/buletin.de\/bucuresti\/wp-content\/uploads\/WhatsApp-Image-2024-10-22-at-19.32.38_3d238f5c-768x432.jpg 768w, https:\/\/buletin.de\/bucuresti\/wp-content\/uploads\/WhatsApp-Image-2024-10-22-at-19.32.38_3d238f5c-1536x863.jpg 1536w, https:\/\/buletin.de\/bucuresti\/wp-content\/uploads\/WhatsApp-Image-2024-10-22-at-19.32.38_3d238f5c-1600x899.jpg 1600w, https:\/\/buletin.de\/bucuresti\/wp-content\/uploads\/WhatsApp-Image-2024-10-22-at-19.32.38_3d238f5c-1100x618.jpg 1100w, https:\/\/buletin.de\/bucuresti\/wp-content\/uploads\/WhatsApp-Image-2024-10-22-at-19.32.38_3d238f5c-600x337.jpg 600w, https:\/\/buletin.de\/bucuresti\/wp-content\/uploads\/WhatsApp-Image-2024-10-22-at-19.32.38_3d238f5c-20x11.jpg 20w, https:\/\/buletin.de\/bucuresti\/wp-content\/uploads\/WhatsApp-Image-2024-10-22-at-19.32.38_3d238f5c.jpg 2000w\" sizes=\"(max-width: 900px) 100vw, 900px\" \/><figcaption class=\"wp-element-caption\">Foto: centuraverde.ro<\/figcaption><\/figure>\n\n\n\n<p><em>\u201eAm vorbit pentru prima oar\u0103 public \u00een 2017 despre visul de a realiza o centur\u0103 verde a Capitalei dup\u0103 modelul a c\u0103rei eficien\u021b\u0103 a fost deja dovedit\u0103 la nivel interna\u021bional. <\/em><\/p>\n\n\n\n<p><em>\u00cen aprilie 2023 am lansat oficial Platforma Civic\u0103 \u00cempreun\u0103 pentru Centura Verde, demers apolitic. \u0218i iat\u0103 c\u0103 acum, cu consens politic \u0219i asumare administrativ\u0103, ne apuc\u0103m de treab\u0103<\/em>\u201d a transmis Alex G\u0103van, fondator Platforma Civic\u0103 \u00cempreun\u0103 pentru Centura Verde, printr-un comunicat de pres\u0103.<\/p>\n\n\n\n<figure class=\"wp-block-image size-large\"><img loading=\"lazy\" decoding=\"async\" width=\"900\" height=\"600\" src=\"data:image\/gif;base64,R0lGODlhAQABAAAAACH5BAEKAAEALAAAAAABAAEAAAICTAEAOw==\" data-src=\"https:\/\/buletin.de\/bucuresti\/wp-content\/uploads\/11.-Taieri-de-padure-in-Corbeanca-martie-2024_foto_-Alex-Gavan-_-centuraverde.ro_-1600x1067-1-900x600.jpg\" alt=\"\" class=\"wp-image-103736 lazyload\" data-sizes=\"auto\" data-srcset=\"https:\/\/buletin.de\/bucuresti\/wp-content\/uploads\/11.-Taieri-de-padure-in-Corbeanca-martie-2024_foto_-Alex-Gavan-_-centuraverde.ro_-1600x1067-1-900x600.jpg 900w, https:\/\/buletin.de\/bucuresti\/wp-content\/uploads\/11.-Taieri-de-padure-in-Corbeanca-martie-2024_foto_-Alex-Gavan-_-centuraverde.ro_-1600x1067-1-300x200.jpg 300w, https:\/\/buletin.de\/bucuresti\/wp-content\/uploads\/11.-Taieri-de-padure-in-Corbeanca-martie-2024_foto_-Alex-Gavan-_-centuraverde.ro_-1600x1067-1-768x512.jpg 768w, https:\/\/buletin.de\/bucuresti\/wp-content\/uploads\/11.-Taieri-de-padure-in-Corbeanca-martie-2024_foto_-Alex-Gavan-_-centuraverde.ro_-1600x1067-1-1536x1024.jpg 1536w, https:\/\/buletin.de\/bucuresti\/wp-content\/uploads\/11.-Taieri-de-padure-in-Corbeanca-martie-2024_foto_-Alex-Gavan-_-centuraverde.ro_-1600x1067-1-1100x734.jpg 1100w, https:\/\/buletin.de\/bucuresti\/wp-content\/uploads\/11.-Taieri-de-padure-in-Corbeanca-martie-2024_foto_-Alex-Gavan-_-centuraverde.ro_-1600x1067-1-600x400.jpg 600w, https:\/\/buletin.de\/bucuresti\/wp-content\/uploads\/11.-Taieri-de-padure-in-Corbeanca-martie-2024_foto_-Alex-Gavan-_-centuraverde.ro_-1600x1067-1-20x13.jpg 20w, https:\/\/buletin.de\/bucuresti\/wp-content\/uploads\/11.-Taieri-de-padure-in-Corbeanca-martie-2024_foto_-Alex-Gavan-_-centuraverde.ro_-1600x1067-1.jpg 1600w\" sizes=\"(max-width: 900px) 100vw, 900px\" \/><figcaption class=\"wp-element-caption\">Foto: centuraverde.ro<\/figcaption><\/figure>\n\n\n\n<h2 class=\"wp-block-heading\" id=\"h-o-intalnire-a-comisiei-de-mediu-pentru-centura-verde-bucure\u0219ti-ilfov-amanata\">O \u00eent\u00e2lnire a Comisiei de Mediu, pentru Centura Verde Bucure\u0219ti-Ilfov, am\u00e2nat\u0103 <\/h2>\n\n\n\n<p>Adoptarea unei legi pentru protec\u021bia p\u0103durilor din jurul Capitalei reprezint\u0103 doar prima etap\u0103 \u00een crearea Centurii Verzi Bucure\u0219ti, a explicat \u0219i Florin Stoican, cofondator al proiectului \u0219i pre\u0219edinte al Re\u021belei pentru Natur\u0103 Urban\u0103, pentru Buletin de Bucure\u0219ti.<\/p>\n\n\n\n<p>\u201ePasul urm\u0103tor este \u00eenceperea discu\u021biilor tehnice pentru implementarea efectiv\u0103 a Centurii Verzi, except\u00e2nd aceast\u0103 partea de protec\u021bie a p\u0103durilor existente.<\/p>\n\n\n\n<blockquote class=\"wp-block-quote is-layout-flow wp-block-quote-is-layout-flow\">\n<p>Pentru c\u0103 p\u0103durile existente nu \u00eenseamn\u0103 o centur\u0103 verde. \u00censeamn\u0103 ni\u0219te buc\u0103\u021bi de p\u0103duri care au mai r\u0103mas \u0219i care ar trebui unite prin culoare ecologice.<\/p>\n<\/blockquote>\n\n\n\n<p><br>\u0218i asta ar \u00eensemna identificare de terenuri pentru plantare, de culoare ecologice care s\u0103 lege, de partea de ape, pentru c\u0103 nu e vorba doar de centur\u0103 de p\u0103dure, e vorba \u0219i de lacuri, \u0219i de r\u00e2uri, \u0219i de zone umede, \u0219i chiar zone de terenuri abandonate sau terenuri virane sau cultivate, care s-ar preta fie s\u0103 le la\u0219i a\u0219a \u0219i s\u0103 asigure o continuitate \u00eentre trupurile astea de p\u0103dure \u0219i cea mai r\u0103mas verde, fie s\u0103 le \u00eemp\u0103dure\u0219ti sau s\u0103 le g\u0103se\u0219ti o func\u021bionalitate care s\u0103 asigure conectivitatea lor\u201d, a declarat expertul \u00een geologie \u0219i conservarea biodiversit\u0103\u021bii.<\/p>\n\n\n\n<figure class=\"wp-block-gallery has-nested-images columns-default is-cropped wp-block-gallery-2 is-layout-flex wp-block-gallery-is-layout-flex\">\n<figure class=\"wp-block-image size-large\"><img loading=\"lazy\" decoding=\"async\" width=\"900\" height=\"506\" data-id=\"103738\" src=\"data:image\/gif;base64,R0lGODlhAQABAAAAACH5BAEKAAEALAAAAAABAAEAAAICTAEAOw==\" data-src=\"https:\/\/buletin.de\/bucuresti\/wp-content\/uploads\/WhatsApp-Image-2024-10-22-at-19.32.38_1bc244f8-900x506.jpg\" alt=\"\" class=\"wp-image-103738 lazyload\" data-sizes=\"auto\" data-srcset=\"https:\/\/buletin.de\/bucuresti\/wp-content\/uploads\/WhatsApp-Image-2024-10-22-at-19.32.38_1bc244f8-900x506.jpg 900w, https:\/\/buletin.de\/bucuresti\/wp-content\/uploads\/WhatsApp-Image-2024-10-22-at-19.32.38_1bc244f8-300x169.jpg 300w, https:\/\/buletin.de\/bucuresti\/wp-content\/uploads\/WhatsApp-Image-2024-10-22-at-19.32.38_1bc244f8-768x432.jpg 768w, https:\/\/buletin.de\/bucuresti\/wp-content\/uploads\/WhatsApp-Image-2024-10-22-at-19.32.38_1bc244f8-1536x864.jpg 1536w, https:\/\/buletin.de\/bucuresti\/wp-content\/uploads\/WhatsApp-Image-2024-10-22-at-19.32.38_1bc244f8-1600x900.jpg 1600w, https:\/\/buletin.de\/bucuresti\/wp-content\/uploads\/WhatsApp-Image-2024-10-22-at-19.32.38_1bc244f8-1100x619.jpg 1100w, https:\/\/buletin.de\/bucuresti\/wp-content\/uploads\/WhatsApp-Image-2024-10-22-at-19.32.38_1bc244f8-600x338.jpg 600w, https:\/\/buletin.de\/bucuresti\/wp-content\/uploads\/WhatsApp-Image-2024-10-22-at-19.32.38_1bc244f8-20x11.jpg 20w, https:\/\/buletin.de\/bucuresti\/wp-content\/uploads\/WhatsApp-Image-2024-10-22-at-19.32.38_1bc244f8.jpg 2000w\" sizes=\"(max-width: 900px) 100vw, 900px\" \/><\/figure>\n\n\n\n<figure class=\"wp-block-image size-large\"><img loading=\"lazy\" decoding=\"async\" width=\"900\" height=\"506\" data-id=\"103739\" src=\"data:image\/gif;base64,R0lGODlhAQABAAAAACH5BAEKAAEALAAAAAABAAEAAAICTAEAOw==\" data-src=\"https:\/\/buletin.de\/bucuresti\/wp-content\/uploads\/WhatsApp-Image-2024-10-22-at-19.32.38_8d022bb3-900x506.jpg\" alt=\"\" class=\"wp-image-103739 lazyload\" data-sizes=\"auto\" data-srcset=\"https:\/\/buletin.de\/bucuresti\/wp-content\/uploads\/WhatsApp-Image-2024-10-22-at-19.32.38_8d022bb3-900x506.jpg 900w, https:\/\/buletin.de\/bucuresti\/wp-content\/uploads\/WhatsApp-Image-2024-10-22-at-19.32.38_8d022bb3-300x169.jpg 300w, https:\/\/buletin.de\/bucuresti\/wp-content\/uploads\/WhatsApp-Image-2024-10-22-at-19.32.38_8d022bb3-768x432.jpg 768w, https:\/\/buletin.de\/bucuresti\/wp-content\/uploads\/WhatsApp-Image-2024-10-22-at-19.32.38_8d022bb3-1536x864.jpg 1536w, https:\/\/buletin.de\/bucuresti\/wp-content\/uploads\/WhatsApp-Image-2024-10-22-at-19.32.38_8d022bb3-1600x900.jpg 1600w, https:\/\/buletin.de\/bucuresti\/wp-content\/uploads\/WhatsApp-Image-2024-10-22-at-19.32.38_8d022bb3-1100x619.jpg 1100w, https:\/\/buletin.de\/bucuresti\/wp-content\/uploads\/WhatsApp-Image-2024-10-22-at-19.32.38_8d022bb3-600x338.jpg 600w, https:\/\/buletin.de\/bucuresti\/wp-content\/uploads\/WhatsApp-Image-2024-10-22-at-19.32.38_8d022bb3-20x11.jpg 20w, https:\/\/buletin.de\/bucuresti\/wp-content\/uploads\/WhatsApp-Image-2024-10-22-at-19.32.38_8d022bb3.jpg 2000w\" sizes=\"(max-width: 900px) 100vw, 900px\" \/><\/figure>\n<figcaption class=\"blocks-gallery-caption wp-element-caption\">Foto: centuraverde.ro<\/figcaption><\/figure>\n\n\n\n<p>Florin Stoican a men\u021bionat cum au mai existat speran\u021be c\u0103 se va \u00eentruni comisia de mediu, \u00eens\u0103 data a continuat s\u0103 fie am\u00e2nat\u0103. Totu\u0219i, p\u00e2n\u0103 la promulgarea legii, reprezentan\u021bii Platformei Civice \u00ee\u0219i propun s\u0103 g\u0103seasc\u0103 solu\u021biile tehnice necesare, printr-un grup de lucru cu speciali\u0219ti at\u00e2t din partea societ\u0103\u021bii civile, c\u00e2t \u0219i din partea autorit\u0103\u021bilor.<\/p>\n\n\n\n<blockquote class=\"wp-block-quote is-layout-flow wp-block-quote-is-layout-flow\">\n<p>\u00cempreun\u0103 s\u0103 ne apuc\u0103m s\u0103 facem Masterplanul Centurii Verzi, cum l-am numit noi, prin care s\u0103 g\u0103sim solu\u021biile tehnice pentru ca proiectul s\u0103 fie pus \u00een practic\u0103. Pentru c\u0103 o promisiune politic\u0103 \u0219i chiar o lege aprobat\u0103 \u00een Parlament nu \u00eenseamn\u0103 nimic dac\u0103 nu ne apuc\u0103m s\u0103 o \u0219i punem \u00een practic\u0103. <\/p>\n<\/blockquote>\n\n\n\n<p>Demersul este sus\u021binut oficial, prin semnarea <strong><a href=\"https:\/\/drive.google.com\/file\/d\/1BoHEKoht1bsak-ZFWIpsfm7-GK7zdjQb\/view\">\u201eMemorandumului pentru Aer Curat, S\u0103n\u0103tate \u0219i Viitor\u201d<\/a><\/strong>, de urm\u0103torii politicieni:<\/p>\n\n\n\n<ul class=\"wp-block-list\">\n<li>Nicu\u0219or Dan \u2013 primarul general al Capitalei<\/li>\n\n\n\n<li>Drago\u0219 P\u00eeslaru \u0219i Ramona Strugariu \u2013 copre\u0219edin\u021bii REPER<\/li>\n\n\n\n<li>Kelemen Hunor \u2013 pre\u0219edintele UDMR<\/li>\n\n\n\n<li>C\u0103t\u0103lin Drul\u0103 \u2013 fostul pre\u0219edinte al USR<\/li>\n\n\n\n<li>Nicolae Ciuc\u0103 \u2013 pre\u0219edintele PNL \u0219i Pre\u0219edinte al Senatului<\/li>\n\n\n\n<li>Hubert Thuma \u2013 pre\u0219edintele Consiliului Jude\u021bean Ilfov<\/li>\n\n\n\n<li>Mircea Fechet \u2013 ministrul Mediului<\/li>\n\n\n\n<li>Marcel Ciolacu \u2013 pre\u0219edintele PSD \u0219i prim-ministru<\/li>\n\n\n\n<li>Alfred Simonis &#8211; fost pre\u0219edinte interimar al Camerei Deputa\u021bilor<\/li>\n<\/ul>\n\n\n\n<p><strong>CITE\u0218TE \u0218I: <a href=\"https:\/\/buletin.de\/bucuresti\/interviu-de-la-lemne-de-foc-la-centura-verde-pentru-sanatatea-bucurestenilor-cum-va-arata-o-padure-pentru-oameni\/\">INTERVIU | De la lemne de foc, la Centur\u0103 Verde pentru s\u0103n\u0103tatea bucure\u0219tenilor. Cum va ar\u0103ta \u201eo p\u0103dure pentru oameni\u201d?<\/a><\/strong><\/p>\n\n\n\n<p><\/p>\n","protected":false},"excerpt":{"rendered":"<p>Proiectul de lege pentru Centura Verde Bucure\u0219ti-Ilfov a fost \u00eenaintat ini\u021bial c\u0103tre Parlament \u00een data de 12 aprilie 2023, \u00eens\u0103 a r\u0103mas blocat la ultima comisie din Camera Deputa\u021bilor, cea pentru \u201eagricultur\u0103, silvicultur\u0103, industrie alimentar\u0103 \u0219i servicii specifice\u201d. Un an mai t\u00e2rziu, prevederile sale au fost depuse \u0219i ca amendamente la noul Cod Silvic, jalon [&hellip;]<\/p>\n","protected":false},"author":55,"featured_media":103730,"comment_status":"closed","ping_status":"open","sticky":false,"template":"","format":"standard","meta":{"_acf_changed":false,"inline_featured_image":false,"ngg_post_thumbnail":0,"footnotes":""},"categories":[6994,5762,109],"tags":[4765,16244,12294,11167,11170,11201],"ppma_author":[22573],"class_list":["post-103414","post","type-post","status-publish","format-standard","has-post-thumbnail","hentry","category-stiri-2","category-main","category-mediu","tag-camera-deputatilor","tag-centura-verde-blocaj","tag-centura-verde-bucuresti-ilfov-2","tag-noul-cod-silvic","tag-platforma-civica-impreuna-pentru-centura-verde","tag-protejarea-padurilor"],"acf":[],"yoast_head":"<!-- This site is optimized with the Yoast SEO Premium plugin v25.3 (Yoast SEO v27.4) - https:\/\/yoast.com\/product\/yoast-seo-premium-wordpress\/ -->\n<title>Centura Verde Bucure\u0219ti-Ilfov. Unde s-a blocat proiectul pentru protejarea p\u0103durilor din jurul Capitalei - Buletin de Bucure\u0219ti<\/title>\n<meta name=\"description\" content=\"Proiectul de lege pentru Centura Verde Bucure\u0219ti-Ilfov a fost \u00eenaintat ini\u021bial c\u0103tre Parlament \u00een data de 12 aprilie 2023.\" \/>\n<meta name=\"robots\" content=\"index, follow, max-snippet:-1, max-image-preview:large, max-video-preview:-1\" \/>\n<link rel=\"canonical\" href=\"https:\/\/buletin.de\/bucuresti\/centura-verde-bucuresti-ilfov-unde-s-a-blocat-proiectul-pentru-protejarea-padurilor-din-jurul-capitalei\/\" \/>\n<meta property=\"og:locale\" content=\"en_GB\" \/>\n<meta property=\"og:type\" content=\"article\" \/>\n<meta property=\"og:title\" content=\"Centura Verde Bucure\u0219ti-Ilfov. Unde s-a blocat proiectul pentru protejarea p\u0103durilor din jurul Capitalei\" \/>\n<meta property=\"og:description\" content=\"Proiectul de lege pentru Centura Verde Bucure\u0219ti-Ilfov a fost \u00eenaintat ini\u021bial c\u0103tre Parlament \u00een data de 12 aprilie 2023.\" \/>\n<meta property=\"og:url\" content=\"https:\/\/buletin.de\/bucuresti\/centura-verde-bucuresti-ilfov-unde-s-a-blocat-proiectul-pentru-protejarea-padurilor-din-jurul-capitalei\/\" \/>\n<meta property=\"og:site_name\" content=\"Buletin de Bucure\u0219ti\" \/>\n<meta property=\"article:publisher\" content=\"https:\/\/www.facebook.com\/buletin.de.buc\" \/>\n<meta property=\"article:published_time\" content=\"2024-10-25T04:00:00+00:00\" \/>\n<meta property=\"article:modified_time\" content=\"2024-10-30T14:10:05+00:00\" \/>\n<meta property=\"og:image\" content=\"https:\/\/buletin.de\/bucuresti\/wp-content\/uploads\/26.-Padure-taiata-in-Centura-Verde_foto_-www.centuraverde.ro-1600x903-1.jpg\" \/>\n\t<meta property=\"og:image:width\" content=\"1600\" \/>\n\t<meta property=\"og:image:height\" content=\"903\" \/>\n\t<meta property=\"og:image:type\" content=\"image\/jpeg\" \/>\n<meta name=\"author\" content=\"Andreea Tudor\" \/>\n<meta name=\"twitter:card\" content=\"summary_large_image\" \/>\n<meta name=\"twitter:label1\" content=\"Written by\" \/>\n\t<meta name=\"twitter:data1\" content=\"Andreea Tudor\" \/>\n\t<meta name=\"twitter:label2\" content=\"Estimated reading time\" \/>\n\t<meta name=\"twitter:data2\" content=\"7 minutes\" \/>\n<script type=\"application\/ld+json\" class=\"yoast-schema-graph\">{\"@context\":\"https:\\\/\\\/schema.org\",\"@graph\":[{\"@type\":\"Article\",\"@id\":\"https:\\\/\\\/buletin.de\\\/bucuresti\\\/centura-verde-bucuresti-ilfov-unde-s-a-blocat-proiectul-pentru-protejarea-padurilor-din-jurul-capitalei\\\/#article\",\"isPartOf\":{\"@id\":\"https:\\\/\\\/buletin.de\\\/bucuresti\\\/centura-verde-bucuresti-ilfov-unde-s-a-blocat-proiectul-pentru-protejarea-padurilor-din-jurul-capitalei\\\/\"},\"author\":{\"name\":\"Andreea Tudor\",\"@id\":\"https:\\\/\\\/buletin.de\\\/bucuresti\\\/#\\\/schema\\\/person\\\/150590659efde715459d159da012f501\"},\"headline\":\"Centura Verde Bucure\u0219ti-Ilfov. Unde s-a blocat proiectul pentru protejarea p\u0103durilor din jurul Capitalei\",\"datePublished\":\"2024-10-25T04:00:00+00:00\",\"dateModified\":\"2024-10-30T14:10:05+00:00\",\"mainEntityOfPage\":{\"@id\":\"https:\\\/\\\/buletin.de\\\/bucuresti\\\/centura-verde-bucuresti-ilfov-unde-s-a-blocat-proiectul-pentru-protejarea-padurilor-din-jurul-capitalei\\\/\"},\"wordCount\":1421,\"publisher\":{\"@id\":\"https:\\\/\\\/buletin.de\\\/bucuresti\\\/#organization\"},\"image\":{\"@id\":\"https:\\\/\\\/buletin.de\\\/bucuresti\\\/centura-verde-bucuresti-ilfov-unde-s-a-blocat-proiectul-pentru-protejarea-padurilor-din-jurul-capitalei\\\/#primaryimage\"},\"thumbnailUrl\":\"https:\\\/\\\/buletin.de\\\/bucuresti\\\/wp-content\\\/uploads\\\/26.-Padure-taiata-in-Centura-Verde_foto_-www.centuraverde.ro-1600x903-1.jpg\",\"keywords\":[\"camera deputatilor\",\"centura verde blocaj\",\"centura verde bucuresti ilfov\",\"noul cod silvic\",\"Platforma Civica Impreuna pentru Centura Verde\",\"protejarea padurilor\"],\"articleSection\":[\"Articole\",\"Main\",\"Mediu\"],\"inLanguage\":\"en-GB\",\"copyrightYear\":\"2024\",\"copyrightHolder\":{\"@id\":\"https:\\\/\\\/buletin.de\\\/bucuresti\\\/#organization\"}},{\"@type\":\"WebPage\",\"@id\":\"https:\\\/\\\/buletin.de\\\/bucuresti\\\/centura-verde-bucuresti-ilfov-unde-s-a-blocat-proiectul-pentru-protejarea-padurilor-din-jurul-capitalei\\\/\",\"url\":\"https:\\\/\\\/buletin.de\\\/bucuresti\\\/centura-verde-bucuresti-ilfov-unde-s-a-blocat-proiectul-pentru-protejarea-padurilor-din-jurul-capitalei\\\/\",\"name\":\"Centura Verde Bucure\u0219ti-Ilfov. Unde s-a blocat proiectul pentru protejarea p\u0103durilor din jurul Capitalei - Buletin de Bucure\u0219ti\",\"isPartOf\":{\"@id\":\"https:\\\/\\\/buletin.de\\\/bucuresti\\\/#website\"},\"primaryImageOfPage\":{\"@id\":\"https:\\\/\\\/buletin.de\\\/bucuresti\\\/centura-verde-bucuresti-ilfov-unde-s-a-blocat-proiectul-pentru-protejarea-padurilor-din-jurul-capitalei\\\/#primaryimage\"},\"image\":{\"@id\":\"https:\\\/\\\/buletin.de\\\/bucuresti\\\/centura-verde-bucuresti-ilfov-unde-s-a-blocat-proiectul-pentru-protejarea-padurilor-din-jurul-capitalei\\\/#primaryimage\"},\"thumbnailUrl\":\"https:\\\/\\\/buletin.de\\\/bucuresti\\\/wp-content\\\/uploads\\\/26.-Padure-taiata-in-Centura-Verde_foto_-www.centuraverde.ro-1600x903-1.jpg\",\"datePublished\":\"2024-10-25T04:00:00+00:00\",\"dateModified\":\"2024-10-30T14:10:05+00:00\",\"description\":\"Proiectul de lege pentru Centura Verde Bucure\u0219ti-Ilfov a fost \u00eenaintat ini\u021bial c\u0103tre Parlament \u00een data de 12 aprilie 2023.\",\"breadcrumb\":{\"@id\":\"https:\\\/\\\/buletin.de\\\/bucuresti\\\/centura-verde-bucuresti-ilfov-unde-s-a-blocat-proiectul-pentru-protejarea-padurilor-din-jurul-capitalei\\\/#breadcrumb\"},\"inLanguage\":\"en-GB\",\"potentialAction\":[{\"@type\":\"ReadAction\",\"target\":[\"https:\\\/\\\/buletin.de\\\/bucuresti\\\/centura-verde-bucuresti-ilfov-unde-s-a-blocat-proiectul-pentru-protejarea-padurilor-din-jurul-capitalei\\\/\"]}]},{\"@type\":\"ImageObject\",\"inLanguage\":\"en-GB\",\"@id\":\"https:\\\/\\\/buletin.de\\\/bucuresti\\\/centura-verde-bucuresti-ilfov-unde-s-a-blocat-proiectul-pentru-protejarea-padurilor-din-jurul-capitalei\\\/#primaryimage\",\"url\":\"https:\\\/\\\/buletin.de\\\/bucuresti\\\/wp-content\\\/uploads\\\/26.-Padure-taiata-in-Centura-Verde_foto_-www.centuraverde.ro-1600x903-1.jpg\",\"contentUrl\":\"https:\\\/\\\/buletin.de\\\/bucuresti\\\/wp-content\\\/uploads\\\/26.-Padure-taiata-in-Centura-Verde_foto_-www.centuraverde.ro-1600x903-1.jpg\",\"width\":1600,\"height\":903,\"caption\":\"Centura Verde Bucure\u0219ti-Ilfov. Unde s-a blocat proiectul pentru protejarea p\u0103durilor din jurul Capitalei. Foto: www.centuraverde.ro\"},{\"@type\":\"BreadcrumbList\",\"@id\":\"https:\\\/\\\/buletin.de\\\/bucuresti\\\/centura-verde-bucuresti-ilfov-unde-s-a-blocat-proiectul-pentru-protejarea-padurilor-din-jurul-capitalei\\\/#breadcrumb\",\"itemListElement\":[{\"@type\":\"ListItem\",\"position\":1,\"name\":\"Acas\u0103\",\"item\":\"https:\\\/\\\/buletin.de\\\/bucuresti\\\/\"},{\"@type\":\"ListItem\",\"position\":2,\"name\":\"Centura Verde Bucure\u0219ti-Ilfov. Unde s-a blocat proiectul pentru protejarea p\u0103durilor din jurul Capitalei\"}]},{\"@type\":\"WebSite\",\"@id\":\"https:\\\/\\\/buletin.de\\\/bucuresti\\\/#website\",\"url\":\"https:\\\/\\\/buletin.de\\\/bucuresti\\\/\",\"name\":\"Buletin de Bucure\u0219ti\",\"description\":\"\u0218tiri \u0219i investiga\u021bii esen\u021biale din capital\u0103\",\"publisher\":{\"@id\":\"https:\\\/\\\/buletin.de\\\/bucuresti\\\/#organization\"},\"potentialAction\":[{\"@type\":\"SearchAction\",\"target\":{\"@type\":\"EntryPoint\",\"urlTemplate\":\"https:\\\/\\\/buletin.de\\\/bucuresti\\\/?s={search_term_string}\"},\"query-input\":{\"@type\":\"PropertyValueSpecification\",\"valueRequired\":true,\"valueName\":\"search_term_string\"}}],\"inLanguage\":\"en-GB\"},{\"@type\":\"Organization\",\"@id\":\"https:\\\/\\\/buletin.de\\\/bucuresti\\\/#organization\",\"name\":\"Buletin de Bucure\u0219ti\",\"url\":\"https:\\\/\\\/buletin.de\\\/bucuresti\\\/\",\"logo\":{\"@type\":\"ImageObject\",\"inLanguage\":\"en-GB\",\"@id\":\"https:\\\/\\\/buletin.de\\\/bucuresti\\\/#\\\/schema\\\/logo\\\/image\\\/\",\"url\":\"https:\\\/\\\/buletin.de\\\/bucuresti\\\/wp-content\\\/uploads\\\/logo-bdb-full-wide-vernil-transparent.png\",\"contentUrl\":\"https:\\\/\\\/buletin.de\\\/bucuresti\\\/wp-content\\\/uploads\\\/logo-bdb-full-wide-vernil-transparent.png\",\"width\":1782,\"height\":626,\"caption\":\"Buletin de Bucure\u0219ti\"},\"image\":{\"@id\":\"https:\\\/\\\/buletin.de\\\/bucuresti\\\/#\\\/schema\\\/logo\\\/image\\\/\"},\"sameAs\":[\"https:\\\/\\\/www.facebook.com\\\/buletin.de.buc\",\"https:\\\/\\\/www.instagram.com\\\/buletinde.bucuresti\\\/\"]},{\"@type\":\"Person\",\"@id\":\"https:\\\/\\\/buletin.de\\\/bucuresti\\\/#\\\/schema\\\/person\\\/150590659efde715459d159da012f501\",\"name\":\"Andreea Tudor\",\"image\":{\"@type\":\"ImageObject\",\"inLanguage\":\"en-GB\",\"@id\":\"https:\\\/\\\/secure.gravatar.com\\\/avatar\\\/a88705a186ab0b67f3349bcbced506c09e37256fbaad0e7f3bd1a79b4599f589?s=96&d=monsterid&r=g79290610aa1a65c2b86eebc2ca5aee8f\",\"url\":\"https:\\\/\\\/secure.gravatar.com\\\/avatar\\\/a88705a186ab0b67f3349bcbced506c09e37256fbaad0e7f3bd1a79b4599f589?s=96&d=monsterid&r=g\",\"contentUrl\":\"https:\\\/\\\/secure.gravatar.com\\\/avatar\\\/a88705a186ab0b67f3349bcbced506c09e37256fbaad0e7f3bd1a79b4599f589?s=96&d=monsterid&r=g\",\"caption\":\"Andreea Tudor\"},\"description\":\"N\u0103scut\u0103 \u0219i crescut\u0103 \u00een Bucure\u0219ti, sus\u021bin\u0103toare a presei independente. A\u0219a am ajuns redactor la Buletin de Bucure\u0219ti. Fiind eu, \u00eens\u0103mi, parte a sistemului de \u00eenv\u0103\u021b\u0103m\u00e2nt rom\u00e2nesc \u0219i pasionat\u0103 de domeniul social, pun sub lup\u0103 tot ceea ce se \u00eent\u00e2mpl\u0103 \u00een sfera educa\u021biei. Cred cu t\u0103rie c\u0103 presa \u201epentru cet\u0103\u021beni\u201d este presa independent\u0103. Oamenii au nevoie de o informare corect\u0103 pentru a \u00een\u021belege pe deplin ce se \u00eent\u00e2mpl\u0103 \u00een jurul lor \u0219i pentru a lua ac\u021biune \u00eempotriva nedrept\u0103\u021bilor.\",\"url\":\"https:\\\/\\\/buletin.de\\\/bucuresti\\\/author\\\/andreeatudor\\\/\"}]}<\/script>\n<!-- \/ Yoast SEO Premium plugin. -->","yoast_head_json":{"title":"Centura Verde Bucure\u0219ti-Ilfov. Unde s-a blocat proiectul pentru protejarea p\u0103durilor din jurul Capitalei - Buletin de Bucure\u0219ti","description":"Proiectul de lege pentru Centura Verde Bucure\u0219ti-Ilfov a fost \u00eenaintat ini\u021bial c\u0103tre Parlament \u00een data de 12 aprilie 2023.","robots":{"index":"index","follow":"follow","max-snippet":"max-snippet:-1","max-image-preview":"max-image-preview:large","max-video-preview":"max-video-preview:-1"},"canonical":"https:\/\/buletin.de\/bucuresti\/centura-verde-bucuresti-ilfov-unde-s-a-blocat-proiectul-pentru-protejarea-padurilor-din-jurul-capitalei\/","og_locale":"en_GB","og_type":"article","og_title":"Centura Verde Bucure\u0219ti-Ilfov. Unde s-a blocat proiectul pentru protejarea p\u0103durilor din jurul Capitalei","og_description":"Proiectul de lege pentru Centura Verde Bucure\u0219ti-Ilfov a fost \u00eenaintat ini\u021bial c\u0103tre Parlament \u00een data de 12 aprilie 2023.","og_url":"https:\/\/buletin.de\/bucuresti\/centura-verde-bucuresti-ilfov-unde-s-a-blocat-proiectul-pentru-protejarea-padurilor-din-jurul-capitalei\/","og_site_name":"Buletin de Bucure\u0219ti","article_publisher":"https:\/\/www.facebook.com\/buletin.de.buc","article_published_time":"2024-10-25T04:00:00+00:00","article_modified_time":"2024-10-30T14:10:05+00:00","og_image":[{"width":1600,"height":903,"url":"https:\/\/buletin.de\/bucuresti\/wp-content\/uploads\/26.-Padure-taiata-in-Centura-Verde_foto_-www.centuraverde.ro-1600x903-1.jpg","type":"image\/jpeg"}],"author":"Andreea Tudor","twitter_card":"summary_large_image","twitter_misc":{"Written by":"Andreea Tudor","Estimated reading time":"7 minutes"},"schema":{"@context":"https:\/\/schema.org","@graph":[{"@type":"Article","@id":"https:\/\/buletin.de\/bucuresti\/centura-verde-bucuresti-ilfov-unde-s-a-blocat-proiectul-pentru-protejarea-padurilor-din-jurul-capitalei\/#article","isPartOf":{"@id":"https:\/\/buletin.de\/bucuresti\/centura-verde-bucuresti-ilfov-unde-s-a-blocat-proiectul-pentru-protejarea-padurilor-din-jurul-capitalei\/"},"author":{"name":"Andreea Tudor","@id":"https:\/\/buletin.de\/bucuresti\/#\/schema\/person\/150590659efde715459d159da012f501"},"headline":"Centura Verde Bucure\u0219ti-Ilfov. Unde s-a blocat proiectul pentru protejarea p\u0103durilor din jurul Capitalei","datePublished":"2024-10-25T04:00:00+00:00","dateModified":"2024-10-30T14:10:05+00:00","mainEntityOfPage":{"@id":"https:\/\/buletin.de\/bucuresti\/centura-verde-bucuresti-ilfov-unde-s-a-blocat-proiectul-pentru-protejarea-padurilor-din-jurul-capitalei\/"},"wordCount":1421,"publisher":{"@id":"https:\/\/buletin.de\/bucuresti\/#organization"},"image":{"@id":"https:\/\/buletin.de\/bucuresti\/centura-verde-bucuresti-ilfov-unde-s-a-blocat-proiectul-pentru-protejarea-padurilor-din-jurul-capitalei\/#primaryimage"},"thumbnailUrl":"https:\/\/buletin.de\/bucuresti\/wp-content\/uploads\/26.-Padure-taiata-in-Centura-Verde_foto_-www.centuraverde.ro-1600x903-1.jpg","keywords":["camera deputatilor","centura verde blocaj","centura verde bucuresti ilfov","noul cod silvic","Platforma Civica Impreuna pentru Centura Verde","protejarea padurilor"],"articleSection":["Articole","Main","Mediu"],"inLanguage":"en-GB","copyrightYear":"2024","copyrightHolder":{"@id":"https:\/\/buletin.de\/bucuresti\/#organization"}},{"@type":"WebPage","@id":"https:\/\/buletin.de\/bucuresti\/centura-verde-bucuresti-ilfov-unde-s-a-blocat-proiectul-pentru-protejarea-padurilor-din-jurul-capitalei\/","url":"https:\/\/buletin.de\/bucuresti\/centura-verde-bucuresti-ilfov-unde-s-a-blocat-proiectul-pentru-protejarea-padurilor-din-jurul-capitalei\/","name":"Centura Verde Bucure\u0219ti-Ilfov. Unde s-a blocat proiectul pentru protejarea p\u0103durilor din jurul Capitalei - Buletin de Bucure\u0219ti","isPartOf":{"@id":"https:\/\/buletin.de\/bucuresti\/#website"},"primaryImageOfPage":{"@id":"https:\/\/buletin.de\/bucuresti\/centura-verde-bucuresti-ilfov-unde-s-a-blocat-proiectul-pentru-protejarea-padurilor-din-jurul-capitalei\/#primaryimage"},"image":{"@id":"https:\/\/buletin.de\/bucuresti\/centura-verde-bucuresti-ilfov-unde-s-a-blocat-proiectul-pentru-protejarea-padurilor-din-jurul-capitalei\/#primaryimage"},"thumbnailUrl":"https:\/\/buletin.de\/bucuresti\/wp-content\/uploads\/26.-Padure-taiata-in-Centura-Verde_foto_-www.centuraverde.ro-1600x903-1.jpg","datePublished":"2024-10-25T04:00:00+00:00","dateModified":"2024-10-30T14:10:05+00:00","description":"Proiectul de lege pentru Centura Verde Bucure\u0219ti-Ilfov a fost \u00eenaintat ini\u021bial c\u0103tre Parlament \u00een data de 12 aprilie 2023.","breadcrumb":{"@id":"https:\/\/buletin.de\/bucuresti\/centura-verde-bucuresti-ilfov-unde-s-a-blocat-proiectul-pentru-protejarea-padurilor-din-jurul-capitalei\/#breadcrumb"},"inLanguage":"en-GB","potentialAction":[{"@type":"ReadAction","target":["https:\/\/buletin.de\/bucuresti\/centura-verde-bucuresti-ilfov-unde-s-a-blocat-proiectul-pentru-protejarea-padurilor-din-jurul-capitalei\/"]}]},{"@type":"ImageObject","inLanguage":"en-GB","@id":"https:\/\/buletin.de\/bucuresti\/centura-verde-bucuresti-ilfov-unde-s-a-blocat-proiectul-pentru-protejarea-padurilor-din-jurul-capitalei\/#primaryimage","url":"https:\/\/buletin.de\/bucuresti\/wp-content\/uploads\/26.-Padure-taiata-in-Centura-Verde_foto_-www.centuraverde.ro-1600x903-1.jpg","contentUrl":"https:\/\/buletin.de\/bucuresti\/wp-content\/uploads\/26.-Padure-taiata-in-Centura-Verde_foto_-www.centuraverde.ro-1600x903-1.jpg","width":1600,"height":903,"caption":"Centura Verde Bucure\u0219ti-Ilfov. Unde s-a blocat proiectul pentru protejarea p\u0103durilor din jurul Capitalei. Foto: www.centuraverde.ro"},{"@type":"BreadcrumbList","@id":"https:\/\/buletin.de\/bucuresti\/centura-verde-bucuresti-ilfov-unde-s-a-blocat-proiectul-pentru-protejarea-padurilor-din-jurul-capitalei\/#breadcrumb","itemListElement":[{"@type":"ListItem","position":1,"name":"Acas\u0103","item":"https:\/\/buletin.de\/bucuresti\/"},{"@type":"ListItem","position":2,"name":"Centura Verde Bucure\u0219ti-Ilfov. Unde s-a blocat proiectul pentru protejarea p\u0103durilor din jurul Capitalei"}]},{"@type":"WebSite","@id":"https:\/\/buletin.de\/bucuresti\/#website","url":"https:\/\/buletin.de\/bucuresti\/","name":"Buletin de Bucure\u0219ti","description":"\u0218tiri \u0219i investiga\u021bii esen\u021biale din capital\u0103","publisher":{"@id":"https:\/\/buletin.de\/bucuresti\/#organization"},"potentialAction":[{"@type":"SearchAction","target":{"@type":"EntryPoint","urlTemplate":"https:\/\/buletin.de\/bucuresti\/?s={search_term_string}"},"query-input":{"@type":"PropertyValueSpecification","valueRequired":true,"valueName":"search_term_string"}}],"inLanguage":"en-GB"},{"@type":"Organization","@id":"https:\/\/buletin.de\/bucuresti\/#organization","name":"Buletin de Bucure\u0219ti","url":"https:\/\/buletin.de\/bucuresti\/","logo":{"@type":"ImageObject","inLanguage":"en-GB","@id":"https:\/\/buletin.de\/bucuresti\/#\/schema\/logo\/image\/","url":"https:\/\/buletin.de\/bucuresti\/wp-content\/uploads\/logo-bdb-full-wide-vernil-transparent.png","contentUrl":"https:\/\/buletin.de\/bucuresti\/wp-content\/uploads\/logo-bdb-full-wide-vernil-transparent.png","width":1782,"height":626,"caption":"Buletin de Bucure\u0219ti"},"image":{"@id":"https:\/\/buletin.de\/bucuresti\/#\/schema\/logo\/image\/"},"sameAs":["https:\/\/www.facebook.com\/buletin.de.buc","https:\/\/www.instagram.com\/buletinde.bucuresti\/"]},{"@type":"Person","@id":"https:\/\/buletin.de\/bucuresti\/#\/schema\/person\/150590659efde715459d159da012f501","name":"Andreea Tudor","image":{"@type":"ImageObject","inLanguage":"en-GB","@id":"https:\/\/secure.gravatar.com\/avatar\/a88705a186ab0b67f3349bcbced506c09e37256fbaad0e7f3bd1a79b4599f589?s=96&d=monsterid&r=g79290610aa1a65c2b86eebc2ca5aee8f","url":"https:\/\/secure.gravatar.com\/avatar\/a88705a186ab0b67f3349bcbced506c09e37256fbaad0e7f3bd1a79b4599f589?s=96&d=monsterid&r=g","contentUrl":"https:\/\/secure.gravatar.com\/avatar\/a88705a186ab0b67f3349bcbced506c09e37256fbaad0e7f3bd1a79b4599f589?s=96&d=monsterid&r=g","caption":"Andreea Tudor"},"description":"N\u0103scut\u0103 \u0219i crescut\u0103 \u00een Bucure\u0219ti, sus\u021bin\u0103toare a presei independente. A\u0219a am ajuns redactor la Buletin de Bucure\u0219ti. Fiind eu, \u00eens\u0103mi, parte a sistemului de \u00eenv\u0103\u021b\u0103m\u00e2nt rom\u00e2nesc \u0219i pasionat\u0103 de domeniul social, pun sub lup\u0103 tot ceea ce se \u00eent\u00e2mpl\u0103 \u00een sfera educa\u021biei. Cred cu t\u0103rie c\u0103 presa \u201epentru cet\u0103\u021beni\u201d este presa independent\u0103. Oamenii au nevoie de o informare corect\u0103 pentru a \u00een\u021belege pe deplin ce se \u00eent\u00e2mpl\u0103 \u00een jurul lor \u0219i pentru a lua ac\u021biune \u00eempotriva nedrept\u0103\u021bilor.","url":"https:\/\/buletin.de\/bucuresti\/author\/andreeatudor\/"}]}},"authors":[{"term_id":22573,"user_id":55,"is_guest":0,"slug":"andreeatudor","display_name":"Andreea Tudor","avatar_url":"https:\/\/secure.gravatar.com\/avatar\/a88705a186ab0b67f3349bcbced506c09e37256fbaad0e7f3bd1a79b4599f589?s=96&d=monsterid&r=g","0":null,"1":"","2":"","3":"","4":"","5":"","6":"","7":"","8":""}],"_links":{"self":[{"href":"https:\/\/buletin.de\/bucuresti\/wp-json\/wp\/v2\/posts\/103414","targetHints":{"allow":["GET"]}}],"collection":[{"href":"https:\/\/buletin.de\/bucuresti\/wp-json\/wp\/v2\/posts"}],"about":[{"href":"https:\/\/buletin.de\/bucuresti\/wp-json\/wp\/v2\/types\/post"}],"author":[{"embeddable":true,"href":"https:\/\/buletin.de\/bucuresti\/wp-json\/wp\/v2\/users\/55"}],"replies":[{"embeddable":true,"href":"https:\/\/buletin.de\/bucuresti\/wp-json\/wp\/v2\/comments?post=103414"}],"version-history":[{"count":31,"href":"https:\/\/buletin.de\/bucuresti\/wp-json\/wp\/v2\/posts\/103414\/revisions"}],"predecessor-version":[{"id":104390,"href":"https:\/\/buletin.de\/bucuresti\/wp-json\/wp\/v2\/posts\/103414\/revisions\/104390"}],"wp:featuredmedia":[{"embeddable":true,"href":"https:\/\/buletin.de\/bucuresti\/wp-json\/wp\/v2\/media\/103730"}],"wp:attachment":[{"href":"https:\/\/buletin.de\/bucuresti\/wp-json\/wp\/v2\/media?parent=103414"}],"wp:term":[{"taxonomy":"category","embeddable":true,"href":"https:\/\/buletin.de\/bucuresti\/wp-json\/wp\/v2\/categories?post=103414"},{"taxonomy":"post_tag","embeddable":true,"href":"https:\/\/buletin.de\/bucuresti\/wp-json\/wp\/v2\/tags?post=103414"},{"taxonomy":"author","embeddable":true,"href":"https:\/\/buletin.de\/bucuresti\/wp-json\/wp\/v2\/ppma_author?post=103414"}],"curies":[{"name":"wp","href":"https:\/\/api.w.org\/{rel}","templated":true}]}}