{"id":103123,"date":"2024-10-21T12:49:18","date_gmt":"2024-10-21T09:49:18","guid":{"rendered":"https:\/\/buletin.de\/bucuresti\/?p=103123"},"modified":"2024-10-21T12:49:19","modified_gmt":"2024-10-21T09:49:19","slug":"nu-inseamna-nu-de-la-tnb-pana-in-fata-guvernului-mii-de-oameni-au-cerut-o-societate-sigura-pentru-femei","status":"publish","type":"post","link":"https:\/\/buletin.de\/bucuresti\/nu-inseamna-nu-de-la-tnb-pana-in-fata-guvernului-mii-de-oameni-au-cerut-o-societate-sigura-pentru-femei\/","title":{"rendered":"\u201eNU \u00eenseamn\u0103 NU\u201d, de la TNB p\u00e2n\u0103 \u00een fa\u021ba Guvernului. Mii de oameni au cerut o societate sigur\u0103 pentru femei"},"content":{"rendered":"\n<p><strong>\u201eNU \u00eenseamn\u0103 NU\u201d, au strigat, duminic\u0103, 20 octombrie, c\u00e2teva mii de persoane \u00een centrul Capitalei, pentru a atrage aten\u021bia asupra violen\u021bei de gen. Din fa\u021ba Teatrului Na\u021bional \u0219i p\u00e2n\u0103 \u00een Pia\u021ba Victoriei, mul\u021bimea de oameni prezent\u0103 la mar\u0219ul \u201e\u00cempreun\u0103 pentru siguran\u021ba femeilor\u201d \u0219i-a strigat impun\u0103toare nemul\u021bumirile, pentru a cere combaterea violen\u021bei de gen \u0219i un mediu sigur pentru toate femeile.&nbsp;<\/strong><\/p>\n\n\n\n<p>Centrul Capitalei a fost duminic\u0103 scena unui mar\u0219 care a adunat un num\u0103r semnificativ de oameni, c\u00e2teva mii, sub motto-ul \u201e\u00cempreun\u0103 pentru siguran\u021ba femeilor\u201d, organizat de o coali\u021bie de organiza\u021bii pentru drepturile femeilor, activi\u0219ti \u0219i sus\u021bin\u0103tori ai egalit\u0103\u021bii de gen.<\/p>\n\n\n\n<p>Participan\u021bii \u0219i-au strigat nemul\u021bumirile \u0219i au subliniat solidaritatea fa\u021b\u0103 de toate femeile care au supravie\u021buit violen\u021bei sexuale. <strong>\u201eNu e\u0219ti singur\u0103!\u201d<\/strong>, s-a strigat la unison \u00eenc\u0103 de la \u00eenceputul manifesta\u021biei.<\/p>\n\n\n\n<p><strong>CITE\u0218TE \u0218I:<\/strong> <strong><a href=\"https:\/\/buletin.de\/bucuresti\/sector-4-fetita-de-6-ani-muscata-de-fata-de-un-caine-de-talie-mare-victima-a-ajuns-la-spital\/\">Sector 4 | Feti\u021b\u0103 de 6 ani, mu\u0219cat\u0103 de fa\u021b\u0103 de un c\u00e2ine de talie mare. Victima a ajuns la spital<\/a><\/strong><\/p>\n\n\n\n<h2 class=\"wp-block-heading\" id=\"h-o-lume-in-care-fetele-\u0219i-femeile-sunt-in-siguran\u021ba\"><strong>O lume \u00een care fetele \u0219i femeile sunt \u00een siguran\u021b\u0103<\/strong><\/h2>\n\n\n\n<p>Cea de-a zecea edi\u021bie a mar\u0219ului \u201e\u00cempreun\u0103 pentru Siguran\u021ba Femeilor\u201d a \u00eenceput din fa\u021ba Teatrului Na\u021bional la ora 15:00.<\/p>\n\n\n\n<p>C\u00e2teva sute de persoane erau deja prezente \u00een locul stabilit de organizatori cu c\u00e2teva zeci de minute \u00eenainte ca manifesta\u021bia s\u0103 \u00eenceap\u0103. Totu\u0219i, \u00eenainte de a pleca, cei prezen\u021bi au \u021binut o scurt\u0103 sesiune de discursuri despre\u00a0 dorin\u021ba de a crea o lume \u00een care fetele \u0219i femeile se simt \u00een siguran\u021b\u0103, unde violen\u021ba de gen este comb\u0103tut\u0103 \u0219i penalizat\u0103.<\/p>\n\n\n\n<p>Edi\u021bia de anul acesta a mar\u0219ului nu a fost doar o simpl\u0103 manifesta\u021bie \u00een strad\u0103, ci mai degrab\u0103 un apel la schimbare, un strig\u0103t de ajutor pentru toate femeile care au suferit \u0219i un \u00eendemn la adresa autorit\u0103\u021bilor de a lua m\u0103surile necesare pentru a pune cap\u0103t suferin\u021belor a sute de mii de fete \u0219i femei.<\/p>\n\n\n\n<p><em>\u201eNe dorim o societate \u00een care fiecare femeie s\u0103 aib\u0103 dreptul la o via\u021b\u0103 liber\u0103 de violen\u021b\u0103 \u0219i fric\u0103\u201d<\/em>, s-a auzit dintr-un megafon la \u00eenceputul sesiunii de discursuri.<\/p>\n\n\n\n<figure class=\"wp-block-image size-full\"><a href=\"https:\/\/buletin.de\/bucuresti\/wp-content\/uploads\/Multime.jpeg\"><img fetchpriority=\"high\" decoding=\"async\" width=\"2000\" height=\"1500\" src=\"data:image\/gif;base64,R0lGODlhAQABAAAAACH5BAEKAAEALAAAAAABAAEAAAICTAEAOw==\" data-src=\"https:\/\/buletin.de\/bucuresti\/wp-content\/uploads\/Multime.jpeg\" alt=\"\u201eNU \u00eenseamn\u0103 NU\u201d\" class=\"wp-image-103129 lazyload\" data-sizes=\"auto\" data-srcset=\"https:\/\/buletin.de\/bucuresti\/wp-content\/uploads\/Multime.jpeg 2000w, https:\/\/buletin.de\/bucuresti\/wp-content\/uploads\/Multime-300x225.jpeg 300w, https:\/\/buletin.de\/bucuresti\/wp-content\/uploads\/Multime-900x675.jpeg 900w, https:\/\/buletin.de\/bucuresti\/wp-content\/uploads\/Multime-768x576.jpeg 768w, https:\/\/buletin.de\/bucuresti\/wp-content\/uploads\/Multime-1536x1152.jpeg 1536w, https:\/\/buletin.de\/bucuresti\/wp-content\/uploads\/Multime-1600x1200.jpeg 1600w, https:\/\/buletin.de\/bucuresti\/wp-content\/uploads\/Multime-1100x825.jpeg 1100w, https:\/\/buletin.de\/bucuresti\/wp-content\/uploads\/Multime-600x450.jpeg 600w, https:\/\/buletin.de\/bucuresti\/wp-content\/uploads\/Multime-20x15.jpeg 20w\" sizes=\"(max-width: 2000px) 100vw, 2000px\" \/><\/a><figcaption class=\"wp-element-caption\">FOTO: Oana Bogdan<\/figcaption><\/figure>\n\n\n\n<p>Printre cele mai ferme voci s-a num\u0103rat \u0219i cea a Anei Maria Popescu, activist\u0103 pentru drepturile femeilor \u0219i una dintre reprezentan\u021bii organiza\u021biilor non-guvernamentale care au organizat mar\u0219ul. Ea a subliniat importan\u021ba educa\u021biei \u0219i con\u0219tientiz\u0103rii \u00een prevenirea violen\u021bei de gen.<\/p>\n\n\n\n<p><em>\u201eEste esen\u021bial s\u0103 ne unim vocile \u0219i s\u0103 cerem schimb\u0103ri reale \u00een societate. Siguran\u021ba femeilor nu trebuie s\u0103 fie o op\u021biune, ci o prioritate\u201d<\/em>, a declarat Ana Maria Popescu.<\/p>\n\n\n\n<p>Ea a men\u021bionat c\u0103 este nevoie urgent\u0103 de reforme legislative \u0219i resurse umane adecvate pentru protec\u021bia victimelor violen\u021bei de gen.<\/p>\n\n\n\n<p><strong>CITE\u0218TE \u0218I:<\/strong> <strong><a href=\"https:\/\/buletin.de\/bucuresti\/si-a-parcat-masina-la-aeroportul-otopeni-si-a-platit-2-100-de-lei-pentru-4-zile\/\">\u0218i-a parcat ma\u0219ina la Aeroportul Otopeni \u0219i a pl\u0103tit 2.100 de lei pentru 4 zile<\/a><\/strong><\/p>\n\n\n\n<h2 class=\"wp-block-heading\" id=\"h-cazul-bulai-un-ecou-puternic-al-mar\u0219ului\"><strong>Cazul Bulai, un ecou puternic al mar\u0219ului<\/strong><\/h2>\n\n\n\n<p>Dup\u0103 aproape o or\u0103 de discursuri, \u00een jurul orei 16:00, miile de persoane adunate pentru a milita \u00eempotriva violen\u021bei de gen \u0219i-au luat pancartele \u00een m\u00e2n\u0103 \u0219i au pornit, \u00een mar\u0219, spre Pia\u021ba Victoriei, \u00een fa\u021ba cl\u0103dirii Guvernului.<\/p>\n\n\n\n<p>De asemenea, mul\u021bi dintre cei prezen\u021bi au \u00eemp\u0103rt\u0103\u0219it pove\u0219ti personale \u0219i experien\u021be traumatizante. Mesajele dure afi\u0219ate de ei au atras aten\u021bia trec\u0103torilor, iar mul\u021bi dintre ei au decis s\u0103 se al\u0103ture protestului.<\/p>\n\n\n\n<figure class=\"wp-block-image size-full\"><a href=\"https:\/\/buletin.de\/bucuresti\/wp-content\/uploads\/bani-pentru-preventie.jpeg\"><img decoding=\"async\" width=\"2000\" height=\"1500\" src=\"data:image\/gif;base64,R0lGODlhAQABAAAAACH5BAEKAAEALAAAAAABAAEAAAICTAEAOw==\" data-src=\"https:\/\/buletin.de\/bucuresti\/wp-content\/uploads\/bani-pentru-preventie.jpeg\" alt=\"\" class=\"wp-image-103128 lazyload\" data-sizes=\"auto\" data-srcset=\"https:\/\/buletin.de\/bucuresti\/wp-content\/uploads\/bani-pentru-preventie.jpeg 2000w, https:\/\/buletin.de\/bucuresti\/wp-content\/uploads\/bani-pentru-preventie-300x225.jpeg 300w, https:\/\/buletin.de\/bucuresti\/wp-content\/uploads\/bani-pentru-preventie-900x675.jpeg 900w, https:\/\/buletin.de\/bucuresti\/wp-content\/uploads\/bani-pentru-preventie-768x576.jpeg 768w, https:\/\/buletin.de\/bucuresti\/wp-content\/uploads\/bani-pentru-preventie-1536x1152.jpeg 1536w, https:\/\/buletin.de\/bucuresti\/wp-content\/uploads\/bani-pentru-preventie-1600x1200.jpeg 1600w, https:\/\/buletin.de\/bucuresti\/wp-content\/uploads\/bani-pentru-preventie-1100x825.jpeg 1100w, https:\/\/buletin.de\/bucuresti\/wp-content\/uploads\/bani-pentru-preventie-600x450.jpeg 600w, https:\/\/buletin.de\/bucuresti\/wp-content\/uploads\/bani-pentru-preventie-20x15.jpeg 20w\" sizes=\"(max-width: 2000px) 100vw, 2000px\" \/><\/a><figcaption class=\"wp-element-caption\">FOTO: Oana Bogdan<\/figcaption><\/figure>\n\n\n\n<p><strong>\u201eFemeile au dreptul la siguran\u021b\u0103\u201d\u201d, \u201eStop violen\u021bei de gen!\u201d, \u201eBani pentru preven\u021bie, nu pentru Poli\u021bie\u201d \u0219i \u201eF\u0103r\u0103 abuzatori \u00een universit\u0103\u021bi\u201d sunt doar c\u00e2teva dintre mesajele care au dominat protestul.<\/strong><\/p>\n\n\n\n<p>Demonstra\u021bia a fost organizat\u0103 \u00een contextul cre\u0219terii cazurilor legate de violen\u021ba \u00eempotriva femeilor \u00een Rom\u00e2nia, \u00een special \u00een urma unor incidente recente care au atras aten\u021bia mass-media \u0219i opiniei publice, precum cazul sociologului de la \u0218coala Na\u021bional\u0103 de Studii Politice \u0219i Administrative (SNSPA), Alfred Bulai, care \u0219i-ar fi folosit func\u021bia de profesor \u00een mod abuziv, pentru a profita de studente.<\/p>\n\n\n\n<figure class=\"wp-block-image size-full\"><a href=\"https:\/\/buletin.de\/bucuresti\/wp-content\/uploads\/fara-abuzatori.jpeg\"><img decoding=\"async\" width=\"2000\" height=\"1500\" src=\"data:image\/gif;base64,R0lGODlhAQABAAAAACH5BAEKAAEALAAAAAABAAEAAAICTAEAOw==\" data-src=\"https:\/\/buletin.de\/bucuresti\/wp-content\/uploads\/fara-abuzatori.jpeg\" alt=\"\u201eNU \u00eenseamn\u0103 NU\u201d\" class=\"wp-image-103125 lazyload\" data-sizes=\"auto\" data-srcset=\"https:\/\/buletin.de\/bucuresti\/wp-content\/uploads\/fara-abuzatori.jpeg 2000w, https:\/\/buletin.de\/bucuresti\/wp-content\/uploads\/fara-abuzatori-300x225.jpeg 300w, https:\/\/buletin.de\/bucuresti\/wp-content\/uploads\/fara-abuzatori-900x675.jpeg 900w, https:\/\/buletin.de\/bucuresti\/wp-content\/uploads\/fara-abuzatori-768x576.jpeg 768w, https:\/\/buletin.de\/bucuresti\/wp-content\/uploads\/fara-abuzatori-1536x1152.jpeg 1536w, https:\/\/buletin.de\/bucuresti\/wp-content\/uploads\/fara-abuzatori-1600x1200.jpeg 1600w, https:\/\/buletin.de\/bucuresti\/wp-content\/uploads\/fara-abuzatori-1100x825.jpeg 1100w, https:\/\/buletin.de\/bucuresti\/wp-content\/uploads\/fara-abuzatori-600x450.jpeg 600w, https:\/\/buletin.de\/bucuresti\/wp-content\/uploads\/fara-abuzatori-20x15.jpeg 20w\" sizes=\"(max-width: 2000px) 100vw, 2000px\" \/><\/a><figcaption class=\"wp-element-caption\">FOTO: Oana Bogdan<\/figcaption><\/figure>\n\n\n\n<p><strong>La protest au participat \u0219i studen\u021bi de la SNSPA care l-au cunoscut pe sociologul Bulai. Au venit \u00eempin\u0219i de nevoia de a cere ca astfel de abuzuri s\u0103 nu li se mai \u00eent\u00e2mple niciunei colege de-ale lor.<\/strong><\/p>\n\n\n\n<p><em>\u201eAm f\u0103cut sociologie cu Bulai \u0219i faptul ca l-au demascat \u00een sf\u00e2r\u0219it pentru abuzurile sexuale m-a bucurat. F\u0103cea foarte multe comentarii homofobe si sexiste, a\u0219a ceva nu trebuie s\u0103 se mai \u00eent\u00e2mple\u201d<\/em>, a declarat un participant, student la SNSPA, pentru Buletin de Bucure\u0219ti.<\/p>\n\n\n\n<p>Cazurile recente de abuz sexual comise de profesori pun \u00een eviden\u021b\u0103 o problem\u0103 grav\u0103, accentuat\u0103 de t\u0103cerea \u0219i mu\u0219amalizarea din jur, au spus organizatorii mar\u0219ului. \u201eVrem \u0219coli \u0219i universit\u0103\u021bi, dar \u0219i locuri de munc\u0103 sigure, cu toleran\u021b\u0103 zero pentru abuzatori!\u201d, au spus ei.<\/p>\n\n\n\n<p>Odat\u0103 ajun\u0219i \u00een Pia\u021ba Victoriei, punctul culminant al protestului, participan\u021bii s-au str\u00e2ns \u00eentr-un cerc simbolic, flutur\u00e2nd steaguri \u0219i pancarte \u00eentr-un ultim gest de unitate. Atmosfera de final a fost plin\u0103 de emo\u021bie, de parc\u0103 nimeni nu voia s\u0103 plece, prin\u0219i \u00eenc\u0103 \u00een sentimentul de apartenen\u021b\u0103 \u0219i comunitate.<\/p>\n\n\n\n<p><strong>CITE\u0218TE \u0218I:<\/strong> <strong><a href=\"https:\/\/buletin.de\/bucuresti\/comisia-europeana-suspenda-o-plata-de-300-de-milioane-de-euro-catre-romania-din-cauza-desemnarii-neconforme-a-conducerilor-unor-companii-de-stat-5-sunt-din-bucuresti-ilfov\/\">Comisia European\u0103 suspend\u0103 o plat\u0103 de 300 de milioane de euro c\u0103tre Rom\u00e2nia, din cauza desemn\u0103rii neconforme a conducerilor unor companii de stat. 5 sunt din Bucure\u0219ti-Ilfov<\/a><\/strong><\/p>\n\n\n\n<h2 class=\"wp-block-heading\" id=\"h-nu-doar-in-bucure\u0219ti\"><strong>Nu doar \u00een Bucure\u0219ti<\/strong><\/h2>\n\n\n\n<p>An de an, ONG-urile care organizeaz\u0103 mar\u0219ul \u201e\u00cempreun\u0103 pentru siguran\u021ba femeilor\u201d vor s\u0103 fac\u0103 un apel la ac\u021biune, impulsionate de statisticile alarmante, care arat\u0103 o cre\u0219tere a num\u0103rului de cazuri de violen\u021b\u0103 domestic\u0103.<\/p>\n\n\n\n<p>Manifesta\u021bia a fost organizat\u0103 de <a href=\"https:\/\/violentaimpotrivafemeilor.ro\/impreuna-pentru-siguranta-femeilor\/\">Re\u021beaua pentru prevenirea \u0219i combaterea Violen\u021bei \u00cempotriva Femeilor (VIF)<\/a> \u0219i a avut loc simultan \u00een mai multe ora\u0219e din \u021bar\u0103, printre care Bucure\u0219ti, Timi\u0219oara, Ia\u0219i \u0219i Baia Mare. \u00cen Cluj-Napoca, mar\u0219ul va avea loc pe 27 octombrie.<\/p>\n\n\n\n<p>\u00cen Rom\u00e2nia, peste 80% dintre femei \u0219i peste 90% dintre b\u0103rba\u021bi au cel pu\u021bin o idee preconceput\u0103 cu privire la rolurile de gen, \u0219i a diferen\u021belor de capacitate dintre genuri.<\/p>\n\n\n\n<p>Pu\u021bin peste jum\u0103tate dintre femei au cel pu\u021bin dou\u0103 idei preconcepute, fa\u021b\u0103 de aproape trei sferturi din num\u0103rul de b\u0103rba\u021bi.<\/p>\n\n\n\n<p>Acestea variaz\u0103 de la a crede c\u0103 b\u0103rba\u021bii sunt mai capabili \u0219i mai pricepu\u021bi dec\u00e2t femeile \u00een rolul de lider politic sau lider de afacere, sau orice opinie care submineaz\u0103 integritatea corporal\u0103 a femeii, precum interzicerea avortului, sau rolul de control al b\u0103rbatului \u00eentr-o rela\u021bie de cuplu.<\/p>\n\n\n\n<p class=\"has-medium-font-size\"><strong>Reporter: Oana Bogdan<\/strong><\/p>\n\n\n\n<p><strong>CITE\u0218TE \u0218I:<\/strong> <strong><a href=\"https:\/\/buletin.de\/bucuresti\/emblema-coruptiei-imobiliare-cathedral-plaza-va-fi-demolata-primaria-capitalei-a-castigat-ultimul-proces-pe-care-il-mai-avea-cu-proprietarii\/\">\u201eEmblema corup\u021biei imobiliare\u201d, Cathedral Plaza poate fi demolat\u0103. Prim\u0103ria Capitalei a c\u00e2\u0219tigat procesul privind intrarea \u00een legalitate<\/a><\/strong><\/p>\n","protected":false},"excerpt":{"rendered":"<p>\u201eNU \u00eenseamn\u0103 NU\u201d, au strigat, duminic\u0103, 20 octombrie, c\u00e2teva mii de persoane \u00een centrul Capitalei, pentru a atrage aten\u021bia asupra violen\u021bei de gen. Din fa\u021ba Teatrului Na\u021bional \u0219i p\u00e2n\u0103 \u00een Pia\u021ba Victoriei, mul\u021bimea de oameni prezent\u0103 la mar\u0219ul \u201e\u00cempreun\u0103 pentru siguran\u021ba femeilor\u201d \u0219i-a strigat impun\u0103toare nemul\u021bumirile, pentru a cere combaterea violen\u021bei de gen \u0219i un [&hellip;]<\/p>\n","protected":false},"author":1,"featured_media":103124,"comment_status":"closed","ping_status":"open","sticky":false,"template":"","format":"standard","meta":{"_acf_changed":false,"inline_featured_image":false,"ngg_post_thumbnail":0,"footnotes":""},"categories":[6994,5762,169],"tags":[2063,2779,16176,16175,14669,16177],"ppma_author":[22583],"class_list":["post-103123","post","type-post","status-publish","format-standard","has-post-thumbnail","hentry","category-stiri-2","category-main","category-reportaj","tag-bucuresti-2","tag-capitala-2","tag-guvernul-romaniei","tag-impreuna-pentru-siguranta-femeilor-2","tag-mars-2","tag-teatrul-national-2"],"acf":[],"yoast_head":"<!-- This site is optimized with the Yoast SEO Premium plugin v25.3 (Yoast SEO v27.4) - https:\/\/yoast.com\/product\/yoast-seo-premium-wordpress\/ -->\n<title>\u201eNU \u00eenseamn\u0103 NU\u201d, de la TNB p\u00e2n\u0103 \u00een fa\u021ba Guvernului. Mii de oameni au cerut o societate sigur\u0103 pentru femei - Buletin de Bucure\u0219ti<\/title>\n<meta name=\"description\" content=\"\u201eNU \u00eenseamn\u0103 NU\u201d, au strigat, duminic\u0103, c\u00e2teva mii de persoane \u00een centrul Capitalei, pentru a atrage aten\u021bia asupra violen\u021bei de gen.\" \/>\n<meta name=\"robots\" content=\"index, follow, max-snippet:-1, max-image-preview:large, max-video-preview:-1\" \/>\n<link rel=\"canonical\" href=\"https:\/\/buletin.de\/bucuresti\/nu-inseamna-nu-de-la-tnb-pana-in-fata-guvernului-mii-de-oameni-au-cerut-o-societate-sigura-pentru-femei\/\" \/>\n<meta property=\"og:locale\" content=\"en_GB\" \/>\n<meta property=\"og:type\" content=\"article\" \/>\n<meta property=\"og:title\" content=\"\u201eNU \u00eenseamn\u0103 NU\u201d, de la TNB p\u00e2n\u0103 \u00een fa\u021ba Guvernului. Mii de oameni au cerut o societate sigur\u0103 pentru femei\" \/>\n<meta property=\"og:description\" content=\"\u201eNU \u00eenseamn\u0103 NU\u201d, au strigat, duminic\u0103, c\u00e2teva mii de persoane \u00een centrul Capitalei, pentru a atrage aten\u021bia asupra violen\u021bei de gen.\" \/>\n<meta property=\"og:url\" content=\"https:\/\/buletin.de\/bucuresti\/nu-inseamna-nu-de-la-tnb-pana-in-fata-guvernului-mii-de-oameni-au-cerut-o-societate-sigura-pentru-femei\/\" \/>\n<meta property=\"og:site_name\" content=\"Buletin de Bucure\u0219ti\" \/>\n<meta property=\"article:publisher\" content=\"https:\/\/www.facebook.com\/buletin.de.buc\" \/>\n<meta property=\"article:published_time\" content=\"2024-10-21T09:49:18+00:00\" \/>\n<meta property=\"article:modified_time\" content=\"2024-10-21T09:49:19+00:00\" \/>\n<meta property=\"og:image\" content=\"https:\/\/buletin.de\/bucuresti\/wp-content\/uploads\/\u201eNu-inseamna-nu-Marsul-pentru-siguranta-femeilor.jpeg\" \/>\n\t<meta property=\"og:image:width\" content=\"1600\" \/>\n\t<meta property=\"og:image:height\" content=\"1200\" \/>\n\t<meta property=\"og:image:type\" content=\"image\/jpeg\" \/>\n<meta name=\"author\" content=\"Redac\u021bia Buletin de Bucure\u0219ti\" \/>\n<meta name=\"twitter:card\" content=\"summary_large_image\" \/>\n<meta name=\"twitter:label1\" content=\"Written by\" \/>\n\t<meta name=\"twitter:data1\" content=\"Redac\u021bia Buletin de Bucure\u0219ti\" \/>\n\t<meta name=\"twitter:label2\" content=\"Estimated reading time\" \/>\n\t<meta name=\"twitter:data2\" content=\"6 minutes\" \/>\n<script type=\"application\/ld+json\" class=\"yoast-schema-graph\">{\"@context\":\"https:\\\/\\\/schema.org\",\"@graph\":[{\"@type\":\"Article\",\"@id\":\"https:\\\/\\\/buletin.de\\\/bucuresti\\\/nu-inseamna-nu-de-la-tnb-pana-in-fata-guvernului-mii-de-oameni-au-cerut-o-societate-sigura-pentru-femei\\\/#article\",\"isPartOf\":{\"@id\":\"https:\\\/\\\/buletin.de\\\/bucuresti\\\/nu-inseamna-nu-de-la-tnb-pana-in-fata-guvernului-mii-de-oameni-au-cerut-o-societate-sigura-pentru-femei\\\/\"},\"author\":{\"name\":\"Redac\u021bia Buletin de Bucure\u0219ti\",\"@id\":\"https:\\\/\\\/buletin.de\\\/bucuresti\\\/#\\\/schema\\\/person\\\/2bbcf854e5f2419a13804af574d06ab1\"},\"headline\":\"\u201eNU \u00eenseamn\u0103 NU\u201d, de la TNB p\u00e2n\u0103 \u00een fa\u021ba Guvernului. Mii de oameni au cerut o societate sigur\u0103 pentru femei\",\"datePublished\":\"2024-10-21T09:49:18+00:00\",\"dateModified\":\"2024-10-21T09:49:19+00:00\",\"mainEntityOfPage\":{\"@id\":\"https:\\\/\\\/buletin.de\\\/bucuresti\\\/nu-inseamna-nu-de-la-tnb-pana-in-fata-guvernului-mii-de-oameni-au-cerut-o-societate-sigura-pentru-femei\\\/\"},\"wordCount\":1174,\"publisher\":{\"@id\":\"https:\\\/\\\/buletin.de\\\/bucuresti\\\/#organization\"},\"image\":{\"@id\":\"https:\\\/\\\/buletin.de\\\/bucuresti\\\/nu-inseamna-nu-de-la-tnb-pana-in-fata-guvernului-mii-de-oameni-au-cerut-o-societate-sigura-pentru-femei\\\/#primaryimage\"},\"thumbnailUrl\":\"https:\\\/\\\/buletin.de\\\/bucuresti\\\/wp-content\\\/uploads\\\/\u201eNu-inseamna-nu-Marsul-pentru-siguranta-femeilor.jpeg\",\"keywords\":[\"Bucure\u0219ti\",\"Capital\u0103\",\"Guvernul Rom\u00e2niei\",\"\u00eempreun\u0103 pentru siguran\u021ba femeilor\",\"mar\u0219\",\"Teatrul Na\u021bional\"],\"articleSection\":[\"Articole\",\"Main\",\"Reportaj\"],\"inLanguage\":\"en-GB\",\"copyrightYear\":\"2024\",\"copyrightHolder\":{\"@id\":\"https:\\\/\\\/buletin.de\\\/bucuresti\\\/#organization\"}},{\"@type\":\"WebPage\",\"@id\":\"https:\\\/\\\/buletin.de\\\/bucuresti\\\/nu-inseamna-nu-de-la-tnb-pana-in-fata-guvernului-mii-de-oameni-au-cerut-o-societate-sigura-pentru-femei\\\/\",\"url\":\"https:\\\/\\\/buletin.de\\\/bucuresti\\\/nu-inseamna-nu-de-la-tnb-pana-in-fata-guvernului-mii-de-oameni-au-cerut-o-societate-sigura-pentru-femei\\\/\",\"name\":\"\u201eNU \u00eenseamn\u0103 NU\u201d, de la TNB p\u00e2n\u0103 \u00een fa\u021ba Guvernului. Mii de oameni au cerut o societate sigur\u0103 pentru femei - Buletin de Bucure\u0219ti\",\"isPartOf\":{\"@id\":\"https:\\\/\\\/buletin.de\\\/bucuresti\\\/#website\"},\"primaryImageOfPage\":{\"@id\":\"https:\\\/\\\/buletin.de\\\/bucuresti\\\/nu-inseamna-nu-de-la-tnb-pana-in-fata-guvernului-mii-de-oameni-au-cerut-o-societate-sigura-pentru-femei\\\/#primaryimage\"},\"image\":{\"@id\":\"https:\\\/\\\/buletin.de\\\/bucuresti\\\/nu-inseamna-nu-de-la-tnb-pana-in-fata-guvernului-mii-de-oameni-au-cerut-o-societate-sigura-pentru-femei\\\/#primaryimage\"},\"thumbnailUrl\":\"https:\\\/\\\/buletin.de\\\/bucuresti\\\/wp-content\\\/uploads\\\/\u201eNu-inseamna-nu-Marsul-pentru-siguranta-femeilor.jpeg\",\"datePublished\":\"2024-10-21T09:49:18+00:00\",\"dateModified\":\"2024-10-21T09:49:19+00:00\",\"description\":\"\u201eNU \u00eenseamn\u0103 NU\u201d, au strigat, duminic\u0103, c\u00e2teva mii de persoane \u00een centrul Capitalei, pentru a atrage aten\u021bia asupra violen\u021bei de gen.\",\"breadcrumb\":{\"@id\":\"https:\\\/\\\/buletin.de\\\/bucuresti\\\/nu-inseamna-nu-de-la-tnb-pana-in-fata-guvernului-mii-de-oameni-au-cerut-o-societate-sigura-pentru-femei\\\/#breadcrumb\"},\"inLanguage\":\"en-GB\",\"potentialAction\":[{\"@type\":\"ReadAction\",\"target\":[\"https:\\\/\\\/buletin.de\\\/bucuresti\\\/nu-inseamna-nu-de-la-tnb-pana-in-fata-guvernului-mii-de-oameni-au-cerut-o-societate-sigura-pentru-femei\\\/\"]}]},{\"@type\":\"ImageObject\",\"inLanguage\":\"en-GB\",\"@id\":\"https:\\\/\\\/buletin.de\\\/bucuresti\\\/nu-inseamna-nu-de-la-tnb-pana-in-fata-guvernului-mii-de-oameni-au-cerut-o-societate-sigura-pentru-femei\\\/#primaryimage\",\"url\":\"https:\\\/\\\/buletin.de\\\/bucuresti\\\/wp-content\\\/uploads\\\/\u201eNu-inseamna-nu-Marsul-pentru-siguranta-femeilor.jpeg\",\"contentUrl\":\"https:\\\/\\\/buletin.de\\\/bucuresti\\\/wp-content\\\/uploads\\\/\u201eNu-inseamna-nu-Marsul-pentru-siguranta-femeilor.jpeg\",\"width\":1600,\"height\":1200,\"caption\":\"\u201eNU, \u00eenseamn\u0103 NU\u201d, de la TNB p\u00e2n\u0103 \u00een fa\u021ba Guvernului. FOTO: Oana Bogdan\"},{\"@type\":\"BreadcrumbList\",\"@id\":\"https:\\\/\\\/buletin.de\\\/bucuresti\\\/nu-inseamna-nu-de-la-tnb-pana-in-fata-guvernului-mii-de-oameni-au-cerut-o-societate-sigura-pentru-femei\\\/#breadcrumb\",\"itemListElement\":[{\"@type\":\"ListItem\",\"position\":1,\"name\":\"Acas\u0103\",\"item\":\"https:\\\/\\\/buletin.de\\\/bucuresti\\\/\"},{\"@type\":\"ListItem\",\"position\":2,\"name\":\"\u201eNU \u00eenseamn\u0103 NU\u201d, de la TNB p\u00e2n\u0103 \u00een fa\u021ba Guvernului. Mii de oameni au cerut o societate sigur\u0103 pentru femei\"}]},{\"@type\":\"WebSite\",\"@id\":\"https:\\\/\\\/buletin.de\\\/bucuresti\\\/#website\",\"url\":\"https:\\\/\\\/buletin.de\\\/bucuresti\\\/\",\"name\":\"Buletin de Bucure\u0219ti\",\"description\":\"\u0218tiri \u0219i investiga\u021bii esen\u021biale din capital\u0103\",\"publisher\":{\"@id\":\"https:\\\/\\\/buletin.de\\\/bucuresti\\\/#organization\"},\"potentialAction\":[{\"@type\":\"SearchAction\",\"target\":{\"@type\":\"EntryPoint\",\"urlTemplate\":\"https:\\\/\\\/buletin.de\\\/bucuresti\\\/?s={search_term_string}\"},\"query-input\":{\"@type\":\"PropertyValueSpecification\",\"valueRequired\":true,\"valueName\":\"search_term_string\"}}],\"inLanguage\":\"en-GB\"},{\"@type\":\"Organization\",\"@id\":\"https:\\\/\\\/buletin.de\\\/bucuresti\\\/#organization\",\"name\":\"Buletin de Bucure\u0219ti\",\"url\":\"https:\\\/\\\/buletin.de\\\/bucuresti\\\/\",\"logo\":{\"@type\":\"ImageObject\",\"inLanguage\":\"en-GB\",\"@id\":\"https:\\\/\\\/buletin.de\\\/bucuresti\\\/#\\\/schema\\\/logo\\\/image\\\/\",\"url\":\"https:\\\/\\\/buletin.de\\\/bucuresti\\\/wp-content\\\/uploads\\\/logo-bdb-full-wide-vernil-transparent.png\",\"contentUrl\":\"https:\\\/\\\/buletin.de\\\/bucuresti\\\/wp-content\\\/uploads\\\/logo-bdb-full-wide-vernil-transparent.png\",\"width\":1782,\"height\":626,\"caption\":\"Buletin de Bucure\u0219ti\"},\"image\":{\"@id\":\"https:\\\/\\\/buletin.de\\\/bucuresti\\\/#\\\/schema\\\/logo\\\/image\\\/\"},\"sameAs\":[\"https:\\\/\\\/www.facebook.com\\\/buletin.de.buc\",\"https:\\\/\\\/www.instagram.com\\\/buletinde.bucuresti\\\/\"]},{\"@type\":\"Person\",\"@id\":\"https:\\\/\\\/buletin.de\\\/bucuresti\\\/#\\\/schema\\\/person\\\/2bbcf854e5f2419a13804af574d06ab1\",\"name\":\"Redac\u021bia Buletin de Bucure\u0219ti\",\"image\":{\"@type\":\"ImageObject\",\"inLanguage\":\"en-GB\",\"@id\":\"https:\\\/\\\/secure.gravatar.com\\\/avatar\\\/18c5342381ed1a08620e6280424e3e5efc958618f5d67c522c9e44c1bc6f9226?s=96&d=monsterid&r=g60c7cd0ad92c68c049fcd4bb3504d609\",\"url\":\"https:\\\/\\\/secure.gravatar.com\\\/avatar\\\/18c5342381ed1a08620e6280424e3e5efc958618f5d67c522c9e44c1bc6f9226?s=96&d=monsterid&r=g\",\"contentUrl\":\"https:\\\/\\\/secure.gravatar.com\\\/avatar\\\/18c5342381ed1a08620e6280424e3e5efc958618f5d67c522c9e44c1bc6f9226?s=96&d=monsterid&r=g\",\"caption\":\"Redac\u021bia Buletin de Bucure\u0219ti\"},\"description\":\"Buletin de Bucure\u0219ti exist\u0103 din vara anului 2019.\",\"url\":\"https:\\\/\\\/buletin.de\\\/bucuresti\\\/author\\\/adminbuletin\\\/\"}]}<\/script>\n<!-- \/ Yoast SEO Premium plugin. -->","yoast_head_json":{"title":"\u201eNU \u00eenseamn\u0103 NU\u201d, de la TNB p\u00e2n\u0103 \u00een fa\u021ba Guvernului. Mii de oameni au cerut o societate sigur\u0103 pentru femei - Buletin de Bucure\u0219ti","description":"\u201eNU \u00eenseamn\u0103 NU\u201d, au strigat, duminic\u0103, c\u00e2teva mii de persoane \u00een centrul Capitalei, pentru a atrage aten\u021bia asupra violen\u021bei de gen.","robots":{"index":"index","follow":"follow","max-snippet":"max-snippet:-1","max-image-preview":"max-image-preview:large","max-video-preview":"max-video-preview:-1"},"canonical":"https:\/\/buletin.de\/bucuresti\/nu-inseamna-nu-de-la-tnb-pana-in-fata-guvernului-mii-de-oameni-au-cerut-o-societate-sigura-pentru-femei\/","og_locale":"en_GB","og_type":"article","og_title":"\u201eNU \u00eenseamn\u0103 NU\u201d, de la TNB p\u00e2n\u0103 \u00een fa\u021ba Guvernului. Mii de oameni au cerut o societate sigur\u0103 pentru femei","og_description":"\u201eNU \u00eenseamn\u0103 NU\u201d, au strigat, duminic\u0103, c\u00e2teva mii de persoane \u00een centrul Capitalei, pentru a atrage aten\u021bia asupra violen\u021bei de gen.","og_url":"https:\/\/buletin.de\/bucuresti\/nu-inseamna-nu-de-la-tnb-pana-in-fata-guvernului-mii-de-oameni-au-cerut-o-societate-sigura-pentru-femei\/","og_site_name":"Buletin de Bucure\u0219ti","article_publisher":"https:\/\/www.facebook.com\/buletin.de.buc","article_published_time":"2024-10-21T09:49:18+00:00","article_modified_time":"2024-10-21T09:49:19+00:00","og_image":[{"width":1600,"height":1200,"url":"https:\/\/buletin.de\/bucuresti\/wp-content\/uploads\/\u201eNu-inseamna-nu-Marsul-pentru-siguranta-femeilor.jpeg","type":"image\/jpeg"}],"author":"Redac\u021bia Buletin de Bucure\u0219ti","twitter_card":"summary_large_image","twitter_misc":{"Written by":"Redac\u021bia Buletin de Bucure\u0219ti","Estimated reading time":"6 minutes"},"schema":{"@context":"https:\/\/schema.org","@graph":[{"@type":"Article","@id":"https:\/\/buletin.de\/bucuresti\/nu-inseamna-nu-de-la-tnb-pana-in-fata-guvernului-mii-de-oameni-au-cerut-o-societate-sigura-pentru-femei\/#article","isPartOf":{"@id":"https:\/\/buletin.de\/bucuresti\/nu-inseamna-nu-de-la-tnb-pana-in-fata-guvernului-mii-de-oameni-au-cerut-o-societate-sigura-pentru-femei\/"},"author":{"name":"Redac\u021bia Buletin de Bucure\u0219ti","@id":"https:\/\/buletin.de\/bucuresti\/#\/schema\/person\/2bbcf854e5f2419a13804af574d06ab1"},"headline":"\u201eNU \u00eenseamn\u0103 NU\u201d, de la TNB p\u00e2n\u0103 \u00een fa\u021ba Guvernului. Mii de oameni au cerut o societate sigur\u0103 pentru femei","datePublished":"2024-10-21T09:49:18+00:00","dateModified":"2024-10-21T09:49:19+00:00","mainEntityOfPage":{"@id":"https:\/\/buletin.de\/bucuresti\/nu-inseamna-nu-de-la-tnb-pana-in-fata-guvernului-mii-de-oameni-au-cerut-o-societate-sigura-pentru-femei\/"},"wordCount":1174,"publisher":{"@id":"https:\/\/buletin.de\/bucuresti\/#organization"},"image":{"@id":"https:\/\/buletin.de\/bucuresti\/nu-inseamna-nu-de-la-tnb-pana-in-fata-guvernului-mii-de-oameni-au-cerut-o-societate-sigura-pentru-femei\/#primaryimage"},"thumbnailUrl":"https:\/\/buletin.de\/bucuresti\/wp-content\/uploads\/\u201eNu-inseamna-nu-Marsul-pentru-siguranta-femeilor.jpeg","keywords":["Bucure\u0219ti","Capital\u0103","Guvernul Rom\u00e2niei","\u00eempreun\u0103 pentru siguran\u021ba femeilor","mar\u0219","Teatrul Na\u021bional"],"articleSection":["Articole","Main","Reportaj"],"inLanguage":"en-GB","copyrightYear":"2024","copyrightHolder":{"@id":"https:\/\/buletin.de\/bucuresti\/#organization"}},{"@type":"WebPage","@id":"https:\/\/buletin.de\/bucuresti\/nu-inseamna-nu-de-la-tnb-pana-in-fata-guvernului-mii-de-oameni-au-cerut-o-societate-sigura-pentru-femei\/","url":"https:\/\/buletin.de\/bucuresti\/nu-inseamna-nu-de-la-tnb-pana-in-fata-guvernului-mii-de-oameni-au-cerut-o-societate-sigura-pentru-femei\/","name":"\u201eNU \u00eenseamn\u0103 NU\u201d, de la TNB p\u00e2n\u0103 \u00een fa\u021ba Guvernului. Mii de oameni au cerut o societate sigur\u0103 pentru femei - Buletin de Bucure\u0219ti","isPartOf":{"@id":"https:\/\/buletin.de\/bucuresti\/#website"},"primaryImageOfPage":{"@id":"https:\/\/buletin.de\/bucuresti\/nu-inseamna-nu-de-la-tnb-pana-in-fata-guvernului-mii-de-oameni-au-cerut-o-societate-sigura-pentru-femei\/#primaryimage"},"image":{"@id":"https:\/\/buletin.de\/bucuresti\/nu-inseamna-nu-de-la-tnb-pana-in-fata-guvernului-mii-de-oameni-au-cerut-o-societate-sigura-pentru-femei\/#primaryimage"},"thumbnailUrl":"https:\/\/buletin.de\/bucuresti\/wp-content\/uploads\/\u201eNu-inseamna-nu-Marsul-pentru-siguranta-femeilor.jpeg","datePublished":"2024-10-21T09:49:18+00:00","dateModified":"2024-10-21T09:49:19+00:00","description":"\u201eNU \u00eenseamn\u0103 NU\u201d, au strigat, duminic\u0103, c\u00e2teva mii de persoane \u00een centrul Capitalei, pentru a atrage aten\u021bia asupra violen\u021bei de gen.","breadcrumb":{"@id":"https:\/\/buletin.de\/bucuresti\/nu-inseamna-nu-de-la-tnb-pana-in-fata-guvernului-mii-de-oameni-au-cerut-o-societate-sigura-pentru-femei\/#breadcrumb"},"inLanguage":"en-GB","potentialAction":[{"@type":"ReadAction","target":["https:\/\/buletin.de\/bucuresti\/nu-inseamna-nu-de-la-tnb-pana-in-fata-guvernului-mii-de-oameni-au-cerut-o-societate-sigura-pentru-femei\/"]}]},{"@type":"ImageObject","inLanguage":"en-GB","@id":"https:\/\/buletin.de\/bucuresti\/nu-inseamna-nu-de-la-tnb-pana-in-fata-guvernului-mii-de-oameni-au-cerut-o-societate-sigura-pentru-femei\/#primaryimage","url":"https:\/\/buletin.de\/bucuresti\/wp-content\/uploads\/\u201eNu-inseamna-nu-Marsul-pentru-siguranta-femeilor.jpeg","contentUrl":"https:\/\/buletin.de\/bucuresti\/wp-content\/uploads\/\u201eNu-inseamna-nu-Marsul-pentru-siguranta-femeilor.jpeg","width":1600,"height":1200,"caption":"\u201eNU, \u00eenseamn\u0103 NU\u201d, de la TNB p\u00e2n\u0103 \u00een fa\u021ba Guvernului. FOTO: Oana Bogdan"},{"@type":"BreadcrumbList","@id":"https:\/\/buletin.de\/bucuresti\/nu-inseamna-nu-de-la-tnb-pana-in-fata-guvernului-mii-de-oameni-au-cerut-o-societate-sigura-pentru-femei\/#breadcrumb","itemListElement":[{"@type":"ListItem","position":1,"name":"Acas\u0103","item":"https:\/\/buletin.de\/bucuresti\/"},{"@type":"ListItem","position":2,"name":"\u201eNU \u00eenseamn\u0103 NU\u201d, de la TNB p\u00e2n\u0103 \u00een fa\u021ba Guvernului. Mii de oameni au cerut o societate sigur\u0103 pentru femei"}]},{"@type":"WebSite","@id":"https:\/\/buletin.de\/bucuresti\/#website","url":"https:\/\/buletin.de\/bucuresti\/","name":"Buletin de Bucure\u0219ti","description":"\u0218tiri \u0219i investiga\u021bii esen\u021biale din capital\u0103","publisher":{"@id":"https:\/\/buletin.de\/bucuresti\/#organization"},"potentialAction":[{"@type":"SearchAction","target":{"@type":"EntryPoint","urlTemplate":"https:\/\/buletin.de\/bucuresti\/?s={search_term_string}"},"query-input":{"@type":"PropertyValueSpecification","valueRequired":true,"valueName":"search_term_string"}}],"inLanguage":"en-GB"},{"@type":"Organization","@id":"https:\/\/buletin.de\/bucuresti\/#organization","name":"Buletin de Bucure\u0219ti","url":"https:\/\/buletin.de\/bucuresti\/","logo":{"@type":"ImageObject","inLanguage":"en-GB","@id":"https:\/\/buletin.de\/bucuresti\/#\/schema\/logo\/image\/","url":"https:\/\/buletin.de\/bucuresti\/wp-content\/uploads\/logo-bdb-full-wide-vernil-transparent.png","contentUrl":"https:\/\/buletin.de\/bucuresti\/wp-content\/uploads\/logo-bdb-full-wide-vernil-transparent.png","width":1782,"height":626,"caption":"Buletin de Bucure\u0219ti"},"image":{"@id":"https:\/\/buletin.de\/bucuresti\/#\/schema\/logo\/image\/"},"sameAs":["https:\/\/www.facebook.com\/buletin.de.buc","https:\/\/www.instagram.com\/buletinde.bucuresti\/"]},{"@type":"Person","@id":"https:\/\/buletin.de\/bucuresti\/#\/schema\/person\/2bbcf854e5f2419a13804af574d06ab1","name":"Redac\u021bia Buletin de Bucure\u0219ti","image":{"@type":"ImageObject","inLanguage":"en-GB","@id":"https:\/\/secure.gravatar.com\/avatar\/18c5342381ed1a08620e6280424e3e5efc958618f5d67c522c9e44c1bc6f9226?s=96&d=monsterid&r=g60c7cd0ad92c68c049fcd4bb3504d609","url":"https:\/\/secure.gravatar.com\/avatar\/18c5342381ed1a08620e6280424e3e5efc958618f5d67c522c9e44c1bc6f9226?s=96&d=monsterid&r=g","contentUrl":"https:\/\/secure.gravatar.com\/avatar\/18c5342381ed1a08620e6280424e3e5efc958618f5d67c522c9e44c1bc6f9226?s=96&d=monsterid&r=g","caption":"Redac\u021bia Buletin de Bucure\u0219ti"},"description":"Buletin de Bucure\u0219ti exist\u0103 din vara anului 2019.","url":"https:\/\/buletin.de\/bucuresti\/author\/adminbuletin\/"}]}},"authors":[{"term_id":22583,"user_id":1,"is_guest":0,"slug":"adminbuletin","display_name":"Redac\u021bia Buletin de Bucure\u0219ti","avatar_url":"https:\/\/secure.gravatar.com\/avatar\/18c5342381ed1a08620e6280424e3e5efc958618f5d67c522c9e44c1bc6f9226?s=96&d=monsterid&r=g","0":null,"1":"","2":"","3":"","4":"","5":"","6":"","7":"","8":""}],"_links":{"self":[{"href":"https:\/\/buletin.de\/bucuresti\/wp-json\/wp\/v2\/posts\/103123","targetHints":{"allow":["GET"]}}],"collection":[{"href":"https:\/\/buletin.de\/bucuresti\/wp-json\/wp\/v2\/posts"}],"about":[{"href":"https:\/\/buletin.de\/bucuresti\/wp-json\/wp\/v2\/types\/post"}],"author":[{"embeddable":true,"href":"https:\/\/buletin.de\/bucuresti\/wp-json\/wp\/v2\/users\/1"}],"replies":[{"embeddable":true,"href":"https:\/\/buletin.de\/bucuresti\/wp-json\/wp\/v2\/comments?post=103123"}],"version-history":[{"count":4,"href":"https:\/\/buletin.de\/bucuresti\/wp-json\/wp\/v2\/posts\/103123\/revisions"}],"predecessor-version":[{"id":103136,"href":"https:\/\/buletin.de\/bucuresti\/wp-json\/wp\/v2\/posts\/103123\/revisions\/103136"}],"wp:featuredmedia":[{"embeddable":true,"href":"https:\/\/buletin.de\/bucuresti\/wp-json\/wp\/v2\/media\/103124"}],"wp:attachment":[{"href":"https:\/\/buletin.de\/bucuresti\/wp-json\/wp\/v2\/media?parent=103123"}],"wp:term":[{"taxonomy":"category","embeddable":true,"href":"https:\/\/buletin.de\/bucuresti\/wp-json\/wp\/v2\/categories?post=103123"},{"taxonomy":"post_tag","embeddable":true,"href":"https:\/\/buletin.de\/bucuresti\/wp-json\/wp\/v2\/tags?post=103123"},{"taxonomy":"author","embeddable":true,"href":"https:\/\/buletin.de\/bucuresti\/wp-json\/wp\/v2\/ppma_author?post=103123"}],"curies":[{"name":"wp","href":"https:\/\/api.w.org\/{rel}","templated":true}]}}