{"id":10308,"date":"2020-08-11T14:35:46","date_gmt":"2020-08-11T11:35:46","guid":{"rendered":"https:\/\/buletin.de\/bucuresti\/?p=10308"},"modified":"2020-08-13T09:45:46","modified_gmt":"2020-08-13T06:45:46","slug":"patronul-sensiblu-implicat-in-mai-mult-paradisuri-fiscale-sustinut-de-gabriela-firea-pentru-titlul-de-cetatean-de-onoare-al-capitalei","status":"publish","type":"post","link":"https:\/\/buletin.de\/bucuresti\/patronul-sensiblu-implicat-in-mai-mult-paradisuri-fiscale-sustinut-de-gabriela-firea-pentru-titlul-de-cetatean-de-onoare-al-capitalei\/","title":{"rendered":"Fondatorul Sensiblu implicat \u00een mai mult paradisuri fiscale, sus\u021binut de Gabriela Firea pentru titlul de cet\u0103\u021bean de onoare al Capitalei"},"content":{"rendered":"\n<p><\/p>\n\n\n\n<p>Gabriela Firea\nvrea s\u0103 ofere titlul de cet\u0103\u021bean de onoare lui Roger El Akoury, \u201e<em>un\nveritabil colec\u021bionar de art\u0103 \u0219i promotor al artei rom\u00e2ne\u0219ti \u00een lume<\/em>\u201d. El a\nfondat Muzeul de Art\u0103 Recent\u0103 din Bucure\u0219ti, inaugurat \u00een 2018, \u0219i este co-proprietar\nal Cambridge School of Bucharest. <\/p>\n\n\n\n<p>Ce lipse\u0219te \u00eens\u0103 din <a href=\"http:\/\/www4.pmb.ro\/wwwt\/institutii\/CGMB\/sedinte\/ordinea_de_zi\/db\/20200813_04.pdf\">Raportul de Specialitate<\/a> care st\u0103 la baza acestei nominaliz\u0103ri este faptul c\u0103 Roger El Akoury este, de asemenea, fost patron al lan\u021bului de farmacii Sensiblu \u0219i beneficiarul a mai multor offshore-uri. \u00cen 2016, o investiga\u021bie <a href=\"https:\/\/www.riseproject.ro\/articol\/patronii-sensiblu-au-ascuns-sute-de-milioane-de-euro-in-paradisuri-fiscale\/\">Rise Project<\/a> a descoperit numele lui \u00een Panama Papers. Mai exact, jurnali\u0219tii au identificat nou\u0103 offshore-uri prin care \u0219efii Sensiblu au mutat, prin tranzac\u021bii secrete, peste un sfert de miliard de EURO \u00een afara \u021b\u0103rii. Ace\u0219ti bani au un statut fiscal incert. <\/p>\n\n\n\n<p>Toat\u0103 investiga\u021bia\nRise Project poate fi citit\u0103 <a href=\"https:\/\/www.riseproject.ro\/articol\/patronii-sensiblu-au-ascuns-sute-de-milioane-de-euro-in-paradisuri-fiscale\/\">aici.<\/a><\/p>\n\n\n\n<p>Proiectul urmeaz\u0103 s\u0103 fie votat \u00een \u0219edin\u021ba de consiliu din data de 13 august. Roger El Akoury a renun\u021bat la afacere la \u00eenceputul acestui an. <\/p>\n\n\n\n<p><\/p>\n\n\n\n<p>Surs\u0103 cover foto: Facebook Gabriela Firea<\/p>\n","protected":false},"excerpt":{"rendered":"<p>Gabriela Firea vrea s\u0103 ofere titlul de cet\u0103\u021bean de onoare lui Roger El Akoury, \u201eun veritabil colec\u021bionar de art\u0103 \u0219i promotor al artei rom\u00e2ne\u0219ti \u00een lume\u201d. El a fondat Muzeul de Art\u0103 Recent\u0103 din Bucure\u0219ti, inaugurat \u00een 2018, \u0219i este co-proprietar al Cambridge School of Bucharest. Ce lipse\u0219te \u00eens\u0103 din Raportul de Specialitate care st\u0103 [&hellip;]<\/p>\n","protected":false},"author":6,"featured_media":10309,"comment_status":"closed","ping_status":"open","sticky":false,"template":"","format":"standard","meta":{"_acf_changed":false,"inline_featured_image":false,"ngg_post_thumbnail":0,"footnotes":""},"categories":[24,62],"tags":[1411,258,1412],"ppma_author":[22588],"class_list":["post-10308","post","type-post","status-publish","format-standard","has-post-thumbnail","hentry","category-primarie","category-stiri","tag-cetatean-de-onoare","tag-primaria-capitalei","tag-roger-el-akoury"],"acf":[],"yoast_head":"<!-- This site is optimized with the Yoast SEO Premium plugin v25.3 (Yoast SEO v27.5) - https:\/\/yoast.com\/product\/yoast-seo-premium-wordpress\/ -->\n<title>Fondatorul Sensiblu implicat \u00een mai mult paradisuri fiscale, sus\u021binut de Gabriela Firea pentru titlul de cet\u0103\u021bean de onoare al Capitalei - Buletin de Bucure\u0219ti<\/title>\n<meta name=\"robots\" content=\"index, follow, max-snippet:-1, max-image-preview:large, max-video-preview:-1\" \/>\n<link rel=\"canonical\" href=\"https:\/\/buletin.de\/bucuresti\/patronul-sensiblu-implicat-in-mai-mult-paradisuri-fiscale-sustinut-de-gabriela-firea-pentru-titlul-de-cetatean-de-onoare-al-capitalei\/\" \/>\n<meta property=\"og:locale\" content=\"en_GB\" \/>\n<meta property=\"og:type\" content=\"article\" \/>\n<meta property=\"og:title\" content=\"Fondatorul Sensiblu implicat \u00een mai mult paradisuri fiscale, sus\u021binut de Gabriela Firea pentru titlul de cet\u0103\u021bean de onoare al Capitalei\" \/>\n<meta property=\"og:description\" content=\"Gabriela Firea vrea s\u0103 ofere titlul de cet\u0103\u021bean de onoare lui Roger El Akoury, \u201eun veritabil colec\u021bionar de art\u0103 \u0219i promotor al artei rom\u00e2ne\u0219ti \u00een lume\u201d. El a fondat Muzeul de Art\u0103 Recent\u0103 din Bucure\u0219ti, inaugurat \u00een 2018, \u0219i este co-proprietar al Cambridge School of Bucharest. Ce lipse\u0219te \u00eens\u0103 din Raportul de Specialitate care st\u0103 [&hellip;]\" \/>\n<meta property=\"og:url\" content=\"https:\/\/buletin.de\/bucuresti\/patronul-sensiblu-implicat-in-mai-mult-paradisuri-fiscale-sustinut-de-gabriela-firea-pentru-titlul-de-cetatean-de-onoare-al-capitalei\/\" \/>\n<meta property=\"og:site_name\" content=\"Buletin de Bucure\u0219ti\" \/>\n<meta property=\"article:publisher\" content=\"https:\/\/www.facebook.com\/buletin.de.buc\" \/>\n<meta property=\"article:published_time\" content=\"2020-08-11T11:35:46+00:00\" \/>\n<meta property=\"article:modified_time\" content=\"2020-08-13T06:45:46+00:00\" \/>\n<meta property=\"og:image\" content=\"https:\/\/buletin.de\/bucuresti\/wp-content\/uploads\/79103396_2831758313553624_6384864537891307520_n.jpg\" \/>\n\t<meta property=\"og:image:width\" content=\"960\" \/>\n\t<meta property=\"og:image:height\" content=\"638\" \/>\n\t<meta property=\"og:image:type\" content=\"image\/jpeg\" \/>\n<meta name=\"author\" content=\"Bianca Albu\" \/>\n<meta name=\"twitter:card\" content=\"summary_large_image\" \/>\n<meta name=\"twitter:label1\" content=\"Written by\" \/>\n\t<meta name=\"twitter:data1\" content=\"Bianca Albu\" \/>\n\t<meta name=\"twitter:label2\" content=\"Estimated reading time\" \/>\n\t<meta name=\"twitter:data2\" content=\"1 minute\" \/>\n<script type=\"application\/ld+json\" class=\"yoast-schema-graph\">{\"@context\":\"https:\\\/\\\/schema.org\",\"@graph\":[{\"@type\":\"Article\",\"@id\":\"https:\\\/\\\/buletin.de\\\/bucuresti\\\/patronul-sensiblu-implicat-in-mai-mult-paradisuri-fiscale-sustinut-de-gabriela-firea-pentru-titlul-de-cetatean-de-onoare-al-capitalei\\\/#article\",\"isPartOf\":{\"@id\":\"https:\\\/\\\/buletin.de\\\/bucuresti\\\/patronul-sensiblu-implicat-in-mai-mult-paradisuri-fiscale-sustinut-de-gabriela-firea-pentru-titlul-de-cetatean-de-onoare-al-capitalei\\\/\"},\"author\":{\"name\":\"Bianca Albu\",\"@id\":\"https:\\\/\\\/buletin.de\\\/bucuresti\\\/#\\\/schema\\\/person\\\/295dc2228d2dc79294d636619468dc7f\"},\"headline\":\"Fondatorul Sensiblu implicat \u00een mai mult paradisuri fiscale, sus\u021binut de Gabriela Firea pentru titlul de cet\u0103\u021bean de onoare al Capitalei\",\"datePublished\":\"2020-08-11T11:35:46+00:00\",\"dateModified\":\"2020-08-13T06:45:46+00:00\",\"mainEntityOfPage\":{\"@id\":\"https:\\\/\\\/buletin.de\\\/bucuresti\\\/patronul-sensiblu-implicat-in-mai-mult-paradisuri-fiscale-sustinut-de-gabriela-firea-pentru-titlul-de-cetatean-de-onoare-al-capitalei\\\/\"},\"wordCount\":200,\"publisher\":{\"@id\":\"https:\\\/\\\/buletin.de\\\/bucuresti\\\/#organization\"},\"image\":{\"@id\":\"https:\\\/\\\/buletin.de\\\/bucuresti\\\/patronul-sensiblu-implicat-in-mai-mult-paradisuri-fiscale-sustinut-de-gabriela-firea-pentru-titlul-de-cetatean-de-onoare-al-capitalei\\\/#primaryimage\"},\"thumbnailUrl\":\"https:\\\/\\\/buletin.de\\\/bucuresti\\\/wp-content\\\/uploads\\\/79103396_2831758313553624_6384864537891307520_n.jpg\",\"keywords\":[\"cetatean de onoare\",\"primaria capitalei\",\"roger el akoury\"],\"articleSection\":[\"Prim\u0103rie\",\"\u0218tiri\"],\"inLanguage\":\"en-GB\",\"copyrightYear\":\"2020\",\"copyrightHolder\":{\"@id\":\"https:\\\/\\\/buletin.de\\\/bucuresti\\\/#organization\"}},{\"@type\":\"WebPage\",\"@id\":\"https:\\\/\\\/buletin.de\\\/bucuresti\\\/patronul-sensiblu-implicat-in-mai-mult-paradisuri-fiscale-sustinut-de-gabriela-firea-pentru-titlul-de-cetatean-de-onoare-al-capitalei\\\/\",\"url\":\"https:\\\/\\\/buletin.de\\\/bucuresti\\\/patronul-sensiblu-implicat-in-mai-mult-paradisuri-fiscale-sustinut-de-gabriela-firea-pentru-titlul-de-cetatean-de-onoare-al-capitalei\\\/\",\"name\":\"Fondatorul Sensiblu implicat \u00een mai mult paradisuri fiscale, sus\u021binut de Gabriela Firea pentru titlul de cet\u0103\u021bean de onoare al Capitalei - Buletin de Bucure\u0219ti\",\"isPartOf\":{\"@id\":\"https:\\\/\\\/buletin.de\\\/bucuresti\\\/#website\"},\"primaryImageOfPage\":{\"@id\":\"https:\\\/\\\/buletin.de\\\/bucuresti\\\/patronul-sensiblu-implicat-in-mai-mult-paradisuri-fiscale-sustinut-de-gabriela-firea-pentru-titlul-de-cetatean-de-onoare-al-capitalei\\\/#primaryimage\"},\"image\":{\"@id\":\"https:\\\/\\\/buletin.de\\\/bucuresti\\\/patronul-sensiblu-implicat-in-mai-mult-paradisuri-fiscale-sustinut-de-gabriela-firea-pentru-titlul-de-cetatean-de-onoare-al-capitalei\\\/#primaryimage\"},\"thumbnailUrl\":\"https:\\\/\\\/buletin.de\\\/bucuresti\\\/wp-content\\\/uploads\\\/79103396_2831758313553624_6384864537891307520_n.jpg\",\"datePublished\":\"2020-08-11T11:35:46+00:00\",\"dateModified\":\"2020-08-13T06:45:46+00:00\",\"breadcrumb\":{\"@id\":\"https:\\\/\\\/buletin.de\\\/bucuresti\\\/patronul-sensiblu-implicat-in-mai-mult-paradisuri-fiscale-sustinut-de-gabriela-firea-pentru-titlul-de-cetatean-de-onoare-al-capitalei\\\/#breadcrumb\"},\"inLanguage\":\"en-GB\",\"potentialAction\":[{\"@type\":\"ReadAction\",\"target\":[\"https:\\\/\\\/buletin.de\\\/bucuresti\\\/patronul-sensiblu-implicat-in-mai-mult-paradisuri-fiscale-sustinut-de-gabriela-firea-pentru-titlul-de-cetatean-de-onoare-al-capitalei\\\/\"]}]},{\"@type\":\"ImageObject\",\"inLanguage\":\"en-GB\",\"@id\":\"https:\\\/\\\/buletin.de\\\/bucuresti\\\/patronul-sensiblu-implicat-in-mai-mult-paradisuri-fiscale-sustinut-de-gabriela-firea-pentru-titlul-de-cetatean-de-onoare-al-capitalei\\\/#primaryimage\",\"url\":\"https:\\\/\\\/buletin.de\\\/bucuresti\\\/wp-content\\\/uploads\\\/79103396_2831758313553624_6384864537891307520_n.jpg\",\"contentUrl\":\"https:\\\/\\\/buletin.de\\\/bucuresti\\\/wp-content\\\/uploads\\\/79103396_2831758313553624_6384864537891307520_n.jpg\",\"width\":960,\"height\":638},{\"@type\":\"BreadcrumbList\",\"@id\":\"https:\\\/\\\/buletin.de\\\/bucuresti\\\/patronul-sensiblu-implicat-in-mai-mult-paradisuri-fiscale-sustinut-de-gabriela-firea-pentru-titlul-de-cetatean-de-onoare-al-capitalei\\\/#breadcrumb\",\"itemListElement\":[{\"@type\":\"ListItem\",\"position\":1,\"name\":\"Acas\u0103\",\"item\":\"https:\\\/\\\/buletin.de\\\/bucuresti\\\/\"},{\"@type\":\"ListItem\",\"position\":2,\"name\":\"Fondatorul Sensiblu implicat \u00een mai mult paradisuri fiscale, sus\u021binut de Gabriela Firea pentru titlul de cet\u0103\u021bean de onoare al Capitalei\"}]},{\"@type\":\"WebSite\",\"@id\":\"https:\\\/\\\/buletin.de\\\/bucuresti\\\/#website\",\"url\":\"https:\\\/\\\/buletin.de\\\/bucuresti\\\/\",\"name\":\"Buletin de Bucure\u0219ti\",\"description\":\"\u0218tiri \u0219i investiga\u021bii esen\u021biale din capital\u0103\",\"publisher\":{\"@id\":\"https:\\\/\\\/buletin.de\\\/bucuresti\\\/#organization\"},\"potentialAction\":[{\"@type\":\"SearchAction\",\"target\":{\"@type\":\"EntryPoint\",\"urlTemplate\":\"https:\\\/\\\/buletin.de\\\/bucuresti\\\/?s={search_term_string}\"},\"query-input\":{\"@type\":\"PropertyValueSpecification\",\"valueRequired\":true,\"valueName\":\"search_term_string\"}}],\"inLanguage\":\"en-GB\"},{\"@type\":\"Organization\",\"@id\":\"https:\\\/\\\/buletin.de\\\/bucuresti\\\/#organization\",\"name\":\"Buletin de Bucure\u0219ti\",\"url\":\"https:\\\/\\\/buletin.de\\\/bucuresti\\\/\",\"logo\":{\"@type\":\"ImageObject\",\"inLanguage\":\"en-GB\",\"@id\":\"https:\\\/\\\/buletin.de\\\/bucuresti\\\/#\\\/schema\\\/logo\\\/image\\\/\",\"url\":\"https:\\\/\\\/buletin.de\\\/bucuresti\\\/wp-content\\\/uploads\\\/logo-bdb-full-wide-vernil-transparent.png\",\"contentUrl\":\"https:\\\/\\\/buletin.de\\\/bucuresti\\\/wp-content\\\/uploads\\\/logo-bdb-full-wide-vernil-transparent.png\",\"width\":1782,\"height\":626,\"caption\":\"Buletin de Bucure\u0219ti\"},\"image\":{\"@id\":\"https:\\\/\\\/buletin.de\\\/bucuresti\\\/#\\\/schema\\\/logo\\\/image\\\/\"},\"sameAs\":[\"https:\\\/\\\/www.facebook.com\\\/buletin.de.buc\",\"https:\\\/\\\/www.instagram.com\\\/buletinde.bucuresti\\\/\"]},{\"@type\":\"Person\",\"@id\":\"https:\\\/\\\/buletin.de\\\/bucuresti\\\/#\\\/schema\\\/person\\\/295dc2228d2dc79294d636619468dc7f\",\"name\":\"Bianca Albu\",\"image\":{\"@type\":\"ImageObject\",\"inLanguage\":\"en-GB\",\"@id\":\"https:\\\/\\\/secure.gravatar.com\\\/avatar\\\/3df2e34e20f529e6fd7be4311ee1f7c4ec4aa886971590baf6fa214b15743516?s=96&d=monsterid&r=gf541c715eeec409ce8101252a3c0d8a7\",\"url\":\"https:\\\/\\\/secure.gravatar.com\\\/avatar\\\/3df2e34e20f529e6fd7be4311ee1f7c4ec4aa886971590baf6fa214b15743516?s=96&d=monsterid&r=g\",\"contentUrl\":\"https:\\\/\\\/secure.gravatar.com\\\/avatar\\\/3df2e34e20f529e6fd7be4311ee1f7c4ec4aa886971590baf6fa214b15743516?s=96&d=monsterid&r=g\",\"caption\":\"Bianca Albu\"},\"description\":\"Reporter\",\"url\":\"https:\\\/\\\/buletin.de\\\/bucuresti\\\/author\\\/biancaalbu\\\/\"}]}<\/script>\n<!-- \/ Yoast SEO Premium plugin. -->","yoast_head_json":{"title":"Fondatorul Sensiblu implicat \u00een mai mult paradisuri fiscale, sus\u021binut de Gabriela Firea pentru titlul de cet\u0103\u021bean de onoare al Capitalei - Buletin de Bucure\u0219ti","robots":{"index":"index","follow":"follow","max-snippet":"max-snippet:-1","max-image-preview":"max-image-preview:large","max-video-preview":"max-video-preview:-1"},"canonical":"https:\/\/buletin.de\/bucuresti\/patronul-sensiblu-implicat-in-mai-mult-paradisuri-fiscale-sustinut-de-gabriela-firea-pentru-titlul-de-cetatean-de-onoare-al-capitalei\/","og_locale":"en_GB","og_type":"article","og_title":"Fondatorul Sensiblu implicat \u00een mai mult paradisuri fiscale, sus\u021binut de Gabriela Firea pentru titlul de cet\u0103\u021bean de onoare al Capitalei","og_description":"Gabriela Firea vrea s\u0103 ofere titlul de cet\u0103\u021bean de onoare lui Roger El Akoury, \u201eun veritabil colec\u021bionar de art\u0103 \u0219i promotor al artei rom\u00e2ne\u0219ti \u00een lume\u201d. El a fondat Muzeul de Art\u0103 Recent\u0103 din Bucure\u0219ti, inaugurat \u00een 2018, \u0219i este co-proprietar al Cambridge School of Bucharest. Ce lipse\u0219te \u00eens\u0103 din Raportul de Specialitate care st\u0103 [&hellip;]","og_url":"https:\/\/buletin.de\/bucuresti\/patronul-sensiblu-implicat-in-mai-mult-paradisuri-fiscale-sustinut-de-gabriela-firea-pentru-titlul-de-cetatean-de-onoare-al-capitalei\/","og_site_name":"Buletin de Bucure\u0219ti","article_publisher":"https:\/\/www.facebook.com\/buletin.de.buc","article_published_time":"2020-08-11T11:35:46+00:00","article_modified_time":"2020-08-13T06:45:46+00:00","og_image":[{"width":960,"height":638,"url":"https:\/\/buletin.de\/bucuresti\/wp-content\/uploads\/79103396_2831758313553624_6384864537891307520_n.jpg","type":"image\/jpeg"}],"author":"Bianca Albu","twitter_card":"summary_large_image","twitter_misc":{"Written by":"Bianca Albu","Estimated reading time":"1 minute"},"schema":{"@context":"https:\/\/schema.org","@graph":[{"@type":"Article","@id":"https:\/\/buletin.de\/bucuresti\/patronul-sensiblu-implicat-in-mai-mult-paradisuri-fiscale-sustinut-de-gabriela-firea-pentru-titlul-de-cetatean-de-onoare-al-capitalei\/#article","isPartOf":{"@id":"https:\/\/buletin.de\/bucuresti\/patronul-sensiblu-implicat-in-mai-mult-paradisuri-fiscale-sustinut-de-gabriela-firea-pentru-titlul-de-cetatean-de-onoare-al-capitalei\/"},"author":{"name":"Bianca Albu","@id":"https:\/\/buletin.de\/bucuresti\/#\/schema\/person\/295dc2228d2dc79294d636619468dc7f"},"headline":"Fondatorul Sensiblu implicat \u00een mai mult paradisuri fiscale, sus\u021binut de Gabriela Firea pentru titlul de cet\u0103\u021bean de onoare al Capitalei","datePublished":"2020-08-11T11:35:46+00:00","dateModified":"2020-08-13T06:45:46+00:00","mainEntityOfPage":{"@id":"https:\/\/buletin.de\/bucuresti\/patronul-sensiblu-implicat-in-mai-mult-paradisuri-fiscale-sustinut-de-gabriela-firea-pentru-titlul-de-cetatean-de-onoare-al-capitalei\/"},"wordCount":200,"publisher":{"@id":"https:\/\/buletin.de\/bucuresti\/#organization"},"image":{"@id":"https:\/\/buletin.de\/bucuresti\/patronul-sensiblu-implicat-in-mai-mult-paradisuri-fiscale-sustinut-de-gabriela-firea-pentru-titlul-de-cetatean-de-onoare-al-capitalei\/#primaryimage"},"thumbnailUrl":"https:\/\/buletin.de\/bucuresti\/wp-content\/uploads\/79103396_2831758313553624_6384864537891307520_n.jpg","keywords":["cetatean de onoare","primaria capitalei","roger el akoury"],"articleSection":["Prim\u0103rie","\u0218tiri"],"inLanguage":"en-GB","copyrightYear":"2020","copyrightHolder":{"@id":"https:\/\/buletin.de\/bucuresti\/#organization"}},{"@type":"WebPage","@id":"https:\/\/buletin.de\/bucuresti\/patronul-sensiblu-implicat-in-mai-mult-paradisuri-fiscale-sustinut-de-gabriela-firea-pentru-titlul-de-cetatean-de-onoare-al-capitalei\/","url":"https:\/\/buletin.de\/bucuresti\/patronul-sensiblu-implicat-in-mai-mult-paradisuri-fiscale-sustinut-de-gabriela-firea-pentru-titlul-de-cetatean-de-onoare-al-capitalei\/","name":"Fondatorul Sensiblu implicat \u00een mai mult paradisuri fiscale, sus\u021binut de Gabriela Firea pentru titlul de cet\u0103\u021bean de onoare al Capitalei - Buletin de Bucure\u0219ti","isPartOf":{"@id":"https:\/\/buletin.de\/bucuresti\/#website"},"primaryImageOfPage":{"@id":"https:\/\/buletin.de\/bucuresti\/patronul-sensiblu-implicat-in-mai-mult-paradisuri-fiscale-sustinut-de-gabriela-firea-pentru-titlul-de-cetatean-de-onoare-al-capitalei\/#primaryimage"},"image":{"@id":"https:\/\/buletin.de\/bucuresti\/patronul-sensiblu-implicat-in-mai-mult-paradisuri-fiscale-sustinut-de-gabriela-firea-pentru-titlul-de-cetatean-de-onoare-al-capitalei\/#primaryimage"},"thumbnailUrl":"https:\/\/buletin.de\/bucuresti\/wp-content\/uploads\/79103396_2831758313553624_6384864537891307520_n.jpg","datePublished":"2020-08-11T11:35:46+00:00","dateModified":"2020-08-13T06:45:46+00:00","breadcrumb":{"@id":"https:\/\/buletin.de\/bucuresti\/patronul-sensiblu-implicat-in-mai-mult-paradisuri-fiscale-sustinut-de-gabriela-firea-pentru-titlul-de-cetatean-de-onoare-al-capitalei\/#breadcrumb"},"inLanguage":"en-GB","potentialAction":[{"@type":"ReadAction","target":["https:\/\/buletin.de\/bucuresti\/patronul-sensiblu-implicat-in-mai-mult-paradisuri-fiscale-sustinut-de-gabriela-firea-pentru-titlul-de-cetatean-de-onoare-al-capitalei\/"]}]},{"@type":"ImageObject","inLanguage":"en-GB","@id":"https:\/\/buletin.de\/bucuresti\/patronul-sensiblu-implicat-in-mai-mult-paradisuri-fiscale-sustinut-de-gabriela-firea-pentru-titlul-de-cetatean-de-onoare-al-capitalei\/#primaryimage","url":"https:\/\/buletin.de\/bucuresti\/wp-content\/uploads\/79103396_2831758313553624_6384864537891307520_n.jpg","contentUrl":"https:\/\/buletin.de\/bucuresti\/wp-content\/uploads\/79103396_2831758313553624_6384864537891307520_n.jpg","width":960,"height":638},{"@type":"BreadcrumbList","@id":"https:\/\/buletin.de\/bucuresti\/patronul-sensiblu-implicat-in-mai-mult-paradisuri-fiscale-sustinut-de-gabriela-firea-pentru-titlul-de-cetatean-de-onoare-al-capitalei\/#breadcrumb","itemListElement":[{"@type":"ListItem","position":1,"name":"Acas\u0103","item":"https:\/\/buletin.de\/bucuresti\/"},{"@type":"ListItem","position":2,"name":"Fondatorul Sensiblu implicat \u00een mai mult paradisuri fiscale, sus\u021binut de Gabriela Firea pentru titlul de cet\u0103\u021bean de onoare al Capitalei"}]},{"@type":"WebSite","@id":"https:\/\/buletin.de\/bucuresti\/#website","url":"https:\/\/buletin.de\/bucuresti\/","name":"Buletin de Bucure\u0219ti","description":"\u0218tiri \u0219i investiga\u021bii esen\u021biale din capital\u0103","publisher":{"@id":"https:\/\/buletin.de\/bucuresti\/#organization"},"potentialAction":[{"@type":"SearchAction","target":{"@type":"EntryPoint","urlTemplate":"https:\/\/buletin.de\/bucuresti\/?s={search_term_string}"},"query-input":{"@type":"PropertyValueSpecification","valueRequired":true,"valueName":"search_term_string"}}],"inLanguage":"en-GB"},{"@type":"Organization","@id":"https:\/\/buletin.de\/bucuresti\/#organization","name":"Buletin de Bucure\u0219ti","url":"https:\/\/buletin.de\/bucuresti\/","logo":{"@type":"ImageObject","inLanguage":"en-GB","@id":"https:\/\/buletin.de\/bucuresti\/#\/schema\/logo\/image\/","url":"https:\/\/buletin.de\/bucuresti\/wp-content\/uploads\/logo-bdb-full-wide-vernil-transparent.png","contentUrl":"https:\/\/buletin.de\/bucuresti\/wp-content\/uploads\/logo-bdb-full-wide-vernil-transparent.png","width":1782,"height":626,"caption":"Buletin de Bucure\u0219ti"},"image":{"@id":"https:\/\/buletin.de\/bucuresti\/#\/schema\/logo\/image\/"},"sameAs":["https:\/\/www.facebook.com\/buletin.de.buc","https:\/\/www.instagram.com\/buletinde.bucuresti\/"]},{"@type":"Person","@id":"https:\/\/buletin.de\/bucuresti\/#\/schema\/person\/295dc2228d2dc79294d636619468dc7f","name":"Bianca Albu","image":{"@type":"ImageObject","inLanguage":"en-GB","@id":"https:\/\/secure.gravatar.com\/avatar\/3df2e34e20f529e6fd7be4311ee1f7c4ec4aa886971590baf6fa214b15743516?s=96&d=monsterid&r=gf541c715eeec409ce8101252a3c0d8a7","url":"https:\/\/secure.gravatar.com\/avatar\/3df2e34e20f529e6fd7be4311ee1f7c4ec4aa886971590baf6fa214b15743516?s=96&d=monsterid&r=g","contentUrl":"https:\/\/secure.gravatar.com\/avatar\/3df2e34e20f529e6fd7be4311ee1f7c4ec4aa886971590baf6fa214b15743516?s=96&d=monsterid&r=g","caption":"Bianca Albu"},"description":"Reporter","url":"https:\/\/buletin.de\/bucuresti\/author\/biancaalbu\/"}]}},"authors":[{"term_id":22588,"user_id":6,"is_guest":0,"slug":"biancaalbu","display_name":"Bianca Albu","avatar_url":"https:\/\/secure.gravatar.com\/avatar\/3df2e34e20f529e6fd7be4311ee1f7c4ec4aa886971590baf6fa214b15743516?s=96&d=monsterid&r=g","0":null,"1":"","2":"","3":"","4":"","5":"","6":"","7":"","8":""}],"_links":{"self":[{"href":"https:\/\/buletin.de\/bucuresti\/wp-json\/wp\/v2\/posts\/10308","targetHints":{"allow":["GET"]}}],"collection":[{"href":"https:\/\/buletin.de\/bucuresti\/wp-json\/wp\/v2\/posts"}],"about":[{"href":"https:\/\/buletin.de\/bucuresti\/wp-json\/wp\/v2\/types\/post"}],"author":[{"embeddable":true,"href":"https:\/\/buletin.de\/bucuresti\/wp-json\/wp\/v2\/users\/6"}],"replies":[{"embeddable":true,"href":"https:\/\/buletin.de\/bucuresti\/wp-json\/wp\/v2\/comments?post=10308"}],"version-history":[{"count":3,"href":"https:\/\/buletin.de\/bucuresti\/wp-json\/wp\/v2\/posts\/10308\/revisions"}],"predecessor-version":[{"id":10458,"href":"https:\/\/buletin.de\/bucuresti\/wp-json\/wp\/v2\/posts\/10308\/revisions\/10458"}],"wp:featuredmedia":[{"embeddable":true,"href":"https:\/\/buletin.de\/bucuresti\/wp-json\/wp\/v2\/media\/10309"}],"wp:attachment":[{"href":"https:\/\/buletin.de\/bucuresti\/wp-json\/wp\/v2\/media?parent=10308"}],"wp:term":[{"taxonomy":"category","embeddable":true,"href":"https:\/\/buletin.de\/bucuresti\/wp-json\/wp\/v2\/categories?post=10308"},{"taxonomy":"post_tag","embeddable":true,"href":"https:\/\/buletin.de\/bucuresti\/wp-json\/wp\/v2\/tags?post=10308"},{"taxonomy":"author","embeddable":true,"href":"https:\/\/buletin.de\/bucuresti\/wp-json\/wp\/v2\/ppma_author?post=10308"}],"curies":[{"name":"wp","href":"https:\/\/api.w.org\/{rel}","templated":true}]}}