{"id":103069,"date":"2024-10-21T09:26:45","date_gmt":"2024-10-21T06:26:45","guid":{"rendered":"https:\/\/buletin.de\/bucuresti\/?p=103069"},"modified":"2024-10-22T13:22:21","modified_gmt":"2024-10-22T10:22:21","slug":"sanse-ca-unele-calorifere-sa-se-dezmorteasca-in-aceasta-seara","status":"publish","type":"post","link":"https:\/\/buletin.de\/bucuresti\/sanse-ca-unele-calorifere-sa-se-dezmorteasca-in-aceasta-seara\/","title":{"rendered":"TERMOFICARE | \u0218anse ca unele calorifere s\u0103 se \u201edezmor\u021beasc\u0103\u201d \u00een aceast\u0103 sear\u0103. Claudiu Cre\u021bu, director ELCEN: \u201eExist\u0103 riscul ca anumite zone s\u0103 nu primeasc\u0103 agent termic din cauza avariilor\u201d"},"content":{"rendered":"\n<p><strong>Bucure\u0219tenii ar putea avea parte de c\u0103ldur\u0103 \u00een apartamente \u00eencep\u00e2nd de luni sear\u0103.&nbsp; ELCEN a anun\u021bat c\u0103 este preg\u0103tit\u0103 s\u0103 furnizeze agent termic, a\u0219tept\u00e2nd doar comanda de la Termoenergetica, care la r\u00e2ndul ei se ghideaz\u0103 dup\u0103 prognoza oficial\u0103 a Agen\u021biei Na\u021bionale de Meteorologie. Totu\u0219i, exist\u0103 riscul ca unele blocuri s\u0103 nu primeasc\u0103 agent termic din cauza avariilor, a avertizat directorul ELCEN.<\/strong><\/p>\n\n\n\n<h2 class=\"wp-block-heading\" id=\"h-update-22-octombrie-termoenergetica-anun\u021ba-ca-toate-punctele-termice-au-fost-trecute-in-schema-de-iarna\">UPDATE 22 octombrie: Termoenergetica anun\u021b\u0103 c\u0103 toate punctele termice au fost trecute \u201e\u00een schema de iarn\u0103\u201d. <\/h2>\n\n\n\n<p>Compania Municipal\u0103 Termoenergetica Bucure\u0219ti a comunicat la solicitarea Buletin de Bucure\u0219ti c\u0103 a transmis comanda prin care a cerut cre\u0219terea debitului \u0219i a sarcinii termice c\u0103tre ELCEN, respectiv a parametrilor necesari pentru furnizarea \u00eenc\u0103lzirii, av\u00e2nd \u00een vedere faptul c\u0103 s-au \u00eendeplinit condi\u021biile pentru furnizarea agentului termic pentru \u00eenc\u0103lzire. <\/p>\n\n\n\n<p>Mai mult, ar exista&nbsp;asocia\u021bii de proprietari care nu au deschis circuitul de \u00eenc\u0103lzire \u0219i &nbsp;\u201e\u00een cele mai multe cazuri nici nu au anun\u021bat compania\u201d.&nbsp;Reac\u021bia vine dup\u0103 ce reprezenta\u021bii ELCEN au transmis c\u0103, p\u00e2n\u0103 mar\u021bi diminea\u021b\u0103, \u201enu a fost solicitat\u0103 pornirea tuturor CET-urilor\u201d.<\/p>\n\n\n\n<p>CITE\u0218TE \u0218I: <strong><a href=\"https:\/\/buletin.de\/bucuresti\/zonele-unde-inca-sunt-deschise-santiere\/\" target=\"_blank\" rel=\"noreferrer noopener\">Care sunt zonele unde \u00eenc\u0103 sunt \u0219antiere<\/a><\/strong><\/p>\n\n\n\n<hr class=\"wp-block-separator has-alpha-channel-opacity\"\/>\n\n\n\n<h2 class=\"wp-block-heading\" id=\"h-update-caldura-intarzie-in-caloriferele-bucure\u0219tenilor\">UPDATE: C\u0103ldura \u00eent\u00e2rzie \u00een caloriferele bucure\u0219tenilor<\/h2>\n\n\n\n<p>C\u0103ldura \u00eent\u00e2rzie \u00een caloriferele bucure\u0219tenilor. De\u0219i legea prevede furnizarea agentului termic dup\u0103 trei nop\u021bi consecutive cu temperaturi sub 10 grade,&nbsp; bucure\u0219tenii conecta\u021bi la sistemul centralizat de termoficare \u00eenc\u0103 a\u0219teapt\u0103 c\u0103ldura \u00een calorifere. <\/p>\n\n\n\n<p>Doar dou\u0103 CET-uri din patru sunt pornite la aceast\u0103 or\u0103 pentru c\u0103 Termoenergetica \u00eenc\u0103 nu a solicitat oficial trecerea \u00een regim de iarn\u0103.<\/p>\n\n\n\n<p>CITE\u0218TE \u0218I: <a href=\"https:\/\/buletin.de\/bucuresti\/caldura-intarzie-in-caloriferele-bucurestenilor-elcen-nu-a-fost-solicitata-pornirea-tuturor-cet-urilor\/\" target=\"_blank\" rel=\"noreferrer noopener\"><strong>\u201e<\/strong><\/a><a href=\"https:\/\/buletin.de\/bucuresti\/caldura-intarzie-in-caloriferele-bucurestenilor-elcen-nu-a-fost-solicitata-pornirea-tuturor-cet-urilor\/\"><strong>Nu a fost solicitat\u0103 pornirea tuturor CET-urilor\u201d<\/strong><\/a><\/p>\n\n\n\n<h2 class=\"wp-block-heading\" id=\"h-update-caloriferele-se-vor-incalzi-in-noaptea-de-21-spre-22-octombrie-anun\u021ba-nicu\u0219or-dan\">UPDATE: Caloriferele se vor \u00eenc\u0103lzi \u00een noaptea de 21 spre 22 octombrie, anun\u021b\u0103 Nicu\u0219or Dan<\/h2>\n\n\n\n<p><strong>Bucure\u015ftenii care depind de sistemul centralizat de termoficare vor avea calorifere calde din aceast\u0103 sear\u0103, 21 octombrie, a transmis primarul general, \u00eentr-o conferin\u0163\u0103 de pres\u0103 dup\u0103 ce a plecat din \u015fedin\u0163a de Consiliu General. \u00centrebat de furnizarea agentului termic, acesta a spus c\u0103 va \u00eencepe, conform legii, pentru c\u0103 au fost trei nop\u0163i consecutive cu temperaturi sub 10 grade.<\/strong><\/p>\n\n\n\n<p>Termoenergetica \u00eencepe furnizarea agentului termic, \u00eens\u0103 asta nu \u00eenseamn\u0103 c\u0103 toate blocurile vor avea c\u0103ldur\u0103, din cauza avariilor.<\/p>\n\n\n\n<p>CITE\u0218TE \u0218I: <strong><a href=\"http:\/\/N.Dan: Calorifere calde \u00een sistemul centralizat din Capital\u0103, \u00een noaptea de 21 spre 22 octombrie. Avarii probabile \u00een anumite zone\" target=\"_blank\" rel=\"noreferrer noopener\">N.Dan: Calorifere calde \u00een sistemul centralizat din Capital\u0103, \u00een noaptea de 21 spre 22 octombrie. Avarii probabile \u00een anumite zone<\/a><\/strong><\/p>\n\n\n\n<hr class=\"wp-block-separator has-alpha-channel-opacity\"\/>\n\n\n\n<p>\u201eELCEN este preg\u0103tit\u0103, a\u0219tept\u0103m comanda de la Termoenergetica, care \u021bine leg\u0103tura cu Agen\u021bia Na\u021bional\u0103 de Meteorologie cu privire la temperaturile nocturne. \u00cen func\u021bie de acestea, se aplic\u0103 Hot\u0103r\u00e2rea de Guvern privind temperatura medie de sub 10 grade&#8221;, a declarat pentru Buletin de Bucure\u0219ti, Claudiu Cre\u021bu, directorul ELCEN.<\/p>\n\n\n\n<p>Probele la cald ar fi \u00eenceput deja, \u00eens\u0103 cre\u0219terea presiunii \u00een re\u021bea se va face gradual. Astfel, exist\u0103 riscul ca anumite zone s\u0103 nu primeasc\u0103 agent termic din cauza unor eventuale avarii.<\/p>\n\n\n\n<p>CITE\u0218TE \u0218I: <strong><a href=\"https:\/\/buletin.de\/bucuresti\/cand-vom-primi-caldura-in-bucuresti\/\" target=\"_blank\" rel=\"noreferrer noopener\">C\u00e2nd vom primi c\u0103ldur\u0103 de la Termoenergetica<\/a><\/strong><\/p>\n\n\n\n<h2 class=\"wp-block-heading\" id=\"h-exista-riscul-ca-anumite-zone-sa-nu-primeasca-agent-termic-din-cauza-avariilor\">\u201eExist\u0103 riscul ca anumite zone s\u0103 nu primeasc\u0103 agent termic din cauza avariilor\u201d<\/h2>\n\n\n\n<p><em>\u201ePractic se m\u0103re\u0219te sarcina termic\u0103. \u00cen func\u021bie de cum se a\u0219az\u0103 re\u021beaua, <strong>e greu de spus dac\u0103 p\u00e2n\u0103 disear\u0103 vom avea c\u0103ldur\u0103 \u00een ora\u0219.<\/strong> Unele calorifere vor \u00eencepe s\u0103 se dezmor\u021beasc\u0103. Se d\u0103 drumul gradual. <\/em><\/p>\n\n\n\n<p><em>Exist\u0103 riscul ca anumite zone s\u0103 nu primeasc\u0103 agent termic din cauza unor avarii care pot ap\u0103rea \u00een timpul probelor\u201d, a explicat Cre\u021bu.<\/em><\/p>\n\n\n\n<p><strong>Conform <a href=\"https:\/\/legislatie.just.ro\/Public\/DetaliiDocumentAfis\/200792\">Hot\u0103r\u00e2rii nr. 425\/1994<\/a>, furnizarea c\u0103ldurii se face dup\u0103 \u00eenregistrarea, timp de trei zile consecutiv, a unor temperaturi medii zilnice sub 10 grade Celsius \u00eentre orele 20:00-06:00.<\/strong> Prognoza meteo pentru Bucure\u0219ti indic\u0103 minime \u00eentre 4 \u0219i 8 grade Celsius pentru intervalul 21-24 octombrie, ceea ce face necesar\u0103 pornirea \u00eenc\u0103lzirii.<\/p>\n\n\n\n<p>CITE\u0218TE \u0218I <a href=\"https:\/\/buletin.de\/bucuresti\/foto-ce-se-afla-in-sicriul-de-zinc-descoperit-in-bucuresti-in-primavara\/\"><strong>FOTO | Ce se afla \u00een sicriul de zinc descoperit \u00een Bucure\u0219ti, \u00een prim\u0103var\u0103<\/strong><\/a><\/p>\n\n\n\n<h2 class=\"wp-block-heading\" id=\"h-cand-vom-primi-caldura-de-la-termoenergetica\"><strong>C\u00e2nd vom primi c\u0103ldur\u0103 de la Termoenergetica?<\/strong><\/h2>\n\n\n\n<p><strong>\u00cenainte de pornirea oficial\u0103 a c\u0103ldurii, asocia\u021biile de proprietari au obliga\u021bia de a verifica instala\u021biile interioare \u0219i de a se asigura c\u0103 locatarii \u0219i-au finalizat lucr\u0103rile din apartamente \u0219i au aerisit caloriferele.<\/strong><\/p>\n\n\n\n<p>Termoenergetica a demarat procedurile pentru probele la cald \u00een noaptea de 18 spre 19 octombrie, pentru a verifica func\u021bionarea traseelor de termoficare. Compania a anun\u021bat c\u0103 va continua doar lucr\u0103rile provizorii, pentru a nu afecta furnizarea agentului termic. Asocia\u021biile de proprietari care nu doresc \u00eenc\u0103lzire \u00een aceast\u0103 perioad\u0103 pot solicita acest lucru \u00een scris la sediul Termoenergetica.<\/p>\n\n\n\n<p>Prognoza meteo pentru Bucure\u0219ti indic\u0103 temperaturi sc\u0103zute \u0219i pentru intervalul 21-24 octombrie, cu minime \u00eentre 4 \u0219i 8 grade Celsius.<\/p>\n\n\n\n<p>CITE\u0218TE \u0218I <a href=\"https:\/\/buletin.de\/bucuresti\/cum-va-fi-vremea-la-bucuresti\/\"><strong>METEO | Cum va fi vremea s\u0103pt\u0103m\u00e2na viitoare la Bucure\u0219ti. Nop\u021bile vin cu cel mult 7 grade \u00een termometre<\/strong><\/a><\/p>\n","protected":false},"excerpt":{"rendered":"<p>Bucure\u0219tenii ar putea avea parte de c\u0103ldur\u0103 \u00een apartamente \u00eencep\u00e2nd de luni sear\u0103.&nbsp; ELCEN a anun\u021bat c\u0103 este preg\u0103tit\u0103 s\u0103 furnizeze agent termic, a\u0219tept\u00e2nd doar comanda de la Termoenergetica, care la r\u00e2ndul ei se ghideaz\u0103 dup\u0103 prognoza oficial\u0103 a Agen\u021biei Na\u021bionale de Meteorologie. Totu\u0219i, exist\u0103 riscul ca unele blocuri s\u0103 nu primeasc\u0103 agent termic din [&hellip;]<\/p>\n","protected":false},"author":10,"featured_media":103071,"comment_status":"closed","ping_status":"open","sticky":false,"template":"","format":"standard","meta":{"_acf_changed":false,"inline_featured_image":false,"ngg_post_thumbnail":0,"footnotes":""},"categories":[6994,3419,6214],"tags":[1960,248,16157,16156,237,3281,533],"ppma_author":[22575],"class_list":["post-103069","post","type-post","status-publish","format-standard","has-post-thumbnail","hentry","category-stiri-2","category-featured","category-termo","tag-avarii","tag-caldura","tag-calorifere","tag-cand","tag-elcen","tag-probe","tag-termoenergetica"],"acf":[],"yoast_head":"<!-- This site is optimized with the Yoast SEO Premium plugin v25.3 (Yoast SEO v27.5) - https:\/\/yoast.com\/product\/yoast-seo-premium-wordpress\/ -->\n<title>TERMOFICARE | \u0218anse ca unele calorifere s\u0103 se \u201edezmor\u021beasc\u0103\u201d \u00een aceast\u0103 sear\u0103. Claudiu Cre\u021bu, director ELCEN: \u201eExist\u0103 riscul ca anumite zone s\u0103 nu primeasc\u0103 agent termic din cauza avariilor\u201d - Buletin de Bucure\u0219ti<\/title>\n<meta name=\"description\" content=\"\u0218anse ca unele calorifere s\u0103 se \u201edezmor\u021beasc\u0103\u201d \u00een aceast\u0103 sear\u0103. \u201eExist\u0103 riscul ca anumite zone s\u0103 nu primeasc\u0103 agent termic\u201d\" \/>\n<meta name=\"robots\" content=\"index, follow, max-snippet:-1, max-image-preview:large, max-video-preview:-1\" \/>\n<link rel=\"canonical\" href=\"https:\/\/buletin.de\/bucuresti\/sanse-ca-unele-calorifere-sa-se-dezmorteasca-in-aceasta-seara\/\" \/>\n<meta property=\"og:locale\" content=\"en_GB\" \/>\n<meta property=\"og:type\" content=\"article\" \/>\n<meta property=\"og:title\" content=\"TERMOFICARE | \u0218anse ca unele calorifere s\u0103 se \u201edezmor\u021beasc\u0103\u201d \u00een aceast\u0103 sear\u0103. Claudiu Cre\u021bu, director ELCEN: \u201eExist\u0103 riscul ca anumite zone s\u0103 nu primeasc\u0103 agent termic din cauza avariilor\u201d\" \/>\n<meta property=\"og:description\" content=\"\u0218anse ca unele calorifere s\u0103 se \u201edezmor\u021beasc\u0103\u201d \u00een aceast\u0103 sear\u0103. \u201eExist\u0103 riscul ca anumite zone s\u0103 nu primeasc\u0103 agent termic\u201d\" \/>\n<meta property=\"og:url\" content=\"https:\/\/buletin.de\/bucuresti\/sanse-ca-unele-calorifere-sa-se-dezmorteasca-in-aceasta-seara\/\" \/>\n<meta property=\"og:site_name\" content=\"Buletin de Bucure\u0219ti\" \/>\n<meta property=\"article:publisher\" content=\"https:\/\/www.facebook.com\/buletin.de.buc\" \/>\n<meta property=\"article:published_time\" content=\"2024-10-21T06:26:45+00:00\" \/>\n<meta property=\"article:modified_time\" content=\"2024-10-22T10:22:21+00:00\" \/>\n<meta property=\"og:image\" content=\"https:\/\/buletin.de\/bucuresti\/wp-content\/uploads\/ID241367_INQUAM_Photos_George_Calin.jpg\" \/>\n\t<meta property=\"og:image:width\" content=\"2000\" \/>\n\t<meta property=\"og:image:height\" content=\"1333\" \/>\n\t<meta property=\"og:image:type\" content=\"image\/jpeg\" \/>\n<meta name=\"author\" content=\"C\u0103t\u0103lin Dosca\u0219\" \/>\n<meta name=\"twitter:card\" content=\"summary_large_image\" \/>\n<meta name=\"twitter:label1\" content=\"Written by\" \/>\n\t<meta name=\"twitter:data1\" content=\"C\u0103t\u0103lin Dosca\u0219\" \/>\n\t<meta name=\"twitter:label2\" content=\"Estimated reading time\" \/>\n\t<meta name=\"twitter:data2\" content=\"4 minutes\" \/>\n<script type=\"application\/ld+json\" class=\"yoast-schema-graph\">{\"@context\":\"https:\\\/\\\/schema.org\",\"@graph\":[{\"@type\":\"Article\",\"@id\":\"https:\\\/\\\/buletin.de\\\/bucuresti\\\/sanse-ca-unele-calorifere-sa-se-dezmorteasca-in-aceasta-seara\\\/#article\",\"isPartOf\":{\"@id\":\"https:\\\/\\\/buletin.de\\\/bucuresti\\\/sanse-ca-unele-calorifere-sa-se-dezmorteasca-in-aceasta-seara\\\/\"},\"author\":{\"name\":\"C\u0103t\u0103lin Dosca\u0219\",\"@id\":\"https:\\\/\\\/buletin.de\\\/bucuresti\\\/#\\\/schema\\\/person\\\/31117187ed4d0bdb0a4c7d6acc79d0f8\"},\"headline\":\"TERMOFICARE | \u0218anse ca unele calorifere s\u0103 se \u201edezmor\u021beasc\u0103\u201d \u00een aceast\u0103 sear\u0103. Claudiu Cre\u021bu, director ELCEN: \u201eExist\u0103 riscul ca anumite zone s\u0103 nu primeasc\u0103 agent termic din cauza avariilor\u201d\",\"datePublished\":\"2024-10-21T06:26:45+00:00\",\"dateModified\":\"2024-10-22T10:22:21+00:00\",\"mainEntityOfPage\":{\"@id\":\"https:\\\/\\\/buletin.de\\\/bucuresti\\\/sanse-ca-unele-calorifere-sa-se-dezmorteasca-in-aceasta-seara\\\/\"},\"wordCount\":840,\"publisher\":{\"@id\":\"https:\\\/\\\/buletin.de\\\/bucuresti\\\/#organization\"},\"image\":{\"@id\":\"https:\\\/\\\/buletin.de\\\/bucuresti\\\/sanse-ca-unele-calorifere-sa-se-dezmorteasca-in-aceasta-seara\\\/#primaryimage\"},\"thumbnailUrl\":\"https:\\\/\\\/buletin.de\\\/bucuresti\\\/wp-content\\\/uploads\\\/ID241367_INQUAM_Photos_George_Calin.jpg\",\"keywords\":[\"avarii\",\"caldura\",\"calorifere\",\"cand\",\"elcen\",\"probe\",\"termoenergetica\"],\"articleSection\":[\"Articole\",\"Featured\",\"Termoficare\"],\"inLanguage\":\"en-GB\",\"copyrightYear\":\"2024\",\"copyrightHolder\":{\"@id\":\"https:\\\/\\\/buletin.de\\\/bucuresti\\\/#organization\"}},{\"@type\":\"WebPage\",\"@id\":\"https:\\\/\\\/buletin.de\\\/bucuresti\\\/sanse-ca-unele-calorifere-sa-se-dezmorteasca-in-aceasta-seara\\\/\",\"url\":\"https:\\\/\\\/buletin.de\\\/bucuresti\\\/sanse-ca-unele-calorifere-sa-se-dezmorteasca-in-aceasta-seara\\\/\",\"name\":\"TERMOFICARE | \u0218anse ca unele calorifere s\u0103 se \u201edezmor\u021beasc\u0103\u201d \u00een aceast\u0103 sear\u0103. Claudiu Cre\u021bu, director ELCEN: \u201eExist\u0103 riscul ca anumite zone s\u0103 nu primeasc\u0103 agent termic din cauza avariilor\u201d - Buletin de Bucure\u0219ti\",\"isPartOf\":{\"@id\":\"https:\\\/\\\/buletin.de\\\/bucuresti\\\/#website\"},\"primaryImageOfPage\":{\"@id\":\"https:\\\/\\\/buletin.de\\\/bucuresti\\\/sanse-ca-unele-calorifere-sa-se-dezmorteasca-in-aceasta-seara\\\/#primaryimage\"},\"image\":{\"@id\":\"https:\\\/\\\/buletin.de\\\/bucuresti\\\/sanse-ca-unele-calorifere-sa-se-dezmorteasca-in-aceasta-seara\\\/#primaryimage\"},\"thumbnailUrl\":\"https:\\\/\\\/buletin.de\\\/bucuresti\\\/wp-content\\\/uploads\\\/ID241367_INQUAM_Photos_George_Calin.jpg\",\"datePublished\":\"2024-10-21T06:26:45+00:00\",\"dateModified\":\"2024-10-22T10:22:21+00:00\",\"description\":\"\u0218anse ca unele calorifere s\u0103 se \u201edezmor\u021beasc\u0103\u201d \u00een aceast\u0103 sear\u0103. \u201eExist\u0103 riscul ca anumite zone s\u0103 nu primeasc\u0103 agent termic\u201d\",\"breadcrumb\":{\"@id\":\"https:\\\/\\\/buletin.de\\\/bucuresti\\\/sanse-ca-unele-calorifere-sa-se-dezmorteasca-in-aceasta-seara\\\/#breadcrumb\"},\"inLanguage\":\"en-GB\",\"potentialAction\":[{\"@type\":\"ReadAction\",\"target\":[\"https:\\\/\\\/buletin.de\\\/bucuresti\\\/sanse-ca-unele-calorifere-sa-se-dezmorteasca-in-aceasta-seara\\\/\"]}]},{\"@type\":\"ImageObject\",\"inLanguage\":\"en-GB\",\"@id\":\"https:\\\/\\\/buletin.de\\\/bucuresti\\\/sanse-ca-unele-calorifere-sa-se-dezmorteasca-in-aceasta-seara\\\/#primaryimage\",\"url\":\"https:\\\/\\\/buletin.de\\\/bucuresti\\\/wp-content\\\/uploads\\\/ID241367_INQUAM_Photos_George_Calin.jpg\",\"contentUrl\":\"https:\\\/\\\/buletin.de\\\/bucuresti\\\/wp-content\\\/uploads\\\/ID241367_INQUAM_Photos_George_Calin.jpg\",\"width\":2000,\"height\":1333,\"caption\":\"\u201eExist\u0103 riscul ca anumite zone s\u0103 nu primeasc\u0103 agent termic din cauza avariilor\u201d, spune directorul ELCEN. FOTO: Inquam Photos \\\/ George C\u0103lin\"},{\"@type\":\"BreadcrumbList\",\"@id\":\"https:\\\/\\\/buletin.de\\\/bucuresti\\\/sanse-ca-unele-calorifere-sa-se-dezmorteasca-in-aceasta-seara\\\/#breadcrumb\",\"itemListElement\":[{\"@type\":\"ListItem\",\"position\":1,\"name\":\"Acas\u0103\",\"item\":\"https:\\\/\\\/buletin.de\\\/bucuresti\\\/\"},{\"@type\":\"ListItem\",\"position\":2,\"name\":\"TERMOFICARE | \u0218anse ca unele calorifere s\u0103 se \u201edezmor\u021beasc\u0103\u201d \u00een aceast\u0103 sear\u0103. Claudiu Cre\u021bu, director ELCEN: \u201eExist\u0103 riscul ca anumite zone s\u0103 nu primeasc\u0103 agent termic din cauza avariilor\u201d\"}]},{\"@type\":\"WebSite\",\"@id\":\"https:\\\/\\\/buletin.de\\\/bucuresti\\\/#website\",\"url\":\"https:\\\/\\\/buletin.de\\\/bucuresti\\\/\",\"name\":\"Buletin de Bucure\u0219ti\",\"description\":\"\u0218tiri \u0219i investiga\u021bii esen\u021biale din capital\u0103\",\"publisher\":{\"@id\":\"https:\\\/\\\/buletin.de\\\/bucuresti\\\/#organization\"},\"potentialAction\":[{\"@type\":\"SearchAction\",\"target\":{\"@type\":\"EntryPoint\",\"urlTemplate\":\"https:\\\/\\\/buletin.de\\\/bucuresti\\\/?s={search_term_string}\"},\"query-input\":{\"@type\":\"PropertyValueSpecification\",\"valueRequired\":true,\"valueName\":\"search_term_string\"}}],\"inLanguage\":\"en-GB\"},{\"@type\":\"Organization\",\"@id\":\"https:\\\/\\\/buletin.de\\\/bucuresti\\\/#organization\",\"name\":\"Buletin de Bucure\u0219ti\",\"url\":\"https:\\\/\\\/buletin.de\\\/bucuresti\\\/\",\"logo\":{\"@type\":\"ImageObject\",\"inLanguage\":\"en-GB\",\"@id\":\"https:\\\/\\\/buletin.de\\\/bucuresti\\\/#\\\/schema\\\/logo\\\/image\\\/\",\"url\":\"https:\\\/\\\/buletin.de\\\/bucuresti\\\/wp-content\\\/uploads\\\/logo-bdb-full-wide-vernil-transparent.png\",\"contentUrl\":\"https:\\\/\\\/buletin.de\\\/bucuresti\\\/wp-content\\\/uploads\\\/logo-bdb-full-wide-vernil-transparent.png\",\"width\":1782,\"height\":626,\"caption\":\"Buletin de Bucure\u0219ti\"},\"image\":{\"@id\":\"https:\\\/\\\/buletin.de\\\/bucuresti\\\/#\\\/schema\\\/logo\\\/image\\\/\"},\"sameAs\":[\"https:\\\/\\\/www.facebook.com\\\/buletin.de.buc\",\"https:\\\/\\\/www.instagram.com\\\/buletinde.bucuresti\\\/\"]},{\"@type\":\"Person\",\"@id\":\"https:\\\/\\\/buletin.de\\\/bucuresti\\\/#\\\/schema\\\/person\\\/31117187ed4d0bdb0a4c7d6acc79d0f8\",\"name\":\"C\u0103t\u0103lin Dosca\u0219\",\"image\":{\"@type\":\"ImageObject\",\"inLanguage\":\"en-GB\",\"@id\":\"https:\\\/\\\/buletin.de\\\/bucuresti\\\/wp-content\\\/uploads\\\/Catalin-Doscas-e1732731064764-96x96.jpga93e2943bb3b1c1f9ead823df6e6317a\",\"url\":\"https:\\\/\\\/buletin.de\\\/bucuresti\\\/wp-content\\\/uploads\\\/Catalin-Doscas-e1732731064764-96x96.jpg\",\"contentUrl\":\"https:\\\/\\\/buletin.de\\\/bucuresti\\\/wp-content\\\/uploads\\\/Catalin-Doscas-e1732731064764-96x96.jpg\",\"caption\":\"C\u0103t\u0103lin Dosca\u0219\"},\"description\":\"Reporter \u0219i redactor-\u0219ef Buletin de Bucure\u0219ti. Lucreaz\u0103 \u00een mass-media de la v\u00e2rsta de 15 ani, c\u00e2nd a publicat primele articole \u00een presa local\u0103 din Tecuci. \u00cen Bucure\u0219ti a lucrat \u00een redac\u021bii radio ca reporter, redactor \u0219i prezentator (StudentFM, Na\u021bionalFM, Radio Total, Smart FM), unde a acoperit domeniile politic, economic, social \u0219i externe. Ulterior, a fost editor-coordonator al postului Realitatea FM. Experien\u021ba \u00een jurnalismul online a dob\u00e2ndit-o la portalul B365.ro, unde a fost editor. \u00cen 2012 s-a angajat \u00een televiziune. La Realitatea TV a fost, pe r\u00e2nd, reporter la sec\u021bia Social, reporter special la emisiunea de reportaje \u0219i anchete \u201eReporterii Realit\u0103\u021bii\u201d, dar \u0219i editor al jurnalelor de \u0219tiri. Ulterior, a f\u0103cut parte din sec\u021bia de Investiga\u021bii de la Digi24 \u0219i a lucrat la campania \u201eRom\u00e2nia furat\u0103\u201d. A revenit \u00een presa scris\u0103 \u00een 2017, ca reporter special, \u00een cadrul unui proiect de repozi\u021bionare a tabloidului Libertatea \u00een cotidian generalist. Este jurnalist Buletin de Bucure\u0219ti din 2019.\",\"url\":\"https:\\\/\\\/buletin.de\\\/bucuresti\\\/author\\\/catalin\\\/\"}]}<\/script>\n<!-- \/ Yoast SEO Premium plugin. -->","yoast_head_json":{"title":"TERMOFICARE | \u0218anse ca unele calorifere s\u0103 se \u201edezmor\u021beasc\u0103\u201d \u00een aceast\u0103 sear\u0103. Claudiu Cre\u021bu, director ELCEN: \u201eExist\u0103 riscul ca anumite zone s\u0103 nu primeasc\u0103 agent termic din cauza avariilor\u201d - Buletin de Bucure\u0219ti","description":"\u0218anse ca unele calorifere s\u0103 se \u201edezmor\u021beasc\u0103\u201d \u00een aceast\u0103 sear\u0103. \u201eExist\u0103 riscul ca anumite zone s\u0103 nu primeasc\u0103 agent termic\u201d","robots":{"index":"index","follow":"follow","max-snippet":"max-snippet:-1","max-image-preview":"max-image-preview:large","max-video-preview":"max-video-preview:-1"},"canonical":"https:\/\/buletin.de\/bucuresti\/sanse-ca-unele-calorifere-sa-se-dezmorteasca-in-aceasta-seara\/","og_locale":"en_GB","og_type":"article","og_title":"TERMOFICARE | \u0218anse ca unele calorifere s\u0103 se \u201edezmor\u021beasc\u0103\u201d \u00een aceast\u0103 sear\u0103. Claudiu Cre\u021bu, director ELCEN: \u201eExist\u0103 riscul ca anumite zone s\u0103 nu primeasc\u0103 agent termic din cauza avariilor\u201d","og_description":"\u0218anse ca unele calorifere s\u0103 se \u201edezmor\u021beasc\u0103\u201d \u00een aceast\u0103 sear\u0103. \u201eExist\u0103 riscul ca anumite zone s\u0103 nu primeasc\u0103 agent termic\u201d","og_url":"https:\/\/buletin.de\/bucuresti\/sanse-ca-unele-calorifere-sa-se-dezmorteasca-in-aceasta-seara\/","og_site_name":"Buletin de Bucure\u0219ti","article_publisher":"https:\/\/www.facebook.com\/buletin.de.buc","article_published_time":"2024-10-21T06:26:45+00:00","article_modified_time":"2024-10-22T10:22:21+00:00","og_image":[{"width":2000,"height":1333,"url":"https:\/\/buletin.de\/bucuresti\/wp-content\/uploads\/ID241367_INQUAM_Photos_George_Calin.jpg","type":"image\/jpeg"}],"author":"C\u0103t\u0103lin Dosca\u0219","twitter_card":"summary_large_image","twitter_misc":{"Written by":"C\u0103t\u0103lin Dosca\u0219","Estimated reading time":"4 minutes"},"schema":{"@context":"https:\/\/schema.org","@graph":[{"@type":"Article","@id":"https:\/\/buletin.de\/bucuresti\/sanse-ca-unele-calorifere-sa-se-dezmorteasca-in-aceasta-seara\/#article","isPartOf":{"@id":"https:\/\/buletin.de\/bucuresti\/sanse-ca-unele-calorifere-sa-se-dezmorteasca-in-aceasta-seara\/"},"author":{"name":"C\u0103t\u0103lin Dosca\u0219","@id":"https:\/\/buletin.de\/bucuresti\/#\/schema\/person\/31117187ed4d0bdb0a4c7d6acc79d0f8"},"headline":"TERMOFICARE | \u0218anse ca unele calorifere s\u0103 se \u201edezmor\u021beasc\u0103\u201d \u00een aceast\u0103 sear\u0103. Claudiu Cre\u021bu, director ELCEN: \u201eExist\u0103 riscul ca anumite zone s\u0103 nu primeasc\u0103 agent termic din cauza avariilor\u201d","datePublished":"2024-10-21T06:26:45+00:00","dateModified":"2024-10-22T10:22:21+00:00","mainEntityOfPage":{"@id":"https:\/\/buletin.de\/bucuresti\/sanse-ca-unele-calorifere-sa-se-dezmorteasca-in-aceasta-seara\/"},"wordCount":840,"publisher":{"@id":"https:\/\/buletin.de\/bucuresti\/#organization"},"image":{"@id":"https:\/\/buletin.de\/bucuresti\/sanse-ca-unele-calorifere-sa-se-dezmorteasca-in-aceasta-seara\/#primaryimage"},"thumbnailUrl":"https:\/\/buletin.de\/bucuresti\/wp-content\/uploads\/ID241367_INQUAM_Photos_George_Calin.jpg","keywords":["avarii","caldura","calorifere","cand","elcen","probe","termoenergetica"],"articleSection":["Articole","Featured","Termoficare"],"inLanguage":"en-GB","copyrightYear":"2024","copyrightHolder":{"@id":"https:\/\/buletin.de\/bucuresti\/#organization"}},{"@type":"WebPage","@id":"https:\/\/buletin.de\/bucuresti\/sanse-ca-unele-calorifere-sa-se-dezmorteasca-in-aceasta-seara\/","url":"https:\/\/buletin.de\/bucuresti\/sanse-ca-unele-calorifere-sa-se-dezmorteasca-in-aceasta-seara\/","name":"TERMOFICARE | \u0218anse ca unele calorifere s\u0103 se \u201edezmor\u021beasc\u0103\u201d \u00een aceast\u0103 sear\u0103. Claudiu Cre\u021bu, director ELCEN: \u201eExist\u0103 riscul ca anumite zone s\u0103 nu primeasc\u0103 agent termic din cauza avariilor\u201d - Buletin de Bucure\u0219ti","isPartOf":{"@id":"https:\/\/buletin.de\/bucuresti\/#website"},"primaryImageOfPage":{"@id":"https:\/\/buletin.de\/bucuresti\/sanse-ca-unele-calorifere-sa-se-dezmorteasca-in-aceasta-seara\/#primaryimage"},"image":{"@id":"https:\/\/buletin.de\/bucuresti\/sanse-ca-unele-calorifere-sa-se-dezmorteasca-in-aceasta-seara\/#primaryimage"},"thumbnailUrl":"https:\/\/buletin.de\/bucuresti\/wp-content\/uploads\/ID241367_INQUAM_Photos_George_Calin.jpg","datePublished":"2024-10-21T06:26:45+00:00","dateModified":"2024-10-22T10:22:21+00:00","description":"\u0218anse ca unele calorifere s\u0103 se \u201edezmor\u021beasc\u0103\u201d \u00een aceast\u0103 sear\u0103. \u201eExist\u0103 riscul ca anumite zone s\u0103 nu primeasc\u0103 agent termic\u201d","breadcrumb":{"@id":"https:\/\/buletin.de\/bucuresti\/sanse-ca-unele-calorifere-sa-se-dezmorteasca-in-aceasta-seara\/#breadcrumb"},"inLanguage":"en-GB","potentialAction":[{"@type":"ReadAction","target":["https:\/\/buletin.de\/bucuresti\/sanse-ca-unele-calorifere-sa-se-dezmorteasca-in-aceasta-seara\/"]}]},{"@type":"ImageObject","inLanguage":"en-GB","@id":"https:\/\/buletin.de\/bucuresti\/sanse-ca-unele-calorifere-sa-se-dezmorteasca-in-aceasta-seara\/#primaryimage","url":"https:\/\/buletin.de\/bucuresti\/wp-content\/uploads\/ID241367_INQUAM_Photos_George_Calin.jpg","contentUrl":"https:\/\/buletin.de\/bucuresti\/wp-content\/uploads\/ID241367_INQUAM_Photos_George_Calin.jpg","width":2000,"height":1333,"caption":"\u201eExist\u0103 riscul ca anumite zone s\u0103 nu primeasc\u0103 agent termic din cauza avariilor\u201d, spune directorul ELCEN. FOTO: Inquam Photos \/ George C\u0103lin"},{"@type":"BreadcrumbList","@id":"https:\/\/buletin.de\/bucuresti\/sanse-ca-unele-calorifere-sa-se-dezmorteasca-in-aceasta-seara\/#breadcrumb","itemListElement":[{"@type":"ListItem","position":1,"name":"Acas\u0103","item":"https:\/\/buletin.de\/bucuresti\/"},{"@type":"ListItem","position":2,"name":"TERMOFICARE | \u0218anse ca unele calorifere s\u0103 se \u201edezmor\u021beasc\u0103\u201d \u00een aceast\u0103 sear\u0103. Claudiu Cre\u021bu, director ELCEN: \u201eExist\u0103 riscul ca anumite zone s\u0103 nu primeasc\u0103 agent termic din cauza avariilor\u201d"}]},{"@type":"WebSite","@id":"https:\/\/buletin.de\/bucuresti\/#website","url":"https:\/\/buletin.de\/bucuresti\/","name":"Buletin de Bucure\u0219ti","description":"\u0218tiri \u0219i investiga\u021bii esen\u021biale din capital\u0103","publisher":{"@id":"https:\/\/buletin.de\/bucuresti\/#organization"},"potentialAction":[{"@type":"SearchAction","target":{"@type":"EntryPoint","urlTemplate":"https:\/\/buletin.de\/bucuresti\/?s={search_term_string}"},"query-input":{"@type":"PropertyValueSpecification","valueRequired":true,"valueName":"search_term_string"}}],"inLanguage":"en-GB"},{"@type":"Organization","@id":"https:\/\/buletin.de\/bucuresti\/#organization","name":"Buletin de Bucure\u0219ti","url":"https:\/\/buletin.de\/bucuresti\/","logo":{"@type":"ImageObject","inLanguage":"en-GB","@id":"https:\/\/buletin.de\/bucuresti\/#\/schema\/logo\/image\/","url":"https:\/\/buletin.de\/bucuresti\/wp-content\/uploads\/logo-bdb-full-wide-vernil-transparent.png","contentUrl":"https:\/\/buletin.de\/bucuresti\/wp-content\/uploads\/logo-bdb-full-wide-vernil-transparent.png","width":1782,"height":626,"caption":"Buletin de Bucure\u0219ti"},"image":{"@id":"https:\/\/buletin.de\/bucuresti\/#\/schema\/logo\/image\/"},"sameAs":["https:\/\/www.facebook.com\/buletin.de.buc","https:\/\/www.instagram.com\/buletinde.bucuresti\/"]},{"@type":"Person","@id":"https:\/\/buletin.de\/bucuresti\/#\/schema\/person\/31117187ed4d0bdb0a4c7d6acc79d0f8","name":"C\u0103t\u0103lin Dosca\u0219","image":{"@type":"ImageObject","inLanguage":"en-GB","@id":"https:\/\/buletin.de\/bucuresti\/wp-content\/uploads\/Catalin-Doscas-e1732731064764-96x96.jpga93e2943bb3b1c1f9ead823df6e6317a","url":"https:\/\/buletin.de\/bucuresti\/wp-content\/uploads\/Catalin-Doscas-e1732731064764-96x96.jpg","contentUrl":"https:\/\/buletin.de\/bucuresti\/wp-content\/uploads\/Catalin-Doscas-e1732731064764-96x96.jpg","caption":"C\u0103t\u0103lin Dosca\u0219"},"description":"Reporter \u0219i redactor-\u0219ef Buletin de Bucure\u0219ti. Lucreaz\u0103 \u00een mass-media de la v\u00e2rsta de 15 ani, c\u00e2nd a publicat primele articole \u00een presa local\u0103 din Tecuci. \u00cen Bucure\u0219ti a lucrat \u00een redac\u021bii radio ca reporter, redactor \u0219i prezentator (StudentFM, Na\u021bionalFM, Radio Total, Smart FM), unde a acoperit domeniile politic, economic, social \u0219i externe. Ulterior, a fost editor-coordonator al postului Realitatea FM. Experien\u021ba \u00een jurnalismul online a dob\u00e2ndit-o la portalul B365.ro, unde a fost editor. \u00cen 2012 s-a angajat \u00een televiziune. La Realitatea TV a fost, pe r\u00e2nd, reporter la sec\u021bia Social, reporter special la emisiunea de reportaje \u0219i anchete \u201eReporterii Realit\u0103\u021bii\u201d, dar \u0219i editor al jurnalelor de \u0219tiri. Ulterior, a f\u0103cut parte din sec\u021bia de Investiga\u021bii de la Digi24 \u0219i a lucrat la campania \u201eRom\u00e2nia furat\u0103\u201d. A revenit \u00een presa scris\u0103 \u00een 2017, ca reporter special, \u00een cadrul unui proiect de repozi\u021bionare a tabloidului Libertatea \u00een cotidian generalist. Este jurnalist Buletin de Bucure\u0219ti din 2019.","url":"https:\/\/buletin.de\/bucuresti\/author\/catalin\/"}]}},"authors":[{"term_id":22575,"user_id":10,"is_guest":0,"slug":"catalin","display_name":"C\u0103t\u0103lin Dosca\u0219","avatar_url":"https:\/\/buletin.de\/bucuresti\/wp-content\/uploads\/Catalin-Doscas-e1732731064764-96x96.jpg","0":null,"1":"","2":"","3":"","4":"","5":"","6":"","7":"","8":""}],"_links":{"self":[{"href":"https:\/\/buletin.de\/bucuresti\/wp-json\/wp\/v2\/posts\/103069","targetHints":{"allow":["GET"]}}],"collection":[{"href":"https:\/\/buletin.de\/bucuresti\/wp-json\/wp\/v2\/posts"}],"about":[{"href":"https:\/\/buletin.de\/bucuresti\/wp-json\/wp\/v2\/types\/post"}],"author":[{"embeddable":true,"href":"https:\/\/buletin.de\/bucuresti\/wp-json\/wp\/v2\/users\/10"}],"replies":[{"embeddable":true,"href":"https:\/\/buletin.de\/bucuresti\/wp-json\/wp\/v2\/comments?post=103069"}],"version-history":[{"count":8,"href":"https:\/\/buletin.de\/bucuresti\/wp-json\/wp\/v2\/posts\/103069\/revisions"}],"predecessor-version":[{"id":103350,"href":"https:\/\/buletin.de\/bucuresti\/wp-json\/wp\/v2\/posts\/103069\/revisions\/103350"}],"wp:featuredmedia":[{"embeddable":true,"href":"https:\/\/buletin.de\/bucuresti\/wp-json\/wp\/v2\/media\/103071"}],"wp:attachment":[{"href":"https:\/\/buletin.de\/bucuresti\/wp-json\/wp\/v2\/media?parent=103069"}],"wp:term":[{"taxonomy":"category","embeddable":true,"href":"https:\/\/buletin.de\/bucuresti\/wp-json\/wp\/v2\/categories?post=103069"},{"taxonomy":"post_tag","embeddable":true,"href":"https:\/\/buletin.de\/bucuresti\/wp-json\/wp\/v2\/tags?post=103069"},{"taxonomy":"author","embeddable":true,"href":"https:\/\/buletin.de\/bucuresti\/wp-json\/wp\/v2\/ppma_author?post=103069"}],"curies":[{"name":"wp","href":"https:\/\/api.w.org\/{rel}","templated":true}]}}