{"id":103052,"date":"2024-10-21T12:37:07","date_gmt":"2024-10-21T09:37:07","guid":{"rendered":"https:\/\/buletin.de\/bucuresti\/?p=103052"},"modified":"2024-10-21T15:18:36","modified_gmt":"2024-10-21T12:18:36","slug":"referendumul-lui-nicusor-dan-a-fost-votat","status":"publish","type":"post","link":"https:\/\/buletin.de\/bucuresti\/referendumul-lui-nicusor-dan-a-fost-votat\/","title":{"rendered":"Referendumul lui Nicu\u0219or Dan, votat de CGMB. A fost introdus\u0103 \u0219i o a treia \u00eentrebare"},"content":{"rendered":"\n<p><strong>Referendumul lui Nicu\u0219or Dan a fost aprobat de c\u0103tre Consiliului General al Municipiului Bucure\u0219ti. Primarul Capitalei dore\u0219te s\u0103 ob\u021bin\u0103, prin consultare public\u0103, sprijinul bucure\u0219tenilor pentru mutarea controlului asupra cheltuielilor publice \u0219i a autoriza\u021biilor de construire de la sectoare c\u0103tre Prim\u0103ria Municipiului Bucure\u0219ti \u0219i CGMB.<\/strong><\/p>\n\n\n\n<p>De asemenea, pe buletinul de vot va fi ad\u0103ugat\u0103 o a treia \u00eentrebare, propus\u0103 de grupul consilierilor generali ai PSD, privind combaterea traficului de droguri \u00een Bucure\u0219ti.<\/p>\n\n\n\n<p>Consultarea bucure\u0219tenilor va avea loc pe 24 noiembrie, \u00een ziua \u00een care are loc \u0219i primul tur al alegerilor preziden\u021biale.<\/p>\n\n\n\n<p>Hot\u0103r\u00e2rea cu privire la organizarea referendumului a fost aprobat\u0103 cu <strong><mark style=\"background-color:rgba(0, 0, 0, 0)\" class=\"has-inline-color has-vivid-red-color\">47 de voturi<\/mark><\/strong>.<strong> Doi consilieri generali au votat \u00eempotriv\u0103. <\/strong><\/p>\n\n\n\n<p>Pentru introducerea \u00een consultare a celor 2 \u00eentreb\u0103ri propuse de Nicu\u0219or Dan, au votat <strong><mark style=\"background-color:rgba(0, 0, 0, 0)\" class=\"has-inline-color has-vivid-red-color\">45 de consilieri generali<\/mark><\/strong>. <strong><mark style=\"background-color:rgba(0, 0, 0, 0)\" class=\"has-inline-color has-vivid-red-color\">Dou\u0103 voturi<\/mark><\/strong> au fost \u00eempotriv\u0103. <\/p>\n\n\n\n<p>Pentru \u00eentrebarea propus\u0103 de PSD, au votat tot <strong><mark style=\"background-color:rgba(0, 0, 0, 0)\" class=\"has-inline-color has-vivid-red-color\">45 de consilieri<\/mark><\/strong>. A existat<strong><mark style=\"background-color:rgba(0, 0, 0, 0)\" class=\"has-inline-color has-vivid-red-color\"> un vot<\/mark><\/strong> \u00eempotriv\u0103 \u0219i <strong><mark style=\"background-color:rgba(0, 0, 0, 0)\" class=\"has-inline-color has-vivid-red-color\">trei<\/mark><\/strong> ab\u021bineri.<\/p>\n\n\n\n<p>Conform primarul general, estimarea este c\u0103 organizarea referendumului va scoate din buget aproximativ 7 milioane de lei (<strong>1.4 milioane de euro<\/strong>).<\/p>\n\n\n\n<h2 class=\"wp-block-heading\" id=\"h-din-trei-in-unul\">Din trei \u00een unul<\/h2>\n\n\n\n<p>Ini\u021bial, au fost propuse trei hot\u0103r\u00e2ri ale Consiliului General al Municipiului Bucure\u0219ti pentru fiecare \u00eentrebare inclus\u0103 \u00een referendum. Pentru c\u0103 aveau ini\u021biatori diferi\u021bi &#8211; primarul general \u0219i PSD &#8211; exista riscul, ca potrivit legii, s\u0103 fie nevoie s\u0103 fie organizate consult\u0103ri separate ale popula\u021biei.<\/p>\n\n\n\n<p>\u201eA existat o problem\u0103 tehnic\u0103 cu proiectele de hot\u0103r\u00e2ri privind referendumul, care aveau ini\u021biatori diferi\u021bi \u0219i exista riscul s\u0103 fie nevoie de comisii diferite de organizare. <\/p>\n\n\n\n<p>Prin urmare, am ajuns la solu\u021bia s\u0103 avem amendamente din partea mea \u0219i din partea PSD, astfel \u00eenc\u00e2t s\u0103 adopt\u0103m o singur\u0103 hot\u0103r\u00e2re cu trei \u00eentreb\u0103ri\u201d, a declarat Nicu\u0219or Dan, la \u00eenceputul \u0219edin\u021bei CGMB de luni.<\/p>\n\n\n\n<iframe src=\"https:\/\/www.facebook.com\/plugins\/video.php?height=314&#038;href=https%3A%2F%2Fwww.facebook.com%2FPMBucuresti%2Fvideos%2F1208139697072725%2F&#038;show_text=false&#038;width=560&#038;t=0\" width=\"560\" height=\"314\" style=\"border:none;overflow:hidden\" scrolling=\"no\" frameborder=\"0\" allowfullscreen=\"true\" allow=\"autoplay; clipboard-write; encrypted-media; picture-in-picture; web-share\" allowFullScreen=\"true\"><\/iframe>\n\n\n\n<p>CITE\u0218TE \u0218I: <strong><a href=\"https:\/\/buletin.de\/bucuresti\/referendumul-pentru-reducerea-atributiilor-primariilor-de-sector-pe-ordinea-de-zi-a-cgmb\/\" target=\"_blank\" rel=\"noreferrer noopener\">Referendumul pentru reducerea atribu\u021biilor prim\u0103riilor de sector, pe ordinea de zi a CGMB<\/a><\/strong><\/p>\n\n\n\n<h2 class=\"wp-block-heading\" id=\"h-referendumul-lui-nicu\u0219or-dan-mai-pu\u021bine-atribu\u021bii-la-sectoare\">Referendumul lui Nicu\u0219or Dan. Mai pu\u021bine atribu\u021bii la sectoare<\/h2>\n\n\n\n<p><strong>Pe 24 noiembrie, \u00een aceea\u0219i zi cu primul tur al alegerilor preziden\u021biale, bucure\u0219tenii vor trebui s\u0103 r\u0103spund\u0103 la urm\u0103toarele 3 \u00eentreb\u0103ri.<\/strong><\/p>\n\n\n\n<p>1.\u2060 \u2060Sunte\u021bi de acord ca repartizarea \u00eentre Prim\u0103ria Municipiului Bucure\u0219ti \u0219i Prim\u0103riile de Sector a impozitelor pe venit \u0219i a taxelor \u0219i impozitelor locale colectate de la bucure\u0219teni s\u0103 fie aprobat\u0103 de c\u0103tre Consiliul General al Municipiului Bucure\u0219ti? (<strong><em>propus\u0103 de primarul general<\/em><\/strong>)<\/p>\n\n\n\n<p>2.\u2060 \u2060Sunte\u021bi de acord ca Primarul General al Municipiului Bucure\u0219ti s\u0103 emit\u0103 Autoriza\u021biile de Construire pe \u00eentreg teritoriul administrativ al ora\u0219ului? (<strong><em>propus\u0103 de primarul general<\/em><\/strong>)<\/p>\n\n\n\n<p>3. Sunte\u021bi de acord ca Prim\u0103ria Municipiului Bucure\u0219ti s\u0103 finan\u021beze \u0219i s\u0103 implementeze un program de educa\u021bie pentru s\u0103n\u0103tate \u0219i prevenire a consumului de droguri \u00een toate \u0219colile din Bucure\u0219ti? (<strong><em>propus\u0103 de PSD<\/em><\/strong>).<\/p>\n\n\n\n<h2 class=\"wp-block-heading\" id=\"h-care-sunt-argumentele-pentru-aceasta-schimbare\">Care sunt argumentele pentru aceast\u0103 schimbare<\/h2>\n\n\n\n<p>Argumentele pentru modific\u0103rile pentru care se cere consultarea bucure\u0219tenilor au fost prezentate \u00een referatele de aprobare. Astfel, documentul aferent primei \u00eentreb\u0103ri men\u021bioneaz\u0103 c\u0103, potrivit legisla\u021biei fiscale \u00een vigoare, Bucure\u0219tiului are c\u0103 principal\u0103 surs\u0103 de venit cotele defalcate din impozitul pe venit stabilite anual ca procent prin legea bugetului de stat.<\/p>\n\n\n\n<p>\u201eTotodat\u0103, Municipiul Bucure\u0219ti are obliga\u021bia legal\u0103 de asigurare la nivelul municipiului a serviciilor publice de importan\u021b\u0103 strategic\u0103 (transport \u00een comun, asigurarea agentului termic \u00een sistem centralizat, \u0219i investi\u021bii de infrastructura mare), precum \u0219i a celor 19 spitale de subordonare local\u0103, 16 institu\u021bii de spectacole, etc.\u201d, men\u021bioneaz\u0103 documentul. <\/p>\n\n\n\n<p>CITE\u0218TE \u0218I: <strong><a href=\"https:\/\/buletin.de\/bucuresti\/marcel-ciolacu-sustine-si-nu-prea-referendumul-lui-nicusor-dan-raspunsul-edilului-general\/\" target=\"_blank\" rel=\"noreferrer noopener\">Marcel Ciolacu sus\u0163ine \u015fi nu prea referendumul lui Nicu\u015for Dan. R\u0103spunsul edilului general<\/a><\/strong><\/p>\n\n\n\n<h2 class=\"wp-block-heading\" id=\"h-de-ce-vrea-primarul-general-sa-controleze-autoriza\u021biile-de-construire\">De ce vrea primarul general s\u0103 controleze autoriza\u021biile de construire<\/h2>\n\n\n\n<p><strong>\u00cen cazul chestiunii autoriza\u021biilor de construire, argumentul pentru mutarea controlului total la Prim\u0103ria General\u0103, invocat de institu\u021bie, este urm\u0103torul: <\/strong><\/p>\n\n\n\n<p>\u201eDezvoltarea urban\u0103 coerent\u0103 \u015fi integrat\u0103 reprezint\u0103 un proces prin care ora\u015fele se dezvolt\u0103 \u00eentr-un mod planificat, sustenabil \u015fi echilibrat, lu\u00e2nd \u00een considerare nevoile sociale, economice \u015fi de mediu. <\/p>\n\n\n\n<p>\u00centr-un context urban complex al Bucure\u0219tiului, capitala Rom\u00e2niei, aceast\u0103 abordare este esen\u0163ial\u0103 pentru a rezolva problemele legate de traficul aglomerat generat de haosul urbanistic, poluarea aerului \u015fi pierderea spa\u0163iilor verzi. <\/p>\n\n\n\n<p>\u00cen acest sens, traficul actual \u00een capital\u0103 este generat de autorizarea haotic\u0103 de c\u0103tre prim\u0103riile de sector a unor proiecte imobilare care au dus la aglomerarea total\u0103 a unor zone, reducerea spa\u021biilor verzi \u015fi deprecierea continua a calit\u0103\u0163ii vie\u0163ii. <\/p>\n\n\n\n<p>\u00cen vederea emiterii unitare a autoriza\u0163iilor de construire \u0219i \u00een virtutea viitoarei platforme integrate! digitale a noului Plan Urbanistic General, se impune ca emiterea autoriza\u0163iilor de construire pe tot teritoriul administrativ al municipiului Bucure\u015fti s\u0103 fie sub autoritatea \u015fi coordonarea Primarului General\u201d, se arat\u0103 \u00een document.<\/p>\n\n\n\n<h2 class=\"wp-block-heading\" id=\"h-de-ce-vrea-psd-referendum-pe-combaterea-consumului-de-droguri\">De ce vrea PSD referendum pe combaterea consumului de droguri<\/h2>\n\n\n\n<p><strong>Subiectul consumului de droguri \u00een Capital\u0103 este unul esen\u021bial \u0219i trebuie abordat mult mai aplicat de c\u0103tre autorit\u0103\u021bile locale, cele care \u0219tiu ce se \u00eent\u00e2mpl\u0103 \u00een comunit\u0103\u021bi, este justificarea PSD pentru introducerea unei \u00eentreb\u0103ri, la referendumul local, pe aceast\u0103 tem\u0103.<\/strong><\/p>\n\n\n\n<p>\u201eUnul din trei copii care \u00eenva\u021b\u0103 \u00een Bucure\u0219ti spune c\u0103, \u00een \u0219coala lui, consumul de droguri e o problem\u0103. V\u00e2rsta consumatorilor a ajuns p\u00e2n\u0103 la 10-11 ani, potrivit Ministerului de Interne.<\/p>\n\n\n\n<p>Anul trecut, la Spitalul de Psihiatrie Alexandru Obregia au fost interna\u021bi peste 400 de copii \u0219i tineri cu v\u00e2rsta p\u00e2n\u0103 \u00een 25 de ani. \u00cen primele 3 luni din 2024, au primit \u00eengrijiri medicale al\u021bi peste 100 de copii \u0219i tineri cu aceea\u0219i v\u00e2rst\u0103. Ace\u0219tia sunt doar cei care ajung pe m\u00e2na medicilor \u00een urma consumului de substan\u021be interzise. \u00cens\u0103, exist\u0103 semnale suficiente c\u0103 sunt mul\u021bi elevi care consum\u0103 droguri \u0219i nimeni nu are cuno\u0219tin\u021b\u0103.<\/p>\n\n\n\n<p>Avem nevoie de implicarea autorit\u0103\u021bilor locale, \u00een special a Prim\u0103riei Capitalei, dar \u0219i de investi\u021bii serioase pentru a preveni consumul de droguri \u00een r\u00e2ndul tinerilor \u0219i pentru a informa elevii cu privire la efectele substan\u021belor interzise\u201d, este <a href=\"https:\/\/www.facebook.com\/story.php?story_fbid=842910411361776&amp;id=100069284736507&amp;mibextid=WC7FNe&amp;rdid=BmxBZnvntyeUvAxu\" target=\"_blank\" rel=\"noreferrer noopener\">argumentarea consilierilor generali PSD<\/a>.<\/p>\n","protected":false},"excerpt":{"rendered":"<p>Referendumul lui Nicu\u0219or Dan a fost aprobat de c\u0103tre Consiliului General al Municipiului Bucure\u0219ti. Primarul Capitalei dore\u0219te s\u0103 ob\u021bin\u0103, prin consultare public\u0103, sprijinul bucure\u0219tenilor pentru mutarea controlului asupra cheltuielilor publice \u0219i a autoriza\u021biilor de construire de la sectoare c\u0103tre Prim\u0103ria Municipiului Bucure\u0219ti \u0219i CGMB. De asemenea, pe buletinul de vot va fi ad\u0103ugat\u0103 o a [&hellip;]<\/p>\n","protected":false},"author":60,"featured_media":103057,"comment_status":"closed","ping_status":"open","sticky":false,"template":"","format":"standard","meta":{"_acf_changed":false,"inline_featured_image":false,"ngg_post_thumbnail":0,"footnotes":""},"categories":[6994,5762,9025,24],"tags":[12648,12649,1640,15610,16152],"ppma_author":[22582],"class_list":["post-103052","post","type-post","status-publish","format-standard","has-post-thumbnail","hentry","category-stiri-2","category-main","category-politic","category-primarie","tag-nicusor-dan-referendum-local","tag-nicusor-referendum-urbanism","tag-referendum","tag-referendum-local","tag-referendum-nicusor"],"acf":[],"yoast_head":"<!-- This site is optimized with the Yoast SEO Premium plugin v25.3 (Yoast SEO v27.4) - https:\/\/yoast.com\/product\/yoast-seo-premium-wordpress\/ -->\n<title>Referendumul lui Nicu\u0219or Dan, votat de CGMB. A fost introdus\u0103 \u0219i o a treia \u00eentrebare - Buletin de Bucure\u0219ti<\/title>\n<meta name=\"description\" content=\"Referendumul lui Nicu\u0219or Dan a fost aprobat de c\u0103tre Consiliului General al Municipiului Bucure\u0219ti. Va avea loc pe 24 noiembrie.\" \/>\n<meta name=\"robots\" content=\"index, follow, max-snippet:-1, max-image-preview:large, max-video-preview:-1\" \/>\n<link rel=\"canonical\" href=\"https:\/\/buletin.de\/bucuresti\/referendumul-lui-nicusor-dan-a-fost-votat\/\" \/>\n<meta property=\"og:locale\" content=\"en_GB\" \/>\n<meta property=\"og:type\" content=\"article\" \/>\n<meta property=\"og:title\" content=\"Referendumul lui Nicu\u0219or Dan, votat de CGMB. A fost introdus\u0103 \u0219i o a treia \u00eentrebare\" \/>\n<meta property=\"og:description\" content=\"Referendumul lui Nicu\u0219or Dan a fost aprobat de c\u0103tre Consiliului General al Municipiului Bucure\u0219ti. Va avea loc pe 24 noiembrie.\" \/>\n<meta property=\"og:url\" content=\"https:\/\/buletin.de\/bucuresti\/referendumul-lui-nicusor-dan-a-fost-votat\/\" \/>\n<meta property=\"og:site_name\" content=\"Buletin de Bucure\u0219ti\" \/>\n<meta property=\"article:publisher\" content=\"https:\/\/www.facebook.com\/buletin.de.buc\" \/>\n<meta property=\"article:published_time\" content=\"2024-10-21T09:37:07+00:00\" \/>\n<meta property=\"article:modified_time\" content=\"2024-10-21T12:18:36+00:00\" \/>\n<meta property=\"og:image\" content=\"https:\/\/buletin.de\/bucuresti\/wp-content\/uploads\/nicusordan-1.jpg\" \/>\n\t<meta property=\"og:image:width\" content=\"1066\" \/>\n\t<meta property=\"og:image:height\" content=\"796\" \/>\n\t<meta property=\"og:image:type\" content=\"image\/jpeg\" \/>\n<meta name=\"author\" content=\"R\u0103zvan Chiru\u021b\u0103\" \/>\n<meta name=\"twitter:card\" content=\"summary_large_image\" \/>\n<meta name=\"twitter:label1\" content=\"Written by\" \/>\n\t<meta name=\"twitter:data1\" content=\"R\u0103zvan Chiru\u021b\u0103\" \/>\n\t<meta name=\"twitter:label2\" content=\"Estimated reading time\" \/>\n\t<meta name=\"twitter:data2\" content=\"5 minutes\" \/>\n<script type=\"application\/ld+json\" class=\"yoast-schema-graph\">{\"@context\":\"https:\\\/\\\/schema.org\",\"@graph\":[{\"@type\":\"Article\",\"@id\":\"https:\\\/\\\/buletin.de\\\/bucuresti\\\/referendumul-lui-nicusor-dan-a-fost-votat\\\/#article\",\"isPartOf\":{\"@id\":\"https:\\\/\\\/buletin.de\\\/bucuresti\\\/referendumul-lui-nicusor-dan-a-fost-votat\\\/\"},\"author\":{\"name\":\"R\u0103zvan Chiru\u021b\u0103\",\"@id\":\"https:\\\/\\\/buletin.de\\\/bucuresti\\\/#\\\/schema\\\/person\\\/a76df728dfc913795a9d90e346b253bb\"},\"headline\":\"Referendumul lui Nicu\u0219or Dan, votat de CGMB. A fost introdus\u0103 \u0219i o a treia \u00eentrebare\",\"datePublished\":\"2024-10-21T09:37:07+00:00\",\"dateModified\":\"2024-10-21T12:18:36+00:00\",\"mainEntityOfPage\":{\"@id\":\"https:\\\/\\\/buletin.de\\\/bucuresti\\\/referendumul-lui-nicusor-dan-a-fost-votat\\\/\"},\"wordCount\":1041,\"publisher\":{\"@id\":\"https:\\\/\\\/buletin.de\\\/bucuresti\\\/#organization\"},\"image\":{\"@id\":\"https:\\\/\\\/buletin.de\\\/bucuresti\\\/referendumul-lui-nicusor-dan-a-fost-votat\\\/#primaryimage\"},\"thumbnailUrl\":\"https:\\\/\\\/buletin.de\\\/bucuresti\\\/wp-content\\\/uploads\\\/nicusordan-1.jpg\",\"keywords\":[\"nicusor dan referendum local\",\"nicusor referendum urbanism\",\"referendum\",\"referendum local\",\"referendum nicusor\"],\"articleSection\":[\"Articole\",\"Main\",\"Politic\",\"Prim\u0103rie\"],\"inLanguage\":\"en-GB\",\"copyrightYear\":\"2024\",\"copyrightHolder\":{\"@id\":\"https:\\\/\\\/buletin.de\\\/bucuresti\\\/#organization\"}},{\"@type\":\"WebPage\",\"@id\":\"https:\\\/\\\/buletin.de\\\/bucuresti\\\/referendumul-lui-nicusor-dan-a-fost-votat\\\/\",\"url\":\"https:\\\/\\\/buletin.de\\\/bucuresti\\\/referendumul-lui-nicusor-dan-a-fost-votat\\\/\",\"name\":\"Referendumul lui Nicu\u0219or Dan, votat de CGMB. A fost introdus\u0103 \u0219i o a treia \u00eentrebare - Buletin de Bucure\u0219ti\",\"isPartOf\":{\"@id\":\"https:\\\/\\\/buletin.de\\\/bucuresti\\\/#website\"},\"primaryImageOfPage\":{\"@id\":\"https:\\\/\\\/buletin.de\\\/bucuresti\\\/referendumul-lui-nicusor-dan-a-fost-votat\\\/#primaryimage\"},\"image\":{\"@id\":\"https:\\\/\\\/buletin.de\\\/bucuresti\\\/referendumul-lui-nicusor-dan-a-fost-votat\\\/#primaryimage\"},\"thumbnailUrl\":\"https:\\\/\\\/buletin.de\\\/bucuresti\\\/wp-content\\\/uploads\\\/nicusordan-1.jpg\",\"datePublished\":\"2024-10-21T09:37:07+00:00\",\"dateModified\":\"2024-10-21T12:18:36+00:00\",\"description\":\"Referendumul lui Nicu\u0219or Dan a fost aprobat de c\u0103tre Consiliului General al Municipiului Bucure\u0219ti. Va avea loc pe 24 noiembrie.\",\"breadcrumb\":{\"@id\":\"https:\\\/\\\/buletin.de\\\/bucuresti\\\/referendumul-lui-nicusor-dan-a-fost-votat\\\/#breadcrumb\"},\"inLanguage\":\"en-GB\",\"potentialAction\":[{\"@type\":\"ReadAction\",\"target\":[\"https:\\\/\\\/buletin.de\\\/bucuresti\\\/referendumul-lui-nicusor-dan-a-fost-votat\\\/\"]}]},{\"@type\":\"ImageObject\",\"inLanguage\":\"en-GB\",\"@id\":\"https:\\\/\\\/buletin.de\\\/bucuresti\\\/referendumul-lui-nicusor-dan-a-fost-votat\\\/#primaryimage\",\"url\":\"https:\\\/\\\/buletin.de\\\/bucuresti\\\/wp-content\\\/uploads\\\/nicusordan-1.jpg\",\"contentUrl\":\"https:\\\/\\\/buletin.de\\\/bucuresti\\\/wp-content\\\/uploads\\\/nicusordan-1.jpg\",\"width\":1066,\"height\":796,\"caption\":\"Referendumul lui Nicu\u0219or Dan a fost votat de Consiliul General. Foto PMB\"},{\"@type\":\"BreadcrumbList\",\"@id\":\"https:\\\/\\\/buletin.de\\\/bucuresti\\\/referendumul-lui-nicusor-dan-a-fost-votat\\\/#breadcrumb\",\"itemListElement\":[{\"@type\":\"ListItem\",\"position\":1,\"name\":\"Acas\u0103\",\"item\":\"https:\\\/\\\/buletin.de\\\/bucuresti\\\/\"},{\"@type\":\"ListItem\",\"position\":2,\"name\":\"Referendumul lui Nicu\u0219or Dan, votat de CGMB. A fost introdus\u0103 \u0219i o a treia \u00eentrebare\"}]},{\"@type\":\"WebSite\",\"@id\":\"https:\\\/\\\/buletin.de\\\/bucuresti\\\/#website\",\"url\":\"https:\\\/\\\/buletin.de\\\/bucuresti\\\/\",\"name\":\"Buletin de Bucure\u0219ti\",\"description\":\"\u0218tiri \u0219i investiga\u021bii esen\u021biale din capital\u0103\",\"publisher\":{\"@id\":\"https:\\\/\\\/buletin.de\\\/bucuresti\\\/#organization\"},\"potentialAction\":[{\"@type\":\"SearchAction\",\"target\":{\"@type\":\"EntryPoint\",\"urlTemplate\":\"https:\\\/\\\/buletin.de\\\/bucuresti\\\/?s={search_term_string}\"},\"query-input\":{\"@type\":\"PropertyValueSpecification\",\"valueRequired\":true,\"valueName\":\"search_term_string\"}}],\"inLanguage\":\"en-GB\"},{\"@type\":\"Organization\",\"@id\":\"https:\\\/\\\/buletin.de\\\/bucuresti\\\/#organization\",\"name\":\"Buletin de Bucure\u0219ti\",\"url\":\"https:\\\/\\\/buletin.de\\\/bucuresti\\\/\",\"logo\":{\"@type\":\"ImageObject\",\"inLanguage\":\"en-GB\",\"@id\":\"https:\\\/\\\/buletin.de\\\/bucuresti\\\/#\\\/schema\\\/logo\\\/image\\\/\",\"url\":\"https:\\\/\\\/buletin.de\\\/bucuresti\\\/wp-content\\\/uploads\\\/logo-bdb-full-wide-vernil-transparent.png\",\"contentUrl\":\"https:\\\/\\\/buletin.de\\\/bucuresti\\\/wp-content\\\/uploads\\\/logo-bdb-full-wide-vernil-transparent.png\",\"width\":1782,\"height\":626,\"caption\":\"Buletin de Bucure\u0219ti\"},\"image\":{\"@id\":\"https:\\\/\\\/buletin.de\\\/bucuresti\\\/#\\\/schema\\\/logo\\\/image\\\/\"},\"sameAs\":[\"https:\\\/\\\/www.facebook.com\\\/buletin.de.buc\",\"https:\\\/\\\/www.instagram.com\\\/buletinde.bucuresti\\\/\"]},{\"@type\":\"Person\",\"@id\":\"https:\\\/\\\/buletin.de\\\/bucuresti\\\/#\\\/schema\\\/person\\\/a76df728dfc913795a9d90e346b253bb\",\"name\":\"R\u0103zvan Chiru\u021b\u0103\",\"image\":{\"@type\":\"ImageObject\",\"inLanguage\":\"en-GB\",\"@id\":\"https:\\\/\\\/buletin.de\\\/bucuresti\\\/wp-content\\\/uploads\\\/Razvan-Chiruta-96x96.jpge7143b996fd4241fbd6ee1f6b6b7b267\",\"url\":\"https:\\\/\\\/buletin.de\\\/bucuresti\\\/wp-content\\\/uploads\\\/Razvan-Chiruta-96x96.jpg\",\"contentUrl\":\"https:\\\/\\\/buletin.de\\\/bucuresti\\\/wp-content\\\/uploads\\\/Razvan-Chiruta-96x96.jpg\",\"caption\":\"R\u0103zvan Chiru\u021b\u0103\"},\"description\":\"R\u0103zvan Chiru\u021b\u0103 este redactor-\u0219ef adjunct din iulie 2024. A fost redactor-\u0219ef al PRESShub \u00eentre 2022 \u0219i iunie 2024. Anterior, a fost redactor-\u0219ef al Newsweek Rom\u00e2nia, din 2018 p\u00e2n\u0103 \u00een 2021, \u0219i al cotidianului Rom\u00e2nia liber\u0103, \u00eentre 2015 \u0219i 2017. Este absolvent de Jurnalism, \u00een cadrul Universit\u0103\u021bii \u201eAl.I.Cuza\u201d din Ia\u0219i, \u0219i a urmat un master \u00een Managementul institu\u021biilor mass-media (f\u0103r\u0103 diserta\u021bie) la Facultatea de Jurnalism \u0219i \u0218tiin\u021bele Comunic\u0103rii din cadrul Universit\u0103\u021bii din Bucure\u0219ti. \u0218i-a \u00eenceput cariera la Opinia studen\u021beasc\u0103, cunoscuta \u0219coal\u0103 de pres\u0103 din Ia\u0219i. A lucrat \u00een presa local\u0103, apoi a devenit corespondent pentru Ia\u0219i al cotidianului Evenimentul Zilei. Din 2004, a coordonat pentru \u0219ase luni sec\u021bia de coresponden\u021bi a Evenimentului Zilei. A mai lucrat la s\u0103pt\u0103m\u00e2nalul Prezent \u0219i a colaborat cu revistele Dilema Veche \u0219i Suplimentul de Cultur\u0103. Este co-autor \u00een volumele \u201eMass-media \u0219i democra\u021bia \u00een Rom\u00e2nia post-comunist\u0103\u201d (ed. a II-a), Ed. Institutul European, Ia\u0219i, 2013, \u0219i \u201eCOVID - 19. Dimensiuni ale gestionarii pandemiei\u201d, Editura Junimea, Ia\u0219i, 2020.\",\"url\":\"https:\\\/\\\/buletin.de\\\/bucuresti\\\/author\\\/razvan-chiruta\\\/\"}]}<\/script>\n<!-- \/ Yoast SEO Premium plugin. -->","yoast_head_json":{"title":"Referendumul lui Nicu\u0219or Dan, votat de CGMB. A fost introdus\u0103 \u0219i o a treia \u00eentrebare - Buletin de Bucure\u0219ti","description":"Referendumul lui Nicu\u0219or Dan a fost aprobat de c\u0103tre Consiliului General al Municipiului Bucure\u0219ti. Va avea loc pe 24 noiembrie.","robots":{"index":"index","follow":"follow","max-snippet":"max-snippet:-1","max-image-preview":"max-image-preview:large","max-video-preview":"max-video-preview:-1"},"canonical":"https:\/\/buletin.de\/bucuresti\/referendumul-lui-nicusor-dan-a-fost-votat\/","og_locale":"en_GB","og_type":"article","og_title":"Referendumul lui Nicu\u0219or Dan, votat de CGMB. A fost introdus\u0103 \u0219i o a treia \u00eentrebare","og_description":"Referendumul lui Nicu\u0219or Dan a fost aprobat de c\u0103tre Consiliului General al Municipiului Bucure\u0219ti. Va avea loc pe 24 noiembrie.","og_url":"https:\/\/buletin.de\/bucuresti\/referendumul-lui-nicusor-dan-a-fost-votat\/","og_site_name":"Buletin de Bucure\u0219ti","article_publisher":"https:\/\/www.facebook.com\/buletin.de.buc","article_published_time":"2024-10-21T09:37:07+00:00","article_modified_time":"2024-10-21T12:18:36+00:00","og_image":[{"width":1066,"height":796,"url":"https:\/\/buletin.de\/bucuresti\/wp-content\/uploads\/nicusordan-1.jpg","type":"image\/jpeg"}],"author":"R\u0103zvan Chiru\u021b\u0103","twitter_card":"summary_large_image","twitter_misc":{"Written by":"R\u0103zvan Chiru\u021b\u0103","Estimated reading time":"5 minutes"},"schema":{"@context":"https:\/\/schema.org","@graph":[{"@type":"Article","@id":"https:\/\/buletin.de\/bucuresti\/referendumul-lui-nicusor-dan-a-fost-votat\/#article","isPartOf":{"@id":"https:\/\/buletin.de\/bucuresti\/referendumul-lui-nicusor-dan-a-fost-votat\/"},"author":{"name":"R\u0103zvan Chiru\u021b\u0103","@id":"https:\/\/buletin.de\/bucuresti\/#\/schema\/person\/a76df728dfc913795a9d90e346b253bb"},"headline":"Referendumul lui Nicu\u0219or Dan, votat de CGMB. A fost introdus\u0103 \u0219i o a treia \u00eentrebare","datePublished":"2024-10-21T09:37:07+00:00","dateModified":"2024-10-21T12:18:36+00:00","mainEntityOfPage":{"@id":"https:\/\/buletin.de\/bucuresti\/referendumul-lui-nicusor-dan-a-fost-votat\/"},"wordCount":1041,"publisher":{"@id":"https:\/\/buletin.de\/bucuresti\/#organization"},"image":{"@id":"https:\/\/buletin.de\/bucuresti\/referendumul-lui-nicusor-dan-a-fost-votat\/#primaryimage"},"thumbnailUrl":"https:\/\/buletin.de\/bucuresti\/wp-content\/uploads\/nicusordan-1.jpg","keywords":["nicusor dan referendum local","nicusor referendum urbanism","referendum","referendum local","referendum nicusor"],"articleSection":["Articole","Main","Politic","Prim\u0103rie"],"inLanguage":"en-GB","copyrightYear":"2024","copyrightHolder":{"@id":"https:\/\/buletin.de\/bucuresti\/#organization"}},{"@type":"WebPage","@id":"https:\/\/buletin.de\/bucuresti\/referendumul-lui-nicusor-dan-a-fost-votat\/","url":"https:\/\/buletin.de\/bucuresti\/referendumul-lui-nicusor-dan-a-fost-votat\/","name":"Referendumul lui Nicu\u0219or Dan, votat de CGMB. A fost introdus\u0103 \u0219i o a treia \u00eentrebare - Buletin de Bucure\u0219ti","isPartOf":{"@id":"https:\/\/buletin.de\/bucuresti\/#website"},"primaryImageOfPage":{"@id":"https:\/\/buletin.de\/bucuresti\/referendumul-lui-nicusor-dan-a-fost-votat\/#primaryimage"},"image":{"@id":"https:\/\/buletin.de\/bucuresti\/referendumul-lui-nicusor-dan-a-fost-votat\/#primaryimage"},"thumbnailUrl":"https:\/\/buletin.de\/bucuresti\/wp-content\/uploads\/nicusordan-1.jpg","datePublished":"2024-10-21T09:37:07+00:00","dateModified":"2024-10-21T12:18:36+00:00","description":"Referendumul lui Nicu\u0219or Dan a fost aprobat de c\u0103tre Consiliului General al Municipiului Bucure\u0219ti. Va avea loc pe 24 noiembrie.","breadcrumb":{"@id":"https:\/\/buletin.de\/bucuresti\/referendumul-lui-nicusor-dan-a-fost-votat\/#breadcrumb"},"inLanguage":"en-GB","potentialAction":[{"@type":"ReadAction","target":["https:\/\/buletin.de\/bucuresti\/referendumul-lui-nicusor-dan-a-fost-votat\/"]}]},{"@type":"ImageObject","inLanguage":"en-GB","@id":"https:\/\/buletin.de\/bucuresti\/referendumul-lui-nicusor-dan-a-fost-votat\/#primaryimage","url":"https:\/\/buletin.de\/bucuresti\/wp-content\/uploads\/nicusordan-1.jpg","contentUrl":"https:\/\/buletin.de\/bucuresti\/wp-content\/uploads\/nicusordan-1.jpg","width":1066,"height":796,"caption":"Referendumul lui Nicu\u0219or Dan a fost votat de Consiliul General. Foto PMB"},{"@type":"BreadcrumbList","@id":"https:\/\/buletin.de\/bucuresti\/referendumul-lui-nicusor-dan-a-fost-votat\/#breadcrumb","itemListElement":[{"@type":"ListItem","position":1,"name":"Acas\u0103","item":"https:\/\/buletin.de\/bucuresti\/"},{"@type":"ListItem","position":2,"name":"Referendumul lui Nicu\u0219or Dan, votat de CGMB. A fost introdus\u0103 \u0219i o a treia \u00eentrebare"}]},{"@type":"WebSite","@id":"https:\/\/buletin.de\/bucuresti\/#website","url":"https:\/\/buletin.de\/bucuresti\/","name":"Buletin de Bucure\u0219ti","description":"\u0218tiri \u0219i investiga\u021bii esen\u021biale din capital\u0103","publisher":{"@id":"https:\/\/buletin.de\/bucuresti\/#organization"},"potentialAction":[{"@type":"SearchAction","target":{"@type":"EntryPoint","urlTemplate":"https:\/\/buletin.de\/bucuresti\/?s={search_term_string}"},"query-input":{"@type":"PropertyValueSpecification","valueRequired":true,"valueName":"search_term_string"}}],"inLanguage":"en-GB"},{"@type":"Organization","@id":"https:\/\/buletin.de\/bucuresti\/#organization","name":"Buletin de Bucure\u0219ti","url":"https:\/\/buletin.de\/bucuresti\/","logo":{"@type":"ImageObject","inLanguage":"en-GB","@id":"https:\/\/buletin.de\/bucuresti\/#\/schema\/logo\/image\/","url":"https:\/\/buletin.de\/bucuresti\/wp-content\/uploads\/logo-bdb-full-wide-vernil-transparent.png","contentUrl":"https:\/\/buletin.de\/bucuresti\/wp-content\/uploads\/logo-bdb-full-wide-vernil-transparent.png","width":1782,"height":626,"caption":"Buletin de Bucure\u0219ti"},"image":{"@id":"https:\/\/buletin.de\/bucuresti\/#\/schema\/logo\/image\/"},"sameAs":["https:\/\/www.facebook.com\/buletin.de.buc","https:\/\/www.instagram.com\/buletinde.bucuresti\/"]},{"@type":"Person","@id":"https:\/\/buletin.de\/bucuresti\/#\/schema\/person\/a76df728dfc913795a9d90e346b253bb","name":"R\u0103zvan Chiru\u021b\u0103","image":{"@type":"ImageObject","inLanguage":"en-GB","@id":"https:\/\/buletin.de\/bucuresti\/wp-content\/uploads\/Razvan-Chiruta-96x96.jpge7143b996fd4241fbd6ee1f6b6b7b267","url":"https:\/\/buletin.de\/bucuresti\/wp-content\/uploads\/Razvan-Chiruta-96x96.jpg","contentUrl":"https:\/\/buletin.de\/bucuresti\/wp-content\/uploads\/Razvan-Chiruta-96x96.jpg","caption":"R\u0103zvan Chiru\u021b\u0103"},"description":"R\u0103zvan Chiru\u021b\u0103 este redactor-\u0219ef adjunct din iulie 2024. A fost redactor-\u0219ef al PRESShub \u00eentre 2022 \u0219i iunie 2024. Anterior, a fost redactor-\u0219ef al Newsweek Rom\u00e2nia, din 2018 p\u00e2n\u0103 \u00een 2021, \u0219i al cotidianului Rom\u00e2nia liber\u0103, \u00eentre 2015 \u0219i 2017. Este absolvent de Jurnalism, \u00een cadrul Universit\u0103\u021bii \u201eAl.I.Cuza\u201d din Ia\u0219i, \u0219i a urmat un master \u00een Managementul institu\u021biilor mass-media (f\u0103r\u0103 diserta\u021bie) la Facultatea de Jurnalism \u0219i \u0218tiin\u021bele Comunic\u0103rii din cadrul Universit\u0103\u021bii din Bucure\u0219ti. \u0218i-a \u00eenceput cariera la Opinia studen\u021beasc\u0103, cunoscuta \u0219coal\u0103 de pres\u0103 din Ia\u0219i. A lucrat \u00een presa local\u0103, apoi a devenit corespondent pentru Ia\u0219i al cotidianului Evenimentul Zilei. Din 2004, a coordonat pentru \u0219ase luni sec\u021bia de coresponden\u021bi a Evenimentului Zilei. A mai lucrat la s\u0103pt\u0103m\u00e2nalul Prezent \u0219i a colaborat cu revistele Dilema Veche \u0219i Suplimentul de Cultur\u0103. Este co-autor \u00een volumele \u201eMass-media \u0219i democra\u021bia \u00een Rom\u00e2nia post-comunist\u0103\u201d (ed. a II-a), Ed. Institutul European, Ia\u0219i, 2013, \u0219i \u201eCOVID - 19. Dimensiuni ale gestionarii pandemiei\u201d, Editura Junimea, Ia\u0219i, 2020.","url":"https:\/\/buletin.de\/bucuresti\/author\/razvan-chiruta\/"}]}},"authors":[{"term_id":22582,"user_id":60,"is_guest":0,"slug":"razvan-chiruta","display_name":"R\u0103zvan Chiru\u021b\u0103","avatar_url":"https:\/\/buletin.de\/bucuresti\/wp-content\/uploads\/Razvan-Chiruta-96x96.jpg","0":null,"1":"","2":"","3":"","4":"","5":"","6":"","7":"","8":""}],"_links":{"self":[{"href":"https:\/\/buletin.de\/bucuresti\/wp-json\/wp\/v2\/posts\/103052","targetHints":{"allow":["GET"]}}],"collection":[{"href":"https:\/\/buletin.de\/bucuresti\/wp-json\/wp\/v2\/posts"}],"about":[{"href":"https:\/\/buletin.de\/bucuresti\/wp-json\/wp\/v2\/types\/post"}],"author":[{"embeddable":true,"href":"https:\/\/buletin.de\/bucuresti\/wp-json\/wp\/v2\/users\/60"}],"replies":[{"embeddable":true,"href":"https:\/\/buletin.de\/bucuresti\/wp-json\/wp\/v2\/comments?post=103052"}],"version-history":[{"count":14,"href":"https:\/\/buletin.de\/bucuresti\/wp-json\/wp\/v2\/posts\/103052\/revisions"}],"predecessor-version":[{"id":103173,"href":"https:\/\/buletin.de\/bucuresti\/wp-json\/wp\/v2\/posts\/103052\/revisions\/103173"}],"wp:featuredmedia":[{"embeddable":true,"href":"https:\/\/buletin.de\/bucuresti\/wp-json\/wp\/v2\/media\/103057"}],"wp:attachment":[{"href":"https:\/\/buletin.de\/bucuresti\/wp-json\/wp\/v2\/media?parent=103052"}],"wp:term":[{"taxonomy":"category","embeddable":true,"href":"https:\/\/buletin.de\/bucuresti\/wp-json\/wp\/v2\/categories?post=103052"},{"taxonomy":"post_tag","embeddable":true,"href":"https:\/\/buletin.de\/bucuresti\/wp-json\/wp\/v2\/tags?post=103052"},{"taxonomy":"author","embeddable":true,"href":"https:\/\/buletin.de\/bucuresti\/wp-json\/wp\/v2\/ppma_author?post=103052"}],"curies":[{"name":"wp","href":"https:\/\/api.w.org\/{rel}","templated":true}]}}