{"id":103015,"date":"2024-10-20T15:19:04","date_gmt":"2024-10-20T12:19:04","guid":{"rendered":"https:\/\/buletin.de\/bucuresti\/?p=103015"},"modified":"2024-10-20T15:21:57","modified_gmt":"2024-10-20T12:21:57","slug":"comisia-europeana-suspenda-o-plata-de-300-de-milioane-de-euro-catre-romania-din-cauza-desemnarii-neconforme-a-conducerilor-unor-companii-de-stat-5-sunt-din-bucuresti-ilfov","status":"publish","type":"post","link":"https:\/\/buletin.de\/bucuresti\/comisia-europeana-suspenda-o-plata-de-300-de-milioane-de-euro-catre-romania-din-cauza-desemnarii-neconforme-a-conducerilor-unor-companii-de-stat-5-sunt-din-bucuresti-ilfov\/","title":{"rendered":"Comisia European\u0103 suspend\u0103 o plat\u0103 de 300 de milioane de euro c\u0103tre Rom\u00e2nia, din cauza desemn\u0103rii neconforme a conducerilor unor companii de stat. 5 sunt din Bucure\u0219ti-Ilfov"},"content":{"rendered":"\n<p><strong>Comisia European\u0103 suspend\u0103 o plat\u0103 de 300 de milioane de euro c\u0103tre Rom\u00e2nia, deoarece a identificat un \u00eentreg lan\u021b de conflict de interese \u0219i influen\u021be politice prin care au fost numi\u021bi \u0219efii companiilor de stat din Energie, arat\u0103 un document ob\u021binut de Economedia.<\/strong><\/p>\n\n\n\n<p>Scrisoarea c\u0103tre Guvernul Rom\u00e2niei descrie cum un secretar de stat din Ministerul Energiei era pre\u0219edinte al comisiei de selec\u021bie pentru conducerea unei companii \u0219i apoi a fost selectat chiar de aceast\u0103 comisie pentru a ocupa loc \u00een conducerea companiei. <\/p>\n\n\n\n<p><strong>Alt secretar de stat din Energie a fost ales \u00een consiliul de administra\u021bie al unei companii de c\u0103tre comitetul de selec\u021bie compus \u00een \u00eentregime din func\u021bionari din cadrul Ministerului Energiei. <\/strong><\/p>\n\n\n\n<p>\u00cenc\u0103 secretar de stat din Energie a fost ales \u00een acela\u0219i mod de c\u0103tre comisie format\u0103 din func\u021bionari din cadrul Ministerului Energiei \u0219i a ajuns chiar pre\u0219edinte al consiliului de administra\u021bie. <\/p>\n\n\n\n<p>Alt\u0103 persoan\u0103 a demisionat din consiliul de supraveghere pentru a fi numit \u00een consiliul de administra\u021bie \u00een calitate de director general. <\/p>\n\n\n\n<p><strong>Un membru al comitetului de nominalizare \u0219i remunerare al unei companii a candidat \u0219i a fost ales \u00een consiliul de administra\u021bie. Documentul mai arat\u0103 al\u021bi membri din conducere au fost ale\u0219i f\u0103r\u0103 procedur\u0103 de selec\u021bie competitiv\u0103 \u0219i transparent\u0103.<\/strong><\/p>\n\n\n\n<p>CITE\u0218TE \u0218I: <strong><a href=\"https:\/\/buletin.de\/bucuresti\/mariana-petre-numita-de-pnl-in-consiliul-de-administratie-al-metrorex-activista-de-partid-pentru-liberali-nu-mi-dau-demisia-sunt-cea-mai-calificata-de-acolo\/\" target=\"_blank\" rel=\"noreferrer noopener\">Pensionar\u0103 de 67 de ani, numit\u0103 de PNL \u00een Consiliul de Administra\u021bie al Metrorex, activist\u0103 de partid pentru liberali: \u201eNu-mi dau demisia. Sunt cea mai calificat\u0103 de acolo!\u201d<\/a><\/strong><\/p>\n\n\n\n<h2 class=\"wp-block-heading\" id=\"h-5-companii-pentru-care-comisia-europeana-suspenda-o-plata-sunt-din-bucure\u0219ti-\u0219i-ilfov\">5 companii pentru care Comisia European\u0103 suspend\u0103 o plat\u0103 sunt din Bucure\u0219ti \u0219i Ilfov<\/h2>\n\n\n\n<p><strong>Comisia European\u0103 a analizat 17 companii de stat, dintre care 14 companii principale, plus alte dou\u0103 trasferate al Autoritatea pentru Administrarea Activelor Statului \u0219i una care fuzioneaz\u0103 cu alt\u0103 companie de stat, noteaz\u0103 Economedia.<\/strong><\/p>\n\n\n\n<p>Printre companiile de stat cu probleme \u0219i care au sediul central \u00een Bucure\u0219ti \u0219i Ilfov se num\u0103r\u0103 Hidroelectrica, Compania Na\u021bional\u0103 pentru Controlul Cazanelor, Instala\u021biilor de Ridicat \u0219i Recipietelor sub Presiune (CNCIR), Societatea de Administrare a Participa\u021biilor \u00een Energie (SAPE), Eurotest \u0219i Radio Activ Mineral M\u0103gurele.<\/p>\n\n\n\n<p>La <strong>CNCIR<\/strong>, selec\u021bia \u0219i numirea consiliului de administra\u021bie au fost efectuate \u00eenainte de 1 februarie 2020, iar pentru o alt\u0103 societate de stat, respectiv\u00a0<strong>SAPE<\/strong>, nu exist\u0103 \u00een prezent un consiliu de administra\u021bie complet.<\/p>\n\n\n\n<p>\u00cen plus, pentru Eurotest \u0219i\u00a0Radioactiv Mineral Magurele, nu s-a efectuat nici selec\u021bia, nici numirea consiliului de administra\u021bie.<\/p>\n\n\n\n<p><strong><a href=\"https:\/\/economedia.ro\/exclusiv-scrisoarea-comisiei-europene-lantul-de-influente-politice-prin-care-au-fost-numiti-sefii-companiilor-de-stat-din-energie-comisia-suspenda-o-plata-de-300-de-milioane-de-euro-pentru-acest-ja.html\">Continuarea \u00een Economedia.<\/a><\/strong><\/p>\n\n\n\n<p>CITE\u0218TE \u0218I:\u00a0<strong><a href=\"https:\/\/buletin.de\/bucuresti\/o-scrisoare-a-comisiei-europene-l-a-facut-pe-presedintele-consiliului-de-administratie-al-metrorex-sa-demisioneze\/\" target=\"_blank\" rel=\"noreferrer noopener\">O scrisoare a Comisiei Europene l-a f\u0103cut pe pre\u0219edintele Consiliului de Administra\u021bie al Metrorex s\u0103 demisioneze<\/a><\/strong><\/p>\n","protected":false},"excerpt":{"rendered":"<p>Comisia European\u0103 suspend\u0103 o plat\u0103 de 300 de milioane de euro c\u0103tre Rom\u00e2nia, deoarece a identificat un \u00eentreg lan\u021b de conflict de interese \u0219i influen\u021be politice prin care au fost numi\u021bi \u0219efii companiilor de stat din Energie, arat\u0103 un document ob\u021binut de Economedia. Scrisoarea c\u0103tre Guvernul Rom\u00e2niei descrie cum un secretar de stat din Ministerul [&hellip;]<\/p>\n","protected":false},"author":1,"featured_media":103018,"comment_status":"closed","ping_status":"open","sticky":false,"template":"","format":"standard","meta":{"_acf_changed":false,"inline_featured_image":false,"ngg_post_thumbnail":0,"footnotes":""},"categories":[6994,5762,9025],"tags":[577,16141,16121,16140,2343],"ppma_author":[22583],"class_list":["post-103015","post","type-post","status-publish","format-standard","has-post-thumbnail","hentry","category-stiri-2","category-main","category-politic","tag-comisia-europeana","tag-companie-de-stat","tag-jalon-pnrr","tag-plata-pnrr","tag-pnrr"],"acf":[],"yoast_head":"<!-- This site is optimized with the Yoast SEO Premium plugin v25.3 (Yoast SEO v27.4) - https:\/\/yoast.com\/product\/yoast-seo-premium-wordpress\/ -->\n<title>Comisia European\u0103 suspend\u0103 o plat\u0103 de 300 de milioane de euro c\u0103tre Rom\u00e2nia, din cauza desemn\u0103rii neconforme a conducerilor unor companii de stat. 5 sunt din Bucure\u0219ti-Ilfov - Buletin de Bucure\u0219ti<\/title>\n<meta name=\"description\" content=\"Comisia European\u0103 suspend\u0103 o plat\u0103 de 300 de milioane de euro c\u0103tre Rom\u00e2nia, din cauza desemn\u0103rii neconforme a conducerilor unor companii.\" \/>\n<meta name=\"robots\" content=\"index, follow, max-snippet:-1, max-image-preview:large, max-video-preview:-1\" \/>\n<link rel=\"canonical\" href=\"https:\/\/buletin.de\/bucuresti\/comisia-europeana-suspenda-o-plata-de-300-de-milioane-de-euro-catre-romania-din-cauza-desemnarii-neconforme-a-conducerilor-unor-companii-de-stat-5-sunt-din-bucuresti-ilfov\/\" \/>\n<meta property=\"og:locale\" content=\"en_GB\" \/>\n<meta property=\"og:type\" content=\"article\" \/>\n<meta property=\"og:title\" content=\"Comisia European\u0103 suspend\u0103 o plat\u0103 de 300 de milioane de euro c\u0103tre Rom\u00e2nia, din cauza desemn\u0103rii neconforme a conducerilor unor companii de stat. 5 sunt din Bucure\u0219ti-Ilfov\" \/>\n<meta property=\"og:description\" content=\"Comisia European\u0103 suspend\u0103 o plat\u0103 de 300 de milioane de euro c\u0103tre Rom\u00e2nia, din cauza desemn\u0103rii neconforme a conducerilor unor companii.\" \/>\n<meta property=\"og:url\" content=\"https:\/\/buletin.de\/bucuresti\/comisia-europeana-suspenda-o-plata-de-300-de-milioane-de-euro-catre-romania-din-cauza-desemnarii-neconforme-a-conducerilor-unor-companii-de-stat-5-sunt-din-bucuresti-ilfov\/\" \/>\n<meta property=\"og:site_name\" content=\"Buletin de Bucure\u0219ti\" \/>\n<meta property=\"article:publisher\" content=\"https:\/\/www.facebook.com\/buletin.de.buc\" \/>\n<meta property=\"article:published_time\" content=\"2024-10-20T12:19:04+00:00\" \/>\n<meta property=\"article:modified_time\" content=\"2024-10-20T12:21:57+00:00\" \/>\n<meta property=\"og:image\" content=\"https:\/\/buletin.de\/bucuresti\/wp-content\/uploads\/comisiaeuropeana.jpg\" \/>\n\t<meta property=\"og:image:width\" content=\"640\" \/>\n\t<meta property=\"og:image:height\" content=\"480\" \/>\n\t<meta property=\"og:image:type\" content=\"image\/jpeg\" \/>\n<meta name=\"author\" content=\"Redac\u021bia Buletin de Bucure\u0219ti\" \/>\n<meta name=\"twitter:card\" content=\"summary_large_image\" \/>\n<meta name=\"twitter:label1\" content=\"Written by\" \/>\n\t<meta name=\"twitter:data1\" content=\"Redac\u021bia Buletin de Bucure\u0219ti\" \/>\n\t<meta name=\"twitter:label2\" content=\"Estimated reading time\" \/>\n\t<meta name=\"twitter:data2\" content=\"2 minutes\" \/>\n<script type=\"application\/ld+json\" class=\"yoast-schema-graph\">{\"@context\":\"https:\\\/\\\/schema.org\",\"@graph\":[{\"@type\":\"Article\",\"@id\":\"https:\\\/\\\/buletin.de\\\/bucuresti\\\/comisia-europeana-suspenda-o-plata-de-300-de-milioane-de-euro-catre-romania-din-cauza-desemnarii-neconforme-a-conducerilor-unor-companii-de-stat-5-sunt-din-bucuresti-ilfov\\\/#article\",\"isPartOf\":{\"@id\":\"https:\\\/\\\/buletin.de\\\/bucuresti\\\/comisia-europeana-suspenda-o-plata-de-300-de-milioane-de-euro-catre-romania-din-cauza-desemnarii-neconforme-a-conducerilor-unor-companii-de-stat-5-sunt-din-bucuresti-ilfov\\\/\"},\"author\":{\"name\":\"Redac\u021bia Buletin de Bucure\u0219ti\",\"@id\":\"https:\\\/\\\/buletin.de\\\/bucuresti\\\/#\\\/schema\\\/person\\\/2bbcf854e5f2419a13804af574d06ab1\"},\"headline\":\"Comisia European\u0103 suspend\u0103 o plat\u0103 de 300 de milioane de euro c\u0103tre Rom\u00e2nia, din cauza desemn\u0103rii neconforme a conducerilor unor companii de stat. 5 sunt din Bucure\u0219ti-Ilfov\",\"datePublished\":\"2024-10-20T12:19:04+00:00\",\"dateModified\":\"2024-10-20T12:21:57+00:00\",\"mainEntityOfPage\":{\"@id\":\"https:\\\/\\\/buletin.de\\\/bucuresti\\\/comisia-europeana-suspenda-o-plata-de-300-de-milioane-de-euro-catre-romania-din-cauza-desemnarii-neconforme-a-conducerilor-unor-companii-de-stat-5-sunt-din-bucuresti-ilfov\\\/\"},\"wordCount\":462,\"publisher\":{\"@id\":\"https:\\\/\\\/buletin.de\\\/bucuresti\\\/#organization\"},\"image\":{\"@id\":\"https:\\\/\\\/buletin.de\\\/bucuresti\\\/comisia-europeana-suspenda-o-plata-de-300-de-milioane-de-euro-catre-romania-din-cauza-desemnarii-neconforme-a-conducerilor-unor-companii-de-stat-5-sunt-din-bucuresti-ilfov\\\/#primaryimage\"},\"thumbnailUrl\":\"https:\\\/\\\/buletin.de\\\/bucuresti\\\/wp-content\\\/uploads\\\/comisiaeuropeana.jpg\",\"keywords\":[\"Comisia Europeana\",\"companie de stat\",\"jalon PNRR\",\"plata pnrr\",\"pnrr\"],\"articleSection\":[\"Articole\",\"Main\",\"Politic\"],\"inLanguage\":\"en-GB\",\"copyrightYear\":\"2024\",\"copyrightHolder\":{\"@id\":\"https:\\\/\\\/buletin.de\\\/bucuresti\\\/#organization\"}},{\"@type\":\"WebPage\",\"@id\":\"https:\\\/\\\/buletin.de\\\/bucuresti\\\/comisia-europeana-suspenda-o-plata-de-300-de-milioane-de-euro-catre-romania-din-cauza-desemnarii-neconforme-a-conducerilor-unor-companii-de-stat-5-sunt-din-bucuresti-ilfov\\\/\",\"url\":\"https:\\\/\\\/buletin.de\\\/bucuresti\\\/comisia-europeana-suspenda-o-plata-de-300-de-milioane-de-euro-catre-romania-din-cauza-desemnarii-neconforme-a-conducerilor-unor-companii-de-stat-5-sunt-din-bucuresti-ilfov\\\/\",\"name\":\"Comisia European\u0103 suspend\u0103 o plat\u0103 de 300 de milioane de euro c\u0103tre Rom\u00e2nia, din cauza desemn\u0103rii neconforme a conducerilor unor companii de stat. 5 sunt din Bucure\u0219ti-Ilfov - Buletin de Bucure\u0219ti\",\"isPartOf\":{\"@id\":\"https:\\\/\\\/buletin.de\\\/bucuresti\\\/#website\"},\"primaryImageOfPage\":{\"@id\":\"https:\\\/\\\/buletin.de\\\/bucuresti\\\/comisia-europeana-suspenda-o-plata-de-300-de-milioane-de-euro-catre-romania-din-cauza-desemnarii-neconforme-a-conducerilor-unor-companii-de-stat-5-sunt-din-bucuresti-ilfov\\\/#primaryimage\"},\"image\":{\"@id\":\"https:\\\/\\\/buletin.de\\\/bucuresti\\\/comisia-europeana-suspenda-o-plata-de-300-de-milioane-de-euro-catre-romania-din-cauza-desemnarii-neconforme-a-conducerilor-unor-companii-de-stat-5-sunt-din-bucuresti-ilfov\\\/#primaryimage\"},\"thumbnailUrl\":\"https:\\\/\\\/buletin.de\\\/bucuresti\\\/wp-content\\\/uploads\\\/comisiaeuropeana.jpg\",\"datePublished\":\"2024-10-20T12:19:04+00:00\",\"dateModified\":\"2024-10-20T12:21:57+00:00\",\"description\":\"Comisia European\u0103 suspend\u0103 o plat\u0103 de 300 de milioane de euro c\u0103tre Rom\u00e2nia, din cauza desemn\u0103rii neconforme a conducerilor unor companii.\",\"breadcrumb\":{\"@id\":\"https:\\\/\\\/buletin.de\\\/bucuresti\\\/comisia-europeana-suspenda-o-plata-de-300-de-milioane-de-euro-catre-romania-din-cauza-desemnarii-neconforme-a-conducerilor-unor-companii-de-stat-5-sunt-din-bucuresti-ilfov\\\/#breadcrumb\"},\"inLanguage\":\"en-GB\",\"potentialAction\":[{\"@type\":\"ReadAction\",\"target\":[\"https:\\\/\\\/buletin.de\\\/bucuresti\\\/comisia-europeana-suspenda-o-plata-de-300-de-milioane-de-euro-catre-romania-din-cauza-desemnarii-neconforme-a-conducerilor-unor-companii-de-stat-5-sunt-din-bucuresti-ilfov\\\/\"]}]},{\"@type\":\"ImageObject\",\"inLanguage\":\"en-GB\",\"@id\":\"https:\\\/\\\/buletin.de\\\/bucuresti\\\/comisia-europeana-suspenda-o-plata-de-300-de-milioane-de-euro-catre-romania-din-cauza-desemnarii-neconforme-a-conducerilor-unor-companii-de-stat-5-sunt-din-bucuresti-ilfov\\\/#primaryimage\",\"url\":\"https:\\\/\\\/buletin.de\\\/bucuresti\\\/wp-content\\\/uploads\\\/comisiaeuropeana.jpg\",\"contentUrl\":\"https:\\\/\\\/buletin.de\\\/bucuresti\\\/wp-content\\\/uploads\\\/comisiaeuropeana.jpg\",\"width\":640,\"height\":480,\"caption\":\"Comisia European\u0103 suspend\u0103 o plat\u0103 de 300 de milioane de euro c\u0103tre Rom\u00e2nia. Foto Comisia European\u0103\"},{\"@type\":\"BreadcrumbList\",\"@id\":\"https:\\\/\\\/buletin.de\\\/bucuresti\\\/comisia-europeana-suspenda-o-plata-de-300-de-milioane-de-euro-catre-romania-din-cauza-desemnarii-neconforme-a-conducerilor-unor-companii-de-stat-5-sunt-din-bucuresti-ilfov\\\/#breadcrumb\",\"itemListElement\":[{\"@type\":\"ListItem\",\"position\":1,\"name\":\"Acas\u0103\",\"item\":\"https:\\\/\\\/buletin.de\\\/bucuresti\\\/\"},{\"@type\":\"ListItem\",\"position\":2,\"name\":\"Comisia European\u0103 suspend\u0103 o plat\u0103 de 300 de milioane de euro c\u0103tre Rom\u00e2nia, din cauza desemn\u0103rii neconforme a conducerilor unor companii de stat. 5 sunt din Bucure\u0219ti-Ilfov\"}]},{\"@type\":\"WebSite\",\"@id\":\"https:\\\/\\\/buletin.de\\\/bucuresti\\\/#website\",\"url\":\"https:\\\/\\\/buletin.de\\\/bucuresti\\\/\",\"name\":\"Buletin de Bucure\u0219ti\",\"description\":\"\u0218tiri \u0219i investiga\u021bii esen\u021biale din capital\u0103\",\"publisher\":{\"@id\":\"https:\\\/\\\/buletin.de\\\/bucuresti\\\/#organization\"},\"potentialAction\":[{\"@type\":\"SearchAction\",\"target\":{\"@type\":\"EntryPoint\",\"urlTemplate\":\"https:\\\/\\\/buletin.de\\\/bucuresti\\\/?s={search_term_string}\"},\"query-input\":{\"@type\":\"PropertyValueSpecification\",\"valueRequired\":true,\"valueName\":\"search_term_string\"}}],\"inLanguage\":\"en-GB\"},{\"@type\":\"Organization\",\"@id\":\"https:\\\/\\\/buletin.de\\\/bucuresti\\\/#organization\",\"name\":\"Buletin de Bucure\u0219ti\",\"url\":\"https:\\\/\\\/buletin.de\\\/bucuresti\\\/\",\"logo\":{\"@type\":\"ImageObject\",\"inLanguage\":\"en-GB\",\"@id\":\"https:\\\/\\\/buletin.de\\\/bucuresti\\\/#\\\/schema\\\/logo\\\/image\\\/\",\"url\":\"https:\\\/\\\/buletin.de\\\/bucuresti\\\/wp-content\\\/uploads\\\/logo-bdb-full-wide-vernil-transparent.png\",\"contentUrl\":\"https:\\\/\\\/buletin.de\\\/bucuresti\\\/wp-content\\\/uploads\\\/logo-bdb-full-wide-vernil-transparent.png\",\"width\":1782,\"height\":626,\"caption\":\"Buletin de Bucure\u0219ti\"},\"image\":{\"@id\":\"https:\\\/\\\/buletin.de\\\/bucuresti\\\/#\\\/schema\\\/logo\\\/image\\\/\"},\"sameAs\":[\"https:\\\/\\\/www.facebook.com\\\/buletin.de.buc\",\"https:\\\/\\\/www.instagram.com\\\/buletinde.bucuresti\\\/\"]},{\"@type\":\"Person\",\"@id\":\"https:\\\/\\\/buletin.de\\\/bucuresti\\\/#\\\/schema\\\/person\\\/2bbcf854e5f2419a13804af574d06ab1\",\"name\":\"Redac\u021bia Buletin de Bucure\u0219ti\",\"image\":{\"@type\":\"ImageObject\",\"inLanguage\":\"en-GB\",\"@id\":\"https:\\\/\\\/secure.gravatar.com\\\/avatar\\\/18c5342381ed1a08620e6280424e3e5efc958618f5d67c522c9e44c1bc6f9226?s=96&d=monsterid&r=g60c7cd0ad92c68c049fcd4bb3504d609\",\"url\":\"https:\\\/\\\/secure.gravatar.com\\\/avatar\\\/18c5342381ed1a08620e6280424e3e5efc958618f5d67c522c9e44c1bc6f9226?s=96&d=monsterid&r=g\",\"contentUrl\":\"https:\\\/\\\/secure.gravatar.com\\\/avatar\\\/18c5342381ed1a08620e6280424e3e5efc958618f5d67c522c9e44c1bc6f9226?s=96&d=monsterid&r=g\",\"caption\":\"Redac\u021bia Buletin de Bucure\u0219ti\"},\"description\":\"Buletin de Bucure\u0219ti exist\u0103 din vara anului 2019.\",\"url\":\"https:\\\/\\\/buletin.de\\\/bucuresti\\\/author\\\/adminbuletin\\\/\"}]}<\/script>\n<!-- \/ Yoast SEO Premium plugin. -->","yoast_head_json":{"title":"Comisia European\u0103 suspend\u0103 o plat\u0103 de 300 de milioane de euro c\u0103tre Rom\u00e2nia, din cauza desemn\u0103rii neconforme a conducerilor unor companii de stat. 5 sunt din Bucure\u0219ti-Ilfov - Buletin de Bucure\u0219ti","description":"Comisia European\u0103 suspend\u0103 o plat\u0103 de 300 de milioane de euro c\u0103tre Rom\u00e2nia, din cauza desemn\u0103rii neconforme a conducerilor unor companii.","robots":{"index":"index","follow":"follow","max-snippet":"max-snippet:-1","max-image-preview":"max-image-preview:large","max-video-preview":"max-video-preview:-1"},"canonical":"https:\/\/buletin.de\/bucuresti\/comisia-europeana-suspenda-o-plata-de-300-de-milioane-de-euro-catre-romania-din-cauza-desemnarii-neconforme-a-conducerilor-unor-companii-de-stat-5-sunt-din-bucuresti-ilfov\/","og_locale":"en_GB","og_type":"article","og_title":"Comisia European\u0103 suspend\u0103 o plat\u0103 de 300 de milioane de euro c\u0103tre Rom\u00e2nia, din cauza desemn\u0103rii neconforme a conducerilor unor companii de stat. 5 sunt din Bucure\u0219ti-Ilfov","og_description":"Comisia European\u0103 suspend\u0103 o plat\u0103 de 300 de milioane de euro c\u0103tre Rom\u00e2nia, din cauza desemn\u0103rii neconforme a conducerilor unor companii.","og_url":"https:\/\/buletin.de\/bucuresti\/comisia-europeana-suspenda-o-plata-de-300-de-milioane-de-euro-catre-romania-din-cauza-desemnarii-neconforme-a-conducerilor-unor-companii-de-stat-5-sunt-din-bucuresti-ilfov\/","og_site_name":"Buletin de Bucure\u0219ti","article_publisher":"https:\/\/www.facebook.com\/buletin.de.buc","article_published_time":"2024-10-20T12:19:04+00:00","article_modified_time":"2024-10-20T12:21:57+00:00","og_image":[{"width":640,"height":480,"url":"https:\/\/buletin.de\/bucuresti\/wp-content\/uploads\/comisiaeuropeana.jpg","type":"image\/jpeg"}],"author":"Redac\u021bia Buletin de Bucure\u0219ti","twitter_card":"summary_large_image","twitter_misc":{"Written by":"Redac\u021bia Buletin de Bucure\u0219ti","Estimated reading time":"2 minutes"},"schema":{"@context":"https:\/\/schema.org","@graph":[{"@type":"Article","@id":"https:\/\/buletin.de\/bucuresti\/comisia-europeana-suspenda-o-plata-de-300-de-milioane-de-euro-catre-romania-din-cauza-desemnarii-neconforme-a-conducerilor-unor-companii-de-stat-5-sunt-din-bucuresti-ilfov\/#article","isPartOf":{"@id":"https:\/\/buletin.de\/bucuresti\/comisia-europeana-suspenda-o-plata-de-300-de-milioane-de-euro-catre-romania-din-cauza-desemnarii-neconforme-a-conducerilor-unor-companii-de-stat-5-sunt-din-bucuresti-ilfov\/"},"author":{"name":"Redac\u021bia Buletin de Bucure\u0219ti","@id":"https:\/\/buletin.de\/bucuresti\/#\/schema\/person\/2bbcf854e5f2419a13804af574d06ab1"},"headline":"Comisia European\u0103 suspend\u0103 o plat\u0103 de 300 de milioane de euro c\u0103tre Rom\u00e2nia, din cauza desemn\u0103rii neconforme a conducerilor unor companii de stat. 5 sunt din Bucure\u0219ti-Ilfov","datePublished":"2024-10-20T12:19:04+00:00","dateModified":"2024-10-20T12:21:57+00:00","mainEntityOfPage":{"@id":"https:\/\/buletin.de\/bucuresti\/comisia-europeana-suspenda-o-plata-de-300-de-milioane-de-euro-catre-romania-din-cauza-desemnarii-neconforme-a-conducerilor-unor-companii-de-stat-5-sunt-din-bucuresti-ilfov\/"},"wordCount":462,"publisher":{"@id":"https:\/\/buletin.de\/bucuresti\/#organization"},"image":{"@id":"https:\/\/buletin.de\/bucuresti\/comisia-europeana-suspenda-o-plata-de-300-de-milioane-de-euro-catre-romania-din-cauza-desemnarii-neconforme-a-conducerilor-unor-companii-de-stat-5-sunt-din-bucuresti-ilfov\/#primaryimage"},"thumbnailUrl":"https:\/\/buletin.de\/bucuresti\/wp-content\/uploads\/comisiaeuropeana.jpg","keywords":["Comisia Europeana","companie de stat","jalon PNRR","plata pnrr","pnrr"],"articleSection":["Articole","Main","Politic"],"inLanguage":"en-GB","copyrightYear":"2024","copyrightHolder":{"@id":"https:\/\/buletin.de\/bucuresti\/#organization"}},{"@type":"WebPage","@id":"https:\/\/buletin.de\/bucuresti\/comisia-europeana-suspenda-o-plata-de-300-de-milioane-de-euro-catre-romania-din-cauza-desemnarii-neconforme-a-conducerilor-unor-companii-de-stat-5-sunt-din-bucuresti-ilfov\/","url":"https:\/\/buletin.de\/bucuresti\/comisia-europeana-suspenda-o-plata-de-300-de-milioane-de-euro-catre-romania-din-cauza-desemnarii-neconforme-a-conducerilor-unor-companii-de-stat-5-sunt-din-bucuresti-ilfov\/","name":"Comisia European\u0103 suspend\u0103 o plat\u0103 de 300 de milioane de euro c\u0103tre Rom\u00e2nia, din cauza desemn\u0103rii neconforme a conducerilor unor companii de stat. 5 sunt din Bucure\u0219ti-Ilfov - Buletin de Bucure\u0219ti","isPartOf":{"@id":"https:\/\/buletin.de\/bucuresti\/#website"},"primaryImageOfPage":{"@id":"https:\/\/buletin.de\/bucuresti\/comisia-europeana-suspenda-o-plata-de-300-de-milioane-de-euro-catre-romania-din-cauza-desemnarii-neconforme-a-conducerilor-unor-companii-de-stat-5-sunt-din-bucuresti-ilfov\/#primaryimage"},"image":{"@id":"https:\/\/buletin.de\/bucuresti\/comisia-europeana-suspenda-o-plata-de-300-de-milioane-de-euro-catre-romania-din-cauza-desemnarii-neconforme-a-conducerilor-unor-companii-de-stat-5-sunt-din-bucuresti-ilfov\/#primaryimage"},"thumbnailUrl":"https:\/\/buletin.de\/bucuresti\/wp-content\/uploads\/comisiaeuropeana.jpg","datePublished":"2024-10-20T12:19:04+00:00","dateModified":"2024-10-20T12:21:57+00:00","description":"Comisia European\u0103 suspend\u0103 o plat\u0103 de 300 de milioane de euro c\u0103tre Rom\u00e2nia, din cauza desemn\u0103rii neconforme a conducerilor unor companii.","breadcrumb":{"@id":"https:\/\/buletin.de\/bucuresti\/comisia-europeana-suspenda-o-plata-de-300-de-milioane-de-euro-catre-romania-din-cauza-desemnarii-neconforme-a-conducerilor-unor-companii-de-stat-5-sunt-din-bucuresti-ilfov\/#breadcrumb"},"inLanguage":"en-GB","potentialAction":[{"@type":"ReadAction","target":["https:\/\/buletin.de\/bucuresti\/comisia-europeana-suspenda-o-plata-de-300-de-milioane-de-euro-catre-romania-din-cauza-desemnarii-neconforme-a-conducerilor-unor-companii-de-stat-5-sunt-din-bucuresti-ilfov\/"]}]},{"@type":"ImageObject","inLanguage":"en-GB","@id":"https:\/\/buletin.de\/bucuresti\/comisia-europeana-suspenda-o-plata-de-300-de-milioane-de-euro-catre-romania-din-cauza-desemnarii-neconforme-a-conducerilor-unor-companii-de-stat-5-sunt-din-bucuresti-ilfov\/#primaryimage","url":"https:\/\/buletin.de\/bucuresti\/wp-content\/uploads\/comisiaeuropeana.jpg","contentUrl":"https:\/\/buletin.de\/bucuresti\/wp-content\/uploads\/comisiaeuropeana.jpg","width":640,"height":480,"caption":"Comisia European\u0103 suspend\u0103 o plat\u0103 de 300 de milioane de euro c\u0103tre Rom\u00e2nia. Foto Comisia European\u0103"},{"@type":"BreadcrumbList","@id":"https:\/\/buletin.de\/bucuresti\/comisia-europeana-suspenda-o-plata-de-300-de-milioane-de-euro-catre-romania-din-cauza-desemnarii-neconforme-a-conducerilor-unor-companii-de-stat-5-sunt-din-bucuresti-ilfov\/#breadcrumb","itemListElement":[{"@type":"ListItem","position":1,"name":"Acas\u0103","item":"https:\/\/buletin.de\/bucuresti\/"},{"@type":"ListItem","position":2,"name":"Comisia European\u0103 suspend\u0103 o plat\u0103 de 300 de milioane de euro c\u0103tre Rom\u00e2nia, din cauza desemn\u0103rii neconforme a conducerilor unor companii de stat. 5 sunt din Bucure\u0219ti-Ilfov"}]},{"@type":"WebSite","@id":"https:\/\/buletin.de\/bucuresti\/#website","url":"https:\/\/buletin.de\/bucuresti\/","name":"Buletin de Bucure\u0219ti","description":"\u0218tiri \u0219i investiga\u021bii esen\u021biale din capital\u0103","publisher":{"@id":"https:\/\/buletin.de\/bucuresti\/#organization"},"potentialAction":[{"@type":"SearchAction","target":{"@type":"EntryPoint","urlTemplate":"https:\/\/buletin.de\/bucuresti\/?s={search_term_string}"},"query-input":{"@type":"PropertyValueSpecification","valueRequired":true,"valueName":"search_term_string"}}],"inLanguage":"en-GB"},{"@type":"Organization","@id":"https:\/\/buletin.de\/bucuresti\/#organization","name":"Buletin de Bucure\u0219ti","url":"https:\/\/buletin.de\/bucuresti\/","logo":{"@type":"ImageObject","inLanguage":"en-GB","@id":"https:\/\/buletin.de\/bucuresti\/#\/schema\/logo\/image\/","url":"https:\/\/buletin.de\/bucuresti\/wp-content\/uploads\/logo-bdb-full-wide-vernil-transparent.png","contentUrl":"https:\/\/buletin.de\/bucuresti\/wp-content\/uploads\/logo-bdb-full-wide-vernil-transparent.png","width":1782,"height":626,"caption":"Buletin de Bucure\u0219ti"},"image":{"@id":"https:\/\/buletin.de\/bucuresti\/#\/schema\/logo\/image\/"},"sameAs":["https:\/\/www.facebook.com\/buletin.de.buc","https:\/\/www.instagram.com\/buletinde.bucuresti\/"]},{"@type":"Person","@id":"https:\/\/buletin.de\/bucuresti\/#\/schema\/person\/2bbcf854e5f2419a13804af574d06ab1","name":"Redac\u021bia Buletin de Bucure\u0219ti","image":{"@type":"ImageObject","inLanguage":"en-GB","@id":"https:\/\/secure.gravatar.com\/avatar\/18c5342381ed1a08620e6280424e3e5efc958618f5d67c522c9e44c1bc6f9226?s=96&d=monsterid&r=g60c7cd0ad92c68c049fcd4bb3504d609","url":"https:\/\/secure.gravatar.com\/avatar\/18c5342381ed1a08620e6280424e3e5efc958618f5d67c522c9e44c1bc6f9226?s=96&d=monsterid&r=g","contentUrl":"https:\/\/secure.gravatar.com\/avatar\/18c5342381ed1a08620e6280424e3e5efc958618f5d67c522c9e44c1bc6f9226?s=96&d=monsterid&r=g","caption":"Redac\u021bia Buletin de Bucure\u0219ti"},"description":"Buletin de Bucure\u0219ti exist\u0103 din vara anului 2019.","url":"https:\/\/buletin.de\/bucuresti\/author\/adminbuletin\/"}]}},"authors":[{"term_id":22583,"user_id":1,"is_guest":0,"slug":"adminbuletin","display_name":"Redac\u021bia Buletin de Bucure\u0219ti","avatar_url":"https:\/\/secure.gravatar.com\/avatar\/18c5342381ed1a08620e6280424e3e5efc958618f5d67c522c9e44c1bc6f9226?s=96&d=monsterid&r=g","0":null,"1":"","2":"","3":"","4":"","5":"","6":"","7":"","8":""}],"_links":{"self":[{"href":"https:\/\/buletin.de\/bucuresti\/wp-json\/wp\/v2\/posts\/103015","targetHints":{"allow":["GET"]}}],"collection":[{"href":"https:\/\/buletin.de\/bucuresti\/wp-json\/wp\/v2\/posts"}],"about":[{"href":"https:\/\/buletin.de\/bucuresti\/wp-json\/wp\/v2\/types\/post"}],"author":[{"embeddable":true,"href":"https:\/\/buletin.de\/bucuresti\/wp-json\/wp\/v2\/users\/1"}],"replies":[{"embeddable":true,"href":"https:\/\/buletin.de\/bucuresti\/wp-json\/wp\/v2\/comments?post=103015"}],"version-history":[{"count":3,"href":"https:\/\/buletin.de\/bucuresti\/wp-json\/wp\/v2\/posts\/103015\/revisions"}],"predecessor-version":[{"id":103021,"href":"https:\/\/buletin.de\/bucuresti\/wp-json\/wp\/v2\/posts\/103015\/revisions\/103021"}],"wp:featuredmedia":[{"embeddable":true,"href":"https:\/\/buletin.de\/bucuresti\/wp-json\/wp\/v2\/media\/103018"}],"wp:attachment":[{"href":"https:\/\/buletin.de\/bucuresti\/wp-json\/wp\/v2\/media?parent=103015"}],"wp:term":[{"taxonomy":"category","embeddable":true,"href":"https:\/\/buletin.de\/bucuresti\/wp-json\/wp\/v2\/categories?post=103015"},{"taxonomy":"post_tag","embeddable":true,"href":"https:\/\/buletin.de\/bucuresti\/wp-json\/wp\/v2\/tags?post=103015"},{"taxonomy":"author","embeddable":true,"href":"https:\/\/buletin.de\/bucuresti\/wp-json\/wp\/v2\/ppma_author?post=103015"}],"curies":[{"name":"wp","href":"https:\/\/api.w.org\/{rel}","templated":true}]}}