{"id":102847,"date":"2024-10-18T14:43:35","date_gmt":"2024-10-18T11:43:35","guid":{"rendered":"https:\/\/buletin.de\/bucuresti\/?p=102847"},"modified":"2024-10-18T14:43:57","modified_gmt":"2024-10-18T11:43:57","slug":"context-ong-ul-care-se-ocupa-de-campania-electorala-a-lui-geoana-are-sediul-intr-o-cladire-a-one-united-properties","status":"publish","type":"post","link":"https:\/\/buletin.de\/bucuresti\/context-ong-ul-care-se-ocupa-de-campania-electorala-a-lui-geoana-are-sediul-intr-o-cladire-a-one-united-properties\/","title":{"rendered":"CONTEXT | ONG-ul care se ocup\u0103 de campania electoral\u0103 a lui Geoan\u0103 are sediul \u00eentr-o cl\u0103dire a One United Properties"},"content":{"rendered":"\n<p><strong>Campania electoral\u0103 a lui Geoan\u0103, candidat independent la preziden\u021biale, se desf\u0103\u0219oar\u0103 \u00eentr-o cl\u0103dire a firmei imobiliare mamut One United Properties, scrie publica\u021bia <a href=\"http:\/\/context.ro\">Context<\/a>.<\/strong><\/p>\n\n\n\n<p>Campania preziden\u021bial\u0103 implementat\u0103 de ONG-ul \u201eMi\u0219carea \u021aara Rena\u0219te\u201d, cunoscut\u0103 drept \u201eRom\u00e2nia Rena\u0219te\u201d, pentru Mircea Geoan\u0103 s-a desf\u0103\u0219urat \u00een secret \u00een prima parte a companiei electorale, noteaz\u0103 jurnali\u0219tii.<\/p>\n\n\n\n<p>\u00cen cadrul <a href=\"https:\/\/context.ro\/geoana-si-rusii-sef-de-campanie-pentru-adjunctul-nato-partener-de-afaceri-cu-un-propagandist-care-l-admira-pe-putin\/\">investiga\u021biei despre leg\u0103turile lui Mircea Geon\u0103 cu ru\u0219ii<\/a>, context.ro a dezv\u0103luit c\u0103 Rare\u0219 M\u0103nescu, implicat \u00een campania lui Geon\u0103, a intrat \u00een afaceri cu un cet\u0103\u021bean rus, propagandist \u0219i fan al lui Putin. \u0218edin\u021ba s-a desf\u0103\u0219urat \u00een Eliade Tower, o cl\u0103dire de birouri din Floreasca.&nbsp;<\/p>\n\n\n\n<p>\u00cen aceea\u0219i cl\u0103dire, la etajele 8 \u0219i 10 \u00ee\u0219i desf\u0103\u0219oar\u0103 activitatea staff-ul de campanie al fostului secretar adjunct al NATO.&nbsp;<\/p>\n\n\n\n<p>CITE\u0218TE \u0218I: <strong><a href=\"https:\/\/buletin.de\/bucuresti\/investigatie-un-fost-coleg-de-academie-militara-numit-de-nicolae-ciuca-secretar-de-stat-in-guvernul-pnl-contracte-pe-banda-rulanta-cu-institutii-controlate-de-liberali\/\">INVESTIGA\u021aIE | Un fost coleg de Academie Militar\u0103, numit de Nicolae Ciuc\u0103 secretar de stat \u00een Guvernul PNL, contracte pe band\u0103 rulant\u0103 cu institu\u021bii controlate de liberali<\/a><\/strong><\/p>\n\n\n\n<h2 class=\"wp-block-heading\" id=\"h-singurul-scop-al-ong-ului-campania-electorala-a-lui-geoana\">Singurul scop al ONG-ului, campania electoral\u0103 a lui Geoan\u0103<\/h2>\n\n\n\n<p><strong>Campania lui Geon\u0103 e implementat\u0103 de ONG-ul cunoscut ca Rom\u00e2nia Rena\u0219te, fondat\u0103 la finalul anului 2023 de c\u0103tre fostul deputat PSD Florentin Gust B\u0103lo\u0219in, o avocat\u0103 \u0219i un profesor universitar. Geoan\u0103 a fost na\u0219ul de cununie al lui Florentin Gust B\u0103lo\u0219in, conform informa\u021biilor ap\u0103rute \u00een pres\u0103.\u00a0<\/strong><\/p>\n\n\n\n<p>Controversa cu ONG-ul Mi\u0219carea \u021aara Rena\u0219te prive\u0219te legalitatea unei asocia\u021bii al c\u0103rei scop este implicarea \u00een politic\u0103, iar speciali\u0219tii consulta\u021bi de context.ro sus\u021bin c\u0103 nu este legal\u0103 crearea unui ONG pentru a implementa campanie electoral\u0103, \u00een special c\u00e2nd sus\u021bine un singur candidat.&nbsp;<\/p>\n\n\n\n<p>De\u0219i organiza\u021bia prevedea sus\u021binerea politicienilor independen\u021bi la toate alegerile, Mircea Geon\u0103 este singurul candidat pe care \u00eel men\u021bioneaz\u0103 pe site. Purt\u0103toarea de cuv\u00e2nt a asocia\u021biei a declarat c\u0103 <em>\u201eMi\u0219carea care are ca scop statutar sus\u021binerea candidaturii domnului Geoan\u0103 a promovat p\u00e2n\u0103 la \u00eentoarcerea domnului Geoan\u0103 de la NATO, cartea domnului Geoan\u0103 \u0219i a ajutat la organizarea lans\u0103rii acestei c\u0103r\u021bi<\/em>\u201d.&nbsp;<\/p>\n\n\n\n<p>ONG-ul care implementeaz\u0103 campania lui Geoan\u0103 a avut la dispozi\u021bie, gratuit, un spa\u021biu de 50 de metri p\u0103tra\u021bi, venit de la Asocia\u021bia Proiectul Rom\u00e2nia 2030, care l-a \u00eenchiriat ini\u021bial de la ONE. Aranjamentul a durat \u0219apte luni.&nbsp;<\/p>\n\n\n\n<p><strong>Articolul poate fi citit integral pe <a href=\"https:\/\/context.ro\/binomul-geoana-romania-renaste-sediul-de-campanie-pe-doua-etaje-in-cladirea-mogulilor-imobiliari-de-la-one\/\">context.ro<\/a>.\u00a0<\/strong><\/p>\n\n\n\n<p>CITE\u0218TE \u0218I: <strong><a href=\"https:\/\/buletin.de\/bucuresti\/lantul-uman-pentru-protectia-ior-are-loc-sambata-este-nevoie-de-1-000-de-persoane\/\">Lan\u021bul uman pentru protec\u021bia IOR are loc s\u00e2mb\u0103t\u0103. Este nevoie de 1.000 de persoane<\/a><\/strong><\/p>\n","protected":false},"excerpt":{"rendered":"<p>Campania electoral\u0103 a lui Geoan\u0103, candidat independent la preziden\u021biale, se desf\u0103\u0219oar\u0103 \u00eentr-o cl\u0103dire a firmei imobiliare mamut One United Properties, scrie publica\u021bia Context. Campania preziden\u021bial\u0103 implementat\u0103 de ONG-ul \u201eMi\u0219carea \u021aara Rena\u0219te\u201d, cunoscut\u0103 drept \u201eRom\u00e2nia Rena\u0219te\u201d, pentru Mircea Geoan\u0103 s-a desf\u0103\u0219urat \u00een secret \u00een prima parte a companiei electorale, noteaz\u0103 jurnali\u0219tii. \u00cen cadrul investiga\u021biei despre leg\u0103turile [&hellip;]<\/p>\n","protected":false},"author":1,"featured_media":102848,"comment_status":"closed","ping_status":"open","sticky":false,"template":"","format":"standard","meta":{"_acf_changed":false,"inline_featured_image":false,"ngg_post_thumbnail":0,"footnotes":""},"categories":[6994,5762,9025],"tags":[9,1644,16114,14950,13792],"ppma_author":[22583],"class_list":["post-102847","post","type-post","status-publish","format-standard","has-post-thumbnail","hentry","category-stiri-2","category-main","category-politic","tag-bucuresti","tag-campanie-electorala","tag-campanie-prezidentiala","tag-mircea-geoana","tag-one-united-properties"],"acf":[],"yoast_head":"<!-- This site is optimized with the Yoast SEO Premium plugin v25.3 (Yoast SEO v27.4) - https:\/\/yoast.com\/product\/yoast-seo-premium-wordpress\/ -->\n<title>CONTEXT | ONG-ul care se ocup\u0103 de campania electoral\u0103 a lui Geoan\u0103 are sediul \u00eentr-o cl\u0103dire a One United Properties - Buletin de Bucure\u0219ti<\/title>\n<meta name=\"description\" content=\"ONG-ul care se ocup\u0103 de campania electoral\u0103 a lui Geoan\u0103 are sediul \u00eentr-o cl\u0103dire a One United Properties, scrie Context.\" \/>\n<meta name=\"robots\" content=\"index, follow, max-snippet:-1, max-image-preview:large, max-video-preview:-1\" \/>\n<link rel=\"canonical\" href=\"https:\/\/buletin.de\/bucuresti\/context-ong-ul-care-se-ocupa-de-campania-electorala-a-lui-geoana-are-sediul-intr-o-cladire-a-one-united-properties\/\" \/>\n<meta property=\"og:locale\" content=\"en_GB\" \/>\n<meta property=\"og:type\" content=\"article\" \/>\n<meta property=\"og:title\" content=\"CONTEXT | ONG-ul care se ocup\u0103 de campania electoral\u0103 a lui Geoan\u0103 are sediul \u00eentr-o cl\u0103dire a One United Properties\" \/>\n<meta property=\"og:description\" content=\"ONG-ul care se ocup\u0103 de campania electoral\u0103 a lui Geoan\u0103 are sediul \u00eentr-o cl\u0103dire a One United Properties, scrie Context.\" \/>\n<meta property=\"og:url\" content=\"https:\/\/buletin.de\/bucuresti\/context-ong-ul-care-se-ocupa-de-campania-electorala-a-lui-geoana-are-sediul-intr-o-cladire-a-one-united-properties\/\" \/>\n<meta property=\"og:site_name\" content=\"Buletin de Bucure\u0219ti\" \/>\n<meta property=\"article:publisher\" content=\"https:\/\/www.facebook.com\/buletin.de.buc\" \/>\n<meta property=\"article:published_time\" content=\"2024-10-18T11:43:35+00:00\" \/>\n<meta property=\"article:modified_time\" content=\"2024-10-18T11:43:57+00:00\" \/>\n<meta property=\"og:image\" content=\"https:\/\/buletin.de\/bucuresti\/wp-content\/uploads\/Context.ro_.-ONG-ul-care-se-ocupa-de-campania-electorala-a-lui-Geoana-are-sediul-intr-o-cladire-de-la-One.jpg\" \/>\n\t<meta property=\"og:image:width\" content=\"1200\" \/>\n\t<meta property=\"og:image:height\" content=\"800\" \/>\n\t<meta property=\"og:image:type\" content=\"image\/jpeg\" \/>\n<meta name=\"author\" content=\"Redac\u021bia Buletin de Bucure\u0219ti\" \/>\n<meta name=\"twitter:card\" content=\"summary_large_image\" \/>\n<meta name=\"twitter:label1\" content=\"Written by\" \/>\n\t<meta name=\"twitter:data1\" content=\"Redac\u021bia Buletin de Bucure\u0219ti\" \/>\n\t<meta name=\"twitter:label2\" content=\"Estimated reading time\" \/>\n\t<meta name=\"twitter:data2\" content=\"2 minutes\" \/>\n<script type=\"application\/ld+json\" class=\"yoast-schema-graph\">{\"@context\":\"https:\\\/\\\/schema.org\",\"@graph\":[{\"@type\":\"Article\",\"@id\":\"https:\\\/\\\/buletin.de\\\/bucuresti\\\/context-ong-ul-care-se-ocupa-de-campania-electorala-a-lui-geoana-are-sediul-intr-o-cladire-a-one-united-properties\\\/#article\",\"isPartOf\":{\"@id\":\"https:\\\/\\\/buletin.de\\\/bucuresti\\\/context-ong-ul-care-se-ocupa-de-campania-electorala-a-lui-geoana-are-sediul-intr-o-cladire-a-one-united-properties\\\/\"},\"author\":{\"name\":\"Redac\u021bia Buletin de Bucure\u0219ti\",\"@id\":\"https:\\\/\\\/buletin.de\\\/bucuresti\\\/#\\\/schema\\\/person\\\/2bbcf854e5f2419a13804af574d06ab1\"},\"headline\":\"CONTEXT | ONG-ul care se ocup\u0103 de campania electoral\u0103 a lui Geoan\u0103 are sediul \u00eentr-o cl\u0103dire a One United Properties\",\"datePublished\":\"2024-10-18T11:43:35+00:00\",\"dateModified\":\"2024-10-18T11:43:57+00:00\",\"mainEntityOfPage\":{\"@id\":\"https:\\\/\\\/buletin.de\\\/bucuresti\\\/context-ong-ul-care-se-ocupa-de-campania-electorala-a-lui-geoana-are-sediul-intr-o-cladire-a-one-united-properties\\\/\"},\"wordCount\":455,\"publisher\":{\"@id\":\"https:\\\/\\\/buletin.de\\\/bucuresti\\\/#organization\"},\"image\":{\"@id\":\"https:\\\/\\\/buletin.de\\\/bucuresti\\\/context-ong-ul-care-se-ocupa-de-campania-electorala-a-lui-geoana-are-sediul-intr-o-cladire-a-one-united-properties\\\/#primaryimage\"},\"thumbnailUrl\":\"https:\\\/\\\/buletin.de\\\/bucuresti\\\/wp-content\\\/uploads\\\/Context.ro_.-ONG-ul-care-se-ocupa-de-campania-electorala-a-lui-Geoana-are-sediul-intr-o-cladire-de-la-One.jpg\",\"keywords\":[\"bucuresti\",\"campanie electorala\",\"campanie preziden\u021bial\u0103\",\"Mircea Geoan\u0103\",\"one united properties\"],\"articleSection\":[\"Articole\",\"Main\",\"Politic\"],\"inLanguage\":\"en-GB\",\"copyrightYear\":\"2024\",\"copyrightHolder\":{\"@id\":\"https:\\\/\\\/buletin.de\\\/bucuresti\\\/#organization\"}},{\"@type\":\"WebPage\",\"@id\":\"https:\\\/\\\/buletin.de\\\/bucuresti\\\/context-ong-ul-care-se-ocupa-de-campania-electorala-a-lui-geoana-are-sediul-intr-o-cladire-a-one-united-properties\\\/\",\"url\":\"https:\\\/\\\/buletin.de\\\/bucuresti\\\/context-ong-ul-care-se-ocupa-de-campania-electorala-a-lui-geoana-are-sediul-intr-o-cladire-a-one-united-properties\\\/\",\"name\":\"CONTEXT | ONG-ul care se ocup\u0103 de campania electoral\u0103 a lui Geoan\u0103 are sediul \u00eentr-o cl\u0103dire a One United Properties - Buletin de Bucure\u0219ti\",\"isPartOf\":{\"@id\":\"https:\\\/\\\/buletin.de\\\/bucuresti\\\/#website\"},\"primaryImageOfPage\":{\"@id\":\"https:\\\/\\\/buletin.de\\\/bucuresti\\\/context-ong-ul-care-se-ocupa-de-campania-electorala-a-lui-geoana-are-sediul-intr-o-cladire-a-one-united-properties\\\/#primaryimage\"},\"image\":{\"@id\":\"https:\\\/\\\/buletin.de\\\/bucuresti\\\/context-ong-ul-care-se-ocupa-de-campania-electorala-a-lui-geoana-are-sediul-intr-o-cladire-a-one-united-properties\\\/#primaryimage\"},\"thumbnailUrl\":\"https:\\\/\\\/buletin.de\\\/bucuresti\\\/wp-content\\\/uploads\\\/Context.ro_.-ONG-ul-care-se-ocupa-de-campania-electorala-a-lui-Geoana-are-sediul-intr-o-cladire-de-la-One.jpg\",\"datePublished\":\"2024-10-18T11:43:35+00:00\",\"dateModified\":\"2024-10-18T11:43:57+00:00\",\"description\":\"ONG-ul care se ocup\u0103 de campania electoral\u0103 a lui Geoan\u0103 are sediul \u00eentr-o cl\u0103dire a One United Properties, scrie Context.\",\"breadcrumb\":{\"@id\":\"https:\\\/\\\/buletin.de\\\/bucuresti\\\/context-ong-ul-care-se-ocupa-de-campania-electorala-a-lui-geoana-are-sediul-intr-o-cladire-a-one-united-properties\\\/#breadcrumb\"},\"inLanguage\":\"en-GB\",\"potentialAction\":[{\"@type\":\"ReadAction\",\"target\":[\"https:\\\/\\\/buletin.de\\\/bucuresti\\\/context-ong-ul-care-se-ocupa-de-campania-electorala-a-lui-geoana-are-sediul-intr-o-cladire-a-one-united-properties\\\/\"]}]},{\"@type\":\"ImageObject\",\"inLanguage\":\"en-GB\",\"@id\":\"https:\\\/\\\/buletin.de\\\/bucuresti\\\/context-ong-ul-care-se-ocupa-de-campania-electorala-a-lui-geoana-are-sediul-intr-o-cladire-a-one-united-properties\\\/#primaryimage\",\"url\":\"https:\\\/\\\/buletin.de\\\/bucuresti\\\/wp-content\\\/uploads\\\/Context.ro_.-ONG-ul-care-se-ocupa-de-campania-electorala-a-lui-Geoana-are-sediul-intr-o-cladire-de-la-One.jpg\",\"contentUrl\":\"https:\\\/\\\/buletin.de\\\/bucuresti\\\/wp-content\\\/uploads\\\/Context.ro_.-ONG-ul-care-se-ocupa-de-campania-electorala-a-lui-Geoana-are-sediul-intr-o-cladire-de-la-One.jpg\",\"width\":1200,\"height\":800,\"caption\":\"Context.ro | ONG-ul care se ocup\u0103 de campania electoral\u0103 a lui Geoan\u0103 are sediul \u00eentr-o cl\u0103dire de la One. Foto: Colaj G4Media (foto Mircea Geoan\u0103: Inquam Photos \\\/ Casian Mitu)\"},{\"@type\":\"BreadcrumbList\",\"@id\":\"https:\\\/\\\/buletin.de\\\/bucuresti\\\/context-ong-ul-care-se-ocupa-de-campania-electorala-a-lui-geoana-are-sediul-intr-o-cladire-a-one-united-properties\\\/#breadcrumb\",\"itemListElement\":[{\"@type\":\"ListItem\",\"position\":1,\"name\":\"Acas\u0103\",\"item\":\"https:\\\/\\\/buletin.de\\\/bucuresti\\\/\"},{\"@type\":\"ListItem\",\"position\":2,\"name\":\"CONTEXT | ONG-ul care se ocup\u0103 de campania electoral\u0103 a lui Geoan\u0103 are sediul \u00eentr-o cl\u0103dire a One United Properties\"}]},{\"@type\":\"WebSite\",\"@id\":\"https:\\\/\\\/buletin.de\\\/bucuresti\\\/#website\",\"url\":\"https:\\\/\\\/buletin.de\\\/bucuresti\\\/\",\"name\":\"Buletin de Bucure\u0219ti\",\"description\":\"\u0218tiri \u0219i investiga\u021bii esen\u021biale din capital\u0103\",\"publisher\":{\"@id\":\"https:\\\/\\\/buletin.de\\\/bucuresti\\\/#organization\"},\"potentialAction\":[{\"@type\":\"SearchAction\",\"target\":{\"@type\":\"EntryPoint\",\"urlTemplate\":\"https:\\\/\\\/buletin.de\\\/bucuresti\\\/?s={search_term_string}\"},\"query-input\":{\"@type\":\"PropertyValueSpecification\",\"valueRequired\":true,\"valueName\":\"search_term_string\"}}],\"inLanguage\":\"en-GB\"},{\"@type\":\"Organization\",\"@id\":\"https:\\\/\\\/buletin.de\\\/bucuresti\\\/#organization\",\"name\":\"Buletin de Bucure\u0219ti\",\"url\":\"https:\\\/\\\/buletin.de\\\/bucuresti\\\/\",\"logo\":{\"@type\":\"ImageObject\",\"inLanguage\":\"en-GB\",\"@id\":\"https:\\\/\\\/buletin.de\\\/bucuresti\\\/#\\\/schema\\\/logo\\\/image\\\/\",\"url\":\"https:\\\/\\\/buletin.de\\\/bucuresti\\\/wp-content\\\/uploads\\\/logo-bdb-full-wide-vernil-transparent.png\",\"contentUrl\":\"https:\\\/\\\/buletin.de\\\/bucuresti\\\/wp-content\\\/uploads\\\/logo-bdb-full-wide-vernil-transparent.png\",\"width\":1782,\"height\":626,\"caption\":\"Buletin de Bucure\u0219ti\"},\"image\":{\"@id\":\"https:\\\/\\\/buletin.de\\\/bucuresti\\\/#\\\/schema\\\/logo\\\/image\\\/\"},\"sameAs\":[\"https:\\\/\\\/www.facebook.com\\\/buletin.de.buc\",\"https:\\\/\\\/www.instagram.com\\\/buletinde.bucuresti\\\/\"]},{\"@type\":\"Person\",\"@id\":\"https:\\\/\\\/buletin.de\\\/bucuresti\\\/#\\\/schema\\\/person\\\/2bbcf854e5f2419a13804af574d06ab1\",\"name\":\"Redac\u021bia Buletin de Bucure\u0219ti\",\"image\":{\"@type\":\"ImageObject\",\"inLanguage\":\"en-GB\",\"@id\":\"https:\\\/\\\/secure.gravatar.com\\\/avatar\\\/18c5342381ed1a08620e6280424e3e5efc958618f5d67c522c9e44c1bc6f9226?s=96&d=monsterid&r=g60c7cd0ad92c68c049fcd4bb3504d609\",\"url\":\"https:\\\/\\\/secure.gravatar.com\\\/avatar\\\/18c5342381ed1a08620e6280424e3e5efc958618f5d67c522c9e44c1bc6f9226?s=96&d=monsterid&r=g\",\"contentUrl\":\"https:\\\/\\\/secure.gravatar.com\\\/avatar\\\/18c5342381ed1a08620e6280424e3e5efc958618f5d67c522c9e44c1bc6f9226?s=96&d=monsterid&r=g\",\"caption\":\"Redac\u021bia Buletin de Bucure\u0219ti\"},\"description\":\"Buletin de Bucure\u0219ti exist\u0103 din vara anului 2019.\",\"url\":\"https:\\\/\\\/buletin.de\\\/bucuresti\\\/author\\\/adminbuletin\\\/\"}]}<\/script>\n<!-- \/ Yoast SEO Premium plugin. -->","yoast_head_json":{"title":"CONTEXT | ONG-ul care se ocup\u0103 de campania electoral\u0103 a lui Geoan\u0103 are sediul \u00eentr-o cl\u0103dire a One United Properties - Buletin de Bucure\u0219ti","description":"ONG-ul care se ocup\u0103 de campania electoral\u0103 a lui Geoan\u0103 are sediul \u00eentr-o cl\u0103dire a One United Properties, scrie Context.","robots":{"index":"index","follow":"follow","max-snippet":"max-snippet:-1","max-image-preview":"max-image-preview:large","max-video-preview":"max-video-preview:-1"},"canonical":"https:\/\/buletin.de\/bucuresti\/context-ong-ul-care-se-ocupa-de-campania-electorala-a-lui-geoana-are-sediul-intr-o-cladire-a-one-united-properties\/","og_locale":"en_GB","og_type":"article","og_title":"CONTEXT | ONG-ul care se ocup\u0103 de campania electoral\u0103 a lui Geoan\u0103 are sediul \u00eentr-o cl\u0103dire a One United Properties","og_description":"ONG-ul care se ocup\u0103 de campania electoral\u0103 a lui Geoan\u0103 are sediul \u00eentr-o cl\u0103dire a One United Properties, scrie Context.","og_url":"https:\/\/buletin.de\/bucuresti\/context-ong-ul-care-se-ocupa-de-campania-electorala-a-lui-geoana-are-sediul-intr-o-cladire-a-one-united-properties\/","og_site_name":"Buletin de Bucure\u0219ti","article_publisher":"https:\/\/www.facebook.com\/buletin.de.buc","article_published_time":"2024-10-18T11:43:35+00:00","article_modified_time":"2024-10-18T11:43:57+00:00","og_image":[{"width":1200,"height":800,"url":"https:\/\/buletin.de\/bucuresti\/wp-content\/uploads\/Context.ro_.-ONG-ul-care-se-ocupa-de-campania-electorala-a-lui-Geoana-are-sediul-intr-o-cladire-de-la-One.jpg","type":"image\/jpeg"}],"author":"Redac\u021bia Buletin de Bucure\u0219ti","twitter_card":"summary_large_image","twitter_misc":{"Written by":"Redac\u021bia Buletin de Bucure\u0219ti","Estimated reading time":"2 minutes"},"schema":{"@context":"https:\/\/schema.org","@graph":[{"@type":"Article","@id":"https:\/\/buletin.de\/bucuresti\/context-ong-ul-care-se-ocupa-de-campania-electorala-a-lui-geoana-are-sediul-intr-o-cladire-a-one-united-properties\/#article","isPartOf":{"@id":"https:\/\/buletin.de\/bucuresti\/context-ong-ul-care-se-ocupa-de-campania-electorala-a-lui-geoana-are-sediul-intr-o-cladire-a-one-united-properties\/"},"author":{"name":"Redac\u021bia Buletin de Bucure\u0219ti","@id":"https:\/\/buletin.de\/bucuresti\/#\/schema\/person\/2bbcf854e5f2419a13804af574d06ab1"},"headline":"CONTEXT | ONG-ul care se ocup\u0103 de campania electoral\u0103 a lui Geoan\u0103 are sediul \u00eentr-o cl\u0103dire a One United Properties","datePublished":"2024-10-18T11:43:35+00:00","dateModified":"2024-10-18T11:43:57+00:00","mainEntityOfPage":{"@id":"https:\/\/buletin.de\/bucuresti\/context-ong-ul-care-se-ocupa-de-campania-electorala-a-lui-geoana-are-sediul-intr-o-cladire-a-one-united-properties\/"},"wordCount":455,"publisher":{"@id":"https:\/\/buletin.de\/bucuresti\/#organization"},"image":{"@id":"https:\/\/buletin.de\/bucuresti\/context-ong-ul-care-se-ocupa-de-campania-electorala-a-lui-geoana-are-sediul-intr-o-cladire-a-one-united-properties\/#primaryimage"},"thumbnailUrl":"https:\/\/buletin.de\/bucuresti\/wp-content\/uploads\/Context.ro_.-ONG-ul-care-se-ocupa-de-campania-electorala-a-lui-Geoana-are-sediul-intr-o-cladire-de-la-One.jpg","keywords":["bucuresti","campanie electorala","campanie preziden\u021bial\u0103","Mircea Geoan\u0103","one united properties"],"articleSection":["Articole","Main","Politic"],"inLanguage":"en-GB","copyrightYear":"2024","copyrightHolder":{"@id":"https:\/\/buletin.de\/bucuresti\/#organization"}},{"@type":"WebPage","@id":"https:\/\/buletin.de\/bucuresti\/context-ong-ul-care-se-ocupa-de-campania-electorala-a-lui-geoana-are-sediul-intr-o-cladire-a-one-united-properties\/","url":"https:\/\/buletin.de\/bucuresti\/context-ong-ul-care-se-ocupa-de-campania-electorala-a-lui-geoana-are-sediul-intr-o-cladire-a-one-united-properties\/","name":"CONTEXT | ONG-ul care se ocup\u0103 de campania electoral\u0103 a lui Geoan\u0103 are sediul \u00eentr-o cl\u0103dire a One United Properties - Buletin de Bucure\u0219ti","isPartOf":{"@id":"https:\/\/buletin.de\/bucuresti\/#website"},"primaryImageOfPage":{"@id":"https:\/\/buletin.de\/bucuresti\/context-ong-ul-care-se-ocupa-de-campania-electorala-a-lui-geoana-are-sediul-intr-o-cladire-a-one-united-properties\/#primaryimage"},"image":{"@id":"https:\/\/buletin.de\/bucuresti\/context-ong-ul-care-se-ocupa-de-campania-electorala-a-lui-geoana-are-sediul-intr-o-cladire-a-one-united-properties\/#primaryimage"},"thumbnailUrl":"https:\/\/buletin.de\/bucuresti\/wp-content\/uploads\/Context.ro_.-ONG-ul-care-se-ocupa-de-campania-electorala-a-lui-Geoana-are-sediul-intr-o-cladire-de-la-One.jpg","datePublished":"2024-10-18T11:43:35+00:00","dateModified":"2024-10-18T11:43:57+00:00","description":"ONG-ul care se ocup\u0103 de campania electoral\u0103 a lui Geoan\u0103 are sediul \u00eentr-o cl\u0103dire a One United Properties, scrie Context.","breadcrumb":{"@id":"https:\/\/buletin.de\/bucuresti\/context-ong-ul-care-se-ocupa-de-campania-electorala-a-lui-geoana-are-sediul-intr-o-cladire-a-one-united-properties\/#breadcrumb"},"inLanguage":"en-GB","potentialAction":[{"@type":"ReadAction","target":["https:\/\/buletin.de\/bucuresti\/context-ong-ul-care-se-ocupa-de-campania-electorala-a-lui-geoana-are-sediul-intr-o-cladire-a-one-united-properties\/"]}]},{"@type":"ImageObject","inLanguage":"en-GB","@id":"https:\/\/buletin.de\/bucuresti\/context-ong-ul-care-se-ocupa-de-campania-electorala-a-lui-geoana-are-sediul-intr-o-cladire-a-one-united-properties\/#primaryimage","url":"https:\/\/buletin.de\/bucuresti\/wp-content\/uploads\/Context.ro_.-ONG-ul-care-se-ocupa-de-campania-electorala-a-lui-Geoana-are-sediul-intr-o-cladire-de-la-One.jpg","contentUrl":"https:\/\/buletin.de\/bucuresti\/wp-content\/uploads\/Context.ro_.-ONG-ul-care-se-ocupa-de-campania-electorala-a-lui-Geoana-are-sediul-intr-o-cladire-de-la-One.jpg","width":1200,"height":800,"caption":"Context.ro | ONG-ul care se ocup\u0103 de campania electoral\u0103 a lui Geoan\u0103 are sediul \u00eentr-o cl\u0103dire de la One. Foto: Colaj G4Media (foto Mircea Geoan\u0103: Inquam Photos \/ Casian Mitu)"},{"@type":"BreadcrumbList","@id":"https:\/\/buletin.de\/bucuresti\/context-ong-ul-care-se-ocupa-de-campania-electorala-a-lui-geoana-are-sediul-intr-o-cladire-a-one-united-properties\/#breadcrumb","itemListElement":[{"@type":"ListItem","position":1,"name":"Acas\u0103","item":"https:\/\/buletin.de\/bucuresti\/"},{"@type":"ListItem","position":2,"name":"CONTEXT | ONG-ul care se ocup\u0103 de campania electoral\u0103 a lui Geoan\u0103 are sediul \u00eentr-o cl\u0103dire a One United Properties"}]},{"@type":"WebSite","@id":"https:\/\/buletin.de\/bucuresti\/#website","url":"https:\/\/buletin.de\/bucuresti\/","name":"Buletin de Bucure\u0219ti","description":"\u0218tiri \u0219i investiga\u021bii esen\u021biale din capital\u0103","publisher":{"@id":"https:\/\/buletin.de\/bucuresti\/#organization"},"potentialAction":[{"@type":"SearchAction","target":{"@type":"EntryPoint","urlTemplate":"https:\/\/buletin.de\/bucuresti\/?s={search_term_string}"},"query-input":{"@type":"PropertyValueSpecification","valueRequired":true,"valueName":"search_term_string"}}],"inLanguage":"en-GB"},{"@type":"Organization","@id":"https:\/\/buletin.de\/bucuresti\/#organization","name":"Buletin de Bucure\u0219ti","url":"https:\/\/buletin.de\/bucuresti\/","logo":{"@type":"ImageObject","inLanguage":"en-GB","@id":"https:\/\/buletin.de\/bucuresti\/#\/schema\/logo\/image\/","url":"https:\/\/buletin.de\/bucuresti\/wp-content\/uploads\/logo-bdb-full-wide-vernil-transparent.png","contentUrl":"https:\/\/buletin.de\/bucuresti\/wp-content\/uploads\/logo-bdb-full-wide-vernil-transparent.png","width":1782,"height":626,"caption":"Buletin de Bucure\u0219ti"},"image":{"@id":"https:\/\/buletin.de\/bucuresti\/#\/schema\/logo\/image\/"},"sameAs":["https:\/\/www.facebook.com\/buletin.de.buc","https:\/\/www.instagram.com\/buletinde.bucuresti\/"]},{"@type":"Person","@id":"https:\/\/buletin.de\/bucuresti\/#\/schema\/person\/2bbcf854e5f2419a13804af574d06ab1","name":"Redac\u021bia Buletin de Bucure\u0219ti","image":{"@type":"ImageObject","inLanguage":"en-GB","@id":"https:\/\/secure.gravatar.com\/avatar\/18c5342381ed1a08620e6280424e3e5efc958618f5d67c522c9e44c1bc6f9226?s=96&d=monsterid&r=g60c7cd0ad92c68c049fcd4bb3504d609","url":"https:\/\/secure.gravatar.com\/avatar\/18c5342381ed1a08620e6280424e3e5efc958618f5d67c522c9e44c1bc6f9226?s=96&d=monsterid&r=g","contentUrl":"https:\/\/secure.gravatar.com\/avatar\/18c5342381ed1a08620e6280424e3e5efc958618f5d67c522c9e44c1bc6f9226?s=96&d=monsterid&r=g","caption":"Redac\u021bia Buletin de Bucure\u0219ti"},"description":"Buletin de Bucure\u0219ti exist\u0103 din vara anului 2019.","url":"https:\/\/buletin.de\/bucuresti\/author\/adminbuletin\/"}]}},"authors":[{"term_id":22583,"user_id":1,"is_guest":0,"slug":"adminbuletin","display_name":"Redac\u021bia Buletin de Bucure\u0219ti","avatar_url":"https:\/\/secure.gravatar.com\/avatar\/18c5342381ed1a08620e6280424e3e5efc958618f5d67c522c9e44c1bc6f9226?s=96&d=monsterid&r=g","0":null,"1":"","2":"","3":"","4":"","5":"","6":"","7":"","8":""}],"_links":{"self":[{"href":"https:\/\/buletin.de\/bucuresti\/wp-json\/wp\/v2\/posts\/102847","targetHints":{"allow":["GET"]}}],"collection":[{"href":"https:\/\/buletin.de\/bucuresti\/wp-json\/wp\/v2\/posts"}],"about":[{"href":"https:\/\/buletin.de\/bucuresti\/wp-json\/wp\/v2\/types\/post"}],"author":[{"embeddable":true,"href":"https:\/\/buletin.de\/bucuresti\/wp-json\/wp\/v2\/users\/1"}],"replies":[{"embeddable":true,"href":"https:\/\/buletin.de\/bucuresti\/wp-json\/wp\/v2\/comments?post=102847"}],"version-history":[{"count":3,"href":"https:\/\/buletin.de\/bucuresti\/wp-json\/wp\/v2\/posts\/102847\/revisions"}],"predecessor-version":[{"id":102856,"href":"https:\/\/buletin.de\/bucuresti\/wp-json\/wp\/v2\/posts\/102847\/revisions\/102856"}],"wp:featuredmedia":[{"embeddable":true,"href":"https:\/\/buletin.de\/bucuresti\/wp-json\/wp\/v2\/media\/102848"}],"wp:attachment":[{"href":"https:\/\/buletin.de\/bucuresti\/wp-json\/wp\/v2\/media?parent=102847"}],"wp:term":[{"taxonomy":"category","embeddable":true,"href":"https:\/\/buletin.de\/bucuresti\/wp-json\/wp\/v2\/categories?post=102847"},{"taxonomy":"post_tag","embeddable":true,"href":"https:\/\/buletin.de\/bucuresti\/wp-json\/wp\/v2\/tags?post=102847"},{"taxonomy":"author","embeddable":true,"href":"https:\/\/buletin.de\/bucuresti\/wp-json\/wp\/v2\/ppma_author?post=102847"}],"curies":[{"name":"wp","href":"https:\/\/api.w.org\/{rel}","templated":true}]}}